{"id":62937,"date":"2024-05-22T14:12:35","date_gmt":"2024-05-22T13:12:35","guid":{"rendered":"https:\/\/ppdegalicia.com\/?p=62937"},"modified":"2024-05-22T14:12:35","modified_gmt":"2024-05-22T13:12:35","slug":"o-ppdeg-presenta-a-sua-campana-para-as-eleccions-europeas-apelando-directamente-a-cada-galego-somos-a-tua-resposta","status":"publish","type":"post","link":"https:\/\/ppdegalicia.com\/es\/o-ppdeg-presenta-a-sua-campana-para-as-eleccions-europeas-apelando-directamente-a-cada-galego-somos-a-tua-resposta\/","title":{"rendered":"O PPdeG presenta a s\u00faa campa\u00f1a para as elecci\u00f3ns europeas apelando directamente a cada galego: \u201cSomos a t\u00faa resposta\u201d"},"content":{"rendered":"<p>O Partido Popular de Galicia presentou hoxe as li\u00f1as mestras da s\u00faa campa\u00f1a para as elecci\u00f3ns europeas e f\u00edxoo po\u00f1endo o foco na importancia das decisi\u00f3ns que se toman no Parlamento Europeo para o dia a d\u00eda dos galegos, a quen se dirixe directamente o seu lema: \u201cSomos a t\u00faa resposta\u201d.<\/p>\n<p>\u201cO noso obxectivo \u00e9 responder \u00e1s d\u00fabidas dos galegos e galegas, responder aos seus problemas e responder aos seus retos de futuro. Tam\u00e9n responderemos a aqueles partidos, como o BNG, que elixiron compartir lista co independentismo e cos herdeiros de ETA; ou como o PSOE, cuxa prioridade \u00e9 seguir socavando os principios b\u00e1sicos do Estado de Dereito\u201d, explicou a secretaria xeral Paula Prado antes de reunirse co Comit\u00e9 de Campa\u00f1a do partido.<\/p>\n<p>Anunciou que o PPdeG dar\u00e1 inicio \u00e1 s\u00faa campa\u00f1a na noite de ma\u00f1\u00e1 coa tradicional pegada de carteis en Pontevedra e que, a partir de a\u00ed, tratar\u00e1 de estar \u201cen cada recuncho\u201d tanto con actos sectoriais como con mitins. Unha axenda na que o presidente Alfonso Rueda volver\u00e1 estar presente nas catro provincias e nas sete cidades e na que os candidatos Francisco Mill\u00e1n Mon, Adri\u00e1n V\u00e1zquez e Pablo G\u00f3mez Cedr\u00f3n \u201cter\u00e1n cada un o seu propio percorrido polo territorio\u201d.<\/p>\n<p>A n\u00famero dous dos populares galegos adiantou as\u00ed mesmo a presenza na tradicional Romar\u00eda do Pino \u2013que se celebrar\u00e1 o s\u00e1bado 1 de xu\u00f1o\u2013 do presidente nacional do Partido Popular, Alberto N\u00fa\u00f1ez Feij\u00f3o; ao que agradeceu por adiantado a s\u00faa visita \u201cfronte a outros presidentes que parece que non pisar\u00e1n Galicia durante a campa\u00f1a\u201d.<\/p>\n<p><strong>DOUS ANOS DE \u00c9XITOS CON ALFONSO RUEDA \u00c1 FRONTE DO PARTIDO<\/strong><\/p>\n<p>Os temas que segundo os populares \u201cocupan e preocupan\u201d aos galegos \u2013como a econom\u00eda, o rural, a pesca, a seguridade e o Estado de Dereito\u2013 ser\u00e1n o que tratar\u00e1n de abordar ao longo dos pr\u00f3ximos quince d\u00edas nos que o seu principal obxectivo ser\u00e1 \u201cpo\u00f1er o colof\u00f3n a un ciclo electoral de \u00e9xitos cun novo triunfo\u201d.<\/p>\n<p>As\u00ed se refer\u00eda Paula Prado ao feito de que hoxe mesmo c\u00famprense dous anos desde que Alfonso Rueda asumira o liderado do PPdeG e que, desde ent\u00f3n, o partido obtivo tres grandes \u00e9xitos electorais en forma de maior\u00edas nas elecci\u00f3ns municipais, xerais e auton\u00f3micas. Un tempo no que \u201ca maquinaria do partido funcionou a pleno rendemento, nos 313 concellos, con ducias de actos dentro e f\u00f3ra das campa\u00f1as\u201d.<\/p>\n<p>\u201cNon nos conformamos e queremos m\u00e1is: o 9 de xu\u00f1o temos un novo reto, as elecci\u00f3ns europeas, que afrontamos coa mesma ilusi\u00f3n e, sobre todo, coa mesma confianza nos galegos\u201d, conclu\u00edu.<\/p>\n<p><strong>UNHAS ELECCI\u00d3NS CLAVE PARA ESPA\u00d1A E PARA GALICIA<\/strong><\/p>\n<p>Na reuni\u00f3n do Comit\u00e9 de Campa\u00f1a tam\u00e9n participaron os tres candidatos galegos Francisco Mill\u00e1n Mon, Adri\u00e1n V\u00e1zquez e Pablo G\u00f3mez Cedr\u00f3n, que incidiron na importancia destes comicios non s\u00f3 para Europa, sen\u00f3n tam\u00e9n para Espa\u00f1a e especialmente para Galicia.<\/p>\n<p>\u201cA Galicia que votou masivamente ao PPdeG e de Alfonso Rueda o pasado 18 de febreiro ten que ir votar o pr\u00f3ximo 9 de xu\u00f1o e renovar o seu compromiso co partido que m\u00e1is se parece a Galicia\u201d, subli\u00f1ou neste sentido Mill\u00e1n Mon.<\/p>\n<p>Unha mensaxe na que tam\u00e9n incidiu Adri\u00e1n V\u00e1zquez ao asegurar que \u201cvotar pola pol\u00edtica centrada, moderada, e responsable que encarna o Partido Popular \u00e9 a mellor resposta a Pedro S\u00e1nchez e aos seus constantes ataques a Galicia\u201d.<\/p>\n","protected":false},"excerpt":{"rendered":"<p>O Partido Popular de Galicia presentou hoxe as li\u00f1as mestras da s\u00faa campa\u00f1a para as elecci\u00f3ns europeas e f\u00edxoo po\u00f1endo o foco na importancia das decisi\u00f3ns que se toman no Parlamento Europeo para o dia a d\u00eda dos galegos, a quen se dirixe directamente o seu lema: \u201cSomos a t\u00faa resposta\u201d. \u201cO noso obxectivo \u00e9 [&hellip;]<\/p>\n","protected":false},"author":40,"featured_media":62938,"comment_status":"open","ping_status":"open","sticky":false,"template":"","format":"standard","meta":{"_acf_changed":false,"footnotes":""},"categories":[1],"tags":[],"class_list":["post-62937","post","type-post","status-publish","format-standard","has-post-thumbnail","hentry","category-pp-de-galicia"],"acf":[],"yoast_head":"<!-- This site is optimized with the Yoast SEO plugin v27.3 - https:\/\/yoast.com\/product\/yoast-seo-wordpress\/ -->\n<title>O PPdeG presenta a s\u00faa campa\u00f1a para as elecci\u00f3ns europeas apelando directamente a cada galego: \u201cSomos a t\u00faa resposta\u201d - PP de Galicia<\/title>\n<meta name=\"description\" content=\"O Partido Popular de Galicia presentou hoxe as li\u00f1as mestras da s\u00faa campa\u00f1a para as elecci\u00f3ns europeas e f\u00edxoo po\u00f1endo o foco na importancia das decisi\u00f3ns que se toman no Parlamento Europeo para o dia a d\u00eda dos galegos, a quen se dirixe directamente o seu lema: \u201cSomos a t\u00faa resposta\u201d.\" \/>\n<meta name=\"robots\" content=\"index, follow, max-snippet:-1, max-image-preview:large, max-video-preview:-1\" \/>\n<link rel=\"canonical\" href=\"https:\/\/ppdegalicia.com\/es\/o-ppdeg-presenta-a-sua-campana-para-as-eleccions-europeas-apelando-directamente-a-cada-galego-somos-a-tua-resposta\/\" \/>\n<meta property=\"og:locale\" content=\"es_ES\" \/>\n<meta property=\"og:type\" content=\"article\" \/>\n<meta property=\"og:title\" content=\"O PPdeG presenta a s\u00faa campa\u00f1a para as elecci\u00f3ns europeas apelando directamente a cada galego: \u201cSomos a t\u00faa resposta\u201d - PP de Galicia\" \/>\n<meta property=\"og:description\" content=\"O Partido Popular de Galicia presentou hoxe as li\u00f1as mestras da s\u00faa campa\u00f1a para as elecci\u00f3ns europeas e f\u00edxoo po\u00f1endo o foco na importancia das decisi\u00f3ns que se toman no Parlamento Europeo para o dia a d\u00eda dos galegos, a quen se dirixe directamente o seu lema: \u201cSomos a t\u00faa resposta\u201d.\" \/>\n<meta property=\"og:url\" content=\"https:\/\/ppdegalicia.com\/es\/o-ppdeg-presenta-a-sua-campana-para-as-eleccions-europeas-apelando-directamente-a-cada-galego-somos-a-tua-resposta\/\" \/>\n<meta property=\"og:site_name\" content=\"PP de Galicia\" \/>\n<meta property=\"article:publisher\" content=\"https:\/\/www.instagram.com\/ppdegalicia\/\" \/>\n<meta property=\"article:published_time\" content=\"2024-05-22T13:12:35+00:00\" \/>\n<meta property=\"og:image\" content=\"https:\/\/ppdegalicia.com\/wp-content\/uploads\/2024\/05\/20240522_Presentacion_Campana_Europeas-scaled.jpg\" \/>\n\t<meta property=\"og:image:width\" content=\"2560\" \/>\n\t<meta property=\"og:image:height\" content=\"1707\" \/>\n\t<meta property=\"og:image:type\" content=\"image\/jpeg\" \/>\n<meta name=\"author\" content=\"ppdegaliciaedtis\" \/>\n<meta name=\"twitter:card\" content=\"summary_large_image\" \/>\n<meta name=\"twitter:creator\" content=\"@ppdegalicia\" \/>\n<meta name=\"twitter:site\" content=\"@ppdegalicia\" \/>\n<meta name=\"twitter:label1\" content=\"Escrito por\" \/>\n\t<meta name=\"twitter:data1\" content=\"ppdegaliciaedtis\" \/>\n\t<meta name=\"twitter:label2\" content=\"Tiempo de lectura\" \/>\n\t<meta name=\"twitter:data2\" content=\"4 minutos\" \/>\n<script type=\"application\/ld+json\" class=\"yoast-schema-graph\">{\"@context\":\"https:\\\/\\\/schema.org\",\"@graph\":[{\"@type\":\"Article\",\"@id\":\"https:\\\/\\\/ppdegalicia.com\\\/es\\\/o-ppdeg-presenta-a-sua-campana-para-as-eleccions-europeas-apelando-directamente-a-cada-galego-somos-a-tua-resposta\\\/#article\",\"isPartOf\":{\"@id\":\"https:\\\/\\\/ppdegalicia.com\\\/es\\\/o-ppdeg-presenta-a-sua-campana-para-as-eleccions-europeas-apelando-directamente-a-cada-galego-somos-a-tua-resposta\\\/\"},\"author\":{\"name\":\"ppdegaliciaedtis\",\"@id\":\"https:\\\/\\\/ppdegalicia.com\\\/es\\\/#\\\/schema\\\/person\\\/bc9b46e59ebd34bf28611158c3867388\"},\"headline\":\"O PPdeG presenta a s\u00faa campa\u00f1a para as elecci\u00f3ns europeas apelando directamente a cada galego: \u201cSomos a t\u00faa resposta\u201d\",\"datePublished\":\"2024-05-22T13:12:35+00:00\",\"mainEntityOfPage\":{\"@id\":\"https:\\\/\\\/ppdegalicia.com\\\/es\\\/o-ppdeg-presenta-a-sua-campana-para-as-eleccions-europeas-apelando-directamente-a-cada-galego-somos-a-tua-resposta\\\/\"},\"wordCount\":636,\"commentCount\":0,\"publisher\":{\"@id\":\"https:\\\/\\\/ppdegalicia.com\\\/es\\\/#organization\"},\"image\":{\"@id\":\"https:\\\/\\\/ppdegalicia.com\\\/es\\\/o-ppdeg-presenta-a-sua-campana-para-as-eleccions-europeas-apelando-directamente-a-cada-galego-somos-a-tua-resposta\\\/#primaryimage\"},\"thumbnailUrl\":\"https:\\\/\\\/ppdegalicia.com\\\/wp-content\\\/uploads\\\/2024\\\/05\\\/20240522_Presentacion_Campana_Europeas-scaled.jpg\",\"articleSection\":[\"PP de Galicia\"],\"inLanguage\":\"es\",\"potentialAction\":[{\"@type\":\"CommentAction\",\"name\":\"Comment\",\"target\":[\"https:\\\/\\\/ppdegalicia.com\\\/es\\\/o-ppdeg-presenta-a-sua-campana-para-as-eleccions-europeas-apelando-directamente-a-cada-galego-somos-a-tua-resposta\\\/#respond\"]}]},{\"@type\":\"WebPage\",\"@id\":\"https:\\\/\\\/ppdegalicia.com\\\/es\\\/o-ppdeg-presenta-a-sua-campana-para-as-eleccions-europeas-apelando-directamente-a-cada-galego-somos-a-tua-resposta\\\/\",\"url\":\"https:\\\/\\\/ppdegalicia.com\\\/es\\\/o-ppdeg-presenta-a-sua-campana-para-as-eleccions-europeas-apelando-directamente-a-cada-galego-somos-a-tua-resposta\\\/\",\"name\":\"O PPdeG presenta a s\u00faa campa\u00f1a para as elecci\u00f3ns europeas apelando directamente a cada galego: \u201cSomos a t\u00faa resposta\u201d - PP de Galicia\",\"isPartOf\":{\"@id\":\"https:\\\/\\\/ppdegalicia.com\\\/es\\\/#website\"},\"primaryImageOfPage\":{\"@id\":\"https:\\\/\\\/ppdegalicia.com\\\/es\\\/o-ppdeg-presenta-a-sua-campana-para-as-eleccions-europeas-apelando-directamente-a-cada-galego-somos-a-tua-resposta\\\/#primaryimage\"},\"image\":{\"@id\":\"https:\\\/\\\/ppdegalicia.com\\\/es\\\/o-ppdeg-presenta-a-sua-campana-para-as-eleccions-europeas-apelando-directamente-a-cada-galego-somos-a-tua-resposta\\\/#primaryimage\"},\"thumbnailUrl\":\"https:\\\/\\\/ppdegalicia.com\\\/wp-content\\\/uploads\\\/2024\\\/05\\\/20240522_Presentacion_Campana_Europeas-scaled.jpg\",\"datePublished\":\"2024-05-22T13:12:35+00:00\",\"description\":\"O Partido Popular de Galicia presentou hoxe as li\u00f1as mestras da s\u00faa campa\u00f1a para as elecci\u00f3ns europeas e f\u00edxoo po\u00f1endo o foco na importancia das decisi\u00f3ns que se toman no Parlamento Europeo para o dia a d\u00eda dos galegos, a quen se dirixe directamente o seu lema: \u201cSomos a t\u00faa resposta\u201d.\",\"breadcrumb\":{\"@id\":\"https:\\\/\\\/ppdegalicia.com\\\/es\\\/o-ppdeg-presenta-a-sua-campana-para-as-eleccions-europeas-apelando-directamente-a-cada-galego-somos-a-tua-resposta\\\/#breadcrumb\"},\"inLanguage\":\"es\",\"potentialAction\":[{\"@type\":\"ReadAction\",\"target\":[\"https:\\\/\\\/ppdegalicia.com\\\/es\\\/o-ppdeg-presenta-a-sua-campana-para-as-eleccions-europeas-apelando-directamente-a-cada-galego-somos-a-tua-resposta\\\/\"]}]},{\"@type\":\"ImageObject\",\"inLanguage\":\"es\",\"@id\":\"https:\\\/\\\/ppdegalicia.com\\\/es\\\/o-ppdeg-presenta-a-sua-campana-para-as-eleccions-europeas-apelando-directamente-a-cada-galego-somos-a-tua-resposta\\\/#primaryimage\",\"url\":\"https:\\\/\\\/ppdegalicia.com\\\/wp-content\\\/uploads\\\/2024\\\/05\\\/20240522_Presentacion_Campana_Europeas-scaled.jpg\",\"contentUrl\":\"https:\\\/\\\/ppdegalicia.com\\\/wp-content\\\/uploads\\\/2024\\\/05\\\/20240522_Presentacion_Campana_Europeas-scaled.jpg\",\"width\":2560,\"height\":1707},{\"@type\":\"BreadcrumbList\",\"@id\":\"https:\\\/\\\/ppdegalicia.com\\\/es\\\/o-ppdeg-presenta-a-sua-campana-para-as-eleccions-europeas-apelando-directamente-a-cada-galego-somos-a-tua-resposta\\\/#breadcrumb\",\"itemListElement\":[{\"@type\":\"ListItem\",\"position\":1,\"name\":\"Portada\",\"item\":\"https:\\\/\\\/ppdegalicia.com\\\/es\\\/\"},{\"@type\":\"ListItem\",\"position\":2,\"name\":\"O PPdeG presenta a s\u00faa campa\u00f1a para as elecci\u00f3ns europeas apelando directamente a cada galego: \u201cSomos a t\u00faa resposta\u201d\"}]},{\"@type\":\"WebSite\",\"@id\":\"https:\\\/\\\/ppdegalicia.com\\\/es\\\/#website\",\"url\":\"https:\\\/\\\/ppdegalicia.com\\\/es\\\/\",\"name\":\"Partido Popular de Galicia\",\"description\":\"Partido Popular de Galicia\",\"publisher\":{\"@id\":\"https:\\\/\\\/ppdegalicia.com\\\/es\\\/#organization\"},\"alternateName\":\"PP de Galicia\",\"potentialAction\":[{\"@type\":\"SearchAction\",\"target\":{\"@type\":\"EntryPoint\",\"urlTemplate\":\"https:\\\/\\\/ppdegalicia.com\\\/es\\\/?s={search_term_string}\"},\"query-input\":{\"@type\":\"PropertyValueSpecification\",\"valueRequired\":true,\"valueName\":\"search_term_string\"}}],\"inLanguage\":\"es\"},{\"@type\":\"Organization\",\"@id\":\"https:\\\/\\\/ppdegalicia.com\\\/es\\\/#organization\",\"name\":\"Partido Popular de Galicia\",\"alternateName\":\"PP de Galicia\",\"url\":\"https:\\\/\\\/ppdegalicia.com\\\/es\\\/\",\"logo\":{\"@type\":\"ImageObject\",\"inLanguage\":\"es\",\"@id\":\"https:\\\/\\\/ppdegalicia.com\\\/es\\\/#\\\/schema\\\/logo\\\/image\\\/\",\"url\":\"https:\\\/\\\/ppdegalicia.com\\\/wp-content\\\/uploads\\\/2023\\\/04\\\/logoPP512.png\",\"contentUrl\":\"https:\\\/\\\/ppdegalicia.com\\\/wp-content\\\/uploads\\\/2023\\\/04\\\/logoPP512.png\",\"width\":512,\"height\":512,\"caption\":\"Partido Popular de Galicia\"},\"image\":{\"@id\":\"https:\\\/\\\/ppdegalicia.com\\\/es\\\/#\\\/schema\\\/logo\\\/image\\\/\"},\"sameAs\":[\"https:\\\/\\\/www.instagram.com\\\/ppdegalicia\\\/\",\"https:\\\/\\\/x.com\\\/ppdegalicia\",\"https:\\\/\\\/www.tiktok.com\\\/@ppdegalicia\",\"https:\\\/\\\/www.youtube.com\\\/user\\\/ppdegalicia\"]},{\"@type\":\"Person\",\"@id\":\"https:\\\/\\\/ppdegalicia.com\\\/es\\\/#\\\/schema\\\/person\\\/bc9b46e59ebd34bf28611158c3867388\",\"name\":\"ppdegaliciaedtis\",\"image\":{\"@type\":\"ImageObject\",\"inLanguage\":\"es\",\"@id\":\"https:\\\/\\\/secure.gravatar.com\\\/avatar\\\/f9f8cf6e03df54a1b0d04a6b4b8e8c6bd63c10a439752e84d87a5385aefe2ced?s=96&d=mm&r=g\",\"url\":\"https:\\\/\\\/secure.gravatar.com\\\/avatar\\\/f9f8cf6e03df54a1b0d04a6b4b8e8c6bd63c10a439752e84d87a5385aefe2ced?s=96&d=mm&r=g\",\"contentUrl\":\"https:\\\/\\\/secure.gravatar.com\\\/avatar\\\/f9f8cf6e03df54a1b0d04a6b4b8e8c6bd63c10a439752e84d87a5385aefe2ced?s=96&d=mm&r=g\",\"caption\":\"ppdegaliciaedtis\"},\"url\":\"https:\\\/\\\/ppdegalicia.com\\\/es\\\/author\\\/ppdegaliciaedits\\\/\"}]}<\/script>\n<!-- \/ Yoast SEO plugin. -->","yoast_head_json":{"title":"O PPdeG presenta a s\u00faa campa\u00f1a para as elecci\u00f3ns europeas apelando directamente a cada galego: \u201cSomos a t\u00faa resposta\u201d - PP de Galicia","description":"O Partido Popular de Galicia presentou hoxe as li\u00f1as mestras da s\u00faa campa\u00f1a para as elecci\u00f3ns europeas e f\u00edxoo po\u00f1endo o foco na importancia das decisi\u00f3ns que se toman no Parlamento Europeo para o dia a d\u00eda dos galegos, a quen se dirixe directamente o seu lema: \u201cSomos a t\u00faa resposta\u201d.","robots":{"index":"index","follow":"follow","max-snippet":"max-snippet:-1","max-image-preview":"max-image-preview:large","max-video-preview":"max-video-preview:-1"},"canonical":"https:\/\/ppdegalicia.com\/es\/o-ppdeg-presenta-a-sua-campana-para-as-eleccions-europeas-apelando-directamente-a-cada-galego-somos-a-tua-resposta\/","og_locale":"es_ES","og_type":"article","og_title":"O PPdeG presenta a s\u00faa campa\u00f1a para as elecci\u00f3ns europeas apelando directamente a cada galego: \u201cSomos a t\u00faa resposta\u201d - PP de Galicia","og_description":"O Partido Popular de Galicia presentou hoxe as li\u00f1as mestras da s\u00faa campa\u00f1a para as elecci\u00f3ns europeas e f\u00edxoo po\u00f1endo o foco na importancia das decisi\u00f3ns que se toman no Parlamento Europeo para o dia a d\u00eda dos galegos, a quen se dirixe directamente o seu lema: \u201cSomos a t\u00faa resposta\u201d.","og_url":"https:\/\/ppdegalicia.com\/es\/o-ppdeg-presenta-a-sua-campana-para-as-eleccions-europeas-apelando-directamente-a-cada-galego-somos-a-tua-resposta\/","og_site_name":"PP de Galicia","article_publisher":"https:\/\/www.instagram.com\/ppdegalicia\/","article_published_time":"2024-05-22T13:12:35+00:00","og_image":[{"width":2560,"height":1707,"url":"https:\/\/ppdegalicia.com\/wp-content\/uploads\/2024\/05\/20240522_Presentacion_Campana_Europeas-scaled.jpg","type":"image\/jpeg"}],"author":"ppdegaliciaedtis","twitter_card":"summary_large_image","twitter_creator":"@ppdegalicia","twitter_site":"@ppdegalicia","twitter_misc":{"Escrito por":"ppdegaliciaedtis","Tiempo de lectura":"4 minutos"},"schema":{"@context":"https:\/\/schema.org","@graph":[{"@type":"Article","@id":"https:\/\/ppdegalicia.com\/es\/o-ppdeg-presenta-a-sua-campana-para-as-eleccions-europeas-apelando-directamente-a-cada-galego-somos-a-tua-resposta\/#article","isPartOf":{"@id":"https:\/\/ppdegalicia.com\/es\/o-ppdeg-presenta-a-sua-campana-para-as-eleccions-europeas-apelando-directamente-a-cada-galego-somos-a-tua-resposta\/"},"author":{"name":"ppdegaliciaedtis","@id":"https:\/\/ppdegalicia.com\/es\/#\/schema\/person\/bc9b46e59ebd34bf28611158c3867388"},"headline":"O PPdeG presenta a s\u00faa campa\u00f1a para as elecci\u00f3ns europeas apelando directamente a cada galego: \u201cSomos a t\u00faa resposta\u201d","datePublished":"2024-05-22T13:12:35+00:00","mainEntityOfPage":{"@id":"https:\/\/ppdegalicia.com\/es\/o-ppdeg-presenta-a-sua-campana-para-as-eleccions-europeas-apelando-directamente-a-cada-galego-somos-a-tua-resposta\/"},"wordCount":636,"commentCount":0,"publisher":{"@id":"https:\/\/ppdegalicia.com\/es\/#organization"},"image":{"@id":"https:\/\/ppdegalicia.com\/es\/o-ppdeg-presenta-a-sua-campana-para-as-eleccions-europeas-apelando-directamente-a-cada-galego-somos-a-tua-resposta\/#primaryimage"},"thumbnailUrl":"https:\/\/ppdegalicia.com\/wp-content\/uploads\/2024\/05\/20240522_Presentacion_Campana_Europeas-scaled.jpg","articleSection":["PP de Galicia"],"inLanguage":"es","potentialAction":[{"@type":"CommentAction","name":"Comment","target":["https:\/\/ppdegalicia.com\/es\/o-ppdeg-presenta-a-sua-campana-para-as-eleccions-europeas-apelando-directamente-a-cada-galego-somos-a-tua-resposta\/#respond"]}]},{"@type":"WebPage","@id":"https:\/\/ppdegalicia.com\/es\/o-ppdeg-presenta-a-sua-campana-para-as-eleccions-europeas-apelando-directamente-a-cada-galego-somos-a-tua-resposta\/","url":"https:\/\/ppdegalicia.com\/es\/o-ppdeg-presenta-a-sua-campana-para-as-eleccions-europeas-apelando-directamente-a-cada-galego-somos-a-tua-resposta\/","name":"O PPdeG presenta a s\u00faa campa\u00f1a para as elecci\u00f3ns europeas apelando directamente a cada galego: \u201cSomos a t\u00faa resposta\u201d - PP de Galicia","isPartOf":{"@id":"https:\/\/ppdegalicia.com\/es\/#website"},"primaryImageOfPage":{"@id":"https:\/\/ppdegalicia.com\/es\/o-ppdeg-presenta-a-sua-campana-para-as-eleccions-europeas-apelando-directamente-a-cada-galego-somos-a-tua-resposta\/#primaryimage"},"image":{"@id":"https:\/\/ppdegalicia.com\/es\/o-ppdeg-presenta-a-sua-campana-para-as-eleccions-europeas-apelando-directamente-a-cada-galego-somos-a-tua-resposta\/#primaryimage"},"thumbnailUrl":"https:\/\/ppdegalicia.com\/wp-content\/uploads\/2024\/05\/20240522_Presentacion_Campana_Europeas-scaled.jpg","datePublished":"2024-05-22T13:12:35+00:00","description":"O Partido Popular de Galicia presentou hoxe as li\u00f1as mestras da s\u00faa campa\u00f1a para as elecci\u00f3ns europeas e f\u00edxoo po\u00f1endo o foco na importancia das decisi\u00f3ns que se toman no Parlamento Europeo para o dia a d\u00eda dos galegos, a quen se dirixe directamente o seu lema: \u201cSomos a t\u00faa resposta\u201d.","breadcrumb":{"@id":"https:\/\/ppdegalicia.com\/es\/o-ppdeg-presenta-a-sua-campana-para-as-eleccions-europeas-apelando-directamente-a-cada-galego-somos-a-tua-resposta\/#breadcrumb"},"inLanguage":"es","potentialAction":[{"@type":"ReadAction","target":["https:\/\/ppdegalicia.com\/es\/o-ppdeg-presenta-a-sua-campana-para-as-eleccions-europeas-apelando-directamente-a-cada-galego-somos-a-tua-resposta\/"]}]},{"@type":"ImageObject","inLanguage":"es","@id":"https:\/\/ppdegalicia.com\/es\/o-ppdeg-presenta-a-sua-campana-para-as-eleccions-europeas-apelando-directamente-a-cada-galego-somos-a-tua-resposta\/#primaryimage","url":"https:\/\/ppdegalicia.com\/wp-content\/uploads\/2024\/05\/20240522_Presentacion_Campana_Europeas-scaled.jpg","contentUrl":"https:\/\/ppdegalicia.com\/wp-content\/uploads\/2024\/05\/20240522_Presentacion_Campana_Europeas-scaled.jpg","width":2560,"height":1707},{"@type":"BreadcrumbList","@id":"https:\/\/ppdegalicia.com\/es\/o-ppdeg-presenta-a-sua-campana-para-as-eleccions-europeas-apelando-directamente-a-cada-galego-somos-a-tua-resposta\/#breadcrumb","itemListElement":[{"@type":"ListItem","position":1,"name":"Portada","item":"https:\/\/ppdegalicia.com\/es\/"},{"@type":"ListItem","position":2,"name":"O PPdeG presenta a s\u00faa campa\u00f1a para as elecci\u00f3ns europeas apelando directamente a cada galego: \u201cSomos a t\u00faa resposta\u201d"}]},{"@type":"WebSite","@id":"https:\/\/ppdegalicia.com\/es\/#website","url":"https:\/\/ppdegalicia.com\/es\/","name":"Partido Popular de Galicia","description":"Partido Popular de Galicia","publisher":{"@id":"https:\/\/ppdegalicia.com\/es\/#organization"},"alternateName":"PP de Galicia","potentialAction":[{"@type":"SearchAction","target":{"@type":"EntryPoint","urlTemplate":"https:\/\/ppdegalicia.com\/es\/?s={search_term_string}"},"query-input":{"@type":"PropertyValueSpecification","valueRequired":true,"valueName":"search_term_string"}}],"inLanguage":"es"},{"@type":"Organization","@id":"https:\/\/ppdegalicia.com\/es\/#organization","name":"Partido Popular de Galicia","alternateName":"PP de Galicia","url":"https:\/\/ppdegalicia.com\/es\/","logo":{"@type":"ImageObject","inLanguage":"es","@id":"https:\/\/ppdegalicia.com\/es\/#\/schema\/logo\/image\/","url":"https:\/\/ppdegalicia.com\/wp-content\/uploads\/2023\/04\/logoPP512.png","contentUrl":"https:\/\/ppdegalicia.com\/wp-content\/uploads\/2023\/04\/logoPP512.png","width":512,"height":512,"caption":"Partido Popular de Galicia"},"image":{"@id":"https:\/\/ppdegalicia.com\/es\/#\/schema\/logo\/image\/"},"sameAs":["https:\/\/www.instagram.com\/ppdegalicia\/","https:\/\/x.com\/ppdegalicia","https:\/\/www.tiktok.com\/@ppdegalicia","https:\/\/www.youtube.com\/user\/ppdegalicia"]},{"@type":"Person","@id":"https:\/\/ppdegalicia.com\/es\/#\/schema\/person\/bc9b46e59ebd34bf28611158c3867388","name":"ppdegaliciaedtis","image":{"@type":"ImageObject","inLanguage":"es","@id":"https:\/\/secure.gravatar.com\/avatar\/f9f8cf6e03df54a1b0d04a6b4b8e8c6bd63c10a439752e84d87a5385aefe2ced?s=96&d=mm&r=g","url":"https:\/\/secure.gravatar.com\/avatar\/f9f8cf6e03df54a1b0d04a6b4b8e8c6bd63c10a439752e84d87a5385aefe2ced?s=96&d=mm&r=g","contentUrl":"https:\/\/secure.gravatar.com\/avatar\/f9f8cf6e03df54a1b0d04a6b4b8e8c6bd63c10a439752e84d87a5385aefe2ced?s=96&d=mm&r=g","caption":"ppdegaliciaedtis"},"url":"https:\/\/ppdegalicia.com\/es\/author\/ppdegaliciaedits\/"}]}},"_links":{"self":[{"href":"https:\/\/ppdegalicia.com\/es\/wp-json\/wp\/v2\/posts\/62937","targetHints":{"allow":["GET"]}}],"collection":[{"href":"https:\/\/ppdegalicia.com\/es\/wp-json\/wp\/v2\/posts"}],"about":[{"href":"https:\/\/ppdegalicia.com\/es\/wp-json\/wp\/v2\/types\/post"}],"author":[{"embeddable":true,"href":"https:\/\/ppdegalicia.com\/es\/wp-json\/wp\/v2\/users\/40"}],"replies":[{"embeddable":true,"href":"https:\/\/ppdegalicia.com\/es\/wp-json\/wp\/v2\/comments?post=62937"}],"version-history":[{"count":1,"href":"https:\/\/ppdegalicia.com\/es\/wp-json\/wp\/v2\/posts\/62937\/revisions"}],"predecessor-version":[{"id":62940,"href":"https:\/\/ppdegalicia.com\/es\/wp-json\/wp\/v2\/posts\/62937\/revisions\/62940"}],"wp:featuredmedia":[{"embeddable":true,"href":"https:\/\/ppdegalicia.com\/es\/wp-json\/wp\/v2\/media\/62938"}],"wp:attachment":[{"href":"https:\/\/ppdegalicia.com\/es\/wp-json\/wp\/v2\/media?parent=62937"}],"wp:term":[{"taxonomy":"category","embeddable":true,"href":"https:\/\/ppdegalicia.com\/es\/wp-json\/wp\/v2\/categories?post=62937"},{"taxonomy":"post_tag","embeddable":true,"href":"https:\/\/ppdegalicia.com\/es\/wp-json\/wp\/v2\/tags?post=62937"}],"curies":[{"name":"wp","href":"https:\/\/api.w.org\/{rel}","templated":true}]}}