{"id":62950,"date":"2024-05-29T11:43:58","date_gmt":"2024-05-29T10:43:58","guid":{"rendered":"https:\/\/ppdegalicia.com\/?p=62950"},"modified":"2024-05-29T11:43:58","modified_gmt":"2024-05-29T10:43:58","slug":"o-parlamento-de-galicia-demanda-ao-goberno-de-espana-que-cumpra-os-compromisos-asumidos-en-materia-de-conectividade","status":"publish","type":"post","link":"https:\/\/ppdegalicia.com\/es\/o-parlamento-de-galicia-demanda-ao-goberno-de-espana-que-cumpra-os-compromisos-asumidos-en-materia-de-conectividade\/","title":{"rendered":"O Parlamento de Galicia demanda ao Goberno de Espa\u00f1a que cumpra os compromisos asumidos en materia de conectividade"},"content":{"rendered":"<p>O Parlamento de Galicia aprobou hoxe a proposici\u00f3n non de lei do Grupo Popular a trav\u00e9s da que se demanda ao Goberno de Espa\u00f1a que cumpra os compromisos que asumiu de forma unilateral en materia de conectividade, tendo en conta as caracter\u00edsticas orogr\u00e1ficas e sociodemogr\u00e1ficas das comunidades aut\u00f3nomas e permitindo o trasvase de fondos entre as li\u00f1as de financiamento recollidas no Plan de recuperaci\u00f3n, transformaci\u00f3n e resiliencia da Uni\u00f3n Europea.<\/p>\n<p>O deputado popular Julio Garc\u00eda Comesa\u00f1a lembrou o compromiso asumido polo Goberno central de dotar \u00e1 totalidade da poboaci\u00f3n espa\u00f1ola de internet e telefon\u00eda m\u00f3bil de calidade no horizonte de 2025. Para iso, conta actualmente con acceso a fondos europeos para o financiamento e posta en marcha de actuaci\u00f3ns que incrementen a cobertura de redes de telecomunicaci\u00f3ns, fixas e m\u00f3biles en todo o territorio espa\u00f1ol.<\/p>\n<p><strong>PROSPERIDADE<\/strong><\/p>\n<p>En concreto, Garc\u00eda Comesa\u00f1a explicou que o Goberno central conta para alcanzar este obxectivo co Programa de universalizaci\u00f3n de infraestruturas dixitais para a cohesi\u00f3n, co\u00f1ecido como Programa \u00daNICO, e m\u00e1is de 4.300 mill\u00f3ns de euros de fondos dispo\u00f1ibles cos que prev\u00e9 acadar os obxectivos da axenda Espa\u00f1a Dixital 2025: levar a cobertura de redes fixas ultrarr\u00e1pidas de m\u00e1is de 100 Mbps a todo o territorio e unha cobertura 5G sen interrupci\u00f3ns nas zonas urbanas e grandes v\u00edas de transporte terrestre. \u201c\u00c9 unha capacidade econ\u00f3mica in\u00e9dita que non tiveron outros gobernos para dar resposta aos retos de conectividade de Espa\u00f1a, especialmente no \u00e1mbito do rural\u201d, apuntou.<\/p>\n<p>\u201cO futuro dunha boa parte da prosperidade de Galicia depende de como o estado invista estes cartos, polo que temos que asegurar que eses fondos sexan ben investidos e permitan acadar o obxectivo de que en 2025 todos os galegos dispo\u00f1amos de acceso a internet de, polo menos, 100 Mbps\u201d, sinalou.<\/p>\n<p>Na s\u00faa intervenci\u00f3n, o deputado popular considerou \u201cnecesario mellorar a xesti\u00f3n das actuaci\u00f3ns promovidas polo Goberno de Espa\u00f1a, especialmente nesta etapa final dos despregamentos, para evitar que as zonas que actualmente te\u00f1en previsi\u00f3n de cobertura con algunha das convocatorias estatais queden finalmente sen cubrir por incumprimento dos obxectivos dos operadores\u201d.<\/p>\n<p>En concreto, puxo de exemplo o caso da aldea de Puxedo, no concello ourens\u00e1n de Lobios, onde o Estado financiou a unha operadora para a dotaci\u00f3n de fibra pero esta so levou o servizo ata a entrada da poboaci\u00f3n, dando s\u00f3 acceso a 4 das 47 vivendas existentes neste n\u00facleo.<\/p>\n<p><strong>MAIOR DESCENTRALIZACI\u00d3N<\/strong><\/p>\n<p>\u201cLevamos moito tempo reclamando unha maior descentralizaci\u00f3n dos fondos ante unha oportunidade \u00fanica, como \u00e9 disposici\u00f3n dos fondos Next Generation; ao tempo que pedimos o dese\u00f1o dun plan especial para aquelas zonas illadas que presentan especiais dificultades de despregamento, como \u00e9 o caso da aldea de Puxedo\u201d, sinalou.<\/p>\n<p>Garc\u00eda Comesa\u00f1a puntualizou que, \u201ca d\u00eda de hoxe, as comunidades aut\u00f3nomas soamente poden xestionar un total de 210 mill\u00f3ns de euros dos m\u00e1is de 4.200 mill\u00f3ns dos que o Estado disp\u00f3n para o programa UNICO, estando obrigadas a destinar este di\u00f1eiro unicamente ao reforzo da conectividade en edificios p\u00fablicos, axudas para empresas en pol\u00edgonos en zonas illadas, axudas para comunidades de veci\u00f1os para dotar edificios de banda larga e bonos sociais para colectividades vulnerables\u201d.<\/p>\n<p>As\u00ed mesmo, o Grupo Popular aceptou incorporar \u00e1 proposici\u00f3n non de lei a emenda presentada polo Grupo Socialista, a trav\u00e9s da que se solicita que a Xunta po\u00f1a todos os medios e recursos necesarios para que se poidan empregar ao m\u00e1ximo as achegas do Plan \u00danico de conectividade financiado con fondos do Plan de Recuperaci\u00f3n.<\/p>\n","protected":false},"excerpt":{"rendered":"<p>O Parlamento de Galicia aprobou hoxe a proposici\u00f3n non de lei do Grupo Popular a trav\u00e9s da que se demanda ao Goberno de Espa\u00f1a que cumpra os compromisos que asumiu de forma unilateral en materia de conectividade, tendo en conta as caracter\u00edsticas orogr\u00e1ficas e sociodemogr\u00e1ficas das comunidades aut\u00f3nomas e permitindo o trasvase de fondos entre [&hellip;]<\/p>\n","protected":false},"author":40,"featured_media":62951,"comment_status":"open","ping_status":"open","sticky":false,"template":"","format":"standard","meta":{"_acf_changed":false,"footnotes":""},"categories":[1128],"tags":[],"class_list":["post-62950","post","type-post","status-publish","format-standard","has-post-thumbnail","hentry","category-actualidad-parlamento-de-galicia"],"acf":[],"yoast_head":"<!-- This site is optimized with the Yoast SEO plugin v27.3 - https:\/\/yoast.com\/product\/yoast-seo-wordpress\/ -->\n<title>O Parlamento de Galicia demanda ao Goberno de Espa\u00f1a que cumpra os compromisos asumidos en materia de conectividade - PP de Galicia<\/title>\n<meta name=\"description\" content=\"O Parlamento de Galicia aprobou hoxe a proposici\u00f3n non de lei do Grupo Popular a trav\u00e9s da que se demanda ao Goberno de Espa\u00f1a que cumpra os compromisos que asumiu de forma unilateral en materia de conectividade, tendo en conta as caracter\u00edsticas orogr\u00e1ficas e sociodemogr\u00e1ficas das comunidades aut\u00f3nomas e permitindo o trasvase de fondos entre as li\u00f1as de financiamento recollidas no Plan de recuperaci\u00f3n, transformaci\u00f3n e resiliencia da Uni\u00f3n Europea.\" \/>\n<meta name=\"robots\" content=\"index, follow, max-snippet:-1, max-image-preview:large, max-video-preview:-1\" \/>\n<link rel=\"canonical\" href=\"https:\/\/ppdegalicia.com\/es\/o-parlamento-de-galicia-demanda-ao-goberno-de-espana-que-cumpra-os-compromisos-asumidos-en-materia-de-conectividade\/\" \/>\n<meta property=\"og:locale\" content=\"es_ES\" \/>\n<meta property=\"og:type\" content=\"article\" \/>\n<meta property=\"og:title\" content=\"O Parlamento de Galicia demanda ao Goberno de Espa\u00f1a que cumpra os compromisos asumidos en materia de conectividade - PP de Galicia\" \/>\n<meta property=\"og:description\" content=\"O Parlamento de Galicia aprobou hoxe a proposici\u00f3n non de lei do Grupo Popular a trav\u00e9s da que se demanda ao Goberno de Espa\u00f1a que cumpra os compromisos que asumiu de forma unilateral en materia de conectividade, tendo en conta as caracter\u00edsticas orogr\u00e1ficas e sociodemogr\u00e1ficas das comunidades aut\u00f3nomas e permitindo o trasvase de fondos entre as li\u00f1as de financiamento recollidas no Plan de recuperaci\u00f3n, transformaci\u00f3n e resiliencia da Uni\u00f3n Europea.\" \/>\n<meta property=\"og:url\" content=\"https:\/\/ppdegalicia.com\/es\/o-parlamento-de-galicia-demanda-ao-goberno-de-espana-que-cumpra-os-compromisos-asumidos-en-materia-de-conectividade\/\" \/>\n<meta property=\"og:site_name\" content=\"PP de Galicia\" \/>\n<meta property=\"article:publisher\" content=\"https:\/\/www.instagram.com\/ppdegalicia\/\" \/>\n<meta property=\"article:published_time\" content=\"2024-05-29T10:43:58+00:00\" \/>\n<meta property=\"og:image\" content=\"https:\/\/ppdegalicia.com\/wp-content\/uploads\/2024\/05\/20240528_sin-titulo__DSC1186-scaled.jpg\" \/>\n\t<meta property=\"og:image:width\" content=\"2560\" \/>\n\t<meta property=\"og:image:height\" content=\"1707\" \/>\n\t<meta property=\"og:image:type\" content=\"image\/jpeg\" \/>\n<meta name=\"author\" content=\"ppdegaliciaedtis\" \/>\n<meta name=\"twitter:card\" content=\"summary_large_image\" \/>\n<meta name=\"twitter:creator\" content=\"@ppdegalicia\" \/>\n<meta name=\"twitter:site\" content=\"@ppdegalicia\" \/>\n<meta name=\"twitter:label1\" content=\"Escrito por\" \/>\n\t<meta name=\"twitter:data1\" content=\"ppdegaliciaedtis\" \/>\n\t<meta name=\"twitter:label2\" content=\"Tiempo de lectura\" \/>\n\t<meta name=\"twitter:data2\" content=\"4 minutos\" \/>\n<script type=\"application\/ld+json\" class=\"yoast-schema-graph\">{\"@context\":\"https:\\\/\\\/schema.org\",\"@graph\":[{\"@type\":\"Article\",\"@id\":\"https:\\\/\\\/ppdegalicia.com\\\/es\\\/o-parlamento-de-galicia-demanda-ao-goberno-de-espana-que-cumpra-os-compromisos-asumidos-en-materia-de-conectividade\\\/#article\",\"isPartOf\":{\"@id\":\"https:\\\/\\\/ppdegalicia.com\\\/es\\\/o-parlamento-de-galicia-demanda-ao-goberno-de-espana-que-cumpra-os-compromisos-asumidos-en-materia-de-conectividade\\\/\"},\"author\":{\"name\":\"ppdegaliciaedtis\",\"@id\":\"https:\\\/\\\/ppdegalicia.com\\\/es\\\/#\\\/schema\\\/person\\\/bc9b46e59ebd34bf28611158c3867388\"},\"headline\":\"O Parlamento de Galicia demanda ao Goberno de Espa\u00f1a que cumpra os compromisos asumidos en materia de conectividade\",\"datePublished\":\"2024-05-29T10:43:58+00:00\",\"mainEntityOfPage\":{\"@id\":\"https:\\\/\\\/ppdegalicia.com\\\/es\\\/o-parlamento-de-galicia-demanda-ao-goberno-de-espana-que-cumpra-os-compromisos-asumidos-en-materia-de-conectividade\\\/\"},\"wordCount\":645,\"commentCount\":0,\"publisher\":{\"@id\":\"https:\\\/\\\/ppdegalicia.com\\\/es\\\/#organization\"},\"image\":{\"@id\":\"https:\\\/\\\/ppdegalicia.com\\\/es\\\/o-parlamento-de-galicia-demanda-ao-goberno-de-espana-que-cumpra-os-compromisos-asumidos-en-materia-de-conectividade\\\/#primaryimage\"},\"thumbnailUrl\":\"https:\\\/\\\/ppdegalicia.com\\\/wp-content\\\/uploads\\\/2024\\\/05\\\/20240528_sin-titulo__DSC1186-scaled.jpg\",\"articleSection\":[\"Parlamento de Galicia\"],\"inLanguage\":\"es\",\"potentialAction\":[{\"@type\":\"CommentAction\",\"name\":\"Comment\",\"target\":[\"https:\\\/\\\/ppdegalicia.com\\\/es\\\/o-parlamento-de-galicia-demanda-ao-goberno-de-espana-que-cumpra-os-compromisos-asumidos-en-materia-de-conectividade\\\/#respond\"]}]},{\"@type\":\"WebPage\",\"@id\":\"https:\\\/\\\/ppdegalicia.com\\\/es\\\/o-parlamento-de-galicia-demanda-ao-goberno-de-espana-que-cumpra-os-compromisos-asumidos-en-materia-de-conectividade\\\/\",\"url\":\"https:\\\/\\\/ppdegalicia.com\\\/es\\\/o-parlamento-de-galicia-demanda-ao-goberno-de-espana-que-cumpra-os-compromisos-asumidos-en-materia-de-conectividade\\\/\",\"name\":\"O Parlamento de Galicia demanda ao Goberno de Espa\u00f1a que cumpra os compromisos asumidos en materia de conectividade - PP de Galicia\",\"isPartOf\":{\"@id\":\"https:\\\/\\\/ppdegalicia.com\\\/es\\\/#website\"},\"primaryImageOfPage\":{\"@id\":\"https:\\\/\\\/ppdegalicia.com\\\/es\\\/o-parlamento-de-galicia-demanda-ao-goberno-de-espana-que-cumpra-os-compromisos-asumidos-en-materia-de-conectividade\\\/#primaryimage\"},\"image\":{\"@id\":\"https:\\\/\\\/ppdegalicia.com\\\/es\\\/o-parlamento-de-galicia-demanda-ao-goberno-de-espana-que-cumpra-os-compromisos-asumidos-en-materia-de-conectividade\\\/#primaryimage\"},\"thumbnailUrl\":\"https:\\\/\\\/ppdegalicia.com\\\/wp-content\\\/uploads\\\/2024\\\/05\\\/20240528_sin-titulo__DSC1186-scaled.jpg\",\"datePublished\":\"2024-05-29T10:43:58+00:00\",\"description\":\"O Parlamento de Galicia aprobou hoxe a proposici\u00f3n non de lei do Grupo Popular a trav\u00e9s da que se demanda ao Goberno de Espa\u00f1a que cumpra os compromisos que asumiu de forma unilateral en materia de conectividade, tendo en conta as caracter\u00edsticas orogr\u00e1ficas e sociodemogr\u00e1ficas das comunidades aut\u00f3nomas e permitindo o trasvase de fondos entre as li\u00f1as de financiamento recollidas no Plan de recuperaci\u00f3n, transformaci\u00f3n e resiliencia da Uni\u00f3n Europea.\",\"breadcrumb\":{\"@id\":\"https:\\\/\\\/ppdegalicia.com\\\/es\\\/o-parlamento-de-galicia-demanda-ao-goberno-de-espana-que-cumpra-os-compromisos-asumidos-en-materia-de-conectividade\\\/#breadcrumb\"},\"inLanguage\":\"es\",\"potentialAction\":[{\"@type\":\"ReadAction\",\"target\":[\"https:\\\/\\\/ppdegalicia.com\\\/es\\\/o-parlamento-de-galicia-demanda-ao-goberno-de-espana-que-cumpra-os-compromisos-asumidos-en-materia-de-conectividade\\\/\"]}]},{\"@type\":\"ImageObject\",\"inLanguage\":\"es\",\"@id\":\"https:\\\/\\\/ppdegalicia.com\\\/es\\\/o-parlamento-de-galicia-demanda-ao-goberno-de-espana-que-cumpra-os-compromisos-asumidos-en-materia-de-conectividade\\\/#primaryimage\",\"url\":\"https:\\\/\\\/ppdegalicia.com\\\/wp-content\\\/uploads\\\/2024\\\/05\\\/20240528_sin-titulo__DSC1186-scaled.jpg\",\"contentUrl\":\"https:\\\/\\\/ppdegalicia.com\\\/wp-content\\\/uploads\\\/2024\\\/05\\\/20240528_sin-titulo__DSC1186-scaled.jpg\",\"width\":2560,\"height\":1707},{\"@type\":\"BreadcrumbList\",\"@id\":\"https:\\\/\\\/ppdegalicia.com\\\/es\\\/o-parlamento-de-galicia-demanda-ao-goberno-de-espana-que-cumpra-os-compromisos-asumidos-en-materia-de-conectividade\\\/#breadcrumb\",\"itemListElement\":[{\"@type\":\"ListItem\",\"position\":1,\"name\":\"Portada\",\"item\":\"https:\\\/\\\/ppdegalicia.com\\\/es\\\/\"},{\"@type\":\"ListItem\",\"position\":2,\"name\":\"O Parlamento de Galicia demanda ao Goberno de Espa\u00f1a que cumpra os compromisos asumidos en materia de conectividade\"}]},{\"@type\":\"WebSite\",\"@id\":\"https:\\\/\\\/ppdegalicia.com\\\/es\\\/#website\",\"url\":\"https:\\\/\\\/ppdegalicia.com\\\/es\\\/\",\"name\":\"Partido Popular de Galicia\",\"description\":\"Partido Popular de Galicia\",\"publisher\":{\"@id\":\"https:\\\/\\\/ppdegalicia.com\\\/es\\\/#organization\"},\"alternateName\":\"PP de Galicia\",\"potentialAction\":[{\"@type\":\"SearchAction\",\"target\":{\"@type\":\"EntryPoint\",\"urlTemplate\":\"https:\\\/\\\/ppdegalicia.com\\\/es\\\/?s={search_term_string}\"},\"query-input\":{\"@type\":\"PropertyValueSpecification\",\"valueRequired\":true,\"valueName\":\"search_term_string\"}}],\"inLanguage\":\"es\"},{\"@type\":\"Organization\",\"@id\":\"https:\\\/\\\/ppdegalicia.com\\\/es\\\/#organization\",\"name\":\"Partido Popular de Galicia\",\"alternateName\":\"PP de Galicia\",\"url\":\"https:\\\/\\\/ppdegalicia.com\\\/es\\\/\",\"logo\":{\"@type\":\"ImageObject\",\"inLanguage\":\"es\",\"@id\":\"https:\\\/\\\/ppdegalicia.com\\\/es\\\/#\\\/schema\\\/logo\\\/image\\\/\",\"url\":\"https:\\\/\\\/ppdegalicia.com\\\/wp-content\\\/uploads\\\/2023\\\/04\\\/logoPP512.png\",\"contentUrl\":\"https:\\\/\\\/ppdegalicia.com\\\/wp-content\\\/uploads\\\/2023\\\/04\\\/logoPP512.png\",\"width\":512,\"height\":512,\"caption\":\"Partido Popular de Galicia\"},\"image\":{\"@id\":\"https:\\\/\\\/ppdegalicia.com\\\/es\\\/#\\\/schema\\\/logo\\\/image\\\/\"},\"sameAs\":[\"https:\\\/\\\/www.instagram.com\\\/ppdegalicia\\\/\",\"https:\\\/\\\/x.com\\\/ppdegalicia\",\"https:\\\/\\\/www.tiktok.com\\\/@ppdegalicia\",\"https:\\\/\\\/www.youtube.com\\\/user\\\/ppdegalicia\"]},{\"@type\":\"Person\",\"@id\":\"https:\\\/\\\/ppdegalicia.com\\\/es\\\/#\\\/schema\\\/person\\\/bc9b46e59ebd34bf28611158c3867388\",\"name\":\"ppdegaliciaedtis\",\"image\":{\"@type\":\"ImageObject\",\"inLanguage\":\"es\",\"@id\":\"https:\\\/\\\/secure.gravatar.com\\\/avatar\\\/f9f8cf6e03df54a1b0d04a6b4b8e8c6bd63c10a439752e84d87a5385aefe2ced?s=96&d=mm&r=g\",\"url\":\"https:\\\/\\\/secure.gravatar.com\\\/avatar\\\/f9f8cf6e03df54a1b0d04a6b4b8e8c6bd63c10a439752e84d87a5385aefe2ced?s=96&d=mm&r=g\",\"contentUrl\":\"https:\\\/\\\/secure.gravatar.com\\\/avatar\\\/f9f8cf6e03df54a1b0d04a6b4b8e8c6bd63c10a439752e84d87a5385aefe2ced?s=96&d=mm&r=g\",\"caption\":\"ppdegaliciaedtis\"},\"url\":\"https:\\\/\\\/ppdegalicia.com\\\/es\\\/author\\\/ppdegaliciaedits\\\/\"}]}<\/script>\n<!-- \/ Yoast SEO plugin. -->","yoast_head_json":{"title":"O Parlamento de Galicia demanda ao Goberno de Espa\u00f1a que cumpra os compromisos asumidos en materia de conectividade - PP de Galicia","description":"O Parlamento de Galicia aprobou hoxe a proposici\u00f3n non de lei do Grupo Popular a trav\u00e9s da que se demanda ao Goberno de Espa\u00f1a que cumpra os compromisos que asumiu de forma unilateral en materia de conectividade, tendo en conta as caracter\u00edsticas orogr\u00e1ficas e sociodemogr\u00e1ficas das comunidades aut\u00f3nomas e permitindo o trasvase de fondos entre as li\u00f1as de financiamento recollidas no Plan de recuperaci\u00f3n, transformaci\u00f3n e resiliencia da Uni\u00f3n Europea.","robots":{"index":"index","follow":"follow","max-snippet":"max-snippet:-1","max-image-preview":"max-image-preview:large","max-video-preview":"max-video-preview:-1"},"canonical":"https:\/\/ppdegalicia.com\/es\/o-parlamento-de-galicia-demanda-ao-goberno-de-espana-que-cumpra-os-compromisos-asumidos-en-materia-de-conectividade\/","og_locale":"es_ES","og_type":"article","og_title":"O Parlamento de Galicia demanda ao Goberno de Espa\u00f1a que cumpra os compromisos asumidos en materia de conectividade - PP de Galicia","og_description":"O Parlamento de Galicia aprobou hoxe a proposici\u00f3n non de lei do Grupo Popular a trav\u00e9s da que se demanda ao Goberno de Espa\u00f1a que cumpra os compromisos que asumiu de forma unilateral en materia de conectividade, tendo en conta as caracter\u00edsticas orogr\u00e1ficas e sociodemogr\u00e1ficas das comunidades aut\u00f3nomas e permitindo o trasvase de fondos entre as li\u00f1as de financiamento recollidas no Plan de recuperaci\u00f3n, transformaci\u00f3n e resiliencia da Uni\u00f3n Europea.","og_url":"https:\/\/ppdegalicia.com\/es\/o-parlamento-de-galicia-demanda-ao-goberno-de-espana-que-cumpra-os-compromisos-asumidos-en-materia-de-conectividade\/","og_site_name":"PP de Galicia","article_publisher":"https:\/\/www.instagram.com\/ppdegalicia\/","article_published_time":"2024-05-29T10:43:58+00:00","og_image":[{"width":2560,"height":1707,"url":"https:\/\/ppdegalicia.com\/wp-content\/uploads\/2024\/05\/20240528_sin-titulo__DSC1186-scaled.jpg","type":"image\/jpeg"}],"author":"ppdegaliciaedtis","twitter_card":"summary_large_image","twitter_creator":"@ppdegalicia","twitter_site":"@ppdegalicia","twitter_misc":{"Escrito por":"ppdegaliciaedtis","Tiempo de lectura":"4 minutos"},"schema":{"@context":"https:\/\/schema.org","@graph":[{"@type":"Article","@id":"https:\/\/ppdegalicia.com\/es\/o-parlamento-de-galicia-demanda-ao-goberno-de-espana-que-cumpra-os-compromisos-asumidos-en-materia-de-conectividade\/#article","isPartOf":{"@id":"https:\/\/ppdegalicia.com\/es\/o-parlamento-de-galicia-demanda-ao-goberno-de-espana-que-cumpra-os-compromisos-asumidos-en-materia-de-conectividade\/"},"author":{"name":"ppdegaliciaedtis","@id":"https:\/\/ppdegalicia.com\/es\/#\/schema\/person\/bc9b46e59ebd34bf28611158c3867388"},"headline":"O Parlamento de Galicia demanda ao Goberno de Espa\u00f1a que cumpra os compromisos asumidos en materia de conectividade","datePublished":"2024-05-29T10:43:58+00:00","mainEntityOfPage":{"@id":"https:\/\/ppdegalicia.com\/es\/o-parlamento-de-galicia-demanda-ao-goberno-de-espana-que-cumpra-os-compromisos-asumidos-en-materia-de-conectividade\/"},"wordCount":645,"commentCount":0,"publisher":{"@id":"https:\/\/ppdegalicia.com\/es\/#organization"},"image":{"@id":"https:\/\/ppdegalicia.com\/es\/o-parlamento-de-galicia-demanda-ao-goberno-de-espana-que-cumpra-os-compromisos-asumidos-en-materia-de-conectividade\/#primaryimage"},"thumbnailUrl":"https:\/\/ppdegalicia.com\/wp-content\/uploads\/2024\/05\/20240528_sin-titulo__DSC1186-scaled.jpg","articleSection":["Parlamento de Galicia"],"inLanguage":"es","potentialAction":[{"@type":"CommentAction","name":"Comment","target":["https:\/\/ppdegalicia.com\/es\/o-parlamento-de-galicia-demanda-ao-goberno-de-espana-que-cumpra-os-compromisos-asumidos-en-materia-de-conectividade\/#respond"]}]},{"@type":"WebPage","@id":"https:\/\/ppdegalicia.com\/es\/o-parlamento-de-galicia-demanda-ao-goberno-de-espana-que-cumpra-os-compromisos-asumidos-en-materia-de-conectividade\/","url":"https:\/\/ppdegalicia.com\/es\/o-parlamento-de-galicia-demanda-ao-goberno-de-espana-que-cumpra-os-compromisos-asumidos-en-materia-de-conectividade\/","name":"O Parlamento de Galicia demanda ao Goberno de Espa\u00f1a que cumpra os compromisos asumidos en materia de conectividade - PP de Galicia","isPartOf":{"@id":"https:\/\/ppdegalicia.com\/es\/#website"},"primaryImageOfPage":{"@id":"https:\/\/ppdegalicia.com\/es\/o-parlamento-de-galicia-demanda-ao-goberno-de-espana-que-cumpra-os-compromisos-asumidos-en-materia-de-conectividade\/#primaryimage"},"image":{"@id":"https:\/\/ppdegalicia.com\/es\/o-parlamento-de-galicia-demanda-ao-goberno-de-espana-que-cumpra-os-compromisos-asumidos-en-materia-de-conectividade\/#primaryimage"},"thumbnailUrl":"https:\/\/ppdegalicia.com\/wp-content\/uploads\/2024\/05\/20240528_sin-titulo__DSC1186-scaled.jpg","datePublished":"2024-05-29T10:43:58+00:00","description":"O Parlamento de Galicia aprobou hoxe a proposici\u00f3n non de lei do Grupo Popular a trav\u00e9s da que se demanda ao Goberno de Espa\u00f1a que cumpra os compromisos que asumiu de forma unilateral en materia de conectividade, tendo en conta as caracter\u00edsticas orogr\u00e1ficas e sociodemogr\u00e1ficas das comunidades aut\u00f3nomas e permitindo o trasvase de fondos entre as li\u00f1as de financiamento recollidas no Plan de recuperaci\u00f3n, transformaci\u00f3n e resiliencia da Uni\u00f3n Europea.","breadcrumb":{"@id":"https:\/\/ppdegalicia.com\/es\/o-parlamento-de-galicia-demanda-ao-goberno-de-espana-que-cumpra-os-compromisos-asumidos-en-materia-de-conectividade\/#breadcrumb"},"inLanguage":"es","potentialAction":[{"@type":"ReadAction","target":["https:\/\/ppdegalicia.com\/es\/o-parlamento-de-galicia-demanda-ao-goberno-de-espana-que-cumpra-os-compromisos-asumidos-en-materia-de-conectividade\/"]}]},{"@type":"ImageObject","inLanguage":"es","@id":"https:\/\/ppdegalicia.com\/es\/o-parlamento-de-galicia-demanda-ao-goberno-de-espana-que-cumpra-os-compromisos-asumidos-en-materia-de-conectividade\/#primaryimage","url":"https:\/\/ppdegalicia.com\/wp-content\/uploads\/2024\/05\/20240528_sin-titulo__DSC1186-scaled.jpg","contentUrl":"https:\/\/ppdegalicia.com\/wp-content\/uploads\/2024\/05\/20240528_sin-titulo__DSC1186-scaled.jpg","width":2560,"height":1707},{"@type":"BreadcrumbList","@id":"https:\/\/ppdegalicia.com\/es\/o-parlamento-de-galicia-demanda-ao-goberno-de-espana-que-cumpra-os-compromisos-asumidos-en-materia-de-conectividade\/#breadcrumb","itemListElement":[{"@type":"ListItem","position":1,"name":"Portada","item":"https:\/\/ppdegalicia.com\/es\/"},{"@type":"ListItem","position":2,"name":"O Parlamento de Galicia demanda ao Goberno de Espa\u00f1a que cumpra os compromisos asumidos en materia de conectividade"}]},{"@type":"WebSite","@id":"https:\/\/ppdegalicia.com\/es\/#website","url":"https:\/\/ppdegalicia.com\/es\/","name":"Partido Popular de Galicia","description":"Partido Popular de Galicia","publisher":{"@id":"https:\/\/ppdegalicia.com\/es\/#organization"},"alternateName":"PP de Galicia","potentialAction":[{"@type":"SearchAction","target":{"@type":"EntryPoint","urlTemplate":"https:\/\/ppdegalicia.com\/es\/?s={search_term_string}"},"query-input":{"@type":"PropertyValueSpecification","valueRequired":true,"valueName":"search_term_string"}}],"inLanguage":"es"},{"@type":"Organization","@id":"https:\/\/ppdegalicia.com\/es\/#organization","name":"Partido Popular de Galicia","alternateName":"PP de Galicia","url":"https:\/\/ppdegalicia.com\/es\/","logo":{"@type":"ImageObject","inLanguage":"es","@id":"https:\/\/ppdegalicia.com\/es\/#\/schema\/logo\/image\/","url":"https:\/\/ppdegalicia.com\/wp-content\/uploads\/2023\/04\/logoPP512.png","contentUrl":"https:\/\/ppdegalicia.com\/wp-content\/uploads\/2023\/04\/logoPP512.png","width":512,"height":512,"caption":"Partido Popular de Galicia"},"image":{"@id":"https:\/\/ppdegalicia.com\/es\/#\/schema\/logo\/image\/"},"sameAs":["https:\/\/www.instagram.com\/ppdegalicia\/","https:\/\/x.com\/ppdegalicia","https:\/\/www.tiktok.com\/@ppdegalicia","https:\/\/www.youtube.com\/user\/ppdegalicia"]},{"@type":"Person","@id":"https:\/\/ppdegalicia.com\/es\/#\/schema\/person\/bc9b46e59ebd34bf28611158c3867388","name":"ppdegaliciaedtis","image":{"@type":"ImageObject","inLanguage":"es","@id":"https:\/\/secure.gravatar.com\/avatar\/f9f8cf6e03df54a1b0d04a6b4b8e8c6bd63c10a439752e84d87a5385aefe2ced?s=96&d=mm&r=g","url":"https:\/\/secure.gravatar.com\/avatar\/f9f8cf6e03df54a1b0d04a6b4b8e8c6bd63c10a439752e84d87a5385aefe2ced?s=96&d=mm&r=g","contentUrl":"https:\/\/secure.gravatar.com\/avatar\/f9f8cf6e03df54a1b0d04a6b4b8e8c6bd63c10a439752e84d87a5385aefe2ced?s=96&d=mm&r=g","caption":"ppdegaliciaedtis"},"url":"https:\/\/ppdegalicia.com\/es\/author\/ppdegaliciaedits\/"}]}},"_links":{"self":[{"href":"https:\/\/ppdegalicia.com\/es\/wp-json\/wp\/v2\/posts\/62950","targetHints":{"allow":["GET"]}}],"collection":[{"href":"https:\/\/ppdegalicia.com\/es\/wp-json\/wp\/v2\/posts"}],"about":[{"href":"https:\/\/ppdegalicia.com\/es\/wp-json\/wp\/v2\/types\/post"}],"author":[{"embeddable":true,"href":"https:\/\/ppdegalicia.com\/es\/wp-json\/wp\/v2\/users\/40"}],"replies":[{"embeddable":true,"href":"https:\/\/ppdegalicia.com\/es\/wp-json\/wp\/v2\/comments?post=62950"}],"version-history":[{"count":1,"href":"https:\/\/ppdegalicia.com\/es\/wp-json\/wp\/v2\/posts\/62950\/revisions"}],"predecessor-version":[{"id":62953,"href":"https:\/\/ppdegalicia.com\/es\/wp-json\/wp\/v2\/posts\/62950\/revisions\/62953"}],"wp:featuredmedia":[{"embeddable":true,"href":"https:\/\/ppdegalicia.com\/es\/wp-json\/wp\/v2\/media\/62951"}],"wp:attachment":[{"href":"https:\/\/ppdegalicia.com\/es\/wp-json\/wp\/v2\/media?parent=62950"}],"wp:term":[{"taxonomy":"category","embeddable":true,"href":"https:\/\/ppdegalicia.com\/es\/wp-json\/wp\/v2\/categories?post=62950"},{"taxonomy":"post_tag","embeddable":true,"href":"https:\/\/ppdegalicia.com\/es\/wp-json\/wp\/v2\/tags?post=62950"}],"curies":[{"name":"wp","href":"https:\/\/api.w.org\/{rel}","templated":true}]}}