{"id":63016,"date":"2024-05-30T12:25:35","date_gmt":"2024-05-30T11:25:35","guid":{"rendered":"https:\/\/ppdegalicia.com\/?p=63016"},"modified":"2024-06-10T12:32:52","modified_gmt":"2024-06-10T11:32:52","slug":"dolors-montserrat-pone-a-galicia-como-ejemplo-del-proyecto-del-pp-para-europa-cuando-se-gobierna-desde-la-sensatez-el-rigor-la-centralidad-y-la-responsabilidad-los-ciudadanos-ganan","status":"publish","type":"post","link":"https:\/\/ppdegalicia.com\/es\/dolors-montserrat-pone-a-galicia-como-ejemplo-del-proyecto-del-pp-para-europa-cuando-se-gobierna-desde-la-sensatez-el-rigor-la-centralidad-y-la-responsabilidad-los-ciudadanos-ganan\/","title":{"rendered":"Dolors Montserrat pone a Galicia como ejemplo del proyecto del PP para Europa: \u201cCuando se gobierna desde la sensatez, el rigor, la centralidad y la responsabilidad, los ciudadanos ganan\u201d"},"content":{"rendered":"<p style=\"font-weight: 400;\">La cabeza de lista del Partido Popular al Parlamento Europeo, Dolors Montserrat, se comprometi\u00f3 hoy a defender a Galicia en Europa poniendo el valor el modelo que encabeza el presidente Alfonso Rueda:\u00a0\u201cFrente al ruido, la crispaci\u00f3n y la irresponsabilidad del Gobierno de S\u00e1nchez, los gallegos tienen la suerte de tener un presidente como Rueda, que no gobierna desde el sectarismo y lo hace desde la moderaci\u00f3n\u201d.<\/p>\n<p style=\"font-weight: 400;\">\u201cCuando se gobierna desde la sensatez, el rigor, la centralidad y la responsabilidad, los ciudadanos ganan\u201d, explic\u00f3 reiterando su compromiso de escuchar a todos los sectores \u2013como la agricultura, la ganader\u00eda y la pesca\u2013 \u201cabandonados por el Gobierno de Espa\u00f1a y criminalizados por la candidata de S\u00e1nchez\u201d.<\/p>\n<p style=\"font-weight: 400;\">En este sentido se pregunt\u00f3 c\u00f3mo va a defender Teresa Ribera la Espa\u00f1a rural en Europa cuando ha sido \u201cincapaz de defenderla en Espa\u00f1a\u201d y subray\u00f3 que \u201cante cada ataque del PSOE, habr\u00e1 una respuesta del Partido Popular en Europa\u201d.<\/p>\n<p style=\"font-weight: 400;\">Apunt\u00f3 que, frente al PSOE, que considera \u201cel mayor enemigo del campo\u201d, el PP ser\u00e1 el mejor aliado de la Galicia rural en Europa: \u201cHan criminalizado a los agricultores, han abandonado a los ganaderos \u2013 la propia Teresa Ribera aument\u00f3 la protecci\u00f3n del lobo mientras los ganaderos pierden las cabezas de ganado\u2013 y han dejado tirados a los pescadores con una burocracia asfixiante y unas imposiciones inasumibles\u201d.<\/p>\n<p style=\"font-weight: 400;\">Anunci\u00f3 as\u00ed que el PP Europeo defender\u00e1 un comisario europeo espec\u00edfico para Pesca: \u201cHa llegado el momento de alzar la voz por la Espa\u00f1a rural y tambi\u00e9n por el mar. Esa Espa\u00f1a que madruga, que pelea por salir adelante, que se deja la piel en el campo y la vida en el mar\u201d.<\/p>\n<p style=\"font-weight: 400;\"><strong><u>\u201cLA AMNIST\u00cdA VA CONTRA LA DEMOCRACIA Y LOS VALORES EUROPEOS\u201d<\/u><\/strong><\/p>\n<p style=\"font-weight: 400;\">La candidata del PP a las elecciones europeas asegur\u00f3 que no hay que perder la esperanza porque el PP va a exigir a la Comisi\u00f3n Europea que act\u00fae y \u201cfrene esta corrupta ley que entrega impunidad para unos pocos a cambio de poder\u201d. \u201cNo es convivencia es conveniencia. No es concordia, es sumisi\u00f3n. No es pacificaci\u00f3n, es poder por 7 votos\u201d, a\u00f1adi\u00f3.<\/p>\n<p style=\"font-weight: 400;\">\u201cY los independentistas lo celebran como \u00e9xito y victoria. Esta es la Espa\u00f1a que deja S\u00e1nchez, la de la humillaci\u00f3n y la verg\u00fcenza\u201d, subray\u00f3 al tiempo que adelantaba que el PP va a ser \u201cla peor pesadilla de S\u00e1nchez en Europa porque vamos a frenar su deriva independentista\u201d. En esta l\u00ednea aventur\u00f3 que ahora, envalentonados, los independentistas ir\u00e1n a por el refer\u00e9ndum: \u201cEl independentismo es insaciable y S\u00e1nchez por el poder tambi\u00e9n\u201d.<\/p>\n<p style=\"font-weight: 400;\">Reproch\u00f3 que el PSOE haya elegido \u201csalvar a Puigdemont y abandonar a los espa\u00f1oles\u201d. \u201cEs lo que tiene pensar solo en el poder y no en tu pa\u00eds. Y hoy lo hemos vuelto a ver con la aprobaci\u00f3n de la infame ley de amnist\u00eda\u201d, explic\u00f3.<\/p>\n<p style=\"font-weight: 400;\">\u201cUna ley que liquida la igualdad. Una ley que atropella el Estado de derecho. Una ley que borra la Justicia por siete votos. Una ley infame que es la condena de Espa\u00f1a y de los valores europeos\u201d, afirm\u00f3.<\/p>\n<p style=\"font-weight: 400;\">Lament\u00f3 que hoy hayamos visto en el Congreso el mayor ataque a la Espa\u00f1a Constitucional impulsado por el Gobierno. \u201cQu\u00e9 humillaci\u00f3n. Qu\u00e9 verg\u00fcenza. Qu\u00e9 infamia, se\u00f1ores socialistas\u201d, afirm\u00f3 a en referencia a c\u00f3mo los diputados socialistas se han levantado a aplaudir la amnist\u00eda que prometieron no aprobar<\/p>\n<p style=\"font-weight: 400;\"><strong><u>PAULA PRADO: \u201cSOMOS LA MEJOR RESPUESTA\u201d<\/u><\/strong><\/p>\n<p style=\"font-weight: 400;\">Por su parte, la secretaria general del PPdeG, Paula Prado, manifest\u00f3 que el balance del primer a\u00f1o de Nava Castro como alcaldesa es \u201cextraordinario\u201d y puso en valor \u201csu empe\u00f1o por resolver todos los problemas de Ponteareas y su capacidad para encontrar siempre las mejores soluciones\u201d.<\/p>\n<p style=\"font-weight: 400;\">Puso as\u00ed a la regidora como ejemplo de la buena gesti\u00f3n que garantizan los gobiernos del PPdeG y que lo han llevado a ser no s\u00f3lo el partido con m\u00e1s alcaldesas de Galicia (29), sino adem\u00e1s tambi\u00e9n la opci\u00f3n preferida por las mujeres gallegas cuando tienen que votar.<\/p>\n<p style=\"font-weight: 400;\">Recordando la victoria del PP en las elecciones municipales y en las generales y auton\u00f3micas que vinieron despu\u00e9s, la n\u00famero dos de los populares gallegos hizo un llamamiento a hacer posible una nueva victoria este pr\u00f3ximo 9 de junio subrayando que \u201cel Partido Popular es la mejor respuesta para que haya m\u00e1s Galicia en Europa\u201d.<\/p>\n<p style=\"font-weight: 400;\">Incidi\u00f3 en que\u00a0una de las cuestiones que est\u00e1 en juego en estos comicios es que las ayudas europeas puedan llegar a ayuntamientos como Ponteareas. Y precisamente en clave local\u00a0record\u00f3 que el mismo BNG que durante a\u00f1os gobern\u00f3 en esta localidad es el que ahora \u201ccomparte lista con los independentistas catalanes y con los herederos de los terroristas que asesinaron a 68 gallegos\u201d.<\/p>\n","protected":false},"excerpt":{"rendered":"<p>La cabeza de lista del Partido Popular al Parlamento Europeo, Dolors Montserrat, se comprometi\u00f3 hoy a defender a Galicia en Europa poniendo el valor el modelo que encabeza el presidente Alfonso Rueda:\u00a0\u201cFrente al ruido, la crispaci\u00f3n y la irresponsabilidad del Gobierno de S\u00e1nchez, los gallegos tienen la suerte de tener un presidente como Rueda, que [&hellip;]<\/p>\n","protected":false},"author":40,"featured_media":63017,"comment_status":"open","ping_status":"open","sticky":false,"template":"","format":"standard","meta":{"_acf_changed":false,"footnotes":""},"categories":[1],"tags":[],"class_list":["post-63016","post","type-post","status-publish","format-standard","has-post-thumbnail","hentry","category-pp-de-galicia"],"acf":[],"yoast_head":"<!-- This site is optimized with the Yoast SEO plugin v27.3 - https:\/\/yoast.com\/product\/yoast-seo-wordpress\/ -->\n<title>Dolors Montserrat pone a Galicia como ejemplo del proyecto del PP para Europa: \u201cCuando se gobierna desde la sensatez, el rigor, la centralidad y la responsabilidad, los ciudadanos ganan\u201d - PP de Galicia<\/title>\n<meta name=\"description\" content=\"La cabeza de lista del Partido Popular al Parlamento Europeo, Dolors Montserrat, se comprometi\u00f3 hoy a defender a Galicia en Europa poniendo el valor el modelo que encabeza el presidente Alfonso Rueda:\u00a0\u201cFrente al ruido, la crispaci\u00f3n y la irresponsabilidad del Gobierno de S\u00e1nchez, los gallegos tienen la suerte de tener un presidente como Rueda, que no gobierna desde el sectarismo y lo hace desde la moderaci\u00f3n\u201d.\" \/>\n<meta name=\"robots\" content=\"index, follow, max-snippet:-1, max-image-preview:large, max-video-preview:-1\" \/>\n<link rel=\"canonical\" href=\"https:\/\/ppdegalicia.com\/es\/dolors-montserrat-pone-a-galicia-como-ejemplo-del-proyecto-del-pp-para-europa-cuando-se-gobierna-desde-la-sensatez-el-rigor-la-centralidad-y-la-responsabilidad-los-ciudadanos-ganan\/\" \/>\n<meta property=\"og:locale\" content=\"es_ES\" \/>\n<meta property=\"og:type\" content=\"article\" \/>\n<meta property=\"og:title\" content=\"Dolors Montserrat pone a Galicia como ejemplo del proyecto del PP para Europa: \u201cCuando se gobierna desde la sensatez, el rigor, la centralidad y la responsabilidad, los ciudadanos ganan\u201d - PP de Galicia\" \/>\n<meta property=\"og:description\" content=\"La cabeza de lista del Partido Popular al Parlamento Europeo, Dolors Montserrat, se comprometi\u00f3 hoy a defender a Galicia en Europa poniendo el valor el modelo que encabeza el presidente Alfonso Rueda:\u00a0\u201cFrente al ruido, la crispaci\u00f3n y la irresponsabilidad del Gobierno de S\u00e1nchez, los gallegos tienen la suerte de tener un presidente como Rueda, que no gobierna desde el sectarismo y lo hace desde la moderaci\u00f3n\u201d.\" \/>\n<meta property=\"og:url\" content=\"https:\/\/ppdegalicia.com\/es\/dolors-montserrat-pone-a-galicia-como-ejemplo-del-proyecto-del-pp-para-europa-cuando-se-gobierna-desde-la-sensatez-el-rigor-la-centralidad-y-la-responsabilidad-los-ciudadanos-ganan\/\" \/>\n<meta property=\"og:site_name\" content=\"PP de Galicia\" \/>\n<meta property=\"article:publisher\" content=\"https:\/\/www.instagram.com\/ppdegalicia\/\" \/>\n<meta property=\"article:published_time\" content=\"2024-05-30T11:25:35+00:00\" \/>\n<meta property=\"article:modified_time\" content=\"2024-06-10T11:32:52+00:00\" \/>\n<meta property=\"og:image\" content=\"https:\/\/ppdegalicia.com\/wp-content\/uploads\/2024\/06\/20240530_Comida-mitin_Ponteareas_1-scaled.jpg\" \/>\n\t<meta property=\"og:image:width\" content=\"2560\" \/>\n\t<meta property=\"og:image:height\" content=\"1707\" \/>\n\t<meta property=\"og:image:type\" content=\"image\/jpeg\" \/>\n<meta name=\"author\" content=\"ppdegaliciaedtis\" \/>\n<meta name=\"twitter:card\" content=\"summary_large_image\" \/>\n<meta name=\"twitter:creator\" content=\"@ppdegalicia\" \/>\n<meta name=\"twitter:site\" content=\"@ppdegalicia\" \/>\n<meta name=\"twitter:label1\" content=\"Escrito por\" \/>\n\t<meta name=\"twitter:data1\" content=\"ppdegaliciaedtis\" \/>\n\t<meta name=\"twitter:label2\" content=\"Tiempo de lectura\" \/>\n\t<meta name=\"twitter:data2\" content=\"5 minutos\" \/>\n<script type=\"application\/ld+json\" class=\"yoast-schema-graph\">{\"@context\":\"https:\\\/\\\/schema.org\",\"@graph\":[{\"@type\":\"Article\",\"@id\":\"https:\\\/\\\/ppdegalicia.com\\\/es\\\/dolors-montserrat-pone-a-galicia-como-ejemplo-del-proyecto-del-pp-para-europa-cuando-se-gobierna-desde-la-sensatez-el-rigor-la-centralidad-y-la-responsabilidad-los-ciudadanos-ganan\\\/#article\",\"isPartOf\":{\"@id\":\"https:\\\/\\\/ppdegalicia.com\\\/es\\\/dolors-montserrat-pone-a-galicia-como-ejemplo-del-proyecto-del-pp-para-europa-cuando-se-gobierna-desde-la-sensatez-el-rigor-la-centralidad-y-la-responsabilidad-los-ciudadanos-ganan\\\/\"},\"author\":{\"name\":\"ppdegaliciaedtis\",\"@id\":\"https:\\\/\\\/ppdegalicia.com\\\/es\\\/#\\\/schema\\\/person\\\/bc9b46e59ebd34bf28611158c3867388\"},\"headline\":\"Dolors Montserrat pone a Galicia como ejemplo del proyecto del PP para Europa: \u201cCuando se gobierna desde la sensatez, el rigor, la centralidad y la responsabilidad, los ciudadanos ganan\u201d\",\"datePublished\":\"2024-05-30T11:25:35+00:00\",\"dateModified\":\"2024-06-10T11:32:52+00:00\",\"mainEntityOfPage\":{\"@id\":\"https:\\\/\\\/ppdegalicia.com\\\/es\\\/dolors-montserrat-pone-a-galicia-como-ejemplo-del-proyecto-del-pp-para-europa-cuando-se-gobierna-desde-la-sensatez-el-rigor-la-centralidad-y-la-responsabilidad-los-ciudadanos-ganan\\\/\"},\"wordCount\":846,\"commentCount\":0,\"publisher\":{\"@id\":\"https:\\\/\\\/ppdegalicia.com\\\/es\\\/#organization\"},\"image\":{\"@id\":\"https:\\\/\\\/ppdegalicia.com\\\/es\\\/dolors-montserrat-pone-a-galicia-como-ejemplo-del-proyecto-del-pp-para-europa-cuando-se-gobierna-desde-la-sensatez-el-rigor-la-centralidad-y-la-responsabilidad-los-ciudadanos-ganan\\\/#primaryimage\"},\"thumbnailUrl\":\"https:\\\/\\\/ppdegalicia.com\\\/wp-content\\\/uploads\\\/2024\\\/06\\\/20240530_Comida-mitin_Ponteareas_1-scaled.jpg\",\"articleSection\":[\"PP de Galicia\"],\"inLanguage\":\"es\",\"potentialAction\":[{\"@type\":\"CommentAction\",\"name\":\"Comment\",\"target\":[\"https:\\\/\\\/ppdegalicia.com\\\/es\\\/dolors-montserrat-pone-a-galicia-como-ejemplo-del-proyecto-del-pp-para-europa-cuando-se-gobierna-desde-la-sensatez-el-rigor-la-centralidad-y-la-responsabilidad-los-ciudadanos-ganan\\\/#respond\"]}]},{\"@type\":\"WebPage\",\"@id\":\"https:\\\/\\\/ppdegalicia.com\\\/es\\\/dolors-montserrat-pone-a-galicia-como-ejemplo-del-proyecto-del-pp-para-europa-cuando-se-gobierna-desde-la-sensatez-el-rigor-la-centralidad-y-la-responsabilidad-los-ciudadanos-ganan\\\/\",\"url\":\"https:\\\/\\\/ppdegalicia.com\\\/es\\\/dolors-montserrat-pone-a-galicia-como-ejemplo-del-proyecto-del-pp-para-europa-cuando-se-gobierna-desde-la-sensatez-el-rigor-la-centralidad-y-la-responsabilidad-los-ciudadanos-ganan\\\/\",\"name\":\"Dolors Montserrat pone a Galicia como ejemplo del proyecto del PP para Europa: \u201cCuando se gobierna desde la sensatez, el rigor, la centralidad y la responsabilidad, los ciudadanos ganan\u201d - PP de Galicia\",\"isPartOf\":{\"@id\":\"https:\\\/\\\/ppdegalicia.com\\\/es\\\/#website\"},\"primaryImageOfPage\":{\"@id\":\"https:\\\/\\\/ppdegalicia.com\\\/es\\\/dolors-montserrat-pone-a-galicia-como-ejemplo-del-proyecto-del-pp-para-europa-cuando-se-gobierna-desde-la-sensatez-el-rigor-la-centralidad-y-la-responsabilidad-los-ciudadanos-ganan\\\/#primaryimage\"},\"image\":{\"@id\":\"https:\\\/\\\/ppdegalicia.com\\\/es\\\/dolors-montserrat-pone-a-galicia-como-ejemplo-del-proyecto-del-pp-para-europa-cuando-se-gobierna-desde-la-sensatez-el-rigor-la-centralidad-y-la-responsabilidad-los-ciudadanos-ganan\\\/#primaryimage\"},\"thumbnailUrl\":\"https:\\\/\\\/ppdegalicia.com\\\/wp-content\\\/uploads\\\/2024\\\/06\\\/20240530_Comida-mitin_Ponteareas_1-scaled.jpg\",\"datePublished\":\"2024-05-30T11:25:35+00:00\",\"dateModified\":\"2024-06-10T11:32:52+00:00\",\"description\":\"La cabeza de lista del Partido Popular al Parlamento Europeo, Dolors Montserrat, se comprometi\u00f3 hoy a defender a Galicia en Europa poniendo el valor el modelo que encabeza el presidente Alfonso Rueda:\u00a0\u201cFrente al ruido, la crispaci\u00f3n y la irresponsabilidad del Gobierno de S\u00e1nchez, los gallegos tienen la suerte de tener un presidente como Rueda, que no gobierna desde el sectarismo y lo hace desde la moderaci\u00f3n\u201d.\",\"breadcrumb\":{\"@id\":\"https:\\\/\\\/ppdegalicia.com\\\/es\\\/dolors-montserrat-pone-a-galicia-como-ejemplo-del-proyecto-del-pp-para-europa-cuando-se-gobierna-desde-la-sensatez-el-rigor-la-centralidad-y-la-responsabilidad-los-ciudadanos-ganan\\\/#breadcrumb\"},\"inLanguage\":\"es\",\"potentialAction\":[{\"@type\":\"ReadAction\",\"target\":[\"https:\\\/\\\/ppdegalicia.com\\\/es\\\/dolors-montserrat-pone-a-galicia-como-ejemplo-del-proyecto-del-pp-para-europa-cuando-se-gobierna-desde-la-sensatez-el-rigor-la-centralidad-y-la-responsabilidad-los-ciudadanos-ganan\\\/\"]}]},{\"@type\":\"ImageObject\",\"inLanguage\":\"es\",\"@id\":\"https:\\\/\\\/ppdegalicia.com\\\/es\\\/dolors-montserrat-pone-a-galicia-como-ejemplo-del-proyecto-del-pp-para-europa-cuando-se-gobierna-desde-la-sensatez-el-rigor-la-centralidad-y-la-responsabilidad-los-ciudadanos-ganan\\\/#primaryimage\",\"url\":\"https:\\\/\\\/ppdegalicia.com\\\/wp-content\\\/uploads\\\/2024\\\/06\\\/20240530_Comida-mitin_Ponteareas_1-scaled.jpg\",\"contentUrl\":\"https:\\\/\\\/ppdegalicia.com\\\/wp-content\\\/uploads\\\/2024\\\/06\\\/20240530_Comida-mitin_Ponteareas_1-scaled.jpg\",\"width\":2560,\"height\":1707},{\"@type\":\"BreadcrumbList\",\"@id\":\"https:\\\/\\\/ppdegalicia.com\\\/es\\\/dolors-montserrat-pone-a-galicia-como-ejemplo-del-proyecto-del-pp-para-europa-cuando-se-gobierna-desde-la-sensatez-el-rigor-la-centralidad-y-la-responsabilidad-los-ciudadanos-ganan\\\/#breadcrumb\",\"itemListElement\":[{\"@type\":\"ListItem\",\"position\":1,\"name\":\"Portada\",\"item\":\"https:\\\/\\\/ppdegalicia.com\\\/es\\\/\"},{\"@type\":\"ListItem\",\"position\":2,\"name\":\"Dolors Montserrat pone a Galicia como ejemplo del proyecto del PP para Europa: \u201cCuando se gobierna desde la sensatez, el rigor, la centralidad y la responsabilidad, los ciudadanos ganan\u201d\"}]},{\"@type\":\"WebSite\",\"@id\":\"https:\\\/\\\/ppdegalicia.com\\\/es\\\/#website\",\"url\":\"https:\\\/\\\/ppdegalicia.com\\\/es\\\/\",\"name\":\"Partido Popular de Galicia\",\"description\":\"Partido Popular de Galicia\",\"publisher\":{\"@id\":\"https:\\\/\\\/ppdegalicia.com\\\/es\\\/#organization\"},\"alternateName\":\"PP de Galicia\",\"potentialAction\":[{\"@type\":\"SearchAction\",\"target\":{\"@type\":\"EntryPoint\",\"urlTemplate\":\"https:\\\/\\\/ppdegalicia.com\\\/es\\\/?s={search_term_string}\"},\"query-input\":{\"@type\":\"PropertyValueSpecification\",\"valueRequired\":true,\"valueName\":\"search_term_string\"}}],\"inLanguage\":\"es\"},{\"@type\":\"Organization\",\"@id\":\"https:\\\/\\\/ppdegalicia.com\\\/es\\\/#organization\",\"name\":\"Partido Popular de Galicia\",\"alternateName\":\"PP de Galicia\",\"url\":\"https:\\\/\\\/ppdegalicia.com\\\/es\\\/\",\"logo\":{\"@type\":\"ImageObject\",\"inLanguage\":\"es\",\"@id\":\"https:\\\/\\\/ppdegalicia.com\\\/es\\\/#\\\/schema\\\/logo\\\/image\\\/\",\"url\":\"https:\\\/\\\/ppdegalicia.com\\\/wp-content\\\/uploads\\\/2023\\\/04\\\/logoPP512.png\",\"contentUrl\":\"https:\\\/\\\/ppdegalicia.com\\\/wp-content\\\/uploads\\\/2023\\\/04\\\/logoPP512.png\",\"width\":512,\"height\":512,\"caption\":\"Partido Popular de Galicia\"},\"image\":{\"@id\":\"https:\\\/\\\/ppdegalicia.com\\\/es\\\/#\\\/schema\\\/logo\\\/image\\\/\"},\"sameAs\":[\"https:\\\/\\\/www.instagram.com\\\/ppdegalicia\\\/\",\"https:\\\/\\\/x.com\\\/ppdegalicia\",\"https:\\\/\\\/www.tiktok.com\\\/@ppdegalicia\",\"https:\\\/\\\/www.youtube.com\\\/user\\\/ppdegalicia\"]},{\"@type\":\"Person\",\"@id\":\"https:\\\/\\\/ppdegalicia.com\\\/es\\\/#\\\/schema\\\/person\\\/bc9b46e59ebd34bf28611158c3867388\",\"name\":\"ppdegaliciaedtis\",\"image\":{\"@type\":\"ImageObject\",\"inLanguage\":\"es\",\"@id\":\"https:\\\/\\\/secure.gravatar.com\\\/avatar\\\/f9f8cf6e03df54a1b0d04a6b4b8e8c6bd63c10a439752e84d87a5385aefe2ced?s=96&d=mm&r=g\",\"url\":\"https:\\\/\\\/secure.gravatar.com\\\/avatar\\\/f9f8cf6e03df54a1b0d04a6b4b8e8c6bd63c10a439752e84d87a5385aefe2ced?s=96&d=mm&r=g\",\"contentUrl\":\"https:\\\/\\\/secure.gravatar.com\\\/avatar\\\/f9f8cf6e03df54a1b0d04a6b4b8e8c6bd63c10a439752e84d87a5385aefe2ced?s=96&d=mm&r=g\",\"caption\":\"ppdegaliciaedtis\"},\"url\":\"https:\\\/\\\/ppdegalicia.com\\\/es\\\/author\\\/ppdegaliciaedits\\\/\"}]}<\/script>\n<!-- \/ Yoast SEO plugin. -->","yoast_head_json":{"title":"Dolors Montserrat pone a Galicia como ejemplo del proyecto del PP para Europa: \u201cCuando se gobierna desde la sensatez, el rigor, la centralidad y la responsabilidad, los ciudadanos ganan\u201d - PP de Galicia","description":"La cabeza de lista del Partido Popular al Parlamento Europeo, Dolors Montserrat, se comprometi\u00f3 hoy a defender a Galicia en Europa poniendo el valor el modelo que encabeza el presidente Alfonso Rueda:\u00a0\u201cFrente al ruido, la crispaci\u00f3n y la irresponsabilidad del Gobierno de S\u00e1nchez, los gallegos tienen la suerte de tener un presidente como Rueda, que no gobierna desde el sectarismo y lo hace desde la moderaci\u00f3n\u201d.","robots":{"index":"index","follow":"follow","max-snippet":"max-snippet:-1","max-image-preview":"max-image-preview:large","max-video-preview":"max-video-preview:-1"},"canonical":"https:\/\/ppdegalicia.com\/es\/dolors-montserrat-pone-a-galicia-como-ejemplo-del-proyecto-del-pp-para-europa-cuando-se-gobierna-desde-la-sensatez-el-rigor-la-centralidad-y-la-responsabilidad-los-ciudadanos-ganan\/","og_locale":"es_ES","og_type":"article","og_title":"Dolors Montserrat pone a Galicia como ejemplo del proyecto del PP para Europa: \u201cCuando se gobierna desde la sensatez, el rigor, la centralidad y la responsabilidad, los ciudadanos ganan\u201d - PP de Galicia","og_description":"La cabeza de lista del Partido Popular al Parlamento Europeo, Dolors Montserrat, se comprometi\u00f3 hoy a defender a Galicia en Europa poniendo el valor el modelo que encabeza el presidente Alfonso Rueda:\u00a0\u201cFrente al ruido, la crispaci\u00f3n y la irresponsabilidad del Gobierno de S\u00e1nchez, los gallegos tienen la suerte de tener un presidente como Rueda, que no gobierna desde el sectarismo y lo hace desde la moderaci\u00f3n\u201d.","og_url":"https:\/\/ppdegalicia.com\/es\/dolors-montserrat-pone-a-galicia-como-ejemplo-del-proyecto-del-pp-para-europa-cuando-se-gobierna-desde-la-sensatez-el-rigor-la-centralidad-y-la-responsabilidad-los-ciudadanos-ganan\/","og_site_name":"PP de Galicia","article_publisher":"https:\/\/www.instagram.com\/ppdegalicia\/","article_published_time":"2024-05-30T11:25:35+00:00","article_modified_time":"2024-06-10T11:32:52+00:00","og_image":[{"width":2560,"height":1707,"url":"https:\/\/ppdegalicia.com\/wp-content\/uploads\/2024\/06\/20240530_Comida-mitin_Ponteareas_1-scaled.jpg","type":"image\/jpeg"}],"author":"ppdegaliciaedtis","twitter_card":"summary_large_image","twitter_creator":"@ppdegalicia","twitter_site":"@ppdegalicia","twitter_misc":{"Escrito por":"ppdegaliciaedtis","Tiempo de lectura":"5 minutos"},"schema":{"@context":"https:\/\/schema.org","@graph":[{"@type":"Article","@id":"https:\/\/ppdegalicia.com\/es\/dolors-montserrat-pone-a-galicia-como-ejemplo-del-proyecto-del-pp-para-europa-cuando-se-gobierna-desde-la-sensatez-el-rigor-la-centralidad-y-la-responsabilidad-los-ciudadanos-ganan\/#article","isPartOf":{"@id":"https:\/\/ppdegalicia.com\/es\/dolors-montserrat-pone-a-galicia-como-ejemplo-del-proyecto-del-pp-para-europa-cuando-se-gobierna-desde-la-sensatez-el-rigor-la-centralidad-y-la-responsabilidad-los-ciudadanos-ganan\/"},"author":{"name":"ppdegaliciaedtis","@id":"https:\/\/ppdegalicia.com\/es\/#\/schema\/person\/bc9b46e59ebd34bf28611158c3867388"},"headline":"Dolors Montserrat pone a Galicia como ejemplo del proyecto del PP para Europa: \u201cCuando se gobierna desde la sensatez, el rigor, la centralidad y la responsabilidad, los ciudadanos ganan\u201d","datePublished":"2024-05-30T11:25:35+00:00","dateModified":"2024-06-10T11:32:52+00:00","mainEntityOfPage":{"@id":"https:\/\/ppdegalicia.com\/es\/dolors-montserrat-pone-a-galicia-como-ejemplo-del-proyecto-del-pp-para-europa-cuando-se-gobierna-desde-la-sensatez-el-rigor-la-centralidad-y-la-responsabilidad-los-ciudadanos-ganan\/"},"wordCount":846,"commentCount":0,"publisher":{"@id":"https:\/\/ppdegalicia.com\/es\/#organization"},"image":{"@id":"https:\/\/ppdegalicia.com\/es\/dolors-montserrat-pone-a-galicia-como-ejemplo-del-proyecto-del-pp-para-europa-cuando-se-gobierna-desde-la-sensatez-el-rigor-la-centralidad-y-la-responsabilidad-los-ciudadanos-ganan\/#primaryimage"},"thumbnailUrl":"https:\/\/ppdegalicia.com\/wp-content\/uploads\/2024\/06\/20240530_Comida-mitin_Ponteareas_1-scaled.jpg","articleSection":["PP de Galicia"],"inLanguage":"es","potentialAction":[{"@type":"CommentAction","name":"Comment","target":["https:\/\/ppdegalicia.com\/es\/dolors-montserrat-pone-a-galicia-como-ejemplo-del-proyecto-del-pp-para-europa-cuando-se-gobierna-desde-la-sensatez-el-rigor-la-centralidad-y-la-responsabilidad-los-ciudadanos-ganan\/#respond"]}]},{"@type":"WebPage","@id":"https:\/\/ppdegalicia.com\/es\/dolors-montserrat-pone-a-galicia-como-ejemplo-del-proyecto-del-pp-para-europa-cuando-se-gobierna-desde-la-sensatez-el-rigor-la-centralidad-y-la-responsabilidad-los-ciudadanos-ganan\/","url":"https:\/\/ppdegalicia.com\/es\/dolors-montserrat-pone-a-galicia-como-ejemplo-del-proyecto-del-pp-para-europa-cuando-se-gobierna-desde-la-sensatez-el-rigor-la-centralidad-y-la-responsabilidad-los-ciudadanos-ganan\/","name":"Dolors Montserrat pone a Galicia como ejemplo del proyecto del PP para Europa: \u201cCuando se gobierna desde la sensatez, el rigor, la centralidad y la responsabilidad, los ciudadanos ganan\u201d - PP de Galicia","isPartOf":{"@id":"https:\/\/ppdegalicia.com\/es\/#website"},"primaryImageOfPage":{"@id":"https:\/\/ppdegalicia.com\/es\/dolors-montserrat-pone-a-galicia-como-ejemplo-del-proyecto-del-pp-para-europa-cuando-se-gobierna-desde-la-sensatez-el-rigor-la-centralidad-y-la-responsabilidad-los-ciudadanos-ganan\/#primaryimage"},"image":{"@id":"https:\/\/ppdegalicia.com\/es\/dolors-montserrat-pone-a-galicia-como-ejemplo-del-proyecto-del-pp-para-europa-cuando-se-gobierna-desde-la-sensatez-el-rigor-la-centralidad-y-la-responsabilidad-los-ciudadanos-ganan\/#primaryimage"},"thumbnailUrl":"https:\/\/ppdegalicia.com\/wp-content\/uploads\/2024\/06\/20240530_Comida-mitin_Ponteareas_1-scaled.jpg","datePublished":"2024-05-30T11:25:35+00:00","dateModified":"2024-06-10T11:32:52+00:00","description":"La cabeza de lista del Partido Popular al Parlamento Europeo, Dolors Montserrat, se comprometi\u00f3 hoy a defender a Galicia en Europa poniendo el valor el modelo que encabeza el presidente Alfonso Rueda:\u00a0\u201cFrente al ruido, la crispaci\u00f3n y la irresponsabilidad del Gobierno de S\u00e1nchez, los gallegos tienen la suerte de tener un presidente como Rueda, que no gobierna desde el sectarismo y lo hace desde la moderaci\u00f3n\u201d.","breadcrumb":{"@id":"https:\/\/ppdegalicia.com\/es\/dolors-montserrat-pone-a-galicia-como-ejemplo-del-proyecto-del-pp-para-europa-cuando-se-gobierna-desde-la-sensatez-el-rigor-la-centralidad-y-la-responsabilidad-los-ciudadanos-ganan\/#breadcrumb"},"inLanguage":"es","potentialAction":[{"@type":"ReadAction","target":["https:\/\/ppdegalicia.com\/es\/dolors-montserrat-pone-a-galicia-como-ejemplo-del-proyecto-del-pp-para-europa-cuando-se-gobierna-desde-la-sensatez-el-rigor-la-centralidad-y-la-responsabilidad-los-ciudadanos-ganan\/"]}]},{"@type":"ImageObject","inLanguage":"es","@id":"https:\/\/ppdegalicia.com\/es\/dolors-montserrat-pone-a-galicia-como-ejemplo-del-proyecto-del-pp-para-europa-cuando-se-gobierna-desde-la-sensatez-el-rigor-la-centralidad-y-la-responsabilidad-los-ciudadanos-ganan\/#primaryimage","url":"https:\/\/ppdegalicia.com\/wp-content\/uploads\/2024\/06\/20240530_Comida-mitin_Ponteareas_1-scaled.jpg","contentUrl":"https:\/\/ppdegalicia.com\/wp-content\/uploads\/2024\/06\/20240530_Comida-mitin_Ponteareas_1-scaled.jpg","width":2560,"height":1707},{"@type":"BreadcrumbList","@id":"https:\/\/ppdegalicia.com\/es\/dolors-montserrat-pone-a-galicia-como-ejemplo-del-proyecto-del-pp-para-europa-cuando-se-gobierna-desde-la-sensatez-el-rigor-la-centralidad-y-la-responsabilidad-los-ciudadanos-ganan\/#breadcrumb","itemListElement":[{"@type":"ListItem","position":1,"name":"Portada","item":"https:\/\/ppdegalicia.com\/es\/"},{"@type":"ListItem","position":2,"name":"Dolors Montserrat pone a Galicia como ejemplo del proyecto del PP para Europa: \u201cCuando se gobierna desde la sensatez, el rigor, la centralidad y la responsabilidad, los ciudadanos ganan\u201d"}]},{"@type":"WebSite","@id":"https:\/\/ppdegalicia.com\/es\/#website","url":"https:\/\/ppdegalicia.com\/es\/","name":"Partido Popular de Galicia","description":"Partido Popular de Galicia","publisher":{"@id":"https:\/\/ppdegalicia.com\/es\/#organization"},"alternateName":"PP de Galicia","potentialAction":[{"@type":"SearchAction","target":{"@type":"EntryPoint","urlTemplate":"https:\/\/ppdegalicia.com\/es\/?s={search_term_string}"},"query-input":{"@type":"PropertyValueSpecification","valueRequired":true,"valueName":"search_term_string"}}],"inLanguage":"es"},{"@type":"Organization","@id":"https:\/\/ppdegalicia.com\/es\/#organization","name":"Partido Popular de Galicia","alternateName":"PP de Galicia","url":"https:\/\/ppdegalicia.com\/es\/","logo":{"@type":"ImageObject","inLanguage":"es","@id":"https:\/\/ppdegalicia.com\/es\/#\/schema\/logo\/image\/","url":"https:\/\/ppdegalicia.com\/wp-content\/uploads\/2023\/04\/logoPP512.png","contentUrl":"https:\/\/ppdegalicia.com\/wp-content\/uploads\/2023\/04\/logoPP512.png","width":512,"height":512,"caption":"Partido Popular de Galicia"},"image":{"@id":"https:\/\/ppdegalicia.com\/es\/#\/schema\/logo\/image\/"},"sameAs":["https:\/\/www.instagram.com\/ppdegalicia\/","https:\/\/x.com\/ppdegalicia","https:\/\/www.tiktok.com\/@ppdegalicia","https:\/\/www.youtube.com\/user\/ppdegalicia"]},{"@type":"Person","@id":"https:\/\/ppdegalicia.com\/es\/#\/schema\/person\/bc9b46e59ebd34bf28611158c3867388","name":"ppdegaliciaedtis","image":{"@type":"ImageObject","inLanguage":"es","@id":"https:\/\/secure.gravatar.com\/avatar\/f9f8cf6e03df54a1b0d04a6b4b8e8c6bd63c10a439752e84d87a5385aefe2ced?s=96&d=mm&r=g","url":"https:\/\/secure.gravatar.com\/avatar\/f9f8cf6e03df54a1b0d04a6b4b8e8c6bd63c10a439752e84d87a5385aefe2ced?s=96&d=mm&r=g","contentUrl":"https:\/\/secure.gravatar.com\/avatar\/f9f8cf6e03df54a1b0d04a6b4b8e8c6bd63c10a439752e84d87a5385aefe2ced?s=96&d=mm&r=g","caption":"ppdegaliciaedtis"},"url":"https:\/\/ppdegalicia.com\/es\/author\/ppdegaliciaedits\/"}]}},"_links":{"self":[{"href":"https:\/\/ppdegalicia.com\/es\/wp-json\/wp\/v2\/posts\/63016","targetHints":{"allow":["GET"]}}],"collection":[{"href":"https:\/\/ppdegalicia.com\/es\/wp-json\/wp\/v2\/posts"}],"about":[{"href":"https:\/\/ppdegalicia.com\/es\/wp-json\/wp\/v2\/types\/post"}],"author":[{"embeddable":true,"href":"https:\/\/ppdegalicia.com\/es\/wp-json\/wp\/v2\/users\/40"}],"replies":[{"embeddable":true,"href":"https:\/\/ppdegalicia.com\/es\/wp-json\/wp\/v2\/comments?post=63016"}],"version-history":[{"count":1,"href":"https:\/\/ppdegalicia.com\/es\/wp-json\/wp\/v2\/posts\/63016\/revisions"}],"predecessor-version":[{"id":63019,"href":"https:\/\/ppdegalicia.com\/es\/wp-json\/wp\/v2\/posts\/63016\/revisions\/63019"}],"wp:featuredmedia":[{"embeddable":true,"href":"https:\/\/ppdegalicia.com\/es\/wp-json\/wp\/v2\/media\/63017"}],"wp:attachment":[{"href":"https:\/\/ppdegalicia.com\/es\/wp-json\/wp\/v2\/media?parent=63016"}],"wp:term":[{"taxonomy":"category","embeddable":true,"href":"https:\/\/ppdegalicia.com\/es\/wp-json\/wp\/v2\/categories?post=63016"},{"taxonomy":"post_tag","embeddable":true,"href":"https:\/\/ppdegalicia.com\/es\/wp-json\/wp\/v2\/tags?post=63016"}],"curies":[{"name":"wp","href":"https:\/\/api.w.org\/{rel}","templated":true}]}}