{"id":63032,"date":"2024-06-03T12:55:59","date_gmt":"2024-06-03T11:55:59","guid":{"rendered":"https:\/\/ppdegalicia.com\/?p=63032"},"modified":"2024-06-10T12:58:24","modified_gmt":"2024-06-10T11:58:24","slug":"o-ppdeg-reclama-un-trato-xusto-para-o-rural-galego-e-erixese-como-a-unica-alternativa-para-defender-os-intereses-do-sector-agrogandeiro-en-bruxelas","status":"publish","type":"post","link":"https:\/\/ppdegalicia.com\/es\/o-ppdeg-reclama-un-trato-xusto-para-o-rural-galego-e-erixese-como-a-unica-alternativa-para-defender-os-intereses-do-sector-agrogandeiro-en-bruxelas\/","title":{"rendered":"O PPdeG reclama un trato xusto para o rural galego e er\u00edxese como a \u00fanica alternativa para defender os intereses do sector agrogandeiro en Bruxelas"},"content":{"rendered":"<p style=\"font-weight: 400;\">O Partido Popular de Galicia erixiuse hoxe como a \u00fanica alternativa para defender os intereses do rural galego en Europa e reclamou un trato xusto e realista para os nosos gandeiros e agricultores: \u201cNon queremos m\u00e1is que ningu\u00e9n, sen\u00f3n que se te\u00f1a en conta a nosa realidade\u201d.<\/p>\n<p style=\"font-weight: 400;\">A secretaria xeral do partido, Paula Prado, lamentou neste sentido que se estea a situar aos gandeiros e agricultores \u201ccomo culpables de todo\u201d cando en realidade eles son os que levan alimento a fogares de todo o mundo e \u201cos \u00fanicos que non respectan o medio ambiente son o PSOE e o BNG co seu ecoloxismo radical\u201d.<\/p>\n<p style=\"font-weight: 400;\">\u201cMentres outros po\u00f1en atrancos e problemas aos nosos gandeiros e agricultores, n\u00f3s ofrecemos soluci\u00f3ns porque temos moi presente a realidade do territorio galego\u201d, asegurou po\u00f1endo en valor que en Galicia se orde\u00f1an 4 de cada 10 litros de toda Espa\u00f1a e que a nosa Comunidade \u00e9 a d\u00e9cima zona de Europa con maior produci\u00f3n de leite.<\/p>\n<p style=\"font-weight: 400;\">Na s\u00faa visita \u00e1s instalaci\u00f3ns da cooperativa l\u00e1ctea CLUN no concello de Ames xunto ao candidato Adri\u00e1n V\u00e1zquez, a responsable de Medio Rural do Goberno galego, Mar\u00eda Jos\u00e9 G\u00f3mez, e o coordinador de Medio Rural do PPdeG, Avelino Souto, a n\u00famero dous dos populares galegos avogou por \u201cunha Europa que se pareza m\u00e1is a Galicia: moderada, sen extremismos, cumpridora, sen mentiras, igualitaria e sen discriminaci\u00f3ns\u201d.<\/p>\n<p style=\"font-weight: 400;\">\u201cEsta fin de semana fomos o coraz\u00f3n de Europa e o pr\u00f3ximo domingo agardamos ser o coraz\u00f3n da vitoria do Partido Popular\u201d, conclu\u00edu refer\u00edndose \u00e1 presenza en Galicia da presidenta da Comisi\u00f3n Europea, Ursula von der Leyen, o pasado s\u00e1bado.<\/p>\n<p style=\"font-weight: 400;\"><strong><u>ADRI\u00c1N V\u00c1ZQUEZ: \u201cEUROPA TEN TODO QUE DICIR SOBRE O RURAL\u201d<\/u><\/strong><\/p>\n<p style=\"font-weight: 400;\">Na mesma li\u00f1a, o candidato Adri\u00e1n V\u00e1zquez mostrou o seu interese por co\u00f1ecer de primeira man a realidade do sector de produtores l\u00e1cteos galegos e as s\u00faas demandas. Especialmente nun momento de crise no que, como explicou, \u201ca comercializaci\u00f3n, a produci\u00f3n e os prezos seguen sen estabilizarse\u201d.<\/p>\n<p style=\"font-weight: 400;\">\u201cEuropa non \u00e9 s\u00f3 que te\u00f1a moito que dicir, sen\u00f3n que ten todo que dicir para axudar a un sector tan importante para Galicia\u201d, engadiu ao tempo que lamentaba os ataques por parte dun Goberno de Espa\u00f1a que non escoita as s\u00faas demandas.<\/p>\n<p style=\"font-weight: 400;\">Contrapuxo as\u00ed a actitude dun Partido Popular que si lle da a importancia que se merece ao rural e traballa por ofrecerlle soluci\u00f3ns a todos os niveis fronte ao PSOE: \u201cN\u00f3s queremos mellorar a vida do sector e vimos directamente a escoitalos e a falar con eles. Mentres, Teresa Ribera seguro que est\u00e1 acariciando alg\u00fan lobo\u201d.<\/p>\n","protected":false},"excerpt":{"rendered":"<p>O Partido Popular de Galicia erixiuse hoxe como a \u00fanica alternativa para defender os intereses do rural galego en Europa e reclamou un trato xusto e realista para os nosos gandeiros e agricultores: \u201cNon queremos m\u00e1is que ningu\u00e9n, sen\u00f3n que se te\u00f1a en conta a nosa realidade\u201d. A secretaria xeral do partido, Paula Prado, lamentou [&hellip;]<\/p>\n","protected":false},"author":40,"featured_media":63033,"comment_status":"open","ping_status":"open","sticky":false,"template":"","format":"standard","meta":{"_acf_changed":false,"footnotes":""},"categories":[1],"tags":[],"class_list":["post-63032","post","type-post","status-publish","format-standard","has-post-thumbnail","hentry","category-pp-de-galicia"],"acf":[],"yoast_head":"<!-- This site is optimized with the Yoast SEO plugin v27.3 - https:\/\/yoast.com\/product\/yoast-seo-wordpress\/ -->\n<title>O PPdeG reclama un trato xusto para o rural galego e er\u00edxese como a \u00fanica alternativa para defender os intereses do sector agrogandeiro en Bruxelas - PP de Galicia<\/title>\n<meta name=\"description\" content=\"O Partido Popular de Galicia erixiuse hoxe como a \u00fanica alternativa para defender os intereses do rural galego en Europa e reclamou un trato xusto e realista para os nosos gandeiros e agricultores: \u201cNon queremos m\u00e1is que ningu\u00e9n, sen\u00f3n que se te\u00f1a en conta a nosa realidade\u201d.\" \/>\n<meta name=\"robots\" content=\"index, follow, max-snippet:-1, max-image-preview:large, max-video-preview:-1\" \/>\n<link rel=\"canonical\" href=\"https:\/\/ppdegalicia.com\/es\/o-ppdeg-reclama-un-trato-xusto-para-o-rural-galego-e-erixese-como-a-unica-alternativa-para-defender-os-intereses-do-sector-agrogandeiro-en-bruxelas\/\" \/>\n<meta property=\"og:locale\" content=\"es_ES\" \/>\n<meta property=\"og:type\" content=\"article\" \/>\n<meta property=\"og:title\" content=\"O PPdeG reclama un trato xusto para o rural galego e er\u00edxese como a \u00fanica alternativa para defender os intereses do sector agrogandeiro en Bruxelas - PP de Galicia\" \/>\n<meta property=\"og:description\" content=\"O Partido Popular de Galicia erixiuse hoxe como a \u00fanica alternativa para defender os intereses do rural galego en Europa e reclamou un trato xusto e realista para os nosos gandeiros e agricultores: \u201cNon queremos m\u00e1is que ningu\u00e9n, sen\u00f3n que se te\u00f1a en conta a nosa realidade\u201d.\" \/>\n<meta property=\"og:url\" content=\"https:\/\/ppdegalicia.com\/es\/o-ppdeg-reclama-un-trato-xusto-para-o-rural-galego-e-erixese-como-a-unica-alternativa-para-defender-os-intereses-do-sector-agrogandeiro-en-bruxelas\/\" \/>\n<meta property=\"og:site_name\" content=\"PP de Galicia\" \/>\n<meta property=\"article:publisher\" content=\"https:\/\/www.instagram.com\/ppdegalicia\/\" \/>\n<meta property=\"article:published_time\" content=\"2024-06-03T11:55:59+00:00\" \/>\n<meta property=\"article:modified_time\" content=\"2024-06-10T11:58:24+00:00\" \/>\n<meta property=\"og:image\" content=\"https:\/\/ppdegalicia.com\/wp-content\/uploads\/2024\/06\/20240603_visita_CLUN_1-scaled.jpg\" \/>\n\t<meta property=\"og:image:width\" content=\"2560\" \/>\n\t<meta property=\"og:image:height\" content=\"1707\" \/>\n\t<meta property=\"og:image:type\" content=\"image\/jpeg\" \/>\n<meta name=\"author\" content=\"ppdegaliciaedtis\" \/>\n<meta name=\"twitter:card\" content=\"summary_large_image\" \/>\n<meta name=\"twitter:creator\" content=\"@ppdegalicia\" \/>\n<meta name=\"twitter:site\" content=\"@ppdegalicia\" \/>\n<meta name=\"twitter:label1\" content=\"Escrito por\" \/>\n\t<meta name=\"twitter:data1\" content=\"ppdegaliciaedtis\" \/>\n\t<meta name=\"twitter:label2\" content=\"Tiempo de lectura\" \/>\n\t<meta name=\"twitter:data2\" content=\"3 minutos\" \/>\n<script type=\"application\/ld+json\" class=\"yoast-schema-graph\">{\"@context\":\"https:\\\/\\\/schema.org\",\"@graph\":[{\"@type\":\"Article\",\"@id\":\"https:\\\/\\\/ppdegalicia.com\\\/es\\\/o-ppdeg-reclama-un-trato-xusto-para-o-rural-galego-e-erixese-como-a-unica-alternativa-para-defender-os-intereses-do-sector-agrogandeiro-en-bruxelas\\\/#article\",\"isPartOf\":{\"@id\":\"https:\\\/\\\/ppdegalicia.com\\\/es\\\/o-ppdeg-reclama-un-trato-xusto-para-o-rural-galego-e-erixese-como-a-unica-alternativa-para-defender-os-intereses-do-sector-agrogandeiro-en-bruxelas\\\/\"},\"author\":{\"name\":\"ppdegaliciaedtis\",\"@id\":\"https:\\\/\\\/ppdegalicia.com\\\/es\\\/#\\\/schema\\\/person\\\/bc9b46e59ebd34bf28611158c3867388\"},\"headline\":\"O PPdeG reclama un trato xusto para o rural galego e er\u00edxese como a \u00fanica alternativa para defender os intereses do sector agrogandeiro en Bruxelas\",\"datePublished\":\"2024-06-03T11:55:59+00:00\",\"dateModified\":\"2024-06-10T11:58:24+00:00\",\"mainEntityOfPage\":{\"@id\":\"https:\\\/\\\/ppdegalicia.com\\\/es\\\/o-ppdeg-reclama-un-trato-xusto-para-o-rural-galego-e-erixese-como-a-unica-alternativa-para-defender-os-intereses-do-sector-agrogandeiro-en-bruxelas\\\/\"},\"wordCount\":488,\"commentCount\":0,\"publisher\":{\"@id\":\"https:\\\/\\\/ppdegalicia.com\\\/es\\\/#organization\"},\"image\":{\"@id\":\"https:\\\/\\\/ppdegalicia.com\\\/es\\\/o-ppdeg-reclama-un-trato-xusto-para-o-rural-galego-e-erixese-como-a-unica-alternativa-para-defender-os-intereses-do-sector-agrogandeiro-en-bruxelas\\\/#primaryimage\"},\"thumbnailUrl\":\"https:\\\/\\\/ppdegalicia.com\\\/wp-content\\\/uploads\\\/2024\\\/06\\\/20240603_visita_CLUN_1-scaled.jpg\",\"articleSection\":[\"PP de Galicia\"],\"inLanguage\":\"es\",\"potentialAction\":[{\"@type\":\"CommentAction\",\"name\":\"Comment\",\"target\":[\"https:\\\/\\\/ppdegalicia.com\\\/es\\\/o-ppdeg-reclama-un-trato-xusto-para-o-rural-galego-e-erixese-como-a-unica-alternativa-para-defender-os-intereses-do-sector-agrogandeiro-en-bruxelas\\\/#respond\"]}]},{\"@type\":\"WebPage\",\"@id\":\"https:\\\/\\\/ppdegalicia.com\\\/es\\\/o-ppdeg-reclama-un-trato-xusto-para-o-rural-galego-e-erixese-como-a-unica-alternativa-para-defender-os-intereses-do-sector-agrogandeiro-en-bruxelas\\\/\",\"url\":\"https:\\\/\\\/ppdegalicia.com\\\/es\\\/o-ppdeg-reclama-un-trato-xusto-para-o-rural-galego-e-erixese-como-a-unica-alternativa-para-defender-os-intereses-do-sector-agrogandeiro-en-bruxelas\\\/\",\"name\":\"O PPdeG reclama un trato xusto para o rural galego e er\u00edxese como a \u00fanica alternativa para defender os intereses do sector agrogandeiro en Bruxelas - PP de Galicia\",\"isPartOf\":{\"@id\":\"https:\\\/\\\/ppdegalicia.com\\\/es\\\/#website\"},\"primaryImageOfPage\":{\"@id\":\"https:\\\/\\\/ppdegalicia.com\\\/es\\\/o-ppdeg-reclama-un-trato-xusto-para-o-rural-galego-e-erixese-como-a-unica-alternativa-para-defender-os-intereses-do-sector-agrogandeiro-en-bruxelas\\\/#primaryimage\"},\"image\":{\"@id\":\"https:\\\/\\\/ppdegalicia.com\\\/es\\\/o-ppdeg-reclama-un-trato-xusto-para-o-rural-galego-e-erixese-como-a-unica-alternativa-para-defender-os-intereses-do-sector-agrogandeiro-en-bruxelas\\\/#primaryimage\"},\"thumbnailUrl\":\"https:\\\/\\\/ppdegalicia.com\\\/wp-content\\\/uploads\\\/2024\\\/06\\\/20240603_visita_CLUN_1-scaled.jpg\",\"datePublished\":\"2024-06-03T11:55:59+00:00\",\"dateModified\":\"2024-06-10T11:58:24+00:00\",\"description\":\"O Partido Popular de Galicia erixiuse hoxe como a \u00fanica alternativa para defender os intereses do rural galego en Europa e reclamou un trato xusto e realista para os nosos gandeiros e agricultores: \u201cNon queremos m\u00e1is que ningu\u00e9n, sen\u00f3n que se te\u00f1a en conta a nosa realidade\u201d.\",\"breadcrumb\":{\"@id\":\"https:\\\/\\\/ppdegalicia.com\\\/es\\\/o-ppdeg-reclama-un-trato-xusto-para-o-rural-galego-e-erixese-como-a-unica-alternativa-para-defender-os-intereses-do-sector-agrogandeiro-en-bruxelas\\\/#breadcrumb\"},\"inLanguage\":\"es\",\"potentialAction\":[{\"@type\":\"ReadAction\",\"target\":[\"https:\\\/\\\/ppdegalicia.com\\\/es\\\/o-ppdeg-reclama-un-trato-xusto-para-o-rural-galego-e-erixese-como-a-unica-alternativa-para-defender-os-intereses-do-sector-agrogandeiro-en-bruxelas\\\/\"]}]},{\"@type\":\"ImageObject\",\"inLanguage\":\"es\",\"@id\":\"https:\\\/\\\/ppdegalicia.com\\\/es\\\/o-ppdeg-reclama-un-trato-xusto-para-o-rural-galego-e-erixese-como-a-unica-alternativa-para-defender-os-intereses-do-sector-agrogandeiro-en-bruxelas\\\/#primaryimage\",\"url\":\"https:\\\/\\\/ppdegalicia.com\\\/wp-content\\\/uploads\\\/2024\\\/06\\\/20240603_visita_CLUN_1-scaled.jpg\",\"contentUrl\":\"https:\\\/\\\/ppdegalicia.com\\\/wp-content\\\/uploads\\\/2024\\\/06\\\/20240603_visita_CLUN_1-scaled.jpg\",\"width\":2560,\"height\":1707},{\"@type\":\"BreadcrumbList\",\"@id\":\"https:\\\/\\\/ppdegalicia.com\\\/es\\\/o-ppdeg-reclama-un-trato-xusto-para-o-rural-galego-e-erixese-como-a-unica-alternativa-para-defender-os-intereses-do-sector-agrogandeiro-en-bruxelas\\\/#breadcrumb\",\"itemListElement\":[{\"@type\":\"ListItem\",\"position\":1,\"name\":\"Portada\",\"item\":\"https:\\\/\\\/ppdegalicia.com\\\/es\\\/\"},{\"@type\":\"ListItem\",\"position\":2,\"name\":\"O PPdeG reclama un trato xusto para o rural galego e er\u00edxese como a \u00fanica alternativa para defender os intereses do sector agrogandeiro en Bruxelas\"}]},{\"@type\":\"WebSite\",\"@id\":\"https:\\\/\\\/ppdegalicia.com\\\/es\\\/#website\",\"url\":\"https:\\\/\\\/ppdegalicia.com\\\/es\\\/\",\"name\":\"Partido Popular de Galicia\",\"description\":\"Partido Popular de Galicia\",\"publisher\":{\"@id\":\"https:\\\/\\\/ppdegalicia.com\\\/es\\\/#organization\"},\"alternateName\":\"PP de Galicia\",\"potentialAction\":[{\"@type\":\"SearchAction\",\"target\":{\"@type\":\"EntryPoint\",\"urlTemplate\":\"https:\\\/\\\/ppdegalicia.com\\\/es\\\/?s={search_term_string}\"},\"query-input\":{\"@type\":\"PropertyValueSpecification\",\"valueRequired\":true,\"valueName\":\"search_term_string\"}}],\"inLanguage\":\"es\"},{\"@type\":\"Organization\",\"@id\":\"https:\\\/\\\/ppdegalicia.com\\\/es\\\/#organization\",\"name\":\"Partido Popular de Galicia\",\"alternateName\":\"PP de Galicia\",\"url\":\"https:\\\/\\\/ppdegalicia.com\\\/es\\\/\",\"logo\":{\"@type\":\"ImageObject\",\"inLanguage\":\"es\",\"@id\":\"https:\\\/\\\/ppdegalicia.com\\\/es\\\/#\\\/schema\\\/logo\\\/image\\\/\",\"url\":\"https:\\\/\\\/ppdegalicia.com\\\/wp-content\\\/uploads\\\/2023\\\/04\\\/logoPP512.png\",\"contentUrl\":\"https:\\\/\\\/ppdegalicia.com\\\/wp-content\\\/uploads\\\/2023\\\/04\\\/logoPP512.png\",\"width\":512,\"height\":512,\"caption\":\"Partido Popular de Galicia\"},\"image\":{\"@id\":\"https:\\\/\\\/ppdegalicia.com\\\/es\\\/#\\\/schema\\\/logo\\\/image\\\/\"},\"sameAs\":[\"https:\\\/\\\/www.instagram.com\\\/ppdegalicia\\\/\",\"https:\\\/\\\/x.com\\\/ppdegalicia\",\"https:\\\/\\\/www.tiktok.com\\\/@ppdegalicia\",\"https:\\\/\\\/www.youtube.com\\\/user\\\/ppdegalicia\"]},{\"@type\":\"Person\",\"@id\":\"https:\\\/\\\/ppdegalicia.com\\\/es\\\/#\\\/schema\\\/person\\\/bc9b46e59ebd34bf28611158c3867388\",\"name\":\"ppdegaliciaedtis\",\"image\":{\"@type\":\"ImageObject\",\"inLanguage\":\"es\",\"@id\":\"https:\\\/\\\/secure.gravatar.com\\\/avatar\\\/f9f8cf6e03df54a1b0d04a6b4b8e8c6bd63c10a439752e84d87a5385aefe2ced?s=96&d=mm&r=g\",\"url\":\"https:\\\/\\\/secure.gravatar.com\\\/avatar\\\/f9f8cf6e03df54a1b0d04a6b4b8e8c6bd63c10a439752e84d87a5385aefe2ced?s=96&d=mm&r=g\",\"contentUrl\":\"https:\\\/\\\/secure.gravatar.com\\\/avatar\\\/f9f8cf6e03df54a1b0d04a6b4b8e8c6bd63c10a439752e84d87a5385aefe2ced?s=96&d=mm&r=g\",\"caption\":\"ppdegaliciaedtis\"},\"url\":\"https:\\\/\\\/ppdegalicia.com\\\/es\\\/author\\\/ppdegaliciaedits\\\/\"}]}<\/script>\n<!-- \/ Yoast SEO plugin. -->","yoast_head_json":{"title":"O PPdeG reclama un trato xusto para o rural galego e er\u00edxese como a \u00fanica alternativa para defender os intereses do sector agrogandeiro en Bruxelas - PP de Galicia","description":"O Partido Popular de Galicia erixiuse hoxe como a \u00fanica alternativa para defender os intereses do rural galego en Europa e reclamou un trato xusto e realista para os nosos gandeiros e agricultores: \u201cNon queremos m\u00e1is que ningu\u00e9n, sen\u00f3n que se te\u00f1a en conta a nosa realidade\u201d.","robots":{"index":"index","follow":"follow","max-snippet":"max-snippet:-1","max-image-preview":"max-image-preview:large","max-video-preview":"max-video-preview:-1"},"canonical":"https:\/\/ppdegalicia.com\/es\/o-ppdeg-reclama-un-trato-xusto-para-o-rural-galego-e-erixese-como-a-unica-alternativa-para-defender-os-intereses-do-sector-agrogandeiro-en-bruxelas\/","og_locale":"es_ES","og_type":"article","og_title":"O PPdeG reclama un trato xusto para o rural galego e er\u00edxese como a \u00fanica alternativa para defender os intereses do sector agrogandeiro en Bruxelas - PP de Galicia","og_description":"O Partido Popular de Galicia erixiuse hoxe como a \u00fanica alternativa para defender os intereses do rural galego en Europa e reclamou un trato xusto e realista para os nosos gandeiros e agricultores: \u201cNon queremos m\u00e1is que ningu\u00e9n, sen\u00f3n que se te\u00f1a en conta a nosa realidade\u201d.","og_url":"https:\/\/ppdegalicia.com\/es\/o-ppdeg-reclama-un-trato-xusto-para-o-rural-galego-e-erixese-como-a-unica-alternativa-para-defender-os-intereses-do-sector-agrogandeiro-en-bruxelas\/","og_site_name":"PP de Galicia","article_publisher":"https:\/\/www.instagram.com\/ppdegalicia\/","article_published_time":"2024-06-03T11:55:59+00:00","article_modified_time":"2024-06-10T11:58:24+00:00","og_image":[{"width":2560,"height":1707,"url":"https:\/\/ppdegalicia.com\/wp-content\/uploads\/2024\/06\/20240603_visita_CLUN_1-scaled.jpg","type":"image\/jpeg"}],"author":"ppdegaliciaedtis","twitter_card":"summary_large_image","twitter_creator":"@ppdegalicia","twitter_site":"@ppdegalicia","twitter_misc":{"Escrito por":"ppdegaliciaedtis","Tiempo de lectura":"3 minutos"},"schema":{"@context":"https:\/\/schema.org","@graph":[{"@type":"Article","@id":"https:\/\/ppdegalicia.com\/es\/o-ppdeg-reclama-un-trato-xusto-para-o-rural-galego-e-erixese-como-a-unica-alternativa-para-defender-os-intereses-do-sector-agrogandeiro-en-bruxelas\/#article","isPartOf":{"@id":"https:\/\/ppdegalicia.com\/es\/o-ppdeg-reclama-un-trato-xusto-para-o-rural-galego-e-erixese-como-a-unica-alternativa-para-defender-os-intereses-do-sector-agrogandeiro-en-bruxelas\/"},"author":{"name":"ppdegaliciaedtis","@id":"https:\/\/ppdegalicia.com\/es\/#\/schema\/person\/bc9b46e59ebd34bf28611158c3867388"},"headline":"O PPdeG reclama un trato xusto para o rural galego e er\u00edxese como a \u00fanica alternativa para defender os intereses do sector agrogandeiro en Bruxelas","datePublished":"2024-06-03T11:55:59+00:00","dateModified":"2024-06-10T11:58:24+00:00","mainEntityOfPage":{"@id":"https:\/\/ppdegalicia.com\/es\/o-ppdeg-reclama-un-trato-xusto-para-o-rural-galego-e-erixese-como-a-unica-alternativa-para-defender-os-intereses-do-sector-agrogandeiro-en-bruxelas\/"},"wordCount":488,"commentCount":0,"publisher":{"@id":"https:\/\/ppdegalicia.com\/es\/#organization"},"image":{"@id":"https:\/\/ppdegalicia.com\/es\/o-ppdeg-reclama-un-trato-xusto-para-o-rural-galego-e-erixese-como-a-unica-alternativa-para-defender-os-intereses-do-sector-agrogandeiro-en-bruxelas\/#primaryimage"},"thumbnailUrl":"https:\/\/ppdegalicia.com\/wp-content\/uploads\/2024\/06\/20240603_visita_CLUN_1-scaled.jpg","articleSection":["PP de Galicia"],"inLanguage":"es","potentialAction":[{"@type":"CommentAction","name":"Comment","target":["https:\/\/ppdegalicia.com\/es\/o-ppdeg-reclama-un-trato-xusto-para-o-rural-galego-e-erixese-como-a-unica-alternativa-para-defender-os-intereses-do-sector-agrogandeiro-en-bruxelas\/#respond"]}]},{"@type":"WebPage","@id":"https:\/\/ppdegalicia.com\/es\/o-ppdeg-reclama-un-trato-xusto-para-o-rural-galego-e-erixese-como-a-unica-alternativa-para-defender-os-intereses-do-sector-agrogandeiro-en-bruxelas\/","url":"https:\/\/ppdegalicia.com\/es\/o-ppdeg-reclama-un-trato-xusto-para-o-rural-galego-e-erixese-como-a-unica-alternativa-para-defender-os-intereses-do-sector-agrogandeiro-en-bruxelas\/","name":"O PPdeG reclama un trato xusto para o rural galego e er\u00edxese como a \u00fanica alternativa para defender os intereses do sector agrogandeiro en Bruxelas - PP de Galicia","isPartOf":{"@id":"https:\/\/ppdegalicia.com\/es\/#website"},"primaryImageOfPage":{"@id":"https:\/\/ppdegalicia.com\/es\/o-ppdeg-reclama-un-trato-xusto-para-o-rural-galego-e-erixese-como-a-unica-alternativa-para-defender-os-intereses-do-sector-agrogandeiro-en-bruxelas\/#primaryimage"},"image":{"@id":"https:\/\/ppdegalicia.com\/es\/o-ppdeg-reclama-un-trato-xusto-para-o-rural-galego-e-erixese-como-a-unica-alternativa-para-defender-os-intereses-do-sector-agrogandeiro-en-bruxelas\/#primaryimage"},"thumbnailUrl":"https:\/\/ppdegalicia.com\/wp-content\/uploads\/2024\/06\/20240603_visita_CLUN_1-scaled.jpg","datePublished":"2024-06-03T11:55:59+00:00","dateModified":"2024-06-10T11:58:24+00:00","description":"O Partido Popular de Galicia erixiuse hoxe como a \u00fanica alternativa para defender os intereses do rural galego en Europa e reclamou un trato xusto e realista para os nosos gandeiros e agricultores: \u201cNon queremos m\u00e1is que ningu\u00e9n, sen\u00f3n que se te\u00f1a en conta a nosa realidade\u201d.","breadcrumb":{"@id":"https:\/\/ppdegalicia.com\/es\/o-ppdeg-reclama-un-trato-xusto-para-o-rural-galego-e-erixese-como-a-unica-alternativa-para-defender-os-intereses-do-sector-agrogandeiro-en-bruxelas\/#breadcrumb"},"inLanguage":"es","potentialAction":[{"@type":"ReadAction","target":["https:\/\/ppdegalicia.com\/es\/o-ppdeg-reclama-un-trato-xusto-para-o-rural-galego-e-erixese-como-a-unica-alternativa-para-defender-os-intereses-do-sector-agrogandeiro-en-bruxelas\/"]}]},{"@type":"ImageObject","inLanguage":"es","@id":"https:\/\/ppdegalicia.com\/es\/o-ppdeg-reclama-un-trato-xusto-para-o-rural-galego-e-erixese-como-a-unica-alternativa-para-defender-os-intereses-do-sector-agrogandeiro-en-bruxelas\/#primaryimage","url":"https:\/\/ppdegalicia.com\/wp-content\/uploads\/2024\/06\/20240603_visita_CLUN_1-scaled.jpg","contentUrl":"https:\/\/ppdegalicia.com\/wp-content\/uploads\/2024\/06\/20240603_visita_CLUN_1-scaled.jpg","width":2560,"height":1707},{"@type":"BreadcrumbList","@id":"https:\/\/ppdegalicia.com\/es\/o-ppdeg-reclama-un-trato-xusto-para-o-rural-galego-e-erixese-como-a-unica-alternativa-para-defender-os-intereses-do-sector-agrogandeiro-en-bruxelas\/#breadcrumb","itemListElement":[{"@type":"ListItem","position":1,"name":"Portada","item":"https:\/\/ppdegalicia.com\/es\/"},{"@type":"ListItem","position":2,"name":"O PPdeG reclama un trato xusto para o rural galego e er\u00edxese como a \u00fanica alternativa para defender os intereses do sector agrogandeiro en Bruxelas"}]},{"@type":"WebSite","@id":"https:\/\/ppdegalicia.com\/es\/#website","url":"https:\/\/ppdegalicia.com\/es\/","name":"Partido Popular de Galicia","description":"Partido Popular de Galicia","publisher":{"@id":"https:\/\/ppdegalicia.com\/es\/#organization"},"alternateName":"PP de Galicia","potentialAction":[{"@type":"SearchAction","target":{"@type":"EntryPoint","urlTemplate":"https:\/\/ppdegalicia.com\/es\/?s={search_term_string}"},"query-input":{"@type":"PropertyValueSpecification","valueRequired":true,"valueName":"search_term_string"}}],"inLanguage":"es"},{"@type":"Organization","@id":"https:\/\/ppdegalicia.com\/es\/#organization","name":"Partido Popular de Galicia","alternateName":"PP de Galicia","url":"https:\/\/ppdegalicia.com\/es\/","logo":{"@type":"ImageObject","inLanguage":"es","@id":"https:\/\/ppdegalicia.com\/es\/#\/schema\/logo\/image\/","url":"https:\/\/ppdegalicia.com\/wp-content\/uploads\/2023\/04\/logoPP512.png","contentUrl":"https:\/\/ppdegalicia.com\/wp-content\/uploads\/2023\/04\/logoPP512.png","width":512,"height":512,"caption":"Partido Popular de Galicia"},"image":{"@id":"https:\/\/ppdegalicia.com\/es\/#\/schema\/logo\/image\/"},"sameAs":["https:\/\/www.instagram.com\/ppdegalicia\/","https:\/\/x.com\/ppdegalicia","https:\/\/www.tiktok.com\/@ppdegalicia","https:\/\/www.youtube.com\/user\/ppdegalicia"]},{"@type":"Person","@id":"https:\/\/ppdegalicia.com\/es\/#\/schema\/person\/bc9b46e59ebd34bf28611158c3867388","name":"ppdegaliciaedtis","image":{"@type":"ImageObject","inLanguage":"es","@id":"https:\/\/secure.gravatar.com\/avatar\/f9f8cf6e03df54a1b0d04a6b4b8e8c6bd63c10a439752e84d87a5385aefe2ced?s=96&d=mm&r=g","url":"https:\/\/secure.gravatar.com\/avatar\/f9f8cf6e03df54a1b0d04a6b4b8e8c6bd63c10a439752e84d87a5385aefe2ced?s=96&d=mm&r=g","contentUrl":"https:\/\/secure.gravatar.com\/avatar\/f9f8cf6e03df54a1b0d04a6b4b8e8c6bd63c10a439752e84d87a5385aefe2ced?s=96&d=mm&r=g","caption":"ppdegaliciaedtis"},"url":"https:\/\/ppdegalicia.com\/es\/author\/ppdegaliciaedits\/"}]}},"_links":{"self":[{"href":"https:\/\/ppdegalicia.com\/es\/wp-json\/wp\/v2\/posts\/63032","targetHints":{"allow":["GET"]}}],"collection":[{"href":"https:\/\/ppdegalicia.com\/es\/wp-json\/wp\/v2\/posts"}],"about":[{"href":"https:\/\/ppdegalicia.com\/es\/wp-json\/wp\/v2\/types\/post"}],"author":[{"embeddable":true,"href":"https:\/\/ppdegalicia.com\/es\/wp-json\/wp\/v2\/users\/40"}],"replies":[{"embeddable":true,"href":"https:\/\/ppdegalicia.com\/es\/wp-json\/wp\/v2\/comments?post=63032"}],"version-history":[{"count":1,"href":"https:\/\/ppdegalicia.com\/es\/wp-json\/wp\/v2\/posts\/63032\/revisions"}],"predecessor-version":[{"id":63035,"href":"https:\/\/ppdegalicia.com\/es\/wp-json\/wp\/v2\/posts\/63032\/revisions\/63035"}],"wp:featuredmedia":[{"embeddable":true,"href":"https:\/\/ppdegalicia.com\/es\/wp-json\/wp\/v2\/media\/63033"}],"wp:attachment":[{"href":"https:\/\/ppdegalicia.com\/es\/wp-json\/wp\/v2\/media?parent=63032"}],"wp:term":[{"taxonomy":"category","embeddable":true,"href":"https:\/\/ppdegalicia.com\/es\/wp-json\/wp\/v2\/categories?post=63032"},{"taxonomy":"post_tag","embeddable":true,"href":"https:\/\/ppdegalicia.com\/es\/wp-json\/wp\/v2\/tags?post=63032"}],"curies":[{"name":"wp","href":"https:\/\/api.w.org\/{rel}","templated":true}]}}