{"id":63036,"date":"2024-06-03T12:59:39","date_gmt":"2024-06-03T11:59:39","guid":{"rendered":"https:\/\/ppdegalicia.com\/?p=63036"},"modified":"2024-06-10T13:03:06","modified_gmt":"2024-06-10T12:03:06","slug":"alfonso-rueda-asegura-que-quedar-na-casa-o-9-de-xuno-supon-avalar-un-goberno-central-que-incumpre-con-galicia","status":"publish","type":"post","link":"https:\/\/ppdegalicia.com\/es\/alfonso-rueda-asegura-que-quedar-na-casa-o-9-de-xuno-supon-avalar-un-goberno-central-que-incumpre-con-galicia\/","title":{"rendered":"Alfonso Rueda asegura que quedar na casa o 9 de xu\u00f1o sup\u00f3n avalar un Goberno central que incumpre con Galicia"},"content":{"rendered":"<p style=\"font-weight: 400;\">O presidente do PPdeG, Alfonso Rueda, fixo hoxe un chamamento ao voto nas elecci\u00f3ns europeas do 9 de xu\u00f1o apelando ao moito que hai en xogo e asegurando que quedar na casa ese d\u00eda sup\u00f3n tam\u00e9n avalar un Goberno central que incumpre con Galicia cada d\u00eda.<\/p>\n<p style=\"font-weight: 400;\">Explicou que est\u00e1 en xogo ter unha voz de sentidi\u00f1o en Europa, que defenda os intereses dos galegos en materias como a pesca, o agro ou as infraestruturas. Pero, sobre todo, plantarlle cara ao desgoberno dun Pedro S\u00e1nchez que pretende que a cidadan\u00eda avale nas urnas a s\u00faa pol\u00edtica de incumprimentos.<\/p>\n<p style=\"font-weight: 400;\">Uns incumprimentos que exemplificou en materia industrial, criticando neste sentido que contin\u00faen embalsados miles de mill\u00f3ns de euros de fondos europeos destinados \u00e1 industria galega e que o Goberno central se nega a distribu\u00edr.<\/p>\n<p style=\"font-weight: 400;\">En clave local e aproveitando a s\u00faa presenza na cidade,\u00a0o l\u00edder dos populares galegos afirmou que, co seu voto, os ferrol\u00e1ns poden expresar a s\u00faa resposta ante un Goberno que se esquece de Ferrol e das s\u00faas necesidades en infraestruturas.<\/p>\n<p style=\"font-weight: 400;\">Polo tanto, pediu a todos os galegos que o 9 de xu\u00f1o amosen o seu rexeitamento a que Pedro S\u00e1nchez siga comprometendo os recursos de todos para pagarlle os votos aos seus socios independentistas, e facelo votando polo PP e para que xente como Francisco Mill\u00e1n Mon e Adri\u00e1n V\u00e1zquez defendan a Galicia en Europa.<\/p>\n<p style=\"font-weight: 400;\"><strong><u>REY VARELA: \u201cCON GOBERNOS ESTABLES, GALICIA E FERROL FUNCIONAN\u201d<\/u><\/strong><\/p>\n<p style=\"font-weight: 400;\">Pola s\u00faa banda, o alcalde Jos\u00e9 Manuel Rey incidiu na s\u00faa intervenci\u00f3n na importancia de contar con gobernos estables, como o que preside Alfonso Rueda, para garantir que Galicia e Ferrol funcionen.<\/p>\n<p style=\"font-weight: 400;\">Unha estabilidade que se traduce en realidades como son a apertura da cidade ao mar, o proxecto da Cidade do Deporte, o investimento nos dez Centros de Educaci\u00f3n Infantil e Primaria, o saneamento do rural ou a ampliaci\u00f3n e reforma do hospital.<\/p>\n<p style=\"font-weight: 400;\">Explicou que moitos destes proxectos non ser\u00edan posibles sen uns fondos europeos que son fundamentais para facer realidade tam\u00e9n a transformaci\u00f3n do Astillero 4.0 en Navantia ou a conexi\u00f3n ferroviaria entre Ferrol e A Coru\u00f1a.<\/p>\n<p style=\"font-weight: 400;\">\u201cEstes fondos non ser\u00e1n realidade sen un goberno serio en Europa que saiba onde est\u00e1 Ferrol\u201d, afirmou amosando a s\u00faa confianza nos representantes galegos que conforman a candidatura do Partido Popular e po\u00f1endo en valor que, grazas ao traballo de Francisco Mill\u00e1n Mon na pasada lexislatura, foi posible inclu\u00edr a Ferrol na Rede Transeuropea de Transporte a pesar dos atrancos do PSOE.<\/p>\n","protected":false},"excerpt":{"rendered":"<p>O presidente do PPdeG, Alfonso Rueda, fixo hoxe un chamamento ao voto nas elecci\u00f3ns europeas do 9 de xu\u00f1o apelando ao moito que hai en xogo e asegurando que quedar na casa ese d\u00eda sup\u00f3n tam\u00e9n avalar un Goberno central que incumpre con Galicia cada d\u00eda. Explicou que est\u00e1 en xogo ter unha voz de [&hellip;]<\/p>\n","protected":false},"author":40,"featured_media":63037,"comment_status":"open","ping_status":"open","sticky":false,"template":"","format":"standard","meta":{"_acf_changed":false,"footnotes":""},"categories":[1],"tags":[],"class_list":["post-63036","post","type-post","status-publish","format-standard","has-post-thumbnail","hentry","category-pp-de-galicia"],"acf":[],"yoast_head":"<!-- This site is optimized with the Yoast SEO plugin v27.3 - https:\/\/yoast.com\/product\/yoast-seo-wordpress\/ -->\n<title>Alfonso Rueda asegura que quedar na casa o 9 de xu\u00f1o sup\u00f3n avalar un Goberno central que incumpre con Galicia - PP de Galicia<\/title>\n<meta name=\"description\" content=\"O presidente do PPdeG, Alfonso Rueda, fixo hoxe un chamamento ao voto nas elecci\u00f3ns europeas do 9 de xu\u00f1o apelando ao moito que hai en xogo e asegurando que quedar na casa ese d\u00eda sup\u00f3n tam\u00e9n avalar un Goberno central que incumpre con Galicia cada d\u00eda.\" \/>\n<meta name=\"robots\" content=\"index, follow, max-snippet:-1, max-image-preview:large, max-video-preview:-1\" \/>\n<link rel=\"canonical\" href=\"https:\/\/ppdegalicia.com\/es\/alfonso-rueda-asegura-que-quedar-na-casa-o-9-de-xuno-supon-avalar-un-goberno-central-que-incumpre-con-galicia\/\" \/>\n<meta property=\"og:locale\" content=\"es_ES\" \/>\n<meta property=\"og:type\" content=\"article\" \/>\n<meta property=\"og:title\" content=\"Alfonso Rueda asegura que quedar na casa o 9 de xu\u00f1o sup\u00f3n avalar un Goberno central que incumpre con Galicia - PP de Galicia\" \/>\n<meta property=\"og:description\" content=\"O presidente do PPdeG, Alfonso Rueda, fixo hoxe un chamamento ao voto nas elecci\u00f3ns europeas do 9 de xu\u00f1o apelando ao moito que hai en xogo e asegurando que quedar na casa ese d\u00eda sup\u00f3n tam\u00e9n avalar un Goberno central que incumpre con Galicia cada d\u00eda.\" \/>\n<meta property=\"og:url\" content=\"https:\/\/ppdegalicia.com\/es\/alfonso-rueda-asegura-que-quedar-na-casa-o-9-de-xuno-supon-avalar-un-goberno-central-que-incumpre-con-galicia\/\" \/>\n<meta property=\"og:site_name\" content=\"PP de Galicia\" \/>\n<meta property=\"article:publisher\" content=\"https:\/\/www.instagram.com\/ppdegalicia\/\" \/>\n<meta property=\"article:published_time\" content=\"2024-06-03T11:59:39+00:00\" \/>\n<meta property=\"article:modified_time\" content=\"2024-06-10T12:03:06+00:00\" \/>\n<meta property=\"og:image\" content=\"https:\/\/ppdegalicia.com\/wp-content\/uploads\/2024\/06\/20240603_ARueda_Ferrol3-scaled.jpg\" \/>\n\t<meta property=\"og:image:width\" content=\"2560\" \/>\n\t<meta property=\"og:image:height\" content=\"1706\" \/>\n\t<meta property=\"og:image:type\" content=\"image\/jpeg\" \/>\n<meta name=\"author\" content=\"ppdegaliciaedtis\" \/>\n<meta name=\"twitter:card\" content=\"summary_large_image\" \/>\n<meta name=\"twitter:creator\" content=\"@ppdegalicia\" \/>\n<meta name=\"twitter:site\" content=\"@ppdegalicia\" \/>\n<meta name=\"twitter:label1\" content=\"Escrito por\" \/>\n\t<meta name=\"twitter:data1\" content=\"ppdegaliciaedtis\" \/>\n\t<meta name=\"twitter:label2\" content=\"Tiempo de lectura\" \/>\n\t<meta name=\"twitter:data2\" content=\"3 minutos\" \/>\n<script type=\"application\/ld+json\" class=\"yoast-schema-graph\">{\"@context\":\"https:\\\/\\\/schema.org\",\"@graph\":[{\"@type\":\"Article\",\"@id\":\"https:\\\/\\\/ppdegalicia.com\\\/es\\\/alfonso-rueda-asegura-que-quedar-na-casa-o-9-de-xuno-supon-avalar-un-goberno-central-que-incumpre-con-galicia\\\/#article\",\"isPartOf\":{\"@id\":\"https:\\\/\\\/ppdegalicia.com\\\/es\\\/alfonso-rueda-asegura-que-quedar-na-casa-o-9-de-xuno-supon-avalar-un-goberno-central-que-incumpre-con-galicia\\\/\"},\"author\":{\"name\":\"ppdegaliciaedtis\",\"@id\":\"https:\\\/\\\/ppdegalicia.com\\\/es\\\/#\\\/schema\\\/person\\\/bc9b46e59ebd34bf28611158c3867388\"},\"headline\":\"Alfonso Rueda asegura que quedar na casa o 9 de xu\u00f1o sup\u00f3n avalar un Goberno central que incumpre con Galicia\",\"datePublished\":\"2024-06-03T11:59:39+00:00\",\"dateModified\":\"2024-06-10T12:03:06+00:00\",\"mainEntityOfPage\":{\"@id\":\"https:\\\/\\\/ppdegalicia.com\\\/es\\\/alfonso-rueda-asegura-que-quedar-na-casa-o-9-de-xuno-supon-avalar-un-goberno-central-que-incumpre-con-galicia\\\/\"},\"wordCount\":463,\"commentCount\":0,\"publisher\":{\"@id\":\"https:\\\/\\\/ppdegalicia.com\\\/es\\\/#organization\"},\"image\":{\"@id\":\"https:\\\/\\\/ppdegalicia.com\\\/es\\\/alfonso-rueda-asegura-que-quedar-na-casa-o-9-de-xuno-supon-avalar-un-goberno-central-que-incumpre-con-galicia\\\/#primaryimage\"},\"thumbnailUrl\":\"https:\\\/\\\/ppdegalicia.com\\\/wp-content\\\/uploads\\\/2024\\\/06\\\/20240603_ARueda_Ferrol3-scaled.jpg\",\"articleSection\":[\"PP de Galicia\"],\"inLanguage\":\"es\",\"potentialAction\":[{\"@type\":\"CommentAction\",\"name\":\"Comment\",\"target\":[\"https:\\\/\\\/ppdegalicia.com\\\/es\\\/alfonso-rueda-asegura-que-quedar-na-casa-o-9-de-xuno-supon-avalar-un-goberno-central-que-incumpre-con-galicia\\\/#respond\"]}]},{\"@type\":\"WebPage\",\"@id\":\"https:\\\/\\\/ppdegalicia.com\\\/es\\\/alfonso-rueda-asegura-que-quedar-na-casa-o-9-de-xuno-supon-avalar-un-goberno-central-que-incumpre-con-galicia\\\/\",\"url\":\"https:\\\/\\\/ppdegalicia.com\\\/es\\\/alfonso-rueda-asegura-que-quedar-na-casa-o-9-de-xuno-supon-avalar-un-goberno-central-que-incumpre-con-galicia\\\/\",\"name\":\"Alfonso Rueda asegura que quedar na casa o 9 de xu\u00f1o sup\u00f3n avalar un Goberno central que incumpre con Galicia - PP de Galicia\",\"isPartOf\":{\"@id\":\"https:\\\/\\\/ppdegalicia.com\\\/es\\\/#website\"},\"primaryImageOfPage\":{\"@id\":\"https:\\\/\\\/ppdegalicia.com\\\/es\\\/alfonso-rueda-asegura-que-quedar-na-casa-o-9-de-xuno-supon-avalar-un-goberno-central-que-incumpre-con-galicia\\\/#primaryimage\"},\"image\":{\"@id\":\"https:\\\/\\\/ppdegalicia.com\\\/es\\\/alfonso-rueda-asegura-que-quedar-na-casa-o-9-de-xuno-supon-avalar-un-goberno-central-que-incumpre-con-galicia\\\/#primaryimage\"},\"thumbnailUrl\":\"https:\\\/\\\/ppdegalicia.com\\\/wp-content\\\/uploads\\\/2024\\\/06\\\/20240603_ARueda_Ferrol3-scaled.jpg\",\"datePublished\":\"2024-06-03T11:59:39+00:00\",\"dateModified\":\"2024-06-10T12:03:06+00:00\",\"description\":\"O presidente do PPdeG, Alfonso Rueda, fixo hoxe un chamamento ao voto nas elecci\u00f3ns europeas do 9 de xu\u00f1o apelando ao moito que hai en xogo e asegurando que quedar na casa ese d\u00eda sup\u00f3n tam\u00e9n avalar un Goberno central que incumpre con Galicia cada d\u00eda.\",\"breadcrumb\":{\"@id\":\"https:\\\/\\\/ppdegalicia.com\\\/es\\\/alfonso-rueda-asegura-que-quedar-na-casa-o-9-de-xuno-supon-avalar-un-goberno-central-que-incumpre-con-galicia\\\/#breadcrumb\"},\"inLanguage\":\"es\",\"potentialAction\":[{\"@type\":\"ReadAction\",\"target\":[\"https:\\\/\\\/ppdegalicia.com\\\/es\\\/alfonso-rueda-asegura-que-quedar-na-casa-o-9-de-xuno-supon-avalar-un-goberno-central-que-incumpre-con-galicia\\\/\"]}]},{\"@type\":\"ImageObject\",\"inLanguage\":\"es\",\"@id\":\"https:\\\/\\\/ppdegalicia.com\\\/es\\\/alfonso-rueda-asegura-que-quedar-na-casa-o-9-de-xuno-supon-avalar-un-goberno-central-que-incumpre-con-galicia\\\/#primaryimage\",\"url\":\"https:\\\/\\\/ppdegalicia.com\\\/wp-content\\\/uploads\\\/2024\\\/06\\\/20240603_ARueda_Ferrol3-scaled.jpg\",\"contentUrl\":\"https:\\\/\\\/ppdegalicia.com\\\/wp-content\\\/uploads\\\/2024\\\/06\\\/20240603_ARueda_Ferrol3-scaled.jpg\",\"width\":2560,\"height\":1706},{\"@type\":\"BreadcrumbList\",\"@id\":\"https:\\\/\\\/ppdegalicia.com\\\/es\\\/alfonso-rueda-asegura-que-quedar-na-casa-o-9-de-xuno-supon-avalar-un-goberno-central-que-incumpre-con-galicia\\\/#breadcrumb\",\"itemListElement\":[{\"@type\":\"ListItem\",\"position\":1,\"name\":\"Portada\",\"item\":\"https:\\\/\\\/ppdegalicia.com\\\/es\\\/\"},{\"@type\":\"ListItem\",\"position\":2,\"name\":\"Alfonso Rueda asegura que quedar na casa o 9 de xu\u00f1o sup\u00f3n avalar un Goberno central que incumpre con Galicia\"}]},{\"@type\":\"WebSite\",\"@id\":\"https:\\\/\\\/ppdegalicia.com\\\/es\\\/#website\",\"url\":\"https:\\\/\\\/ppdegalicia.com\\\/es\\\/\",\"name\":\"Partido Popular de Galicia\",\"description\":\"Partido Popular de Galicia\",\"publisher\":{\"@id\":\"https:\\\/\\\/ppdegalicia.com\\\/es\\\/#organization\"},\"alternateName\":\"PP de Galicia\",\"potentialAction\":[{\"@type\":\"SearchAction\",\"target\":{\"@type\":\"EntryPoint\",\"urlTemplate\":\"https:\\\/\\\/ppdegalicia.com\\\/es\\\/?s={search_term_string}\"},\"query-input\":{\"@type\":\"PropertyValueSpecification\",\"valueRequired\":true,\"valueName\":\"search_term_string\"}}],\"inLanguage\":\"es\"},{\"@type\":\"Organization\",\"@id\":\"https:\\\/\\\/ppdegalicia.com\\\/es\\\/#organization\",\"name\":\"Partido Popular de Galicia\",\"alternateName\":\"PP de Galicia\",\"url\":\"https:\\\/\\\/ppdegalicia.com\\\/es\\\/\",\"logo\":{\"@type\":\"ImageObject\",\"inLanguage\":\"es\",\"@id\":\"https:\\\/\\\/ppdegalicia.com\\\/es\\\/#\\\/schema\\\/logo\\\/image\\\/\",\"url\":\"https:\\\/\\\/ppdegalicia.com\\\/wp-content\\\/uploads\\\/2023\\\/04\\\/logoPP512.png\",\"contentUrl\":\"https:\\\/\\\/ppdegalicia.com\\\/wp-content\\\/uploads\\\/2023\\\/04\\\/logoPP512.png\",\"width\":512,\"height\":512,\"caption\":\"Partido Popular de Galicia\"},\"image\":{\"@id\":\"https:\\\/\\\/ppdegalicia.com\\\/es\\\/#\\\/schema\\\/logo\\\/image\\\/\"},\"sameAs\":[\"https:\\\/\\\/www.instagram.com\\\/ppdegalicia\\\/\",\"https:\\\/\\\/x.com\\\/ppdegalicia\",\"https:\\\/\\\/www.tiktok.com\\\/@ppdegalicia\",\"https:\\\/\\\/www.youtube.com\\\/user\\\/ppdegalicia\"]},{\"@type\":\"Person\",\"@id\":\"https:\\\/\\\/ppdegalicia.com\\\/es\\\/#\\\/schema\\\/person\\\/bc9b46e59ebd34bf28611158c3867388\",\"name\":\"ppdegaliciaedtis\",\"image\":{\"@type\":\"ImageObject\",\"inLanguage\":\"es\",\"@id\":\"https:\\\/\\\/secure.gravatar.com\\\/avatar\\\/f9f8cf6e03df54a1b0d04a6b4b8e8c6bd63c10a439752e84d87a5385aefe2ced?s=96&d=mm&r=g\",\"url\":\"https:\\\/\\\/secure.gravatar.com\\\/avatar\\\/f9f8cf6e03df54a1b0d04a6b4b8e8c6bd63c10a439752e84d87a5385aefe2ced?s=96&d=mm&r=g\",\"contentUrl\":\"https:\\\/\\\/secure.gravatar.com\\\/avatar\\\/f9f8cf6e03df54a1b0d04a6b4b8e8c6bd63c10a439752e84d87a5385aefe2ced?s=96&d=mm&r=g\",\"caption\":\"ppdegaliciaedtis\"},\"url\":\"https:\\\/\\\/ppdegalicia.com\\\/es\\\/author\\\/ppdegaliciaedits\\\/\"}]}<\/script>\n<!-- \/ Yoast SEO plugin. -->","yoast_head_json":{"title":"Alfonso Rueda asegura que quedar na casa o 9 de xu\u00f1o sup\u00f3n avalar un Goberno central que incumpre con Galicia - PP de Galicia","description":"O presidente do PPdeG, Alfonso Rueda, fixo hoxe un chamamento ao voto nas elecci\u00f3ns europeas do 9 de xu\u00f1o apelando ao moito que hai en xogo e asegurando que quedar na casa ese d\u00eda sup\u00f3n tam\u00e9n avalar un Goberno central que incumpre con Galicia cada d\u00eda.","robots":{"index":"index","follow":"follow","max-snippet":"max-snippet:-1","max-image-preview":"max-image-preview:large","max-video-preview":"max-video-preview:-1"},"canonical":"https:\/\/ppdegalicia.com\/es\/alfonso-rueda-asegura-que-quedar-na-casa-o-9-de-xuno-supon-avalar-un-goberno-central-que-incumpre-con-galicia\/","og_locale":"es_ES","og_type":"article","og_title":"Alfonso Rueda asegura que quedar na casa o 9 de xu\u00f1o sup\u00f3n avalar un Goberno central que incumpre con Galicia - PP de Galicia","og_description":"O presidente do PPdeG, Alfonso Rueda, fixo hoxe un chamamento ao voto nas elecci\u00f3ns europeas do 9 de xu\u00f1o apelando ao moito que hai en xogo e asegurando que quedar na casa ese d\u00eda sup\u00f3n tam\u00e9n avalar un Goberno central que incumpre con Galicia cada d\u00eda.","og_url":"https:\/\/ppdegalicia.com\/es\/alfonso-rueda-asegura-que-quedar-na-casa-o-9-de-xuno-supon-avalar-un-goberno-central-que-incumpre-con-galicia\/","og_site_name":"PP de Galicia","article_publisher":"https:\/\/www.instagram.com\/ppdegalicia\/","article_published_time":"2024-06-03T11:59:39+00:00","article_modified_time":"2024-06-10T12:03:06+00:00","og_image":[{"width":2560,"height":1706,"url":"https:\/\/ppdegalicia.com\/wp-content\/uploads\/2024\/06\/20240603_ARueda_Ferrol3-scaled.jpg","type":"image\/jpeg"}],"author":"ppdegaliciaedtis","twitter_card":"summary_large_image","twitter_creator":"@ppdegalicia","twitter_site":"@ppdegalicia","twitter_misc":{"Escrito por":"ppdegaliciaedtis","Tiempo de lectura":"3 minutos"},"schema":{"@context":"https:\/\/schema.org","@graph":[{"@type":"Article","@id":"https:\/\/ppdegalicia.com\/es\/alfonso-rueda-asegura-que-quedar-na-casa-o-9-de-xuno-supon-avalar-un-goberno-central-que-incumpre-con-galicia\/#article","isPartOf":{"@id":"https:\/\/ppdegalicia.com\/es\/alfonso-rueda-asegura-que-quedar-na-casa-o-9-de-xuno-supon-avalar-un-goberno-central-que-incumpre-con-galicia\/"},"author":{"name":"ppdegaliciaedtis","@id":"https:\/\/ppdegalicia.com\/es\/#\/schema\/person\/bc9b46e59ebd34bf28611158c3867388"},"headline":"Alfonso Rueda asegura que quedar na casa o 9 de xu\u00f1o sup\u00f3n avalar un Goberno central que incumpre con Galicia","datePublished":"2024-06-03T11:59:39+00:00","dateModified":"2024-06-10T12:03:06+00:00","mainEntityOfPage":{"@id":"https:\/\/ppdegalicia.com\/es\/alfonso-rueda-asegura-que-quedar-na-casa-o-9-de-xuno-supon-avalar-un-goberno-central-que-incumpre-con-galicia\/"},"wordCount":463,"commentCount":0,"publisher":{"@id":"https:\/\/ppdegalicia.com\/es\/#organization"},"image":{"@id":"https:\/\/ppdegalicia.com\/es\/alfonso-rueda-asegura-que-quedar-na-casa-o-9-de-xuno-supon-avalar-un-goberno-central-que-incumpre-con-galicia\/#primaryimage"},"thumbnailUrl":"https:\/\/ppdegalicia.com\/wp-content\/uploads\/2024\/06\/20240603_ARueda_Ferrol3-scaled.jpg","articleSection":["PP de Galicia"],"inLanguage":"es","potentialAction":[{"@type":"CommentAction","name":"Comment","target":["https:\/\/ppdegalicia.com\/es\/alfonso-rueda-asegura-que-quedar-na-casa-o-9-de-xuno-supon-avalar-un-goberno-central-que-incumpre-con-galicia\/#respond"]}]},{"@type":"WebPage","@id":"https:\/\/ppdegalicia.com\/es\/alfonso-rueda-asegura-que-quedar-na-casa-o-9-de-xuno-supon-avalar-un-goberno-central-que-incumpre-con-galicia\/","url":"https:\/\/ppdegalicia.com\/es\/alfonso-rueda-asegura-que-quedar-na-casa-o-9-de-xuno-supon-avalar-un-goberno-central-que-incumpre-con-galicia\/","name":"Alfonso Rueda asegura que quedar na casa o 9 de xu\u00f1o sup\u00f3n avalar un Goberno central que incumpre con Galicia - PP de Galicia","isPartOf":{"@id":"https:\/\/ppdegalicia.com\/es\/#website"},"primaryImageOfPage":{"@id":"https:\/\/ppdegalicia.com\/es\/alfonso-rueda-asegura-que-quedar-na-casa-o-9-de-xuno-supon-avalar-un-goberno-central-que-incumpre-con-galicia\/#primaryimage"},"image":{"@id":"https:\/\/ppdegalicia.com\/es\/alfonso-rueda-asegura-que-quedar-na-casa-o-9-de-xuno-supon-avalar-un-goberno-central-que-incumpre-con-galicia\/#primaryimage"},"thumbnailUrl":"https:\/\/ppdegalicia.com\/wp-content\/uploads\/2024\/06\/20240603_ARueda_Ferrol3-scaled.jpg","datePublished":"2024-06-03T11:59:39+00:00","dateModified":"2024-06-10T12:03:06+00:00","description":"O presidente do PPdeG, Alfonso Rueda, fixo hoxe un chamamento ao voto nas elecci\u00f3ns europeas do 9 de xu\u00f1o apelando ao moito que hai en xogo e asegurando que quedar na casa ese d\u00eda sup\u00f3n tam\u00e9n avalar un Goberno central que incumpre con Galicia cada d\u00eda.","breadcrumb":{"@id":"https:\/\/ppdegalicia.com\/es\/alfonso-rueda-asegura-que-quedar-na-casa-o-9-de-xuno-supon-avalar-un-goberno-central-que-incumpre-con-galicia\/#breadcrumb"},"inLanguage":"es","potentialAction":[{"@type":"ReadAction","target":["https:\/\/ppdegalicia.com\/es\/alfonso-rueda-asegura-que-quedar-na-casa-o-9-de-xuno-supon-avalar-un-goberno-central-que-incumpre-con-galicia\/"]}]},{"@type":"ImageObject","inLanguage":"es","@id":"https:\/\/ppdegalicia.com\/es\/alfonso-rueda-asegura-que-quedar-na-casa-o-9-de-xuno-supon-avalar-un-goberno-central-que-incumpre-con-galicia\/#primaryimage","url":"https:\/\/ppdegalicia.com\/wp-content\/uploads\/2024\/06\/20240603_ARueda_Ferrol3-scaled.jpg","contentUrl":"https:\/\/ppdegalicia.com\/wp-content\/uploads\/2024\/06\/20240603_ARueda_Ferrol3-scaled.jpg","width":2560,"height":1706},{"@type":"BreadcrumbList","@id":"https:\/\/ppdegalicia.com\/es\/alfonso-rueda-asegura-que-quedar-na-casa-o-9-de-xuno-supon-avalar-un-goberno-central-que-incumpre-con-galicia\/#breadcrumb","itemListElement":[{"@type":"ListItem","position":1,"name":"Portada","item":"https:\/\/ppdegalicia.com\/es\/"},{"@type":"ListItem","position":2,"name":"Alfonso Rueda asegura que quedar na casa o 9 de xu\u00f1o sup\u00f3n avalar un Goberno central que incumpre con Galicia"}]},{"@type":"WebSite","@id":"https:\/\/ppdegalicia.com\/es\/#website","url":"https:\/\/ppdegalicia.com\/es\/","name":"Partido Popular de Galicia","description":"Partido Popular de Galicia","publisher":{"@id":"https:\/\/ppdegalicia.com\/es\/#organization"},"alternateName":"PP de Galicia","potentialAction":[{"@type":"SearchAction","target":{"@type":"EntryPoint","urlTemplate":"https:\/\/ppdegalicia.com\/es\/?s={search_term_string}"},"query-input":{"@type":"PropertyValueSpecification","valueRequired":true,"valueName":"search_term_string"}}],"inLanguage":"es"},{"@type":"Organization","@id":"https:\/\/ppdegalicia.com\/es\/#organization","name":"Partido Popular de Galicia","alternateName":"PP de Galicia","url":"https:\/\/ppdegalicia.com\/es\/","logo":{"@type":"ImageObject","inLanguage":"es","@id":"https:\/\/ppdegalicia.com\/es\/#\/schema\/logo\/image\/","url":"https:\/\/ppdegalicia.com\/wp-content\/uploads\/2023\/04\/logoPP512.png","contentUrl":"https:\/\/ppdegalicia.com\/wp-content\/uploads\/2023\/04\/logoPP512.png","width":512,"height":512,"caption":"Partido Popular de Galicia"},"image":{"@id":"https:\/\/ppdegalicia.com\/es\/#\/schema\/logo\/image\/"},"sameAs":["https:\/\/www.instagram.com\/ppdegalicia\/","https:\/\/x.com\/ppdegalicia","https:\/\/www.tiktok.com\/@ppdegalicia","https:\/\/www.youtube.com\/user\/ppdegalicia"]},{"@type":"Person","@id":"https:\/\/ppdegalicia.com\/es\/#\/schema\/person\/bc9b46e59ebd34bf28611158c3867388","name":"ppdegaliciaedtis","image":{"@type":"ImageObject","inLanguage":"es","@id":"https:\/\/secure.gravatar.com\/avatar\/f9f8cf6e03df54a1b0d04a6b4b8e8c6bd63c10a439752e84d87a5385aefe2ced?s=96&d=mm&r=g","url":"https:\/\/secure.gravatar.com\/avatar\/f9f8cf6e03df54a1b0d04a6b4b8e8c6bd63c10a439752e84d87a5385aefe2ced?s=96&d=mm&r=g","contentUrl":"https:\/\/secure.gravatar.com\/avatar\/f9f8cf6e03df54a1b0d04a6b4b8e8c6bd63c10a439752e84d87a5385aefe2ced?s=96&d=mm&r=g","caption":"ppdegaliciaedtis"},"url":"https:\/\/ppdegalicia.com\/es\/author\/ppdegaliciaedits\/"}]}},"_links":{"self":[{"href":"https:\/\/ppdegalicia.com\/es\/wp-json\/wp\/v2\/posts\/63036","targetHints":{"allow":["GET"]}}],"collection":[{"href":"https:\/\/ppdegalicia.com\/es\/wp-json\/wp\/v2\/posts"}],"about":[{"href":"https:\/\/ppdegalicia.com\/es\/wp-json\/wp\/v2\/types\/post"}],"author":[{"embeddable":true,"href":"https:\/\/ppdegalicia.com\/es\/wp-json\/wp\/v2\/users\/40"}],"replies":[{"embeddable":true,"href":"https:\/\/ppdegalicia.com\/es\/wp-json\/wp\/v2\/comments?post=63036"}],"version-history":[{"count":1,"href":"https:\/\/ppdegalicia.com\/es\/wp-json\/wp\/v2\/posts\/63036\/revisions"}],"predecessor-version":[{"id":63039,"href":"https:\/\/ppdegalicia.com\/es\/wp-json\/wp\/v2\/posts\/63036\/revisions\/63039"}],"wp:featuredmedia":[{"embeddable":true,"href":"https:\/\/ppdegalicia.com\/es\/wp-json\/wp\/v2\/media\/63037"}],"wp:attachment":[{"href":"https:\/\/ppdegalicia.com\/es\/wp-json\/wp\/v2\/media?parent=63036"}],"wp:term":[{"taxonomy":"category","embeddable":true,"href":"https:\/\/ppdegalicia.com\/es\/wp-json\/wp\/v2\/categories?post=63036"},{"taxonomy":"post_tag","embeddable":true,"href":"https:\/\/ppdegalicia.com\/es\/wp-json\/wp\/v2\/tags?post=63036"}],"curies":[{"name":"wp","href":"https:\/\/api.w.org\/{rel}","templated":true}]}}