{"id":63040,"date":"2024-06-03T13:16:18","date_gmt":"2024-06-03T12:16:18","guid":{"rendered":"https:\/\/ppdegalicia.com\/?p=63040"},"modified":"2024-06-10T13:19:01","modified_gmt":"2024-06-10T12:19:01","slug":"millan-mon-urxe-ao-goberno-central-a-trasladar-a-galicia-os-fondos-europeos-que-farian-posible-o-proxecto-do-museo-do-mar-en-ribeira","status":"publish","type":"post","link":"https:\/\/ppdegalicia.com\/es\/millan-mon-urxe-ao-goberno-central-a-trasladar-a-galicia-os-fondos-europeos-que-farian-posible-o-proxecto-do-museo-do-mar-en-ribeira\/","title":{"rendered":"Mill\u00e1n Mon urxe ao Goberno central a trasladar a Galicia os fondos europeos que far\u00edan posible o proxecto do Museo do Mar en Ribeira"},"content":{"rendered":"<p>O candidato do PP \u00e1s elecci\u00f3ns europeas\u00a0<strong>Francisco Mill\u00e1n Mon<\/strong>\u00a0realizou hoxe unha visita \u00e1 lonxa de Ribeira e mantivo un encontro con representantes do sector pesqueiro acompa\u00f1ado pola deputada nacional\u00a0<strong>Rosa Quintana<\/strong>, o portavoz de Pesca do PP no Senado,\u00a0<strong>Manuel Ruiz<\/strong>, e a portavoz do PP local,\u00a0<strong>Mar\u00eda Sampedro<\/strong>.<\/p>\n<p>Unha xuntanza na que se puxo sobre a mesa a importancia que os fondos europeos te\u00f1en para este concello de cara \u00e1 materializaci\u00f3n de proxectos como o do Museo do Mar. Unha iniciativa promovida polo PP de Ribeira que opta a financiamento comunitario pero contin\u00faa agardando \u00e1 chegada deses fondos, por parte do Goberno central, para converterse nunha realidade.<\/p>\n<p>Mill\u00e1n Mon trasladou aos presentes a s\u00faa aposta por implantar o sentidi\u00f1o nas pol\u00edticas pesqueiras promovidas desde a Comisi\u00f3n Europea fronte \u00e1 deriva medioambientalista radical que se experimentou nos \u00faltimos anos. Avogou as\u00ed por unha lexislaci\u00f3n que combine a sustentabilidade medioambiental cos intereses do sector e o benestar e o emprego das moitas persoas que viven do mar en Galicia.<\/p>\n<p>Congratulouse as\u00ed mesmo de que a presidenta da Comisi\u00f3n, Ursula von der Leyen, elixira esta fin de semana Galicia \u2013a primeira zona pesqueira de Europa\u2013 para anunciar o seu compromiso de crear un comisario europeo exclusivo de Pesca, tal e como se propo\u00f1\u00eda desde o Partido Popular.<\/p>\n","protected":false},"excerpt":{"rendered":"<p>O candidato do PP \u00e1s elecci\u00f3ns europeas\u00a0Francisco Mill\u00e1n Mon\u00a0realizou hoxe unha visita \u00e1 lonxa de Ribeira e mantivo un encontro con representantes do sector pesqueiro acompa\u00f1ado pola deputada nacional\u00a0Rosa Quintana, o portavoz de Pesca do PP no Senado,\u00a0Manuel Ruiz, e a portavoz do PP local,\u00a0Mar\u00eda Sampedro. Unha xuntanza na que se puxo sobre a mesa [&hellip;]<\/p>\n","protected":false},"author":40,"featured_media":63041,"comment_status":"open","ping_status":"open","sticky":false,"template":"","format":"standard","meta":{"_acf_changed":false,"footnotes":""},"categories":[1],"tags":[],"class_list":["post-63040","post","type-post","status-publish","format-standard","has-post-thumbnail","hentry","category-pp-de-galicia"],"acf":[],"yoast_head":"<!-- This site is optimized with the Yoast SEO plugin v27.3 - https:\/\/yoast.com\/product\/yoast-seo-wordpress\/ -->\n<title>Mill\u00e1n Mon urxe ao Goberno central a trasladar a Galicia os fondos europeos que far\u00edan posible o proxecto do Museo do Mar en Ribeira - PP de Galicia<\/title>\n<meta name=\"description\" content=\"O candidato do PP \u00e1s elecci\u00f3ns europeas\u00a0Francisco Mill\u00e1n Mon\u00a0realizou hoxe unha visita \u00e1 lonxa de Ribeira e mantivo un encontro con representantes do sector pesqueiro acompa\u00f1ado pola deputada nacional\u00a0Rosa Quintana, o portavoz de Pesca do PP no Senado,\u00a0Manuel Ruiz, e a portavoz do PP local,\u00a0Mar\u00eda Sampedro.\" \/>\n<meta name=\"robots\" content=\"index, follow, max-snippet:-1, max-image-preview:large, max-video-preview:-1\" \/>\n<link rel=\"canonical\" href=\"https:\/\/ppdegalicia.com\/es\/millan-mon-urxe-ao-goberno-central-a-trasladar-a-galicia-os-fondos-europeos-que-farian-posible-o-proxecto-do-museo-do-mar-en-ribeira\/\" \/>\n<meta property=\"og:locale\" content=\"es_ES\" \/>\n<meta property=\"og:type\" content=\"article\" \/>\n<meta property=\"og:title\" content=\"Mill\u00e1n Mon urxe ao Goberno central a trasladar a Galicia os fondos europeos que far\u00edan posible o proxecto do Museo do Mar en Ribeira - PP de Galicia\" \/>\n<meta property=\"og:description\" content=\"O candidato do PP \u00e1s elecci\u00f3ns europeas\u00a0Francisco Mill\u00e1n Mon\u00a0realizou hoxe unha visita \u00e1 lonxa de Ribeira e mantivo un encontro con representantes do sector pesqueiro acompa\u00f1ado pola deputada nacional\u00a0Rosa Quintana, o portavoz de Pesca do PP no Senado,\u00a0Manuel Ruiz, e a portavoz do PP local,\u00a0Mar\u00eda Sampedro.\" \/>\n<meta property=\"og:url\" content=\"https:\/\/ppdegalicia.com\/es\/millan-mon-urxe-ao-goberno-central-a-trasladar-a-galicia-os-fondos-europeos-que-farian-posible-o-proxecto-do-museo-do-mar-en-ribeira\/\" \/>\n<meta property=\"og:site_name\" content=\"PP de Galicia\" \/>\n<meta property=\"article:publisher\" content=\"https:\/\/www.instagram.com\/ppdegalicia\/\" \/>\n<meta property=\"article:published_time\" content=\"2024-06-03T12:16:18+00:00\" \/>\n<meta property=\"article:modified_time\" content=\"2024-06-10T12:19:01+00:00\" \/>\n<meta property=\"og:image\" content=\"https:\/\/ppdegalicia.com\/wp-content\/uploads\/2024\/06\/20240603-Millan-Mon-en-Ribeira-1-scaled.jpg\" \/>\n\t<meta property=\"og:image:width\" content=\"2560\" \/>\n\t<meta property=\"og:image:height\" content=\"1706\" \/>\n\t<meta property=\"og:image:type\" content=\"image\/jpeg\" \/>\n<meta name=\"author\" content=\"ppdegaliciaedtis\" \/>\n<meta name=\"twitter:card\" content=\"summary_large_image\" \/>\n<meta name=\"twitter:creator\" content=\"@ppdegalicia\" \/>\n<meta name=\"twitter:site\" content=\"@ppdegalicia\" \/>\n<meta name=\"twitter:label1\" content=\"Escrito por\" \/>\n\t<meta name=\"twitter:data1\" content=\"ppdegaliciaedtis\" \/>\n\t<meta name=\"twitter:label2\" content=\"Tiempo de lectura\" \/>\n\t<meta name=\"twitter:data2\" content=\"2 minutos\" \/>\n<script type=\"application\/ld+json\" class=\"yoast-schema-graph\">{\"@context\":\"https:\\\/\\\/schema.org\",\"@graph\":[{\"@type\":\"Article\",\"@id\":\"https:\\\/\\\/ppdegalicia.com\\\/es\\\/millan-mon-urxe-ao-goberno-central-a-trasladar-a-galicia-os-fondos-europeos-que-farian-posible-o-proxecto-do-museo-do-mar-en-ribeira\\\/#article\",\"isPartOf\":{\"@id\":\"https:\\\/\\\/ppdegalicia.com\\\/es\\\/millan-mon-urxe-ao-goberno-central-a-trasladar-a-galicia-os-fondos-europeos-que-farian-posible-o-proxecto-do-museo-do-mar-en-ribeira\\\/\"},\"author\":{\"name\":\"ppdegaliciaedtis\",\"@id\":\"https:\\\/\\\/ppdegalicia.com\\\/es\\\/#\\\/schema\\\/person\\\/bc9b46e59ebd34bf28611158c3867388\"},\"headline\":\"Mill\u00e1n Mon urxe ao Goberno central a trasladar a Galicia os fondos europeos que far\u00edan posible o proxecto do Museo do Mar en Ribeira\",\"datePublished\":\"2024-06-03T12:16:18+00:00\",\"dateModified\":\"2024-06-10T12:19:01+00:00\",\"mainEntityOfPage\":{\"@id\":\"https:\\\/\\\/ppdegalicia.com\\\/es\\\/millan-mon-urxe-ao-goberno-central-a-trasladar-a-galicia-os-fondos-europeos-que-farian-posible-o-proxecto-do-museo-do-mar-en-ribeira\\\/\"},\"wordCount\":254,\"commentCount\":0,\"publisher\":{\"@id\":\"https:\\\/\\\/ppdegalicia.com\\\/es\\\/#organization\"},\"image\":{\"@id\":\"https:\\\/\\\/ppdegalicia.com\\\/es\\\/millan-mon-urxe-ao-goberno-central-a-trasladar-a-galicia-os-fondos-europeos-que-farian-posible-o-proxecto-do-museo-do-mar-en-ribeira\\\/#primaryimage\"},\"thumbnailUrl\":\"https:\\\/\\\/ppdegalicia.com\\\/wp-content\\\/uploads\\\/2024\\\/06\\\/20240603-Millan-Mon-en-Ribeira-1-scaled.jpg\",\"articleSection\":[\"PP de Galicia\"],\"inLanguage\":\"es\",\"potentialAction\":[{\"@type\":\"CommentAction\",\"name\":\"Comment\",\"target\":[\"https:\\\/\\\/ppdegalicia.com\\\/es\\\/millan-mon-urxe-ao-goberno-central-a-trasladar-a-galicia-os-fondos-europeos-que-farian-posible-o-proxecto-do-museo-do-mar-en-ribeira\\\/#respond\"]}]},{\"@type\":\"WebPage\",\"@id\":\"https:\\\/\\\/ppdegalicia.com\\\/es\\\/millan-mon-urxe-ao-goberno-central-a-trasladar-a-galicia-os-fondos-europeos-que-farian-posible-o-proxecto-do-museo-do-mar-en-ribeira\\\/\",\"url\":\"https:\\\/\\\/ppdegalicia.com\\\/es\\\/millan-mon-urxe-ao-goberno-central-a-trasladar-a-galicia-os-fondos-europeos-que-farian-posible-o-proxecto-do-museo-do-mar-en-ribeira\\\/\",\"name\":\"Mill\u00e1n Mon urxe ao Goberno central a trasladar a Galicia os fondos europeos que far\u00edan posible o proxecto do Museo do Mar en Ribeira - PP de Galicia\",\"isPartOf\":{\"@id\":\"https:\\\/\\\/ppdegalicia.com\\\/es\\\/#website\"},\"primaryImageOfPage\":{\"@id\":\"https:\\\/\\\/ppdegalicia.com\\\/es\\\/millan-mon-urxe-ao-goberno-central-a-trasladar-a-galicia-os-fondos-europeos-que-farian-posible-o-proxecto-do-museo-do-mar-en-ribeira\\\/#primaryimage\"},\"image\":{\"@id\":\"https:\\\/\\\/ppdegalicia.com\\\/es\\\/millan-mon-urxe-ao-goberno-central-a-trasladar-a-galicia-os-fondos-europeos-que-farian-posible-o-proxecto-do-museo-do-mar-en-ribeira\\\/#primaryimage\"},\"thumbnailUrl\":\"https:\\\/\\\/ppdegalicia.com\\\/wp-content\\\/uploads\\\/2024\\\/06\\\/20240603-Millan-Mon-en-Ribeira-1-scaled.jpg\",\"datePublished\":\"2024-06-03T12:16:18+00:00\",\"dateModified\":\"2024-06-10T12:19:01+00:00\",\"description\":\"O candidato do PP \u00e1s elecci\u00f3ns europeas\u00a0Francisco Mill\u00e1n Mon\u00a0realizou hoxe unha visita \u00e1 lonxa de Ribeira e mantivo un encontro con representantes do sector pesqueiro acompa\u00f1ado pola deputada nacional\u00a0Rosa Quintana, o portavoz de Pesca do PP no Senado,\u00a0Manuel Ruiz, e a portavoz do PP local,\u00a0Mar\u00eda Sampedro.\",\"breadcrumb\":{\"@id\":\"https:\\\/\\\/ppdegalicia.com\\\/es\\\/millan-mon-urxe-ao-goberno-central-a-trasladar-a-galicia-os-fondos-europeos-que-farian-posible-o-proxecto-do-museo-do-mar-en-ribeira\\\/#breadcrumb\"},\"inLanguage\":\"es\",\"potentialAction\":[{\"@type\":\"ReadAction\",\"target\":[\"https:\\\/\\\/ppdegalicia.com\\\/es\\\/millan-mon-urxe-ao-goberno-central-a-trasladar-a-galicia-os-fondos-europeos-que-farian-posible-o-proxecto-do-museo-do-mar-en-ribeira\\\/\"]}]},{\"@type\":\"ImageObject\",\"inLanguage\":\"es\",\"@id\":\"https:\\\/\\\/ppdegalicia.com\\\/es\\\/millan-mon-urxe-ao-goberno-central-a-trasladar-a-galicia-os-fondos-europeos-que-farian-posible-o-proxecto-do-museo-do-mar-en-ribeira\\\/#primaryimage\",\"url\":\"https:\\\/\\\/ppdegalicia.com\\\/wp-content\\\/uploads\\\/2024\\\/06\\\/20240603-Millan-Mon-en-Ribeira-1-scaled.jpg\",\"contentUrl\":\"https:\\\/\\\/ppdegalicia.com\\\/wp-content\\\/uploads\\\/2024\\\/06\\\/20240603-Millan-Mon-en-Ribeira-1-scaled.jpg\",\"width\":2560,\"height\":1706},{\"@type\":\"BreadcrumbList\",\"@id\":\"https:\\\/\\\/ppdegalicia.com\\\/es\\\/millan-mon-urxe-ao-goberno-central-a-trasladar-a-galicia-os-fondos-europeos-que-farian-posible-o-proxecto-do-museo-do-mar-en-ribeira\\\/#breadcrumb\",\"itemListElement\":[{\"@type\":\"ListItem\",\"position\":1,\"name\":\"Portada\",\"item\":\"https:\\\/\\\/ppdegalicia.com\\\/es\\\/\"},{\"@type\":\"ListItem\",\"position\":2,\"name\":\"Mill\u00e1n Mon urxe ao Goberno central a trasladar a Galicia os fondos europeos que far\u00edan posible o proxecto do Museo do Mar en Ribeira\"}]},{\"@type\":\"WebSite\",\"@id\":\"https:\\\/\\\/ppdegalicia.com\\\/es\\\/#website\",\"url\":\"https:\\\/\\\/ppdegalicia.com\\\/es\\\/\",\"name\":\"Partido Popular de Galicia\",\"description\":\"Partido Popular de Galicia\",\"publisher\":{\"@id\":\"https:\\\/\\\/ppdegalicia.com\\\/es\\\/#organization\"},\"alternateName\":\"PP de Galicia\",\"potentialAction\":[{\"@type\":\"SearchAction\",\"target\":{\"@type\":\"EntryPoint\",\"urlTemplate\":\"https:\\\/\\\/ppdegalicia.com\\\/es\\\/?s={search_term_string}\"},\"query-input\":{\"@type\":\"PropertyValueSpecification\",\"valueRequired\":true,\"valueName\":\"search_term_string\"}}],\"inLanguage\":\"es\"},{\"@type\":\"Organization\",\"@id\":\"https:\\\/\\\/ppdegalicia.com\\\/es\\\/#organization\",\"name\":\"Partido Popular de Galicia\",\"alternateName\":\"PP de Galicia\",\"url\":\"https:\\\/\\\/ppdegalicia.com\\\/es\\\/\",\"logo\":{\"@type\":\"ImageObject\",\"inLanguage\":\"es\",\"@id\":\"https:\\\/\\\/ppdegalicia.com\\\/es\\\/#\\\/schema\\\/logo\\\/image\\\/\",\"url\":\"https:\\\/\\\/ppdegalicia.com\\\/wp-content\\\/uploads\\\/2023\\\/04\\\/logoPP512.png\",\"contentUrl\":\"https:\\\/\\\/ppdegalicia.com\\\/wp-content\\\/uploads\\\/2023\\\/04\\\/logoPP512.png\",\"width\":512,\"height\":512,\"caption\":\"Partido Popular de Galicia\"},\"image\":{\"@id\":\"https:\\\/\\\/ppdegalicia.com\\\/es\\\/#\\\/schema\\\/logo\\\/image\\\/\"},\"sameAs\":[\"https:\\\/\\\/www.instagram.com\\\/ppdegalicia\\\/\",\"https:\\\/\\\/x.com\\\/ppdegalicia\",\"https:\\\/\\\/www.tiktok.com\\\/@ppdegalicia\",\"https:\\\/\\\/www.youtube.com\\\/user\\\/ppdegalicia\"]},{\"@type\":\"Person\",\"@id\":\"https:\\\/\\\/ppdegalicia.com\\\/es\\\/#\\\/schema\\\/person\\\/bc9b46e59ebd34bf28611158c3867388\",\"name\":\"ppdegaliciaedtis\",\"image\":{\"@type\":\"ImageObject\",\"inLanguage\":\"es\",\"@id\":\"https:\\\/\\\/secure.gravatar.com\\\/avatar\\\/f9f8cf6e03df54a1b0d04a6b4b8e8c6bd63c10a439752e84d87a5385aefe2ced?s=96&d=mm&r=g\",\"url\":\"https:\\\/\\\/secure.gravatar.com\\\/avatar\\\/f9f8cf6e03df54a1b0d04a6b4b8e8c6bd63c10a439752e84d87a5385aefe2ced?s=96&d=mm&r=g\",\"contentUrl\":\"https:\\\/\\\/secure.gravatar.com\\\/avatar\\\/f9f8cf6e03df54a1b0d04a6b4b8e8c6bd63c10a439752e84d87a5385aefe2ced?s=96&d=mm&r=g\",\"caption\":\"ppdegaliciaedtis\"},\"url\":\"https:\\\/\\\/ppdegalicia.com\\\/es\\\/author\\\/ppdegaliciaedits\\\/\"}]}<\/script>\n<!-- \/ Yoast SEO plugin. -->","yoast_head_json":{"title":"Mill\u00e1n Mon urxe ao Goberno central a trasladar a Galicia os fondos europeos que far\u00edan posible o proxecto do Museo do Mar en Ribeira - PP de Galicia","description":"O candidato do PP \u00e1s elecci\u00f3ns europeas\u00a0Francisco Mill\u00e1n Mon\u00a0realizou hoxe unha visita \u00e1 lonxa de Ribeira e mantivo un encontro con representantes do sector pesqueiro acompa\u00f1ado pola deputada nacional\u00a0Rosa Quintana, o portavoz de Pesca do PP no Senado,\u00a0Manuel Ruiz, e a portavoz do PP local,\u00a0Mar\u00eda Sampedro.","robots":{"index":"index","follow":"follow","max-snippet":"max-snippet:-1","max-image-preview":"max-image-preview:large","max-video-preview":"max-video-preview:-1"},"canonical":"https:\/\/ppdegalicia.com\/es\/millan-mon-urxe-ao-goberno-central-a-trasladar-a-galicia-os-fondos-europeos-que-farian-posible-o-proxecto-do-museo-do-mar-en-ribeira\/","og_locale":"es_ES","og_type":"article","og_title":"Mill\u00e1n Mon urxe ao Goberno central a trasladar a Galicia os fondos europeos que far\u00edan posible o proxecto do Museo do Mar en Ribeira - PP de Galicia","og_description":"O candidato do PP \u00e1s elecci\u00f3ns europeas\u00a0Francisco Mill\u00e1n Mon\u00a0realizou hoxe unha visita \u00e1 lonxa de Ribeira e mantivo un encontro con representantes do sector pesqueiro acompa\u00f1ado pola deputada nacional\u00a0Rosa Quintana, o portavoz de Pesca do PP no Senado,\u00a0Manuel Ruiz, e a portavoz do PP local,\u00a0Mar\u00eda Sampedro.","og_url":"https:\/\/ppdegalicia.com\/es\/millan-mon-urxe-ao-goberno-central-a-trasladar-a-galicia-os-fondos-europeos-que-farian-posible-o-proxecto-do-museo-do-mar-en-ribeira\/","og_site_name":"PP de Galicia","article_publisher":"https:\/\/www.instagram.com\/ppdegalicia\/","article_published_time":"2024-06-03T12:16:18+00:00","article_modified_time":"2024-06-10T12:19:01+00:00","og_image":[{"width":2560,"height":1706,"url":"https:\/\/ppdegalicia.com\/wp-content\/uploads\/2024\/06\/20240603-Millan-Mon-en-Ribeira-1-scaled.jpg","type":"image\/jpeg"}],"author":"ppdegaliciaedtis","twitter_card":"summary_large_image","twitter_creator":"@ppdegalicia","twitter_site":"@ppdegalicia","twitter_misc":{"Escrito por":"ppdegaliciaedtis","Tiempo de lectura":"2 minutos"},"schema":{"@context":"https:\/\/schema.org","@graph":[{"@type":"Article","@id":"https:\/\/ppdegalicia.com\/es\/millan-mon-urxe-ao-goberno-central-a-trasladar-a-galicia-os-fondos-europeos-que-farian-posible-o-proxecto-do-museo-do-mar-en-ribeira\/#article","isPartOf":{"@id":"https:\/\/ppdegalicia.com\/es\/millan-mon-urxe-ao-goberno-central-a-trasladar-a-galicia-os-fondos-europeos-que-farian-posible-o-proxecto-do-museo-do-mar-en-ribeira\/"},"author":{"name":"ppdegaliciaedtis","@id":"https:\/\/ppdegalicia.com\/es\/#\/schema\/person\/bc9b46e59ebd34bf28611158c3867388"},"headline":"Mill\u00e1n Mon urxe ao Goberno central a trasladar a Galicia os fondos europeos que far\u00edan posible o proxecto do Museo do Mar en Ribeira","datePublished":"2024-06-03T12:16:18+00:00","dateModified":"2024-06-10T12:19:01+00:00","mainEntityOfPage":{"@id":"https:\/\/ppdegalicia.com\/es\/millan-mon-urxe-ao-goberno-central-a-trasladar-a-galicia-os-fondos-europeos-que-farian-posible-o-proxecto-do-museo-do-mar-en-ribeira\/"},"wordCount":254,"commentCount":0,"publisher":{"@id":"https:\/\/ppdegalicia.com\/es\/#organization"},"image":{"@id":"https:\/\/ppdegalicia.com\/es\/millan-mon-urxe-ao-goberno-central-a-trasladar-a-galicia-os-fondos-europeos-que-farian-posible-o-proxecto-do-museo-do-mar-en-ribeira\/#primaryimage"},"thumbnailUrl":"https:\/\/ppdegalicia.com\/wp-content\/uploads\/2024\/06\/20240603-Millan-Mon-en-Ribeira-1-scaled.jpg","articleSection":["PP de Galicia"],"inLanguage":"es","potentialAction":[{"@type":"CommentAction","name":"Comment","target":["https:\/\/ppdegalicia.com\/es\/millan-mon-urxe-ao-goberno-central-a-trasladar-a-galicia-os-fondos-europeos-que-farian-posible-o-proxecto-do-museo-do-mar-en-ribeira\/#respond"]}]},{"@type":"WebPage","@id":"https:\/\/ppdegalicia.com\/es\/millan-mon-urxe-ao-goberno-central-a-trasladar-a-galicia-os-fondos-europeos-que-farian-posible-o-proxecto-do-museo-do-mar-en-ribeira\/","url":"https:\/\/ppdegalicia.com\/es\/millan-mon-urxe-ao-goberno-central-a-trasladar-a-galicia-os-fondos-europeos-que-farian-posible-o-proxecto-do-museo-do-mar-en-ribeira\/","name":"Mill\u00e1n Mon urxe ao Goberno central a trasladar a Galicia os fondos europeos que far\u00edan posible o proxecto do Museo do Mar en Ribeira - PP de Galicia","isPartOf":{"@id":"https:\/\/ppdegalicia.com\/es\/#website"},"primaryImageOfPage":{"@id":"https:\/\/ppdegalicia.com\/es\/millan-mon-urxe-ao-goberno-central-a-trasladar-a-galicia-os-fondos-europeos-que-farian-posible-o-proxecto-do-museo-do-mar-en-ribeira\/#primaryimage"},"image":{"@id":"https:\/\/ppdegalicia.com\/es\/millan-mon-urxe-ao-goberno-central-a-trasladar-a-galicia-os-fondos-europeos-que-farian-posible-o-proxecto-do-museo-do-mar-en-ribeira\/#primaryimage"},"thumbnailUrl":"https:\/\/ppdegalicia.com\/wp-content\/uploads\/2024\/06\/20240603-Millan-Mon-en-Ribeira-1-scaled.jpg","datePublished":"2024-06-03T12:16:18+00:00","dateModified":"2024-06-10T12:19:01+00:00","description":"O candidato do PP \u00e1s elecci\u00f3ns europeas\u00a0Francisco Mill\u00e1n Mon\u00a0realizou hoxe unha visita \u00e1 lonxa de Ribeira e mantivo un encontro con representantes do sector pesqueiro acompa\u00f1ado pola deputada nacional\u00a0Rosa Quintana, o portavoz de Pesca do PP no Senado,\u00a0Manuel Ruiz, e a portavoz do PP local,\u00a0Mar\u00eda Sampedro.","breadcrumb":{"@id":"https:\/\/ppdegalicia.com\/es\/millan-mon-urxe-ao-goberno-central-a-trasladar-a-galicia-os-fondos-europeos-que-farian-posible-o-proxecto-do-museo-do-mar-en-ribeira\/#breadcrumb"},"inLanguage":"es","potentialAction":[{"@type":"ReadAction","target":["https:\/\/ppdegalicia.com\/es\/millan-mon-urxe-ao-goberno-central-a-trasladar-a-galicia-os-fondos-europeos-que-farian-posible-o-proxecto-do-museo-do-mar-en-ribeira\/"]}]},{"@type":"ImageObject","inLanguage":"es","@id":"https:\/\/ppdegalicia.com\/es\/millan-mon-urxe-ao-goberno-central-a-trasladar-a-galicia-os-fondos-europeos-que-farian-posible-o-proxecto-do-museo-do-mar-en-ribeira\/#primaryimage","url":"https:\/\/ppdegalicia.com\/wp-content\/uploads\/2024\/06\/20240603-Millan-Mon-en-Ribeira-1-scaled.jpg","contentUrl":"https:\/\/ppdegalicia.com\/wp-content\/uploads\/2024\/06\/20240603-Millan-Mon-en-Ribeira-1-scaled.jpg","width":2560,"height":1706},{"@type":"BreadcrumbList","@id":"https:\/\/ppdegalicia.com\/es\/millan-mon-urxe-ao-goberno-central-a-trasladar-a-galicia-os-fondos-europeos-que-farian-posible-o-proxecto-do-museo-do-mar-en-ribeira\/#breadcrumb","itemListElement":[{"@type":"ListItem","position":1,"name":"Portada","item":"https:\/\/ppdegalicia.com\/es\/"},{"@type":"ListItem","position":2,"name":"Mill\u00e1n Mon urxe ao Goberno central a trasladar a Galicia os fondos europeos que far\u00edan posible o proxecto do Museo do Mar en Ribeira"}]},{"@type":"WebSite","@id":"https:\/\/ppdegalicia.com\/es\/#website","url":"https:\/\/ppdegalicia.com\/es\/","name":"Partido Popular de Galicia","description":"Partido Popular de Galicia","publisher":{"@id":"https:\/\/ppdegalicia.com\/es\/#organization"},"alternateName":"PP de Galicia","potentialAction":[{"@type":"SearchAction","target":{"@type":"EntryPoint","urlTemplate":"https:\/\/ppdegalicia.com\/es\/?s={search_term_string}"},"query-input":{"@type":"PropertyValueSpecification","valueRequired":true,"valueName":"search_term_string"}}],"inLanguage":"es"},{"@type":"Organization","@id":"https:\/\/ppdegalicia.com\/es\/#organization","name":"Partido Popular de Galicia","alternateName":"PP de Galicia","url":"https:\/\/ppdegalicia.com\/es\/","logo":{"@type":"ImageObject","inLanguage":"es","@id":"https:\/\/ppdegalicia.com\/es\/#\/schema\/logo\/image\/","url":"https:\/\/ppdegalicia.com\/wp-content\/uploads\/2023\/04\/logoPP512.png","contentUrl":"https:\/\/ppdegalicia.com\/wp-content\/uploads\/2023\/04\/logoPP512.png","width":512,"height":512,"caption":"Partido Popular de Galicia"},"image":{"@id":"https:\/\/ppdegalicia.com\/es\/#\/schema\/logo\/image\/"},"sameAs":["https:\/\/www.instagram.com\/ppdegalicia\/","https:\/\/x.com\/ppdegalicia","https:\/\/www.tiktok.com\/@ppdegalicia","https:\/\/www.youtube.com\/user\/ppdegalicia"]},{"@type":"Person","@id":"https:\/\/ppdegalicia.com\/es\/#\/schema\/person\/bc9b46e59ebd34bf28611158c3867388","name":"ppdegaliciaedtis","image":{"@type":"ImageObject","inLanguage":"es","@id":"https:\/\/secure.gravatar.com\/avatar\/f9f8cf6e03df54a1b0d04a6b4b8e8c6bd63c10a439752e84d87a5385aefe2ced?s=96&d=mm&r=g","url":"https:\/\/secure.gravatar.com\/avatar\/f9f8cf6e03df54a1b0d04a6b4b8e8c6bd63c10a439752e84d87a5385aefe2ced?s=96&d=mm&r=g","contentUrl":"https:\/\/secure.gravatar.com\/avatar\/f9f8cf6e03df54a1b0d04a6b4b8e8c6bd63c10a439752e84d87a5385aefe2ced?s=96&d=mm&r=g","caption":"ppdegaliciaedtis"},"url":"https:\/\/ppdegalicia.com\/es\/author\/ppdegaliciaedits\/"}]}},"_links":{"self":[{"href":"https:\/\/ppdegalicia.com\/es\/wp-json\/wp\/v2\/posts\/63040","targetHints":{"allow":["GET"]}}],"collection":[{"href":"https:\/\/ppdegalicia.com\/es\/wp-json\/wp\/v2\/posts"}],"about":[{"href":"https:\/\/ppdegalicia.com\/es\/wp-json\/wp\/v2\/types\/post"}],"author":[{"embeddable":true,"href":"https:\/\/ppdegalicia.com\/es\/wp-json\/wp\/v2\/users\/40"}],"replies":[{"embeddable":true,"href":"https:\/\/ppdegalicia.com\/es\/wp-json\/wp\/v2\/comments?post=63040"}],"version-history":[{"count":1,"href":"https:\/\/ppdegalicia.com\/es\/wp-json\/wp\/v2\/posts\/63040\/revisions"}],"predecessor-version":[{"id":63043,"href":"https:\/\/ppdegalicia.com\/es\/wp-json\/wp\/v2\/posts\/63040\/revisions\/63043"}],"wp:featuredmedia":[{"embeddable":true,"href":"https:\/\/ppdegalicia.com\/es\/wp-json\/wp\/v2\/media\/63041"}],"wp:attachment":[{"href":"https:\/\/ppdegalicia.com\/es\/wp-json\/wp\/v2\/media?parent=63040"}],"wp:term":[{"taxonomy":"category","embeddable":true,"href":"https:\/\/ppdegalicia.com\/es\/wp-json\/wp\/v2\/categories?post=63040"},{"taxonomy":"post_tag","embeddable":true,"href":"https:\/\/ppdegalicia.com\/es\/wp-json\/wp\/v2\/tags?post=63040"}],"curies":[{"name":"wp","href":"https:\/\/api.w.org\/{rel}","templated":true}]}}