{"id":63044,"date":"2024-06-04T13:20:11","date_gmt":"2024-06-04T12:20:11","guid":{"rendered":"https:\/\/ppdegalicia.com\/?p=63044"},"modified":"2024-06-10T13:21:23","modified_gmt":"2024-06-10T12:21:23","slug":"paula-prado-e-adrian-vazquez-salientan-a-proposta-do-pp-para-que-o-comisario-europeo-de-agricultura-sexa-membro-do-grupo-popular","status":"publish","type":"post","link":"https:\/\/ppdegalicia.com\/es\/paula-prado-e-adrian-vazquez-salientan-a-proposta-do-pp-para-que-o-comisario-europeo-de-agricultura-sexa-membro-do-grupo-popular\/","title":{"rendered":"Paula Prado e Adri\u00e1n V\u00e1zquez salientan a proposta do PP para que o comisario europeo de Agricultura sexa membro do Grupo Popular"},"content":{"rendered":"<p style=\"font-weight: 400;\">A secretaria xeral do PPdeG, Paula Prado, e o candidato do Partido Popular \u00e1s elecci\u00f3ns europeas Adri\u00e1n V\u00e1zquez visitaron hoxe as instalaci\u00f3ns da cooperativa agraria AIRA en Taboada acompa\u00f1ados polo coordinador de Medio Rural do PPdeG, Avelino Souto, o deputado nacional Francisco Conde e o portavoz do PP local, Ramiro Moure.<\/p>\n<p style=\"font-weight: 400;\">Unha visita na que os populares puideron comprobar de primeira man o funcionamento da maior f\u00e1brica de pensos para vac\u00fan de leite que existe en Espa\u00f1a e abordaron xunto \u00e1 directiva de AIRA os retos aos que se enfronta o sector no presente e no futuro m\u00e1is pr\u00f3ximo.<\/p>\n<p style=\"font-weight: 400;\">Trataron as\u00ed a necesidade, entre outras cuesti\u00f3ns, de mellorar o funcionamento e a aplicaci\u00f3n da Lei de Cadea Alimentaria para evitar que os produtores vendan por debaixo dos seus costes. As\u00ed como tam\u00e9n a formulaci\u00f3n dunha PAC que actualmente prima o criterio ideol\u00f3xico a costa do criterio dos produtores.<\/p>\n<p style=\"font-weight: 400;\">Desde o PPdeG trasladaron o seu compromiso de seguir defendendo a declaraci\u00f3n do sector l\u00e1cteo como estrat\u00e9xico \u2013proposta \u00e1 que se op\u00f3n o PSOE\u2013, reducir a burocracia e o impulsar medidas para garantir o relevo xeracional nas explotaci\u00f3ns gandeiras co obxectivo de asegurar o futuro neste eido en Galicia.<\/p>\n<p style=\"font-weight: 400;\">As\u00ed mesmo, Paula Prado e Adri\u00e1n V\u00e1zquez valoraron positivamente que o Partido Popular incida no seu programa en que o comisario europeo de Agricultura na vindeira lexislatura ten que ser membro do Grupo Popular, ademais de subli\u00f1ar a importancia de inclu\u00edr cl\u00e1usulas de leal competencia para protexer aos agricultores e gandeiros.<\/p>\n","protected":false},"excerpt":{"rendered":"<p>A secretaria xeral do PPdeG, Paula Prado, e o candidato do Partido Popular \u00e1s elecci\u00f3ns europeas Adri\u00e1n V\u00e1zquez visitaron hoxe as instalaci\u00f3ns da cooperativa agraria AIRA en Taboada acompa\u00f1ados polo coordinador de Medio Rural do PPdeG, Avelino Souto, o deputado nacional Francisco Conde e o portavoz do PP local, Ramiro Moure. Unha visita na que [&hellip;]<\/p>\n","protected":false},"author":40,"featured_media":63045,"comment_status":"open","ping_status":"open","sticky":false,"template":"","format":"standard","meta":{"_acf_changed":false,"footnotes":""},"categories":[1],"tags":[],"class_list":["post-63044","post","type-post","status-publish","format-standard","has-post-thumbnail","hentry","category-pp-de-galicia"],"acf":[],"yoast_head":"<!-- This site is optimized with the Yoast SEO plugin v27.3 - https:\/\/yoast.com\/product\/yoast-seo-wordpress\/ -->\n<title>Paula Prado e Adri\u00e1n V\u00e1zquez salientan a proposta do PP para que o comisario europeo de Agricultura sexa membro do Grupo Popular - PP de Galicia<\/title>\n<meta name=\"description\" content=\"A secretaria xeral do PPdeG, Paula Prado, e o candidato do Partido Popular \u00e1s elecci\u00f3ns europeas Adri\u00e1n V\u00e1zquez visitaron hoxe as instalaci\u00f3ns da cooperativa agraria AIRA en Taboada acompa\u00f1ados polo coordinador de Medio Rural do PPdeG, Avelino Souto, o deputado nacional Francisco Conde e o portavoz do PP local, Ramiro Moure.\" \/>\n<meta name=\"robots\" content=\"index, follow, max-snippet:-1, max-image-preview:large, max-video-preview:-1\" \/>\n<link rel=\"canonical\" href=\"https:\/\/ppdegalicia.com\/es\/paula-prado-e-adrian-vazquez-salientan-a-proposta-do-pp-para-que-o-comisario-europeo-de-agricultura-sexa-membro-do-grupo-popular\/\" \/>\n<meta property=\"og:locale\" content=\"es_ES\" \/>\n<meta property=\"og:type\" content=\"article\" \/>\n<meta property=\"og:title\" content=\"Paula Prado e Adri\u00e1n V\u00e1zquez salientan a proposta do PP para que o comisario europeo de Agricultura sexa membro do Grupo Popular - PP de Galicia\" \/>\n<meta property=\"og:description\" content=\"A secretaria xeral do PPdeG, Paula Prado, e o candidato do Partido Popular \u00e1s elecci\u00f3ns europeas Adri\u00e1n V\u00e1zquez visitaron hoxe as instalaci\u00f3ns da cooperativa agraria AIRA en Taboada acompa\u00f1ados polo coordinador de Medio Rural do PPdeG, Avelino Souto, o deputado nacional Francisco Conde e o portavoz do PP local, Ramiro Moure.\" \/>\n<meta property=\"og:url\" content=\"https:\/\/ppdegalicia.com\/es\/paula-prado-e-adrian-vazquez-salientan-a-proposta-do-pp-para-que-o-comisario-europeo-de-agricultura-sexa-membro-do-grupo-popular\/\" \/>\n<meta property=\"og:site_name\" content=\"PP de Galicia\" \/>\n<meta property=\"article:publisher\" content=\"https:\/\/www.instagram.com\/ppdegalicia\/\" \/>\n<meta property=\"article:published_time\" content=\"2024-06-04T12:20:11+00:00\" \/>\n<meta property=\"article:modified_time\" content=\"2024-06-10T12:21:23+00:00\" \/>\n<meta property=\"og:image\" content=\"https:\/\/ppdegalicia.com\/wp-content\/uploads\/2024\/06\/20240604_PPdeG_AIRATaboada_1.jpg\" \/>\n\t<meta property=\"og:image:width\" content=\"1728\" \/>\n\t<meta property=\"og:image:height\" content=\"1152\" \/>\n\t<meta property=\"og:image:type\" content=\"image\/jpeg\" \/>\n<meta name=\"author\" content=\"ppdegaliciaedtis\" \/>\n<meta name=\"twitter:card\" content=\"summary_large_image\" \/>\n<meta name=\"twitter:creator\" content=\"@ppdegalicia\" \/>\n<meta name=\"twitter:site\" content=\"@ppdegalicia\" \/>\n<meta name=\"twitter:label1\" content=\"Escrito por\" \/>\n\t<meta name=\"twitter:data1\" content=\"ppdegaliciaedtis\" \/>\n\t<meta name=\"twitter:label2\" content=\"Tiempo de lectura\" \/>\n\t<meta name=\"twitter:data2\" content=\"2 minutos\" \/>\n<script type=\"application\/ld+json\" class=\"yoast-schema-graph\">{\"@context\":\"https:\\\/\\\/schema.org\",\"@graph\":[{\"@type\":\"Article\",\"@id\":\"https:\\\/\\\/ppdegalicia.com\\\/es\\\/paula-prado-e-adrian-vazquez-salientan-a-proposta-do-pp-para-que-o-comisario-europeo-de-agricultura-sexa-membro-do-grupo-popular\\\/#article\",\"isPartOf\":{\"@id\":\"https:\\\/\\\/ppdegalicia.com\\\/es\\\/paula-prado-e-adrian-vazquez-salientan-a-proposta-do-pp-para-que-o-comisario-europeo-de-agricultura-sexa-membro-do-grupo-popular\\\/\"},\"author\":{\"name\":\"ppdegaliciaedtis\",\"@id\":\"https:\\\/\\\/ppdegalicia.com\\\/es\\\/#\\\/schema\\\/person\\\/bc9b46e59ebd34bf28611158c3867388\"},\"headline\":\"Paula Prado e Adri\u00e1n V\u00e1zquez salientan a proposta do PP para que o comisario europeo de Agricultura sexa membro do Grupo Popular\",\"datePublished\":\"2024-06-04T12:20:11+00:00\",\"dateModified\":\"2024-06-10T12:21:23+00:00\",\"mainEntityOfPage\":{\"@id\":\"https:\\\/\\\/ppdegalicia.com\\\/es\\\/paula-prado-e-adrian-vazquez-salientan-a-proposta-do-pp-para-que-o-comisario-europeo-de-agricultura-sexa-membro-do-grupo-popular\\\/\"},\"wordCount\":295,\"commentCount\":0,\"publisher\":{\"@id\":\"https:\\\/\\\/ppdegalicia.com\\\/es\\\/#organization\"},\"image\":{\"@id\":\"https:\\\/\\\/ppdegalicia.com\\\/es\\\/paula-prado-e-adrian-vazquez-salientan-a-proposta-do-pp-para-que-o-comisario-europeo-de-agricultura-sexa-membro-do-grupo-popular\\\/#primaryimage\"},\"thumbnailUrl\":\"https:\\\/\\\/ppdegalicia.com\\\/wp-content\\\/uploads\\\/2024\\\/06\\\/20240604_PPdeG_AIRATaboada_1.jpg\",\"articleSection\":[\"PP de Galicia\"],\"inLanguage\":\"es\",\"potentialAction\":[{\"@type\":\"CommentAction\",\"name\":\"Comment\",\"target\":[\"https:\\\/\\\/ppdegalicia.com\\\/es\\\/paula-prado-e-adrian-vazquez-salientan-a-proposta-do-pp-para-que-o-comisario-europeo-de-agricultura-sexa-membro-do-grupo-popular\\\/#respond\"]}]},{\"@type\":\"WebPage\",\"@id\":\"https:\\\/\\\/ppdegalicia.com\\\/es\\\/paula-prado-e-adrian-vazquez-salientan-a-proposta-do-pp-para-que-o-comisario-europeo-de-agricultura-sexa-membro-do-grupo-popular\\\/\",\"url\":\"https:\\\/\\\/ppdegalicia.com\\\/es\\\/paula-prado-e-adrian-vazquez-salientan-a-proposta-do-pp-para-que-o-comisario-europeo-de-agricultura-sexa-membro-do-grupo-popular\\\/\",\"name\":\"Paula Prado e Adri\u00e1n V\u00e1zquez salientan a proposta do PP para que o comisario europeo de Agricultura sexa membro do Grupo Popular - PP de Galicia\",\"isPartOf\":{\"@id\":\"https:\\\/\\\/ppdegalicia.com\\\/es\\\/#website\"},\"primaryImageOfPage\":{\"@id\":\"https:\\\/\\\/ppdegalicia.com\\\/es\\\/paula-prado-e-adrian-vazquez-salientan-a-proposta-do-pp-para-que-o-comisario-europeo-de-agricultura-sexa-membro-do-grupo-popular\\\/#primaryimage\"},\"image\":{\"@id\":\"https:\\\/\\\/ppdegalicia.com\\\/es\\\/paula-prado-e-adrian-vazquez-salientan-a-proposta-do-pp-para-que-o-comisario-europeo-de-agricultura-sexa-membro-do-grupo-popular\\\/#primaryimage\"},\"thumbnailUrl\":\"https:\\\/\\\/ppdegalicia.com\\\/wp-content\\\/uploads\\\/2024\\\/06\\\/20240604_PPdeG_AIRATaboada_1.jpg\",\"datePublished\":\"2024-06-04T12:20:11+00:00\",\"dateModified\":\"2024-06-10T12:21:23+00:00\",\"description\":\"A secretaria xeral do PPdeG, Paula Prado, e o candidato do Partido Popular \u00e1s elecci\u00f3ns europeas Adri\u00e1n V\u00e1zquez visitaron hoxe as instalaci\u00f3ns da cooperativa agraria AIRA en Taboada acompa\u00f1ados polo coordinador de Medio Rural do PPdeG, Avelino Souto, o deputado nacional Francisco Conde e o portavoz do PP local, Ramiro Moure.\",\"breadcrumb\":{\"@id\":\"https:\\\/\\\/ppdegalicia.com\\\/es\\\/paula-prado-e-adrian-vazquez-salientan-a-proposta-do-pp-para-que-o-comisario-europeo-de-agricultura-sexa-membro-do-grupo-popular\\\/#breadcrumb\"},\"inLanguage\":\"es\",\"potentialAction\":[{\"@type\":\"ReadAction\",\"target\":[\"https:\\\/\\\/ppdegalicia.com\\\/es\\\/paula-prado-e-adrian-vazquez-salientan-a-proposta-do-pp-para-que-o-comisario-europeo-de-agricultura-sexa-membro-do-grupo-popular\\\/\"]}]},{\"@type\":\"ImageObject\",\"inLanguage\":\"es\",\"@id\":\"https:\\\/\\\/ppdegalicia.com\\\/es\\\/paula-prado-e-adrian-vazquez-salientan-a-proposta-do-pp-para-que-o-comisario-europeo-de-agricultura-sexa-membro-do-grupo-popular\\\/#primaryimage\",\"url\":\"https:\\\/\\\/ppdegalicia.com\\\/wp-content\\\/uploads\\\/2024\\\/06\\\/20240604_PPdeG_AIRATaboada_1.jpg\",\"contentUrl\":\"https:\\\/\\\/ppdegalicia.com\\\/wp-content\\\/uploads\\\/2024\\\/06\\\/20240604_PPdeG_AIRATaboada_1.jpg\",\"width\":1728,\"height\":1152},{\"@type\":\"BreadcrumbList\",\"@id\":\"https:\\\/\\\/ppdegalicia.com\\\/es\\\/paula-prado-e-adrian-vazquez-salientan-a-proposta-do-pp-para-que-o-comisario-europeo-de-agricultura-sexa-membro-do-grupo-popular\\\/#breadcrumb\",\"itemListElement\":[{\"@type\":\"ListItem\",\"position\":1,\"name\":\"Portada\",\"item\":\"https:\\\/\\\/ppdegalicia.com\\\/es\\\/\"},{\"@type\":\"ListItem\",\"position\":2,\"name\":\"Paula Prado e Adri\u00e1n V\u00e1zquez salientan a proposta do PP para que o comisario europeo de Agricultura sexa membro do Grupo Popular\"}]},{\"@type\":\"WebSite\",\"@id\":\"https:\\\/\\\/ppdegalicia.com\\\/es\\\/#website\",\"url\":\"https:\\\/\\\/ppdegalicia.com\\\/es\\\/\",\"name\":\"Partido Popular de Galicia\",\"description\":\"Partido Popular de Galicia\",\"publisher\":{\"@id\":\"https:\\\/\\\/ppdegalicia.com\\\/es\\\/#organization\"},\"alternateName\":\"PP de Galicia\",\"potentialAction\":[{\"@type\":\"SearchAction\",\"target\":{\"@type\":\"EntryPoint\",\"urlTemplate\":\"https:\\\/\\\/ppdegalicia.com\\\/es\\\/?s={search_term_string}\"},\"query-input\":{\"@type\":\"PropertyValueSpecification\",\"valueRequired\":true,\"valueName\":\"search_term_string\"}}],\"inLanguage\":\"es\"},{\"@type\":\"Organization\",\"@id\":\"https:\\\/\\\/ppdegalicia.com\\\/es\\\/#organization\",\"name\":\"Partido Popular de Galicia\",\"alternateName\":\"PP de Galicia\",\"url\":\"https:\\\/\\\/ppdegalicia.com\\\/es\\\/\",\"logo\":{\"@type\":\"ImageObject\",\"inLanguage\":\"es\",\"@id\":\"https:\\\/\\\/ppdegalicia.com\\\/es\\\/#\\\/schema\\\/logo\\\/image\\\/\",\"url\":\"https:\\\/\\\/ppdegalicia.com\\\/wp-content\\\/uploads\\\/2023\\\/04\\\/logoPP512.png\",\"contentUrl\":\"https:\\\/\\\/ppdegalicia.com\\\/wp-content\\\/uploads\\\/2023\\\/04\\\/logoPP512.png\",\"width\":512,\"height\":512,\"caption\":\"Partido Popular de Galicia\"},\"image\":{\"@id\":\"https:\\\/\\\/ppdegalicia.com\\\/es\\\/#\\\/schema\\\/logo\\\/image\\\/\"},\"sameAs\":[\"https:\\\/\\\/www.instagram.com\\\/ppdegalicia\\\/\",\"https:\\\/\\\/x.com\\\/ppdegalicia\",\"https:\\\/\\\/www.tiktok.com\\\/@ppdegalicia\",\"https:\\\/\\\/www.youtube.com\\\/user\\\/ppdegalicia\"]},{\"@type\":\"Person\",\"@id\":\"https:\\\/\\\/ppdegalicia.com\\\/es\\\/#\\\/schema\\\/person\\\/bc9b46e59ebd34bf28611158c3867388\",\"name\":\"ppdegaliciaedtis\",\"image\":{\"@type\":\"ImageObject\",\"inLanguage\":\"es\",\"@id\":\"https:\\\/\\\/secure.gravatar.com\\\/avatar\\\/f9f8cf6e03df54a1b0d04a6b4b8e8c6bd63c10a439752e84d87a5385aefe2ced?s=96&d=mm&r=g\",\"url\":\"https:\\\/\\\/secure.gravatar.com\\\/avatar\\\/f9f8cf6e03df54a1b0d04a6b4b8e8c6bd63c10a439752e84d87a5385aefe2ced?s=96&d=mm&r=g\",\"contentUrl\":\"https:\\\/\\\/secure.gravatar.com\\\/avatar\\\/f9f8cf6e03df54a1b0d04a6b4b8e8c6bd63c10a439752e84d87a5385aefe2ced?s=96&d=mm&r=g\",\"caption\":\"ppdegaliciaedtis\"},\"url\":\"https:\\\/\\\/ppdegalicia.com\\\/es\\\/author\\\/ppdegaliciaedits\\\/\"}]}<\/script>\n<!-- \/ Yoast SEO plugin. -->","yoast_head_json":{"title":"Paula Prado e Adri\u00e1n V\u00e1zquez salientan a proposta do PP para que o comisario europeo de Agricultura sexa membro do Grupo Popular - PP de Galicia","description":"A secretaria xeral do PPdeG, Paula Prado, e o candidato do Partido Popular \u00e1s elecci\u00f3ns europeas Adri\u00e1n V\u00e1zquez visitaron hoxe as instalaci\u00f3ns da cooperativa agraria AIRA en Taboada acompa\u00f1ados polo coordinador de Medio Rural do PPdeG, Avelino Souto, o deputado nacional Francisco Conde e o portavoz do PP local, Ramiro Moure.","robots":{"index":"index","follow":"follow","max-snippet":"max-snippet:-1","max-image-preview":"max-image-preview:large","max-video-preview":"max-video-preview:-1"},"canonical":"https:\/\/ppdegalicia.com\/es\/paula-prado-e-adrian-vazquez-salientan-a-proposta-do-pp-para-que-o-comisario-europeo-de-agricultura-sexa-membro-do-grupo-popular\/","og_locale":"es_ES","og_type":"article","og_title":"Paula Prado e Adri\u00e1n V\u00e1zquez salientan a proposta do PP para que o comisario europeo de Agricultura sexa membro do Grupo Popular - PP de Galicia","og_description":"A secretaria xeral do PPdeG, Paula Prado, e o candidato do Partido Popular \u00e1s elecci\u00f3ns europeas Adri\u00e1n V\u00e1zquez visitaron hoxe as instalaci\u00f3ns da cooperativa agraria AIRA en Taboada acompa\u00f1ados polo coordinador de Medio Rural do PPdeG, Avelino Souto, o deputado nacional Francisco Conde e o portavoz do PP local, Ramiro Moure.","og_url":"https:\/\/ppdegalicia.com\/es\/paula-prado-e-adrian-vazquez-salientan-a-proposta-do-pp-para-que-o-comisario-europeo-de-agricultura-sexa-membro-do-grupo-popular\/","og_site_name":"PP de Galicia","article_publisher":"https:\/\/www.instagram.com\/ppdegalicia\/","article_published_time":"2024-06-04T12:20:11+00:00","article_modified_time":"2024-06-10T12:21:23+00:00","og_image":[{"width":1728,"height":1152,"url":"https:\/\/ppdegalicia.com\/wp-content\/uploads\/2024\/06\/20240604_PPdeG_AIRATaboada_1.jpg","type":"image\/jpeg"}],"author":"ppdegaliciaedtis","twitter_card":"summary_large_image","twitter_creator":"@ppdegalicia","twitter_site":"@ppdegalicia","twitter_misc":{"Escrito por":"ppdegaliciaedtis","Tiempo de lectura":"2 minutos"},"schema":{"@context":"https:\/\/schema.org","@graph":[{"@type":"Article","@id":"https:\/\/ppdegalicia.com\/es\/paula-prado-e-adrian-vazquez-salientan-a-proposta-do-pp-para-que-o-comisario-europeo-de-agricultura-sexa-membro-do-grupo-popular\/#article","isPartOf":{"@id":"https:\/\/ppdegalicia.com\/es\/paula-prado-e-adrian-vazquez-salientan-a-proposta-do-pp-para-que-o-comisario-europeo-de-agricultura-sexa-membro-do-grupo-popular\/"},"author":{"name":"ppdegaliciaedtis","@id":"https:\/\/ppdegalicia.com\/es\/#\/schema\/person\/bc9b46e59ebd34bf28611158c3867388"},"headline":"Paula Prado e Adri\u00e1n V\u00e1zquez salientan a proposta do PP para que o comisario europeo de Agricultura sexa membro do Grupo Popular","datePublished":"2024-06-04T12:20:11+00:00","dateModified":"2024-06-10T12:21:23+00:00","mainEntityOfPage":{"@id":"https:\/\/ppdegalicia.com\/es\/paula-prado-e-adrian-vazquez-salientan-a-proposta-do-pp-para-que-o-comisario-europeo-de-agricultura-sexa-membro-do-grupo-popular\/"},"wordCount":295,"commentCount":0,"publisher":{"@id":"https:\/\/ppdegalicia.com\/es\/#organization"},"image":{"@id":"https:\/\/ppdegalicia.com\/es\/paula-prado-e-adrian-vazquez-salientan-a-proposta-do-pp-para-que-o-comisario-europeo-de-agricultura-sexa-membro-do-grupo-popular\/#primaryimage"},"thumbnailUrl":"https:\/\/ppdegalicia.com\/wp-content\/uploads\/2024\/06\/20240604_PPdeG_AIRATaboada_1.jpg","articleSection":["PP de Galicia"],"inLanguage":"es","potentialAction":[{"@type":"CommentAction","name":"Comment","target":["https:\/\/ppdegalicia.com\/es\/paula-prado-e-adrian-vazquez-salientan-a-proposta-do-pp-para-que-o-comisario-europeo-de-agricultura-sexa-membro-do-grupo-popular\/#respond"]}]},{"@type":"WebPage","@id":"https:\/\/ppdegalicia.com\/es\/paula-prado-e-adrian-vazquez-salientan-a-proposta-do-pp-para-que-o-comisario-europeo-de-agricultura-sexa-membro-do-grupo-popular\/","url":"https:\/\/ppdegalicia.com\/es\/paula-prado-e-adrian-vazquez-salientan-a-proposta-do-pp-para-que-o-comisario-europeo-de-agricultura-sexa-membro-do-grupo-popular\/","name":"Paula Prado e Adri\u00e1n V\u00e1zquez salientan a proposta do PP para que o comisario europeo de Agricultura sexa membro do Grupo Popular - PP de Galicia","isPartOf":{"@id":"https:\/\/ppdegalicia.com\/es\/#website"},"primaryImageOfPage":{"@id":"https:\/\/ppdegalicia.com\/es\/paula-prado-e-adrian-vazquez-salientan-a-proposta-do-pp-para-que-o-comisario-europeo-de-agricultura-sexa-membro-do-grupo-popular\/#primaryimage"},"image":{"@id":"https:\/\/ppdegalicia.com\/es\/paula-prado-e-adrian-vazquez-salientan-a-proposta-do-pp-para-que-o-comisario-europeo-de-agricultura-sexa-membro-do-grupo-popular\/#primaryimage"},"thumbnailUrl":"https:\/\/ppdegalicia.com\/wp-content\/uploads\/2024\/06\/20240604_PPdeG_AIRATaboada_1.jpg","datePublished":"2024-06-04T12:20:11+00:00","dateModified":"2024-06-10T12:21:23+00:00","description":"A secretaria xeral do PPdeG, Paula Prado, e o candidato do Partido Popular \u00e1s elecci\u00f3ns europeas Adri\u00e1n V\u00e1zquez visitaron hoxe as instalaci\u00f3ns da cooperativa agraria AIRA en Taboada acompa\u00f1ados polo coordinador de Medio Rural do PPdeG, Avelino Souto, o deputado nacional Francisco Conde e o portavoz do PP local, Ramiro Moure.","breadcrumb":{"@id":"https:\/\/ppdegalicia.com\/es\/paula-prado-e-adrian-vazquez-salientan-a-proposta-do-pp-para-que-o-comisario-europeo-de-agricultura-sexa-membro-do-grupo-popular\/#breadcrumb"},"inLanguage":"es","potentialAction":[{"@type":"ReadAction","target":["https:\/\/ppdegalicia.com\/es\/paula-prado-e-adrian-vazquez-salientan-a-proposta-do-pp-para-que-o-comisario-europeo-de-agricultura-sexa-membro-do-grupo-popular\/"]}]},{"@type":"ImageObject","inLanguage":"es","@id":"https:\/\/ppdegalicia.com\/es\/paula-prado-e-adrian-vazquez-salientan-a-proposta-do-pp-para-que-o-comisario-europeo-de-agricultura-sexa-membro-do-grupo-popular\/#primaryimage","url":"https:\/\/ppdegalicia.com\/wp-content\/uploads\/2024\/06\/20240604_PPdeG_AIRATaboada_1.jpg","contentUrl":"https:\/\/ppdegalicia.com\/wp-content\/uploads\/2024\/06\/20240604_PPdeG_AIRATaboada_1.jpg","width":1728,"height":1152},{"@type":"BreadcrumbList","@id":"https:\/\/ppdegalicia.com\/es\/paula-prado-e-adrian-vazquez-salientan-a-proposta-do-pp-para-que-o-comisario-europeo-de-agricultura-sexa-membro-do-grupo-popular\/#breadcrumb","itemListElement":[{"@type":"ListItem","position":1,"name":"Portada","item":"https:\/\/ppdegalicia.com\/es\/"},{"@type":"ListItem","position":2,"name":"Paula Prado e Adri\u00e1n V\u00e1zquez salientan a proposta do PP para que o comisario europeo de Agricultura sexa membro do Grupo Popular"}]},{"@type":"WebSite","@id":"https:\/\/ppdegalicia.com\/es\/#website","url":"https:\/\/ppdegalicia.com\/es\/","name":"Partido Popular de Galicia","description":"Partido Popular de Galicia","publisher":{"@id":"https:\/\/ppdegalicia.com\/es\/#organization"},"alternateName":"PP de Galicia","potentialAction":[{"@type":"SearchAction","target":{"@type":"EntryPoint","urlTemplate":"https:\/\/ppdegalicia.com\/es\/?s={search_term_string}"},"query-input":{"@type":"PropertyValueSpecification","valueRequired":true,"valueName":"search_term_string"}}],"inLanguage":"es"},{"@type":"Organization","@id":"https:\/\/ppdegalicia.com\/es\/#organization","name":"Partido Popular de Galicia","alternateName":"PP de Galicia","url":"https:\/\/ppdegalicia.com\/es\/","logo":{"@type":"ImageObject","inLanguage":"es","@id":"https:\/\/ppdegalicia.com\/es\/#\/schema\/logo\/image\/","url":"https:\/\/ppdegalicia.com\/wp-content\/uploads\/2023\/04\/logoPP512.png","contentUrl":"https:\/\/ppdegalicia.com\/wp-content\/uploads\/2023\/04\/logoPP512.png","width":512,"height":512,"caption":"Partido Popular de Galicia"},"image":{"@id":"https:\/\/ppdegalicia.com\/es\/#\/schema\/logo\/image\/"},"sameAs":["https:\/\/www.instagram.com\/ppdegalicia\/","https:\/\/x.com\/ppdegalicia","https:\/\/www.tiktok.com\/@ppdegalicia","https:\/\/www.youtube.com\/user\/ppdegalicia"]},{"@type":"Person","@id":"https:\/\/ppdegalicia.com\/es\/#\/schema\/person\/bc9b46e59ebd34bf28611158c3867388","name":"ppdegaliciaedtis","image":{"@type":"ImageObject","inLanguage":"es","@id":"https:\/\/secure.gravatar.com\/avatar\/f9f8cf6e03df54a1b0d04a6b4b8e8c6bd63c10a439752e84d87a5385aefe2ced?s=96&d=mm&r=g","url":"https:\/\/secure.gravatar.com\/avatar\/f9f8cf6e03df54a1b0d04a6b4b8e8c6bd63c10a439752e84d87a5385aefe2ced?s=96&d=mm&r=g","contentUrl":"https:\/\/secure.gravatar.com\/avatar\/f9f8cf6e03df54a1b0d04a6b4b8e8c6bd63c10a439752e84d87a5385aefe2ced?s=96&d=mm&r=g","caption":"ppdegaliciaedtis"},"url":"https:\/\/ppdegalicia.com\/es\/author\/ppdegaliciaedits\/"}]}},"_links":{"self":[{"href":"https:\/\/ppdegalicia.com\/es\/wp-json\/wp\/v2\/posts\/63044","targetHints":{"allow":["GET"]}}],"collection":[{"href":"https:\/\/ppdegalicia.com\/es\/wp-json\/wp\/v2\/posts"}],"about":[{"href":"https:\/\/ppdegalicia.com\/es\/wp-json\/wp\/v2\/types\/post"}],"author":[{"embeddable":true,"href":"https:\/\/ppdegalicia.com\/es\/wp-json\/wp\/v2\/users\/40"}],"replies":[{"embeddable":true,"href":"https:\/\/ppdegalicia.com\/es\/wp-json\/wp\/v2\/comments?post=63044"}],"version-history":[{"count":1,"href":"https:\/\/ppdegalicia.com\/es\/wp-json\/wp\/v2\/posts\/63044\/revisions"}],"predecessor-version":[{"id":63047,"href":"https:\/\/ppdegalicia.com\/es\/wp-json\/wp\/v2\/posts\/63044\/revisions\/63047"}],"wp:featuredmedia":[{"embeddable":true,"href":"https:\/\/ppdegalicia.com\/es\/wp-json\/wp\/v2\/media\/63045"}],"wp:attachment":[{"href":"https:\/\/ppdegalicia.com\/es\/wp-json\/wp\/v2\/media?parent=63044"}],"wp:term":[{"taxonomy":"category","embeddable":true,"href":"https:\/\/ppdegalicia.com\/es\/wp-json\/wp\/v2\/categories?post=63044"},{"taxonomy":"post_tag","embeddable":true,"href":"https:\/\/ppdegalicia.com\/es\/wp-json\/wp\/v2\/tags?post=63044"}],"curies":[{"name":"wp","href":"https:\/\/api.w.org\/{rel}","templated":true}]}}