{"id":63064,"date":"2024-06-05T13:34:20","date_gmt":"2024-06-05T12:34:20","guid":{"rendered":"https:\/\/ppdegalicia.com\/?p=63064"},"modified":"2024-06-10T13:36:35","modified_gmt":"2024-06-10T12:36:35","slug":"o-ppdeg-aspira-a-estender-a-europa-un-modelo-de-coidado-do-medio-ambiente-afastado-do-sectarismo-ideoloxico-e-que-compatibilice-a-conservacion-natural-co-desenvolvemento-socioeconomico","status":"publish","type":"post","link":"https:\/\/ppdegalicia.com\/es\/o-ppdeg-aspira-a-estender-a-europa-un-modelo-de-coidado-do-medio-ambiente-afastado-do-sectarismo-ideoloxico-e-que-compatibilice-a-conservacion-natural-co-desenvolvemento-socioeconomico\/","title":{"rendered":"O PPdeG aspira a estender a Europa un modelo de coidado do medio ambiente afastado do sectarismo ideol\u00f3xico e que compatibilice a conservaci\u00f3n natural co desenvolvemento socioecon\u00f3mico"},"content":{"rendered":"<p style=\"font-weight: 400;\">O Partido Popular de Galicia incide na s\u00faa aposta por coidar do medio ambiente sen sectarismo ideol\u00f3xico e avoga por estender a Europa o modelo da nosa Comunidade, compatibilizando a conservaci\u00f3n natural co desenvolvemento socioecon\u00f3mico dos habitantes dos espazos naturais protexidos.<\/p>\n<p style=\"font-weight: 400;\">Coincidindo coa celebraci\u00f3n do D\u00eda Mundial do Medio Ambiente, os populares galegos quixeron salientar e po\u00f1er e valor a riqueza paisax\u00edstica e natural de Galicia realizando unha visita aos Penedos de Pasarela e Traba, entre os concellos coru\u00f1eses de Laxe e Vimianzo.<\/p>\n<p style=\"font-weight: 400;\">O acto estivo encabezado pola secretaria xeral do PPdeG, Paula Prado, e o candidato Francisco Mill\u00e1n Mon e nel participaron tam\u00e9n a responsable de Medio Ambiente e Cambio Clim\u00e1tico do Goberno galego, \u00c1ngeles V\u00e1zquez, a coordinadora de Medio Ambiente do PPdeG, Marisol D\u00edaz Mouteira, e alcaldes e voceiros da comarca.<\/p>\n<p style=\"font-weight: 400;\">A elecci\u00f3n do escenario non foi casual xa que, aparte de ser un lugar que destaca polo seu grande interese xeol\u00f3xico e por albergar miradoiros naturais \u00fanicos, tr\u00e1tase da primeira paisaxe protexida galega que contar\u00e1 cun plan de xesti\u00f3n co que se busca precisamente garantir\u00a0o desenvolvemento de actividades humanas compatibles coa conservaci\u00f3n deste espazo natural.<\/p>\n<p style=\"font-weight: 400;\">Este plan permitir\u00e1 facer unha diagnose precisa do seu estado e dos valores paisax\u00edsticos que \u00e9 preciso protexer e, en base a isto, establecer as medidas de planificaci\u00f3n e xesti\u00f3n que permitan o seu mantemento nun estado de conservaci\u00f3n favorable e ao mesmo tempo o uso p\u00fablico do espazo.<\/p>\n<p style=\"font-weight: 400;\">Para os populares galegos esta \u00e9 dunha gran oportunidade para o desenvolvemento das actividades econ\u00f3micas vinculadas ao sector tur\u00edstico, a hostalar\u00eda e o ocio compatibles coa conservaci\u00f3n dos seus valores ambientais e paisax\u00edsticos<\/p>\n<p style=\"font-weight: 400;\"><strong><u>A RESPOSTA INMEDIATA<\/u><\/strong><\/p>\n<p style=\"font-weight: 400;\">Tomando como referencia as actuaci\u00f3ns que se levan feito en Galicia nesta materia ao longo destes anos, desde o PPdeG tam\u00e9n salientan algunhas das medidas inclu\u00eddas entre as propostas que o Partido Popular impulsar\u00e1 en Europa nos primeiros seis meses de lexislatura.<\/p>\n<p style=\"font-weight: 400;\">O compromiso\u00a0co que os populares se presentan a estas elecci\u00f3ns ao Parlamento Europeo\u00a0pasa as\u00ed polo fomento de incentivos econ\u00f3micos e sociais para que tanto empresas como particulares contrib\u00faan cos seus h\u00e1bitos diarios \u00e1 loita contra o cambio clim\u00e1tico.<\/p>\n<p style=\"font-weight: 400;\">Propo\u00f1en\u00a0ademais a creaci\u00f3n dun distintivo, como xa existe en Galicia, para indicar a calidade no medio rural e premiar contornas estacadas para o turismo e a natureza: as \u2018bandeiras verdes\u2019. Un sistema similar \u00e1s \u2018bandeiras azuis\u2019, que reco\u00f1ecen as praias de gran calidade tur\u00edstica e que neste tempo amosaron ter un gran impacto na mellora das instalaci\u00f3ns tur\u00edsticas.<\/p>\n","protected":false},"excerpt":{"rendered":"<p>O Partido Popular de Galicia incide na s\u00faa aposta por coidar do medio ambiente sen sectarismo ideol\u00f3xico e avoga por estender a Europa o modelo da nosa Comunidade, compatibilizando a conservaci\u00f3n natural co desenvolvemento socioecon\u00f3mico dos habitantes dos espazos naturais protexidos. Coincidindo coa celebraci\u00f3n do D\u00eda Mundial do Medio Ambiente, os populares galegos quixeron salientar [&hellip;]<\/p>\n","protected":false},"author":40,"featured_media":63065,"comment_status":"open","ping_status":"open","sticky":false,"template":"","format":"standard","meta":{"_acf_changed":false,"footnotes":""},"categories":[1],"tags":[],"class_list":["post-63064","post","type-post","status-publish","format-standard","has-post-thumbnail","hentry","category-pp-de-galicia"],"acf":[],"yoast_head":"<!-- This site is optimized with the Yoast SEO plugin v27.3 - https:\/\/yoast.com\/product\/yoast-seo-wordpress\/ -->\n<title>O PPdeG aspira a estender a Europa un modelo de coidado do medio ambiente afastado do sectarismo ideol\u00f3xico e que compatibilice a conservaci\u00f3n natural co desenvolvemento socioecon\u00f3mico - PP de Galicia<\/title>\n<meta name=\"description\" content=\"O Partido Popular de Galicia incide na s\u00faa aposta por coidar do medio ambiente sen sectarismo ideol\u00f3xico e avoga por estender a Europa o modelo da nosa Comunidade, compatibilizando a conservaci\u00f3n natural co desenvolvemento socioecon\u00f3mico dos habitantes dos espazos naturais protexidos.\" \/>\n<meta name=\"robots\" content=\"index, follow, max-snippet:-1, max-image-preview:large, max-video-preview:-1\" \/>\n<link rel=\"canonical\" href=\"https:\/\/ppdegalicia.com\/es\/o-ppdeg-aspira-a-estender-a-europa-un-modelo-de-coidado-do-medio-ambiente-afastado-do-sectarismo-ideoloxico-e-que-compatibilice-a-conservacion-natural-co-desenvolvemento-socioeconomico\/\" \/>\n<meta property=\"og:locale\" content=\"es_ES\" \/>\n<meta property=\"og:type\" content=\"article\" \/>\n<meta property=\"og:title\" content=\"O PPdeG aspira a estender a Europa un modelo de coidado do medio ambiente afastado do sectarismo ideol\u00f3xico e que compatibilice a conservaci\u00f3n natural co desenvolvemento socioecon\u00f3mico - PP de Galicia\" \/>\n<meta property=\"og:description\" content=\"O Partido Popular de Galicia incide na s\u00faa aposta por coidar do medio ambiente sen sectarismo ideol\u00f3xico e avoga por estender a Europa o modelo da nosa Comunidade, compatibilizando a conservaci\u00f3n natural co desenvolvemento socioecon\u00f3mico dos habitantes dos espazos naturais protexidos.\" \/>\n<meta property=\"og:url\" content=\"https:\/\/ppdegalicia.com\/es\/o-ppdeg-aspira-a-estender-a-europa-un-modelo-de-coidado-do-medio-ambiente-afastado-do-sectarismo-ideoloxico-e-que-compatibilice-a-conservacion-natural-co-desenvolvemento-socioeconomico\/\" \/>\n<meta property=\"og:site_name\" content=\"PP de Galicia\" \/>\n<meta property=\"article:publisher\" content=\"https:\/\/www.instagram.com\/ppdegalicia\/\" \/>\n<meta property=\"article:published_time\" content=\"2024-06-05T12:34:20+00:00\" \/>\n<meta property=\"article:modified_time\" content=\"2024-06-10T12:36:35+00:00\" \/>\n<meta property=\"og:image\" content=\"https:\/\/ppdegalicia.com\/wp-content\/uploads\/2024\/06\/20240605-O-PPdeG-nos-Penedos-de-Pasarela-e-Traba-1-scaled.jpg\" \/>\n\t<meta property=\"og:image:width\" content=\"2560\" \/>\n\t<meta property=\"og:image:height\" content=\"1707\" \/>\n\t<meta property=\"og:image:type\" content=\"image\/jpeg\" \/>\n<meta name=\"author\" content=\"ppdegaliciaedtis\" \/>\n<meta name=\"twitter:card\" content=\"summary_large_image\" \/>\n<meta name=\"twitter:creator\" content=\"@ppdegalicia\" \/>\n<meta name=\"twitter:site\" content=\"@ppdegalicia\" \/>\n<meta name=\"twitter:label1\" content=\"Escrito por\" \/>\n\t<meta name=\"twitter:data1\" content=\"ppdegaliciaedtis\" \/>\n\t<meta name=\"twitter:label2\" content=\"Tiempo de lectura\" \/>\n\t<meta name=\"twitter:data2\" content=\"3 minutos\" \/>\n<script type=\"application\/ld+json\" class=\"yoast-schema-graph\">{\"@context\":\"https:\\\/\\\/schema.org\",\"@graph\":[{\"@type\":\"Article\",\"@id\":\"https:\\\/\\\/ppdegalicia.com\\\/es\\\/o-ppdeg-aspira-a-estender-a-europa-un-modelo-de-coidado-do-medio-ambiente-afastado-do-sectarismo-ideoloxico-e-que-compatibilice-a-conservacion-natural-co-desenvolvemento-socioeconomico\\\/#article\",\"isPartOf\":{\"@id\":\"https:\\\/\\\/ppdegalicia.com\\\/es\\\/o-ppdeg-aspira-a-estender-a-europa-un-modelo-de-coidado-do-medio-ambiente-afastado-do-sectarismo-ideoloxico-e-que-compatibilice-a-conservacion-natural-co-desenvolvemento-socioeconomico\\\/\"},\"author\":{\"name\":\"ppdegaliciaedtis\",\"@id\":\"https:\\\/\\\/ppdegalicia.com\\\/es\\\/#\\\/schema\\\/person\\\/bc9b46e59ebd34bf28611158c3867388\"},\"headline\":\"O PPdeG aspira a estender a Europa un modelo de coidado do medio ambiente afastado do sectarismo ideol\u00f3xico e que compatibilice a conservaci\u00f3n natural co desenvolvemento socioecon\u00f3mico\",\"datePublished\":\"2024-06-05T12:34:20+00:00\",\"dateModified\":\"2024-06-10T12:36:35+00:00\",\"mainEntityOfPage\":{\"@id\":\"https:\\\/\\\/ppdegalicia.com\\\/es\\\/o-ppdeg-aspira-a-estender-a-europa-un-modelo-de-coidado-do-medio-ambiente-afastado-do-sectarismo-ideoloxico-e-que-compatibilice-a-conservacion-natural-co-desenvolvemento-socioeconomico\\\/\"},\"wordCount\":485,\"commentCount\":0,\"publisher\":{\"@id\":\"https:\\\/\\\/ppdegalicia.com\\\/es\\\/#organization\"},\"image\":{\"@id\":\"https:\\\/\\\/ppdegalicia.com\\\/es\\\/o-ppdeg-aspira-a-estender-a-europa-un-modelo-de-coidado-do-medio-ambiente-afastado-do-sectarismo-ideoloxico-e-que-compatibilice-a-conservacion-natural-co-desenvolvemento-socioeconomico\\\/#primaryimage\"},\"thumbnailUrl\":\"https:\\\/\\\/ppdegalicia.com\\\/wp-content\\\/uploads\\\/2024\\\/06\\\/20240605-O-PPdeG-nos-Penedos-de-Pasarela-e-Traba-1-scaled.jpg\",\"articleSection\":[\"PP de Galicia\"],\"inLanguage\":\"es\",\"potentialAction\":[{\"@type\":\"CommentAction\",\"name\":\"Comment\",\"target\":[\"https:\\\/\\\/ppdegalicia.com\\\/es\\\/o-ppdeg-aspira-a-estender-a-europa-un-modelo-de-coidado-do-medio-ambiente-afastado-do-sectarismo-ideoloxico-e-que-compatibilice-a-conservacion-natural-co-desenvolvemento-socioeconomico\\\/#respond\"]}]},{\"@type\":\"WebPage\",\"@id\":\"https:\\\/\\\/ppdegalicia.com\\\/es\\\/o-ppdeg-aspira-a-estender-a-europa-un-modelo-de-coidado-do-medio-ambiente-afastado-do-sectarismo-ideoloxico-e-que-compatibilice-a-conservacion-natural-co-desenvolvemento-socioeconomico\\\/\",\"url\":\"https:\\\/\\\/ppdegalicia.com\\\/es\\\/o-ppdeg-aspira-a-estender-a-europa-un-modelo-de-coidado-do-medio-ambiente-afastado-do-sectarismo-ideoloxico-e-que-compatibilice-a-conservacion-natural-co-desenvolvemento-socioeconomico\\\/\",\"name\":\"O PPdeG aspira a estender a Europa un modelo de coidado do medio ambiente afastado do sectarismo ideol\u00f3xico e que compatibilice a conservaci\u00f3n natural co desenvolvemento socioecon\u00f3mico - PP de Galicia\",\"isPartOf\":{\"@id\":\"https:\\\/\\\/ppdegalicia.com\\\/es\\\/#website\"},\"primaryImageOfPage\":{\"@id\":\"https:\\\/\\\/ppdegalicia.com\\\/es\\\/o-ppdeg-aspira-a-estender-a-europa-un-modelo-de-coidado-do-medio-ambiente-afastado-do-sectarismo-ideoloxico-e-que-compatibilice-a-conservacion-natural-co-desenvolvemento-socioeconomico\\\/#primaryimage\"},\"image\":{\"@id\":\"https:\\\/\\\/ppdegalicia.com\\\/es\\\/o-ppdeg-aspira-a-estender-a-europa-un-modelo-de-coidado-do-medio-ambiente-afastado-do-sectarismo-ideoloxico-e-que-compatibilice-a-conservacion-natural-co-desenvolvemento-socioeconomico\\\/#primaryimage\"},\"thumbnailUrl\":\"https:\\\/\\\/ppdegalicia.com\\\/wp-content\\\/uploads\\\/2024\\\/06\\\/20240605-O-PPdeG-nos-Penedos-de-Pasarela-e-Traba-1-scaled.jpg\",\"datePublished\":\"2024-06-05T12:34:20+00:00\",\"dateModified\":\"2024-06-10T12:36:35+00:00\",\"description\":\"O Partido Popular de Galicia incide na s\u00faa aposta por coidar do medio ambiente sen sectarismo ideol\u00f3xico e avoga por estender a Europa o modelo da nosa Comunidade, compatibilizando a conservaci\u00f3n natural co desenvolvemento socioecon\u00f3mico dos habitantes dos espazos naturais protexidos.\",\"breadcrumb\":{\"@id\":\"https:\\\/\\\/ppdegalicia.com\\\/es\\\/o-ppdeg-aspira-a-estender-a-europa-un-modelo-de-coidado-do-medio-ambiente-afastado-do-sectarismo-ideoloxico-e-que-compatibilice-a-conservacion-natural-co-desenvolvemento-socioeconomico\\\/#breadcrumb\"},\"inLanguage\":\"es\",\"potentialAction\":[{\"@type\":\"ReadAction\",\"target\":[\"https:\\\/\\\/ppdegalicia.com\\\/es\\\/o-ppdeg-aspira-a-estender-a-europa-un-modelo-de-coidado-do-medio-ambiente-afastado-do-sectarismo-ideoloxico-e-que-compatibilice-a-conservacion-natural-co-desenvolvemento-socioeconomico\\\/\"]}]},{\"@type\":\"ImageObject\",\"inLanguage\":\"es\",\"@id\":\"https:\\\/\\\/ppdegalicia.com\\\/es\\\/o-ppdeg-aspira-a-estender-a-europa-un-modelo-de-coidado-do-medio-ambiente-afastado-do-sectarismo-ideoloxico-e-que-compatibilice-a-conservacion-natural-co-desenvolvemento-socioeconomico\\\/#primaryimage\",\"url\":\"https:\\\/\\\/ppdegalicia.com\\\/wp-content\\\/uploads\\\/2024\\\/06\\\/20240605-O-PPdeG-nos-Penedos-de-Pasarela-e-Traba-1-scaled.jpg\",\"contentUrl\":\"https:\\\/\\\/ppdegalicia.com\\\/wp-content\\\/uploads\\\/2024\\\/06\\\/20240605-O-PPdeG-nos-Penedos-de-Pasarela-e-Traba-1-scaled.jpg\",\"width\":2560,\"height\":1707},{\"@type\":\"BreadcrumbList\",\"@id\":\"https:\\\/\\\/ppdegalicia.com\\\/es\\\/o-ppdeg-aspira-a-estender-a-europa-un-modelo-de-coidado-do-medio-ambiente-afastado-do-sectarismo-ideoloxico-e-que-compatibilice-a-conservacion-natural-co-desenvolvemento-socioeconomico\\\/#breadcrumb\",\"itemListElement\":[{\"@type\":\"ListItem\",\"position\":1,\"name\":\"Portada\",\"item\":\"https:\\\/\\\/ppdegalicia.com\\\/es\\\/\"},{\"@type\":\"ListItem\",\"position\":2,\"name\":\"O PPdeG aspira a estender a Europa un modelo de coidado do medio ambiente afastado do sectarismo ideol\u00f3xico e que compatibilice a conservaci\u00f3n natural co desenvolvemento socioecon\u00f3mico\"}]},{\"@type\":\"WebSite\",\"@id\":\"https:\\\/\\\/ppdegalicia.com\\\/es\\\/#website\",\"url\":\"https:\\\/\\\/ppdegalicia.com\\\/es\\\/\",\"name\":\"Partido Popular de Galicia\",\"description\":\"Partido Popular de Galicia\",\"publisher\":{\"@id\":\"https:\\\/\\\/ppdegalicia.com\\\/es\\\/#organization\"},\"alternateName\":\"PP de Galicia\",\"potentialAction\":[{\"@type\":\"SearchAction\",\"target\":{\"@type\":\"EntryPoint\",\"urlTemplate\":\"https:\\\/\\\/ppdegalicia.com\\\/es\\\/?s={search_term_string}\"},\"query-input\":{\"@type\":\"PropertyValueSpecification\",\"valueRequired\":true,\"valueName\":\"search_term_string\"}}],\"inLanguage\":\"es\"},{\"@type\":\"Organization\",\"@id\":\"https:\\\/\\\/ppdegalicia.com\\\/es\\\/#organization\",\"name\":\"Partido Popular de Galicia\",\"alternateName\":\"PP de Galicia\",\"url\":\"https:\\\/\\\/ppdegalicia.com\\\/es\\\/\",\"logo\":{\"@type\":\"ImageObject\",\"inLanguage\":\"es\",\"@id\":\"https:\\\/\\\/ppdegalicia.com\\\/es\\\/#\\\/schema\\\/logo\\\/image\\\/\",\"url\":\"https:\\\/\\\/ppdegalicia.com\\\/wp-content\\\/uploads\\\/2023\\\/04\\\/logoPP512.png\",\"contentUrl\":\"https:\\\/\\\/ppdegalicia.com\\\/wp-content\\\/uploads\\\/2023\\\/04\\\/logoPP512.png\",\"width\":512,\"height\":512,\"caption\":\"Partido Popular de Galicia\"},\"image\":{\"@id\":\"https:\\\/\\\/ppdegalicia.com\\\/es\\\/#\\\/schema\\\/logo\\\/image\\\/\"},\"sameAs\":[\"https:\\\/\\\/www.instagram.com\\\/ppdegalicia\\\/\",\"https:\\\/\\\/x.com\\\/ppdegalicia\",\"https:\\\/\\\/www.tiktok.com\\\/@ppdegalicia\",\"https:\\\/\\\/www.youtube.com\\\/user\\\/ppdegalicia\"]},{\"@type\":\"Person\",\"@id\":\"https:\\\/\\\/ppdegalicia.com\\\/es\\\/#\\\/schema\\\/person\\\/bc9b46e59ebd34bf28611158c3867388\",\"name\":\"ppdegaliciaedtis\",\"image\":{\"@type\":\"ImageObject\",\"inLanguage\":\"es\",\"@id\":\"https:\\\/\\\/secure.gravatar.com\\\/avatar\\\/f9f8cf6e03df54a1b0d04a6b4b8e8c6bd63c10a439752e84d87a5385aefe2ced?s=96&d=mm&r=g\",\"url\":\"https:\\\/\\\/secure.gravatar.com\\\/avatar\\\/f9f8cf6e03df54a1b0d04a6b4b8e8c6bd63c10a439752e84d87a5385aefe2ced?s=96&d=mm&r=g\",\"contentUrl\":\"https:\\\/\\\/secure.gravatar.com\\\/avatar\\\/f9f8cf6e03df54a1b0d04a6b4b8e8c6bd63c10a439752e84d87a5385aefe2ced?s=96&d=mm&r=g\",\"caption\":\"ppdegaliciaedtis\"},\"url\":\"https:\\\/\\\/ppdegalicia.com\\\/es\\\/author\\\/ppdegaliciaedits\\\/\"}]}<\/script>\n<!-- \/ Yoast SEO plugin. -->","yoast_head_json":{"title":"O PPdeG aspira a estender a Europa un modelo de coidado do medio ambiente afastado do sectarismo ideol\u00f3xico e que compatibilice a conservaci\u00f3n natural co desenvolvemento socioecon\u00f3mico - PP de Galicia","description":"O Partido Popular de Galicia incide na s\u00faa aposta por coidar do medio ambiente sen sectarismo ideol\u00f3xico e avoga por estender a Europa o modelo da nosa Comunidade, compatibilizando a conservaci\u00f3n natural co desenvolvemento socioecon\u00f3mico dos habitantes dos espazos naturais protexidos.","robots":{"index":"index","follow":"follow","max-snippet":"max-snippet:-1","max-image-preview":"max-image-preview:large","max-video-preview":"max-video-preview:-1"},"canonical":"https:\/\/ppdegalicia.com\/es\/o-ppdeg-aspira-a-estender-a-europa-un-modelo-de-coidado-do-medio-ambiente-afastado-do-sectarismo-ideoloxico-e-que-compatibilice-a-conservacion-natural-co-desenvolvemento-socioeconomico\/","og_locale":"es_ES","og_type":"article","og_title":"O PPdeG aspira a estender a Europa un modelo de coidado do medio ambiente afastado do sectarismo ideol\u00f3xico e que compatibilice a conservaci\u00f3n natural co desenvolvemento socioecon\u00f3mico - PP de Galicia","og_description":"O Partido Popular de Galicia incide na s\u00faa aposta por coidar do medio ambiente sen sectarismo ideol\u00f3xico e avoga por estender a Europa o modelo da nosa Comunidade, compatibilizando a conservaci\u00f3n natural co desenvolvemento socioecon\u00f3mico dos habitantes dos espazos naturais protexidos.","og_url":"https:\/\/ppdegalicia.com\/es\/o-ppdeg-aspira-a-estender-a-europa-un-modelo-de-coidado-do-medio-ambiente-afastado-do-sectarismo-ideoloxico-e-que-compatibilice-a-conservacion-natural-co-desenvolvemento-socioeconomico\/","og_site_name":"PP de Galicia","article_publisher":"https:\/\/www.instagram.com\/ppdegalicia\/","article_published_time":"2024-06-05T12:34:20+00:00","article_modified_time":"2024-06-10T12:36:35+00:00","og_image":[{"width":2560,"height":1707,"url":"https:\/\/ppdegalicia.com\/wp-content\/uploads\/2024\/06\/20240605-O-PPdeG-nos-Penedos-de-Pasarela-e-Traba-1-scaled.jpg","type":"image\/jpeg"}],"author":"ppdegaliciaedtis","twitter_card":"summary_large_image","twitter_creator":"@ppdegalicia","twitter_site":"@ppdegalicia","twitter_misc":{"Escrito por":"ppdegaliciaedtis","Tiempo de lectura":"3 minutos"},"schema":{"@context":"https:\/\/schema.org","@graph":[{"@type":"Article","@id":"https:\/\/ppdegalicia.com\/es\/o-ppdeg-aspira-a-estender-a-europa-un-modelo-de-coidado-do-medio-ambiente-afastado-do-sectarismo-ideoloxico-e-que-compatibilice-a-conservacion-natural-co-desenvolvemento-socioeconomico\/#article","isPartOf":{"@id":"https:\/\/ppdegalicia.com\/es\/o-ppdeg-aspira-a-estender-a-europa-un-modelo-de-coidado-do-medio-ambiente-afastado-do-sectarismo-ideoloxico-e-que-compatibilice-a-conservacion-natural-co-desenvolvemento-socioeconomico\/"},"author":{"name":"ppdegaliciaedtis","@id":"https:\/\/ppdegalicia.com\/es\/#\/schema\/person\/bc9b46e59ebd34bf28611158c3867388"},"headline":"O PPdeG aspira a estender a Europa un modelo de coidado do medio ambiente afastado do sectarismo ideol\u00f3xico e que compatibilice a conservaci\u00f3n natural co desenvolvemento socioecon\u00f3mico","datePublished":"2024-06-05T12:34:20+00:00","dateModified":"2024-06-10T12:36:35+00:00","mainEntityOfPage":{"@id":"https:\/\/ppdegalicia.com\/es\/o-ppdeg-aspira-a-estender-a-europa-un-modelo-de-coidado-do-medio-ambiente-afastado-do-sectarismo-ideoloxico-e-que-compatibilice-a-conservacion-natural-co-desenvolvemento-socioeconomico\/"},"wordCount":485,"commentCount":0,"publisher":{"@id":"https:\/\/ppdegalicia.com\/es\/#organization"},"image":{"@id":"https:\/\/ppdegalicia.com\/es\/o-ppdeg-aspira-a-estender-a-europa-un-modelo-de-coidado-do-medio-ambiente-afastado-do-sectarismo-ideoloxico-e-que-compatibilice-a-conservacion-natural-co-desenvolvemento-socioeconomico\/#primaryimage"},"thumbnailUrl":"https:\/\/ppdegalicia.com\/wp-content\/uploads\/2024\/06\/20240605-O-PPdeG-nos-Penedos-de-Pasarela-e-Traba-1-scaled.jpg","articleSection":["PP de Galicia"],"inLanguage":"es","potentialAction":[{"@type":"CommentAction","name":"Comment","target":["https:\/\/ppdegalicia.com\/es\/o-ppdeg-aspira-a-estender-a-europa-un-modelo-de-coidado-do-medio-ambiente-afastado-do-sectarismo-ideoloxico-e-que-compatibilice-a-conservacion-natural-co-desenvolvemento-socioeconomico\/#respond"]}]},{"@type":"WebPage","@id":"https:\/\/ppdegalicia.com\/es\/o-ppdeg-aspira-a-estender-a-europa-un-modelo-de-coidado-do-medio-ambiente-afastado-do-sectarismo-ideoloxico-e-que-compatibilice-a-conservacion-natural-co-desenvolvemento-socioeconomico\/","url":"https:\/\/ppdegalicia.com\/es\/o-ppdeg-aspira-a-estender-a-europa-un-modelo-de-coidado-do-medio-ambiente-afastado-do-sectarismo-ideoloxico-e-que-compatibilice-a-conservacion-natural-co-desenvolvemento-socioeconomico\/","name":"O PPdeG aspira a estender a Europa un modelo de coidado do medio ambiente afastado do sectarismo ideol\u00f3xico e que compatibilice a conservaci\u00f3n natural co desenvolvemento socioecon\u00f3mico - PP de Galicia","isPartOf":{"@id":"https:\/\/ppdegalicia.com\/es\/#website"},"primaryImageOfPage":{"@id":"https:\/\/ppdegalicia.com\/es\/o-ppdeg-aspira-a-estender-a-europa-un-modelo-de-coidado-do-medio-ambiente-afastado-do-sectarismo-ideoloxico-e-que-compatibilice-a-conservacion-natural-co-desenvolvemento-socioeconomico\/#primaryimage"},"image":{"@id":"https:\/\/ppdegalicia.com\/es\/o-ppdeg-aspira-a-estender-a-europa-un-modelo-de-coidado-do-medio-ambiente-afastado-do-sectarismo-ideoloxico-e-que-compatibilice-a-conservacion-natural-co-desenvolvemento-socioeconomico\/#primaryimage"},"thumbnailUrl":"https:\/\/ppdegalicia.com\/wp-content\/uploads\/2024\/06\/20240605-O-PPdeG-nos-Penedos-de-Pasarela-e-Traba-1-scaled.jpg","datePublished":"2024-06-05T12:34:20+00:00","dateModified":"2024-06-10T12:36:35+00:00","description":"O Partido Popular de Galicia incide na s\u00faa aposta por coidar do medio ambiente sen sectarismo ideol\u00f3xico e avoga por estender a Europa o modelo da nosa Comunidade, compatibilizando a conservaci\u00f3n natural co desenvolvemento socioecon\u00f3mico dos habitantes dos espazos naturais protexidos.","breadcrumb":{"@id":"https:\/\/ppdegalicia.com\/es\/o-ppdeg-aspira-a-estender-a-europa-un-modelo-de-coidado-do-medio-ambiente-afastado-do-sectarismo-ideoloxico-e-que-compatibilice-a-conservacion-natural-co-desenvolvemento-socioeconomico\/#breadcrumb"},"inLanguage":"es","potentialAction":[{"@type":"ReadAction","target":["https:\/\/ppdegalicia.com\/es\/o-ppdeg-aspira-a-estender-a-europa-un-modelo-de-coidado-do-medio-ambiente-afastado-do-sectarismo-ideoloxico-e-que-compatibilice-a-conservacion-natural-co-desenvolvemento-socioeconomico\/"]}]},{"@type":"ImageObject","inLanguage":"es","@id":"https:\/\/ppdegalicia.com\/es\/o-ppdeg-aspira-a-estender-a-europa-un-modelo-de-coidado-do-medio-ambiente-afastado-do-sectarismo-ideoloxico-e-que-compatibilice-a-conservacion-natural-co-desenvolvemento-socioeconomico\/#primaryimage","url":"https:\/\/ppdegalicia.com\/wp-content\/uploads\/2024\/06\/20240605-O-PPdeG-nos-Penedos-de-Pasarela-e-Traba-1-scaled.jpg","contentUrl":"https:\/\/ppdegalicia.com\/wp-content\/uploads\/2024\/06\/20240605-O-PPdeG-nos-Penedos-de-Pasarela-e-Traba-1-scaled.jpg","width":2560,"height":1707},{"@type":"BreadcrumbList","@id":"https:\/\/ppdegalicia.com\/es\/o-ppdeg-aspira-a-estender-a-europa-un-modelo-de-coidado-do-medio-ambiente-afastado-do-sectarismo-ideoloxico-e-que-compatibilice-a-conservacion-natural-co-desenvolvemento-socioeconomico\/#breadcrumb","itemListElement":[{"@type":"ListItem","position":1,"name":"Portada","item":"https:\/\/ppdegalicia.com\/es\/"},{"@type":"ListItem","position":2,"name":"O PPdeG aspira a estender a Europa un modelo de coidado do medio ambiente afastado do sectarismo ideol\u00f3xico e que compatibilice a conservaci\u00f3n natural co desenvolvemento socioecon\u00f3mico"}]},{"@type":"WebSite","@id":"https:\/\/ppdegalicia.com\/es\/#website","url":"https:\/\/ppdegalicia.com\/es\/","name":"Partido Popular de Galicia","description":"Partido Popular de Galicia","publisher":{"@id":"https:\/\/ppdegalicia.com\/es\/#organization"},"alternateName":"PP de Galicia","potentialAction":[{"@type":"SearchAction","target":{"@type":"EntryPoint","urlTemplate":"https:\/\/ppdegalicia.com\/es\/?s={search_term_string}"},"query-input":{"@type":"PropertyValueSpecification","valueRequired":true,"valueName":"search_term_string"}}],"inLanguage":"es"},{"@type":"Organization","@id":"https:\/\/ppdegalicia.com\/es\/#organization","name":"Partido Popular de Galicia","alternateName":"PP de Galicia","url":"https:\/\/ppdegalicia.com\/es\/","logo":{"@type":"ImageObject","inLanguage":"es","@id":"https:\/\/ppdegalicia.com\/es\/#\/schema\/logo\/image\/","url":"https:\/\/ppdegalicia.com\/wp-content\/uploads\/2023\/04\/logoPP512.png","contentUrl":"https:\/\/ppdegalicia.com\/wp-content\/uploads\/2023\/04\/logoPP512.png","width":512,"height":512,"caption":"Partido Popular de Galicia"},"image":{"@id":"https:\/\/ppdegalicia.com\/es\/#\/schema\/logo\/image\/"},"sameAs":["https:\/\/www.instagram.com\/ppdegalicia\/","https:\/\/x.com\/ppdegalicia","https:\/\/www.tiktok.com\/@ppdegalicia","https:\/\/www.youtube.com\/user\/ppdegalicia"]},{"@type":"Person","@id":"https:\/\/ppdegalicia.com\/es\/#\/schema\/person\/bc9b46e59ebd34bf28611158c3867388","name":"ppdegaliciaedtis","image":{"@type":"ImageObject","inLanguage":"es","@id":"https:\/\/secure.gravatar.com\/avatar\/f9f8cf6e03df54a1b0d04a6b4b8e8c6bd63c10a439752e84d87a5385aefe2ced?s=96&d=mm&r=g","url":"https:\/\/secure.gravatar.com\/avatar\/f9f8cf6e03df54a1b0d04a6b4b8e8c6bd63c10a439752e84d87a5385aefe2ced?s=96&d=mm&r=g","contentUrl":"https:\/\/secure.gravatar.com\/avatar\/f9f8cf6e03df54a1b0d04a6b4b8e8c6bd63c10a439752e84d87a5385aefe2ced?s=96&d=mm&r=g","caption":"ppdegaliciaedtis"},"url":"https:\/\/ppdegalicia.com\/es\/author\/ppdegaliciaedits\/"}]}},"_links":{"self":[{"href":"https:\/\/ppdegalicia.com\/es\/wp-json\/wp\/v2\/posts\/63064","targetHints":{"allow":["GET"]}}],"collection":[{"href":"https:\/\/ppdegalicia.com\/es\/wp-json\/wp\/v2\/posts"}],"about":[{"href":"https:\/\/ppdegalicia.com\/es\/wp-json\/wp\/v2\/types\/post"}],"author":[{"embeddable":true,"href":"https:\/\/ppdegalicia.com\/es\/wp-json\/wp\/v2\/users\/40"}],"replies":[{"embeddable":true,"href":"https:\/\/ppdegalicia.com\/es\/wp-json\/wp\/v2\/comments?post=63064"}],"version-history":[{"count":1,"href":"https:\/\/ppdegalicia.com\/es\/wp-json\/wp\/v2\/posts\/63064\/revisions"}],"predecessor-version":[{"id":63067,"href":"https:\/\/ppdegalicia.com\/es\/wp-json\/wp\/v2\/posts\/63064\/revisions\/63067"}],"wp:featuredmedia":[{"embeddable":true,"href":"https:\/\/ppdegalicia.com\/es\/wp-json\/wp\/v2\/media\/63065"}],"wp:attachment":[{"href":"https:\/\/ppdegalicia.com\/es\/wp-json\/wp\/v2\/media?parent=63064"}],"wp:term":[{"taxonomy":"category","embeddable":true,"href":"https:\/\/ppdegalicia.com\/es\/wp-json\/wp\/v2\/categories?post=63064"},{"taxonomy":"post_tag","embeddable":true,"href":"https:\/\/ppdegalicia.com\/es\/wp-json\/wp\/v2\/tags?post=63064"}],"curies":[{"name":"wp","href":"https:\/\/api.w.org\/{rel}","templated":true}]}}