{"id":63076,"date":"2024-06-06T14:27:46","date_gmt":"2024-06-06T13:27:46","guid":{"rendered":"https:\/\/ppdegalicia.com\/?p=63076"},"modified":"2024-06-10T14:30:41","modified_gmt":"2024-06-10T13:30:41","slug":"alfonso-rueda-amosase-convencido-de-que-galicia-sera-parte-da-resposta-ante-europa-este-9-de-xuno-e-unha-peza-importante-da-vitoria-do-pp","status":"publish","type":"post","link":"https:\/\/ppdegalicia.com\/es\/alfonso-rueda-amosase-convencido-de-que-galicia-sera-parte-da-resposta-ante-europa-este-9-de-xuno-e-unha-peza-importante-da-vitoria-do-pp\/","title":{"rendered":"Alfonso Rueda am\u00f3sase convencido de que Galicia ser\u00e1 parte da resposta ante Europa este 9 de xu\u00f1o e unha peza importante da vitoria do PP"},"content":{"rendered":"<p style=\"font-weight: 400;\">O presidente do PPdeG, Alfonso Rueda, amosouse hoxe convencido, na recta final da campa\u00f1a das europeas, de que Galicia ser\u00e1 parte da resposta que a cidadan\u00eda dar\u00e1 ante Europa este domingo e ademais unha peza importante da vitoria do Partido Popular.<\/p>\n<p style=\"font-weight: 400;\">Nun mitin celebrado en Pontevedra, o l\u00edder dos populares galegos afirmou que o vindeiro domingo o partido volver\u00e1 a examinarse e que, ou o resultado \u00e9 moi contundente. De a\u00ed a importancia de que este domingo todos vaian votar e animen aos seus a facelo tam\u00e9n.<\/p>\n<p style=\"font-weight: 400;\">Fronte aos que intentar\u00e1n utilizar estas elecci\u00f3ns para validar todo o que levan feito este tempo, a cidadan\u00eda atopar\u00e1 sempre a resposta no Partido Popular: un partido que mant\u00e9n vixentes os seus compromisos, que sempre d\u00e1 a cara, que antep\u00f3n sempre os intereses xerais e que defende a igualdade de todos os espa\u00f1ois.<\/p>\n<p style=\"font-weight: 400;\">Do lado contrario, explicou, a alternativa ser\u00eda unha esquerda que fai todo o contrario do que promete, usa as instituci\u00f3ns no seu beneficio, foxe das explicaci\u00f3ns, s\u00f3 pensa na s\u00faa supervivencia e beneficia a uns a conta de outros con amnist\u00edas e regalos fiscais.<\/p>\n<p style=\"font-weight: 400;\">Ante todo isto, continuou, Galicia \u00e9 e ser\u00e1 sempre a resposta. Porque, fronte aos que te\u00f1en o pa\u00eds paralizado, os galegos contan cun Goberno traballando a pleno rendemento dese o primeiro d\u00eda.<\/p>\n<p style=\"font-weight: 400;\">Do mesmo xeito que, fronte aos que queren unha Espa\u00f1a d\u00e9bil, os galegos s\u00e9ntense orgullosos de ser ao tempo galegos e espa\u00f1ois. Galicia \u00e9, en definitiva, a resposta do sentidi\u00f1o e a concordia contra quen s\u00f3 pretende levantar muros.<\/p>\n<p style=\"font-weight: 400;\"><strong><u>MILL\u00c1N MON: \u201c\u00c9 A OPORTUNIDADE DE RESPONDER\u201d<\/u><\/strong><\/p>\n<p style=\"font-weight: 400;\">O candidato Francisco Mill\u00e1n Mon quixo agradecer ao Partido Popular de Pontevedra o traballo realizado durante esta campa\u00f1a. Sinalou que a provincia de Pontevedra \u00e9 a terceira exportadora en Espa\u00f1a e, polo tanto, unha provincia que ten moito que dicir en Espa\u00f1a e en Europa. \u201cA mi\u00f1a cidade e a mi\u00f1a provincia poden estar tranquilas, xa que seguirei defendendo os seus intereses en Bruxelas o pr\u00f3ximos cinco anos, como levo facendo todos estes anos\u201d, subli\u00f1ou.<\/p>\n<p style=\"font-weight: 400;\">Reiterou que estas elecci\u00f3ns son moi importantes para a Uni\u00f3n Europea, pero tam\u00e9n para Galicia e para Espa\u00f1a. Subli\u00f1ando aspectos cruciais para o seu benestar como a pesca, a industria, a agricultura e gander\u00eda, infraestruturas, transporte, enerx\u00eda, financiamento ou comercio exterior.<\/p>\n<p style=\"font-weight: 400;\">Por \u00faltimo, Mill\u00e1n Mon pediu unha alta participaci\u00f3n o pr\u00f3ximo 9 de xu\u00f1o para que o Partido Popular volva ser a opci\u00f3n preferida polos galegos nas urnas:\u00a0\u201c\u00c9 unha oportunidade para todos os pontevedreses e galegos -e tam\u00e9n para todos os espa\u00f1ois- de responder \u00e1s pol\u00edticas populistas e profundamente prexudiciais de S\u00e1nchez, as\u00ed como de facer o\u00edr as s\u00faas voces en Europa\u201d.<\/p>\n<p style=\"font-weight: 400;\"><strong><u>LUIS L\u00d3PEZ: \u201cSIGAMOS POLO BO CAMI\u00d1O\u201d<\/u><\/strong><\/p>\n<p style=\"font-weight: 400;\">Pola s\u00faa banda, o presidente provincial de Pontevedra, Luis L\u00f3pez, deu comezo \u00e1 s\u00faa intervenci\u00f3n agradecendo ao PPdeG a elecci\u00f3n de Pontevedra para comezar e tam\u00e9n para case rematar esta importante campa\u00f1a electoral.<\/p>\n<p style=\"font-weight: 400;\">\u201cCelebramos que hai un ano aqu\u00ed ga\u00f1amos \u2013da man de Rafa Dom\u00ednguez\u2014 con rotundidade unhas elecci\u00f3ns, fronte a unha alianza de partidos perdedores que racharon nada m\u00e1is comezar o mandato. Celebramos que o sectarismo do PSOE e dese BNG pasoulle factura nesa mesma noite, cando recuperamos a Deputaci\u00f3n de Pontevedra para toda a provincia, e celebramos que en febreiro Alfonso Rueda conquistou a s\u00faa primeira maior\u00eda absoluta, que consolida a Galicia como unha referencia pol\u00edtica en Espa\u00f1a\u201d, destacou o dirixente provincial.<\/p>\n<p style=\"font-weight: 400;\">Lu\u00eds L\u00f3pez indicou que despois de despois de lograr a vitoria en Pontevedra, en Galicia e tam\u00e9n en Espa\u00f1a, agora dende o PP imos a polo triunfo en Europa: \u201cO progreso da nosa provincia e de toda Galicia pasa, si ou si, polo que se decide en Europa e iso \u00e9 o que est\u00e1 en xogo o vindeiro 9 de xu\u00f1o\u201d.<\/p>\n<p style=\"font-weight: 400;\">\u201cPara axudar a seguir polo bo cami\u00f1o no que vai a provincia contamos con dous grandes gu\u00edas, os dous pontevedreses, que son os nosos candidatos. Contamos con Francisco Mill\u00e1n Mon, que ten a experiencia imprescindible para defender os nosos intereses en Bruxelas e con Adri\u00e1n V\u00e1zquez, outro baluarte da pol\u00edtica con mai\u00fasculas que sabe ben o que precisa esta provincia\u201d, rematou Lu\u00eds L\u00f3pez.<\/p>\n<p style=\"font-weight: 400;\"><strong><u>RAFA DOM\u00cdNGUEZ: \u201cVOTEMOS POR UN FUTURO DE OPORTUNIDADES\u201d<\/u><\/strong><\/p>\n<p style=\"font-weight: 400;\">O presidente do Partido Popular local de Pontevedra, Rafa Dom\u00ednguez, fixo un chamamento aos veci\u00f1os da s\u00faa cidade para que vaian votar este domingo \u201cpor un futuro de oportunidades e prosperidade\u201d.<\/p>\n<p style=\"font-weight: 400;\">O ciclo electoral dos \u00faltimos meses, con vitorias contundentes na capital da provincia, pon de manifesto na s\u00faa opini\u00f3n que \u201csomos a opci\u00f3n favorita dos pontevedreses que queren un incremento das oportunidades laborais, unha mellora dos servizos sociais e unha Pontevedra en constante crecemento, que se aproveite dos fondos econ\u00f3micos que Europa pon a disposici\u00f3n dos diferentes pa\u00edses para executar proxectos de relevancia nas s\u00faas cidades\u201d.<\/p>\n<p style=\"font-weight: 400;\">Dom\u00ednguez puxo nunha balanza as pol\u00edticas moderadas e afianzadas en Europa polo candidato \u00e1 reelecci\u00f3n Francisco Mill\u00e1n Mon, en materias tan importantes para Galicia como \u00e9 o sector da pesca, coa \u201csombra de corrupci\u00f3n que rodea ao goberno de Pedro S\u00e1nchez, que sae na prensa internacional pola investigaci\u00f3n xudicial de Bego\u00f1a G\u00f3mez en vez de por defender os intereses de Espa\u00f1a no estranxeiro\u201d.<\/p>\n","protected":false},"excerpt":{"rendered":"<p>O presidente do PPdeG, Alfonso Rueda, amosouse hoxe convencido, na recta final da campa\u00f1a das europeas, de que Galicia ser\u00e1 parte da resposta que a cidadan\u00eda dar\u00e1 ante Europa este domingo e ademais unha peza importante da vitoria do Partido Popular. Nun mitin celebrado en Pontevedra, o l\u00edder dos populares galegos afirmou que o vindeiro [&hellip;]<\/p>\n","protected":false},"author":40,"featured_media":63077,"comment_status":"open","ping_status":"open","sticky":false,"template":"","format":"standard","meta":{"_acf_changed":false,"footnotes":""},"categories":[1],"tags":[],"class_list":["post-63076","post","type-post","status-publish","format-standard","has-post-thumbnail","hentry","category-pp-de-galicia"],"acf":[],"yoast_head":"<!-- This site is optimized with the Yoast SEO plugin v27.3 - https:\/\/yoast.com\/product\/yoast-seo-wordpress\/ -->\n<title>Alfonso Rueda am\u00f3sase convencido de que Galicia ser\u00e1 parte da resposta ante Europa este 9 de xu\u00f1o e unha peza importante da vitoria do PP - PP de Galicia<\/title>\n<meta name=\"description\" content=\"O presidente do PPdeG, Alfonso Rueda, amosouse hoxe convencido, na recta final da campa\u00f1a das europeas, de que Galicia ser\u00e1 parte da resposta que a cidadan\u00eda dar\u00e1 ante Europa este domingo e ademais unha peza importante da vitoria do Partido Popular.\" \/>\n<meta name=\"robots\" content=\"index, follow, max-snippet:-1, max-image-preview:large, max-video-preview:-1\" \/>\n<link rel=\"canonical\" href=\"https:\/\/ppdegalicia.com\/es\/alfonso-rueda-amosase-convencido-de-que-galicia-sera-parte-da-resposta-ante-europa-este-9-de-xuno-e-unha-peza-importante-da-vitoria-do-pp\/\" \/>\n<meta property=\"og:locale\" content=\"es_ES\" \/>\n<meta property=\"og:type\" content=\"article\" \/>\n<meta property=\"og:title\" content=\"Alfonso Rueda am\u00f3sase convencido de que Galicia ser\u00e1 parte da resposta ante Europa este 9 de xu\u00f1o e unha peza importante da vitoria do PP - PP de Galicia\" \/>\n<meta property=\"og:description\" content=\"O presidente do PPdeG, Alfonso Rueda, amosouse hoxe convencido, na recta final da campa\u00f1a das europeas, de que Galicia ser\u00e1 parte da resposta que a cidadan\u00eda dar\u00e1 ante Europa este domingo e ademais unha peza importante da vitoria do Partido Popular.\" \/>\n<meta property=\"og:url\" content=\"https:\/\/ppdegalicia.com\/es\/alfonso-rueda-amosase-convencido-de-que-galicia-sera-parte-da-resposta-ante-europa-este-9-de-xuno-e-unha-peza-importante-da-vitoria-do-pp\/\" \/>\n<meta property=\"og:site_name\" content=\"PP de Galicia\" \/>\n<meta property=\"article:publisher\" content=\"https:\/\/www.instagram.com\/ppdegalicia\/\" \/>\n<meta property=\"article:published_time\" content=\"2024-06-06T13:27:46+00:00\" \/>\n<meta property=\"article:modified_time\" content=\"2024-06-10T13:30:41+00:00\" \/>\n<meta property=\"og:image\" content=\"https:\/\/ppdegalicia.com\/wp-content\/uploads\/2024\/06\/20240606_ARueda_Pontevedra1-scaled.jpg\" \/>\n\t<meta property=\"og:image:width\" content=\"2560\" \/>\n\t<meta property=\"og:image:height\" content=\"1707\" \/>\n\t<meta property=\"og:image:type\" content=\"image\/jpeg\" \/>\n<meta name=\"author\" content=\"ppdegaliciaedtis\" \/>\n<meta name=\"twitter:card\" content=\"summary_large_image\" \/>\n<meta name=\"twitter:creator\" content=\"@ppdegalicia\" \/>\n<meta name=\"twitter:site\" content=\"@ppdegalicia\" \/>\n<meta name=\"twitter:label1\" content=\"Escrito por\" \/>\n\t<meta name=\"twitter:data1\" content=\"ppdegaliciaedtis\" \/>\n\t<meta name=\"twitter:label2\" content=\"Tiempo de lectura\" \/>\n\t<meta name=\"twitter:data2\" content=\"5 minutos\" \/>\n<script type=\"application\/ld+json\" class=\"yoast-schema-graph\">{\"@context\":\"https:\\\/\\\/schema.org\",\"@graph\":[{\"@type\":\"Article\",\"@id\":\"https:\\\/\\\/ppdegalicia.com\\\/es\\\/alfonso-rueda-amosase-convencido-de-que-galicia-sera-parte-da-resposta-ante-europa-este-9-de-xuno-e-unha-peza-importante-da-vitoria-do-pp\\\/#article\",\"isPartOf\":{\"@id\":\"https:\\\/\\\/ppdegalicia.com\\\/es\\\/alfonso-rueda-amosase-convencido-de-que-galicia-sera-parte-da-resposta-ante-europa-este-9-de-xuno-e-unha-peza-importante-da-vitoria-do-pp\\\/\"},\"author\":{\"name\":\"ppdegaliciaedtis\",\"@id\":\"https:\\\/\\\/ppdegalicia.com\\\/es\\\/#\\\/schema\\\/person\\\/bc9b46e59ebd34bf28611158c3867388\"},\"headline\":\"Alfonso Rueda am\u00f3sase convencido de que Galicia ser\u00e1 parte da resposta ante Europa este 9 de xu\u00f1o e unha peza importante da vitoria do PP\",\"datePublished\":\"2024-06-06T13:27:46+00:00\",\"dateModified\":\"2024-06-10T13:30:41+00:00\",\"mainEntityOfPage\":{\"@id\":\"https:\\\/\\\/ppdegalicia.com\\\/es\\\/alfonso-rueda-amosase-convencido-de-que-galicia-sera-parte-da-resposta-ante-europa-este-9-de-xuno-e-unha-peza-importante-da-vitoria-do-pp\\\/\"},\"wordCount\":969,\"commentCount\":0,\"publisher\":{\"@id\":\"https:\\\/\\\/ppdegalicia.com\\\/es\\\/#organization\"},\"image\":{\"@id\":\"https:\\\/\\\/ppdegalicia.com\\\/es\\\/alfonso-rueda-amosase-convencido-de-que-galicia-sera-parte-da-resposta-ante-europa-este-9-de-xuno-e-unha-peza-importante-da-vitoria-do-pp\\\/#primaryimage\"},\"thumbnailUrl\":\"https:\\\/\\\/ppdegalicia.com\\\/wp-content\\\/uploads\\\/2024\\\/06\\\/20240606_ARueda_Pontevedra1-scaled.jpg\",\"articleSection\":[\"PP de Galicia\"],\"inLanguage\":\"es\",\"potentialAction\":[{\"@type\":\"CommentAction\",\"name\":\"Comment\",\"target\":[\"https:\\\/\\\/ppdegalicia.com\\\/es\\\/alfonso-rueda-amosase-convencido-de-que-galicia-sera-parte-da-resposta-ante-europa-este-9-de-xuno-e-unha-peza-importante-da-vitoria-do-pp\\\/#respond\"]}]},{\"@type\":\"WebPage\",\"@id\":\"https:\\\/\\\/ppdegalicia.com\\\/es\\\/alfonso-rueda-amosase-convencido-de-que-galicia-sera-parte-da-resposta-ante-europa-este-9-de-xuno-e-unha-peza-importante-da-vitoria-do-pp\\\/\",\"url\":\"https:\\\/\\\/ppdegalicia.com\\\/es\\\/alfonso-rueda-amosase-convencido-de-que-galicia-sera-parte-da-resposta-ante-europa-este-9-de-xuno-e-unha-peza-importante-da-vitoria-do-pp\\\/\",\"name\":\"Alfonso Rueda am\u00f3sase convencido de que Galicia ser\u00e1 parte da resposta ante Europa este 9 de xu\u00f1o e unha peza importante da vitoria do PP - PP de Galicia\",\"isPartOf\":{\"@id\":\"https:\\\/\\\/ppdegalicia.com\\\/es\\\/#website\"},\"primaryImageOfPage\":{\"@id\":\"https:\\\/\\\/ppdegalicia.com\\\/es\\\/alfonso-rueda-amosase-convencido-de-que-galicia-sera-parte-da-resposta-ante-europa-este-9-de-xuno-e-unha-peza-importante-da-vitoria-do-pp\\\/#primaryimage\"},\"image\":{\"@id\":\"https:\\\/\\\/ppdegalicia.com\\\/es\\\/alfonso-rueda-amosase-convencido-de-que-galicia-sera-parte-da-resposta-ante-europa-este-9-de-xuno-e-unha-peza-importante-da-vitoria-do-pp\\\/#primaryimage\"},\"thumbnailUrl\":\"https:\\\/\\\/ppdegalicia.com\\\/wp-content\\\/uploads\\\/2024\\\/06\\\/20240606_ARueda_Pontevedra1-scaled.jpg\",\"datePublished\":\"2024-06-06T13:27:46+00:00\",\"dateModified\":\"2024-06-10T13:30:41+00:00\",\"description\":\"O presidente do PPdeG, Alfonso Rueda, amosouse hoxe convencido, na recta final da campa\u00f1a das europeas, de que Galicia ser\u00e1 parte da resposta que a cidadan\u00eda dar\u00e1 ante Europa este domingo e ademais unha peza importante da vitoria do Partido Popular.\",\"breadcrumb\":{\"@id\":\"https:\\\/\\\/ppdegalicia.com\\\/es\\\/alfonso-rueda-amosase-convencido-de-que-galicia-sera-parte-da-resposta-ante-europa-este-9-de-xuno-e-unha-peza-importante-da-vitoria-do-pp\\\/#breadcrumb\"},\"inLanguage\":\"es\",\"potentialAction\":[{\"@type\":\"ReadAction\",\"target\":[\"https:\\\/\\\/ppdegalicia.com\\\/es\\\/alfonso-rueda-amosase-convencido-de-que-galicia-sera-parte-da-resposta-ante-europa-este-9-de-xuno-e-unha-peza-importante-da-vitoria-do-pp\\\/\"]}]},{\"@type\":\"ImageObject\",\"inLanguage\":\"es\",\"@id\":\"https:\\\/\\\/ppdegalicia.com\\\/es\\\/alfonso-rueda-amosase-convencido-de-que-galicia-sera-parte-da-resposta-ante-europa-este-9-de-xuno-e-unha-peza-importante-da-vitoria-do-pp\\\/#primaryimage\",\"url\":\"https:\\\/\\\/ppdegalicia.com\\\/wp-content\\\/uploads\\\/2024\\\/06\\\/20240606_ARueda_Pontevedra1-scaled.jpg\",\"contentUrl\":\"https:\\\/\\\/ppdegalicia.com\\\/wp-content\\\/uploads\\\/2024\\\/06\\\/20240606_ARueda_Pontevedra1-scaled.jpg\",\"width\":2560,\"height\":1707},{\"@type\":\"BreadcrumbList\",\"@id\":\"https:\\\/\\\/ppdegalicia.com\\\/es\\\/alfonso-rueda-amosase-convencido-de-que-galicia-sera-parte-da-resposta-ante-europa-este-9-de-xuno-e-unha-peza-importante-da-vitoria-do-pp\\\/#breadcrumb\",\"itemListElement\":[{\"@type\":\"ListItem\",\"position\":1,\"name\":\"Portada\",\"item\":\"https:\\\/\\\/ppdegalicia.com\\\/es\\\/\"},{\"@type\":\"ListItem\",\"position\":2,\"name\":\"Alfonso Rueda am\u00f3sase convencido de que Galicia ser\u00e1 parte da resposta ante Europa este 9 de xu\u00f1o e unha peza importante da vitoria do PP\"}]},{\"@type\":\"WebSite\",\"@id\":\"https:\\\/\\\/ppdegalicia.com\\\/es\\\/#website\",\"url\":\"https:\\\/\\\/ppdegalicia.com\\\/es\\\/\",\"name\":\"Partido Popular de Galicia\",\"description\":\"Partido Popular de Galicia\",\"publisher\":{\"@id\":\"https:\\\/\\\/ppdegalicia.com\\\/es\\\/#organization\"},\"alternateName\":\"PP de Galicia\",\"potentialAction\":[{\"@type\":\"SearchAction\",\"target\":{\"@type\":\"EntryPoint\",\"urlTemplate\":\"https:\\\/\\\/ppdegalicia.com\\\/es\\\/?s={search_term_string}\"},\"query-input\":{\"@type\":\"PropertyValueSpecification\",\"valueRequired\":true,\"valueName\":\"search_term_string\"}}],\"inLanguage\":\"es\"},{\"@type\":\"Organization\",\"@id\":\"https:\\\/\\\/ppdegalicia.com\\\/es\\\/#organization\",\"name\":\"Partido Popular de Galicia\",\"alternateName\":\"PP de Galicia\",\"url\":\"https:\\\/\\\/ppdegalicia.com\\\/es\\\/\",\"logo\":{\"@type\":\"ImageObject\",\"inLanguage\":\"es\",\"@id\":\"https:\\\/\\\/ppdegalicia.com\\\/es\\\/#\\\/schema\\\/logo\\\/image\\\/\",\"url\":\"https:\\\/\\\/ppdegalicia.com\\\/wp-content\\\/uploads\\\/2023\\\/04\\\/logoPP512.png\",\"contentUrl\":\"https:\\\/\\\/ppdegalicia.com\\\/wp-content\\\/uploads\\\/2023\\\/04\\\/logoPP512.png\",\"width\":512,\"height\":512,\"caption\":\"Partido Popular de Galicia\"},\"image\":{\"@id\":\"https:\\\/\\\/ppdegalicia.com\\\/es\\\/#\\\/schema\\\/logo\\\/image\\\/\"},\"sameAs\":[\"https:\\\/\\\/www.instagram.com\\\/ppdegalicia\\\/\",\"https:\\\/\\\/x.com\\\/ppdegalicia\",\"https:\\\/\\\/www.tiktok.com\\\/@ppdegalicia\",\"https:\\\/\\\/www.youtube.com\\\/user\\\/ppdegalicia\"]},{\"@type\":\"Person\",\"@id\":\"https:\\\/\\\/ppdegalicia.com\\\/es\\\/#\\\/schema\\\/person\\\/bc9b46e59ebd34bf28611158c3867388\",\"name\":\"ppdegaliciaedtis\",\"image\":{\"@type\":\"ImageObject\",\"inLanguage\":\"es\",\"@id\":\"https:\\\/\\\/secure.gravatar.com\\\/avatar\\\/f9f8cf6e03df54a1b0d04a6b4b8e8c6bd63c10a439752e84d87a5385aefe2ced?s=96&d=mm&r=g\",\"url\":\"https:\\\/\\\/secure.gravatar.com\\\/avatar\\\/f9f8cf6e03df54a1b0d04a6b4b8e8c6bd63c10a439752e84d87a5385aefe2ced?s=96&d=mm&r=g\",\"contentUrl\":\"https:\\\/\\\/secure.gravatar.com\\\/avatar\\\/f9f8cf6e03df54a1b0d04a6b4b8e8c6bd63c10a439752e84d87a5385aefe2ced?s=96&d=mm&r=g\",\"caption\":\"ppdegaliciaedtis\"},\"url\":\"https:\\\/\\\/ppdegalicia.com\\\/es\\\/author\\\/ppdegaliciaedits\\\/\"}]}<\/script>\n<!-- \/ Yoast SEO plugin. -->","yoast_head_json":{"title":"Alfonso Rueda am\u00f3sase convencido de que Galicia ser\u00e1 parte da resposta ante Europa este 9 de xu\u00f1o e unha peza importante da vitoria do PP - PP de Galicia","description":"O presidente do PPdeG, Alfonso Rueda, amosouse hoxe convencido, na recta final da campa\u00f1a das europeas, de que Galicia ser\u00e1 parte da resposta que a cidadan\u00eda dar\u00e1 ante Europa este domingo e ademais unha peza importante da vitoria do Partido Popular.","robots":{"index":"index","follow":"follow","max-snippet":"max-snippet:-1","max-image-preview":"max-image-preview:large","max-video-preview":"max-video-preview:-1"},"canonical":"https:\/\/ppdegalicia.com\/es\/alfonso-rueda-amosase-convencido-de-que-galicia-sera-parte-da-resposta-ante-europa-este-9-de-xuno-e-unha-peza-importante-da-vitoria-do-pp\/","og_locale":"es_ES","og_type":"article","og_title":"Alfonso Rueda am\u00f3sase convencido de que Galicia ser\u00e1 parte da resposta ante Europa este 9 de xu\u00f1o e unha peza importante da vitoria do PP - PP de Galicia","og_description":"O presidente do PPdeG, Alfonso Rueda, amosouse hoxe convencido, na recta final da campa\u00f1a das europeas, de que Galicia ser\u00e1 parte da resposta que a cidadan\u00eda dar\u00e1 ante Europa este domingo e ademais unha peza importante da vitoria do Partido Popular.","og_url":"https:\/\/ppdegalicia.com\/es\/alfonso-rueda-amosase-convencido-de-que-galicia-sera-parte-da-resposta-ante-europa-este-9-de-xuno-e-unha-peza-importante-da-vitoria-do-pp\/","og_site_name":"PP de Galicia","article_publisher":"https:\/\/www.instagram.com\/ppdegalicia\/","article_published_time":"2024-06-06T13:27:46+00:00","article_modified_time":"2024-06-10T13:30:41+00:00","og_image":[{"width":2560,"height":1707,"url":"https:\/\/ppdegalicia.com\/wp-content\/uploads\/2024\/06\/20240606_ARueda_Pontevedra1-scaled.jpg","type":"image\/jpeg"}],"author":"ppdegaliciaedtis","twitter_card":"summary_large_image","twitter_creator":"@ppdegalicia","twitter_site":"@ppdegalicia","twitter_misc":{"Escrito por":"ppdegaliciaedtis","Tiempo de lectura":"5 minutos"},"schema":{"@context":"https:\/\/schema.org","@graph":[{"@type":"Article","@id":"https:\/\/ppdegalicia.com\/es\/alfonso-rueda-amosase-convencido-de-que-galicia-sera-parte-da-resposta-ante-europa-este-9-de-xuno-e-unha-peza-importante-da-vitoria-do-pp\/#article","isPartOf":{"@id":"https:\/\/ppdegalicia.com\/es\/alfonso-rueda-amosase-convencido-de-que-galicia-sera-parte-da-resposta-ante-europa-este-9-de-xuno-e-unha-peza-importante-da-vitoria-do-pp\/"},"author":{"name":"ppdegaliciaedtis","@id":"https:\/\/ppdegalicia.com\/es\/#\/schema\/person\/bc9b46e59ebd34bf28611158c3867388"},"headline":"Alfonso Rueda am\u00f3sase convencido de que Galicia ser\u00e1 parte da resposta ante Europa este 9 de xu\u00f1o e unha peza importante da vitoria do PP","datePublished":"2024-06-06T13:27:46+00:00","dateModified":"2024-06-10T13:30:41+00:00","mainEntityOfPage":{"@id":"https:\/\/ppdegalicia.com\/es\/alfonso-rueda-amosase-convencido-de-que-galicia-sera-parte-da-resposta-ante-europa-este-9-de-xuno-e-unha-peza-importante-da-vitoria-do-pp\/"},"wordCount":969,"commentCount":0,"publisher":{"@id":"https:\/\/ppdegalicia.com\/es\/#organization"},"image":{"@id":"https:\/\/ppdegalicia.com\/es\/alfonso-rueda-amosase-convencido-de-que-galicia-sera-parte-da-resposta-ante-europa-este-9-de-xuno-e-unha-peza-importante-da-vitoria-do-pp\/#primaryimage"},"thumbnailUrl":"https:\/\/ppdegalicia.com\/wp-content\/uploads\/2024\/06\/20240606_ARueda_Pontevedra1-scaled.jpg","articleSection":["PP de Galicia"],"inLanguage":"es","potentialAction":[{"@type":"CommentAction","name":"Comment","target":["https:\/\/ppdegalicia.com\/es\/alfonso-rueda-amosase-convencido-de-que-galicia-sera-parte-da-resposta-ante-europa-este-9-de-xuno-e-unha-peza-importante-da-vitoria-do-pp\/#respond"]}]},{"@type":"WebPage","@id":"https:\/\/ppdegalicia.com\/es\/alfonso-rueda-amosase-convencido-de-que-galicia-sera-parte-da-resposta-ante-europa-este-9-de-xuno-e-unha-peza-importante-da-vitoria-do-pp\/","url":"https:\/\/ppdegalicia.com\/es\/alfonso-rueda-amosase-convencido-de-que-galicia-sera-parte-da-resposta-ante-europa-este-9-de-xuno-e-unha-peza-importante-da-vitoria-do-pp\/","name":"Alfonso Rueda am\u00f3sase convencido de que Galicia ser\u00e1 parte da resposta ante Europa este 9 de xu\u00f1o e unha peza importante da vitoria do PP - PP de Galicia","isPartOf":{"@id":"https:\/\/ppdegalicia.com\/es\/#website"},"primaryImageOfPage":{"@id":"https:\/\/ppdegalicia.com\/es\/alfonso-rueda-amosase-convencido-de-que-galicia-sera-parte-da-resposta-ante-europa-este-9-de-xuno-e-unha-peza-importante-da-vitoria-do-pp\/#primaryimage"},"image":{"@id":"https:\/\/ppdegalicia.com\/es\/alfonso-rueda-amosase-convencido-de-que-galicia-sera-parte-da-resposta-ante-europa-este-9-de-xuno-e-unha-peza-importante-da-vitoria-do-pp\/#primaryimage"},"thumbnailUrl":"https:\/\/ppdegalicia.com\/wp-content\/uploads\/2024\/06\/20240606_ARueda_Pontevedra1-scaled.jpg","datePublished":"2024-06-06T13:27:46+00:00","dateModified":"2024-06-10T13:30:41+00:00","description":"O presidente do PPdeG, Alfonso Rueda, amosouse hoxe convencido, na recta final da campa\u00f1a das europeas, de que Galicia ser\u00e1 parte da resposta que a cidadan\u00eda dar\u00e1 ante Europa este domingo e ademais unha peza importante da vitoria do Partido Popular.","breadcrumb":{"@id":"https:\/\/ppdegalicia.com\/es\/alfonso-rueda-amosase-convencido-de-que-galicia-sera-parte-da-resposta-ante-europa-este-9-de-xuno-e-unha-peza-importante-da-vitoria-do-pp\/#breadcrumb"},"inLanguage":"es","potentialAction":[{"@type":"ReadAction","target":["https:\/\/ppdegalicia.com\/es\/alfonso-rueda-amosase-convencido-de-que-galicia-sera-parte-da-resposta-ante-europa-este-9-de-xuno-e-unha-peza-importante-da-vitoria-do-pp\/"]}]},{"@type":"ImageObject","inLanguage":"es","@id":"https:\/\/ppdegalicia.com\/es\/alfonso-rueda-amosase-convencido-de-que-galicia-sera-parte-da-resposta-ante-europa-este-9-de-xuno-e-unha-peza-importante-da-vitoria-do-pp\/#primaryimage","url":"https:\/\/ppdegalicia.com\/wp-content\/uploads\/2024\/06\/20240606_ARueda_Pontevedra1-scaled.jpg","contentUrl":"https:\/\/ppdegalicia.com\/wp-content\/uploads\/2024\/06\/20240606_ARueda_Pontevedra1-scaled.jpg","width":2560,"height":1707},{"@type":"BreadcrumbList","@id":"https:\/\/ppdegalicia.com\/es\/alfonso-rueda-amosase-convencido-de-que-galicia-sera-parte-da-resposta-ante-europa-este-9-de-xuno-e-unha-peza-importante-da-vitoria-do-pp\/#breadcrumb","itemListElement":[{"@type":"ListItem","position":1,"name":"Portada","item":"https:\/\/ppdegalicia.com\/es\/"},{"@type":"ListItem","position":2,"name":"Alfonso Rueda am\u00f3sase convencido de que Galicia ser\u00e1 parte da resposta ante Europa este 9 de xu\u00f1o e unha peza importante da vitoria do PP"}]},{"@type":"WebSite","@id":"https:\/\/ppdegalicia.com\/es\/#website","url":"https:\/\/ppdegalicia.com\/es\/","name":"Partido Popular de Galicia","description":"Partido Popular de Galicia","publisher":{"@id":"https:\/\/ppdegalicia.com\/es\/#organization"},"alternateName":"PP de Galicia","potentialAction":[{"@type":"SearchAction","target":{"@type":"EntryPoint","urlTemplate":"https:\/\/ppdegalicia.com\/es\/?s={search_term_string}"},"query-input":{"@type":"PropertyValueSpecification","valueRequired":true,"valueName":"search_term_string"}}],"inLanguage":"es"},{"@type":"Organization","@id":"https:\/\/ppdegalicia.com\/es\/#organization","name":"Partido Popular de Galicia","alternateName":"PP de Galicia","url":"https:\/\/ppdegalicia.com\/es\/","logo":{"@type":"ImageObject","inLanguage":"es","@id":"https:\/\/ppdegalicia.com\/es\/#\/schema\/logo\/image\/","url":"https:\/\/ppdegalicia.com\/wp-content\/uploads\/2023\/04\/logoPP512.png","contentUrl":"https:\/\/ppdegalicia.com\/wp-content\/uploads\/2023\/04\/logoPP512.png","width":512,"height":512,"caption":"Partido Popular de Galicia"},"image":{"@id":"https:\/\/ppdegalicia.com\/es\/#\/schema\/logo\/image\/"},"sameAs":["https:\/\/www.instagram.com\/ppdegalicia\/","https:\/\/x.com\/ppdegalicia","https:\/\/www.tiktok.com\/@ppdegalicia","https:\/\/www.youtube.com\/user\/ppdegalicia"]},{"@type":"Person","@id":"https:\/\/ppdegalicia.com\/es\/#\/schema\/person\/bc9b46e59ebd34bf28611158c3867388","name":"ppdegaliciaedtis","image":{"@type":"ImageObject","inLanguage":"es","@id":"https:\/\/secure.gravatar.com\/avatar\/f9f8cf6e03df54a1b0d04a6b4b8e8c6bd63c10a439752e84d87a5385aefe2ced?s=96&d=mm&r=g","url":"https:\/\/secure.gravatar.com\/avatar\/f9f8cf6e03df54a1b0d04a6b4b8e8c6bd63c10a439752e84d87a5385aefe2ced?s=96&d=mm&r=g","contentUrl":"https:\/\/secure.gravatar.com\/avatar\/f9f8cf6e03df54a1b0d04a6b4b8e8c6bd63c10a439752e84d87a5385aefe2ced?s=96&d=mm&r=g","caption":"ppdegaliciaedtis"},"url":"https:\/\/ppdegalicia.com\/es\/author\/ppdegaliciaedits\/"}]}},"_links":{"self":[{"href":"https:\/\/ppdegalicia.com\/es\/wp-json\/wp\/v2\/posts\/63076","targetHints":{"allow":["GET"]}}],"collection":[{"href":"https:\/\/ppdegalicia.com\/es\/wp-json\/wp\/v2\/posts"}],"about":[{"href":"https:\/\/ppdegalicia.com\/es\/wp-json\/wp\/v2\/types\/post"}],"author":[{"embeddable":true,"href":"https:\/\/ppdegalicia.com\/es\/wp-json\/wp\/v2\/users\/40"}],"replies":[{"embeddable":true,"href":"https:\/\/ppdegalicia.com\/es\/wp-json\/wp\/v2\/comments?post=63076"}],"version-history":[{"count":1,"href":"https:\/\/ppdegalicia.com\/es\/wp-json\/wp\/v2\/posts\/63076\/revisions"}],"predecessor-version":[{"id":63079,"href":"https:\/\/ppdegalicia.com\/es\/wp-json\/wp\/v2\/posts\/63076\/revisions\/63079"}],"wp:featuredmedia":[{"embeddable":true,"href":"https:\/\/ppdegalicia.com\/es\/wp-json\/wp\/v2\/media\/63077"}],"wp:attachment":[{"href":"https:\/\/ppdegalicia.com\/es\/wp-json\/wp\/v2\/media?parent=63076"}],"wp:term":[{"taxonomy":"category","embeddable":true,"href":"https:\/\/ppdegalicia.com\/es\/wp-json\/wp\/v2\/categories?post=63076"},{"taxonomy":"post_tag","embeddable":true,"href":"https:\/\/ppdegalicia.com\/es\/wp-json\/wp\/v2\/tags?post=63076"}],"curies":[{"name":"wp","href":"https:\/\/api.w.org\/{rel}","templated":true}]}}