{"id":63105,"date":"2024-06-11T20:52:42","date_gmt":"2024-06-11T19:52:42","guid":{"rendered":"https:\/\/ppdegalicia.com\/?p=63105"},"modified":"2024-06-12T09:48:01","modified_gmt":"2024-06-12T08:48:01","slug":"el-pp-denuncia-que-el-tren-de-alta-velocidad-a-galicia-es-en-realidad-un-fake-ave-y-exige-a-puente-que-dimita-por-todo-lo-que-tiene-encima","status":"publish","type":"post","link":"https:\/\/ppdegalicia.com\/es\/el-pp-denuncia-que-el-tren-de-alta-velocidad-a-galicia-es-en-realidad-un-fake-ave-y-exige-a-puente-que-dimita-por-todo-lo-que-tiene-encima\/","title":{"rendered":"El PP denuncia que el tren de alta velocidad a Galicia es en realidad un \u2018fake AVE\u2019 y exige a Puente que dimita por \u201ctodo lo que tiene encima\u201d"},"content":{"rendered":"<p>La senadora del Grupo Parlamentario Popular por A Coru\u00f1a, Rosa Gallego, denuncia que el tren de alta velocidad a Galicia es en realidad un \u2018fake AVE\u2019 y exige al ministro \u00d3scar Puente que dimita \u201cpor todo lo que tiene encima, con su Ministerio en el epicentro de la trama de corrupci\u00f3n de las mascarillas\u201d.<\/p>\n<p>La senadora del PP recuerda a Puente que \u201caltos cargos que usted mantiene en sus puestos est\u00e1n salpicados por la trama de corrupci\u00f3n y m\u00e1s preocupados por defenderse que por los trenes\u201d. El presidente de ADIF, su n\u00famero tres al que el Fiscal pide su imputaci\u00f3n, el hermano de Koldo: \u201c\u00bfNo va a cesarlos?\u201d, pregunta al ministro.<\/p>\n<p>\u201cEspa\u00f1a no les cree, Galicia no les cree y por eso una vez m\u00e1s Galicia es azul, una y otra vez. La \u00faltima este domingo\u201d, pone de manifiesto Rosa Gallego; que pide a Puente que deje de \u201cdar titulares por insultar a los jueces, a pol\u00edticos, de defender lo indefendible y ded\u00edquese al Ministerio\u201d.<\/p>\n<p>En su pregunta en el Pleno del Senado, la senadora del PP repasa algunos titulares de medios de comunicaci\u00f3n como: \u201c<em>El AVE a Galicia sigue sin arrancar con retrasos continuos y falta de plazas<\/em>: Abandonados\u201d. <em>Siguen los retrasos de los Avril: el AVE entre Madrid y A Coru\u00f1a tard\u00f3 96 minutos en salir y lleg\u00f3 con m\u00e1s de dos horas de <\/em><em>demora\u201d<\/em>.<\/p>\n<p>\u201cRetrasos continuos, falta de frecuencias, fallos en el sistema de compra, precios inasumibles y aver\u00edas constantes son la norma general\u201d, denuncia Rosa Gallego, quien reprocha al ministro que \u201cpara usted que se aver\u00ede un tren es algo normal\u201d.<\/p>\n<p>\u201cAlguna ver\u00eda puede ser, pero tantas, todos los d\u00edas y en toda Espa\u00f1a no\u201d, apostilla la senadora, quien pone de manifest\u00f3 que esto ya es \u201cfalta de planificaci\u00f3n\u201d, que es comprensible \u201cteniendo en cuenta a quienes tiene al mando del Ministerio\u201d.<\/p>\n<p>La senadora del PP recalca que \u201clo m\u00e1s grave es que la alta velocidad sigue sin pasar de Ourense\u201d; estamos ante un \u201cbulo, un enga\u00f1o\u201d, porque los tiempos no han mejorado nada y los precios est\u00e1n desorbitados. \u201c\u00bfRealmente cree que ha llegado la alta velocidad a toda Galicia?\u201d, interpela Rosa Gallego a Oscar Puente.<\/p>\n<p>Pone ejemplos con billetes de la propia senadora, en los que los tiempos de llegada del \u201cTren Avril, el fake AVE Coru\u00f1a-Madrid\u201d, tarda tres minutos m\u00e1s en hacer el trayecto que el Avant-AVE. \u201c\u00bfMe puede explicar d\u00f3nde est\u00e1 la alta velocidad si tarda m\u00e1s?\u201d, pregunta a Puente.<\/p>\n<p>\u201cTambi\u00e9n asegura que con el de Vigo sucede lo mismo, y de Ferrol y Lugo ni est\u00e1n ni se les espera\u201d, remarca Rosa Gallego, quien denuncia que Puente \u201cest\u00e1 intentando enga\u00f1ar a los gallegos porque est\u00e1 comparando el supuesto nuevo AVE con el ALVIA\u201d, concluye.<\/p>\n","protected":false},"excerpt":{"rendered":"<p>La senadora del Grupo Parlamentario Popular por A Coru\u00f1a, Rosa Gallego, denuncia que el tren de alta velocidad a Galicia es en realidad un \u2018fake AVE\u2019 y exige al ministro \u00d3scar Puente que dimita \u201cpor todo lo que tiene encima, con su Ministerio en el epicentro de la trama de corrupci\u00f3n de las mascarillas\u201d. La [&hellip;]<\/p>\n","protected":false},"author":40,"featured_media":63106,"comment_status":"open","ping_status":"open","sticky":false,"template":"","format":"standard","meta":{"_acf_changed":false,"footnotes":""},"categories":[2387],"tags":[],"class_list":["post-63105","post","type-post","status-publish","format-standard","has-post-thumbnail","hentry","category-actualidad-cortes-generales"],"acf":[],"yoast_head":"<!-- This site is optimized with the Yoast SEO plugin v27.3 - https:\/\/yoast.com\/product\/yoast-seo-wordpress\/ -->\n<title>El PP denuncia que el tren de alta velocidad a Galicia es en realidad un \u2018fake AVE\u2019 y exige a Puente que dimita por \u201ctodo lo que tiene encima\u201d - PP de Galicia<\/title>\n<meta name=\"description\" content=\"La senadora del Grupo Parlamentario Popular por A Coru\u00f1a, Rosa Gallego, denuncia que el tren de alta velocidad a Galicia es en realidad un \u2018fake AVE\u2019 y exige al ministro \u00d3scar Puente que dimita \u201cpor todo lo que tiene encima, con su Ministerio en el epicentro de la trama de corrupci\u00f3n de las mascarillas\u201d.\" \/>\n<meta name=\"robots\" content=\"index, follow, max-snippet:-1, max-image-preview:large, max-video-preview:-1\" \/>\n<link rel=\"canonical\" href=\"https:\/\/ppdegalicia.com\/es\/el-pp-denuncia-que-el-tren-de-alta-velocidad-a-galicia-es-en-realidad-un-fake-ave-y-exige-a-puente-que-dimita-por-todo-lo-que-tiene-encima\/\" \/>\n<meta property=\"og:locale\" content=\"es_ES\" \/>\n<meta property=\"og:type\" content=\"article\" \/>\n<meta property=\"og:title\" content=\"El PP denuncia que el tren de alta velocidad a Galicia es en realidad un \u2018fake AVE\u2019 y exige a Puente que dimita por \u201ctodo lo que tiene encima\u201d - PP de Galicia\" \/>\n<meta property=\"og:description\" content=\"La senadora del Grupo Parlamentario Popular por A Coru\u00f1a, Rosa Gallego, denuncia que el tren de alta velocidad a Galicia es en realidad un \u2018fake AVE\u2019 y exige al ministro \u00d3scar Puente que dimita \u201cpor todo lo que tiene encima, con su Ministerio en el epicentro de la trama de corrupci\u00f3n de las mascarillas\u201d.\" \/>\n<meta property=\"og:url\" content=\"https:\/\/ppdegalicia.com\/es\/el-pp-denuncia-que-el-tren-de-alta-velocidad-a-galicia-es-en-realidad-un-fake-ave-y-exige-a-puente-que-dimita-por-todo-lo-que-tiene-encima\/\" \/>\n<meta property=\"og:site_name\" content=\"PP de Galicia\" \/>\n<meta property=\"article:publisher\" content=\"https:\/\/www.instagram.com\/ppdegalicia\/\" \/>\n<meta property=\"article:published_time\" content=\"2024-06-11T19:52:42+00:00\" \/>\n<meta property=\"article:modified_time\" content=\"2024-06-12T08:48:01+00:00\" \/>\n<meta property=\"og:image\" content=\"https:\/\/ppdegalicia.com\/wp-content\/uploads\/2024\/06\/20240611-Rosa-Gallego-en-el-Senado.jpg\" \/>\n\t<meta property=\"og:image:width\" content=\"1364\" \/>\n\t<meta property=\"og:image:height\" content=\"909\" \/>\n\t<meta property=\"og:image:type\" content=\"image\/jpeg\" \/>\n<meta name=\"author\" content=\"ppdegaliciaedtis\" \/>\n<meta name=\"twitter:card\" content=\"summary_large_image\" \/>\n<meta name=\"twitter:creator\" content=\"@ppdegalicia\" \/>\n<meta name=\"twitter:site\" content=\"@ppdegalicia\" \/>\n<meta name=\"twitter:label1\" content=\"Escrito por\" \/>\n\t<meta name=\"twitter:data1\" content=\"ppdegaliciaedtis\" \/>\n\t<meta name=\"twitter:label2\" content=\"Tiempo de lectura\" \/>\n\t<meta name=\"twitter:data2\" content=\"3 minutos\" \/>\n<script type=\"application\/ld+json\" class=\"yoast-schema-graph\">{\"@context\":\"https:\\\/\\\/schema.org\",\"@graph\":[{\"@type\":\"Article\",\"@id\":\"https:\\\/\\\/ppdegalicia.com\\\/es\\\/el-pp-denuncia-que-el-tren-de-alta-velocidad-a-galicia-es-en-realidad-un-fake-ave-y-exige-a-puente-que-dimita-por-todo-lo-que-tiene-encima\\\/#article\",\"isPartOf\":{\"@id\":\"https:\\\/\\\/ppdegalicia.com\\\/es\\\/el-pp-denuncia-que-el-tren-de-alta-velocidad-a-galicia-es-en-realidad-un-fake-ave-y-exige-a-puente-que-dimita-por-todo-lo-que-tiene-encima\\\/\"},\"author\":{\"name\":\"ppdegaliciaedtis\",\"@id\":\"https:\\\/\\\/ppdegalicia.com\\\/es\\\/#\\\/schema\\\/person\\\/bc9b46e59ebd34bf28611158c3867388\"},\"headline\":\"El PP denuncia que el tren de alta velocidad a Galicia es en realidad un \u2018fake AVE\u2019 y exige a Puente que dimita por \u201ctodo lo que tiene encima\u201d\",\"datePublished\":\"2024-06-11T19:52:42+00:00\",\"dateModified\":\"2024-06-12T08:48:01+00:00\",\"mainEntityOfPage\":{\"@id\":\"https:\\\/\\\/ppdegalicia.com\\\/es\\\/el-pp-denuncia-que-el-tren-de-alta-velocidad-a-galicia-es-en-realidad-un-fake-ave-y-exige-a-puente-que-dimita-por-todo-lo-que-tiene-encima\\\/\"},\"wordCount\":510,\"commentCount\":0,\"publisher\":{\"@id\":\"https:\\\/\\\/ppdegalicia.com\\\/es\\\/#organization\"},\"image\":{\"@id\":\"https:\\\/\\\/ppdegalicia.com\\\/es\\\/el-pp-denuncia-que-el-tren-de-alta-velocidad-a-galicia-es-en-realidad-un-fake-ave-y-exige-a-puente-que-dimita-por-todo-lo-que-tiene-encima\\\/#primaryimage\"},\"thumbnailUrl\":\"https:\\\/\\\/ppdegalicia.com\\\/wp-content\\\/uploads\\\/2024\\\/06\\\/20240611-Rosa-Gallego-en-el-Senado.jpg\",\"articleSection\":[\"Cortes Generales\"],\"inLanguage\":\"es\",\"potentialAction\":[{\"@type\":\"CommentAction\",\"name\":\"Comment\",\"target\":[\"https:\\\/\\\/ppdegalicia.com\\\/es\\\/el-pp-denuncia-que-el-tren-de-alta-velocidad-a-galicia-es-en-realidad-un-fake-ave-y-exige-a-puente-que-dimita-por-todo-lo-que-tiene-encima\\\/#respond\"]}]},{\"@type\":\"WebPage\",\"@id\":\"https:\\\/\\\/ppdegalicia.com\\\/es\\\/el-pp-denuncia-que-el-tren-de-alta-velocidad-a-galicia-es-en-realidad-un-fake-ave-y-exige-a-puente-que-dimita-por-todo-lo-que-tiene-encima\\\/\",\"url\":\"https:\\\/\\\/ppdegalicia.com\\\/es\\\/el-pp-denuncia-que-el-tren-de-alta-velocidad-a-galicia-es-en-realidad-un-fake-ave-y-exige-a-puente-que-dimita-por-todo-lo-que-tiene-encima\\\/\",\"name\":\"El PP denuncia que el tren de alta velocidad a Galicia es en realidad un \u2018fake AVE\u2019 y exige a Puente que dimita por \u201ctodo lo que tiene encima\u201d - PP de Galicia\",\"isPartOf\":{\"@id\":\"https:\\\/\\\/ppdegalicia.com\\\/es\\\/#website\"},\"primaryImageOfPage\":{\"@id\":\"https:\\\/\\\/ppdegalicia.com\\\/es\\\/el-pp-denuncia-que-el-tren-de-alta-velocidad-a-galicia-es-en-realidad-un-fake-ave-y-exige-a-puente-que-dimita-por-todo-lo-que-tiene-encima\\\/#primaryimage\"},\"image\":{\"@id\":\"https:\\\/\\\/ppdegalicia.com\\\/es\\\/el-pp-denuncia-que-el-tren-de-alta-velocidad-a-galicia-es-en-realidad-un-fake-ave-y-exige-a-puente-que-dimita-por-todo-lo-que-tiene-encima\\\/#primaryimage\"},\"thumbnailUrl\":\"https:\\\/\\\/ppdegalicia.com\\\/wp-content\\\/uploads\\\/2024\\\/06\\\/20240611-Rosa-Gallego-en-el-Senado.jpg\",\"datePublished\":\"2024-06-11T19:52:42+00:00\",\"dateModified\":\"2024-06-12T08:48:01+00:00\",\"description\":\"La senadora del Grupo Parlamentario Popular por A Coru\u00f1a, Rosa Gallego, denuncia que el tren de alta velocidad a Galicia es en realidad un \u2018fake AVE\u2019 y exige al ministro \u00d3scar Puente que dimita \u201cpor todo lo que tiene encima, con su Ministerio en el epicentro de la trama de corrupci\u00f3n de las mascarillas\u201d.\",\"breadcrumb\":{\"@id\":\"https:\\\/\\\/ppdegalicia.com\\\/es\\\/el-pp-denuncia-que-el-tren-de-alta-velocidad-a-galicia-es-en-realidad-un-fake-ave-y-exige-a-puente-que-dimita-por-todo-lo-que-tiene-encima\\\/#breadcrumb\"},\"inLanguage\":\"es\",\"potentialAction\":[{\"@type\":\"ReadAction\",\"target\":[\"https:\\\/\\\/ppdegalicia.com\\\/es\\\/el-pp-denuncia-que-el-tren-de-alta-velocidad-a-galicia-es-en-realidad-un-fake-ave-y-exige-a-puente-que-dimita-por-todo-lo-que-tiene-encima\\\/\"]}]},{\"@type\":\"ImageObject\",\"inLanguage\":\"es\",\"@id\":\"https:\\\/\\\/ppdegalicia.com\\\/es\\\/el-pp-denuncia-que-el-tren-de-alta-velocidad-a-galicia-es-en-realidad-un-fake-ave-y-exige-a-puente-que-dimita-por-todo-lo-que-tiene-encima\\\/#primaryimage\",\"url\":\"https:\\\/\\\/ppdegalicia.com\\\/wp-content\\\/uploads\\\/2024\\\/06\\\/20240611-Rosa-Gallego-en-el-Senado.jpg\",\"contentUrl\":\"https:\\\/\\\/ppdegalicia.com\\\/wp-content\\\/uploads\\\/2024\\\/06\\\/20240611-Rosa-Gallego-en-el-Senado.jpg\",\"width\":1364,\"height\":909},{\"@type\":\"BreadcrumbList\",\"@id\":\"https:\\\/\\\/ppdegalicia.com\\\/es\\\/el-pp-denuncia-que-el-tren-de-alta-velocidad-a-galicia-es-en-realidad-un-fake-ave-y-exige-a-puente-que-dimita-por-todo-lo-que-tiene-encima\\\/#breadcrumb\",\"itemListElement\":[{\"@type\":\"ListItem\",\"position\":1,\"name\":\"Portada\",\"item\":\"https:\\\/\\\/ppdegalicia.com\\\/es\\\/\"},{\"@type\":\"ListItem\",\"position\":2,\"name\":\"El PP denuncia que el tren de alta velocidad a Galicia es en realidad un \u2018fake AVE\u2019 y exige a Puente que dimita por \u201ctodo lo que tiene encima\u201d\"}]},{\"@type\":\"WebSite\",\"@id\":\"https:\\\/\\\/ppdegalicia.com\\\/es\\\/#website\",\"url\":\"https:\\\/\\\/ppdegalicia.com\\\/es\\\/\",\"name\":\"Partido Popular de Galicia\",\"description\":\"Partido Popular de Galicia\",\"publisher\":{\"@id\":\"https:\\\/\\\/ppdegalicia.com\\\/es\\\/#organization\"},\"alternateName\":\"PP de Galicia\",\"potentialAction\":[{\"@type\":\"SearchAction\",\"target\":{\"@type\":\"EntryPoint\",\"urlTemplate\":\"https:\\\/\\\/ppdegalicia.com\\\/es\\\/?s={search_term_string}\"},\"query-input\":{\"@type\":\"PropertyValueSpecification\",\"valueRequired\":true,\"valueName\":\"search_term_string\"}}],\"inLanguage\":\"es\"},{\"@type\":\"Organization\",\"@id\":\"https:\\\/\\\/ppdegalicia.com\\\/es\\\/#organization\",\"name\":\"Partido Popular de Galicia\",\"alternateName\":\"PP de Galicia\",\"url\":\"https:\\\/\\\/ppdegalicia.com\\\/es\\\/\",\"logo\":{\"@type\":\"ImageObject\",\"inLanguage\":\"es\",\"@id\":\"https:\\\/\\\/ppdegalicia.com\\\/es\\\/#\\\/schema\\\/logo\\\/image\\\/\",\"url\":\"https:\\\/\\\/ppdegalicia.com\\\/wp-content\\\/uploads\\\/2023\\\/04\\\/logoPP512.png\",\"contentUrl\":\"https:\\\/\\\/ppdegalicia.com\\\/wp-content\\\/uploads\\\/2023\\\/04\\\/logoPP512.png\",\"width\":512,\"height\":512,\"caption\":\"Partido Popular de Galicia\"},\"image\":{\"@id\":\"https:\\\/\\\/ppdegalicia.com\\\/es\\\/#\\\/schema\\\/logo\\\/image\\\/\"},\"sameAs\":[\"https:\\\/\\\/www.instagram.com\\\/ppdegalicia\\\/\",\"https:\\\/\\\/x.com\\\/ppdegalicia\",\"https:\\\/\\\/www.tiktok.com\\\/@ppdegalicia\",\"https:\\\/\\\/www.youtube.com\\\/user\\\/ppdegalicia\"]},{\"@type\":\"Person\",\"@id\":\"https:\\\/\\\/ppdegalicia.com\\\/es\\\/#\\\/schema\\\/person\\\/bc9b46e59ebd34bf28611158c3867388\",\"name\":\"ppdegaliciaedtis\",\"image\":{\"@type\":\"ImageObject\",\"inLanguage\":\"es\",\"@id\":\"https:\\\/\\\/secure.gravatar.com\\\/avatar\\\/f9f8cf6e03df54a1b0d04a6b4b8e8c6bd63c10a439752e84d87a5385aefe2ced?s=96&d=mm&r=g\",\"url\":\"https:\\\/\\\/secure.gravatar.com\\\/avatar\\\/f9f8cf6e03df54a1b0d04a6b4b8e8c6bd63c10a439752e84d87a5385aefe2ced?s=96&d=mm&r=g\",\"contentUrl\":\"https:\\\/\\\/secure.gravatar.com\\\/avatar\\\/f9f8cf6e03df54a1b0d04a6b4b8e8c6bd63c10a439752e84d87a5385aefe2ced?s=96&d=mm&r=g\",\"caption\":\"ppdegaliciaedtis\"},\"url\":\"https:\\\/\\\/ppdegalicia.com\\\/es\\\/author\\\/ppdegaliciaedits\\\/\"}]}<\/script>\n<!-- \/ Yoast SEO plugin. -->","yoast_head_json":{"title":"El PP denuncia que el tren de alta velocidad a Galicia es en realidad un \u2018fake AVE\u2019 y exige a Puente que dimita por \u201ctodo lo que tiene encima\u201d - PP de Galicia","description":"La senadora del Grupo Parlamentario Popular por A Coru\u00f1a, Rosa Gallego, denuncia que el tren de alta velocidad a Galicia es en realidad un \u2018fake AVE\u2019 y exige al ministro \u00d3scar Puente que dimita \u201cpor todo lo que tiene encima, con su Ministerio en el epicentro de la trama de corrupci\u00f3n de las mascarillas\u201d.","robots":{"index":"index","follow":"follow","max-snippet":"max-snippet:-1","max-image-preview":"max-image-preview:large","max-video-preview":"max-video-preview:-1"},"canonical":"https:\/\/ppdegalicia.com\/es\/el-pp-denuncia-que-el-tren-de-alta-velocidad-a-galicia-es-en-realidad-un-fake-ave-y-exige-a-puente-que-dimita-por-todo-lo-que-tiene-encima\/","og_locale":"es_ES","og_type":"article","og_title":"El PP denuncia que el tren de alta velocidad a Galicia es en realidad un \u2018fake AVE\u2019 y exige a Puente que dimita por \u201ctodo lo que tiene encima\u201d - PP de Galicia","og_description":"La senadora del Grupo Parlamentario Popular por A Coru\u00f1a, Rosa Gallego, denuncia que el tren de alta velocidad a Galicia es en realidad un \u2018fake AVE\u2019 y exige al ministro \u00d3scar Puente que dimita \u201cpor todo lo que tiene encima, con su Ministerio en el epicentro de la trama de corrupci\u00f3n de las mascarillas\u201d.","og_url":"https:\/\/ppdegalicia.com\/es\/el-pp-denuncia-que-el-tren-de-alta-velocidad-a-galicia-es-en-realidad-un-fake-ave-y-exige-a-puente-que-dimita-por-todo-lo-que-tiene-encima\/","og_site_name":"PP de Galicia","article_publisher":"https:\/\/www.instagram.com\/ppdegalicia\/","article_published_time":"2024-06-11T19:52:42+00:00","article_modified_time":"2024-06-12T08:48:01+00:00","og_image":[{"width":1364,"height":909,"url":"https:\/\/ppdegalicia.com\/wp-content\/uploads\/2024\/06\/20240611-Rosa-Gallego-en-el-Senado.jpg","type":"image\/jpeg"}],"author":"ppdegaliciaedtis","twitter_card":"summary_large_image","twitter_creator":"@ppdegalicia","twitter_site":"@ppdegalicia","twitter_misc":{"Escrito por":"ppdegaliciaedtis","Tiempo de lectura":"3 minutos"},"schema":{"@context":"https:\/\/schema.org","@graph":[{"@type":"Article","@id":"https:\/\/ppdegalicia.com\/es\/el-pp-denuncia-que-el-tren-de-alta-velocidad-a-galicia-es-en-realidad-un-fake-ave-y-exige-a-puente-que-dimita-por-todo-lo-que-tiene-encima\/#article","isPartOf":{"@id":"https:\/\/ppdegalicia.com\/es\/el-pp-denuncia-que-el-tren-de-alta-velocidad-a-galicia-es-en-realidad-un-fake-ave-y-exige-a-puente-que-dimita-por-todo-lo-que-tiene-encima\/"},"author":{"name":"ppdegaliciaedtis","@id":"https:\/\/ppdegalicia.com\/es\/#\/schema\/person\/bc9b46e59ebd34bf28611158c3867388"},"headline":"El PP denuncia que el tren de alta velocidad a Galicia es en realidad un \u2018fake AVE\u2019 y exige a Puente que dimita por \u201ctodo lo que tiene encima\u201d","datePublished":"2024-06-11T19:52:42+00:00","dateModified":"2024-06-12T08:48:01+00:00","mainEntityOfPage":{"@id":"https:\/\/ppdegalicia.com\/es\/el-pp-denuncia-que-el-tren-de-alta-velocidad-a-galicia-es-en-realidad-un-fake-ave-y-exige-a-puente-que-dimita-por-todo-lo-que-tiene-encima\/"},"wordCount":510,"commentCount":0,"publisher":{"@id":"https:\/\/ppdegalicia.com\/es\/#organization"},"image":{"@id":"https:\/\/ppdegalicia.com\/es\/el-pp-denuncia-que-el-tren-de-alta-velocidad-a-galicia-es-en-realidad-un-fake-ave-y-exige-a-puente-que-dimita-por-todo-lo-que-tiene-encima\/#primaryimage"},"thumbnailUrl":"https:\/\/ppdegalicia.com\/wp-content\/uploads\/2024\/06\/20240611-Rosa-Gallego-en-el-Senado.jpg","articleSection":["Cortes Generales"],"inLanguage":"es","potentialAction":[{"@type":"CommentAction","name":"Comment","target":["https:\/\/ppdegalicia.com\/es\/el-pp-denuncia-que-el-tren-de-alta-velocidad-a-galicia-es-en-realidad-un-fake-ave-y-exige-a-puente-que-dimita-por-todo-lo-que-tiene-encima\/#respond"]}]},{"@type":"WebPage","@id":"https:\/\/ppdegalicia.com\/es\/el-pp-denuncia-que-el-tren-de-alta-velocidad-a-galicia-es-en-realidad-un-fake-ave-y-exige-a-puente-que-dimita-por-todo-lo-que-tiene-encima\/","url":"https:\/\/ppdegalicia.com\/es\/el-pp-denuncia-que-el-tren-de-alta-velocidad-a-galicia-es-en-realidad-un-fake-ave-y-exige-a-puente-que-dimita-por-todo-lo-que-tiene-encima\/","name":"El PP denuncia que el tren de alta velocidad a Galicia es en realidad un \u2018fake AVE\u2019 y exige a Puente que dimita por \u201ctodo lo que tiene encima\u201d - PP de Galicia","isPartOf":{"@id":"https:\/\/ppdegalicia.com\/es\/#website"},"primaryImageOfPage":{"@id":"https:\/\/ppdegalicia.com\/es\/el-pp-denuncia-que-el-tren-de-alta-velocidad-a-galicia-es-en-realidad-un-fake-ave-y-exige-a-puente-que-dimita-por-todo-lo-que-tiene-encima\/#primaryimage"},"image":{"@id":"https:\/\/ppdegalicia.com\/es\/el-pp-denuncia-que-el-tren-de-alta-velocidad-a-galicia-es-en-realidad-un-fake-ave-y-exige-a-puente-que-dimita-por-todo-lo-que-tiene-encima\/#primaryimage"},"thumbnailUrl":"https:\/\/ppdegalicia.com\/wp-content\/uploads\/2024\/06\/20240611-Rosa-Gallego-en-el-Senado.jpg","datePublished":"2024-06-11T19:52:42+00:00","dateModified":"2024-06-12T08:48:01+00:00","description":"La senadora del Grupo Parlamentario Popular por A Coru\u00f1a, Rosa Gallego, denuncia que el tren de alta velocidad a Galicia es en realidad un \u2018fake AVE\u2019 y exige al ministro \u00d3scar Puente que dimita \u201cpor todo lo que tiene encima, con su Ministerio en el epicentro de la trama de corrupci\u00f3n de las mascarillas\u201d.","breadcrumb":{"@id":"https:\/\/ppdegalicia.com\/es\/el-pp-denuncia-que-el-tren-de-alta-velocidad-a-galicia-es-en-realidad-un-fake-ave-y-exige-a-puente-que-dimita-por-todo-lo-que-tiene-encima\/#breadcrumb"},"inLanguage":"es","potentialAction":[{"@type":"ReadAction","target":["https:\/\/ppdegalicia.com\/es\/el-pp-denuncia-que-el-tren-de-alta-velocidad-a-galicia-es-en-realidad-un-fake-ave-y-exige-a-puente-que-dimita-por-todo-lo-que-tiene-encima\/"]}]},{"@type":"ImageObject","inLanguage":"es","@id":"https:\/\/ppdegalicia.com\/es\/el-pp-denuncia-que-el-tren-de-alta-velocidad-a-galicia-es-en-realidad-un-fake-ave-y-exige-a-puente-que-dimita-por-todo-lo-que-tiene-encima\/#primaryimage","url":"https:\/\/ppdegalicia.com\/wp-content\/uploads\/2024\/06\/20240611-Rosa-Gallego-en-el-Senado.jpg","contentUrl":"https:\/\/ppdegalicia.com\/wp-content\/uploads\/2024\/06\/20240611-Rosa-Gallego-en-el-Senado.jpg","width":1364,"height":909},{"@type":"BreadcrumbList","@id":"https:\/\/ppdegalicia.com\/es\/el-pp-denuncia-que-el-tren-de-alta-velocidad-a-galicia-es-en-realidad-un-fake-ave-y-exige-a-puente-que-dimita-por-todo-lo-que-tiene-encima\/#breadcrumb","itemListElement":[{"@type":"ListItem","position":1,"name":"Portada","item":"https:\/\/ppdegalicia.com\/es\/"},{"@type":"ListItem","position":2,"name":"El PP denuncia que el tren de alta velocidad a Galicia es en realidad un \u2018fake AVE\u2019 y exige a Puente que dimita por \u201ctodo lo que tiene encima\u201d"}]},{"@type":"WebSite","@id":"https:\/\/ppdegalicia.com\/es\/#website","url":"https:\/\/ppdegalicia.com\/es\/","name":"Partido Popular de Galicia","description":"Partido Popular de Galicia","publisher":{"@id":"https:\/\/ppdegalicia.com\/es\/#organization"},"alternateName":"PP de Galicia","potentialAction":[{"@type":"SearchAction","target":{"@type":"EntryPoint","urlTemplate":"https:\/\/ppdegalicia.com\/es\/?s={search_term_string}"},"query-input":{"@type":"PropertyValueSpecification","valueRequired":true,"valueName":"search_term_string"}}],"inLanguage":"es"},{"@type":"Organization","@id":"https:\/\/ppdegalicia.com\/es\/#organization","name":"Partido Popular de Galicia","alternateName":"PP de Galicia","url":"https:\/\/ppdegalicia.com\/es\/","logo":{"@type":"ImageObject","inLanguage":"es","@id":"https:\/\/ppdegalicia.com\/es\/#\/schema\/logo\/image\/","url":"https:\/\/ppdegalicia.com\/wp-content\/uploads\/2023\/04\/logoPP512.png","contentUrl":"https:\/\/ppdegalicia.com\/wp-content\/uploads\/2023\/04\/logoPP512.png","width":512,"height":512,"caption":"Partido Popular de Galicia"},"image":{"@id":"https:\/\/ppdegalicia.com\/es\/#\/schema\/logo\/image\/"},"sameAs":["https:\/\/www.instagram.com\/ppdegalicia\/","https:\/\/x.com\/ppdegalicia","https:\/\/www.tiktok.com\/@ppdegalicia","https:\/\/www.youtube.com\/user\/ppdegalicia"]},{"@type":"Person","@id":"https:\/\/ppdegalicia.com\/es\/#\/schema\/person\/bc9b46e59ebd34bf28611158c3867388","name":"ppdegaliciaedtis","image":{"@type":"ImageObject","inLanguage":"es","@id":"https:\/\/secure.gravatar.com\/avatar\/f9f8cf6e03df54a1b0d04a6b4b8e8c6bd63c10a439752e84d87a5385aefe2ced?s=96&d=mm&r=g","url":"https:\/\/secure.gravatar.com\/avatar\/f9f8cf6e03df54a1b0d04a6b4b8e8c6bd63c10a439752e84d87a5385aefe2ced?s=96&d=mm&r=g","contentUrl":"https:\/\/secure.gravatar.com\/avatar\/f9f8cf6e03df54a1b0d04a6b4b8e8c6bd63c10a439752e84d87a5385aefe2ced?s=96&d=mm&r=g","caption":"ppdegaliciaedtis"},"url":"https:\/\/ppdegalicia.com\/es\/author\/ppdegaliciaedits\/"}]}},"_links":{"self":[{"href":"https:\/\/ppdegalicia.com\/es\/wp-json\/wp\/v2\/posts\/63105","targetHints":{"allow":["GET"]}}],"collection":[{"href":"https:\/\/ppdegalicia.com\/es\/wp-json\/wp\/v2\/posts"}],"about":[{"href":"https:\/\/ppdegalicia.com\/es\/wp-json\/wp\/v2\/types\/post"}],"author":[{"embeddable":true,"href":"https:\/\/ppdegalicia.com\/es\/wp-json\/wp\/v2\/users\/40"}],"replies":[{"embeddable":true,"href":"https:\/\/ppdegalicia.com\/es\/wp-json\/wp\/v2\/comments?post=63105"}],"version-history":[{"count":1,"href":"https:\/\/ppdegalicia.com\/es\/wp-json\/wp\/v2\/posts\/63105\/revisions"}],"predecessor-version":[{"id":63108,"href":"https:\/\/ppdegalicia.com\/es\/wp-json\/wp\/v2\/posts\/63105\/revisions\/63108"}],"wp:featuredmedia":[{"embeddable":true,"href":"https:\/\/ppdegalicia.com\/es\/wp-json\/wp\/v2\/media\/63106"}],"wp:attachment":[{"href":"https:\/\/ppdegalicia.com\/es\/wp-json\/wp\/v2\/media?parent=63105"}],"wp:term":[{"taxonomy":"category","embeddable":true,"href":"https:\/\/ppdegalicia.com\/es\/wp-json\/wp\/v2\/categories?post=63105"},{"taxonomy":"post_tag","embeddable":true,"href":"https:\/\/ppdegalicia.com\/es\/wp-json\/wp\/v2\/tags?post=63105"}],"curies":[{"name":"wp","href":"https:\/\/api.w.org\/{rel}","templated":true}]}}