{"id":63232,"date":"2024-06-18T10:30:45","date_gmt":"2024-06-18T09:30:45","guid":{"rendered":"https:\/\/ppdegalicia.com\/?p=63232"},"modified":"2024-06-17T18:03:55","modified_gmt":"2024-06-17T17:03:55","slug":"unha-delegacion-do-ppdeg-visita-o-parlamento-europeo-para-abordar-cuestions-prioritarias-para-os-concellos-galegos","status":"publish","type":"post","link":"https:\/\/ppdegalicia.com\/es\/unha-delegacion-do-ppdeg-visita-o-parlamento-europeo-para-abordar-cuestions-prioritarias-para-os-concellos-galegos\/","title":{"rendered":"Unha delegaci\u00f3n do PPdeG visita o Parlamento Europeo para abordar cuesti\u00f3ns prioritarias para os concellos galegos"},"content":{"rendered":"<p style=\"font-weight: 400;\">Unha delegaci\u00f3n do Partido Popular de Galicia, encabezada pola secretaria xeral\u00a0Paula Prado\u00a0e alcaldesas do partido nos concellos galegos,\u00a0as\u00ed como outras representantes municipais, realizan a partir de hoxe unha visita \u00e1 sede do Parlamento Europeo en Bruxelas acompa\u00f1adas polos eurodeputados\u00a0Francisco\u00a0Mill\u00e1n Mon\u00a0e\u00a0Adri\u00e1n V\u00e1zquez.<\/p>\n<p style=\"font-weight: 400;\">Unha viaxe de traballo de car\u00e1cter municipalista que coincide co primeiro aniversario da toma de posesi\u00f3n das 28 alcaldesas do PPdeG \u2013o partido con m\u00e1is rexedoras de Galicia\u2013\u00a0e na que os populares galegos se marcan como obxectivo trasladar a Europa as prioridades da nosa Comunidade e especialmente dos concellos.<\/p>\n<p style=\"font-weight: 400;\">Neste sentido recordan que, en todos os concellos galegos nos que hai unha alcaldesa popular, o partido foi a primeira forza nos catro procesos electorais do \u00faltimo ciclo cunha media de apoio superior ao 57%. \u201cOs galegos e galegas confiaron maioritariamente en n\u00f3s e agora devolver\u00e9moslle esa confianza reivindicando as cuesti\u00f3ns que lles afectan e que dependen das pol\u00edticas comunitarias\u201d, apuntan.<\/p>\n<p style=\"font-weight: 400;\">As\u00ed mesmo, esta visita prod\u00facese apenas uns d\u00edas despois do triunfo acadado polo PPdeG nas elecci\u00f3ns europeas, con m\u00e1is de 486.000 votos, un apoio de case o 44% e na que o partido foi primeira forza no 97% dos concellos. Deste xeito, os populares galegos dar\u00e1n inicio ao traballo da nova lexislatura na Euroc\u00e1mara, que estar\u00e1 protagonizada polos seus dous representantes elixidos:\u00a0Francisco Mill\u00e1n Mon e Adri\u00e1n V\u00e1zquez.<\/p>\n<p style=\"font-weight: 400;\">Precisamente,\u00a0os dous eurodeputados galegos exercer\u00e1n de anfitri\u00f3ns da visita, e esta mesma tarde encabezar\u00e1n, xa no Parlamento, a sesi\u00f3n de traballo\u00a0<em>Os teus concelleiros en Europa, prioridades galegas para a lexislatura 2024-2029<\/em>.<\/p>\n<p style=\"font-weight: 400;\">Entre ma\u00f1\u00e1 e o xoves, a delegaci\u00f3n do PPdeG ter\u00e1 unha axenda de visitas e reuni\u00f3ns na que destacan un encontro coa presidenta do Parlamento Europeo, Roberta Metsola, e outro co administrador do Comit\u00e9 de Fondos Rexionais do Parlamento Europeo, Gustavo L\u00f3pez Cutillas.<\/p>\n","protected":false},"excerpt":{"rendered":"<p>Unha delegaci\u00f3n do Partido Popular de Galicia, encabezada pola secretaria xeral\u00a0Paula Prado\u00a0e alcaldesas do partido nos concellos galegos,\u00a0as\u00ed como outras representantes municipais, realizan a partir de hoxe unha visita \u00e1 sede do Parlamento Europeo en Bruxelas acompa\u00f1adas polos eurodeputados\u00a0Francisco\u00a0Mill\u00e1n Mon\u00a0e\u00a0Adri\u00e1n V\u00e1zquez. Unha viaxe de traballo de car\u00e1cter municipalista que coincide co primeiro aniversario da toma [&hellip;]<\/p>\n","protected":false},"author":40,"featured_media":63233,"comment_status":"open","ping_status":"open","sticky":false,"template":"","format":"standard","meta":{"_acf_changed":false,"footnotes":""},"categories":[1],"tags":[],"class_list":["post-63232","post","type-post","status-publish","format-standard","has-post-thumbnail","hentry","category-pp-de-galicia"],"acf":[],"yoast_head":"<!-- This site is optimized with the Yoast SEO plugin v27.3 - https:\/\/yoast.com\/product\/yoast-seo-wordpress\/ -->\n<title>Unha delegaci\u00f3n do PPdeG visita o Parlamento Europeo para abordar cuesti\u00f3ns prioritarias para os concellos galegos - PP de Galicia<\/title>\n<meta name=\"description\" content=\"Unha delegaci\u00f3n do Partido Popular de Galicia, encabezada pola secretaria xeral\u00a0Paula Prado\u00a0e alcaldesas do partido nos concellos galegos,\u00a0as\u00ed como outras representantes municipais, realizan a partir de hoxe unha visita \u00e1 sede do Parlamento Europeo en Bruxelas acompa\u00f1adas polos eurodeputados\u00a0Francisco\u00a0Mill\u00e1n Mon\u00a0e\u00a0Adri\u00e1n V\u00e1zquez.\" \/>\n<meta name=\"robots\" content=\"index, follow, max-snippet:-1, max-image-preview:large, max-video-preview:-1\" \/>\n<link rel=\"canonical\" href=\"https:\/\/ppdegalicia.com\/es\/unha-delegacion-do-ppdeg-visita-o-parlamento-europeo-para-abordar-cuestions-prioritarias-para-os-concellos-galegos\/\" \/>\n<meta property=\"og:locale\" content=\"es_ES\" \/>\n<meta property=\"og:type\" content=\"article\" \/>\n<meta property=\"og:title\" content=\"Unha delegaci\u00f3n do PPdeG visita o Parlamento Europeo para abordar cuesti\u00f3ns prioritarias para os concellos galegos - PP de Galicia\" \/>\n<meta property=\"og:description\" content=\"Unha delegaci\u00f3n do Partido Popular de Galicia, encabezada pola secretaria xeral\u00a0Paula Prado\u00a0e alcaldesas do partido nos concellos galegos,\u00a0as\u00ed como outras representantes municipais, realizan a partir de hoxe unha visita \u00e1 sede do Parlamento Europeo en Bruxelas acompa\u00f1adas polos eurodeputados\u00a0Francisco\u00a0Mill\u00e1n Mon\u00a0e\u00a0Adri\u00e1n V\u00e1zquez.\" \/>\n<meta property=\"og:url\" content=\"https:\/\/ppdegalicia.com\/es\/unha-delegacion-do-ppdeg-visita-o-parlamento-europeo-para-abordar-cuestions-prioritarias-para-os-concellos-galegos\/\" \/>\n<meta property=\"og:site_name\" content=\"PP de Galicia\" \/>\n<meta property=\"article:publisher\" content=\"https:\/\/www.instagram.com\/ppdegalicia\/\" \/>\n<meta property=\"article:published_time\" content=\"2024-06-18T09:30:45+00:00\" \/>\n<meta property=\"og:image\" content=\"https:\/\/ppdegalicia.com\/wp-content\/uploads\/2024\/06\/20240618-Paula-Prado-Millan-Mon-e-Adrian-Vazquez-scaled.jpg\" \/>\n\t<meta property=\"og:image:width\" content=\"2560\" \/>\n\t<meta property=\"og:image:height\" content=\"1707\" \/>\n\t<meta property=\"og:image:type\" content=\"image\/jpeg\" \/>\n<meta name=\"author\" content=\"ppdegaliciaedtis\" \/>\n<meta name=\"twitter:card\" content=\"summary_large_image\" \/>\n<meta name=\"twitter:creator\" content=\"@ppdegalicia\" \/>\n<meta name=\"twitter:site\" content=\"@ppdegalicia\" \/>\n<meta name=\"twitter:label1\" content=\"Escrito por\" \/>\n\t<meta name=\"twitter:data1\" content=\"ppdegaliciaedtis\" \/>\n\t<meta name=\"twitter:label2\" content=\"Tiempo de lectura\" \/>\n\t<meta name=\"twitter:data2\" content=\"2 minutos\" \/>\n<script type=\"application\/ld+json\" class=\"yoast-schema-graph\">{\"@context\":\"https:\\\/\\\/schema.org\",\"@graph\":[{\"@type\":\"Article\",\"@id\":\"https:\\\/\\\/ppdegalicia.com\\\/es\\\/unha-delegacion-do-ppdeg-visita-o-parlamento-europeo-para-abordar-cuestions-prioritarias-para-os-concellos-galegos\\\/#article\",\"isPartOf\":{\"@id\":\"https:\\\/\\\/ppdegalicia.com\\\/es\\\/unha-delegacion-do-ppdeg-visita-o-parlamento-europeo-para-abordar-cuestions-prioritarias-para-os-concellos-galegos\\\/\"},\"author\":{\"name\":\"ppdegaliciaedtis\",\"@id\":\"https:\\\/\\\/ppdegalicia.com\\\/es\\\/#\\\/schema\\\/person\\\/bc9b46e59ebd34bf28611158c3867388\"},\"headline\":\"Unha delegaci\u00f3n do PPdeG visita o Parlamento Europeo para abordar cuesti\u00f3ns prioritarias para os concellos galegos\",\"datePublished\":\"2024-06-18T09:30:45+00:00\",\"mainEntityOfPage\":{\"@id\":\"https:\\\/\\\/ppdegalicia.com\\\/es\\\/unha-delegacion-do-ppdeg-visita-o-parlamento-europeo-para-abordar-cuestions-prioritarias-para-os-concellos-galegos\\\/\"},\"wordCount\":343,\"commentCount\":0,\"publisher\":{\"@id\":\"https:\\\/\\\/ppdegalicia.com\\\/es\\\/#organization\"},\"image\":{\"@id\":\"https:\\\/\\\/ppdegalicia.com\\\/es\\\/unha-delegacion-do-ppdeg-visita-o-parlamento-europeo-para-abordar-cuestions-prioritarias-para-os-concellos-galegos\\\/#primaryimage\"},\"thumbnailUrl\":\"https:\\\/\\\/ppdegalicia.com\\\/wp-content\\\/uploads\\\/2024\\\/06\\\/20240618-Paula-Prado-Millan-Mon-e-Adrian-Vazquez-scaled.jpg\",\"articleSection\":[\"PP de Galicia\"],\"inLanguage\":\"es\",\"potentialAction\":[{\"@type\":\"CommentAction\",\"name\":\"Comment\",\"target\":[\"https:\\\/\\\/ppdegalicia.com\\\/es\\\/unha-delegacion-do-ppdeg-visita-o-parlamento-europeo-para-abordar-cuestions-prioritarias-para-os-concellos-galegos\\\/#respond\"]}]},{\"@type\":\"WebPage\",\"@id\":\"https:\\\/\\\/ppdegalicia.com\\\/es\\\/unha-delegacion-do-ppdeg-visita-o-parlamento-europeo-para-abordar-cuestions-prioritarias-para-os-concellos-galegos\\\/\",\"url\":\"https:\\\/\\\/ppdegalicia.com\\\/es\\\/unha-delegacion-do-ppdeg-visita-o-parlamento-europeo-para-abordar-cuestions-prioritarias-para-os-concellos-galegos\\\/\",\"name\":\"Unha delegaci\u00f3n do PPdeG visita o Parlamento Europeo para abordar cuesti\u00f3ns prioritarias para os concellos galegos - PP de Galicia\",\"isPartOf\":{\"@id\":\"https:\\\/\\\/ppdegalicia.com\\\/es\\\/#website\"},\"primaryImageOfPage\":{\"@id\":\"https:\\\/\\\/ppdegalicia.com\\\/es\\\/unha-delegacion-do-ppdeg-visita-o-parlamento-europeo-para-abordar-cuestions-prioritarias-para-os-concellos-galegos\\\/#primaryimage\"},\"image\":{\"@id\":\"https:\\\/\\\/ppdegalicia.com\\\/es\\\/unha-delegacion-do-ppdeg-visita-o-parlamento-europeo-para-abordar-cuestions-prioritarias-para-os-concellos-galegos\\\/#primaryimage\"},\"thumbnailUrl\":\"https:\\\/\\\/ppdegalicia.com\\\/wp-content\\\/uploads\\\/2024\\\/06\\\/20240618-Paula-Prado-Millan-Mon-e-Adrian-Vazquez-scaled.jpg\",\"datePublished\":\"2024-06-18T09:30:45+00:00\",\"description\":\"Unha delegaci\u00f3n do Partido Popular de Galicia, encabezada pola secretaria xeral\u00a0Paula Prado\u00a0e alcaldesas do partido nos concellos galegos,\u00a0as\u00ed como outras representantes municipais, realizan a partir de hoxe unha visita \u00e1 sede do Parlamento Europeo en Bruxelas acompa\u00f1adas polos eurodeputados\u00a0Francisco\u00a0Mill\u00e1n Mon\u00a0e\u00a0Adri\u00e1n V\u00e1zquez.\",\"breadcrumb\":{\"@id\":\"https:\\\/\\\/ppdegalicia.com\\\/es\\\/unha-delegacion-do-ppdeg-visita-o-parlamento-europeo-para-abordar-cuestions-prioritarias-para-os-concellos-galegos\\\/#breadcrumb\"},\"inLanguage\":\"es\",\"potentialAction\":[{\"@type\":\"ReadAction\",\"target\":[\"https:\\\/\\\/ppdegalicia.com\\\/es\\\/unha-delegacion-do-ppdeg-visita-o-parlamento-europeo-para-abordar-cuestions-prioritarias-para-os-concellos-galegos\\\/\"]}]},{\"@type\":\"ImageObject\",\"inLanguage\":\"es\",\"@id\":\"https:\\\/\\\/ppdegalicia.com\\\/es\\\/unha-delegacion-do-ppdeg-visita-o-parlamento-europeo-para-abordar-cuestions-prioritarias-para-os-concellos-galegos\\\/#primaryimage\",\"url\":\"https:\\\/\\\/ppdegalicia.com\\\/wp-content\\\/uploads\\\/2024\\\/06\\\/20240618-Paula-Prado-Millan-Mon-e-Adrian-Vazquez-scaled.jpg\",\"contentUrl\":\"https:\\\/\\\/ppdegalicia.com\\\/wp-content\\\/uploads\\\/2024\\\/06\\\/20240618-Paula-Prado-Millan-Mon-e-Adrian-Vazquez-scaled.jpg\",\"width\":2560,\"height\":1707},{\"@type\":\"BreadcrumbList\",\"@id\":\"https:\\\/\\\/ppdegalicia.com\\\/es\\\/unha-delegacion-do-ppdeg-visita-o-parlamento-europeo-para-abordar-cuestions-prioritarias-para-os-concellos-galegos\\\/#breadcrumb\",\"itemListElement\":[{\"@type\":\"ListItem\",\"position\":1,\"name\":\"Portada\",\"item\":\"https:\\\/\\\/ppdegalicia.com\\\/es\\\/\"},{\"@type\":\"ListItem\",\"position\":2,\"name\":\"Unha delegaci\u00f3n do PPdeG visita o Parlamento Europeo para abordar cuesti\u00f3ns prioritarias para os concellos galegos\"}]},{\"@type\":\"WebSite\",\"@id\":\"https:\\\/\\\/ppdegalicia.com\\\/es\\\/#website\",\"url\":\"https:\\\/\\\/ppdegalicia.com\\\/es\\\/\",\"name\":\"Partido Popular de Galicia\",\"description\":\"Partido Popular de Galicia\",\"publisher\":{\"@id\":\"https:\\\/\\\/ppdegalicia.com\\\/es\\\/#organization\"},\"alternateName\":\"PP de Galicia\",\"potentialAction\":[{\"@type\":\"SearchAction\",\"target\":{\"@type\":\"EntryPoint\",\"urlTemplate\":\"https:\\\/\\\/ppdegalicia.com\\\/es\\\/?s={search_term_string}\"},\"query-input\":{\"@type\":\"PropertyValueSpecification\",\"valueRequired\":true,\"valueName\":\"search_term_string\"}}],\"inLanguage\":\"es\"},{\"@type\":\"Organization\",\"@id\":\"https:\\\/\\\/ppdegalicia.com\\\/es\\\/#organization\",\"name\":\"Partido Popular de Galicia\",\"alternateName\":\"PP de Galicia\",\"url\":\"https:\\\/\\\/ppdegalicia.com\\\/es\\\/\",\"logo\":{\"@type\":\"ImageObject\",\"inLanguage\":\"es\",\"@id\":\"https:\\\/\\\/ppdegalicia.com\\\/es\\\/#\\\/schema\\\/logo\\\/image\\\/\",\"url\":\"https:\\\/\\\/ppdegalicia.com\\\/wp-content\\\/uploads\\\/2023\\\/04\\\/logoPP512.png\",\"contentUrl\":\"https:\\\/\\\/ppdegalicia.com\\\/wp-content\\\/uploads\\\/2023\\\/04\\\/logoPP512.png\",\"width\":512,\"height\":512,\"caption\":\"Partido Popular de Galicia\"},\"image\":{\"@id\":\"https:\\\/\\\/ppdegalicia.com\\\/es\\\/#\\\/schema\\\/logo\\\/image\\\/\"},\"sameAs\":[\"https:\\\/\\\/www.instagram.com\\\/ppdegalicia\\\/\",\"https:\\\/\\\/x.com\\\/ppdegalicia\",\"https:\\\/\\\/www.tiktok.com\\\/@ppdegalicia\",\"https:\\\/\\\/www.youtube.com\\\/user\\\/ppdegalicia\"]},{\"@type\":\"Person\",\"@id\":\"https:\\\/\\\/ppdegalicia.com\\\/es\\\/#\\\/schema\\\/person\\\/bc9b46e59ebd34bf28611158c3867388\",\"name\":\"ppdegaliciaedtis\",\"image\":{\"@type\":\"ImageObject\",\"inLanguage\":\"es\",\"@id\":\"https:\\\/\\\/secure.gravatar.com\\\/avatar\\\/f9f8cf6e03df54a1b0d04a6b4b8e8c6bd63c10a439752e84d87a5385aefe2ced?s=96&d=mm&r=g\",\"url\":\"https:\\\/\\\/secure.gravatar.com\\\/avatar\\\/f9f8cf6e03df54a1b0d04a6b4b8e8c6bd63c10a439752e84d87a5385aefe2ced?s=96&d=mm&r=g\",\"contentUrl\":\"https:\\\/\\\/secure.gravatar.com\\\/avatar\\\/f9f8cf6e03df54a1b0d04a6b4b8e8c6bd63c10a439752e84d87a5385aefe2ced?s=96&d=mm&r=g\",\"caption\":\"ppdegaliciaedtis\"},\"url\":\"https:\\\/\\\/ppdegalicia.com\\\/es\\\/author\\\/ppdegaliciaedits\\\/\"}]}<\/script>\n<!-- \/ Yoast SEO plugin. -->","yoast_head_json":{"title":"Unha delegaci\u00f3n do PPdeG visita o Parlamento Europeo para abordar cuesti\u00f3ns prioritarias para os concellos galegos - PP de Galicia","description":"Unha delegaci\u00f3n do Partido Popular de Galicia, encabezada pola secretaria xeral\u00a0Paula Prado\u00a0e alcaldesas do partido nos concellos galegos,\u00a0as\u00ed como outras representantes municipais, realizan a partir de hoxe unha visita \u00e1 sede do Parlamento Europeo en Bruxelas acompa\u00f1adas polos eurodeputados\u00a0Francisco\u00a0Mill\u00e1n Mon\u00a0e\u00a0Adri\u00e1n V\u00e1zquez.","robots":{"index":"index","follow":"follow","max-snippet":"max-snippet:-1","max-image-preview":"max-image-preview:large","max-video-preview":"max-video-preview:-1"},"canonical":"https:\/\/ppdegalicia.com\/es\/unha-delegacion-do-ppdeg-visita-o-parlamento-europeo-para-abordar-cuestions-prioritarias-para-os-concellos-galegos\/","og_locale":"es_ES","og_type":"article","og_title":"Unha delegaci\u00f3n do PPdeG visita o Parlamento Europeo para abordar cuesti\u00f3ns prioritarias para os concellos galegos - PP de Galicia","og_description":"Unha delegaci\u00f3n do Partido Popular de Galicia, encabezada pola secretaria xeral\u00a0Paula Prado\u00a0e alcaldesas do partido nos concellos galegos,\u00a0as\u00ed como outras representantes municipais, realizan a partir de hoxe unha visita \u00e1 sede do Parlamento Europeo en Bruxelas acompa\u00f1adas polos eurodeputados\u00a0Francisco\u00a0Mill\u00e1n Mon\u00a0e\u00a0Adri\u00e1n V\u00e1zquez.","og_url":"https:\/\/ppdegalicia.com\/es\/unha-delegacion-do-ppdeg-visita-o-parlamento-europeo-para-abordar-cuestions-prioritarias-para-os-concellos-galegos\/","og_site_name":"PP de Galicia","article_publisher":"https:\/\/www.instagram.com\/ppdegalicia\/","article_published_time":"2024-06-18T09:30:45+00:00","og_image":[{"width":2560,"height":1707,"url":"https:\/\/ppdegalicia.com\/wp-content\/uploads\/2024\/06\/20240618-Paula-Prado-Millan-Mon-e-Adrian-Vazquez-scaled.jpg","type":"image\/jpeg"}],"author":"ppdegaliciaedtis","twitter_card":"summary_large_image","twitter_creator":"@ppdegalicia","twitter_site":"@ppdegalicia","twitter_misc":{"Escrito por":"ppdegaliciaedtis","Tiempo de lectura":"2 minutos"},"schema":{"@context":"https:\/\/schema.org","@graph":[{"@type":"Article","@id":"https:\/\/ppdegalicia.com\/es\/unha-delegacion-do-ppdeg-visita-o-parlamento-europeo-para-abordar-cuestions-prioritarias-para-os-concellos-galegos\/#article","isPartOf":{"@id":"https:\/\/ppdegalicia.com\/es\/unha-delegacion-do-ppdeg-visita-o-parlamento-europeo-para-abordar-cuestions-prioritarias-para-os-concellos-galegos\/"},"author":{"name":"ppdegaliciaedtis","@id":"https:\/\/ppdegalicia.com\/es\/#\/schema\/person\/bc9b46e59ebd34bf28611158c3867388"},"headline":"Unha delegaci\u00f3n do PPdeG visita o Parlamento Europeo para abordar cuesti\u00f3ns prioritarias para os concellos galegos","datePublished":"2024-06-18T09:30:45+00:00","mainEntityOfPage":{"@id":"https:\/\/ppdegalicia.com\/es\/unha-delegacion-do-ppdeg-visita-o-parlamento-europeo-para-abordar-cuestions-prioritarias-para-os-concellos-galegos\/"},"wordCount":343,"commentCount":0,"publisher":{"@id":"https:\/\/ppdegalicia.com\/es\/#organization"},"image":{"@id":"https:\/\/ppdegalicia.com\/es\/unha-delegacion-do-ppdeg-visita-o-parlamento-europeo-para-abordar-cuestions-prioritarias-para-os-concellos-galegos\/#primaryimage"},"thumbnailUrl":"https:\/\/ppdegalicia.com\/wp-content\/uploads\/2024\/06\/20240618-Paula-Prado-Millan-Mon-e-Adrian-Vazquez-scaled.jpg","articleSection":["PP de Galicia"],"inLanguage":"es","potentialAction":[{"@type":"CommentAction","name":"Comment","target":["https:\/\/ppdegalicia.com\/es\/unha-delegacion-do-ppdeg-visita-o-parlamento-europeo-para-abordar-cuestions-prioritarias-para-os-concellos-galegos\/#respond"]}]},{"@type":"WebPage","@id":"https:\/\/ppdegalicia.com\/es\/unha-delegacion-do-ppdeg-visita-o-parlamento-europeo-para-abordar-cuestions-prioritarias-para-os-concellos-galegos\/","url":"https:\/\/ppdegalicia.com\/es\/unha-delegacion-do-ppdeg-visita-o-parlamento-europeo-para-abordar-cuestions-prioritarias-para-os-concellos-galegos\/","name":"Unha delegaci\u00f3n do PPdeG visita o Parlamento Europeo para abordar cuesti\u00f3ns prioritarias para os concellos galegos - PP de Galicia","isPartOf":{"@id":"https:\/\/ppdegalicia.com\/es\/#website"},"primaryImageOfPage":{"@id":"https:\/\/ppdegalicia.com\/es\/unha-delegacion-do-ppdeg-visita-o-parlamento-europeo-para-abordar-cuestions-prioritarias-para-os-concellos-galegos\/#primaryimage"},"image":{"@id":"https:\/\/ppdegalicia.com\/es\/unha-delegacion-do-ppdeg-visita-o-parlamento-europeo-para-abordar-cuestions-prioritarias-para-os-concellos-galegos\/#primaryimage"},"thumbnailUrl":"https:\/\/ppdegalicia.com\/wp-content\/uploads\/2024\/06\/20240618-Paula-Prado-Millan-Mon-e-Adrian-Vazquez-scaled.jpg","datePublished":"2024-06-18T09:30:45+00:00","description":"Unha delegaci\u00f3n do Partido Popular de Galicia, encabezada pola secretaria xeral\u00a0Paula Prado\u00a0e alcaldesas do partido nos concellos galegos,\u00a0as\u00ed como outras representantes municipais, realizan a partir de hoxe unha visita \u00e1 sede do Parlamento Europeo en Bruxelas acompa\u00f1adas polos eurodeputados\u00a0Francisco\u00a0Mill\u00e1n Mon\u00a0e\u00a0Adri\u00e1n V\u00e1zquez.","breadcrumb":{"@id":"https:\/\/ppdegalicia.com\/es\/unha-delegacion-do-ppdeg-visita-o-parlamento-europeo-para-abordar-cuestions-prioritarias-para-os-concellos-galegos\/#breadcrumb"},"inLanguage":"es","potentialAction":[{"@type":"ReadAction","target":["https:\/\/ppdegalicia.com\/es\/unha-delegacion-do-ppdeg-visita-o-parlamento-europeo-para-abordar-cuestions-prioritarias-para-os-concellos-galegos\/"]}]},{"@type":"ImageObject","inLanguage":"es","@id":"https:\/\/ppdegalicia.com\/es\/unha-delegacion-do-ppdeg-visita-o-parlamento-europeo-para-abordar-cuestions-prioritarias-para-os-concellos-galegos\/#primaryimage","url":"https:\/\/ppdegalicia.com\/wp-content\/uploads\/2024\/06\/20240618-Paula-Prado-Millan-Mon-e-Adrian-Vazquez-scaled.jpg","contentUrl":"https:\/\/ppdegalicia.com\/wp-content\/uploads\/2024\/06\/20240618-Paula-Prado-Millan-Mon-e-Adrian-Vazquez-scaled.jpg","width":2560,"height":1707},{"@type":"BreadcrumbList","@id":"https:\/\/ppdegalicia.com\/es\/unha-delegacion-do-ppdeg-visita-o-parlamento-europeo-para-abordar-cuestions-prioritarias-para-os-concellos-galegos\/#breadcrumb","itemListElement":[{"@type":"ListItem","position":1,"name":"Portada","item":"https:\/\/ppdegalicia.com\/es\/"},{"@type":"ListItem","position":2,"name":"Unha delegaci\u00f3n do PPdeG visita o Parlamento Europeo para abordar cuesti\u00f3ns prioritarias para os concellos galegos"}]},{"@type":"WebSite","@id":"https:\/\/ppdegalicia.com\/es\/#website","url":"https:\/\/ppdegalicia.com\/es\/","name":"Partido Popular de Galicia","description":"Partido Popular de Galicia","publisher":{"@id":"https:\/\/ppdegalicia.com\/es\/#organization"},"alternateName":"PP de Galicia","potentialAction":[{"@type":"SearchAction","target":{"@type":"EntryPoint","urlTemplate":"https:\/\/ppdegalicia.com\/es\/?s={search_term_string}"},"query-input":{"@type":"PropertyValueSpecification","valueRequired":true,"valueName":"search_term_string"}}],"inLanguage":"es"},{"@type":"Organization","@id":"https:\/\/ppdegalicia.com\/es\/#organization","name":"Partido Popular de Galicia","alternateName":"PP de Galicia","url":"https:\/\/ppdegalicia.com\/es\/","logo":{"@type":"ImageObject","inLanguage":"es","@id":"https:\/\/ppdegalicia.com\/es\/#\/schema\/logo\/image\/","url":"https:\/\/ppdegalicia.com\/wp-content\/uploads\/2023\/04\/logoPP512.png","contentUrl":"https:\/\/ppdegalicia.com\/wp-content\/uploads\/2023\/04\/logoPP512.png","width":512,"height":512,"caption":"Partido Popular de Galicia"},"image":{"@id":"https:\/\/ppdegalicia.com\/es\/#\/schema\/logo\/image\/"},"sameAs":["https:\/\/www.instagram.com\/ppdegalicia\/","https:\/\/x.com\/ppdegalicia","https:\/\/www.tiktok.com\/@ppdegalicia","https:\/\/www.youtube.com\/user\/ppdegalicia"]},{"@type":"Person","@id":"https:\/\/ppdegalicia.com\/es\/#\/schema\/person\/bc9b46e59ebd34bf28611158c3867388","name":"ppdegaliciaedtis","image":{"@type":"ImageObject","inLanguage":"es","@id":"https:\/\/secure.gravatar.com\/avatar\/f9f8cf6e03df54a1b0d04a6b4b8e8c6bd63c10a439752e84d87a5385aefe2ced?s=96&d=mm&r=g","url":"https:\/\/secure.gravatar.com\/avatar\/f9f8cf6e03df54a1b0d04a6b4b8e8c6bd63c10a439752e84d87a5385aefe2ced?s=96&d=mm&r=g","contentUrl":"https:\/\/secure.gravatar.com\/avatar\/f9f8cf6e03df54a1b0d04a6b4b8e8c6bd63c10a439752e84d87a5385aefe2ced?s=96&d=mm&r=g","caption":"ppdegaliciaedtis"},"url":"https:\/\/ppdegalicia.com\/es\/author\/ppdegaliciaedits\/"}]}},"_links":{"self":[{"href":"https:\/\/ppdegalicia.com\/es\/wp-json\/wp\/v2\/posts\/63232","targetHints":{"allow":["GET"]}}],"collection":[{"href":"https:\/\/ppdegalicia.com\/es\/wp-json\/wp\/v2\/posts"}],"about":[{"href":"https:\/\/ppdegalicia.com\/es\/wp-json\/wp\/v2\/types\/post"}],"author":[{"embeddable":true,"href":"https:\/\/ppdegalicia.com\/es\/wp-json\/wp\/v2\/users\/40"}],"replies":[{"embeddable":true,"href":"https:\/\/ppdegalicia.com\/es\/wp-json\/wp\/v2\/comments?post=63232"}],"version-history":[{"count":1,"href":"https:\/\/ppdegalicia.com\/es\/wp-json\/wp\/v2\/posts\/63232\/revisions"}],"predecessor-version":[{"id":63235,"href":"https:\/\/ppdegalicia.com\/es\/wp-json\/wp\/v2\/posts\/63232\/revisions\/63235"}],"wp:featuredmedia":[{"embeddable":true,"href":"https:\/\/ppdegalicia.com\/es\/wp-json\/wp\/v2\/media\/63233"}],"wp:attachment":[{"href":"https:\/\/ppdegalicia.com\/es\/wp-json\/wp\/v2\/media?parent=63232"}],"wp:term":[{"taxonomy":"category","embeddable":true,"href":"https:\/\/ppdegalicia.com\/es\/wp-json\/wp\/v2\/categories?post=63232"},{"taxonomy":"post_tag","embeddable":true,"href":"https:\/\/ppdegalicia.com\/es\/wp-json\/wp\/v2\/tags?post=63232"}],"curies":[{"name":"wp","href":"https:\/\/api.w.org\/{rel}","templated":true}]}}