{"id":63336,"date":"2024-06-29T09:30:37","date_gmt":"2024-06-29T08:30:37","guid":{"rendered":"https:\/\/ppdegalicia.com\/?p=63336"},"modified":"2024-06-28T17:19:09","modified_gmt":"2024-06-28T16:19:09","slug":"o-ppdeg-celebra-que-o-congreso-e-o-senado-avalen-as-medidas-propostas-por-galicia-ao-goberno-central-para-paliar-a-falta-de-medicos","status":"publish","type":"post","link":"https:\/\/ppdegalicia.com\/es\/o-ppdeg-celebra-que-o-congreso-e-o-senado-avalen-as-medidas-propostas-por-galicia-ao-goberno-central-para-paliar-a-falta-de-medicos\/","title":{"rendered":"O PPdeG celebra que o Congreso e o Senado avalen as medidas propostas por Galicia ao Goberno central para paliar a falta de m\u00e9dicos"},"content":{"rendered":"<p>O Partido Popular de Galicia celebra que tanto o Congreso como o Senado avalaran esta semana por maior\u00eda o modelo galego de Sanidade, \u00e9 dicir, as medidas propostas por Galicia ao Goberno central fronte \u00e1 falta de profesionais sanitarios en Atenci\u00f3n Primaria, especialmente no ver\u00e1n.<\/p>\n<p>Os populares presentaron nas Cortes Xerais sendas iniciativas coas que instan ao Executivo a exercer as s\u00faas competencias para solucionar a falta de m\u00e9dicos en toda Espa\u00f1a, tomando como exemplo gran parte das iniciativas de Galicia.<\/p>\n<p>Tanto o Congreso \u2013176 votos a favor\u2014 como o Senado \u201317 votos a favor en Comisi\u00f3n\u2014 aprobaron esixir ao Goberno central que traballe para materializar con extrema urxencia medidas de utilidade real fronte \u00e1 cr\u00edtica necesidade dos profesionais sanitarios que existe na Atenci\u00f3n Primaria, principalmente para os meses do presente ver\u00e1n.<\/p>\n<p>\u201cDebe cesar a inacci\u00f3n da ministra de Sanidade, a sexta da era S\u00e1nchez, que segue sen tomar as medidas necesarias dentro das s\u00faas competencias, como a formaci\u00f3n de especialistas, as convocatorias de prazas MIR e a autorizaci\u00f3n de unidades formativas\u201d, sinalan desde o PPdeG.<\/p>\n<p>De igual modo, desde o PPdeG esixen que o Goberno priorice solucionar os problemas existentes na homologaci\u00f3n de t\u00edtulos universitarios e especialidades extracomunitarias, as\u00ed como posibilitar que os m\u00e9dicos internos residentes de cuarto ano que iniciaron a s\u00faa formaci\u00f3n en 2020 poidan atender este ver\u00e1n, coa supervisi\u00f3n e os apoios pertinentes, aos pacientes que acoden aos centros de Atenci\u00f3n Primaria.<\/p>\n<p>Os populares recl\u00e1manlle facelo desde o cumprimento rigoroso da normativa e da repartici\u00f3n competencial vixentes, e desde o consenso real coas comunidades aut\u00f3nomas e a coordinaci\u00f3n plena cos representantes dos profesionais sanitarios.<\/p>\n<p><strong><u>SEN APOIO DE PSdeG E BNG<\/u><\/strong><\/p>\n<p>As moci\u00f3ns sa\u00edron adiante sen o apoio do PSOE e do BNG, que \u201cnin en Galicia nin en Madrid son quen de apoiar calquera medida, pero despois son os primeiros que se po\u00f1en detr\u00e1s dunha pancarta e saen \u00e1 r\u00faa a manifestarse\u201d. \u201cCoa Sanidade, como con tantos temas, son os l\u00edderes da hipocris\u00eda\u201d, lamentan os populares galegos.<\/p>\n<p>\u201cDeste xeito, as Cortes Xerais lembr\u00e1ronlle \u00e1 ministra de Sanidade que si ten competencias e que ten que exercelas\u201d, concl\u00faen.<\/p>\n<p>C\u00f3mpre lembrar que xa no \u00faltimo Consello Interterritorial de Sanidade, o conselleiro galego sinalou a s\u00faa decepci\u00f3n pola mala planificaci\u00f3n da formaci\u00f3n MIR por parte do Goberno de Espa\u00f1a e destacou que o modelo galego de planificaci\u00f3n do ver\u00e1n permitir\u00e1 garantir a asistencia sanitaria fronte \u00e1 inacci\u00f3n do Ministerio de Sanidade.<\/p>\n","protected":false},"excerpt":{"rendered":"<p>O Partido Popular de Galicia celebra que tanto o Congreso como o Senado avalaran esta semana por maior\u00eda o modelo galego de Sanidade, \u00e9 dicir, as medidas propostas por Galicia ao Goberno central fronte \u00e1 falta de profesionais sanitarios en Atenci\u00f3n Primaria, especialmente no ver\u00e1n. Os populares presentaron nas Cortes Xerais sendas iniciativas coas que [&hellip;]<\/p>\n","protected":false},"author":40,"featured_media":63337,"comment_status":"open","ping_status":"open","sticky":false,"template":"","format":"standard","meta":{"_acf_changed":false,"footnotes":""},"categories":[2387],"tags":[],"class_list":["post-63336","post","type-post","status-publish","format-standard","has-post-thumbnail","hentry","category-actualidad-cortes-generales"],"acf":[],"yoast_head":"<!-- This site is optimized with the Yoast SEO plugin v27.3 - https:\/\/yoast.com\/product\/yoast-seo-wordpress\/ -->\n<title>O PPdeG celebra que o Congreso e o Senado avalen as medidas propostas por Galicia ao Goberno central para paliar a falta de m\u00e9dicos - PP de Galicia<\/title>\n<meta name=\"description\" content=\"O Partido Popular de Galicia celebra que tanto o Congreso como o Senado avalaran esta semana por maior\u00eda o modelo galego de Sanidade, \u00e9 dicir, as medidas propostas por Galicia ao Goberno central fronte \u00e1 falta de profesionais sanitarios en Atenci\u00f3n Primaria, especialmente no ver\u00e1n.\" \/>\n<meta name=\"robots\" content=\"index, follow, max-snippet:-1, max-image-preview:large, max-video-preview:-1\" \/>\n<link rel=\"canonical\" href=\"https:\/\/ppdegalicia.com\/es\/o-ppdeg-celebra-que-o-congreso-e-o-senado-avalen-as-medidas-propostas-por-galicia-ao-goberno-central-para-paliar-a-falta-de-medicos\/\" \/>\n<meta property=\"og:locale\" content=\"es_ES\" \/>\n<meta property=\"og:type\" content=\"article\" \/>\n<meta property=\"og:title\" content=\"O PPdeG celebra que o Congreso e o Senado avalen as medidas propostas por Galicia ao Goberno central para paliar a falta de m\u00e9dicos - PP de Galicia\" \/>\n<meta property=\"og:description\" content=\"O Partido Popular de Galicia celebra que tanto o Congreso como o Senado avalaran esta semana por maior\u00eda o modelo galego de Sanidade, \u00e9 dicir, as medidas propostas por Galicia ao Goberno central fronte \u00e1 falta de profesionais sanitarios en Atenci\u00f3n Primaria, especialmente no ver\u00e1n.\" \/>\n<meta property=\"og:url\" content=\"https:\/\/ppdegalicia.com\/es\/o-ppdeg-celebra-que-o-congreso-e-o-senado-avalen-as-medidas-propostas-por-galicia-ao-goberno-central-para-paliar-a-falta-de-medicos\/\" \/>\n<meta property=\"og:site_name\" content=\"PP de Galicia\" \/>\n<meta property=\"article:publisher\" content=\"https:\/\/www.instagram.com\/ppdegalicia\/\" \/>\n<meta property=\"article:published_time\" content=\"2024-06-29T08:30:37+00:00\" \/>\n<meta property=\"og:image\" content=\"https:\/\/ppdegalicia.com\/wp-content\/uploads\/2024\/06\/20240629_JuanAndresBayon_archivo.jpg\" \/>\n\t<meta property=\"og:image:width\" content=\"2560\" \/>\n\t<meta property=\"og:image:height\" content=\"1706\" \/>\n\t<meta property=\"og:image:type\" content=\"image\/jpeg\" \/>\n<meta name=\"author\" content=\"ppdegaliciaedtis\" \/>\n<meta name=\"twitter:card\" content=\"summary_large_image\" \/>\n<meta name=\"twitter:creator\" content=\"@ppdegalicia\" \/>\n<meta name=\"twitter:site\" content=\"@ppdegalicia\" \/>\n<meta name=\"twitter:label1\" content=\"Escrito por\" \/>\n\t<meta name=\"twitter:data1\" content=\"ppdegaliciaedtis\" \/>\n\t<meta name=\"twitter:label2\" content=\"Tiempo de lectura\" \/>\n\t<meta name=\"twitter:data2\" content=\"3 minutos\" \/>\n<script type=\"application\/ld+json\" class=\"yoast-schema-graph\">{\"@context\":\"https:\\\/\\\/schema.org\",\"@graph\":[{\"@type\":\"Article\",\"@id\":\"https:\\\/\\\/ppdegalicia.com\\\/es\\\/o-ppdeg-celebra-que-o-congreso-e-o-senado-avalen-as-medidas-propostas-por-galicia-ao-goberno-central-para-paliar-a-falta-de-medicos\\\/#article\",\"isPartOf\":{\"@id\":\"https:\\\/\\\/ppdegalicia.com\\\/es\\\/o-ppdeg-celebra-que-o-congreso-e-o-senado-avalen-as-medidas-propostas-por-galicia-ao-goberno-central-para-paliar-a-falta-de-medicos\\\/\"},\"author\":{\"name\":\"ppdegaliciaedtis\",\"@id\":\"https:\\\/\\\/ppdegalicia.com\\\/es\\\/#\\\/schema\\\/person\\\/bc9b46e59ebd34bf28611158c3867388\"},\"headline\":\"O PPdeG celebra que o Congreso e o Senado avalen as medidas propostas por Galicia ao Goberno central para paliar a falta de m\u00e9dicos\",\"datePublished\":\"2024-06-29T08:30:37+00:00\",\"mainEntityOfPage\":{\"@id\":\"https:\\\/\\\/ppdegalicia.com\\\/es\\\/o-ppdeg-celebra-que-o-congreso-e-o-senado-avalen-as-medidas-propostas-por-galicia-ao-goberno-central-para-paliar-a-falta-de-medicos\\\/\"},\"wordCount\":463,\"commentCount\":0,\"publisher\":{\"@id\":\"https:\\\/\\\/ppdegalicia.com\\\/es\\\/#organization\"},\"image\":{\"@id\":\"https:\\\/\\\/ppdegalicia.com\\\/es\\\/o-ppdeg-celebra-que-o-congreso-e-o-senado-avalen-as-medidas-propostas-por-galicia-ao-goberno-central-para-paliar-a-falta-de-medicos\\\/#primaryimage\"},\"thumbnailUrl\":\"https:\\\/\\\/ppdegalicia.com\\\/wp-content\\\/uploads\\\/2024\\\/06\\\/20240629_JuanAndresBayon_archivo.jpg\",\"articleSection\":[\"Cortes Generales\"],\"inLanguage\":\"es\",\"potentialAction\":[{\"@type\":\"CommentAction\",\"name\":\"Comment\",\"target\":[\"https:\\\/\\\/ppdegalicia.com\\\/es\\\/o-ppdeg-celebra-que-o-congreso-e-o-senado-avalen-as-medidas-propostas-por-galicia-ao-goberno-central-para-paliar-a-falta-de-medicos\\\/#respond\"]}]},{\"@type\":\"WebPage\",\"@id\":\"https:\\\/\\\/ppdegalicia.com\\\/es\\\/o-ppdeg-celebra-que-o-congreso-e-o-senado-avalen-as-medidas-propostas-por-galicia-ao-goberno-central-para-paliar-a-falta-de-medicos\\\/\",\"url\":\"https:\\\/\\\/ppdegalicia.com\\\/es\\\/o-ppdeg-celebra-que-o-congreso-e-o-senado-avalen-as-medidas-propostas-por-galicia-ao-goberno-central-para-paliar-a-falta-de-medicos\\\/\",\"name\":\"O PPdeG celebra que o Congreso e o Senado avalen as medidas propostas por Galicia ao Goberno central para paliar a falta de m\u00e9dicos - PP de Galicia\",\"isPartOf\":{\"@id\":\"https:\\\/\\\/ppdegalicia.com\\\/es\\\/#website\"},\"primaryImageOfPage\":{\"@id\":\"https:\\\/\\\/ppdegalicia.com\\\/es\\\/o-ppdeg-celebra-que-o-congreso-e-o-senado-avalen-as-medidas-propostas-por-galicia-ao-goberno-central-para-paliar-a-falta-de-medicos\\\/#primaryimage\"},\"image\":{\"@id\":\"https:\\\/\\\/ppdegalicia.com\\\/es\\\/o-ppdeg-celebra-que-o-congreso-e-o-senado-avalen-as-medidas-propostas-por-galicia-ao-goberno-central-para-paliar-a-falta-de-medicos\\\/#primaryimage\"},\"thumbnailUrl\":\"https:\\\/\\\/ppdegalicia.com\\\/wp-content\\\/uploads\\\/2024\\\/06\\\/20240629_JuanAndresBayon_archivo.jpg\",\"datePublished\":\"2024-06-29T08:30:37+00:00\",\"description\":\"O Partido Popular de Galicia celebra que tanto o Congreso como o Senado avalaran esta semana por maior\u00eda o modelo galego de Sanidade, \u00e9 dicir, as medidas propostas por Galicia ao Goberno central fronte \u00e1 falta de profesionais sanitarios en Atenci\u00f3n Primaria, especialmente no ver\u00e1n.\",\"breadcrumb\":{\"@id\":\"https:\\\/\\\/ppdegalicia.com\\\/es\\\/o-ppdeg-celebra-que-o-congreso-e-o-senado-avalen-as-medidas-propostas-por-galicia-ao-goberno-central-para-paliar-a-falta-de-medicos\\\/#breadcrumb\"},\"inLanguage\":\"es\",\"potentialAction\":[{\"@type\":\"ReadAction\",\"target\":[\"https:\\\/\\\/ppdegalicia.com\\\/es\\\/o-ppdeg-celebra-que-o-congreso-e-o-senado-avalen-as-medidas-propostas-por-galicia-ao-goberno-central-para-paliar-a-falta-de-medicos\\\/\"]}]},{\"@type\":\"ImageObject\",\"inLanguage\":\"es\",\"@id\":\"https:\\\/\\\/ppdegalicia.com\\\/es\\\/o-ppdeg-celebra-que-o-congreso-e-o-senado-avalen-as-medidas-propostas-por-galicia-ao-goberno-central-para-paliar-a-falta-de-medicos\\\/#primaryimage\",\"url\":\"https:\\\/\\\/ppdegalicia.com\\\/wp-content\\\/uploads\\\/2024\\\/06\\\/20240629_JuanAndresBayon_archivo.jpg\",\"contentUrl\":\"https:\\\/\\\/ppdegalicia.com\\\/wp-content\\\/uploads\\\/2024\\\/06\\\/20240629_JuanAndresBayon_archivo.jpg\",\"width\":2560,\"height\":1706},{\"@type\":\"BreadcrumbList\",\"@id\":\"https:\\\/\\\/ppdegalicia.com\\\/es\\\/o-ppdeg-celebra-que-o-congreso-e-o-senado-avalen-as-medidas-propostas-por-galicia-ao-goberno-central-para-paliar-a-falta-de-medicos\\\/#breadcrumb\",\"itemListElement\":[{\"@type\":\"ListItem\",\"position\":1,\"name\":\"Portada\",\"item\":\"https:\\\/\\\/ppdegalicia.com\\\/es\\\/\"},{\"@type\":\"ListItem\",\"position\":2,\"name\":\"O PPdeG celebra que o Congreso e o Senado avalen as medidas propostas por Galicia ao Goberno central para paliar a falta de m\u00e9dicos\"}]},{\"@type\":\"WebSite\",\"@id\":\"https:\\\/\\\/ppdegalicia.com\\\/es\\\/#website\",\"url\":\"https:\\\/\\\/ppdegalicia.com\\\/es\\\/\",\"name\":\"Partido Popular de Galicia\",\"description\":\"Partido Popular de Galicia\",\"publisher\":{\"@id\":\"https:\\\/\\\/ppdegalicia.com\\\/es\\\/#organization\"},\"alternateName\":\"PP de Galicia\",\"potentialAction\":[{\"@type\":\"SearchAction\",\"target\":{\"@type\":\"EntryPoint\",\"urlTemplate\":\"https:\\\/\\\/ppdegalicia.com\\\/es\\\/?s={search_term_string}\"},\"query-input\":{\"@type\":\"PropertyValueSpecification\",\"valueRequired\":true,\"valueName\":\"search_term_string\"}}],\"inLanguage\":\"es\"},{\"@type\":\"Organization\",\"@id\":\"https:\\\/\\\/ppdegalicia.com\\\/es\\\/#organization\",\"name\":\"Partido Popular de Galicia\",\"alternateName\":\"PP de Galicia\",\"url\":\"https:\\\/\\\/ppdegalicia.com\\\/es\\\/\",\"logo\":{\"@type\":\"ImageObject\",\"inLanguage\":\"es\",\"@id\":\"https:\\\/\\\/ppdegalicia.com\\\/es\\\/#\\\/schema\\\/logo\\\/image\\\/\",\"url\":\"https:\\\/\\\/ppdegalicia.com\\\/wp-content\\\/uploads\\\/2023\\\/04\\\/logoPP512.png\",\"contentUrl\":\"https:\\\/\\\/ppdegalicia.com\\\/wp-content\\\/uploads\\\/2023\\\/04\\\/logoPP512.png\",\"width\":512,\"height\":512,\"caption\":\"Partido Popular de Galicia\"},\"image\":{\"@id\":\"https:\\\/\\\/ppdegalicia.com\\\/es\\\/#\\\/schema\\\/logo\\\/image\\\/\"},\"sameAs\":[\"https:\\\/\\\/www.instagram.com\\\/ppdegalicia\\\/\",\"https:\\\/\\\/x.com\\\/ppdegalicia\",\"https:\\\/\\\/www.tiktok.com\\\/@ppdegalicia\",\"https:\\\/\\\/www.youtube.com\\\/user\\\/ppdegalicia\"]},{\"@type\":\"Person\",\"@id\":\"https:\\\/\\\/ppdegalicia.com\\\/es\\\/#\\\/schema\\\/person\\\/bc9b46e59ebd34bf28611158c3867388\",\"name\":\"ppdegaliciaedtis\",\"image\":{\"@type\":\"ImageObject\",\"inLanguage\":\"es\",\"@id\":\"https:\\\/\\\/secure.gravatar.com\\\/avatar\\\/f9f8cf6e03df54a1b0d04a6b4b8e8c6bd63c10a439752e84d87a5385aefe2ced?s=96&d=mm&r=g\",\"url\":\"https:\\\/\\\/secure.gravatar.com\\\/avatar\\\/f9f8cf6e03df54a1b0d04a6b4b8e8c6bd63c10a439752e84d87a5385aefe2ced?s=96&d=mm&r=g\",\"contentUrl\":\"https:\\\/\\\/secure.gravatar.com\\\/avatar\\\/f9f8cf6e03df54a1b0d04a6b4b8e8c6bd63c10a439752e84d87a5385aefe2ced?s=96&d=mm&r=g\",\"caption\":\"ppdegaliciaedtis\"},\"url\":\"https:\\\/\\\/ppdegalicia.com\\\/es\\\/author\\\/ppdegaliciaedits\\\/\"}]}<\/script>\n<!-- \/ Yoast SEO plugin. -->","yoast_head_json":{"title":"O PPdeG celebra que o Congreso e o Senado avalen as medidas propostas por Galicia ao Goberno central para paliar a falta de m\u00e9dicos - PP de Galicia","description":"O Partido Popular de Galicia celebra que tanto o Congreso como o Senado avalaran esta semana por maior\u00eda o modelo galego de Sanidade, \u00e9 dicir, as medidas propostas por Galicia ao Goberno central fronte \u00e1 falta de profesionais sanitarios en Atenci\u00f3n Primaria, especialmente no ver\u00e1n.","robots":{"index":"index","follow":"follow","max-snippet":"max-snippet:-1","max-image-preview":"max-image-preview:large","max-video-preview":"max-video-preview:-1"},"canonical":"https:\/\/ppdegalicia.com\/es\/o-ppdeg-celebra-que-o-congreso-e-o-senado-avalen-as-medidas-propostas-por-galicia-ao-goberno-central-para-paliar-a-falta-de-medicos\/","og_locale":"es_ES","og_type":"article","og_title":"O PPdeG celebra que o Congreso e o Senado avalen as medidas propostas por Galicia ao Goberno central para paliar a falta de m\u00e9dicos - PP de Galicia","og_description":"O Partido Popular de Galicia celebra que tanto o Congreso como o Senado avalaran esta semana por maior\u00eda o modelo galego de Sanidade, \u00e9 dicir, as medidas propostas por Galicia ao Goberno central fronte \u00e1 falta de profesionais sanitarios en Atenci\u00f3n Primaria, especialmente no ver\u00e1n.","og_url":"https:\/\/ppdegalicia.com\/es\/o-ppdeg-celebra-que-o-congreso-e-o-senado-avalen-as-medidas-propostas-por-galicia-ao-goberno-central-para-paliar-a-falta-de-medicos\/","og_site_name":"PP de Galicia","article_publisher":"https:\/\/www.instagram.com\/ppdegalicia\/","article_published_time":"2024-06-29T08:30:37+00:00","og_image":[{"width":2560,"height":1706,"url":"https:\/\/ppdegalicia.com\/wp-content\/uploads\/2024\/06\/20240629_JuanAndresBayon_archivo.jpg","type":"image\/jpeg"}],"author":"ppdegaliciaedtis","twitter_card":"summary_large_image","twitter_creator":"@ppdegalicia","twitter_site":"@ppdegalicia","twitter_misc":{"Escrito por":"ppdegaliciaedtis","Tiempo de lectura":"3 minutos"},"schema":{"@context":"https:\/\/schema.org","@graph":[{"@type":"Article","@id":"https:\/\/ppdegalicia.com\/es\/o-ppdeg-celebra-que-o-congreso-e-o-senado-avalen-as-medidas-propostas-por-galicia-ao-goberno-central-para-paliar-a-falta-de-medicos\/#article","isPartOf":{"@id":"https:\/\/ppdegalicia.com\/es\/o-ppdeg-celebra-que-o-congreso-e-o-senado-avalen-as-medidas-propostas-por-galicia-ao-goberno-central-para-paliar-a-falta-de-medicos\/"},"author":{"name":"ppdegaliciaedtis","@id":"https:\/\/ppdegalicia.com\/es\/#\/schema\/person\/bc9b46e59ebd34bf28611158c3867388"},"headline":"O PPdeG celebra que o Congreso e o Senado avalen as medidas propostas por Galicia ao Goberno central para paliar a falta de m\u00e9dicos","datePublished":"2024-06-29T08:30:37+00:00","mainEntityOfPage":{"@id":"https:\/\/ppdegalicia.com\/es\/o-ppdeg-celebra-que-o-congreso-e-o-senado-avalen-as-medidas-propostas-por-galicia-ao-goberno-central-para-paliar-a-falta-de-medicos\/"},"wordCount":463,"commentCount":0,"publisher":{"@id":"https:\/\/ppdegalicia.com\/es\/#organization"},"image":{"@id":"https:\/\/ppdegalicia.com\/es\/o-ppdeg-celebra-que-o-congreso-e-o-senado-avalen-as-medidas-propostas-por-galicia-ao-goberno-central-para-paliar-a-falta-de-medicos\/#primaryimage"},"thumbnailUrl":"https:\/\/ppdegalicia.com\/wp-content\/uploads\/2024\/06\/20240629_JuanAndresBayon_archivo.jpg","articleSection":["Cortes Generales"],"inLanguage":"es","potentialAction":[{"@type":"CommentAction","name":"Comment","target":["https:\/\/ppdegalicia.com\/es\/o-ppdeg-celebra-que-o-congreso-e-o-senado-avalen-as-medidas-propostas-por-galicia-ao-goberno-central-para-paliar-a-falta-de-medicos\/#respond"]}]},{"@type":"WebPage","@id":"https:\/\/ppdegalicia.com\/es\/o-ppdeg-celebra-que-o-congreso-e-o-senado-avalen-as-medidas-propostas-por-galicia-ao-goberno-central-para-paliar-a-falta-de-medicos\/","url":"https:\/\/ppdegalicia.com\/es\/o-ppdeg-celebra-que-o-congreso-e-o-senado-avalen-as-medidas-propostas-por-galicia-ao-goberno-central-para-paliar-a-falta-de-medicos\/","name":"O PPdeG celebra que o Congreso e o Senado avalen as medidas propostas por Galicia ao Goberno central para paliar a falta de m\u00e9dicos - PP de Galicia","isPartOf":{"@id":"https:\/\/ppdegalicia.com\/es\/#website"},"primaryImageOfPage":{"@id":"https:\/\/ppdegalicia.com\/es\/o-ppdeg-celebra-que-o-congreso-e-o-senado-avalen-as-medidas-propostas-por-galicia-ao-goberno-central-para-paliar-a-falta-de-medicos\/#primaryimage"},"image":{"@id":"https:\/\/ppdegalicia.com\/es\/o-ppdeg-celebra-que-o-congreso-e-o-senado-avalen-as-medidas-propostas-por-galicia-ao-goberno-central-para-paliar-a-falta-de-medicos\/#primaryimage"},"thumbnailUrl":"https:\/\/ppdegalicia.com\/wp-content\/uploads\/2024\/06\/20240629_JuanAndresBayon_archivo.jpg","datePublished":"2024-06-29T08:30:37+00:00","description":"O Partido Popular de Galicia celebra que tanto o Congreso como o Senado avalaran esta semana por maior\u00eda o modelo galego de Sanidade, \u00e9 dicir, as medidas propostas por Galicia ao Goberno central fronte \u00e1 falta de profesionais sanitarios en Atenci\u00f3n Primaria, especialmente no ver\u00e1n.","breadcrumb":{"@id":"https:\/\/ppdegalicia.com\/es\/o-ppdeg-celebra-que-o-congreso-e-o-senado-avalen-as-medidas-propostas-por-galicia-ao-goberno-central-para-paliar-a-falta-de-medicos\/#breadcrumb"},"inLanguage":"es","potentialAction":[{"@type":"ReadAction","target":["https:\/\/ppdegalicia.com\/es\/o-ppdeg-celebra-que-o-congreso-e-o-senado-avalen-as-medidas-propostas-por-galicia-ao-goberno-central-para-paliar-a-falta-de-medicos\/"]}]},{"@type":"ImageObject","inLanguage":"es","@id":"https:\/\/ppdegalicia.com\/es\/o-ppdeg-celebra-que-o-congreso-e-o-senado-avalen-as-medidas-propostas-por-galicia-ao-goberno-central-para-paliar-a-falta-de-medicos\/#primaryimage","url":"https:\/\/ppdegalicia.com\/wp-content\/uploads\/2024\/06\/20240629_JuanAndresBayon_archivo.jpg","contentUrl":"https:\/\/ppdegalicia.com\/wp-content\/uploads\/2024\/06\/20240629_JuanAndresBayon_archivo.jpg","width":2560,"height":1706},{"@type":"BreadcrumbList","@id":"https:\/\/ppdegalicia.com\/es\/o-ppdeg-celebra-que-o-congreso-e-o-senado-avalen-as-medidas-propostas-por-galicia-ao-goberno-central-para-paliar-a-falta-de-medicos\/#breadcrumb","itemListElement":[{"@type":"ListItem","position":1,"name":"Portada","item":"https:\/\/ppdegalicia.com\/es\/"},{"@type":"ListItem","position":2,"name":"O PPdeG celebra que o Congreso e o Senado avalen as medidas propostas por Galicia ao Goberno central para paliar a falta de m\u00e9dicos"}]},{"@type":"WebSite","@id":"https:\/\/ppdegalicia.com\/es\/#website","url":"https:\/\/ppdegalicia.com\/es\/","name":"Partido Popular de Galicia","description":"Partido Popular de Galicia","publisher":{"@id":"https:\/\/ppdegalicia.com\/es\/#organization"},"alternateName":"PP de Galicia","potentialAction":[{"@type":"SearchAction","target":{"@type":"EntryPoint","urlTemplate":"https:\/\/ppdegalicia.com\/es\/?s={search_term_string}"},"query-input":{"@type":"PropertyValueSpecification","valueRequired":true,"valueName":"search_term_string"}}],"inLanguage":"es"},{"@type":"Organization","@id":"https:\/\/ppdegalicia.com\/es\/#organization","name":"Partido Popular de Galicia","alternateName":"PP de Galicia","url":"https:\/\/ppdegalicia.com\/es\/","logo":{"@type":"ImageObject","inLanguage":"es","@id":"https:\/\/ppdegalicia.com\/es\/#\/schema\/logo\/image\/","url":"https:\/\/ppdegalicia.com\/wp-content\/uploads\/2023\/04\/logoPP512.png","contentUrl":"https:\/\/ppdegalicia.com\/wp-content\/uploads\/2023\/04\/logoPP512.png","width":512,"height":512,"caption":"Partido Popular de Galicia"},"image":{"@id":"https:\/\/ppdegalicia.com\/es\/#\/schema\/logo\/image\/"},"sameAs":["https:\/\/www.instagram.com\/ppdegalicia\/","https:\/\/x.com\/ppdegalicia","https:\/\/www.tiktok.com\/@ppdegalicia","https:\/\/www.youtube.com\/user\/ppdegalicia"]},{"@type":"Person","@id":"https:\/\/ppdegalicia.com\/es\/#\/schema\/person\/bc9b46e59ebd34bf28611158c3867388","name":"ppdegaliciaedtis","image":{"@type":"ImageObject","inLanguage":"es","@id":"https:\/\/secure.gravatar.com\/avatar\/f9f8cf6e03df54a1b0d04a6b4b8e8c6bd63c10a439752e84d87a5385aefe2ced?s=96&d=mm&r=g","url":"https:\/\/secure.gravatar.com\/avatar\/f9f8cf6e03df54a1b0d04a6b4b8e8c6bd63c10a439752e84d87a5385aefe2ced?s=96&d=mm&r=g","contentUrl":"https:\/\/secure.gravatar.com\/avatar\/f9f8cf6e03df54a1b0d04a6b4b8e8c6bd63c10a439752e84d87a5385aefe2ced?s=96&d=mm&r=g","caption":"ppdegaliciaedtis"},"url":"https:\/\/ppdegalicia.com\/es\/author\/ppdegaliciaedits\/"}]}},"_links":{"self":[{"href":"https:\/\/ppdegalicia.com\/es\/wp-json\/wp\/v2\/posts\/63336","targetHints":{"allow":["GET"]}}],"collection":[{"href":"https:\/\/ppdegalicia.com\/es\/wp-json\/wp\/v2\/posts"}],"about":[{"href":"https:\/\/ppdegalicia.com\/es\/wp-json\/wp\/v2\/types\/post"}],"author":[{"embeddable":true,"href":"https:\/\/ppdegalicia.com\/es\/wp-json\/wp\/v2\/users\/40"}],"replies":[{"embeddable":true,"href":"https:\/\/ppdegalicia.com\/es\/wp-json\/wp\/v2\/comments?post=63336"}],"version-history":[{"count":1,"href":"https:\/\/ppdegalicia.com\/es\/wp-json\/wp\/v2\/posts\/63336\/revisions"}],"predecessor-version":[{"id":63339,"href":"https:\/\/ppdegalicia.com\/es\/wp-json\/wp\/v2\/posts\/63336\/revisions\/63339"}],"wp:featuredmedia":[{"embeddable":true,"href":"https:\/\/ppdegalicia.com\/es\/wp-json\/wp\/v2\/media\/63337"}],"wp:attachment":[{"href":"https:\/\/ppdegalicia.com\/es\/wp-json\/wp\/v2\/media?parent=63336"}],"wp:term":[{"taxonomy":"category","embeddable":true,"href":"https:\/\/ppdegalicia.com\/es\/wp-json\/wp\/v2\/categories?post=63336"},{"taxonomy":"post_tag","embeddable":true,"href":"https:\/\/ppdegalicia.com\/es\/wp-json\/wp\/v2\/tags?post=63336"}],"curies":[{"name":"wp","href":"https:\/\/api.w.org\/{rel}","templated":true}]}}