{"id":63398,"date":"2024-07-02T15:04:53","date_gmt":"2024-07-02T14:04:53","guid":{"rendered":"https:\/\/ppdegalicia.com\/?p=63398"},"modified":"2024-07-02T15:04:53","modified_gmt":"2024-07-02T14:04:53","slug":"o-grupo-popular-pedira-no-pleno-un-compromiso-real-e-efectivo-do-goberno-central-para-a-realizacion-de-infraestruturas-viarias-vitais-para-galicia","status":"publish","type":"post","link":"https:\/\/ppdegalicia.com\/es\/o-grupo-popular-pedira-no-pleno-un-compromiso-real-e-efectivo-do-goberno-central-para-a-realizacion-de-infraestruturas-viarias-vitais-para-galicia\/","title":{"rendered":"O Grupo Popular pedir\u00e1 no Pleno un compromiso real e efectivo do Goberno central para a realizaci\u00f3n de infraestruturas viarias vitais para Galicia"},"content":{"rendered":"<p>O Grupo Popular solicitar\u00e1 no Pleno da vindeira semana un compromiso real e efectivo do Goberno central para a realizaci\u00f3n de infraestruturas vitais para Galicia, ante a falta de avances en actuaci\u00f3ns comprometidas e o agravio comparativo respecto a outras comunidades. As\u00ed mesmo, solicitar\u00e1 que o Goberno do Estado complete a dotaci\u00f3n de 15 mill\u00f3ns de euros solicitada por Galicia, no marco do PERTE <em>Nova Econom\u00eda da Lingua<\/em>, para a execuci\u00f3n do Proxecto <em>N\u00f3s<\/em> de impulso do galego nos \u00e1mbitos tecnol\u00f3xicos.<\/p>\n<p>Ao remate da Xunta de Portavoces, a viceportavoz Paula Prado informou que a Mesa do Parlamento aceptou a solicitude do Grupo Popular para a creaci\u00f3n dunha Comisi\u00f3n de Estudo para abordar a proposta da Comunidade Aut\u00f3noma de Galicia diante da reforma do sistema de financiamento auton\u00f3mico, co obxectivo de elaborar o seu ditame logo das comparecencias de expertos que tiveron lugar na pasada lexislatura e a extensa documentaci\u00f3n que se solicitou e que agora servir\u00e1 de base para a elaboraci\u00f3n das conclusi\u00f3ns.<\/p>\n<p><strong><u>BNG PARAG\u00d3XICO<\/u><\/strong><\/p>\n<p>Neste sentido, Paula Prado considerou \u201cparag\u00f3xico que desde o BNG se nos pida ambici\u00f3n nesta Comisi\u00f3n de estudo e ao mesmo tempo insistan nas s\u00faas teimas defendendo un cupo para Galicia e unha negociaci\u00f3n bilateral co Goberno central\u201d. \u201cNon hai m\u00e1is cego que o que non quere ver, porque s\u00f3 hai que lembrar que a pr\u00e1ctica totalidade dos expertos que compareceron na pasada lexislatura nesta Comisi\u00f3n, coa \u00fanica excepci\u00f3n da persoa que propuxeron os nacionalistas galegos, incidiron no prexudicial que ser\u00eda para Galicia a extensi\u00f3n do cupo foral ou a cesi\u00f3n de m\u00e1is porcentaxe de imposto sobre a renda a todas as comunidades aut\u00f3nomas\u201d, lembrou.<\/p>\n<p>\u201cPero \u00e9 que tam\u00e9n nos insisten na solicitude dunha negociaci\u00f3n bilateral para o financiamento auton\u00f3mico de Galicia, co \u00fanico obxectivo de seguir os pasos que lle marcan os seus aliados independentistas catal\u00e1ns, m\u00e1is preocupados de espremer a Pedro S\u00e1nchez no seu beneficio propio, sen preocuparse en absoluto de tratar en igualdade de condici\u00f3ns \u00e1s demais comunidades aut\u00f3nomas\u201d, apuntou Paula Prado. As\u00ed, insistiu que \u201cimos seguir defendendo unha negociaci\u00f3n multilateral xusta e equitativa do financiamento auton\u00f3mico, de xeito que se atendan as necesidades espec\u00edficas de cada comunidade aut\u00f3noma para que poidan atender a prestaci\u00f3n dos servizos p\u00fablicos en igualdade de condici\u00f3ns para todos os espa\u00f1ois\u201d.<\/p>\n<p>Respecto da orde do d\u00eda da sesi\u00f3n plenaria, a viceportavoz popular informou que est\u00e1 prevista a comparecencia dos conselleiros de Sanidade e de Facenda e Administraci\u00f3n P\u00fablica.<\/p>\n<p><strong><u>INFRAESTRUTURAS E PROXECTO <em>N\u00d3S<\/em><\/u><\/strong><\/p>\n<p>Dentro do apartado de proposici\u00f3ns non de lei, o Grupo Popular solicitar\u00e1, en primeiro lugar, que o Goberno central complete a dotaci\u00f3n de 15 mill\u00f3ns de euros que se lle solicitaron por Galicia, no marco do PERTE <em>Nova Econom\u00eda da Lingua<\/em>, para o desenvolvemento do Proxecto <em>N\u00f3s<\/em>. Esta iniciativa, que prev\u00e9 unha mobilizaci\u00f3n de m\u00e1is de\u00a0 45 mill\u00f3ns de euros e a creaci\u00f3n de 450 empregos, ten por obxectivo favorecer a creaci\u00f3n de ferramentas que permitan que o galego estea presente en todos os \u00e1mbitos, especialmente no tecnol\u00f3xico con sintetizadores de voz, reco\u00f1ecedores de fala ou xeradores de lingua natural.<\/p>\n<p>Para levar adiante esta iniciativa, a Xunta solicitou ao Goberno central, con cargo ao PERTE <em>Nova Econom\u00eda da Lingua<\/em>, que est\u00e1 dotado cun orzamento global de 1.100 mill\u00f3ns de euros, unha partida de 15 mill\u00f3ns de euros, pero a d\u00eda de hoxe o Goberno de Pedro S\u00e1nchez so achegou 2 mill\u00f3ns de euros, unha cantidade absolutamente insuficiente para un proxecto que aspira a situar o galego na sociedade e na econom\u00eda dixital.<\/p>\n<p>A segunda das proposici\u00f3ns non de lei do Grupo Popular incide nunha das demandas m\u00e1is insistentes desde Galicia e menos atendidas por parte do Goberno central: a realizaci\u00f3n e mellora de infraestruturas viarias vitais na Comunidade galega, ante a falta de avances na planificaci\u00f3n de traballos. \u201cO Goberno central leva anos acumulando incumprimentos en relaci\u00f3n \u00e1 execuci\u00f3n das novas infraestruturas viarias comprometidas en Galicia, especialmente aquelas que resultan vitais para a comunicaci\u00f3n coa meseta e para a vertebraci\u00f3n interna do territorio, como son as autov\u00edas de competencia estatal A-56, A-52 no acceso a Vigo, A-74 ou a A-76, por po\u00f1er alg\u00fan exemplos\u201d, concretou a viceportavoz popular.<\/p>\n<p>\u201cGalicia non pode permitir o agravio comparativo que est\u00e1 a sufrir respecto das atenci\u00f3ns que presta o Goberno central a outras comunidades aut\u00f3nomas, polo que consideramos necesario que o Parlamento galego se pronuncie nesta cuesti\u00f3n unha vez m\u00e1is e insista na demanda dun compromiso real e efectivo do Goberno de Pedro S\u00e1nchez para a realizaci\u00f3n de infraestruturas vitais para a Comunidade galega\u201d, dixo.<\/p>\n<p>Por \u00faltimo, dentro do apartado de preguntas ao Goberno galego, o Grupo Popular solicitar\u00e1 unha valoraci\u00f3n da xuntanza celebrada a semana pasada co secretario de Estado de Transportes e Mobilidade Sostible e co comisionado do Goberno central para o Corredor Atl\u00e1ntico, \u201cunha reuni\u00f3n sobre a que non entendemos o ocultismo a que a quixo someter o Goberno central, negando informaci\u00f3n algunha sobre os asuntos e o contido da mesma\u201d.<\/p>\n<p>A segunda pregunta do Grupo Popular ao Goberno galego ten que ver coa repercusi\u00f3n na cidadan\u00eda galega que est\u00e1 a ter o programa <em>EBICI<\/em>, que a Xunta puxo en marcha para favorecer modos de transporte m\u00e1is sustentables e saudables, a trav\u00e9s de veh\u00edculos non motorizados e diminu\u00edndo o uso do veh\u00edculo particular, coa conseguinte reduci\u00f3n de emisi\u00f3ns e de contaminaci\u00f3n ac\u00fastica.<\/p>\n<p><strong><u>NOVA ABAU<\/u><\/strong><\/p>\n<p>E, en terceiro lugar, desde o Grupo Popular cuestionar\u00e1 sobre a situaci\u00f3n das negociaci\u00f3ns sobre os exames de avaliaci\u00f3n para acceder \u00e1 universidade. Neste sentido, Paula Prado asegurou \u201cnon entender como desde o Goberno central se deixa liberdade a cada comunidade para elaborar os seus exames de ABAU, con est\u00e1ndares metodol\u00f3xicos, de esixencia e de avaliaci\u00f3n diferentes en cada autonom\u00eda, que deriva en 17 portas de acceso diferentes \u00e1 universidade para unha mesma praza\u201d.<\/p>\n<p>Deste xeito, reiterou que \u201cavogamos por desenvolver un modelo de avaliaci\u00f3n homologable a todas as comunidades aut\u00f3nomas para acceder \u00e1 universidade, como quedou de manifesto no d\u00eda de onte no acordo asinado en Salamanca por responsables de todas as comunidades aut\u00f3nomas gobernadas polo PP, un acordo axustado \u00e1 lei e que, ao mesmo tempo, blinda as singularidades de Galicia, especialmente en todo o que respecta \u00e1 nosa lingua propia\u201d.<\/p>\n","protected":false},"excerpt":{"rendered":"<p>O Grupo Popular solicitar\u00e1 no Pleno da vindeira semana un compromiso real e efectivo do Goberno central para a realizaci\u00f3n de infraestruturas vitais para Galicia, ante a falta de avances en actuaci\u00f3ns comprometidas e o agravio comparativo respecto a outras comunidades. As\u00ed mesmo, solicitar\u00e1 que o Goberno do Estado complete a dotaci\u00f3n de 15 mill\u00f3ns [&hellip;]<\/p>\n","protected":false},"author":40,"featured_media":63399,"comment_status":"closed","ping_status":"open","sticky":false,"template":"","format":"standard","meta":{"_acf_changed":false,"footnotes":""},"categories":[1128],"tags":[],"class_list":["post-63398","post","type-post","status-publish","format-standard","has-post-thumbnail","hentry","category-actualidad-parlamento-de-galicia"],"acf":[],"yoast_head":"<!-- This site is optimized with the Yoast SEO plugin v27.3 - https:\/\/yoast.com\/product\/yoast-seo-wordpress\/ -->\n<title>O Grupo Popular pedir\u00e1 no Pleno un compromiso real e efectivo do Goberno central para a realizaci\u00f3n de infraestruturas viarias vitais para Galicia - PP de Galicia<\/title>\n<meta name=\"description\" content=\"O Grupo Popular solicitar\u00e1 no Pleno da vindeira semana un compromiso real e efectivo do Goberno central para a realizaci\u00f3n de infraestruturas vitais para Galicia, ante a falta de avances en actuaci\u00f3ns comprometidas e o agravio comparativo respecto a outras comunidades. As\u00ed mesmo, solicitar\u00e1 que o Goberno do Estado complete a dotaci\u00f3n de 15 mill\u00f3ns de euros solicitada por Galicia, no marco do PERTE Nova Econom\u00eda da Lingua, para a execuci\u00f3n do Proxecto N\u00f3s de impulso do galego nos \u00e1mbitos tecnol\u00f3xicos.\" \/>\n<meta name=\"robots\" content=\"index, follow, max-snippet:-1, max-image-preview:large, max-video-preview:-1\" \/>\n<link rel=\"canonical\" href=\"https:\/\/ppdegalicia.com\/es\/o-grupo-popular-pedira-no-pleno-un-compromiso-real-e-efectivo-do-goberno-central-para-a-realizacion-de-infraestruturas-viarias-vitais-para-galicia\/\" \/>\n<meta property=\"og:locale\" content=\"es_ES\" \/>\n<meta property=\"og:type\" content=\"article\" \/>\n<meta property=\"og:title\" content=\"O Grupo Popular pedir\u00e1 no Pleno un compromiso real e efectivo do Goberno central para a realizaci\u00f3n de infraestruturas viarias vitais para Galicia - PP de Galicia\" \/>\n<meta property=\"og:description\" content=\"O Grupo Popular solicitar\u00e1 no Pleno da vindeira semana un compromiso real e efectivo do Goberno central para a realizaci\u00f3n de infraestruturas vitais para Galicia, ante a falta de avances en actuaci\u00f3ns comprometidas e o agravio comparativo respecto a outras comunidades. As\u00ed mesmo, solicitar\u00e1 que o Goberno do Estado complete a dotaci\u00f3n de 15 mill\u00f3ns de euros solicitada por Galicia, no marco do PERTE Nova Econom\u00eda da Lingua, para a execuci\u00f3n do Proxecto N\u00f3s de impulso do galego nos \u00e1mbitos tecnol\u00f3xicos.\" \/>\n<meta property=\"og:url\" content=\"https:\/\/ppdegalicia.com\/es\/o-grupo-popular-pedira-no-pleno-un-compromiso-real-e-efectivo-do-goberno-central-para-a-realizacion-de-infraestruturas-viarias-vitais-para-galicia\/\" \/>\n<meta property=\"og:site_name\" content=\"PP de Galicia\" \/>\n<meta property=\"article:publisher\" content=\"https:\/\/www.instagram.com\/ppdegalicia\/\" \/>\n<meta property=\"article:published_time\" content=\"2024-07-02T14:04:53+00:00\" \/>\n<meta property=\"og:image\" content=\"https:\/\/ppdegalicia.com\/wp-content\/uploads\/2024\/07\/Paula-Prado-01-scaled.jpeg\" \/>\n\t<meta property=\"og:image:width\" content=\"2560\" \/>\n\t<meta property=\"og:image:height\" content=\"1707\" \/>\n\t<meta property=\"og:image:type\" content=\"image\/jpeg\" \/>\n<meta name=\"author\" content=\"ppdegaliciaedtis\" \/>\n<meta name=\"twitter:card\" content=\"summary_large_image\" \/>\n<meta name=\"twitter:creator\" content=\"@ppdegalicia\" \/>\n<meta name=\"twitter:site\" content=\"@ppdegalicia\" \/>\n<meta name=\"twitter:label1\" content=\"Escrito por\" \/>\n\t<meta name=\"twitter:data1\" content=\"ppdegaliciaedtis\" \/>\n\t<meta name=\"twitter:label2\" content=\"Tiempo de lectura\" \/>\n\t<meta name=\"twitter:data2\" content=\"6 minutos\" \/>\n<script type=\"application\/ld+json\" class=\"yoast-schema-graph\">{\"@context\":\"https:\\\/\\\/schema.org\",\"@graph\":[{\"@type\":\"Article\",\"@id\":\"https:\\\/\\\/ppdegalicia.com\\\/es\\\/o-grupo-popular-pedira-no-pleno-un-compromiso-real-e-efectivo-do-goberno-central-para-a-realizacion-de-infraestruturas-viarias-vitais-para-galicia\\\/#article\",\"isPartOf\":{\"@id\":\"https:\\\/\\\/ppdegalicia.com\\\/es\\\/o-grupo-popular-pedira-no-pleno-un-compromiso-real-e-efectivo-do-goberno-central-para-a-realizacion-de-infraestruturas-viarias-vitais-para-galicia\\\/\"},\"author\":{\"name\":\"ppdegaliciaedtis\",\"@id\":\"https:\\\/\\\/ppdegalicia.com\\\/es\\\/#\\\/schema\\\/person\\\/bc9b46e59ebd34bf28611158c3867388\"},\"headline\":\"O Grupo Popular pedir\u00e1 no Pleno un compromiso real e efectivo do Goberno central para a realizaci\u00f3n de infraestruturas viarias vitais para Galicia\",\"datePublished\":\"2024-07-02T14:04:53+00:00\",\"mainEntityOfPage\":{\"@id\":\"https:\\\/\\\/ppdegalicia.com\\\/es\\\/o-grupo-popular-pedira-no-pleno-un-compromiso-real-e-efectivo-do-goberno-central-para-a-realizacion-de-infraestruturas-viarias-vitais-para-galicia\\\/\"},\"wordCount\":1143,\"publisher\":{\"@id\":\"https:\\\/\\\/ppdegalicia.com\\\/es\\\/#organization\"},\"image\":{\"@id\":\"https:\\\/\\\/ppdegalicia.com\\\/es\\\/o-grupo-popular-pedira-no-pleno-un-compromiso-real-e-efectivo-do-goberno-central-para-a-realizacion-de-infraestruturas-viarias-vitais-para-galicia\\\/#primaryimage\"},\"thumbnailUrl\":\"https:\\\/\\\/ppdegalicia.com\\\/wp-content\\\/uploads\\\/2024\\\/07\\\/Paula-Prado-01-scaled.jpeg\",\"articleSection\":[\"Parlamento de Galicia\"],\"inLanguage\":\"es\"},{\"@type\":\"WebPage\",\"@id\":\"https:\\\/\\\/ppdegalicia.com\\\/es\\\/o-grupo-popular-pedira-no-pleno-un-compromiso-real-e-efectivo-do-goberno-central-para-a-realizacion-de-infraestruturas-viarias-vitais-para-galicia\\\/\",\"url\":\"https:\\\/\\\/ppdegalicia.com\\\/es\\\/o-grupo-popular-pedira-no-pleno-un-compromiso-real-e-efectivo-do-goberno-central-para-a-realizacion-de-infraestruturas-viarias-vitais-para-galicia\\\/\",\"name\":\"O Grupo Popular pedir\u00e1 no Pleno un compromiso real e efectivo do Goberno central para a realizaci\u00f3n de infraestruturas viarias vitais para Galicia - PP de Galicia\",\"isPartOf\":{\"@id\":\"https:\\\/\\\/ppdegalicia.com\\\/es\\\/#website\"},\"primaryImageOfPage\":{\"@id\":\"https:\\\/\\\/ppdegalicia.com\\\/es\\\/o-grupo-popular-pedira-no-pleno-un-compromiso-real-e-efectivo-do-goberno-central-para-a-realizacion-de-infraestruturas-viarias-vitais-para-galicia\\\/#primaryimage\"},\"image\":{\"@id\":\"https:\\\/\\\/ppdegalicia.com\\\/es\\\/o-grupo-popular-pedira-no-pleno-un-compromiso-real-e-efectivo-do-goberno-central-para-a-realizacion-de-infraestruturas-viarias-vitais-para-galicia\\\/#primaryimage\"},\"thumbnailUrl\":\"https:\\\/\\\/ppdegalicia.com\\\/wp-content\\\/uploads\\\/2024\\\/07\\\/Paula-Prado-01-scaled.jpeg\",\"datePublished\":\"2024-07-02T14:04:53+00:00\",\"description\":\"O Grupo Popular solicitar\u00e1 no Pleno da vindeira semana un compromiso real e efectivo do Goberno central para a realizaci\u00f3n de infraestruturas vitais para Galicia, ante a falta de avances en actuaci\u00f3ns comprometidas e o agravio comparativo respecto a outras comunidades. As\u00ed mesmo, solicitar\u00e1 que o Goberno do Estado complete a dotaci\u00f3n de 15 mill\u00f3ns de euros solicitada por Galicia, no marco do PERTE Nova Econom\u00eda da Lingua, para a execuci\u00f3n do Proxecto N\u00f3s de impulso do galego nos \u00e1mbitos tecnol\u00f3xicos.\",\"breadcrumb\":{\"@id\":\"https:\\\/\\\/ppdegalicia.com\\\/es\\\/o-grupo-popular-pedira-no-pleno-un-compromiso-real-e-efectivo-do-goberno-central-para-a-realizacion-de-infraestruturas-viarias-vitais-para-galicia\\\/#breadcrumb\"},\"inLanguage\":\"es\",\"potentialAction\":[{\"@type\":\"ReadAction\",\"target\":[\"https:\\\/\\\/ppdegalicia.com\\\/es\\\/o-grupo-popular-pedira-no-pleno-un-compromiso-real-e-efectivo-do-goberno-central-para-a-realizacion-de-infraestruturas-viarias-vitais-para-galicia\\\/\"]}]},{\"@type\":\"ImageObject\",\"inLanguage\":\"es\",\"@id\":\"https:\\\/\\\/ppdegalicia.com\\\/es\\\/o-grupo-popular-pedira-no-pleno-un-compromiso-real-e-efectivo-do-goberno-central-para-a-realizacion-de-infraestruturas-viarias-vitais-para-galicia\\\/#primaryimage\",\"url\":\"https:\\\/\\\/ppdegalicia.com\\\/wp-content\\\/uploads\\\/2024\\\/07\\\/Paula-Prado-01-scaled.jpeg\",\"contentUrl\":\"https:\\\/\\\/ppdegalicia.com\\\/wp-content\\\/uploads\\\/2024\\\/07\\\/Paula-Prado-01-scaled.jpeg\",\"width\":2560,\"height\":1707},{\"@type\":\"BreadcrumbList\",\"@id\":\"https:\\\/\\\/ppdegalicia.com\\\/es\\\/o-grupo-popular-pedira-no-pleno-un-compromiso-real-e-efectivo-do-goberno-central-para-a-realizacion-de-infraestruturas-viarias-vitais-para-galicia\\\/#breadcrumb\",\"itemListElement\":[{\"@type\":\"ListItem\",\"position\":1,\"name\":\"Portada\",\"item\":\"https:\\\/\\\/ppdegalicia.com\\\/es\\\/\"},{\"@type\":\"ListItem\",\"position\":2,\"name\":\"O Grupo Popular pedir\u00e1 no Pleno un compromiso real e efectivo do Goberno central para a realizaci\u00f3n de infraestruturas viarias vitais para Galicia\"}]},{\"@type\":\"WebSite\",\"@id\":\"https:\\\/\\\/ppdegalicia.com\\\/es\\\/#website\",\"url\":\"https:\\\/\\\/ppdegalicia.com\\\/es\\\/\",\"name\":\"Partido Popular de Galicia\",\"description\":\"Partido Popular de Galicia\",\"publisher\":{\"@id\":\"https:\\\/\\\/ppdegalicia.com\\\/es\\\/#organization\"},\"alternateName\":\"PP de Galicia\",\"potentialAction\":[{\"@type\":\"SearchAction\",\"target\":{\"@type\":\"EntryPoint\",\"urlTemplate\":\"https:\\\/\\\/ppdegalicia.com\\\/es\\\/?s={search_term_string}\"},\"query-input\":{\"@type\":\"PropertyValueSpecification\",\"valueRequired\":true,\"valueName\":\"search_term_string\"}}],\"inLanguage\":\"es\"},{\"@type\":\"Organization\",\"@id\":\"https:\\\/\\\/ppdegalicia.com\\\/es\\\/#organization\",\"name\":\"Partido Popular de Galicia\",\"alternateName\":\"PP de Galicia\",\"url\":\"https:\\\/\\\/ppdegalicia.com\\\/es\\\/\",\"logo\":{\"@type\":\"ImageObject\",\"inLanguage\":\"es\",\"@id\":\"https:\\\/\\\/ppdegalicia.com\\\/es\\\/#\\\/schema\\\/logo\\\/image\\\/\",\"url\":\"https:\\\/\\\/ppdegalicia.com\\\/wp-content\\\/uploads\\\/2023\\\/04\\\/logoPP512.png\",\"contentUrl\":\"https:\\\/\\\/ppdegalicia.com\\\/wp-content\\\/uploads\\\/2023\\\/04\\\/logoPP512.png\",\"width\":512,\"height\":512,\"caption\":\"Partido Popular de Galicia\"},\"image\":{\"@id\":\"https:\\\/\\\/ppdegalicia.com\\\/es\\\/#\\\/schema\\\/logo\\\/image\\\/\"},\"sameAs\":[\"https:\\\/\\\/www.instagram.com\\\/ppdegalicia\\\/\",\"https:\\\/\\\/x.com\\\/ppdegalicia\",\"https:\\\/\\\/www.tiktok.com\\\/@ppdegalicia\",\"https:\\\/\\\/www.youtube.com\\\/user\\\/ppdegalicia\"]},{\"@type\":\"Person\",\"@id\":\"https:\\\/\\\/ppdegalicia.com\\\/es\\\/#\\\/schema\\\/person\\\/bc9b46e59ebd34bf28611158c3867388\",\"name\":\"ppdegaliciaedtis\",\"image\":{\"@type\":\"ImageObject\",\"inLanguage\":\"es\",\"@id\":\"https:\\\/\\\/secure.gravatar.com\\\/avatar\\\/f9f8cf6e03df54a1b0d04a6b4b8e8c6bd63c10a439752e84d87a5385aefe2ced?s=96&d=mm&r=g\",\"url\":\"https:\\\/\\\/secure.gravatar.com\\\/avatar\\\/f9f8cf6e03df54a1b0d04a6b4b8e8c6bd63c10a439752e84d87a5385aefe2ced?s=96&d=mm&r=g\",\"contentUrl\":\"https:\\\/\\\/secure.gravatar.com\\\/avatar\\\/f9f8cf6e03df54a1b0d04a6b4b8e8c6bd63c10a439752e84d87a5385aefe2ced?s=96&d=mm&r=g\",\"caption\":\"ppdegaliciaedtis\"},\"url\":\"https:\\\/\\\/ppdegalicia.com\\\/es\\\/author\\\/ppdegaliciaedits\\\/\"}]}<\/script>\n<!-- \/ Yoast SEO plugin. -->","yoast_head_json":{"title":"O Grupo Popular pedir\u00e1 no Pleno un compromiso real e efectivo do Goberno central para a realizaci\u00f3n de infraestruturas viarias vitais para Galicia - PP de Galicia","description":"O Grupo Popular solicitar\u00e1 no Pleno da vindeira semana un compromiso real e efectivo do Goberno central para a realizaci\u00f3n de infraestruturas vitais para Galicia, ante a falta de avances en actuaci\u00f3ns comprometidas e o agravio comparativo respecto a outras comunidades. As\u00ed mesmo, solicitar\u00e1 que o Goberno do Estado complete a dotaci\u00f3n de 15 mill\u00f3ns de euros solicitada por Galicia, no marco do PERTE Nova Econom\u00eda da Lingua, para a execuci\u00f3n do Proxecto N\u00f3s de impulso do galego nos \u00e1mbitos tecnol\u00f3xicos.","robots":{"index":"index","follow":"follow","max-snippet":"max-snippet:-1","max-image-preview":"max-image-preview:large","max-video-preview":"max-video-preview:-1"},"canonical":"https:\/\/ppdegalicia.com\/es\/o-grupo-popular-pedira-no-pleno-un-compromiso-real-e-efectivo-do-goberno-central-para-a-realizacion-de-infraestruturas-viarias-vitais-para-galicia\/","og_locale":"es_ES","og_type":"article","og_title":"O Grupo Popular pedir\u00e1 no Pleno un compromiso real e efectivo do Goberno central para a realizaci\u00f3n de infraestruturas viarias vitais para Galicia - PP de Galicia","og_description":"O Grupo Popular solicitar\u00e1 no Pleno da vindeira semana un compromiso real e efectivo do Goberno central para a realizaci\u00f3n de infraestruturas vitais para Galicia, ante a falta de avances en actuaci\u00f3ns comprometidas e o agravio comparativo respecto a outras comunidades. As\u00ed mesmo, solicitar\u00e1 que o Goberno do Estado complete a dotaci\u00f3n de 15 mill\u00f3ns de euros solicitada por Galicia, no marco do PERTE Nova Econom\u00eda da Lingua, para a execuci\u00f3n do Proxecto N\u00f3s de impulso do galego nos \u00e1mbitos tecnol\u00f3xicos.","og_url":"https:\/\/ppdegalicia.com\/es\/o-grupo-popular-pedira-no-pleno-un-compromiso-real-e-efectivo-do-goberno-central-para-a-realizacion-de-infraestruturas-viarias-vitais-para-galicia\/","og_site_name":"PP de Galicia","article_publisher":"https:\/\/www.instagram.com\/ppdegalicia\/","article_published_time":"2024-07-02T14:04:53+00:00","og_image":[{"width":2560,"height":1707,"url":"https:\/\/ppdegalicia.com\/wp-content\/uploads\/2024\/07\/Paula-Prado-01-scaled.jpeg","type":"image\/jpeg"}],"author":"ppdegaliciaedtis","twitter_card":"summary_large_image","twitter_creator":"@ppdegalicia","twitter_site":"@ppdegalicia","twitter_misc":{"Escrito por":"ppdegaliciaedtis","Tiempo de lectura":"6 minutos"},"schema":{"@context":"https:\/\/schema.org","@graph":[{"@type":"Article","@id":"https:\/\/ppdegalicia.com\/es\/o-grupo-popular-pedira-no-pleno-un-compromiso-real-e-efectivo-do-goberno-central-para-a-realizacion-de-infraestruturas-viarias-vitais-para-galicia\/#article","isPartOf":{"@id":"https:\/\/ppdegalicia.com\/es\/o-grupo-popular-pedira-no-pleno-un-compromiso-real-e-efectivo-do-goberno-central-para-a-realizacion-de-infraestruturas-viarias-vitais-para-galicia\/"},"author":{"name":"ppdegaliciaedtis","@id":"https:\/\/ppdegalicia.com\/es\/#\/schema\/person\/bc9b46e59ebd34bf28611158c3867388"},"headline":"O Grupo Popular pedir\u00e1 no Pleno un compromiso real e efectivo do Goberno central para a realizaci\u00f3n de infraestruturas viarias vitais para Galicia","datePublished":"2024-07-02T14:04:53+00:00","mainEntityOfPage":{"@id":"https:\/\/ppdegalicia.com\/es\/o-grupo-popular-pedira-no-pleno-un-compromiso-real-e-efectivo-do-goberno-central-para-a-realizacion-de-infraestruturas-viarias-vitais-para-galicia\/"},"wordCount":1143,"publisher":{"@id":"https:\/\/ppdegalicia.com\/es\/#organization"},"image":{"@id":"https:\/\/ppdegalicia.com\/es\/o-grupo-popular-pedira-no-pleno-un-compromiso-real-e-efectivo-do-goberno-central-para-a-realizacion-de-infraestruturas-viarias-vitais-para-galicia\/#primaryimage"},"thumbnailUrl":"https:\/\/ppdegalicia.com\/wp-content\/uploads\/2024\/07\/Paula-Prado-01-scaled.jpeg","articleSection":["Parlamento de Galicia"],"inLanguage":"es"},{"@type":"WebPage","@id":"https:\/\/ppdegalicia.com\/es\/o-grupo-popular-pedira-no-pleno-un-compromiso-real-e-efectivo-do-goberno-central-para-a-realizacion-de-infraestruturas-viarias-vitais-para-galicia\/","url":"https:\/\/ppdegalicia.com\/es\/o-grupo-popular-pedira-no-pleno-un-compromiso-real-e-efectivo-do-goberno-central-para-a-realizacion-de-infraestruturas-viarias-vitais-para-galicia\/","name":"O Grupo Popular pedir\u00e1 no Pleno un compromiso real e efectivo do Goberno central para a realizaci\u00f3n de infraestruturas viarias vitais para Galicia - PP de Galicia","isPartOf":{"@id":"https:\/\/ppdegalicia.com\/es\/#website"},"primaryImageOfPage":{"@id":"https:\/\/ppdegalicia.com\/es\/o-grupo-popular-pedira-no-pleno-un-compromiso-real-e-efectivo-do-goberno-central-para-a-realizacion-de-infraestruturas-viarias-vitais-para-galicia\/#primaryimage"},"image":{"@id":"https:\/\/ppdegalicia.com\/es\/o-grupo-popular-pedira-no-pleno-un-compromiso-real-e-efectivo-do-goberno-central-para-a-realizacion-de-infraestruturas-viarias-vitais-para-galicia\/#primaryimage"},"thumbnailUrl":"https:\/\/ppdegalicia.com\/wp-content\/uploads\/2024\/07\/Paula-Prado-01-scaled.jpeg","datePublished":"2024-07-02T14:04:53+00:00","description":"O Grupo Popular solicitar\u00e1 no Pleno da vindeira semana un compromiso real e efectivo do Goberno central para a realizaci\u00f3n de infraestruturas vitais para Galicia, ante a falta de avances en actuaci\u00f3ns comprometidas e o agravio comparativo respecto a outras comunidades. As\u00ed mesmo, solicitar\u00e1 que o Goberno do Estado complete a dotaci\u00f3n de 15 mill\u00f3ns de euros solicitada por Galicia, no marco do PERTE Nova Econom\u00eda da Lingua, para a execuci\u00f3n do Proxecto N\u00f3s de impulso do galego nos \u00e1mbitos tecnol\u00f3xicos.","breadcrumb":{"@id":"https:\/\/ppdegalicia.com\/es\/o-grupo-popular-pedira-no-pleno-un-compromiso-real-e-efectivo-do-goberno-central-para-a-realizacion-de-infraestruturas-viarias-vitais-para-galicia\/#breadcrumb"},"inLanguage":"es","potentialAction":[{"@type":"ReadAction","target":["https:\/\/ppdegalicia.com\/es\/o-grupo-popular-pedira-no-pleno-un-compromiso-real-e-efectivo-do-goberno-central-para-a-realizacion-de-infraestruturas-viarias-vitais-para-galicia\/"]}]},{"@type":"ImageObject","inLanguage":"es","@id":"https:\/\/ppdegalicia.com\/es\/o-grupo-popular-pedira-no-pleno-un-compromiso-real-e-efectivo-do-goberno-central-para-a-realizacion-de-infraestruturas-viarias-vitais-para-galicia\/#primaryimage","url":"https:\/\/ppdegalicia.com\/wp-content\/uploads\/2024\/07\/Paula-Prado-01-scaled.jpeg","contentUrl":"https:\/\/ppdegalicia.com\/wp-content\/uploads\/2024\/07\/Paula-Prado-01-scaled.jpeg","width":2560,"height":1707},{"@type":"BreadcrumbList","@id":"https:\/\/ppdegalicia.com\/es\/o-grupo-popular-pedira-no-pleno-un-compromiso-real-e-efectivo-do-goberno-central-para-a-realizacion-de-infraestruturas-viarias-vitais-para-galicia\/#breadcrumb","itemListElement":[{"@type":"ListItem","position":1,"name":"Portada","item":"https:\/\/ppdegalicia.com\/es\/"},{"@type":"ListItem","position":2,"name":"O Grupo Popular pedir\u00e1 no Pleno un compromiso real e efectivo do Goberno central para a realizaci\u00f3n de infraestruturas viarias vitais para Galicia"}]},{"@type":"WebSite","@id":"https:\/\/ppdegalicia.com\/es\/#website","url":"https:\/\/ppdegalicia.com\/es\/","name":"Partido Popular de Galicia","description":"Partido Popular de Galicia","publisher":{"@id":"https:\/\/ppdegalicia.com\/es\/#organization"},"alternateName":"PP de Galicia","potentialAction":[{"@type":"SearchAction","target":{"@type":"EntryPoint","urlTemplate":"https:\/\/ppdegalicia.com\/es\/?s={search_term_string}"},"query-input":{"@type":"PropertyValueSpecification","valueRequired":true,"valueName":"search_term_string"}}],"inLanguage":"es"},{"@type":"Organization","@id":"https:\/\/ppdegalicia.com\/es\/#organization","name":"Partido Popular de Galicia","alternateName":"PP de Galicia","url":"https:\/\/ppdegalicia.com\/es\/","logo":{"@type":"ImageObject","inLanguage":"es","@id":"https:\/\/ppdegalicia.com\/es\/#\/schema\/logo\/image\/","url":"https:\/\/ppdegalicia.com\/wp-content\/uploads\/2023\/04\/logoPP512.png","contentUrl":"https:\/\/ppdegalicia.com\/wp-content\/uploads\/2023\/04\/logoPP512.png","width":512,"height":512,"caption":"Partido Popular de Galicia"},"image":{"@id":"https:\/\/ppdegalicia.com\/es\/#\/schema\/logo\/image\/"},"sameAs":["https:\/\/www.instagram.com\/ppdegalicia\/","https:\/\/x.com\/ppdegalicia","https:\/\/www.tiktok.com\/@ppdegalicia","https:\/\/www.youtube.com\/user\/ppdegalicia"]},{"@type":"Person","@id":"https:\/\/ppdegalicia.com\/es\/#\/schema\/person\/bc9b46e59ebd34bf28611158c3867388","name":"ppdegaliciaedtis","image":{"@type":"ImageObject","inLanguage":"es","@id":"https:\/\/secure.gravatar.com\/avatar\/f9f8cf6e03df54a1b0d04a6b4b8e8c6bd63c10a439752e84d87a5385aefe2ced?s=96&d=mm&r=g","url":"https:\/\/secure.gravatar.com\/avatar\/f9f8cf6e03df54a1b0d04a6b4b8e8c6bd63c10a439752e84d87a5385aefe2ced?s=96&d=mm&r=g","contentUrl":"https:\/\/secure.gravatar.com\/avatar\/f9f8cf6e03df54a1b0d04a6b4b8e8c6bd63c10a439752e84d87a5385aefe2ced?s=96&d=mm&r=g","caption":"ppdegaliciaedtis"},"url":"https:\/\/ppdegalicia.com\/es\/author\/ppdegaliciaedits\/"}]}},"_links":{"self":[{"href":"https:\/\/ppdegalicia.com\/es\/wp-json\/wp\/v2\/posts\/63398","targetHints":{"allow":["GET"]}}],"collection":[{"href":"https:\/\/ppdegalicia.com\/es\/wp-json\/wp\/v2\/posts"}],"about":[{"href":"https:\/\/ppdegalicia.com\/es\/wp-json\/wp\/v2\/types\/post"}],"author":[{"embeddable":true,"href":"https:\/\/ppdegalicia.com\/es\/wp-json\/wp\/v2\/users\/40"}],"replies":[{"embeddable":true,"href":"https:\/\/ppdegalicia.com\/es\/wp-json\/wp\/v2\/comments?post=63398"}],"version-history":[{"count":1,"href":"https:\/\/ppdegalicia.com\/es\/wp-json\/wp\/v2\/posts\/63398\/revisions"}],"predecessor-version":[{"id":63401,"href":"https:\/\/ppdegalicia.com\/es\/wp-json\/wp\/v2\/posts\/63398\/revisions\/63401"}],"wp:featuredmedia":[{"embeddable":true,"href":"https:\/\/ppdegalicia.com\/es\/wp-json\/wp\/v2\/media\/63399"}],"wp:attachment":[{"href":"https:\/\/ppdegalicia.com\/es\/wp-json\/wp\/v2\/media?parent=63398"}],"wp:term":[{"taxonomy":"category","embeddable":true,"href":"https:\/\/ppdegalicia.com\/es\/wp-json\/wp\/v2\/categories?post=63398"},{"taxonomy":"post_tag","embeddable":true,"href":"https:\/\/ppdegalicia.com\/es\/wp-json\/wp\/v2\/tags?post=63398"}],"curies":[{"name":"wp","href":"https:\/\/api.w.org\/{rel}","templated":true}]}}