{"id":63620,"date":"2024-07-04T12:40:30","date_gmt":"2024-07-04T11:40:30","guid":{"rendered":"https:\/\/ppdegalicia.com\/?p=63620"},"modified":"2024-07-04T12:48:52","modified_gmt":"2024-07-04T11:48:52","slug":"ppdeg-reivindicase-partido-mocidade-medidas-gratuidade-matricula-universitaria-abau-comun","status":"publish","type":"post","link":"https:\/\/ppdegalicia.com\/es\/ppdeg-reivindicase-partido-mocidade-medidas-gratuidade-matricula-universitaria-abau-comun\/","title":{"rendered":"O PPdeG reivind\u00edcase como \u201co partido da mocidade\u201d con medidas como a gratuidade da matr\u00edcula universitaria e a ABAU com\u00fan"},"content":{"rendered":"<p style=\"font-weight: 400;\">O Partido Popular de Galicia reivindicouse hoxe como \u201co partido da mocidade galega\u201d como a gratuidade da matr\u00edcula ao longo de toda a carreira universitaria ou o acordo para \u201cacabar coas desigualdades entre comunidades\u201d cunha ABAU com\u00fan e m\u00e1is xusta.<\/p>\n<p style=\"font-weight: 400;\">En declaraci\u00f3ns aos medios esta ma\u00f1\u00e1 en Santiago de Compostela \u2013acompa\u00f1ada pola presidenta de Novas Xeraci\u00f3ns de Galicia, Nicole Grueira e o coordinador de Educaci\u00f3n do PPdeG, Ovidio Rodeiro\u00ad\u2013, a secretaria xeral do PPdeG insistiu na aposta do seu partido por \u201cpremiar e estimular o esforzo do alumnado\u201d e de a\u00ed medidas pioneiras impulsadas desde Galicia.<\/p>\n<p style=\"font-weight: 400;\">Medidas como a proposta dunha ABAU com\u00fan a partir de 2025 formalizada esta semana nun acordo asinado polas 12 comunidades aut\u00f3nomas gobernadas polo Partido Popular, que representan ao 70% do alumnado espa\u00f1ol, e coa que se pretende po\u00f1er fin aos \u201c17 cami\u00f1os distintos\u201d que exist\u00edan ata o de agora nesta proba e que prexudicaban aos mozos e mozas galegas.<\/p>\n<p style=\"font-weight: 400;\">\u201cGalicia lidera o debate a nivel nacional e logramos sacar adiante a nosa postura, dando soluci\u00f3ns onde o Goberno central e os seus socios s\u00f3 ofrecen divisi\u00f3n, mantendo a nosa autonom\u00eda e competencias, pero cunha mellor coordinaci\u00f3n\u201d, explicou Paula Prado subli\u00f1ando que este pacto \u201cse axusta \u00e1 lei e blinda as singularidades da nosa Comunidade, especialmente en todo o que respecta \u00e1 nosa lingua propia\u201d.<\/p>\n<p style=\"font-weight: 400;\">No que se refire \u00e1 gratuidade da matr\u00edcula universitaria \u00e1 que deu luz verde o Consello da Xunta este luns, a n\u00famero dous dos populares galegos recordou que o presidente Alfonso Rueda comprometera en campa\u00f1a electoral que esta medida ser\u00eda unha realidade nos primeiros 100 d\u00edas de goberno e \u201caqu\u00ed temos o resultado\u201d.<\/p>\n<p style=\"font-weight: 400;\">\u201cGalicia foi pioneira coa conxelaci\u00f3n das taxas universitarias, tam\u00e9n ratificada para o vindeiro curso por d\u00e9cimo cuarto ano consecutivo, e agora damos un paso m\u00e1is coa gratuidade da matr\u00edcula\u201d,\u00a0engadiu ao respecto.<\/p>\n<p style=\"font-weight: 400;\">Prado quixo aproveitar tam\u00e9n a ocasi\u00f3n para animar \u00e1 mocidade galega a \u201cseguir apostando polo partido que mellor defende os seus dereitos\u201d cun apoio maioritario como o acadado o pasado 18 de febreiro, no que m\u00e1is do 40% dos mozos e mozas galegas escolleron a papeleta do PPdeG.<\/p>\n","protected":false},"excerpt":{"rendered":"<p>O Partido Popular de Galicia reivindicouse hoxe como \u201co partido da mocidade galega\u201d como a gratuidade da matr\u00edcula ao longo de toda a carreira universitaria ou o acordo para \u201cacabar coas desigualdades entre comunidades\u201d cunha ABAU com\u00fan e m\u00e1is xusta. En declaraci\u00f3ns aos medios esta ma\u00f1\u00e1 en Santiago de Compostela \u2013acompa\u00f1ada pola presidenta de Novas [&hellip;]<\/p>\n","protected":false},"author":40,"featured_media":63624,"comment_status":"closed","ping_status":"open","sticky":false,"template":"","format":"standard","meta":{"_acf_changed":false,"footnotes":""},"categories":[1],"tags":[],"class_list":["post-63620","post","type-post","status-publish","format-standard","has-post-thumbnail","hentry","category-pp-de-galicia"],"acf":[],"yoast_head":"<!-- This site is optimized with the Yoast SEO plugin v27.3 - https:\/\/yoast.com\/product\/yoast-seo-wordpress\/ -->\n<title>O PPdeG reivind\u00edcase como \u201co partido da mocidade\u201d con medidas como a gratuidade da matr\u00edcula universitaria e a ABAU com\u00fan - PP de Galicia<\/title>\n<meta name=\"description\" content=\"O Partido Popular de Galicia reivindicouse hoxe como \u201co partido da mocidade galega\u201d como a gratuidade da matr\u00edcula ao longo de toda a carreira universitaria ou o acordo para \u201cacabar coas desigualdades entre comunidades\u201d cunha ABAU com\u00fan e m\u00e1is xusta.\" \/>\n<meta name=\"robots\" content=\"index, follow, max-snippet:-1, max-image-preview:large, max-video-preview:-1\" \/>\n<link rel=\"canonical\" href=\"https:\/\/ppdegalicia.com\/es\/ppdeg-reivindicase-partido-mocidade-medidas-gratuidade-matricula-universitaria-abau-comun\/\" \/>\n<meta property=\"og:locale\" content=\"es_ES\" \/>\n<meta property=\"og:type\" content=\"article\" \/>\n<meta property=\"og:title\" content=\"O PPdeG reivind\u00edcase como \u201co partido da mocidade\u201d con medidas como a gratuidade da matr\u00edcula universitaria e a ABAU com\u00fan - PP de Galicia\" \/>\n<meta property=\"og:description\" content=\"O Partido Popular de Galicia reivindicouse hoxe como \u201co partido da mocidade galega\u201d como a gratuidade da matr\u00edcula ao longo de toda a carreira universitaria ou o acordo para \u201cacabar coas desigualdades entre comunidades\u201d cunha ABAU com\u00fan e m\u00e1is xusta.\" \/>\n<meta property=\"og:url\" content=\"https:\/\/ppdegalicia.com\/es\/ppdeg-reivindicase-partido-mocidade-medidas-gratuidade-matricula-universitaria-abau-comun\/\" \/>\n<meta property=\"og:site_name\" content=\"PP de Galicia\" \/>\n<meta property=\"article:publisher\" content=\"https:\/\/www.instagram.com\/ppdegalicia\/\" \/>\n<meta property=\"article:published_time\" content=\"2024-07-04T11:40:30+00:00\" \/>\n<meta property=\"article:modified_time\" content=\"2024-07-04T11:48:52+00:00\" \/>\n<meta property=\"og:image\" content=\"https:\/\/ppdegalicia.com\/wp-content\/uploads\/2024\/07\/20240704_PPrado_Universidades26-scaled.jpg\" \/>\n\t<meta property=\"og:image:width\" content=\"2560\" \/>\n\t<meta property=\"og:image:height\" content=\"1707\" \/>\n\t<meta property=\"og:image:type\" content=\"image\/jpeg\" \/>\n<meta name=\"author\" content=\"ppdegaliciaedtis\" \/>\n<meta name=\"twitter:card\" content=\"summary_large_image\" \/>\n<meta name=\"twitter:creator\" content=\"@ppdegalicia\" \/>\n<meta name=\"twitter:site\" content=\"@ppdegalicia\" \/>\n<meta name=\"twitter:label1\" content=\"Escrito por\" \/>\n\t<meta name=\"twitter:data1\" content=\"ppdegaliciaedtis\" \/>\n\t<meta name=\"twitter:label2\" content=\"Tiempo de lectura\" \/>\n\t<meta name=\"twitter:data2\" content=\"3 minutos\" \/>\n<script type=\"application\/ld+json\" class=\"yoast-schema-graph\">{\"@context\":\"https:\\\/\\\/schema.org\",\"@graph\":[{\"@type\":\"Article\",\"@id\":\"https:\\\/\\\/ppdegalicia.com\\\/es\\\/ppdeg-reivindicase-partido-mocidade-medidas-gratuidade-matricula-universitaria-abau-comun\\\/#article\",\"isPartOf\":{\"@id\":\"https:\\\/\\\/ppdegalicia.com\\\/es\\\/ppdeg-reivindicase-partido-mocidade-medidas-gratuidade-matricula-universitaria-abau-comun\\\/\"},\"author\":{\"name\":\"ppdegaliciaedtis\",\"@id\":\"https:\\\/\\\/ppdegalicia.com\\\/es\\\/#\\\/schema\\\/person\\\/bc9b46e59ebd34bf28611158c3867388\"},\"headline\":\"O PPdeG reivind\u00edcase como \u201co partido da mocidade\u201d con medidas como a gratuidade da matr\u00edcula universitaria e a ABAU com\u00fan\",\"datePublished\":\"2024-07-04T11:40:30+00:00\",\"dateModified\":\"2024-07-04T11:48:52+00:00\",\"mainEntityOfPage\":{\"@id\":\"https:\\\/\\\/ppdegalicia.com\\\/es\\\/ppdeg-reivindicase-partido-mocidade-medidas-gratuidade-matricula-universitaria-abau-comun\\\/\"},\"wordCount\":395,\"publisher\":{\"@id\":\"https:\\\/\\\/ppdegalicia.com\\\/es\\\/#organization\"},\"image\":{\"@id\":\"https:\\\/\\\/ppdegalicia.com\\\/es\\\/ppdeg-reivindicase-partido-mocidade-medidas-gratuidade-matricula-universitaria-abau-comun\\\/#primaryimage\"},\"thumbnailUrl\":\"https:\\\/\\\/ppdegalicia.com\\\/wp-content\\\/uploads\\\/2024\\\/07\\\/20240704_PPrado_Universidades26-scaled.jpg\",\"articleSection\":[\"PP de Galicia\"],\"inLanguage\":\"es\"},{\"@type\":\"WebPage\",\"@id\":\"https:\\\/\\\/ppdegalicia.com\\\/es\\\/ppdeg-reivindicase-partido-mocidade-medidas-gratuidade-matricula-universitaria-abau-comun\\\/\",\"url\":\"https:\\\/\\\/ppdegalicia.com\\\/es\\\/ppdeg-reivindicase-partido-mocidade-medidas-gratuidade-matricula-universitaria-abau-comun\\\/\",\"name\":\"O PPdeG reivind\u00edcase como \u201co partido da mocidade\u201d con medidas como a gratuidade da matr\u00edcula universitaria e a ABAU com\u00fan - PP de Galicia\",\"isPartOf\":{\"@id\":\"https:\\\/\\\/ppdegalicia.com\\\/es\\\/#website\"},\"primaryImageOfPage\":{\"@id\":\"https:\\\/\\\/ppdegalicia.com\\\/es\\\/ppdeg-reivindicase-partido-mocidade-medidas-gratuidade-matricula-universitaria-abau-comun\\\/#primaryimage\"},\"image\":{\"@id\":\"https:\\\/\\\/ppdegalicia.com\\\/es\\\/ppdeg-reivindicase-partido-mocidade-medidas-gratuidade-matricula-universitaria-abau-comun\\\/#primaryimage\"},\"thumbnailUrl\":\"https:\\\/\\\/ppdegalicia.com\\\/wp-content\\\/uploads\\\/2024\\\/07\\\/20240704_PPrado_Universidades26-scaled.jpg\",\"datePublished\":\"2024-07-04T11:40:30+00:00\",\"dateModified\":\"2024-07-04T11:48:52+00:00\",\"description\":\"O Partido Popular de Galicia reivindicouse hoxe como \u201co partido da mocidade galega\u201d como a gratuidade da matr\u00edcula ao longo de toda a carreira universitaria ou o acordo para \u201cacabar coas desigualdades entre comunidades\u201d cunha ABAU com\u00fan e m\u00e1is xusta.\",\"breadcrumb\":{\"@id\":\"https:\\\/\\\/ppdegalicia.com\\\/es\\\/ppdeg-reivindicase-partido-mocidade-medidas-gratuidade-matricula-universitaria-abau-comun\\\/#breadcrumb\"},\"inLanguage\":\"es\",\"potentialAction\":[{\"@type\":\"ReadAction\",\"target\":[\"https:\\\/\\\/ppdegalicia.com\\\/es\\\/ppdeg-reivindicase-partido-mocidade-medidas-gratuidade-matricula-universitaria-abau-comun\\\/\"]}]},{\"@type\":\"ImageObject\",\"inLanguage\":\"es\",\"@id\":\"https:\\\/\\\/ppdegalicia.com\\\/es\\\/ppdeg-reivindicase-partido-mocidade-medidas-gratuidade-matricula-universitaria-abau-comun\\\/#primaryimage\",\"url\":\"https:\\\/\\\/ppdegalicia.com\\\/wp-content\\\/uploads\\\/2024\\\/07\\\/20240704_PPrado_Universidades26-scaled.jpg\",\"contentUrl\":\"https:\\\/\\\/ppdegalicia.com\\\/wp-content\\\/uploads\\\/2024\\\/07\\\/20240704_PPrado_Universidades26-scaled.jpg\",\"width\":2560,\"height\":1707},{\"@type\":\"BreadcrumbList\",\"@id\":\"https:\\\/\\\/ppdegalicia.com\\\/es\\\/ppdeg-reivindicase-partido-mocidade-medidas-gratuidade-matricula-universitaria-abau-comun\\\/#breadcrumb\",\"itemListElement\":[{\"@type\":\"ListItem\",\"position\":1,\"name\":\"Portada\",\"item\":\"https:\\\/\\\/ppdegalicia.com\\\/es\\\/\"},{\"@type\":\"ListItem\",\"position\":2,\"name\":\"O PPdeG reivind\u00edcase como \u201co partido da mocidade\u201d con medidas como a gratuidade da matr\u00edcula universitaria e a ABAU com\u00fan\"}]},{\"@type\":\"WebSite\",\"@id\":\"https:\\\/\\\/ppdegalicia.com\\\/es\\\/#website\",\"url\":\"https:\\\/\\\/ppdegalicia.com\\\/es\\\/\",\"name\":\"Partido Popular de Galicia\",\"description\":\"Partido Popular de Galicia\",\"publisher\":{\"@id\":\"https:\\\/\\\/ppdegalicia.com\\\/es\\\/#organization\"},\"alternateName\":\"PP de Galicia\",\"potentialAction\":[{\"@type\":\"SearchAction\",\"target\":{\"@type\":\"EntryPoint\",\"urlTemplate\":\"https:\\\/\\\/ppdegalicia.com\\\/es\\\/?s={search_term_string}\"},\"query-input\":{\"@type\":\"PropertyValueSpecification\",\"valueRequired\":true,\"valueName\":\"search_term_string\"}}],\"inLanguage\":\"es\"},{\"@type\":\"Organization\",\"@id\":\"https:\\\/\\\/ppdegalicia.com\\\/es\\\/#organization\",\"name\":\"Partido Popular de Galicia\",\"alternateName\":\"PP de Galicia\",\"url\":\"https:\\\/\\\/ppdegalicia.com\\\/es\\\/\",\"logo\":{\"@type\":\"ImageObject\",\"inLanguage\":\"es\",\"@id\":\"https:\\\/\\\/ppdegalicia.com\\\/es\\\/#\\\/schema\\\/logo\\\/image\\\/\",\"url\":\"https:\\\/\\\/ppdegalicia.com\\\/wp-content\\\/uploads\\\/2023\\\/04\\\/logoPP512.png\",\"contentUrl\":\"https:\\\/\\\/ppdegalicia.com\\\/wp-content\\\/uploads\\\/2023\\\/04\\\/logoPP512.png\",\"width\":512,\"height\":512,\"caption\":\"Partido Popular de Galicia\"},\"image\":{\"@id\":\"https:\\\/\\\/ppdegalicia.com\\\/es\\\/#\\\/schema\\\/logo\\\/image\\\/\"},\"sameAs\":[\"https:\\\/\\\/www.instagram.com\\\/ppdegalicia\\\/\",\"https:\\\/\\\/x.com\\\/ppdegalicia\",\"https:\\\/\\\/www.tiktok.com\\\/@ppdegalicia\",\"https:\\\/\\\/www.youtube.com\\\/user\\\/ppdegalicia\"]},{\"@type\":\"Person\",\"@id\":\"https:\\\/\\\/ppdegalicia.com\\\/es\\\/#\\\/schema\\\/person\\\/bc9b46e59ebd34bf28611158c3867388\",\"name\":\"ppdegaliciaedtis\",\"image\":{\"@type\":\"ImageObject\",\"inLanguage\":\"es\",\"@id\":\"https:\\\/\\\/secure.gravatar.com\\\/avatar\\\/f9f8cf6e03df54a1b0d04a6b4b8e8c6bd63c10a439752e84d87a5385aefe2ced?s=96&d=mm&r=g\",\"url\":\"https:\\\/\\\/secure.gravatar.com\\\/avatar\\\/f9f8cf6e03df54a1b0d04a6b4b8e8c6bd63c10a439752e84d87a5385aefe2ced?s=96&d=mm&r=g\",\"contentUrl\":\"https:\\\/\\\/secure.gravatar.com\\\/avatar\\\/f9f8cf6e03df54a1b0d04a6b4b8e8c6bd63c10a439752e84d87a5385aefe2ced?s=96&d=mm&r=g\",\"caption\":\"ppdegaliciaedtis\"},\"url\":\"https:\\\/\\\/ppdegalicia.com\\\/es\\\/author\\\/ppdegaliciaedits\\\/\"}]}<\/script>\n<!-- \/ Yoast SEO plugin. -->","yoast_head_json":{"title":"O PPdeG reivind\u00edcase como \u201co partido da mocidade\u201d con medidas como a gratuidade da matr\u00edcula universitaria e a ABAU com\u00fan - PP de Galicia","description":"O Partido Popular de Galicia reivindicouse hoxe como \u201co partido da mocidade galega\u201d como a gratuidade da matr\u00edcula ao longo de toda a carreira universitaria ou o acordo para \u201cacabar coas desigualdades entre comunidades\u201d cunha ABAU com\u00fan e m\u00e1is xusta.","robots":{"index":"index","follow":"follow","max-snippet":"max-snippet:-1","max-image-preview":"max-image-preview:large","max-video-preview":"max-video-preview:-1"},"canonical":"https:\/\/ppdegalicia.com\/es\/ppdeg-reivindicase-partido-mocidade-medidas-gratuidade-matricula-universitaria-abau-comun\/","og_locale":"es_ES","og_type":"article","og_title":"O PPdeG reivind\u00edcase como \u201co partido da mocidade\u201d con medidas como a gratuidade da matr\u00edcula universitaria e a ABAU com\u00fan - PP de Galicia","og_description":"O Partido Popular de Galicia reivindicouse hoxe como \u201co partido da mocidade galega\u201d como a gratuidade da matr\u00edcula ao longo de toda a carreira universitaria ou o acordo para \u201cacabar coas desigualdades entre comunidades\u201d cunha ABAU com\u00fan e m\u00e1is xusta.","og_url":"https:\/\/ppdegalicia.com\/es\/ppdeg-reivindicase-partido-mocidade-medidas-gratuidade-matricula-universitaria-abau-comun\/","og_site_name":"PP de Galicia","article_publisher":"https:\/\/www.instagram.com\/ppdegalicia\/","article_published_time":"2024-07-04T11:40:30+00:00","article_modified_time":"2024-07-04T11:48:52+00:00","og_image":[{"width":2560,"height":1707,"url":"https:\/\/ppdegalicia.com\/wp-content\/uploads\/2024\/07\/20240704_PPrado_Universidades26-scaled.jpg","type":"image\/jpeg"}],"author":"ppdegaliciaedtis","twitter_card":"summary_large_image","twitter_creator":"@ppdegalicia","twitter_site":"@ppdegalicia","twitter_misc":{"Escrito por":"ppdegaliciaedtis","Tiempo de lectura":"3 minutos"},"schema":{"@context":"https:\/\/schema.org","@graph":[{"@type":"Article","@id":"https:\/\/ppdegalicia.com\/es\/ppdeg-reivindicase-partido-mocidade-medidas-gratuidade-matricula-universitaria-abau-comun\/#article","isPartOf":{"@id":"https:\/\/ppdegalicia.com\/es\/ppdeg-reivindicase-partido-mocidade-medidas-gratuidade-matricula-universitaria-abau-comun\/"},"author":{"name":"ppdegaliciaedtis","@id":"https:\/\/ppdegalicia.com\/es\/#\/schema\/person\/bc9b46e59ebd34bf28611158c3867388"},"headline":"O PPdeG reivind\u00edcase como \u201co partido da mocidade\u201d con medidas como a gratuidade da matr\u00edcula universitaria e a ABAU com\u00fan","datePublished":"2024-07-04T11:40:30+00:00","dateModified":"2024-07-04T11:48:52+00:00","mainEntityOfPage":{"@id":"https:\/\/ppdegalicia.com\/es\/ppdeg-reivindicase-partido-mocidade-medidas-gratuidade-matricula-universitaria-abau-comun\/"},"wordCount":395,"publisher":{"@id":"https:\/\/ppdegalicia.com\/es\/#organization"},"image":{"@id":"https:\/\/ppdegalicia.com\/es\/ppdeg-reivindicase-partido-mocidade-medidas-gratuidade-matricula-universitaria-abau-comun\/#primaryimage"},"thumbnailUrl":"https:\/\/ppdegalicia.com\/wp-content\/uploads\/2024\/07\/20240704_PPrado_Universidades26-scaled.jpg","articleSection":["PP de Galicia"],"inLanguage":"es"},{"@type":"WebPage","@id":"https:\/\/ppdegalicia.com\/es\/ppdeg-reivindicase-partido-mocidade-medidas-gratuidade-matricula-universitaria-abau-comun\/","url":"https:\/\/ppdegalicia.com\/es\/ppdeg-reivindicase-partido-mocidade-medidas-gratuidade-matricula-universitaria-abau-comun\/","name":"O PPdeG reivind\u00edcase como \u201co partido da mocidade\u201d con medidas como a gratuidade da matr\u00edcula universitaria e a ABAU com\u00fan - PP de Galicia","isPartOf":{"@id":"https:\/\/ppdegalicia.com\/es\/#website"},"primaryImageOfPage":{"@id":"https:\/\/ppdegalicia.com\/es\/ppdeg-reivindicase-partido-mocidade-medidas-gratuidade-matricula-universitaria-abau-comun\/#primaryimage"},"image":{"@id":"https:\/\/ppdegalicia.com\/es\/ppdeg-reivindicase-partido-mocidade-medidas-gratuidade-matricula-universitaria-abau-comun\/#primaryimage"},"thumbnailUrl":"https:\/\/ppdegalicia.com\/wp-content\/uploads\/2024\/07\/20240704_PPrado_Universidades26-scaled.jpg","datePublished":"2024-07-04T11:40:30+00:00","dateModified":"2024-07-04T11:48:52+00:00","description":"O Partido Popular de Galicia reivindicouse hoxe como \u201co partido da mocidade galega\u201d como a gratuidade da matr\u00edcula ao longo de toda a carreira universitaria ou o acordo para \u201cacabar coas desigualdades entre comunidades\u201d cunha ABAU com\u00fan e m\u00e1is xusta.","breadcrumb":{"@id":"https:\/\/ppdegalicia.com\/es\/ppdeg-reivindicase-partido-mocidade-medidas-gratuidade-matricula-universitaria-abau-comun\/#breadcrumb"},"inLanguage":"es","potentialAction":[{"@type":"ReadAction","target":["https:\/\/ppdegalicia.com\/es\/ppdeg-reivindicase-partido-mocidade-medidas-gratuidade-matricula-universitaria-abau-comun\/"]}]},{"@type":"ImageObject","inLanguage":"es","@id":"https:\/\/ppdegalicia.com\/es\/ppdeg-reivindicase-partido-mocidade-medidas-gratuidade-matricula-universitaria-abau-comun\/#primaryimage","url":"https:\/\/ppdegalicia.com\/wp-content\/uploads\/2024\/07\/20240704_PPrado_Universidades26-scaled.jpg","contentUrl":"https:\/\/ppdegalicia.com\/wp-content\/uploads\/2024\/07\/20240704_PPrado_Universidades26-scaled.jpg","width":2560,"height":1707},{"@type":"BreadcrumbList","@id":"https:\/\/ppdegalicia.com\/es\/ppdeg-reivindicase-partido-mocidade-medidas-gratuidade-matricula-universitaria-abau-comun\/#breadcrumb","itemListElement":[{"@type":"ListItem","position":1,"name":"Portada","item":"https:\/\/ppdegalicia.com\/es\/"},{"@type":"ListItem","position":2,"name":"O PPdeG reivind\u00edcase como \u201co partido da mocidade\u201d con medidas como a gratuidade da matr\u00edcula universitaria e a ABAU com\u00fan"}]},{"@type":"WebSite","@id":"https:\/\/ppdegalicia.com\/es\/#website","url":"https:\/\/ppdegalicia.com\/es\/","name":"Partido Popular de Galicia","description":"Partido Popular de Galicia","publisher":{"@id":"https:\/\/ppdegalicia.com\/es\/#organization"},"alternateName":"PP de Galicia","potentialAction":[{"@type":"SearchAction","target":{"@type":"EntryPoint","urlTemplate":"https:\/\/ppdegalicia.com\/es\/?s={search_term_string}"},"query-input":{"@type":"PropertyValueSpecification","valueRequired":true,"valueName":"search_term_string"}}],"inLanguage":"es"},{"@type":"Organization","@id":"https:\/\/ppdegalicia.com\/es\/#organization","name":"Partido Popular de Galicia","alternateName":"PP de Galicia","url":"https:\/\/ppdegalicia.com\/es\/","logo":{"@type":"ImageObject","inLanguage":"es","@id":"https:\/\/ppdegalicia.com\/es\/#\/schema\/logo\/image\/","url":"https:\/\/ppdegalicia.com\/wp-content\/uploads\/2023\/04\/logoPP512.png","contentUrl":"https:\/\/ppdegalicia.com\/wp-content\/uploads\/2023\/04\/logoPP512.png","width":512,"height":512,"caption":"Partido Popular de Galicia"},"image":{"@id":"https:\/\/ppdegalicia.com\/es\/#\/schema\/logo\/image\/"},"sameAs":["https:\/\/www.instagram.com\/ppdegalicia\/","https:\/\/x.com\/ppdegalicia","https:\/\/www.tiktok.com\/@ppdegalicia","https:\/\/www.youtube.com\/user\/ppdegalicia"]},{"@type":"Person","@id":"https:\/\/ppdegalicia.com\/es\/#\/schema\/person\/bc9b46e59ebd34bf28611158c3867388","name":"ppdegaliciaedtis","image":{"@type":"ImageObject","inLanguage":"es","@id":"https:\/\/secure.gravatar.com\/avatar\/f9f8cf6e03df54a1b0d04a6b4b8e8c6bd63c10a439752e84d87a5385aefe2ced?s=96&d=mm&r=g","url":"https:\/\/secure.gravatar.com\/avatar\/f9f8cf6e03df54a1b0d04a6b4b8e8c6bd63c10a439752e84d87a5385aefe2ced?s=96&d=mm&r=g","contentUrl":"https:\/\/secure.gravatar.com\/avatar\/f9f8cf6e03df54a1b0d04a6b4b8e8c6bd63c10a439752e84d87a5385aefe2ced?s=96&d=mm&r=g","caption":"ppdegaliciaedtis"},"url":"https:\/\/ppdegalicia.com\/es\/author\/ppdegaliciaedits\/"}]}},"_links":{"self":[{"href":"https:\/\/ppdegalicia.com\/es\/wp-json\/wp\/v2\/posts\/63620","targetHints":{"allow":["GET"]}}],"collection":[{"href":"https:\/\/ppdegalicia.com\/es\/wp-json\/wp\/v2\/posts"}],"about":[{"href":"https:\/\/ppdegalicia.com\/es\/wp-json\/wp\/v2\/types\/post"}],"author":[{"embeddable":true,"href":"https:\/\/ppdegalicia.com\/es\/wp-json\/wp\/v2\/users\/40"}],"replies":[{"embeddable":true,"href":"https:\/\/ppdegalicia.com\/es\/wp-json\/wp\/v2\/comments?post=63620"}],"version-history":[{"count":1,"href":"https:\/\/ppdegalicia.com\/es\/wp-json\/wp\/v2\/posts\/63620\/revisions"}],"predecessor-version":[{"id":63623,"href":"https:\/\/ppdegalicia.com\/es\/wp-json\/wp\/v2\/posts\/63620\/revisions\/63623"}],"wp:featuredmedia":[{"embeddable":true,"href":"https:\/\/ppdegalicia.com\/es\/wp-json\/wp\/v2\/media\/63624"}],"wp:attachment":[{"href":"https:\/\/ppdegalicia.com\/es\/wp-json\/wp\/v2\/media?parent=63620"}],"wp:term":[{"taxonomy":"category","embeddable":true,"href":"https:\/\/ppdegalicia.com\/es\/wp-json\/wp\/v2\/categories?post=63620"},{"taxonomy":"post_tag","embeddable":true,"href":"https:\/\/ppdegalicia.com\/es\/wp-json\/wp\/v2\/tags?post=63620"}],"curies":[{"name":"wp","href":"https:\/\/api.w.org\/{rel}","templated":true}]}}