{"id":63626,"date":"2024-07-04T13:01:11","date_gmt":"2024-07-04T12:01:11","guid":{"rendered":"https:\/\/ppdegalicia.com\/?p=63626"},"modified":"2024-07-04T13:03:24","modified_gmt":"2024-07-04T12:03:24","slug":"o-parlamento-galego-pide-desenvolver-un-novo-plan-de-saude-mental-de-galicia-para-fortalecer-a-saude-publica-e-dotar-de-mais-recursos-neste-ambito","status":"publish","type":"post","link":"https:\/\/ppdegalicia.com\/es\/o-parlamento-galego-pide-desenvolver-un-novo-plan-de-saude-mental-de-galicia-para-fortalecer-a-saude-publica-e-dotar-de-mais-recursos-neste-ambito\/","title":{"rendered":"O Parlamento galego pide desenvolver un novo Plan de sa\u00fade mental de Galicia para fortalecer a sa\u00fade p\u00fablica e dotar de m\u00e1is recursos neste \u00e1mbito"},"content":{"rendered":"<p>O Parlamento de Galicia aprobou hoxe a proposici\u00f3n non de lei do Grupo Popular, que non contou co apoio de BNG nin de PSdeG, a trav\u00e9s da que se insta \u00e1 Xunta desenvolver un novo Plan de sa\u00fade mental de Galicia, como oportunidade para avanzar no fortalecemento da sa\u00fade p\u00fablica, actualizar os programas e intervenci\u00f3ns, e dotar de m\u00e1is recursos nete \u00e1mbito sanitario. As\u00ed mesmo, p\u00eddese continuar desenvolvendo proxectos psicoeducativos entre a mocidade galega, impulsando recursos e programas que dean resposta \u00e1s caracter\u00edsticas espec\u00edficas m\u00e9dicas e psicosociais daqueles que a idades temper\u00e1s presentan un trastorno mental ou risco de padecelo.<\/p>\n<p>A portavoz popular de Sanidade, Encarna Amigo, lembrou que o Plan de sa\u00fade mental de Galicia 2020-2024 conta cunha dotaci\u00f3n orzamentaria de 83 mill\u00f3ns de euros, o que supuxo un incremento anual do gasto en sa\u00fade mental de 17 mill\u00f3ns de euros. \u201cAgora xa est\u00e1 anunciado un novo Plan de sa\u00fade mental 2025-2030, porque a sa\u00fade mental e, m\u00e1is concretamente, a sa\u00fade infanto-xuvenil \u00e9 de primordial importancia para o Goberno de Alfonso Rueda, como o demostra o feito da recente creaci\u00f3n dunha Subdirecci\u00f3n espec\u00edfica de sa\u00fade mental\u201d, afirmou.<\/p>\n<p><strong>CUMPRINDO OBXECTIVOS<\/strong><\/p>\n<p>Na s\u00faa intervenci\u00f3n, Encarna Amigo fixo un repaso do grao de cumprimento dos obxectivos do Plan de sa\u00fade mental e, sobre a contrataci\u00f3n de persoal, cre\u00e1ronse o 100 por cento das prazas recollidas trav\u00e9s das leis de orzamentos e actualmente xa est\u00e1n cubertas m\u00e1is do 60 por cento das prazas, con persoal contratado a tal efecto ou que obtivo estas prazas polos distintos mecanismos de oferta.<\/p>\n<p>\u201cAdemais, co obxectivo de darlle a m\u00e1xima estabilidade a esas prazas, na oferta p\u00fablica de emprego deste ano para prazas de dif\u00edcil cobertura convoc\u00e1ronse, para adxudicaci\u00f3n en propiedade, 175 destas prazas para profesionais da sa\u00fade mental: concretamente 44 de psiquiatr\u00eda, 37 de psicolox\u00eda e 94 de enfermar\u00eda especialista\u201d, engadiu.<\/p>\n<p>En canto ao compromiso da posta en marcha dos hospitais de d\u00eda de sa\u00fade mental infanto-xuvenil, neste momento xa est\u00e1n en funcionamento unidades nas sete cidades galegas, as\u00ed como unidades de hospitalizaci\u00f3n psiqui\u00e1trica infanto-xuvenil no Hospital de Santiago e no \u00c1lvaro Cunqueiro de Vigo. Ademais, cre\u00e1ronse sete unidades de prevenci\u00f3n intensiva do suicidio, unha por cada \u00e1rea sanitaria, que xa atenderon a m\u00e1is de 1.500 persoas.<\/p>\n<p>Para rematar, Encarna Amigo destacou o aumento do ratio de profesionais da psicolox\u00eda cl\u00ednica, desde 3,4 profesionais por cada 100.000 habitantes no 2020 a 5,2 por 100.000 habitantes na actualidade. As\u00ed mesmo, aumentouse o ratio de psiquiatras desde os 7,4 por 100.000 en 2019 a 8,6 na actualidade.<\/p>\n","protected":false},"excerpt":{"rendered":"<p>O Parlamento de Galicia aprobou hoxe a proposici\u00f3n non de lei do Grupo Popular, que non contou co apoio de BNG nin de PSdeG, a trav\u00e9s da que se insta \u00e1 Xunta desenvolver un novo Plan de sa\u00fade mental de Galicia, como oportunidade para avanzar no fortalecemento da sa\u00fade p\u00fablica, actualizar os programas e intervenci\u00f3ns, [&hellip;]<\/p>\n","protected":false},"author":40,"featured_media":63630,"comment_status":"closed","ping_status":"open","sticky":false,"template":"","format":"standard","meta":{"_acf_changed":false,"footnotes":""},"categories":[1128],"tags":[],"class_list":["post-63626","post","type-post","status-publish","format-standard","has-post-thumbnail","hentry","category-actualidad-parlamento-de-galicia"],"acf":[],"yoast_head":"<!-- This site is optimized with the Yoast SEO plugin v27.3 - https:\/\/yoast.com\/product\/yoast-seo-wordpress\/ -->\n<title>O Parlamento galego pide desenvolver un novo Plan de sa\u00fade mental de Galicia para fortalecer a sa\u00fade p\u00fablica e dotar de m\u00e1is recursos neste \u00e1mbito - PP de Galicia<\/title>\n<meta name=\"description\" content=\"O Parlamento de Galicia aprobou hoxe a proposici\u00f3n non de lei do Grupo Popular, que non contou co apoio de BNG nin de PSdeG, a trav\u00e9s da que se insta \u00e1 Xunta desenvolver un novo Plan de sa\u00fade mental de Galicia, como oportunidade para avanzar no fortalecemento da sa\u00fade p\u00fablica, actualizar os programas e intervenci\u00f3ns, e dotar de m\u00e1is recursos nete \u00e1mbito sanitario\" \/>\n<meta name=\"robots\" content=\"index, follow, max-snippet:-1, max-image-preview:large, max-video-preview:-1\" \/>\n<link rel=\"canonical\" href=\"https:\/\/ppdegalicia.com\/es\/o-parlamento-galego-pide-desenvolver-un-novo-plan-de-saude-mental-de-galicia-para-fortalecer-a-saude-publica-e-dotar-de-mais-recursos-neste-ambito\/\" \/>\n<meta property=\"og:locale\" content=\"es_ES\" \/>\n<meta property=\"og:type\" content=\"article\" \/>\n<meta property=\"og:title\" content=\"O Parlamento galego pide desenvolver un novo Plan de sa\u00fade mental de Galicia para fortalecer a sa\u00fade p\u00fablica e dotar de m\u00e1is recursos neste \u00e1mbito - PP de Galicia\" \/>\n<meta property=\"og:description\" content=\"O Parlamento de Galicia aprobou hoxe a proposici\u00f3n non de lei do Grupo Popular, que non contou co apoio de BNG nin de PSdeG, a trav\u00e9s da que se insta \u00e1 Xunta desenvolver un novo Plan de sa\u00fade mental de Galicia, como oportunidade para avanzar no fortalecemento da sa\u00fade p\u00fablica, actualizar os programas e intervenci\u00f3ns, e dotar de m\u00e1is recursos nete \u00e1mbito sanitario\" \/>\n<meta property=\"og:url\" content=\"https:\/\/ppdegalicia.com\/es\/o-parlamento-galego-pide-desenvolver-un-novo-plan-de-saude-mental-de-galicia-para-fortalecer-a-saude-publica-e-dotar-de-mais-recursos-neste-ambito\/\" \/>\n<meta property=\"og:site_name\" content=\"PP de Galicia\" \/>\n<meta property=\"article:publisher\" content=\"https:\/\/www.instagram.com\/ppdegalicia\/\" \/>\n<meta property=\"article:published_time\" content=\"2024-07-04T12:01:11+00:00\" \/>\n<meta property=\"article:modified_time\" content=\"2024-07-04T12:03:24+00:00\" \/>\n<meta property=\"og:image\" content=\"https:\/\/ppdegalicia.com\/wp-content\/uploads\/2024\/07\/20240704_sin-titulo_DSC_0095-2-scaled.jpg\" \/>\n\t<meta property=\"og:image:width\" content=\"2560\" \/>\n\t<meta property=\"og:image:height\" content=\"1707\" \/>\n\t<meta property=\"og:image:type\" content=\"image\/jpeg\" \/>\n<meta name=\"author\" content=\"ppdegaliciaedtis\" \/>\n<meta name=\"twitter:card\" content=\"summary_large_image\" \/>\n<meta name=\"twitter:creator\" content=\"@ppdegalicia\" \/>\n<meta name=\"twitter:site\" content=\"@ppdegalicia\" \/>\n<meta name=\"twitter:label1\" content=\"Escrito por\" \/>\n\t<meta name=\"twitter:data1\" content=\"ppdegaliciaedtis\" \/>\n\t<meta name=\"twitter:label2\" content=\"Tiempo de lectura\" \/>\n\t<meta name=\"twitter:data2\" content=\"3 minutos\" \/>\n<script type=\"application\/ld+json\" class=\"yoast-schema-graph\">{\"@context\":\"https:\\\/\\\/schema.org\",\"@graph\":[{\"@type\":\"Article\",\"@id\":\"https:\\\/\\\/ppdegalicia.com\\\/es\\\/o-parlamento-galego-pide-desenvolver-un-novo-plan-de-saude-mental-de-galicia-para-fortalecer-a-saude-publica-e-dotar-de-mais-recursos-neste-ambito\\\/#article\",\"isPartOf\":{\"@id\":\"https:\\\/\\\/ppdegalicia.com\\\/es\\\/o-parlamento-galego-pide-desenvolver-un-novo-plan-de-saude-mental-de-galicia-para-fortalecer-a-saude-publica-e-dotar-de-mais-recursos-neste-ambito\\\/\"},\"author\":{\"name\":\"ppdegaliciaedtis\",\"@id\":\"https:\\\/\\\/ppdegalicia.com\\\/es\\\/#\\\/schema\\\/person\\\/bc9b46e59ebd34bf28611158c3867388\"},\"headline\":\"O Parlamento galego pide desenvolver un novo Plan de sa\u00fade mental de Galicia para fortalecer a sa\u00fade p\u00fablica e dotar de m\u00e1is recursos neste \u00e1mbito\",\"datePublished\":\"2024-07-04T12:01:11+00:00\",\"dateModified\":\"2024-07-04T12:03:24+00:00\",\"mainEntityOfPage\":{\"@id\":\"https:\\\/\\\/ppdegalicia.com\\\/es\\\/o-parlamento-galego-pide-desenvolver-un-novo-plan-de-saude-mental-de-galicia-para-fortalecer-a-saude-publica-e-dotar-de-mais-recursos-neste-ambito\\\/\"},\"wordCount\":480,\"publisher\":{\"@id\":\"https:\\\/\\\/ppdegalicia.com\\\/es\\\/#organization\"},\"image\":{\"@id\":\"https:\\\/\\\/ppdegalicia.com\\\/es\\\/o-parlamento-galego-pide-desenvolver-un-novo-plan-de-saude-mental-de-galicia-para-fortalecer-a-saude-publica-e-dotar-de-mais-recursos-neste-ambito\\\/#primaryimage\"},\"thumbnailUrl\":\"https:\\\/\\\/ppdegalicia.com\\\/wp-content\\\/uploads\\\/2024\\\/07\\\/20240704_sin-titulo_DSC_0095-2-scaled.jpg\",\"articleSection\":[\"Parlamento de Galicia\"],\"inLanguage\":\"es\"},{\"@type\":\"WebPage\",\"@id\":\"https:\\\/\\\/ppdegalicia.com\\\/es\\\/o-parlamento-galego-pide-desenvolver-un-novo-plan-de-saude-mental-de-galicia-para-fortalecer-a-saude-publica-e-dotar-de-mais-recursos-neste-ambito\\\/\",\"url\":\"https:\\\/\\\/ppdegalicia.com\\\/es\\\/o-parlamento-galego-pide-desenvolver-un-novo-plan-de-saude-mental-de-galicia-para-fortalecer-a-saude-publica-e-dotar-de-mais-recursos-neste-ambito\\\/\",\"name\":\"O Parlamento galego pide desenvolver un novo Plan de sa\u00fade mental de Galicia para fortalecer a sa\u00fade p\u00fablica e dotar de m\u00e1is recursos neste \u00e1mbito - PP de Galicia\",\"isPartOf\":{\"@id\":\"https:\\\/\\\/ppdegalicia.com\\\/es\\\/#website\"},\"primaryImageOfPage\":{\"@id\":\"https:\\\/\\\/ppdegalicia.com\\\/es\\\/o-parlamento-galego-pide-desenvolver-un-novo-plan-de-saude-mental-de-galicia-para-fortalecer-a-saude-publica-e-dotar-de-mais-recursos-neste-ambito\\\/#primaryimage\"},\"image\":{\"@id\":\"https:\\\/\\\/ppdegalicia.com\\\/es\\\/o-parlamento-galego-pide-desenvolver-un-novo-plan-de-saude-mental-de-galicia-para-fortalecer-a-saude-publica-e-dotar-de-mais-recursos-neste-ambito\\\/#primaryimage\"},\"thumbnailUrl\":\"https:\\\/\\\/ppdegalicia.com\\\/wp-content\\\/uploads\\\/2024\\\/07\\\/20240704_sin-titulo_DSC_0095-2-scaled.jpg\",\"datePublished\":\"2024-07-04T12:01:11+00:00\",\"dateModified\":\"2024-07-04T12:03:24+00:00\",\"description\":\"O Parlamento de Galicia aprobou hoxe a proposici\u00f3n non de lei do Grupo Popular, que non contou co apoio de BNG nin de PSdeG, a trav\u00e9s da que se insta \u00e1 Xunta desenvolver un novo Plan de sa\u00fade mental de Galicia, como oportunidade para avanzar no fortalecemento da sa\u00fade p\u00fablica, actualizar os programas e intervenci\u00f3ns, e dotar de m\u00e1is recursos nete \u00e1mbito sanitario\",\"breadcrumb\":{\"@id\":\"https:\\\/\\\/ppdegalicia.com\\\/es\\\/o-parlamento-galego-pide-desenvolver-un-novo-plan-de-saude-mental-de-galicia-para-fortalecer-a-saude-publica-e-dotar-de-mais-recursos-neste-ambito\\\/#breadcrumb\"},\"inLanguage\":\"es\",\"potentialAction\":[{\"@type\":\"ReadAction\",\"target\":[\"https:\\\/\\\/ppdegalicia.com\\\/es\\\/o-parlamento-galego-pide-desenvolver-un-novo-plan-de-saude-mental-de-galicia-para-fortalecer-a-saude-publica-e-dotar-de-mais-recursos-neste-ambito\\\/\"]}]},{\"@type\":\"ImageObject\",\"inLanguage\":\"es\",\"@id\":\"https:\\\/\\\/ppdegalicia.com\\\/es\\\/o-parlamento-galego-pide-desenvolver-un-novo-plan-de-saude-mental-de-galicia-para-fortalecer-a-saude-publica-e-dotar-de-mais-recursos-neste-ambito\\\/#primaryimage\",\"url\":\"https:\\\/\\\/ppdegalicia.com\\\/wp-content\\\/uploads\\\/2024\\\/07\\\/20240704_sin-titulo_DSC_0095-2-scaled.jpg\",\"contentUrl\":\"https:\\\/\\\/ppdegalicia.com\\\/wp-content\\\/uploads\\\/2024\\\/07\\\/20240704_sin-titulo_DSC_0095-2-scaled.jpg\",\"width\":2560,\"height\":1707},{\"@type\":\"BreadcrumbList\",\"@id\":\"https:\\\/\\\/ppdegalicia.com\\\/es\\\/o-parlamento-galego-pide-desenvolver-un-novo-plan-de-saude-mental-de-galicia-para-fortalecer-a-saude-publica-e-dotar-de-mais-recursos-neste-ambito\\\/#breadcrumb\",\"itemListElement\":[{\"@type\":\"ListItem\",\"position\":1,\"name\":\"Portada\",\"item\":\"https:\\\/\\\/ppdegalicia.com\\\/es\\\/\"},{\"@type\":\"ListItem\",\"position\":2,\"name\":\"O Parlamento galego pide desenvolver un novo Plan de sa\u00fade mental de Galicia para fortalecer a sa\u00fade p\u00fablica e dotar de m\u00e1is recursos neste \u00e1mbito\"}]},{\"@type\":\"WebSite\",\"@id\":\"https:\\\/\\\/ppdegalicia.com\\\/es\\\/#website\",\"url\":\"https:\\\/\\\/ppdegalicia.com\\\/es\\\/\",\"name\":\"Partido Popular de Galicia\",\"description\":\"Partido Popular de Galicia\",\"publisher\":{\"@id\":\"https:\\\/\\\/ppdegalicia.com\\\/es\\\/#organization\"},\"alternateName\":\"PP de Galicia\",\"potentialAction\":[{\"@type\":\"SearchAction\",\"target\":{\"@type\":\"EntryPoint\",\"urlTemplate\":\"https:\\\/\\\/ppdegalicia.com\\\/es\\\/?s={search_term_string}\"},\"query-input\":{\"@type\":\"PropertyValueSpecification\",\"valueRequired\":true,\"valueName\":\"search_term_string\"}}],\"inLanguage\":\"es\"},{\"@type\":\"Organization\",\"@id\":\"https:\\\/\\\/ppdegalicia.com\\\/es\\\/#organization\",\"name\":\"Partido Popular de Galicia\",\"alternateName\":\"PP de Galicia\",\"url\":\"https:\\\/\\\/ppdegalicia.com\\\/es\\\/\",\"logo\":{\"@type\":\"ImageObject\",\"inLanguage\":\"es\",\"@id\":\"https:\\\/\\\/ppdegalicia.com\\\/es\\\/#\\\/schema\\\/logo\\\/image\\\/\",\"url\":\"https:\\\/\\\/ppdegalicia.com\\\/wp-content\\\/uploads\\\/2023\\\/04\\\/logoPP512.png\",\"contentUrl\":\"https:\\\/\\\/ppdegalicia.com\\\/wp-content\\\/uploads\\\/2023\\\/04\\\/logoPP512.png\",\"width\":512,\"height\":512,\"caption\":\"Partido Popular de Galicia\"},\"image\":{\"@id\":\"https:\\\/\\\/ppdegalicia.com\\\/es\\\/#\\\/schema\\\/logo\\\/image\\\/\"},\"sameAs\":[\"https:\\\/\\\/www.instagram.com\\\/ppdegalicia\\\/\",\"https:\\\/\\\/x.com\\\/ppdegalicia\",\"https:\\\/\\\/www.tiktok.com\\\/@ppdegalicia\",\"https:\\\/\\\/www.youtube.com\\\/user\\\/ppdegalicia\"]},{\"@type\":\"Person\",\"@id\":\"https:\\\/\\\/ppdegalicia.com\\\/es\\\/#\\\/schema\\\/person\\\/bc9b46e59ebd34bf28611158c3867388\",\"name\":\"ppdegaliciaedtis\",\"image\":{\"@type\":\"ImageObject\",\"inLanguage\":\"es\",\"@id\":\"https:\\\/\\\/secure.gravatar.com\\\/avatar\\\/f9f8cf6e03df54a1b0d04a6b4b8e8c6bd63c10a439752e84d87a5385aefe2ced?s=96&d=mm&r=g\",\"url\":\"https:\\\/\\\/secure.gravatar.com\\\/avatar\\\/f9f8cf6e03df54a1b0d04a6b4b8e8c6bd63c10a439752e84d87a5385aefe2ced?s=96&d=mm&r=g\",\"contentUrl\":\"https:\\\/\\\/secure.gravatar.com\\\/avatar\\\/f9f8cf6e03df54a1b0d04a6b4b8e8c6bd63c10a439752e84d87a5385aefe2ced?s=96&d=mm&r=g\",\"caption\":\"ppdegaliciaedtis\"},\"url\":\"https:\\\/\\\/ppdegalicia.com\\\/es\\\/author\\\/ppdegaliciaedits\\\/\"}]}<\/script>\n<!-- \/ Yoast SEO plugin. -->","yoast_head_json":{"title":"O Parlamento galego pide desenvolver un novo Plan de sa\u00fade mental de Galicia para fortalecer a sa\u00fade p\u00fablica e dotar de m\u00e1is recursos neste \u00e1mbito - PP de Galicia","description":"O Parlamento de Galicia aprobou hoxe a proposici\u00f3n non de lei do Grupo Popular, que non contou co apoio de BNG nin de PSdeG, a trav\u00e9s da que se insta \u00e1 Xunta desenvolver un novo Plan de sa\u00fade mental de Galicia, como oportunidade para avanzar no fortalecemento da sa\u00fade p\u00fablica, actualizar os programas e intervenci\u00f3ns, e dotar de m\u00e1is recursos nete \u00e1mbito sanitario","robots":{"index":"index","follow":"follow","max-snippet":"max-snippet:-1","max-image-preview":"max-image-preview:large","max-video-preview":"max-video-preview:-1"},"canonical":"https:\/\/ppdegalicia.com\/es\/o-parlamento-galego-pide-desenvolver-un-novo-plan-de-saude-mental-de-galicia-para-fortalecer-a-saude-publica-e-dotar-de-mais-recursos-neste-ambito\/","og_locale":"es_ES","og_type":"article","og_title":"O Parlamento galego pide desenvolver un novo Plan de sa\u00fade mental de Galicia para fortalecer a sa\u00fade p\u00fablica e dotar de m\u00e1is recursos neste \u00e1mbito - PP de Galicia","og_description":"O Parlamento de Galicia aprobou hoxe a proposici\u00f3n non de lei do Grupo Popular, que non contou co apoio de BNG nin de PSdeG, a trav\u00e9s da que se insta \u00e1 Xunta desenvolver un novo Plan de sa\u00fade mental de Galicia, como oportunidade para avanzar no fortalecemento da sa\u00fade p\u00fablica, actualizar os programas e intervenci\u00f3ns, e dotar de m\u00e1is recursos nete \u00e1mbito sanitario","og_url":"https:\/\/ppdegalicia.com\/es\/o-parlamento-galego-pide-desenvolver-un-novo-plan-de-saude-mental-de-galicia-para-fortalecer-a-saude-publica-e-dotar-de-mais-recursos-neste-ambito\/","og_site_name":"PP de Galicia","article_publisher":"https:\/\/www.instagram.com\/ppdegalicia\/","article_published_time":"2024-07-04T12:01:11+00:00","article_modified_time":"2024-07-04T12:03:24+00:00","og_image":[{"width":2560,"height":1707,"url":"https:\/\/ppdegalicia.com\/wp-content\/uploads\/2024\/07\/20240704_sin-titulo_DSC_0095-2-scaled.jpg","type":"image\/jpeg"}],"author":"ppdegaliciaedtis","twitter_card":"summary_large_image","twitter_creator":"@ppdegalicia","twitter_site":"@ppdegalicia","twitter_misc":{"Escrito por":"ppdegaliciaedtis","Tiempo de lectura":"3 minutos"},"schema":{"@context":"https:\/\/schema.org","@graph":[{"@type":"Article","@id":"https:\/\/ppdegalicia.com\/es\/o-parlamento-galego-pide-desenvolver-un-novo-plan-de-saude-mental-de-galicia-para-fortalecer-a-saude-publica-e-dotar-de-mais-recursos-neste-ambito\/#article","isPartOf":{"@id":"https:\/\/ppdegalicia.com\/es\/o-parlamento-galego-pide-desenvolver-un-novo-plan-de-saude-mental-de-galicia-para-fortalecer-a-saude-publica-e-dotar-de-mais-recursos-neste-ambito\/"},"author":{"name":"ppdegaliciaedtis","@id":"https:\/\/ppdegalicia.com\/es\/#\/schema\/person\/bc9b46e59ebd34bf28611158c3867388"},"headline":"O Parlamento galego pide desenvolver un novo Plan de sa\u00fade mental de Galicia para fortalecer a sa\u00fade p\u00fablica e dotar de m\u00e1is recursos neste \u00e1mbito","datePublished":"2024-07-04T12:01:11+00:00","dateModified":"2024-07-04T12:03:24+00:00","mainEntityOfPage":{"@id":"https:\/\/ppdegalicia.com\/es\/o-parlamento-galego-pide-desenvolver-un-novo-plan-de-saude-mental-de-galicia-para-fortalecer-a-saude-publica-e-dotar-de-mais-recursos-neste-ambito\/"},"wordCount":480,"publisher":{"@id":"https:\/\/ppdegalicia.com\/es\/#organization"},"image":{"@id":"https:\/\/ppdegalicia.com\/es\/o-parlamento-galego-pide-desenvolver-un-novo-plan-de-saude-mental-de-galicia-para-fortalecer-a-saude-publica-e-dotar-de-mais-recursos-neste-ambito\/#primaryimage"},"thumbnailUrl":"https:\/\/ppdegalicia.com\/wp-content\/uploads\/2024\/07\/20240704_sin-titulo_DSC_0095-2-scaled.jpg","articleSection":["Parlamento de Galicia"],"inLanguage":"es"},{"@type":"WebPage","@id":"https:\/\/ppdegalicia.com\/es\/o-parlamento-galego-pide-desenvolver-un-novo-plan-de-saude-mental-de-galicia-para-fortalecer-a-saude-publica-e-dotar-de-mais-recursos-neste-ambito\/","url":"https:\/\/ppdegalicia.com\/es\/o-parlamento-galego-pide-desenvolver-un-novo-plan-de-saude-mental-de-galicia-para-fortalecer-a-saude-publica-e-dotar-de-mais-recursos-neste-ambito\/","name":"O Parlamento galego pide desenvolver un novo Plan de sa\u00fade mental de Galicia para fortalecer a sa\u00fade p\u00fablica e dotar de m\u00e1is recursos neste \u00e1mbito - PP de Galicia","isPartOf":{"@id":"https:\/\/ppdegalicia.com\/es\/#website"},"primaryImageOfPage":{"@id":"https:\/\/ppdegalicia.com\/es\/o-parlamento-galego-pide-desenvolver-un-novo-plan-de-saude-mental-de-galicia-para-fortalecer-a-saude-publica-e-dotar-de-mais-recursos-neste-ambito\/#primaryimage"},"image":{"@id":"https:\/\/ppdegalicia.com\/es\/o-parlamento-galego-pide-desenvolver-un-novo-plan-de-saude-mental-de-galicia-para-fortalecer-a-saude-publica-e-dotar-de-mais-recursos-neste-ambito\/#primaryimage"},"thumbnailUrl":"https:\/\/ppdegalicia.com\/wp-content\/uploads\/2024\/07\/20240704_sin-titulo_DSC_0095-2-scaled.jpg","datePublished":"2024-07-04T12:01:11+00:00","dateModified":"2024-07-04T12:03:24+00:00","description":"O Parlamento de Galicia aprobou hoxe a proposici\u00f3n non de lei do Grupo Popular, que non contou co apoio de BNG nin de PSdeG, a trav\u00e9s da que se insta \u00e1 Xunta desenvolver un novo Plan de sa\u00fade mental de Galicia, como oportunidade para avanzar no fortalecemento da sa\u00fade p\u00fablica, actualizar os programas e intervenci\u00f3ns, e dotar de m\u00e1is recursos nete \u00e1mbito sanitario","breadcrumb":{"@id":"https:\/\/ppdegalicia.com\/es\/o-parlamento-galego-pide-desenvolver-un-novo-plan-de-saude-mental-de-galicia-para-fortalecer-a-saude-publica-e-dotar-de-mais-recursos-neste-ambito\/#breadcrumb"},"inLanguage":"es","potentialAction":[{"@type":"ReadAction","target":["https:\/\/ppdegalicia.com\/es\/o-parlamento-galego-pide-desenvolver-un-novo-plan-de-saude-mental-de-galicia-para-fortalecer-a-saude-publica-e-dotar-de-mais-recursos-neste-ambito\/"]}]},{"@type":"ImageObject","inLanguage":"es","@id":"https:\/\/ppdegalicia.com\/es\/o-parlamento-galego-pide-desenvolver-un-novo-plan-de-saude-mental-de-galicia-para-fortalecer-a-saude-publica-e-dotar-de-mais-recursos-neste-ambito\/#primaryimage","url":"https:\/\/ppdegalicia.com\/wp-content\/uploads\/2024\/07\/20240704_sin-titulo_DSC_0095-2-scaled.jpg","contentUrl":"https:\/\/ppdegalicia.com\/wp-content\/uploads\/2024\/07\/20240704_sin-titulo_DSC_0095-2-scaled.jpg","width":2560,"height":1707},{"@type":"BreadcrumbList","@id":"https:\/\/ppdegalicia.com\/es\/o-parlamento-galego-pide-desenvolver-un-novo-plan-de-saude-mental-de-galicia-para-fortalecer-a-saude-publica-e-dotar-de-mais-recursos-neste-ambito\/#breadcrumb","itemListElement":[{"@type":"ListItem","position":1,"name":"Portada","item":"https:\/\/ppdegalicia.com\/es\/"},{"@type":"ListItem","position":2,"name":"O Parlamento galego pide desenvolver un novo Plan de sa\u00fade mental de Galicia para fortalecer a sa\u00fade p\u00fablica e dotar de m\u00e1is recursos neste \u00e1mbito"}]},{"@type":"WebSite","@id":"https:\/\/ppdegalicia.com\/es\/#website","url":"https:\/\/ppdegalicia.com\/es\/","name":"Partido Popular de Galicia","description":"Partido Popular de Galicia","publisher":{"@id":"https:\/\/ppdegalicia.com\/es\/#organization"},"alternateName":"PP de Galicia","potentialAction":[{"@type":"SearchAction","target":{"@type":"EntryPoint","urlTemplate":"https:\/\/ppdegalicia.com\/es\/?s={search_term_string}"},"query-input":{"@type":"PropertyValueSpecification","valueRequired":true,"valueName":"search_term_string"}}],"inLanguage":"es"},{"@type":"Organization","@id":"https:\/\/ppdegalicia.com\/es\/#organization","name":"Partido Popular de Galicia","alternateName":"PP de Galicia","url":"https:\/\/ppdegalicia.com\/es\/","logo":{"@type":"ImageObject","inLanguage":"es","@id":"https:\/\/ppdegalicia.com\/es\/#\/schema\/logo\/image\/","url":"https:\/\/ppdegalicia.com\/wp-content\/uploads\/2023\/04\/logoPP512.png","contentUrl":"https:\/\/ppdegalicia.com\/wp-content\/uploads\/2023\/04\/logoPP512.png","width":512,"height":512,"caption":"Partido Popular de Galicia"},"image":{"@id":"https:\/\/ppdegalicia.com\/es\/#\/schema\/logo\/image\/"},"sameAs":["https:\/\/www.instagram.com\/ppdegalicia\/","https:\/\/x.com\/ppdegalicia","https:\/\/www.tiktok.com\/@ppdegalicia","https:\/\/www.youtube.com\/user\/ppdegalicia"]},{"@type":"Person","@id":"https:\/\/ppdegalicia.com\/es\/#\/schema\/person\/bc9b46e59ebd34bf28611158c3867388","name":"ppdegaliciaedtis","image":{"@type":"ImageObject","inLanguage":"es","@id":"https:\/\/secure.gravatar.com\/avatar\/f9f8cf6e03df54a1b0d04a6b4b8e8c6bd63c10a439752e84d87a5385aefe2ced?s=96&d=mm&r=g","url":"https:\/\/secure.gravatar.com\/avatar\/f9f8cf6e03df54a1b0d04a6b4b8e8c6bd63c10a439752e84d87a5385aefe2ced?s=96&d=mm&r=g","contentUrl":"https:\/\/secure.gravatar.com\/avatar\/f9f8cf6e03df54a1b0d04a6b4b8e8c6bd63c10a439752e84d87a5385aefe2ced?s=96&d=mm&r=g","caption":"ppdegaliciaedtis"},"url":"https:\/\/ppdegalicia.com\/es\/author\/ppdegaliciaedits\/"}]}},"_links":{"self":[{"href":"https:\/\/ppdegalicia.com\/es\/wp-json\/wp\/v2\/posts\/63626","targetHints":{"allow":["GET"]}}],"collection":[{"href":"https:\/\/ppdegalicia.com\/es\/wp-json\/wp\/v2\/posts"}],"about":[{"href":"https:\/\/ppdegalicia.com\/es\/wp-json\/wp\/v2\/types\/post"}],"author":[{"embeddable":true,"href":"https:\/\/ppdegalicia.com\/es\/wp-json\/wp\/v2\/users\/40"}],"replies":[{"embeddable":true,"href":"https:\/\/ppdegalicia.com\/es\/wp-json\/wp\/v2\/comments?post=63626"}],"version-history":[{"count":1,"href":"https:\/\/ppdegalicia.com\/es\/wp-json\/wp\/v2\/posts\/63626\/revisions"}],"predecessor-version":[{"id":63629,"href":"https:\/\/ppdegalicia.com\/es\/wp-json\/wp\/v2\/posts\/63626\/revisions\/63629"}],"wp:featuredmedia":[{"embeddable":true,"href":"https:\/\/ppdegalicia.com\/es\/wp-json\/wp\/v2\/media\/63630"}],"wp:attachment":[{"href":"https:\/\/ppdegalicia.com\/es\/wp-json\/wp\/v2\/media?parent=63626"}],"wp:term":[{"taxonomy":"category","embeddable":true,"href":"https:\/\/ppdegalicia.com\/es\/wp-json\/wp\/v2\/categories?post=63626"},{"taxonomy":"post_tag","embeddable":true,"href":"https:\/\/ppdegalicia.com\/es\/wp-json\/wp\/v2\/tags?post=63626"}],"curies":[{"name":"wp","href":"https:\/\/api.w.org\/{rel}","templated":true}]}}