{"id":63632,"date":"2024-07-04T13:19:39","date_gmt":"2024-07-04T12:19:39","guid":{"rendered":"https:\/\/ppdegalicia.com\/?p=63632"},"modified":"2024-07-04T13:19:39","modified_gmt":"2024-07-04T12:19:39","slug":"o-parlamento-galego-solicita-que-a-xunta-continue-estendendo-o-programa-xantar-na-casa-a-mais-concellos-e-mais-usuarios","status":"publish","type":"post","link":"https:\/\/ppdegalicia.com\/es\/o-parlamento-galego-solicita-que-a-xunta-continue-estendendo-o-programa-xantar-na-casa-a-mais-concellos-e-mais-usuarios\/","title":{"rendered":"O Parlamento galego solicita que a Xunta contin\u00fae estendendo o programa Xantar na casa a m\u00e1is concellos e m\u00e1is usuarios"},"content":{"rendered":"<p>O Parlamento de Galicia aprobou hoxe a proposici\u00f3n non de lei do Grupo Popular, que non contou co apoio do PSdeG, a trav\u00e9s da que se insta \u00e1 Xunta a que contin\u00fae estendendo o programa Xantar na casa para que un maior n\u00famero de galegos poidan beneficiarse<br \/>\ndo mesmo.<\/p>\n<p>A portavoz popular de Pol\u00edtica Social, Raquel Arias, sinalou que \u201cos bos resultados obtidos e a excelente valoraci\u00f3n por parte dos usuarios, e tam\u00e9n das s\u00faas familias, l\u00e9vanos a incidir na conveniencia de que o programa Xantar na casa se ampl\u00ede a un maior n\u00famero de concellos e de posibles beneficiarios\u201d.<\/p>\n<p>O programa Xantar na casa \u00e9 un servizo de proximidade que desenvolve a Xunta en colaboraci\u00f3n cos concellos e que consiste na subministraci\u00f3n de comidas no propio domicilio das persoas usuarias. Esta iniciativa ten como obxectivo principal garantir unha dieta saudable, adaptada e equilibrada \u00e1s necesidades espec\u00edficas de cada usuario, principalmente persoas maiores e que viven soas.<\/p>\n<p>Na actualidade, o Goberno galego reparte a trav\u00e9s deste programa m\u00e1is de 17.000 men\u00fas semanais a m\u00e1is de 2.000 persoas espalladas por m\u00e1is de 200 concellos. A Xunta financia o 50 por cento da comida, mentres que a outra metade corre a cargo do concello e dos usuarios a partes iguais.<\/p>\n<p>A comida rep\u00e1rtese nos domicilios nunha \u00fanica entrega para todos os d\u00edas da semana, polo que o usuario so ten que quentala antes de consumila. Ademais, facil\u00edtanselles os electrodom\u00e9sticos necesarios en caso de que non os te\u00f1an, como neveira ou microondas.<\/p>\n","protected":false},"excerpt":{"rendered":"<p>O Parlamento de Galicia aprobou hoxe a proposici\u00f3n non de lei do Grupo Popular, que non contou co apoio do PSdeG, a trav\u00e9s da que se insta \u00e1 Xunta a que contin\u00fae estendendo o programa Xantar na casa para que un maior n\u00famero de galegos poidan beneficiarse do mesmo. A portavoz popular de Pol\u00edtica Social, [&hellip;]<\/p>\n","protected":false},"author":40,"featured_media":63633,"comment_status":"closed","ping_status":"open","sticky":false,"template":"","format":"standard","meta":{"_acf_changed":false,"footnotes":""},"categories":[1128],"tags":[],"class_list":["post-63632","post","type-post","status-publish","format-standard","has-post-thumbnail","hentry","category-actualidad-parlamento-de-galicia"],"acf":[],"yoast_head":"<!-- This site is optimized with the Yoast SEO plugin v27.3 - https:\/\/yoast.com\/product\/yoast-seo-wordpress\/ -->\n<title>O Parlamento galego solicita que a Xunta contin\u00fae estendendo o programa Xantar na casa a m\u00e1is concellos e m\u00e1is usuarios - PP de Galicia<\/title>\n<meta name=\"description\" content=\"O Parlamento de Galicia aprobou hoxe a proposici\u00f3n non de lei do Grupo Popular, que non contou co apoio do PSdeG, a trav\u00e9s da que se insta \u00e1 Xunta a que contin\u00fae estendendo o programa Xantar na casa para que un maior n\u00famero de galegos poidan beneficiarsedo mesmo.\" \/>\n<meta name=\"robots\" content=\"index, follow, max-snippet:-1, max-image-preview:large, max-video-preview:-1\" \/>\n<link rel=\"canonical\" href=\"https:\/\/ppdegalicia.com\/es\/o-parlamento-galego-solicita-que-a-xunta-continue-estendendo-o-programa-xantar-na-casa-a-mais-concellos-e-mais-usuarios\/\" \/>\n<meta property=\"og:locale\" content=\"es_ES\" \/>\n<meta property=\"og:type\" content=\"article\" \/>\n<meta property=\"og:title\" content=\"O Parlamento galego solicita que a Xunta contin\u00fae estendendo o programa Xantar na casa a m\u00e1is concellos e m\u00e1is usuarios - PP de Galicia\" \/>\n<meta property=\"og:description\" content=\"O Parlamento de Galicia aprobou hoxe a proposici\u00f3n non de lei do Grupo Popular, que non contou co apoio do PSdeG, a trav\u00e9s da que se insta \u00e1 Xunta a que contin\u00fae estendendo o programa Xantar na casa para que un maior n\u00famero de galegos poidan beneficiarsedo mesmo.\" \/>\n<meta property=\"og:url\" content=\"https:\/\/ppdegalicia.com\/es\/o-parlamento-galego-solicita-que-a-xunta-continue-estendendo-o-programa-xantar-na-casa-a-mais-concellos-e-mais-usuarios\/\" \/>\n<meta property=\"og:site_name\" content=\"PP de Galicia\" \/>\n<meta property=\"article:publisher\" content=\"https:\/\/www.instagram.com\/ppdegalicia\/\" \/>\n<meta property=\"article:published_time\" content=\"2024-07-04T12:19:39+00:00\" \/>\n<meta property=\"og:image\" content=\"https:\/\/ppdegalicia.com\/wp-content\/uploads\/2024\/07\/20240704_sin-titulo_DSC_0086-scaled.jpg\" \/>\n\t<meta property=\"og:image:width\" content=\"2560\" \/>\n\t<meta property=\"og:image:height\" content=\"1707\" \/>\n\t<meta property=\"og:image:type\" content=\"image\/jpeg\" \/>\n<meta name=\"author\" content=\"ppdegaliciaedtis\" \/>\n<meta name=\"twitter:card\" content=\"summary_large_image\" \/>\n<meta name=\"twitter:creator\" content=\"@ppdegalicia\" \/>\n<meta name=\"twitter:site\" content=\"@ppdegalicia\" \/>\n<meta name=\"twitter:label1\" content=\"Escrito por\" \/>\n\t<meta name=\"twitter:data1\" content=\"ppdegaliciaedtis\" \/>\n\t<meta name=\"twitter:label2\" content=\"Tiempo de lectura\" \/>\n\t<meta name=\"twitter:data2\" content=\"2 minutos\" \/>\n<script type=\"application\/ld+json\" class=\"yoast-schema-graph\">{\"@context\":\"https:\\\/\\\/schema.org\",\"@graph\":[{\"@type\":\"Article\",\"@id\":\"https:\\\/\\\/ppdegalicia.com\\\/es\\\/o-parlamento-galego-solicita-que-a-xunta-continue-estendendo-o-programa-xantar-na-casa-a-mais-concellos-e-mais-usuarios\\\/#article\",\"isPartOf\":{\"@id\":\"https:\\\/\\\/ppdegalicia.com\\\/es\\\/o-parlamento-galego-solicita-que-a-xunta-continue-estendendo-o-programa-xantar-na-casa-a-mais-concellos-e-mais-usuarios\\\/\"},\"author\":{\"name\":\"ppdegaliciaedtis\",\"@id\":\"https:\\\/\\\/ppdegalicia.com\\\/es\\\/#\\\/schema\\\/person\\\/bc9b46e59ebd34bf28611158c3867388\"},\"headline\":\"O Parlamento galego solicita que a Xunta contin\u00fae estendendo o programa Xantar na casa a m\u00e1is concellos e m\u00e1is usuarios\",\"datePublished\":\"2024-07-04T12:19:39+00:00\",\"mainEntityOfPage\":{\"@id\":\"https:\\\/\\\/ppdegalicia.com\\\/es\\\/o-parlamento-galego-solicita-que-a-xunta-continue-estendendo-o-programa-xantar-na-casa-a-mais-concellos-e-mais-usuarios\\\/\"},\"wordCount\":290,\"publisher\":{\"@id\":\"https:\\\/\\\/ppdegalicia.com\\\/es\\\/#organization\"},\"image\":{\"@id\":\"https:\\\/\\\/ppdegalicia.com\\\/es\\\/o-parlamento-galego-solicita-que-a-xunta-continue-estendendo-o-programa-xantar-na-casa-a-mais-concellos-e-mais-usuarios\\\/#primaryimage\"},\"thumbnailUrl\":\"https:\\\/\\\/ppdegalicia.com\\\/wp-content\\\/uploads\\\/2024\\\/07\\\/20240704_sin-titulo_DSC_0086-scaled.jpg\",\"articleSection\":[\"Parlamento de Galicia\"],\"inLanguage\":\"es\"},{\"@type\":\"WebPage\",\"@id\":\"https:\\\/\\\/ppdegalicia.com\\\/es\\\/o-parlamento-galego-solicita-que-a-xunta-continue-estendendo-o-programa-xantar-na-casa-a-mais-concellos-e-mais-usuarios\\\/\",\"url\":\"https:\\\/\\\/ppdegalicia.com\\\/es\\\/o-parlamento-galego-solicita-que-a-xunta-continue-estendendo-o-programa-xantar-na-casa-a-mais-concellos-e-mais-usuarios\\\/\",\"name\":\"O Parlamento galego solicita que a Xunta contin\u00fae estendendo o programa Xantar na casa a m\u00e1is concellos e m\u00e1is usuarios - PP de Galicia\",\"isPartOf\":{\"@id\":\"https:\\\/\\\/ppdegalicia.com\\\/es\\\/#website\"},\"primaryImageOfPage\":{\"@id\":\"https:\\\/\\\/ppdegalicia.com\\\/es\\\/o-parlamento-galego-solicita-que-a-xunta-continue-estendendo-o-programa-xantar-na-casa-a-mais-concellos-e-mais-usuarios\\\/#primaryimage\"},\"image\":{\"@id\":\"https:\\\/\\\/ppdegalicia.com\\\/es\\\/o-parlamento-galego-solicita-que-a-xunta-continue-estendendo-o-programa-xantar-na-casa-a-mais-concellos-e-mais-usuarios\\\/#primaryimage\"},\"thumbnailUrl\":\"https:\\\/\\\/ppdegalicia.com\\\/wp-content\\\/uploads\\\/2024\\\/07\\\/20240704_sin-titulo_DSC_0086-scaled.jpg\",\"datePublished\":\"2024-07-04T12:19:39+00:00\",\"description\":\"O Parlamento de Galicia aprobou hoxe a proposici\u00f3n non de lei do Grupo Popular, que non contou co apoio do PSdeG, a trav\u00e9s da que se insta \u00e1 Xunta a que contin\u00fae estendendo o programa Xantar na casa para que un maior n\u00famero de galegos poidan beneficiarsedo mesmo.\",\"breadcrumb\":{\"@id\":\"https:\\\/\\\/ppdegalicia.com\\\/es\\\/o-parlamento-galego-solicita-que-a-xunta-continue-estendendo-o-programa-xantar-na-casa-a-mais-concellos-e-mais-usuarios\\\/#breadcrumb\"},\"inLanguage\":\"es\",\"potentialAction\":[{\"@type\":\"ReadAction\",\"target\":[\"https:\\\/\\\/ppdegalicia.com\\\/es\\\/o-parlamento-galego-solicita-que-a-xunta-continue-estendendo-o-programa-xantar-na-casa-a-mais-concellos-e-mais-usuarios\\\/\"]}]},{\"@type\":\"ImageObject\",\"inLanguage\":\"es\",\"@id\":\"https:\\\/\\\/ppdegalicia.com\\\/es\\\/o-parlamento-galego-solicita-que-a-xunta-continue-estendendo-o-programa-xantar-na-casa-a-mais-concellos-e-mais-usuarios\\\/#primaryimage\",\"url\":\"https:\\\/\\\/ppdegalicia.com\\\/wp-content\\\/uploads\\\/2024\\\/07\\\/20240704_sin-titulo_DSC_0086-scaled.jpg\",\"contentUrl\":\"https:\\\/\\\/ppdegalicia.com\\\/wp-content\\\/uploads\\\/2024\\\/07\\\/20240704_sin-titulo_DSC_0086-scaled.jpg\",\"width\":2560,\"height\":1707},{\"@type\":\"BreadcrumbList\",\"@id\":\"https:\\\/\\\/ppdegalicia.com\\\/es\\\/o-parlamento-galego-solicita-que-a-xunta-continue-estendendo-o-programa-xantar-na-casa-a-mais-concellos-e-mais-usuarios\\\/#breadcrumb\",\"itemListElement\":[{\"@type\":\"ListItem\",\"position\":1,\"name\":\"Portada\",\"item\":\"https:\\\/\\\/ppdegalicia.com\\\/es\\\/\"},{\"@type\":\"ListItem\",\"position\":2,\"name\":\"O Parlamento galego solicita que a Xunta contin\u00fae estendendo o programa Xantar na casa a m\u00e1is concellos e m\u00e1is usuarios\"}]},{\"@type\":\"WebSite\",\"@id\":\"https:\\\/\\\/ppdegalicia.com\\\/es\\\/#website\",\"url\":\"https:\\\/\\\/ppdegalicia.com\\\/es\\\/\",\"name\":\"Partido Popular de Galicia\",\"description\":\"Partido Popular de Galicia\",\"publisher\":{\"@id\":\"https:\\\/\\\/ppdegalicia.com\\\/es\\\/#organization\"},\"alternateName\":\"PP de Galicia\",\"potentialAction\":[{\"@type\":\"SearchAction\",\"target\":{\"@type\":\"EntryPoint\",\"urlTemplate\":\"https:\\\/\\\/ppdegalicia.com\\\/es\\\/?s={search_term_string}\"},\"query-input\":{\"@type\":\"PropertyValueSpecification\",\"valueRequired\":true,\"valueName\":\"search_term_string\"}}],\"inLanguage\":\"es\"},{\"@type\":\"Organization\",\"@id\":\"https:\\\/\\\/ppdegalicia.com\\\/es\\\/#organization\",\"name\":\"Partido Popular de Galicia\",\"alternateName\":\"PP de Galicia\",\"url\":\"https:\\\/\\\/ppdegalicia.com\\\/es\\\/\",\"logo\":{\"@type\":\"ImageObject\",\"inLanguage\":\"es\",\"@id\":\"https:\\\/\\\/ppdegalicia.com\\\/es\\\/#\\\/schema\\\/logo\\\/image\\\/\",\"url\":\"https:\\\/\\\/ppdegalicia.com\\\/wp-content\\\/uploads\\\/2023\\\/04\\\/logoPP512.png\",\"contentUrl\":\"https:\\\/\\\/ppdegalicia.com\\\/wp-content\\\/uploads\\\/2023\\\/04\\\/logoPP512.png\",\"width\":512,\"height\":512,\"caption\":\"Partido Popular de Galicia\"},\"image\":{\"@id\":\"https:\\\/\\\/ppdegalicia.com\\\/es\\\/#\\\/schema\\\/logo\\\/image\\\/\"},\"sameAs\":[\"https:\\\/\\\/www.instagram.com\\\/ppdegalicia\\\/\",\"https:\\\/\\\/x.com\\\/ppdegalicia\",\"https:\\\/\\\/www.tiktok.com\\\/@ppdegalicia\",\"https:\\\/\\\/www.youtube.com\\\/user\\\/ppdegalicia\"]},{\"@type\":\"Person\",\"@id\":\"https:\\\/\\\/ppdegalicia.com\\\/es\\\/#\\\/schema\\\/person\\\/bc9b46e59ebd34bf28611158c3867388\",\"name\":\"ppdegaliciaedtis\",\"image\":{\"@type\":\"ImageObject\",\"inLanguage\":\"es\",\"@id\":\"https:\\\/\\\/secure.gravatar.com\\\/avatar\\\/f9f8cf6e03df54a1b0d04a6b4b8e8c6bd63c10a439752e84d87a5385aefe2ced?s=96&d=mm&r=g\",\"url\":\"https:\\\/\\\/secure.gravatar.com\\\/avatar\\\/f9f8cf6e03df54a1b0d04a6b4b8e8c6bd63c10a439752e84d87a5385aefe2ced?s=96&d=mm&r=g\",\"contentUrl\":\"https:\\\/\\\/secure.gravatar.com\\\/avatar\\\/f9f8cf6e03df54a1b0d04a6b4b8e8c6bd63c10a439752e84d87a5385aefe2ced?s=96&d=mm&r=g\",\"caption\":\"ppdegaliciaedtis\"},\"url\":\"https:\\\/\\\/ppdegalicia.com\\\/es\\\/author\\\/ppdegaliciaedits\\\/\"}]}<\/script>\n<!-- \/ Yoast SEO plugin. -->","yoast_head_json":{"title":"O Parlamento galego solicita que a Xunta contin\u00fae estendendo o programa Xantar na casa a m\u00e1is concellos e m\u00e1is usuarios - PP de Galicia","description":"O Parlamento de Galicia aprobou hoxe a proposici\u00f3n non de lei do Grupo Popular, que non contou co apoio do PSdeG, a trav\u00e9s da que se insta \u00e1 Xunta a que contin\u00fae estendendo o programa Xantar na casa para que un maior n\u00famero de galegos poidan beneficiarsedo mesmo.","robots":{"index":"index","follow":"follow","max-snippet":"max-snippet:-1","max-image-preview":"max-image-preview:large","max-video-preview":"max-video-preview:-1"},"canonical":"https:\/\/ppdegalicia.com\/es\/o-parlamento-galego-solicita-que-a-xunta-continue-estendendo-o-programa-xantar-na-casa-a-mais-concellos-e-mais-usuarios\/","og_locale":"es_ES","og_type":"article","og_title":"O Parlamento galego solicita que a Xunta contin\u00fae estendendo o programa Xantar na casa a m\u00e1is concellos e m\u00e1is usuarios - PP de Galicia","og_description":"O Parlamento de Galicia aprobou hoxe a proposici\u00f3n non de lei do Grupo Popular, que non contou co apoio do PSdeG, a trav\u00e9s da que se insta \u00e1 Xunta a que contin\u00fae estendendo o programa Xantar na casa para que un maior n\u00famero de galegos poidan beneficiarsedo mesmo.","og_url":"https:\/\/ppdegalicia.com\/es\/o-parlamento-galego-solicita-que-a-xunta-continue-estendendo-o-programa-xantar-na-casa-a-mais-concellos-e-mais-usuarios\/","og_site_name":"PP de Galicia","article_publisher":"https:\/\/www.instagram.com\/ppdegalicia\/","article_published_time":"2024-07-04T12:19:39+00:00","og_image":[{"width":2560,"height":1707,"url":"https:\/\/ppdegalicia.com\/wp-content\/uploads\/2024\/07\/20240704_sin-titulo_DSC_0086-scaled.jpg","type":"image\/jpeg"}],"author":"ppdegaliciaedtis","twitter_card":"summary_large_image","twitter_creator":"@ppdegalicia","twitter_site":"@ppdegalicia","twitter_misc":{"Escrito por":"ppdegaliciaedtis","Tiempo de lectura":"2 minutos"},"schema":{"@context":"https:\/\/schema.org","@graph":[{"@type":"Article","@id":"https:\/\/ppdegalicia.com\/es\/o-parlamento-galego-solicita-que-a-xunta-continue-estendendo-o-programa-xantar-na-casa-a-mais-concellos-e-mais-usuarios\/#article","isPartOf":{"@id":"https:\/\/ppdegalicia.com\/es\/o-parlamento-galego-solicita-que-a-xunta-continue-estendendo-o-programa-xantar-na-casa-a-mais-concellos-e-mais-usuarios\/"},"author":{"name":"ppdegaliciaedtis","@id":"https:\/\/ppdegalicia.com\/es\/#\/schema\/person\/bc9b46e59ebd34bf28611158c3867388"},"headline":"O Parlamento galego solicita que a Xunta contin\u00fae estendendo o programa Xantar na casa a m\u00e1is concellos e m\u00e1is usuarios","datePublished":"2024-07-04T12:19:39+00:00","mainEntityOfPage":{"@id":"https:\/\/ppdegalicia.com\/es\/o-parlamento-galego-solicita-que-a-xunta-continue-estendendo-o-programa-xantar-na-casa-a-mais-concellos-e-mais-usuarios\/"},"wordCount":290,"publisher":{"@id":"https:\/\/ppdegalicia.com\/es\/#organization"},"image":{"@id":"https:\/\/ppdegalicia.com\/es\/o-parlamento-galego-solicita-que-a-xunta-continue-estendendo-o-programa-xantar-na-casa-a-mais-concellos-e-mais-usuarios\/#primaryimage"},"thumbnailUrl":"https:\/\/ppdegalicia.com\/wp-content\/uploads\/2024\/07\/20240704_sin-titulo_DSC_0086-scaled.jpg","articleSection":["Parlamento de Galicia"],"inLanguage":"es"},{"@type":"WebPage","@id":"https:\/\/ppdegalicia.com\/es\/o-parlamento-galego-solicita-que-a-xunta-continue-estendendo-o-programa-xantar-na-casa-a-mais-concellos-e-mais-usuarios\/","url":"https:\/\/ppdegalicia.com\/es\/o-parlamento-galego-solicita-que-a-xunta-continue-estendendo-o-programa-xantar-na-casa-a-mais-concellos-e-mais-usuarios\/","name":"O Parlamento galego solicita que a Xunta contin\u00fae estendendo o programa Xantar na casa a m\u00e1is concellos e m\u00e1is usuarios - PP de Galicia","isPartOf":{"@id":"https:\/\/ppdegalicia.com\/es\/#website"},"primaryImageOfPage":{"@id":"https:\/\/ppdegalicia.com\/es\/o-parlamento-galego-solicita-que-a-xunta-continue-estendendo-o-programa-xantar-na-casa-a-mais-concellos-e-mais-usuarios\/#primaryimage"},"image":{"@id":"https:\/\/ppdegalicia.com\/es\/o-parlamento-galego-solicita-que-a-xunta-continue-estendendo-o-programa-xantar-na-casa-a-mais-concellos-e-mais-usuarios\/#primaryimage"},"thumbnailUrl":"https:\/\/ppdegalicia.com\/wp-content\/uploads\/2024\/07\/20240704_sin-titulo_DSC_0086-scaled.jpg","datePublished":"2024-07-04T12:19:39+00:00","description":"O Parlamento de Galicia aprobou hoxe a proposici\u00f3n non de lei do Grupo Popular, que non contou co apoio do PSdeG, a trav\u00e9s da que se insta \u00e1 Xunta a que contin\u00fae estendendo o programa Xantar na casa para que un maior n\u00famero de galegos poidan beneficiarsedo mesmo.","breadcrumb":{"@id":"https:\/\/ppdegalicia.com\/es\/o-parlamento-galego-solicita-que-a-xunta-continue-estendendo-o-programa-xantar-na-casa-a-mais-concellos-e-mais-usuarios\/#breadcrumb"},"inLanguage":"es","potentialAction":[{"@type":"ReadAction","target":["https:\/\/ppdegalicia.com\/es\/o-parlamento-galego-solicita-que-a-xunta-continue-estendendo-o-programa-xantar-na-casa-a-mais-concellos-e-mais-usuarios\/"]}]},{"@type":"ImageObject","inLanguage":"es","@id":"https:\/\/ppdegalicia.com\/es\/o-parlamento-galego-solicita-que-a-xunta-continue-estendendo-o-programa-xantar-na-casa-a-mais-concellos-e-mais-usuarios\/#primaryimage","url":"https:\/\/ppdegalicia.com\/wp-content\/uploads\/2024\/07\/20240704_sin-titulo_DSC_0086-scaled.jpg","contentUrl":"https:\/\/ppdegalicia.com\/wp-content\/uploads\/2024\/07\/20240704_sin-titulo_DSC_0086-scaled.jpg","width":2560,"height":1707},{"@type":"BreadcrumbList","@id":"https:\/\/ppdegalicia.com\/es\/o-parlamento-galego-solicita-que-a-xunta-continue-estendendo-o-programa-xantar-na-casa-a-mais-concellos-e-mais-usuarios\/#breadcrumb","itemListElement":[{"@type":"ListItem","position":1,"name":"Portada","item":"https:\/\/ppdegalicia.com\/es\/"},{"@type":"ListItem","position":2,"name":"O Parlamento galego solicita que a Xunta contin\u00fae estendendo o programa Xantar na casa a m\u00e1is concellos e m\u00e1is usuarios"}]},{"@type":"WebSite","@id":"https:\/\/ppdegalicia.com\/es\/#website","url":"https:\/\/ppdegalicia.com\/es\/","name":"Partido Popular de Galicia","description":"Partido Popular de Galicia","publisher":{"@id":"https:\/\/ppdegalicia.com\/es\/#organization"},"alternateName":"PP de Galicia","potentialAction":[{"@type":"SearchAction","target":{"@type":"EntryPoint","urlTemplate":"https:\/\/ppdegalicia.com\/es\/?s={search_term_string}"},"query-input":{"@type":"PropertyValueSpecification","valueRequired":true,"valueName":"search_term_string"}}],"inLanguage":"es"},{"@type":"Organization","@id":"https:\/\/ppdegalicia.com\/es\/#organization","name":"Partido Popular de Galicia","alternateName":"PP de Galicia","url":"https:\/\/ppdegalicia.com\/es\/","logo":{"@type":"ImageObject","inLanguage":"es","@id":"https:\/\/ppdegalicia.com\/es\/#\/schema\/logo\/image\/","url":"https:\/\/ppdegalicia.com\/wp-content\/uploads\/2023\/04\/logoPP512.png","contentUrl":"https:\/\/ppdegalicia.com\/wp-content\/uploads\/2023\/04\/logoPP512.png","width":512,"height":512,"caption":"Partido Popular de Galicia"},"image":{"@id":"https:\/\/ppdegalicia.com\/es\/#\/schema\/logo\/image\/"},"sameAs":["https:\/\/www.instagram.com\/ppdegalicia\/","https:\/\/x.com\/ppdegalicia","https:\/\/www.tiktok.com\/@ppdegalicia","https:\/\/www.youtube.com\/user\/ppdegalicia"]},{"@type":"Person","@id":"https:\/\/ppdegalicia.com\/es\/#\/schema\/person\/bc9b46e59ebd34bf28611158c3867388","name":"ppdegaliciaedtis","image":{"@type":"ImageObject","inLanguage":"es","@id":"https:\/\/secure.gravatar.com\/avatar\/f9f8cf6e03df54a1b0d04a6b4b8e8c6bd63c10a439752e84d87a5385aefe2ced?s=96&d=mm&r=g","url":"https:\/\/secure.gravatar.com\/avatar\/f9f8cf6e03df54a1b0d04a6b4b8e8c6bd63c10a439752e84d87a5385aefe2ced?s=96&d=mm&r=g","contentUrl":"https:\/\/secure.gravatar.com\/avatar\/f9f8cf6e03df54a1b0d04a6b4b8e8c6bd63c10a439752e84d87a5385aefe2ced?s=96&d=mm&r=g","caption":"ppdegaliciaedtis"},"url":"https:\/\/ppdegalicia.com\/es\/author\/ppdegaliciaedits\/"}]}},"_links":{"self":[{"href":"https:\/\/ppdegalicia.com\/es\/wp-json\/wp\/v2\/posts\/63632","targetHints":{"allow":["GET"]}}],"collection":[{"href":"https:\/\/ppdegalicia.com\/es\/wp-json\/wp\/v2\/posts"}],"about":[{"href":"https:\/\/ppdegalicia.com\/es\/wp-json\/wp\/v2\/types\/post"}],"author":[{"embeddable":true,"href":"https:\/\/ppdegalicia.com\/es\/wp-json\/wp\/v2\/users\/40"}],"replies":[{"embeddable":true,"href":"https:\/\/ppdegalicia.com\/es\/wp-json\/wp\/v2\/comments?post=63632"}],"version-history":[{"count":1,"href":"https:\/\/ppdegalicia.com\/es\/wp-json\/wp\/v2\/posts\/63632\/revisions"}],"predecessor-version":[{"id":63635,"href":"https:\/\/ppdegalicia.com\/es\/wp-json\/wp\/v2\/posts\/63632\/revisions\/63635"}],"wp:featuredmedia":[{"embeddable":true,"href":"https:\/\/ppdegalicia.com\/es\/wp-json\/wp\/v2\/media\/63633"}],"wp:attachment":[{"href":"https:\/\/ppdegalicia.com\/es\/wp-json\/wp\/v2\/media?parent=63632"}],"wp:term":[{"taxonomy":"category","embeddable":true,"href":"https:\/\/ppdegalicia.com\/es\/wp-json\/wp\/v2\/categories?post=63632"},{"taxonomy":"post_tag","embeddable":true,"href":"https:\/\/ppdegalicia.com\/es\/wp-json\/wp\/v2\/tags?post=63632"}],"curies":[{"name":"wp","href":"https:\/\/api.w.org\/{rel}","templated":true}]}}