{"id":63944,"date":"2024-07-10T16:40:32","date_gmt":"2024-07-10T15:40:32","guid":{"rendered":"https:\/\/ppdegalicia.com\/?p=63944"},"modified":"2024-07-11T18:09:27","modified_gmt":"2024-07-11T17:09:27","slug":"o-parlamento-de-galicia-demanda-ao-goberno-de-espana-a-construcion-de-infraestruturas-viarias-vitais-para-galicia-e-a-reparacion-inmediata-das-autovias-e-estradas-de-titularidade-estatal","status":"publish","type":"post","link":"https:\/\/ppdegalicia.com\/es\/o-parlamento-de-galicia-demanda-ao-goberno-de-espana-a-construcion-de-infraestruturas-viarias-vitais-para-galicia-e-a-reparacion-inmediata-das-autovias-e-estradas-de-titularidade-estatal\/","title":{"rendered":"O Parlamento de Galicia demanda ao Goberno de Espa\u00f1a a construci\u00f3n de infraestruturas viarias vitais para Galicia e a reparaci\u00f3n inmediata das autov\u00edas e estradas de titularidade estatal"},"content":{"rendered":"<p>O Pleno do Parlamento de Galicia aprobou hoxe por unanimidade a proposici\u00f3n non de lei do Grupo Popular a trav\u00e9s da que se demanda ao Goberno de Espa\u00f1a a realizaci\u00f3n de infraestruturas viarias vitais para Galicia e a execuci\u00f3n inmediata das obras de reparaci\u00f3n necesarias para garantir a seguridade nas autov\u00edas e estradas de titularidade estatal na Comunidade galega.<\/p>\n<p>O portavoz popular de Infraestruturas, Roberto Rodr\u00edguez, lamentou que \u201co Goberno central leva anos deixando de lado o mantemento e o desenvolvemento das infraestruturas de comunicaci\u00f3n viaria en Galicia, acumulando atrasos e incumprimentos de prazos e de investimentos que se traducen nun agravio comparativo co resto das comunidades espa\u00f1olas\u201d.<\/p>\n<p><strong><u>SITUACI\u00d3N PREOCUPANTE<\/u><\/strong><\/p>\n<p>Neste sentido, considerou \u201cpreocupante\u201d a situaci\u00f3n na que se atopan as autoestradas e estradas de competencia estatal. En concreto, referiuse \u00e1s autov\u00edas\u00a0\u00a0\u00a0\u00a0\u00a0\u00a0 A-6 e A-52, para as que urxiu \u201cun reacondicionamento integral do seu firme, que d\u00eda a d\u00eda contin\u00faa co seu deterioro e prexudica aos usuarios da conexi\u00f3n de Galicia coa Meseta\u201d; e \u00e1 autov\u00eda A-8 de conexi\u00f3n coa cornixa cant\u00e1brica, \u201cque segue cos mesmos problemas de n\u00e9boa cos que naceu e seguen sen ter soluci\u00f3n\u201d.<\/p>\n<p>\u201cNon \u00e9 razoable que o \u00fanico anuncio do Goberno central en materia de conservaci\u00f3n de estradas foi un investimento de apenas 23 mill\u00f3ns de euros para actuar en menos do 10 por cento das estradas da s\u00faa titularidade en Galicia: 10,5 mill\u00f3ns de euros a repartir entre as provincias de A Coru\u00f1a e Lugo, e outros 12,6 mill\u00f3ns para as provincias de Ourense e Pontevedra\u201d, manifestou.<\/p>\n<p>A maiores desta necesidades de intervenci\u00f3n no mantemento e conservaci\u00f3n das autov\u00edas e estradas de titularidade estatal, Roberto Rodr\u00edguez tam\u00e9n criticou que o Goberno central leva anos acumulando incumprimentos en relaci\u00f3n \u00e1 execuci\u00f3n das novas infraestruturas viarias comprometidas por Galicia, especialmente aquelas que resultan vitais para a comunicaci\u00f3n coa Meseta e para a vertebraci\u00f3n interna do territorio galego: A-56; A-52, no acceso a Vigo; A-74 ou A-76.<\/p>\n<p><strong><u>EXEMPLO DA XUNTA<\/u><\/strong><\/p>\n<p>Para rematar, o portavoz popular animou ao Goberno central \u201ca tomar nota da li\u00f1a de acci\u00f3n da Xunta, que cada ano destina m\u00e1is de 50 mill\u00f3ns de euros para blindar a seguridade e eficiencia das estradas da s\u00faa competencia, convertendo a rede de estradas aut\u00f3nomica nun referente de conservaci\u00f3n\u201d.<\/p>\n<p>Ademais, apuntou que a Xunta destina cada ano outros 40 mill\u00f3ns de euros \u201cpara seguir incrementando os quil\u00f3metros de viarios de alta capacidade, cando o Estado levaba catro anos sen abrir un so quil\u00f3metro novo de autov\u00eda en Galicia, ata que a pasada semana inaugurou o Orbital de Santiago\u201d.<\/p>\n","protected":false},"excerpt":{"rendered":"<p>O Pleno do Parlamento de Galicia aprobou hoxe por unanimidade a proposici\u00f3n non de lei do Grupo Popular a trav\u00e9s da que se demanda ao Goberno de Espa\u00f1a a realizaci\u00f3n de infraestruturas viarias vitais para Galicia e a execuci\u00f3n inmediata das obras de reparaci\u00f3n necesarias para garantir a seguridade nas autov\u00edas e estradas de titularidade [&hellip;]<\/p>\n","protected":false},"author":40,"featured_media":63945,"comment_status":"closed","ping_status":"open","sticky":false,"template":"","format":"standard","meta":{"_acf_changed":false,"footnotes":""},"categories":[1128],"tags":[],"class_list":["post-63944","post","type-post","status-publish","format-standard","has-post-thumbnail","hentry","category-actualidad-parlamento-de-galicia"],"acf":[],"yoast_head":"<!-- This site is optimized with the Yoast SEO plugin v27.3 - https:\/\/yoast.com\/product\/yoast-seo-wordpress\/ -->\n<title>O Parlamento de Galicia demanda ao Goberno de Espa\u00f1a a construci\u00f3n de infraestruturas viarias vitais para Galicia e a reparaci\u00f3n inmediata das autov\u00edas e estradas de titularidade estatal - PP de Galicia<\/title>\n<meta name=\"description\" content=\"O Pleno do Parlamento de Galicia aprobou hoxe por unanimidade a proposici\u00f3n non de lei do Grupo Popular a trav\u00e9s da que se demanda ao Goberno de Espa\u00f1a a realizaci\u00f3n de infraestruturas viarias vitais para Galicia e a execuci\u00f3n inmediata das obras de reparaci\u00f3n necesarias para garantir a seguridade nas autov\u00edas e estradas de titularidade estatal na Comunidade galega.\" \/>\n<meta name=\"robots\" content=\"index, follow, max-snippet:-1, max-image-preview:large, max-video-preview:-1\" \/>\n<link rel=\"canonical\" href=\"https:\/\/ppdegalicia.com\/es\/o-parlamento-de-galicia-demanda-ao-goberno-de-espana-a-construcion-de-infraestruturas-viarias-vitais-para-galicia-e-a-reparacion-inmediata-das-autovias-e-estradas-de-titularidade-estatal\/\" \/>\n<meta property=\"og:locale\" content=\"es_ES\" \/>\n<meta property=\"og:type\" content=\"article\" \/>\n<meta property=\"og:title\" content=\"O Parlamento de Galicia demanda ao Goberno de Espa\u00f1a a construci\u00f3n de infraestruturas viarias vitais para Galicia e a reparaci\u00f3n inmediata das autov\u00edas e estradas de titularidade estatal - PP de Galicia\" \/>\n<meta property=\"og:description\" content=\"O Pleno do Parlamento de Galicia aprobou hoxe por unanimidade a proposici\u00f3n non de lei do Grupo Popular a trav\u00e9s da que se demanda ao Goberno de Espa\u00f1a a realizaci\u00f3n de infraestruturas viarias vitais para Galicia e a execuci\u00f3n inmediata das obras de reparaci\u00f3n necesarias para garantir a seguridade nas autov\u00edas e estradas de titularidade estatal na Comunidade galega.\" \/>\n<meta property=\"og:url\" content=\"https:\/\/ppdegalicia.com\/es\/o-parlamento-de-galicia-demanda-ao-goberno-de-espana-a-construcion-de-infraestruturas-viarias-vitais-para-galicia-e-a-reparacion-inmediata-das-autovias-e-estradas-de-titularidade-estatal\/\" \/>\n<meta property=\"og:site_name\" content=\"PP de Galicia\" \/>\n<meta property=\"article:publisher\" content=\"https:\/\/www.instagram.com\/ppdegalicia\/\" \/>\n<meta property=\"article:published_time\" content=\"2024-07-10T15:40:32+00:00\" \/>\n<meta property=\"article:modified_time\" content=\"2024-07-11T17:09:27+00:00\" \/>\n<meta property=\"og:image\" content=\"https:\/\/ppdegalicia.com\/wp-content\/uploads\/2024\/07\/Roberto-Rodriguez-no-Pleno-02-scaled.jpeg\" \/>\n\t<meta property=\"og:image:width\" content=\"2560\" \/>\n\t<meta property=\"og:image:height\" content=\"1706\" \/>\n\t<meta property=\"og:image:type\" content=\"image\/jpeg\" \/>\n<meta name=\"author\" content=\"ppdegaliciaedtis\" \/>\n<meta name=\"twitter:card\" content=\"summary_large_image\" \/>\n<meta name=\"twitter:creator\" content=\"@ppdegalicia\" \/>\n<meta name=\"twitter:site\" content=\"@ppdegalicia\" \/>\n<meta name=\"twitter:label1\" content=\"Escrito por\" \/>\n\t<meta name=\"twitter:data1\" content=\"ppdegaliciaedtis\" \/>\n\t<meta name=\"twitter:label2\" content=\"Tiempo de lectura\" \/>\n\t<meta name=\"twitter:data2\" content=\"3 minutos\" \/>\n<script type=\"application\/ld+json\" class=\"yoast-schema-graph\">{\"@context\":\"https:\\\/\\\/schema.org\",\"@graph\":[{\"@type\":\"Article\",\"@id\":\"https:\\\/\\\/ppdegalicia.com\\\/es\\\/o-parlamento-de-galicia-demanda-ao-goberno-de-espana-a-construcion-de-infraestruturas-viarias-vitais-para-galicia-e-a-reparacion-inmediata-das-autovias-e-estradas-de-titularidade-estatal\\\/#article\",\"isPartOf\":{\"@id\":\"https:\\\/\\\/ppdegalicia.com\\\/es\\\/o-parlamento-de-galicia-demanda-ao-goberno-de-espana-a-construcion-de-infraestruturas-viarias-vitais-para-galicia-e-a-reparacion-inmediata-das-autovias-e-estradas-de-titularidade-estatal\\\/\"},\"author\":{\"name\":\"ppdegaliciaedtis\",\"@id\":\"https:\\\/\\\/ppdegalicia.com\\\/es\\\/#\\\/schema\\\/person\\\/bc9b46e59ebd34bf28611158c3867388\"},\"headline\":\"O Parlamento de Galicia demanda ao Goberno de Espa\u00f1a a construci\u00f3n de infraestruturas viarias vitais para Galicia e a reparaci\u00f3n inmediata das autov\u00edas e estradas de titularidade estatal\",\"datePublished\":\"2024-07-10T15:40:32+00:00\",\"dateModified\":\"2024-07-11T17:09:27+00:00\",\"mainEntityOfPage\":{\"@id\":\"https:\\\/\\\/ppdegalicia.com\\\/es\\\/o-parlamento-de-galicia-demanda-ao-goberno-de-espana-a-construcion-de-infraestruturas-viarias-vitais-para-galicia-e-a-reparacion-inmediata-das-autovias-e-estradas-de-titularidade-estatal\\\/\"},\"wordCount\":492,\"publisher\":{\"@id\":\"https:\\\/\\\/ppdegalicia.com\\\/es\\\/#organization\"},\"image\":{\"@id\":\"https:\\\/\\\/ppdegalicia.com\\\/es\\\/o-parlamento-de-galicia-demanda-ao-goberno-de-espana-a-construcion-de-infraestruturas-viarias-vitais-para-galicia-e-a-reparacion-inmediata-das-autovias-e-estradas-de-titularidade-estatal\\\/#primaryimage\"},\"thumbnailUrl\":\"https:\\\/\\\/ppdegalicia.com\\\/wp-content\\\/uploads\\\/2024\\\/07\\\/Roberto-Rodriguez-no-Pleno-02-scaled.jpeg\",\"articleSection\":[\"Parlamento de Galicia\"],\"inLanguage\":\"es\"},{\"@type\":\"WebPage\",\"@id\":\"https:\\\/\\\/ppdegalicia.com\\\/es\\\/o-parlamento-de-galicia-demanda-ao-goberno-de-espana-a-construcion-de-infraestruturas-viarias-vitais-para-galicia-e-a-reparacion-inmediata-das-autovias-e-estradas-de-titularidade-estatal\\\/\",\"url\":\"https:\\\/\\\/ppdegalicia.com\\\/es\\\/o-parlamento-de-galicia-demanda-ao-goberno-de-espana-a-construcion-de-infraestruturas-viarias-vitais-para-galicia-e-a-reparacion-inmediata-das-autovias-e-estradas-de-titularidade-estatal\\\/\",\"name\":\"O Parlamento de Galicia demanda ao Goberno de Espa\u00f1a a construci\u00f3n de infraestruturas viarias vitais para Galicia e a reparaci\u00f3n inmediata das autov\u00edas e estradas de titularidade estatal - PP de Galicia\",\"isPartOf\":{\"@id\":\"https:\\\/\\\/ppdegalicia.com\\\/es\\\/#website\"},\"primaryImageOfPage\":{\"@id\":\"https:\\\/\\\/ppdegalicia.com\\\/es\\\/o-parlamento-de-galicia-demanda-ao-goberno-de-espana-a-construcion-de-infraestruturas-viarias-vitais-para-galicia-e-a-reparacion-inmediata-das-autovias-e-estradas-de-titularidade-estatal\\\/#primaryimage\"},\"image\":{\"@id\":\"https:\\\/\\\/ppdegalicia.com\\\/es\\\/o-parlamento-de-galicia-demanda-ao-goberno-de-espana-a-construcion-de-infraestruturas-viarias-vitais-para-galicia-e-a-reparacion-inmediata-das-autovias-e-estradas-de-titularidade-estatal\\\/#primaryimage\"},\"thumbnailUrl\":\"https:\\\/\\\/ppdegalicia.com\\\/wp-content\\\/uploads\\\/2024\\\/07\\\/Roberto-Rodriguez-no-Pleno-02-scaled.jpeg\",\"datePublished\":\"2024-07-10T15:40:32+00:00\",\"dateModified\":\"2024-07-11T17:09:27+00:00\",\"description\":\"O Pleno do Parlamento de Galicia aprobou hoxe por unanimidade a proposici\u00f3n non de lei do Grupo Popular a trav\u00e9s da que se demanda ao Goberno de Espa\u00f1a a realizaci\u00f3n de infraestruturas viarias vitais para Galicia e a execuci\u00f3n inmediata das obras de reparaci\u00f3n necesarias para garantir a seguridade nas autov\u00edas e estradas de titularidade estatal na Comunidade galega.\",\"breadcrumb\":{\"@id\":\"https:\\\/\\\/ppdegalicia.com\\\/es\\\/o-parlamento-de-galicia-demanda-ao-goberno-de-espana-a-construcion-de-infraestruturas-viarias-vitais-para-galicia-e-a-reparacion-inmediata-das-autovias-e-estradas-de-titularidade-estatal\\\/#breadcrumb\"},\"inLanguage\":\"es\",\"potentialAction\":[{\"@type\":\"ReadAction\",\"target\":[\"https:\\\/\\\/ppdegalicia.com\\\/es\\\/o-parlamento-de-galicia-demanda-ao-goberno-de-espana-a-construcion-de-infraestruturas-viarias-vitais-para-galicia-e-a-reparacion-inmediata-das-autovias-e-estradas-de-titularidade-estatal\\\/\"]}]},{\"@type\":\"ImageObject\",\"inLanguage\":\"es\",\"@id\":\"https:\\\/\\\/ppdegalicia.com\\\/es\\\/o-parlamento-de-galicia-demanda-ao-goberno-de-espana-a-construcion-de-infraestruturas-viarias-vitais-para-galicia-e-a-reparacion-inmediata-das-autovias-e-estradas-de-titularidade-estatal\\\/#primaryimage\",\"url\":\"https:\\\/\\\/ppdegalicia.com\\\/wp-content\\\/uploads\\\/2024\\\/07\\\/Roberto-Rodriguez-no-Pleno-02-scaled.jpeg\",\"contentUrl\":\"https:\\\/\\\/ppdegalicia.com\\\/wp-content\\\/uploads\\\/2024\\\/07\\\/Roberto-Rodriguez-no-Pleno-02-scaled.jpeg\",\"width\":2560,\"height\":1706},{\"@type\":\"BreadcrumbList\",\"@id\":\"https:\\\/\\\/ppdegalicia.com\\\/es\\\/o-parlamento-de-galicia-demanda-ao-goberno-de-espana-a-construcion-de-infraestruturas-viarias-vitais-para-galicia-e-a-reparacion-inmediata-das-autovias-e-estradas-de-titularidade-estatal\\\/#breadcrumb\",\"itemListElement\":[{\"@type\":\"ListItem\",\"position\":1,\"name\":\"Portada\",\"item\":\"https:\\\/\\\/ppdegalicia.com\\\/es\\\/\"},{\"@type\":\"ListItem\",\"position\":2,\"name\":\"O Parlamento de Galicia demanda ao Goberno de Espa\u00f1a a construci\u00f3n de infraestruturas viarias vitais para Galicia e a reparaci\u00f3n inmediata das autov\u00edas e estradas de titularidade estatal\"}]},{\"@type\":\"WebSite\",\"@id\":\"https:\\\/\\\/ppdegalicia.com\\\/es\\\/#website\",\"url\":\"https:\\\/\\\/ppdegalicia.com\\\/es\\\/\",\"name\":\"Partido Popular de Galicia\",\"description\":\"Partido Popular de Galicia\",\"publisher\":{\"@id\":\"https:\\\/\\\/ppdegalicia.com\\\/es\\\/#organization\"},\"alternateName\":\"PP de Galicia\",\"potentialAction\":[{\"@type\":\"SearchAction\",\"target\":{\"@type\":\"EntryPoint\",\"urlTemplate\":\"https:\\\/\\\/ppdegalicia.com\\\/es\\\/?s={search_term_string}\"},\"query-input\":{\"@type\":\"PropertyValueSpecification\",\"valueRequired\":true,\"valueName\":\"search_term_string\"}}],\"inLanguage\":\"es\"},{\"@type\":\"Organization\",\"@id\":\"https:\\\/\\\/ppdegalicia.com\\\/es\\\/#organization\",\"name\":\"Partido Popular de Galicia\",\"alternateName\":\"PP de Galicia\",\"url\":\"https:\\\/\\\/ppdegalicia.com\\\/es\\\/\",\"logo\":{\"@type\":\"ImageObject\",\"inLanguage\":\"es\",\"@id\":\"https:\\\/\\\/ppdegalicia.com\\\/es\\\/#\\\/schema\\\/logo\\\/image\\\/\",\"url\":\"https:\\\/\\\/ppdegalicia.com\\\/wp-content\\\/uploads\\\/2023\\\/04\\\/logoPP512.png\",\"contentUrl\":\"https:\\\/\\\/ppdegalicia.com\\\/wp-content\\\/uploads\\\/2023\\\/04\\\/logoPP512.png\",\"width\":512,\"height\":512,\"caption\":\"Partido Popular de Galicia\"},\"image\":{\"@id\":\"https:\\\/\\\/ppdegalicia.com\\\/es\\\/#\\\/schema\\\/logo\\\/image\\\/\"},\"sameAs\":[\"https:\\\/\\\/www.instagram.com\\\/ppdegalicia\\\/\",\"https:\\\/\\\/x.com\\\/ppdegalicia\",\"https:\\\/\\\/www.tiktok.com\\\/@ppdegalicia\",\"https:\\\/\\\/www.youtube.com\\\/user\\\/ppdegalicia\"]},{\"@type\":\"Person\",\"@id\":\"https:\\\/\\\/ppdegalicia.com\\\/es\\\/#\\\/schema\\\/person\\\/bc9b46e59ebd34bf28611158c3867388\",\"name\":\"ppdegaliciaedtis\",\"image\":{\"@type\":\"ImageObject\",\"inLanguage\":\"es\",\"@id\":\"https:\\\/\\\/secure.gravatar.com\\\/avatar\\\/f9f8cf6e03df54a1b0d04a6b4b8e8c6bd63c10a439752e84d87a5385aefe2ced?s=96&d=mm&r=g\",\"url\":\"https:\\\/\\\/secure.gravatar.com\\\/avatar\\\/f9f8cf6e03df54a1b0d04a6b4b8e8c6bd63c10a439752e84d87a5385aefe2ced?s=96&d=mm&r=g\",\"contentUrl\":\"https:\\\/\\\/secure.gravatar.com\\\/avatar\\\/f9f8cf6e03df54a1b0d04a6b4b8e8c6bd63c10a439752e84d87a5385aefe2ced?s=96&d=mm&r=g\",\"caption\":\"ppdegaliciaedtis\"},\"url\":\"https:\\\/\\\/ppdegalicia.com\\\/es\\\/author\\\/ppdegaliciaedits\\\/\"}]}<\/script>\n<!-- \/ Yoast SEO plugin. -->","yoast_head_json":{"title":"O Parlamento de Galicia demanda ao Goberno de Espa\u00f1a a construci\u00f3n de infraestruturas viarias vitais para Galicia e a reparaci\u00f3n inmediata das autov\u00edas e estradas de titularidade estatal - PP de Galicia","description":"O Pleno do Parlamento de Galicia aprobou hoxe por unanimidade a proposici\u00f3n non de lei do Grupo Popular a trav\u00e9s da que se demanda ao Goberno de Espa\u00f1a a realizaci\u00f3n de infraestruturas viarias vitais para Galicia e a execuci\u00f3n inmediata das obras de reparaci\u00f3n necesarias para garantir a seguridade nas autov\u00edas e estradas de titularidade estatal na Comunidade galega.","robots":{"index":"index","follow":"follow","max-snippet":"max-snippet:-1","max-image-preview":"max-image-preview:large","max-video-preview":"max-video-preview:-1"},"canonical":"https:\/\/ppdegalicia.com\/es\/o-parlamento-de-galicia-demanda-ao-goberno-de-espana-a-construcion-de-infraestruturas-viarias-vitais-para-galicia-e-a-reparacion-inmediata-das-autovias-e-estradas-de-titularidade-estatal\/","og_locale":"es_ES","og_type":"article","og_title":"O Parlamento de Galicia demanda ao Goberno de Espa\u00f1a a construci\u00f3n de infraestruturas viarias vitais para Galicia e a reparaci\u00f3n inmediata das autov\u00edas e estradas de titularidade estatal - PP de Galicia","og_description":"O Pleno do Parlamento de Galicia aprobou hoxe por unanimidade a proposici\u00f3n non de lei do Grupo Popular a trav\u00e9s da que se demanda ao Goberno de Espa\u00f1a a realizaci\u00f3n de infraestruturas viarias vitais para Galicia e a execuci\u00f3n inmediata das obras de reparaci\u00f3n necesarias para garantir a seguridade nas autov\u00edas e estradas de titularidade estatal na Comunidade galega.","og_url":"https:\/\/ppdegalicia.com\/es\/o-parlamento-de-galicia-demanda-ao-goberno-de-espana-a-construcion-de-infraestruturas-viarias-vitais-para-galicia-e-a-reparacion-inmediata-das-autovias-e-estradas-de-titularidade-estatal\/","og_site_name":"PP de Galicia","article_publisher":"https:\/\/www.instagram.com\/ppdegalicia\/","article_published_time":"2024-07-10T15:40:32+00:00","article_modified_time":"2024-07-11T17:09:27+00:00","og_image":[{"width":2560,"height":1706,"url":"https:\/\/ppdegalicia.com\/wp-content\/uploads\/2024\/07\/Roberto-Rodriguez-no-Pleno-02-scaled.jpeg","type":"image\/jpeg"}],"author":"ppdegaliciaedtis","twitter_card":"summary_large_image","twitter_creator":"@ppdegalicia","twitter_site":"@ppdegalicia","twitter_misc":{"Escrito por":"ppdegaliciaedtis","Tiempo de lectura":"3 minutos"},"schema":{"@context":"https:\/\/schema.org","@graph":[{"@type":"Article","@id":"https:\/\/ppdegalicia.com\/es\/o-parlamento-de-galicia-demanda-ao-goberno-de-espana-a-construcion-de-infraestruturas-viarias-vitais-para-galicia-e-a-reparacion-inmediata-das-autovias-e-estradas-de-titularidade-estatal\/#article","isPartOf":{"@id":"https:\/\/ppdegalicia.com\/es\/o-parlamento-de-galicia-demanda-ao-goberno-de-espana-a-construcion-de-infraestruturas-viarias-vitais-para-galicia-e-a-reparacion-inmediata-das-autovias-e-estradas-de-titularidade-estatal\/"},"author":{"name":"ppdegaliciaedtis","@id":"https:\/\/ppdegalicia.com\/es\/#\/schema\/person\/bc9b46e59ebd34bf28611158c3867388"},"headline":"O Parlamento de Galicia demanda ao Goberno de Espa\u00f1a a construci\u00f3n de infraestruturas viarias vitais para Galicia e a reparaci\u00f3n inmediata das autov\u00edas e estradas de titularidade estatal","datePublished":"2024-07-10T15:40:32+00:00","dateModified":"2024-07-11T17:09:27+00:00","mainEntityOfPage":{"@id":"https:\/\/ppdegalicia.com\/es\/o-parlamento-de-galicia-demanda-ao-goberno-de-espana-a-construcion-de-infraestruturas-viarias-vitais-para-galicia-e-a-reparacion-inmediata-das-autovias-e-estradas-de-titularidade-estatal\/"},"wordCount":492,"publisher":{"@id":"https:\/\/ppdegalicia.com\/es\/#organization"},"image":{"@id":"https:\/\/ppdegalicia.com\/es\/o-parlamento-de-galicia-demanda-ao-goberno-de-espana-a-construcion-de-infraestruturas-viarias-vitais-para-galicia-e-a-reparacion-inmediata-das-autovias-e-estradas-de-titularidade-estatal\/#primaryimage"},"thumbnailUrl":"https:\/\/ppdegalicia.com\/wp-content\/uploads\/2024\/07\/Roberto-Rodriguez-no-Pleno-02-scaled.jpeg","articleSection":["Parlamento de Galicia"],"inLanguage":"es"},{"@type":"WebPage","@id":"https:\/\/ppdegalicia.com\/es\/o-parlamento-de-galicia-demanda-ao-goberno-de-espana-a-construcion-de-infraestruturas-viarias-vitais-para-galicia-e-a-reparacion-inmediata-das-autovias-e-estradas-de-titularidade-estatal\/","url":"https:\/\/ppdegalicia.com\/es\/o-parlamento-de-galicia-demanda-ao-goberno-de-espana-a-construcion-de-infraestruturas-viarias-vitais-para-galicia-e-a-reparacion-inmediata-das-autovias-e-estradas-de-titularidade-estatal\/","name":"O Parlamento de Galicia demanda ao Goberno de Espa\u00f1a a construci\u00f3n de infraestruturas viarias vitais para Galicia e a reparaci\u00f3n inmediata das autov\u00edas e estradas de titularidade estatal - PP de Galicia","isPartOf":{"@id":"https:\/\/ppdegalicia.com\/es\/#website"},"primaryImageOfPage":{"@id":"https:\/\/ppdegalicia.com\/es\/o-parlamento-de-galicia-demanda-ao-goberno-de-espana-a-construcion-de-infraestruturas-viarias-vitais-para-galicia-e-a-reparacion-inmediata-das-autovias-e-estradas-de-titularidade-estatal\/#primaryimage"},"image":{"@id":"https:\/\/ppdegalicia.com\/es\/o-parlamento-de-galicia-demanda-ao-goberno-de-espana-a-construcion-de-infraestruturas-viarias-vitais-para-galicia-e-a-reparacion-inmediata-das-autovias-e-estradas-de-titularidade-estatal\/#primaryimage"},"thumbnailUrl":"https:\/\/ppdegalicia.com\/wp-content\/uploads\/2024\/07\/Roberto-Rodriguez-no-Pleno-02-scaled.jpeg","datePublished":"2024-07-10T15:40:32+00:00","dateModified":"2024-07-11T17:09:27+00:00","description":"O Pleno do Parlamento de Galicia aprobou hoxe por unanimidade a proposici\u00f3n non de lei do Grupo Popular a trav\u00e9s da que se demanda ao Goberno de Espa\u00f1a a realizaci\u00f3n de infraestruturas viarias vitais para Galicia e a execuci\u00f3n inmediata das obras de reparaci\u00f3n necesarias para garantir a seguridade nas autov\u00edas e estradas de titularidade estatal na Comunidade galega.","breadcrumb":{"@id":"https:\/\/ppdegalicia.com\/es\/o-parlamento-de-galicia-demanda-ao-goberno-de-espana-a-construcion-de-infraestruturas-viarias-vitais-para-galicia-e-a-reparacion-inmediata-das-autovias-e-estradas-de-titularidade-estatal\/#breadcrumb"},"inLanguage":"es","potentialAction":[{"@type":"ReadAction","target":["https:\/\/ppdegalicia.com\/es\/o-parlamento-de-galicia-demanda-ao-goberno-de-espana-a-construcion-de-infraestruturas-viarias-vitais-para-galicia-e-a-reparacion-inmediata-das-autovias-e-estradas-de-titularidade-estatal\/"]}]},{"@type":"ImageObject","inLanguage":"es","@id":"https:\/\/ppdegalicia.com\/es\/o-parlamento-de-galicia-demanda-ao-goberno-de-espana-a-construcion-de-infraestruturas-viarias-vitais-para-galicia-e-a-reparacion-inmediata-das-autovias-e-estradas-de-titularidade-estatal\/#primaryimage","url":"https:\/\/ppdegalicia.com\/wp-content\/uploads\/2024\/07\/Roberto-Rodriguez-no-Pleno-02-scaled.jpeg","contentUrl":"https:\/\/ppdegalicia.com\/wp-content\/uploads\/2024\/07\/Roberto-Rodriguez-no-Pleno-02-scaled.jpeg","width":2560,"height":1706},{"@type":"BreadcrumbList","@id":"https:\/\/ppdegalicia.com\/es\/o-parlamento-de-galicia-demanda-ao-goberno-de-espana-a-construcion-de-infraestruturas-viarias-vitais-para-galicia-e-a-reparacion-inmediata-das-autovias-e-estradas-de-titularidade-estatal\/#breadcrumb","itemListElement":[{"@type":"ListItem","position":1,"name":"Portada","item":"https:\/\/ppdegalicia.com\/es\/"},{"@type":"ListItem","position":2,"name":"O Parlamento de Galicia demanda ao Goberno de Espa\u00f1a a construci\u00f3n de infraestruturas viarias vitais para Galicia e a reparaci\u00f3n inmediata das autov\u00edas e estradas de titularidade estatal"}]},{"@type":"WebSite","@id":"https:\/\/ppdegalicia.com\/es\/#website","url":"https:\/\/ppdegalicia.com\/es\/","name":"Partido Popular de Galicia","description":"Partido Popular de Galicia","publisher":{"@id":"https:\/\/ppdegalicia.com\/es\/#organization"},"alternateName":"PP de Galicia","potentialAction":[{"@type":"SearchAction","target":{"@type":"EntryPoint","urlTemplate":"https:\/\/ppdegalicia.com\/es\/?s={search_term_string}"},"query-input":{"@type":"PropertyValueSpecification","valueRequired":true,"valueName":"search_term_string"}}],"inLanguage":"es"},{"@type":"Organization","@id":"https:\/\/ppdegalicia.com\/es\/#organization","name":"Partido Popular de Galicia","alternateName":"PP de Galicia","url":"https:\/\/ppdegalicia.com\/es\/","logo":{"@type":"ImageObject","inLanguage":"es","@id":"https:\/\/ppdegalicia.com\/es\/#\/schema\/logo\/image\/","url":"https:\/\/ppdegalicia.com\/wp-content\/uploads\/2023\/04\/logoPP512.png","contentUrl":"https:\/\/ppdegalicia.com\/wp-content\/uploads\/2023\/04\/logoPP512.png","width":512,"height":512,"caption":"Partido Popular de Galicia"},"image":{"@id":"https:\/\/ppdegalicia.com\/es\/#\/schema\/logo\/image\/"},"sameAs":["https:\/\/www.instagram.com\/ppdegalicia\/","https:\/\/x.com\/ppdegalicia","https:\/\/www.tiktok.com\/@ppdegalicia","https:\/\/www.youtube.com\/user\/ppdegalicia"]},{"@type":"Person","@id":"https:\/\/ppdegalicia.com\/es\/#\/schema\/person\/bc9b46e59ebd34bf28611158c3867388","name":"ppdegaliciaedtis","image":{"@type":"ImageObject","inLanguage":"es","@id":"https:\/\/secure.gravatar.com\/avatar\/f9f8cf6e03df54a1b0d04a6b4b8e8c6bd63c10a439752e84d87a5385aefe2ced?s=96&d=mm&r=g","url":"https:\/\/secure.gravatar.com\/avatar\/f9f8cf6e03df54a1b0d04a6b4b8e8c6bd63c10a439752e84d87a5385aefe2ced?s=96&d=mm&r=g","contentUrl":"https:\/\/secure.gravatar.com\/avatar\/f9f8cf6e03df54a1b0d04a6b4b8e8c6bd63c10a439752e84d87a5385aefe2ced?s=96&d=mm&r=g","caption":"ppdegaliciaedtis"},"url":"https:\/\/ppdegalicia.com\/es\/author\/ppdegaliciaedits\/"}]}},"_links":{"self":[{"href":"https:\/\/ppdegalicia.com\/es\/wp-json\/wp\/v2\/posts\/63944","targetHints":{"allow":["GET"]}}],"collection":[{"href":"https:\/\/ppdegalicia.com\/es\/wp-json\/wp\/v2\/posts"}],"about":[{"href":"https:\/\/ppdegalicia.com\/es\/wp-json\/wp\/v2\/types\/post"}],"author":[{"embeddable":true,"href":"https:\/\/ppdegalicia.com\/es\/wp-json\/wp\/v2\/users\/40"}],"replies":[{"embeddable":true,"href":"https:\/\/ppdegalicia.com\/es\/wp-json\/wp\/v2\/comments?post=63944"}],"version-history":[{"count":1,"href":"https:\/\/ppdegalicia.com\/es\/wp-json\/wp\/v2\/posts\/63944\/revisions"}],"predecessor-version":[{"id":63947,"href":"https:\/\/ppdegalicia.com\/es\/wp-json\/wp\/v2\/posts\/63944\/revisions\/63947"}],"wp:featuredmedia":[{"embeddable":true,"href":"https:\/\/ppdegalicia.com\/es\/wp-json\/wp\/v2\/media\/63945"}],"wp:attachment":[{"href":"https:\/\/ppdegalicia.com\/es\/wp-json\/wp\/v2\/media?parent=63944"}],"wp:term":[{"taxonomy":"category","embeddable":true,"href":"https:\/\/ppdegalicia.com\/es\/wp-json\/wp\/v2\/categories?post=63944"},{"taxonomy":"post_tag","embeddable":true,"href":"https:\/\/ppdegalicia.com\/es\/wp-json\/wp\/v2\/tags?post=63944"}],"curies":[{"name":"wp","href":"https:\/\/api.w.org\/{rel}","templated":true}]}}