{"id":63952,"date":"2024-07-10T17:42:44","date_gmt":"2024-07-10T16:42:44","guid":{"rendered":"https:\/\/ppdegalicia.com\/?p=63952"},"modified":"2024-07-11T18:15:20","modified_gmt":"2024-07-11T17:15:20","slug":"o-grupo-popular-asegura-que-sogama-mantera-a-media-do-canon-de-2023-aos-concellos-adscritos","status":"publish","type":"post","link":"https:\/\/ppdegalicia.com\/es\/o-grupo-popular-asegura-que-sogama-mantera-a-media-do-canon-de-2023-aos-concellos-adscritos\/","title":{"rendered":"O Grupo Popular asegura que SOGAMA manter\u00e1 a media do canon de 2023 aos concellos adscritos"},"content":{"rendered":"<p>O deputado do Grupo Popular Roberto Rodr\u00edguez asegurou hoxe no Pleno do Parlamento galego que SOGAMA manter\u00e1 de media o mesmo canon do ano 2023, fixado en 66 euros por tonelada, aos concellos adscritos a esta empresa p\u00fablica, de xeito que lles repercutir\u00e1 unha cont\u00eda moito menor que o custo real que ten o servizo, que rolda os 120 euros.<\/p>\n<p>Roberto Rodr\u00edguez explicou que a empresa p\u00fablica SOGAMA asumiu no \u00faltimo ano e medio un sobrecusto de 39 euros por tonelada pola xesti\u00f3n dos residuos urbanos que recibe procedentes de 295 concellos galegos provocado por decisi\u00f3ns unilaterais adoptadas polo Goberno de Pedro S\u00e1nchez: a aplicaci\u00f3n, desde o mes de xaneiro de 2023, do imposto estatal sobre vertido e incineraci\u00f3n, que supuxo 9 mill\u00f3ns de euros de sobrecusto; a orde ministerial, de xullo de 2023, que elimina a retribuci\u00f3n que Galicia recib\u00eda pola planta termoel\u00e9ctrica de Cerceda, pese a que ti\u00f1a dereito a percibila ata 2026 e que tivo un sobrecusto para as arcas galegas de 9,8 mill\u00f3ns de euros; e o imposto estatal de produci\u00f3n de enerx\u00eda, que conlevou unha suba dun 7 por cento.<\/p>\n<p><strong><u>SEN ALEGACI\u00d3NS DOS CONCELLOS<\/u><\/strong><\/p>\n<p>\u201cNin a Fegamp nin a FEMP alegaron no seu momento contra esta suba provocada polas decisi\u00f3ns do Goberno central, pero agora esixen o mantemento das bonificaci\u00f3ns e anuncian alegaci\u00f3ns \u00e1 decisi\u00f3n de SOGAMA\u201d, indicou o deputado popular, quen lamentou que \u201calegar\u00e1n exclu\u00edndo deliberadamente do debate aos 150 concellos gobernados polo Partido Popular, m\u00e1is que BNG e PSdeG xuntos pese aos seus pactos de perdedores\u201d.<\/p>\n<p>O resultado destas decisi\u00f3ns aleatorias do Goberno de Pedro S\u00e1nchez foi un encarecemento do custo do servizo que presta SOGAMA en 21,9 mill\u00f3ns de euros no ano 2023, \u201ca pesar de que a tendencia a nivel europeo est\u00e1 a ser a de aprobar unha moratoria \u00e1 aplicaci\u00f3n do imposto sobre incineraci\u00f3n porque est\u00e1 a producir efectos contrarios aos pretendidos, xerando maior cantidade de refugallo e obstaculizando a produci\u00f3n de electricidade barata, aut\u00f3ctona, fiable e neutra\u201d, apuntou.<\/p>\n<p>Diante desta situaci\u00f3n, Roberto Rodr\u00edguez salientou que a Xunta \u201cfar\u00e1 un esforzo supletorio para causar o menor impacto posible das medidas do Goberno de Pedro S\u00e1nchez no peto dos galegos: realizar\u00e1 unha aportaci\u00f3n extra de 12 euros por tonelada a trav\u00e9s do fondo de cooperaci\u00f3n local\u201d. Deste xeito, subli\u00f1ou que, a\u00ednda coa actualizaci\u00f3n proposta por SOGAMA, o canon medio para 2024 seguir\u00e1 sendo o m\u00e1is barato de Espa\u00f1a.<\/p>\n<p>\u201cSOGAMA viuse penalizada polo Goberno socialista fronte a plantas menos eficientes nas que, sobre o papel, se valoriza todo o material recibido, como Nosti\u00e1n ou Serra do Barbanza, que apostan polo modelo h\u00famido-seco, en extinci\u00f3n xa que \u00e9 contrario \u00e1s directrices europeas e que, ademais, resulta notablemente m\u00e1is custoso para os concellos\u201d, rematou.<\/p>\n","protected":false},"excerpt":{"rendered":"<p>O deputado do Grupo Popular Roberto Rodr\u00edguez asegurou hoxe no Pleno do Parlamento galego que SOGAMA manter\u00e1 de media o mesmo canon do ano 2023, fixado en 66 euros por tonelada, aos concellos adscritos a esta empresa p\u00fablica, de xeito que lles repercutir\u00e1 unha cont\u00eda moito menor que o custo real que ten o servizo, [&hellip;]<\/p>\n","protected":false},"author":40,"featured_media":63953,"comment_status":"closed","ping_status":"open","sticky":false,"template":"","format":"standard","meta":{"_acf_changed":false,"footnotes":""},"categories":[1128],"tags":[],"class_list":["post-63952","post","type-post","status-publish","format-standard","has-post-thumbnail","hentry","category-actualidad-parlamento-de-galicia"],"acf":[],"yoast_head":"<!-- This site is optimized with the Yoast SEO plugin v27.3 - https:\/\/yoast.com\/product\/yoast-seo-wordpress\/ -->\n<title>O Grupo Popular asegura que SOGAMA manter\u00e1 a media do canon de 2023 aos concellos adscritos - PP de Galicia<\/title>\n<meta name=\"description\" content=\"O deputado do Grupo Popular Roberto Rodr\u00edguez asegurou hoxe no Pleno do Parlamento galego que SOGAMA manter\u00e1 de media o mesmo canon do ano 2023, fixado en 66 euros por tonelada, aos concellos adscritos a esta empresa p\u00fablica, de xeito que lles repercutir\u00e1 unha cont\u00eda moito menor que o custo real que ten o servizo, que rolda os 120 euros.\" \/>\n<meta name=\"robots\" content=\"index, follow, max-snippet:-1, max-image-preview:large, max-video-preview:-1\" \/>\n<link rel=\"canonical\" href=\"https:\/\/ppdegalicia.com\/es\/o-grupo-popular-asegura-que-sogama-mantera-a-media-do-canon-de-2023-aos-concellos-adscritos\/\" \/>\n<meta property=\"og:locale\" content=\"es_ES\" \/>\n<meta property=\"og:type\" content=\"article\" \/>\n<meta property=\"og:title\" content=\"O Grupo Popular asegura que SOGAMA manter\u00e1 a media do canon de 2023 aos concellos adscritos - PP de Galicia\" \/>\n<meta property=\"og:description\" content=\"O deputado do Grupo Popular Roberto Rodr\u00edguez asegurou hoxe no Pleno do Parlamento galego que SOGAMA manter\u00e1 de media o mesmo canon do ano 2023, fixado en 66 euros por tonelada, aos concellos adscritos a esta empresa p\u00fablica, de xeito que lles repercutir\u00e1 unha cont\u00eda moito menor que o custo real que ten o servizo, que rolda os 120 euros.\" \/>\n<meta property=\"og:url\" content=\"https:\/\/ppdegalicia.com\/es\/o-grupo-popular-asegura-que-sogama-mantera-a-media-do-canon-de-2023-aos-concellos-adscritos\/\" \/>\n<meta property=\"og:site_name\" content=\"PP de Galicia\" \/>\n<meta property=\"article:publisher\" content=\"https:\/\/www.instagram.com\/ppdegalicia\/\" \/>\n<meta property=\"article:published_time\" content=\"2024-07-10T16:42:44+00:00\" \/>\n<meta property=\"article:modified_time\" content=\"2024-07-11T17:15:20+00:00\" \/>\n<meta property=\"og:image\" content=\"https:\/\/ppdegalicia.com\/wp-content\/uploads\/2024\/07\/20240710_Pleno_ordinario15-scaled.jpg\" \/>\n\t<meta property=\"og:image:width\" content=\"2560\" \/>\n\t<meta property=\"og:image:height\" content=\"1707\" \/>\n\t<meta property=\"og:image:type\" content=\"image\/jpeg\" \/>\n<meta name=\"author\" content=\"ppdegaliciaedtis\" \/>\n<meta name=\"twitter:card\" content=\"summary_large_image\" \/>\n<meta name=\"twitter:creator\" content=\"@ppdegalicia\" \/>\n<meta name=\"twitter:site\" content=\"@ppdegalicia\" \/>\n<meta name=\"twitter:label1\" content=\"Escrito por\" \/>\n\t<meta name=\"twitter:data1\" content=\"ppdegaliciaedtis\" \/>\n\t<meta name=\"twitter:label2\" content=\"Tiempo de lectura\" \/>\n\t<meta name=\"twitter:data2\" content=\"3 minutos\" \/>\n<script type=\"application\/ld+json\" class=\"yoast-schema-graph\">{\"@context\":\"https:\\\/\\\/schema.org\",\"@graph\":[{\"@type\":\"Article\",\"@id\":\"https:\\\/\\\/ppdegalicia.com\\\/es\\\/o-grupo-popular-asegura-que-sogama-mantera-a-media-do-canon-de-2023-aos-concellos-adscritos\\\/#article\",\"isPartOf\":{\"@id\":\"https:\\\/\\\/ppdegalicia.com\\\/es\\\/o-grupo-popular-asegura-que-sogama-mantera-a-media-do-canon-de-2023-aos-concellos-adscritos\\\/\"},\"author\":{\"name\":\"ppdegaliciaedtis\",\"@id\":\"https:\\\/\\\/ppdegalicia.com\\\/es\\\/#\\\/schema\\\/person\\\/bc9b46e59ebd34bf28611158c3867388\"},\"headline\":\"O Grupo Popular asegura que SOGAMA manter\u00e1 a media do canon de 2023 aos concellos adscritos\",\"datePublished\":\"2024-07-10T16:42:44+00:00\",\"dateModified\":\"2024-07-11T17:15:20+00:00\",\"mainEntityOfPage\":{\"@id\":\"https:\\\/\\\/ppdegalicia.com\\\/es\\\/o-grupo-popular-asegura-que-sogama-mantera-a-media-do-canon-de-2023-aos-concellos-adscritos\\\/\"},\"wordCount\":494,\"publisher\":{\"@id\":\"https:\\\/\\\/ppdegalicia.com\\\/es\\\/#organization\"},\"image\":{\"@id\":\"https:\\\/\\\/ppdegalicia.com\\\/es\\\/o-grupo-popular-asegura-que-sogama-mantera-a-media-do-canon-de-2023-aos-concellos-adscritos\\\/#primaryimage\"},\"thumbnailUrl\":\"https:\\\/\\\/ppdegalicia.com\\\/wp-content\\\/uploads\\\/2024\\\/07\\\/20240710_Pleno_ordinario15-scaled.jpg\",\"articleSection\":[\"Parlamento de Galicia\"],\"inLanguage\":\"es\"},{\"@type\":\"WebPage\",\"@id\":\"https:\\\/\\\/ppdegalicia.com\\\/es\\\/o-grupo-popular-asegura-que-sogama-mantera-a-media-do-canon-de-2023-aos-concellos-adscritos\\\/\",\"url\":\"https:\\\/\\\/ppdegalicia.com\\\/es\\\/o-grupo-popular-asegura-que-sogama-mantera-a-media-do-canon-de-2023-aos-concellos-adscritos\\\/\",\"name\":\"O Grupo Popular asegura que SOGAMA manter\u00e1 a media do canon de 2023 aos concellos adscritos - PP de Galicia\",\"isPartOf\":{\"@id\":\"https:\\\/\\\/ppdegalicia.com\\\/es\\\/#website\"},\"primaryImageOfPage\":{\"@id\":\"https:\\\/\\\/ppdegalicia.com\\\/es\\\/o-grupo-popular-asegura-que-sogama-mantera-a-media-do-canon-de-2023-aos-concellos-adscritos\\\/#primaryimage\"},\"image\":{\"@id\":\"https:\\\/\\\/ppdegalicia.com\\\/es\\\/o-grupo-popular-asegura-que-sogama-mantera-a-media-do-canon-de-2023-aos-concellos-adscritos\\\/#primaryimage\"},\"thumbnailUrl\":\"https:\\\/\\\/ppdegalicia.com\\\/wp-content\\\/uploads\\\/2024\\\/07\\\/20240710_Pleno_ordinario15-scaled.jpg\",\"datePublished\":\"2024-07-10T16:42:44+00:00\",\"dateModified\":\"2024-07-11T17:15:20+00:00\",\"description\":\"O deputado do Grupo Popular Roberto Rodr\u00edguez asegurou hoxe no Pleno do Parlamento galego que SOGAMA manter\u00e1 de media o mesmo canon do ano 2023, fixado en 66 euros por tonelada, aos concellos adscritos a esta empresa p\u00fablica, de xeito que lles repercutir\u00e1 unha cont\u00eda moito menor que o custo real que ten o servizo, que rolda os 120 euros.\",\"breadcrumb\":{\"@id\":\"https:\\\/\\\/ppdegalicia.com\\\/es\\\/o-grupo-popular-asegura-que-sogama-mantera-a-media-do-canon-de-2023-aos-concellos-adscritos\\\/#breadcrumb\"},\"inLanguage\":\"es\",\"potentialAction\":[{\"@type\":\"ReadAction\",\"target\":[\"https:\\\/\\\/ppdegalicia.com\\\/es\\\/o-grupo-popular-asegura-que-sogama-mantera-a-media-do-canon-de-2023-aos-concellos-adscritos\\\/\"]}]},{\"@type\":\"ImageObject\",\"inLanguage\":\"es\",\"@id\":\"https:\\\/\\\/ppdegalicia.com\\\/es\\\/o-grupo-popular-asegura-que-sogama-mantera-a-media-do-canon-de-2023-aos-concellos-adscritos\\\/#primaryimage\",\"url\":\"https:\\\/\\\/ppdegalicia.com\\\/wp-content\\\/uploads\\\/2024\\\/07\\\/20240710_Pleno_ordinario15-scaled.jpg\",\"contentUrl\":\"https:\\\/\\\/ppdegalicia.com\\\/wp-content\\\/uploads\\\/2024\\\/07\\\/20240710_Pleno_ordinario15-scaled.jpg\",\"width\":2560,\"height\":1707,\"caption\":\"Pleno ordinario del 10 de julio de 2024\"},{\"@type\":\"BreadcrumbList\",\"@id\":\"https:\\\/\\\/ppdegalicia.com\\\/es\\\/o-grupo-popular-asegura-que-sogama-mantera-a-media-do-canon-de-2023-aos-concellos-adscritos\\\/#breadcrumb\",\"itemListElement\":[{\"@type\":\"ListItem\",\"position\":1,\"name\":\"Portada\",\"item\":\"https:\\\/\\\/ppdegalicia.com\\\/es\\\/\"},{\"@type\":\"ListItem\",\"position\":2,\"name\":\"O Grupo Popular asegura que SOGAMA manter\u00e1 a media do canon de 2023 aos concellos adscritos\"}]},{\"@type\":\"WebSite\",\"@id\":\"https:\\\/\\\/ppdegalicia.com\\\/es\\\/#website\",\"url\":\"https:\\\/\\\/ppdegalicia.com\\\/es\\\/\",\"name\":\"Partido Popular de Galicia\",\"description\":\"Partido Popular de Galicia\",\"publisher\":{\"@id\":\"https:\\\/\\\/ppdegalicia.com\\\/es\\\/#organization\"},\"alternateName\":\"PP de Galicia\",\"potentialAction\":[{\"@type\":\"SearchAction\",\"target\":{\"@type\":\"EntryPoint\",\"urlTemplate\":\"https:\\\/\\\/ppdegalicia.com\\\/es\\\/?s={search_term_string}\"},\"query-input\":{\"@type\":\"PropertyValueSpecification\",\"valueRequired\":true,\"valueName\":\"search_term_string\"}}],\"inLanguage\":\"es\"},{\"@type\":\"Organization\",\"@id\":\"https:\\\/\\\/ppdegalicia.com\\\/es\\\/#organization\",\"name\":\"Partido Popular de Galicia\",\"alternateName\":\"PP de Galicia\",\"url\":\"https:\\\/\\\/ppdegalicia.com\\\/es\\\/\",\"logo\":{\"@type\":\"ImageObject\",\"inLanguage\":\"es\",\"@id\":\"https:\\\/\\\/ppdegalicia.com\\\/es\\\/#\\\/schema\\\/logo\\\/image\\\/\",\"url\":\"https:\\\/\\\/ppdegalicia.com\\\/wp-content\\\/uploads\\\/2023\\\/04\\\/logoPP512.png\",\"contentUrl\":\"https:\\\/\\\/ppdegalicia.com\\\/wp-content\\\/uploads\\\/2023\\\/04\\\/logoPP512.png\",\"width\":512,\"height\":512,\"caption\":\"Partido Popular de Galicia\"},\"image\":{\"@id\":\"https:\\\/\\\/ppdegalicia.com\\\/es\\\/#\\\/schema\\\/logo\\\/image\\\/\"},\"sameAs\":[\"https:\\\/\\\/www.instagram.com\\\/ppdegalicia\\\/\",\"https:\\\/\\\/x.com\\\/ppdegalicia\",\"https:\\\/\\\/www.tiktok.com\\\/@ppdegalicia\",\"https:\\\/\\\/www.youtube.com\\\/user\\\/ppdegalicia\"]},{\"@type\":\"Person\",\"@id\":\"https:\\\/\\\/ppdegalicia.com\\\/es\\\/#\\\/schema\\\/person\\\/bc9b46e59ebd34bf28611158c3867388\",\"name\":\"ppdegaliciaedtis\",\"image\":{\"@type\":\"ImageObject\",\"inLanguage\":\"es\",\"@id\":\"https:\\\/\\\/secure.gravatar.com\\\/avatar\\\/f9f8cf6e03df54a1b0d04a6b4b8e8c6bd63c10a439752e84d87a5385aefe2ced?s=96&d=mm&r=g\",\"url\":\"https:\\\/\\\/secure.gravatar.com\\\/avatar\\\/f9f8cf6e03df54a1b0d04a6b4b8e8c6bd63c10a439752e84d87a5385aefe2ced?s=96&d=mm&r=g\",\"contentUrl\":\"https:\\\/\\\/secure.gravatar.com\\\/avatar\\\/f9f8cf6e03df54a1b0d04a6b4b8e8c6bd63c10a439752e84d87a5385aefe2ced?s=96&d=mm&r=g\",\"caption\":\"ppdegaliciaedtis\"},\"url\":\"https:\\\/\\\/ppdegalicia.com\\\/es\\\/author\\\/ppdegaliciaedits\\\/\"}]}<\/script>\n<!-- \/ Yoast SEO plugin. -->","yoast_head_json":{"title":"O Grupo Popular asegura que SOGAMA manter\u00e1 a media do canon de 2023 aos concellos adscritos - PP de Galicia","description":"O deputado do Grupo Popular Roberto Rodr\u00edguez asegurou hoxe no Pleno do Parlamento galego que SOGAMA manter\u00e1 de media o mesmo canon do ano 2023, fixado en 66 euros por tonelada, aos concellos adscritos a esta empresa p\u00fablica, de xeito que lles repercutir\u00e1 unha cont\u00eda moito menor que o custo real que ten o servizo, que rolda os 120 euros.","robots":{"index":"index","follow":"follow","max-snippet":"max-snippet:-1","max-image-preview":"max-image-preview:large","max-video-preview":"max-video-preview:-1"},"canonical":"https:\/\/ppdegalicia.com\/es\/o-grupo-popular-asegura-que-sogama-mantera-a-media-do-canon-de-2023-aos-concellos-adscritos\/","og_locale":"es_ES","og_type":"article","og_title":"O Grupo Popular asegura que SOGAMA manter\u00e1 a media do canon de 2023 aos concellos adscritos - PP de Galicia","og_description":"O deputado do Grupo Popular Roberto Rodr\u00edguez asegurou hoxe no Pleno do Parlamento galego que SOGAMA manter\u00e1 de media o mesmo canon do ano 2023, fixado en 66 euros por tonelada, aos concellos adscritos a esta empresa p\u00fablica, de xeito que lles repercutir\u00e1 unha cont\u00eda moito menor que o custo real que ten o servizo, que rolda os 120 euros.","og_url":"https:\/\/ppdegalicia.com\/es\/o-grupo-popular-asegura-que-sogama-mantera-a-media-do-canon-de-2023-aos-concellos-adscritos\/","og_site_name":"PP de Galicia","article_publisher":"https:\/\/www.instagram.com\/ppdegalicia\/","article_published_time":"2024-07-10T16:42:44+00:00","article_modified_time":"2024-07-11T17:15:20+00:00","og_image":[{"width":2560,"height":1707,"url":"https:\/\/ppdegalicia.com\/wp-content\/uploads\/2024\/07\/20240710_Pleno_ordinario15-scaled.jpg","type":"image\/jpeg"}],"author":"ppdegaliciaedtis","twitter_card":"summary_large_image","twitter_creator":"@ppdegalicia","twitter_site":"@ppdegalicia","twitter_misc":{"Escrito por":"ppdegaliciaedtis","Tiempo de lectura":"3 minutos"},"schema":{"@context":"https:\/\/schema.org","@graph":[{"@type":"Article","@id":"https:\/\/ppdegalicia.com\/es\/o-grupo-popular-asegura-que-sogama-mantera-a-media-do-canon-de-2023-aos-concellos-adscritos\/#article","isPartOf":{"@id":"https:\/\/ppdegalicia.com\/es\/o-grupo-popular-asegura-que-sogama-mantera-a-media-do-canon-de-2023-aos-concellos-adscritos\/"},"author":{"name":"ppdegaliciaedtis","@id":"https:\/\/ppdegalicia.com\/es\/#\/schema\/person\/bc9b46e59ebd34bf28611158c3867388"},"headline":"O Grupo Popular asegura que SOGAMA manter\u00e1 a media do canon de 2023 aos concellos adscritos","datePublished":"2024-07-10T16:42:44+00:00","dateModified":"2024-07-11T17:15:20+00:00","mainEntityOfPage":{"@id":"https:\/\/ppdegalicia.com\/es\/o-grupo-popular-asegura-que-sogama-mantera-a-media-do-canon-de-2023-aos-concellos-adscritos\/"},"wordCount":494,"publisher":{"@id":"https:\/\/ppdegalicia.com\/es\/#organization"},"image":{"@id":"https:\/\/ppdegalicia.com\/es\/o-grupo-popular-asegura-que-sogama-mantera-a-media-do-canon-de-2023-aos-concellos-adscritos\/#primaryimage"},"thumbnailUrl":"https:\/\/ppdegalicia.com\/wp-content\/uploads\/2024\/07\/20240710_Pleno_ordinario15-scaled.jpg","articleSection":["Parlamento de Galicia"],"inLanguage":"es"},{"@type":"WebPage","@id":"https:\/\/ppdegalicia.com\/es\/o-grupo-popular-asegura-que-sogama-mantera-a-media-do-canon-de-2023-aos-concellos-adscritos\/","url":"https:\/\/ppdegalicia.com\/es\/o-grupo-popular-asegura-que-sogama-mantera-a-media-do-canon-de-2023-aos-concellos-adscritos\/","name":"O Grupo Popular asegura que SOGAMA manter\u00e1 a media do canon de 2023 aos concellos adscritos - PP de Galicia","isPartOf":{"@id":"https:\/\/ppdegalicia.com\/es\/#website"},"primaryImageOfPage":{"@id":"https:\/\/ppdegalicia.com\/es\/o-grupo-popular-asegura-que-sogama-mantera-a-media-do-canon-de-2023-aos-concellos-adscritos\/#primaryimage"},"image":{"@id":"https:\/\/ppdegalicia.com\/es\/o-grupo-popular-asegura-que-sogama-mantera-a-media-do-canon-de-2023-aos-concellos-adscritos\/#primaryimage"},"thumbnailUrl":"https:\/\/ppdegalicia.com\/wp-content\/uploads\/2024\/07\/20240710_Pleno_ordinario15-scaled.jpg","datePublished":"2024-07-10T16:42:44+00:00","dateModified":"2024-07-11T17:15:20+00:00","description":"O deputado do Grupo Popular Roberto Rodr\u00edguez asegurou hoxe no Pleno do Parlamento galego que SOGAMA manter\u00e1 de media o mesmo canon do ano 2023, fixado en 66 euros por tonelada, aos concellos adscritos a esta empresa p\u00fablica, de xeito que lles repercutir\u00e1 unha cont\u00eda moito menor que o custo real que ten o servizo, que rolda os 120 euros.","breadcrumb":{"@id":"https:\/\/ppdegalicia.com\/es\/o-grupo-popular-asegura-que-sogama-mantera-a-media-do-canon-de-2023-aos-concellos-adscritos\/#breadcrumb"},"inLanguage":"es","potentialAction":[{"@type":"ReadAction","target":["https:\/\/ppdegalicia.com\/es\/o-grupo-popular-asegura-que-sogama-mantera-a-media-do-canon-de-2023-aos-concellos-adscritos\/"]}]},{"@type":"ImageObject","inLanguage":"es","@id":"https:\/\/ppdegalicia.com\/es\/o-grupo-popular-asegura-que-sogama-mantera-a-media-do-canon-de-2023-aos-concellos-adscritos\/#primaryimage","url":"https:\/\/ppdegalicia.com\/wp-content\/uploads\/2024\/07\/20240710_Pleno_ordinario15-scaled.jpg","contentUrl":"https:\/\/ppdegalicia.com\/wp-content\/uploads\/2024\/07\/20240710_Pleno_ordinario15-scaled.jpg","width":2560,"height":1707,"caption":"Pleno ordinario del 10 de julio de 2024"},{"@type":"BreadcrumbList","@id":"https:\/\/ppdegalicia.com\/es\/o-grupo-popular-asegura-que-sogama-mantera-a-media-do-canon-de-2023-aos-concellos-adscritos\/#breadcrumb","itemListElement":[{"@type":"ListItem","position":1,"name":"Portada","item":"https:\/\/ppdegalicia.com\/es\/"},{"@type":"ListItem","position":2,"name":"O Grupo Popular asegura que SOGAMA manter\u00e1 a media do canon de 2023 aos concellos adscritos"}]},{"@type":"WebSite","@id":"https:\/\/ppdegalicia.com\/es\/#website","url":"https:\/\/ppdegalicia.com\/es\/","name":"Partido Popular de Galicia","description":"Partido Popular de Galicia","publisher":{"@id":"https:\/\/ppdegalicia.com\/es\/#organization"},"alternateName":"PP de Galicia","potentialAction":[{"@type":"SearchAction","target":{"@type":"EntryPoint","urlTemplate":"https:\/\/ppdegalicia.com\/es\/?s={search_term_string}"},"query-input":{"@type":"PropertyValueSpecification","valueRequired":true,"valueName":"search_term_string"}}],"inLanguage":"es"},{"@type":"Organization","@id":"https:\/\/ppdegalicia.com\/es\/#organization","name":"Partido Popular de Galicia","alternateName":"PP de Galicia","url":"https:\/\/ppdegalicia.com\/es\/","logo":{"@type":"ImageObject","inLanguage":"es","@id":"https:\/\/ppdegalicia.com\/es\/#\/schema\/logo\/image\/","url":"https:\/\/ppdegalicia.com\/wp-content\/uploads\/2023\/04\/logoPP512.png","contentUrl":"https:\/\/ppdegalicia.com\/wp-content\/uploads\/2023\/04\/logoPP512.png","width":512,"height":512,"caption":"Partido Popular de Galicia"},"image":{"@id":"https:\/\/ppdegalicia.com\/es\/#\/schema\/logo\/image\/"},"sameAs":["https:\/\/www.instagram.com\/ppdegalicia\/","https:\/\/x.com\/ppdegalicia","https:\/\/www.tiktok.com\/@ppdegalicia","https:\/\/www.youtube.com\/user\/ppdegalicia"]},{"@type":"Person","@id":"https:\/\/ppdegalicia.com\/es\/#\/schema\/person\/bc9b46e59ebd34bf28611158c3867388","name":"ppdegaliciaedtis","image":{"@type":"ImageObject","inLanguage":"es","@id":"https:\/\/secure.gravatar.com\/avatar\/f9f8cf6e03df54a1b0d04a6b4b8e8c6bd63c10a439752e84d87a5385aefe2ced?s=96&d=mm&r=g","url":"https:\/\/secure.gravatar.com\/avatar\/f9f8cf6e03df54a1b0d04a6b4b8e8c6bd63c10a439752e84d87a5385aefe2ced?s=96&d=mm&r=g","contentUrl":"https:\/\/secure.gravatar.com\/avatar\/f9f8cf6e03df54a1b0d04a6b4b8e8c6bd63c10a439752e84d87a5385aefe2ced?s=96&d=mm&r=g","caption":"ppdegaliciaedtis"},"url":"https:\/\/ppdegalicia.com\/es\/author\/ppdegaliciaedits\/"}]}},"_links":{"self":[{"href":"https:\/\/ppdegalicia.com\/es\/wp-json\/wp\/v2\/posts\/63952","targetHints":{"allow":["GET"]}}],"collection":[{"href":"https:\/\/ppdegalicia.com\/es\/wp-json\/wp\/v2\/posts"}],"about":[{"href":"https:\/\/ppdegalicia.com\/es\/wp-json\/wp\/v2\/types\/post"}],"author":[{"embeddable":true,"href":"https:\/\/ppdegalicia.com\/es\/wp-json\/wp\/v2\/users\/40"}],"replies":[{"embeddable":true,"href":"https:\/\/ppdegalicia.com\/es\/wp-json\/wp\/v2\/comments?post=63952"}],"version-history":[{"count":1,"href":"https:\/\/ppdegalicia.com\/es\/wp-json\/wp\/v2\/posts\/63952\/revisions"}],"predecessor-version":[{"id":63955,"href":"https:\/\/ppdegalicia.com\/es\/wp-json\/wp\/v2\/posts\/63952\/revisions\/63955"}],"wp:featuredmedia":[{"embeddable":true,"href":"https:\/\/ppdegalicia.com\/es\/wp-json\/wp\/v2\/media\/63953"}],"wp:attachment":[{"href":"https:\/\/ppdegalicia.com\/es\/wp-json\/wp\/v2\/media?parent=63952"}],"wp:term":[{"taxonomy":"category","embeddable":true,"href":"https:\/\/ppdegalicia.com\/es\/wp-json\/wp\/v2\/categories?post=63952"},{"taxonomy":"post_tag","embeddable":true,"href":"https:\/\/ppdegalicia.com\/es\/wp-json\/wp\/v2\/tags?post=63952"}],"curies":[{"name":"wp","href":"https:\/\/api.w.org\/{rel}","templated":true}]}}