{"id":63992,"date":"2024-07-19T13:28:19","date_gmt":"2024-07-19T12:28:19","guid":{"rendered":"https:\/\/ppdegalicia.com\/?p=63992"},"modified":"2024-07-19T13:28:19","modified_gmt":"2024-07-19T12:28:19","slug":"o-grupo-popular-pide-ao-consello-de-contas-que-realice-unha-auditoria-operativa-aos-concellos-que-non-cumpran-coa-obriga-de-render-as-suas-contas","status":"publish","type":"post","link":"https:\/\/ppdegalicia.com\/es\/o-grupo-popular-pide-ao-consello-de-contas-que-realice-unha-auditoria-operativa-aos-concellos-que-non-cumpran-coa-obriga-de-render-as-suas-contas\/","title":{"rendered":"O Grupo Popular pide ao Consello de Contas que realice unha auditor\u00eda operativa aos concellos que non cumpran coa obriga de render as s\u00faas contas"},"content":{"rendered":"<p>O Grupo Popular v\u00e9n de solicitar ao Consello de Contas que incorpore no seu plan de traballo para 2025 a realizaci\u00f3n dunha auditor\u00eda operativa aos concellos que non cumpriron coa obriga de render as s\u00faas contas, segundo se prev\u00e9 no texto refundido da Lei reguladora das facendas locais (LRFC). \u201cA d\u00eda de hoxe, os concellos de Redondela, A R\u00faa e Ver\u00edn non presentaron en prazo ante o Tribunal de Contas a s\u00faa Conta Xeral do ano 2022, o que sup\u00f3n que se desco\u00f1eza a s\u00faa situaci\u00f3n econ\u00f3mica-financeira correspondente a ese ano e non poda ser obxecto de fiscalizaci\u00f3n por esta entidade\u201d, sinalou o portavoz popular, Alberto Pazos, nunhas declaraci\u00f3ns realizadas en Redondela.<\/p>\n<p>O artigo 223 da Lei reguladora das facendas locais recolle que a fiscalizaci\u00f3n externa das contas e da xesti\u00f3n econ\u00f3mica das entidades locais, e de todos os organismos e sociedades delas dependentes, \u00e9 funci\u00f3n propia do Tribunal de Contas. Para iso, os concellos deben remitir a este organismo antes do 15 de outubro de cada ano a Conta Xeral sobre a s\u00faa situaci\u00f3n econ\u00f3mico-financeira e patrimonial, as\u00ed como a execuci\u00f3n e liquidaci\u00f3n dos orzamentos, correspondente ao ano anterior.<\/p>\n<p><strong><u>ESPECIALMENTE ALARMANTE O CASO DE REDONDELA<\/u><\/strong><\/p>\n<p>Alberto Pazos concretou que neste momento existen tres concellos en Galicia que non presentaron en prazo a s\u00faa Conta Xeral correspondente a 2022: A R\u00faa, Ver\u00edn e Redondela\u201d e sobre este \u00faltimo municipio manifestou que \u201cesta ausencia de transparencia nas s\u00faas contas \u00e9 particularmente alarmante logo de que recentemente co\u00f1ec\u00e9ramos que este concello foi inclu\u00eddo, por primeira vez na s\u00faa historia, nun listado do Ministerio de Facenda polo impago aos seus provedores\u201d.<\/p>\n<p>En concreto, a d\u00e9beda do Concello de Redondela cos seus provedores, segundo denunciou o Grupo Municipal do Partido Popular, segundo a informaci\u00f3n recollida nas actas da Comisi\u00f3n Delegada do Goberno de Espa\u00f1a para Asuntos Econ\u00f3micos supera os 3,3 mill\u00f3ns de euros desde finais do pasado ano 2022. \u201cA principal consecuencia desta d\u00e9beda \u00e9 que o Goberno central vai tomar cartas directamente no asunto e comezar a ordenar o pago aos provedores\u201d, apuntou o portavoz popular.<\/p>\n<p>Para o abono destas d\u00e9bedas cos provedores, o Goberno central utilizar\u00e1 o di\u00f1eiro que lle corresponder\u00eda ao Concello de Redondela do Fondo de Financiamento das Entidades Locais e, no caso de ser necesario, das partidas mensuais que o Concello ingresa con cargo \u00e1 s\u00faa participaci\u00f3n nos ingresos do Estado.<\/p>\n<p>\u201cEstamos diante dunha situaci\u00f3n moi preocupante que vai afectar directamente aos servizos que presta o Concello de Redondela aos seus veci\u00f1os, xa que esta situaci\u00f3n acarrea a imposibilidade dos concellos de recibir subvenci\u00f3ns procedentes doutras administraci\u00f3ns que, no caso concreto de Redondela, xa supuxo a perda dun dos obradoiros de emprego solicitados\u201d, sinalou Alberto Pazos.<\/p>\n<p>Diante desta situaci\u00f3n, e para que todos os concellos de Galicia sigan o exemplo de transparencia da Xunta \u00e1 hora de render contas da execuci\u00f3n do seu orzamento, o Grupo Popular solicitou ao Consello de Contas que realice unha auditor\u00eda operativa dos concellos galegos que non cumpran coa obriga de render as c\u00faas contas en tempo e forma ante o Tribunal de Cuentas.<\/p>\n<p>Pazos incidiu que \u201cos veci\u00f1os deben co\u00f1ecer como est\u00e1n as contas dos seus respectivos concellos e como se xestionan os cartos que ingresas cos seus impostos municipais e con todas as aportaci\u00f3ns que as entidades locais reciben doutras administraci\u00f3ns\u201d.<\/p>\n<p><strong><u>LIBERACI\u00d3N DE PEAXES NA AP-9<\/u><\/strong><\/p>\n<p>Por outra banda, o portavoz do Grupo Popular referiuse \u00e1s ultimas afirmaci\u00f3ns publicadas sobre a AP-9 e a eliminaci\u00f3n das s\u00faas peaxes, porque \u201cos galegos, e os redondel\u00e1ns en particular, xa estamos cansos de innumerables promesas que o Goberno de Pedro S\u00e1nchez nos ten feito nestes anos sobre as peaxes e a transferencia desta autoestrada a Galicia\u201d.<\/p>\n<p>Alberto Pazos lembrou que, no caso de Redondela \u201cseguimos \u00e1 espera de que o Goberno de Pedro S\u00e1nchez leve adiante o compromiso, xa asumido polo Goberno de Mariano Rajoy, de liberar a peaxe entre Redondela e Vigo\u201d. \u201cVan xa seis anos desde que no ver\u00e1n de 2018 se nos prometera aos redondel\u00e1ns que non iamos ter que pagar para viaxar pola AP-9 ata Vigo, pero as peaxes non pararon de subir neste tempo\u201d, lembrou.<\/p>\n<p>\u201cA \u00faltima mofa viu, como non pod\u00eda ser doutro modo, do ministro de Transportes, \u00d3scar Puente, quen alardeou levantar as peaxes da AP-7 en Alacante coa escusa de que \u201c\u00e9 p\u00fablica\u201d, facendo o\u00eddos xordos aos berros dos galegos e usuarios da AP-9 que levamos moitos anos pedindo a supresi\u00f3n das peaxes nesta autoestrada\u201d, criticou o portavoz popular, quen avanzou que \u201cdesde o Partido Popular de Galicia seguiremos insistindo na demanda para que se supriman as peaxes na AP-9 e se transfira a Galicia, defendendo os intereses de todos os sectores econ\u00f3micos galegos e dos usuarios desta autoestrada\u201d.<\/p>\n<p>Ao mesmo tempo, engadiu que \u201cesixiremos ao Partido Socialista que cumpra os seus compromisos anunciados durante a pasada campa\u00f1a electoral para as elecci\u00f3ns galegas e elimine as peaxes da AP-9, algo que a bo seguro agradeceremos tanto os redondel\u00e1ns como os galegos en xeral\u201d.<\/p>\n","protected":false},"excerpt":{"rendered":"<p>O Grupo Popular v\u00e9n de solicitar ao Consello de Contas que incorpore no seu plan de traballo para 2025 a realizaci\u00f3n dunha auditor\u00eda operativa aos concellos que non cumpriron coa obriga de render as s\u00faas contas, segundo se prev\u00e9 no texto refundido da Lei reguladora das facendas locais (LRFC). \u201cA d\u00eda de hoxe, os concellos [&hellip;]<\/p>\n","protected":false},"author":40,"featured_media":63993,"comment_status":"closed","ping_status":"open","sticky":false,"template":"","format":"standard","meta":{"_acf_changed":false,"footnotes":""},"categories":[1128],"tags":[],"class_list":["post-63992","post","type-post","status-publish","format-standard","has-post-thumbnail","hentry","category-actualidad-parlamento-de-galicia"],"acf":[],"yoast_head":"<!-- This site is optimized with the Yoast SEO plugin v27.3 - https:\/\/yoast.com\/product\/yoast-seo-wordpress\/ -->\n<title>O Grupo Popular pide ao Consello de Contas que realice unha auditor\u00eda operativa aos concellos que non cumpran coa obriga de render as s\u00faas contas - PP de Galicia<\/title>\n<meta name=\"description\" content=\"O Grupo Popular v\u00e9n de solicitar ao Consello de Contas que incorpore no seu plan de traballo para 2025 a realizaci\u00f3n dunha auditor\u00eda operativa aos concellos que non cumpriron coa obriga de render as s\u00faas contas, segundo se prev\u00e9 no texto refundido da Lei reguladora das facendas locais (LRFC). \u201cA d\u00eda de hoxe, os concellos de Redondela, A R\u00faa e Ver\u00edn non presentaron en prazo ante o Tribunal de Contas a s\u00faa Conta Xeral do ano 2022, o que sup\u00f3n que se desco\u00f1eza a s\u00faa situaci\u00f3n econ\u00f3mica-financeira correspondente a ese ano e non poda ser obxecto de fiscalizaci\u00f3n por esta entidade\u201d, sinalou o portavoz popular, Alberto Pazos, nunhas declaraci\u00f3ns realizadas en Redondela.\" \/>\n<meta name=\"robots\" content=\"index, follow, max-snippet:-1, max-image-preview:large, max-video-preview:-1\" \/>\n<link rel=\"canonical\" href=\"https:\/\/ppdegalicia.com\/es\/o-grupo-popular-pide-ao-consello-de-contas-que-realice-unha-auditoria-operativa-aos-concellos-que-non-cumpran-coa-obriga-de-render-as-suas-contas\/\" \/>\n<meta property=\"og:locale\" content=\"es_ES\" \/>\n<meta property=\"og:type\" content=\"article\" \/>\n<meta property=\"og:title\" content=\"O Grupo Popular pide ao Consello de Contas que realice unha auditor\u00eda operativa aos concellos que non cumpran coa obriga de render as s\u00faas contas - PP de Galicia\" \/>\n<meta property=\"og:description\" content=\"O Grupo Popular v\u00e9n de solicitar ao Consello de Contas que incorpore no seu plan de traballo para 2025 a realizaci\u00f3n dunha auditor\u00eda operativa aos concellos que non cumpriron coa obriga de render as s\u00faas contas, segundo se prev\u00e9 no texto refundido da Lei reguladora das facendas locais (LRFC). \u201cA d\u00eda de hoxe, os concellos de Redondela, A R\u00faa e Ver\u00edn non presentaron en prazo ante o Tribunal de Contas a s\u00faa Conta Xeral do ano 2022, o que sup\u00f3n que se desco\u00f1eza a s\u00faa situaci\u00f3n econ\u00f3mica-financeira correspondente a ese ano e non poda ser obxecto de fiscalizaci\u00f3n por esta entidade\u201d, sinalou o portavoz popular, Alberto Pazos, nunhas declaraci\u00f3ns realizadas en Redondela.\" \/>\n<meta property=\"og:url\" content=\"https:\/\/ppdegalicia.com\/es\/o-grupo-popular-pide-ao-consello-de-contas-que-realice-unha-auditoria-operativa-aos-concellos-que-non-cumpran-coa-obriga-de-render-as-suas-contas\/\" \/>\n<meta property=\"og:site_name\" content=\"PP de Galicia\" \/>\n<meta property=\"article:publisher\" content=\"https:\/\/www.instagram.com\/ppdegalicia\/\" \/>\n<meta property=\"article:published_time\" content=\"2024-07-19T12:28:19+00:00\" \/>\n<meta property=\"og:image\" content=\"https:\/\/ppdegalicia.com\/wp-content\/uploads\/2024\/07\/Alberto-Pazos-e-Javier-Bas-xunto-a-concelleiros-do-Grupo-Municipal-02.jpeg\" \/>\n\t<meta property=\"og:image:width\" content=\"1120\" \/>\n\t<meta property=\"og:image:height\" content=\"747\" \/>\n\t<meta property=\"og:image:type\" content=\"image\/jpeg\" \/>\n<meta name=\"author\" content=\"ppdegaliciaedtis\" \/>\n<meta name=\"twitter:card\" content=\"summary_large_image\" \/>\n<meta name=\"twitter:creator\" content=\"@ppdegalicia\" \/>\n<meta name=\"twitter:site\" content=\"@ppdegalicia\" \/>\n<meta name=\"twitter:label1\" content=\"Escrito por\" \/>\n\t<meta name=\"twitter:data1\" content=\"ppdegaliciaedtis\" \/>\n\t<meta name=\"twitter:label2\" content=\"Tiempo de lectura\" \/>\n\t<meta name=\"twitter:data2\" content=\"5 minutos\" \/>\n<script type=\"application\/ld+json\" class=\"yoast-schema-graph\">{\"@context\":\"https:\\\/\\\/schema.org\",\"@graph\":[{\"@type\":\"Article\",\"@id\":\"https:\\\/\\\/ppdegalicia.com\\\/es\\\/o-grupo-popular-pide-ao-consello-de-contas-que-realice-unha-auditoria-operativa-aos-concellos-que-non-cumpran-coa-obriga-de-render-as-suas-contas\\\/#article\",\"isPartOf\":{\"@id\":\"https:\\\/\\\/ppdegalicia.com\\\/es\\\/o-grupo-popular-pide-ao-consello-de-contas-que-realice-unha-auditoria-operativa-aos-concellos-que-non-cumpran-coa-obriga-de-render-as-suas-contas\\\/\"},\"author\":{\"name\":\"ppdegaliciaedtis\",\"@id\":\"https:\\\/\\\/ppdegalicia.com\\\/es\\\/#\\\/schema\\\/person\\\/bc9b46e59ebd34bf28611158c3867388\"},\"headline\":\"O Grupo Popular pide ao Consello de Contas que realice unha auditor\u00eda operativa aos concellos que non cumpran coa obriga de render as s\u00faas contas\",\"datePublished\":\"2024-07-19T12:28:19+00:00\",\"mainEntityOfPage\":{\"@id\":\"https:\\\/\\\/ppdegalicia.com\\\/es\\\/o-grupo-popular-pide-ao-consello-de-contas-que-realice-unha-auditoria-operativa-aos-concellos-que-non-cumpran-coa-obriga-de-render-as-suas-contas\\\/\"},\"wordCount\":913,\"publisher\":{\"@id\":\"https:\\\/\\\/ppdegalicia.com\\\/es\\\/#organization\"},\"image\":{\"@id\":\"https:\\\/\\\/ppdegalicia.com\\\/es\\\/o-grupo-popular-pide-ao-consello-de-contas-que-realice-unha-auditoria-operativa-aos-concellos-que-non-cumpran-coa-obriga-de-render-as-suas-contas\\\/#primaryimage\"},\"thumbnailUrl\":\"https:\\\/\\\/ppdegalicia.com\\\/wp-content\\\/uploads\\\/2024\\\/07\\\/Alberto-Pazos-e-Javier-Bas-xunto-a-concelleiros-do-Grupo-Municipal-02.jpeg\",\"articleSection\":[\"Parlamento de Galicia\"],\"inLanguage\":\"es\"},{\"@type\":\"WebPage\",\"@id\":\"https:\\\/\\\/ppdegalicia.com\\\/es\\\/o-grupo-popular-pide-ao-consello-de-contas-que-realice-unha-auditoria-operativa-aos-concellos-que-non-cumpran-coa-obriga-de-render-as-suas-contas\\\/\",\"url\":\"https:\\\/\\\/ppdegalicia.com\\\/es\\\/o-grupo-popular-pide-ao-consello-de-contas-que-realice-unha-auditoria-operativa-aos-concellos-que-non-cumpran-coa-obriga-de-render-as-suas-contas\\\/\",\"name\":\"O Grupo Popular pide ao Consello de Contas que realice unha auditor\u00eda operativa aos concellos que non cumpran coa obriga de render as s\u00faas contas - PP de Galicia\",\"isPartOf\":{\"@id\":\"https:\\\/\\\/ppdegalicia.com\\\/es\\\/#website\"},\"primaryImageOfPage\":{\"@id\":\"https:\\\/\\\/ppdegalicia.com\\\/es\\\/o-grupo-popular-pide-ao-consello-de-contas-que-realice-unha-auditoria-operativa-aos-concellos-que-non-cumpran-coa-obriga-de-render-as-suas-contas\\\/#primaryimage\"},\"image\":{\"@id\":\"https:\\\/\\\/ppdegalicia.com\\\/es\\\/o-grupo-popular-pide-ao-consello-de-contas-que-realice-unha-auditoria-operativa-aos-concellos-que-non-cumpran-coa-obriga-de-render-as-suas-contas\\\/#primaryimage\"},\"thumbnailUrl\":\"https:\\\/\\\/ppdegalicia.com\\\/wp-content\\\/uploads\\\/2024\\\/07\\\/Alberto-Pazos-e-Javier-Bas-xunto-a-concelleiros-do-Grupo-Municipal-02.jpeg\",\"datePublished\":\"2024-07-19T12:28:19+00:00\",\"description\":\"O Grupo Popular v\u00e9n de solicitar ao Consello de Contas que incorpore no seu plan de traballo para 2025 a realizaci\u00f3n dunha auditor\u00eda operativa aos concellos que non cumpriron coa obriga de render as s\u00faas contas, segundo se prev\u00e9 no texto refundido da Lei reguladora das facendas locais (LRFC). \u201cA d\u00eda de hoxe, os concellos de Redondela, A R\u00faa e Ver\u00edn non presentaron en prazo ante o Tribunal de Contas a s\u00faa Conta Xeral do ano 2022, o que sup\u00f3n que se desco\u00f1eza a s\u00faa situaci\u00f3n econ\u00f3mica-financeira correspondente a ese ano e non poda ser obxecto de fiscalizaci\u00f3n por esta entidade\u201d, sinalou o portavoz popular, Alberto Pazos, nunhas declaraci\u00f3ns realizadas en Redondela.\",\"breadcrumb\":{\"@id\":\"https:\\\/\\\/ppdegalicia.com\\\/es\\\/o-grupo-popular-pide-ao-consello-de-contas-que-realice-unha-auditoria-operativa-aos-concellos-que-non-cumpran-coa-obriga-de-render-as-suas-contas\\\/#breadcrumb\"},\"inLanguage\":\"es\",\"potentialAction\":[{\"@type\":\"ReadAction\",\"target\":[\"https:\\\/\\\/ppdegalicia.com\\\/es\\\/o-grupo-popular-pide-ao-consello-de-contas-que-realice-unha-auditoria-operativa-aos-concellos-que-non-cumpran-coa-obriga-de-render-as-suas-contas\\\/\"]}]},{\"@type\":\"ImageObject\",\"inLanguage\":\"es\",\"@id\":\"https:\\\/\\\/ppdegalicia.com\\\/es\\\/o-grupo-popular-pide-ao-consello-de-contas-que-realice-unha-auditoria-operativa-aos-concellos-que-non-cumpran-coa-obriga-de-render-as-suas-contas\\\/#primaryimage\",\"url\":\"https:\\\/\\\/ppdegalicia.com\\\/wp-content\\\/uploads\\\/2024\\\/07\\\/Alberto-Pazos-e-Javier-Bas-xunto-a-concelleiros-do-Grupo-Municipal-02.jpeg\",\"contentUrl\":\"https:\\\/\\\/ppdegalicia.com\\\/wp-content\\\/uploads\\\/2024\\\/07\\\/Alberto-Pazos-e-Javier-Bas-xunto-a-concelleiros-do-Grupo-Municipal-02.jpeg\",\"width\":1120,\"height\":747},{\"@type\":\"BreadcrumbList\",\"@id\":\"https:\\\/\\\/ppdegalicia.com\\\/es\\\/o-grupo-popular-pide-ao-consello-de-contas-que-realice-unha-auditoria-operativa-aos-concellos-que-non-cumpran-coa-obriga-de-render-as-suas-contas\\\/#breadcrumb\",\"itemListElement\":[{\"@type\":\"ListItem\",\"position\":1,\"name\":\"Portada\",\"item\":\"https:\\\/\\\/ppdegalicia.com\\\/es\\\/\"},{\"@type\":\"ListItem\",\"position\":2,\"name\":\"O Grupo Popular pide ao Consello de Contas que realice unha auditor\u00eda operativa aos concellos que non cumpran coa obriga de render as s\u00faas contas\"}]},{\"@type\":\"WebSite\",\"@id\":\"https:\\\/\\\/ppdegalicia.com\\\/es\\\/#website\",\"url\":\"https:\\\/\\\/ppdegalicia.com\\\/es\\\/\",\"name\":\"Partido Popular de Galicia\",\"description\":\"Partido Popular de Galicia\",\"publisher\":{\"@id\":\"https:\\\/\\\/ppdegalicia.com\\\/es\\\/#organization\"},\"alternateName\":\"PP de Galicia\",\"potentialAction\":[{\"@type\":\"SearchAction\",\"target\":{\"@type\":\"EntryPoint\",\"urlTemplate\":\"https:\\\/\\\/ppdegalicia.com\\\/es\\\/?s={search_term_string}\"},\"query-input\":{\"@type\":\"PropertyValueSpecification\",\"valueRequired\":true,\"valueName\":\"search_term_string\"}}],\"inLanguage\":\"es\"},{\"@type\":\"Organization\",\"@id\":\"https:\\\/\\\/ppdegalicia.com\\\/es\\\/#organization\",\"name\":\"Partido Popular de Galicia\",\"alternateName\":\"PP de Galicia\",\"url\":\"https:\\\/\\\/ppdegalicia.com\\\/es\\\/\",\"logo\":{\"@type\":\"ImageObject\",\"inLanguage\":\"es\",\"@id\":\"https:\\\/\\\/ppdegalicia.com\\\/es\\\/#\\\/schema\\\/logo\\\/image\\\/\",\"url\":\"https:\\\/\\\/ppdegalicia.com\\\/wp-content\\\/uploads\\\/2023\\\/04\\\/logoPP512.png\",\"contentUrl\":\"https:\\\/\\\/ppdegalicia.com\\\/wp-content\\\/uploads\\\/2023\\\/04\\\/logoPP512.png\",\"width\":512,\"height\":512,\"caption\":\"Partido Popular de Galicia\"},\"image\":{\"@id\":\"https:\\\/\\\/ppdegalicia.com\\\/es\\\/#\\\/schema\\\/logo\\\/image\\\/\"},\"sameAs\":[\"https:\\\/\\\/www.instagram.com\\\/ppdegalicia\\\/\",\"https:\\\/\\\/x.com\\\/ppdegalicia\",\"https:\\\/\\\/www.tiktok.com\\\/@ppdegalicia\",\"https:\\\/\\\/www.youtube.com\\\/user\\\/ppdegalicia\"]},{\"@type\":\"Person\",\"@id\":\"https:\\\/\\\/ppdegalicia.com\\\/es\\\/#\\\/schema\\\/person\\\/bc9b46e59ebd34bf28611158c3867388\",\"name\":\"ppdegaliciaedtis\",\"image\":{\"@type\":\"ImageObject\",\"inLanguage\":\"es\",\"@id\":\"https:\\\/\\\/secure.gravatar.com\\\/avatar\\\/f9f8cf6e03df54a1b0d04a6b4b8e8c6bd63c10a439752e84d87a5385aefe2ced?s=96&d=mm&r=g\",\"url\":\"https:\\\/\\\/secure.gravatar.com\\\/avatar\\\/f9f8cf6e03df54a1b0d04a6b4b8e8c6bd63c10a439752e84d87a5385aefe2ced?s=96&d=mm&r=g\",\"contentUrl\":\"https:\\\/\\\/secure.gravatar.com\\\/avatar\\\/f9f8cf6e03df54a1b0d04a6b4b8e8c6bd63c10a439752e84d87a5385aefe2ced?s=96&d=mm&r=g\",\"caption\":\"ppdegaliciaedtis\"},\"url\":\"https:\\\/\\\/ppdegalicia.com\\\/es\\\/author\\\/ppdegaliciaedits\\\/\"}]}<\/script>\n<!-- \/ Yoast SEO plugin. -->","yoast_head_json":{"title":"O Grupo Popular pide ao Consello de Contas que realice unha auditor\u00eda operativa aos concellos que non cumpran coa obriga de render as s\u00faas contas - PP de Galicia","description":"O Grupo Popular v\u00e9n de solicitar ao Consello de Contas que incorpore no seu plan de traballo para 2025 a realizaci\u00f3n dunha auditor\u00eda operativa aos concellos que non cumpriron coa obriga de render as s\u00faas contas, segundo se prev\u00e9 no texto refundido da Lei reguladora das facendas locais (LRFC). \u201cA d\u00eda de hoxe, os concellos de Redondela, A R\u00faa e Ver\u00edn non presentaron en prazo ante o Tribunal de Contas a s\u00faa Conta Xeral do ano 2022, o que sup\u00f3n que se desco\u00f1eza a s\u00faa situaci\u00f3n econ\u00f3mica-financeira correspondente a ese ano e non poda ser obxecto de fiscalizaci\u00f3n por esta entidade\u201d, sinalou o portavoz popular, Alberto Pazos, nunhas declaraci\u00f3ns realizadas en Redondela.","robots":{"index":"index","follow":"follow","max-snippet":"max-snippet:-1","max-image-preview":"max-image-preview:large","max-video-preview":"max-video-preview:-1"},"canonical":"https:\/\/ppdegalicia.com\/es\/o-grupo-popular-pide-ao-consello-de-contas-que-realice-unha-auditoria-operativa-aos-concellos-que-non-cumpran-coa-obriga-de-render-as-suas-contas\/","og_locale":"es_ES","og_type":"article","og_title":"O Grupo Popular pide ao Consello de Contas que realice unha auditor\u00eda operativa aos concellos que non cumpran coa obriga de render as s\u00faas contas - PP de Galicia","og_description":"O Grupo Popular v\u00e9n de solicitar ao Consello de Contas que incorpore no seu plan de traballo para 2025 a realizaci\u00f3n dunha auditor\u00eda operativa aos concellos que non cumpriron coa obriga de render as s\u00faas contas, segundo se prev\u00e9 no texto refundido da Lei reguladora das facendas locais (LRFC). \u201cA d\u00eda de hoxe, os concellos de Redondela, A R\u00faa e Ver\u00edn non presentaron en prazo ante o Tribunal de Contas a s\u00faa Conta Xeral do ano 2022, o que sup\u00f3n que se desco\u00f1eza a s\u00faa situaci\u00f3n econ\u00f3mica-financeira correspondente a ese ano e non poda ser obxecto de fiscalizaci\u00f3n por esta entidade\u201d, sinalou o portavoz popular, Alberto Pazos, nunhas declaraci\u00f3ns realizadas en Redondela.","og_url":"https:\/\/ppdegalicia.com\/es\/o-grupo-popular-pide-ao-consello-de-contas-que-realice-unha-auditoria-operativa-aos-concellos-que-non-cumpran-coa-obriga-de-render-as-suas-contas\/","og_site_name":"PP de Galicia","article_publisher":"https:\/\/www.instagram.com\/ppdegalicia\/","article_published_time":"2024-07-19T12:28:19+00:00","og_image":[{"width":1120,"height":747,"url":"https:\/\/ppdegalicia.com\/wp-content\/uploads\/2024\/07\/Alberto-Pazos-e-Javier-Bas-xunto-a-concelleiros-do-Grupo-Municipal-02.jpeg","type":"image\/jpeg"}],"author":"ppdegaliciaedtis","twitter_card":"summary_large_image","twitter_creator":"@ppdegalicia","twitter_site":"@ppdegalicia","twitter_misc":{"Escrito por":"ppdegaliciaedtis","Tiempo de lectura":"5 minutos"},"schema":{"@context":"https:\/\/schema.org","@graph":[{"@type":"Article","@id":"https:\/\/ppdegalicia.com\/es\/o-grupo-popular-pide-ao-consello-de-contas-que-realice-unha-auditoria-operativa-aos-concellos-que-non-cumpran-coa-obriga-de-render-as-suas-contas\/#article","isPartOf":{"@id":"https:\/\/ppdegalicia.com\/es\/o-grupo-popular-pide-ao-consello-de-contas-que-realice-unha-auditoria-operativa-aos-concellos-que-non-cumpran-coa-obriga-de-render-as-suas-contas\/"},"author":{"name":"ppdegaliciaedtis","@id":"https:\/\/ppdegalicia.com\/es\/#\/schema\/person\/bc9b46e59ebd34bf28611158c3867388"},"headline":"O Grupo Popular pide ao Consello de Contas que realice unha auditor\u00eda operativa aos concellos que non cumpran coa obriga de render as s\u00faas contas","datePublished":"2024-07-19T12:28:19+00:00","mainEntityOfPage":{"@id":"https:\/\/ppdegalicia.com\/es\/o-grupo-popular-pide-ao-consello-de-contas-que-realice-unha-auditoria-operativa-aos-concellos-que-non-cumpran-coa-obriga-de-render-as-suas-contas\/"},"wordCount":913,"publisher":{"@id":"https:\/\/ppdegalicia.com\/es\/#organization"},"image":{"@id":"https:\/\/ppdegalicia.com\/es\/o-grupo-popular-pide-ao-consello-de-contas-que-realice-unha-auditoria-operativa-aos-concellos-que-non-cumpran-coa-obriga-de-render-as-suas-contas\/#primaryimage"},"thumbnailUrl":"https:\/\/ppdegalicia.com\/wp-content\/uploads\/2024\/07\/Alberto-Pazos-e-Javier-Bas-xunto-a-concelleiros-do-Grupo-Municipal-02.jpeg","articleSection":["Parlamento de Galicia"],"inLanguage":"es"},{"@type":"WebPage","@id":"https:\/\/ppdegalicia.com\/es\/o-grupo-popular-pide-ao-consello-de-contas-que-realice-unha-auditoria-operativa-aos-concellos-que-non-cumpran-coa-obriga-de-render-as-suas-contas\/","url":"https:\/\/ppdegalicia.com\/es\/o-grupo-popular-pide-ao-consello-de-contas-que-realice-unha-auditoria-operativa-aos-concellos-que-non-cumpran-coa-obriga-de-render-as-suas-contas\/","name":"O Grupo Popular pide ao Consello de Contas que realice unha auditor\u00eda operativa aos concellos que non cumpran coa obriga de render as s\u00faas contas - PP de Galicia","isPartOf":{"@id":"https:\/\/ppdegalicia.com\/es\/#website"},"primaryImageOfPage":{"@id":"https:\/\/ppdegalicia.com\/es\/o-grupo-popular-pide-ao-consello-de-contas-que-realice-unha-auditoria-operativa-aos-concellos-que-non-cumpran-coa-obriga-de-render-as-suas-contas\/#primaryimage"},"image":{"@id":"https:\/\/ppdegalicia.com\/es\/o-grupo-popular-pide-ao-consello-de-contas-que-realice-unha-auditoria-operativa-aos-concellos-que-non-cumpran-coa-obriga-de-render-as-suas-contas\/#primaryimage"},"thumbnailUrl":"https:\/\/ppdegalicia.com\/wp-content\/uploads\/2024\/07\/Alberto-Pazos-e-Javier-Bas-xunto-a-concelleiros-do-Grupo-Municipal-02.jpeg","datePublished":"2024-07-19T12:28:19+00:00","description":"O Grupo Popular v\u00e9n de solicitar ao Consello de Contas que incorpore no seu plan de traballo para 2025 a realizaci\u00f3n dunha auditor\u00eda operativa aos concellos que non cumpriron coa obriga de render as s\u00faas contas, segundo se prev\u00e9 no texto refundido da Lei reguladora das facendas locais (LRFC). \u201cA d\u00eda de hoxe, os concellos de Redondela, A R\u00faa e Ver\u00edn non presentaron en prazo ante o Tribunal de Contas a s\u00faa Conta Xeral do ano 2022, o que sup\u00f3n que se desco\u00f1eza a s\u00faa situaci\u00f3n econ\u00f3mica-financeira correspondente a ese ano e non poda ser obxecto de fiscalizaci\u00f3n por esta entidade\u201d, sinalou o portavoz popular, Alberto Pazos, nunhas declaraci\u00f3ns realizadas en Redondela.","breadcrumb":{"@id":"https:\/\/ppdegalicia.com\/es\/o-grupo-popular-pide-ao-consello-de-contas-que-realice-unha-auditoria-operativa-aos-concellos-que-non-cumpran-coa-obriga-de-render-as-suas-contas\/#breadcrumb"},"inLanguage":"es","potentialAction":[{"@type":"ReadAction","target":["https:\/\/ppdegalicia.com\/es\/o-grupo-popular-pide-ao-consello-de-contas-que-realice-unha-auditoria-operativa-aos-concellos-que-non-cumpran-coa-obriga-de-render-as-suas-contas\/"]}]},{"@type":"ImageObject","inLanguage":"es","@id":"https:\/\/ppdegalicia.com\/es\/o-grupo-popular-pide-ao-consello-de-contas-que-realice-unha-auditoria-operativa-aos-concellos-que-non-cumpran-coa-obriga-de-render-as-suas-contas\/#primaryimage","url":"https:\/\/ppdegalicia.com\/wp-content\/uploads\/2024\/07\/Alberto-Pazos-e-Javier-Bas-xunto-a-concelleiros-do-Grupo-Municipal-02.jpeg","contentUrl":"https:\/\/ppdegalicia.com\/wp-content\/uploads\/2024\/07\/Alberto-Pazos-e-Javier-Bas-xunto-a-concelleiros-do-Grupo-Municipal-02.jpeg","width":1120,"height":747},{"@type":"BreadcrumbList","@id":"https:\/\/ppdegalicia.com\/es\/o-grupo-popular-pide-ao-consello-de-contas-que-realice-unha-auditoria-operativa-aos-concellos-que-non-cumpran-coa-obriga-de-render-as-suas-contas\/#breadcrumb","itemListElement":[{"@type":"ListItem","position":1,"name":"Portada","item":"https:\/\/ppdegalicia.com\/es\/"},{"@type":"ListItem","position":2,"name":"O Grupo Popular pide ao Consello de Contas que realice unha auditor\u00eda operativa aos concellos que non cumpran coa obriga de render as s\u00faas contas"}]},{"@type":"WebSite","@id":"https:\/\/ppdegalicia.com\/es\/#website","url":"https:\/\/ppdegalicia.com\/es\/","name":"Partido Popular de Galicia","description":"Partido Popular de Galicia","publisher":{"@id":"https:\/\/ppdegalicia.com\/es\/#organization"},"alternateName":"PP de Galicia","potentialAction":[{"@type":"SearchAction","target":{"@type":"EntryPoint","urlTemplate":"https:\/\/ppdegalicia.com\/es\/?s={search_term_string}"},"query-input":{"@type":"PropertyValueSpecification","valueRequired":true,"valueName":"search_term_string"}}],"inLanguage":"es"},{"@type":"Organization","@id":"https:\/\/ppdegalicia.com\/es\/#organization","name":"Partido Popular de Galicia","alternateName":"PP de Galicia","url":"https:\/\/ppdegalicia.com\/es\/","logo":{"@type":"ImageObject","inLanguage":"es","@id":"https:\/\/ppdegalicia.com\/es\/#\/schema\/logo\/image\/","url":"https:\/\/ppdegalicia.com\/wp-content\/uploads\/2023\/04\/logoPP512.png","contentUrl":"https:\/\/ppdegalicia.com\/wp-content\/uploads\/2023\/04\/logoPP512.png","width":512,"height":512,"caption":"Partido Popular de Galicia"},"image":{"@id":"https:\/\/ppdegalicia.com\/es\/#\/schema\/logo\/image\/"},"sameAs":["https:\/\/www.instagram.com\/ppdegalicia\/","https:\/\/x.com\/ppdegalicia","https:\/\/www.tiktok.com\/@ppdegalicia","https:\/\/www.youtube.com\/user\/ppdegalicia"]},{"@type":"Person","@id":"https:\/\/ppdegalicia.com\/es\/#\/schema\/person\/bc9b46e59ebd34bf28611158c3867388","name":"ppdegaliciaedtis","image":{"@type":"ImageObject","inLanguage":"es","@id":"https:\/\/secure.gravatar.com\/avatar\/f9f8cf6e03df54a1b0d04a6b4b8e8c6bd63c10a439752e84d87a5385aefe2ced?s=96&d=mm&r=g","url":"https:\/\/secure.gravatar.com\/avatar\/f9f8cf6e03df54a1b0d04a6b4b8e8c6bd63c10a439752e84d87a5385aefe2ced?s=96&d=mm&r=g","contentUrl":"https:\/\/secure.gravatar.com\/avatar\/f9f8cf6e03df54a1b0d04a6b4b8e8c6bd63c10a439752e84d87a5385aefe2ced?s=96&d=mm&r=g","caption":"ppdegaliciaedtis"},"url":"https:\/\/ppdegalicia.com\/es\/author\/ppdegaliciaedits\/"}]}},"_links":{"self":[{"href":"https:\/\/ppdegalicia.com\/es\/wp-json\/wp\/v2\/posts\/63992","targetHints":{"allow":["GET"]}}],"collection":[{"href":"https:\/\/ppdegalicia.com\/es\/wp-json\/wp\/v2\/posts"}],"about":[{"href":"https:\/\/ppdegalicia.com\/es\/wp-json\/wp\/v2\/types\/post"}],"author":[{"embeddable":true,"href":"https:\/\/ppdegalicia.com\/es\/wp-json\/wp\/v2\/users\/40"}],"replies":[{"embeddable":true,"href":"https:\/\/ppdegalicia.com\/es\/wp-json\/wp\/v2\/comments?post=63992"}],"version-history":[{"count":1,"href":"https:\/\/ppdegalicia.com\/es\/wp-json\/wp\/v2\/posts\/63992\/revisions"}],"predecessor-version":[{"id":63995,"href":"https:\/\/ppdegalicia.com\/es\/wp-json\/wp\/v2\/posts\/63992\/revisions\/63995"}],"wp:featuredmedia":[{"embeddable":true,"href":"https:\/\/ppdegalicia.com\/es\/wp-json\/wp\/v2\/media\/63993"}],"wp:attachment":[{"href":"https:\/\/ppdegalicia.com\/es\/wp-json\/wp\/v2\/media?parent=63992"}],"wp:term":[{"taxonomy":"category","embeddable":true,"href":"https:\/\/ppdegalicia.com\/es\/wp-json\/wp\/v2\/categories?post=63992"},{"taxonomy":"post_tag","embeddable":true,"href":"https:\/\/ppdegalicia.com\/es\/wp-json\/wp\/v2\/tags?post=63992"}],"curies":[{"name":"wp","href":"https:\/\/api.w.org\/{rel}","templated":true}]}}