{"id":64049,"date":"2024-07-31T14:23:37","date_gmt":"2024-07-31T13:23:37","guid":{"rendered":"https:\/\/ppdegalicia.com\/?p=64049"},"modified":"2024-07-31T14:23:37","modified_gmt":"2024-07-31T13:23:37","slug":"o-ppdeg-indignado-ante-a-actitude-do-bng-respecto-as-eleccions-de-venezuela-galicia-non-quere-a-un-partido-que-esta-con-maduro","status":"publish","type":"post","link":"https:\/\/ppdegalicia.com\/es\/o-ppdeg-indignado-ante-a-actitude-do-bng-respecto-as-eleccions-de-venezuela-galicia-non-quere-a-un-partido-que-esta-con-maduro\/","title":{"rendered":"O PPdeG, indignado ante a actitude do BNG respecto \u00e1s elecci\u00f3ns de Venezuela: \u201cGalicia non quere a un partido que est\u00e1 con Maduro\u201d"},"content":{"rendered":"<p style=\"font-weight: 400;\">O Partido Popular de Galicia fai s\u00faa a indignaci\u00f3n da comunidade venezolana na nosa Comunidade e, solidariz\u00e1ndose con ela, denuncia a actitude do BNG respecto \u00e1s elecci\u00f3ns de Venezuela do pasado domingo e os \u201cresultados sospeitosos\u201d de Nicol\u00e1s Maduro.<\/p>\n<p style=\"font-weight: 400;\">\u201c\u00c9 incrible a capacidade que ten o Bloque para situarse sempre no lado incorrecto da Historia e, neste caso, ao car\u00f3n dunha ditadura\u201d, afirma a secretaria xeral Paula Prado ao tempo que pon en evidencia \u201ca radicalidade que esconde o nacionalismo tras esa cara amable que intentaron mostrar, sen \u00e9xito, nas elecci\u00f3ns auton\u00f3micas\u201d.<\/p>\n<p style=\"font-weight: 400;\">Sost\u00e9n que cada vez son m\u00e1is os que \u201cse est\u00e1n baixando do barco bloqueiro\u201d, xa que \u201cGalicia non quere a un partido que est\u00e1 con Maduro e os seus resultados sospeitosos, con Putin, co comunismo e cos herdeiros de ETA\u201d.<\/p>\n","protected":false},"excerpt":{"rendered":"<p>O Partido Popular de Galicia fai s\u00faa a indignaci\u00f3n da comunidade venezolana na nosa Comunidade e, solidariz\u00e1ndose con ela, denuncia a actitude do BNG respecto \u00e1s elecci\u00f3ns de Venezuela do pasado domingo e os \u201cresultados sospeitosos\u201d de Nicol\u00e1s Maduro. \u201c\u00c9 incrible a capacidade que ten o Bloque para situarse sempre no lado incorrecto da Historia [&hellip;]<\/p>\n","protected":false},"author":40,"featured_media":64050,"comment_status":"closed","ping_status":"open","sticky":false,"template":"","format":"standard","meta":{"_acf_changed":false,"footnotes":""},"categories":[1],"tags":[],"class_list":["post-64049","post","type-post","status-publish","format-standard","has-post-thumbnail","hentry","category-pp-de-galicia"],"acf":[],"yoast_head":"<!-- This site is optimized with the Yoast SEO plugin v27.3 - https:\/\/yoast.com\/product\/yoast-seo-wordpress\/ -->\n<title>O PPdeG, indignado ante a actitude do BNG respecto \u00e1s elecci\u00f3ns de Venezuela: \u201cGalicia non quere a un partido que est\u00e1 con Maduro\u201d - PP de Galicia<\/title>\n<meta name=\"description\" content=\"O Partido Popular de Galicia fai s\u00faa a indignaci\u00f3n da comunidade venezolana na nosa Comunidade e, solidariz\u00e1ndose con ela, denuncia a actitude do BNG respecto \u00e1s elecci\u00f3ns de Venezuela do pasado domingo e os \u201cresultados sospeitosos\u201d de Nicol\u00e1s Maduro.\" \/>\n<meta name=\"robots\" content=\"index, follow, max-snippet:-1, max-image-preview:large, max-video-preview:-1\" \/>\n<link rel=\"canonical\" href=\"https:\/\/ppdegalicia.com\/es\/o-ppdeg-indignado-ante-a-actitude-do-bng-respecto-as-eleccions-de-venezuela-galicia-non-quere-a-un-partido-que-esta-con-maduro\/\" \/>\n<meta property=\"og:locale\" content=\"es_ES\" \/>\n<meta property=\"og:type\" content=\"article\" \/>\n<meta property=\"og:title\" content=\"O PPdeG, indignado ante a actitude do BNG respecto \u00e1s elecci\u00f3ns de Venezuela: \u201cGalicia non quere a un partido que est\u00e1 con Maduro\u201d - PP de Galicia\" \/>\n<meta property=\"og:description\" content=\"O Partido Popular de Galicia fai s\u00faa a indignaci\u00f3n da comunidade venezolana na nosa Comunidade e, solidariz\u00e1ndose con ela, denuncia a actitude do BNG respecto \u00e1s elecci\u00f3ns de Venezuela do pasado domingo e os \u201cresultados sospeitosos\u201d de Nicol\u00e1s Maduro.\" \/>\n<meta property=\"og:url\" content=\"https:\/\/ppdegalicia.com\/es\/o-ppdeg-indignado-ante-a-actitude-do-bng-respecto-as-eleccions-de-venezuela-galicia-non-quere-a-un-partido-que-esta-con-maduro\/\" \/>\n<meta property=\"og:site_name\" content=\"PP de Galicia\" \/>\n<meta property=\"article:publisher\" content=\"https:\/\/www.instagram.com\/ppdegalicia\/\" \/>\n<meta property=\"article:published_time\" content=\"2024-07-31T13:23:37+00:00\" \/>\n<meta property=\"og:image\" content=\"https:\/\/ppdegalicia.com\/wp-content\/uploads\/2024\/07\/20240731_PaulaPrado_ComunidadVenezolana.jpg\" \/>\n\t<meta property=\"og:image:width\" content=\"1200\" \/>\n\t<meta property=\"og:image:height\" content=\"800\" \/>\n\t<meta property=\"og:image:type\" content=\"image\/jpeg\" \/>\n<meta name=\"author\" content=\"ppdegaliciaedtis\" \/>\n<meta name=\"twitter:card\" content=\"summary_large_image\" \/>\n<meta name=\"twitter:creator\" content=\"@ppdegalicia\" \/>\n<meta name=\"twitter:site\" content=\"@ppdegalicia\" \/>\n<meta name=\"twitter:label1\" content=\"Escrito por\" \/>\n\t<meta name=\"twitter:data1\" content=\"ppdegaliciaedtis\" \/>\n\t<meta name=\"twitter:label2\" content=\"Tiempo de lectura\" \/>\n\t<meta name=\"twitter:data2\" content=\"1 minuto\" \/>\n<script type=\"application\/ld+json\" class=\"yoast-schema-graph\">{\"@context\":\"https:\\\/\\\/schema.org\",\"@graph\":[{\"@type\":\"Article\",\"@id\":\"https:\\\/\\\/ppdegalicia.com\\\/es\\\/o-ppdeg-indignado-ante-a-actitude-do-bng-respecto-as-eleccions-de-venezuela-galicia-non-quere-a-un-partido-que-esta-con-maduro\\\/#article\",\"isPartOf\":{\"@id\":\"https:\\\/\\\/ppdegalicia.com\\\/es\\\/o-ppdeg-indignado-ante-a-actitude-do-bng-respecto-as-eleccions-de-venezuela-galicia-non-quere-a-un-partido-que-esta-con-maduro\\\/\"},\"author\":{\"name\":\"ppdegaliciaedtis\",\"@id\":\"https:\\\/\\\/ppdegalicia.com\\\/es\\\/#\\\/schema\\\/person\\\/bc9b46e59ebd34bf28611158c3867388\"},\"headline\":\"O PPdeG, indignado ante a actitude do BNG respecto \u00e1s elecci\u00f3ns de Venezuela: \u201cGalicia non quere a un partido que est\u00e1 con Maduro\u201d\",\"datePublished\":\"2024-07-31T13:23:37+00:00\",\"mainEntityOfPage\":{\"@id\":\"https:\\\/\\\/ppdegalicia.com\\\/es\\\/o-ppdeg-indignado-ante-a-actitude-do-bng-respecto-as-eleccions-de-venezuela-galicia-non-quere-a-un-partido-que-esta-con-maduro\\\/\"},\"wordCount\":166,\"publisher\":{\"@id\":\"https:\\\/\\\/ppdegalicia.com\\\/es\\\/#organization\"},\"image\":{\"@id\":\"https:\\\/\\\/ppdegalicia.com\\\/es\\\/o-ppdeg-indignado-ante-a-actitude-do-bng-respecto-as-eleccions-de-venezuela-galicia-non-quere-a-un-partido-que-esta-con-maduro\\\/#primaryimage\"},\"thumbnailUrl\":\"https:\\\/\\\/ppdegalicia.com\\\/wp-content\\\/uploads\\\/2024\\\/07\\\/20240731_PaulaPrado_ComunidadVenezolana.jpg\",\"articleSection\":[\"PP de Galicia\"],\"inLanguage\":\"es\"},{\"@type\":\"WebPage\",\"@id\":\"https:\\\/\\\/ppdegalicia.com\\\/es\\\/o-ppdeg-indignado-ante-a-actitude-do-bng-respecto-as-eleccions-de-venezuela-galicia-non-quere-a-un-partido-que-esta-con-maduro\\\/\",\"url\":\"https:\\\/\\\/ppdegalicia.com\\\/es\\\/o-ppdeg-indignado-ante-a-actitude-do-bng-respecto-as-eleccions-de-venezuela-galicia-non-quere-a-un-partido-que-esta-con-maduro\\\/\",\"name\":\"O PPdeG, indignado ante a actitude do BNG respecto \u00e1s elecci\u00f3ns de Venezuela: \u201cGalicia non quere a un partido que est\u00e1 con Maduro\u201d - PP de Galicia\",\"isPartOf\":{\"@id\":\"https:\\\/\\\/ppdegalicia.com\\\/es\\\/#website\"},\"primaryImageOfPage\":{\"@id\":\"https:\\\/\\\/ppdegalicia.com\\\/es\\\/o-ppdeg-indignado-ante-a-actitude-do-bng-respecto-as-eleccions-de-venezuela-galicia-non-quere-a-un-partido-que-esta-con-maduro\\\/#primaryimage\"},\"image\":{\"@id\":\"https:\\\/\\\/ppdegalicia.com\\\/es\\\/o-ppdeg-indignado-ante-a-actitude-do-bng-respecto-as-eleccions-de-venezuela-galicia-non-quere-a-un-partido-que-esta-con-maduro\\\/#primaryimage\"},\"thumbnailUrl\":\"https:\\\/\\\/ppdegalicia.com\\\/wp-content\\\/uploads\\\/2024\\\/07\\\/20240731_PaulaPrado_ComunidadVenezolana.jpg\",\"datePublished\":\"2024-07-31T13:23:37+00:00\",\"description\":\"O Partido Popular de Galicia fai s\u00faa a indignaci\u00f3n da comunidade venezolana na nosa Comunidade e, solidariz\u00e1ndose con ela, denuncia a actitude do BNG respecto \u00e1s elecci\u00f3ns de Venezuela do pasado domingo e os \u201cresultados sospeitosos\u201d de Nicol\u00e1s Maduro.\",\"breadcrumb\":{\"@id\":\"https:\\\/\\\/ppdegalicia.com\\\/es\\\/o-ppdeg-indignado-ante-a-actitude-do-bng-respecto-as-eleccions-de-venezuela-galicia-non-quere-a-un-partido-que-esta-con-maduro\\\/#breadcrumb\"},\"inLanguage\":\"es\",\"potentialAction\":[{\"@type\":\"ReadAction\",\"target\":[\"https:\\\/\\\/ppdegalicia.com\\\/es\\\/o-ppdeg-indignado-ante-a-actitude-do-bng-respecto-as-eleccions-de-venezuela-galicia-non-quere-a-un-partido-que-esta-con-maduro\\\/\"]}]},{\"@type\":\"ImageObject\",\"inLanguage\":\"es\",\"@id\":\"https:\\\/\\\/ppdegalicia.com\\\/es\\\/o-ppdeg-indignado-ante-a-actitude-do-bng-respecto-as-eleccions-de-venezuela-galicia-non-quere-a-un-partido-que-esta-con-maduro\\\/#primaryimage\",\"url\":\"https:\\\/\\\/ppdegalicia.com\\\/wp-content\\\/uploads\\\/2024\\\/07\\\/20240731_PaulaPrado_ComunidadVenezolana.jpg\",\"contentUrl\":\"https:\\\/\\\/ppdegalicia.com\\\/wp-content\\\/uploads\\\/2024\\\/07\\\/20240731_PaulaPrado_ComunidadVenezolana.jpg\",\"width\":1200,\"height\":800},{\"@type\":\"BreadcrumbList\",\"@id\":\"https:\\\/\\\/ppdegalicia.com\\\/es\\\/o-ppdeg-indignado-ante-a-actitude-do-bng-respecto-as-eleccions-de-venezuela-galicia-non-quere-a-un-partido-que-esta-con-maduro\\\/#breadcrumb\",\"itemListElement\":[{\"@type\":\"ListItem\",\"position\":1,\"name\":\"Portada\",\"item\":\"https:\\\/\\\/ppdegalicia.com\\\/es\\\/\"},{\"@type\":\"ListItem\",\"position\":2,\"name\":\"O PPdeG, indignado ante a actitude do BNG respecto \u00e1s elecci\u00f3ns de Venezuela: \u201cGalicia non quere a un partido que est\u00e1 con Maduro\u201d\"}]},{\"@type\":\"WebSite\",\"@id\":\"https:\\\/\\\/ppdegalicia.com\\\/es\\\/#website\",\"url\":\"https:\\\/\\\/ppdegalicia.com\\\/es\\\/\",\"name\":\"Partido Popular de Galicia\",\"description\":\"Partido Popular de Galicia\",\"publisher\":{\"@id\":\"https:\\\/\\\/ppdegalicia.com\\\/es\\\/#organization\"},\"alternateName\":\"PP de Galicia\",\"potentialAction\":[{\"@type\":\"SearchAction\",\"target\":{\"@type\":\"EntryPoint\",\"urlTemplate\":\"https:\\\/\\\/ppdegalicia.com\\\/es\\\/?s={search_term_string}\"},\"query-input\":{\"@type\":\"PropertyValueSpecification\",\"valueRequired\":true,\"valueName\":\"search_term_string\"}}],\"inLanguage\":\"es\"},{\"@type\":\"Organization\",\"@id\":\"https:\\\/\\\/ppdegalicia.com\\\/es\\\/#organization\",\"name\":\"Partido Popular de Galicia\",\"alternateName\":\"PP de Galicia\",\"url\":\"https:\\\/\\\/ppdegalicia.com\\\/es\\\/\",\"logo\":{\"@type\":\"ImageObject\",\"inLanguage\":\"es\",\"@id\":\"https:\\\/\\\/ppdegalicia.com\\\/es\\\/#\\\/schema\\\/logo\\\/image\\\/\",\"url\":\"https:\\\/\\\/ppdegalicia.com\\\/wp-content\\\/uploads\\\/2023\\\/04\\\/logoPP512.png\",\"contentUrl\":\"https:\\\/\\\/ppdegalicia.com\\\/wp-content\\\/uploads\\\/2023\\\/04\\\/logoPP512.png\",\"width\":512,\"height\":512,\"caption\":\"Partido Popular de Galicia\"},\"image\":{\"@id\":\"https:\\\/\\\/ppdegalicia.com\\\/es\\\/#\\\/schema\\\/logo\\\/image\\\/\"},\"sameAs\":[\"https:\\\/\\\/www.instagram.com\\\/ppdegalicia\\\/\",\"https:\\\/\\\/x.com\\\/ppdegalicia\",\"https:\\\/\\\/www.tiktok.com\\\/@ppdegalicia\",\"https:\\\/\\\/www.youtube.com\\\/user\\\/ppdegalicia\"]},{\"@type\":\"Person\",\"@id\":\"https:\\\/\\\/ppdegalicia.com\\\/es\\\/#\\\/schema\\\/person\\\/bc9b46e59ebd34bf28611158c3867388\",\"name\":\"ppdegaliciaedtis\",\"image\":{\"@type\":\"ImageObject\",\"inLanguage\":\"es\",\"@id\":\"https:\\\/\\\/secure.gravatar.com\\\/avatar\\\/f9f8cf6e03df54a1b0d04a6b4b8e8c6bd63c10a439752e84d87a5385aefe2ced?s=96&d=mm&r=g\",\"url\":\"https:\\\/\\\/secure.gravatar.com\\\/avatar\\\/f9f8cf6e03df54a1b0d04a6b4b8e8c6bd63c10a439752e84d87a5385aefe2ced?s=96&d=mm&r=g\",\"contentUrl\":\"https:\\\/\\\/secure.gravatar.com\\\/avatar\\\/f9f8cf6e03df54a1b0d04a6b4b8e8c6bd63c10a439752e84d87a5385aefe2ced?s=96&d=mm&r=g\",\"caption\":\"ppdegaliciaedtis\"},\"url\":\"https:\\\/\\\/ppdegalicia.com\\\/es\\\/author\\\/ppdegaliciaedits\\\/\"}]}<\/script>\n<!-- \/ Yoast SEO plugin. -->","yoast_head_json":{"title":"O PPdeG, indignado ante a actitude do BNG respecto \u00e1s elecci\u00f3ns de Venezuela: \u201cGalicia non quere a un partido que est\u00e1 con Maduro\u201d - PP de Galicia","description":"O Partido Popular de Galicia fai s\u00faa a indignaci\u00f3n da comunidade venezolana na nosa Comunidade e, solidariz\u00e1ndose con ela, denuncia a actitude do BNG respecto \u00e1s elecci\u00f3ns de Venezuela do pasado domingo e os \u201cresultados sospeitosos\u201d de Nicol\u00e1s Maduro.","robots":{"index":"index","follow":"follow","max-snippet":"max-snippet:-1","max-image-preview":"max-image-preview:large","max-video-preview":"max-video-preview:-1"},"canonical":"https:\/\/ppdegalicia.com\/es\/o-ppdeg-indignado-ante-a-actitude-do-bng-respecto-as-eleccions-de-venezuela-galicia-non-quere-a-un-partido-que-esta-con-maduro\/","og_locale":"es_ES","og_type":"article","og_title":"O PPdeG, indignado ante a actitude do BNG respecto \u00e1s elecci\u00f3ns de Venezuela: \u201cGalicia non quere a un partido que est\u00e1 con Maduro\u201d - PP de Galicia","og_description":"O Partido Popular de Galicia fai s\u00faa a indignaci\u00f3n da comunidade venezolana na nosa Comunidade e, solidariz\u00e1ndose con ela, denuncia a actitude do BNG respecto \u00e1s elecci\u00f3ns de Venezuela do pasado domingo e os \u201cresultados sospeitosos\u201d de Nicol\u00e1s Maduro.","og_url":"https:\/\/ppdegalicia.com\/es\/o-ppdeg-indignado-ante-a-actitude-do-bng-respecto-as-eleccions-de-venezuela-galicia-non-quere-a-un-partido-que-esta-con-maduro\/","og_site_name":"PP de Galicia","article_publisher":"https:\/\/www.instagram.com\/ppdegalicia\/","article_published_time":"2024-07-31T13:23:37+00:00","og_image":[{"width":1200,"height":800,"url":"https:\/\/ppdegalicia.com\/wp-content\/uploads\/2024\/07\/20240731_PaulaPrado_ComunidadVenezolana.jpg","type":"image\/jpeg"}],"author":"ppdegaliciaedtis","twitter_card":"summary_large_image","twitter_creator":"@ppdegalicia","twitter_site":"@ppdegalicia","twitter_misc":{"Escrito por":"ppdegaliciaedtis","Tiempo de lectura":"1 minuto"},"schema":{"@context":"https:\/\/schema.org","@graph":[{"@type":"Article","@id":"https:\/\/ppdegalicia.com\/es\/o-ppdeg-indignado-ante-a-actitude-do-bng-respecto-as-eleccions-de-venezuela-galicia-non-quere-a-un-partido-que-esta-con-maduro\/#article","isPartOf":{"@id":"https:\/\/ppdegalicia.com\/es\/o-ppdeg-indignado-ante-a-actitude-do-bng-respecto-as-eleccions-de-venezuela-galicia-non-quere-a-un-partido-que-esta-con-maduro\/"},"author":{"name":"ppdegaliciaedtis","@id":"https:\/\/ppdegalicia.com\/es\/#\/schema\/person\/bc9b46e59ebd34bf28611158c3867388"},"headline":"O PPdeG, indignado ante a actitude do BNG respecto \u00e1s elecci\u00f3ns de Venezuela: \u201cGalicia non quere a un partido que est\u00e1 con Maduro\u201d","datePublished":"2024-07-31T13:23:37+00:00","mainEntityOfPage":{"@id":"https:\/\/ppdegalicia.com\/es\/o-ppdeg-indignado-ante-a-actitude-do-bng-respecto-as-eleccions-de-venezuela-galicia-non-quere-a-un-partido-que-esta-con-maduro\/"},"wordCount":166,"publisher":{"@id":"https:\/\/ppdegalicia.com\/es\/#organization"},"image":{"@id":"https:\/\/ppdegalicia.com\/es\/o-ppdeg-indignado-ante-a-actitude-do-bng-respecto-as-eleccions-de-venezuela-galicia-non-quere-a-un-partido-que-esta-con-maduro\/#primaryimage"},"thumbnailUrl":"https:\/\/ppdegalicia.com\/wp-content\/uploads\/2024\/07\/20240731_PaulaPrado_ComunidadVenezolana.jpg","articleSection":["PP de Galicia"],"inLanguage":"es"},{"@type":"WebPage","@id":"https:\/\/ppdegalicia.com\/es\/o-ppdeg-indignado-ante-a-actitude-do-bng-respecto-as-eleccions-de-venezuela-galicia-non-quere-a-un-partido-que-esta-con-maduro\/","url":"https:\/\/ppdegalicia.com\/es\/o-ppdeg-indignado-ante-a-actitude-do-bng-respecto-as-eleccions-de-venezuela-galicia-non-quere-a-un-partido-que-esta-con-maduro\/","name":"O PPdeG, indignado ante a actitude do BNG respecto \u00e1s elecci\u00f3ns de Venezuela: \u201cGalicia non quere a un partido que est\u00e1 con Maduro\u201d - PP de Galicia","isPartOf":{"@id":"https:\/\/ppdegalicia.com\/es\/#website"},"primaryImageOfPage":{"@id":"https:\/\/ppdegalicia.com\/es\/o-ppdeg-indignado-ante-a-actitude-do-bng-respecto-as-eleccions-de-venezuela-galicia-non-quere-a-un-partido-que-esta-con-maduro\/#primaryimage"},"image":{"@id":"https:\/\/ppdegalicia.com\/es\/o-ppdeg-indignado-ante-a-actitude-do-bng-respecto-as-eleccions-de-venezuela-galicia-non-quere-a-un-partido-que-esta-con-maduro\/#primaryimage"},"thumbnailUrl":"https:\/\/ppdegalicia.com\/wp-content\/uploads\/2024\/07\/20240731_PaulaPrado_ComunidadVenezolana.jpg","datePublished":"2024-07-31T13:23:37+00:00","description":"O Partido Popular de Galicia fai s\u00faa a indignaci\u00f3n da comunidade venezolana na nosa Comunidade e, solidariz\u00e1ndose con ela, denuncia a actitude do BNG respecto \u00e1s elecci\u00f3ns de Venezuela do pasado domingo e os \u201cresultados sospeitosos\u201d de Nicol\u00e1s Maduro.","breadcrumb":{"@id":"https:\/\/ppdegalicia.com\/es\/o-ppdeg-indignado-ante-a-actitude-do-bng-respecto-as-eleccions-de-venezuela-galicia-non-quere-a-un-partido-que-esta-con-maduro\/#breadcrumb"},"inLanguage":"es","potentialAction":[{"@type":"ReadAction","target":["https:\/\/ppdegalicia.com\/es\/o-ppdeg-indignado-ante-a-actitude-do-bng-respecto-as-eleccions-de-venezuela-galicia-non-quere-a-un-partido-que-esta-con-maduro\/"]}]},{"@type":"ImageObject","inLanguage":"es","@id":"https:\/\/ppdegalicia.com\/es\/o-ppdeg-indignado-ante-a-actitude-do-bng-respecto-as-eleccions-de-venezuela-galicia-non-quere-a-un-partido-que-esta-con-maduro\/#primaryimage","url":"https:\/\/ppdegalicia.com\/wp-content\/uploads\/2024\/07\/20240731_PaulaPrado_ComunidadVenezolana.jpg","contentUrl":"https:\/\/ppdegalicia.com\/wp-content\/uploads\/2024\/07\/20240731_PaulaPrado_ComunidadVenezolana.jpg","width":1200,"height":800},{"@type":"BreadcrumbList","@id":"https:\/\/ppdegalicia.com\/es\/o-ppdeg-indignado-ante-a-actitude-do-bng-respecto-as-eleccions-de-venezuela-galicia-non-quere-a-un-partido-que-esta-con-maduro\/#breadcrumb","itemListElement":[{"@type":"ListItem","position":1,"name":"Portada","item":"https:\/\/ppdegalicia.com\/es\/"},{"@type":"ListItem","position":2,"name":"O PPdeG, indignado ante a actitude do BNG respecto \u00e1s elecci\u00f3ns de Venezuela: \u201cGalicia non quere a un partido que est\u00e1 con Maduro\u201d"}]},{"@type":"WebSite","@id":"https:\/\/ppdegalicia.com\/es\/#website","url":"https:\/\/ppdegalicia.com\/es\/","name":"Partido Popular de Galicia","description":"Partido Popular de Galicia","publisher":{"@id":"https:\/\/ppdegalicia.com\/es\/#organization"},"alternateName":"PP de Galicia","potentialAction":[{"@type":"SearchAction","target":{"@type":"EntryPoint","urlTemplate":"https:\/\/ppdegalicia.com\/es\/?s={search_term_string}"},"query-input":{"@type":"PropertyValueSpecification","valueRequired":true,"valueName":"search_term_string"}}],"inLanguage":"es"},{"@type":"Organization","@id":"https:\/\/ppdegalicia.com\/es\/#organization","name":"Partido Popular de Galicia","alternateName":"PP de Galicia","url":"https:\/\/ppdegalicia.com\/es\/","logo":{"@type":"ImageObject","inLanguage":"es","@id":"https:\/\/ppdegalicia.com\/es\/#\/schema\/logo\/image\/","url":"https:\/\/ppdegalicia.com\/wp-content\/uploads\/2023\/04\/logoPP512.png","contentUrl":"https:\/\/ppdegalicia.com\/wp-content\/uploads\/2023\/04\/logoPP512.png","width":512,"height":512,"caption":"Partido Popular de Galicia"},"image":{"@id":"https:\/\/ppdegalicia.com\/es\/#\/schema\/logo\/image\/"},"sameAs":["https:\/\/www.instagram.com\/ppdegalicia\/","https:\/\/x.com\/ppdegalicia","https:\/\/www.tiktok.com\/@ppdegalicia","https:\/\/www.youtube.com\/user\/ppdegalicia"]},{"@type":"Person","@id":"https:\/\/ppdegalicia.com\/es\/#\/schema\/person\/bc9b46e59ebd34bf28611158c3867388","name":"ppdegaliciaedtis","image":{"@type":"ImageObject","inLanguage":"es","@id":"https:\/\/secure.gravatar.com\/avatar\/f9f8cf6e03df54a1b0d04a6b4b8e8c6bd63c10a439752e84d87a5385aefe2ced?s=96&d=mm&r=g","url":"https:\/\/secure.gravatar.com\/avatar\/f9f8cf6e03df54a1b0d04a6b4b8e8c6bd63c10a439752e84d87a5385aefe2ced?s=96&d=mm&r=g","contentUrl":"https:\/\/secure.gravatar.com\/avatar\/f9f8cf6e03df54a1b0d04a6b4b8e8c6bd63c10a439752e84d87a5385aefe2ced?s=96&d=mm&r=g","caption":"ppdegaliciaedtis"},"url":"https:\/\/ppdegalicia.com\/es\/author\/ppdegaliciaedits\/"}]}},"_links":{"self":[{"href":"https:\/\/ppdegalicia.com\/es\/wp-json\/wp\/v2\/posts\/64049","targetHints":{"allow":["GET"]}}],"collection":[{"href":"https:\/\/ppdegalicia.com\/es\/wp-json\/wp\/v2\/posts"}],"about":[{"href":"https:\/\/ppdegalicia.com\/es\/wp-json\/wp\/v2\/types\/post"}],"author":[{"embeddable":true,"href":"https:\/\/ppdegalicia.com\/es\/wp-json\/wp\/v2\/users\/40"}],"replies":[{"embeddable":true,"href":"https:\/\/ppdegalicia.com\/es\/wp-json\/wp\/v2\/comments?post=64049"}],"version-history":[{"count":1,"href":"https:\/\/ppdegalicia.com\/es\/wp-json\/wp\/v2\/posts\/64049\/revisions"}],"predecessor-version":[{"id":64052,"href":"https:\/\/ppdegalicia.com\/es\/wp-json\/wp\/v2\/posts\/64049\/revisions\/64052"}],"wp:featuredmedia":[{"embeddable":true,"href":"https:\/\/ppdegalicia.com\/es\/wp-json\/wp\/v2\/media\/64050"}],"wp:attachment":[{"href":"https:\/\/ppdegalicia.com\/es\/wp-json\/wp\/v2\/media?parent=64049"}],"wp:term":[{"taxonomy":"category","embeddable":true,"href":"https:\/\/ppdegalicia.com\/es\/wp-json\/wp\/v2\/categories?post=64049"},{"taxonomy":"post_tag","embeddable":true,"href":"https:\/\/ppdegalicia.com\/es\/wp-json\/wp\/v2\/tags?post=64049"}],"curies":[{"name":"wp","href":"https:\/\/api.w.org\/{rel}","templated":true}]}}