{"id":64066,"date":"2024-08-12T12:58:23","date_gmt":"2024-08-12T11:58:23","guid":{"rendered":"https:\/\/ppdegalicia.com\/?p=64066"},"modified":"2024-08-12T12:58:23","modified_gmt":"2024-08-12T11:58:23","slug":"o-grupo-popular-solicita-dunha-vez-por-todas-que-o-goberno-central-priorice-o-corredor-atlantico-porque-o-noroeste-peninsular-non-merece-ser-menos-que-ninguen","status":"publish","type":"post","link":"https:\/\/ppdegalicia.com\/es\/o-grupo-popular-solicita-dunha-vez-por-todas-que-o-goberno-central-priorice-o-corredor-atlantico-porque-o-noroeste-peninsular-non-merece-ser-menos-que-ninguen\/","title":{"rendered":"O Grupo Popular solicita \u201cdunha vez por todas\u201d que o Goberno central priorice o Corredor Atl\u00e1ntico porque o noroeste peninsular \u201cnon merece ser menos que ningu\u00e9n\u201d"},"content":{"rendered":"<p>O viceportavoz do Grupo Popular Julio Garc\u00eda Comesa\u00f1a anunciou hoxe en rolda de prensa unha iniciativa parlamentaria encami\u00f1ada a que o Goberno central \u201cpriorice, dunha vez por todas o Corredor Atl\u00e1ntico de mercador\u00edas ferroviarias porque o noroeste peninsular non merece ser menos que ningu\u00e9n\u201d.<\/p>\n<p>\u201cFartos do desprezo a unha rede que consideramos prioritaria para a UE e todo o noroeste, insistimos na necesidade de inclu\u00edla entre os proxectos que optan a financiamento europeo, como un dos tramos imprescindibles na rede ferroviaria transfronteiriza\u201d indicou Julio Garcia.<\/p>\n<p>O viceportavoz popular sinalou que, nese sentido, a iniciativa popular solicita que se incorpore no plan director o investimento de 8.000M\u20ac adicionais co obxecto de avanzar nas actuaci\u00f3ns e compromisos que Galicia, Asturias e Castela e Le\u00f3n te\u00f1en identificadas como prioritarias no desenvolvemento desta infraestrutura estrat\u00e9xica.<\/p>\n<p>\u201cParece que ao Goberno de Espa\u00f1a s\u00f3 lle interesa as comunidades que lle son precisas para comprar socios cos que se poida manterse na Moncloa e abandona o noroeste peninsular ao contrario que est\u00e1 a ocorrer co Corredor Mediterr\u00e1neo, que ten recibido 165M\u20ac nos dous \u00faltimos anos\u201d indicou Julio Garc\u00eda.<\/p>\n<p>Para o parlamentario popular \u201cGalicia non pode permitir estes agravios, lamentamos esa fuxida do Goberno central e seguiremos sendo firmes defensores dunha pol\u00edtica xusta para a nosa comunidade\u201d, sinalando as\u00ed mesmo que na iniciativa presentada no Parlamento tam\u00e9n demandar\u00e1n o impulso dun plan extraordinario de investimentos para a modernizaci\u00f3n do ferrocarril de mercador\u00edas \u201cque equilibre e compense o escaso desenvolvemento que sufrimos nesta materia\u201d.<\/p>\n<p>\u201cPorque xa est\u00e1 ben de tomarlle o pelo aos galegos, de priorizar uns territorios en detrimento doutros, de fomentar a desigualdade en todos os \u00e1mbitos, de xerar problemas en vez de solucionalos e de ningunear a unha comunidades e favorecer a outras tan s\u00f3 por intereses electorais e partidistas\u201d indicou Julio Garc\u00eda.<\/p>\n<p><strong>GALICIA PIONEIRA NA REGULACI\u00d3N DA INTELIXENCIA ARTIFICIAL<\/strong><\/p>\n<p>O viceportavoz popular tam\u00e9n resaltou na rolda de prensa que o Parlamento est\u00e1 xa a traballar no desenvolvemento da lei galega que regula a intelixencia artificial (IA). Nese sentido, sinalou que Galicia ser\u00e1 a primeira comunidade aut\u00f3noma en ter unha lei que garantir\u00e1 o bo uso desta tecnolox\u00eda na Administraci\u00f3n e que protexer\u00e1 os dereitos da cidadan\u00eda.<\/p>\n<p>\u201cSeremos tam\u00e9n unha das primeiras rexi\u00f3ns de Europa en desenvolver esta tecnolox\u00eda, como unha folla de ruta para orientar, ao servizo da cidadan\u00eda para a s\u00faa aplicaci\u00f3n por parte da sociedade e do tecido produtivo, cunha normativa acorde co Regulamento europeo que entrou en vigor o pasado d\u00eda 1 de agosto\u201d indicou Julio Garc\u00eda.<\/p>\n<p>Esta lei fixar\u00e1 os principios \u00e9ticos reitores do dese\u00f1o, adquisici\u00f3n, implementaci\u00f3n e uso de sistemas de IA e reco\u00f1ece a cidadan\u00eda, con car\u00e1cter vinculante, unha serie de dereitos e establece un marco legal uniforme en li\u00f1a cos valores e a normativa establecida polas instituci\u00f3ns europeas.<\/p>\n<p>As\u00ed mesmo, indicou, esta lei aumentar\u00e1 a capacidade para atraer e reter talento e persoal cualificado a Galicia e implementa sistemas de formaci\u00f3n e capacitaci\u00f3n en materia de IA na nosa Comunidade.<\/p>\n<p>Julio Garc\u00eda sinalou que o anteproxecto de lei da IA en Galicia recibiu 12 alegaci\u00f3ns e foi compartido con entidades do \u00e1mbito europeo, estatal e auton\u00f3mico, as\u00ed como coas tres universidades galegas. Tam\u00e9n foi presentada na Comisi\u00f3n de expertos para o asesoramento no uso \u00e9tico da IA en Galicia, no Consello t\u00e9cnico asesor en IA e Espazo de Datos do Sistema P\u00fablico de Sa\u00fade de Galicia, na Confederaci\u00f3n de Empresarios de Galicia e aos grupos parlamentarios no Parlamento de Galicia.<\/p>\n<p>Lembrou tam\u00e9n Julio Garc\u00eda que Galicia ten un especial protagonismo neste \u00e1mbito, xa que A Coru\u00f1a ser\u00e1 sede da AESIA (Axencia Espa\u00f1ola de Supervisi\u00f3n da Intelixencia Artificial) porque o Goberno da Xunta formalizou a s\u00faa candidatura, un proxecto de pa\u00eds no que a Xunta contou co apio, uni\u00f3n e compromiso do tecido empresarial galego.<\/p>\n<p><strong>PARTICIPACI\u00d3N GALEGA NOS XOGOS OL\u00cdMPICOS<\/strong><\/p>\n<p>O viceportavoz popular tam\u00e9n aproveitou a rolda de prensa para felicitar aos deportistas que participaron nos Xogos Ol\u00edmpicos de Par\u00eds, que ve\u00f1en de rematar esta fin de semana, e nomeadamente aos galegos polo seu esforzo, entrega e compromiso que sen d\u00fabida tiveron para chegar a participar nestes Xogos.<\/p>\n<p>\u201cMandamos un agarimoso sa\u00fado aos 5 medallistas e os 11 diplomas ol\u00edmpicos galegos e ao resto da delegaci\u00f3n galega polo seu esforzo ao longo deste tempo e nos congratulamos dos grandes deportistas de alto nivel que existen na nosa Comunidade\u201d sinalou Julio Garc\u00eda.<\/p>\n","protected":false},"excerpt":{"rendered":"<p>O viceportavoz do Grupo Popular Julio Garc\u00eda Comesa\u00f1a anunciou hoxe en rolda de prensa unha iniciativa parlamentaria encami\u00f1ada a que o Goberno central \u201cpriorice, dunha vez por todas o Corredor Atl\u00e1ntico de mercador\u00edas ferroviarias porque o noroeste peninsular non merece ser menos que ningu\u00e9n\u201d. \u201cFartos do desprezo a unha rede que consideramos prioritaria para a [&hellip;]<\/p>\n","protected":false},"author":40,"featured_media":64067,"comment_status":"closed","ping_status":"open","sticky":false,"template":"","format":"standard","meta":{"_acf_changed":false,"footnotes":""},"categories":[1128],"tags":[],"class_list":["post-64066","post","type-post","status-publish","format-standard","has-post-thumbnail","hentry","category-actualidad-parlamento-de-galicia"],"acf":[],"yoast_head":"<!-- This site is optimized with the Yoast SEO plugin v27.3 - https:\/\/yoast.com\/product\/yoast-seo-wordpress\/ -->\n<title>O Grupo Popular solicita \u201cdunha vez por todas\u201d que o Goberno central priorice o Corredor Atl\u00e1ntico porque o noroeste peninsular \u201cnon merece ser menos que ningu\u00e9n\u201d - PP de Galicia<\/title>\n<meta name=\"description\" content=\"O viceportavoz do Grupo Popular Julio Garc\u00eda Comesa\u00f1a anunciou hoxe en rolda de prensa unha iniciativa parlamentaria encami\u00f1ada a que o Goberno central \u201cpriorice, dunha vez por todas o Corredor Atl\u00e1ntico de mercador\u00edas ferroviarias porque o noroeste peninsular non merece ser menos que ningu\u00e9n\u201d.\" \/>\n<meta name=\"robots\" content=\"index, follow, max-snippet:-1, max-image-preview:large, max-video-preview:-1\" \/>\n<link rel=\"canonical\" href=\"https:\/\/ppdegalicia.com\/es\/o-grupo-popular-solicita-dunha-vez-por-todas-que-o-goberno-central-priorice-o-corredor-atlantico-porque-o-noroeste-peninsular-non-merece-ser-menos-que-ninguen\/\" \/>\n<meta property=\"og:locale\" content=\"es_ES\" \/>\n<meta property=\"og:type\" content=\"article\" \/>\n<meta property=\"og:title\" content=\"O Grupo Popular solicita \u201cdunha vez por todas\u201d que o Goberno central priorice o Corredor Atl\u00e1ntico porque o noroeste peninsular \u201cnon merece ser menos que ningu\u00e9n\u201d - PP de Galicia\" \/>\n<meta property=\"og:description\" content=\"O viceportavoz do Grupo Popular Julio Garc\u00eda Comesa\u00f1a anunciou hoxe en rolda de prensa unha iniciativa parlamentaria encami\u00f1ada a que o Goberno central \u201cpriorice, dunha vez por todas o Corredor Atl\u00e1ntico de mercador\u00edas ferroviarias porque o noroeste peninsular non merece ser menos que ningu\u00e9n\u201d.\" \/>\n<meta property=\"og:url\" content=\"https:\/\/ppdegalicia.com\/es\/o-grupo-popular-solicita-dunha-vez-por-todas-que-o-goberno-central-priorice-o-corredor-atlantico-porque-o-noroeste-peninsular-non-merece-ser-menos-que-ninguen\/\" \/>\n<meta property=\"og:site_name\" content=\"PP de Galicia\" \/>\n<meta property=\"article:publisher\" content=\"https:\/\/www.instagram.com\/ppdegalicia\/\" \/>\n<meta property=\"article:published_time\" content=\"2024-08-12T11:58:23+00:00\" \/>\n<meta property=\"og:image\" content=\"https:\/\/ppdegalicia.com\/wp-content\/uploads\/2024\/08\/20240812_JulioGarciaComesana-1-scaled.jpg\" \/>\n\t<meta property=\"og:image:width\" content=\"2560\" \/>\n\t<meta property=\"og:image:height\" content=\"1706\" \/>\n\t<meta property=\"og:image:type\" content=\"image\/jpeg\" \/>\n<meta name=\"author\" content=\"ppdegaliciaedtis\" \/>\n<meta name=\"twitter:card\" content=\"summary_large_image\" \/>\n<meta name=\"twitter:creator\" content=\"@ppdegalicia\" \/>\n<meta name=\"twitter:site\" content=\"@ppdegalicia\" \/>\n<meta name=\"twitter:label1\" content=\"Escrito por\" \/>\n\t<meta name=\"twitter:data1\" content=\"ppdegaliciaedtis\" \/>\n\t<meta name=\"twitter:label2\" content=\"Tiempo de lectura\" \/>\n\t<meta name=\"twitter:data2\" content=\"5 minutos\" \/>\n<script type=\"application\/ld+json\" class=\"yoast-schema-graph\">{\"@context\":\"https:\\\/\\\/schema.org\",\"@graph\":[{\"@type\":\"Article\",\"@id\":\"https:\\\/\\\/ppdegalicia.com\\\/es\\\/o-grupo-popular-solicita-dunha-vez-por-todas-que-o-goberno-central-priorice-o-corredor-atlantico-porque-o-noroeste-peninsular-non-merece-ser-menos-que-ninguen\\\/#article\",\"isPartOf\":{\"@id\":\"https:\\\/\\\/ppdegalicia.com\\\/es\\\/o-grupo-popular-solicita-dunha-vez-por-todas-que-o-goberno-central-priorice-o-corredor-atlantico-porque-o-noroeste-peninsular-non-merece-ser-menos-que-ninguen\\\/\"},\"author\":{\"name\":\"ppdegaliciaedtis\",\"@id\":\"https:\\\/\\\/ppdegalicia.com\\\/es\\\/#\\\/schema\\\/person\\\/bc9b46e59ebd34bf28611158c3867388\"},\"headline\":\"O Grupo Popular solicita \u201cdunha vez por todas\u201d que o Goberno central priorice o Corredor Atl\u00e1ntico porque o noroeste peninsular \u201cnon merece ser menos que ningu\u00e9n\u201d\",\"datePublished\":\"2024-08-12T11:58:23+00:00\",\"mainEntityOfPage\":{\"@id\":\"https:\\\/\\\/ppdegalicia.com\\\/es\\\/o-grupo-popular-solicita-dunha-vez-por-todas-que-o-goberno-central-priorice-o-corredor-atlantico-porque-o-noroeste-peninsular-non-merece-ser-menos-que-ninguen\\\/\"},\"wordCount\":818,\"publisher\":{\"@id\":\"https:\\\/\\\/ppdegalicia.com\\\/es\\\/#organization\"},\"image\":{\"@id\":\"https:\\\/\\\/ppdegalicia.com\\\/es\\\/o-grupo-popular-solicita-dunha-vez-por-todas-que-o-goberno-central-priorice-o-corredor-atlantico-porque-o-noroeste-peninsular-non-merece-ser-menos-que-ninguen\\\/#primaryimage\"},\"thumbnailUrl\":\"https:\\\/\\\/ppdegalicia.com\\\/wp-content\\\/uploads\\\/2024\\\/08\\\/20240812_JulioGarciaComesana-1-scaled.jpg\",\"articleSection\":[\"Parlamento de Galicia\"],\"inLanguage\":\"es\"},{\"@type\":\"WebPage\",\"@id\":\"https:\\\/\\\/ppdegalicia.com\\\/es\\\/o-grupo-popular-solicita-dunha-vez-por-todas-que-o-goberno-central-priorice-o-corredor-atlantico-porque-o-noroeste-peninsular-non-merece-ser-menos-que-ninguen\\\/\",\"url\":\"https:\\\/\\\/ppdegalicia.com\\\/es\\\/o-grupo-popular-solicita-dunha-vez-por-todas-que-o-goberno-central-priorice-o-corredor-atlantico-porque-o-noroeste-peninsular-non-merece-ser-menos-que-ninguen\\\/\",\"name\":\"O Grupo Popular solicita \u201cdunha vez por todas\u201d que o Goberno central priorice o Corredor Atl\u00e1ntico porque o noroeste peninsular \u201cnon merece ser menos que ningu\u00e9n\u201d - PP de Galicia\",\"isPartOf\":{\"@id\":\"https:\\\/\\\/ppdegalicia.com\\\/es\\\/#website\"},\"primaryImageOfPage\":{\"@id\":\"https:\\\/\\\/ppdegalicia.com\\\/es\\\/o-grupo-popular-solicita-dunha-vez-por-todas-que-o-goberno-central-priorice-o-corredor-atlantico-porque-o-noroeste-peninsular-non-merece-ser-menos-que-ninguen\\\/#primaryimage\"},\"image\":{\"@id\":\"https:\\\/\\\/ppdegalicia.com\\\/es\\\/o-grupo-popular-solicita-dunha-vez-por-todas-que-o-goberno-central-priorice-o-corredor-atlantico-porque-o-noroeste-peninsular-non-merece-ser-menos-que-ninguen\\\/#primaryimage\"},\"thumbnailUrl\":\"https:\\\/\\\/ppdegalicia.com\\\/wp-content\\\/uploads\\\/2024\\\/08\\\/20240812_JulioGarciaComesana-1-scaled.jpg\",\"datePublished\":\"2024-08-12T11:58:23+00:00\",\"description\":\"O viceportavoz do Grupo Popular Julio Garc\u00eda Comesa\u00f1a anunciou hoxe en rolda de prensa unha iniciativa parlamentaria encami\u00f1ada a que o Goberno central \u201cpriorice, dunha vez por todas o Corredor Atl\u00e1ntico de mercador\u00edas ferroviarias porque o noroeste peninsular non merece ser menos que ningu\u00e9n\u201d.\",\"breadcrumb\":{\"@id\":\"https:\\\/\\\/ppdegalicia.com\\\/es\\\/o-grupo-popular-solicita-dunha-vez-por-todas-que-o-goberno-central-priorice-o-corredor-atlantico-porque-o-noroeste-peninsular-non-merece-ser-menos-que-ninguen\\\/#breadcrumb\"},\"inLanguage\":\"es\",\"potentialAction\":[{\"@type\":\"ReadAction\",\"target\":[\"https:\\\/\\\/ppdegalicia.com\\\/es\\\/o-grupo-popular-solicita-dunha-vez-por-todas-que-o-goberno-central-priorice-o-corredor-atlantico-porque-o-noroeste-peninsular-non-merece-ser-menos-que-ninguen\\\/\"]}]},{\"@type\":\"ImageObject\",\"inLanguage\":\"es\",\"@id\":\"https:\\\/\\\/ppdegalicia.com\\\/es\\\/o-grupo-popular-solicita-dunha-vez-por-todas-que-o-goberno-central-priorice-o-corredor-atlantico-porque-o-noroeste-peninsular-non-merece-ser-menos-que-ninguen\\\/#primaryimage\",\"url\":\"https:\\\/\\\/ppdegalicia.com\\\/wp-content\\\/uploads\\\/2024\\\/08\\\/20240812_JulioGarciaComesana-1-scaled.jpg\",\"contentUrl\":\"https:\\\/\\\/ppdegalicia.com\\\/wp-content\\\/uploads\\\/2024\\\/08\\\/20240812_JulioGarciaComesana-1-scaled.jpg\",\"width\":2560,\"height\":1706},{\"@type\":\"BreadcrumbList\",\"@id\":\"https:\\\/\\\/ppdegalicia.com\\\/es\\\/o-grupo-popular-solicita-dunha-vez-por-todas-que-o-goberno-central-priorice-o-corredor-atlantico-porque-o-noroeste-peninsular-non-merece-ser-menos-que-ninguen\\\/#breadcrumb\",\"itemListElement\":[{\"@type\":\"ListItem\",\"position\":1,\"name\":\"Portada\",\"item\":\"https:\\\/\\\/ppdegalicia.com\\\/es\\\/\"},{\"@type\":\"ListItem\",\"position\":2,\"name\":\"O Grupo Popular solicita \u201cdunha vez por todas\u201d que o Goberno central priorice o Corredor Atl\u00e1ntico porque o noroeste peninsular \u201cnon merece ser menos que ningu\u00e9n\u201d\"}]},{\"@type\":\"WebSite\",\"@id\":\"https:\\\/\\\/ppdegalicia.com\\\/es\\\/#website\",\"url\":\"https:\\\/\\\/ppdegalicia.com\\\/es\\\/\",\"name\":\"Partido Popular de Galicia\",\"description\":\"Partido Popular de Galicia\",\"publisher\":{\"@id\":\"https:\\\/\\\/ppdegalicia.com\\\/es\\\/#organization\"},\"alternateName\":\"PP de Galicia\",\"potentialAction\":[{\"@type\":\"SearchAction\",\"target\":{\"@type\":\"EntryPoint\",\"urlTemplate\":\"https:\\\/\\\/ppdegalicia.com\\\/es\\\/?s={search_term_string}\"},\"query-input\":{\"@type\":\"PropertyValueSpecification\",\"valueRequired\":true,\"valueName\":\"search_term_string\"}}],\"inLanguage\":\"es\"},{\"@type\":\"Organization\",\"@id\":\"https:\\\/\\\/ppdegalicia.com\\\/es\\\/#organization\",\"name\":\"Partido Popular de Galicia\",\"alternateName\":\"PP de Galicia\",\"url\":\"https:\\\/\\\/ppdegalicia.com\\\/es\\\/\",\"logo\":{\"@type\":\"ImageObject\",\"inLanguage\":\"es\",\"@id\":\"https:\\\/\\\/ppdegalicia.com\\\/es\\\/#\\\/schema\\\/logo\\\/image\\\/\",\"url\":\"https:\\\/\\\/ppdegalicia.com\\\/wp-content\\\/uploads\\\/2023\\\/04\\\/logoPP512.png\",\"contentUrl\":\"https:\\\/\\\/ppdegalicia.com\\\/wp-content\\\/uploads\\\/2023\\\/04\\\/logoPP512.png\",\"width\":512,\"height\":512,\"caption\":\"Partido Popular de Galicia\"},\"image\":{\"@id\":\"https:\\\/\\\/ppdegalicia.com\\\/es\\\/#\\\/schema\\\/logo\\\/image\\\/\"},\"sameAs\":[\"https:\\\/\\\/www.instagram.com\\\/ppdegalicia\\\/\",\"https:\\\/\\\/x.com\\\/ppdegalicia\",\"https:\\\/\\\/www.tiktok.com\\\/@ppdegalicia\",\"https:\\\/\\\/www.youtube.com\\\/user\\\/ppdegalicia\"]},{\"@type\":\"Person\",\"@id\":\"https:\\\/\\\/ppdegalicia.com\\\/es\\\/#\\\/schema\\\/person\\\/bc9b46e59ebd34bf28611158c3867388\",\"name\":\"ppdegaliciaedtis\",\"image\":{\"@type\":\"ImageObject\",\"inLanguage\":\"es\",\"@id\":\"https:\\\/\\\/secure.gravatar.com\\\/avatar\\\/f9f8cf6e03df54a1b0d04a6b4b8e8c6bd63c10a439752e84d87a5385aefe2ced?s=96&d=mm&r=g\",\"url\":\"https:\\\/\\\/secure.gravatar.com\\\/avatar\\\/f9f8cf6e03df54a1b0d04a6b4b8e8c6bd63c10a439752e84d87a5385aefe2ced?s=96&d=mm&r=g\",\"contentUrl\":\"https:\\\/\\\/secure.gravatar.com\\\/avatar\\\/f9f8cf6e03df54a1b0d04a6b4b8e8c6bd63c10a439752e84d87a5385aefe2ced?s=96&d=mm&r=g\",\"caption\":\"ppdegaliciaedtis\"},\"url\":\"https:\\\/\\\/ppdegalicia.com\\\/es\\\/author\\\/ppdegaliciaedits\\\/\"}]}<\/script>\n<!-- \/ Yoast SEO plugin. -->","yoast_head_json":{"title":"O Grupo Popular solicita \u201cdunha vez por todas\u201d que o Goberno central priorice o Corredor Atl\u00e1ntico porque o noroeste peninsular \u201cnon merece ser menos que ningu\u00e9n\u201d - PP de Galicia","description":"O viceportavoz do Grupo Popular Julio Garc\u00eda Comesa\u00f1a anunciou hoxe en rolda de prensa unha iniciativa parlamentaria encami\u00f1ada a que o Goberno central \u201cpriorice, dunha vez por todas o Corredor Atl\u00e1ntico de mercador\u00edas ferroviarias porque o noroeste peninsular non merece ser menos que ningu\u00e9n\u201d.","robots":{"index":"index","follow":"follow","max-snippet":"max-snippet:-1","max-image-preview":"max-image-preview:large","max-video-preview":"max-video-preview:-1"},"canonical":"https:\/\/ppdegalicia.com\/es\/o-grupo-popular-solicita-dunha-vez-por-todas-que-o-goberno-central-priorice-o-corredor-atlantico-porque-o-noroeste-peninsular-non-merece-ser-menos-que-ninguen\/","og_locale":"es_ES","og_type":"article","og_title":"O Grupo Popular solicita \u201cdunha vez por todas\u201d que o Goberno central priorice o Corredor Atl\u00e1ntico porque o noroeste peninsular \u201cnon merece ser menos que ningu\u00e9n\u201d - PP de Galicia","og_description":"O viceportavoz do Grupo Popular Julio Garc\u00eda Comesa\u00f1a anunciou hoxe en rolda de prensa unha iniciativa parlamentaria encami\u00f1ada a que o Goberno central \u201cpriorice, dunha vez por todas o Corredor Atl\u00e1ntico de mercador\u00edas ferroviarias porque o noroeste peninsular non merece ser menos que ningu\u00e9n\u201d.","og_url":"https:\/\/ppdegalicia.com\/es\/o-grupo-popular-solicita-dunha-vez-por-todas-que-o-goberno-central-priorice-o-corredor-atlantico-porque-o-noroeste-peninsular-non-merece-ser-menos-que-ninguen\/","og_site_name":"PP de Galicia","article_publisher":"https:\/\/www.instagram.com\/ppdegalicia\/","article_published_time":"2024-08-12T11:58:23+00:00","og_image":[{"width":2560,"height":1706,"url":"https:\/\/ppdegalicia.com\/wp-content\/uploads\/2024\/08\/20240812_JulioGarciaComesana-1-scaled.jpg","type":"image\/jpeg"}],"author":"ppdegaliciaedtis","twitter_card":"summary_large_image","twitter_creator":"@ppdegalicia","twitter_site":"@ppdegalicia","twitter_misc":{"Escrito por":"ppdegaliciaedtis","Tiempo de lectura":"5 minutos"},"schema":{"@context":"https:\/\/schema.org","@graph":[{"@type":"Article","@id":"https:\/\/ppdegalicia.com\/es\/o-grupo-popular-solicita-dunha-vez-por-todas-que-o-goberno-central-priorice-o-corredor-atlantico-porque-o-noroeste-peninsular-non-merece-ser-menos-que-ninguen\/#article","isPartOf":{"@id":"https:\/\/ppdegalicia.com\/es\/o-grupo-popular-solicita-dunha-vez-por-todas-que-o-goberno-central-priorice-o-corredor-atlantico-porque-o-noroeste-peninsular-non-merece-ser-menos-que-ninguen\/"},"author":{"name":"ppdegaliciaedtis","@id":"https:\/\/ppdegalicia.com\/es\/#\/schema\/person\/bc9b46e59ebd34bf28611158c3867388"},"headline":"O Grupo Popular solicita \u201cdunha vez por todas\u201d que o Goberno central priorice o Corredor Atl\u00e1ntico porque o noroeste peninsular \u201cnon merece ser menos que ningu\u00e9n\u201d","datePublished":"2024-08-12T11:58:23+00:00","mainEntityOfPage":{"@id":"https:\/\/ppdegalicia.com\/es\/o-grupo-popular-solicita-dunha-vez-por-todas-que-o-goberno-central-priorice-o-corredor-atlantico-porque-o-noroeste-peninsular-non-merece-ser-menos-que-ninguen\/"},"wordCount":818,"publisher":{"@id":"https:\/\/ppdegalicia.com\/es\/#organization"},"image":{"@id":"https:\/\/ppdegalicia.com\/es\/o-grupo-popular-solicita-dunha-vez-por-todas-que-o-goberno-central-priorice-o-corredor-atlantico-porque-o-noroeste-peninsular-non-merece-ser-menos-que-ninguen\/#primaryimage"},"thumbnailUrl":"https:\/\/ppdegalicia.com\/wp-content\/uploads\/2024\/08\/20240812_JulioGarciaComesana-1-scaled.jpg","articleSection":["Parlamento de Galicia"],"inLanguage":"es"},{"@type":"WebPage","@id":"https:\/\/ppdegalicia.com\/es\/o-grupo-popular-solicita-dunha-vez-por-todas-que-o-goberno-central-priorice-o-corredor-atlantico-porque-o-noroeste-peninsular-non-merece-ser-menos-que-ninguen\/","url":"https:\/\/ppdegalicia.com\/es\/o-grupo-popular-solicita-dunha-vez-por-todas-que-o-goberno-central-priorice-o-corredor-atlantico-porque-o-noroeste-peninsular-non-merece-ser-menos-que-ninguen\/","name":"O Grupo Popular solicita \u201cdunha vez por todas\u201d que o Goberno central priorice o Corredor Atl\u00e1ntico porque o noroeste peninsular \u201cnon merece ser menos que ningu\u00e9n\u201d - PP de Galicia","isPartOf":{"@id":"https:\/\/ppdegalicia.com\/es\/#website"},"primaryImageOfPage":{"@id":"https:\/\/ppdegalicia.com\/es\/o-grupo-popular-solicita-dunha-vez-por-todas-que-o-goberno-central-priorice-o-corredor-atlantico-porque-o-noroeste-peninsular-non-merece-ser-menos-que-ninguen\/#primaryimage"},"image":{"@id":"https:\/\/ppdegalicia.com\/es\/o-grupo-popular-solicita-dunha-vez-por-todas-que-o-goberno-central-priorice-o-corredor-atlantico-porque-o-noroeste-peninsular-non-merece-ser-menos-que-ninguen\/#primaryimage"},"thumbnailUrl":"https:\/\/ppdegalicia.com\/wp-content\/uploads\/2024\/08\/20240812_JulioGarciaComesana-1-scaled.jpg","datePublished":"2024-08-12T11:58:23+00:00","description":"O viceportavoz do Grupo Popular Julio Garc\u00eda Comesa\u00f1a anunciou hoxe en rolda de prensa unha iniciativa parlamentaria encami\u00f1ada a que o Goberno central \u201cpriorice, dunha vez por todas o Corredor Atl\u00e1ntico de mercador\u00edas ferroviarias porque o noroeste peninsular non merece ser menos que ningu\u00e9n\u201d.","breadcrumb":{"@id":"https:\/\/ppdegalicia.com\/es\/o-grupo-popular-solicita-dunha-vez-por-todas-que-o-goberno-central-priorice-o-corredor-atlantico-porque-o-noroeste-peninsular-non-merece-ser-menos-que-ninguen\/#breadcrumb"},"inLanguage":"es","potentialAction":[{"@type":"ReadAction","target":["https:\/\/ppdegalicia.com\/es\/o-grupo-popular-solicita-dunha-vez-por-todas-que-o-goberno-central-priorice-o-corredor-atlantico-porque-o-noroeste-peninsular-non-merece-ser-menos-que-ninguen\/"]}]},{"@type":"ImageObject","inLanguage":"es","@id":"https:\/\/ppdegalicia.com\/es\/o-grupo-popular-solicita-dunha-vez-por-todas-que-o-goberno-central-priorice-o-corredor-atlantico-porque-o-noroeste-peninsular-non-merece-ser-menos-que-ninguen\/#primaryimage","url":"https:\/\/ppdegalicia.com\/wp-content\/uploads\/2024\/08\/20240812_JulioGarciaComesana-1-scaled.jpg","contentUrl":"https:\/\/ppdegalicia.com\/wp-content\/uploads\/2024\/08\/20240812_JulioGarciaComesana-1-scaled.jpg","width":2560,"height":1706},{"@type":"BreadcrumbList","@id":"https:\/\/ppdegalicia.com\/es\/o-grupo-popular-solicita-dunha-vez-por-todas-que-o-goberno-central-priorice-o-corredor-atlantico-porque-o-noroeste-peninsular-non-merece-ser-menos-que-ninguen\/#breadcrumb","itemListElement":[{"@type":"ListItem","position":1,"name":"Portada","item":"https:\/\/ppdegalicia.com\/es\/"},{"@type":"ListItem","position":2,"name":"O Grupo Popular solicita \u201cdunha vez por todas\u201d que o Goberno central priorice o Corredor Atl\u00e1ntico porque o noroeste peninsular \u201cnon merece ser menos que ningu\u00e9n\u201d"}]},{"@type":"WebSite","@id":"https:\/\/ppdegalicia.com\/es\/#website","url":"https:\/\/ppdegalicia.com\/es\/","name":"Partido Popular de Galicia","description":"Partido Popular de Galicia","publisher":{"@id":"https:\/\/ppdegalicia.com\/es\/#organization"},"alternateName":"PP de Galicia","potentialAction":[{"@type":"SearchAction","target":{"@type":"EntryPoint","urlTemplate":"https:\/\/ppdegalicia.com\/es\/?s={search_term_string}"},"query-input":{"@type":"PropertyValueSpecification","valueRequired":true,"valueName":"search_term_string"}}],"inLanguage":"es"},{"@type":"Organization","@id":"https:\/\/ppdegalicia.com\/es\/#organization","name":"Partido Popular de Galicia","alternateName":"PP de Galicia","url":"https:\/\/ppdegalicia.com\/es\/","logo":{"@type":"ImageObject","inLanguage":"es","@id":"https:\/\/ppdegalicia.com\/es\/#\/schema\/logo\/image\/","url":"https:\/\/ppdegalicia.com\/wp-content\/uploads\/2023\/04\/logoPP512.png","contentUrl":"https:\/\/ppdegalicia.com\/wp-content\/uploads\/2023\/04\/logoPP512.png","width":512,"height":512,"caption":"Partido Popular de Galicia"},"image":{"@id":"https:\/\/ppdegalicia.com\/es\/#\/schema\/logo\/image\/"},"sameAs":["https:\/\/www.instagram.com\/ppdegalicia\/","https:\/\/x.com\/ppdegalicia","https:\/\/www.tiktok.com\/@ppdegalicia","https:\/\/www.youtube.com\/user\/ppdegalicia"]},{"@type":"Person","@id":"https:\/\/ppdegalicia.com\/es\/#\/schema\/person\/bc9b46e59ebd34bf28611158c3867388","name":"ppdegaliciaedtis","image":{"@type":"ImageObject","inLanguage":"es","@id":"https:\/\/secure.gravatar.com\/avatar\/f9f8cf6e03df54a1b0d04a6b4b8e8c6bd63c10a439752e84d87a5385aefe2ced?s=96&d=mm&r=g","url":"https:\/\/secure.gravatar.com\/avatar\/f9f8cf6e03df54a1b0d04a6b4b8e8c6bd63c10a439752e84d87a5385aefe2ced?s=96&d=mm&r=g","contentUrl":"https:\/\/secure.gravatar.com\/avatar\/f9f8cf6e03df54a1b0d04a6b4b8e8c6bd63c10a439752e84d87a5385aefe2ced?s=96&d=mm&r=g","caption":"ppdegaliciaedtis"},"url":"https:\/\/ppdegalicia.com\/es\/author\/ppdegaliciaedits\/"}]}},"_links":{"self":[{"href":"https:\/\/ppdegalicia.com\/es\/wp-json\/wp\/v2\/posts\/64066","targetHints":{"allow":["GET"]}}],"collection":[{"href":"https:\/\/ppdegalicia.com\/es\/wp-json\/wp\/v2\/posts"}],"about":[{"href":"https:\/\/ppdegalicia.com\/es\/wp-json\/wp\/v2\/types\/post"}],"author":[{"embeddable":true,"href":"https:\/\/ppdegalicia.com\/es\/wp-json\/wp\/v2\/users\/40"}],"replies":[{"embeddable":true,"href":"https:\/\/ppdegalicia.com\/es\/wp-json\/wp\/v2\/comments?post=64066"}],"version-history":[{"count":1,"href":"https:\/\/ppdegalicia.com\/es\/wp-json\/wp\/v2\/posts\/64066\/revisions"}],"predecessor-version":[{"id":64069,"href":"https:\/\/ppdegalicia.com\/es\/wp-json\/wp\/v2\/posts\/64066\/revisions\/64069"}],"wp:featuredmedia":[{"embeddable":true,"href":"https:\/\/ppdegalicia.com\/es\/wp-json\/wp\/v2\/media\/64067"}],"wp:attachment":[{"href":"https:\/\/ppdegalicia.com\/es\/wp-json\/wp\/v2\/media?parent=64066"}],"wp:term":[{"taxonomy":"category","embeddable":true,"href":"https:\/\/ppdegalicia.com\/es\/wp-json\/wp\/v2\/categories?post=64066"},{"taxonomy":"post_tag","embeddable":true,"href":"https:\/\/ppdegalicia.com\/es\/wp-json\/wp\/v2\/tags?post=64066"}],"curies":[{"name":"wp","href":"https:\/\/api.w.org\/{rel}","templated":true}]}}