{"id":64071,"date":"2024-08-10T12:44:35","date_gmt":"2024-08-10T11:44:35","guid":{"rendered":"https:\/\/ppdegalicia.com\/?p=64071"},"modified":"2024-08-22T12:49:14","modified_gmt":"2024-08-22T11:49:14","slug":"o-ppdeg-insiste-na-necesidade-dun-maior-compromiso-por-parte-do-goberno-central-para-que-a-conexion-por-ave-de-galicia-e-portugal-sexa-unha-realidade-canto-antes","status":"publish","type":"post","link":"https:\/\/ppdegalicia.com\/es\/o-ppdeg-insiste-na-necesidade-dun-maior-compromiso-por-parte-do-goberno-central-para-que-a-conexion-por-ave-de-galicia-e-portugal-sexa-unha-realidade-canto-antes\/","title":{"rendered":"O PPdeG insiste na necesidade dun maior compromiso por parte do Goberno central para que a conexi\u00f3n por AVE de Galicia e Portugal \u201csexa unha realidade canto antes\u201d"},"content":{"rendered":"<blockquote><p>Os populares demandan unha programaci\u00f3n completa de actuaci\u00f3ns e investimentos na li\u00f1a de alta velocidade Vigo-Porto na que se priorice a Sa\u00edda Sur, as\u00ed como a modernizaci\u00f3n e mellora do servizo que presta actualmente o denominado Tren Celta<\/p>\n<p>\u201cEste proxecto ten raz\u00f3n de ser, pero s\u00f3 se se afronta cunha visi\u00f3n ampla e integradora, cun \u00e1nimo estruturado e coordinado e respectando as prioridades manifestadas\u201d, subli\u00f1an po\u00f1endo en valor o compromiso de Alfonso Rueda e do Goberno luso con esta infraestrutura<\/p><\/blockquote>\n<p>&nbsp;<\/p>\n<p>O Partido Popular de Galicia insiste na s\u00faa demanda dun maior compromiso por parte do Goberno central no impulso da li\u00f1a de alta velocidade Vigo-Porto-Lisboa para que a conexi\u00f3n de AVE entre Galicia e Portugal, que consideran prioritaria e estrat\u00e9xica, \u201csexa unha realidade canto antes\u201d.<\/p>\n<p>Por iso, a trav\u00e9s dunha moci\u00f3n rexistrada no Senado a iniciativa de Nidia Ar\u00e9valo e o resto de senadores galegos do Grupo Popular, urxen ao Executivo a desenvolver unha \u201cprogramaci\u00f3n completa de actuaci\u00f3ns, investimentos e calendario\u201d para a conexi\u00f3n Vigo-Porto que dea prioridade da Sa\u00edda Sur e sexa \u201cacorde tanto ao seu potencial de uso como \u00e1 s\u00faa rendibilidade en termos de vertebraci\u00f3n territorial e desenvolvemento socio-econ\u00f3mico\u201d.<\/p>\n<p>En tanto non se materialice a citada conexi\u00f3n de alta velocidade, reclaman ademais a modernizaci\u00f3n do material m\u00f3bil e as condici\u00f3ns de servizo do denominado Tren Celta \u201cpara facer posible esta viaxe nun tempo m\u00e1ximo dunha hora\u201d. Xa que, tal e como denuncian, a actual conexi\u00f3n ferroviaria entre Porto e Vigo \u201cronda as d\u00faas horas e media na duraci\u00f3n do traxecto, conta cun material obsoleto e ofrece unhas condici\u00f3ns de servizo desactualizadas\u201d.<\/p>\n<p>Os populares aproveitan para po\u00f1er en valor o manifesto conxunto asinado o pasado 2 de xullo en Valen\u00e7a do Minho polo presidente Alfonso Rueda e o presidente da Comisi\u00f3n de Coordinaci\u00f3n e Desenvolvemento Rexional do Norte de Portugal, no cal se ratifica o compromiso que ambas partes ve\u00f1en demostrando coa conexi\u00f3n ferroviaria de alta velocidade entre Galicia e Portugal ao longo dos \u00faltimos anos.<\/p>\n<p>Un compromiso que, ademais, vi\u00f1a de ser renovado na reuni\u00f3n celebrada o 23 de maio en Lisboa entre o presidente Rueda e o responsable de Infraestruturas do Goberno luso, na que se fixou o ano 2032 como data de posta en servizo desta infraestrutura estrat\u00e9xica.<\/p>\n<p>\u201cEste proxecto ten raz\u00f3n de ser, pero s\u00f3 se se afronta cunha visi\u00f3n ampla e integradora, cun \u00e1nimo estruturado e coordinado para alcanzar os mellores resultados e respectando as prioridades que ata o de agora foron manifestadas\u201d, concl\u00faen os representantes do PPdeG no Senado no texto da s\u00faa moci\u00f3n.<\/p>\n","protected":false},"excerpt":{"rendered":"<p>Os populares demandan unha programaci\u00f3n completa de actuaci\u00f3ns e investimentos na li\u00f1a de alta velocidade Vigo-Porto na que se priorice a Sa\u00edda Sur, as\u00ed como a modernizaci\u00f3n e mellora do servizo que presta actualmente o denominado Tren Celta \u201cEste proxecto ten raz\u00f3n de ser, pero s\u00f3 se se afronta cunha visi\u00f3n ampla e integradora, cun [&hellip;]<\/p>\n","protected":false},"author":40,"featured_media":64072,"comment_status":"closed","ping_status":"open","sticky":false,"template":"","format":"standard","meta":{"_acf_changed":false,"footnotes":""},"categories":[2387],"tags":[],"class_list":["post-64071","post","type-post","status-publish","format-standard","has-post-thumbnail","hentry","category-actualidad-cortes-generales"],"acf":[],"yoast_head":"<!-- This site is optimized with the Yoast SEO plugin v27.3 - https:\/\/yoast.com\/product\/yoast-seo-wordpress\/ -->\n<title>O PPdeG insiste na necesidade dun maior compromiso por parte do Goberno central para que a conexi\u00f3n por AVE de Galicia e Portugal \u201csexa unha realidade canto antes\u201d - PP de Galicia<\/title>\n<meta name=\"robots\" content=\"index, follow, max-snippet:-1, max-image-preview:large, max-video-preview:-1\" \/>\n<link rel=\"canonical\" href=\"https:\/\/ppdegalicia.com\/es\/o-ppdeg-insiste-na-necesidade-dun-maior-compromiso-por-parte-do-goberno-central-para-que-a-conexion-por-ave-de-galicia-e-portugal-sexa-unha-realidade-canto-antes\/\" \/>\n<meta property=\"og:locale\" content=\"es_ES\" \/>\n<meta property=\"og:type\" content=\"article\" \/>\n<meta property=\"og:title\" content=\"O PPdeG insiste na necesidade dun maior compromiso por parte do Goberno central para que a conexi\u00f3n por AVE de Galicia e Portugal \u201csexa unha realidade canto antes\u201d - PP de Galicia\" \/>\n<meta property=\"og:description\" content=\"Os populares demandan unha programaci\u00f3n completa de actuaci\u00f3ns e investimentos na li\u00f1a de alta velocidade Vigo-Porto na que se priorice a Sa\u00edda Sur, as\u00ed como a modernizaci\u00f3n e mellora do servizo que presta actualmente o denominado Tren Celta \u201cEste proxecto ten raz\u00f3n de ser, pero s\u00f3 se se afronta cunha visi\u00f3n ampla e integradora, cun [&hellip;]\" \/>\n<meta property=\"og:url\" content=\"https:\/\/ppdegalicia.com\/es\/o-ppdeg-insiste-na-necesidade-dun-maior-compromiso-por-parte-do-goberno-central-para-que-a-conexion-por-ave-de-galicia-e-portugal-sexa-unha-realidade-canto-antes\/\" \/>\n<meta property=\"og:site_name\" content=\"PP de Galicia\" \/>\n<meta property=\"article:publisher\" content=\"https:\/\/www.instagram.com\/ppdegalicia\/\" \/>\n<meta property=\"article:published_time\" content=\"2024-08-10T11:44:35+00:00\" \/>\n<meta property=\"article:modified_time\" content=\"2024-08-22T11:49:14+00:00\" \/>\n<meta property=\"og:image\" content=\"https:\/\/ppdegalicia.com\/wp-content\/uploads\/2024\/08\/20240810-Nidia-Arevalo.jpg\" \/>\n\t<meta property=\"og:image:width\" content=\"1280\" \/>\n\t<meta property=\"og:image:height\" content=\"853\" \/>\n\t<meta property=\"og:image:type\" content=\"image\/jpeg\" \/>\n<meta name=\"author\" content=\"ppdegaliciaedtis\" \/>\n<meta name=\"twitter:card\" content=\"summary_large_image\" \/>\n<meta name=\"twitter:creator\" content=\"@ppdegalicia\" \/>\n<meta name=\"twitter:site\" content=\"@ppdegalicia\" \/>\n<meta name=\"twitter:label1\" content=\"Escrito por\" \/>\n\t<meta name=\"twitter:data1\" content=\"ppdegaliciaedtis\" \/>\n\t<meta name=\"twitter:label2\" content=\"Tiempo de lectura\" \/>\n\t<meta name=\"twitter:data2\" content=\"3 minutos\" \/>\n<script type=\"application\/ld+json\" class=\"yoast-schema-graph\">{\"@context\":\"https:\\\/\\\/schema.org\",\"@graph\":[{\"@type\":\"Article\",\"@id\":\"https:\\\/\\\/ppdegalicia.com\\\/es\\\/o-ppdeg-insiste-na-necesidade-dun-maior-compromiso-por-parte-do-goberno-central-para-que-a-conexion-por-ave-de-galicia-e-portugal-sexa-unha-realidade-canto-antes\\\/#article\",\"isPartOf\":{\"@id\":\"https:\\\/\\\/ppdegalicia.com\\\/es\\\/o-ppdeg-insiste-na-necesidade-dun-maior-compromiso-por-parte-do-goberno-central-para-que-a-conexion-por-ave-de-galicia-e-portugal-sexa-unha-realidade-canto-antes\\\/\"},\"author\":{\"name\":\"ppdegaliciaedtis\",\"@id\":\"https:\\\/\\\/ppdegalicia.com\\\/es\\\/#\\\/schema\\\/person\\\/bc9b46e59ebd34bf28611158c3867388\"},\"headline\":\"O PPdeG insiste na necesidade dun maior compromiso por parte do Goberno central para que a conexi\u00f3n por AVE de Galicia e Portugal \u201csexa unha realidade canto antes\u201d\",\"datePublished\":\"2024-08-10T11:44:35+00:00\",\"dateModified\":\"2024-08-22T11:49:14+00:00\",\"mainEntityOfPage\":{\"@id\":\"https:\\\/\\\/ppdegalicia.com\\\/es\\\/o-ppdeg-insiste-na-necesidade-dun-maior-compromiso-por-parte-do-goberno-central-para-que-a-conexion-por-ave-de-galicia-e-portugal-sexa-unha-realidade-canto-antes\\\/\"},\"wordCount\":494,\"publisher\":{\"@id\":\"https:\\\/\\\/ppdegalicia.com\\\/es\\\/#organization\"},\"image\":{\"@id\":\"https:\\\/\\\/ppdegalicia.com\\\/es\\\/o-ppdeg-insiste-na-necesidade-dun-maior-compromiso-por-parte-do-goberno-central-para-que-a-conexion-por-ave-de-galicia-e-portugal-sexa-unha-realidade-canto-antes\\\/#primaryimage\"},\"thumbnailUrl\":\"https:\\\/\\\/ppdegalicia.com\\\/wp-content\\\/uploads\\\/2024\\\/08\\\/20240810-Nidia-Arevalo.jpg\",\"articleSection\":[\"Cortes Generales\"],\"inLanguage\":\"es\"},{\"@type\":\"WebPage\",\"@id\":\"https:\\\/\\\/ppdegalicia.com\\\/es\\\/o-ppdeg-insiste-na-necesidade-dun-maior-compromiso-por-parte-do-goberno-central-para-que-a-conexion-por-ave-de-galicia-e-portugal-sexa-unha-realidade-canto-antes\\\/\",\"url\":\"https:\\\/\\\/ppdegalicia.com\\\/es\\\/o-ppdeg-insiste-na-necesidade-dun-maior-compromiso-por-parte-do-goberno-central-para-que-a-conexion-por-ave-de-galicia-e-portugal-sexa-unha-realidade-canto-antes\\\/\",\"name\":\"O PPdeG insiste na necesidade dun maior compromiso por parte do Goberno central para que a conexi\u00f3n por AVE de Galicia e Portugal \u201csexa unha realidade canto antes\u201d - PP de Galicia\",\"isPartOf\":{\"@id\":\"https:\\\/\\\/ppdegalicia.com\\\/es\\\/#website\"},\"primaryImageOfPage\":{\"@id\":\"https:\\\/\\\/ppdegalicia.com\\\/es\\\/o-ppdeg-insiste-na-necesidade-dun-maior-compromiso-por-parte-do-goberno-central-para-que-a-conexion-por-ave-de-galicia-e-portugal-sexa-unha-realidade-canto-antes\\\/#primaryimage\"},\"image\":{\"@id\":\"https:\\\/\\\/ppdegalicia.com\\\/es\\\/o-ppdeg-insiste-na-necesidade-dun-maior-compromiso-por-parte-do-goberno-central-para-que-a-conexion-por-ave-de-galicia-e-portugal-sexa-unha-realidade-canto-antes\\\/#primaryimage\"},\"thumbnailUrl\":\"https:\\\/\\\/ppdegalicia.com\\\/wp-content\\\/uploads\\\/2024\\\/08\\\/20240810-Nidia-Arevalo.jpg\",\"datePublished\":\"2024-08-10T11:44:35+00:00\",\"dateModified\":\"2024-08-22T11:49:14+00:00\",\"breadcrumb\":{\"@id\":\"https:\\\/\\\/ppdegalicia.com\\\/es\\\/o-ppdeg-insiste-na-necesidade-dun-maior-compromiso-por-parte-do-goberno-central-para-que-a-conexion-por-ave-de-galicia-e-portugal-sexa-unha-realidade-canto-antes\\\/#breadcrumb\"},\"inLanguage\":\"es\",\"potentialAction\":[{\"@type\":\"ReadAction\",\"target\":[\"https:\\\/\\\/ppdegalicia.com\\\/es\\\/o-ppdeg-insiste-na-necesidade-dun-maior-compromiso-por-parte-do-goberno-central-para-que-a-conexion-por-ave-de-galicia-e-portugal-sexa-unha-realidade-canto-antes\\\/\"]}]},{\"@type\":\"ImageObject\",\"inLanguage\":\"es\",\"@id\":\"https:\\\/\\\/ppdegalicia.com\\\/es\\\/o-ppdeg-insiste-na-necesidade-dun-maior-compromiso-por-parte-do-goberno-central-para-que-a-conexion-por-ave-de-galicia-e-portugal-sexa-unha-realidade-canto-antes\\\/#primaryimage\",\"url\":\"https:\\\/\\\/ppdegalicia.com\\\/wp-content\\\/uploads\\\/2024\\\/08\\\/20240810-Nidia-Arevalo.jpg\",\"contentUrl\":\"https:\\\/\\\/ppdegalicia.com\\\/wp-content\\\/uploads\\\/2024\\\/08\\\/20240810-Nidia-Arevalo.jpg\",\"width\":1280,\"height\":853},{\"@type\":\"BreadcrumbList\",\"@id\":\"https:\\\/\\\/ppdegalicia.com\\\/es\\\/o-ppdeg-insiste-na-necesidade-dun-maior-compromiso-por-parte-do-goberno-central-para-que-a-conexion-por-ave-de-galicia-e-portugal-sexa-unha-realidade-canto-antes\\\/#breadcrumb\",\"itemListElement\":[{\"@type\":\"ListItem\",\"position\":1,\"name\":\"Portada\",\"item\":\"https:\\\/\\\/ppdegalicia.com\\\/es\\\/\"},{\"@type\":\"ListItem\",\"position\":2,\"name\":\"O PPdeG insiste na necesidade dun maior compromiso por parte do Goberno central para que a conexi\u00f3n por AVE de Galicia e Portugal \u201csexa unha realidade canto antes\u201d\"}]},{\"@type\":\"WebSite\",\"@id\":\"https:\\\/\\\/ppdegalicia.com\\\/es\\\/#website\",\"url\":\"https:\\\/\\\/ppdegalicia.com\\\/es\\\/\",\"name\":\"Partido Popular de Galicia\",\"description\":\"Partido Popular de Galicia\",\"publisher\":{\"@id\":\"https:\\\/\\\/ppdegalicia.com\\\/es\\\/#organization\"},\"alternateName\":\"PP de Galicia\",\"potentialAction\":[{\"@type\":\"SearchAction\",\"target\":{\"@type\":\"EntryPoint\",\"urlTemplate\":\"https:\\\/\\\/ppdegalicia.com\\\/es\\\/?s={search_term_string}\"},\"query-input\":{\"@type\":\"PropertyValueSpecification\",\"valueRequired\":true,\"valueName\":\"search_term_string\"}}],\"inLanguage\":\"es\"},{\"@type\":\"Organization\",\"@id\":\"https:\\\/\\\/ppdegalicia.com\\\/es\\\/#organization\",\"name\":\"Partido Popular de Galicia\",\"alternateName\":\"PP de Galicia\",\"url\":\"https:\\\/\\\/ppdegalicia.com\\\/es\\\/\",\"logo\":{\"@type\":\"ImageObject\",\"inLanguage\":\"es\",\"@id\":\"https:\\\/\\\/ppdegalicia.com\\\/es\\\/#\\\/schema\\\/logo\\\/image\\\/\",\"url\":\"https:\\\/\\\/ppdegalicia.com\\\/wp-content\\\/uploads\\\/2023\\\/04\\\/logoPP512.png\",\"contentUrl\":\"https:\\\/\\\/ppdegalicia.com\\\/wp-content\\\/uploads\\\/2023\\\/04\\\/logoPP512.png\",\"width\":512,\"height\":512,\"caption\":\"Partido Popular de Galicia\"},\"image\":{\"@id\":\"https:\\\/\\\/ppdegalicia.com\\\/es\\\/#\\\/schema\\\/logo\\\/image\\\/\"},\"sameAs\":[\"https:\\\/\\\/www.instagram.com\\\/ppdegalicia\\\/\",\"https:\\\/\\\/x.com\\\/ppdegalicia\",\"https:\\\/\\\/www.tiktok.com\\\/@ppdegalicia\",\"https:\\\/\\\/www.youtube.com\\\/user\\\/ppdegalicia\"]},{\"@type\":\"Person\",\"@id\":\"https:\\\/\\\/ppdegalicia.com\\\/es\\\/#\\\/schema\\\/person\\\/bc9b46e59ebd34bf28611158c3867388\",\"name\":\"ppdegaliciaedtis\",\"image\":{\"@type\":\"ImageObject\",\"inLanguage\":\"es\",\"@id\":\"https:\\\/\\\/secure.gravatar.com\\\/avatar\\\/f9f8cf6e03df54a1b0d04a6b4b8e8c6bd63c10a439752e84d87a5385aefe2ced?s=96&d=mm&r=g\",\"url\":\"https:\\\/\\\/secure.gravatar.com\\\/avatar\\\/f9f8cf6e03df54a1b0d04a6b4b8e8c6bd63c10a439752e84d87a5385aefe2ced?s=96&d=mm&r=g\",\"contentUrl\":\"https:\\\/\\\/secure.gravatar.com\\\/avatar\\\/f9f8cf6e03df54a1b0d04a6b4b8e8c6bd63c10a439752e84d87a5385aefe2ced?s=96&d=mm&r=g\",\"caption\":\"ppdegaliciaedtis\"},\"url\":\"https:\\\/\\\/ppdegalicia.com\\\/es\\\/author\\\/ppdegaliciaedits\\\/\"}]}<\/script>\n<!-- \/ Yoast SEO plugin. -->","yoast_head_json":{"title":"O PPdeG insiste na necesidade dun maior compromiso por parte do Goberno central para que a conexi\u00f3n por AVE de Galicia e Portugal \u201csexa unha realidade canto antes\u201d - PP de Galicia","robots":{"index":"index","follow":"follow","max-snippet":"max-snippet:-1","max-image-preview":"max-image-preview:large","max-video-preview":"max-video-preview:-1"},"canonical":"https:\/\/ppdegalicia.com\/es\/o-ppdeg-insiste-na-necesidade-dun-maior-compromiso-por-parte-do-goberno-central-para-que-a-conexion-por-ave-de-galicia-e-portugal-sexa-unha-realidade-canto-antes\/","og_locale":"es_ES","og_type":"article","og_title":"O PPdeG insiste na necesidade dun maior compromiso por parte do Goberno central para que a conexi\u00f3n por AVE de Galicia e Portugal \u201csexa unha realidade canto antes\u201d - PP de Galicia","og_description":"Os populares demandan unha programaci\u00f3n completa de actuaci\u00f3ns e investimentos na li\u00f1a de alta velocidade Vigo-Porto na que se priorice a Sa\u00edda Sur, as\u00ed como a modernizaci\u00f3n e mellora do servizo que presta actualmente o denominado Tren Celta \u201cEste proxecto ten raz\u00f3n de ser, pero s\u00f3 se se afronta cunha visi\u00f3n ampla e integradora, cun [&hellip;]","og_url":"https:\/\/ppdegalicia.com\/es\/o-ppdeg-insiste-na-necesidade-dun-maior-compromiso-por-parte-do-goberno-central-para-que-a-conexion-por-ave-de-galicia-e-portugal-sexa-unha-realidade-canto-antes\/","og_site_name":"PP de Galicia","article_publisher":"https:\/\/www.instagram.com\/ppdegalicia\/","article_published_time":"2024-08-10T11:44:35+00:00","article_modified_time":"2024-08-22T11:49:14+00:00","og_image":[{"width":1280,"height":853,"url":"https:\/\/ppdegalicia.com\/wp-content\/uploads\/2024\/08\/20240810-Nidia-Arevalo.jpg","type":"image\/jpeg"}],"author":"ppdegaliciaedtis","twitter_card":"summary_large_image","twitter_creator":"@ppdegalicia","twitter_site":"@ppdegalicia","twitter_misc":{"Escrito por":"ppdegaliciaedtis","Tiempo de lectura":"3 minutos"},"schema":{"@context":"https:\/\/schema.org","@graph":[{"@type":"Article","@id":"https:\/\/ppdegalicia.com\/es\/o-ppdeg-insiste-na-necesidade-dun-maior-compromiso-por-parte-do-goberno-central-para-que-a-conexion-por-ave-de-galicia-e-portugal-sexa-unha-realidade-canto-antes\/#article","isPartOf":{"@id":"https:\/\/ppdegalicia.com\/es\/o-ppdeg-insiste-na-necesidade-dun-maior-compromiso-por-parte-do-goberno-central-para-que-a-conexion-por-ave-de-galicia-e-portugal-sexa-unha-realidade-canto-antes\/"},"author":{"name":"ppdegaliciaedtis","@id":"https:\/\/ppdegalicia.com\/es\/#\/schema\/person\/bc9b46e59ebd34bf28611158c3867388"},"headline":"O PPdeG insiste na necesidade dun maior compromiso por parte do Goberno central para que a conexi\u00f3n por AVE de Galicia e Portugal \u201csexa unha realidade canto antes\u201d","datePublished":"2024-08-10T11:44:35+00:00","dateModified":"2024-08-22T11:49:14+00:00","mainEntityOfPage":{"@id":"https:\/\/ppdegalicia.com\/es\/o-ppdeg-insiste-na-necesidade-dun-maior-compromiso-por-parte-do-goberno-central-para-que-a-conexion-por-ave-de-galicia-e-portugal-sexa-unha-realidade-canto-antes\/"},"wordCount":494,"publisher":{"@id":"https:\/\/ppdegalicia.com\/es\/#organization"},"image":{"@id":"https:\/\/ppdegalicia.com\/es\/o-ppdeg-insiste-na-necesidade-dun-maior-compromiso-por-parte-do-goberno-central-para-que-a-conexion-por-ave-de-galicia-e-portugal-sexa-unha-realidade-canto-antes\/#primaryimage"},"thumbnailUrl":"https:\/\/ppdegalicia.com\/wp-content\/uploads\/2024\/08\/20240810-Nidia-Arevalo.jpg","articleSection":["Cortes Generales"],"inLanguage":"es"},{"@type":"WebPage","@id":"https:\/\/ppdegalicia.com\/es\/o-ppdeg-insiste-na-necesidade-dun-maior-compromiso-por-parte-do-goberno-central-para-que-a-conexion-por-ave-de-galicia-e-portugal-sexa-unha-realidade-canto-antes\/","url":"https:\/\/ppdegalicia.com\/es\/o-ppdeg-insiste-na-necesidade-dun-maior-compromiso-por-parte-do-goberno-central-para-que-a-conexion-por-ave-de-galicia-e-portugal-sexa-unha-realidade-canto-antes\/","name":"O PPdeG insiste na necesidade dun maior compromiso por parte do Goberno central para que a conexi\u00f3n por AVE de Galicia e Portugal \u201csexa unha realidade canto antes\u201d - PP de Galicia","isPartOf":{"@id":"https:\/\/ppdegalicia.com\/es\/#website"},"primaryImageOfPage":{"@id":"https:\/\/ppdegalicia.com\/es\/o-ppdeg-insiste-na-necesidade-dun-maior-compromiso-por-parte-do-goberno-central-para-que-a-conexion-por-ave-de-galicia-e-portugal-sexa-unha-realidade-canto-antes\/#primaryimage"},"image":{"@id":"https:\/\/ppdegalicia.com\/es\/o-ppdeg-insiste-na-necesidade-dun-maior-compromiso-por-parte-do-goberno-central-para-que-a-conexion-por-ave-de-galicia-e-portugal-sexa-unha-realidade-canto-antes\/#primaryimage"},"thumbnailUrl":"https:\/\/ppdegalicia.com\/wp-content\/uploads\/2024\/08\/20240810-Nidia-Arevalo.jpg","datePublished":"2024-08-10T11:44:35+00:00","dateModified":"2024-08-22T11:49:14+00:00","breadcrumb":{"@id":"https:\/\/ppdegalicia.com\/es\/o-ppdeg-insiste-na-necesidade-dun-maior-compromiso-por-parte-do-goberno-central-para-que-a-conexion-por-ave-de-galicia-e-portugal-sexa-unha-realidade-canto-antes\/#breadcrumb"},"inLanguage":"es","potentialAction":[{"@type":"ReadAction","target":["https:\/\/ppdegalicia.com\/es\/o-ppdeg-insiste-na-necesidade-dun-maior-compromiso-por-parte-do-goberno-central-para-que-a-conexion-por-ave-de-galicia-e-portugal-sexa-unha-realidade-canto-antes\/"]}]},{"@type":"ImageObject","inLanguage":"es","@id":"https:\/\/ppdegalicia.com\/es\/o-ppdeg-insiste-na-necesidade-dun-maior-compromiso-por-parte-do-goberno-central-para-que-a-conexion-por-ave-de-galicia-e-portugal-sexa-unha-realidade-canto-antes\/#primaryimage","url":"https:\/\/ppdegalicia.com\/wp-content\/uploads\/2024\/08\/20240810-Nidia-Arevalo.jpg","contentUrl":"https:\/\/ppdegalicia.com\/wp-content\/uploads\/2024\/08\/20240810-Nidia-Arevalo.jpg","width":1280,"height":853},{"@type":"BreadcrumbList","@id":"https:\/\/ppdegalicia.com\/es\/o-ppdeg-insiste-na-necesidade-dun-maior-compromiso-por-parte-do-goberno-central-para-que-a-conexion-por-ave-de-galicia-e-portugal-sexa-unha-realidade-canto-antes\/#breadcrumb","itemListElement":[{"@type":"ListItem","position":1,"name":"Portada","item":"https:\/\/ppdegalicia.com\/es\/"},{"@type":"ListItem","position":2,"name":"O PPdeG insiste na necesidade dun maior compromiso por parte do Goberno central para que a conexi\u00f3n por AVE de Galicia e Portugal \u201csexa unha realidade canto antes\u201d"}]},{"@type":"WebSite","@id":"https:\/\/ppdegalicia.com\/es\/#website","url":"https:\/\/ppdegalicia.com\/es\/","name":"Partido Popular de Galicia","description":"Partido Popular de Galicia","publisher":{"@id":"https:\/\/ppdegalicia.com\/es\/#organization"},"alternateName":"PP de Galicia","potentialAction":[{"@type":"SearchAction","target":{"@type":"EntryPoint","urlTemplate":"https:\/\/ppdegalicia.com\/es\/?s={search_term_string}"},"query-input":{"@type":"PropertyValueSpecification","valueRequired":true,"valueName":"search_term_string"}}],"inLanguage":"es"},{"@type":"Organization","@id":"https:\/\/ppdegalicia.com\/es\/#organization","name":"Partido Popular de Galicia","alternateName":"PP de Galicia","url":"https:\/\/ppdegalicia.com\/es\/","logo":{"@type":"ImageObject","inLanguage":"es","@id":"https:\/\/ppdegalicia.com\/es\/#\/schema\/logo\/image\/","url":"https:\/\/ppdegalicia.com\/wp-content\/uploads\/2023\/04\/logoPP512.png","contentUrl":"https:\/\/ppdegalicia.com\/wp-content\/uploads\/2023\/04\/logoPP512.png","width":512,"height":512,"caption":"Partido Popular de Galicia"},"image":{"@id":"https:\/\/ppdegalicia.com\/es\/#\/schema\/logo\/image\/"},"sameAs":["https:\/\/www.instagram.com\/ppdegalicia\/","https:\/\/x.com\/ppdegalicia","https:\/\/www.tiktok.com\/@ppdegalicia","https:\/\/www.youtube.com\/user\/ppdegalicia"]},{"@type":"Person","@id":"https:\/\/ppdegalicia.com\/es\/#\/schema\/person\/bc9b46e59ebd34bf28611158c3867388","name":"ppdegaliciaedtis","image":{"@type":"ImageObject","inLanguage":"es","@id":"https:\/\/secure.gravatar.com\/avatar\/f9f8cf6e03df54a1b0d04a6b4b8e8c6bd63c10a439752e84d87a5385aefe2ced?s=96&d=mm&r=g","url":"https:\/\/secure.gravatar.com\/avatar\/f9f8cf6e03df54a1b0d04a6b4b8e8c6bd63c10a439752e84d87a5385aefe2ced?s=96&d=mm&r=g","contentUrl":"https:\/\/secure.gravatar.com\/avatar\/f9f8cf6e03df54a1b0d04a6b4b8e8c6bd63c10a439752e84d87a5385aefe2ced?s=96&d=mm&r=g","caption":"ppdegaliciaedtis"},"url":"https:\/\/ppdegalicia.com\/es\/author\/ppdegaliciaedits\/"}]}},"_links":{"self":[{"href":"https:\/\/ppdegalicia.com\/es\/wp-json\/wp\/v2\/posts\/64071","targetHints":{"allow":["GET"]}}],"collection":[{"href":"https:\/\/ppdegalicia.com\/es\/wp-json\/wp\/v2\/posts"}],"about":[{"href":"https:\/\/ppdegalicia.com\/es\/wp-json\/wp\/v2\/types\/post"}],"author":[{"embeddable":true,"href":"https:\/\/ppdegalicia.com\/es\/wp-json\/wp\/v2\/users\/40"}],"replies":[{"embeddable":true,"href":"https:\/\/ppdegalicia.com\/es\/wp-json\/wp\/v2\/comments?post=64071"}],"version-history":[{"count":1,"href":"https:\/\/ppdegalicia.com\/es\/wp-json\/wp\/v2\/posts\/64071\/revisions"}],"predecessor-version":[{"id":64074,"href":"https:\/\/ppdegalicia.com\/es\/wp-json\/wp\/v2\/posts\/64071\/revisions\/64074"}],"wp:featuredmedia":[{"embeddable":true,"href":"https:\/\/ppdegalicia.com\/es\/wp-json\/wp\/v2\/media\/64072"}],"wp:attachment":[{"href":"https:\/\/ppdegalicia.com\/es\/wp-json\/wp\/v2\/media?parent=64071"}],"wp:term":[{"taxonomy":"category","embeddable":true,"href":"https:\/\/ppdegalicia.com\/es\/wp-json\/wp\/v2\/categories?post=64071"},{"taxonomy":"post_tag","embeddable":true,"href":"https:\/\/ppdegalicia.com\/es\/wp-json\/wp\/v2\/tags?post=64071"}],"curies":[{"name":"wp","href":"https:\/\/api.w.org\/{rel}","templated":true}]}}