{"id":64109,"date":"2024-08-26T09:45:42","date_gmt":"2024-08-26T08:45:42","guid":{"rendered":"https:\/\/ppdegalicia.com\/?p=64109"},"modified":"2024-08-26T09:46:25","modified_gmt":"2024-08-26T08:46:25","slug":"o-ppdeg-esixe-ao-goberno-central-que-tome-medidas-para-garantir-un-correcto-etiquetado-dos-produtos-pesqueiros","status":"publish","type":"post","link":"https:\/\/ppdegalicia.com\/es\/o-ppdeg-esixe-ao-goberno-central-que-tome-medidas-para-garantir-un-correcto-etiquetado-dos-produtos-pesqueiros\/","title":{"rendered":"O PPdeG esixe ao Goberno central que tome medidas para garantir un correcto etiquetado dos produtos pesqueiros"},"content":{"rendered":"<blockquote><p>Os populares argumentan que nos \u00faltimos anos se est\u00e1n dando exemplos de produtos que son comercializados coa etiqueta de \u2018pescado\u2019 cando en realidade te\u00f1en unha composici\u00f3n puramente vexetal<\/p>\n<p>Manuel Ruiz: \u201cEsta pr\u00e1ctica induce a error sobre a verdadeira natureza do produto, xera confusi\u00f3n entre os consumidores e provoca a preocupaci\u00f3n do sector pesqueiro polos prexu\u00edzos para os seus intereses comerciais e socioecon\u00f3micos\u201d<\/p>\n<p>&nbsp;<\/p><\/blockquote>\n<p style=\"font-weight: 400;\">O Partido Popular de Galicia levar\u00e1 ao Senado unha moci\u00f3n para esixir ao Goberno que tome medidas ante a problem\u00e1tica que se est\u00e1 dando co etiquetado como \u2018pescado\u2019 dalg\u00fans produtos veganos e evitar as\u00ed a confusi\u00f3n entre os consumidores e o prexu\u00edzo do sector pesqueiro.<\/p>\n<p style=\"font-weight: 400;\">Tal e como explica o portavoz de Pesca do Grupo Popular no Senado, Manuel Ruiz, nos \u00faltimos anos estanse dando numerosos exemplos de\u00a0comercializaci\u00f3n de produtos\u00a0\u2013como o denominado \u201cat\u00fan vegano\u201d ou outros alimentos comercializados como \u201cpescado 100% vexetariano\u201d\u2013 que, a pesar de levar a etiqueta de \u2018pescado\u2019, te\u00f1en unha composici\u00f3n puramente vexetal.<\/p>\n<p style=\"font-weight: 400;\">\u201cEste etiquetado inadecuado das conservas de orixe vexetal induce a error sobre a verdadeira natureza e composici\u00f3n do produto e, como consecuencia, acaba xerando confusi\u00f3n e desco\u00f1ecemento entre os consumidores e tam\u00e9n preocupaci\u00f3n no sector pesqueiro polos prexu\u00edzos para os seus intereses comerciais e socioecon\u00f3micos\u201d, sost\u00e9n.<\/p>\n<p style=\"font-weight: 400;\">De a\u00ed que na s\u00faa moci\u00f3n os populares insten ao Goberno de Espa\u00f1a a tomar as medidas necesarias para evitar a informaci\u00f3n confusa no etiquetado de produtos de orixe vexetal baixo a denominaci\u00f3n de \u2018pescado\u2019, as\u00ed como a promover unha modificaci\u00f3n lexislativa a nivel europeo para reservar esta descrici\u00f3n de venda aos produtos pesqueiros.<\/p>\n","protected":false},"excerpt":{"rendered":"<p>Os populares argumentan que nos \u00faltimos anos se est\u00e1n dando exemplos de produtos que son comercializados coa etiqueta de \u2018pescado\u2019 cando en realidade te\u00f1en unha composici\u00f3n puramente vexetal Manuel Ruiz: \u201cEsta pr\u00e1ctica induce a error sobre a verdadeira natureza do produto, xera confusi\u00f3n entre os consumidores e provoca a preocupaci\u00f3n do sector pesqueiro polos prexu\u00edzos [&hellip;]<\/p>\n","protected":false},"author":40,"featured_media":64110,"comment_status":"closed","ping_status":"open","sticky":false,"template":"","format":"standard","meta":{"_acf_changed":false,"footnotes":""},"categories":[2387,1],"tags":[],"class_list":["post-64109","post","type-post","status-publish","format-standard","has-post-thumbnail","hentry","category-actualidad-cortes-generales","category-pp-de-galicia"],"acf":[],"yoast_head":"<!-- This site is optimized with the Yoast SEO plugin v27.3 - https:\/\/yoast.com\/product\/yoast-seo-wordpress\/ -->\n<title>O PPdeG esixe ao Goberno central que tome medidas para garantir un correcto etiquetado dos produtos pesqueiros - PP de Galicia<\/title>\n<meta name=\"robots\" content=\"index, follow, max-snippet:-1, max-image-preview:large, max-video-preview:-1\" \/>\n<link rel=\"canonical\" href=\"https:\/\/ppdegalicia.com\/es\/o-ppdeg-esixe-ao-goberno-central-que-tome-medidas-para-garantir-un-correcto-etiquetado-dos-produtos-pesqueiros\/\" \/>\n<meta property=\"og:locale\" content=\"es_ES\" \/>\n<meta property=\"og:type\" content=\"article\" \/>\n<meta property=\"og:title\" content=\"O PPdeG esixe ao Goberno central que tome medidas para garantir un correcto etiquetado dos produtos pesqueiros - PP de Galicia\" \/>\n<meta property=\"og:description\" content=\"Os populares argumentan que nos \u00faltimos anos se est\u00e1n dando exemplos de produtos que son comercializados coa etiqueta de \u2018pescado\u2019 cando en realidade te\u00f1en unha composici\u00f3n puramente vexetal Manuel Ruiz: \u201cEsta pr\u00e1ctica induce a error sobre a verdadeira natureza do produto, xera confusi\u00f3n entre os consumidores e provoca a preocupaci\u00f3n do sector pesqueiro polos prexu\u00edzos [&hellip;]\" \/>\n<meta property=\"og:url\" content=\"https:\/\/ppdegalicia.com\/es\/o-ppdeg-esixe-ao-goberno-central-que-tome-medidas-para-garantir-un-correcto-etiquetado-dos-produtos-pesqueiros\/\" \/>\n<meta property=\"og:site_name\" content=\"PP de Galicia\" \/>\n<meta property=\"article:publisher\" content=\"https:\/\/www.instagram.com\/ppdegalicia\/\" \/>\n<meta property=\"article:published_time\" content=\"2024-08-26T08:45:42+00:00\" \/>\n<meta property=\"article:modified_time\" content=\"2024-08-26T08:46:25+00:00\" \/>\n<meta property=\"og:image\" content=\"https:\/\/ppdegalicia.com\/wp-content\/uploads\/2024\/08\/20240824-Manolo-Ruiz.jpg\" \/>\n\t<meta property=\"og:image:width\" content=\"1280\" \/>\n\t<meta property=\"og:image:height\" content=\"853\" \/>\n\t<meta property=\"og:image:type\" content=\"image\/jpeg\" \/>\n<meta name=\"author\" content=\"ppdegaliciaedtis\" \/>\n<meta name=\"twitter:card\" content=\"summary_large_image\" \/>\n<meta name=\"twitter:creator\" content=\"@ppdegalicia\" \/>\n<meta name=\"twitter:site\" content=\"@ppdegalicia\" \/>\n<meta name=\"twitter:label1\" content=\"Escrito por\" \/>\n\t<meta name=\"twitter:data1\" content=\"ppdegaliciaedtis\" \/>\n\t<meta name=\"twitter:label2\" content=\"Tiempo de lectura\" \/>\n\t<meta name=\"twitter:data2\" content=\"2 minutos\" \/>\n<script type=\"application\/ld+json\" class=\"yoast-schema-graph\">{\"@context\":\"https:\\\/\\\/schema.org\",\"@graph\":[{\"@type\":\"Article\",\"@id\":\"https:\\\/\\\/ppdegalicia.com\\\/es\\\/o-ppdeg-esixe-ao-goberno-central-que-tome-medidas-para-garantir-un-correcto-etiquetado-dos-produtos-pesqueiros\\\/#article\",\"isPartOf\":{\"@id\":\"https:\\\/\\\/ppdegalicia.com\\\/es\\\/o-ppdeg-esixe-ao-goberno-central-que-tome-medidas-para-garantir-un-correcto-etiquetado-dos-produtos-pesqueiros\\\/\"},\"author\":{\"name\":\"ppdegaliciaedtis\",\"@id\":\"https:\\\/\\\/ppdegalicia.com\\\/es\\\/#\\\/schema\\\/person\\\/bc9b46e59ebd34bf28611158c3867388\"},\"headline\":\"O PPdeG esixe ao Goberno central que tome medidas para garantir un correcto etiquetado dos produtos pesqueiros\",\"datePublished\":\"2024-08-26T08:45:42+00:00\",\"dateModified\":\"2024-08-26T08:46:25+00:00\",\"mainEntityOfPage\":{\"@id\":\"https:\\\/\\\/ppdegalicia.com\\\/es\\\/o-ppdeg-esixe-ao-goberno-central-que-tome-medidas-para-garantir-un-correcto-etiquetado-dos-produtos-pesqueiros\\\/\"},\"wordCount\":309,\"publisher\":{\"@id\":\"https:\\\/\\\/ppdegalicia.com\\\/es\\\/#organization\"},\"image\":{\"@id\":\"https:\\\/\\\/ppdegalicia.com\\\/es\\\/o-ppdeg-esixe-ao-goberno-central-que-tome-medidas-para-garantir-un-correcto-etiquetado-dos-produtos-pesqueiros\\\/#primaryimage\"},\"thumbnailUrl\":\"https:\\\/\\\/ppdegalicia.com\\\/wp-content\\\/uploads\\\/2024\\\/08\\\/20240824-Manolo-Ruiz.jpg\",\"articleSection\":[\"Cortes Generales\",\"PP de Galicia\"],\"inLanguage\":\"es\"},{\"@type\":\"WebPage\",\"@id\":\"https:\\\/\\\/ppdegalicia.com\\\/es\\\/o-ppdeg-esixe-ao-goberno-central-que-tome-medidas-para-garantir-un-correcto-etiquetado-dos-produtos-pesqueiros\\\/\",\"url\":\"https:\\\/\\\/ppdegalicia.com\\\/es\\\/o-ppdeg-esixe-ao-goberno-central-que-tome-medidas-para-garantir-un-correcto-etiquetado-dos-produtos-pesqueiros\\\/\",\"name\":\"O PPdeG esixe ao Goberno central que tome medidas para garantir un correcto etiquetado dos produtos pesqueiros - PP de Galicia\",\"isPartOf\":{\"@id\":\"https:\\\/\\\/ppdegalicia.com\\\/es\\\/#website\"},\"primaryImageOfPage\":{\"@id\":\"https:\\\/\\\/ppdegalicia.com\\\/es\\\/o-ppdeg-esixe-ao-goberno-central-que-tome-medidas-para-garantir-un-correcto-etiquetado-dos-produtos-pesqueiros\\\/#primaryimage\"},\"image\":{\"@id\":\"https:\\\/\\\/ppdegalicia.com\\\/es\\\/o-ppdeg-esixe-ao-goberno-central-que-tome-medidas-para-garantir-un-correcto-etiquetado-dos-produtos-pesqueiros\\\/#primaryimage\"},\"thumbnailUrl\":\"https:\\\/\\\/ppdegalicia.com\\\/wp-content\\\/uploads\\\/2024\\\/08\\\/20240824-Manolo-Ruiz.jpg\",\"datePublished\":\"2024-08-26T08:45:42+00:00\",\"dateModified\":\"2024-08-26T08:46:25+00:00\",\"breadcrumb\":{\"@id\":\"https:\\\/\\\/ppdegalicia.com\\\/es\\\/o-ppdeg-esixe-ao-goberno-central-que-tome-medidas-para-garantir-un-correcto-etiquetado-dos-produtos-pesqueiros\\\/#breadcrumb\"},\"inLanguage\":\"es\",\"potentialAction\":[{\"@type\":\"ReadAction\",\"target\":[\"https:\\\/\\\/ppdegalicia.com\\\/es\\\/o-ppdeg-esixe-ao-goberno-central-que-tome-medidas-para-garantir-un-correcto-etiquetado-dos-produtos-pesqueiros\\\/\"]}]},{\"@type\":\"ImageObject\",\"inLanguage\":\"es\",\"@id\":\"https:\\\/\\\/ppdegalicia.com\\\/es\\\/o-ppdeg-esixe-ao-goberno-central-que-tome-medidas-para-garantir-un-correcto-etiquetado-dos-produtos-pesqueiros\\\/#primaryimage\",\"url\":\"https:\\\/\\\/ppdegalicia.com\\\/wp-content\\\/uploads\\\/2024\\\/08\\\/20240824-Manolo-Ruiz.jpg\",\"contentUrl\":\"https:\\\/\\\/ppdegalicia.com\\\/wp-content\\\/uploads\\\/2024\\\/08\\\/20240824-Manolo-Ruiz.jpg\",\"width\":1280,\"height\":853},{\"@type\":\"BreadcrumbList\",\"@id\":\"https:\\\/\\\/ppdegalicia.com\\\/es\\\/o-ppdeg-esixe-ao-goberno-central-que-tome-medidas-para-garantir-un-correcto-etiquetado-dos-produtos-pesqueiros\\\/#breadcrumb\",\"itemListElement\":[{\"@type\":\"ListItem\",\"position\":1,\"name\":\"Portada\",\"item\":\"https:\\\/\\\/ppdegalicia.com\\\/es\\\/\"},{\"@type\":\"ListItem\",\"position\":2,\"name\":\"O PPdeG esixe ao Goberno central que tome medidas para garantir un correcto etiquetado dos produtos pesqueiros\"}]},{\"@type\":\"WebSite\",\"@id\":\"https:\\\/\\\/ppdegalicia.com\\\/es\\\/#website\",\"url\":\"https:\\\/\\\/ppdegalicia.com\\\/es\\\/\",\"name\":\"Partido Popular de Galicia\",\"description\":\"Partido Popular de Galicia\",\"publisher\":{\"@id\":\"https:\\\/\\\/ppdegalicia.com\\\/es\\\/#organization\"},\"alternateName\":\"PP de Galicia\",\"potentialAction\":[{\"@type\":\"SearchAction\",\"target\":{\"@type\":\"EntryPoint\",\"urlTemplate\":\"https:\\\/\\\/ppdegalicia.com\\\/es\\\/?s={search_term_string}\"},\"query-input\":{\"@type\":\"PropertyValueSpecification\",\"valueRequired\":true,\"valueName\":\"search_term_string\"}}],\"inLanguage\":\"es\"},{\"@type\":\"Organization\",\"@id\":\"https:\\\/\\\/ppdegalicia.com\\\/es\\\/#organization\",\"name\":\"Partido Popular de Galicia\",\"alternateName\":\"PP de Galicia\",\"url\":\"https:\\\/\\\/ppdegalicia.com\\\/es\\\/\",\"logo\":{\"@type\":\"ImageObject\",\"inLanguage\":\"es\",\"@id\":\"https:\\\/\\\/ppdegalicia.com\\\/es\\\/#\\\/schema\\\/logo\\\/image\\\/\",\"url\":\"https:\\\/\\\/ppdegalicia.com\\\/wp-content\\\/uploads\\\/2023\\\/04\\\/logoPP512.png\",\"contentUrl\":\"https:\\\/\\\/ppdegalicia.com\\\/wp-content\\\/uploads\\\/2023\\\/04\\\/logoPP512.png\",\"width\":512,\"height\":512,\"caption\":\"Partido Popular de Galicia\"},\"image\":{\"@id\":\"https:\\\/\\\/ppdegalicia.com\\\/es\\\/#\\\/schema\\\/logo\\\/image\\\/\"},\"sameAs\":[\"https:\\\/\\\/www.instagram.com\\\/ppdegalicia\\\/\",\"https:\\\/\\\/x.com\\\/ppdegalicia\",\"https:\\\/\\\/www.tiktok.com\\\/@ppdegalicia\",\"https:\\\/\\\/www.youtube.com\\\/user\\\/ppdegalicia\"]},{\"@type\":\"Person\",\"@id\":\"https:\\\/\\\/ppdegalicia.com\\\/es\\\/#\\\/schema\\\/person\\\/bc9b46e59ebd34bf28611158c3867388\",\"name\":\"ppdegaliciaedtis\",\"image\":{\"@type\":\"ImageObject\",\"inLanguage\":\"es\",\"@id\":\"https:\\\/\\\/secure.gravatar.com\\\/avatar\\\/f9f8cf6e03df54a1b0d04a6b4b8e8c6bd63c10a439752e84d87a5385aefe2ced?s=96&d=mm&r=g\",\"url\":\"https:\\\/\\\/secure.gravatar.com\\\/avatar\\\/f9f8cf6e03df54a1b0d04a6b4b8e8c6bd63c10a439752e84d87a5385aefe2ced?s=96&d=mm&r=g\",\"contentUrl\":\"https:\\\/\\\/secure.gravatar.com\\\/avatar\\\/f9f8cf6e03df54a1b0d04a6b4b8e8c6bd63c10a439752e84d87a5385aefe2ced?s=96&d=mm&r=g\",\"caption\":\"ppdegaliciaedtis\"},\"url\":\"https:\\\/\\\/ppdegalicia.com\\\/es\\\/author\\\/ppdegaliciaedits\\\/\"}]}<\/script>\n<!-- \/ Yoast SEO plugin. -->","yoast_head_json":{"title":"O PPdeG esixe ao Goberno central que tome medidas para garantir un correcto etiquetado dos produtos pesqueiros - PP de Galicia","robots":{"index":"index","follow":"follow","max-snippet":"max-snippet:-1","max-image-preview":"max-image-preview:large","max-video-preview":"max-video-preview:-1"},"canonical":"https:\/\/ppdegalicia.com\/es\/o-ppdeg-esixe-ao-goberno-central-que-tome-medidas-para-garantir-un-correcto-etiquetado-dos-produtos-pesqueiros\/","og_locale":"es_ES","og_type":"article","og_title":"O PPdeG esixe ao Goberno central que tome medidas para garantir un correcto etiquetado dos produtos pesqueiros - PP de Galicia","og_description":"Os populares argumentan que nos \u00faltimos anos se est\u00e1n dando exemplos de produtos que son comercializados coa etiqueta de \u2018pescado\u2019 cando en realidade te\u00f1en unha composici\u00f3n puramente vexetal Manuel Ruiz: \u201cEsta pr\u00e1ctica induce a error sobre a verdadeira natureza do produto, xera confusi\u00f3n entre os consumidores e provoca a preocupaci\u00f3n do sector pesqueiro polos prexu\u00edzos [&hellip;]","og_url":"https:\/\/ppdegalicia.com\/es\/o-ppdeg-esixe-ao-goberno-central-que-tome-medidas-para-garantir-un-correcto-etiquetado-dos-produtos-pesqueiros\/","og_site_name":"PP de Galicia","article_publisher":"https:\/\/www.instagram.com\/ppdegalicia\/","article_published_time":"2024-08-26T08:45:42+00:00","article_modified_time":"2024-08-26T08:46:25+00:00","og_image":[{"width":1280,"height":853,"url":"https:\/\/ppdegalicia.com\/wp-content\/uploads\/2024\/08\/20240824-Manolo-Ruiz.jpg","type":"image\/jpeg"}],"author":"ppdegaliciaedtis","twitter_card":"summary_large_image","twitter_creator":"@ppdegalicia","twitter_site":"@ppdegalicia","twitter_misc":{"Escrito por":"ppdegaliciaedtis","Tiempo de lectura":"2 minutos"},"schema":{"@context":"https:\/\/schema.org","@graph":[{"@type":"Article","@id":"https:\/\/ppdegalicia.com\/es\/o-ppdeg-esixe-ao-goberno-central-que-tome-medidas-para-garantir-un-correcto-etiquetado-dos-produtos-pesqueiros\/#article","isPartOf":{"@id":"https:\/\/ppdegalicia.com\/es\/o-ppdeg-esixe-ao-goberno-central-que-tome-medidas-para-garantir-un-correcto-etiquetado-dos-produtos-pesqueiros\/"},"author":{"name":"ppdegaliciaedtis","@id":"https:\/\/ppdegalicia.com\/es\/#\/schema\/person\/bc9b46e59ebd34bf28611158c3867388"},"headline":"O PPdeG esixe ao Goberno central que tome medidas para garantir un correcto etiquetado dos produtos pesqueiros","datePublished":"2024-08-26T08:45:42+00:00","dateModified":"2024-08-26T08:46:25+00:00","mainEntityOfPage":{"@id":"https:\/\/ppdegalicia.com\/es\/o-ppdeg-esixe-ao-goberno-central-que-tome-medidas-para-garantir-un-correcto-etiquetado-dos-produtos-pesqueiros\/"},"wordCount":309,"publisher":{"@id":"https:\/\/ppdegalicia.com\/es\/#organization"},"image":{"@id":"https:\/\/ppdegalicia.com\/es\/o-ppdeg-esixe-ao-goberno-central-que-tome-medidas-para-garantir-un-correcto-etiquetado-dos-produtos-pesqueiros\/#primaryimage"},"thumbnailUrl":"https:\/\/ppdegalicia.com\/wp-content\/uploads\/2024\/08\/20240824-Manolo-Ruiz.jpg","articleSection":["Cortes Generales","PP de Galicia"],"inLanguage":"es"},{"@type":"WebPage","@id":"https:\/\/ppdegalicia.com\/es\/o-ppdeg-esixe-ao-goberno-central-que-tome-medidas-para-garantir-un-correcto-etiquetado-dos-produtos-pesqueiros\/","url":"https:\/\/ppdegalicia.com\/es\/o-ppdeg-esixe-ao-goberno-central-que-tome-medidas-para-garantir-un-correcto-etiquetado-dos-produtos-pesqueiros\/","name":"O PPdeG esixe ao Goberno central que tome medidas para garantir un correcto etiquetado dos produtos pesqueiros - PP de Galicia","isPartOf":{"@id":"https:\/\/ppdegalicia.com\/es\/#website"},"primaryImageOfPage":{"@id":"https:\/\/ppdegalicia.com\/es\/o-ppdeg-esixe-ao-goberno-central-que-tome-medidas-para-garantir-un-correcto-etiquetado-dos-produtos-pesqueiros\/#primaryimage"},"image":{"@id":"https:\/\/ppdegalicia.com\/es\/o-ppdeg-esixe-ao-goberno-central-que-tome-medidas-para-garantir-un-correcto-etiquetado-dos-produtos-pesqueiros\/#primaryimage"},"thumbnailUrl":"https:\/\/ppdegalicia.com\/wp-content\/uploads\/2024\/08\/20240824-Manolo-Ruiz.jpg","datePublished":"2024-08-26T08:45:42+00:00","dateModified":"2024-08-26T08:46:25+00:00","breadcrumb":{"@id":"https:\/\/ppdegalicia.com\/es\/o-ppdeg-esixe-ao-goberno-central-que-tome-medidas-para-garantir-un-correcto-etiquetado-dos-produtos-pesqueiros\/#breadcrumb"},"inLanguage":"es","potentialAction":[{"@type":"ReadAction","target":["https:\/\/ppdegalicia.com\/es\/o-ppdeg-esixe-ao-goberno-central-que-tome-medidas-para-garantir-un-correcto-etiquetado-dos-produtos-pesqueiros\/"]}]},{"@type":"ImageObject","inLanguage":"es","@id":"https:\/\/ppdegalicia.com\/es\/o-ppdeg-esixe-ao-goberno-central-que-tome-medidas-para-garantir-un-correcto-etiquetado-dos-produtos-pesqueiros\/#primaryimage","url":"https:\/\/ppdegalicia.com\/wp-content\/uploads\/2024\/08\/20240824-Manolo-Ruiz.jpg","contentUrl":"https:\/\/ppdegalicia.com\/wp-content\/uploads\/2024\/08\/20240824-Manolo-Ruiz.jpg","width":1280,"height":853},{"@type":"BreadcrumbList","@id":"https:\/\/ppdegalicia.com\/es\/o-ppdeg-esixe-ao-goberno-central-que-tome-medidas-para-garantir-un-correcto-etiquetado-dos-produtos-pesqueiros\/#breadcrumb","itemListElement":[{"@type":"ListItem","position":1,"name":"Portada","item":"https:\/\/ppdegalicia.com\/es\/"},{"@type":"ListItem","position":2,"name":"O PPdeG esixe ao Goberno central que tome medidas para garantir un correcto etiquetado dos produtos pesqueiros"}]},{"@type":"WebSite","@id":"https:\/\/ppdegalicia.com\/es\/#website","url":"https:\/\/ppdegalicia.com\/es\/","name":"Partido Popular de Galicia","description":"Partido Popular de Galicia","publisher":{"@id":"https:\/\/ppdegalicia.com\/es\/#organization"},"alternateName":"PP de Galicia","potentialAction":[{"@type":"SearchAction","target":{"@type":"EntryPoint","urlTemplate":"https:\/\/ppdegalicia.com\/es\/?s={search_term_string}"},"query-input":{"@type":"PropertyValueSpecification","valueRequired":true,"valueName":"search_term_string"}}],"inLanguage":"es"},{"@type":"Organization","@id":"https:\/\/ppdegalicia.com\/es\/#organization","name":"Partido Popular de Galicia","alternateName":"PP de Galicia","url":"https:\/\/ppdegalicia.com\/es\/","logo":{"@type":"ImageObject","inLanguage":"es","@id":"https:\/\/ppdegalicia.com\/es\/#\/schema\/logo\/image\/","url":"https:\/\/ppdegalicia.com\/wp-content\/uploads\/2023\/04\/logoPP512.png","contentUrl":"https:\/\/ppdegalicia.com\/wp-content\/uploads\/2023\/04\/logoPP512.png","width":512,"height":512,"caption":"Partido Popular de Galicia"},"image":{"@id":"https:\/\/ppdegalicia.com\/es\/#\/schema\/logo\/image\/"},"sameAs":["https:\/\/www.instagram.com\/ppdegalicia\/","https:\/\/x.com\/ppdegalicia","https:\/\/www.tiktok.com\/@ppdegalicia","https:\/\/www.youtube.com\/user\/ppdegalicia"]},{"@type":"Person","@id":"https:\/\/ppdegalicia.com\/es\/#\/schema\/person\/bc9b46e59ebd34bf28611158c3867388","name":"ppdegaliciaedtis","image":{"@type":"ImageObject","inLanguage":"es","@id":"https:\/\/secure.gravatar.com\/avatar\/f9f8cf6e03df54a1b0d04a6b4b8e8c6bd63c10a439752e84d87a5385aefe2ced?s=96&d=mm&r=g","url":"https:\/\/secure.gravatar.com\/avatar\/f9f8cf6e03df54a1b0d04a6b4b8e8c6bd63c10a439752e84d87a5385aefe2ced?s=96&d=mm&r=g","contentUrl":"https:\/\/secure.gravatar.com\/avatar\/f9f8cf6e03df54a1b0d04a6b4b8e8c6bd63c10a439752e84d87a5385aefe2ced?s=96&d=mm&r=g","caption":"ppdegaliciaedtis"},"url":"https:\/\/ppdegalicia.com\/es\/author\/ppdegaliciaedits\/"}]}},"_links":{"self":[{"href":"https:\/\/ppdegalicia.com\/es\/wp-json\/wp\/v2\/posts\/64109","targetHints":{"allow":["GET"]}}],"collection":[{"href":"https:\/\/ppdegalicia.com\/es\/wp-json\/wp\/v2\/posts"}],"about":[{"href":"https:\/\/ppdegalicia.com\/es\/wp-json\/wp\/v2\/types\/post"}],"author":[{"embeddable":true,"href":"https:\/\/ppdegalicia.com\/es\/wp-json\/wp\/v2\/users\/40"}],"replies":[{"embeddable":true,"href":"https:\/\/ppdegalicia.com\/es\/wp-json\/wp\/v2\/comments?post=64109"}],"version-history":[{"count":2,"href":"https:\/\/ppdegalicia.com\/es\/wp-json\/wp\/v2\/posts\/64109\/revisions"}],"predecessor-version":[{"id":64113,"href":"https:\/\/ppdegalicia.com\/es\/wp-json\/wp\/v2\/posts\/64109\/revisions\/64113"}],"wp:featuredmedia":[{"embeddable":true,"href":"https:\/\/ppdegalicia.com\/es\/wp-json\/wp\/v2\/media\/64110"}],"wp:attachment":[{"href":"https:\/\/ppdegalicia.com\/es\/wp-json\/wp\/v2\/media?parent=64109"}],"wp:term":[{"taxonomy":"category","embeddable":true,"href":"https:\/\/ppdegalicia.com\/es\/wp-json\/wp\/v2\/categories?post=64109"},{"taxonomy":"post_tag","embeddable":true,"href":"https:\/\/ppdegalicia.com\/es\/wp-json\/wp\/v2\/tags?post=64109"}],"curies":[{"name":"wp","href":"https:\/\/api.w.org\/{rel}","templated":true}]}}