{"id":64173,"date":"2024-09-05T13:26:16","date_gmt":"2024-09-05T12:26:16","guid":{"rendered":"https:\/\/ppdegalicia.com\/?p=64173"},"modified":"2024-09-09T12:28:09","modified_gmt":"2024-09-09T11:28:09","slug":"o-parlamento-de-galicia-solicita-a-creacion-dun-programa-especifico-que-apoie-o-emprendemento-das-persoas-con-discapacidade","status":"publish","type":"post","link":"https:\/\/ppdegalicia.com\/es\/o-parlamento-de-galicia-solicita-a-creacion-dun-programa-especifico-que-apoie-o-emprendemento-das-persoas-con-discapacidade\/","title":{"rendered":"O Parlamento de Galicia solicita a creaci\u00f3n dun programa espec\u00edfico que apoie o emprendemento das persoas con discapacidade"},"content":{"rendered":"<p>O Parlamento de Galicia aprobou hoxe por unanimidade unha proposici\u00f3n non de lei a trav\u00e9s da que se solicita a creaci\u00f3n dun programa espec\u00edfico que apoie o emprendemento das persoas con discapacidade, co obxectivo de mellorar a s\u00faa inserci\u00f3n socio-laboral.<\/p>\n<p>A portavoz de Emprego do Grupo Popular, Noelia P\u00e9rez, manifestou que \u201ca inserci\u00f3n laboral das persoas con discapacidade non so debe ser contemplada desde a \u00f3ptica do emprego por conta allea, porque hai moit\u00edsimas persoas con discapacidade cun enorme potencial para emprender\u201d. \u201cO emprendemento non \u00e9 so unha v\u00eda para a autosuficiencia econ\u00f3mica, sen\u00f3n tam\u00e9n un cami\u00f1o para a autorrealizaci\u00f3n e a plena participaci\u00f3n na vida econ\u00f3mica e social de Galicia\u201d, apuntou.<\/p>\n<p><strong><u>TRANSFORMAR A CONTORNA, CREAR EMPREGO E APORTAR TALENTO<\/u><\/strong><\/p>\n<p>Noelia P\u00e9rez asegurou que a trav\u00e9s do emprendemento \u201cas persoas con discapacidade poden transformar a s\u00faa contorna, xerar emprego para outras persoas e aportar o seu talento e visi\u00f3n ao tecido empresarial galego\u201d.<\/p>\n<p>Na s\u00faa intervenci\u00f3n, a portavoz popular lembrou que a Xunta dedica este ano m\u00e1is de 33 mill\u00f3ns de euros a promover o emprego inclusivo e apoiar \u00e1s persoas con maiores dificultades de acceso ao mercado laboral. \u201cDebemos asegurarnos que todas as persoas, independentemente das s\u00faas capacidades, te\u00f1an as ferramentas necesarias para alcanzar as s\u00faas metas\u201d, incidiu.<\/p>\n","protected":false},"excerpt":{"rendered":"<p>O Parlamento de Galicia aprobou hoxe por unanimidade unha proposici\u00f3n non de lei a trav\u00e9s da que se solicita a creaci\u00f3n dun programa espec\u00edfico que apoie o emprendemento das persoas con discapacidade, co obxectivo de mellorar a s\u00faa inserci\u00f3n socio-laboral. A portavoz de Emprego do Grupo Popular, Noelia P\u00e9rez, manifestou que \u201ca inserci\u00f3n laboral das [&hellip;]<\/p>\n","protected":false},"author":40,"featured_media":64176,"comment_status":"closed","ping_status":"open","sticky":false,"template":"","format":"standard","meta":{"_acf_changed":false,"footnotes":""},"categories":[1128],"tags":[],"class_list":["post-64173","post","type-post","status-publish","format-standard","has-post-thumbnail","hentry","category-actualidad-parlamento-de-galicia"],"acf":[],"yoast_head":"<!-- This site is optimized with the Yoast SEO plugin v27.3 - https:\/\/yoast.com\/product\/yoast-seo-wordpress\/ -->\n<title>O Parlamento de Galicia solicita a creaci\u00f3n dun programa espec\u00edfico que apoie o emprendemento das persoas con discapacidade - PP de Galicia<\/title>\n<meta name=\"description\" content=\"O Parlamento de Galicia aprobou hoxe por unanimidade unha proposici\u00f3n non de lei a trav\u00e9s da que se solicita a creaci\u00f3n dun programa espec\u00edfico que apoie o emprendemento das persoas con discapacidade, co obxectivo de mellorar a s\u00faa inserci\u00f3n socio-laboral.\" \/>\n<meta name=\"robots\" content=\"index, follow, max-snippet:-1, max-image-preview:large, max-video-preview:-1\" \/>\n<link rel=\"canonical\" href=\"https:\/\/ppdegalicia.com\/es\/o-parlamento-de-galicia-solicita-a-creacion-dun-programa-especifico-que-apoie-o-emprendemento-das-persoas-con-discapacidade\/\" \/>\n<meta property=\"og:locale\" content=\"es_ES\" \/>\n<meta property=\"og:type\" content=\"article\" \/>\n<meta property=\"og:title\" content=\"O Parlamento de Galicia solicita a creaci\u00f3n dun programa espec\u00edfico que apoie o emprendemento das persoas con discapacidade - PP de Galicia\" \/>\n<meta property=\"og:description\" content=\"O Parlamento de Galicia aprobou hoxe por unanimidade unha proposici\u00f3n non de lei a trav\u00e9s da que se solicita a creaci\u00f3n dun programa espec\u00edfico que apoie o emprendemento das persoas con discapacidade, co obxectivo de mellorar a s\u00faa inserci\u00f3n socio-laboral.\" \/>\n<meta property=\"og:url\" content=\"https:\/\/ppdegalicia.com\/es\/o-parlamento-de-galicia-solicita-a-creacion-dun-programa-especifico-que-apoie-o-emprendemento-das-persoas-con-discapacidade\/\" \/>\n<meta property=\"og:site_name\" content=\"PP de Galicia\" \/>\n<meta property=\"article:publisher\" content=\"https:\/\/www.instagram.com\/ppdegalicia\/\" \/>\n<meta property=\"article:published_time\" content=\"2024-09-05T12:26:16+00:00\" \/>\n<meta property=\"article:modified_time\" content=\"2024-09-09T11:28:09+00:00\" \/>\n<meta property=\"og:image\" content=\"https:\/\/ppdegalicia.com\/wp-content\/uploads\/2024\/09\/458385629_18294117697203678_357492534312827126_n-1.jpg\" \/>\n\t<meta property=\"og:image:width\" content=\"1440\" \/>\n\t<meta property=\"og:image:height\" content=\"960\" \/>\n\t<meta property=\"og:image:type\" content=\"image\/jpeg\" \/>\n<meta name=\"author\" content=\"ppdegaliciaedtis\" \/>\n<meta name=\"twitter:card\" content=\"summary_large_image\" \/>\n<meta name=\"twitter:creator\" content=\"@ppdegalicia\" \/>\n<meta name=\"twitter:site\" content=\"@ppdegalicia\" \/>\n<meta name=\"twitter:label1\" content=\"Escrito por\" \/>\n\t<meta name=\"twitter:data1\" content=\"ppdegaliciaedtis\" \/>\n\t<meta name=\"twitter:label2\" content=\"Tiempo de lectura\" \/>\n\t<meta name=\"twitter:data2\" content=\"2 minutos\" \/>\n<script type=\"application\/ld+json\" class=\"yoast-schema-graph\">{\"@context\":\"https:\\\/\\\/schema.org\",\"@graph\":[{\"@type\":\"Article\",\"@id\":\"https:\\\/\\\/ppdegalicia.com\\\/es\\\/o-parlamento-de-galicia-solicita-a-creacion-dun-programa-especifico-que-apoie-o-emprendemento-das-persoas-con-discapacidade\\\/#article\",\"isPartOf\":{\"@id\":\"https:\\\/\\\/ppdegalicia.com\\\/es\\\/o-parlamento-de-galicia-solicita-a-creacion-dun-programa-especifico-que-apoie-o-emprendemento-das-persoas-con-discapacidade\\\/\"},\"author\":{\"name\":\"ppdegaliciaedtis\",\"@id\":\"https:\\\/\\\/ppdegalicia.com\\\/es\\\/#\\\/schema\\\/person\\\/bc9b46e59ebd34bf28611158c3867388\"},\"headline\":\"O Parlamento de Galicia solicita a creaci\u00f3n dun programa espec\u00edfico que apoie o emprendemento das persoas con discapacidade\",\"datePublished\":\"2024-09-05T12:26:16+00:00\",\"dateModified\":\"2024-09-09T11:28:09+00:00\",\"mainEntityOfPage\":{\"@id\":\"https:\\\/\\\/ppdegalicia.com\\\/es\\\/o-parlamento-de-galicia-solicita-a-creacion-dun-programa-especifico-que-apoie-o-emprendemento-das-persoas-con-discapacidade\\\/\"},\"wordCount\":255,\"publisher\":{\"@id\":\"https:\\\/\\\/ppdegalicia.com\\\/es\\\/#organization\"},\"image\":{\"@id\":\"https:\\\/\\\/ppdegalicia.com\\\/es\\\/o-parlamento-de-galicia-solicita-a-creacion-dun-programa-especifico-que-apoie-o-emprendemento-das-persoas-con-discapacidade\\\/#primaryimage\"},\"thumbnailUrl\":\"https:\\\/\\\/ppdegalicia.com\\\/wp-content\\\/uploads\\\/2024\\\/09\\\/458385629_18294117697203678_357492534312827126_n-1.jpg\",\"articleSection\":[\"Parlamento de Galicia\"],\"inLanguage\":\"es\"},{\"@type\":\"WebPage\",\"@id\":\"https:\\\/\\\/ppdegalicia.com\\\/es\\\/o-parlamento-de-galicia-solicita-a-creacion-dun-programa-especifico-que-apoie-o-emprendemento-das-persoas-con-discapacidade\\\/\",\"url\":\"https:\\\/\\\/ppdegalicia.com\\\/es\\\/o-parlamento-de-galicia-solicita-a-creacion-dun-programa-especifico-que-apoie-o-emprendemento-das-persoas-con-discapacidade\\\/\",\"name\":\"O Parlamento de Galicia solicita a creaci\u00f3n dun programa espec\u00edfico que apoie o emprendemento das persoas con discapacidade - PP de Galicia\",\"isPartOf\":{\"@id\":\"https:\\\/\\\/ppdegalicia.com\\\/es\\\/#website\"},\"primaryImageOfPage\":{\"@id\":\"https:\\\/\\\/ppdegalicia.com\\\/es\\\/o-parlamento-de-galicia-solicita-a-creacion-dun-programa-especifico-que-apoie-o-emprendemento-das-persoas-con-discapacidade\\\/#primaryimage\"},\"image\":{\"@id\":\"https:\\\/\\\/ppdegalicia.com\\\/es\\\/o-parlamento-de-galicia-solicita-a-creacion-dun-programa-especifico-que-apoie-o-emprendemento-das-persoas-con-discapacidade\\\/#primaryimage\"},\"thumbnailUrl\":\"https:\\\/\\\/ppdegalicia.com\\\/wp-content\\\/uploads\\\/2024\\\/09\\\/458385629_18294117697203678_357492534312827126_n-1.jpg\",\"datePublished\":\"2024-09-05T12:26:16+00:00\",\"dateModified\":\"2024-09-09T11:28:09+00:00\",\"description\":\"O Parlamento de Galicia aprobou hoxe por unanimidade unha proposici\u00f3n non de lei a trav\u00e9s da que se solicita a creaci\u00f3n dun programa espec\u00edfico que apoie o emprendemento das persoas con discapacidade, co obxectivo de mellorar a s\u00faa inserci\u00f3n socio-laboral.\",\"breadcrumb\":{\"@id\":\"https:\\\/\\\/ppdegalicia.com\\\/es\\\/o-parlamento-de-galicia-solicita-a-creacion-dun-programa-especifico-que-apoie-o-emprendemento-das-persoas-con-discapacidade\\\/#breadcrumb\"},\"inLanguage\":\"es\",\"potentialAction\":[{\"@type\":\"ReadAction\",\"target\":[\"https:\\\/\\\/ppdegalicia.com\\\/es\\\/o-parlamento-de-galicia-solicita-a-creacion-dun-programa-especifico-que-apoie-o-emprendemento-das-persoas-con-discapacidade\\\/\"]}]},{\"@type\":\"ImageObject\",\"inLanguage\":\"es\",\"@id\":\"https:\\\/\\\/ppdegalicia.com\\\/es\\\/o-parlamento-de-galicia-solicita-a-creacion-dun-programa-especifico-que-apoie-o-emprendemento-das-persoas-con-discapacidade\\\/#primaryimage\",\"url\":\"https:\\\/\\\/ppdegalicia.com\\\/wp-content\\\/uploads\\\/2024\\\/09\\\/458385629_18294117697203678_357492534312827126_n-1.jpg\",\"contentUrl\":\"https:\\\/\\\/ppdegalicia.com\\\/wp-content\\\/uploads\\\/2024\\\/09\\\/458385629_18294117697203678_357492534312827126_n-1.jpg\",\"width\":1440,\"height\":960},{\"@type\":\"BreadcrumbList\",\"@id\":\"https:\\\/\\\/ppdegalicia.com\\\/es\\\/o-parlamento-de-galicia-solicita-a-creacion-dun-programa-especifico-que-apoie-o-emprendemento-das-persoas-con-discapacidade\\\/#breadcrumb\",\"itemListElement\":[{\"@type\":\"ListItem\",\"position\":1,\"name\":\"Portada\",\"item\":\"https:\\\/\\\/ppdegalicia.com\\\/es\\\/\"},{\"@type\":\"ListItem\",\"position\":2,\"name\":\"O Parlamento de Galicia solicita a creaci\u00f3n dun programa espec\u00edfico que apoie o emprendemento das persoas con discapacidade\"}]},{\"@type\":\"WebSite\",\"@id\":\"https:\\\/\\\/ppdegalicia.com\\\/es\\\/#website\",\"url\":\"https:\\\/\\\/ppdegalicia.com\\\/es\\\/\",\"name\":\"Partido Popular de Galicia\",\"description\":\"Partido Popular de Galicia\",\"publisher\":{\"@id\":\"https:\\\/\\\/ppdegalicia.com\\\/es\\\/#organization\"},\"alternateName\":\"PP de Galicia\",\"potentialAction\":[{\"@type\":\"SearchAction\",\"target\":{\"@type\":\"EntryPoint\",\"urlTemplate\":\"https:\\\/\\\/ppdegalicia.com\\\/es\\\/?s={search_term_string}\"},\"query-input\":{\"@type\":\"PropertyValueSpecification\",\"valueRequired\":true,\"valueName\":\"search_term_string\"}}],\"inLanguage\":\"es\"},{\"@type\":\"Organization\",\"@id\":\"https:\\\/\\\/ppdegalicia.com\\\/es\\\/#organization\",\"name\":\"Partido Popular de Galicia\",\"alternateName\":\"PP de Galicia\",\"url\":\"https:\\\/\\\/ppdegalicia.com\\\/es\\\/\",\"logo\":{\"@type\":\"ImageObject\",\"inLanguage\":\"es\",\"@id\":\"https:\\\/\\\/ppdegalicia.com\\\/es\\\/#\\\/schema\\\/logo\\\/image\\\/\",\"url\":\"https:\\\/\\\/ppdegalicia.com\\\/wp-content\\\/uploads\\\/2023\\\/04\\\/logoPP512.png\",\"contentUrl\":\"https:\\\/\\\/ppdegalicia.com\\\/wp-content\\\/uploads\\\/2023\\\/04\\\/logoPP512.png\",\"width\":512,\"height\":512,\"caption\":\"Partido Popular de Galicia\"},\"image\":{\"@id\":\"https:\\\/\\\/ppdegalicia.com\\\/es\\\/#\\\/schema\\\/logo\\\/image\\\/\"},\"sameAs\":[\"https:\\\/\\\/www.instagram.com\\\/ppdegalicia\\\/\",\"https:\\\/\\\/x.com\\\/ppdegalicia\",\"https:\\\/\\\/www.tiktok.com\\\/@ppdegalicia\",\"https:\\\/\\\/www.youtube.com\\\/user\\\/ppdegalicia\"]},{\"@type\":\"Person\",\"@id\":\"https:\\\/\\\/ppdegalicia.com\\\/es\\\/#\\\/schema\\\/person\\\/bc9b46e59ebd34bf28611158c3867388\",\"name\":\"ppdegaliciaedtis\",\"image\":{\"@type\":\"ImageObject\",\"inLanguage\":\"es\",\"@id\":\"https:\\\/\\\/secure.gravatar.com\\\/avatar\\\/f9f8cf6e03df54a1b0d04a6b4b8e8c6bd63c10a439752e84d87a5385aefe2ced?s=96&d=mm&r=g\",\"url\":\"https:\\\/\\\/secure.gravatar.com\\\/avatar\\\/f9f8cf6e03df54a1b0d04a6b4b8e8c6bd63c10a439752e84d87a5385aefe2ced?s=96&d=mm&r=g\",\"contentUrl\":\"https:\\\/\\\/secure.gravatar.com\\\/avatar\\\/f9f8cf6e03df54a1b0d04a6b4b8e8c6bd63c10a439752e84d87a5385aefe2ced?s=96&d=mm&r=g\",\"caption\":\"ppdegaliciaedtis\"},\"url\":\"https:\\\/\\\/ppdegalicia.com\\\/es\\\/author\\\/ppdegaliciaedits\\\/\"}]}<\/script>\n<!-- \/ Yoast SEO plugin. -->","yoast_head_json":{"title":"O Parlamento de Galicia solicita a creaci\u00f3n dun programa espec\u00edfico que apoie o emprendemento das persoas con discapacidade - PP de Galicia","description":"O Parlamento de Galicia aprobou hoxe por unanimidade unha proposici\u00f3n non de lei a trav\u00e9s da que se solicita a creaci\u00f3n dun programa espec\u00edfico que apoie o emprendemento das persoas con discapacidade, co obxectivo de mellorar a s\u00faa inserci\u00f3n socio-laboral.","robots":{"index":"index","follow":"follow","max-snippet":"max-snippet:-1","max-image-preview":"max-image-preview:large","max-video-preview":"max-video-preview:-1"},"canonical":"https:\/\/ppdegalicia.com\/es\/o-parlamento-de-galicia-solicita-a-creacion-dun-programa-especifico-que-apoie-o-emprendemento-das-persoas-con-discapacidade\/","og_locale":"es_ES","og_type":"article","og_title":"O Parlamento de Galicia solicita a creaci\u00f3n dun programa espec\u00edfico que apoie o emprendemento das persoas con discapacidade - PP de Galicia","og_description":"O Parlamento de Galicia aprobou hoxe por unanimidade unha proposici\u00f3n non de lei a trav\u00e9s da que se solicita a creaci\u00f3n dun programa espec\u00edfico que apoie o emprendemento das persoas con discapacidade, co obxectivo de mellorar a s\u00faa inserci\u00f3n socio-laboral.","og_url":"https:\/\/ppdegalicia.com\/es\/o-parlamento-de-galicia-solicita-a-creacion-dun-programa-especifico-que-apoie-o-emprendemento-das-persoas-con-discapacidade\/","og_site_name":"PP de Galicia","article_publisher":"https:\/\/www.instagram.com\/ppdegalicia\/","article_published_time":"2024-09-05T12:26:16+00:00","article_modified_time":"2024-09-09T11:28:09+00:00","og_image":[{"width":1440,"height":960,"url":"https:\/\/ppdegalicia.com\/wp-content\/uploads\/2024\/09\/458385629_18294117697203678_357492534312827126_n-1.jpg","type":"image\/jpeg"}],"author":"ppdegaliciaedtis","twitter_card":"summary_large_image","twitter_creator":"@ppdegalicia","twitter_site":"@ppdegalicia","twitter_misc":{"Escrito por":"ppdegaliciaedtis","Tiempo de lectura":"2 minutos"},"schema":{"@context":"https:\/\/schema.org","@graph":[{"@type":"Article","@id":"https:\/\/ppdegalicia.com\/es\/o-parlamento-de-galicia-solicita-a-creacion-dun-programa-especifico-que-apoie-o-emprendemento-das-persoas-con-discapacidade\/#article","isPartOf":{"@id":"https:\/\/ppdegalicia.com\/es\/o-parlamento-de-galicia-solicita-a-creacion-dun-programa-especifico-que-apoie-o-emprendemento-das-persoas-con-discapacidade\/"},"author":{"name":"ppdegaliciaedtis","@id":"https:\/\/ppdegalicia.com\/es\/#\/schema\/person\/bc9b46e59ebd34bf28611158c3867388"},"headline":"O Parlamento de Galicia solicita a creaci\u00f3n dun programa espec\u00edfico que apoie o emprendemento das persoas con discapacidade","datePublished":"2024-09-05T12:26:16+00:00","dateModified":"2024-09-09T11:28:09+00:00","mainEntityOfPage":{"@id":"https:\/\/ppdegalicia.com\/es\/o-parlamento-de-galicia-solicita-a-creacion-dun-programa-especifico-que-apoie-o-emprendemento-das-persoas-con-discapacidade\/"},"wordCount":255,"publisher":{"@id":"https:\/\/ppdegalicia.com\/es\/#organization"},"image":{"@id":"https:\/\/ppdegalicia.com\/es\/o-parlamento-de-galicia-solicita-a-creacion-dun-programa-especifico-que-apoie-o-emprendemento-das-persoas-con-discapacidade\/#primaryimage"},"thumbnailUrl":"https:\/\/ppdegalicia.com\/wp-content\/uploads\/2024\/09\/458385629_18294117697203678_357492534312827126_n-1.jpg","articleSection":["Parlamento de Galicia"],"inLanguage":"es"},{"@type":"WebPage","@id":"https:\/\/ppdegalicia.com\/es\/o-parlamento-de-galicia-solicita-a-creacion-dun-programa-especifico-que-apoie-o-emprendemento-das-persoas-con-discapacidade\/","url":"https:\/\/ppdegalicia.com\/es\/o-parlamento-de-galicia-solicita-a-creacion-dun-programa-especifico-que-apoie-o-emprendemento-das-persoas-con-discapacidade\/","name":"O Parlamento de Galicia solicita a creaci\u00f3n dun programa espec\u00edfico que apoie o emprendemento das persoas con discapacidade - PP de Galicia","isPartOf":{"@id":"https:\/\/ppdegalicia.com\/es\/#website"},"primaryImageOfPage":{"@id":"https:\/\/ppdegalicia.com\/es\/o-parlamento-de-galicia-solicita-a-creacion-dun-programa-especifico-que-apoie-o-emprendemento-das-persoas-con-discapacidade\/#primaryimage"},"image":{"@id":"https:\/\/ppdegalicia.com\/es\/o-parlamento-de-galicia-solicita-a-creacion-dun-programa-especifico-que-apoie-o-emprendemento-das-persoas-con-discapacidade\/#primaryimage"},"thumbnailUrl":"https:\/\/ppdegalicia.com\/wp-content\/uploads\/2024\/09\/458385629_18294117697203678_357492534312827126_n-1.jpg","datePublished":"2024-09-05T12:26:16+00:00","dateModified":"2024-09-09T11:28:09+00:00","description":"O Parlamento de Galicia aprobou hoxe por unanimidade unha proposici\u00f3n non de lei a trav\u00e9s da que se solicita a creaci\u00f3n dun programa espec\u00edfico que apoie o emprendemento das persoas con discapacidade, co obxectivo de mellorar a s\u00faa inserci\u00f3n socio-laboral.","breadcrumb":{"@id":"https:\/\/ppdegalicia.com\/es\/o-parlamento-de-galicia-solicita-a-creacion-dun-programa-especifico-que-apoie-o-emprendemento-das-persoas-con-discapacidade\/#breadcrumb"},"inLanguage":"es","potentialAction":[{"@type":"ReadAction","target":["https:\/\/ppdegalicia.com\/es\/o-parlamento-de-galicia-solicita-a-creacion-dun-programa-especifico-que-apoie-o-emprendemento-das-persoas-con-discapacidade\/"]}]},{"@type":"ImageObject","inLanguage":"es","@id":"https:\/\/ppdegalicia.com\/es\/o-parlamento-de-galicia-solicita-a-creacion-dun-programa-especifico-que-apoie-o-emprendemento-das-persoas-con-discapacidade\/#primaryimage","url":"https:\/\/ppdegalicia.com\/wp-content\/uploads\/2024\/09\/458385629_18294117697203678_357492534312827126_n-1.jpg","contentUrl":"https:\/\/ppdegalicia.com\/wp-content\/uploads\/2024\/09\/458385629_18294117697203678_357492534312827126_n-1.jpg","width":1440,"height":960},{"@type":"BreadcrumbList","@id":"https:\/\/ppdegalicia.com\/es\/o-parlamento-de-galicia-solicita-a-creacion-dun-programa-especifico-que-apoie-o-emprendemento-das-persoas-con-discapacidade\/#breadcrumb","itemListElement":[{"@type":"ListItem","position":1,"name":"Portada","item":"https:\/\/ppdegalicia.com\/es\/"},{"@type":"ListItem","position":2,"name":"O Parlamento de Galicia solicita a creaci\u00f3n dun programa espec\u00edfico que apoie o emprendemento das persoas con discapacidade"}]},{"@type":"WebSite","@id":"https:\/\/ppdegalicia.com\/es\/#website","url":"https:\/\/ppdegalicia.com\/es\/","name":"Partido Popular de Galicia","description":"Partido Popular de Galicia","publisher":{"@id":"https:\/\/ppdegalicia.com\/es\/#organization"},"alternateName":"PP de Galicia","potentialAction":[{"@type":"SearchAction","target":{"@type":"EntryPoint","urlTemplate":"https:\/\/ppdegalicia.com\/es\/?s={search_term_string}"},"query-input":{"@type":"PropertyValueSpecification","valueRequired":true,"valueName":"search_term_string"}}],"inLanguage":"es"},{"@type":"Organization","@id":"https:\/\/ppdegalicia.com\/es\/#organization","name":"Partido Popular de Galicia","alternateName":"PP de Galicia","url":"https:\/\/ppdegalicia.com\/es\/","logo":{"@type":"ImageObject","inLanguage":"es","@id":"https:\/\/ppdegalicia.com\/es\/#\/schema\/logo\/image\/","url":"https:\/\/ppdegalicia.com\/wp-content\/uploads\/2023\/04\/logoPP512.png","contentUrl":"https:\/\/ppdegalicia.com\/wp-content\/uploads\/2023\/04\/logoPP512.png","width":512,"height":512,"caption":"Partido Popular de Galicia"},"image":{"@id":"https:\/\/ppdegalicia.com\/es\/#\/schema\/logo\/image\/"},"sameAs":["https:\/\/www.instagram.com\/ppdegalicia\/","https:\/\/x.com\/ppdegalicia","https:\/\/www.tiktok.com\/@ppdegalicia","https:\/\/www.youtube.com\/user\/ppdegalicia"]},{"@type":"Person","@id":"https:\/\/ppdegalicia.com\/es\/#\/schema\/person\/bc9b46e59ebd34bf28611158c3867388","name":"ppdegaliciaedtis","image":{"@type":"ImageObject","inLanguage":"es","@id":"https:\/\/secure.gravatar.com\/avatar\/f9f8cf6e03df54a1b0d04a6b4b8e8c6bd63c10a439752e84d87a5385aefe2ced?s=96&d=mm&r=g","url":"https:\/\/secure.gravatar.com\/avatar\/f9f8cf6e03df54a1b0d04a6b4b8e8c6bd63c10a439752e84d87a5385aefe2ced?s=96&d=mm&r=g","contentUrl":"https:\/\/secure.gravatar.com\/avatar\/f9f8cf6e03df54a1b0d04a6b4b8e8c6bd63c10a439752e84d87a5385aefe2ced?s=96&d=mm&r=g","caption":"ppdegaliciaedtis"},"url":"https:\/\/ppdegalicia.com\/es\/author\/ppdegaliciaedits\/"}]}},"_links":{"self":[{"href":"https:\/\/ppdegalicia.com\/es\/wp-json\/wp\/v2\/posts\/64173","targetHints":{"allow":["GET"]}}],"collection":[{"href":"https:\/\/ppdegalicia.com\/es\/wp-json\/wp\/v2\/posts"}],"about":[{"href":"https:\/\/ppdegalicia.com\/es\/wp-json\/wp\/v2\/types\/post"}],"author":[{"embeddable":true,"href":"https:\/\/ppdegalicia.com\/es\/wp-json\/wp\/v2\/users\/40"}],"replies":[{"embeddable":true,"href":"https:\/\/ppdegalicia.com\/es\/wp-json\/wp\/v2\/comments?post=64173"}],"version-history":[{"count":1,"href":"https:\/\/ppdegalicia.com\/es\/wp-json\/wp\/v2\/posts\/64173\/revisions"}],"predecessor-version":[{"id":64178,"href":"https:\/\/ppdegalicia.com\/es\/wp-json\/wp\/v2\/posts\/64173\/revisions\/64178"}],"wp:featuredmedia":[{"embeddable":true,"href":"https:\/\/ppdegalicia.com\/es\/wp-json\/wp\/v2\/media\/64176"}],"wp:attachment":[{"href":"https:\/\/ppdegalicia.com\/es\/wp-json\/wp\/v2\/media?parent=64173"}],"wp:term":[{"taxonomy":"category","embeddable":true,"href":"https:\/\/ppdegalicia.com\/es\/wp-json\/wp\/v2\/categories?post=64173"},{"taxonomy":"post_tag","embeddable":true,"href":"https:\/\/ppdegalicia.com\/es\/wp-json\/wp\/v2\/tags?post=64173"}],"curies":[{"name":"wp","href":"https:\/\/api.w.org\/{rel}","templated":true}]}}