{"id":64183,"date":"2024-09-10T14:03:39","date_gmt":"2024-09-10T13:03:39","guid":{"rendered":"https:\/\/ppdegalicia.com\/?p=64183"},"modified":"2024-09-10T14:03:39","modified_gmt":"2024-09-10T13:03:39","slug":"o-grupo-popular-reitera-que-non-existe-sobrecusto-no-hospital-alvaro-cunqueiro-nin-trato-de-favor-a-eulen-nin-unha-soa-sospeita-de-irregularidade-na-contratacion-da-xunta-durante-a-pandemia","status":"publish","type":"post","link":"https:\/\/ppdegalicia.com\/es\/o-grupo-popular-reitera-que-non-existe-sobrecusto-no-hospital-alvaro-cunqueiro-nin-trato-de-favor-a-eulen-nin-unha-soa-sospeita-de-irregularidade-na-contratacion-da-xunta-durante-a-pandemia\/","title":{"rendered":"O Grupo Popular reitera que non existe sobrecusto no Hospital \u00c1lvaro Cunqueiro, nin trato de favor a Eulen nin unha soa sospeita de irregularidade na contrataci\u00f3n da Xunta durante a pandemia"},"content":{"rendered":"<p>O portavoz do Grupo Popular, Alberto Pazos, asegurou hoxe no Pleno do Parlamento galego que \u201cnon existe sobrecusto no Hospital \u00c1lvaro Cunqueiro, nin trato de favor a <em>Eulen<\/em>, nin unha soa sospeita fundada de irregularidade na contrataci\u00f3n da Xunta durante a pandemia\u201d, polo que animou ao BNG a constitu\u00edr unha comisi\u00f3n de investigaci\u00f3n \u201cporque, de non levalo a cabo, estar\u00eda facendo gala dunha incoherencia pol\u00edtica inasubmible e demostrar\u00eda que o \u00fanico que os nacionalistas poden aportar a Galicia \u00e9 mentira, difamaci\u00f3n e covard\u00eda pol\u00edtica\u201d.<\/p>\n<p>Alberto Pazos criticou que \u201ca se\u00f1ora Pont\u00f3n, ao volante da m\u00e1quina do fango, e co se\u00f1or Besteiro no asento do copiloto, pretende enlamar a pol\u00edtica galega espallando manipulaci\u00f3n, bulos e fake news, coa esperanza de que iso sirva para tapar o seu en\u00e9simo fracaso electoral\u201d. \u201cXa perdemos a conta das comisi\u00f3ns de investigaci\u00f3n formuladas pola oposici\u00f3n polas m\u00e1is variopintas raz\u00f3ns, pero nin unha soa vez tiveron a coherencia e as agallas de facer uso da potestade que lles outorga o regulaci\u00f3n deste Parlamento para constitu\u00edr unha comisi\u00f3n de investigaci\u00f3n automaticamente, sen apoio de ningu\u00e9n e sen necesidade de votaci\u00f3n\u201d, lembrou.<\/p>\n<p><strong><u>UN DOS MELLORES HOSPITAIS DE EUROPA<\/u><\/strong><\/p>\n<p>Na s\u00faa intervenci\u00f3n, considerou \u201cunha vergo\u00f1a que se atrevan a criticar a este goberno por constru\u00edr durante a crise o hospital p\u00fablico que vostedes non foron quen de iniciar en plena bonanza econ\u00f3mica\u201d, ao que engadiu que \u201cresulta dun mastod\u00f3ntico cinismo que critiquen o m\u00e9todo usado para financialo cando \u00e9 similar ao escollido polo seu goberno bipartito\u201d, como o demostrou cunha carta da asesor\u00eda <em>Garrigues<\/em> reclamando o pago polos servizos prestados para a realizaci\u00f3n dunha memoria na que se concretaba que o proxecto do hospital de Vigo ter\u00eda unha participaci\u00f3n p\u00fablica do 10 por cento e ter\u00eda externalizados todos os servizos non sanitarios.<\/p>\n<p>\u201cAfortunadamente, a demagoxia do Goberno bipartito foi substitu\u00edda pola seriedade dun Goberno do PPdeG, que foi capaz de axustar as contas p\u00fablicas, sen facer esas renuncias, ao tempo que po\u00f1\u00eda a disposici\u00f3n dos galegos un dos mellores hospitais de Europa\u201d, destacou.<\/p>\n<p>Respecto das contrataci\u00f3ns da Xunta coa empresa <em>Eulen<\/em>, o portavoz popular reiterou os datos oficiais extra\u00eddos da plataforma e do rexistro de contratos da Xunta, que xa foron facilitados polo Goberno galego ao Parlamento galego en 2022, nos que se pon de manifesto unha reduci\u00f3n do 65 por cento da contrataci\u00f3n con esta empresa por parte do primeiro Goberno de Feij\u00f3o respecto do Goberno bipartito de socialistas e nacionalistas.<\/p>\n<p><strong><u>NIN UN S\u00d3 REPARO DE LEGALIDADE<\/u><\/strong><\/p>\n<p>Por \u00faltimo, sobre as contrataci\u00f3ns realizadas durante a pandemia da Covid-19, Pazos lembrou que \u201cxa foi fiscalizada polo Consello de Contas, sen realizar nin un s\u00f3 reparo de legalidade\u201d. \u201cSabendo isto, desde o BNG espallaron sospeitas de enriquecemento persoal do Presidente Feij\u00f3o durante a pandemia\u201d, criticou o portavoz popular, quen cualificou de \u201cnoxento que a\u00ednda non se desculparan por tan baixeza\u201d.<\/p>\n<p>Alberto Pazos rematou asegurando que \u201cos admiradores do exemplar sistema electoral bolivariano pretenden importar ao noso pa\u00eds a metodolox\u00eda do r\u00e9xime de Maduro, convenientemente adaptada \u00e1 realidade espa\u00f1ola\u201d, porque \u201cante a acumulaci\u00f3n de casos de corrupci\u00f3n no entorno m\u00e1is pr\u00f3ximo ao Presidente do Goberno de Espa\u00f1a, a esquerda, tanto nacionalistas como socialistas, n\u00e9ganse a dar calquera explicaci\u00f3n ao tempo que esixe que se investigue ao xefe da oposici\u00f3n\u201d.<\/p>\n","protected":false},"excerpt":{"rendered":"<p>O portavoz do Grupo Popular, Alberto Pazos, asegurou hoxe no Pleno do Parlamento galego que \u201cnon existe sobrecusto no Hospital \u00c1lvaro Cunqueiro, nin trato de favor a Eulen, nin unha soa sospeita fundada de irregularidade na contrataci\u00f3n da Xunta durante a pandemia\u201d, polo que animou ao BNG a constitu\u00edr unha comisi\u00f3n de investigaci\u00f3n \u201cporque, de [&hellip;]<\/p>\n","protected":false},"author":40,"featured_media":64184,"comment_status":"closed","ping_status":"open","sticky":false,"template":"","format":"standard","meta":{"_acf_changed":false,"footnotes":""},"categories":[1128],"tags":[],"class_list":["post-64183","post","type-post","status-publish","format-standard","has-post-thumbnail","hentry","category-actualidad-parlamento-de-galicia"],"acf":[],"yoast_head":"<!-- This site is optimized with the Yoast SEO plugin v27.3 - https:\/\/yoast.com\/product\/yoast-seo-wordpress\/ -->\n<title>O Grupo Popular reitera que non existe sobrecusto no Hospital \u00c1lvaro Cunqueiro, nin trato de favor a Eulen nin unha soa sospeita de irregularidade na contrataci\u00f3n da Xunta durante a pandemia - PP de Galicia<\/title>\n<meta name=\"description\" content=\"O portavoz do Grupo Popular, Alberto Pazos, asegurou hoxe no Pleno do Parlamento galego que \u201cnon existe sobrecusto no Hospital \u00c1lvaro Cunqueiro, nin trato de favor a Eulen, nin unha soa sospeita fundada de irregularidade na contrataci\u00f3n da Xunta durante a pandemia\u201d, polo que animou ao BNG a constitu\u00edr unha comisi\u00f3n de investigaci\u00f3n \u201cporque, de non levalo a cabo, estar\u00eda facendo gala dunha incoherencia pol\u00edtica inasubmible e demostrar\u00eda que o \u00fanico que os nacionalistas poden aportar a Galicia \u00e9 mentira, difamaci\u00f3n e covard\u00eda pol\u00edtica\u201d.\" \/>\n<meta name=\"robots\" content=\"index, follow, max-snippet:-1, max-image-preview:large, max-video-preview:-1\" \/>\n<link rel=\"canonical\" href=\"https:\/\/ppdegalicia.com\/es\/o-grupo-popular-reitera-que-non-existe-sobrecusto-no-hospital-alvaro-cunqueiro-nin-trato-de-favor-a-eulen-nin-unha-soa-sospeita-de-irregularidade-na-contratacion-da-xunta-durante-a-pandemia\/\" \/>\n<meta property=\"og:locale\" content=\"es_ES\" \/>\n<meta property=\"og:type\" content=\"article\" \/>\n<meta property=\"og:title\" content=\"O Grupo Popular reitera que non existe sobrecusto no Hospital \u00c1lvaro Cunqueiro, nin trato de favor a Eulen nin unha soa sospeita de irregularidade na contrataci\u00f3n da Xunta durante a pandemia - PP de Galicia\" \/>\n<meta property=\"og:description\" content=\"O portavoz do Grupo Popular, Alberto Pazos, asegurou hoxe no Pleno do Parlamento galego que \u201cnon existe sobrecusto no Hospital \u00c1lvaro Cunqueiro, nin trato de favor a Eulen, nin unha soa sospeita fundada de irregularidade na contrataci\u00f3n da Xunta durante a pandemia\u201d, polo que animou ao BNG a constitu\u00edr unha comisi\u00f3n de investigaci\u00f3n \u201cporque, de non levalo a cabo, estar\u00eda facendo gala dunha incoherencia pol\u00edtica inasubmible e demostrar\u00eda que o \u00fanico que os nacionalistas poden aportar a Galicia \u00e9 mentira, difamaci\u00f3n e covard\u00eda pol\u00edtica\u201d.\" \/>\n<meta property=\"og:url\" content=\"https:\/\/ppdegalicia.com\/es\/o-grupo-popular-reitera-que-non-existe-sobrecusto-no-hospital-alvaro-cunqueiro-nin-trato-de-favor-a-eulen-nin-unha-soa-sospeita-de-irregularidade-na-contratacion-da-xunta-durante-a-pandemia\/\" \/>\n<meta property=\"og:site_name\" content=\"PP de Galicia\" \/>\n<meta property=\"article:publisher\" content=\"https:\/\/www.instagram.com\/ppdegalicia\/\" \/>\n<meta property=\"article:published_time\" content=\"2024-09-10T13:03:39+00:00\" \/>\n<meta property=\"og:image\" content=\"https:\/\/ppdegalicia.com\/wp-content\/uploads\/2024\/09\/Alberto-Pazos-no-Pleno-01-scaled.jpg\" \/>\n\t<meta property=\"og:image:width\" content=\"2560\" \/>\n\t<meta property=\"og:image:height\" content=\"1707\" \/>\n\t<meta property=\"og:image:type\" content=\"image\/jpeg\" \/>\n<meta name=\"author\" content=\"ppdegaliciaedtis\" \/>\n<meta name=\"twitter:card\" content=\"summary_large_image\" \/>\n<meta name=\"twitter:creator\" content=\"@ppdegalicia\" \/>\n<meta name=\"twitter:site\" content=\"@ppdegalicia\" \/>\n<meta name=\"twitter:label1\" content=\"Escrito por\" \/>\n\t<meta name=\"twitter:data1\" content=\"ppdegaliciaedtis\" \/>\n\t<meta name=\"twitter:label2\" content=\"Tiempo de lectura\" \/>\n\t<meta name=\"twitter:data2\" content=\"4 minutos\" \/>\n<script type=\"application\/ld+json\" class=\"yoast-schema-graph\">{\"@context\":\"https:\\\/\\\/schema.org\",\"@graph\":[{\"@type\":\"Article\",\"@id\":\"https:\\\/\\\/ppdegalicia.com\\\/es\\\/o-grupo-popular-reitera-que-non-existe-sobrecusto-no-hospital-alvaro-cunqueiro-nin-trato-de-favor-a-eulen-nin-unha-soa-sospeita-de-irregularidade-na-contratacion-da-xunta-durante-a-pandemia\\\/#article\",\"isPartOf\":{\"@id\":\"https:\\\/\\\/ppdegalicia.com\\\/es\\\/o-grupo-popular-reitera-que-non-existe-sobrecusto-no-hospital-alvaro-cunqueiro-nin-trato-de-favor-a-eulen-nin-unha-soa-sospeita-de-irregularidade-na-contratacion-da-xunta-durante-a-pandemia\\\/\"},\"author\":{\"name\":\"ppdegaliciaedtis\",\"@id\":\"https:\\\/\\\/ppdegalicia.com\\\/es\\\/#\\\/schema\\\/person\\\/bc9b46e59ebd34bf28611158c3867388\"},\"headline\":\"O Grupo Popular reitera que non existe sobrecusto no Hospital \u00c1lvaro Cunqueiro, nin trato de favor a Eulen nin unha soa sospeita de irregularidade na contrataci\u00f3n da Xunta durante a pandemia\",\"datePublished\":\"2024-09-10T13:03:39+00:00\",\"mainEntityOfPage\":{\"@id\":\"https:\\\/\\\/ppdegalicia.com\\\/es\\\/o-grupo-popular-reitera-que-non-existe-sobrecusto-no-hospital-alvaro-cunqueiro-nin-trato-de-favor-a-eulen-nin-unha-soa-sospeita-de-irregularidade-na-contratacion-da-xunta-durante-a-pandemia\\\/\"},\"wordCount\":630,\"publisher\":{\"@id\":\"https:\\\/\\\/ppdegalicia.com\\\/es\\\/#organization\"},\"image\":{\"@id\":\"https:\\\/\\\/ppdegalicia.com\\\/es\\\/o-grupo-popular-reitera-que-non-existe-sobrecusto-no-hospital-alvaro-cunqueiro-nin-trato-de-favor-a-eulen-nin-unha-soa-sospeita-de-irregularidade-na-contratacion-da-xunta-durante-a-pandemia\\\/#primaryimage\"},\"thumbnailUrl\":\"https:\\\/\\\/ppdegalicia.com\\\/wp-content\\\/uploads\\\/2024\\\/09\\\/Alberto-Pazos-no-Pleno-01-scaled.jpg\",\"articleSection\":[\"Parlamento de Galicia\"],\"inLanguage\":\"es\"},{\"@type\":\"WebPage\",\"@id\":\"https:\\\/\\\/ppdegalicia.com\\\/es\\\/o-grupo-popular-reitera-que-non-existe-sobrecusto-no-hospital-alvaro-cunqueiro-nin-trato-de-favor-a-eulen-nin-unha-soa-sospeita-de-irregularidade-na-contratacion-da-xunta-durante-a-pandemia\\\/\",\"url\":\"https:\\\/\\\/ppdegalicia.com\\\/es\\\/o-grupo-popular-reitera-que-non-existe-sobrecusto-no-hospital-alvaro-cunqueiro-nin-trato-de-favor-a-eulen-nin-unha-soa-sospeita-de-irregularidade-na-contratacion-da-xunta-durante-a-pandemia\\\/\",\"name\":\"O Grupo Popular reitera que non existe sobrecusto no Hospital \u00c1lvaro Cunqueiro, nin trato de favor a Eulen nin unha soa sospeita de irregularidade na contrataci\u00f3n da Xunta durante a pandemia - PP de Galicia\",\"isPartOf\":{\"@id\":\"https:\\\/\\\/ppdegalicia.com\\\/es\\\/#website\"},\"primaryImageOfPage\":{\"@id\":\"https:\\\/\\\/ppdegalicia.com\\\/es\\\/o-grupo-popular-reitera-que-non-existe-sobrecusto-no-hospital-alvaro-cunqueiro-nin-trato-de-favor-a-eulen-nin-unha-soa-sospeita-de-irregularidade-na-contratacion-da-xunta-durante-a-pandemia\\\/#primaryimage\"},\"image\":{\"@id\":\"https:\\\/\\\/ppdegalicia.com\\\/es\\\/o-grupo-popular-reitera-que-non-existe-sobrecusto-no-hospital-alvaro-cunqueiro-nin-trato-de-favor-a-eulen-nin-unha-soa-sospeita-de-irregularidade-na-contratacion-da-xunta-durante-a-pandemia\\\/#primaryimage\"},\"thumbnailUrl\":\"https:\\\/\\\/ppdegalicia.com\\\/wp-content\\\/uploads\\\/2024\\\/09\\\/Alberto-Pazos-no-Pleno-01-scaled.jpg\",\"datePublished\":\"2024-09-10T13:03:39+00:00\",\"description\":\"O portavoz do Grupo Popular, Alberto Pazos, asegurou hoxe no Pleno do Parlamento galego que \u201cnon existe sobrecusto no Hospital \u00c1lvaro Cunqueiro, nin trato de favor a Eulen, nin unha soa sospeita fundada de irregularidade na contrataci\u00f3n da Xunta durante a pandemia\u201d, polo que animou ao BNG a constitu\u00edr unha comisi\u00f3n de investigaci\u00f3n \u201cporque, de non levalo a cabo, estar\u00eda facendo gala dunha incoherencia pol\u00edtica inasubmible e demostrar\u00eda que o \u00fanico que os nacionalistas poden aportar a Galicia \u00e9 mentira, difamaci\u00f3n e covard\u00eda pol\u00edtica\u201d.\",\"breadcrumb\":{\"@id\":\"https:\\\/\\\/ppdegalicia.com\\\/es\\\/o-grupo-popular-reitera-que-non-existe-sobrecusto-no-hospital-alvaro-cunqueiro-nin-trato-de-favor-a-eulen-nin-unha-soa-sospeita-de-irregularidade-na-contratacion-da-xunta-durante-a-pandemia\\\/#breadcrumb\"},\"inLanguage\":\"es\",\"potentialAction\":[{\"@type\":\"ReadAction\",\"target\":[\"https:\\\/\\\/ppdegalicia.com\\\/es\\\/o-grupo-popular-reitera-que-non-existe-sobrecusto-no-hospital-alvaro-cunqueiro-nin-trato-de-favor-a-eulen-nin-unha-soa-sospeita-de-irregularidade-na-contratacion-da-xunta-durante-a-pandemia\\\/\"]}]},{\"@type\":\"ImageObject\",\"inLanguage\":\"es\",\"@id\":\"https:\\\/\\\/ppdegalicia.com\\\/es\\\/o-grupo-popular-reitera-que-non-existe-sobrecusto-no-hospital-alvaro-cunqueiro-nin-trato-de-favor-a-eulen-nin-unha-soa-sospeita-de-irregularidade-na-contratacion-da-xunta-durante-a-pandemia\\\/#primaryimage\",\"url\":\"https:\\\/\\\/ppdegalicia.com\\\/wp-content\\\/uploads\\\/2024\\\/09\\\/Alberto-Pazos-no-Pleno-01-scaled.jpg\",\"contentUrl\":\"https:\\\/\\\/ppdegalicia.com\\\/wp-content\\\/uploads\\\/2024\\\/09\\\/Alberto-Pazos-no-Pleno-01-scaled.jpg\",\"width\":2560,\"height\":1707},{\"@type\":\"BreadcrumbList\",\"@id\":\"https:\\\/\\\/ppdegalicia.com\\\/es\\\/o-grupo-popular-reitera-que-non-existe-sobrecusto-no-hospital-alvaro-cunqueiro-nin-trato-de-favor-a-eulen-nin-unha-soa-sospeita-de-irregularidade-na-contratacion-da-xunta-durante-a-pandemia\\\/#breadcrumb\",\"itemListElement\":[{\"@type\":\"ListItem\",\"position\":1,\"name\":\"Portada\",\"item\":\"https:\\\/\\\/ppdegalicia.com\\\/es\\\/\"},{\"@type\":\"ListItem\",\"position\":2,\"name\":\"O Grupo Popular reitera que non existe sobrecusto no Hospital \u00c1lvaro Cunqueiro, nin trato de favor a Eulen nin unha soa sospeita de irregularidade na contrataci\u00f3n da Xunta durante a pandemia\"}]},{\"@type\":\"WebSite\",\"@id\":\"https:\\\/\\\/ppdegalicia.com\\\/es\\\/#website\",\"url\":\"https:\\\/\\\/ppdegalicia.com\\\/es\\\/\",\"name\":\"Partido Popular de Galicia\",\"description\":\"Partido Popular de Galicia\",\"publisher\":{\"@id\":\"https:\\\/\\\/ppdegalicia.com\\\/es\\\/#organization\"},\"alternateName\":\"PP de Galicia\",\"potentialAction\":[{\"@type\":\"SearchAction\",\"target\":{\"@type\":\"EntryPoint\",\"urlTemplate\":\"https:\\\/\\\/ppdegalicia.com\\\/es\\\/?s={search_term_string}\"},\"query-input\":{\"@type\":\"PropertyValueSpecification\",\"valueRequired\":true,\"valueName\":\"search_term_string\"}}],\"inLanguage\":\"es\"},{\"@type\":\"Organization\",\"@id\":\"https:\\\/\\\/ppdegalicia.com\\\/es\\\/#organization\",\"name\":\"Partido Popular de Galicia\",\"alternateName\":\"PP de Galicia\",\"url\":\"https:\\\/\\\/ppdegalicia.com\\\/es\\\/\",\"logo\":{\"@type\":\"ImageObject\",\"inLanguage\":\"es\",\"@id\":\"https:\\\/\\\/ppdegalicia.com\\\/es\\\/#\\\/schema\\\/logo\\\/image\\\/\",\"url\":\"https:\\\/\\\/ppdegalicia.com\\\/wp-content\\\/uploads\\\/2023\\\/04\\\/logoPP512.png\",\"contentUrl\":\"https:\\\/\\\/ppdegalicia.com\\\/wp-content\\\/uploads\\\/2023\\\/04\\\/logoPP512.png\",\"width\":512,\"height\":512,\"caption\":\"Partido Popular de Galicia\"},\"image\":{\"@id\":\"https:\\\/\\\/ppdegalicia.com\\\/es\\\/#\\\/schema\\\/logo\\\/image\\\/\"},\"sameAs\":[\"https:\\\/\\\/www.instagram.com\\\/ppdegalicia\\\/\",\"https:\\\/\\\/x.com\\\/ppdegalicia\",\"https:\\\/\\\/www.tiktok.com\\\/@ppdegalicia\",\"https:\\\/\\\/www.youtube.com\\\/user\\\/ppdegalicia\"]},{\"@type\":\"Person\",\"@id\":\"https:\\\/\\\/ppdegalicia.com\\\/es\\\/#\\\/schema\\\/person\\\/bc9b46e59ebd34bf28611158c3867388\",\"name\":\"ppdegaliciaedtis\",\"image\":{\"@type\":\"ImageObject\",\"inLanguage\":\"es\",\"@id\":\"https:\\\/\\\/secure.gravatar.com\\\/avatar\\\/f9f8cf6e03df54a1b0d04a6b4b8e8c6bd63c10a439752e84d87a5385aefe2ced?s=96&d=mm&r=g\",\"url\":\"https:\\\/\\\/secure.gravatar.com\\\/avatar\\\/f9f8cf6e03df54a1b0d04a6b4b8e8c6bd63c10a439752e84d87a5385aefe2ced?s=96&d=mm&r=g\",\"contentUrl\":\"https:\\\/\\\/secure.gravatar.com\\\/avatar\\\/f9f8cf6e03df54a1b0d04a6b4b8e8c6bd63c10a439752e84d87a5385aefe2ced?s=96&d=mm&r=g\",\"caption\":\"ppdegaliciaedtis\"},\"url\":\"https:\\\/\\\/ppdegalicia.com\\\/es\\\/author\\\/ppdegaliciaedits\\\/\"}]}<\/script>\n<!-- \/ Yoast SEO plugin. -->","yoast_head_json":{"title":"O Grupo Popular reitera que non existe sobrecusto no Hospital \u00c1lvaro Cunqueiro, nin trato de favor a Eulen nin unha soa sospeita de irregularidade na contrataci\u00f3n da Xunta durante a pandemia - PP de Galicia","description":"O portavoz do Grupo Popular, Alberto Pazos, asegurou hoxe no Pleno do Parlamento galego que \u201cnon existe sobrecusto no Hospital \u00c1lvaro Cunqueiro, nin trato de favor a Eulen, nin unha soa sospeita fundada de irregularidade na contrataci\u00f3n da Xunta durante a pandemia\u201d, polo que animou ao BNG a constitu\u00edr unha comisi\u00f3n de investigaci\u00f3n \u201cporque, de non levalo a cabo, estar\u00eda facendo gala dunha incoherencia pol\u00edtica inasubmible e demostrar\u00eda que o \u00fanico que os nacionalistas poden aportar a Galicia \u00e9 mentira, difamaci\u00f3n e covard\u00eda pol\u00edtica\u201d.","robots":{"index":"index","follow":"follow","max-snippet":"max-snippet:-1","max-image-preview":"max-image-preview:large","max-video-preview":"max-video-preview:-1"},"canonical":"https:\/\/ppdegalicia.com\/es\/o-grupo-popular-reitera-que-non-existe-sobrecusto-no-hospital-alvaro-cunqueiro-nin-trato-de-favor-a-eulen-nin-unha-soa-sospeita-de-irregularidade-na-contratacion-da-xunta-durante-a-pandemia\/","og_locale":"es_ES","og_type":"article","og_title":"O Grupo Popular reitera que non existe sobrecusto no Hospital \u00c1lvaro Cunqueiro, nin trato de favor a Eulen nin unha soa sospeita de irregularidade na contrataci\u00f3n da Xunta durante a pandemia - PP de Galicia","og_description":"O portavoz do Grupo Popular, Alberto Pazos, asegurou hoxe no Pleno do Parlamento galego que \u201cnon existe sobrecusto no Hospital \u00c1lvaro Cunqueiro, nin trato de favor a Eulen, nin unha soa sospeita fundada de irregularidade na contrataci\u00f3n da Xunta durante a pandemia\u201d, polo que animou ao BNG a constitu\u00edr unha comisi\u00f3n de investigaci\u00f3n \u201cporque, de non levalo a cabo, estar\u00eda facendo gala dunha incoherencia pol\u00edtica inasubmible e demostrar\u00eda que o \u00fanico que os nacionalistas poden aportar a Galicia \u00e9 mentira, difamaci\u00f3n e covard\u00eda pol\u00edtica\u201d.","og_url":"https:\/\/ppdegalicia.com\/es\/o-grupo-popular-reitera-que-non-existe-sobrecusto-no-hospital-alvaro-cunqueiro-nin-trato-de-favor-a-eulen-nin-unha-soa-sospeita-de-irregularidade-na-contratacion-da-xunta-durante-a-pandemia\/","og_site_name":"PP de Galicia","article_publisher":"https:\/\/www.instagram.com\/ppdegalicia\/","article_published_time":"2024-09-10T13:03:39+00:00","og_image":[{"width":2560,"height":1707,"url":"https:\/\/ppdegalicia.com\/wp-content\/uploads\/2024\/09\/Alberto-Pazos-no-Pleno-01-scaled.jpg","type":"image\/jpeg"}],"author":"ppdegaliciaedtis","twitter_card":"summary_large_image","twitter_creator":"@ppdegalicia","twitter_site":"@ppdegalicia","twitter_misc":{"Escrito por":"ppdegaliciaedtis","Tiempo de lectura":"4 minutos"},"schema":{"@context":"https:\/\/schema.org","@graph":[{"@type":"Article","@id":"https:\/\/ppdegalicia.com\/es\/o-grupo-popular-reitera-que-non-existe-sobrecusto-no-hospital-alvaro-cunqueiro-nin-trato-de-favor-a-eulen-nin-unha-soa-sospeita-de-irregularidade-na-contratacion-da-xunta-durante-a-pandemia\/#article","isPartOf":{"@id":"https:\/\/ppdegalicia.com\/es\/o-grupo-popular-reitera-que-non-existe-sobrecusto-no-hospital-alvaro-cunqueiro-nin-trato-de-favor-a-eulen-nin-unha-soa-sospeita-de-irregularidade-na-contratacion-da-xunta-durante-a-pandemia\/"},"author":{"name":"ppdegaliciaedtis","@id":"https:\/\/ppdegalicia.com\/es\/#\/schema\/person\/bc9b46e59ebd34bf28611158c3867388"},"headline":"O Grupo Popular reitera que non existe sobrecusto no Hospital \u00c1lvaro Cunqueiro, nin trato de favor a Eulen nin unha soa sospeita de irregularidade na contrataci\u00f3n da Xunta durante a pandemia","datePublished":"2024-09-10T13:03:39+00:00","mainEntityOfPage":{"@id":"https:\/\/ppdegalicia.com\/es\/o-grupo-popular-reitera-que-non-existe-sobrecusto-no-hospital-alvaro-cunqueiro-nin-trato-de-favor-a-eulen-nin-unha-soa-sospeita-de-irregularidade-na-contratacion-da-xunta-durante-a-pandemia\/"},"wordCount":630,"publisher":{"@id":"https:\/\/ppdegalicia.com\/es\/#organization"},"image":{"@id":"https:\/\/ppdegalicia.com\/es\/o-grupo-popular-reitera-que-non-existe-sobrecusto-no-hospital-alvaro-cunqueiro-nin-trato-de-favor-a-eulen-nin-unha-soa-sospeita-de-irregularidade-na-contratacion-da-xunta-durante-a-pandemia\/#primaryimage"},"thumbnailUrl":"https:\/\/ppdegalicia.com\/wp-content\/uploads\/2024\/09\/Alberto-Pazos-no-Pleno-01-scaled.jpg","articleSection":["Parlamento de Galicia"],"inLanguage":"es"},{"@type":"WebPage","@id":"https:\/\/ppdegalicia.com\/es\/o-grupo-popular-reitera-que-non-existe-sobrecusto-no-hospital-alvaro-cunqueiro-nin-trato-de-favor-a-eulen-nin-unha-soa-sospeita-de-irregularidade-na-contratacion-da-xunta-durante-a-pandemia\/","url":"https:\/\/ppdegalicia.com\/es\/o-grupo-popular-reitera-que-non-existe-sobrecusto-no-hospital-alvaro-cunqueiro-nin-trato-de-favor-a-eulen-nin-unha-soa-sospeita-de-irregularidade-na-contratacion-da-xunta-durante-a-pandemia\/","name":"O Grupo Popular reitera que non existe sobrecusto no Hospital \u00c1lvaro Cunqueiro, nin trato de favor a Eulen nin unha soa sospeita de irregularidade na contrataci\u00f3n da Xunta durante a pandemia - PP de Galicia","isPartOf":{"@id":"https:\/\/ppdegalicia.com\/es\/#website"},"primaryImageOfPage":{"@id":"https:\/\/ppdegalicia.com\/es\/o-grupo-popular-reitera-que-non-existe-sobrecusto-no-hospital-alvaro-cunqueiro-nin-trato-de-favor-a-eulen-nin-unha-soa-sospeita-de-irregularidade-na-contratacion-da-xunta-durante-a-pandemia\/#primaryimage"},"image":{"@id":"https:\/\/ppdegalicia.com\/es\/o-grupo-popular-reitera-que-non-existe-sobrecusto-no-hospital-alvaro-cunqueiro-nin-trato-de-favor-a-eulen-nin-unha-soa-sospeita-de-irregularidade-na-contratacion-da-xunta-durante-a-pandemia\/#primaryimage"},"thumbnailUrl":"https:\/\/ppdegalicia.com\/wp-content\/uploads\/2024\/09\/Alberto-Pazos-no-Pleno-01-scaled.jpg","datePublished":"2024-09-10T13:03:39+00:00","description":"O portavoz do Grupo Popular, Alberto Pazos, asegurou hoxe no Pleno do Parlamento galego que \u201cnon existe sobrecusto no Hospital \u00c1lvaro Cunqueiro, nin trato de favor a Eulen, nin unha soa sospeita fundada de irregularidade na contrataci\u00f3n da Xunta durante a pandemia\u201d, polo que animou ao BNG a constitu\u00edr unha comisi\u00f3n de investigaci\u00f3n \u201cporque, de non levalo a cabo, estar\u00eda facendo gala dunha incoherencia pol\u00edtica inasubmible e demostrar\u00eda que o \u00fanico que os nacionalistas poden aportar a Galicia \u00e9 mentira, difamaci\u00f3n e covard\u00eda pol\u00edtica\u201d.","breadcrumb":{"@id":"https:\/\/ppdegalicia.com\/es\/o-grupo-popular-reitera-que-non-existe-sobrecusto-no-hospital-alvaro-cunqueiro-nin-trato-de-favor-a-eulen-nin-unha-soa-sospeita-de-irregularidade-na-contratacion-da-xunta-durante-a-pandemia\/#breadcrumb"},"inLanguage":"es","potentialAction":[{"@type":"ReadAction","target":["https:\/\/ppdegalicia.com\/es\/o-grupo-popular-reitera-que-non-existe-sobrecusto-no-hospital-alvaro-cunqueiro-nin-trato-de-favor-a-eulen-nin-unha-soa-sospeita-de-irregularidade-na-contratacion-da-xunta-durante-a-pandemia\/"]}]},{"@type":"ImageObject","inLanguage":"es","@id":"https:\/\/ppdegalicia.com\/es\/o-grupo-popular-reitera-que-non-existe-sobrecusto-no-hospital-alvaro-cunqueiro-nin-trato-de-favor-a-eulen-nin-unha-soa-sospeita-de-irregularidade-na-contratacion-da-xunta-durante-a-pandemia\/#primaryimage","url":"https:\/\/ppdegalicia.com\/wp-content\/uploads\/2024\/09\/Alberto-Pazos-no-Pleno-01-scaled.jpg","contentUrl":"https:\/\/ppdegalicia.com\/wp-content\/uploads\/2024\/09\/Alberto-Pazos-no-Pleno-01-scaled.jpg","width":2560,"height":1707},{"@type":"BreadcrumbList","@id":"https:\/\/ppdegalicia.com\/es\/o-grupo-popular-reitera-que-non-existe-sobrecusto-no-hospital-alvaro-cunqueiro-nin-trato-de-favor-a-eulen-nin-unha-soa-sospeita-de-irregularidade-na-contratacion-da-xunta-durante-a-pandemia\/#breadcrumb","itemListElement":[{"@type":"ListItem","position":1,"name":"Portada","item":"https:\/\/ppdegalicia.com\/es\/"},{"@type":"ListItem","position":2,"name":"O Grupo Popular reitera que non existe sobrecusto no Hospital \u00c1lvaro Cunqueiro, nin trato de favor a Eulen nin unha soa sospeita de irregularidade na contrataci\u00f3n da Xunta durante a pandemia"}]},{"@type":"WebSite","@id":"https:\/\/ppdegalicia.com\/es\/#website","url":"https:\/\/ppdegalicia.com\/es\/","name":"Partido Popular de Galicia","description":"Partido Popular de Galicia","publisher":{"@id":"https:\/\/ppdegalicia.com\/es\/#organization"},"alternateName":"PP de Galicia","potentialAction":[{"@type":"SearchAction","target":{"@type":"EntryPoint","urlTemplate":"https:\/\/ppdegalicia.com\/es\/?s={search_term_string}"},"query-input":{"@type":"PropertyValueSpecification","valueRequired":true,"valueName":"search_term_string"}}],"inLanguage":"es"},{"@type":"Organization","@id":"https:\/\/ppdegalicia.com\/es\/#organization","name":"Partido Popular de Galicia","alternateName":"PP de Galicia","url":"https:\/\/ppdegalicia.com\/es\/","logo":{"@type":"ImageObject","inLanguage":"es","@id":"https:\/\/ppdegalicia.com\/es\/#\/schema\/logo\/image\/","url":"https:\/\/ppdegalicia.com\/wp-content\/uploads\/2023\/04\/logoPP512.png","contentUrl":"https:\/\/ppdegalicia.com\/wp-content\/uploads\/2023\/04\/logoPP512.png","width":512,"height":512,"caption":"Partido Popular de Galicia"},"image":{"@id":"https:\/\/ppdegalicia.com\/es\/#\/schema\/logo\/image\/"},"sameAs":["https:\/\/www.instagram.com\/ppdegalicia\/","https:\/\/x.com\/ppdegalicia","https:\/\/www.tiktok.com\/@ppdegalicia","https:\/\/www.youtube.com\/user\/ppdegalicia"]},{"@type":"Person","@id":"https:\/\/ppdegalicia.com\/es\/#\/schema\/person\/bc9b46e59ebd34bf28611158c3867388","name":"ppdegaliciaedtis","image":{"@type":"ImageObject","inLanguage":"es","@id":"https:\/\/secure.gravatar.com\/avatar\/f9f8cf6e03df54a1b0d04a6b4b8e8c6bd63c10a439752e84d87a5385aefe2ced?s=96&d=mm&r=g","url":"https:\/\/secure.gravatar.com\/avatar\/f9f8cf6e03df54a1b0d04a6b4b8e8c6bd63c10a439752e84d87a5385aefe2ced?s=96&d=mm&r=g","contentUrl":"https:\/\/secure.gravatar.com\/avatar\/f9f8cf6e03df54a1b0d04a6b4b8e8c6bd63c10a439752e84d87a5385aefe2ced?s=96&d=mm&r=g","caption":"ppdegaliciaedtis"},"url":"https:\/\/ppdegalicia.com\/es\/author\/ppdegaliciaedits\/"}]}},"_links":{"self":[{"href":"https:\/\/ppdegalicia.com\/es\/wp-json\/wp\/v2\/posts\/64183","targetHints":{"allow":["GET"]}}],"collection":[{"href":"https:\/\/ppdegalicia.com\/es\/wp-json\/wp\/v2\/posts"}],"about":[{"href":"https:\/\/ppdegalicia.com\/es\/wp-json\/wp\/v2\/types\/post"}],"author":[{"embeddable":true,"href":"https:\/\/ppdegalicia.com\/es\/wp-json\/wp\/v2\/users\/40"}],"replies":[{"embeddable":true,"href":"https:\/\/ppdegalicia.com\/es\/wp-json\/wp\/v2\/comments?post=64183"}],"version-history":[{"count":1,"href":"https:\/\/ppdegalicia.com\/es\/wp-json\/wp\/v2\/posts\/64183\/revisions"}],"predecessor-version":[{"id":64186,"href":"https:\/\/ppdegalicia.com\/es\/wp-json\/wp\/v2\/posts\/64183\/revisions\/64186"}],"wp:featuredmedia":[{"embeddable":true,"href":"https:\/\/ppdegalicia.com\/es\/wp-json\/wp\/v2\/media\/64184"}],"wp:attachment":[{"href":"https:\/\/ppdegalicia.com\/es\/wp-json\/wp\/v2\/media?parent=64183"}],"wp:term":[{"taxonomy":"category","embeddable":true,"href":"https:\/\/ppdegalicia.com\/es\/wp-json\/wp\/v2\/categories?post=64183"},{"taxonomy":"post_tag","embeddable":true,"href":"https:\/\/ppdegalicia.com\/es\/wp-json\/wp\/v2\/tags?post=64183"}],"curies":[{"name":"wp","href":"https:\/\/api.w.org\/{rel}","templated":true}]}}