{"id":64236,"date":"2024-09-17T12:51:09","date_gmt":"2024-09-17T11:51:09","guid":{"rendered":"https:\/\/ppdegalicia.com\/?p=64236"},"modified":"2024-09-17T12:51:09","modified_gmt":"2024-09-17T11:51:09","slug":"o-eurodeputado-galego-millan-mon-celebra-que-von-der-leyen-cumprira-o-seu-compromiso-de-nomear-un-comisario-especifico-de-pesca","status":"publish","type":"post","link":"https:\/\/ppdegalicia.com\/es\/o-eurodeputado-galego-millan-mon-celebra-que-von-der-leyen-cumprira-o-seu-compromiso-de-nomear-un-comisario-especifico-de-pesca\/","title":{"rendered":"O eurodeputado galego Mill\u00e1n Mon celebra que Von der Leyen cumprira o seu compromiso de nomear un Comisario espec\u00edfico de Pesca"},"content":{"rendered":"<p style=\"font-weight: 400;\">O eurodeputado galego Francisco Mill\u00e1n Mon celebrou hoxe que a presidenta da Comisi\u00f3n Europea, Ursula Von der Leyen, cumprira o seu compromiso da campa\u00f1a electoral de nomear un comisario espec\u00edfico de Pesca.<\/p>\n<p style=\"font-weight: 400;\">\u201cCelebro que, por fin, no novo Colexio de Comisarios haxa un Comisario de Pesca que non comparta carteira con Medio Ambiente. \u00c9 unha boa noticia. Von der Leyen cumpriu as\u00ed o compromiso de campa\u00f1a que fixo p\u00fablico en Galicia, durante a recente campa\u00f1a electoral \u00e1s elecci\u00f3n europeas\u201d, declarou Mill\u00e1n Mon esta ma\u00f1\u00e1 tras facerse p\u00fablicos os comisarios propostos pola presidenta da Comisi\u00f3n Europea.<\/p>\n<p style=\"font-weight: 400;\">O eurodeputado galego referiuse as\u00ed \u00e1 promesa de ter un Comisario espec\u00edfico de Pesca que lanzou Von der Leyen o pasado 1 de xu\u00f1o na s\u00faa visita a Galicia, acompa\u00f1ada de Alfonso Rueda e Alberto N\u00fa\u00f1ez Feij\u00f3o, durante a campa\u00f1a \u00e1s elecci\u00f3ns europeas.<\/p>\n<p style=\"font-weight: 400;\">Segundo explicou Mill\u00e1n Mon, \u201cagora \u00e1brese o procedemento de audiencia parlamentaria do candidato, previo \u00e1 formalizaci\u00f3n do seu nomeamento\u201d.<\/p>\n<p style=\"font-weight: 400;\">O eurodeputado galego expresou a s\u00faa confianza en que o se\u00f1or Costas Kadis (Chipre), que conta cunha longa experiencia de Goberno e que foi proposto como Comisario por un Goberno do Partido Popular Europeo, \u201cte\u00f1a unha visi\u00f3n equilibrada da actividade pesqueira, na que estea presente a dimensi\u00f3n econ\u00f3mica e social\u201d.<\/p>\n","protected":false},"excerpt":{"rendered":"<p>O eurodeputado galego Francisco Mill\u00e1n Mon celebrou hoxe que a presidenta da Comisi\u00f3n Europea, Ursula Von der Leyen, cumprira o seu compromiso da campa\u00f1a electoral de nomear un comisario espec\u00edfico de Pesca. \u201cCelebro que, por fin, no novo Colexio de Comisarios haxa un Comisario de Pesca que non comparta carteira con Medio Ambiente. \u00c9 unha [&hellip;]<\/p>\n","protected":false},"author":40,"featured_media":64237,"comment_status":"closed","ping_status":"open","sticky":false,"template":"","format":"standard","meta":{"_acf_changed":false,"footnotes":""},"categories":[1127],"tags":[],"class_list":["post-64236","post","type-post","status-publish","format-standard","has-post-thumbnail","hentry","category-actualidad-parlamento-europeo"],"acf":[],"yoast_head":"<!-- This site is optimized with the Yoast SEO plugin v27.3 - https:\/\/yoast.com\/product\/yoast-seo-wordpress\/ -->\n<title>O eurodeputado galego Mill\u00e1n Mon celebra que Von der Leyen cumprira o seu compromiso de nomear un Comisario espec\u00edfico de Pesca - PP de Galicia<\/title>\n<meta name=\"robots\" content=\"index, follow, max-snippet:-1, max-image-preview:large, max-video-preview:-1\" \/>\n<link rel=\"canonical\" href=\"https:\/\/ppdegalicia.com\/es\/o-eurodeputado-galego-millan-mon-celebra-que-von-der-leyen-cumprira-o-seu-compromiso-de-nomear-un-comisario-especifico-de-pesca\/\" \/>\n<meta property=\"og:locale\" content=\"es_ES\" \/>\n<meta property=\"og:type\" content=\"article\" \/>\n<meta property=\"og:title\" content=\"O eurodeputado galego Mill\u00e1n Mon celebra que Von der Leyen cumprira o seu compromiso de nomear un Comisario espec\u00edfico de Pesca - PP de Galicia\" \/>\n<meta property=\"og:description\" content=\"O eurodeputado galego Francisco Mill\u00e1n Mon celebrou hoxe que a presidenta da Comisi\u00f3n Europea, Ursula Von der Leyen, cumprira o seu compromiso da campa\u00f1a electoral de nomear un comisario espec\u00edfico de Pesca. \u201cCelebro que, por fin, no novo Colexio de Comisarios haxa un Comisario de Pesca que non comparta carteira con Medio Ambiente. \u00c9 unha [&hellip;]\" \/>\n<meta property=\"og:url\" content=\"https:\/\/ppdegalicia.com\/es\/o-eurodeputado-galego-millan-mon-celebra-que-von-der-leyen-cumprira-o-seu-compromiso-de-nomear-un-comisario-especifico-de-pesca\/\" \/>\n<meta property=\"og:site_name\" content=\"PP de Galicia\" \/>\n<meta property=\"article:publisher\" content=\"https:\/\/www.instagram.com\/ppdegalicia\/\" \/>\n<meta property=\"article:published_time\" content=\"2024-09-17T11:51:09+00:00\" \/>\n<meta property=\"og:image\" content=\"https:\/\/ppdegalicia.com\/wp-content\/uploads\/2024\/09\/VonderLeyen_RomeriaOPino-scaled.jpg\" \/>\n\t<meta property=\"og:image:width\" content=\"2560\" \/>\n\t<meta property=\"og:image:height\" content=\"1707\" \/>\n\t<meta property=\"og:image:type\" content=\"image\/jpeg\" \/>\n<meta name=\"author\" content=\"ppdegaliciaedtis\" \/>\n<meta name=\"twitter:card\" content=\"summary_large_image\" \/>\n<meta name=\"twitter:creator\" content=\"@ppdegalicia\" \/>\n<meta name=\"twitter:site\" content=\"@ppdegalicia\" \/>\n<meta name=\"twitter:label1\" content=\"Escrito por\" \/>\n\t<meta name=\"twitter:data1\" content=\"ppdegaliciaedtis\" \/>\n\t<meta name=\"twitter:label2\" content=\"Tiempo de lectura\" \/>\n\t<meta name=\"twitter:data2\" content=\"2 minutos\" \/>\n<script type=\"application\/ld+json\" class=\"yoast-schema-graph\">{\"@context\":\"https:\\\/\\\/schema.org\",\"@graph\":[{\"@type\":\"Article\",\"@id\":\"https:\\\/\\\/ppdegalicia.com\\\/es\\\/o-eurodeputado-galego-millan-mon-celebra-que-von-der-leyen-cumprira-o-seu-compromiso-de-nomear-un-comisario-especifico-de-pesca\\\/#article\",\"isPartOf\":{\"@id\":\"https:\\\/\\\/ppdegalicia.com\\\/es\\\/o-eurodeputado-galego-millan-mon-celebra-que-von-der-leyen-cumprira-o-seu-compromiso-de-nomear-un-comisario-especifico-de-pesca\\\/\"},\"author\":{\"name\":\"ppdegaliciaedtis\",\"@id\":\"https:\\\/\\\/ppdegalicia.com\\\/es\\\/#\\\/schema\\\/person\\\/bc9b46e59ebd34bf28611158c3867388\"},\"headline\":\"O eurodeputado galego Mill\u00e1n Mon celebra que Von der Leyen cumprira o seu compromiso de nomear un Comisario espec\u00edfico de Pesca\",\"datePublished\":\"2024-09-17T11:51:09+00:00\",\"mainEntityOfPage\":{\"@id\":\"https:\\\/\\\/ppdegalicia.com\\\/es\\\/o-eurodeputado-galego-millan-mon-celebra-que-von-der-leyen-cumprira-o-seu-compromiso-de-nomear-un-comisario-especifico-de-pesca\\\/\"},\"wordCount\":253,\"publisher\":{\"@id\":\"https:\\\/\\\/ppdegalicia.com\\\/es\\\/#organization\"},\"image\":{\"@id\":\"https:\\\/\\\/ppdegalicia.com\\\/es\\\/o-eurodeputado-galego-millan-mon-celebra-que-von-der-leyen-cumprira-o-seu-compromiso-de-nomear-un-comisario-especifico-de-pesca\\\/#primaryimage\"},\"thumbnailUrl\":\"https:\\\/\\\/ppdegalicia.com\\\/wp-content\\\/uploads\\\/2024\\\/09\\\/VonderLeyen_RomeriaOPino-scaled.jpg\",\"articleSection\":[\"Parlamento Europeo\"],\"inLanguage\":\"es\"},{\"@type\":\"WebPage\",\"@id\":\"https:\\\/\\\/ppdegalicia.com\\\/es\\\/o-eurodeputado-galego-millan-mon-celebra-que-von-der-leyen-cumprira-o-seu-compromiso-de-nomear-un-comisario-especifico-de-pesca\\\/\",\"url\":\"https:\\\/\\\/ppdegalicia.com\\\/es\\\/o-eurodeputado-galego-millan-mon-celebra-que-von-der-leyen-cumprira-o-seu-compromiso-de-nomear-un-comisario-especifico-de-pesca\\\/\",\"name\":\"O eurodeputado galego Mill\u00e1n Mon celebra que Von der Leyen cumprira o seu compromiso de nomear un Comisario espec\u00edfico de Pesca - PP de Galicia\",\"isPartOf\":{\"@id\":\"https:\\\/\\\/ppdegalicia.com\\\/es\\\/#website\"},\"primaryImageOfPage\":{\"@id\":\"https:\\\/\\\/ppdegalicia.com\\\/es\\\/o-eurodeputado-galego-millan-mon-celebra-que-von-der-leyen-cumprira-o-seu-compromiso-de-nomear-un-comisario-especifico-de-pesca\\\/#primaryimage\"},\"image\":{\"@id\":\"https:\\\/\\\/ppdegalicia.com\\\/es\\\/o-eurodeputado-galego-millan-mon-celebra-que-von-der-leyen-cumprira-o-seu-compromiso-de-nomear-un-comisario-especifico-de-pesca\\\/#primaryimage\"},\"thumbnailUrl\":\"https:\\\/\\\/ppdegalicia.com\\\/wp-content\\\/uploads\\\/2024\\\/09\\\/VonderLeyen_RomeriaOPino-scaled.jpg\",\"datePublished\":\"2024-09-17T11:51:09+00:00\",\"breadcrumb\":{\"@id\":\"https:\\\/\\\/ppdegalicia.com\\\/es\\\/o-eurodeputado-galego-millan-mon-celebra-que-von-der-leyen-cumprira-o-seu-compromiso-de-nomear-un-comisario-especifico-de-pesca\\\/#breadcrumb\"},\"inLanguage\":\"es\",\"potentialAction\":[{\"@type\":\"ReadAction\",\"target\":[\"https:\\\/\\\/ppdegalicia.com\\\/es\\\/o-eurodeputado-galego-millan-mon-celebra-que-von-der-leyen-cumprira-o-seu-compromiso-de-nomear-un-comisario-especifico-de-pesca\\\/\"]}]},{\"@type\":\"ImageObject\",\"inLanguage\":\"es\",\"@id\":\"https:\\\/\\\/ppdegalicia.com\\\/es\\\/o-eurodeputado-galego-millan-mon-celebra-que-von-der-leyen-cumprira-o-seu-compromiso-de-nomear-un-comisario-especifico-de-pesca\\\/#primaryimage\",\"url\":\"https:\\\/\\\/ppdegalicia.com\\\/wp-content\\\/uploads\\\/2024\\\/09\\\/VonderLeyen_RomeriaOPino-scaled.jpg\",\"contentUrl\":\"https:\\\/\\\/ppdegalicia.com\\\/wp-content\\\/uploads\\\/2024\\\/09\\\/VonderLeyen_RomeriaOPino-scaled.jpg\",\"width\":2560,\"height\":1707,\"caption\":\"Romer\u00eda de O Pino organizada por el Partido Popular de Galicia con la participaci\u00f3n de \u00darsula Von der Leyen\"},{\"@type\":\"BreadcrumbList\",\"@id\":\"https:\\\/\\\/ppdegalicia.com\\\/es\\\/o-eurodeputado-galego-millan-mon-celebra-que-von-der-leyen-cumprira-o-seu-compromiso-de-nomear-un-comisario-especifico-de-pesca\\\/#breadcrumb\",\"itemListElement\":[{\"@type\":\"ListItem\",\"position\":1,\"name\":\"Portada\",\"item\":\"https:\\\/\\\/ppdegalicia.com\\\/es\\\/\"},{\"@type\":\"ListItem\",\"position\":2,\"name\":\"O eurodeputado galego Mill\u00e1n Mon celebra que Von der Leyen cumprira o seu compromiso de nomear un Comisario espec\u00edfico de Pesca\"}]},{\"@type\":\"WebSite\",\"@id\":\"https:\\\/\\\/ppdegalicia.com\\\/es\\\/#website\",\"url\":\"https:\\\/\\\/ppdegalicia.com\\\/es\\\/\",\"name\":\"Partido Popular de Galicia\",\"description\":\"Partido Popular de Galicia\",\"publisher\":{\"@id\":\"https:\\\/\\\/ppdegalicia.com\\\/es\\\/#organization\"},\"alternateName\":\"PP de Galicia\",\"potentialAction\":[{\"@type\":\"SearchAction\",\"target\":{\"@type\":\"EntryPoint\",\"urlTemplate\":\"https:\\\/\\\/ppdegalicia.com\\\/es\\\/?s={search_term_string}\"},\"query-input\":{\"@type\":\"PropertyValueSpecification\",\"valueRequired\":true,\"valueName\":\"search_term_string\"}}],\"inLanguage\":\"es\"},{\"@type\":\"Organization\",\"@id\":\"https:\\\/\\\/ppdegalicia.com\\\/es\\\/#organization\",\"name\":\"Partido Popular de Galicia\",\"alternateName\":\"PP de Galicia\",\"url\":\"https:\\\/\\\/ppdegalicia.com\\\/es\\\/\",\"logo\":{\"@type\":\"ImageObject\",\"inLanguage\":\"es\",\"@id\":\"https:\\\/\\\/ppdegalicia.com\\\/es\\\/#\\\/schema\\\/logo\\\/image\\\/\",\"url\":\"https:\\\/\\\/ppdegalicia.com\\\/wp-content\\\/uploads\\\/2023\\\/04\\\/logoPP512.png\",\"contentUrl\":\"https:\\\/\\\/ppdegalicia.com\\\/wp-content\\\/uploads\\\/2023\\\/04\\\/logoPP512.png\",\"width\":512,\"height\":512,\"caption\":\"Partido Popular de Galicia\"},\"image\":{\"@id\":\"https:\\\/\\\/ppdegalicia.com\\\/es\\\/#\\\/schema\\\/logo\\\/image\\\/\"},\"sameAs\":[\"https:\\\/\\\/www.instagram.com\\\/ppdegalicia\\\/\",\"https:\\\/\\\/x.com\\\/ppdegalicia\",\"https:\\\/\\\/www.tiktok.com\\\/@ppdegalicia\",\"https:\\\/\\\/www.youtube.com\\\/user\\\/ppdegalicia\"]},{\"@type\":\"Person\",\"@id\":\"https:\\\/\\\/ppdegalicia.com\\\/es\\\/#\\\/schema\\\/person\\\/bc9b46e59ebd34bf28611158c3867388\",\"name\":\"ppdegaliciaedtis\",\"image\":{\"@type\":\"ImageObject\",\"inLanguage\":\"es\",\"@id\":\"https:\\\/\\\/secure.gravatar.com\\\/avatar\\\/f9f8cf6e03df54a1b0d04a6b4b8e8c6bd63c10a439752e84d87a5385aefe2ced?s=96&d=mm&r=g\",\"url\":\"https:\\\/\\\/secure.gravatar.com\\\/avatar\\\/f9f8cf6e03df54a1b0d04a6b4b8e8c6bd63c10a439752e84d87a5385aefe2ced?s=96&d=mm&r=g\",\"contentUrl\":\"https:\\\/\\\/secure.gravatar.com\\\/avatar\\\/f9f8cf6e03df54a1b0d04a6b4b8e8c6bd63c10a439752e84d87a5385aefe2ced?s=96&d=mm&r=g\",\"caption\":\"ppdegaliciaedtis\"},\"url\":\"https:\\\/\\\/ppdegalicia.com\\\/es\\\/author\\\/ppdegaliciaedits\\\/\"}]}<\/script>\n<!-- \/ Yoast SEO plugin. -->","yoast_head_json":{"title":"O eurodeputado galego Mill\u00e1n Mon celebra que Von der Leyen cumprira o seu compromiso de nomear un Comisario espec\u00edfico de Pesca - PP de Galicia","robots":{"index":"index","follow":"follow","max-snippet":"max-snippet:-1","max-image-preview":"max-image-preview:large","max-video-preview":"max-video-preview:-1"},"canonical":"https:\/\/ppdegalicia.com\/es\/o-eurodeputado-galego-millan-mon-celebra-que-von-der-leyen-cumprira-o-seu-compromiso-de-nomear-un-comisario-especifico-de-pesca\/","og_locale":"es_ES","og_type":"article","og_title":"O eurodeputado galego Mill\u00e1n Mon celebra que Von der Leyen cumprira o seu compromiso de nomear un Comisario espec\u00edfico de Pesca - PP de Galicia","og_description":"O eurodeputado galego Francisco Mill\u00e1n Mon celebrou hoxe que a presidenta da Comisi\u00f3n Europea, Ursula Von der Leyen, cumprira o seu compromiso da campa\u00f1a electoral de nomear un comisario espec\u00edfico de Pesca. \u201cCelebro que, por fin, no novo Colexio de Comisarios haxa un Comisario de Pesca que non comparta carteira con Medio Ambiente. \u00c9 unha [&hellip;]","og_url":"https:\/\/ppdegalicia.com\/es\/o-eurodeputado-galego-millan-mon-celebra-que-von-der-leyen-cumprira-o-seu-compromiso-de-nomear-un-comisario-especifico-de-pesca\/","og_site_name":"PP de Galicia","article_publisher":"https:\/\/www.instagram.com\/ppdegalicia\/","article_published_time":"2024-09-17T11:51:09+00:00","og_image":[{"width":2560,"height":1707,"url":"https:\/\/ppdegalicia.com\/wp-content\/uploads\/2024\/09\/VonderLeyen_RomeriaOPino-scaled.jpg","type":"image\/jpeg"}],"author":"ppdegaliciaedtis","twitter_card":"summary_large_image","twitter_creator":"@ppdegalicia","twitter_site":"@ppdegalicia","twitter_misc":{"Escrito por":"ppdegaliciaedtis","Tiempo de lectura":"2 minutos"},"schema":{"@context":"https:\/\/schema.org","@graph":[{"@type":"Article","@id":"https:\/\/ppdegalicia.com\/es\/o-eurodeputado-galego-millan-mon-celebra-que-von-der-leyen-cumprira-o-seu-compromiso-de-nomear-un-comisario-especifico-de-pesca\/#article","isPartOf":{"@id":"https:\/\/ppdegalicia.com\/es\/o-eurodeputado-galego-millan-mon-celebra-que-von-der-leyen-cumprira-o-seu-compromiso-de-nomear-un-comisario-especifico-de-pesca\/"},"author":{"name":"ppdegaliciaedtis","@id":"https:\/\/ppdegalicia.com\/es\/#\/schema\/person\/bc9b46e59ebd34bf28611158c3867388"},"headline":"O eurodeputado galego Mill\u00e1n Mon celebra que Von der Leyen cumprira o seu compromiso de nomear un Comisario espec\u00edfico de Pesca","datePublished":"2024-09-17T11:51:09+00:00","mainEntityOfPage":{"@id":"https:\/\/ppdegalicia.com\/es\/o-eurodeputado-galego-millan-mon-celebra-que-von-der-leyen-cumprira-o-seu-compromiso-de-nomear-un-comisario-especifico-de-pesca\/"},"wordCount":253,"publisher":{"@id":"https:\/\/ppdegalicia.com\/es\/#organization"},"image":{"@id":"https:\/\/ppdegalicia.com\/es\/o-eurodeputado-galego-millan-mon-celebra-que-von-der-leyen-cumprira-o-seu-compromiso-de-nomear-un-comisario-especifico-de-pesca\/#primaryimage"},"thumbnailUrl":"https:\/\/ppdegalicia.com\/wp-content\/uploads\/2024\/09\/VonderLeyen_RomeriaOPino-scaled.jpg","articleSection":["Parlamento Europeo"],"inLanguage":"es"},{"@type":"WebPage","@id":"https:\/\/ppdegalicia.com\/es\/o-eurodeputado-galego-millan-mon-celebra-que-von-der-leyen-cumprira-o-seu-compromiso-de-nomear-un-comisario-especifico-de-pesca\/","url":"https:\/\/ppdegalicia.com\/es\/o-eurodeputado-galego-millan-mon-celebra-que-von-der-leyen-cumprira-o-seu-compromiso-de-nomear-un-comisario-especifico-de-pesca\/","name":"O eurodeputado galego Mill\u00e1n Mon celebra que Von der Leyen cumprira o seu compromiso de nomear un Comisario espec\u00edfico de Pesca - PP de Galicia","isPartOf":{"@id":"https:\/\/ppdegalicia.com\/es\/#website"},"primaryImageOfPage":{"@id":"https:\/\/ppdegalicia.com\/es\/o-eurodeputado-galego-millan-mon-celebra-que-von-der-leyen-cumprira-o-seu-compromiso-de-nomear-un-comisario-especifico-de-pesca\/#primaryimage"},"image":{"@id":"https:\/\/ppdegalicia.com\/es\/o-eurodeputado-galego-millan-mon-celebra-que-von-der-leyen-cumprira-o-seu-compromiso-de-nomear-un-comisario-especifico-de-pesca\/#primaryimage"},"thumbnailUrl":"https:\/\/ppdegalicia.com\/wp-content\/uploads\/2024\/09\/VonderLeyen_RomeriaOPino-scaled.jpg","datePublished":"2024-09-17T11:51:09+00:00","breadcrumb":{"@id":"https:\/\/ppdegalicia.com\/es\/o-eurodeputado-galego-millan-mon-celebra-que-von-der-leyen-cumprira-o-seu-compromiso-de-nomear-un-comisario-especifico-de-pesca\/#breadcrumb"},"inLanguage":"es","potentialAction":[{"@type":"ReadAction","target":["https:\/\/ppdegalicia.com\/es\/o-eurodeputado-galego-millan-mon-celebra-que-von-der-leyen-cumprira-o-seu-compromiso-de-nomear-un-comisario-especifico-de-pesca\/"]}]},{"@type":"ImageObject","inLanguage":"es","@id":"https:\/\/ppdegalicia.com\/es\/o-eurodeputado-galego-millan-mon-celebra-que-von-der-leyen-cumprira-o-seu-compromiso-de-nomear-un-comisario-especifico-de-pesca\/#primaryimage","url":"https:\/\/ppdegalicia.com\/wp-content\/uploads\/2024\/09\/VonderLeyen_RomeriaOPino-scaled.jpg","contentUrl":"https:\/\/ppdegalicia.com\/wp-content\/uploads\/2024\/09\/VonderLeyen_RomeriaOPino-scaled.jpg","width":2560,"height":1707,"caption":"Romer\u00eda de O Pino organizada por el Partido Popular de Galicia con la participaci\u00f3n de \u00darsula Von der Leyen"},{"@type":"BreadcrumbList","@id":"https:\/\/ppdegalicia.com\/es\/o-eurodeputado-galego-millan-mon-celebra-que-von-der-leyen-cumprira-o-seu-compromiso-de-nomear-un-comisario-especifico-de-pesca\/#breadcrumb","itemListElement":[{"@type":"ListItem","position":1,"name":"Portada","item":"https:\/\/ppdegalicia.com\/es\/"},{"@type":"ListItem","position":2,"name":"O eurodeputado galego Mill\u00e1n Mon celebra que Von der Leyen cumprira o seu compromiso de nomear un Comisario espec\u00edfico de Pesca"}]},{"@type":"WebSite","@id":"https:\/\/ppdegalicia.com\/es\/#website","url":"https:\/\/ppdegalicia.com\/es\/","name":"Partido Popular de Galicia","description":"Partido Popular de Galicia","publisher":{"@id":"https:\/\/ppdegalicia.com\/es\/#organization"},"alternateName":"PP de Galicia","potentialAction":[{"@type":"SearchAction","target":{"@type":"EntryPoint","urlTemplate":"https:\/\/ppdegalicia.com\/es\/?s={search_term_string}"},"query-input":{"@type":"PropertyValueSpecification","valueRequired":true,"valueName":"search_term_string"}}],"inLanguage":"es"},{"@type":"Organization","@id":"https:\/\/ppdegalicia.com\/es\/#organization","name":"Partido Popular de Galicia","alternateName":"PP de Galicia","url":"https:\/\/ppdegalicia.com\/es\/","logo":{"@type":"ImageObject","inLanguage":"es","@id":"https:\/\/ppdegalicia.com\/es\/#\/schema\/logo\/image\/","url":"https:\/\/ppdegalicia.com\/wp-content\/uploads\/2023\/04\/logoPP512.png","contentUrl":"https:\/\/ppdegalicia.com\/wp-content\/uploads\/2023\/04\/logoPP512.png","width":512,"height":512,"caption":"Partido Popular de Galicia"},"image":{"@id":"https:\/\/ppdegalicia.com\/es\/#\/schema\/logo\/image\/"},"sameAs":["https:\/\/www.instagram.com\/ppdegalicia\/","https:\/\/x.com\/ppdegalicia","https:\/\/www.tiktok.com\/@ppdegalicia","https:\/\/www.youtube.com\/user\/ppdegalicia"]},{"@type":"Person","@id":"https:\/\/ppdegalicia.com\/es\/#\/schema\/person\/bc9b46e59ebd34bf28611158c3867388","name":"ppdegaliciaedtis","image":{"@type":"ImageObject","inLanguage":"es","@id":"https:\/\/secure.gravatar.com\/avatar\/f9f8cf6e03df54a1b0d04a6b4b8e8c6bd63c10a439752e84d87a5385aefe2ced?s=96&d=mm&r=g","url":"https:\/\/secure.gravatar.com\/avatar\/f9f8cf6e03df54a1b0d04a6b4b8e8c6bd63c10a439752e84d87a5385aefe2ced?s=96&d=mm&r=g","contentUrl":"https:\/\/secure.gravatar.com\/avatar\/f9f8cf6e03df54a1b0d04a6b4b8e8c6bd63c10a439752e84d87a5385aefe2ced?s=96&d=mm&r=g","caption":"ppdegaliciaedtis"},"url":"https:\/\/ppdegalicia.com\/es\/author\/ppdegaliciaedits\/"}]}},"_links":{"self":[{"href":"https:\/\/ppdegalicia.com\/es\/wp-json\/wp\/v2\/posts\/64236","targetHints":{"allow":["GET"]}}],"collection":[{"href":"https:\/\/ppdegalicia.com\/es\/wp-json\/wp\/v2\/posts"}],"about":[{"href":"https:\/\/ppdegalicia.com\/es\/wp-json\/wp\/v2\/types\/post"}],"author":[{"embeddable":true,"href":"https:\/\/ppdegalicia.com\/es\/wp-json\/wp\/v2\/users\/40"}],"replies":[{"embeddable":true,"href":"https:\/\/ppdegalicia.com\/es\/wp-json\/wp\/v2\/comments?post=64236"}],"version-history":[{"count":1,"href":"https:\/\/ppdegalicia.com\/es\/wp-json\/wp\/v2\/posts\/64236\/revisions"}],"predecessor-version":[{"id":64239,"href":"https:\/\/ppdegalicia.com\/es\/wp-json\/wp\/v2\/posts\/64236\/revisions\/64239"}],"wp:featuredmedia":[{"embeddable":true,"href":"https:\/\/ppdegalicia.com\/es\/wp-json\/wp\/v2\/media\/64237"}],"wp:attachment":[{"href":"https:\/\/ppdegalicia.com\/es\/wp-json\/wp\/v2\/media?parent=64236"}],"wp:term":[{"taxonomy":"category","embeddable":true,"href":"https:\/\/ppdegalicia.com\/es\/wp-json\/wp\/v2\/categories?post=64236"},{"taxonomy":"post_tag","embeddable":true,"href":"https:\/\/ppdegalicia.com\/es\/wp-json\/wp\/v2\/tags?post=64236"}],"curies":[{"name":"wp","href":"https:\/\/api.w.org\/{rel}","templated":true}]}}