{"id":64290,"date":"2024-09-19T15:44:31","date_gmt":"2024-09-19T14:44:31","guid":{"rendered":"https:\/\/ppdegalicia.com\/?p=64290"},"modified":"2024-09-24T09:46:06","modified_gmt":"2024-09-24T08:46:06","slug":"los-eurodiputados-del-ppdeg-celebran-la-condena-al-regimen-de-maduro-y-el-reconocimiento-de-edmundo-gonzalez-como-presidente-electo-de-venezuela","status":"publish","type":"post","link":"https:\/\/ppdegalicia.com\/es\/los-eurodiputados-del-ppdeg-celebran-la-condena-al-regimen-de-maduro-y-el-reconocimiento-de-edmundo-gonzalez-como-presidente-electo-de-venezuela\/","title":{"rendered":"Los eurodiputados del PPdeG celebran la condena al r\u00e9gimen de Maduro y el reconocimiento de Edmundo Gonz\u00e1lez como presidente electo de Venezuela"},"content":{"rendered":"<p style=\"font-weight: 400;\">El eurodiputado Francisco Mill\u00e1n Mon, miembro de la Comisi\u00f3n de Asuntos Exteriores del Parlamento Europeo, y Adri\u00e1n V\u00e1zquez, vicepresidente de la Comisi\u00f3n de Asuntos Constitucionales de la misma instituci\u00f3n, celebran que la Euroc\u00e1mara condene al r\u00e9gimen de Maduro y reconozca a Edmundo Gonz\u00e1lez como presidente electo de Venezuela.<\/p>\n<p style=\"font-weight: 400;\">\u201cDebemos incrementar la presi\u00f3n sobre Maduro y su r\u00e9gimen. No es momento de ambig\u00fcedades. No es momento de mirar para otro lado. No podemos resignarnos. Se trata adem\u00e1s de un pa\u00eds latinoamericano muy cercano a los espa\u00f1oles y, en particular, a los gallegos\u201d, afirma Mill\u00e1n M\u00f3n.<\/p>\n<p style=\"font-weight: 400;\">Por su parte, el eurodiputado V\u00e1zquez apostilla que se impone as\u00ed en Europa la posici\u00f3n aprobada tanto en el Congreso de los Diputados como en el Senado, as\u00ed como en el Parlamento de Galicia. Una postura que, seg\u00fan sus declaraciones, lamentablemente no coincide con la del Gobierno de Espa\u00f1a.<\/p>\n<p style=\"font-weight: 400;\">\u201cAyer, adem\u00e1s supimos que el embajador espa\u00f1ol facilit\u00f3 en la propia embajada la coacci\u00f3n perpetrada por Nicol\u00e1s Maduro contra el ya reconocido por la Euroc\u00e1mara como presidente leg\u00edtimo de Venezuela para expulsarlo de su propio pa\u00eds\u201d, recuerda.<\/p>\n<p style=\"font-weight: 400;\">Mill\u00e1n Mon pide tambi\u00e9n el refuerzo de las sanciones de la Uni\u00f3n contra el r\u00e9gimen venezolano y exige la liberaci\u00f3n de todos los presos pol\u00edticos, \u201centre ellos, por cierto, m\u00e1s de un centenar de menores e incluso ciudadanos europeos\u201d. Al mismo tiempo, lamentando que el BNG se ponga \u201cdel lado del dictador Maduro\u201d, reconoce no estar sorprendido por esta actitud: \u201cEstamos ante un Bloque muy radical\u201d.<\/p>\n<p style=\"font-weight: 400;\">En esta misma l\u00ednea, el eurodiputado de Lal\u00edn a\u00f1ade que \u201cen pol\u00edtica a veces es dif\u00edcil hacer las cosas perfectas e incluso muchas veces es complicado hacerlas bien\u201d, pero \u201ces m\u00e1s sencillo reconocer d\u00f3nde est\u00e1 el mal y, en esta ocasi\u00f3n, est\u00e1 claro que la complicidad con un dictador como Maduro es una posici\u00f3n horrenda e insostenible para cualquier dem\u00f3crata\u201d.<\/p>\n<p style=\"font-weight: 400;\">Por \u00faltimo, Mill\u00e1n Mon muestra su malestar por el voto de los socialistas espa\u00f1oles, ya que considera \u201cmuy preocupante\u201d la \u201cequidistancia\u201d del PSOE: \u201cDespu\u00e9s de tantos a\u00f1os de dictadura y de sufrimiento, como ya tuve ocasi\u00f3n de decir en el Hemiciclo el martes, o se est\u00e1 con la democracia y los Derechos Humanos o se est\u00e1 con la dictadura\u201d.<\/p>\n<p style=\"font-weight: 400;\">Adri\u00e1n V\u00e1zquez finaliza sus declaraciones dejando claro que \u201cmientras que otros, como la diputada del BNG, prefieren trabajar abiertamente como la correa de trasmisi\u00f3n de Maduro en este Parlamento, en el Partido Popular estaremos siempre del lado de la democracia. En Venezuela, en Espa\u00f1a y en todo el mundo\u201d.<\/p>\n","protected":false},"excerpt":{"rendered":"<p>El eurodiputado Francisco Mill\u00e1n Mon, miembro de la Comisi\u00f3n de Asuntos Exteriores del Parlamento Europeo, y Adri\u00e1n V\u00e1zquez, vicepresidente de la Comisi\u00f3n de Asuntos Constitucionales de la misma instituci\u00f3n, celebran que la Euroc\u00e1mara condene al r\u00e9gimen de Maduro y reconozca a Edmundo Gonz\u00e1lez como presidente electo de Venezuela. \u201cDebemos incrementar la presi\u00f3n sobre Maduro y [&hellip;]<\/p>\n","protected":false},"author":40,"featured_media":64291,"comment_status":"closed","ping_status":"open","sticky":false,"template":"","format":"standard","meta":{"_acf_changed":false,"footnotes":""},"categories":[1127],"tags":[],"class_list":["post-64290","post","type-post","status-publish","format-standard","has-post-thumbnail","hentry","category-actualidad-parlamento-europeo"],"acf":[],"yoast_head":"<!-- This site is optimized with the Yoast SEO plugin v27.3 - https:\/\/yoast.com\/product\/yoast-seo-wordpress\/ -->\n<title>Los eurodiputados del PPdeG celebran la condena al r\u00e9gimen de Maduro y el reconocimiento de Edmundo Gonz\u00e1lez como presidente electo de Venezuela - PP de Galicia<\/title>\n<meta name=\"description\" content=\"El eurodiputado Francisco Mill\u00e1n Mon, miembro de la Comisi\u00f3n de Asuntos Exteriores del Parlamento Europeo, y Adri\u00e1n V\u00e1zquez, vicepresidente de la Comisi\u00f3n de Asuntos Constitucionales de la misma instituci\u00f3n, celebran que la Euroc\u00e1mara condene al r\u00e9gimen de Maduro y reconozca a Edmundo Gonz\u00e1lez como presidente electo de Venezuela.\" \/>\n<meta name=\"robots\" content=\"index, follow, max-snippet:-1, max-image-preview:large, max-video-preview:-1\" \/>\n<link rel=\"canonical\" href=\"https:\/\/ppdegalicia.com\/es\/los-eurodiputados-del-ppdeg-celebran-la-condena-al-regimen-de-maduro-y-el-reconocimiento-de-edmundo-gonzalez-como-presidente-electo-de-venezuela\/\" \/>\n<meta property=\"og:locale\" content=\"es_ES\" \/>\n<meta property=\"og:type\" content=\"article\" \/>\n<meta property=\"og:title\" content=\"Los eurodiputados del PPdeG celebran la condena al r\u00e9gimen de Maduro y el reconocimiento de Edmundo Gonz\u00e1lez como presidente electo de Venezuela - PP de Galicia\" \/>\n<meta property=\"og:description\" content=\"El eurodiputado Francisco Mill\u00e1n Mon, miembro de la Comisi\u00f3n de Asuntos Exteriores del Parlamento Europeo, y Adri\u00e1n V\u00e1zquez, vicepresidente de la Comisi\u00f3n de Asuntos Constitucionales de la misma instituci\u00f3n, celebran que la Euroc\u00e1mara condene al r\u00e9gimen de Maduro y reconozca a Edmundo Gonz\u00e1lez como presidente electo de Venezuela.\" \/>\n<meta property=\"og:url\" content=\"https:\/\/ppdegalicia.com\/es\/los-eurodiputados-del-ppdeg-celebran-la-condena-al-regimen-de-maduro-y-el-reconocimiento-de-edmundo-gonzalez-como-presidente-electo-de-venezuela\/\" \/>\n<meta property=\"og:site_name\" content=\"PP de Galicia\" \/>\n<meta property=\"article:publisher\" content=\"https:\/\/www.instagram.com\/ppdegalicia\/\" \/>\n<meta property=\"article:published_time\" content=\"2024-09-19T14:44:31+00:00\" \/>\n<meta property=\"article:modified_time\" content=\"2024-09-24T08:46:06+00:00\" \/>\n<meta property=\"og:image\" content=\"https:\/\/ppdegalicia.com\/wp-content\/uploads\/2024\/09\/Los-eurodiputados-Adrian-Vazquez-y-Francisco-Millan-Mon-scaled.jpg\" \/>\n\t<meta property=\"og:image:width\" content=\"2560\" \/>\n\t<meta property=\"og:image:height\" content=\"1707\" \/>\n\t<meta property=\"og:image:type\" content=\"image\/jpeg\" \/>\n<meta name=\"author\" content=\"ppdegaliciaedtis\" \/>\n<meta name=\"twitter:card\" content=\"summary_large_image\" \/>\n<meta name=\"twitter:creator\" content=\"@ppdegalicia\" \/>\n<meta name=\"twitter:site\" content=\"@ppdegalicia\" \/>\n<meta name=\"twitter:label1\" content=\"Escrito por\" \/>\n\t<meta name=\"twitter:data1\" content=\"ppdegaliciaedtis\" \/>\n\t<meta name=\"twitter:label2\" content=\"Tiempo de lectura\" \/>\n\t<meta name=\"twitter:data2\" content=\"3 minutos\" \/>\n<script type=\"application\/ld+json\" class=\"yoast-schema-graph\">{\"@context\":\"https:\\\/\\\/schema.org\",\"@graph\":[{\"@type\":\"Article\",\"@id\":\"https:\\\/\\\/ppdegalicia.com\\\/es\\\/los-eurodiputados-del-ppdeg-celebran-la-condena-al-regimen-de-maduro-y-el-reconocimiento-de-edmundo-gonzalez-como-presidente-electo-de-venezuela\\\/#article\",\"isPartOf\":{\"@id\":\"https:\\\/\\\/ppdegalicia.com\\\/es\\\/los-eurodiputados-del-ppdeg-celebran-la-condena-al-regimen-de-maduro-y-el-reconocimiento-de-edmundo-gonzalez-como-presidente-electo-de-venezuela\\\/\"},\"author\":{\"name\":\"ppdegaliciaedtis\",\"@id\":\"https:\\\/\\\/ppdegalicia.com\\\/es\\\/#\\\/schema\\\/person\\\/bc9b46e59ebd34bf28611158c3867388\"},\"headline\":\"Los eurodiputados del PPdeG celebran la condena al r\u00e9gimen de Maduro y el reconocimiento de Edmundo Gonz\u00e1lez como presidente electo de Venezuela\",\"datePublished\":\"2024-09-19T14:44:31+00:00\",\"dateModified\":\"2024-09-24T08:46:06+00:00\",\"mainEntityOfPage\":{\"@id\":\"https:\\\/\\\/ppdegalicia.com\\\/es\\\/los-eurodiputados-del-ppdeg-celebran-la-condena-al-regimen-de-maduro-y-el-reconocimiento-de-edmundo-gonzalez-como-presidente-electo-de-venezuela\\\/\"},\"wordCount\":492,\"publisher\":{\"@id\":\"https:\\\/\\\/ppdegalicia.com\\\/es\\\/#organization\"},\"image\":{\"@id\":\"https:\\\/\\\/ppdegalicia.com\\\/es\\\/los-eurodiputados-del-ppdeg-celebran-la-condena-al-regimen-de-maduro-y-el-reconocimiento-de-edmundo-gonzalez-como-presidente-electo-de-venezuela\\\/#primaryimage\"},\"thumbnailUrl\":\"https:\\\/\\\/ppdegalicia.com\\\/wp-content\\\/uploads\\\/2024\\\/09\\\/Los-eurodiputados-Adrian-Vazquez-y-Francisco-Millan-Mon-scaled.jpg\",\"articleSection\":[\"Parlamento Europeo\"],\"inLanguage\":\"es\"},{\"@type\":\"WebPage\",\"@id\":\"https:\\\/\\\/ppdegalicia.com\\\/es\\\/los-eurodiputados-del-ppdeg-celebran-la-condena-al-regimen-de-maduro-y-el-reconocimiento-de-edmundo-gonzalez-como-presidente-electo-de-venezuela\\\/\",\"url\":\"https:\\\/\\\/ppdegalicia.com\\\/es\\\/los-eurodiputados-del-ppdeg-celebran-la-condena-al-regimen-de-maduro-y-el-reconocimiento-de-edmundo-gonzalez-como-presidente-electo-de-venezuela\\\/\",\"name\":\"Los eurodiputados del PPdeG celebran la condena al r\u00e9gimen de Maduro y el reconocimiento de Edmundo Gonz\u00e1lez como presidente electo de Venezuela - PP de Galicia\",\"isPartOf\":{\"@id\":\"https:\\\/\\\/ppdegalicia.com\\\/es\\\/#website\"},\"primaryImageOfPage\":{\"@id\":\"https:\\\/\\\/ppdegalicia.com\\\/es\\\/los-eurodiputados-del-ppdeg-celebran-la-condena-al-regimen-de-maduro-y-el-reconocimiento-de-edmundo-gonzalez-como-presidente-electo-de-venezuela\\\/#primaryimage\"},\"image\":{\"@id\":\"https:\\\/\\\/ppdegalicia.com\\\/es\\\/los-eurodiputados-del-ppdeg-celebran-la-condena-al-regimen-de-maduro-y-el-reconocimiento-de-edmundo-gonzalez-como-presidente-electo-de-venezuela\\\/#primaryimage\"},\"thumbnailUrl\":\"https:\\\/\\\/ppdegalicia.com\\\/wp-content\\\/uploads\\\/2024\\\/09\\\/Los-eurodiputados-Adrian-Vazquez-y-Francisco-Millan-Mon-scaled.jpg\",\"datePublished\":\"2024-09-19T14:44:31+00:00\",\"dateModified\":\"2024-09-24T08:46:06+00:00\",\"description\":\"El eurodiputado Francisco Mill\u00e1n Mon, miembro de la Comisi\u00f3n de Asuntos Exteriores del Parlamento Europeo, y Adri\u00e1n V\u00e1zquez, vicepresidente de la Comisi\u00f3n de Asuntos Constitucionales de la misma instituci\u00f3n, celebran que la Euroc\u00e1mara condene al r\u00e9gimen de Maduro y reconozca a Edmundo Gonz\u00e1lez como presidente electo de Venezuela.\",\"breadcrumb\":{\"@id\":\"https:\\\/\\\/ppdegalicia.com\\\/es\\\/los-eurodiputados-del-ppdeg-celebran-la-condena-al-regimen-de-maduro-y-el-reconocimiento-de-edmundo-gonzalez-como-presidente-electo-de-venezuela\\\/#breadcrumb\"},\"inLanguage\":\"es\",\"potentialAction\":[{\"@type\":\"ReadAction\",\"target\":[\"https:\\\/\\\/ppdegalicia.com\\\/es\\\/los-eurodiputados-del-ppdeg-celebran-la-condena-al-regimen-de-maduro-y-el-reconocimiento-de-edmundo-gonzalez-como-presidente-electo-de-venezuela\\\/\"]}]},{\"@type\":\"ImageObject\",\"inLanguage\":\"es\",\"@id\":\"https:\\\/\\\/ppdegalicia.com\\\/es\\\/los-eurodiputados-del-ppdeg-celebran-la-condena-al-regimen-de-maduro-y-el-reconocimiento-de-edmundo-gonzalez-como-presidente-electo-de-venezuela\\\/#primaryimage\",\"url\":\"https:\\\/\\\/ppdegalicia.com\\\/wp-content\\\/uploads\\\/2024\\\/09\\\/Los-eurodiputados-Adrian-Vazquez-y-Francisco-Millan-Mon-scaled.jpg\",\"contentUrl\":\"https:\\\/\\\/ppdegalicia.com\\\/wp-content\\\/uploads\\\/2024\\\/09\\\/Los-eurodiputados-Adrian-Vazquez-y-Francisco-Millan-Mon-scaled.jpg\",\"width\":2560,\"height\":1707},{\"@type\":\"BreadcrumbList\",\"@id\":\"https:\\\/\\\/ppdegalicia.com\\\/es\\\/los-eurodiputados-del-ppdeg-celebran-la-condena-al-regimen-de-maduro-y-el-reconocimiento-de-edmundo-gonzalez-como-presidente-electo-de-venezuela\\\/#breadcrumb\",\"itemListElement\":[{\"@type\":\"ListItem\",\"position\":1,\"name\":\"Portada\",\"item\":\"https:\\\/\\\/ppdegalicia.com\\\/es\\\/\"},{\"@type\":\"ListItem\",\"position\":2,\"name\":\"Los eurodiputados del PPdeG celebran la condena al r\u00e9gimen de Maduro y el reconocimiento de Edmundo Gonz\u00e1lez como presidente electo de Venezuela\"}]},{\"@type\":\"WebSite\",\"@id\":\"https:\\\/\\\/ppdegalicia.com\\\/es\\\/#website\",\"url\":\"https:\\\/\\\/ppdegalicia.com\\\/es\\\/\",\"name\":\"Partido Popular de Galicia\",\"description\":\"Partido Popular de Galicia\",\"publisher\":{\"@id\":\"https:\\\/\\\/ppdegalicia.com\\\/es\\\/#organization\"},\"alternateName\":\"PP de Galicia\",\"potentialAction\":[{\"@type\":\"SearchAction\",\"target\":{\"@type\":\"EntryPoint\",\"urlTemplate\":\"https:\\\/\\\/ppdegalicia.com\\\/es\\\/?s={search_term_string}\"},\"query-input\":{\"@type\":\"PropertyValueSpecification\",\"valueRequired\":true,\"valueName\":\"search_term_string\"}}],\"inLanguage\":\"es\"},{\"@type\":\"Organization\",\"@id\":\"https:\\\/\\\/ppdegalicia.com\\\/es\\\/#organization\",\"name\":\"Partido Popular de Galicia\",\"alternateName\":\"PP de Galicia\",\"url\":\"https:\\\/\\\/ppdegalicia.com\\\/es\\\/\",\"logo\":{\"@type\":\"ImageObject\",\"inLanguage\":\"es\",\"@id\":\"https:\\\/\\\/ppdegalicia.com\\\/es\\\/#\\\/schema\\\/logo\\\/image\\\/\",\"url\":\"https:\\\/\\\/ppdegalicia.com\\\/wp-content\\\/uploads\\\/2023\\\/04\\\/logoPP512.png\",\"contentUrl\":\"https:\\\/\\\/ppdegalicia.com\\\/wp-content\\\/uploads\\\/2023\\\/04\\\/logoPP512.png\",\"width\":512,\"height\":512,\"caption\":\"Partido Popular de Galicia\"},\"image\":{\"@id\":\"https:\\\/\\\/ppdegalicia.com\\\/es\\\/#\\\/schema\\\/logo\\\/image\\\/\"},\"sameAs\":[\"https:\\\/\\\/www.instagram.com\\\/ppdegalicia\\\/\",\"https:\\\/\\\/x.com\\\/ppdegalicia\",\"https:\\\/\\\/www.tiktok.com\\\/@ppdegalicia\",\"https:\\\/\\\/www.youtube.com\\\/user\\\/ppdegalicia\"]},{\"@type\":\"Person\",\"@id\":\"https:\\\/\\\/ppdegalicia.com\\\/es\\\/#\\\/schema\\\/person\\\/bc9b46e59ebd34bf28611158c3867388\",\"name\":\"ppdegaliciaedtis\",\"image\":{\"@type\":\"ImageObject\",\"inLanguage\":\"es\",\"@id\":\"https:\\\/\\\/secure.gravatar.com\\\/avatar\\\/f9f8cf6e03df54a1b0d04a6b4b8e8c6bd63c10a439752e84d87a5385aefe2ced?s=96&d=mm&r=g\",\"url\":\"https:\\\/\\\/secure.gravatar.com\\\/avatar\\\/f9f8cf6e03df54a1b0d04a6b4b8e8c6bd63c10a439752e84d87a5385aefe2ced?s=96&d=mm&r=g\",\"contentUrl\":\"https:\\\/\\\/secure.gravatar.com\\\/avatar\\\/f9f8cf6e03df54a1b0d04a6b4b8e8c6bd63c10a439752e84d87a5385aefe2ced?s=96&d=mm&r=g\",\"caption\":\"ppdegaliciaedtis\"},\"url\":\"https:\\\/\\\/ppdegalicia.com\\\/es\\\/author\\\/ppdegaliciaedits\\\/\"}]}<\/script>\n<!-- \/ Yoast SEO plugin. -->","yoast_head_json":{"title":"Los eurodiputados del PPdeG celebran la condena al r\u00e9gimen de Maduro y el reconocimiento de Edmundo Gonz\u00e1lez como presidente electo de Venezuela - PP de Galicia","description":"El eurodiputado Francisco Mill\u00e1n Mon, miembro de la Comisi\u00f3n de Asuntos Exteriores del Parlamento Europeo, y Adri\u00e1n V\u00e1zquez, vicepresidente de la Comisi\u00f3n de Asuntos Constitucionales de la misma instituci\u00f3n, celebran que la Euroc\u00e1mara condene al r\u00e9gimen de Maduro y reconozca a Edmundo Gonz\u00e1lez como presidente electo de Venezuela.","robots":{"index":"index","follow":"follow","max-snippet":"max-snippet:-1","max-image-preview":"max-image-preview:large","max-video-preview":"max-video-preview:-1"},"canonical":"https:\/\/ppdegalicia.com\/es\/los-eurodiputados-del-ppdeg-celebran-la-condena-al-regimen-de-maduro-y-el-reconocimiento-de-edmundo-gonzalez-como-presidente-electo-de-venezuela\/","og_locale":"es_ES","og_type":"article","og_title":"Los eurodiputados del PPdeG celebran la condena al r\u00e9gimen de Maduro y el reconocimiento de Edmundo Gonz\u00e1lez como presidente electo de Venezuela - PP de Galicia","og_description":"El eurodiputado Francisco Mill\u00e1n Mon, miembro de la Comisi\u00f3n de Asuntos Exteriores del Parlamento Europeo, y Adri\u00e1n V\u00e1zquez, vicepresidente de la Comisi\u00f3n de Asuntos Constitucionales de la misma instituci\u00f3n, celebran que la Euroc\u00e1mara condene al r\u00e9gimen de Maduro y reconozca a Edmundo Gonz\u00e1lez como presidente electo de Venezuela.","og_url":"https:\/\/ppdegalicia.com\/es\/los-eurodiputados-del-ppdeg-celebran-la-condena-al-regimen-de-maduro-y-el-reconocimiento-de-edmundo-gonzalez-como-presidente-electo-de-venezuela\/","og_site_name":"PP de Galicia","article_publisher":"https:\/\/www.instagram.com\/ppdegalicia\/","article_published_time":"2024-09-19T14:44:31+00:00","article_modified_time":"2024-09-24T08:46:06+00:00","og_image":[{"width":2560,"height":1707,"url":"https:\/\/ppdegalicia.com\/wp-content\/uploads\/2024\/09\/Los-eurodiputados-Adrian-Vazquez-y-Francisco-Millan-Mon-scaled.jpg","type":"image\/jpeg"}],"author":"ppdegaliciaedtis","twitter_card":"summary_large_image","twitter_creator":"@ppdegalicia","twitter_site":"@ppdegalicia","twitter_misc":{"Escrito por":"ppdegaliciaedtis","Tiempo de lectura":"3 minutos"},"schema":{"@context":"https:\/\/schema.org","@graph":[{"@type":"Article","@id":"https:\/\/ppdegalicia.com\/es\/los-eurodiputados-del-ppdeg-celebran-la-condena-al-regimen-de-maduro-y-el-reconocimiento-de-edmundo-gonzalez-como-presidente-electo-de-venezuela\/#article","isPartOf":{"@id":"https:\/\/ppdegalicia.com\/es\/los-eurodiputados-del-ppdeg-celebran-la-condena-al-regimen-de-maduro-y-el-reconocimiento-de-edmundo-gonzalez-como-presidente-electo-de-venezuela\/"},"author":{"name":"ppdegaliciaedtis","@id":"https:\/\/ppdegalicia.com\/es\/#\/schema\/person\/bc9b46e59ebd34bf28611158c3867388"},"headline":"Los eurodiputados del PPdeG celebran la condena al r\u00e9gimen de Maduro y el reconocimiento de Edmundo Gonz\u00e1lez como presidente electo de Venezuela","datePublished":"2024-09-19T14:44:31+00:00","dateModified":"2024-09-24T08:46:06+00:00","mainEntityOfPage":{"@id":"https:\/\/ppdegalicia.com\/es\/los-eurodiputados-del-ppdeg-celebran-la-condena-al-regimen-de-maduro-y-el-reconocimiento-de-edmundo-gonzalez-como-presidente-electo-de-venezuela\/"},"wordCount":492,"publisher":{"@id":"https:\/\/ppdegalicia.com\/es\/#organization"},"image":{"@id":"https:\/\/ppdegalicia.com\/es\/los-eurodiputados-del-ppdeg-celebran-la-condena-al-regimen-de-maduro-y-el-reconocimiento-de-edmundo-gonzalez-como-presidente-electo-de-venezuela\/#primaryimage"},"thumbnailUrl":"https:\/\/ppdegalicia.com\/wp-content\/uploads\/2024\/09\/Los-eurodiputados-Adrian-Vazquez-y-Francisco-Millan-Mon-scaled.jpg","articleSection":["Parlamento Europeo"],"inLanguage":"es"},{"@type":"WebPage","@id":"https:\/\/ppdegalicia.com\/es\/los-eurodiputados-del-ppdeg-celebran-la-condena-al-regimen-de-maduro-y-el-reconocimiento-de-edmundo-gonzalez-como-presidente-electo-de-venezuela\/","url":"https:\/\/ppdegalicia.com\/es\/los-eurodiputados-del-ppdeg-celebran-la-condena-al-regimen-de-maduro-y-el-reconocimiento-de-edmundo-gonzalez-como-presidente-electo-de-venezuela\/","name":"Los eurodiputados del PPdeG celebran la condena al r\u00e9gimen de Maduro y el reconocimiento de Edmundo Gonz\u00e1lez como presidente electo de Venezuela - PP de Galicia","isPartOf":{"@id":"https:\/\/ppdegalicia.com\/es\/#website"},"primaryImageOfPage":{"@id":"https:\/\/ppdegalicia.com\/es\/los-eurodiputados-del-ppdeg-celebran-la-condena-al-regimen-de-maduro-y-el-reconocimiento-de-edmundo-gonzalez-como-presidente-electo-de-venezuela\/#primaryimage"},"image":{"@id":"https:\/\/ppdegalicia.com\/es\/los-eurodiputados-del-ppdeg-celebran-la-condena-al-regimen-de-maduro-y-el-reconocimiento-de-edmundo-gonzalez-como-presidente-electo-de-venezuela\/#primaryimage"},"thumbnailUrl":"https:\/\/ppdegalicia.com\/wp-content\/uploads\/2024\/09\/Los-eurodiputados-Adrian-Vazquez-y-Francisco-Millan-Mon-scaled.jpg","datePublished":"2024-09-19T14:44:31+00:00","dateModified":"2024-09-24T08:46:06+00:00","description":"El eurodiputado Francisco Mill\u00e1n Mon, miembro de la Comisi\u00f3n de Asuntos Exteriores del Parlamento Europeo, y Adri\u00e1n V\u00e1zquez, vicepresidente de la Comisi\u00f3n de Asuntos Constitucionales de la misma instituci\u00f3n, celebran que la Euroc\u00e1mara condene al r\u00e9gimen de Maduro y reconozca a Edmundo Gonz\u00e1lez como presidente electo de Venezuela.","breadcrumb":{"@id":"https:\/\/ppdegalicia.com\/es\/los-eurodiputados-del-ppdeg-celebran-la-condena-al-regimen-de-maduro-y-el-reconocimiento-de-edmundo-gonzalez-como-presidente-electo-de-venezuela\/#breadcrumb"},"inLanguage":"es","potentialAction":[{"@type":"ReadAction","target":["https:\/\/ppdegalicia.com\/es\/los-eurodiputados-del-ppdeg-celebran-la-condena-al-regimen-de-maduro-y-el-reconocimiento-de-edmundo-gonzalez-como-presidente-electo-de-venezuela\/"]}]},{"@type":"ImageObject","inLanguage":"es","@id":"https:\/\/ppdegalicia.com\/es\/los-eurodiputados-del-ppdeg-celebran-la-condena-al-regimen-de-maduro-y-el-reconocimiento-de-edmundo-gonzalez-como-presidente-electo-de-venezuela\/#primaryimage","url":"https:\/\/ppdegalicia.com\/wp-content\/uploads\/2024\/09\/Los-eurodiputados-Adrian-Vazquez-y-Francisco-Millan-Mon-scaled.jpg","contentUrl":"https:\/\/ppdegalicia.com\/wp-content\/uploads\/2024\/09\/Los-eurodiputados-Adrian-Vazquez-y-Francisco-Millan-Mon-scaled.jpg","width":2560,"height":1707},{"@type":"BreadcrumbList","@id":"https:\/\/ppdegalicia.com\/es\/los-eurodiputados-del-ppdeg-celebran-la-condena-al-regimen-de-maduro-y-el-reconocimiento-de-edmundo-gonzalez-como-presidente-electo-de-venezuela\/#breadcrumb","itemListElement":[{"@type":"ListItem","position":1,"name":"Portada","item":"https:\/\/ppdegalicia.com\/es\/"},{"@type":"ListItem","position":2,"name":"Los eurodiputados del PPdeG celebran la condena al r\u00e9gimen de Maduro y el reconocimiento de Edmundo Gonz\u00e1lez como presidente electo de Venezuela"}]},{"@type":"WebSite","@id":"https:\/\/ppdegalicia.com\/es\/#website","url":"https:\/\/ppdegalicia.com\/es\/","name":"Partido Popular de Galicia","description":"Partido Popular de Galicia","publisher":{"@id":"https:\/\/ppdegalicia.com\/es\/#organization"},"alternateName":"PP de Galicia","potentialAction":[{"@type":"SearchAction","target":{"@type":"EntryPoint","urlTemplate":"https:\/\/ppdegalicia.com\/es\/?s={search_term_string}"},"query-input":{"@type":"PropertyValueSpecification","valueRequired":true,"valueName":"search_term_string"}}],"inLanguage":"es"},{"@type":"Organization","@id":"https:\/\/ppdegalicia.com\/es\/#organization","name":"Partido Popular de Galicia","alternateName":"PP de Galicia","url":"https:\/\/ppdegalicia.com\/es\/","logo":{"@type":"ImageObject","inLanguage":"es","@id":"https:\/\/ppdegalicia.com\/es\/#\/schema\/logo\/image\/","url":"https:\/\/ppdegalicia.com\/wp-content\/uploads\/2023\/04\/logoPP512.png","contentUrl":"https:\/\/ppdegalicia.com\/wp-content\/uploads\/2023\/04\/logoPP512.png","width":512,"height":512,"caption":"Partido Popular de Galicia"},"image":{"@id":"https:\/\/ppdegalicia.com\/es\/#\/schema\/logo\/image\/"},"sameAs":["https:\/\/www.instagram.com\/ppdegalicia\/","https:\/\/x.com\/ppdegalicia","https:\/\/www.tiktok.com\/@ppdegalicia","https:\/\/www.youtube.com\/user\/ppdegalicia"]},{"@type":"Person","@id":"https:\/\/ppdegalicia.com\/es\/#\/schema\/person\/bc9b46e59ebd34bf28611158c3867388","name":"ppdegaliciaedtis","image":{"@type":"ImageObject","inLanguage":"es","@id":"https:\/\/secure.gravatar.com\/avatar\/f9f8cf6e03df54a1b0d04a6b4b8e8c6bd63c10a439752e84d87a5385aefe2ced?s=96&d=mm&r=g","url":"https:\/\/secure.gravatar.com\/avatar\/f9f8cf6e03df54a1b0d04a6b4b8e8c6bd63c10a439752e84d87a5385aefe2ced?s=96&d=mm&r=g","contentUrl":"https:\/\/secure.gravatar.com\/avatar\/f9f8cf6e03df54a1b0d04a6b4b8e8c6bd63c10a439752e84d87a5385aefe2ced?s=96&d=mm&r=g","caption":"ppdegaliciaedtis"},"url":"https:\/\/ppdegalicia.com\/es\/author\/ppdegaliciaedits\/"}]}},"_links":{"self":[{"href":"https:\/\/ppdegalicia.com\/es\/wp-json\/wp\/v2\/posts\/64290","targetHints":{"allow":["GET"]}}],"collection":[{"href":"https:\/\/ppdegalicia.com\/es\/wp-json\/wp\/v2\/posts"}],"about":[{"href":"https:\/\/ppdegalicia.com\/es\/wp-json\/wp\/v2\/types\/post"}],"author":[{"embeddable":true,"href":"https:\/\/ppdegalicia.com\/es\/wp-json\/wp\/v2\/users\/40"}],"replies":[{"embeddable":true,"href":"https:\/\/ppdegalicia.com\/es\/wp-json\/wp\/v2\/comments?post=64290"}],"version-history":[{"count":1,"href":"https:\/\/ppdegalicia.com\/es\/wp-json\/wp\/v2\/posts\/64290\/revisions"}],"predecessor-version":[{"id":64293,"href":"https:\/\/ppdegalicia.com\/es\/wp-json\/wp\/v2\/posts\/64290\/revisions\/64293"}],"wp:featuredmedia":[{"embeddable":true,"href":"https:\/\/ppdegalicia.com\/es\/wp-json\/wp\/v2\/media\/64291"}],"wp:attachment":[{"href":"https:\/\/ppdegalicia.com\/es\/wp-json\/wp\/v2\/media?parent=64290"}],"wp:term":[{"taxonomy":"category","embeddable":true,"href":"https:\/\/ppdegalicia.com\/es\/wp-json\/wp\/v2\/categories?post=64290"},{"taxonomy":"post_tag","embeddable":true,"href":"https:\/\/ppdegalicia.com\/es\/wp-json\/wp\/v2\/tags?post=64290"}],"curies":[{"name":"wp","href":"https:\/\/api.w.org\/{rel}","templated":true}]}}