{"id":64305,"date":"2024-09-24T18:04:54","date_gmt":"2024-09-24T17:04:54","guid":{"rendered":"https:\/\/ppdegalicia.com\/?p=64305"},"modified":"2024-09-24T18:04:54","modified_gmt":"2024-09-24T17:04:54","slug":"o-grupo-popular-pide-ao-bng-que-deixe-de-mentir-tan-descaradamente-porque-o-hospital-alvaro-cunqueiro-e-un-centro-publico-e-todos-os-servizos-sanitarios-que-presta-son-publicos","status":"publish","type":"post","link":"https:\/\/ppdegalicia.com\/es\/o-grupo-popular-pide-ao-bng-que-deixe-de-mentir-tan-descaradamente-porque-o-hospital-alvaro-cunqueiro-e-un-centro-publico-e-todos-os-servizos-sanitarios-que-presta-son-publicos\/","title":{"rendered":"O Grupo Popular pide ao BNG que deixe de mentir tan descaradamente porque o Hospital \u00c1lvaro Cunqueiro \u00e9 un centro p\u00fablico e todos os servizos sanitarios que presta son p\u00fablicos\u201d"},"content":{"rendered":"<p>A portavoz de Sanidade do Grupo Popular, Encarna Amigo, pediu hoxe no Pleno ao BNG que \u201cdeixe de mentir tan descaradamente sobre un tema tan sensible e capital como \u00e9 a sanidade\u201d, porque incidiu que \u201co Hospital \u00c1lvaro Cunqueiro \u00e9 un centro p\u00fablico e todos os servizos sanitarios que presta son p\u00fablicos\u201d.<\/p>\n<p>Encarna Amigo lembrou que \u201ccando o PPdeG chegou ao Goberno da Xunta considerou que a \u00e1rea sanitaria de Vigo non pod\u00eda agardar m\u00e1is para ter un hospital de primeiro nivel e executou un hospital p\u00fablico de vangarda e punteiro nos peores anos da crise econ\u00f3mica\u201d. As\u00ed, subli\u00f1ou que \u201co propio Consello de Contas reco\u00f1ece que a f\u00f3rmula elixida era a \u00fanica maneira viable para constru\u00edr un centro hospitalario, sen comprometer a estabilidade orzamentaria da Xunta, nin a prestaci\u00f3n de servizos esenciais\u201d.<\/p>\n<p><strong>RESPONSABILIDADE PATRIMONIAL E LUCRO CESANTE<\/strong><\/p>\n<p>De seguido, criticou que o BNG pida rescatar a concesi\u00f3n do \u00c1lvaro Cunqueiro e que a Xunta pague dunha tacada centos de mill\u00f3ns de euros \u00e1 concesionaria en concepto de responsabilidade patrimonial e lucro cesante. \u201cA referencia dos nacionalistas galegos \u00e9 o modelo de xesti\u00f3n e goberno de Venezuela, pero en Espa\u00f1a vivimos nun Estado de Dereito no que os contratos p\u00fablicos se compren e os asinantes deben respectar o que se recolle nos mesmos\u201d, afirmou. Ademais, indicou que o rescate da concesi\u00f3n supor\u00eda \u201casumir a limpeza, a vixilancia, o mantemento, a xardiner\u00eda, a desinfecci\u00f3n e todos os servizos que actualmente est\u00e1n inclu\u00eddos na concesi\u00f3n\u201d.<\/p>\n<p>A portavoz popular lembrou que a \u00e1rea sanitaria de Vigo ten un concerto singular pola existencia dun centro que colabora na prestaci\u00f3n destes servizos, \u201csen custo alg\u00fan para o cidad\u00e1n\u201d. Neste sentido, considerou \u201ccurioso que o BNG pida agora que a totalidade da poboaci\u00f3n deste \u00e1rea sanitaria te\u00f1a atenci\u00f3n hospitalaria en centros p\u00fablicos, cando foron vostedes, baixo o seu goberno bipartito na Xunta, quen lles aseguraron o negocio a POVISA por moitos anos\u201d.<\/p>\n<p>\u201cE que fixo o goberno do PPdeG co novo concerto asinado en 2014?\u201d, cuestionou Encarna Amigo, para responder que \u201cestableceuse que este centro sexa de adscrici\u00f3n voluntaria, polo que POVISA so atende a aqueles pacientes que libremente elixan recibir a s\u00faa asistencia sanitaria neste centro\u201d.<\/p>\n","protected":false},"excerpt":{"rendered":"<p>A portavoz de Sanidade do Grupo Popular, Encarna Amigo, pediu hoxe no Pleno ao BNG que \u201cdeixe de mentir tan descaradamente sobre un tema tan sensible e capital como \u00e9 a sanidade\u201d, porque incidiu que \u201co Hospital \u00c1lvaro Cunqueiro \u00e9 un centro p\u00fablico e todos os servizos sanitarios que presta son p\u00fablicos\u201d. Encarna Amigo lembrou [&hellip;]<\/p>\n","protected":false},"author":40,"featured_media":64306,"comment_status":"closed","ping_status":"open","sticky":false,"template":"","format":"standard","meta":{"_acf_changed":false,"footnotes":""},"categories":[1128],"tags":[],"class_list":["post-64305","post","type-post","status-publish","format-standard","has-post-thumbnail","hentry","category-actualidad-parlamento-de-galicia"],"acf":[],"yoast_head":"<!-- This site is optimized with the Yoast SEO plugin v27.3 - https:\/\/yoast.com\/product\/yoast-seo-wordpress\/ -->\n<title>O Grupo Popular pide ao BNG que deixe de mentir tan descaradamente porque o Hospital \u00c1lvaro Cunqueiro \u00e9 un centro p\u00fablico e todos os servizos sanitarios que presta son p\u00fablicos\u201d - PP de Galicia<\/title>\n<meta name=\"description\" content=\"A portavoz de Sanidade do Grupo Popular, Encarna Amigo, pediu hoxe no Pleno ao BNG que \u201cdeixe de mentir tan descaradamente sobre un tema tan sensible e capital como \u00e9 a sanidade\u201d, porque incidiu que \u201co Hospital \u00c1lvaro Cunqueiro \u00e9 un centro p\u00fablico e todos os servizos sanitarios que presta son p\u00fablicos\u201d.\" \/>\n<meta name=\"robots\" content=\"index, follow, max-snippet:-1, max-image-preview:large, max-video-preview:-1\" \/>\n<link rel=\"canonical\" href=\"https:\/\/ppdegalicia.com\/es\/o-grupo-popular-pide-ao-bng-que-deixe-de-mentir-tan-descaradamente-porque-o-hospital-alvaro-cunqueiro-e-un-centro-publico-e-todos-os-servizos-sanitarios-que-presta-son-publicos\/\" \/>\n<meta property=\"og:locale\" content=\"es_ES\" \/>\n<meta property=\"og:type\" content=\"article\" \/>\n<meta property=\"og:title\" content=\"O Grupo Popular pide ao BNG que deixe de mentir tan descaradamente porque o Hospital \u00c1lvaro Cunqueiro \u00e9 un centro p\u00fablico e todos os servizos sanitarios que presta son p\u00fablicos\u201d - PP de Galicia\" \/>\n<meta property=\"og:description\" content=\"A portavoz de Sanidade do Grupo Popular, Encarna Amigo, pediu hoxe no Pleno ao BNG que \u201cdeixe de mentir tan descaradamente sobre un tema tan sensible e capital como \u00e9 a sanidade\u201d, porque incidiu que \u201co Hospital \u00c1lvaro Cunqueiro \u00e9 un centro p\u00fablico e todos os servizos sanitarios que presta son p\u00fablicos\u201d.\" \/>\n<meta property=\"og:url\" content=\"https:\/\/ppdegalicia.com\/es\/o-grupo-popular-pide-ao-bng-que-deixe-de-mentir-tan-descaradamente-porque-o-hospital-alvaro-cunqueiro-e-un-centro-publico-e-todos-os-servizos-sanitarios-que-presta-son-publicos\/\" \/>\n<meta property=\"og:site_name\" content=\"PP de Galicia\" \/>\n<meta property=\"article:publisher\" content=\"https:\/\/www.instagram.com\/ppdegalicia\/\" \/>\n<meta property=\"article:published_time\" content=\"2024-09-24T17:04:54+00:00\" \/>\n<meta property=\"og:image\" content=\"https:\/\/ppdegalicia.com\/wp-content\/uploads\/2024\/09\/WhatsApp-Image-2024-09-24-at-16.44.22-scaled.jpeg\" \/>\n\t<meta property=\"og:image:width\" content=\"2560\" \/>\n\t<meta property=\"og:image:height\" content=\"1706\" \/>\n\t<meta property=\"og:image:type\" content=\"image\/jpeg\" \/>\n<meta name=\"author\" content=\"ppdegaliciaedtis\" \/>\n<meta name=\"twitter:card\" content=\"summary_large_image\" \/>\n<meta name=\"twitter:creator\" content=\"@ppdegalicia\" \/>\n<meta name=\"twitter:site\" content=\"@ppdegalicia\" \/>\n<meta name=\"twitter:label1\" content=\"Escrito por\" \/>\n\t<meta name=\"twitter:data1\" content=\"ppdegaliciaedtis\" \/>\n\t<meta name=\"twitter:label2\" content=\"Tiempo de lectura\" \/>\n\t<meta name=\"twitter:data2\" content=\"3 minutos\" \/>\n<script type=\"application\/ld+json\" class=\"yoast-schema-graph\">{\"@context\":\"https:\\\/\\\/schema.org\",\"@graph\":[{\"@type\":\"Article\",\"@id\":\"https:\\\/\\\/ppdegalicia.com\\\/es\\\/o-grupo-popular-pide-ao-bng-que-deixe-de-mentir-tan-descaradamente-porque-o-hospital-alvaro-cunqueiro-e-un-centro-publico-e-todos-os-servizos-sanitarios-que-presta-son-publicos\\\/#article\",\"isPartOf\":{\"@id\":\"https:\\\/\\\/ppdegalicia.com\\\/es\\\/o-grupo-popular-pide-ao-bng-que-deixe-de-mentir-tan-descaradamente-porque-o-hospital-alvaro-cunqueiro-e-un-centro-publico-e-todos-os-servizos-sanitarios-que-presta-son-publicos\\\/\"},\"author\":{\"name\":\"ppdegaliciaedtis\",\"@id\":\"https:\\\/\\\/ppdegalicia.com\\\/es\\\/#\\\/schema\\\/person\\\/bc9b46e59ebd34bf28611158c3867388\"},\"headline\":\"O Grupo Popular pide ao BNG que deixe de mentir tan descaradamente porque o Hospital \u00c1lvaro Cunqueiro \u00e9 un centro p\u00fablico e todos os servizos sanitarios que presta son p\u00fablicos\u201d\",\"datePublished\":\"2024-09-24T17:04:54+00:00\",\"mainEntityOfPage\":{\"@id\":\"https:\\\/\\\/ppdegalicia.com\\\/es\\\/o-grupo-popular-pide-ao-bng-que-deixe-de-mentir-tan-descaradamente-porque-o-hospital-alvaro-cunqueiro-e-un-centro-publico-e-todos-os-servizos-sanitarios-que-presta-son-publicos\\\/\"},\"wordCount\":419,\"publisher\":{\"@id\":\"https:\\\/\\\/ppdegalicia.com\\\/es\\\/#organization\"},\"image\":{\"@id\":\"https:\\\/\\\/ppdegalicia.com\\\/es\\\/o-grupo-popular-pide-ao-bng-que-deixe-de-mentir-tan-descaradamente-porque-o-hospital-alvaro-cunqueiro-e-un-centro-publico-e-todos-os-servizos-sanitarios-que-presta-son-publicos\\\/#primaryimage\"},\"thumbnailUrl\":\"https:\\\/\\\/ppdegalicia.com\\\/wp-content\\\/uploads\\\/2024\\\/09\\\/WhatsApp-Image-2024-09-24-at-16.44.22-scaled.jpeg\",\"articleSection\":[\"Parlamento de Galicia\"],\"inLanguage\":\"es\"},{\"@type\":\"WebPage\",\"@id\":\"https:\\\/\\\/ppdegalicia.com\\\/es\\\/o-grupo-popular-pide-ao-bng-que-deixe-de-mentir-tan-descaradamente-porque-o-hospital-alvaro-cunqueiro-e-un-centro-publico-e-todos-os-servizos-sanitarios-que-presta-son-publicos\\\/\",\"url\":\"https:\\\/\\\/ppdegalicia.com\\\/es\\\/o-grupo-popular-pide-ao-bng-que-deixe-de-mentir-tan-descaradamente-porque-o-hospital-alvaro-cunqueiro-e-un-centro-publico-e-todos-os-servizos-sanitarios-que-presta-son-publicos\\\/\",\"name\":\"O Grupo Popular pide ao BNG que deixe de mentir tan descaradamente porque o Hospital \u00c1lvaro Cunqueiro \u00e9 un centro p\u00fablico e todos os servizos sanitarios que presta son p\u00fablicos\u201d - PP de Galicia\",\"isPartOf\":{\"@id\":\"https:\\\/\\\/ppdegalicia.com\\\/es\\\/#website\"},\"primaryImageOfPage\":{\"@id\":\"https:\\\/\\\/ppdegalicia.com\\\/es\\\/o-grupo-popular-pide-ao-bng-que-deixe-de-mentir-tan-descaradamente-porque-o-hospital-alvaro-cunqueiro-e-un-centro-publico-e-todos-os-servizos-sanitarios-que-presta-son-publicos\\\/#primaryimage\"},\"image\":{\"@id\":\"https:\\\/\\\/ppdegalicia.com\\\/es\\\/o-grupo-popular-pide-ao-bng-que-deixe-de-mentir-tan-descaradamente-porque-o-hospital-alvaro-cunqueiro-e-un-centro-publico-e-todos-os-servizos-sanitarios-que-presta-son-publicos\\\/#primaryimage\"},\"thumbnailUrl\":\"https:\\\/\\\/ppdegalicia.com\\\/wp-content\\\/uploads\\\/2024\\\/09\\\/WhatsApp-Image-2024-09-24-at-16.44.22-scaled.jpeg\",\"datePublished\":\"2024-09-24T17:04:54+00:00\",\"description\":\"A portavoz de Sanidade do Grupo Popular, Encarna Amigo, pediu hoxe no Pleno ao BNG que \u201cdeixe de mentir tan descaradamente sobre un tema tan sensible e capital como \u00e9 a sanidade\u201d, porque incidiu que \u201co Hospital \u00c1lvaro Cunqueiro \u00e9 un centro p\u00fablico e todos os servizos sanitarios que presta son p\u00fablicos\u201d.\",\"breadcrumb\":{\"@id\":\"https:\\\/\\\/ppdegalicia.com\\\/es\\\/o-grupo-popular-pide-ao-bng-que-deixe-de-mentir-tan-descaradamente-porque-o-hospital-alvaro-cunqueiro-e-un-centro-publico-e-todos-os-servizos-sanitarios-que-presta-son-publicos\\\/#breadcrumb\"},\"inLanguage\":\"es\",\"potentialAction\":[{\"@type\":\"ReadAction\",\"target\":[\"https:\\\/\\\/ppdegalicia.com\\\/es\\\/o-grupo-popular-pide-ao-bng-que-deixe-de-mentir-tan-descaradamente-porque-o-hospital-alvaro-cunqueiro-e-un-centro-publico-e-todos-os-servizos-sanitarios-que-presta-son-publicos\\\/\"]}]},{\"@type\":\"ImageObject\",\"inLanguage\":\"es\",\"@id\":\"https:\\\/\\\/ppdegalicia.com\\\/es\\\/o-grupo-popular-pide-ao-bng-que-deixe-de-mentir-tan-descaradamente-porque-o-hospital-alvaro-cunqueiro-e-un-centro-publico-e-todos-os-servizos-sanitarios-que-presta-son-publicos\\\/#primaryimage\",\"url\":\"https:\\\/\\\/ppdegalicia.com\\\/wp-content\\\/uploads\\\/2024\\\/09\\\/WhatsApp-Image-2024-09-24-at-16.44.22-scaled.jpeg\",\"contentUrl\":\"https:\\\/\\\/ppdegalicia.com\\\/wp-content\\\/uploads\\\/2024\\\/09\\\/WhatsApp-Image-2024-09-24-at-16.44.22-scaled.jpeg\",\"width\":2560,\"height\":1706},{\"@type\":\"BreadcrumbList\",\"@id\":\"https:\\\/\\\/ppdegalicia.com\\\/es\\\/o-grupo-popular-pide-ao-bng-que-deixe-de-mentir-tan-descaradamente-porque-o-hospital-alvaro-cunqueiro-e-un-centro-publico-e-todos-os-servizos-sanitarios-que-presta-son-publicos\\\/#breadcrumb\",\"itemListElement\":[{\"@type\":\"ListItem\",\"position\":1,\"name\":\"Portada\",\"item\":\"https:\\\/\\\/ppdegalicia.com\\\/es\\\/\"},{\"@type\":\"ListItem\",\"position\":2,\"name\":\"O Grupo Popular pide ao BNG que deixe de mentir tan descaradamente porque o Hospital \u00c1lvaro Cunqueiro \u00e9 un centro p\u00fablico e todos os servizos sanitarios que presta son p\u00fablicos\u201d\"}]},{\"@type\":\"WebSite\",\"@id\":\"https:\\\/\\\/ppdegalicia.com\\\/es\\\/#website\",\"url\":\"https:\\\/\\\/ppdegalicia.com\\\/es\\\/\",\"name\":\"Partido Popular de Galicia\",\"description\":\"Partido Popular de Galicia\",\"publisher\":{\"@id\":\"https:\\\/\\\/ppdegalicia.com\\\/es\\\/#organization\"},\"alternateName\":\"PP de Galicia\",\"potentialAction\":[{\"@type\":\"SearchAction\",\"target\":{\"@type\":\"EntryPoint\",\"urlTemplate\":\"https:\\\/\\\/ppdegalicia.com\\\/es\\\/?s={search_term_string}\"},\"query-input\":{\"@type\":\"PropertyValueSpecification\",\"valueRequired\":true,\"valueName\":\"search_term_string\"}}],\"inLanguage\":\"es\"},{\"@type\":\"Organization\",\"@id\":\"https:\\\/\\\/ppdegalicia.com\\\/es\\\/#organization\",\"name\":\"Partido Popular de Galicia\",\"alternateName\":\"PP de Galicia\",\"url\":\"https:\\\/\\\/ppdegalicia.com\\\/es\\\/\",\"logo\":{\"@type\":\"ImageObject\",\"inLanguage\":\"es\",\"@id\":\"https:\\\/\\\/ppdegalicia.com\\\/es\\\/#\\\/schema\\\/logo\\\/image\\\/\",\"url\":\"https:\\\/\\\/ppdegalicia.com\\\/wp-content\\\/uploads\\\/2023\\\/04\\\/logoPP512.png\",\"contentUrl\":\"https:\\\/\\\/ppdegalicia.com\\\/wp-content\\\/uploads\\\/2023\\\/04\\\/logoPP512.png\",\"width\":512,\"height\":512,\"caption\":\"Partido Popular de Galicia\"},\"image\":{\"@id\":\"https:\\\/\\\/ppdegalicia.com\\\/es\\\/#\\\/schema\\\/logo\\\/image\\\/\"},\"sameAs\":[\"https:\\\/\\\/www.instagram.com\\\/ppdegalicia\\\/\",\"https:\\\/\\\/x.com\\\/ppdegalicia\",\"https:\\\/\\\/www.tiktok.com\\\/@ppdegalicia\",\"https:\\\/\\\/www.youtube.com\\\/user\\\/ppdegalicia\"]},{\"@type\":\"Person\",\"@id\":\"https:\\\/\\\/ppdegalicia.com\\\/es\\\/#\\\/schema\\\/person\\\/bc9b46e59ebd34bf28611158c3867388\",\"name\":\"ppdegaliciaedtis\",\"image\":{\"@type\":\"ImageObject\",\"inLanguage\":\"es\",\"@id\":\"https:\\\/\\\/secure.gravatar.com\\\/avatar\\\/f9f8cf6e03df54a1b0d04a6b4b8e8c6bd63c10a439752e84d87a5385aefe2ced?s=96&d=mm&r=g\",\"url\":\"https:\\\/\\\/secure.gravatar.com\\\/avatar\\\/f9f8cf6e03df54a1b0d04a6b4b8e8c6bd63c10a439752e84d87a5385aefe2ced?s=96&d=mm&r=g\",\"contentUrl\":\"https:\\\/\\\/secure.gravatar.com\\\/avatar\\\/f9f8cf6e03df54a1b0d04a6b4b8e8c6bd63c10a439752e84d87a5385aefe2ced?s=96&d=mm&r=g\",\"caption\":\"ppdegaliciaedtis\"},\"url\":\"https:\\\/\\\/ppdegalicia.com\\\/es\\\/author\\\/ppdegaliciaedits\\\/\"}]}<\/script>\n<!-- \/ Yoast SEO plugin. -->","yoast_head_json":{"title":"O Grupo Popular pide ao BNG que deixe de mentir tan descaradamente porque o Hospital \u00c1lvaro Cunqueiro \u00e9 un centro p\u00fablico e todos os servizos sanitarios que presta son p\u00fablicos\u201d - PP de Galicia","description":"A portavoz de Sanidade do Grupo Popular, Encarna Amigo, pediu hoxe no Pleno ao BNG que \u201cdeixe de mentir tan descaradamente sobre un tema tan sensible e capital como \u00e9 a sanidade\u201d, porque incidiu que \u201co Hospital \u00c1lvaro Cunqueiro \u00e9 un centro p\u00fablico e todos os servizos sanitarios que presta son p\u00fablicos\u201d.","robots":{"index":"index","follow":"follow","max-snippet":"max-snippet:-1","max-image-preview":"max-image-preview:large","max-video-preview":"max-video-preview:-1"},"canonical":"https:\/\/ppdegalicia.com\/es\/o-grupo-popular-pide-ao-bng-que-deixe-de-mentir-tan-descaradamente-porque-o-hospital-alvaro-cunqueiro-e-un-centro-publico-e-todos-os-servizos-sanitarios-que-presta-son-publicos\/","og_locale":"es_ES","og_type":"article","og_title":"O Grupo Popular pide ao BNG que deixe de mentir tan descaradamente porque o Hospital \u00c1lvaro Cunqueiro \u00e9 un centro p\u00fablico e todos os servizos sanitarios que presta son p\u00fablicos\u201d - PP de Galicia","og_description":"A portavoz de Sanidade do Grupo Popular, Encarna Amigo, pediu hoxe no Pleno ao BNG que \u201cdeixe de mentir tan descaradamente sobre un tema tan sensible e capital como \u00e9 a sanidade\u201d, porque incidiu que \u201co Hospital \u00c1lvaro Cunqueiro \u00e9 un centro p\u00fablico e todos os servizos sanitarios que presta son p\u00fablicos\u201d.","og_url":"https:\/\/ppdegalicia.com\/es\/o-grupo-popular-pide-ao-bng-que-deixe-de-mentir-tan-descaradamente-porque-o-hospital-alvaro-cunqueiro-e-un-centro-publico-e-todos-os-servizos-sanitarios-que-presta-son-publicos\/","og_site_name":"PP de Galicia","article_publisher":"https:\/\/www.instagram.com\/ppdegalicia\/","article_published_time":"2024-09-24T17:04:54+00:00","og_image":[{"width":2560,"height":1706,"url":"https:\/\/ppdegalicia.com\/wp-content\/uploads\/2024\/09\/WhatsApp-Image-2024-09-24-at-16.44.22-scaled.jpeg","type":"image\/jpeg"}],"author":"ppdegaliciaedtis","twitter_card":"summary_large_image","twitter_creator":"@ppdegalicia","twitter_site":"@ppdegalicia","twitter_misc":{"Escrito por":"ppdegaliciaedtis","Tiempo de lectura":"3 minutos"},"schema":{"@context":"https:\/\/schema.org","@graph":[{"@type":"Article","@id":"https:\/\/ppdegalicia.com\/es\/o-grupo-popular-pide-ao-bng-que-deixe-de-mentir-tan-descaradamente-porque-o-hospital-alvaro-cunqueiro-e-un-centro-publico-e-todos-os-servizos-sanitarios-que-presta-son-publicos\/#article","isPartOf":{"@id":"https:\/\/ppdegalicia.com\/es\/o-grupo-popular-pide-ao-bng-que-deixe-de-mentir-tan-descaradamente-porque-o-hospital-alvaro-cunqueiro-e-un-centro-publico-e-todos-os-servizos-sanitarios-que-presta-son-publicos\/"},"author":{"name":"ppdegaliciaedtis","@id":"https:\/\/ppdegalicia.com\/es\/#\/schema\/person\/bc9b46e59ebd34bf28611158c3867388"},"headline":"O Grupo Popular pide ao BNG que deixe de mentir tan descaradamente porque o Hospital \u00c1lvaro Cunqueiro \u00e9 un centro p\u00fablico e todos os servizos sanitarios que presta son p\u00fablicos\u201d","datePublished":"2024-09-24T17:04:54+00:00","mainEntityOfPage":{"@id":"https:\/\/ppdegalicia.com\/es\/o-grupo-popular-pide-ao-bng-que-deixe-de-mentir-tan-descaradamente-porque-o-hospital-alvaro-cunqueiro-e-un-centro-publico-e-todos-os-servizos-sanitarios-que-presta-son-publicos\/"},"wordCount":419,"publisher":{"@id":"https:\/\/ppdegalicia.com\/es\/#organization"},"image":{"@id":"https:\/\/ppdegalicia.com\/es\/o-grupo-popular-pide-ao-bng-que-deixe-de-mentir-tan-descaradamente-porque-o-hospital-alvaro-cunqueiro-e-un-centro-publico-e-todos-os-servizos-sanitarios-que-presta-son-publicos\/#primaryimage"},"thumbnailUrl":"https:\/\/ppdegalicia.com\/wp-content\/uploads\/2024\/09\/WhatsApp-Image-2024-09-24-at-16.44.22-scaled.jpeg","articleSection":["Parlamento de Galicia"],"inLanguage":"es"},{"@type":"WebPage","@id":"https:\/\/ppdegalicia.com\/es\/o-grupo-popular-pide-ao-bng-que-deixe-de-mentir-tan-descaradamente-porque-o-hospital-alvaro-cunqueiro-e-un-centro-publico-e-todos-os-servizos-sanitarios-que-presta-son-publicos\/","url":"https:\/\/ppdegalicia.com\/es\/o-grupo-popular-pide-ao-bng-que-deixe-de-mentir-tan-descaradamente-porque-o-hospital-alvaro-cunqueiro-e-un-centro-publico-e-todos-os-servizos-sanitarios-que-presta-son-publicos\/","name":"O Grupo Popular pide ao BNG que deixe de mentir tan descaradamente porque o Hospital \u00c1lvaro Cunqueiro \u00e9 un centro p\u00fablico e todos os servizos sanitarios que presta son p\u00fablicos\u201d - PP de Galicia","isPartOf":{"@id":"https:\/\/ppdegalicia.com\/es\/#website"},"primaryImageOfPage":{"@id":"https:\/\/ppdegalicia.com\/es\/o-grupo-popular-pide-ao-bng-que-deixe-de-mentir-tan-descaradamente-porque-o-hospital-alvaro-cunqueiro-e-un-centro-publico-e-todos-os-servizos-sanitarios-que-presta-son-publicos\/#primaryimage"},"image":{"@id":"https:\/\/ppdegalicia.com\/es\/o-grupo-popular-pide-ao-bng-que-deixe-de-mentir-tan-descaradamente-porque-o-hospital-alvaro-cunqueiro-e-un-centro-publico-e-todos-os-servizos-sanitarios-que-presta-son-publicos\/#primaryimage"},"thumbnailUrl":"https:\/\/ppdegalicia.com\/wp-content\/uploads\/2024\/09\/WhatsApp-Image-2024-09-24-at-16.44.22-scaled.jpeg","datePublished":"2024-09-24T17:04:54+00:00","description":"A portavoz de Sanidade do Grupo Popular, Encarna Amigo, pediu hoxe no Pleno ao BNG que \u201cdeixe de mentir tan descaradamente sobre un tema tan sensible e capital como \u00e9 a sanidade\u201d, porque incidiu que \u201co Hospital \u00c1lvaro Cunqueiro \u00e9 un centro p\u00fablico e todos os servizos sanitarios que presta son p\u00fablicos\u201d.","breadcrumb":{"@id":"https:\/\/ppdegalicia.com\/es\/o-grupo-popular-pide-ao-bng-que-deixe-de-mentir-tan-descaradamente-porque-o-hospital-alvaro-cunqueiro-e-un-centro-publico-e-todos-os-servizos-sanitarios-que-presta-son-publicos\/#breadcrumb"},"inLanguage":"es","potentialAction":[{"@type":"ReadAction","target":["https:\/\/ppdegalicia.com\/es\/o-grupo-popular-pide-ao-bng-que-deixe-de-mentir-tan-descaradamente-porque-o-hospital-alvaro-cunqueiro-e-un-centro-publico-e-todos-os-servizos-sanitarios-que-presta-son-publicos\/"]}]},{"@type":"ImageObject","inLanguage":"es","@id":"https:\/\/ppdegalicia.com\/es\/o-grupo-popular-pide-ao-bng-que-deixe-de-mentir-tan-descaradamente-porque-o-hospital-alvaro-cunqueiro-e-un-centro-publico-e-todos-os-servizos-sanitarios-que-presta-son-publicos\/#primaryimage","url":"https:\/\/ppdegalicia.com\/wp-content\/uploads\/2024\/09\/WhatsApp-Image-2024-09-24-at-16.44.22-scaled.jpeg","contentUrl":"https:\/\/ppdegalicia.com\/wp-content\/uploads\/2024\/09\/WhatsApp-Image-2024-09-24-at-16.44.22-scaled.jpeg","width":2560,"height":1706},{"@type":"BreadcrumbList","@id":"https:\/\/ppdegalicia.com\/es\/o-grupo-popular-pide-ao-bng-que-deixe-de-mentir-tan-descaradamente-porque-o-hospital-alvaro-cunqueiro-e-un-centro-publico-e-todos-os-servizos-sanitarios-que-presta-son-publicos\/#breadcrumb","itemListElement":[{"@type":"ListItem","position":1,"name":"Portada","item":"https:\/\/ppdegalicia.com\/es\/"},{"@type":"ListItem","position":2,"name":"O Grupo Popular pide ao BNG que deixe de mentir tan descaradamente porque o Hospital \u00c1lvaro Cunqueiro \u00e9 un centro p\u00fablico e todos os servizos sanitarios que presta son p\u00fablicos\u201d"}]},{"@type":"WebSite","@id":"https:\/\/ppdegalicia.com\/es\/#website","url":"https:\/\/ppdegalicia.com\/es\/","name":"Partido Popular de Galicia","description":"Partido Popular de Galicia","publisher":{"@id":"https:\/\/ppdegalicia.com\/es\/#organization"},"alternateName":"PP de Galicia","potentialAction":[{"@type":"SearchAction","target":{"@type":"EntryPoint","urlTemplate":"https:\/\/ppdegalicia.com\/es\/?s={search_term_string}"},"query-input":{"@type":"PropertyValueSpecification","valueRequired":true,"valueName":"search_term_string"}}],"inLanguage":"es"},{"@type":"Organization","@id":"https:\/\/ppdegalicia.com\/es\/#organization","name":"Partido Popular de Galicia","alternateName":"PP de Galicia","url":"https:\/\/ppdegalicia.com\/es\/","logo":{"@type":"ImageObject","inLanguage":"es","@id":"https:\/\/ppdegalicia.com\/es\/#\/schema\/logo\/image\/","url":"https:\/\/ppdegalicia.com\/wp-content\/uploads\/2023\/04\/logoPP512.png","contentUrl":"https:\/\/ppdegalicia.com\/wp-content\/uploads\/2023\/04\/logoPP512.png","width":512,"height":512,"caption":"Partido Popular de Galicia"},"image":{"@id":"https:\/\/ppdegalicia.com\/es\/#\/schema\/logo\/image\/"},"sameAs":["https:\/\/www.instagram.com\/ppdegalicia\/","https:\/\/x.com\/ppdegalicia","https:\/\/www.tiktok.com\/@ppdegalicia","https:\/\/www.youtube.com\/user\/ppdegalicia"]},{"@type":"Person","@id":"https:\/\/ppdegalicia.com\/es\/#\/schema\/person\/bc9b46e59ebd34bf28611158c3867388","name":"ppdegaliciaedtis","image":{"@type":"ImageObject","inLanguage":"es","@id":"https:\/\/secure.gravatar.com\/avatar\/f9f8cf6e03df54a1b0d04a6b4b8e8c6bd63c10a439752e84d87a5385aefe2ced?s=96&d=mm&r=g","url":"https:\/\/secure.gravatar.com\/avatar\/f9f8cf6e03df54a1b0d04a6b4b8e8c6bd63c10a439752e84d87a5385aefe2ced?s=96&d=mm&r=g","contentUrl":"https:\/\/secure.gravatar.com\/avatar\/f9f8cf6e03df54a1b0d04a6b4b8e8c6bd63c10a439752e84d87a5385aefe2ced?s=96&d=mm&r=g","caption":"ppdegaliciaedtis"},"url":"https:\/\/ppdegalicia.com\/es\/author\/ppdegaliciaedits\/"}]}},"_links":{"self":[{"href":"https:\/\/ppdegalicia.com\/es\/wp-json\/wp\/v2\/posts\/64305","targetHints":{"allow":["GET"]}}],"collection":[{"href":"https:\/\/ppdegalicia.com\/es\/wp-json\/wp\/v2\/posts"}],"about":[{"href":"https:\/\/ppdegalicia.com\/es\/wp-json\/wp\/v2\/types\/post"}],"author":[{"embeddable":true,"href":"https:\/\/ppdegalicia.com\/es\/wp-json\/wp\/v2\/users\/40"}],"replies":[{"embeddable":true,"href":"https:\/\/ppdegalicia.com\/es\/wp-json\/wp\/v2\/comments?post=64305"}],"version-history":[{"count":1,"href":"https:\/\/ppdegalicia.com\/es\/wp-json\/wp\/v2\/posts\/64305\/revisions"}],"predecessor-version":[{"id":64308,"href":"https:\/\/ppdegalicia.com\/es\/wp-json\/wp\/v2\/posts\/64305\/revisions\/64308"}],"wp:featuredmedia":[{"embeddable":true,"href":"https:\/\/ppdegalicia.com\/es\/wp-json\/wp\/v2\/media\/64306"}],"wp:attachment":[{"href":"https:\/\/ppdegalicia.com\/es\/wp-json\/wp\/v2\/media?parent=64305"}],"wp:term":[{"taxonomy":"category","embeddable":true,"href":"https:\/\/ppdegalicia.com\/es\/wp-json\/wp\/v2\/categories?post=64305"},{"taxonomy":"post_tag","embeddable":true,"href":"https:\/\/ppdegalicia.com\/es\/wp-json\/wp\/v2\/tags?post=64305"}],"curies":[{"name":"wp","href":"https:\/\/api.w.org\/{rel}","templated":true}]}}