{"id":64309,"date":"2024-09-24T18:10:45","date_gmt":"2024-09-24T17:10:45","guid":{"rendered":"https:\/\/ppdegalicia.com\/?p=64309"},"modified":"2024-09-24T18:10:45","modified_gmt":"2024-09-24T17:10:45","slug":"o-grupo-popular-salienta-que-galicia-e-a-comunidade-mais-inclusiva-de-espana-co-94-dos-alumnos-con-necesidades-educativas-especiais-integrado-en-centros-ordinarios","status":"publish","type":"post","link":"https:\/\/ppdegalicia.com\/es\/o-grupo-popular-salienta-que-galicia-e-a-comunidade-mais-inclusiva-de-espana-co-94-dos-alumnos-con-necesidades-educativas-especiais-integrado-en-centros-ordinarios\/","title":{"rendered":"O Grupo Popular salienta que Galicia \u00e9 a comunidade m\u00e1is inclusiva de Espa\u00f1a, co 94% dos alumnos con necesidades educativas especiais integrado en centros ordinarios"},"content":{"rendered":"<p>A portavoz de Educaci\u00f3n do Grupo Popular, Cecilia V\u00e1zquez, salientou hoxe no Pleno do Parlamento galego que \u201cGalicia \u00e9 a comunidade aut\u00f3noma m\u00e1is inclusiva de toda Espa\u00f1a\u201d, xa que no ano 2023 o 94 por cento dos alumnos con necesidades educativas especiais est\u00e1 integrado en centros ordinarios e so o 6 por cento nos de educaci\u00f3n especial, co apoio da rede de 4.000 profesionais de atenci\u00f3n \u00e1 diversidade.<\/p>\n<p>Cecilia V\u00e1zquez explicou que a atenci\u00f3n \u00e1 diversidade \u201c\u00e9 todo ese conxunto de medidas e acci\u00f3ns dese\u00f1adas coa finalidade de adecuar a resposta educativa \u00e1s diferentes caracter\u00edsticas, potencialidades, ritmos de aprendizaxe, motivaci\u00f3ns, intereses e situaci\u00f3ns sociais e culturais de todo o alumnado\u201d.<\/p>\n<p>\u201cA diversidade non so significa valorar as diferenzas, sen\u00f3n velas como unha oportunidade para aproveitar as potencialidades de cada persoa, que se sintan inclu\u00eddas e conten con espazos de participaci\u00f3n e de desenvolvemento en liberdade\u201d, apuntou.<\/p>\n<p><strong>DEPARTAMENTOS DE ORIENTACI\u00d3N<\/strong><\/p>\n<p>A portavoz popular lembrou que \u201cdesde o ano 1998 foise dotando aos centros educativos de departamentos de orientaci\u00f3n, polo que a d\u00eda de hoxe todos os integrantes da comunidade escolar te\u00f1en acceso aos recursos da orientaci\u00f3n educativa e, polo tanto, poden realizar unha escolarizaci\u00f3n sen exclusi\u00f3ns e en equidade\u201d.<\/p>\n<p>As\u00ed mesmo, Cecilia V\u00e1zquez manifestou que os orientadores \u201ccontan co apoio do Goberno galego a trav\u00e9s de diversas medidas como \u00e9 a formaci\u00f3n tanto sobre orientaci\u00f3n, para o conxunto do profesorado, como espec\u00edfica para os orientadores\u201d. En concreto, dixo que a formaci\u00f3n c\u00e9ntrase en ofrecer competencias que permitan aos profesionais estar capacitados nas competencias das \u00e1reas pedag\u00f3xicas e sociais para desenvolver a atenci\u00f3n \u00e1 diversidade e \u00e1 inclusi\u00f3n do alumnado, a orientaci\u00f3n educativa e profesional deste, e o asesoramento \u00e1 comunidade educativa nos procesos de ensinanza e aprendizaxe.<\/p>\n<p>Respecto da atenci\u00f3n pedi\u00e1trica en centros de sa\u00fade, salientou que \u201co 90 por cento dos casos son atendidos por pediatras, grandes profesionais perfectamente formados para identificar as necesidades especiais que lle poidan remitir os informes de orientaci\u00f3n\u201d. \u201cEstamos de acordo na importancia de realizar diagnoses \u00e1xiles nos especialistas e, por este motivo, Galicia \u00e9 un exemplo de como facer ben as cousas ao situarse como a quinta comunidade con mellores tempos de espera para conseguir consulta co especialista\u201d, engadiu.<\/p>\n","protected":false},"excerpt":{"rendered":"<p>A portavoz de Educaci\u00f3n do Grupo Popular, Cecilia V\u00e1zquez, salientou hoxe no Pleno do Parlamento galego que \u201cGalicia \u00e9 a comunidade aut\u00f3noma m\u00e1is inclusiva de toda Espa\u00f1a\u201d, xa que no ano 2023 o 94 por cento dos alumnos con necesidades educativas especiais est\u00e1 integrado en centros ordinarios e so o 6 por cento nos de [&hellip;]<\/p>\n","protected":false},"author":40,"featured_media":64310,"comment_status":"closed","ping_status":"open","sticky":false,"template":"","format":"standard","meta":{"_acf_changed":false,"footnotes":""},"categories":[1128],"tags":[],"class_list":["post-64309","post","type-post","status-publish","format-standard","has-post-thumbnail","hentry","category-actualidad-parlamento-de-galicia"],"acf":[],"yoast_head":"<!-- This site is optimized with the Yoast SEO plugin v27.3 - https:\/\/yoast.com\/product\/yoast-seo-wordpress\/ -->\n<title>O Grupo Popular salienta que Galicia \u00e9 a comunidade m\u00e1is inclusiva de Espa\u00f1a, co 94% dos alumnos con necesidades educativas especiais integrado en centros ordinarios - PP de Galicia<\/title>\n<meta name=\"description\" content=\"A portavoz de Educaci\u00f3n do Grupo Popular, Cecilia V\u00e1zquez, salientou hoxe no Pleno do Parlamento galego que \u201cGalicia \u00e9 a comunidade aut\u00f3noma m\u00e1is inclusiva de toda Espa\u00f1a\u201d, xa que no ano 2023 o 94 por cento dos alumnos con necesidades educativas especiais est\u00e1 integrado en centros ordinarios e so o 6 por cento nos de educaci\u00f3n especial, co apoio da rede de 4.000 profesionais de atenci\u00f3n \u00e1 diversidade.\" \/>\n<meta name=\"robots\" content=\"index, follow, max-snippet:-1, max-image-preview:large, max-video-preview:-1\" \/>\n<link rel=\"canonical\" href=\"https:\/\/ppdegalicia.com\/es\/o-grupo-popular-salienta-que-galicia-e-a-comunidade-mais-inclusiva-de-espana-co-94-dos-alumnos-con-necesidades-educativas-especiais-integrado-en-centros-ordinarios\/\" \/>\n<meta property=\"og:locale\" content=\"es_ES\" \/>\n<meta property=\"og:type\" content=\"article\" \/>\n<meta property=\"og:title\" content=\"O Grupo Popular salienta que Galicia \u00e9 a comunidade m\u00e1is inclusiva de Espa\u00f1a, co 94% dos alumnos con necesidades educativas especiais integrado en centros ordinarios - PP de Galicia\" \/>\n<meta property=\"og:description\" content=\"A portavoz de Educaci\u00f3n do Grupo Popular, Cecilia V\u00e1zquez, salientou hoxe no Pleno do Parlamento galego que \u201cGalicia \u00e9 a comunidade aut\u00f3noma m\u00e1is inclusiva de toda Espa\u00f1a\u201d, xa que no ano 2023 o 94 por cento dos alumnos con necesidades educativas especiais est\u00e1 integrado en centros ordinarios e so o 6 por cento nos de educaci\u00f3n especial, co apoio da rede de 4.000 profesionais de atenci\u00f3n \u00e1 diversidade.\" \/>\n<meta property=\"og:url\" content=\"https:\/\/ppdegalicia.com\/es\/o-grupo-popular-salienta-que-galicia-e-a-comunidade-mais-inclusiva-de-espana-co-94-dos-alumnos-con-necesidades-educativas-especiais-integrado-en-centros-ordinarios\/\" \/>\n<meta property=\"og:site_name\" content=\"PP de Galicia\" \/>\n<meta property=\"article:publisher\" content=\"https:\/\/www.instagram.com\/ppdegalicia\/\" \/>\n<meta property=\"article:published_time\" content=\"2024-09-24T17:10:45+00:00\" \/>\n<meta property=\"og:image\" content=\"https:\/\/ppdegalicia.com\/wp-content\/uploads\/2024\/09\/WhatsApp-Image-2024-09-24-at-17.59.49-scaled.jpeg\" \/>\n\t<meta property=\"og:image:width\" content=\"2560\" \/>\n\t<meta property=\"og:image:height\" content=\"1706\" \/>\n\t<meta property=\"og:image:type\" content=\"image\/jpeg\" \/>\n<meta name=\"author\" content=\"ppdegaliciaedtis\" \/>\n<meta name=\"twitter:card\" content=\"summary_large_image\" \/>\n<meta name=\"twitter:creator\" content=\"@ppdegalicia\" \/>\n<meta name=\"twitter:site\" content=\"@ppdegalicia\" \/>\n<meta name=\"twitter:label1\" content=\"Escrito por\" \/>\n\t<meta name=\"twitter:data1\" content=\"ppdegaliciaedtis\" \/>\n\t<meta name=\"twitter:label2\" content=\"Tiempo de lectura\" \/>\n\t<meta name=\"twitter:data2\" content=\"3 minutos\" \/>\n<script type=\"application\/ld+json\" class=\"yoast-schema-graph\">{\"@context\":\"https:\\\/\\\/schema.org\",\"@graph\":[{\"@type\":\"Article\",\"@id\":\"https:\\\/\\\/ppdegalicia.com\\\/es\\\/o-grupo-popular-salienta-que-galicia-e-a-comunidade-mais-inclusiva-de-espana-co-94-dos-alumnos-con-necesidades-educativas-especiais-integrado-en-centros-ordinarios\\\/#article\",\"isPartOf\":{\"@id\":\"https:\\\/\\\/ppdegalicia.com\\\/es\\\/o-grupo-popular-salienta-que-galicia-e-a-comunidade-mais-inclusiva-de-espana-co-94-dos-alumnos-con-necesidades-educativas-especiais-integrado-en-centros-ordinarios\\\/\"},\"author\":{\"name\":\"ppdegaliciaedtis\",\"@id\":\"https:\\\/\\\/ppdegalicia.com\\\/es\\\/#\\\/schema\\\/person\\\/bc9b46e59ebd34bf28611158c3867388\"},\"headline\":\"O Grupo Popular salienta que Galicia \u00e9 a comunidade m\u00e1is inclusiva de Espa\u00f1a, co 94% dos alumnos con necesidades educativas especiais integrado en centros ordinarios\",\"datePublished\":\"2024-09-24T17:10:45+00:00\",\"mainEntityOfPage\":{\"@id\":\"https:\\\/\\\/ppdegalicia.com\\\/es\\\/o-grupo-popular-salienta-que-galicia-e-a-comunidade-mais-inclusiva-de-espana-co-94-dos-alumnos-con-necesidades-educativas-especiais-integrado-en-centros-ordinarios\\\/\"},\"wordCount\":414,\"publisher\":{\"@id\":\"https:\\\/\\\/ppdegalicia.com\\\/es\\\/#organization\"},\"image\":{\"@id\":\"https:\\\/\\\/ppdegalicia.com\\\/es\\\/o-grupo-popular-salienta-que-galicia-e-a-comunidade-mais-inclusiva-de-espana-co-94-dos-alumnos-con-necesidades-educativas-especiais-integrado-en-centros-ordinarios\\\/#primaryimage\"},\"thumbnailUrl\":\"https:\\\/\\\/ppdegalicia.com\\\/wp-content\\\/uploads\\\/2024\\\/09\\\/WhatsApp-Image-2024-09-24-at-17.59.49-scaled.jpeg\",\"articleSection\":[\"Parlamento de Galicia\"],\"inLanguage\":\"es\"},{\"@type\":\"WebPage\",\"@id\":\"https:\\\/\\\/ppdegalicia.com\\\/es\\\/o-grupo-popular-salienta-que-galicia-e-a-comunidade-mais-inclusiva-de-espana-co-94-dos-alumnos-con-necesidades-educativas-especiais-integrado-en-centros-ordinarios\\\/\",\"url\":\"https:\\\/\\\/ppdegalicia.com\\\/es\\\/o-grupo-popular-salienta-que-galicia-e-a-comunidade-mais-inclusiva-de-espana-co-94-dos-alumnos-con-necesidades-educativas-especiais-integrado-en-centros-ordinarios\\\/\",\"name\":\"O Grupo Popular salienta que Galicia \u00e9 a comunidade m\u00e1is inclusiva de Espa\u00f1a, co 94% dos alumnos con necesidades educativas especiais integrado en centros ordinarios - PP de Galicia\",\"isPartOf\":{\"@id\":\"https:\\\/\\\/ppdegalicia.com\\\/es\\\/#website\"},\"primaryImageOfPage\":{\"@id\":\"https:\\\/\\\/ppdegalicia.com\\\/es\\\/o-grupo-popular-salienta-que-galicia-e-a-comunidade-mais-inclusiva-de-espana-co-94-dos-alumnos-con-necesidades-educativas-especiais-integrado-en-centros-ordinarios\\\/#primaryimage\"},\"image\":{\"@id\":\"https:\\\/\\\/ppdegalicia.com\\\/es\\\/o-grupo-popular-salienta-que-galicia-e-a-comunidade-mais-inclusiva-de-espana-co-94-dos-alumnos-con-necesidades-educativas-especiais-integrado-en-centros-ordinarios\\\/#primaryimage\"},\"thumbnailUrl\":\"https:\\\/\\\/ppdegalicia.com\\\/wp-content\\\/uploads\\\/2024\\\/09\\\/WhatsApp-Image-2024-09-24-at-17.59.49-scaled.jpeg\",\"datePublished\":\"2024-09-24T17:10:45+00:00\",\"description\":\"A portavoz de Educaci\u00f3n do Grupo Popular, Cecilia V\u00e1zquez, salientou hoxe no Pleno do Parlamento galego que \u201cGalicia \u00e9 a comunidade aut\u00f3noma m\u00e1is inclusiva de toda Espa\u00f1a\u201d, xa que no ano 2023 o 94 por cento dos alumnos con necesidades educativas especiais est\u00e1 integrado en centros ordinarios e so o 6 por cento nos de educaci\u00f3n especial, co apoio da rede de 4.000 profesionais de atenci\u00f3n \u00e1 diversidade.\",\"breadcrumb\":{\"@id\":\"https:\\\/\\\/ppdegalicia.com\\\/es\\\/o-grupo-popular-salienta-que-galicia-e-a-comunidade-mais-inclusiva-de-espana-co-94-dos-alumnos-con-necesidades-educativas-especiais-integrado-en-centros-ordinarios\\\/#breadcrumb\"},\"inLanguage\":\"es\",\"potentialAction\":[{\"@type\":\"ReadAction\",\"target\":[\"https:\\\/\\\/ppdegalicia.com\\\/es\\\/o-grupo-popular-salienta-que-galicia-e-a-comunidade-mais-inclusiva-de-espana-co-94-dos-alumnos-con-necesidades-educativas-especiais-integrado-en-centros-ordinarios\\\/\"]}]},{\"@type\":\"ImageObject\",\"inLanguage\":\"es\",\"@id\":\"https:\\\/\\\/ppdegalicia.com\\\/es\\\/o-grupo-popular-salienta-que-galicia-e-a-comunidade-mais-inclusiva-de-espana-co-94-dos-alumnos-con-necesidades-educativas-especiais-integrado-en-centros-ordinarios\\\/#primaryimage\",\"url\":\"https:\\\/\\\/ppdegalicia.com\\\/wp-content\\\/uploads\\\/2024\\\/09\\\/WhatsApp-Image-2024-09-24-at-17.59.49-scaled.jpeg\",\"contentUrl\":\"https:\\\/\\\/ppdegalicia.com\\\/wp-content\\\/uploads\\\/2024\\\/09\\\/WhatsApp-Image-2024-09-24-at-17.59.49-scaled.jpeg\",\"width\":2560,\"height\":1706},{\"@type\":\"BreadcrumbList\",\"@id\":\"https:\\\/\\\/ppdegalicia.com\\\/es\\\/o-grupo-popular-salienta-que-galicia-e-a-comunidade-mais-inclusiva-de-espana-co-94-dos-alumnos-con-necesidades-educativas-especiais-integrado-en-centros-ordinarios\\\/#breadcrumb\",\"itemListElement\":[{\"@type\":\"ListItem\",\"position\":1,\"name\":\"Portada\",\"item\":\"https:\\\/\\\/ppdegalicia.com\\\/es\\\/\"},{\"@type\":\"ListItem\",\"position\":2,\"name\":\"O Grupo Popular salienta que Galicia \u00e9 a comunidade m\u00e1is inclusiva de Espa\u00f1a, co 94% dos alumnos con necesidades educativas especiais integrado en centros ordinarios\"}]},{\"@type\":\"WebSite\",\"@id\":\"https:\\\/\\\/ppdegalicia.com\\\/es\\\/#website\",\"url\":\"https:\\\/\\\/ppdegalicia.com\\\/es\\\/\",\"name\":\"Partido Popular de Galicia\",\"description\":\"Partido Popular de Galicia\",\"publisher\":{\"@id\":\"https:\\\/\\\/ppdegalicia.com\\\/es\\\/#organization\"},\"alternateName\":\"PP de Galicia\",\"potentialAction\":[{\"@type\":\"SearchAction\",\"target\":{\"@type\":\"EntryPoint\",\"urlTemplate\":\"https:\\\/\\\/ppdegalicia.com\\\/es\\\/?s={search_term_string}\"},\"query-input\":{\"@type\":\"PropertyValueSpecification\",\"valueRequired\":true,\"valueName\":\"search_term_string\"}}],\"inLanguage\":\"es\"},{\"@type\":\"Organization\",\"@id\":\"https:\\\/\\\/ppdegalicia.com\\\/es\\\/#organization\",\"name\":\"Partido Popular de Galicia\",\"alternateName\":\"PP de Galicia\",\"url\":\"https:\\\/\\\/ppdegalicia.com\\\/es\\\/\",\"logo\":{\"@type\":\"ImageObject\",\"inLanguage\":\"es\",\"@id\":\"https:\\\/\\\/ppdegalicia.com\\\/es\\\/#\\\/schema\\\/logo\\\/image\\\/\",\"url\":\"https:\\\/\\\/ppdegalicia.com\\\/wp-content\\\/uploads\\\/2023\\\/04\\\/logoPP512.png\",\"contentUrl\":\"https:\\\/\\\/ppdegalicia.com\\\/wp-content\\\/uploads\\\/2023\\\/04\\\/logoPP512.png\",\"width\":512,\"height\":512,\"caption\":\"Partido Popular de Galicia\"},\"image\":{\"@id\":\"https:\\\/\\\/ppdegalicia.com\\\/es\\\/#\\\/schema\\\/logo\\\/image\\\/\"},\"sameAs\":[\"https:\\\/\\\/www.instagram.com\\\/ppdegalicia\\\/\",\"https:\\\/\\\/x.com\\\/ppdegalicia\",\"https:\\\/\\\/www.tiktok.com\\\/@ppdegalicia\",\"https:\\\/\\\/www.youtube.com\\\/user\\\/ppdegalicia\"]},{\"@type\":\"Person\",\"@id\":\"https:\\\/\\\/ppdegalicia.com\\\/es\\\/#\\\/schema\\\/person\\\/bc9b46e59ebd34bf28611158c3867388\",\"name\":\"ppdegaliciaedtis\",\"image\":{\"@type\":\"ImageObject\",\"inLanguage\":\"es\",\"@id\":\"https:\\\/\\\/secure.gravatar.com\\\/avatar\\\/f9f8cf6e03df54a1b0d04a6b4b8e8c6bd63c10a439752e84d87a5385aefe2ced?s=96&d=mm&r=g\",\"url\":\"https:\\\/\\\/secure.gravatar.com\\\/avatar\\\/f9f8cf6e03df54a1b0d04a6b4b8e8c6bd63c10a439752e84d87a5385aefe2ced?s=96&d=mm&r=g\",\"contentUrl\":\"https:\\\/\\\/secure.gravatar.com\\\/avatar\\\/f9f8cf6e03df54a1b0d04a6b4b8e8c6bd63c10a439752e84d87a5385aefe2ced?s=96&d=mm&r=g\",\"caption\":\"ppdegaliciaedtis\"},\"url\":\"https:\\\/\\\/ppdegalicia.com\\\/es\\\/author\\\/ppdegaliciaedits\\\/\"}]}<\/script>\n<!-- \/ Yoast SEO plugin. -->","yoast_head_json":{"title":"O Grupo Popular salienta que Galicia \u00e9 a comunidade m\u00e1is inclusiva de Espa\u00f1a, co 94% dos alumnos con necesidades educativas especiais integrado en centros ordinarios - PP de Galicia","description":"A portavoz de Educaci\u00f3n do Grupo Popular, Cecilia V\u00e1zquez, salientou hoxe no Pleno do Parlamento galego que \u201cGalicia \u00e9 a comunidade aut\u00f3noma m\u00e1is inclusiva de toda Espa\u00f1a\u201d, xa que no ano 2023 o 94 por cento dos alumnos con necesidades educativas especiais est\u00e1 integrado en centros ordinarios e so o 6 por cento nos de educaci\u00f3n especial, co apoio da rede de 4.000 profesionais de atenci\u00f3n \u00e1 diversidade.","robots":{"index":"index","follow":"follow","max-snippet":"max-snippet:-1","max-image-preview":"max-image-preview:large","max-video-preview":"max-video-preview:-1"},"canonical":"https:\/\/ppdegalicia.com\/es\/o-grupo-popular-salienta-que-galicia-e-a-comunidade-mais-inclusiva-de-espana-co-94-dos-alumnos-con-necesidades-educativas-especiais-integrado-en-centros-ordinarios\/","og_locale":"es_ES","og_type":"article","og_title":"O Grupo Popular salienta que Galicia \u00e9 a comunidade m\u00e1is inclusiva de Espa\u00f1a, co 94% dos alumnos con necesidades educativas especiais integrado en centros ordinarios - PP de Galicia","og_description":"A portavoz de Educaci\u00f3n do Grupo Popular, Cecilia V\u00e1zquez, salientou hoxe no Pleno do Parlamento galego que \u201cGalicia \u00e9 a comunidade aut\u00f3noma m\u00e1is inclusiva de toda Espa\u00f1a\u201d, xa que no ano 2023 o 94 por cento dos alumnos con necesidades educativas especiais est\u00e1 integrado en centros ordinarios e so o 6 por cento nos de educaci\u00f3n especial, co apoio da rede de 4.000 profesionais de atenci\u00f3n \u00e1 diversidade.","og_url":"https:\/\/ppdegalicia.com\/es\/o-grupo-popular-salienta-que-galicia-e-a-comunidade-mais-inclusiva-de-espana-co-94-dos-alumnos-con-necesidades-educativas-especiais-integrado-en-centros-ordinarios\/","og_site_name":"PP de Galicia","article_publisher":"https:\/\/www.instagram.com\/ppdegalicia\/","article_published_time":"2024-09-24T17:10:45+00:00","og_image":[{"width":2560,"height":1706,"url":"https:\/\/ppdegalicia.com\/wp-content\/uploads\/2024\/09\/WhatsApp-Image-2024-09-24-at-17.59.49-scaled.jpeg","type":"image\/jpeg"}],"author":"ppdegaliciaedtis","twitter_card":"summary_large_image","twitter_creator":"@ppdegalicia","twitter_site":"@ppdegalicia","twitter_misc":{"Escrito por":"ppdegaliciaedtis","Tiempo de lectura":"3 minutos"},"schema":{"@context":"https:\/\/schema.org","@graph":[{"@type":"Article","@id":"https:\/\/ppdegalicia.com\/es\/o-grupo-popular-salienta-que-galicia-e-a-comunidade-mais-inclusiva-de-espana-co-94-dos-alumnos-con-necesidades-educativas-especiais-integrado-en-centros-ordinarios\/#article","isPartOf":{"@id":"https:\/\/ppdegalicia.com\/es\/o-grupo-popular-salienta-que-galicia-e-a-comunidade-mais-inclusiva-de-espana-co-94-dos-alumnos-con-necesidades-educativas-especiais-integrado-en-centros-ordinarios\/"},"author":{"name":"ppdegaliciaedtis","@id":"https:\/\/ppdegalicia.com\/es\/#\/schema\/person\/bc9b46e59ebd34bf28611158c3867388"},"headline":"O Grupo Popular salienta que Galicia \u00e9 a comunidade m\u00e1is inclusiva de Espa\u00f1a, co 94% dos alumnos con necesidades educativas especiais integrado en centros ordinarios","datePublished":"2024-09-24T17:10:45+00:00","mainEntityOfPage":{"@id":"https:\/\/ppdegalicia.com\/es\/o-grupo-popular-salienta-que-galicia-e-a-comunidade-mais-inclusiva-de-espana-co-94-dos-alumnos-con-necesidades-educativas-especiais-integrado-en-centros-ordinarios\/"},"wordCount":414,"publisher":{"@id":"https:\/\/ppdegalicia.com\/es\/#organization"},"image":{"@id":"https:\/\/ppdegalicia.com\/es\/o-grupo-popular-salienta-que-galicia-e-a-comunidade-mais-inclusiva-de-espana-co-94-dos-alumnos-con-necesidades-educativas-especiais-integrado-en-centros-ordinarios\/#primaryimage"},"thumbnailUrl":"https:\/\/ppdegalicia.com\/wp-content\/uploads\/2024\/09\/WhatsApp-Image-2024-09-24-at-17.59.49-scaled.jpeg","articleSection":["Parlamento de Galicia"],"inLanguage":"es"},{"@type":"WebPage","@id":"https:\/\/ppdegalicia.com\/es\/o-grupo-popular-salienta-que-galicia-e-a-comunidade-mais-inclusiva-de-espana-co-94-dos-alumnos-con-necesidades-educativas-especiais-integrado-en-centros-ordinarios\/","url":"https:\/\/ppdegalicia.com\/es\/o-grupo-popular-salienta-que-galicia-e-a-comunidade-mais-inclusiva-de-espana-co-94-dos-alumnos-con-necesidades-educativas-especiais-integrado-en-centros-ordinarios\/","name":"O Grupo Popular salienta que Galicia \u00e9 a comunidade m\u00e1is inclusiva de Espa\u00f1a, co 94% dos alumnos con necesidades educativas especiais integrado en centros ordinarios - PP de Galicia","isPartOf":{"@id":"https:\/\/ppdegalicia.com\/es\/#website"},"primaryImageOfPage":{"@id":"https:\/\/ppdegalicia.com\/es\/o-grupo-popular-salienta-que-galicia-e-a-comunidade-mais-inclusiva-de-espana-co-94-dos-alumnos-con-necesidades-educativas-especiais-integrado-en-centros-ordinarios\/#primaryimage"},"image":{"@id":"https:\/\/ppdegalicia.com\/es\/o-grupo-popular-salienta-que-galicia-e-a-comunidade-mais-inclusiva-de-espana-co-94-dos-alumnos-con-necesidades-educativas-especiais-integrado-en-centros-ordinarios\/#primaryimage"},"thumbnailUrl":"https:\/\/ppdegalicia.com\/wp-content\/uploads\/2024\/09\/WhatsApp-Image-2024-09-24-at-17.59.49-scaled.jpeg","datePublished":"2024-09-24T17:10:45+00:00","description":"A portavoz de Educaci\u00f3n do Grupo Popular, Cecilia V\u00e1zquez, salientou hoxe no Pleno do Parlamento galego que \u201cGalicia \u00e9 a comunidade aut\u00f3noma m\u00e1is inclusiva de toda Espa\u00f1a\u201d, xa que no ano 2023 o 94 por cento dos alumnos con necesidades educativas especiais est\u00e1 integrado en centros ordinarios e so o 6 por cento nos de educaci\u00f3n especial, co apoio da rede de 4.000 profesionais de atenci\u00f3n \u00e1 diversidade.","breadcrumb":{"@id":"https:\/\/ppdegalicia.com\/es\/o-grupo-popular-salienta-que-galicia-e-a-comunidade-mais-inclusiva-de-espana-co-94-dos-alumnos-con-necesidades-educativas-especiais-integrado-en-centros-ordinarios\/#breadcrumb"},"inLanguage":"es","potentialAction":[{"@type":"ReadAction","target":["https:\/\/ppdegalicia.com\/es\/o-grupo-popular-salienta-que-galicia-e-a-comunidade-mais-inclusiva-de-espana-co-94-dos-alumnos-con-necesidades-educativas-especiais-integrado-en-centros-ordinarios\/"]}]},{"@type":"ImageObject","inLanguage":"es","@id":"https:\/\/ppdegalicia.com\/es\/o-grupo-popular-salienta-que-galicia-e-a-comunidade-mais-inclusiva-de-espana-co-94-dos-alumnos-con-necesidades-educativas-especiais-integrado-en-centros-ordinarios\/#primaryimage","url":"https:\/\/ppdegalicia.com\/wp-content\/uploads\/2024\/09\/WhatsApp-Image-2024-09-24-at-17.59.49-scaled.jpeg","contentUrl":"https:\/\/ppdegalicia.com\/wp-content\/uploads\/2024\/09\/WhatsApp-Image-2024-09-24-at-17.59.49-scaled.jpeg","width":2560,"height":1706},{"@type":"BreadcrumbList","@id":"https:\/\/ppdegalicia.com\/es\/o-grupo-popular-salienta-que-galicia-e-a-comunidade-mais-inclusiva-de-espana-co-94-dos-alumnos-con-necesidades-educativas-especiais-integrado-en-centros-ordinarios\/#breadcrumb","itemListElement":[{"@type":"ListItem","position":1,"name":"Portada","item":"https:\/\/ppdegalicia.com\/es\/"},{"@type":"ListItem","position":2,"name":"O Grupo Popular salienta que Galicia \u00e9 a comunidade m\u00e1is inclusiva de Espa\u00f1a, co 94% dos alumnos con necesidades educativas especiais integrado en centros ordinarios"}]},{"@type":"WebSite","@id":"https:\/\/ppdegalicia.com\/es\/#website","url":"https:\/\/ppdegalicia.com\/es\/","name":"Partido Popular de Galicia","description":"Partido Popular de Galicia","publisher":{"@id":"https:\/\/ppdegalicia.com\/es\/#organization"},"alternateName":"PP de Galicia","potentialAction":[{"@type":"SearchAction","target":{"@type":"EntryPoint","urlTemplate":"https:\/\/ppdegalicia.com\/es\/?s={search_term_string}"},"query-input":{"@type":"PropertyValueSpecification","valueRequired":true,"valueName":"search_term_string"}}],"inLanguage":"es"},{"@type":"Organization","@id":"https:\/\/ppdegalicia.com\/es\/#organization","name":"Partido Popular de Galicia","alternateName":"PP de Galicia","url":"https:\/\/ppdegalicia.com\/es\/","logo":{"@type":"ImageObject","inLanguage":"es","@id":"https:\/\/ppdegalicia.com\/es\/#\/schema\/logo\/image\/","url":"https:\/\/ppdegalicia.com\/wp-content\/uploads\/2023\/04\/logoPP512.png","contentUrl":"https:\/\/ppdegalicia.com\/wp-content\/uploads\/2023\/04\/logoPP512.png","width":512,"height":512,"caption":"Partido Popular de Galicia"},"image":{"@id":"https:\/\/ppdegalicia.com\/es\/#\/schema\/logo\/image\/"},"sameAs":["https:\/\/www.instagram.com\/ppdegalicia\/","https:\/\/x.com\/ppdegalicia","https:\/\/www.tiktok.com\/@ppdegalicia","https:\/\/www.youtube.com\/user\/ppdegalicia"]},{"@type":"Person","@id":"https:\/\/ppdegalicia.com\/es\/#\/schema\/person\/bc9b46e59ebd34bf28611158c3867388","name":"ppdegaliciaedtis","image":{"@type":"ImageObject","inLanguage":"es","@id":"https:\/\/secure.gravatar.com\/avatar\/f9f8cf6e03df54a1b0d04a6b4b8e8c6bd63c10a439752e84d87a5385aefe2ced?s=96&d=mm&r=g","url":"https:\/\/secure.gravatar.com\/avatar\/f9f8cf6e03df54a1b0d04a6b4b8e8c6bd63c10a439752e84d87a5385aefe2ced?s=96&d=mm&r=g","contentUrl":"https:\/\/secure.gravatar.com\/avatar\/f9f8cf6e03df54a1b0d04a6b4b8e8c6bd63c10a439752e84d87a5385aefe2ced?s=96&d=mm&r=g","caption":"ppdegaliciaedtis"},"url":"https:\/\/ppdegalicia.com\/es\/author\/ppdegaliciaedits\/"}]}},"_links":{"self":[{"href":"https:\/\/ppdegalicia.com\/es\/wp-json\/wp\/v2\/posts\/64309","targetHints":{"allow":["GET"]}}],"collection":[{"href":"https:\/\/ppdegalicia.com\/es\/wp-json\/wp\/v2\/posts"}],"about":[{"href":"https:\/\/ppdegalicia.com\/es\/wp-json\/wp\/v2\/types\/post"}],"author":[{"embeddable":true,"href":"https:\/\/ppdegalicia.com\/es\/wp-json\/wp\/v2\/users\/40"}],"replies":[{"embeddable":true,"href":"https:\/\/ppdegalicia.com\/es\/wp-json\/wp\/v2\/comments?post=64309"}],"version-history":[{"count":1,"href":"https:\/\/ppdegalicia.com\/es\/wp-json\/wp\/v2\/posts\/64309\/revisions"}],"predecessor-version":[{"id":64312,"href":"https:\/\/ppdegalicia.com\/es\/wp-json\/wp\/v2\/posts\/64309\/revisions\/64312"}],"wp:featuredmedia":[{"embeddable":true,"href":"https:\/\/ppdegalicia.com\/es\/wp-json\/wp\/v2\/media\/64310"}],"wp:attachment":[{"href":"https:\/\/ppdegalicia.com\/es\/wp-json\/wp\/v2\/media?parent=64309"}],"wp:term":[{"taxonomy":"category","embeddable":true,"href":"https:\/\/ppdegalicia.com\/es\/wp-json\/wp\/v2\/categories?post=64309"},{"taxonomy":"post_tag","embeddable":true,"href":"https:\/\/ppdegalicia.com\/es\/wp-json\/wp\/v2\/tags?post=64309"}],"curies":[{"name":"wp","href":"https:\/\/api.w.org\/{rel}","templated":true}]}}