{"id":64313,"date":"2024-09-24T18:15:43","date_gmt":"2024-09-24T17:15:43","guid":{"rendered":"https:\/\/ppdegalicia.com\/?p=64313"},"modified":"2024-09-25T19:51:45","modified_gmt":"2024-09-25T18:51:45","slug":"o-ppdeg-forza-a-puente-a-comparecer-no-congreso-para-aclarar-como-lle-pediron-a-postura-do-goberno-central-sobre-a-ap-9","status":"publish","type":"post","link":"https:\/\/ppdegalicia.com\/es\/o-ppdeg-forza-a-puente-a-comparecer-no-congreso-para-aclarar-como-lle-pediron-a-postura-do-goberno-central-sobre-a-ap-9\/","title":{"rendered":"O PPdeG forza a Puente a comparecer no Congreso para aclarar, como lle pediron, a postura do Goberno central sobre a AP-9"},"content":{"rendered":"<p style=\"font-weight: 400;\">Os deputados do PP de Galicia celebran que o ministro de Transportes e Mobilidade Sostible, \u00d3scar Puente, vaia comparecer no Congreso o pr\u00f3ximo 16 de outubro para aclarar, tal e como lle pediron os populares, a s\u00faa postura sobre a transferencia e a gratuidade da autoestrada AP-9.<\/p>\n<p style=\"font-weight: 400;\">En concreto, \u00d3scar Puente ter\u00e1 que render contas sobre a posici\u00f3n do Goberno central en relaci\u00f3n coa activaci\u00f3n da transferencia da titularidade e xesti\u00f3n a Galicia da AP-9, as\u00ed como sobre o cumprimento dos compromisos que adquiriu sobre a implantaci\u00f3n de novas bonificaci\u00f3ns aos usuarios e o da gratuidade da autoestrada, expresada polo candidato socialista Jos\u00e9 Ram\u00f3n G\u00f3mez Besteiro na campa\u00f1a das pasadas elecci\u00f3ns auton\u00f3micas.<\/p>\n<p style=\"font-weight: 400;\">A comparecencia, solicitada hai poucos d\u00edas polos populares, acordouse esta ma\u00f1\u00e1 na Xunta de Portavoces do Congreso, na que estiveron presentes varios deputados galegos liderados polo voceiro, Miguel Tellado.\u201c\u00c9 importante que forz\u00e1ramos esta comparecencia do Goberno central e de \u00d3scar Puente en particular. Non \u00e9 habitual que dean explicaci\u00f3ns, como tampouco fixo S\u00e1nchez na s\u00faa reuni\u00f3n co presidente Rueda, pero agardamos que est\u00e1 vez si o fagan\u201d, sinala Celso Delgado, vicepresidente segundo da Comisi\u00f3n de Transportes no Congreso.<\/p>\n<p style=\"font-weight: 400;\"><strong><u>PROPOSICI\u00d3N DE LEI SOBRE A AP-9<\/u><\/strong><\/p>\n<p style=\"font-weight: 400;\">As\u00ed mesmo, durante a reuni\u00f3n, Tellado chamou a atenci\u00f3n sobre \u201ca par\u00e1lise \u00e1 que o PSOE e o seu brazo armado, Francina Armengol, te\u00f1en sometido a este Congreso\u201d, en referencia a que a Mesa volvera ampliar unha semana m\u00e1is o prazo de presentaci\u00f3n de emendas \u00e1 Proposici\u00f3n de Lei sobre a AP-9.<\/p>\n<p style=\"font-weight: 400;\">C\u00f3mpre lembrar que a proposici\u00f3n ten a s\u00faa orixe no Parlamento de Galicia, onde se aprobou por unanimidade, e o prazo de emendas xa leva media ducia de pr\u00f3rrogas esta lexislatura despois de que na pasada se prorrogara 15 veces.<\/p>\n<p style=\"font-weight: 400;\">\u201cQueremos que conste en acta a nosa petici\u00f3n de que se peche xa o prazo de presentaci\u00f3n de emendas e se transmite esta lei. O PPdeG non vai consentir que nesta lexislatura o Goberno central e os grupos que o apoian, como o BNG, sigan bloqueando esta importante iniciativa para Galicia\u201d, abunda Celso Delgado, quen salienta como os deputados galegos do PP est\u00e1n a po\u00f1er a cuesti\u00f3n da AP-9 \u201cno lugar preferente que demandan todos os galegos e galegas\u201d.<\/p>\n<p style=\"font-weight: 400;\">Delgado, xunto a Tristana Moraleja e Pedro Puy, forma parte da ponencia encargada de debater a Proposici\u00f3n de Lei Org\u00e1nica na C\u00e1mara Baixa.<\/p>\n","protected":false},"excerpt":{"rendered":"<p>Os deputados do PP de Galicia celebran que o ministro de Transportes e Mobilidade Sostible, \u00d3scar Puente, vaia comparecer no Congreso o pr\u00f3ximo 16 de outubro para aclarar, tal e como lle pediron os populares, a s\u00faa postura sobre a transferencia e a gratuidade da autoestrada AP-9. En concreto, \u00d3scar Puente ter\u00e1 que render contas [&hellip;]<\/p>\n","protected":false},"author":40,"featured_media":64314,"comment_status":"closed","ping_status":"open","sticky":false,"template":"","format":"standard","meta":{"_acf_changed":false,"footnotes":""},"categories":[2387,1],"tags":[],"class_list":["post-64313","post","type-post","status-publish","format-standard","has-post-thumbnail","hentry","category-actualidad-cortes-generales","category-pp-de-galicia"],"acf":[],"yoast_head":"<!-- This site is optimized with the Yoast SEO plugin v27.3 - https:\/\/yoast.com\/product\/yoast-seo-wordpress\/ -->\n<title>O PPdeG forza a Puente a comparecer no Congreso para aclarar, como lle pediron, a postura do Goberno central sobre a AP-9 - PP de Galicia<\/title>\n<meta name=\"description\" content=\"Os deputados do PP de Galicia celebran que o ministro de Transportes e Mobilidade Sostible, \u00d3scar Puente, vaia comparecer no Congreso o pr\u00f3ximo 16 de outubro para aclarar, tal e como lle pediron os populares, a s\u00faa postura sobre a transferencia e a gratuidade da autoestrada AP-9.\" \/>\n<meta name=\"robots\" content=\"index, follow, max-snippet:-1, max-image-preview:large, max-video-preview:-1\" \/>\n<link rel=\"canonical\" href=\"https:\/\/ppdegalicia.com\/es\/o-ppdeg-forza-a-puente-a-comparecer-no-congreso-para-aclarar-como-lle-pediron-a-postura-do-goberno-central-sobre-a-ap-9\/\" \/>\n<meta property=\"og:locale\" content=\"es_ES\" \/>\n<meta property=\"og:type\" content=\"article\" \/>\n<meta property=\"og:title\" content=\"O PPdeG forza a Puente a comparecer no Congreso para aclarar, como lle pediron, a postura do Goberno central sobre a AP-9 - PP de Galicia\" \/>\n<meta property=\"og:description\" content=\"Os deputados do PP de Galicia celebran que o ministro de Transportes e Mobilidade Sostible, \u00d3scar Puente, vaia comparecer no Congreso o pr\u00f3ximo 16 de outubro para aclarar, tal e como lle pediron os populares, a s\u00faa postura sobre a transferencia e a gratuidade da autoestrada AP-9.\" \/>\n<meta property=\"og:url\" content=\"https:\/\/ppdegalicia.com\/es\/o-ppdeg-forza-a-puente-a-comparecer-no-congreso-para-aclarar-como-lle-pediron-a-postura-do-goberno-central-sobre-a-ap-9\/\" \/>\n<meta property=\"og:site_name\" content=\"PP de Galicia\" \/>\n<meta property=\"article:publisher\" content=\"https:\/\/www.instagram.com\/ppdegalicia\/\" \/>\n<meta property=\"article:published_time\" content=\"2024-09-24T17:15:43+00:00\" \/>\n<meta property=\"article:modified_time\" content=\"2024-09-25T18:51:45+00:00\" \/>\n<meta property=\"og:image\" content=\"https:\/\/ppdegalicia.com\/wp-content\/uploads\/2024\/09\/20240924_Tellado_XuntaPortavoces.jpg\" \/>\n\t<meta property=\"og:image:width\" content=\"1600\" \/>\n\t<meta property=\"og:image:height\" content=\"1066\" \/>\n\t<meta property=\"og:image:type\" content=\"image\/jpeg\" \/>\n<meta name=\"author\" content=\"ppdegaliciaedtis\" \/>\n<meta name=\"twitter:card\" content=\"summary_large_image\" \/>\n<meta name=\"twitter:creator\" content=\"@ppdegalicia\" \/>\n<meta name=\"twitter:site\" content=\"@ppdegalicia\" \/>\n<meta name=\"twitter:label1\" content=\"Escrito por\" \/>\n\t<meta name=\"twitter:data1\" content=\"ppdegaliciaedtis\" \/>\n\t<meta name=\"twitter:label2\" content=\"Tiempo de lectura\" \/>\n\t<meta name=\"twitter:data2\" content=\"3 minutos\" \/>\n<script type=\"application\/ld+json\" class=\"yoast-schema-graph\">{\"@context\":\"https:\\\/\\\/schema.org\",\"@graph\":[{\"@type\":\"Article\",\"@id\":\"https:\\\/\\\/ppdegalicia.com\\\/es\\\/o-ppdeg-forza-a-puente-a-comparecer-no-congreso-para-aclarar-como-lle-pediron-a-postura-do-goberno-central-sobre-a-ap-9\\\/#article\",\"isPartOf\":{\"@id\":\"https:\\\/\\\/ppdegalicia.com\\\/es\\\/o-ppdeg-forza-a-puente-a-comparecer-no-congreso-para-aclarar-como-lle-pediron-a-postura-do-goberno-central-sobre-a-ap-9\\\/\"},\"author\":{\"name\":\"ppdegaliciaedtis\",\"@id\":\"https:\\\/\\\/ppdegalicia.com\\\/es\\\/#\\\/schema\\\/person\\\/bc9b46e59ebd34bf28611158c3867388\"},\"headline\":\"O PPdeG forza a Puente a comparecer no Congreso para aclarar, como lle pediron, a postura do Goberno central sobre a AP-9\",\"datePublished\":\"2024-09-24T17:15:43+00:00\",\"dateModified\":\"2024-09-25T18:51:45+00:00\",\"mainEntityOfPage\":{\"@id\":\"https:\\\/\\\/ppdegalicia.com\\\/es\\\/o-ppdeg-forza-a-puente-a-comparecer-no-congreso-para-aclarar-como-lle-pediron-a-postura-do-goberno-central-sobre-a-ap-9\\\/\"},\"wordCount\":447,\"publisher\":{\"@id\":\"https:\\\/\\\/ppdegalicia.com\\\/es\\\/#organization\"},\"image\":{\"@id\":\"https:\\\/\\\/ppdegalicia.com\\\/es\\\/o-ppdeg-forza-a-puente-a-comparecer-no-congreso-para-aclarar-como-lle-pediron-a-postura-do-goberno-central-sobre-a-ap-9\\\/#primaryimage\"},\"thumbnailUrl\":\"https:\\\/\\\/ppdegalicia.com\\\/wp-content\\\/uploads\\\/2024\\\/09\\\/20240924_Tellado_XuntaPortavoces.jpg\",\"articleSection\":[\"Cortes Generales\",\"PP de Galicia\"],\"inLanguage\":\"es\"},{\"@type\":\"WebPage\",\"@id\":\"https:\\\/\\\/ppdegalicia.com\\\/es\\\/o-ppdeg-forza-a-puente-a-comparecer-no-congreso-para-aclarar-como-lle-pediron-a-postura-do-goberno-central-sobre-a-ap-9\\\/\",\"url\":\"https:\\\/\\\/ppdegalicia.com\\\/es\\\/o-ppdeg-forza-a-puente-a-comparecer-no-congreso-para-aclarar-como-lle-pediron-a-postura-do-goberno-central-sobre-a-ap-9\\\/\",\"name\":\"O PPdeG forza a Puente a comparecer no Congreso para aclarar, como lle pediron, a postura do Goberno central sobre a AP-9 - PP de Galicia\",\"isPartOf\":{\"@id\":\"https:\\\/\\\/ppdegalicia.com\\\/es\\\/#website\"},\"primaryImageOfPage\":{\"@id\":\"https:\\\/\\\/ppdegalicia.com\\\/es\\\/o-ppdeg-forza-a-puente-a-comparecer-no-congreso-para-aclarar-como-lle-pediron-a-postura-do-goberno-central-sobre-a-ap-9\\\/#primaryimage\"},\"image\":{\"@id\":\"https:\\\/\\\/ppdegalicia.com\\\/es\\\/o-ppdeg-forza-a-puente-a-comparecer-no-congreso-para-aclarar-como-lle-pediron-a-postura-do-goberno-central-sobre-a-ap-9\\\/#primaryimage\"},\"thumbnailUrl\":\"https:\\\/\\\/ppdegalicia.com\\\/wp-content\\\/uploads\\\/2024\\\/09\\\/20240924_Tellado_XuntaPortavoces.jpg\",\"datePublished\":\"2024-09-24T17:15:43+00:00\",\"dateModified\":\"2024-09-25T18:51:45+00:00\",\"description\":\"Os deputados do PP de Galicia celebran que o ministro de Transportes e Mobilidade Sostible, \u00d3scar Puente, vaia comparecer no Congreso o pr\u00f3ximo 16 de outubro para aclarar, tal e como lle pediron os populares, a s\u00faa postura sobre a transferencia e a gratuidade da autoestrada AP-9.\",\"breadcrumb\":{\"@id\":\"https:\\\/\\\/ppdegalicia.com\\\/es\\\/o-ppdeg-forza-a-puente-a-comparecer-no-congreso-para-aclarar-como-lle-pediron-a-postura-do-goberno-central-sobre-a-ap-9\\\/#breadcrumb\"},\"inLanguage\":\"es\",\"potentialAction\":[{\"@type\":\"ReadAction\",\"target\":[\"https:\\\/\\\/ppdegalicia.com\\\/es\\\/o-ppdeg-forza-a-puente-a-comparecer-no-congreso-para-aclarar-como-lle-pediron-a-postura-do-goberno-central-sobre-a-ap-9\\\/\"]}]},{\"@type\":\"ImageObject\",\"inLanguage\":\"es\",\"@id\":\"https:\\\/\\\/ppdegalicia.com\\\/es\\\/o-ppdeg-forza-a-puente-a-comparecer-no-congreso-para-aclarar-como-lle-pediron-a-postura-do-goberno-central-sobre-a-ap-9\\\/#primaryimage\",\"url\":\"https:\\\/\\\/ppdegalicia.com\\\/wp-content\\\/uploads\\\/2024\\\/09\\\/20240924_Tellado_XuntaPortavoces.jpg\",\"contentUrl\":\"https:\\\/\\\/ppdegalicia.com\\\/wp-content\\\/uploads\\\/2024\\\/09\\\/20240924_Tellado_XuntaPortavoces.jpg\",\"width\":1600,\"height\":1066},{\"@type\":\"BreadcrumbList\",\"@id\":\"https:\\\/\\\/ppdegalicia.com\\\/es\\\/o-ppdeg-forza-a-puente-a-comparecer-no-congreso-para-aclarar-como-lle-pediron-a-postura-do-goberno-central-sobre-a-ap-9\\\/#breadcrumb\",\"itemListElement\":[{\"@type\":\"ListItem\",\"position\":1,\"name\":\"Portada\",\"item\":\"https:\\\/\\\/ppdegalicia.com\\\/es\\\/\"},{\"@type\":\"ListItem\",\"position\":2,\"name\":\"O PPdeG forza a Puente a comparecer no Congreso para aclarar, como lle pediron, a postura do Goberno central sobre a AP-9\"}]},{\"@type\":\"WebSite\",\"@id\":\"https:\\\/\\\/ppdegalicia.com\\\/es\\\/#website\",\"url\":\"https:\\\/\\\/ppdegalicia.com\\\/es\\\/\",\"name\":\"Partido Popular de Galicia\",\"description\":\"Partido Popular de Galicia\",\"publisher\":{\"@id\":\"https:\\\/\\\/ppdegalicia.com\\\/es\\\/#organization\"},\"alternateName\":\"PP de Galicia\",\"potentialAction\":[{\"@type\":\"SearchAction\",\"target\":{\"@type\":\"EntryPoint\",\"urlTemplate\":\"https:\\\/\\\/ppdegalicia.com\\\/es\\\/?s={search_term_string}\"},\"query-input\":{\"@type\":\"PropertyValueSpecification\",\"valueRequired\":true,\"valueName\":\"search_term_string\"}}],\"inLanguage\":\"es\"},{\"@type\":\"Organization\",\"@id\":\"https:\\\/\\\/ppdegalicia.com\\\/es\\\/#organization\",\"name\":\"Partido Popular de Galicia\",\"alternateName\":\"PP de Galicia\",\"url\":\"https:\\\/\\\/ppdegalicia.com\\\/es\\\/\",\"logo\":{\"@type\":\"ImageObject\",\"inLanguage\":\"es\",\"@id\":\"https:\\\/\\\/ppdegalicia.com\\\/es\\\/#\\\/schema\\\/logo\\\/image\\\/\",\"url\":\"https:\\\/\\\/ppdegalicia.com\\\/wp-content\\\/uploads\\\/2023\\\/04\\\/logoPP512.png\",\"contentUrl\":\"https:\\\/\\\/ppdegalicia.com\\\/wp-content\\\/uploads\\\/2023\\\/04\\\/logoPP512.png\",\"width\":512,\"height\":512,\"caption\":\"Partido Popular de Galicia\"},\"image\":{\"@id\":\"https:\\\/\\\/ppdegalicia.com\\\/es\\\/#\\\/schema\\\/logo\\\/image\\\/\"},\"sameAs\":[\"https:\\\/\\\/www.instagram.com\\\/ppdegalicia\\\/\",\"https:\\\/\\\/x.com\\\/ppdegalicia\",\"https:\\\/\\\/www.tiktok.com\\\/@ppdegalicia\",\"https:\\\/\\\/www.youtube.com\\\/user\\\/ppdegalicia\"]},{\"@type\":\"Person\",\"@id\":\"https:\\\/\\\/ppdegalicia.com\\\/es\\\/#\\\/schema\\\/person\\\/bc9b46e59ebd34bf28611158c3867388\",\"name\":\"ppdegaliciaedtis\",\"image\":{\"@type\":\"ImageObject\",\"inLanguage\":\"es\",\"@id\":\"https:\\\/\\\/secure.gravatar.com\\\/avatar\\\/f9f8cf6e03df54a1b0d04a6b4b8e8c6bd63c10a439752e84d87a5385aefe2ced?s=96&d=mm&r=g\",\"url\":\"https:\\\/\\\/secure.gravatar.com\\\/avatar\\\/f9f8cf6e03df54a1b0d04a6b4b8e8c6bd63c10a439752e84d87a5385aefe2ced?s=96&d=mm&r=g\",\"contentUrl\":\"https:\\\/\\\/secure.gravatar.com\\\/avatar\\\/f9f8cf6e03df54a1b0d04a6b4b8e8c6bd63c10a439752e84d87a5385aefe2ced?s=96&d=mm&r=g\",\"caption\":\"ppdegaliciaedtis\"},\"url\":\"https:\\\/\\\/ppdegalicia.com\\\/es\\\/author\\\/ppdegaliciaedits\\\/\"}]}<\/script>\n<!-- \/ Yoast SEO plugin. -->","yoast_head_json":{"title":"O PPdeG forza a Puente a comparecer no Congreso para aclarar, como lle pediron, a postura do Goberno central sobre a AP-9 - PP de Galicia","description":"Os deputados do PP de Galicia celebran que o ministro de Transportes e Mobilidade Sostible, \u00d3scar Puente, vaia comparecer no Congreso o pr\u00f3ximo 16 de outubro para aclarar, tal e como lle pediron os populares, a s\u00faa postura sobre a transferencia e a gratuidade da autoestrada AP-9.","robots":{"index":"index","follow":"follow","max-snippet":"max-snippet:-1","max-image-preview":"max-image-preview:large","max-video-preview":"max-video-preview:-1"},"canonical":"https:\/\/ppdegalicia.com\/es\/o-ppdeg-forza-a-puente-a-comparecer-no-congreso-para-aclarar-como-lle-pediron-a-postura-do-goberno-central-sobre-a-ap-9\/","og_locale":"es_ES","og_type":"article","og_title":"O PPdeG forza a Puente a comparecer no Congreso para aclarar, como lle pediron, a postura do Goberno central sobre a AP-9 - PP de Galicia","og_description":"Os deputados do PP de Galicia celebran que o ministro de Transportes e Mobilidade Sostible, \u00d3scar Puente, vaia comparecer no Congreso o pr\u00f3ximo 16 de outubro para aclarar, tal e como lle pediron os populares, a s\u00faa postura sobre a transferencia e a gratuidade da autoestrada AP-9.","og_url":"https:\/\/ppdegalicia.com\/es\/o-ppdeg-forza-a-puente-a-comparecer-no-congreso-para-aclarar-como-lle-pediron-a-postura-do-goberno-central-sobre-a-ap-9\/","og_site_name":"PP de Galicia","article_publisher":"https:\/\/www.instagram.com\/ppdegalicia\/","article_published_time":"2024-09-24T17:15:43+00:00","article_modified_time":"2024-09-25T18:51:45+00:00","og_image":[{"width":1600,"height":1066,"url":"https:\/\/ppdegalicia.com\/wp-content\/uploads\/2024\/09\/20240924_Tellado_XuntaPortavoces.jpg","type":"image\/jpeg"}],"author":"ppdegaliciaedtis","twitter_card":"summary_large_image","twitter_creator":"@ppdegalicia","twitter_site":"@ppdegalicia","twitter_misc":{"Escrito por":"ppdegaliciaedtis","Tiempo de lectura":"3 minutos"},"schema":{"@context":"https:\/\/schema.org","@graph":[{"@type":"Article","@id":"https:\/\/ppdegalicia.com\/es\/o-ppdeg-forza-a-puente-a-comparecer-no-congreso-para-aclarar-como-lle-pediron-a-postura-do-goberno-central-sobre-a-ap-9\/#article","isPartOf":{"@id":"https:\/\/ppdegalicia.com\/es\/o-ppdeg-forza-a-puente-a-comparecer-no-congreso-para-aclarar-como-lle-pediron-a-postura-do-goberno-central-sobre-a-ap-9\/"},"author":{"name":"ppdegaliciaedtis","@id":"https:\/\/ppdegalicia.com\/es\/#\/schema\/person\/bc9b46e59ebd34bf28611158c3867388"},"headline":"O PPdeG forza a Puente a comparecer no Congreso para aclarar, como lle pediron, a postura do Goberno central sobre a AP-9","datePublished":"2024-09-24T17:15:43+00:00","dateModified":"2024-09-25T18:51:45+00:00","mainEntityOfPage":{"@id":"https:\/\/ppdegalicia.com\/es\/o-ppdeg-forza-a-puente-a-comparecer-no-congreso-para-aclarar-como-lle-pediron-a-postura-do-goberno-central-sobre-a-ap-9\/"},"wordCount":447,"publisher":{"@id":"https:\/\/ppdegalicia.com\/es\/#organization"},"image":{"@id":"https:\/\/ppdegalicia.com\/es\/o-ppdeg-forza-a-puente-a-comparecer-no-congreso-para-aclarar-como-lle-pediron-a-postura-do-goberno-central-sobre-a-ap-9\/#primaryimage"},"thumbnailUrl":"https:\/\/ppdegalicia.com\/wp-content\/uploads\/2024\/09\/20240924_Tellado_XuntaPortavoces.jpg","articleSection":["Cortes Generales","PP de Galicia"],"inLanguage":"es"},{"@type":"WebPage","@id":"https:\/\/ppdegalicia.com\/es\/o-ppdeg-forza-a-puente-a-comparecer-no-congreso-para-aclarar-como-lle-pediron-a-postura-do-goberno-central-sobre-a-ap-9\/","url":"https:\/\/ppdegalicia.com\/es\/o-ppdeg-forza-a-puente-a-comparecer-no-congreso-para-aclarar-como-lle-pediron-a-postura-do-goberno-central-sobre-a-ap-9\/","name":"O PPdeG forza a Puente a comparecer no Congreso para aclarar, como lle pediron, a postura do Goberno central sobre a AP-9 - PP de Galicia","isPartOf":{"@id":"https:\/\/ppdegalicia.com\/es\/#website"},"primaryImageOfPage":{"@id":"https:\/\/ppdegalicia.com\/es\/o-ppdeg-forza-a-puente-a-comparecer-no-congreso-para-aclarar-como-lle-pediron-a-postura-do-goberno-central-sobre-a-ap-9\/#primaryimage"},"image":{"@id":"https:\/\/ppdegalicia.com\/es\/o-ppdeg-forza-a-puente-a-comparecer-no-congreso-para-aclarar-como-lle-pediron-a-postura-do-goberno-central-sobre-a-ap-9\/#primaryimage"},"thumbnailUrl":"https:\/\/ppdegalicia.com\/wp-content\/uploads\/2024\/09\/20240924_Tellado_XuntaPortavoces.jpg","datePublished":"2024-09-24T17:15:43+00:00","dateModified":"2024-09-25T18:51:45+00:00","description":"Os deputados do PP de Galicia celebran que o ministro de Transportes e Mobilidade Sostible, \u00d3scar Puente, vaia comparecer no Congreso o pr\u00f3ximo 16 de outubro para aclarar, tal e como lle pediron os populares, a s\u00faa postura sobre a transferencia e a gratuidade da autoestrada AP-9.","breadcrumb":{"@id":"https:\/\/ppdegalicia.com\/es\/o-ppdeg-forza-a-puente-a-comparecer-no-congreso-para-aclarar-como-lle-pediron-a-postura-do-goberno-central-sobre-a-ap-9\/#breadcrumb"},"inLanguage":"es","potentialAction":[{"@type":"ReadAction","target":["https:\/\/ppdegalicia.com\/es\/o-ppdeg-forza-a-puente-a-comparecer-no-congreso-para-aclarar-como-lle-pediron-a-postura-do-goberno-central-sobre-a-ap-9\/"]}]},{"@type":"ImageObject","inLanguage":"es","@id":"https:\/\/ppdegalicia.com\/es\/o-ppdeg-forza-a-puente-a-comparecer-no-congreso-para-aclarar-como-lle-pediron-a-postura-do-goberno-central-sobre-a-ap-9\/#primaryimage","url":"https:\/\/ppdegalicia.com\/wp-content\/uploads\/2024\/09\/20240924_Tellado_XuntaPortavoces.jpg","contentUrl":"https:\/\/ppdegalicia.com\/wp-content\/uploads\/2024\/09\/20240924_Tellado_XuntaPortavoces.jpg","width":1600,"height":1066},{"@type":"BreadcrumbList","@id":"https:\/\/ppdegalicia.com\/es\/o-ppdeg-forza-a-puente-a-comparecer-no-congreso-para-aclarar-como-lle-pediron-a-postura-do-goberno-central-sobre-a-ap-9\/#breadcrumb","itemListElement":[{"@type":"ListItem","position":1,"name":"Portada","item":"https:\/\/ppdegalicia.com\/es\/"},{"@type":"ListItem","position":2,"name":"O PPdeG forza a Puente a comparecer no Congreso para aclarar, como lle pediron, a postura do Goberno central sobre a AP-9"}]},{"@type":"WebSite","@id":"https:\/\/ppdegalicia.com\/es\/#website","url":"https:\/\/ppdegalicia.com\/es\/","name":"Partido Popular de Galicia","description":"Partido Popular de Galicia","publisher":{"@id":"https:\/\/ppdegalicia.com\/es\/#organization"},"alternateName":"PP de Galicia","potentialAction":[{"@type":"SearchAction","target":{"@type":"EntryPoint","urlTemplate":"https:\/\/ppdegalicia.com\/es\/?s={search_term_string}"},"query-input":{"@type":"PropertyValueSpecification","valueRequired":true,"valueName":"search_term_string"}}],"inLanguage":"es"},{"@type":"Organization","@id":"https:\/\/ppdegalicia.com\/es\/#organization","name":"Partido Popular de Galicia","alternateName":"PP de Galicia","url":"https:\/\/ppdegalicia.com\/es\/","logo":{"@type":"ImageObject","inLanguage":"es","@id":"https:\/\/ppdegalicia.com\/es\/#\/schema\/logo\/image\/","url":"https:\/\/ppdegalicia.com\/wp-content\/uploads\/2023\/04\/logoPP512.png","contentUrl":"https:\/\/ppdegalicia.com\/wp-content\/uploads\/2023\/04\/logoPP512.png","width":512,"height":512,"caption":"Partido Popular de Galicia"},"image":{"@id":"https:\/\/ppdegalicia.com\/es\/#\/schema\/logo\/image\/"},"sameAs":["https:\/\/www.instagram.com\/ppdegalicia\/","https:\/\/x.com\/ppdegalicia","https:\/\/www.tiktok.com\/@ppdegalicia","https:\/\/www.youtube.com\/user\/ppdegalicia"]},{"@type":"Person","@id":"https:\/\/ppdegalicia.com\/es\/#\/schema\/person\/bc9b46e59ebd34bf28611158c3867388","name":"ppdegaliciaedtis","image":{"@type":"ImageObject","inLanguage":"es","@id":"https:\/\/secure.gravatar.com\/avatar\/f9f8cf6e03df54a1b0d04a6b4b8e8c6bd63c10a439752e84d87a5385aefe2ced?s=96&d=mm&r=g","url":"https:\/\/secure.gravatar.com\/avatar\/f9f8cf6e03df54a1b0d04a6b4b8e8c6bd63c10a439752e84d87a5385aefe2ced?s=96&d=mm&r=g","contentUrl":"https:\/\/secure.gravatar.com\/avatar\/f9f8cf6e03df54a1b0d04a6b4b8e8c6bd63c10a439752e84d87a5385aefe2ced?s=96&d=mm&r=g","caption":"ppdegaliciaedtis"},"url":"https:\/\/ppdegalicia.com\/es\/author\/ppdegaliciaedits\/"}]}},"_links":{"self":[{"href":"https:\/\/ppdegalicia.com\/es\/wp-json\/wp\/v2\/posts\/64313","targetHints":{"allow":["GET"]}}],"collection":[{"href":"https:\/\/ppdegalicia.com\/es\/wp-json\/wp\/v2\/posts"}],"about":[{"href":"https:\/\/ppdegalicia.com\/es\/wp-json\/wp\/v2\/types\/post"}],"author":[{"embeddable":true,"href":"https:\/\/ppdegalicia.com\/es\/wp-json\/wp\/v2\/users\/40"}],"replies":[{"embeddable":true,"href":"https:\/\/ppdegalicia.com\/es\/wp-json\/wp\/v2\/comments?post=64313"}],"version-history":[{"count":1,"href":"https:\/\/ppdegalicia.com\/es\/wp-json\/wp\/v2\/posts\/64313\/revisions"}],"predecessor-version":[{"id":64316,"href":"https:\/\/ppdegalicia.com\/es\/wp-json\/wp\/v2\/posts\/64313\/revisions\/64316"}],"wp:featuredmedia":[{"embeddable":true,"href":"https:\/\/ppdegalicia.com\/es\/wp-json\/wp\/v2\/media\/64314"}],"wp:attachment":[{"href":"https:\/\/ppdegalicia.com\/es\/wp-json\/wp\/v2\/media?parent=64313"}],"wp:term":[{"taxonomy":"category","embeddable":true,"href":"https:\/\/ppdegalicia.com\/es\/wp-json\/wp\/v2\/categories?post=64313"},{"taxonomy":"post_tag","embeddable":true,"href":"https:\/\/ppdegalicia.com\/es\/wp-json\/wp\/v2\/tags?post=64313"}],"curies":[{"name":"wp","href":"https:\/\/api.w.org\/{rel}","templated":true}]}}