{"id":64349,"date":"2024-09-26T16:33:54","date_gmt":"2024-09-26T15:33:54","guid":{"rendered":"https:\/\/ppdegalicia.com\/?p=64349"},"modified":"2024-09-27T09:39:15","modified_gmt":"2024-09-27T08:39:15","slug":"o-ppdeg-lamenta-que-o-bng-volva-alinarse-cos-que-insultan-a-espana-apoiando-a-mexico-cos-seus-aliados-esquerra-e-bildu","status":"publish","type":"post","link":"https:\/\/ppdegalicia.com\/es\/o-ppdeg-lamenta-que-o-bng-volva-alinarse-cos-que-insultan-a-espana-apoiando-a-mexico-cos-seus-aliados-esquerra-e-bildu\/","title":{"rendered":"O PPdeG lamenta que o BNG volva ali\u00f1arse \u201ccos que insultan a Espa\u00f1a\u201d apoiando \u00e1 presidenta de M\u00e9xico cos seus aliados Esquerra e Bildu"},"content":{"rendered":"<p style=\"font-weight: 400;\">O secretario executivo do Partido Popular no Exterior, o galego Antonio Rodr\u00edguez Miranda, lamentou hoxe que o BNG \u201csempre se ali\u00f1a cos que insultan a Espa\u00f1a, faltan o respecto a todos espa\u00f1ois e sempre est\u00e1n tentando quebrar as s\u00faas instituci\u00f3ns\u201d, en relaci\u00f3n ao seu apoio ao seu apoio \u00e1 president electa de M\u00e9xico, Claudia Sheinbaum, ante a s\u00faa inxustificada decisi\u00f3n\u00a0de non invitar ao rei Felipe VI a s\u00faa cerimonia de investidura.<\/p>\n<p style=\"font-weight: 400;\">Nunhas declaraci\u00f3ns remitidas aos medios, Rodr\u00edguez Miranda manifestou que a l\u00edder do independentismo galego, Ana Pont\u00f3n, \u201cxa se quitou hai tempo a careta da moderaci\u00f3n das pasadas elecci\u00f3ns auton\u00f3micas\u201d e agora volve ir da man dos seu socios e amigos de Esquerra e Bildu en contra, coma sempre, dos intereses de Espa\u00f1a, e apoiando a decisi\u00f3n \u201cinexplicable, inxusta e non procedente\u201d da presidenta do pa\u00eds mexicano.<\/p>\n<p style=\"font-weight: 400;\">\u201cO Partido Popular de Galicia sempre est\u00e1 do lado da defensa e respecto das instituci\u00f3ns do Estado, e neste caso ao car\u00f3n do Xefe do Estado. N\u00f3s sempre estamos coa Galicia real\u201d, subli\u00f1ou o representante popular.<\/p>\n<p style=\"font-weight: 400;\">Por \u00faltimo, Rodr\u00edguez Miranda sinalou que \u201co PSOE ter\u00e1 que pedir explicaci\u00f3ns aos seus socios, no Goberno central e nun bo n\u00famero de concellos, sobre esta provocaci\u00f3n do independentismo galego ao Estado espa\u00f1ol\u201d que \u201cnon se pode permitir\u201d e ante a que o PPdeG \u201cnon pode calar\u201d.<\/p>\n","protected":false},"excerpt":{"rendered":"<p>O secretario executivo do Partido Popular no Exterior, o galego Antonio Rodr\u00edguez Miranda, lamentou hoxe que o BNG \u201csempre se ali\u00f1a cos que insultan a Espa\u00f1a, faltan o respecto a todos espa\u00f1ois e sempre est\u00e1n tentando quebrar as s\u00faas instituci\u00f3ns\u201d, en relaci\u00f3n ao seu apoio ao seu apoio \u00e1 president electa de M\u00e9xico, Claudia Sheinbaum, [&hellip;]<\/p>\n","protected":false},"author":40,"featured_media":64350,"comment_status":"closed","ping_status":"open","sticky":false,"template":"","format":"standard","meta":{"_acf_changed":false,"footnotes":""},"categories":[1],"tags":[],"class_list":["post-64349","post","type-post","status-publish","format-standard","has-post-thumbnail","hentry","category-pp-de-galicia"],"acf":[],"yoast_head":"<!-- This site is optimized with the Yoast SEO plugin v27.3 - https:\/\/yoast.com\/product\/yoast-seo-wordpress\/ -->\n<title>O PPdeG lamenta que o BNG volva ali\u00f1arse \u201ccos que insultan a Espa\u00f1a\u201d apoiando \u00e1 presidenta de M\u00e9xico cos seus aliados Esquerra e Bildu - PP de Galicia<\/title>\n<meta name=\"description\" content=\"O secretario executivo do Partido Popular no Exterior, o galego Antonio Rodr\u00edguez Miranda, lamentou hoxe que o BNG \u201csempre se ali\u00f1a cos que insultan a Espa\u00f1a, faltan o respecto a todos espa\u00f1ois e sempre est\u00e1n tentando quebrar as s\u00faas instituci\u00f3ns\u201d, en relaci\u00f3n ao seu apoio a M\u00e9xico ante a inxustificada decisi\u00f3n da presidenta electa, Claudia Sheinbaum, de non invitar ao rei Felipe VI a s\u00faa cerimonia de investidura.\" \/>\n<meta name=\"robots\" content=\"index, follow, max-snippet:-1, max-image-preview:large, max-video-preview:-1\" \/>\n<link rel=\"canonical\" href=\"https:\/\/ppdegalicia.com\/es\/o-ppdeg-lamenta-que-o-bng-volva-alinarse-cos-que-insultan-a-espana-apoiando-a-mexico-cos-seus-aliados-esquerra-e-bildu\/\" \/>\n<meta property=\"og:locale\" content=\"es_ES\" \/>\n<meta property=\"og:type\" content=\"article\" \/>\n<meta property=\"og:title\" content=\"O PPdeG lamenta que o BNG volva ali\u00f1arse \u201ccos que insultan a Espa\u00f1a\u201d apoiando \u00e1 presidenta de M\u00e9xico cos seus aliados Esquerra e Bildu - PP de Galicia\" \/>\n<meta property=\"og:description\" content=\"O secretario executivo do Partido Popular no Exterior, o galego Antonio Rodr\u00edguez Miranda, lamentou hoxe que o BNG \u201csempre se ali\u00f1a cos que insultan a Espa\u00f1a, faltan o respecto a todos espa\u00f1ois e sempre est\u00e1n tentando quebrar as s\u00faas instituci\u00f3ns\u201d, en relaci\u00f3n ao seu apoio a M\u00e9xico ante a inxustificada decisi\u00f3n da presidenta electa, Claudia Sheinbaum, de non invitar ao rei Felipe VI a s\u00faa cerimonia de investidura.\" \/>\n<meta property=\"og:url\" content=\"https:\/\/ppdegalicia.com\/es\/o-ppdeg-lamenta-que-o-bng-volva-alinarse-cos-que-insultan-a-espana-apoiando-a-mexico-cos-seus-aliados-esquerra-e-bildu\/\" \/>\n<meta property=\"og:site_name\" content=\"PP de Galicia\" \/>\n<meta property=\"article:publisher\" content=\"https:\/\/www.instagram.com\/ppdegalicia\/\" \/>\n<meta property=\"article:published_time\" content=\"2024-09-26T15:33:54+00:00\" \/>\n<meta property=\"article:modified_time\" content=\"2024-09-27T08:39:15+00:00\" \/>\n<meta property=\"og:image\" content=\"https:\/\/ppdegalicia.com\/wp-content\/uploads\/2024\/09\/20240926_AntonioRodriguezMiranda_Exterior-scaled.jpg\" \/>\n\t<meta property=\"og:image:width\" content=\"2560\" \/>\n\t<meta property=\"og:image:height\" content=\"1707\" \/>\n\t<meta property=\"og:image:type\" content=\"image\/jpeg\" \/>\n<meta name=\"author\" content=\"ppdegaliciaedtis\" \/>\n<meta name=\"twitter:card\" content=\"summary_large_image\" \/>\n<meta name=\"twitter:creator\" content=\"@ppdegalicia\" \/>\n<meta name=\"twitter:site\" content=\"@ppdegalicia\" \/>\n<meta name=\"twitter:label1\" content=\"Escrito por\" \/>\n\t<meta name=\"twitter:data1\" content=\"ppdegaliciaedtis\" \/>\n\t<meta name=\"twitter:label2\" content=\"Tiempo de lectura\" \/>\n\t<meta name=\"twitter:data2\" content=\"2 minutos\" \/>\n<script type=\"application\/ld+json\" class=\"yoast-schema-graph\">{\"@context\":\"https:\\\/\\\/schema.org\",\"@graph\":[{\"@type\":\"Article\",\"@id\":\"https:\\\/\\\/ppdegalicia.com\\\/es\\\/o-ppdeg-lamenta-que-o-bng-volva-alinarse-cos-que-insultan-a-espana-apoiando-a-mexico-cos-seus-aliados-esquerra-e-bildu\\\/#article\",\"isPartOf\":{\"@id\":\"https:\\\/\\\/ppdegalicia.com\\\/es\\\/o-ppdeg-lamenta-que-o-bng-volva-alinarse-cos-que-insultan-a-espana-apoiando-a-mexico-cos-seus-aliados-esquerra-e-bildu\\\/\"},\"author\":{\"name\":\"ppdegaliciaedtis\",\"@id\":\"https:\\\/\\\/ppdegalicia.com\\\/es\\\/#\\\/schema\\\/person\\\/bc9b46e59ebd34bf28611158c3867388\"},\"headline\":\"O PPdeG lamenta que o BNG volva ali\u00f1arse \u201ccos que insultan a Espa\u00f1a\u201d apoiando \u00e1 presidenta de M\u00e9xico cos seus aliados Esquerra e Bildu\",\"datePublished\":\"2024-09-26T15:33:54+00:00\",\"dateModified\":\"2024-09-27T08:39:15+00:00\",\"mainEntityOfPage\":{\"@id\":\"https:\\\/\\\/ppdegalicia.com\\\/es\\\/o-ppdeg-lamenta-que-o-bng-volva-alinarse-cos-que-insultan-a-espana-apoiando-a-mexico-cos-seus-aliados-esquerra-e-bildu\\\/\"},\"wordCount\":277,\"publisher\":{\"@id\":\"https:\\\/\\\/ppdegalicia.com\\\/es\\\/#organization\"},\"image\":{\"@id\":\"https:\\\/\\\/ppdegalicia.com\\\/es\\\/o-ppdeg-lamenta-que-o-bng-volva-alinarse-cos-que-insultan-a-espana-apoiando-a-mexico-cos-seus-aliados-esquerra-e-bildu\\\/#primaryimage\"},\"thumbnailUrl\":\"https:\\\/\\\/ppdegalicia.com\\\/wp-content\\\/uploads\\\/2024\\\/09\\\/20240926_AntonioRodriguezMiranda_Exterior-scaled.jpg\",\"articleSection\":[\"PP de Galicia\"],\"inLanguage\":\"es\"},{\"@type\":\"WebPage\",\"@id\":\"https:\\\/\\\/ppdegalicia.com\\\/es\\\/o-ppdeg-lamenta-que-o-bng-volva-alinarse-cos-que-insultan-a-espana-apoiando-a-mexico-cos-seus-aliados-esquerra-e-bildu\\\/\",\"url\":\"https:\\\/\\\/ppdegalicia.com\\\/es\\\/o-ppdeg-lamenta-que-o-bng-volva-alinarse-cos-que-insultan-a-espana-apoiando-a-mexico-cos-seus-aliados-esquerra-e-bildu\\\/\",\"name\":\"O PPdeG lamenta que o BNG volva ali\u00f1arse \u201ccos que insultan a Espa\u00f1a\u201d apoiando \u00e1 presidenta de M\u00e9xico cos seus aliados Esquerra e Bildu - PP de Galicia\",\"isPartOf\":{\"@id\":\"https:\\\/\\\/ppdegalicia.com\\\/es\\\/#website\"},\"primaryImageOfPage\":{\"@id\":\"https:\\\/\\\/ppdegalicia.com\\\/es\\\/o-ppdeg-lamenta-que-o-bng-volva-alinarse-cos-que-insultan-a-espana-apoiando-a-mexico-cos-seus-aliados-esquerra-e-bildu\\\/#primaryimage\"},\"image\":{\"@id\":\"https:\\\/\\\/ppdegalicia.com\\\/es\\\/o-ppdeg-lamenta-que-o-bng-volva-alinarse-cos-que-insultan-a-espana-apoiando-a-mexico-cos-seus-aliados-esquerra-e-bildu\\\/#primaryimage\"},\"thumbnailUrl\":\"https:\\\/\\\/ppdegalicia.com\\\/wp-content\\\/uploads\\\/2024\\\/09\\\/20240926_AntonioRodriguezMiranda_Exterior-scaled.jpg\",\"datePublished\":\"2024-09-26T15:33:54+00:00\",\"dateModified\":\"2024-09-27T08:39:15+00:00\",\"description\":\"O secretario executivo do Partido Popular no Exterior, o galego Antonio Rodr\u00edguez Miranda, lamentou hoxe que o BNG \u201csempre se ali\u00f1a cos que insultan a Espa\u00f1a, faltan o respecto a todos espa\u00f1ois e sempre est\u00e1n tentando quebrar as s\u00faas instituci\u00f3ns\u201d, en relaci\u00f3n ao seu apoio a M\u00e9xico ante a inxustificada decisi\u00f3n da presidenta electa, Claudia Sheinbaum, de non invitar ao rei Felipe VI a s\u00faa cerimonia de investidura.\",\"breadcrumb\":{\"@id\":\"https:\\\/\\\/ppdegalicia.com\\\/es\\\/o-ppdeg-lamenta-que-o-bng-volva-alinarse-cos-que-insultan-a-espana-apoiando-a-mexico-cos-seus-aliados-esquerra-e-bildu\\\/#breadcrumb\"},\"inLanguage\":\"es\",\"potentialAction\":[{\"@type\":\"ReadAction\",\"target\":[\"https:\\\/\\\/ppdegalicia.com\\\/es\\\/o-ppdeg-lamenta-que-o-bng-volva-alinarse-cos-que-insultan-a-espana-apoiando-a-mexico-cos-seus-aliados-esquerra-e-bildu\\\/\"]}]},{\"@type\":\"ImageObject\",\"inLanguage\":\"es\",\"@id\":\"https:\\\/\\\/ppdegalicia.com\\\/es\\\/o-ppdeg-lamenta-que-o-bng-volva-alinarse-cos-que-insultan-a-espana-apoiando-a-mexico-cos-seus-aliados-esquerra-e-bildu\\\/#primaryimage\",\"url\":\"https:\\\/\\\/ppdegalicia.com\\\/wp-content\\\/uploads\\\/2024\\\/09\\\/20240926_AntonioRodriguezMiranda_Exterior-scaled.jpg\",\"contentUrl\":\"https:\\\/\\\/ppdegalicia.com\\\/wp-content\\\/uploads\\\/2024\\\/09\\\/20240926_AntonioRodriguezMiranda_Exterior-scaled.jpg\",\"width\":2560,\"height\":1707},{\"@type\":\"BreadcrumbList\",\"@id\":\"https:\\\/\\\/ppdegalicia.com\\\/es\\\/o-ppdeg-lamenta-que-o-bng-volva-alinarse-cos-que-insultan-a-espana-apoiando-a-mexico-cos-seus-aliados-esquerra-e-bildu\\\/#breadcrumb\",\"itemListElement\":[{\"@type\":\"ListItem\",\"position\":1,\"name\":\"Portada\",\"item\":\"https:\\\/\\\/ppdegalicia.com\\\/es\\\/\"},{\"@type\":\"ListItem\",\"position\":2,\"name\":\"O PPdeG lamenta que o BNG volva ali\u00f1arse \u201ccos que insultan a Espa\u00f1a\u201d apoiando \u00e1 presidenta de M\u00e9xico cos seus aliados Esquerra e Bildu\"}]},{\"@type\":\"WebSite\",\"@id\":\"https:\\\/\\\/ppdegalicia.com\\\/es\\\/#website\",\"url\":\"https:\\\/\\\/ppdegalicia.com\\\/es\\\/\",\"name\":\"Partido Popular de Galicia\",\"description\":\"Partido Popular de Galicia\",\"publisher\":{\"@id\":\"https:\\\/\\\/ppdegalicia.com\\\/es\\\/#organization\"},\"alternateName\":\"PP de Galicia\",\"potentialAction\":[{\"@type\":\"SearchAction\",\"target\":{\"@type\":\"EntryPoint\",\"urlTemplate\":\"https:\\\/\\\/ppdegalicia.com\\\/es\\\/?s={search_term_string}\"},\"query-input\":{\"@type\":\"PropertyValueSpecification\",\"valueRequired\":true,\"valueName\":\"search_term_string\"}}],\"inLanguage\":\"es\"},{\"@type\":\"Organization\",\"@id\":\"https:\\\/\\\/ppdegalicia.com\\\/es\\\/#organization\",\"name\":\"Partido Popular de Galicia\",\"alternateName\":\"PP de Galicia\",\"url\":\"https:\\\/\\\/ppdegalicia.com\\\/es\\\/\",\"logo\":{\"@type\":\"ImageObject\",\"inLanguage\":\"es\",\"@id\":\"https:\\\/\\\/ppdegalicia.com\\\/es\\\/#\\\/schema\\\/logo\\\/image\\\/\",\"url\":\"https:\\\/\\\/ppdegalicia.com\\\/wp-content\\\/uploads\\\/2023\\\/04\\\/logoPP512.png\",\"contentUrl\":\"https:\\\/\\\/ppdegalicia.com\\\/wp-content\\\/uploads\\\/2023\\\/04\\\/logoPP512.png\",\"width\":512,\"height\":512,\"caption\":\"Partido Popular de Galicia\"},\"image\":{\"@id\":\"https:\\\/\\\/ppdegalicia.com\\\/es\\\/#\\\/schema\\\/logo\\\/image\\\/\"},\"sameAs\":[\"https:\\\/\\\/www.instagram.com\\\/ppdegalicia\\\/\",\"https:\\\/\\\/x.com\\\/ppdegalicia\",\"https:\\\/\\\/www.tiktok.com\\\/@ppdegalicia\",\"https:\\\/\\\/www.youtube.com\\\/user\\\/ppdegalicia\"]},{\"@type\":\"Person\",\"@id\":\"https:\\\/\\\/ppdegalicia.com\\\/es\\\/#\\\/schema\\\/person\\\/bc9b46e59ebd34bf28611158c3867388\",\"name\":\"ppdegaliciaedtis\",\"image\":{\"@type\":\"ImageObject\",\"inLanguage\":\"es\",\"@id\":\"https:\\\/\\\/secure.gravatar.com\\\/avatar\\\/f9f8cf6e03df54a1b0d04a6b4b8e8c6bd63c10a439752e84d87a5385aefe2ced?s=96&d=mm&r=g\",\"url\":\"https:\\\/\\\/secure.gravatar.com\\\/avatar\\\/f9f8cf6e03df54a1b0d04a6b4b8e8c6bd63c10a439752e84d87a5385aefe2ced?s=96&d=mm&r=g\",\"contentUrl\":\"https:\\\/\\\/secure.gravatar.com\\\/avatar\\\/f9f8cf6e03df54a1b0d04a6b4b8e8c6bd63c10a439752e84d87a5385aefe2ced?s=96&d=mm&r=g\",\"caption\":\"ppdegaliciaedtis\"},\"url\":\"https:\\\/\\\/ppdegalicia.com\\\/es\\\/author\\\/ppdegaliciaedits\\\/\"}]}<\/script>\n<!-- \/ Yoast SEO plugin. -->","yoast_head_json":{"title":"O PPdeG lamenta que o BNG volva ali\u00f1arse \u201ccos que insultan a Espa\u00f1a\u201d apoiando \u00e1 presidenta de M\u00e9xico cos seus aliados Esquerra e Bildu - PP de Galicia","description":"O secretario executivo do Partido Popular no Exterior, o galego Antonio Rodr\u00edguez Miranda, lamentou hoxe que o BNG \u201csempre se ali\u00f1a cos que insultan a Espa\u00f1a, faltan o respecto a todos espa\u00f1ois e sempre est\u00e1n tentando quebrar as s\u00faas instituci\u00f3ns\u201d, en relaci\u00f3n ao seu apoio a M\u00e9xico ante a inxustificada decisi\u00f3n da presidenta electa, Claudia Sheinbaum, de non invitar ao rei Felipe VI a s\u00faa cerimonia de investidura.","robots":{"index":"index","follow":"follow","max-snippet":"max-snippet:-1","max-image-preview":"max-image-preview:large","max-video-preview":"max-video-preview:-1"},"canonical":"https:\/\/ppdegalicia.com\/es\/o-ppdeg-lamenta-que-o-bng-volva-alinarse-cos-que-insultan-a-espana-apoiando-a-mexico-cos-seus-aliados-esquerra-e-bildu\/","og_locale":"es_ES","og_type":"article","og_title":"O PPdeG lamenta que o BNG volva ali\u00f1arse \u201ccos que insultan a Espa\u00f1a\u201d apoiando \u00e1 presidenta de M\u00e9xico cos seus aliados Esquerra e Bildu - PP de Galicia","og_description":"O secretario executivo do Partido Popular no Exterior, o galego Antonio Rodr\u00edguez Miranda, lamentou hoxe que o BNG \u201csempre se ali\u00f1a cos que insultan a Espa\u00f1a, faltan o respecto a todos espa\u00f1ois e sempre est\u00e1n tentando quebrar as s\u00faas instituci\u00f3ns\u201d, en relaci\u00f3n ao seu apoio a M\u00e9xico ante a inxustificada decisi\u00f3n da presidenta electa, Claudia Sheinbaum, de non invitar ao rei Felipe VI a s\u00faa cerimonia de investidura.","og_url":"https:\/\/ppdegalicia.com\/es\/o-ppdeg-lamenta-que-o-bng-volva-alinarse-cos-que-insultan-a-espana-apoiando-a-mexico-cos-seus-aliados-esquerra-e-bildu\/","og_site_name":"PP de Galicia","article_publisher":"https:\/\/www.instagram.com\/ppdegalicia\/","article_published_time":"2024-09-26T15:33:54+00:00","article_modified_time":"2024-09-27T08:39:15+00:00","og_image":[{"width":2560,"height":1707,"url":"https:\/\/ppdegalicia.com\/wp-content\/uploads\/2024\/09\/20240926_AntonioRodriguezMiranda_Exterior-scaled.jpg","type":"image\/jpeg"}],"author":"ppdegaliciaedtis","twitter_card":"summary_large_image","twitter_creator":"@ppdegalicia","twitter_site":"@ppdegalicia","twitter_misc":{"Escrito por":"ppdegaliciaedtis","Tiempo de lectura":"2 minutos"},"schema":{"@context":"https:\/\/schema.org","@graph":[{"@type":"Article","@id":"https:\/\/ppdegalicia.com\/es\/o-ppdeg-lamenta-que-o-bng-volva-alinarse-cos-que-insultan-a-espana-apoiando-a-mexico-cos-seus-aliados-esquerra-e-bildu\/#article","isPartOf":{"@id":"https:\/\/ppdegalicia.com\/es\/o-ppdeg-lamenta-que-o-bng-volva-alinarse-cos-que-insultan-a-espana-apoiando-a-mexico-cos-seus-aliados-esquerra-e-bildu\/"},"author":{"name":"ppdegaliciaedtis","@id":"https:\/\/ppdegalicia.com\/es\/#\/schema\/person\/bc9b46e59ebd34bf28611158c3867388"},"headline":"O PPdeG lamenta que o BNG volva ali\u00f1arse \u201ccos que insultan a Espa\u00f1a\u201d apoiando \u00e1 presidenta de M\u00e9xico cos seus aliados Esquerra e Bildu","datePublished":"2024-09-26T15:33:54+00:00","dateModified":"2024-09-27T08:39:15+00:00","mainEntityOfPage":{"@id":"https:\/\/ppdegalicia.com\/es\/o-ppdeg-lamenta-que-o-bng-volva-alinarse-cos-que-insultan-a-espana-apoiando-a-mexico-cos-seus-aliados-esquerra-e-bildu\/"},"wordCount":277,"publisher":{"@id":"https:\/\/ppdegalicia.com\/es\/#organization"},"image":{"@id":"https:\/\/ppdegalicia.com\/es\/o-ppdeg-lamenta-que-o-bng-volva-alinarse-cos-que-insultan-a-espana-apoiando-a-mexico-cos-seus-aliados-esquerra-e-bildu\/#primaryimage"},"thumbnailUrl":"https:\/\/ppdegalicia.com\/wp-content\/uploads\/2024\/09\/20240926_AntonioRodriguezMiranda_Exterior-scaled.jpg","articleSection":["PP de Galicia"],"inLanguage":"es"},{"@type":"WebPage","@id":"https:\/\/ppdegalicia.com\/es\/o-ppdeg-lamenta-que-o-bng-volva-alinarse-cos-que-insultan-a-espana-apoiando-a-mexico-cos-seus-aliados-esquerra-e-bildu\/","url":"https:\/\/ppdegalicia.com\/es\/o-ppdeg-lamenta-que-o-bng-volva-alinarse-cos-que-insultan-a-espana-apoiando-a-mexico-cos-seus-aliados-esquerra-e-bildu\/","name":"O PPdeG lamenta que o BNG volva ali\u00f1arse \u201ccos que insultan a Espa\u00f1a\u201d apoiando \u00e1 presidenta de M\u00e9xico cos seus aliados Esquerra e Bildu - PP de Galicia","isPartOf":{"@id":"https:\/\/ppdegalicia.com\/es\/#website"},"primaryImageOfPage":{"@id":"https:\/\/ppdegalicia.com\/es\/o-ppdeg-lamenta-que-o-bng-volva-alinarse-cos-que-insultan-a-espana-apoiando-a-mexico-cos-seus-aliados-esquerra-e-bildu\/#primaryimage"},"image":{"@id":"https:\/\/ppdegalicia.com\/es\/o-ppdeg-lamenta-que-o-bng-volva-alinarse-cos-que-insultan-a-espana-apoiando-a-mexico-cos-seus-aliados-esquerra-e-bildu\/#primaryimage"},"thumbnailUrl":"https:\/\/ppdegalicia.com\/wp-content\/uploads\/2024\/09\/20240926_AntonioRodriguezMiranda_Exterior-scaled.jpg","datePublished":"2024-09-26T15:33:54+00:00","dateModified":"2024-09-27T08:39:15+00:00","description":"O secretario executivo do Partido Popular no Exterior, o galego Antonio Rodr\u00edguez Miranda, lamentou hoxe que o BNG \u201csempre se ali\u00f1a cos que insultan a Espa\u00f1a, faltan o respecto a todos espa\u00f1ois e sempre est\u00e1n tentando quebrar as s\u00faas instituci\u00f3ns\u201d, en relaci\u00f3n ao seu apoio a M\u00e9xico ante a inxustificada decisi\u00f3n da presidenta electa, Claudia Sheinbaum, de non invitar ao rei Felipe VI a s\u00faa cerimonia de investidura.","breadcrumb":{"@id":"https:\/\/ppdegalicia.com\/es\/o-ppdeg-lamenta-que-o-bng-volva-alinarse-cos-que-insultan-a-espana-apoiando-a-mexico-cos-seus-aliados-esquerra-e-bildu\/#breadcrumb"},"inLanguage":"es","potentialAction":[{"@type":"ReadAction","target":["https:\/\/ppdegalicia.com\/es\/o-ppdeg-lamenta-que-o-bng-volva-alinarse-cos-que-insultan-a-espana-apoiando-a-mexico-cos-seus-aliados-esquerra-e-bildu\/"]}]},{"@type":"ImageObject","inLanguage":"es","@id":"https:\/\/ppdegalicia.com\/es\/o-ppdeg-lamenta-que-o-bng-volva-alinarse-cos-que-insultan-a-espana-apoiando-a-mexico-cos-seus-aliados-esquerra-e-bildu\/#primaryimage","url":"https:\/\/ppdegalicia.com\/wp-content\/uploads\/2024\/09\/20240926_AntonioRodriguezMiranda_Exterior-scaled.jpg","contentUrl":"https:\/\/ppdegalicia.com\/wp-content\/uploads\/2024\/09\/20240926_AntonioRodriguezMiranda_Exterior-scaled.jpg","width":2560,"height":1707},{"@type":"BreadcrumbList","@id":"https:\/\/ppdegalicia.com\/es\/o-ppdeg-lamenta-que-o-bng-volva-alinarse-cos-que-insultan-a-espana-apoiando-a-mexico-cos-seus-aliados-esquerra-e-bildu\/#breadcrumb","itemListElement":[{"@type":"ListItem","position":1,"name":"Portada","item":"https:\/\/ppdegalicia.com\/es\/"},{"@type":"ListItem","position":2,"name":"O PPdeG lamenta que o BNG volva ali\u00f1arse \u201ccos que insultan a Espa\u00f1a\u201d apoiando \u00e1 presidenta de M\u00e9xico cos seus aliados Esquerra e Bildu"}]},{"@type":"WebSite","@id":"https:\/\/ppdegalicia.com\/es\/#website","url":"https:\/\/ppdegalicia.com\/es\/","name":"Partido Popular de Galicia","description":"Partido Popular de Galicia","publisher":{"@id":"https:\/\/ppdegalicia.com\/es\/#organization"},"alternateName":"PP de Galicia","potentialAction":[{"@type":"SearchAction","target":{"@type":"EntryPoint","urlTemplate":"https:\/\/ppdegalicia.com\/es\/?s={search_term_string}"},"query-input":{"@type":"PropertyValueSpecification","valueRequired":true,"valueName":"search_term_string"}}],"inLanguage":"es"},{"@type":"Organization","@id":"https:\/\/ppdegalicia.com\/es\/#organization","name":"Partido Popular de Galicia","alternateName":"PP de Galicia","url":"https:\/\/ppdegalicia.com\/es\/","logo":{"@type":"ImageObject","inLanguage":"es","@id":"https:\/\/ppdegalicia.com\/es\/#\/schema\/logo\/image\/","url":"https:\/\/ppdegalicia.com\/wp-content\/uploads\/2023\/04\/logoPP512.png","contentUrl":"https:\/\/ppdegalicia.com\/wp-content\/uploads\/2023\/04\/logoPP512.png","width":512,"height":512,"caption":"Partido Popular de Galicia"},"image":{"@id":"https:\/\/ppdegalicia.com\/es\/#\/schema\/logo\/image\/"},"sameAs":["https:\/\/www.instagram.com\/ppdegalicia\/","https:\/\/x.com\/ppdegalicia","https:\/\/www.tiktok.com\/@ppdegalicia","https:\/\/www.youtube.com\/user\/ppdegalicia"]},{"@type":"Person","@id":"https:\/\/ppdegalicia.com\/es\/#\/schema\/person\/bc9b46e59ebd34bf28611158c3867388","name":"ppdegaliciaedtis","image":{"@type":"ImageObject","inLanguage":"es","@id":"https:\/\/secure.gravatar.com\/avatar\/f9f8cf6e03df54a1b0d04a6b4b8e8c6bd63c10a439752e84d87a5385aefe2ced?s=96&d=mm&r=g","url":"https:\/\/secure.gravatar.com\/avatar\/f9f8cf6e03df54a1b0d04a6b4b8e8c6bd63c10a439752e84d87a5385aefe2ced?s=96&d=mm&r=g","contentUrl":"https:\/\/secure.gravatar.com\/avatar\/f9f8cf6e03df54a1b0d04a6b4b8e8c6bd63c10a439752e84d87a5385aefe2ced?s=96&d=mm&r=g","caption":"ppdegaliciaedtis"},"url":"https:\/\/ppdegalicia.com\/es\/author\/ppdegaliciaedits\/"}]}},"_links":{"self":[{"href":"https:\/\/ppdegalicia.com\/es\/wp-json\/wp\/v2\/posts\/64349","targetHints":{"allow":["GET"]}}],"collection":[{"href":"https:\/\/ppdegalicia.com\/es\/wp-json\/wp\/v2\/posts"}],"about":[{"href":"https:\/\/ppdegalicia.com\/es\/wp-json\/wp\/v2\/types\/post"}],"author":[{"embeddable":true,"href":"https:\/\/ppdegalicia.com\/es\/wp-json\/wp\/v2\/users\/40"}],"replies":[{"embeddable":true,"href":"https:\/\/ppdegalicia.com\/es\/wp-json\/wp\/v2\/comments?post=64349"}],"version-history":[{"count":3,"href":"https:\/\/ppdegalicia.com\/es\/wp-json\/wp\/v2\/posts\/64349\/revisions"}],"predecessor-version":[{"id":64354,"href":"https:\/\/ppdegalicia.com\/es\/wp-json\/wp\/v2\/posts\/64349\/revisions\/64354"}],"wp:featuredmedia":[{"embeddable":true,"href":"https:\/\/ppdegalicia.com\/es\/wp-json\/wp\/v2\/media\/64350"}],"wp:attachment":[{"href":"https:\/\/ppdegalicia.com\/es\/wp-json\/wp\/v2\/media?parent=64349"}],"wp:term":[{"taxonomy":"category","embeddable":true,"href":"https:\/\/ppdegalicia.com\/es\/wp-json\/wp\/v2\/categories?post=64349"},{"taxonomy":"post_tag","embeddable":true,"href":"https:\/\/ppdegalicia.com\/es\/wp-json\/wp\/v2\/tags?post=64349"}],"curies":[{"name":"wp","href":"https:\/\/api.w.org\/{rel}","templated":true}]}}