{"id":64522,"date":"2024-10-08T11:26:51","date_gmt":"2024-10-08T10:26:51","guid":{"rendered":"https:\/\/ppdegalicia.com\/?p=64522"},"modified":"2024-10-14T11:29:49","modified_gmt":"2024-10-14T10:29:49","slug":"o-grupo-popular-critica-a-hipocrisia-sen-limites-do-bng-ao-rexeitar-proxectos-industrias-en-galicia-e-ao-mesmo-tempo-pedir-no-parlamento-evitar-a-deslocalizacion-de-empresas","status":"publish","type":"post","link":"https:\/\/ppdegalicia.com\/es\/o-grupo-popular-critica-a-hipocrisia-sen-limites-do-bng-ao-rexeitar-proxectos-industrias-en-galicia-e-ao-mesmo-tempo-pedir-no-parlamento-evitar-a-deslocalizacion-de-empresas\/","title":{"rendered":"O Grupo Popular critica a \u201chipocris\u00eda sen l\u00edmites\u201d do BNG ao rexeitar proxectos industrias en Galicia e ao mesmo tempo pedir no Parlamento evitar a deslocalizaci\u00f3n de empresas"},"content":{"rendered":"<p>O portavoz de Industria do Grupo Popular, Rub\u00e9n Lorenzo, criticou a \u201chipocris\u00eda sen l\u00edmites do BNG ao rexeitar, unha e outra vez proxectos industriais que pretenden localizarse en Galicia e vir hoxe ao Pleno do Parlamento galego cunha iniciativa para evitar a deslocalizaci\u00f3n de empresas en Galicia\u201d.<\/p>\n<p>Rub\u00e9n Lorenzo explicou que \u201co Goberno galego traballa para po\u00f1er ao dispor das empresas instrumentos e medidas de apoio que contrib\u00faen \u00e1 creaci\u00f3n e mantemento do emprego e a mellora da s\u00faa competitividade, na procura de que mante\u00f1an e potencien a s\u00faa actividade en Galicia\u201d. \u201cE avanza nunha estratexia de pol\u00edtica industrial para facilitar a implantaci\u00f3n e consolidaci\u00f3n das iniciativas empresariais en Galicia, apostando pola reduci\u00f3n da burocracia\u201d, indicou.<\/p>\n<p><strong>CONTORNA FAVORABLE<\/strong><\/p>\n<p>As\u00ed mesmo, destacou que o Goberno galego avoga polo \u201cbinomio enerx\u00eda-industria, co obxectivo de impulsar a atracci\u00f3n de empresas e industrias, as\u00ed como o crecemento e a consolidaci\u00f3n de empresas, para o que est\u00e1 implementando unha serie de medidas dirixidas a fomentar a competitividade e sustentabilidade do tecido industrial e, deste xeito, evitar a deslocalizaci\u00f3n\u201d.<\/p>\n<p>\u201cEstas medidas c\u00e9ntranse en crear unha contorna favorable para o investimento, apoiar a reindustrializaci\u00f3n e fomentar a colaboraci\u00f3n p\u00fablico-privada\u201d, dixo o portavoz popular, quen puxo como exemplo iniciativas como a disposici\u00f3n de solo industrial gratu\u00edto durante 8 anos para as empresas, a creaci\u00f3n da Oficina Econ\u00f3mica de Galicia, os incentivos e instrumentos que impulsan a atracci\u00f3n de empresas, o plan auton\u00f3mico de impulso e aceleraci\u00f3n de proxectos industriais ou o impulso da colaboraci\u00f3n p\u00fablico-privada, inclu\u00edda a posta en marcha da entidade Recursos de Galicia.<\/p>\n","protected":false},"excerpt":{"rendered":"<p>O portavoz de Industria do Grupo Popular, Rub\u00e9n Lorenzo, criticou a \u201chipocris\u00eda sen l\u00edmites do BNG ao rexeitar, unha e outra vez proxectos industriais que pretenden localizarse en Galicia e vir hoxe ao Pleno do Parlamento galego cunha iniciativa para evitar a deslocalizaci\u00f3n de empresas en Galicia\u201d. Rub\u00e9n Lorenzo explicou que \u201co Goberno galego traballa [&hellip;]<\/p>\n","protected":false},"author":40,"featured_media":64523,"comment_status":"closed","ping_status":"open","sticky":false,"template":"","format":"standard","meta":{"_acf_changed":false,"footnotes":""},"categories":[1128],"tags":[],"class_list":["post-64522","post","type-post","status-publish","format-standard","has-post-thumbnail","hentry","category-actualidad-parlamento-de-galicia"],"acf":[],"yoast_head":"<!-- This site is optimized with the Yoast SEO plugin v27.3 - https:\/\/yoast.com\/product\/yoast-seo-wordpress\/ -->\n<title>O Grupo Popular critica a \u201chipocris\u00eda sen l\u00edmites\u201d do BNG ao rexeitar proxectos industrias en Galicia e ao mesmo tempo pedir no Parlamento evitar a deslocalizaci\u00f3n de empresas - PP de Galicia<\/title>\n<meta name=\"description\" content=\"O portavoz de Industria do Grupo Popular, Rub\u00e9n Lorenzo, criticou a \u201chipocris\u00eda sen l\u00edmites do BNG ao rexeitar, unha e outra vez proxectos industriais que pretenden localizarse en Galicia e vir hoxe ao Pleno do Parlamento galego cunha iniciativa para evitar a deslocalizaci\u00f3n de empresas en Galicia\u201d.\" \/>\n<meta name=\"robots\" content=\"index, follow, max-snippet:-1, max-image-preview:large, max-video-preview:-1\" \/>\n<link rel=\"canonical\" href=\"https:\/\/ppdegalicia.com\/es\/o-grupo-popular-critica-a-hipocrisia-sen-limites-do-bng-ao-rexeitar-proxectos-industrias-en-galicia-e-ao-mesmo-tempo-pedir-no-parlamento-evitar-a-deslocalizacion-de-empresas\/\" \/>\n<meta property=\"og:locale\" content=\"es_ES\" \/>\n<meta property=\"og:type\" content=\"article\" \/>\n<meta property=\"og:title\" content=\"O Grupo Popular critica a \u201chipocris\u00eda sen l\u00edmites\u201d do BNG ao rexeitar proxectos industrias en Galicia e ao mesmo tempo pedir no Parlamento evitar a deslocalizaci\u00f3n de empresas - PP de Galicia\" \/>\n<meta property=\"og:description\" content=\"O portavoz de Industria do Grupo Popular, Rub\u00e9n Lorenzo, criticou a \u201chipocris\u00eda sen l\u00edmites do BNG ao rexeitar, unha e outra vez proxectos industriais que pretenden localizarse en Galicia e vir hoxe ao Pleno do Parlamento galego cunha iniciativa para evitar a deslocalizaci\u00f3n de empresas en Galicia\u201d.\" \/>\n<meta property=\"og:url\" content=\"https:\/\/ppdegalicia.com\/es\/o-grupo-popular-critica-a-hipocrisia-sen-limites-do-bng-ao-rexeitar-proxectos-industrias-en-galicia-e-ao-mesmo-tempo-pedir-no-parlamento-evitar-a-deslocalizacion-de-empresas\/\" \/>\n<meta property=\"og:site_name\" content=\"PP de Galicia\" \/>\n<meta property=\"article:publisher\" content=\"https:\/\/www.instagram.com\/ppdegalicia\/\" \/>\n<meta property=\"article:published_time\" content=\"2024-10-08T10:26:51+00:00\" \/>\n<meta property=\"article:modified_time\" content=\"2024-10-14T10:29:49+00:00\" \/>\n<meta property=\"og:image\" content=\"https:\/\/ppdegalicia.com\/wp-content\/uploads\/2024\/10\/20241009_Pleno_ordinario57-scaled.jpg\" \/>\n\t<meta property=\"og:image:width\" content=\"2560\" \/>\n\t<meta property=\"og:image:height\" content=\"1707\" \/>\n\t<meta property=\"og:image:type\" content=\"image\/jpeg\" \/>\n<meta name=\"author\" content=\"ppdegaliciaedtis\" \/>\n<meta name=\"twitter:card\" content=\"summary_large_image\" \/>\n<meta name=\"twitter:creator\" content=\"@ppdegalicia\" \/>\n<meta name=\"twitter:site\" content=\"@ppdegalicia\" \/>\n<meta name=\"twitter:label1\" content=\"Escrito por\" \/>\n\t<meta name=\"twitter:data1\" content=\"ppdegaliciaedtis\" \/>\n\t<meta name=\"twitter:label2\" content=\"Tiempo de lectura\" \/>\n\t<meta name=\"twitter:data2\" content=\"2 minutos\" \/>\n<script type=\"application\/ld+json\" class=\"yoast-schema-graph\">{\"@context\":\"https:\\\/\\\/schema.org\",\"@graph\":[{\"@type\":\"Article\",\"@id\":\"https:\\\/\\\/ppdegalicia.com\\\/es\\\/o-grupo-popular-critica-a-hipocrisia-sen-limites-do-bng-ao-rexeitar-proxectos-industrias-en-galicia-e-ao-mesmo-tempo-pedir-no-parlamento-evitar-a-deslocalizacion-de-empresas\\\/#article\",\"isPartOf\":{\"@id\":\"https:\\\/\\\/ppdegalicia.com\\\/es\\\/o-grupo-popular-critica-a-hipocrisia-sen-limites-do-bng-ao-rexeitar-proxectos-industrias-en-galicia-e-ao-mesmo-tempo-pedir-no-parlamento-evitar-a-deslocalizacion-de-empresas\\\/\"},\"author\":{\"name\":\"ppdegaliciaedtis\",\"@id\":\"https:\\\/\\\/ppdegalicia.com\\\/es\\\/#\\\/schema\\\/person\\\/bc9b46e59ebd34bf28611158c3867388\"},\"headline\":\"O Grupo Popular critica a \u201chipocris\u00eda sen l\u00edmites\u201d do BNG ao rexeitar proxectos industrias en Galicia e ao mesmo tempo pedir no Parlamento evitar a deslocalizaci\u00f3n de empresas\",\"datePublished\":\"2024-10-08T10:26:51+00:00\",\"dateModified\":\"2024-10-14T10:29:49+00:00\",\"mainEntityOfPage\":{\"@id\":\"https:\\\/\\\/ppdegalicia.com\\\/es\\\/o-grupo-popular-critica-a-hipocrisia-sen-limites-do-bng-ao-rexeitar-proxectos-industrias-en-galicia-e-ao-mesmo-tempo-pedir-no-parlamento-evitar-a-deslocalizacion-de-empresas\\\/\"},\"wordCount\":319,\"publisher\":{\"@id\":\"https:\\\/\\\/ppdegalicia.com\\\/es\\\/#organization\"},\"image\":{\"@id\":\"https:\\\/\\\/ppdegalicia.com\\\/es\\\/o-grupo-popular-critica-a-hipocrisia-sen-limites-do-bng-ao-rexeitar-proxectos-industrias-en-galicia-e-ao-mesmo-tempo-pedir-no-parlamento-evitar-a-deslocalizacion-de-empresas\\\/#primaryimage\"},\"thumbnailUrl\":\"https:\\\/\\\/ppdegalicia.com\\\/wp-content\\\/uploads\\\/2024\\\/10\\\/20241009_Pleno_ordinario57-scaled.jpg\",\"articleSection\":[\"Parlamento de Galicia\"],\"inLanguage\":\"es\"},{\"@type\":\"WebPage\",\"@id\":\"https:\\\/\\\/ppdegalicia.com\\\/es\\\/o-grupo-popular-critica-a-hipocrisia-sen-limites-do-bng-ao-rexeitar-proxectos-industrias-en-galicia-e-ao-mesmo-tempo-pedir-no-parlamento-evitar-a-deslocalizacion-de-empresas\\\/\",\"url\":\"https:\\\/\\\/ppdegalicia.com\\\/es\\\/o-grupo-popular-critica-a-hipocrisia-sen-limites-do-bng-ao-rexeitar-proxectos-industrias-en-galicia-e-ao-mesmo-tempo-pedir-no-parlamento-evitar-a-deslocalizacion-de-empresas\\\/\",\"name\":\"O Grupo Popular critica a \u201chipocris\u00eda sen l\u00edmites\u201d do BNG ao rexeitar proxectos industrias en Galicia e ao mesmo tempo pedir no Parlamento evitar a deslocalizaci\u00f3n de empresas - PP de Galicia\",\"isPartOf\":{\"@id\":\"https:\\\/\\\/ppdegalicia.com\\\/es\\\/#website\"},\"primaryImageOfPage\":{\"@id\":\"https:\\\/\\\/ppdegalicia.com\\\/es\\\/o-grupo-popular-critica-a-hipocrisia-sen-limites-do-bng-ao-rexeitar-proxectos-industrias-en-galicia-e-ao-mesmo-tempo-pedir-no-parlamento-evitar-a-deslocalizacion-de-empresas\\\/#primaryimage\"},\"image\":{\"@id\":\"https:\\\/\\\/ppdegalicia.com\\\/es\\\/o-grupo-popular-critica-a-hipocrisia-sen-limites-do-bng-ao-rexeitar-proxectos-industrias-en-galicia-e-ao-mesmo-tempo-pedir-no-parlamento-evitar-a-deslocalizacion-de-empresas\\\/#primaryimage\"},\"thumbnailUrl\":\"https:\\\/\\\/ppdegalicia.com\\\/wp-content\\\/uploads\\\/2024\\\/10\\\/20241009_Pleno_ordinario57-scaled.jpg\",\"datePublished\":\"2024-10-08T10:26:51+00:00\",\"dateModified\":\"2024-10-14T10:29:49+00:00\",\"description\":\"O portavoz de Industria do Grupo Popular, Rub\u00e9n Lorenzo, criticou a \u201chipocris\u00eda sen l\u00edmites do BNG ao rexeitar, unha e outra vez proxectos industriais que pretenden localizarse en Galicia e vir hoxe ao Pleno do Parlamento galego cunha iniciativa para evitar a deslocalizaci\u00f3n de empresas en Galicia\u201d.\",\"breadcrumb\":{\"@id\":\"https:\\\/\\\/ppdegalicia.com\\\/es\\\/o-grupo-popular-critica-a-hipocrisia-sen-limites-do-bng-ao-rexeitar-proxectos-industrias-en-galicia-e-ao-mesmo-tempo-pedir-no-parlamento-evitar-a-deslocalizacion-de-empresas\\\/#breadcrumb\"},\"inLanguage\":\"es\",\"potentialAction\":[{\"@type\":\"ReadAction\",\"target\":[\"https:\\\/\\\/ppdegalicia.com\\\/es\\\/o-grupo-popular-critica-a-hipocrisia-sen-limites-do-bng-ao-rexeitar-proxectos-industrias-en-galicia-e-ao-mesmo-tempo-pedir-no-parlamento-evitar-a-deslocalizacion-de-empresas\\\/\"]}]},{\"@type\":\"ImageObject\",\"inLanguage\":\"es\",\"@id\":\"https:\\\/\\\/ppdegalicia.com\\\/es\\\/o-grupo-popular-critica-a-hipocrisia-sen-limites-do-bng-ao-rexeitar-proxectos-industrias-en-galicia-e-ao-mesmo-tempo-pedir-no-parlamento-evitar-a-deslocalizacion-de-empresas\\\/#primaryimage\",\"url\":\"https:\\\/\\\/ppdegalicia.com\\\/wp-content\\\/uploads\\\/2024\\\/10\\\/20241009_Pleno_ordinario57-scaled.jpg\",\"contentUrl\":\"https:\\\/\\\/ppdegalicia.com\\\/wp-content\\\/uploads\\\/2024\\\/10\\\/20241009_Pleno_ordinario57-scaled.jpg\",\"width\":2560,\"height\":1707},{\"@type\":\"BreadcrumbList\",\"@id\":\"https:\\\/\\\/ppdegalicia.com\\\/es\\\/o-grupo-popular-critica-a-hipocrisia-sen-limites-do-bng-ao-rexeitar-proxectos-industrias-en-galicia-e-ao-mesmo-tempo-pedir-no-parlamento-evitar-a-deslocalizacion-de-empresas\\\/#breadcrumb\",\"itemListElement\":[{\"@type\":\"ListItem\",\"position\":1,\"name\":\"Portada\",\"item\":\"https:\\\/\\\/ppdegalicia.com\\\/es\\\/\"},{\"@type\":\"ListItem\",\"position\":2,\"name\":\"O Grupo Popular critica a \u201chipocris\u00eda sen l\u00edmites\u201d do BNG ao rexeitar proxectos industrias en Galicia e ao mesmo tempo pedir no Parlamento evitar a deslocalizaci\u00f3n de empresas\"}]},{\"@type\":\"WebSite\",\"@id\":\"https:\\\/\\\/ppdegalicia.com\\\/es\\\/#website\",\"url\":\"https:\\\/\\\/ppdegalicia.com\\\/es\\\/\",\"name\":\"Partido Popular de Galicia\",\"description\":\"Partido Popular de Galicia\",\"publisher\":{\"@id\":\"https:\\\/\\\/ppdegalicia.com\\\/es\\\/#organization\"},\"alternateName\":\"PP de Galicia\",\"potentialAction\":[{\"@type\":\"SearchAction\",\"target\":{\"@type\":\"EntryPoint\",\"urlTemplate\":\"https:\\\/\\\/ppdegalicia.com\\\/es\\\/?s={search_term_string}\"},\"query-input\":{\"@type\":\"PropertyValueSpecification\",\"valueRequired\":true,\"valueName\":\"search_term_string\"}}],\"inLanguage\":\"es\"},{\"@type\":\"Organization\",\"@id\":\"https:\\\/\\\/ppdegalicia.com\\\/es\\\/#organization\",\"name\":\"Partido Popular de Galicia\",\"alternateName\":\"PP de Galicia\",\"url\":\"https:\\\/\\\/ppdegalicia.com\\\/es\\\/\",\"logo\":{\"@type\":\"ImageObject\",\"inLanguage\":\"es\",\"@id\":\"https:\\\/\\\/ppdegalicia.com\\\/es\\\/#\\\/schema\\\/logo\\\/image\\\/\",\"url\":\"https:\\\/\\\/ppdegalicia.com\\\/wp-content\\\/uploads\\\/2023\\\/04\\\/logoPP512.png\",\"contentUrl\":\"https:\\\/\\\/ppdegalicia.com\\\/wp-content\\\/uploads\\\/2023\\\/04\\\/logoPP512.png\",\"width\":512,\"height\":512,\"caption\":\"Partido Popular de Galicia\"},\"image\":{\"@id\":\"https:\\\/\\\/ppdegalicia.com\\\/es\\\/#\\\/schema\\\/logo\\\/image\\\/\"},\"sameAs\":[\"https:\\\/\\\/www.instagram.com\\\/ppdegalicia\\\/\",\"https:\\\/\\\/x.com\\\/ppdegalicia\",\"https:\\\/\\\/www.tiktok.com\\\/@ppdegalicia\",\"https:\\\/\\\/www.youtube.com\\\/user\\\/ppdegalicia\"]},{\"@type\":\"Person\",\"@id\":\"https:\\\/\\\/ppdegalicia.com\\\/es\\\/#\\\/schema\\\/person\\\/bc9b46e59ebd34bf28611158c3867388\",\"name\":\"ppdegaliciaedtis\",\"image\":{\"@type\":\"ImageObject\",\"inLanguage\":\"es\",\"@id\":\"https:\\\/\\\/secure.gravatar.com\\\/avatar\\\/f9f8cf6e03df54a1b0d04a6b4b8e8c6bd63c10a439752e84d87a5385aefe2ced?s=96&d=mm&r=g\",\"url\":\"https:\\\/\\\/secure.gravatar.com\\\/avatar\\\/f9f8cf6e03df54a1b0d04a6b4b8e8c6bd63c10a439752e84d87a5385aefe2ced?s=96&d=mm&r=g\",\"contentUrl\":\"https:\\\/\\\/secure.gravatar.com\\\/avatar\\\/f9f8cf6e03df54a1b0d04a6b4b8e8c6bd63c10a439752e84d87a5385aefe2ced?s=96&d=mm&r=g\",\"caption\":\"ppdegaliciaedtis\"},\"url\":\"https:\\\/\\\/ppdegalicia.com\\\/es\\\/author\\\/ppdegaliciaedits\\\/\"}]}<\/script>\n<!-- \/ Yoast SEO plugin. -->","yoast_head_json":{"title":"O Grupo Popular critica a \u201chipocris\u00eda sen l\u00edmites\u201d do BNG ao rexeitar proxectos industrias en Galicia e ao mesmo tempo pedir no Parlamento evitar a deslocalizaci\u00f3n de empresas - PP de Galicia","description":"O portavoz de Industria do Grupo Popular, Rub\u00e9n Lorenzo, criticou a \u201chipocris\u00eda sen l\u00edmites do BNG ao rexeitar, unha e outra vez proxectos industriais que pretenden localizarse en Galicia e vir hoxe ao Pleno do Parlamento galego cunha iniciativa para evitar a deslocalizaci\u00f3n de empresas en Galicia\u201d.","robots":{"index":"index","follow":"follow","max-snippet":"max-snippet:-1","max-image-preview":"max-image-preview:large","max-video-preview":"max-video-preview:-1"},"canonical":"https:\/\/ppdegalicia.com\/es\/o-grupo-popular-critica-a-hipocrisia-sen-limites-do-bng-ao-rexeitar-proxectos-industrias-en-galicia-e-ao-mesmo-tempo-pedir-no-parlamento-evitar-a-deslocalizacion-de-empresas\/","og_locale":"es_ES","og_type":"article","og_title":"O Grupo Popular critica a \u201chipocris\u00eda sen l\u00edmites\u201d do BNG ao rexeitar proxectos industrias en Galicia e ao mesmo tempo pedir no Parlamento evitar a deslocalizaci\u00f3n de empresas - PP de Galicia","og_description":"O portavoz de Industria do Grupo Popular, Rub\u00e9n Lorenzo, criticou a \u201chipocris\u00eda sen l\u00edmites do BNG ao rexeitar, unha e outra vez proxectos industriais que pretenden localizarse en Galicia e vir hoxe ao Pleno do Parlamento galego cunha iniciativa para evitar a deslocalizaci\u00f3n de empresas en Galicia\u201d.","og_url":"https:\/\/ppdegalicia.com\/es\/o-grupo-popular-critica-a-hipocrisia-sen-limites-do-bng-ao-rexeitar-proxectos-industrias-en-galicia-e-ao-mesmo-tempo-pedir-no-parlamento-evitar-a-deslocalizacion-de-empresas\/","og_site_name":"PP de Galicia","article_publisher":"https:\/\/www.instagram.com\/ppdegalicia\/","article_published_time":"2024-10-08T10:26:51+00:00","article_modified_time":"2024-10-14T10:29:49+00:00","og_image":[{"width":2560,"height":1707,"url":"https:\/\/ppdegalicia.com\/wp-content\/uploads\/2024\/10\/20241009_Pleno_ordinario57-scaled.jpg","type":"image\/jpeg"}],"author":"ppdegaliciaedtis","twitter_card":"summary_large_image","twitter_creator":"@ppdegalicia","twitter_site":"@ppdegalicia","twitter_misc":{"Escrito por":"ppdegaliciaedtis","Tiempo de lectura":"2 minutos"},"schema":{"@context":"https:\/\/schema.org","@graph":[{"@type":"Article","@id":"https:\/\/ppdegalicia.com\/es\/o-grupo-popular-critica-a-hipocrisia-sen-limites-do-bng-ao-rexeitar-proxectos-industrias-en-galicia-e-ao-mesmo-tempo-pedir-no-parlamento-evitar-a-deslocalizacion-de-empresas\/#article","isPartOf":{"@id":"https:\/\/ppdegalicia.com\/es\/o-grupo-popular-critica-a-hipocrisia-sen-limites-do-bng-ao-rexeitar-proxectos-industrias-en-galicia-e-ao-mesmo-tempo-pedir-no-parlamento-evitar-a-deslocalizacion-de-empresas\/"},"author":{"name":"ppdegaliciaedtis","@id":"https:\/\/ppdegalicia.com\/es\/#\/schema\/person\/bc9b46e59ebd34bf28611158c3867388"},"headline":"O Grupo Popular critica a \u201chipocris\u00eda sen l\u00edmites\u201d do BNG ao rexeitar proxectos industrias en Galicia e ao mesmo tempo pedir no Parlamento evitar a deslocalizaci\u00f3n de empresas","datePublished":"2024-10-08T10:26:51+00:00","dateModified":"2024-10-14T10:29:49+00:00","mainEntityOfPage":{"@id":"https:\/\/ppdegalicia.com\/es\/o-grupo-popular-critica-a-hipocrisia-sen-limites-do-bng-ao-rexeitar-proxectos-industrias-en-galicia-e-ao-mesmo-tempo-pedir-no-parlamento-evitar-a-deslocalizacion-de-empresas\/"},"wordCount":319,"publisher":{"@id":"https:\/\/ppdegalicia.com\/es\/#organization"},"image":{"@id":"https:\/\/ppdegalicia.com\/es\/o-grupo-popular-critica-a-hipocrisia-sen-limites-do-bng-ao-rexeitar-proxectos-industrias-en-galicia-e-ao-mesmo-tempo-pedir-no-parlamento-evitar-a-deslocalizacion-de-empresas\/#primaryimage"},"thumbnailUrl":"https:\/\/ppdegalicia.com\/wp-content\/uploads\/2024\/10\/20241009_Pleno_ordinario57-scaled.jpg","articleSection":["Parlamento de Galicia"],"inLanguage":"es"},{"@type":"WebPage","@id":"https:\/\/ppdegalicia.com\/es\/o-grupo-popular-critica-a-hipocrisia-sen-limites-do-bng-ao-rexeitar-proxectos-industrias-en-galicia-e-ao-mesmo-tempo-pedir-no-parlamento-evitar-a-deslocalizacion-de-empresas\/","url":"https:\/\/ppdegalicia.com\/es\/o-grupo-popular-critica-a-hipocrisia-sen-limites-do-bng-ao-rexeitar-proxectos-industrias-en-galicia-e-ao-mesmo-tempo-pedir-no-parlamento-evitar-a-deslocalizacion-de-empresas\/","name":"O Grupo Popular critica a \u201chipocris\u00eda sen l\u00edmites\u201d do BNG ao rexeitar proxectos industrias en Galicia e ao mesmo tempo pedir no Parlamento evitar a deslocalizaci\u00f3n de empresas - PP de Galicia","isPartOf":{"@id":"https:\/\/ppdegalicia.com\/es\/#website"},"primaryImageOfPage":{"@id":"https:\/\/ppdegalicia.com\/es\/o-grupo-popular-critica-a-hipocrisia-sen-limites-do-bng-ao-rexeitar-proxectos-industrias-en-galicia-e-ao-mesmo-tempo-pedir-no-parlamento-evitar-a-deslocalizacion-de-empresas\/#primaryimage"},"image":{"@id":"https:\/\/ppdegalicia.com\/es\/o-grupo-popular-critica-a-hipocrisia-sen-limites-do-bng-ao-rexeitar-proxectos-industrias-en-galicia-e-ao-mesmo-tempo-pedir-no-parlamento-evitar-a-deslocalizacion-de-empresas\/#primaryimage"},"thumbnailUrl":"https:\/\/ppdegalicia.com\/wp-content\/uploads\/2024\/10\/20241009_Pleno_ordinario57-scaled.jpg","datePublished":"2024-10-08T10:26:51+00:00","dateModified":"2024-10-14T10:29:49+00:00","description":"O portavoz de Industria do Grupo Popular, Rub\u00e9n Lorenzo, criticou a \u201chipocris\u00eda sen l\u00edmites do BNG ao rexeitar, unha e outra vez proxectos industriais que pretenden localizarse en Galicia e vir hoxe ao Pleno do Parlamento galego cunha iniciativa para evitar a deslocalizaci\u00f3n de empresas en Galicia\u201d.","breadcrumb":{"@id":"https:\/\/ppdegalicia.com\/es\/o-grupo-popular-critica-a-hipocrisia-sen-limites-do-bng-ao-rexeitar-proxectos-industrias-en-galicia-e-ao-mesmo-tempo-pedir-no-parlamento-evitar-a-deslocalizacion-de-empresas\/#breadcrumb"},"inLanguage":"es","potentialAction":[{"@type":"ReadAction","target":["https:\/\/ppdegalicia.com\/es\/o-grupo-popular-critica-a-hipocrisia-sen-limites-do-bng-ao-rexeitar-proxectos-industrias-en-galicia-e-ao-mesmo-tempo-pedir-no-parlamento-evitar-a-deslocalizacion-de-empresas\/"]}]},{"@type":"ImageObject","inLanguage":"es","@id":"https:\/\/ppdegalicia.com\/es\/o-grupo-popular-critica-a-hipocrisia-sen-limites-do-bng-ao-rexeitar-proxectos-industrias-en-galicia-e-ao-mesmo-tempo-pedir-no-parlamento-evitar-a-deslocalizacion-de-empresas\/#primaryimage","url":"https:\/\/ppdegalicia.com\/wp-content\/uploads\/2024\/10\/20241009_Pleno_ordinario57-scaled.jpg","contentUrl":"https:\/\/ppdegalicia.com\/wp-content\/uploads\/2024\/10\/20241009_Pleno_ordinario57-scaled.jpg","width":2560,"height":1707},{"@type":"BreadcrumbList","@id":"https:\/\/ppdegalicia.com\/es\/o-grupo-popular-critica-a-hipocrisia-sen-limites-do-bng-ao-rexeitar-proxectos-industrias-en-galicia-e-ao-mesmo-tempo-pedir-no-parlamento-evitar-a-deslocalizacion-de-empresas\/#breadcrumb","itemListElement":[{"@type":"ListItem","position":1,"name":"Portada","item":"https:\/\/ppdegalicia.com\/es\/"},{"@type":"ListItem","position":2,"name":"O Grupo Popular critica a \u201chipocris\u00eda sen l\u00edmites\u201d do BNG ao rexeitar proxectos industrias en Galicia e ao mesmo tempo pedir no Parlamento evitar a deslocalizaci\u00f3n de empresas"}]},{"@type":"WebSite","@id":"https:\/\/ppdegalicia.com\/es\/#website","url":"https:\/\/ppdegalicia.com\/es\/","name":"Partido Popular de Galicia","description":"Partido Popular de Galicia","publisher":{"@id":"https:\/\/ppdegalicia.com\/es\/#organization"},"alternateName":"PP de Galicia","potentialAction":[{"@type":"SearchAction","target":{"@type":"EntryPoint","urlTemplate":"https:\/\/ppdegalicia.com\/es\/?s={search_term_string}"},"query-input":{"@type":"PropertyValueSpecification","valueRequired":true,"valueName":"search_term_string"}}],"inLanguage":"es"},{"@type":"Organization","@id":"https:\/\/ppdegalicia.com\/es\/#organization","name":"Partido Popular de Galicia","alternateName":"PP de Galicia","url":"https:\/\/ppdegalicia.com\/es\/","logo":{"@type":"ImageObject","inLanguage":"es","@id":"https:\/\/ppdegalicia.com\/es\/#\/schema\/logo\/image\/","url":"https:\/\/ppdegalicia.com\/wp-content\/uploads\/2023\/04\/logoPP512.png","contentUrl":"https:\/\/ppdegalicia.com\/wp-content\/uploads\/2023\/04\/logoPP512.png","width":512,"height":512,"caption":"Partido Popular de Galicia"},"image":{"@id":"https:\/\/ppdegalicia.com\/es\/#\/schema\/logo\/image\/"},"sameAs":["https:\/\/www.instagram.com\/ppdegalicia\/","https:\/\/x.com\/ppdegalicia","https:\/\/www.tiktok.com\/@ppdegalicia","https:\/\/www.youtube.com\/user\/ppdegalicia"]},{"@type":"Person","@id":"https:\/\/ppdegalicia.com\/es\/#\/schema\/person\/bc9b46e59ebd34bf28611158c3867388","name":"ppdegaliciaedtis","image":{"@type":"ImageObject","inLanguage":"es","@id":"https:\/\/secure.gravatar.com\/avatar\/f9f8cf6e03df54a1b0d04a6b4b8e8c6bd63c10a439752e84d87a5385aefe2ced?s=96&d=mm&r=g","url":"https:\/\/secure.gravatar.com\/avatar\/f9f8cf6e03df54a1b0d04a6b4b8e8c6bd63c10a439752e84d87a5385aefe2ced?s=96&d=mm&r=g","contentUrl":"https:\/\/secure.gravatar.com\/avatar\/f9f8cf6e03df54a1b0d04a6b4b8e8c6bd63c10a439752e84d87a5385aefe2ced?s=96&d=mm&r=g","caption":"ppdegaliciaedtis"},"url":"https:\/\/ppdegalicia.com\/es\/author\/ppdegaliciaedits\/"}]}},"_links":{"self":[{"href":"https:\/\/ppdegalicia.com\/es\/wp-json\/wp\/v2\/posts\/64522","targetHints":{"allow":["GET"]}}],"collection":[{"href":"https:\/\/ppdegalicia.com\/es\/wp-json\/wp\/v2\/posts"}],"about":[{"href":"https:\/\/ppdegalicia.com\/es\/wp-json\/wp\/v2\/types\/post"}],"author":[{"embeddable":true,"href":"https:\/\/ppdegalicia.com\/es\/wp-json\/wp\/v2\/users\/40"}],"replies":[{"embeddable":true,"href":"https:\/\/ppdegalicia.com\/es\/wp-json\/wp\/v2\/comments?post=64522"}],"version-history":[{"count":1,"href":"https:\/\/ppdegalicia.com\/es\/wp-json\/wp\/v2\/posts\/64522\/revisions"}],"predecessor-version":[{"id":64525,"href":"https:\/\/ppdegalicia.com\/es\/wp-json\/wp\/v2\/posts\/64522\/revisions\/64525"}],"wp:featuredmedia":[{"embeddable":true,"href":"https:\/\/ppdegalicia.com\/es\/wp-json\/wp\/v2\/media\/64523"}],"wp:attachment":[{"href":"https:\/\/ppdegalicia.com\/es\/wp-json\/wp\/v2\/media?parent=64522"}],"wp:term":[{"taxonomy":"category","embeddable":true,"href":"https:\/\/ppdegalicia.com\/es\/wp-json\/wp\/v2\/categories?post=64522"},{"taxonomy":"post_tag","embeddable":true,"href":"https:\/\/ppdegalicia.com\/es\/wp-json\/wp\/v2\/tags?post=64522"}],"curies":[{"name":"wp","href":"https:\/\/api.w.org\/{rel}","templated":true}]}}