{"id":64538,"date":"2024-10-11T11:40:56","date_gmt":"2024-10-11T10:40:56","guid":{"rendered":"https:\/\/ppdegalicia.com\/?p=64538"},"modified":"2024-10-14T13:27:28","modified_gmt":"2024-10-14T12:27:28","slug":"o-grupo-popular-avanza-a-inminente-posta-en-funcionamento-do-observatorio-turistico-de-galicia","status":"publish","type":"post","link":"https:\/\/ppdegalicia.com\/es\/o-grupo-popular-avanza-a-inminente-posta-en-funcionamento-do-observatorio-turistico-de-galicia\/","title":{"rendered":"O Grupo Popular avanza a \u201cinminente\u201d posta en funcionamento do Observatorio Tur\u00edstico de Galicia"},"content":{"rendered":"<p>O deputado do Grupo Popular Borja Verea avanzou hoxe no Parlamento de Galicia a \u201cinminente\u201d posta en funcionamento do Observatorio Tur\u00edstico de Galicia, que dar\u00e1 continuidade ao traballo que xa v\u00e9n desenvolvendo a Axencia de Turismo de Galicia, coa intenci\u00f3n de ofrecer respostas \u00e1 evoluci\u00f3n das tendencias globais da actividade tur\u00edstica e reforzar a Galicia como destino tur\u00edstico.<\/p>\n<p>Borja Verea demandou que, unha vez posto en marcha este Observatorio Tur\u00edstico de Galicia, se po\u00f1a en marcha un proceso para divulgar o seu funcionamento e competencias entre os sectores implicados no turismo galego, de forma que podan beneficiarse do seu traballo e as\u00ed cada un deles aportar as ideas e acci\u00f3ns que estimen oportunas para a mellora da sostibilidade do turismo en Galicia.<\/p>\n<p>Na s\u00faa intervenci\u00f3n, o deputado popular agradeceu que \u201co BNG reco\u00f1ecera o crecemento sostido que vive o turismo galego nos \u00faltimos anos, consolid\u00e1ndose como unha das actividades fornecedoras de emprego e cun peso crecente no PIB de Galicia\u201d.<\/p>\n<p>Por\u00e9n, Verea criticou que estas afirmaci\u00f3ns dos nacionalistas \u201cnon se parecen en nada as habituais mensaxes de masificaci\u00f3n e turimofobia \u00e1s que nos te\u00f1en acostumbrados desde o BNG\u201d e lamentou que \u201cte\u00f1en un problema ideol\u00f3xico porque o que entenden por masificaci\u00f3n tur\u00edstica realmente \u00e9 unha socializaci\u00f3n do turismo\u201d.<\/p>\n<p>\u201cAo mellor te\u00f1en que ter unha reuni\u00f3n de coordinaci\u00f3n co BNG de Santiago, que en 15 meses se converteu no goberno municipal m\u00e1is turismof\u00f3bico da historia, con pol\u00edticas letais que atentan contra a esencia desta cidade e que, lamentablemente, xa empezan a ter efectos negativos\u201d, indicou.<\/p>\n","protected":false},"excerpt":{"rendered":"<p>O deputado do Grupo Popular Borja Verea avanzou hoxe no Parlamento de Galicia a \u201cinminente\u201d posta en funcionamento do Observatorio Tur\u00edstico de Galicia, que dar\u00e1 continuidade ao traballo que xa v\u00e9n desenvolvendo a Axencia de Turismo de Galicia, coa intenci\u00f3n de ofrecer respostas \u00e1 evoluci\u00f3n das tendencias globais da actividade tur\u00edstica e reforzar a Galicia [&hellip;]<\/p>\n","protected":false},"author":40,"featured_media":64539,"comment_status":"closed","ping_status":"open","sticky":false,"template":"","format":"standard","meta":{"_acf_changed":false,"footnotes":""},"categories":[1128],"tags":[],"class_list":["post-64538","post","type-post","status-publish","format-standard","has-post-thumbnail","hentry","category-actualidad-parlamento-de-galicia"],"acf":[],"yoast_head":"<!-- This site is optimized with the Yoast SEO plugin v27.3 - https:\/\/yoast.com\/product\/yoast-seo-wordpress\/ -->\n<title>O Grupo Popular avanza a \u201cinminente\u201d posta en funcionamento do Observatorio Tur\u00edstico de Galicia - PP de Galicia<\/title>\n<meta name=\"description\" content=\"O deputado do Grupo Popular Borja Verea avanzou hoxe no Parlamento de Galicia a \u201cinminente\u201d posta en funcionamento do Observatorio Tur\u00edstico de Galicia, que dar\u00e1 continuidade ao traballo que xa v\u00e9n desenvolvendo a Axencia de Turismo de Galicia, coa intenci\u00f3n de ofrecer respostas \u00e1 evoluci\u00f3n das tendencias globais da actividade tur\u00edstica e reforzar a Galicia como destino tur\u00edstico.\" \/>\n<meta name=\"robots\" content=\"index, follow, max-snippet:-1, max-image-preview:large, max-video-preview:-1\" \/>\n<link rel=\"canonical\" href=\"https:\/\/ppdegalicia.com\/es\/o-grupo-popular-avanza-a-inminente-posta-en-funcionamento-do-observatorio-turistico-de-galicia\/\" \/>\n<meta property=\"og:locale\" content=\"es_ES\" \/>\n<meta property=\"og:type\" content=\"article\" \/>\n<meta property=\"og:title\" content=\"O Grupo Popular avanza a \u201cinminente\u201d posta en funcionamento do Observatorio Tur\u00edstico de Galicia - PP de Galicia\" \/>\n<meta property=\"og:description\" content=\"O deputado do Grupo Popular Borja Verea avanzou hoxe no Parlamento de Galicia a \u201cinminente\u201d posta en funcionamento do Observatorio Tur\u00edstico de Galicia, que dar\u00e1 continuidade ao traballo que xa v\u00e9n desenvolvendo a Axencia de Turismo de Galicia, coa intenci\u00f3n de ofrecer respostas \u00e1 evoluci\u00f3n das tendencias globais da actividade tur\u00edstica e reforzar a Galicia como destino tur\u00edstico.\" \/>\n<meta property=\"og:url\" content=\"https:\/\/ppdegalicia.com\/es\/o-grupo-popular-avanza-a-inminente-posta-en-funcionamento-do-observatorio-turistico-de-galicia\/\" \/>\n<meta property=\"og:site_name\" content=\"PP de Galicia\" \/>\n<meta property=\"article:publisher\" content=\"https:\/\/www.instagram.com\/ppdegalicia\/\" \/>\n<meta property=\"article:published_time\" content=\"2024-10-11T10:40:56+00:00\" \/>\n<meta property=\"article:modified_time\" content=\"2024-10-14T12:27:28+00:00\" \/>\n<meta property=\"og:image\" content=\"https:\/\/ppdegalicia.com\/wp-content\/uploads\/2024\/10\/20241011_C6a-9-scaled.jpg\" \/>\n\t<meta property=\"og:image:width\" content=\"2560\" \/>\n\t<meta property=\"og:image:height\" content=\"1707\" \/>\n\t<meta property=\"og:image:type\" content=\"image\/jpeg\" \/>\n<meta name=\"author\" content=\"ppdegaliciaedtis\" \/>\n<meta name=\"twitter:card\" content=\"summary_large_image\" \/>\n<meta name=\"twitter:creator\" content=\"@ppdegalicia\" \/>\n<meta name=\"twitter:site\" content=\"@ppdegalicia\" \/>\n<meta name=\"twitter:label1\" content=\"Escrito por\" \/>\n\t<meta name=\"twitter:data1\" content=\"ppdegaliciaedtis\" \/>\n\t<meta name=\"twitter:label2\" content=\"Tiempo de lectura\" \/>\n\t<meta name=\"twitter:data2\" content=\"2 minutos\" \/>\n<script type=\"application\/ld+json\" class=\"yoast-schema-graph\">{\"@context\":\"https:\\\/\\\/schema.org\",\"@graph\":[{\"@type\":\"Article\",\"@id\":\"https:\\\/\\\/ppdegalicia.com\\\/es\\\/o-grupo-popular-avanza-a-inminente-posta-en-funcionamento-do-observatorio-turistico-de-galicia\\\/#article\",\"isPartOf\":{\"@id\":\"https:\\\/\\\/ppdegalicia.com\\\/es\\\/o-grupo-popular-avanza-a-inminente-posta-en-funcionamento-do-observatorio-turistico-de-galicia\\\/\"},\"author\":{\"name\":\"ppdegaliciaedtis\",\"@id\":\"https:\\\/\\\/ppdegalicia.com\\\/es\\\/#\\\/schema\\\/person\\\/bc9b46e59ebd34bf28611158c3867388\"},\"headline\":\"O Grupo Popular avanza a \u201cinminente\u201d posta en funcionamento do Observatorio Tur\u00edstico de Galicia\",\"datePublished\":\"2024-10-11T10:40:56+00:00\",\"dateModified\":\"2024-10-14T12:27:28+00:00\",\"mainEntityOfPage\":{\"@id\":\"https:\\\/\\\/ppdegalicia.com\\\/es\\\/o-grupo-popular-avanza-a-inminente-posta-en-funcionamento-do-observatorio-turistico-de-galicia\\\/\"},\"wordCount\":294,\"publisher\":{\"@id\":\"https:\\\/\\\/ppdegalicia.com\\\/es\\\/#organization\"},\"image\":{\"@id\":\"https:\\\/\\\/ppdegalicia.com\\\/es\\\/o-grupo-popular-avanza-a-inminente-posta-en-funcionamento-do-observatorio-turistico-de-galicia\\\/#primaryimage\"},\"thumbnailUrl\":\"https:\\\/\\\/ppdegalicia.com\\\/wp-content\\\/uploads\\\/2024\\\/10\\\/20241011_C6a-9-scaled.jpg\",\"articleSection\":[\"Parlamento de Galicia\"],\"inLanguage\":\"es\"},{\"@type\":\"WebPage\",\"@id\":\"https:\\\/\\\/ppdegalicia.com\\\/es\\\/o-grupo-popular-avanza-a-inminente-posta-en-funcionamento-do-observatorio-turistico-de-galicia\\\/\",\"url\":\"https:\\\/\\\/ppdegalicia.com\\\/es\\\/o-grupo-popular-avanza-a-inminente-posta-en-funcionamento-do-observatorio-turistico-de-galicia\\\/\",\"name\":\"O Grupo Popular avanza a \u201cinminente\u201d posta en funcionamento do Observatorio Tur\u00edstico de Galicia - PP de Galicia\",\"isPartOf\":{\"@id\":\"https:\\\/\\\/ppdegalicia.com\\\/es\\\/#website\"},\"primaryImageOfPage\":{\"@id\":\"https:\\\/\\\/ppdegalicia.com\\\/es\\\/o-grupo-popular-avanza-a-inminente-posta-en-funcionamento-do-observatorio-turistico-de-galicia\\\/#primaryimage\"},\"image\":{\"@id\":\"https:\\\/\\\/ppdegalicia.com\\\/es\\\/o-grupo-popular-avanza-a-inminente-posta-en-funcionamento-do-observatorio-turistico-de-galicia\\\/#primaryimage\"},\"thumbnailUrl\":\"https:\\\/\\\/ppdegalicia.com\\\/wp-content\\\/uploads\\\/2024\\\/10\\\/20241011_C6a-9-scaled.jpg\",\"datePublished\":\"2024-10-11T10:40:56+00:00\",\"dateModified\":\"2024-10-14T12:27:28+00:00\",\"description\":\"O deputado do Grupo Popular Borja Verea avanzou hoxe no Parlamento de Galicia a \u201cinminente\u201d posta en funcionamento do Observatorio Tur\u00edstico de Galicia, que dar\u00e1 continuidade ao traballo que xa v\u00e9n desenvolvendo a Axencia de Turismo de Galicia, coa intenci\u00f3n de ofrecer respostas \u00e1 evoluci\u00f3n das tendencias globais da actividade tur\u00edstica e reforzar a Galicia como destino tur\u00edstico.\",\"breadcrumb\":{\"@id\":\"https:\\\/\\\/ppdegalicia.com\\\/es\\\/o-grupo-popular-avanza-a-inminente-posta-en-funcionamento-do-observatorio-turistico-de-galicia\\\/#breadcrumb\"},\"inLanguage\":\"es\",\"potentialAction\":[{\"@type\":\"ReadAction\",\"target\":[\"https:\\\/\\\/ppdegalicia.com\\\/es\\\/o-grupo-popular-avanza-a-inminente-posta-en-funcionamento-do-observatorio-turistico-de-galicia\\\/\"]}]},{\"@type\":\"ImageObject\",\"inLanguage\":\"es\",\"@id\":\"https:\\\/\\\/ppdegalicia.com\\\/es\\\/o-grupo-popular-avanza-a-inminente-posta-en-funcionamento-do-observatorio-turistico-de-galicia\\\/#primaryimage\",\"url\":\"https:\\\/\\\/ppdegalicia.com\\\/wp-content\\\/uploads\\\/2024\\\/10\\\/20241011_C6a-9-scaled.jpg\",\"contentUrl\":\"https:\\\/\\\/ppdegalicia.com\\\/wp-content\\\/uploads\\\/2024\\\/10\\\/20241011_C6a-9-scaled.jpg\",\"width\":2560,\"height\":1707},{\"@type\":\"BreadcrumbList\",\"@id\":\"https:\\\/\\\/ppdegalicia.com\\\/es\\\/o-grupo-popular-avanza-a-inminente-posta-en-funcionamento-do-observatorio-turistico-de-galicia\\\/#breadcrumb\",\"itemListElement\":[{\"@type\":\"ListItem\",\"position\":1,\"name\":\"Portada\",\"item\":\"https:\\\/\\\/ppdegalicia.com\\\/es\\\/\"},{\"@type\":\"ListItem\",\"position\":2,\"name\":\"O Grupo Popular avanza a \u201cinminente\u201d posta en funcionamento do Observatorio Tur\u00edstico de Galicia\"}]},{\"@type\":\"WebSite\",\"@id\":\"https:\\\/\\\/ppdegalicia.com\\\/es\\\/#website\",\"url\":\"https:\\\/\\\/ppdegalicia.com\\\/es\\\/\",\"name\":\"Partido Popular de Galicia\",\"description\":\"Partido Popular de Galicia\",\"publisher\":{\"@id\":\"https:\\\/\\\/ppdegalicia.com\\\/es\\\/#organization\"},\"alternateName\":\"PP de Galicia\",\"potentialAction\":[{\"@type\":\"SearchAction\",\"target\":{\"@type\":\"EntryPoint\",\"urlTemplate\":\"https:\\\/\\\/ppdegalicia.com\\\/es\\\/?s={search_term_string}\"},\"query-input\":{\"@type\":\"PropertyValueSpecification\",\"valueRequired\":true,\"valueName\":\"search_term_string\"}}],\"inLanguage\":\"es\"},{\"@type\":\"Organization\",\"@id\":\"https:\\\/\\\/ppdegalicia.com\\\/es\\\/#organization\",\"name\":\"Partido Popular de Galicia\",\"alternateName\":\"PP de Galicia\",\"url\":\"https:\\\/\\\/ppdegalicia.com\\\/es\\\/\",\"logo\":{\"@type\":\"ImageObject\",\"inLanguage\":\"es\",\"@id\":\"https:\\\/\\\/ppdegalicia.com\\\/es\\\/#\\\/schema\\\/logo\\\/image\\\/\",\"url\":\"https:\\\/\\\/ppdegalicia.com\\\/wp-content\\\/uploads\\\/2023\\\/04\\\/logoPP512.png\",\"contentUrl\":\"https:\\\/\\\/ppdegalicia.com\\\/wp-content\\\/uploads\\\/2023\\\/04\\\/logoPP512.png\",\"width\":512,\"height\":512,\"caption\":\"Partido Popular de Galicia\"},\"image\":{\"@id\":\"https:\\\/\\\/ppdegalicia.com\\\/es\\\/#\\\/schema\\\/logo\\\/image\\\/\"},\"sameAs\":[\"https:\\\/\\\/www.instagram.com\\\/ppdegalicia\\\/\",\"https:\\\/\\\/x.com\\\/ppdegalicia\",\"https:\\\/\\\/www.tiktok.com\\\/@ppdegalicia\",\"https:\\\/\\\/www.youtube.com\\\/user\\\/ppdegalicia\"]},{\"@type\":\"Person\",\"@id\":\"https:\\\/\\\/ppdegalicia.com\\\/es\\\/#\\\/schema\\\/person\\\/bc9b46e59ebd34bf28611158c3867388\",\"name\":\"ppdegaliciaedtis\",\"image\":{\"@type\":\"ImageObject\",\"inLanguage\":\"es\",\"@id\":\"https:\\\/\\\/secure.gravatar.com\\\/avatar\\\/f9f8cf6e03df54a1b0d04a6b4b8e8c6bd63c10a439752e84d87a5385aefe2ced?s=96&d=mm&r=g\",\"url\":\"https:\\\/\\\/secure.gravatar.com\\\/avatar\\\/f9f8cf6e03df54a1b0d04a6b4b8e8c6bd63c10a439752e84d87a5385aefe2ced?s=96&d=mm&r=g\",\"contentUrl\":\"https:\\\/\\\/secure.gravatar.com\\\/avatar\\\/f9f8cf6e03df54a1b0d04a6b4b8e8c6bd63c10a439752e84d87a5385aefe2ced?s=96&d=mm&r=g\",\"caption\":\"ppdegaliciaedtis\"},\"url\":\"https:\\\/\\\/ppdegalicia.com\\\/es\\\/author\\\/ppdegaliciaedits\\\/\"}]}<\/script>\n<!-- \/ Yoast SEO plugin. -->","yoast_head_json":{"title":"O Grupo Popular avanza a \u201cinminente\u201d posta en funcionamento do Observatorio Tur\u00edstico de Galicia - PP de Galicia","description":"O deputado do Grupo Popular Borja Verea avanzou hoxe no Parlamento de Galicia a \u201cinminente\u201d posta en funcionamento do Observatorio Tur\u00edstico de Galicia, que dar\u00e1 continuidade ao traballo que xa v\u00e9n desenvolvendo a Axencia de Turismo de Galicia, coa intenci\u00f3n de ofrecer respostas \u00e1 evoluci\u00f3n das tendencias globais da actividade tur\u00edstica e reforzar a Galicia como destino tur\u00edstico.","robots":{"index":"index","follow":"follow","max-snippet":"max-snippet:-1","max-image-preview":"max-image-preview:large","max-video-preview":"max-video-preview:-1"},"canonical":"https:\/\/ppdegalicia.com\/es\/o-grupo-popular-avanza-a-inminente-posta-en-funcionamento-do-observatorio-turistico-de-galicia\/","og_locale":"es_ES","og_type":"article","og_title":"O Grupo Popular avanza a \u201cinminente\u201d posta en funcionamento do Observatorio Tur\u00edstico de Galicia - PP de Galicia","og_description":"O deputado do Grupo Popular Borja Verea avanzou hoxe no Parlamento de Galicia a \u201cinminente\u201d posta en funcionamento do Observatorio Tur\u00edstico de Galicia, que dar\u00e1 continuidade ao traballo que xa v\u00e9n desenvolvendo a Axencia de Turismo de Galicia, coa intenci\u00f3n de ofrecer respostas \u00e1 evoluci\u00f3n das tendencias globais da actividade tur\u00edstica e reforzar a Galicia como destino tur\u00edstico.","og_url":"https:\/\/ppdegalicia.com\/es\/o-grupo-popular-avanza-a-inminente-posta-en-funcionamento-do-observatorio-turistico-de-galicia\/","og_site_name":"PP de Galicia","article_publisher":"https:\/\/www.instagram.com\/ppdegalicia\/","article_published_time":"2024-10-11T10:40:56+00:00","article_modified_time":"2024-10-14T12:27:28+00:00","og_image":[{"width":2560,"height":1707,"url":"https:\/\/ppdegalicia.com\/wp-content\/uploads\/2024\/10\/20241011_C6a-9-scaled.jpg","type":"image\/jpeg"}],"author":"ppdegaliciaedtis","twitter_card":"summary_large_image","twitter_creator":"@ppdegalicia","twitter_site":"@ppdegalicia","twitter_misc":{"Escrito por":"ppdegaliciaedtis","Tiempo de lectura":"2 minutos"},"schema":{"@context":"https:\/\/schema.org","@graph":[{"@type":"Article","@id":"https:\/\/ppdegalicia.com\/es\/o-grupo-popular-avanza-a-inminente-posta-en-funcionamento-do-observatorio-turistico-de-galicia\/#article","isPartOf":{"@id":"https:\/\/ppdegalicia.com\/es\/o-grupo-popular-avanza-a-inminente-posta-en-funcionamento-do-observatorio-turistico-de-galicia\/"},"author":{"name":"ppdegaliciaedtis","@id":"https:\/\/ppdegalicia.com\/es\/#\/schema\/person\/bc9b46e59ebd34bf28611158c3867388"},"headline":"O Grupo Popular avanza a \u201cinminente\u201d posta en funcionamento do Observatorio Tur\u00edstico de Galicia","datePublished":"2024-10-11T10:40:56+00:00","dateModified":"2024-10-14T12:27:28+00:00","mainEntityOfPage":{"@id":"https:\/\/ppdegalicia.com\/es\/o-grupo-popular-avanza-a-inminente-posta-en-funcionamento-do-observatorio-turistico-de-galicia\/"},"wordCount":294,"publisher":{"@id":"https:\/\/ppdegalicia.com\/es\/#organization"},"image":{"@id":"https:\/\/ppdegalicia.com\/es\/o-grupo-popular-avanza-a-inminente-posta-en-funcionamento-do-observatorio-turistico-de-galicia\/#primaryimage"},"thumbnailUrl":"https:\/\/ppdegalicia.com\/wp-content\/uploads\/2024\/10\/20241011_C6a-9-scaled.jpg","articleSection":["Parlamento de Galicia"],"inLanguage":"es"},{"@type":"WebPage","@id":"https:\/\/ppdegalicia.com\/es\/o-grupo-popular-avanza-a-inminente-posta-en-funcionamento-do-observatorio-turistico-de-galicia\/","url":"https:\/\/ppdegalicia.com\/es\/o-grupo-popular-avanza-a-inminente-posta-en-funcionamento-do-observatorio-turistico-de-galicia\/","name":"O Grupo Popular avanza a \u201cinminente\u201d posta en funcionamento do Observatorio Tur\u00edstico de Galicia - PP de Galicia","isPartOf":{"@id":"https:\/\/ppdegalicia.com\/es\/#website"},"primaryImageOfPage":{"@id":"https:\/\/ppdegalicia.com\/es\/o-grupo-popular-avanza-a-inminente-posta-en-funcionamento-do-observatorio-turistico-de-galicia\/#primaryimage"},"image":{"@id":"https:\/\/ppdegalicia.com\/es\/o-grupo-popular-avanza-a-inminente-posta-en-funcionamento-do-observatorio-turistico-de-galicia\/#primaryimage"},"thumbnailUrl":"https:\/\/ppdegalicia.com\/wp-content\/uploads\/2024\/10\/20241011_C6a-9-scaled.jpg","datePublished":"2024-10-11T10:40:56+00:00","dateModified":"2024-10-14T12:27:28+00:00","description":"O deputado do Grupo Popular Borja Verea avanzou hoxe no Parlamento de Galicia a \u201cinminente\u201d posta en funcionamento do Observatorio Tur\u00edstico de Galicia, que dar\u00e1 continuidade ao traballo que xa v\u00e9n desenvolvendo a Axencia de Turismo de Galicia, coa intenci\u00f3n de ofrecer respostas \u00e1 evoluci\u00f3n das tendencias globais da actividade tur\u00edstica e reforzar a Galicia como destino tur\u00edstico.","breadcrumb":{"@id":"https:\/\/ppdegalicia.com\/es\/o-grupo-popular-avanza-a-inminente-posta-en-funcionamento-do-observatorio-turistico-de-galicia\/#breadcrumb"},"inLanguage":"es","potentialAction":[{"@type":"ReadAction","target":["https:\/\/ppdegalicia.com\/es\/o-grupo-popular-avanza-a-inminente-posta-en-funcionamento-do-observatorio-turistico-de-galicia\/"]}]},{"@type":"ImageObject","inLanguage":"es","@id":"https:\/\/ppdegalicia.com\/es\/o-grupo-popular-avanza-a-inminente-posta-en-funcionamento-do-observatorio-turistico-de-galicia\/#primaryimage","url":"https:\/\/ppdegalicia.com\/wp-content\/uploads\/2024\/10\/20241011_C6a-9-scaled.jpg","contentUrl":"https:\/\/ppdegalicia.com\/wp-content\/uploads\/2024\/10\/20241011_C6a-9-scaled.jpg","width":2560,"height":1707},{"@type":"BreadcrumbList","@id":"https:\/\/ppdegalicia.com\/es\/o-grupo-popular-avanza-a-inminente-posta-en-funcionamento-do-observatorio-turistico-de-galicia\/#breadcrumb","itemListElement":[{"@type":"ListItem","position":1,"name":"Portada","item":"https:\/\/ppdegalicia.com\/es\/"},{"@type":"ListItem","position":2,"name":"O Grupo Popular avanza a \u201cinminente\u201d posta en funcionamento do Observatorio Tur\u00edstico de Galicia"}]},{"@type":"WebSite","@id":"https:\/\/ppdegalicia.com\/es\/#website","url":"https:\/\/ppdegalicia.com\/es\/","name":"Partido Popular de Galicia","description":"Partido Popular de Galicia","publisher":{"@id":"https:\/\/ppdegalicia.com\/es\/#organization"},"alternateName":"PP de Galicia","potentialAction":[{"@type":"SearchAction","target":{"@type":"EntryPoint","urlTemplate":"https:\/\/ppdegalicia.com\/es\/?s={search_term_string}"},"query-input":{"@type":"PropertyValueSpecification","valueRequired":true,"valueName":"search_term_string"}}],"inLanguage":"es"},{"@type":"Organization","@id":"https:\/\/ppdegalicia.com\/es\/#organization","name":"Partido Popular de Galicia","alternateName":"PP de Galicia","url":"https:\/\/ppdegalicia.com\/es\/","logo":{"@type":"ImageObject","inLanguage":"es","@id":"https:\/\/ppdegalicia.com\/es\/#\/schema\/logo\/image\/","url":"https:\/\/ppdegalicia.com\/wp-content\/uploads\/2023\/04\/logoPP512.png","contentUrl":"https:\/\/ppdegalicia.com\/wp-content\/uploads\/2023\/04\/logoPP512.png","width":512,"height":512,"caption":"Partido Popular de Galicia"},"image":{"@id":"https:\/\/ppdegalicia.com\/es\/#\/schema\/logo\/image\/"},"sameAs":["https:\/\/www.instagram.com\/ppdegalicia\/","https:\/\/x.com\/ppdegalicia","https:\/\/www.tiktok.com\/@ppdegalicia","https:\/\/www.youtube.com\/user\/ppdegalicia"]},{"@type":"Person","@id":"https:\/\/ppdegalicia.com\/es\/#\/schema\/person\/bc9b46e59ebd34bf28611158c3867388","name":"ppdegaliciaedtis","image":{"@type":"ImageObject","inLanguage":"es","@id":"https:\/\/secure.gravatar.com\/avatar\/f9f8cf6e03df54a1b0d04a6b4b8e8c6bd63c10a439752e84d87a5385aefe2ced?s=96&d=mm&r=g","url":"https:\/\/secure.gravatar.com\/avatar\/f9f8cf6e03df54a1b0d04a6b4b8e8c6bd63c10a439752e84d87a5385aefe2ced?s=96&d=mm&r=g","contentUrl":"https:\/\/secure.gravatar.com\/avatar\/f9f8cf6e03df54a1b0d04a6b4b8e8c6bd63c10a439752e84d87a5385aefe2ced?s=96&d=mm&r=g","caption":"ppdegaliciaedtis"},"url":"https:\/\/ppdegalicia.com\/es\/author\/ppdegaliciaedits\/"}]}},"_links":{"self":[{"href":"https:\/\/ppdegalicia.com\/es\/wp-json\/wp\/v2\/posts\/64538","targetHints":{"allow":["GET"]}}],"collection":[{"href":"https:\/\/ppdegalicia.com\/es\/wp-json\/wp\/v2\/posts"}],"about":[{"href":"https:\/\/ppdegalicia.com\/es\/wp-json\/wp\/v2\/types\/post"}],"author":[{"embeddable":true,"href":"https:\/\/ppdegalicia.com\/es\/wp-json\/wp\/v2\/users\/40"}],"replies":[{"embeddable":true,"href":"https:\/\/ppdegalicia.com\/es\/wp-json\/wp\/v2\/comments?post=64538"}],"version-history":[{"count":1,"href":"https:\/\/ppdegalicia.com\/es\/wp-json\/wp\/v2\/posts\/64538\/revisions"}],"predecessor-version":[{"id":64541,"href":"https:\/\/ppdegalicia.com\/es\/wp-json\/wp\/v2\/posts\/64538\/revisions\/64541"}],"wp:featuredmedia":[{"embeddable":true,"href":"https:\/\/ppdegalicia.com\/es\/wp-json\/wp\/v2\/media\/64539"}],"wp:attachment":[{"href":"https:\/\/ppdegalicia.com\/es\/wp-json\/wp\/v2\/media?parent=64538"}],"wp:term":[{"taxonomy":"category","embeddable":true,"href":"https:\/\/ppdegalicia.com\/es\/wp-json\/wp\/v2\/categories?post=64538"},{"taxonomy":"post_tag","embeddable":true,"href":"https:\/\/ppdegalicia.com\/es\/wp-json\/wp\/v2\/tags?post=64538"}],"curies":[{"name":"wp","href":"https:\/\/api.w.org\/{rel}","templated":true}]}}