{"id":64693,"date":"2024-10-22T16:57:12","date_gmt":"2024-10-22T15:57:12","guid":{"rendered":"https:\/\/ppdegalicia.com\/?p=64693"},"modified":"2024-10-22T16:57:12","modified_gmt":"2024-10-22T15:57:12","slug":"o-grupo-popular-afirma-que-o-futuro-plan-de-saude-mental-de-galicia-incorporara-psicologos-clinicos-nos-centros-de-saude","status":"publish","type":"post","link":"https:\/\/ppdegalicia.com\/es\/o-grupo-popular-afirma-que-o-futuro-plan-de-saude-mental-de-galicia-incorporara-psicologos-clinicos-nos-centros-de-saude\/","title":{"rendered":"O Grupo Popular afirma que o futuro Plan de sa\u00fade mental de Galicia incorporar\u00e1 psic\u00f3logos cl\u00ednicos nos centros de sa\u00fade"},"content":{"rendered":"<p>A portavoz de Sanidade do Grupo Popular, Encarna Amigo, afirmou hoxe no Pleno do Parlamento galego que o futuro Plan de sa\u00fade mental de Galicia incorporar\u00e1 psic\u00f3logos cl\u00ednicos nos centros de sa\u00fade dependentes dos servizos de pediatr\u00eda.<\/p>\n<p>Encarna Amigo lembrou que Galicia foi pioneira na implantaci\u00f3n en 2017 dun Plan de prevenci\u00f3n do suicidio, que incorporaba 37 medidas en sete li\u00f1as estrat\u00e9xicas. Posteriormente, aprobouse en 2020 o Plan de Sa\u00fade Mental de Galicia 2020-2024, \u201cque nos converteu novamente nunha comunidade pioneira ao definir unha folla de ruta tan ambiciosa na sa\u00fade mental, logo de que a pandemia evidenciou a s\u00faa necesidade\u201d.<\/p>\n<p>\u201cEste plan sigue vixente a d\u00eda de hoxe e darase conta do mesmo cando remate\u201d, afirmou a portavoz popular, quen avanzou que \u201cen base a ese an\u00e1lise redactarase o pr\u00f3ximo plan de sa\u00fade mental de maneira m\u00e1is ambiciosa e axeitada \u00e1 realidade da sa\u00fade mental galega\u201d.<\/p>\n<p><strong>FALTA DE RESPECTO AOS PROFESIONAIS<\/strong><\/p>\n<p>Por outra parte, Encarna Amigo pediu ao BNG \u201cdesculpas p\u00fablicas ao afirmar que \u2018se un home entra nunha consulta cunha sintomatolox\u00eda semellante \u00e1 dunha muller, o home sae cunha bater\u00eda de petici\u00f3ns de probas complementarias e a muller cunha rea de psicof\u00e1rmacos\u201d. \u201cXa non \u00e9 que nos falten ao respecto aos militantes do Partido Popular, porque agora tam\u00e9n faltan ao respecto aos galegos, \u00e1s mulleres e aos profesionais sanitarios\u201d, sinalou.<\/p>\n<p>\u201cSon conscientes da acusaci\u00f3n e falta de respecto que os nacionalistas galegos fai contra os profesionais que se deixan a pel cada d\u00eda na atenci\u00f3n de pacientes no Servizo Galego de Sa\u00fade?\u201d, cuestionou a portavoz popular, quen asegurou que \u201cn\u00f3s confiamos no bo facer dos profesionais do sistema sanitario galego, que est\u00e1n centrados en traballar e resolver problemas de sa\u00fade\u201d. \u201cNo \u00fanico no que os nacionalistas galegos son especialistas \u00e9 en alporizar a xente, terxiversar informaci\u00f3ns e en enredar e xerar problemas onde non os hai\u201d, rematou.<\/p>\n","protected":false},"excerpt":{"rendered":"<p>A portavoz de Sanidade do Grupo Popular, Encarna Amigo, afirmou hoxe no Pleno do Parlamento galego que o futuro Plan de sa\u00fade mental de Galicia incorporar\u00e1 psic\u00f3logos cl\u00ednicos nos centros de sa\u00fade dependentes dos servizos de pediatr\u00eda. Encarna Amigo lembrou que Galicia foi pioneira na implantaci\u00f3n en 2017 dun Plan de prevenci\u00f3n do suicidio, que [&hellip;]<\/p>\n","protected":false},"author":40,"featured_media":64694,"comment_status":"closed","ping_status":"open","sticky":false,"template":"","format":"standard","meta":{"_acf_changed":false,"footnotes":""},"categories":[1128],"tags":[],"class_list":["post-64693","post","type-post","status-publish","format-standard","has-post-thumbnail","hentry","category-actualidad-parlamento-de-galicia"],"acf":[],"yoast_head":"<!-- This site is optimized with the Yoast SEO plugin v27.3 - https:\/\/yoast.com\/product\/yoast-seo-wordpress\/ -->\n<title>O Grupo Popular afirma que o futuro Plan de sa\u00fade mental de Galicia incorporar\u00e1 psic\u00f3logos cl\u00ednicos nos centros de sa\u00fade - PP de Galicia<\/title>\n<meta name=\"description\" content=\"A portavoz de Sanidade do Grupo Popular, Encarna Amigo, afirmou hoxe no Pleno do Parlamento galego que o futuro Plan de sa\u00fade mental de Galicia incorporar\u00e1 psic\u00f3logos cl\u00ednicos nos centros de sa\u00fade dependentes dos servizos de pediatr\u00eda.\" \/>\n<meta name=\"robots\" content=\"index, follow, max-snippet:-1, max-image-preview:large, max-video-preview:-1\" \/>\n<link rel=\"canonical\" href=\"https:\/\/ppdegalicia.com\/es\/o-grupo-popular-afirma-que-o-futuro-plan-de-saude-mental-de-galicia-incorporara-psicologos-clinicos-nos-centros-de-saude\/\" \/>\n<meta property=\"og:locale\" content=\"es_ES\" \/>\n<meta property=\"og:type\" content=\"article\" \/>\n<meta property=\"og:title\" content=\"O Grupo Popular afirma que o futuro Plan de sa\u00fade mental de Galicia incorporar\u00e1 psic\u00f3logos cl\u00ednicos nos centros de sa\u00fade - PP de Galicia\" \/>\n<meta property=\"og:description\" content=\"A portavoz de Sanidade do Grupo Popular, Encarna Amigo, afirmou hoxe no Pleno do Parlamento galego que o futuro Plan de sa\u00fade mental de Galicia incorporar\u00e1 psic\u00f3logos cl\u00ednicos nos centros de sa\u00fade dependentes dos servizos de pediatr\u00eda.\" \/>\n<meta property=\"og:url\" content=\"https:\/\/ppdegalicia.com\/es\/o-grupo-popular-afirma-que-o-futuro-plan-de-saude-mental-de-galicia-incorporara-psicologos-clinicos-nos-centros-de-saude\/\" \/>\n<meta property=\"og:site_name\" content=\"PP de Galicia\" \/>\n<meta property=\"article:publisher\" content=\"https:\/\/www.instagram.com\/ppdegalicia\/\" \/>\n<meta property=\"article:published_time\" content=\"2024-10-22T15:57:12+00:00\" \/>\n<meta property=\"og:image\" content=\"https:\/\/ppdegalicia.com\/wp-content\/uploads\/2024\/10\/20241022_Pleno_ordinario74-scaled.jpg\" \/>\n\t<meta property=\"og:image:width\" content=\"2560\" \/>\n\t<meta property=\"og:image:height\" content=\"1707\" \/>\n\t<meta property=\"og:image:type\" content=\"image\/jpeg\" \/>\n<meta name=\"author\" content=\"ppdegaliciaedtis\" \/>\n<meta name=\"twitter:card\" content=\"summary_large_image\" \/>\n<meta name=\"twitter:creator\" content=\"@ppdegalicia\" \/>\n<meta name=\"twitter:site\" content=\"@ppdegalicia\" \/>\n<meta name=\"twitter:label1\" content=\"Escrito por\" \/>\n\t<meta name=\"twitter:data1\" content=\"ppdegaliciaedtis\" \/>\n\t<meta name=\"twitter:label2\" content=\"Tiempo de lectura\" \/>\n\t<meta name=\"twitter:data2\" content=\"2 minutos\" \/>\n<script type=\"application\/ld+json\" class=\"yoast-schema-graph\">{\"@context\":\"https:\\\/\\\/schema.org\",\"@graph\":[{\"@type\":\"Article\",\"@id\":\"https:\\\/\\\/ppdegalicia.com\\\/es\\\/o-grupo-popular-afirma-que-o-futuro-plan-de-saude-mental-de-galicia-incorporara-psicologos-clinicos-nos-centros-de-saude\\\/#article\",\"isPartOf\":{\"@id\":\"https:\\\/\\\/ppdegalicia.com\\\/es\\\/o-grupo-popular-afirma-que-o-futuro-plan-de-saude-mental-de-galicia-incorporara-psicologos-clinicos-nos-centros-de-saude\\\/\"},\"author\":{\"name\":\"ppdegaliciaedtis\",\"@id\":\"https:\\\/\\\/ppdegalicia.com\\\/es\\\/#\\\/schema\\\/person\\\/bc9b46e59ebd34bf28611158c3867388\"},\"headline\":\"O Grupo Popular afirma que o futuro Plan de sa\u00fade mental de Galicia incorporar\u00e1 psic\u00f3logos cl\u00ednicos nos centros de sa\u00fade\",\"datePublished\":\"2024-10-22T15:57:12+00:00\",\"mainEntityOfPage\":{\"@id\":\"https:\\\/\\\/ppdegalicia.com\\\/es\\\/o-grupo-popular-afirma-que-o-futuro-plan-de-saude-mental-de-galicia-incorporara-psicologos-clinicos-nos-centros-de-saude\\\/\"},\"wordCount\":358,\"publisher\":{\"@id\":\"https:\\\/\\\/ppdegalicia.com\\\/es\\\/#organization\"},\"image\":{\"@id\":\"https:\\\/\\\/ppdegalicia.com\\\/es\\\/o-grupo-popular-afirma-que-o-futuro-plan-de-saude-mental-de-galicia-incorporara-psicologos-clinicos-nos-centros-de-saude\\\/#primaryimage\"},\"thumbnailUrl\":\"https:\\\/\\\/ppdegalicia.com\\\/wp-content\\\/uploads\\\/2024\\\/10\\\/20241022_Pleno_ordinario74-scaled.jpg\",\"articleSection\":[\"Parlamento de Galicia\"],\"inLanguage\":\"es\"},{\"@type\":\"WebPage\",\"@id\":\"https:\\\/\\\/ppdegalicia.com\\\/es\\\/o-grupo-popular-afirma-que-o-futuro-plan-de-saude-mental-de-galicia-incorporara-psicologos-clinicos-nos-centros-de-saude\\\/\",\"url\":\"https:\\\/\\\/ppdegalicia.com\\\/es\\\/o-grupo-popular-afirma-que-o-futuro-plan-de-saude-mental-de-galicia-incorporara-psicologos-clinicos-nos-centros-de-saude\\\/\",\"name\":\"O Grupo Popular afirma que o futuro Plan de sa\u00fade mental de Galicia incorporar\u00e1 psic\u00f3logos cl\u00ednicos nos centros de sa\u00fade - PP de Galicia\",\"isPartOf\":{\"@id\":\"https:\\\/\\\/ppdegalicia.com\\\/es\\\/#website\"},\"primaryImageOfPage\":{\"@id\":\"https:\\\/\\\/ppdegalicia.com\\\/es\\\/o-grupo-popular-afirma-que-o-futuro-plan-de-saude-mental-de-galicia-incorporara-psicologos-clinicos-nos-centros-de-saude\\\/#primaryimage\"},\"image\":{\"@id\":\"https:\\\/\\\/ppdegalicia.com\\\/es\\\/o-grupo-popular-afirma-que-o-futuro-plan-de-saude-mental-de-galicia-incorporara-psicologos-clinicos-nos-centros-de-saude\\\/#primaryimage\"},\"thumbnailUrl\":\"https:\\\/\\\/ppdegalicia.com\\\/wp-content\\\/uploads\\\/2024\\\/10\\\/20241022_Pleno_ordinario74-scaled.jpg\",\"datePublished\":\"2024-10-22T15:57:12+00:00\",\"description\":\"A portavoz de Sanidade do Grupo Popular, Encarna Amigo, afirmou hoxe no Pleno do Parlamento galego que o futuro Plan de sa\u00fade mental de Galicia incorporar\u00e1 psic\u00f3logos cl\u00ednicos nos centros de sa\u00fade dependentes dos servizos de pediatr\u00eda.\",\"breadcrumb\":{\"@id\":\"https:\\\/\\\/ppdegalicia.com\\\/es\\\/o-grupo-popular-afirma-que-o-futuro-plan-de-saude-mental-de-galicia-incorporara-psicologos-clinicos-nos-centros-de-saude\\\/#breadcrumb\"},\"inLanguage\":\"es\",\"potentialAction\":[{\"@type\":\"ReadAction\",\"target\":[\"https:\\\/\\\/ppdegalicia.com\\\/es\\\/o-grupo-popular-afirma-que-o-futuro-plan-de-saude-mental-de-galicia-incorporara-psicologos-clinicos-nos-centros-de-saude\\\/\"]}]},{\"@type\":\"ImageObject\",\"inLanguage\":\"es\",\"@id\":\"https:\\\/\\\/ppdegalicia.com\\\/es\\\/o-grupo-popular-afirma-que-o-futuro-plan-de-saude-mental-de-galicia-incorporara-psicologos-clinicos-nos-centros-de-saude\\\/#primaryimage\",\"url\":\"https:\\\/\\\/ppdegalicia.com\\\/wp-content\\\/uploads\\\/2024\\\/10\\\/20241022_Pleno_ordinario74-scaled.jpg\",\"contentUrl\":\"https:\\\/\\\/ppdegalicia.com\\\/wp-content\\\/uploads\\\/2024\\\/10\\\/20241022_Pleno_ordinario74-scaled.jpg\",\"width\":2560,\"height\":1707},{\"@type\":\"BreadcrumbList\",\"@id\":\"https:\\\/\\\/ppdegalicia.com\\\/es\\\/o-grupo-popular-afirma-que-o-futuro-plan-de-saude-mental-de-galicia-incorporara-psicologos-clinicos-nos-centros-de-saude\\\/#breadcrumb\",\"itemListElement\":[{\"@type\":\"ListItem\",\"position\":1,\"name\":\"Portada\",\"item\":\"https:\\\/\\\/ppdegalicia.com\\\/es\\\/\"},{\"@type\":\"ListItem\",\"position\":2,\"name\":\"O Grupo Popular afirma que o futuro Plan de sa\u00fade mental de Galicia incorporar\u00e1 psic\u00f3logos cl\u00ednicos nos centros de sa\u00fade\"}]},{\"@type\":\"WebSite\",\"@id\":\"https:\\\/\\\/ppdegalicia.com\\\/es\\\/#website\",\"url\":\"https:\\\/\\\/ppdegalicia.com\\\/es\\\/\",\"name\":\"Partido Popular de Galicia\",\"description\":\"Partido Popular de Galicia\",\"publisher\":{\"@id\":\"https:\\\/\\\/ppdegalicia.com\\\/es\\\/#organization\"},\"alternateName\":\"PP de Galicia\",\"potentialAction\":[{\"@type\":\"SearchAction\",\"target\":{\"@type\":\"EntryPoint\",\"urlTemplate\":\"https:\\\/\\\/ppdegalicia.com\\\/es\\\/?s={search_term_string}\"},\"query-input\":{\"@type\":\"PropertyValueSpecification\",\"valueRequired\":true,\"valueName\":\"search_term_string\"}}],\"inLanguage\":\"es\"},{\"@type\":\"Organization\",\"@id\":\"https:\\\/\\\/ppdegalicia.com\\\/es\\\/#organization\",\"name\":\"Partido Popular de Galicia\",\"alternateName\":\"PP de Galicia\",\"url\":\"https:\\\/\\\/ppdegalicia.com\\\/es\\\/\",\"logo\":{\"@type\":\"ImageObject\",\"inLanguage\":\"es\",\"@id\":\"https:\\\/\\\/ppdegalicia.com\\\/es\\\/#\\\/schema\\\/logo\\\/image\\\/\",\"url\":\"https:\\\/\\\/ppdegalicia.com\\\/wp-content\\\/uploads\\\/2023\\\/04\\\/logoPP512.png\",\"contentUrl\":\"https:\\\/\\\/ppdegalicia.com\\\/wp-content\\\/uploads\\\/2023\\\/04\\\/logoPP512.png\",\"width\":512,\"height\":512,\"caption\":\"Partido Popular de Galicia\"},\"image\":{\"@id\":\"https:\\\/\\\/ppdegalicia.com\\\/es\\\/#\\\/schema\\\/logo\\\/image\\\/\"},\"sameAs\":[\"https:\\\/\\\/www.instagram.com\\\/ppdegalicia\\\/\",\"https:\\\/\\\/x.com\\\/ppdegalicia\",\"https:\\\/\\\/www.tiktok.com\\\/@ppdegalicia\",\"https:\\\/\\\/www.youtube.com\\\/user\\\/ppdegalicia\"]},{\"@type\":\"Person\",\"@id\":\"https:\\\/\\\/ppdegalicia.com\\\/es\\\/#\\\/schema\\\/person\\\/bc9b46e59ebd34bf28611158c3867388\",\"name\":\"ppdegaliciaedtis\",\"image\":{\"@type\":\"ImageObject\",\"inLanguage\":\"es\",\"@id\":\"https:\\\/\\\/secure.gravatar.com\\\/avatar\\\/f9f8cf6e03df54a1b0d04a6b4b8e8c6bd63c10a439752e84d87a5385aefe2ced?s=96&d=mm&r=g\",\"url\":\"https:\\\/\\\/secure.gravatar.com\\\/avatar\\\/f9f8cf6e03df54a1b0d04a6b4b8e8c6bd63c10a439752e84d87a5385aefe2ced?s=96&d=mm&r=g\",\"contentUrl\":\"https:\\\/\\\/secure.gravatar.com\\\/avatar\\\/f9f8cf6e03df54a1b0d04a6b4b8e8c6bd63c10a439752e84d87a5385aefe2ced?s=96&d=mm&r=g\",\"caption\":\"ppdegaliciaedtis\"},\"url\":\"https:\\\/\\\/ppdegalicia.com\\\/es\\\/author\\\/ppdegaliciaedits\\\/\"}]}<\/script>\n<!-- \/ Yoast SEO plugin. -->","yoast_head_json":{"title":"O Grupo Popular afirma que o futuro Plan de sa\u00fade mental de Galicia incorporar\u00e1 psic\u00f3logos cl\u00ednicos nos centros de sa\u00fade - PP de Galicia","description":"A portavoz de Sanidade do Grupo Popular, Encarna Amigo, afirmou hoxe no Pleno do Parlamento galego que o futuro Plan de sa\u00fade mental de Galicia incorporar\u00e1 psic\u00f3logos cl\u00ednicos nos centros de sa\u00fade dependentes dos servizos de pediatr\u00eda.","robots":{"index":"index","follow":"follow","max-snippet":"max-snippet:-1","max-image-preview":"max-image-preview:large","max-video-preview":"max-video-preview:-1"},"canonical":"https:\/\/ppdegalicia.com\/es\/o-grupo-popular-afirma-que-o-futuro-plan-de-saude-mental-de-galicia-incorporara-psicologos-clinicos-nos-centros-de-saude\/","og_locale":"es_ES","og_type":"article","og_title":"O Grupo Popular afirma que o futuro Plan de sa\u00fade mental de Galicia incorporar\u00e1 psic\u00f3logos cl\u00ednicos nos centros de sa\u00fade - PP de Galicia","og_description":"A portavoz de Sanidade do Grupo Popular, Encarna Amigo, afirmou hoxe no Pleno do Parlamento galego que o futuro Plan de sa\u00fade mental de Galicia incorporar\u00e1 psic\u00f3logos cl\u00ednicos nos centros de sa\u00fade dependentes dos servizos de pediatr\u00eda.","og_url":"https:\/\/ppdegalicia.com\/es\/o-grupo-popular-afirma-que-o-futuro-plan-de-saude-mental-de-galicia-incorporara-psicologos-clinicos-nos-centros-de-saude\/","og_site_name":"PP de Galicia","article_publisher":"https:\/\/www.instagram.com\/ppdegalicia\/","article_published_time":"2024-10-22T15:57:12+00:00","og_image":[{"width":2560,"height":1707,"url":"https:\/\/ppdegalicia.com\/wp-content\/uploads\/2024\/10\/20241022_Pleno_ordinario74-scaled.jpg","type":"image\/jpeg"}],"author":"ppdegaliciaedtis","twitter_card":"summary_large_image","twitter_creator":"@ppdegalicia","twitter_site":"@ppdegalicia","twitter_misc":{"Escrito por":"ppdegaliciaedtis","Tiempo de lectura":"2 minutos"},"schema":{"@context":"https:\/\/schema.org","@graph":[{"@type":"Article","@id":"https:\/\/ppdegalicia.com\/es\/o-grupo-popular-afirma-que-o-futuro-plan-de-saude-mental-de-galicia-incorporara-psicologos-clinicos-nos-centros-de-saude\/#article","isPartOf":{"@id":"https:\/\/ppdegalicia.com\/es\/o-grupo-popular-afirma-que-o-futuro-plan-de-saude-mental-de-galicia-incorporara-psicologos-clinicos-nos-centros-de-saude\/"},"author":{"name":"ppdegaliciaedtis","@id":"https:\/\/ppdegalicia.com\/es\/#\/schema\/person\/bc9b46e59ebd34bf28611158c3867388"},"headline":"O Grupo Popular afirma que o futuro Plan de sa\u00fade mental de Galicia incorporar\u00e1 psic\u00f3logos cl\u00ednicos nos centros de sa\u00fade","datePublished":"2024-10-22T15:57:12+00:00","mainEntityOfPage":{"@id":"https:\/\/ppdegalicia.com\/es\/o-grupo-popular-afirma-que-o-futuro-plan-de-saude-mental-de-galicia-incorporara-psicologos-clinicos-nos-centros-de-saude\/"},"wordCount":358,"publisher":{"@id":"https:\/\/ppdegalicia.com\/es\/#organization"},"image":{"@id":"https:\/\/ppdegalicia.com\/es\/o-grupo-popular-afirma-que-o-futuro-plan-de-saude-mental-de-galicia-incorporara-psicologos-clinicos-nos-centros-de-saude\/#primaryimage"},"thumbnailUrl":"https:\/\/ppdegalicia.com\/wp-content\/uploads\/2024\/10\/20241022_Pleno_ordinario74-scaled.jpg","articleSection":["Parlamento de Galicia"],"inLanguage":"es"},{"@type":"WebPage","@id":"https:\/\/ppdegalicia.com\/es\/o-grupo-popular-afirma-que-o-futuro-plan-de-saude-mental-de-galicia-incorporara-psicologos-clinicos-nos-centros-de-saude\/","url":"https:\/\/ppdegalicia.com\/es\/o-grupo-popular-afirma-que-o-futuro-plan-de-saude-mental-de-galicia-incorporara-psicologos-clinicos-nos-centros-de-saude\/","name":"O Grupo Popular afirma que o futuro Plan de sa\u00fade mental de Galicia incorporar\u00e1 psic\u00f3logos cl\u00ednicos nos centros de sa\u00fade - PP de Galicia","isPartOf":{"@id":"https:\/\/ppdegalicia.com\/es\/#website"},"primaryImageOfPage":{"@id":"https:\/\/ppdegalicia.com\/es\/o-grupo-popular-afirma-que-o-futuro-plan-de-saude-mental-de-galicia-incorporara-psicologos-clinicos-nos-centros-de-saude\/#primaryimage"},"image":{"@id":"https:\/\/ppdegalicia.com\/es\/o-grupo-popular-afirma-que-o-futuro-plan-de-saude-mental-de-galicia-incorporara-psicologos-clinicos-nos-centros-de-saude\/#primaryimage"},"thumbnailUrl":"https:\/\/ppdegalicia.com\/wp-content\/uploads\/2024\/10\/20241022_Pleno_ordinario74-scaled.jpg","datePublished":"2024-10-22T15:57:12+00:00","description":"A portavoz de Sanidade do Grupo Popular, Encarna Amigo, afirmou hoxe no Pleno do Parlamento galego que o futuro Plan de sa\u00fade mental de Galicia incorporar\u00e1 psic\u00f3logos cl\u00ednicos nos centros de sa\u00fade dependentes dos servizos de pediatr\u00eda.","breadcrumb":{"@id":"https:\/\/ppdegalicia.com\/es\/o-grupo-popular-afirma-que-o-futuro-plan-de-saude-mental-de-galicia-incorporara-psicologos-clinicos-nos-centros-de-saude\/#breadcrumb"},"inLanguage":"es","potentialAction":[{"@type":"ReadAction","target":["https:\/\/ppdegalicia.com\/es\/o-grupo-popular-afirma-que-o-futuro-plan-de-saude-mental-de-galicia-incorporara-psicologos-clinicos-nos-centros-de-saude\/"]}]},{"@type":"ImageObject","inLanguage":"es","@id":"https:\/\/ppdegalicia.com\/es\/o-grupo-popular-afirma-que-o-futuro-plan-de-saude-mental-de-galicia-incorporara-psicologos-clinicos-nos-centros-de-saude\/#primaryimage","url":"https:\/\/ppdegalicia.com\/wp-content\/uploads\/2024\/10\/20241022_Pleno_ordinario74-scaled.jpg","contentUrl":"https:\/\/ppdegalicia.com\/wp-content\/uploads\/2024\/10\/20241022_Pleno_ordinario74-scaled.jpg","width":2560,"height":1707},{"@type":"BreadcrumbList","@id":"https:\/\/ppdegalicia.com\/es\/o-grupo-popular-afirma-que-o-futuro-plan-de-saude-mental-de-galicia-incorporara-psicologos-clinicos-nos-centros-de-saude\/#breadcrumb","itemListElement":[{"@type":"ListItem","position":1,"name":"Portada","item":"https:\/\/ppdegalicia.com\/es\/"},{"@type":"ListItem","position":2,"name":"O Grupo Popular afirma que o futuro Plan de sa\u00fade mental de Galicia incorporar\u00e1 psic\u00f3logos cl\u00ednicos nos centros de sa\u00fade"}]},{"@type":"WebSite","@id":"https:\/\/ppdegalicia.com\/es\/#website","url":"https:\/\/ppdegalicia.com\/es\/","name":"Partido Popular de Galicia","description":"Partido Popular de Galicia","publisher":{"@id":"https:\/\/ppdegalicia.com\/es\/#organization"},"alternateName":"PP de Galicia","potentialAction":[{"@type":"SearchAction","target":{"@type":"EntryPoint","urlTemplate":"https:\/\/ppdegalicia.com\/es\/?s={search_term_string}"},"query-input":{"@type":"PropertyValueSpecification","valueRequired":true,"valueName":"search_term_string"}}],"inLanguage":"es"},{"@type":"Organization","@id":"https:\/\/ppdegalicia.com\/es\/#organization","name":"Partido Popular de Galicia","alternateName":"PP de Galicia","url":"https:\/\/ppdegalicia.com\/es\/","logo":{"@type":"ImageObject","inLanguage":"es","@id":"https:\/\/ppdegalicia.com\/es\/#\/schema\/logo\/image\/","url":"https:\/\/ppdegalicia.com\/wp-content\/uploads\/2023\/04\/logoPP512.png","contentUrl":"https:\/\/ppdegalicia.com\/wp-content\/uploads\/2023\/04\/logoPP512.png","width":512,"height":512,"caption":"Partido Popular de Galicia"},"image":{"@id":"https:\/\/ppdegalicia.com\/es\/#\/schema\/logo\/image\/"},"sameAs":["https:\/\/www.instagram.com\/ppdegalicia\/","https:\/\/x.com\/ppdegalicia","https:\/\/www.tiktok.com\/@ppdegalicia","https:\/\/www.youtube.com\/user\/ppdegalicia"]},{"@type":"Person","@id":"https:\/\/ppdegalicia.com\/es\/#\/schema\/person\/bc9b46e59ebd34bf28611158c3867388","name":"ppdegaliciaedtis","image":{"@type":"ImageObject","inLanguage":"es","@id":"https:\/\/secure.gravatar.com\/avatar\/f9f8cf6e03df54a1b0d04a6b4b8e8c6bd63c10a439752e84d87a5385aefe2ced?s=96&d=mm&r=g","url":"https:\/\/secure.gravatar.com\/avatar\/f9f8cf6e03df54a1b0d04a6b4b8e8c6bd63c10a439752e84d87a5385aefe2ced?s=96&d=mm&r=g","contentUrl":"https:\/\/secure.gravatar.com\/avatar\/f9f8cf6e03df54a1b0d04a6b4b8e8c6bd63c10a439752e84d87a5385aefe2ced?s=96&d=mm&r=g","caption":"ppdegaliciaedtis"},"url":"https:\/\/ppdegalicia.com\/es\/author\/ppdegaliciaedits\/"}]}},"_links":{"self":[{"href":"https:\/\/ppdegalicia.com\/es\/wp-json\/wp\/v2\/posts\/64693","targetHints":{"allow":["GET"]}}],"collection":[{"href":"https:\/\/ppdegalicia.com\/es\/wp-json\/wp\/v2\/posts"}],"about":[{"href":"https:\/\/ppdegalicia.com\/es\/wp-json\/wp\/v2\/types\/post"}],"author":[{"embeddable":true,"href":"https:\/\/ppdegalicia.com\/es\/wp-json\/wp\/v2\/users\/40"}],"replies":[{"embeddable":true,"href":"https:\/\/ppdegalicia.com\/es\/wp-json\/wp\/v2\/comments?post=64693"}],"version-history":[{"count":1,"href":"https:\/\/ppdegalicia.com\/es\/wp-json\/wp\/v2\/posts\/64693\/revisions"}],"predecessor-version":[{"id":64696,"href":"https:\/\/ppdegalicia.com\/es\/wp-json\/wp\/v2\/posts\/64693\/revisions\/64696"}],"wp:featuredmedia":[{"embeddable":true,"href":"https:\/\/ppdegalicia.com\/es\/wp-json\/wp\/v2\/media\/64694"}],"wp:attachment":[{"href":"https:\/\/ppdegalicia.com\/es\/wp-json\/wp\/v2\/media?parent=64693"}],"wp:term":[{"taxonomy":"category","embeddable":true,"href":"https:\/\/ppdegalicia.com\/es\/wp-json\/wp\/v2\/categories?post=64693"},{"taxonomy":"post_tag","embeddable":true,"href":"https:\/\/ppdegalicia.com\/es\/wp-json\/wp\/v2\/tags?post=64693"}],"curies":[{"name":"wp","href":"https:\/\/api.w.org\/{rel}","templated":true}]}}