{"id":64712,"date":"2024-10-23T11:57:37","date_gmt":"2024-10-23T10:57:37","guid":{"rendered":"https:\/\/ppdegalicia.com\/?p=64712"},"modified":"2024-12-04T09:26:35","modified_gmt":"2024-12-04T08:26:35","slug":"o-parlamento-solicita-ao-goberno-central-un-reparto-mais-xusto-e-consecuente-das-axudas-para-o-fomento-da-industria-cinematografica-e-audiovisual","status":"publish","type":"post","link":"https:\/\/ppdegalicia.com\/es\/o-parlamento-solicita-ao-goberno-central-un-reparto-mais-xusto-e-consecuente-das-axudas-para-o-fomento-da-industria-cinematografica-e-audiovisual\/","title":{"rendered":"O Parlamento solicita ao Goberno central un reparto m\u00e1is xusto e consecuente das axudas para o fomento da industria cinematogr\u00e1fica e audiovisual"},"content":{"rendered":"\t\t<div data-elementor-type=\"wp-post\" data-elementor-id=\"64712\" class=\"elementor elementor-64712\">\n\t\t\t\t\t\t<section class=\"elementor-section elementor-top-section elementor-element elementor-element-eed75de elementor-section-boxed elementor-section-height-default elementor-section-height-default\" data-id=\"eed75de\" data-element_type=\"section\" data-e-type=\"section\" data-settings=\"{&quot;jet_parallax_layout_list&quot;:[]}\">\n\t\t\t\t\t\t<div class=\"elementor-container elementor-column-gap-default\">\n\t\t\t\t\t<div class=\"elementor-column elementor-col-100 elementor-top-column elementor-element elementor-element-4dca874\" data-id=\"4dca874\" data-element_type=\"column\" data-e-type=\"column\">\n\t\t\t<div class=\"elementor-widget-wrap elementor-element-populated\">\n\t\t\t\t\t\t<div class=\"elementor-element elementor-element-c7fc162 elementor-widget elementor-widget-image\" data-id=\"c7fc162\" data-element_type=\"widget\" data-e-type=\"widget\" data-widget_type=\"image.default\">\n\t\t\t\t<div class=\"elementor-widget-container\">\n\t\t\t\t\t\t\t\t\t\t\t\t\t\t\t<img fetchpriority=\"high\" decoding=\"async\" width=\"1024\" height=\"683\" src=\"https:\/\/ppdegalicia.com\/wp-content\/uploads\/2024\/12\/20241022_Pleno_ordinario97-1536x1024-2-1024x683.jpg\" class=\"attachment-large size-large wp-image-64713\" alt=\"\" srcset=\"https:\/\/ppdegalicia.com\/wp-content\/uploads\/2024\/12\/20241022_Pleno_ordinario97-1536x1024-2-1024x683.jpg 1024w, https:\/\/ppdegalicia.com\/wp-content\/uploads\/2024\/12\/20241022_Pleno_ordinario97-1536x1024-2-300x200.jpg 300w, https:\/\/ppdegalicia.com\/wp-content\/uploads\/2024\/12\/20241022_Pleno_ordinario97-1536x1024-2-768x512.jpg 768w, https:\/\/ppdegalicia.com\/wp-content\/uploads\/2024\/12\/20241022_Pleno_ordinario97-1536x1024-2.jpg 1536w\" sizes=\"(max-width: 1024px) 100vw, 1024px\" \/>\t\t\t\t\t\t\t\t\t\t\t\t\t\t\t<\/div>\n\t\t\t\t<\/div>\n\t\t\t\t\t<\/div>\n\t\t<\/div>\n\t\t\t\t\t<\/div>\n\t\t<\/section>\n\t\t\t\t<section class=\"elementor-section elementor-top-section elementor-element elementor-element-3fe8f1cc elementor-section-boxed elementor-section-height-default elementor-section-height-default\" data-id=\"3fe8f1cc\" data-element_type=\"section\" data-e-type=\"section\" data-settings=\"{&quot;jet_parallax_layout_list&quot;:[]}\">\n\t\t\t\t\t\t<div class=\"elementor-container elementor-column-gap-default\">\n\t\t\t\t\t<div class=\"elementor-column elementor-col-100 elementor-top-column elementor-element elementor-element-3e13978e\" data-id=\"3e13978e\" data-element_type=\"column\" data-e-type=\"column\">\n\t\t\t<div class=\"elementor-widget-wrap elementor-element-populated\">\n\t\t\t\t\t\t<div class=\"elementor-element elementor-element-55549817 elementor-widget elementor-widget-text-editor\" data-id=\"55549817\" data-element_type=\"widget\" data-e-type=\"widget\" data-widget_type=\"text-editor.default\">\n\t\t\t\t<div class=\"elementor-widget-container\">\n\t\t\t\t\t\t\t\t\tO Parlamento de Galicia aprobou hoxe por unanimidade a proposici\u00f3n non de lei do Grupo Popular a trav\u00e9s da que se solicita ao Goberno de Espa\u00f1a que garanta un reparto m\u00e1is xusto e m\u00e1is consecuente das axudas para o fomento da produci\u00f3n, distribuci\u00f3n, exhibici\u00f3n e promoci\u00f3n da industria cinematogr\u00e1fica e audiovisual, co obxectivo do fomento das linguas cooficiais distintas do castel\u00e1n.\n\nA portavoz popular de Cultura, Carmen Pomar, explicou que estas axudas estatais \u201cconstit\u00faen unha importante li\u00f1a de apoio ao sector audiovisual, xa que poden utilizarse para todo tipo de acci\u00f3ns, desde a creaci\u00f3n de proxectos audiovisuais en galego, ata a dobraxe, a promoci\u00f3n ou a difusi\u00f3n, entre outros\u201d.\n\n<strong>DO 70% PARA CATALU\u00d1A AO 5% PARA GALICIA<\/strong>\n\nPomar lembrou que \u201co Goberno de Pedro S\u00e1nchez recuperou estas axudas en 2022 como unha das contrapartidas para votar a favor da s\u00faa investidura como Presidente do Goberno e, desde ese ano, beneficiaron descaradamente a Catalu\u00f1a\u201d. En concreto, indicou que en 2022 Catalu\u00f1a levouse o 71,60 por cento do fondo, en 2023, o 67,93 por cento; e en 2024, volveuse achegar ao 70 por cento. En contraposici\u00f3n, Galicia pasou de recibir o 11,5 por cento do fondo en 2022, ao 8,3 por cento en 2023 e, finalmente, ver reducida a s\u00faa participaci\u00f3n a un 5,11 por cento este ano.\n\n\u201cIsto non \u00e9 admisible para Galicia, non xa polo Goberno galego sen\u00f3n polo noso sector audiovisual\u201d, sinalou a portavoz popular, que manifestou que \u201c\u00e9 fundamental opo\u00f1erse frontalmente aos criterios de reparto que manexa o Ministerio ou, no caso de que os mante\u00f1an, \u00e9 importante que se po\u00f1an uns contrapesos que non beneficien sempre so aos m\u00e1is fortes\u201d.\n\nCarmen Pomar salientou que \u201co apoio do Goberno galego ao sector audiovisual queda demostrado coa aposta decidida pola produci\u00f3n feita na Comunidade galega e en galego\u201d, ante o que apuntou que \u201choxe m\u00e1is do 60 por cento da produci\u00f3n que se realiza en Galicia faise en galego\u201d.\n\n&nbsp;\t\t\t\t\t\t\t\t<\/div>\n\t\t\t\t<\/div>\n\t\t\t\t\t<\/div>\n\t\t<\/div>\n\t\t\t\t\t<\/div>\n\t\t<\/section>\n\t\t\t\t<section class=\"elementor-section elementor-top-section elementor-element elementor-element-7c60e69 elementor-section-boxed elementor-section-height-default elementor-section-height-default\" data-id=\"7c60e69\" data-element_type=\"section\" data-e-type=\"section\" data-settings=\"{&quot;jet_parallax_layout_list&quot;:[]}\">\n\t\t\t\t\t\t<div class=\"elementor-container elementor-column-gap-default\">\n\t\t\t\t\t<div class=\"elementor-column elementor-col-100 elementor-top-column elementor-element elementor-element-5b04c9f\" data-id=\"5b04c9f\" data-element_type=\"column\" data-e-type=\"column\">\n\t\t\t<div class=\"elementor-widget-wrap elementor-element-populated\">\n\t\t\t\t\t\t<div class=\"elementor-element elementor-element-a77188c elementor-position-top elementor-widget elementor-widget-image-box\" data-id=\"a77188c\" data-element_type=\"widget\" data-e-type=\"widget\" data-widget_type=\"image-box.default\">\n\t\t\t\t<div class=\"elementor-widget-container\">\n\t\t\t\t\t<div class=\"elementor-image-box-wrapper\"><figure class=\"elementor-image-box-img\"><img decoding=\"async\" width=\"1536\" height=\"1024\" src=\"https:\/\/ppdegalicia.com\/wp-content\/uploads\/2024\/12\/20241022_Pleno_ordinario97-1536x1024-3.jpg\" class=\"attachment-full size-full wp-image-64722\" alt=\"\" srcset=\"https:\/\/ppdegalicia.com\/wp-content\/uploads\/2024\/12\/20241022_Pleno_ordinario97-1536x1024-3.jpg 1536w, https:\/\/ppdegalicia.com\/wp-content\/uploads\/2024\/12\/20241022_Pleno_ordinario97-1536x1024-3-300x200.jpg 300w, https:\/\/ppdegalicia.com\/wp-content\/uploads\/2024\/12\/20241022_Pleno_ordinario97-1536x1024-3-1024x683.jpg 1024w, https:\/\/ppdegalicia.com\/wp-content\/uploads\/2024\/12\/20241022_Pleno_ordinario97-1536x1024-3-768x512.jpg 768w\" sizes=\"(max-width: 1536px) 100vw, 1536px\" \/><\/figure><div class=\"elementor-image-box-content\"><h3 class=\"elementor-image-box-title\">Este \u00e9 o encabezado<\/h3><p class=\"elementor-image-box-description\">Lorem ipsum dolor sit amet, consectetur adipiscing elit. Ut elit tellus, luctus nec ullamcorper mattis, pulvinar dapibus leo.<\/p><\/div><\/div>\t\t\t\t<\/div>\n\t\t\t\t<\/div>\n\t\t\t\t\t<\/div>\n\t\t<\/div>\n\t\t\t\t\t<\/div>\n\t\t<\/section>\n\t\t\t\t<\/div>\n\t\t","protected":false},"excerpt":{"rendered":"<p>O Parlamento de Galicia aprobou hoxe por unanimidade a proposici\u00f3n non de lei do Grupo Popular a trav\u00e9s da que se solicita ao Goberno de Espa\u00f1a que garanta un reparto m\u00e1is xusto e m\u00e1is consecuente das axudas para o fomento da produci\u00f3n, distribuci\u00f3n, exhibici\u00f3n e promoci\u00f3n da industria cinematogr\u00e1fica e audiovisual, co obxectivo do fomento [&hellip;]<\/p>\n","protected":false},"author":37,"featured_media":64722,"comment_status":"closed","ping_status":"open","sticky":false,"template":"","format":"standard","meta":{"_acf_changed":false,"footnotes":""},"categories":[1128],"tags":[],"class_list":["post-64712","post","type-post","status-publish","format-standard","has-post-thumbnail","hentry","category-actualidad-parlamento-de-galicia"],"acf":[],"yoast_head":"<!-- This site is optimized with the Yoast SEO plugin v27.3 - https:\/\/yoast.com\/product\/yoast-seo-wordpress\/ -->\n<title>O Parlamento solicita ao Goberno central un reparto m\u00e1is xusto e consecuente das axudas para o fomento da industria cinematogr\u00e1fica e audiovisual - PP de Galicia<\/title>\n<meta name=\"robots\" content=\"index, follow, max-snippet:-1, max-image-preview:large, max-video-preview:-1\" \/>\n<link rel=\"canonical\" href=\"https:\/\/ppdegalicia.com\/es\/o-parlamento-solicita-ao-goberno-central-un-reparto-mais-xusto-e-consecuente-das-axudas-para-o-fomento-da-industria-cinematografica-e-audiovisual\/\" \/>\n<meta property=\"og:locale\" content=\"es_ES\" \/>\n<meta property=\"og:type\" content=\"article\" \/>\n<meta property=\"og:title\" content=\"O Parlamento solicita ao Goberno central un reparto m\u00e1is xusto e consecuente das axudas para o fomento da industria cinematogr\u00e1fica e audiovisual - PP de Galicia\" \/>\n<meta property=\"og:description\" content=\"O Parlamento de Galicia aprobou hoxe por unanimidade a proposici\u00f3n non de lei do Grupo Popular a trav\u00e9s da que se solicita ao Goberno de Espa\u00f1a que garanta un reparto m\u00e1is xusto e m\u00e1is consecuente das axudas para o fomento da produci\u00f3n, distribuci\u00f3n, exhibici\u00f3n e promoci\u00f3n da industria cinematogr\u00e1fica e audiovisual, co obxectivo do fomento [&hellip;]\" \/>\n<meta property=\"og:url\" content=\"https:\/\/ppdegalicia.com\/es\/o-parlamento-solicita-ao-goberno-central-un-reparto-mais-xusto-e-consecuente-das-axudas-para-o-fomento-da-industria-cinematografica-e-audiovisual\/\" \/>\n<meta property=\"og:site_name\" content=\"PP de Galicia\" \/>\n<meta property=\"article:publisher\" content=\"https:\/\/www.instagram.com\/ppdegalicia\/\" \/>\n<meta property=\"article:published_time\" content=\"2024-10-23T10:57:37+00:00\" \/>\n<meta property=\"article:modified_time\" content=\"2024-12-04T08:26:35+00:00\" \/>\n<meta property=\"og:image\" content=\"https:\/\/ppdegalicia.com\/wp-content\/uploads\/2024\/12\/20241022_Pleno_ordinario97-1536x1024-3.jpg\" \/>\n\t<meta property=\"og:image:width\" content=\"1536\" \/>\n\t<meta property=\"og:image:height\" content=\"1024\" \/>\n\t<meta property=\"og:image:type\" content=\"image\/jpeg\" \/>\n<meta name=\"author\" content=\"Super User\" \/>\n<meta name=\"twitter:card\" content=\"summary_large_image\" \/>\n<meta name=\"twitter:creator\" content=\"@ppdegalicia\" \/>\n<meta name=\"twitter:site\" content=\"@ppdegalicia\" \/>\n<meta name=\"twitter:label1\" content=\"Escrito por\" \/>\n\t<meta name=\"twitter:data1\" content=\"Super User\" \/>\n\t<meta name=\"twitter:label2\" content=\"Tiempo de lectura\" \/>\n\t<meta name=\"twitter:data2\" content=\"3 minutos\" \/>\n<script type=\"application\/ld+json\" class=\"yoast-schema-graph\">{\"@context\":\"https:\\\/\\\/schema.org\",\"@graph\":[{\"@type\":\"Article\",\"@id\":\"https:\\\/\\\/ppdegalicia.com\\\/es\\\/o-parlamento-solicita-ao-goberno-central-un-reparto-mais-xusto-e-consecuente-das-axudas-para-o-fomento-da-industria-cinematografica-e-audiovisual\\\/#article\",\"isPartOf\":{\"@id\":\"https:\\\/\\\/ppdegalicia.com\\\/es\\\/o-parlamento-solicita-ao-goberno-central-un-reparto-mais-xusto-e-consecuente-das-axudas-para-o-fomento-da-industria-cinematografica-e-audiovisual\\\/\"},\"author\":{\"name\":\"Super User\",\"@id\":\"https:\\\/\\\/ppdegalicia.com\\\/es\\\/#\\\/schema\\\/person\\\/d0f013b8388c980665d44009ab762960\"},\"headline\":\"O Parlamento solicita ao Goberno central un reparto m\u00e1is xusto e consecuente das axudas para o fomento da industria cinematogr\u00e1fica e audiovisual\",\"datePublished\":\"2024-10-23T10:57:37+00:00\",\"dateModified\":\"2024-12-04T08:26:35+00:00\",\"mainEntityOfPage\":{\"@id\":\"https:\\\/\\\/ppdegalicia.com\\\/es\\\/o-parlamento-solicita-ao-goberno-central-un-reparto-mais-xusto-e-consecuente-das-axudas-para-o-fomento-da-industria-cinematografica-e-audiovisual\\\/\"},\"wordCount\":380,\"publisher\":{\"@id\":\"https:\\\/\\\/ppdegalicia.com\\\/es\\\/#organization\"},\"image\":{\"@id\":\"https:\\\/\\\/ppdegalicia.com\\\/es\\\/o-parlamento-solicita-ao-goberno-central-un-reparto-mais-xusto-e-consecuente-das-axudas-para-o-fomento-da-industria-cinematografica-e-audiovisual\\\/#primaryimage\"},\"thumbnailUrl\":\"https:\\\/\\\/ppdegalicia.com\\\/wp-content\\\/uploads\\\/2024\\\/12\\\/20241022_Pleno_ordinario97-1536x1024-3.jpg\",\"articleSection\":[\"Parlamento de Galicia\"],\"inLanguage\":\"es\"},{\"@type\":\"WebPage\",\"@id\":\"https:\\\/\\\/ppdegalicia.com\\\/es\\\/o-parlamento-solicita-ao-goberno-central-un-reparto-mais-xusto-e-consecuente-das-axudas-para-o-fomento-da-industria-cinematografica-e-audiovisual\\\/\",\"url\":\"https:\\\/\\\/ppdegalicia.com\\\/es\\\/o-parlamento-solicita-ao-goberno-central-un-reparto-mais-xusto-e-consecuente-das-axudas-para-o-fomento-da-industria-cinematografica-e-audiovisual\\\/\",\"name\":\"O Parlamento solicita ao Goberno central un reparto m\u00e1is xusto e consecuente das axudas para o fomento da industria cinematogr\u00e1fica e audiovisual - PP de Galicia\",\"isPartOf\":{\"@id\":\"https:\\\/\\\/ppdegalicia.com\\\/es\\\/#website\"},\"primaryImageOfPage\":{\"@id\":\"https:\\\/\\\/ppdegalicia.com\\\/es\\\/o-parlamento-solicita-ao-goberno-central-un-reparto-mais-xusto-e-consecuente-das-axudas-para-o-fomento-da-industria-cinematografica-e-audiovisual\\\/#primaryimage\"},\"image\":{\"@id\":\"https:\\\/\\\/ppdegalicia.com\\\/es\\\/o-parlamento-solicita-ao-goberno-central-un-reparto-mais-xusto-e-consecuente-das-axudas-para-o-fomento-da-industria-cinematografica-e-audiovisual\\\/#primaryimage\"},\"thumbnailUrl\":\"https:\\\/\\\/ppdegalicia.com\\\/wp-content\\\/uploads\\\/2024\\\/12\\\/20241022_Pleno_ordinario97-1536x1024-3.jpg\",\"datePublished\":\"2024-10-23T10:57:37+00:00\",\"dateModified\":\"2024-12-04T08:26:35+00:00\",\"breadcrumb\":{\"@id\":\"https:\\\/\\\/ppdegalicia.com\\\/es\\\/o-parlamento-solicita-ao-goberno-central-un-reparto-mais-xusto-e-consecuente-das-axudas-para-o-fomento-da-industria-cinematografica-e-audiovisual\\\/#breadcrumb\"},\"inLanguage\":\"es\",\"potentialAction\":[{\"@type\":\"ReadAction\",\"target\":[\"https:\\\/\\\/ppdegalicia.com\\\/es\\\/o-parlamento-solicita-ao-goberno-central-un-reparto-mais-xusto-e-consecuente-das-axudas-para-o-fomento-da-industria-cinematografica-e-audiovisual\\\/\"]}]},{\"@type\":\"ImageObject\",\"inLanguage\":\"es\",\"@id\":\"https:\\\/\\\/ppdegalicia.com\\\/es\\\/o-parlamento-solicita-ao-goberno-central-un-reparto-mais-xusto-e-consecuente-das-axudas-para-o-fomento-da-industria-cinematografica-e-audiovisual\\\/#primaryimage\",\"url\":\"https:\\\/\\\/ppdegalicia.com\\\/wp-content\\\/uploads\\\/2024\\\/12\\\/20241022_Pleno_ordinario97-1536x1024-3.jpg\",\"contentUrl\":\"https:\\\/\\\/ppdegalicia.com\\\/wp-content\\\/uploads\\\/2024\\\/12\\\/20241022_Pleno_ordinario97-1536x1024-3.jpg\",\"width\":1536,\"height\":1024},{\"@type\":\"BreadcrumbList\",\"@id\":\"https:\\\/\\\/ppdegalicia.com\\\/es\\\/o-parlamento-solicita-ao-goberno-central-un-reparto-mais-xusto-e-consecuente-das-axudas-para-o-fomento-da-industria-cinematografica-e-audiovisual\\\/#breadcrumb\",\"itemListElement\":[{\"@type\":\"ListItem\",\"position\":1,\"name\":\"Portada\",\"item\":\"https:\\\/\\\/ppdegalicia.com\\\/es\\\/\"},{\"@type\":\"ListItem\",\"position\":2,\"name\":\"O Parlamento solicita ao Goberno central un reparto m\u00e1is xusto e consecuente das axudas para o fomento da industria cinematogr\u00e1fica e audiovisual\"}]},{\"@type\":\"WebSite\",\"@id\":\"https:\\\/\\\/ppdegalicia.com\\\/es\\\/#website\",\"url\":\"https:\\\/\\\/ppdegalicia.com\\\/es\\\/\",\"name\":\"Partido Popular de Galicia\",\"description\":\"Partido Popular de Galicia\",\"publisher\":{\"@id\":\"https:\\\/\\\/ppdegalicia.com\\\/es\\\/#organization\"},\"alternateName\":\"PP de Galicia\",\"potentialAction\":[{\"@type\":\"SearchAction\",\"target\":{\"@type\":\"EntryPoint\",\"urlTemplate\":\"https:\\\/\\\/ppdegalicia.com\\\/es\\\/?s={search_term_string}\"},\"query-input\":{\"@type\":\"PropertyValueSpecification\",\"valueRequired\":true,\"valueName\":\"search_term_string\"}}],\"inLanguage\":\"es\"},{\"@type\":\"Organization\",\"@id\":\"https:\\\/\\\/ppdegalicia.com\\\/es\\\/#organization\",\"name\":\"Partido Popular de Galicia\",\"alternateName\":\"PP de Galicia\",\"url\":\"https:\\\/\\\/ppdegalicia.com\\\/es\\\/\",\"logo\":{\"@type\":\"ImageObject\",\"inLanguage\":\"es\",\"@id\":\"https:\\\/\\\/ppdegalicia.com\\\/es\\\/#\\\/schema\\\/logo\\\/image\\\/\",\"url\":\"https:\\\/\\\/ppdegalicia.com\\\/wp-content\\\/uploads\\\/2023\\\/04\\\/logoPP512.png\",\"contentUrl\":\"https:\\\/\\\/ppdegalicia.com\\\/wp-content\\\/uploads\\\/2023\\\/04\\\/logoPP512.png\",\"width\":512,\"height\":512,\"caption\":\"Partido Popular de Galicia\"},\"image\":{\"@id\":\"https:\\\/\\\/ppdegalicia.com\\\/es\\\/#\\\/schema\\\/logo\\\/image\\\/\"},\"sameAs\":[\"https:\\\/\\\/www.instagram.com\\\/ppdegalicia\\\/\",\"https:\\\/\\\/x.com\\\/ppdegalicia\",\"https:\\\/\\\/www.tiktok.com\\\/@ppdegalicia\",\"https:\\\/\\\/www.youtube.com\\\/user\\\/ppdegalicia\"]},{\"@type\":\"Person\",\"@id\":\"https:\\\/\\\/ppdegalicia.com\\\/es\\\/#\\\/schema\\\/person\\\/d0f013b8388c980665d44009ab762960\",\"name\":\"Super User\",\"image\":{\"@type\":\"ImageObject\",\"inLanguage\":\"es\",\"@id\":\"https:\\\/\\\/secure.gravatar.com\\\/avatar\\\/1db852625ef4948f58d2739bfbc51e4b9bd5c93b8fa340b59fdb594ca0845645?s=96&d=mm&r=g\",\"url\":\"https:\\\/\\\/secure.gravatar.com\\\/avatar\\\/1db852625ef4948f58d2739bfbc51e4b9bd5c93b8fa340b59fdb594ca0845645?s=96&d=mm&r=g\",\"contentUrl\":\"https:\\\/\\\/secure.gravatar.com\\\/avatar\\\/1db852625ef4948f58d2739bfbc51e4b9bd5c93b8fa340b59fdb594ca0845645?s=96&d=mm&r=g\",\"caption\":\"Super User\"},\"url\":\"https:\\\/\\\/ppdegalicia.com\\\/es\\\/author\\\/ppdegaliciagestion\\\/\"}]}<\/script>\n<!-- \/ Yoast SEO plugin. -->","yoast_head_json":{"title":"O Parlamento solicita ao Goberno central un reparto m\u00e1is xusto e consecuente das axudas para o fomento da industria cinematogr\u00e1fica e audiovisual - PP de Galicia","robots":{"index":"index","follow":"follow","max-snippet":"max-snippet:-1","max-image-preview":"max-image-preview:large","max-video-preview":"max-video-preview:-1"},"canonical":"https:\/\/ppdegalicia.com\/es\/o-parlamento-solicita-ao-goberno-central-un-reparto-mais-xusto-e-consecuente-das-axudas-para-o-fomento-da-industria-cinematografica-e-audiovisual\/","og_locale":"es_ES","og_type":"article","og_title":"O Parlamento solicita ao Goberno central un reparto m\u00e1is xusto e consecuente das axudas para o fomento da industria cinematogr\u00e1fica e audiovisual - PP de Galicia","og_description":"O Parlamento de Galicia aprobou hoxe por unanimidade a proposici\u00f3n non de lei do Grupo Popular a trav\u00e9s da que se solicita ao Goberno de Espa\u00f1a que garanta un reparto m\u00e1is xusto e m\u00e1is consecuente das axudas para o fomento da produci\u00f3n, distribuci\u00f3n, exhibici\u00f3n e promoci\u00f3n da industria cinematogr\u00e1fica e audiovisual, co obxectivo do fomento [&hellip;]","og_url":"https:\/\/ppdegalicia.com\/es\/o-parlamento-solicita-ao-goberno-central-un-reparto-mais-xusto-e-consecuente-das-axudas-para-o-fomento-da-industria-cinematografica-e-audiovisual\/","og_site_name":"PP de Galicia","article_publisher":"https:\/\/www.instagram.com\/ppdegalicia\/","article_published_time":"2024-10-23T10:57:37+00:00","article_modified_time":"2024-12-04T08:26:35+00:00","og_image":[{"width":1536,"height":1024,"url":"https:\/\/ppdegalicia.com\/wp-content\/uploads\/2024\/12\/20241022_Pleno_ordinario97-1536x1024-3.jpg","type":"image\/jpeg"}],"author":"Super User","twitter_card":"summary_large_image","twitter_creator":"@ppdegalicia","twitter_site":"@ppdegalicia","twitter_misc":{"Escrito por":"Super User","Tiempo de lectura":"3 minutos"},"schema":{"@context":"https:\/\/schema.org","@graph":[{"@type":"Article","@id":"https:\/\/ppdegalicia.com\/es\/o-parlamento-solicita-ao-goberno-central-un-reparto-mais-xusto-e-consecuente-das-axudas-para-o-fomento-da-industria-cinematografica-e-audiovisual\/#article","isPartOf":{"@id":"https:\/\/ppdegalicia.com\/es\/o-parlamento-solicita-ao-goberno-central-un-reparto-mais-xusto-e-consecuente-das-axudas-para-o-fomento-da-industria-cinematografica-e-audiovisual\/"},"author":{"name":"Super User","@id":"https:\/\/ppdegalicia.com\/es\/#\/schema\/person\/d0f013b8388c980665d44009ab762960"},"headline":"O Parlamento solicita ao Goberno central un reparto m\u00e1is xusto e consecuente das axudas para o fomento da industria cinematogr\u00e1fica e audiovisual","datePublished":"2024-10-23T10:57:37+00:00","dateModified":"2024-12-04T08:26:35+00:00","mainEntityOfPage":{"@id":"https:\/\/ppdegalicia.com\/es\/o-parlamento-solicita-ao-goberno-central-un-reparto-mais-xusto-e-consecuente-das-axudas-para-o-fomento-da-industria-cinematografica-e-audiovisual\/"},"wordCount":380,"publisher":{"@id":"https:\/\/ppdegalicia.com\/es\/#organization"},"image":{"@id":"https:\/\/ppdegalicia.com\/es\/o-parlamento-solicita-ao-goberno-central-un-reparto-mais-xusto-e-consecuente-das-axudas-para-o-fomento-da-industria-cinematografica-e-audiovisual\/#primaryimage"},"thumbnailUrl":"https:\/\/ppdegalicia.com\/wp-content\/uploads\/2024\/12\/20241022_Pleno_ordinario97-1536x1024-3.jpg","articleSection":["Parlamento de Galicia"],"inLanguage":"es"},{"@type":"WebPage","@id":"https:\/\/ppdegalicia.com\/es\/o-parlamento-solicita-ao-goberno-central-un-reparto-mais-xusto-e-consecuente-das-axudas-para-o-fomento-da-industria-cinematografica-e-audiovisual\/","url":"https:\/\/ppdegalicia.com\/es\/o-parlamento-solicita-ao-goberno-central-un-reparto-mais-xusto-e-consecuente-das-axudas-para-o-fomento-da-industria-cinematografica-e-audiovisual\/","name":"O Parlamento solicita ao Goberno central un reparto m\u00e1is xusto e consecuente das axudas para o fomento da industria cinematogr\u00e1fica e audiovisual - PP de Galicia","isPartOf":{"@id":"https:\/\/ppdegalicia.com\/es\/#website"},"primaryImageOfPage":{"@id":"https:\/\/ppdegalicia.com\/es\/o-parlamento-solicita-ao-goberno-central-un-reparto-mais-xusto-e-consecuente-das-axudas-para-o-fomento-da-industria-cinematografica-e-audiovisual\/#primaryimage"},"image":{"@id":"https:\/\/ppdegalicia.com\/es\/o-parlamento-solicita-ao-goberno-central-un-reparto-mais-xusto-e-consecuente-das-axudas-para-o-fomento-da-industria-cinematografica-e-audiovisual\/#primaryimage"},"thumbnailUrl":"https:\/\/ppdegalicia.com\/wp-content\/uploads\/2024\/12\/20241022_Pleno_ordinario97-1536x1024-3.jpg","datePublished":"2024-10-23T10:57:37+00:00","dateModified":"2024-12-04T08:26:35+00:00","breadcrumb":{"@id":"https:\/\/ppdegalicia.com\/es\/o-parlamento-solicita-ao-goberno-central-un-reparto-mais-xusto-e-consecuente-das-axudas-para-o-fomento-da-industria-cinematografica-e-audiovisual\/#breadcrumb"},"inLanguage":"es","potentialAction":[{"@type":"ReadAction","target":["https:\/\/ppdegalicia.com\/es\/o-parlamento-solicita-ao-goberno-central-un-reparto-mais-xusto-e-consecuente-das-axudas-para-o-fomento-da-industria-cinematografica-e-audiovisual\/"]}]},{"@type":"ImageObject","inLanguage":"es","@id":"https:\/\/ppdegalicia.com\/es\/o-parlamento-solicita-ao-goberno-central-un-reparto-mais-xusto-e-consecuente-das-axudas-para-o-fomento-da-industria-cinematografica-e-audiovisual\/#primaryimage","url":"https:\/\/ppdegalicia.com\/wp-content\/uploads\/2024\/12\/20241022_Pleno_ordinario97-1536x1024-3.jpg","contentUrl":"https:\/\/ppdegalicia.com\/wp-content\/uploads\/2024\/12\/20241022_Pleno_ordinario97-1536x1024-3.jpg","width":1536,"height":1024},{"@type":"BreadcrumbList","@id":"https:\/\/ppdegalicia.com\/es\/o-parlamento-solicita-ao-goberno-central-un-reparto-mais-xusto-e-consecuente-das-axudas-para-o-fomento-da-industria-cinematografica-e-audiovisual\/#breadcrumb","itemListElement":[{"@type":"ListItem","position":1,"name":"Portada","item":"https:\/\/ppdegalicia.com\/es\/"},{"@type":"ListItem","position":2,"name":"O Parlamento solicita ao Goberno central un reparto m\u00e1is xusto e consecuente das axudas para o fomento da industria cinematogr\u00e1fica e audiovisual"}]},{"@type":"WebSite","@id":"https:\/\/ppdegalicia.com\/es\/#website","url":"https:\/\/ppdegalicia.com\/es\/","name":"Partido Popular de Galicia","description":"Partido Popular de Galicia","publisher":{"@id":"https:\/\/ppdegalicia.com\/es\/#organization"},"alternateName":"PP de Galicia","potentialAction":[{"@type":"SearchAction","target":{"@type":"EntryPoint","urlTemplate":"https:\/\/ppdegalicia.com\/es\/?s={search_term_string}"},"query-input":{"@type":"PropertyValueSpecification","valueRequired":true,"valueName":"search_term_string"}}],"inLanguage":"es"},{"@type":"Organization","@id":"https:\/\/ppdegalicia.com\/es\/#organization","name":"Partido Popular de Galicia","alternateName":"PP de Galicia","url":"https:\/\/ppdegalicia.com\/es\/","logo":{"@type":"ImageObject","inLanguage":"es","@id":"https:\/\/ppdegalicia.com\/es\/#\/schema\/logo\/image\/","url":"https:\/\/ppdegalicia.com\/wp-content\/uploads\/2023\/04\/logoPP512.png","contentUrl":"https:\/\/ppdegalicia.com\/wp-content\/uploads\/2023\/04\/logoPP512.png","width":512,"height":512,"caption":"Partido Popular de Galicia"},"image":{"@id":"https:\/\/ppdegalicia.com\/es\/#\/schema\/logo\/image\/"},"sameAs":["https:\/\/www.instagram.com\/ppdegalicia\/","https:\/\/x.com\/ppdegalicia","https:\/\/www.tiktok.com\/@ppdegalicia","https:\/\/www.youtube.com\/user\/ppdegalicia"]},{"@type":"Person","@id":"https:\/\/ppdegalicia.com\/es\/#\/schema\/person\/d0f013b8388c980665d44009ab762960","name":"Super User","image":{"@type":"ImageObject","inLanguage":"es","@id":"https:\/\/secure.gravatar.com\/avatar\/1db852625ef4948f58d2739bfbc51e4b9bd5c93b8fa340b59fdb594ca0845645?s=96&d=mm&r=g","url":"https:\/\/secure.gravatar.com\/avatar\/1db852625ef4948f58d2739bfbc51e4b9bd5c93b8fa340b59fdb594ca0845645?s=96&d=mm&r=g","contentUrl":"https:\/\/secure.gravatar.com\/avatar\/1db852625ef4948f58d2739bfbc51e4b9bd5c93b8fa340b59fdb594ca0845645?s=96&d=mm&r=g","caption":"Super User"},"url":"https:\/\/ppdegalicia.com\/es\/author\/ppdegaliciagestion\/"}]}},"_links":{"self":[{"href":"https:\/\/ppdegalicia.com\/es\/wp-json\/wp\/v2\/posts\/64712","targetHints":{"allow":["GET"]}}],"collection":[{"href":"https:\/\/ppdegalicia.com\/es\/wp-json\/wp\/v2\/posts"}],"about":[{"href":"https:\/\/ppdegalicia.com\/es\/wp-json\/wp\/v2\/types\/post"}],"author":[{"embeddable":true,"href":"https:\/\/ppdegalicia.com\/es\/wp-json\/wp\/v2\/users\/37"}],"replies":[{"embeddable":true,"href":"https:\/\/ppdegalicia.com\/es\/wp-json\/wp\/v2\/comments?post=64712"}],"version-history":[{"count":10,"href":"https:\/\/ppdegalicia.com\/es\/wp-json\/wp\/v2\/posts\/64712\/revisions"}],"predecessor-version":[{"id":64733,"href":"https:\/\/ppdegalicia.com\/es\/wp-json\/wp\/v2\/posts\/64712\/revisions\/64733"}],"wp:featuredmedia":[{"embeddable":true,"href":"https:\/\/ppdegalicia.com\/es\/wp-json\/wp\/v2\/media\/64722"}],"wp:attachment":[{"href":"https:\/\/ppdegalicia.com\/es\/wp-json\/wp\/v2\/media?parent=64712"}],"wp:term":[{"taxonomy":"category","embeddable":true,"href":"https:\/\/ppdegalicia.com\/es\/wp-json\/wp\/v2\/categories?post=64712"},{"taxonomy":"post_tag","embeddable":true,"href":"https:\/\/ppdegalicia.com\/es\/wp-json\/wp\/v2\/tags?post=64712"}],"curies":[{"name":"wp","href":"https:\/\/api.w.org\/{rel}","templated":true}]}}