{"id":64797,"date":"2024-10-25T13:00:43","date_gmt":"2024-10-25T12:00:43","guid":{"rendered":"https:\/\/ppdegalicia.com\/?p=64797"},"modified":"2024-12-04T11:04:43","modified_gmt":"2024-12-04T10:04:43","slug":"o-parlamento-galego-demanda-ao-goberno-central-que-transfira-a-galicia-fondos-next-generation-para-financiar-as-necesidades-do-comercio","status":"publish","type":"post","link":"https:\/\/ppdegalicia.com\/es\/o-parlamento-galego-demanda-ao-goberno-central-que-transfira-a-galicia-fondos-next-generation-para-financiar-as-necesidades-do-comercio\/","title":{"rendered":"O Parlamento galego demanda ao Goberno central que transfira a Galicia fondos Next Generation para financiar as necesidades do comercio"},"content":{"rendered":"<p>O Parlamento galego aprobou esta ma\u00f1\u00e1 a proposici\u00f3n non de lei do Grupo Popular, que non contou co apoio dos deputados do PSdeG, a trav\u00e9s da que se demanda ao Goberno de Espa\u00f1a para que transfira a Galicia os recursos procedentes dos fondos europeos Next Generation co obxecto de financiar as necesidades do comercio galego e das s\u00faas asociaci\u00f3ns e federaci\u00f3ns. \u201cTodas as axudas en apoio ao noso comercio repartidas neste ano 2024 te\u00f1en a s\u00faa orixe exclusiva en fondos propios da Xunta, aos que non se lle engadiron recursos procedentes de fondos europeos que deber\u00edan ser xestionados polas comunidades aut\u00f3nomas\u201d, sinalou a portavoz popular de Comercio, Felisa Rodr\u00edguez.<\/p>\n<p>Na s\u00faa intervenci\u00f3n, cualificou esta iniciativa aprobada hoxe como \u201cimportante, necesaria e xusta\u201d. As\u00ed, considerou que \u00e9 \u201cimportante para o noso comercio, para mellorar a econom\u00eda local e para axudar e dinamizar o territorio onde se asenta, porque as axudas convocadas para o comercio galego foron financiadas na s\u00faa totalidade con fondos propios da Xunta\u201d.<\/p>\n<p>\u201cTam\u00e9n \u00e9 unha iniciativa necesaria, porque consideramos unha inxustiza que a Galicia non lle foran transferidos neste ano 2024 os fondos europeos Next Generation para o beneficio do comercio galego, das s\u00faas asociaci\u00f3ns e federaci\u00f3ns\u201d, indicou a portavoz popular, quen lamentou que \u201cese fondo que o Goberno central ten sen gastar\u201d.<\/p>\n<p>Por \u00faltimo, Felisa Rodr\u00edguez considerou que \u00e9 unha proposta \u201cxusta, fronte \u00e1 desinformaci\u00f3n que amosaron os grupos da oposici\u00f3n ao vetar que o pasado 19 de setembro se aprobara neste Parlamento unha iniciativa neste sentido, mentindo ao dicir que os fondos europeos xa foran transferidos ao Goberno galego\u201d.<\/p>\n<p>&nbsp;<\/p>\n","protected":false},"excerpt":{"rendered":"<p>O Parlamento galego aprobou esta ma\u00f1\u00e1 a proposici\u00f3n non de lei do Grupo Popular, que non contou co apoio dos deputados do PSdeG, a trav\u00e9s da que se demanda ao Goberno de Espa\u00f1a para que transfira a Galicia os recursos procedentes dos fondos europeos Next Generation co obxecto de financiar as necesidades do comercio galego [&hellip;]<\/p>\n","protected":false},"author":37,"featured_media":64799,"comment_status":"closed","ping_status":"open","sticky":false,"template":"","format":"standard","meta":{"_acf_changed":false,"footnotes":""},"categories":[1128],"tags":[],"class_list":["post-64797","post","type-post","status-publish","format-standard","has-post-thumbnail","hentry","category-actualidad-parlamento-de-galicia"],"acf":[],"yoast_head":"<!-- This site is optimized with the Yoast SEO plugin v27.3 - https:\/\/yoast.com\/product\/yoast-seo-wordpress\/ -->\n<title>O Parlamento galego demanda ao Goberno central que transfira a Galicia fondos Next Generation para financiar as necesidades do comercio - PP de Galicia<\/title>\n<meta name=\"robots\" content=\"index, follow, max-snippet:-1, max-image-preview:large, max-video-preview:-1\" \/>\n<link rel=\"canonical\" href=\"https:\/\/ppdegalicia.com\/es\/o-parlamento-galego-demanda-ao-goberno-central-que-transfira-a-galicia-fondos-next-generation-para-financiar-as-necesidades-do-comercio\/\" \/>\n<meta property=\"og:locale\" content=\"es_ES\" \/>\n<meta property=\"og:type\" content=\"article\" \/>\n<meta property=\"og:title\" content=\"O Parlamento galego demanda ao Goberno central que transfira a Galicia fondos Next Generation para financiar as necesidades do comercio - PP de Galicia\" \/>\n<meta property=\"og:description\" content=\"O Parlamento galego aprobou esta ma\u00f1\u00e1 a proposici\u00f3n non de lei do Grupo Popular, que non contou co apoio dos deputados do PSdeG, a trav\u00e9s da que se demanda ao Goberno de Espa\u00f1a para que transfira a Galicia os recursos procedentes dos fondos europeos Next Generation co obxecto de financiar as necesidades do comercio galego [&hellip;]\" \/>\n<meta property=\"og:url\" content=\"https:\/\/ppdegalicia.com\/es\/o-parlamento-galego-demanda-ao-goberno-central-que-transfira-a-galicia-fondos-next-generation-para-financiar-as-necesidades-do-comercio\/\" \/>\n<meta property=\"og:site_name\" content=\"PP de Galicia\" \/>\n<meta property=\"article:publisher\" content=\"https:\/\/www.instagram.com\/ppdegalicia\/\" \/>\n<meta property=\"article:published_time\" content=\"2024-10-25T12:00:43+00:00\" \/>\n<meta property=\"article:modified_time\" content=\"2024-12-04T10:04:43+00:00\" \/>\n<meta property=\"og:image\" content=\"https:\/\/ppdegalicia.com\/wp-content\/uploads\/2024\/10\/20241025_C6a-10-1536x1024-1.jpg\" \/>\n\t<meta property=\"og:image:width\" content=\"1536\" \/>\n\t<meta property=\"og:image:height\" content=\"1024\" \/>\n\t<meta property=\"og:image:type\" content=\"image\/jpeg\" \/>\n<meta name=\"author\" content=\"Super User\" \/>\n<meta name=\"twitter:card\" content=\"summary_large_image\" \/>\n<meta name=\"twitter:creator\" content=\"@ppdegalicia\" \/>\n<meta name=\"twitter:site\" content=\"@ppdegalicia\" \/>\n<meta name=\"twitter:label1\" content=\"Escrito por\" \/>\n\t<meta name=\"twitter:data1\" content=\"Super User\" \/>\n\t<meta name=\"twitter:label2\" content=\"Tiempo de lectura\" \/>\n\t<meta name=\"twitter:data2\" content=\"2 minutos\" \/>\n<script type=\"application\/ld+json\" class=\"yoast-schema-graph\">{\"@context\":\"https:\\\/\\\/schema.org\",\"@graph\":[{\"@type\":\"Article\",\"@id\":\"https:\\\/\\\/ppdegalicia.com\\\/es\\\/o-parlamento-galego-demanda-ao-goberno-central-que-transfira-a-galicia-fondos-next-generation-para-financiar-as-necesidades-do-comercio\\\/#article\",\"isPartOf\":{\"@id\":\"https:\\\/\\\/ppdegalicia.com\\\/es\\\/o-parlamento-galego-demanda-ao-goberno-central-que-transfira-a-galicia-fondos-next-generation-para-financiar-as-necesidades-do-comercio\\\/\"},\"author\":{\"name\":\"Super User\",\"@id\":\"https:\\\/\\\/ppdegalicia.com\\\/es\\\/#\\\/schema\\\/person\\\/d0f013b8388c980665d44009ab762960\"},\"headline\":\"O Parlamento galego demanda ao Goberno central que transfira a Galicia fondos Next Generation para financiar as necesidades do comercio\",\"datePublished\":\"2024-10-25T12:00:43+00:00\",\"dateModified\":\"2024-12-04T10:04:43+00:00\",\"mainEntityOfPage\":{\"@id\":\"https:\\\/\\\/ppdegalicia.com\\\/es\\\/o-parlamento-galego-demanda-ao-goberno-central-que-transfira-a-galicia-fondos-next-generation-para-financiar-as-necesidades-do-comercio\\\/\"},\"wordCount\":299,\"publisher\":{\"@id\":\"https:\\\/\\\/ppdegalicia.com\\\/es\\\/#organization\"},\"image\":{\"@id\":\"https:\\\/\\\/ppdegalicia.com\\\/es\\\/o-parlamento-galego-demanda-ao-goberno-central-que-transfira-a-galicia-fondos-next-generation-para-financiar-as-necesidades-do-comercio\\\/#primaryimage\"},\"thumbnailUrl\":\"https:\\\/\\\/ppdegalicia.com\\\/wp-content\\\/uploads\\\/2024\\\/10\\\/20241025_C6a-10-1536x1024-1.jpg\",\"articleSection\":[\"Parlamento de Galicia\"],\"inLanguage\":\"es\"},{\"@type\":\"WebPage\",\"@id\":\"https:\\\/\\\/ppdegalicia.com\\\/es\\\/o-parlamento-galego-demanda-ao-goberno-central-que-transfira-a-galicia-fondos-next-generation-para-financiar-as-necesidades-do-comercio\\\/\",\"url\":\"https:\\\/\\\/ppdegalicia.com\\\/es\\\/o-parlamento-galego-demanda-ao-goberno-central-que-transfira-a-galicia-fondos-next-generation-para-financiar-as-necesidades-do-comercio\\\/\",\"name\":\"O Parlamento galego demanda ao Goberno central que transfira a Galicia fondos Next Generation para financiar as necesidades do comercio - PP de Galicia\",\"isPartOf\":{\"@id\":\"https:\\\/\\\/ppdegalicia.com\\\/es\\\/#website\"},\"primaryImageOfPage\":{\"@id\":\"https:\\\/\\\/ppdegalicia.com\\\/es\\\/o-parlamento-galego-demanda-ao-goberno-central-que-transfira-a-galicia-fondos-next-generation-para-financiar-as-necesidades-do-comercio\\\/#primaryimage\"},\"image\":{\"@id\":\"https:\\\/\\\/ppdegalicia.com\\\/es\\\/o-parlamento-galego-demanda-ao-goberno-central-que-transfira-a-galicia-fondos-next-generation-para-financiar-as-necesidades-do-comercio\\\/#primaryimage\"},\"thumbnailUrl\":\"https:\\\/\\\/ppdegalicia.com\\\/wp-content\\\/uploads\\\/2024\\\/10\\\/20241025_C6a-10-1536x1024-1.jpg\",\"datePublished\":\"2024-10-25T12:00:43+00:00\",\"dateModified\":\"2024-12-04T10:04:43+00:00\",\"breadcrumb\":{\"@id\":\"https:\\\/\\\/ppdegalicia.com\\\/es\\\/o-parlamento-galego-demanda-ao-goberno-central-que-transfira-a-galicia-fondos-next-generation-para-financiar-as-necesidades-do-comercio\\\/#breadcrumb\"},\"inLanguage\":\"es\",\"potentialAction\":[{\"@type\":\"ReadAction\",\"target\":[\"https:\\\/\\\/ppdegalicia.com\\\/es\\\/o-parlamento-galego-demanda-ao-goberno-central-que-transfira-a-galicia-fondos-next-generation-para-financiar-as-necesidades-do-comercio\\\/\"]}]},{\"@type\":\"ImageObject\",\"inLanguage\":\"es\",\"@id\":\"https:\\\/\\\/ppdegalicia.com\\\/es\\\/o-parlamento-galego-demanda-ao-goberno-central-que-transfira-a-galicia-fondos-next-generation-para-financiar-as-necesidades-do-comercio\\\/#primaryimage\",\"url\":\"https:\\\/\\\/ppdegalicia.com\\\/wp-content\\\/uploads\\\/2024\\\/10\\\/20241025_C6a-10-1536x1024-1.jpg\",\"contentUrl\":\"https:\\\/\\\/ppdegalicia.com\\\/wp-content\\\/uploads\\\/2024\\\/10\\\/20241025_C6a-10-1536x1024-1.jpg\",\"width\":1536,\"height\":1024},{\"@type\":\"BreadcrumbList\",\"@id\":\"https:\\\/\\\/ppdegalicia.com\\\/es\\\/o-parlamento-galego-demanda-ao-goberno-central-que-transfira-a-galicia-fondos-next-generation-para-financiar-as-necesidades-do-comercio\\\/#breadcrumb\",\"itemListElement\":[{\"@type\":\"ListItem\",\"position\":1,\"name\":\"Portada\",\"item\":\"https:\\\/\\\/ppdegalicia.com\\\/es\\\/\"},{\"@type\":\"ListItem\",\"position\":2,\"name\":\"O Parlamento galego demanda ao Goberno central que transfira a Galicia fondos Next Generation para financiar as necesidades do comercio\"}]},{\"@type\":\"WebSite\",\"@id\":\"https:\\\/\\\/ppdegalicia.com\\\/es\\\/#website\",\"url\":\"https:\\\/\\\/ppdegalicia.com\\\/es\\\/\",\"name\":\"Partido Popular de Galicia\",\"description\":\"Partido Popular de Galicia\",\"publisher\":{\"@id\":\"https:\\\/\\\/ppdegalicia.com\\\/es\\\/#organization\"},\"alternateName\":\"PP de Galicia\",\"potentialAction\":[{\"@type\":\"SearchAction\",\"target\":{\"@type\":\"EntryPoint\",\"urlTemplate\":\"https:\\\/\\\/ppdegalicia.com\\\/es\\\/?s={search_term_string}\"},\"query-input\":{\"@type\":\"PropertyValueSpecification\",\"valueRequired\":true,\"valueName\":\"search_term_string\"}}],\"inLanguage\":\"es\"},{\"@type\":\"Organization\",\"@id\":\"https:\\\/\\\/ppdegalicia.com\\\/es\\\/#organization\",\"name\":\"Partido Popular de Galicia\",\"alternateName\":\"PP de Galicia\",\"url\":\"https:\\\/\\\/ppdegalicia.com\\\/es\\\/\",\"logo\":{\"@type\":\"ImageObject\",\"inLanguage\":\"es\",\"@id\":\"https:\\\/\\\/ppdegalicia.com\\\/es\\\/#\\\/schema\\\/logo\\\/image\\\/\",\"url\":\"https:\\\/\\\/ppdegalicia.com\\\/wp-content\\\/uploads\\\/2023\\\/04\\\/logoPP512.png\",\"contentUrl\":\"https:\\\/\\\/ppdegalicia.com\\\/wp-content\\\/uploads\\\/2023\\\/04\\\/logoPP512.png\",\"width\":512,\"height\":512,\"caption\":\"Partido Popular de Galicia\"},\"image\":{\"@id\":\"https:\\\/\\\/ppdegalicia.com\\\/es\\\/#\\\/schema\\\/logo\\\/image\\\/\"},\"sameAs\":[\"https:\\\/\\\/www.instagram.com\\\/ppdegalicia\\\/\",\"https:\\\/\\\/x.com\\\/ppdegalicia\",\"https:\\\/\\\/www.tiktok.com\\\/@ppdegalicia\",\"https:\\\/\\\/www.youtube.com\\\/user\\\/ppdegalicia\"]},{\"@type\":\"Person\",\"@id\":\"https:\\\/\\\/ppdegalicia.com\\\/es\\\/#\\\/schema\\\/person\\\/d0f013b8388c980665d44009ab762960\",\"name\":\"Super User\",\"image\":{\"@type\":\"ImageObject\",\"inLanguage\":\"es\",\"@id\":\"https:\\\/\\\/secure.gravatar.com\\\/avatar\\\/1db852625ef4948f58d2739bfbc51e4b9bd5c93b8fa340b59fdb594ca0845645?s=96&d=mm&r=g\",\"url\":\"https:\\\/\\\/secure.gravatar.com\\\/avatar\\\/1db852625ef4948f58d2739bfbc51e4b9bd5c93b8fa340b59fdb594ca0845645?s=96&d=mm&r=g\",\"contentUrl\":\"https:\\\/\\\/secure.gravatar.com\\\/avatar\\\/1db852625ef4948f58d2739bfbc51e4b9bd5c93b8fa340b59fdb594ca0845645?s=96&d=mm&r=g\",\"caption\":\"Super User\"},\"url\":\"https:\\\/\\\/ppdegalicia.com\\\/es\\\/author\\\/ppdegaliciagestion\\\/\"}]}<\/script>\n<!-- \/ Yoast SEO plugin. -->","yoast_head_json":{"title":"O Parlamento galego demanda ao Goberno central que transfira a Galicia fondos Next Generation para financiar as necesidades do comercio - PP de Galicia","robots":{"index":"index","follow":"follow","max-snippet":"max-snippet:-1","max-image-preview":"max-image-preview:large","max-video-preview":"max-video-preview:-1"},"canonical":"https:\/\/ppdegalicia.com\/es\/o-parlamento-galego-demanda-ao-goberno-central-que-transfira-a-galicia-fondos-next-generation-para-financiar-as-necesidades-do-comercio\/","og_locale":"es_ES","og_type":"article","og_title":"O Parlamento galego demanda ao Goberno central que transfira a Galicia fondos Next Generation para financiar as necesidades do comercio - PP de Galicia","og_description":"O Parlamento galego aprobou esta ma\u00f1\u00e1 a proposici\u00f3n non de lei do Grupo Popular, que non contou co apoio dos deputados do PSdeG, a trav\u00e9s da que se demanda ao Goberno de Espa\u00f1a para que transfira a Galicia os recursos procedentes dos fondos europeos Next Generation co obxecto de financiar as necesidades do comercio galego [&hellip;]","og_url":"https:\/\/ppdegalicia.com\/es\/o-parlamento-galego-demanda-ao-goberno-central-que-transfira-a-galicia-fondos-next-generation-para-financiar-as-necesidades-do-comercio\/","og_site_name":"PP de Galicia","article_publisher":"https:\/\/www.instagram.com\/ppdegalicia\/","article_published_time":"2024-10-25T12:00:43+00:00","article_modified_time":"2024-12-04T10:04:43+00:00","og_image":[{"width":1536,"height":1024,"url":"https:\/\/ppdegalicia.com\/wp-content\/uploads\/2024\/10\/20241025_C6a-10-1536x1024-1.jpg","type":"image\/jpeg"}],"author":"Super User","twitter_card":"summary_large_image","twitter_creator":"@ppdegalicia","twitter_site":"@ppdegalicia","twitter_misc":{"Escrito por":"Super User","Tiempo de lectura":"2 minutos"},"schema":{"@context":"https:\/\/schema.org","@graph":[{"@type":"Article","@id":"https:\/\/ppdegalicia.com\/es\/o-parlamento-galego-demanda-ao-goberno-central-que-transfira-a-galicia-fondos-next-generation-para-financiar-as-necesidades-do-comercio\/#article","isPartOf":{"@id":"https:\/\/ppdegalicia.com\/es\/o-parlamento-galego-demanda-ao-goberno-central-que-transfira-a-galicia-fondos-next-generation-para-financiar-as-necesidades-do-comercio\/"},"author":{"name":"Super User","@id":"https:\/\/ppdegalicia.com\/es\/#\/schema\/person\/d0f013b8388c980665d44009ab762960"},"headline":"O Parlamento galego demanda ao Goberno central que transfira a Galicia fondos Next Generation para financiar as necesidades do comercio","datePublished":"2024-10-25T12:00:43+00:00","dateModified":"2024-12-04T10:04:43+00:00","mainEntityOfPage":{"@id":"https:\/\/ppdegalicia.com\/es\/o-parlamento-galego-demanda-ao-goberno-central-que-transfira-a-galicia-fondos-next-generation-para-financiar-as-necesidades-do-comercio\/"},"wordCount":299,"publisher":{"@id":"https:\/\/ppdegalicia.com\/es\/#organization"},"image":{"@id":"https:\/\/ppdegalicia.com\/es\/o-parlamento-galego-demanda-ao-goberno-central-que-transfira-a-galicia-fondos-next-generation-para-financiar-as-necesidades-do-comercio\/#primaryimage"},"thumbnailUrl":"https:\/\/ppdegalicia.com\/wp-content\/uploads\/2024\/10\/20241025_C6a-10-1536x1024-1.jpg","articleSection":["Parlamento de Galicia"],"inLanguage":"es"},{"@type":"WebPage","@id":"https:\/\/ppdegalicia.com\/es\/o-parlamento-galego-demanda-ao-goberno-central-que-transfira-a-galicia-fondos-next-generation-para-financiar-as-necesidades-do-comercio\/","url":"https:\/\/ppdegalicia.com\/es\/o-parlamento-galego-demanda-ao-goberno-central-que-transfira-a-galicia-fondos-next-generation-para-financiar-as-necesidades-do-comercio\/","name":"O Parlamento galego demanda ao Goberno central que transfira a Galicia fondos Next Generation para financiar as necesidades do comercio - PP de Galicia","isPartOf":{"@id":"https:\/\/ppdegalicia.com\/es\/#website"},"primaryImageOfPage":{"@id":"https:\/\/ppdegalicia.com\/es\/o-parlamento-galego-demanda-ao-goberno-central-que-transfira-a-galicia-fondos-next-generation-para-financiar-as-necesidades-do-comercio\/#primaryimage"},"image":{"@id":"https:\/\/ppdegalicia.com\/es\/o-parlamento-galego-demanda-ao-goberno-central-que-transfira-a-galicia-fondos-next-generation-para-financiar-as-necesidades-do-comercio\/#primaryimage"},"thumbnailUrl":"https:\/\/ppdegalicia.com\/wp-content\/uploads\/2024\/10\/20241025_C6a-10-1536x1024-1.jpg","datePublished":"2024-10-25T12:00:43+00:00","dateModified":"2024-12-04T10:04:43+00:00","breadcrumb":{"@id":"https:\/\/ppdegalicia.com\/es\/o-parlamento-galego-demanda-ao-goberno-central-que-transfira-a-galicia-fondos-next-generation-para-financiar-as-necesidades-do-comercio\/#breadcrumb"},"inLanguage":"es","potentialAction":[{"@type":"ReadAction","target":["https:\/\/ppdegalicia.com\/es\/o-parlamento-galego-demanda-ao-goberno-central-que-transfira-a-galicia-fondos-next-generation-para-financiar-as-necesidades-do-comercio\/"]}]},{"@type":"ImageObject","inLanguage":"es","@id":"https:\/\/ppdegalicia.com\/es\/o-parlamento-galego-demanda-ao-goberno-central-que-transfira-a-galicia-fondos-next-generation-para-financiar-as-necesidades-do-comercio\/#primaryimage","url":"https:\/\/ppdegalicia.com\/wp-content\/uploads\/2024\/10\/20241025_C6a-10-1536x1024-1.jpg","contentUrl":"https:\/\/ppdegalicia.com\/wp-content\/uploads\/2024\/10\/20241025_C6a-10-1536x1024-1.jpg","width":1536,"height":1024},{"@type":"BreadcrumbList","@id":"https:\/\/ppdegalicia.com\/es\/o-parlamento-galego-demanda-ao-goberno-central-que-transfira-a-galicia-fondos-next-generation-para-financiar-as-necesidades-do-comercio\/#breadcrumb","itemListElement":[{"@type":"ListItem","position":1,"name":"Portada","item":"https:\/\/ppdegalicia.com\/es\/"},{"@type":"ListItem","position":2,"name":"O Parlamento galego demanda ao Goberno central que transfira a Galicia fondos Next Generation para financiar as necesidades do comercio"}]},{"@type":"WebSite","@id":"https:\/\/ppdegalicia.com\/es\/#website","url":"https:\/\/ppdegalicia.com\/es\/","name":"Partido Popular de Galicia","description":"Partido Popular de Galicia","publisher":{"@id":"https:\/\/ppdegalicia.com\/es\/#organization"},"alternateName":"PP de Galicia","potentialAction":[{"@type":"SearchAction","target":{"@type":"EntryPoint","urlTemplate":"https:\/\/ppdegalicia.com\/es\/?s={search_term_string}"},"query-input":{"@type":"PropertyValueSpecification","valueRequired":true,"valueName":"search_term_string"}}],"inLanguage":"es"},{"@type":"Organization","@id":"https:\/\/ppdegalicia.com\/es\/#organization","name":"Partido Popular de Galicia","alternateName":"PP de Galicia","url":"https:\/\/ppdegalicia.com\/es\/","logo":{"@type":"ImageObject","inLanguage":"es","@id":"https:\/\/ppdegalicia.com\/es\/#\/schema\/logo\/image\/","url":"https:\/\/ppdegalicia.com\/wp-content\/uploads\/2023\/04\/logoPP512.png","contentUrl":"https:\/\/ppdegalicia.com\/wp-content\/uploads\/2023\/04\/logoPP512.png","width":512,"height":512,"caption":"Partido Popular de Galicia"},"image":{"@id":"https:\/\/ppdegalicia.com\/es\/#\/schema\/logo\/image\/"},"sameAs":["https:\/\/www.instagram.com\/ppdegalicia\/","https:\/\/x.com\/ppdegalicia","https:\/\/www.tiktok.com\/@ppdegalicia","https:\/\/www.youtube.com\/user\/ppdegalicia"]},{"@type":"Person","@id":"https:\/\/ppdegalicia.com\/es\/#\/schema\/person\/d0f013b8388c980665d44009ab762960","name":"Super User","image":{"@type":"ImageObject","inLanguage":"es","@id":"https:\/\/secure.gravatar.com\/avatar\/1db852625ef4948f58d2739bfbc51e4b9bd5c93b8fa340b59fdb594ca0845645?s=96&d=mm&r=g","url":"https:\/\/secure.gravatar.com\/avatar\/1db852625ef4948f58d2739bfbc51e4b9bd5c93b8fa340b59fdb594ca0845645?s=96&d=mm&r=g","contentUrl":"https:\/\/secure.gravatar.com\/avatar\/1db852625ef4948f58d2739bfbc51e4b9bd5c93b8fa340b59fdb594ca0845645?s=96&d=mm&r=g","caption":"Super User"},"url":"https:\/\/ppdegalicia.com\/es\/author\/ppdegaliciagestion\/"}]}},"_links":{"self":[{"href":"https:\/\/ppdegalicia.com\/es\/wp-json\/wp\/v2\/posts\/64797","targetHints":{"allow":["GET"]}}],"collection":[{"href":"https:\/\/ppdegalicia.com\/es\/wp-json\/wp\/v2\/posts"}],"about":[{"href":"https:\/\/ppdegalicia.com\/es\/wp-json\/wp\/v2\/types\/post"}],"author":[{"embeddable":true,"href":"https:\/\/ppdegalicia.com\/es\/wp-json\/wp\/v2\/users\/37"}],"replies":[{"embeddable":true,"href":"https:\/\/ppdegalicia.com\/es\/wp-json\/wp\/v2\/comments?post=64797"}],"version-history":[{"count":1,"href":"https:\/\/ppdegalicia.com\/es\/wp-json\/wp\/v2\/posts\/64797\/revisions"}],"predecessor-version":[{"id":64798,"href":"https:\/\/ppdegalicia.com\/es\/wp-json\/wp\/v2\/posts\/64797\/revisions\/64798"}],"wp:featuredmedia":[{"embeddable":true,"href":"https:\/\/ppdegalicia.com\/es\/wp-json\/wp\/v2\/media\/64799"}],"wp:attachment":[{"href":"https:\/\/ppdegalicia.com\/es\/wp-json\/wp\/v2\/media?parent=64797"}],"wp:term":[{"taxonomy":"category","embeddable":true,"href":"https:\/\/ppdegalicia.com\/es\/wp-json\/wp\/v2\/categories?post=64797"},{"taxonomy":"post_tag","embeddable":true,"href":"https:\/\/ppdegalicia.com\/es\/wp-json\/wp\/v2\/tags?post=64797"}],"curies":[{"name":"wp","href":"https:\/\/api.w.org\/{rel}","templated":true}]}}