{"id":64801,"date":"2024-10-27T10:18:55","date_gmt":"2024-10-27T09:18:55","guid":{"rendered":"https:\/\/ppdegalicia.com\/?p=64801"},"modified":"2024-12-04T11:07:41","modified_gmt":"2024-12-04T10:07:41","slug":"o-ppdeg-denuncia-as-mentiras-do-goberno-central-para-non-transferir-a-ap-9-a-galicia-e-posible-atopar-unha-solucion-pero-necesitase-vontade-politica","status":"publish","type":"post","link":"https:\/\/ppdegalicia.com\/es\/o-ppdeg-denuncia-as-mentiras-do-goberno-central-para-non-transferir-a-ap-9-a-galicia-e-posible-atopar-unha-solucion-pero-necesitase-vontade-politica\/","title":{"rendered":"O PPdeG denuncia as mentiras do Goberno central para non transferir a AP-9 a Galicia: \u201c\u00c9 posible atopar unha soluci\u00f3n, pero neces\u00edtase vontade pol\u00edtica\u201d"},"content":{"rendered":"<p>O Partido Popular de Galicia denuncia que o Goberno central se escuda en mentiras na s\u00faa negativa a transferir a AP-9 e na s\u00faa falta de compromiso coa mellora das infraestruturas estatais na Comunidade: \u201c\u00c9 posible atopar unha soluci\u00f3n, pero para iso neces\u00edtase vontade pol\u00edtica\u201d.<\/p>\n<p>As\u00ed o considera o eurodeputado galego Adri\u00e1n V\u00e1zquez, para o que a transferencia da autopista que vertebra Galicia e o avance na consecuci\u00f3n da s\u00faa gratuidade constit\u00faen \u201cun asunto vital\u201d e por iso afea ao Executivo estatal a s\u00faa actitude ao respecto \u201cescus\u00e1ndose en argumentos que non son verdade\u201d.<\/p>\n<p>\u201cNoutros pa\u00edses europeos con autopistas en situaci\u00f3n similar \u00e1 da AP-9 no que se refire ao rescate ou \u00e1 supresi\u00f3n das peaxes, si foron quen de atopar soluci\u00f3ns\u201d, explica po\u00f1endo o exemplo de Italia, Hungr\u00eda, Francia ou Portugal.<\/p>\n<p>O pol\u00edtico lalinense fai extensiva esta \u201cfalta de vontade pol\u00edtica\u201d tam\u00e9n \u00e1 negativa do Goberno de S\u00e1nchez a \u201ccompartir a documentaci\u00f3n que entregou \u00e1 Comisi\u00f3n Europea e que, segundo eles, impide o rescate da autopista\u201d. De a\u00ed que insista na s\u00faa demanda de \u201cco\u00f1ecer exactamente que \u00e9 o que est\u00e1 facendo o Goberno\u201d.<\/p>\n<p><strong><u>A RELACI\u00d3N ENTRE GALICIA E O AVE SEGUE DANDO PASOS ATR\u00c1S<\/u><\/strong><\/p>\n<p>Na mesma li\u00f1a, a secretaria xeral do PPdeG, Paula Prado, am\u00f3sase convencida de que a AP-9 non ser\u00eda tan necesaria e ademais se poder\u00eda diversificar o transporte na nosa Comunidade \u201cse o Goberno central se puxese as pilas co caos ferroviario\u201d. Por iso lamenta que, en vez de dar pasos cara adiante, \u201ca relaci\u00f3n entre Galicia e o AVE segue dando pasos cara a atr\u00e1s\u201d.<\/p>\n<p>Recordando o \u201cpremio inmerecido\u201d que recibiu o ministro \u00d3scar Puente o pasado domingo en Lugo e o seu continuos \u201cbrindes ao sol\u201d, a n\u00famero dous dos populares galegos sit\u00faa na mesma li\u00f1a de incumprimentos o ocorrido esta semana con Pedro S\u00e1nchez \u201cpasando de Galicia e da conexi\u00f3n de Alta Velocidade con Portugal e, polo tanto, perpetrando o seu en\u00e9simo golpe a un proxecto fundamental\u201d.<\/p>\n<p>\u201c\u00c9 lamentable que mostre m\u00e1is interese polas infraestruturas galegas o Goberno portugu\u00e9s que o Goberno do noso propio pa\u00eds\u201d, concl\u00fae ao tempo que sinala que \u201cos compromisos dem\u00f3stranse con n\u00fameros e os n\u00fameros delatan o nulo interese do Goberno central con esta infraestrutura\u201d.<\/p>\n<p>Ref\u00edrese as\u00ed ao feito de que a renuncia de S\u00e1nchez a aprobar uns Presupostos Xerais para 2025 implica tam\u00e9n unha renuncia \u00e1 conexi\u00f3n de AVE con Portugal, xa que se prorroga a \u201cp\u00edrrica\u201d partida de 30.000 euros asignada \u00e1 Sa\u00edda Sur de Vigo.<\/p>\n<p>Por todo isto, desde o PPdeG afirman que seguir\u00e1n loitando desde todas as instituci\u00f3ns pola conexi\u00f3n Vigo-Porto por Alta Velocidade, xa que consideran que se trata dunha \u201cinfraestrutura clave para Galicia e para a vertebraci\u00f3n de Europa\u201d.<\/p>\n<p>&nbsp;<\/p>\n","protected":false},"excerpt":{"rendered":"<p>O Partido Popular de Galicia denuncia que o Goberno central se escuda en mentiras na s\u00faa negativa a transferir a AP-9 e na s\u00faa falta de compromiso coa mellora das infraestruturas estatais na Comunidade: \u201c\u00c9 posible atopar unha soluci\u00f3n, pero para iso neces\u00edtase vontade pol\u00edtica\u201d. As\u00ed o considera o eurodeputado galego Adri\u00e1n V\u00e1zquez, para o [&hellip;]<\/p>\n","protected":false},"author":37,"featured_media":64803,"comment_status":"closed","ping_status":"open","sticky":false,"template":"","format":"standard","meta":{"_acf_changed":false,"footnotes":""},"categories":[1],"tags":[],"class_list":["post-64801","post","type-post","status-publish","format-standard","has-post-thumbnail","hentry","category-pp-de-galicia"],"acf":[],"yoast_head":"<!-- This site is optimized with the Yoast SEO plugin v27.3 - https:\/\/yoast.com\/product\/yoast-seo-wordpress\/ -->\n<title>O PPdeG denuncia as mentiras do Goberno central para non transferir a AP-9 a Galicia: \u201c\u00c9 posible atopar unha soluci\u00f3n, pero neces\u00edtase vontade pol\u00edtica\u201d - PP de Galicia<\/title>\n<meta name=\"robots\" content=\"index, follow, max-snippet:-1, max-image-preview:large, max-video-preview:-1\" \/>\n<link rel=\"canonical\" href=\"https:\/\/ppdegalicia.com\/es\/o-ppdeg-denuncia-as-mentiras-do-goberno-central-para-non-transferir-a-ap-9-a-galicia-e-posible-atopar-unha-solucion-pero-necesitase-vontade-politica\/\" \/>\n<meta property=\"og:locale\" content=\"es_ES\" \/>\n<meta property=\"og:type\" content=\"article\" \/>\n<meta property=\"og:title\" content=\"O PPdeG denuncia as mentiras do Goberno central para non transferir a AP-9 a Galicia: \u201c\u00c9 posible atopar unha soluci\u00f3n, pero neces\u00edtase vontade pol\u00edtica\u201d - PP de Galicia\" \/>\n<meta property=\"og:description\" content=\"O Partido Popular de Galicia denuncia que o Goberno central se escuda en mentiras na s\u00faa negativa a transferir a AP-9 e na s\u00faa falta de compromiso coa mellora das infraestruturas estatais na Comunidade: \u201c\u00c9 posible atopar unha soluci\u00f3n, pero para iso neces\u00edtase vontade pol\u00edtica\u201d. As\u00ed o considera o eurodeputado galego Adri\u00e1n V\u00e1zquez, para o [&hellip;]\" \/>\n<meta property=\"og:url\" content=\"https:\/\/ppdegalicia.com\/es\/o-ppdeg-denuncia-as-mentiras-do-goberno-central-para-non-transferir-a-ap-9-a-galicia-e-posible-atopar-unha-solucion-pero-necesitase-vontade-politica\/\" \/>\n<meta property=\"og:site_name\" content=\"PP de Galicia\" \/>\n<meta property=\"article:publisher\" content=\"https:\/\/www.instagram.com\/ppdegalicia\/\" \/>\n<meta property=\"article:published_time\" content=\"2024-10-27T09:18:55+00:00\" \/>\n<meta property=\"article:modified_time\" content=\"2024-12-04T10:07:41+00:00\" \/>\n<meta property=\"og:image\" content=\"https:\/\/ppdegalicia.com\/wp-content\/uploads\/2024\/10\/20241027_PPdeG_AP9-1536x1024-1.jpg\" \/>\n\t<meta property=\"og:image:width\" content=\"1536\" \/>\n\t<meta property=\"og:image:height\" content=\"1024\" \/>\n\t<meta property=\"og:image:type\" content=\"image\/jpeg\" \/>\n<meta name=\"author\" content=\"Super User\" \/>\n<meta name=\"twitter:card\" content=\"summary_large_image\" \/>\n<meta name=\"twitter:creator\" content=\"@ppdegalicia\" \/>\n<meta name=\"twitter:site\" content=\"@ppdegalicia\" \/>\n<meta name=\"twitter:label1\" content=\"Escrito por\" \/>\n\t<meta name=\"twitter:data1\" content=\"Super User\" \/>\n\t<meta name=\"twitter:label2\" content=\"Tiempo de lectura\" \/>\n\t<meta name=\"twitter:data2\" content=\"3 minutos\" \/>\n<script type=\"application\/ld+json\" class=\"yoast-schema-graph\">{\"@context\":\"https:\\\/\\\/schema.org\",\"@graph\":[{\"@type\":\"Article\",\"@id\":\"https:\\\/\\\/ppdegalicia.com\\\/es\\\/o-ppdeg-denuncia-as-mentiras-do-goberno-central-para-non-transferir-a-ap-9-a-galicia-e-posible-atopar-unha-solucion-pero-necesitase-vontade-politica\\\/#article\",\"isPartOf\":{\"@id\":\"https:\\\/\\\/ppdegalicia.com\\\/es\\\/o-ppdeg-denuncia-as-mentiras-do-goberno-central-para-non-transferir-a-ap-9-a-galicia-e-posible-atopar-unha-solucion-pero-necesitase-vontade-politica\\\/\"},\"author\":{\"name\":\"Super User\",\"@id\":\"https:\\\/\\\/ppdegalicia.com\\\/es\\\/#\\\/schema\\\/person\\\/d0f013b8388c980665d44009ab762960\"},\"headline\":\"O PPdeG denuncia as mentiras do Goberno central para non transferir a AP-9 a Galicia: \u201c\u00c9 posible atopar unha soluci\u00f3n, pero neces\u00edtase vontade pol\u00edtica\u201d\",\"datePublished\":\"2024-10-27T09:18:55+00:00\",\"dateModified\":\"2024-12-04T10:07:41+00:00\",\"mainEntityOfPage\":{\"@id\":\"https:\\\/\\\/ppdegalicia.com\\\/es\\\/o-ppdeg-denuncia-as-mentiras-do-goberno-central-para-non-transferir-a-ap-9-a-galicia-e-posible-atopar-unha-solucion-pero-necesitase-vontade-politica\\\/\"},\"wordCount\":521,\"publisher\":{\"@id\":\"https:\\\/\\\/ppdegalicia.com\\\/es\\\/#organization\"},\"image\":{\"@id\":\"https:\\\/\\\/ppdegalicia.com\\\/es\\\/o-ppdeg-denuncia-as-mentiras-do-goberno-central-para-non-transferir-a-ap-9-a-galicia-e-posible-atopar-unha-solucion-pero-necesitase-vontade-politica\\\/#primaryimage\"},\"thumbnailUrl\":\"https:\\\/\\\/ppdegalicia.com\\\/wp-content\\\/uploads\\\/2024\\\/10\\\/20241027_PPdeG_AP9-1536x1024-1.jpg\",\"articleSection\":[\"PP de Galicia\"],\"inLanguage\":\"es\"},{\"@type\":\"WebPage\",\"@id\":\"https:\\\/\\\/ppdegalicia.com\\\/es\\\/o-ppdeg-denuncia-as-mentiras-do-goberno-central-para-non-transferir-a-ap-9-a-galicia-e-posible-atopar-unha-solucion-pero-necesitase-vontade-politica\\\/\",\"url\":\"https:\\\/\\\/ppdegalicia.com\\\/es\\\/o-ppdeg-denuncia-as-mentiras-do-goberno-central-para-non-transferir-a-ap-9-a-galicia-e-posible-atopar-unha-solucion-pero-necesitase-vontade-politica\\\/\",\"name\":\"O PPdeG denuncia as mentiras do Goberno central para non transferir a AP-9 a Galicia: \u201c\u00c9 posible atopar unha soluci\u00f3n, pero neces\u00edtase vontade pol\u00edtica\u201d - PP de Galicia\",\"isPartOf\":{\"@id\":\"https:\\\/\\\/ppdegalicia.com\\\/es\\\/#website\"},\"primaryImageOfPage\":{\"@id\":\"https:\\\/\\\/ppdegalicia.com\\\/es\\\/o-ppdeg-denuncia-as-mentiras-do-goberno-central-para-non-transferir-a-ap-9-a-galicia-e-posible-atopar-unha-solucion-pero-necesitase-vontade-politica\\\/#primaryimage\"},\"image\":{\"@id\":\"https:\\\/\\\/ppdegalicia.com\\\/es\\\/o-ppdeg-denuncia-as-mentiras-do-goberno-central-para-non-transferir-a-ap-9-a-galicia-e-posible-atopar-unha-solucion-pero-necesitase-vontade-politica\\\/#primaryimage\"},\"thumbnailUrl\":\"https:\\\/\\\/ppdegalicia.com\\\/wp-content\\\/uploads\\\/2024\\\/10\\\/20241027_PPdeG_AP9-1536x1024-1.jpg\",\"datePublished\":\"2024-10-27T09:18:55+00:00\",\"dateModified\":\"2024-12-04T10:07:41+00:00\",\"breadcrumb\":{\"@id\":\"https:\\\/\\\/ppdegalicia.com\\\/es\\\/o-ppdeg-denuncia-as-mentiras-do-goberno-central-para-non-transferir-a-ap-9-a-galicia-e-posible-atopar-unha-solucion-pero-necesitase-vontade-politica\\\/#breadcrumb\"},\"inLanguage\":\"es\",\"potentialAction\":[{\"@type\":\"ReadAction\",\"target\":[\"https:\\\/\\\/ppdegalicia.com\\\/es\\\/o-ppdeg-denuncia-as-mentiras-do-goberno-central-para-non-transferir-a-ap-9-a-galicia-e-posible-atopar-unha-solucion-pero-necesitase-vontade-politica\\\/\"]}]},{\"@type\":\"ImageObject\",\"inLanguage\":\"es\",\"@id\":\"https:\\\/\\\/ppdegalicia.com\\\/es\\\/o-ppdeg-denuncia-as-mentiras-do-goberno-central-para-non-transferir-a-ap-9-a-galicia-e-posible-atopar-unha-solucion-pero-necesitase-vontade-politica\\\/#primaryimage\",\"url\":\"https:\\\/\\\/ppdegalicia.com\\\/wp-content\\\/uploads\\\/2024\\\/10\\\/20241027_PPdeG_AP9-1536x1024-1.jpg\",\"contentUrl\":\"https:\\\/\\\/ppdegalicia.com\\\/wp-content\\\/uploads\\\/2024\\\/10\\\/20241027_PPdeG_AP9-1536x1024-1.jpg\",\"width\":1536,\"height\":1024},{\"@type\":\"BreadcrumbList\",\"@id\":\"https:\\\/\\\/ppdegalicia.com\\\/es\\\/o-ppdeg-denuncia-as-mentiras-do-goberno-central-para-non-transferir-a-ap-9-a-galicia-e-posible-atopar-unha-solucion-pero-necesitase-vontade-politica\\\/#breadcrumb\",\"itemListElement\":[{\"@type\":\"ListItem\",\"position\":1,\"name\":\"Portada\",\"item\":\"https:\\\/\\\/ppdegalicia.com\\\/es\\\/\"},{\"@type\":\"ListItem\",\"position\":2,\"name\":\"O PPdeG denuncia as mentiras do Goberno central para non transferir a AP-9 a Galicia: \u201c\u00c9 posible atopar unha soluci\u00f3n, pero neces\u00edtase vontade pol\u00edtica\u201d\"}]},{\"@type\":\"WebSite\",\"@id\":\"https:\\\/\\\/ppdegalicia.com\\\/es\\\/#website\",\"url\":\"https:\\\/\\\/ppdegalicia.com\\\/es\\\/\",\"name\":\"Partido Popular de Galicia\",\"description\":\"Partido Popular de Galicia\",\"publisher\":{\"@id\":\"https:\\\/\\\/ppdegalicia.com\\\/es\\\/#organization\"},\"alternateName\":\"PP de Galicia\",\"potentialAction\":[{\"@type\":\"SearchAction\",\"target\":{\"@type\":\"EntryPoint\",\"urlTemplate\":\"https:\\\/\\\/ppdegalicia.com\\\/es\\\/?s={search_term_string}\"},\"query-input\":{\"@type\":\"PropertyValueSpecification\",\"valueRequired\":true,\"valueName\":\"search_term_string\"}}],\"inLanguage\":\"es\"},{\"@type\":\"Organization\",\"@id\":\"https:\\\/\\\/ppdegalicia.com\\\/es\\\/#organization\",\"name\":\"Partido Popular de Galicia\",\"alternateName\":\"PP de Galicia\",\"url\":\"https:\\\/\\\/ppdegalicia.com\\\/es\\\/\",\"logo\":{\"@type\":\"ImageObject\",\"inLanguage\":\"es\",\"@id\":\"https:\\\/\\\/ppdegalicia.com\\\/es\\\/#\\\/schema\\\/logo\\\/image\\\/\",\"url\":\"https:\\\/\\\/ppdegalicia.com\\\/wp-content\\\/uploads\\\/2023\\\/04\\\/logoPP512.png\",\"contentUrl\":\"https:\\\/\\\/ppdegalicia.com\\\/wp-content\\\/uploads\\\/2023\\\/04\\\/logoPP512.png\",\"width\":512,\"height\":512,\"caption\":\"Partido Popular de Galicia\"},\"image\":{\"@id\":\"https:\\\/\\\/ppdegalicia.com\\\/es\\\/#\\\/schema\\\/logo\\\/image\\\/\"},\"sameAs\":[\"https:\\\/\\\/www.instagram.com\\\/ppdegalicia\\\/\",\"https:\\\/\\\/x.com\\\/ppdegalicia\",\"https:\\\/\\\/www.tiktok.com\\\/@ppdegalicia\",\"https:\\\/\\\/www.youtube.com\\\/user\\\/ppdegalicia\"]},{\"@type\":\"Person\",\"@id\":\"https:\\\/\\\/ppdegalicia.com\\\/es\\\/#\\\/schema\\\/person\\\/d0f013b8388c980665d44009ab762960\",\"name\":\"Super User\",\"image\":{\"@type\":\"ImageObject\",\"inLanguage\":\"es\",\"@id\":\"https:\\\/\\\/secure.gravatar.com\\\/avatar\\\/1db852625ef4948f58d2739bfbc51e4b9bd5c93b8fa340b59fdb594ca0845645?s=96&d=mm&r=g\",\"url\":\"https:\\\/\\\/secure.gravatar.com\\\/avatar\\\/1db852625ef4948f58d2739bfbc51e4b9bd5c93b8fa340b59fdb594ca0845645?s=96&d=mm&r=g\",\"contentUrl\":\"https:\\\/\\\/secure.gravatar.com\\\/avatar\\\/1db852625ef4948f58d2739bfbc51e4b9bd5c93b8fa340b59fdb594ca0845645?s=96&d=mm&r=g\",\"caption\":\"Super User\"},\"url\":\"https:\\\/\\\/ppdegalicia.com\\\/es\\\/author\\\/ppdegaliciagestion\\\/\"}]}<\/script>\n<!-- \/ Yoast SEO plugin. -->","yoast_head_json":{"title":"O PPdeG denuncia as mentiras do Goberno central para non transferir a AP-9 a Galicia: \u201c\u00c9 posible atopar unha soluci\u00f3n, pero neces\u00edtase vontade pol\u00edtica\u201d - PP de Galicia","robots":{"index":"index","follow":"follow","max-snippet":"max-snippet:-1","max-image-preview":"max-image-preview:large","max-video-preview":"max-video-preview:-1"},"canonical":"https:\/\/ppdegalicia.com\/es\/o-ppdeg-denuncia-as-mentiras-do-goberno-central-para-non-transferir-a-ap-9-a-galicia-e-posible-atopar-unha-solucion-pero-necesitase-vontade-politica\/","og_locale":"es_ES","og_type":"article","og_title":"O PPdeG denuncia as mentiras do Goberno central para non transferir a AP-9 a Galicia: \u201c\u00c9 posible atopar unha soluci\u00f3n, pero neces\u00edtase vontade pol\u00edtica\u201d - PP de Galicia","og_description":"O Partido Popular de Galicia denuncia que o Goberno central se escuda en mentiras na s\u00faa negativa a transferir a AP-9 e na s\u00faa falta de compromiso coa mellora das infraestruturas estatais na Comunidade: \u201c\u00c9 posible atopar unha soluci\u00f3n, pero para iso neces\u00edtase vontade pol\u00edtica\u201d. As\u00ed o considera o eurodeputado galego Adri\u00e1n V\u00e1zquez, para o [&hellip;]","og_url":"https:\/\/ppdegalicia.com\/es\/o-ppdeg-denuncia-as-mentiras-do-goberno-central-para-non-transferir-a-ap-9-a-galicia-e-posible-atopar-unha-solucion-pero-necesitase-vontade-politica\/","og_site_name":"PP de Galicia","article_publisher":"https:\/\/www.instagram.com\/ppdegalicia\/","article_published_time":"2024-10-27T09:18:55+00:00","article_modified_time":"2024-12-04T10:07:41+00:00","og_image":[{"width":1536,"height":1024,"url":"https:\/\/ppdegalicia.com\/wp-content\/uploads\/2024\/10\/20241027_PPdeG_AP9-1536x1024-1.jpg","type":"image\/jpeg"}],"author":"Super User","twitter_card":"summary_large_image","twitter_creator":"@ppdegalicia","twitter_site":"@ppdegalicia","twitter_misc":{"Escrito por":"Super User","Tiempo de lectura":"3 minutos"},"schema":{"@context":"https:\/\/schema.org","@graph":[{"@type":"Article","@id":"https:\/\/ppdegalicia.com\/es\/o-ppdeg-denuncia-as-mentiras-do-goberno-central-para-non-transferir-a-ap-9-a-galicia-e-posible-atopar-unha-solucion-pero-necesitase-vontade-politica\/#article","isPartOf":{"@id":"https:\/\/ppdegalicia.com\/es\/o-ppdeg-denuncia-as-mentiras-do-goberno-central-para-non-transferir-a-ap-9-a-galicia-e-posible-atopar-unha-solucion-pero-necesitase-vontade-politica\/"},"author":{"name":"Super User","@id":"https:\/\/ppdegalicia.com\/es\/#\/schema\/person\/d0f013b8388c980665d44009ab762960"},"headline":"O PPdeG denuncia as mentiras do Goberno central para non transferir a AP-9 a Galicia: \u201c\u00c9 posible atopar unha soluci\u00f3n, pero neces\u00edtase vontade pol\u00edtica\u201d","datePublished":"2024-10-27T09:18:55+00:00","dateModified":"2024-12-04T10:07:41+00:00","mainEntityOfPage":{"@id":"https:\/\/ppdegalicia.com\/es\/o-ppdeg-denuncia-as-mentiras-do-goberno-central-para-non-transferir-a-ap-9-a-galicia-e-posible-atopar-unha-solucion-pero-necesitase-vontade-politica\/"},"wordCount":521,"publisher":{"@id":"https:\/\/ppdegalicia.com\/es\/#organization"},"image":{"@id":"https:\/\/ppdegalicia.com\/es\/o-ppdeg-denuncia-as-mentiras-do-goberno-central-para-non-transferir-a-ap-9-a-galicia-e-posible-atopar-unha-solucion-pero-necesitase-vontade-politica\/#primaryimage"},"thumbnailUrl":"https:\/\/ppdegalicia.com\/wp-content\/uploads\/2024\/10\/20241027_PPdeG_AP9-1536x1024-1.jpg","articleSection":["PP de Galicia"],"inLanguage":"es"},{"@type":"WebPage","@id":"https:\/\/ppdegalicia.com\/es\/o-ppdeg-denuncia-as-mentiras-do-goberno-central-para-non-transferir-a-ap-9-a-galicia-e-posible-atopar-unha-solucion-pero-necesitase-vontade-politica\/","url":"https:\/\/ppdegalicia.com\/es\/o-ppdeg-denuncia-as-mentiras-do-goberno-central-para-non-transferir-a-ap-9-a-galicia-e-posible-atopar-unha-solucion-pero-necesitase-vontade-politica\/","name":"O PPdeG denuncia as mentiras do Goberno central para non transferir a AP-9 a Galicia: \u201c\u00c9 posible atopar unha soluci\u00f3n, pero neces\u00edtase vontade pol\u00edtica\u201d - PP de Galicia","isPartOf":{"@id":"https:\/\/ppdegalicia.com\/es\/#website"},"primaryImageOfPage":{"@id":"https:\/\/ppdegalicia.com\/es\/o-ppdeg-denuncia-as-mentiras-do-goberno-central-para-non-transferir-a-ap-9-a-galicia-e-posible-atopar-unha-solucion-pero-necesitase-vontade-politica\/#primaryimage"},"image":{"@id":"https:\/\/ppdegalicia.com\/es\/o-ppdeg-denuncia-as-mentiras-do-goberno-central-para-non-transferir-a-ap-9-a-galicia-e-posible-atopar-unha-solucion-pero-necesitase-vontade-politica\/#primaryimage"},"thumbnailUrl":"https:\/\/ppdegalicia.com\/wp-content\/uploads\/2024\/10\/20241027_PPdeG_AP9-1536x1024-1.jpg","datePublished":"2024-10-27T09:18:55+00:00","dateModified":"2024-12-04T10:07:41+00:00","breadcrumb":{"@id":"https:\/\/ppdegalicia.com\/es\/o-ppdeg-denuncia-as-mentiras-do-goberno-central-para-non-transferir-a-ap-9-a-galicia-e-posible-atopar-unha-solucion-pero-necesitase-vontade-politica\/#breadcrumb"},"inLanguage":"es","potentialAction":[{"@type":"ReadAction","target":["https:\/\/ppdegalicia.com\/es\/o-ppdeg-denuncia-as-mentiras-do-goberno-central-para-non-transferir-a-ap-9-a-galicia-e-posible-atopar-unha-solucion-pero-necesitase-vontade-politica\/"]}]},{"@type":"ImageObject","inLanguage":"es","@id":"https:\/\/ppdegalicia.com\/es\/o-ppdeg-denuncia-as-mentiras-do-goberno-central-para-non-transferir-a-ap-9-a-galicia-e-posible-atopar-unha-solucion-pero-necesitase-vontade-politica\/#primaryimage","url":"https:\/\/ppdegalicia.com\/wp-content\/uploads\/2024\/10\/20241027_PPdeG_AP9-1536x1024-1.jpg","contentUrl":"https:\/\/ppdegalicia.com\/wp-content\/uploads\/2024\/10\/20241027_PPdeG_AP9-1536x1024-1.jpg","width":1536,"height":1024},{"@type":"BreadcrumbList","@id":"https:\/\/ppdegalicia.com\/es\/o-ppdeg-denuncia-as-mentiras-do-goberno-central-para-non-transferir-a-ap-9-a-galicia-e-posible-atopar-unha-solucion-pero-necesitase-vontade-politica\/#breadcrumb","itemListElement":[{"@type":"ListItem","position":1,"name":"Portada","item":"https:\/\/ppdegalicia.com\/es\/"},{"@type":"ListItem","position":2,"name":"O PPdeG denuncia as mentiras do Goberno central para non transferir a AP-9 a Galicia: \u201c\u00c9 posible atopar unha soluci\u00f3n, pero neces\u00edtase vontade pol\u00edtica\u201d"}]},{"@type":"WebSite","@id":"https:\/\/ppdegalicia.com\/es\/#website","url":"https:\/\/ppdegalicia.com\/es\/","name":"Partido Popular de Galicia","description":"Partido Popular de Galicia","publisher":{"@id":"https:\/\/ppdegalicia.com\/es\/#organization"},"alternateName":"PP de Galicia","potentialAction":[{"@type":"SearchAction","target":{"@type":"EntryPoint","urlTemplate":"https:\/\/ppdegalicia.com\/es\/?s={search_term_string}"},"query-input":{"@type":"PropertyValueSpecification","valueRequired":true,"valueName":"search_term_string"}}],"inLanguage":"es"},{"@type":"Organization","@id":"https:\/\/ppdegalicia.com\/es\/#organization","name":"Partido Popular de Galicia","alternateName":"PP de Galicia","url":"https:\/\/ppdegalicia.com\/es\/","logo":{"@type":"ImageObject","inLanguage":"es","@id":"https:\/\/ppdegalicia.com\/es\/#\/schema\/logo\/image\/","url":"https:\/\/ppdegalicia.com\/wp-content\/uploads\/2023\/04\/logoPP512.png","contentUrl":"https:\/\/ppdegalicia.com\/wp-content\/uploads\/2023\/04\/logoPP512.png","width":512,"height":512,"caption":"Partido Popular de Galicia"},"image":{"@id":"https:\/\/ppdegalicia.com\/es\/#\/schema\/logo\/image\/"},"sameAs":["https:\/\/www.instagram.com\/ppdegalicia\/","https:\/\/x.com\/ppdegalicia","https:\/\/www.tiktok.com\/@ppdegalicia","https:\/\/www.youtube.com\/user\/ppdegalicia"]},{"@type":"Person","@id":"https:\/\/ppdegalicia.com\/es\/#\/schema\/person\/d0f013b8388c980665d44009ab762960","name":"Super User","image":{"@type":"ImageObject","inLanguage":"es","@id":"https:\/\/secure.gravatar.com\/avatar\/1db852625ef4948f58d2739bfbc51e4b9bd5c93b8fa340b59fdb594ca0845645?s=96&d=mm&r=g","url":"https:\/\/secure.gravatar.com\/avatar\/1db852625ef4948f58d2739bfbc51e4b9bd5c93b8fa340b59fdb594ca0845645?s=96&d=mm&r=g","contentUrl":"https:\/\/secure.gravatar.com\/avatar\/1db852625ef4948f58d2739bfbc51e4b9bd5c93b8fa340b59fdb594ca0845645?s=96&d=mm&r=g","caption":"Super User"},"url":"https:\/\/ppdegalicia.com\/es\/author\/ppdegaliciagestion\/"}]}},"_links":{"self":[{"href":"https:\/\/ppdegalicia.com\/es\/wp-json\/wp\/v2\/posts\/64801","targetHints":{"allow":["GET"]}}],"collection":[{"href":"https:\/\/ppdegalicia.com\/es\/wp-json\/wp\/v2\/posts"}],"about":[{"href":"https:\/\/ppdegalicia.com\/es\/wp-json\/wp\/v2\/types\/post"}],"author":[{"embeddable":true,"href":"https:\/\/ppdegalicia.com\/es\/wp-json\/wp\/v2\/users\/37"}],"replies":[{"embeddable":true,"href":"https:\/\/ppdegalicia.com\/es\/wp-json\/wp\/v2\/comments?post=64801"}],"version-history":[{"count":1,"href":"https:\/\/ppdegalicia.com\/es\/wp-json\/wp\/v2\/posts\/64801\/revisions"}],"predecessor-version":[{"id":64802,"href":"https:\/\/ppdegalicia.com\/es\/wp-json\/wp\/v2\/posts\/64801\/revisions\/64802"}],"wp:featuredmedia":[{"embeddable":true,"href":"https:\/\/ppdegalicia.com\/es\/wp-json\/wp\/v2\/media\/64803"}],"wp:attachment":[{"href":"https:\/\/ppdegalicia.com\/es\/wp-json\/wp\/v2\/media?parent=64801"}],"wp:term":[{"taxonomy":"category","embeddable":true,"href":"https:\/\/ppdegalicia.com\/es\/wp-json\/wp\/v2\/categories?post=64801"},{"taxonomy":"post_tag","embeddable":true,"href":"https:\/\/ppdegalicia.com\/es\/wp-json\/wp\/v2\/tags?post=64801"}],"curies":[{"name":"wp","href":"https:\/\/api.w.org\/{rel}","templated":true}]}}