{"id":64841,"date":"2024-11-05T11:41:02","date_gmt":"2024-11-05T10:41:02","guid":{"rendered":"https:\/\/ppdegalicia.com\/?p=64841"},"modified":"2024-12-04T11:59:28","modified_gmt":"2024-12-04T10:59:28","slug":"o-grupo-popular-critica-que-o-bng-pretenda-fixar-no-25-o-gasto-sanitario-para-atencion-primaria-cando-nos-orzamentos-da-xunta-de-2025-xa-se-supera-o-30","status":"publish","type":"post","link":"https:\/\/ppdegalicia.com\/es\/o-grupo-popular-critica-que-o-bng-pretenda-fixar-no-25-o-gasto-sanitario-para-atencion-primaria-cando-nos-orzamentos-da-xunta-de-2025-xa-se-supera-o-30\/","title":{"rendered":"O Grupo Popular critica que o BNG pretenda fixar no 25% o gasto sanitario para atenci\u00f3n primaria cando nos orzamentos da Xunta de 2025 xa se supera o 30%"},"content":{"rendered":"<p>A portavoz de Sanidade do Grupo Popular, Encarna Amigo, criticou hoxe no Pleno do Parlamento de Galicia que o BNG pretenda fixar por lei que se dedique o 25 por cento do orzamento de sanidade a atenci\u00f3n primaria, \u201ccando os orzamentos da Xunta para o 2025 xa destinan m\u00e1is do 30 por cento do gasto sanitario \u00e1 atenci\u00f3n primaria\u201d. Ademais, cualificou de \u201cmodelo caduco\u201d a proposta nacionalista de incrementar ata 14 as \u00e1reas sanitarias, replicando as estruturas e altos cargos en cada unha delas, unha idea que \u201cs\u00f3 se pode entender polo interese do BNG por converter o mapa sanitario de Galicia nun reino de taifas\u201d.<\/p>\n<p>Encarna Amigo lembrou que a Lei 8\/2008 de sa\u00fade de Galicia, que o BNG pretende reformar agora, foi aprobada polo Goberno bipartito de socialistas e nacionalistas, polo que cuestionou aos nacionalistas se naquel momento \u201cnon lle importaba a sanidade p\u00fablica galega o suficiente como para engadir que se lle dedicara a atenci\u00f3n primaria o 25 por cento do gasto sanitario? ou est\u00e1 dicindo que o Servizo Galego de Sa\u00fade funcionaba mal coas 11 \u00e1reas sanitarias existentes?\u201d.<\/p>\n<p><strong>CORTI\u00d1A DE FUME<\/strong><\/p>\n<p>Amigo considerou que esta proposici\u00f3n de lei do BNG \u201c\u00e9 unha corti\u00f1a de fume para evitar que se fale de que a Xunta vai ter no 2025 o orzamento m\u00e1is alto da historia para a sanidade publica galega: 5.458 mill\u00f3ns de euros, o que sup\u00f3n un incremento do 5,1 por cento e representa o 40 por cento do presuposto total da Administraci\u00f3n galega\u201d.<\/p>\n<p>M\u00e1is en concreto, a portavoz popular apuntou que a atenci\u00f3n primaria recibir\u00e1 o vindeiro ano 1.668 mill\u00f3ns de euros, o que representa o 30,56 por cento do orzamento destinado a sanidade \u201cdirixido especialmente a aumentar o persoal, renovar infraestruturas e equipamento, e potenciar a enfermer\u00eda para garantir coidados personalizados no rural\u201d.<\/p>\n<p>Encarna Amigo asegurou que a Organizaci\u00f3n Mundial da Sa\u00fade sinala, en contra do criterio defendido polo BNG, que o gasto farmac\u00e9utico debe inclu\u00edrse na atenci\u00f3n primaria, recollido tanto na Declaraci\u00f3n Alma-Ata de 1978 ou na Declaraci\u00f3n de Astan\u00e1 de 2018. \u201cPero \u00e9 que tam\u00e9n a propia Federaci\u00f3n de Asociaci\u00f3ns en Defensa da Sanidade P\u00fablica sinala que Espa\u00f1a dedica m\u00e1is do 30 por cento do orzamento sanitario \u00e1 atenci\u00f3n primaria e que Galicia at\u00f3pase por enriba desa media\u201d, salientou.<\/p>\n<p><strong>DUPLICAR DIRECTIVOS<\/strong><\/p>\n<p>Respecto da petici\u00f3n do BNG de incrementar as \u00e1reas sanitarias, a portavoz popular cualificou como \u201cun modelo caduco replicar estruturas e altos cargos en cada unha das 14 \u00e1reas que queren crear, duplicando os directivos que actualmente existen\u201d.<\/p>\n<p>Neste sentido, explicou que dentro das sete \u00e1reas sanitarias existentes na actualidade en Galicia existen 14 distritos sanitarios que te\u00f1en como referencia o seu hospital correspondente, constru\u00edndo un marco de referencia dentro de cada \u00e1rea sanitaria. \u201cIsto permitiu consolidar o modelo de integraci\u00f3n para facilitar o achegamento dos profesionais aos pacientes, evitando desprazamentos innecesarios porque os pacientes son atendidos nos hospitais m\u00e1is pr\u00f3ximos ao seu domicilio\u201d, engadiu.<\/p>\n<p>Encarna Amigo afirmou que \u201ca clave \u00e9 blindar os hospitais comarcais para que haxa accesibilidade, independentemente de onde viva o paciente, ao tempo que se ampl\u00edan os recursos de asistencia dos hospitais galegos e se protexe e garante a calidade do servizo\u201d.<\/p>\n<p>c<\/p>\n","protected":false},"excerpt":{"rendered":"<p>A portavoz de Sanidade do Grupo Popular, Encarna Amigo, criticou hoxe no Pleno do Parlamento de Galicia que o BNG pretenda fixar por lei que se dedique o 25 por cento do orzamento de sanidade a atenci\u00f3n primaria, \u201ccando os orzamentos da Xunta para o 2025 xa destinan m\u00e1is do 30 por cento do gasto [&hellip;]<\/p>\n","protected":false},"author":37,"featured_media":64843,"comment_status":"closed","ping_status":"open","sticky":false,"template":"","format":"standard","meta":{"_acf_changed":false,"footnotes":""},"categories":[1128],"tags":[],"class_list":["post-64841","post","type-post","status-publish","format-standard","has-post-thumbnail","hentry","category-actualidad-parlamento-de-galicia"],"acf":[],"yoast_head":"<!-- This site is optimized with the Yoast SEO plugin v27.3 - https:\/\/yoast.com\/product\/yoast-seo-wordpress\/ -->\n<title>O Grupo Popular critica que o BNG pretenda fixar no 25% o gasto sanitario para atenci\u00f3n primaria cando nos orzamentos da Xunta de 2025 xa se supera o 30% - PP de Galicia<\/title>\n<meta name=\"robots\" content=\"index, follow, max-snippet:-1, max-image-preview:large, max-video-preview:-1\" \/>\n<link rel=\"canonical\" href=\"https:\/\/ppdegalicia.com\/es\/o-grupo-popular-critica-que-o-bng-pretenda-fixar-no-25-o-gasto-sanitario-para-atencion-primaria-cando-nos-orzamentos-da-xunta-de-2025-xa-se-supera-o-30\/\" \/>\n<meta property=\"og:locale\" content=\"es_ES\" \/>\n<meta property=\"og:type\" content=\"article\" \/>\n<meta property=\"og:title\" content=\"O Grupo Popular critica que o BNG pretenda fixar no 25% o gasto sanitario para atenci\u00f3n primaria cando nos orzamentos da Xunta de 2025 xa se supera o 30% - PP de Galicia\" \/>\n<meta property=\"og:description\" content=\"A portavoz de Sanidade do Grupo Popular, Encarna Amigo, criticou hoxe no Pleno do Parlamento de Galicia que o BNG pretenda fixar por lei que se dedique o 25 por cento do orzamento de sanidade a atenci\u00f3n primaria, \u201ccando os orzamentos da Xunta para o 2025 xa destinan m\u00e1is do 30 por cento do gasto [&hellip;]\" \/>\n<meta property=\"og:url\" content=\"https:\/\/ppdegalicia.com\/es\/o-grupo-popular-critica-que-o-bng-pretenda-fixar-no-25-o-gasto-sanitario-para-atencion-primaria-cando-nos-orzamentos-da-xunta-de-2025-xa-se-supera-o-30\/\" \/>\n<meta property=\"og:site_name\" content=\"PP de Galicia\" \/>\n<meta property=\"article:publisher\" content=\"https:\/\/www.instagram.com\/ppdegalicia\/\" \/>\n<meta property=\"article:published_time\" content=\"2024-11-05T10:41:02+00:00\" \/>\n<meta property=\"article:modified_time\" content=\"2024-12-04T10:59:28+00:00\" \/>\n<meta property=\"og:image\" content=\"https:\/\/ppdegalicia.com\/wp-content\/uploads\/2024\/11\/20241105_Pleno_Ordinario38-1536x1024-1.jpg\" \/>\n\t<meta property=\"og:image:width\" content=\"1536\" \/>\n\t<meta property=\"og:image:height\" content=\"1024\" \/>\n\t<meta property=\"og:image:type\" content=\"image\/jpeg\" \/>\n<meta name=\"author\" content=\"Super User\" \/>\n<meta name=\"twitter:card\" content=\"summary_large_image\" \/>\n<meta name=\"twitter:creator\" content=\"@ppdegalicia\" \/>\n<meta name=\"twitter:site\" content=\"@ppdegalicia\" \/>\n<meta name=\"twitter:label1\" content=\"Escrito por\" \/>\n\t<meta name=\"twitter:data1\" content=\"Super User\" \/>\n\t<meta name=\"twitter:label2\" content=\"Tiempo de lectura\" \/>\n\t<meta name=\"twitter:data2\" content=\"4 minutos\" \/>\n<script type=\"application\/ld+json\" class=\"yoast-schema-graph\">{\"@context\":\"https:\\\/\\\/schema.org\",\"@graph\":[{\"@type\":\"Article\",\"@id\":\"https:\\\/\\\/ppdegalicia.com\\\/es\\\/o-grupo-popular-critica-que-o-bng-pretenda-fixar-no-25-o-gasto-sanitario-para-atencion-primaria-cando-nos-orzamentos-da-xunta-de-2025-xa-se-supera-o-30\\\/#article\",\"isPartOf\":{\"@id\":\"https:\\\/\\\/ppdegalicia.com\\\/es\\\/o-grupo-popular-critica-que-o-bng-pretenda-fixar-no-25-o-gasto-sanitario-para-atencion-primaria-cando-nos-orzamentos-da-xunta-de-2025-xa-se-supera-o-30\\\/\"},\"author\":{\"name\":\"Super User\",\"@id\":\"https:\\\/\\\/ppdegalicia.com\\\/es\\\/#\\\/schema\\\/person\\\/d0f013b8388c980665d44009ab762960\"},\"headline\":\"O Grupo Popular critica que o BNG pretenda fixar no 25% o gasto sanitario para atenci\u00f3n primaria cando nos orzamentos da Xunta de 2025 xa se supera o 30%\",\"datePublished\":\"2024-11-05T10:41:02+00:00\",\"dateModified\":\"2024-12-04T10:59:28+00:00\",\"mainEntityOfPage\":{\"@id\":\"https:\\\/\\\/ppdegalicia.com\\\/es\\\/o-grupo-popular-critica-que-o-bng-pretenda-fixar-no-25-o-gasto-sanitario-para-atencion-primaria-cando-nos-orzamentos-da-xunta-de-2025-xa-se-supera-o-30\\\/\"},\"wordCount\":571,\"publisher\":{\"@id\":\"https:\\\/\\\/ppdegalicia.com\\\/es\\\/#organization\"},\"image\":{\"@id\":\"https:\\\/\\\/ppdegalicia.com\\\/es\\\/o-grupo-popular-critica-que-o-bng-pretenda-fixar-no-25-o-gasto-sanitario-para-atencion-primaria-cando-nos-orzamentos-da-xunta-de-2025-xa-se-supera-o-30\\\/#primaryimage\"},\"thumbnailUrl\":\"https:\\\/\\\/ppdegalicia.com\\\/wp-content\\\/uploads\\\/2024\\\/11\\\/20241105_Pleno_Ordinario38-1536x1024-1.jpg\",\"articleSection\":[\"Parlamento de Galicia\"],\"inLanguage\":\"es\"},{\"@type\":\"WebPage\",\"@id\":\"https:\\\/\\\/ppdegalicia.com\\\/es\\\/o-grupo-popular-critica-que-o-bng-pretenda-fixar-no-25-o-gasto-sanitario-para-atencion-primaria-cando-nos-orzamentos-da-xunta-de-2025-xa-se-supera-o-30\\\/\",\"url\":\"https:\\\/\\\/ppdegalicia.com\\\/es\\\/o-grupo-popular-critica-que-o-bng-pretenda-fixar-no-25-o-gasto-sanitario-para-atencion-primaria-cando-nos-orzamentos-da-xunta-de-2025-xa-se-supera-o-30\\\/\",\"name\":\"O Grupo Popular critica que o BNG pretenda fixar no 25% o gasto sanitario para atenci\u00f3n primaria cando nos orzamentos da Xunta de 2025 xa se supera o 30% - PP de Galicia\",\"isPartOf\":{\"@id\":\"https:\\\/\\\/ppdegalicia.com\\\/es\\\/#website\"},\"primaryImageOfPage\":{\"@id\":\"https:\\\/\\\/ppdegalicia.com\\\/es\\\/o-grupo-popular-critica-que-o-bng-pretenda-fixar-no-25-o-gasto-sanitario-para-atencion-primaria-cando-nos-orzamentos-da-xunta-de-2025-xa-se-supera-o-30\\\/#primaryimage\"},\"image\":{\"@id\":\"https:\\\/\\\/ppdegalicia.com\\\/es\\\/o-grupo-popular-critica-que-o-bng-pretenda-fixar-no-25-o-gasto-sanitario-para-atencion-primaria-cando-nos-orzamentos-da-xunta-de-2025-xa-se-supera-o-30\\\/#primaryimage\"},\"thumbnailUrl\":\"https:\\\/\\\/ppdegalicia.com\\\/wp-content\\\/uploads\\\/2024\\\/11\\\/20241105_Pleno_Ordinario38-1536x1024-1.jpg\",\"datePublished\":\"2024-11-05T10:41:02+00:00\",\"dateModified\":\"2024-12-04T10:59:28+00:00\",\"breadcrumb\":{\"@id\":\"https:\\\/\\\/ppdegalicia.com\\\/es\\\/o-grupo-popular-critica-que-o-bng-pretenda-fixar-no-25-o-gasto-sanitario-para-atencion-primaria-cando-nos-orzamentos-da-xunta-de-2025-xa-se-supera-o-30\\\/#breadcrumb\"},\"inLanguage\":\"es\",\"potentialAction\":[{\"@type\":\"ReadAction\",\"target\":[\"https:\\\/\\\/ppdegalicia.com\\\/es\\\/o-grupo-popular-critica-que-o-bng-pretenda-fixar-no-25-o-gasto-sanitario-para-atencion-primaria-cando-nos-orzamentos-da-xunta-de-2025-xa-se-supera-o-30\\\/\"]}]},{\"@type\":\"ImageObject\",\"inLanguage\":\"es\",\"@id\":\"https:\\\/\\\/ppdegalicia.com\\\/es\\\/o-grupo-popular-critica-que-o-bng-pretenda-fixar-no-25-o-gasto-sanitario-para-atencion-primaria-cando-nos-orzamentos-da-xunta-de-2025-xa-se-supera-o-30\\\/#primaryimage\",\"url\":\"https:\\\/\\\/ppdegalicia.com\\\/wp-content\\\/uploads\\\/2024\\\/11\\\/20241105_Pleno_Ordinario38-1536x1024-1.jpg\",\"contentUrl\":\"https:\\\/\\\/ppdegalicia.com\\\/wp-content\\\/uploads\\\/2024\\\/11\\\/20241105_Pleno_Ordinario38-1536x1024-1.jpg\",\"width\":1536,\"height\":1024},{\"@type\":\"BreadcrumbList\",\"@id\":\"https:\\\/\\\/ppdegalicia.com\\\/es\\\/o-grupo-popular-critica-que-o-bng-pretenda-fixar-no-25-o-gasto-sanitario-para-atencion-primaria-cando-nos-orzamentos-da-xunta-de-2025-xa-se-supera-o-30\\\/#breadcrumb\",\"itemListElement\":[{\"@type\":\"ListItem\",\"position\":1,\"name\":\"Portada\",\"item\":\"https:\\\/\\\/ppdegalicia.com\\\/es\\\/\"},{\"@type\":\"ListItem\",\"position\":2,\"name\":\"O Grupo Popular critica que o BNG pretenda fixar no 25% o gasto sanitario para atenci\u00f3n primaria cando nos orzamentos da Xunta de 2025 xa se supera o 30%\"}]},{\"@type\":\"WebSite\",\"@id\":\"https:\\\/\\\/ppdegalicia.com\\\/es\\\/#website\",\"url\":\"https:\\\/\\\/ppdegalicia.com\\\/es\\\/\",\"name\":\"Partido Popular de Galicia\",\"description\":\"Partido Popular de Galicia\",\"publisher\":{\"@id\":\"https:\\\/\\\/ppdegalicia.com\\\/es\\\/#organization\"},\"alternateName\":\"PP de Galicia\",\"potentialAction\":[{\"@type\":\"SearchAction\",\"target\":{\"@type\":\"EntryPoint\",\"urlTemplate\":\"https:\\\/\\\/ppdegalicia.com\\\/es\\\/?s={search_term_string}\"},\"query-input\":{\"@type\":\"PropertyValueSpecification\",\"valueRequired\":true,\"valueName\":\"search_term_string\"}}],\"inLanguage\":\"es\"},{\"@type\":\"Organization\",\"@id\":\"https:\\\/\\\/ppdegalicia.com\\\/es\\\/#organization\",\"name\":\"Partido Popular de Galicia\",\"alternateName\":\"PP de Galicia\",\"url\":\"https:\\\/\\\/ppdegalicia.com\\\/es\\\/\",\"logo\":{\"@type\":\"ImageObject\",\"inLanguage\":\"es\",\"@id\":\"https:\\\/\\\/ppdegalicia.com\\\/es\\\/#\\\/schema\\\/logo\\\/image\\\/\",\"url\":\"https:\\\/\\\/ppdegalicia.com\\\/wp-content\\\/uploads\\\/2023\\\/04\\\/logoPP512.png\",\"contentUrl\":\"https:\\\/\\\/ppdegalicia.com\\\/wp-content\\\/uploads\\\/2023\\\/04\\\/logoPP512.png\",\"width\":512,\"height\":512,\"caption\":\"Partido Popular de Galicia\"},\"image\":{\"@id\":\"https:\\\/\\\/ppdegalicia.com\\\/es\\\/#\\\/schema\\\/logo\\\/image\\\/\"},\"sameAs\":[\"https:\\\/\\\/www.instagram.com\\\/ppdegalicia\\\/\",\"https:\\\/\\\/x.com\\\/ppdegalicia\",\"https:\\\/\\\/www.tiktok.com\\\/@ppdegalicia\",\"https:\\\/\\\/www.youtube.com\\\/user\\\/ppdegalicia\"]},{\"@type\":\"Person\",\"@id\":\"https:\\\/\\\/ppdegalicia.com\\\/es\\\/#\\\/schema\\\/person\\\/d0f013b8388c980665d44009ab762960\",\"name\":\"Super User\",\"image\":{\"@type\":\"ImageObject\",\"inLanguage\":\"es\",\"@id\":\"https:\\\/\\\/secure.gravatar.com\\\/avatar\\\/1db852625ef4948f58d2739bfbc51e4b9bd5c93b8fa340b59fdb594ca0845645?s=96&d=mm&r=g\",\"url\":\"https:\\\/\\\/secure.gravatar.com\\\/avatar\\\/1db852625ef4948f58d2739bfbc51e4b9bd5c93b8fa340b59fdb594ca0845645?s=96&d=mm&r=g\",\"contentUrl\":\"https:\\\/\\\/secure.gravatar.com\\\/avatar\\\/1db852625ef4948f58d2739bfbc51e4b9bd5c93b8fa340b59fdb594ca0845645?s=96&d=mm&r=g\",\"caption\":\"Super User\"},\"url\":\"https:\\\/\\\/ppdegalicia.com\\\/es\\\/author\\\/ppdegaliciagestion\\\/\"}]}<\/script>\n<!-- \/ Yoast SEO plugin. -->","yoast_head_json":{"title":"O Grupo Popular critica que o BNG pretenda fixar no 25% o gasto sanitario para atenci\u00f3n primaria cando nos orzamentos da Xunta de 2025 xa se supera o 30% - PP de Galicia","robots":{"index":"index","follow":"follow","max-snippet":"max-snippet:-1","max-image-preview":"max-image-preview:large","max-video-preview":"max-video-preview:-1"},"canonical":"https:\/\/ppdegalicia.com\/es\/o-grupo-popular-critica-que-o-bng-pretenda-fixar-no-25-o-gasto-sanitario-para-atencion-primaria-cando-nos-orzamentos-da-xunta-de-2025-xa-se-supera-o-30\/","og_locale":"es_ES","og_type":"article","og_title":"O Grupo Popular critica que o BNG pretenda fixar no 25% o gasto sanitario para atenci\u00f3n primaria cando nos orzamentos da Xunta de 2025 xa se supera o 30% - PP de Galicia","og_description":"A portavoz de Sanidade do Grupo Popular, Encarna Amigo, criticou hoxe no Pleno do Parlamento de Galicia que o BNG pretenda fixar por lei que se dedique o 25 por cento do orzamento de sanidade a atenci\u00f3n primaria, \u201ccando os orzamentos da Xunta para o 2025 xa destinan m\u00e1is do 30 por cento do gasto [&hellip;]","og_url":"https:\/\/ppdegalicia.com\/es\/o-grupo-popular-critica-que-o-bng-pretenda-fixar-no-25-o-gasto-sanitario-para-atencion-primaria-cando-nos-orzamentos-da-xunta-de-2025-xa-se-supera-o-30\/","og_site_name":"PP de Galicia","article_publisher":"https:\/\/www.instagram.com\/ppdegalicia\/","article_published_time":"2024-11-05T10:41:02+00:00","article_modified_time":"2024-12-04T10:59:28+00:00","og_image":[{"width":1536,"height":1024,"url":"https:\/\/ppdegalicia.com\/wp-content\/uploads\/2024\/11\/20241105_Pleno_Ordinario38-1536x1024-1.jpg","type":"image\/jpeg"}],"author":"Super User","twitter_card":"summary_large_image","twitter_creator":"@ppdegalicia","twitter_site":"@ppdegalicia","twitter_misc":{"Escrito por":"Super User","Tiempo de lectura":"4 minutos"},"schema":{"@context":"https:\/\/schema.org","@graph":[{"@type":"Article","@id":"https:\/\/ppdegalicia.com\/es\/o-grupo-popular-critica-que-o-bng-pretenda-fixar-no-25-o-gasto-sanitario-para-atencion-primaria-cando-nos-orzamentos-da-xunta-de-2025-xa-se-supera-o-30\/#article","isPartOf":{"@id":"https:\/\/ppdegalicia.com\/es\/o-grupo-popular-critica-que-o-bng-pretenda-fixar-no-25-o-gasto-sanitario-para-atencion-primaria-cando-nos-orzamentos-da-xunta-de-2025-xa-se-supera-o-30\/"},"author":{"name":"Super User","@id":"https:\/\/ppdegalicia.com\/es\/#\/schema\/person\/d0f013b8388c980665d44009ab762960"},"headline":"O Grupo Popular critica que o BNG pretenda fixar no 25% o gasto sanitario para atenci\u00f3n primaria cando nos orzamentos da Xunta de 2025 xa se supera o 30%","datePublished":"2024-11-05T10:41:02+00:00","dateModified":"2024-12-04T10:59:28+00:00","mainEntityOfPage":{"@id":"https:\/\/ppdegalicia.com\/es\/o-grupo-popular-critica-que-o-bng-pretenda-fixar-no-25-o-gasto-sanitario-para-atencion-primaria-cando-nos-orzamentos-da-xunta-de-2025-xa-se-supera-o-30\/"},"wordCount":571,"publisher":{"@id":"https:\/\/ppdegalicia.com\/es\/#organization"},"image":{"@id":"https:\/\/ppdegalicia.com\/es\/o-grupo-popular-critica-que-o-bng-pretenda-fixar-no-25-o-gasto-sanitario-para-atencion-primaria-cando-nos-orzamentos-da-xunta-de-2025-xa-se-supera-o-30\/#primaryimage"},"thumbnailUrl":"https:\/\/ppdegalicia.com\/wp-content\/uploads\/2024\/11\/20241105_Pleno_Ordinario38-1536x1024-1.jpg","articleSection":["Parlamento de Galicia"],"inLanguage":"es"},{"@type":"WebPage","@id":"https:\/\/ppdegalicia.com\/es\/o-grupo-popular-critica-que-o-bng-pretenda-fixar-no-25-o-gasto-sanitario-para-atencion-primaria-cando-nos-orzamentos-da-xunta-de-2025-xa-se-supera-o-30\/","url":"https:\/\/ppdegalicia.com\/es\/o-grupo-popular-critica-que-o-bng-pretenda-fixar-no-25-o-gasto-sanitario-para-atencion-primaria-cando-nos-orzamentos-da-xunta-de-2025-xa-se-supera-o-30\/","name":"O Grupo Popular critica que o BNG pretenda fixar no 25% o gasto sanitario para atenci\u00f3n primaria cando nos orzamentos da Xunta de 2025 xa se supera o 30% - PP de Galicia","isPartOf":{"@id":"https:\/\/ppdegalicia.com\/es\/#website"},"primaryImageOfPage":{"@id":"https:\/\/ppdegalicia.com\/es\/o-grupo-popular-critica-que-o-bng-pretenda-fixar-no-25-o-gasto-sanitario-para-atencion-primaria-cando-nos-orzamentos-da-xunta-de-2025-xa-se-supera-o-30\/#primaryimage"},"image":{"@id":"https:\/\/ppdegalicia.com\/es\/o-grupo-popular-critica-que-o-bng-pretenda-fixar-no-25-o-gasto-sanitario-para-atencion-primaria-cando-nos-orzamentos-da-xunta-de-2025-xa-se-supera-o-30\/#primaryimage"},"thumbnailUrl":"https:\/\/ppdegalicia.com\/wp-content\/uploads\/2024\/11\/20241105_Pleno_Ordinario38-1536x1024-1.jpg","datePublished":"2024-11-05T10:41:02+00:00","dateModified":"2024-12-04T10:59:28+00:00","breadcrumb":{"@id":"https:\/\/ppdegalicia.com\/es\/o-grupo-popular-critica-que-o-bng-pretenda-fixar-no-25-o-gasto-sanitario-para-atencion-primaria-cando-nos-orzamentos-da-xunta-de-2025-xa-se-supera-o-30\/#breadcrumb"},"inLanguage":"es","potentialAction":[{"@type":"ReadAction","target":["https:\/\/ppdegalicia.com\/es\/o-grupo-popular-critica-que-o-bng-pretenda-fixar-no-25-o-gasto-sanitario-para-atencion-primaria-cando-nos-orzamentos-da-xunta-de-2025-xa-se-supera-o-30\/"]}]},{"@type":"ImageObject","inLanguage":"es","@id":"https:\/\/ppdegalicia.com\/es\/o-grupo-popular-critica-que-o-bng-pretenda-fixar-no-25-o-gasto-sanitario-para-atencion-primaria-cando-nos-orzamentos-da-xunta-de-2025-xa-se-supera-o-30\/#primaryimage","url":"https:\/\/ppdegalicia.com\/wp-content\/uploads\/2024\/11\/20241105_Pleno_Ordinario38-1536x1024-1.jpg","contentUrl":"https:\/\/ppdegalicia.com\/wp-content\/uploads\/2024\/11\/20241105_Pleno_Ordinario38-1536x1024-1.jpg","width":1536,"height":1024},{"@type":"BreadcrumbList","@id":"https:\/\/ppdegalicia.com\/es\/o-grupo-popular-critica-que-o-bng-pretenda-fixar-no-25-o-gasto-sanitario-para-atencion-primaria-cando-nos-orzamentos-da-xunta-de-2025-xa-se-supera-o-30\/#breadcrumb","itemListElement":[{"@type":"ListItem","position":1,"name":"Portada","item":"https:\/\/ppdegalicia.com\/es\/"},{"@type":"ListItem","position":2,"name":"O Grupo Popular critica que o BNG pretenda fixar no 25% o gasto sanitario para atenci\u00f3n primaria cando nos orzamentos da Xunta de 2025 xa se supera o 30%"}]},{"@type":"WebSite","@id":"https:\/\/ppdegalicia.com\/es\/#website","url":"https:\/\/ppdegalicia.com\/es\/","name":"Partido Popular de Galicia","description":"Partido Popular de Galicia","publisher":{"@id":"https:\/\/ppdegalicia.com\/es\/#organization"},"alternateName":"PP de Galicia","potentialAction":[{"@type":"SearchAction","target":{"@type":"EntryPoint","urlTemplate":"https:\/\/ppdegalicia.com\/es\/?s={search_term_string}"},"query-input":{"@type":"PropertyValueSpecification","valueRequired":true,"valueName":"search_term_string"}}],"inLanguage":"es"},{"@type":"Organization","@id":"https:\/\/ppdegalicia.com\/es\/#organization","name":"Partido Popular de Galicia","alternateName":"PP de Galicia","url":"https:\/\/ppdegalicia.com\/es\/","logo":{"@type":"ImageObject","inLanguage":"es","@id":"https:\/\/ppdegalicia.com\/es\/#\/schema\/logo\/image\/","url":"https:\/\/ppdegalicia.com\/wp-content\/uploads\/2023\/04\/logoPP512.png","contentUrl":"https:\/\/ppdegalicia.com\/wp-content\/uploads\/2023\/04\/logoPP512.png","width":512,"height":512,"caption":"Partido Popular de Galicia"},"image":{"@id":"https:\/\/ppdegalicia.com\/es\/#\/schema\/logo\/image\/"},"sameAs":["https:\/\/www.instagram.com\/ppdegalicia\/","https:\/\/x.com\/ppdegalicia","https:\/\/www.tiktok.com\/@ppdegalicia","https:\/\/www.youtube.com\/user\/ppdegalicia"]},{"@type":"Person","@id":"https:\/\/ppdegalicia.com\/es\/#\/schema\/person\/d0f013b8388c980665d44009ab762960","name":"Super User","image":{"@type":"ImageObject","inLanguage":"es","@id":"https:\/\/secure.gravatar.com\/avatar\/1db852625ef4948f58d2739bfbc51e4b9bd5c93b8fa340b59fdb594ca0845645?s=96&d=mm&r=g","url":"https:\/\/secure.gravatar.com\/avatar\/1db852625ef4948f58d2739bfbc51e4b9bd5c93b8fa340b59fdb594ca0845645?s=96&d=mm&r=g","contentUrl":"https:\/\/secure.gravatar.com\/avatar\/1db852625ef4948f58d2739bfbc51e4b9bd5c93b8fa340b59fdb594ca0845645?s=96&d=mm&r=g","caption":"Super User"},"url":"https:\/\/ppdegalicia.com\/es\/author\/ppdegaliciagestion\/"}]}},"_links":{"self":[{"href":"https:\/\/ppdegalicia.com\/es\/wp-json\/wp\/v2\/posts\/64841","targetHints":{"allow":["GET"]}}],"collection":[{"href":"https:\/\/ppdegalicia.com\/es\/wp-json\/wp\/v2\/posts"}],"about":[{"href":"https:\/\/ppdegalicia.com\/es\/wp-json\/wp\/v2\/types\/post"}],"author":[{"embeddable":true,"href":"https:\/\/ppdegalicia.com\/es\/wp-json\/wp\/v2\/users\/37"}],"replies":[{"embeddable":true,"href":"https:\/\/ppdegalicia.com\/es\/wp-json\/wp\/v2\/comments?post=64841"}],"version-history":[{"count":2,"href":"https:\/\/ppdegalicia.com\/es\/wp-json\/wp\/v2\/posts\/64841\/revisions"}],"predecessor-version":[{"id":64845,"href":"https:\/\/ppdegalicia.com\/es\/wp-json\/wp\/v2\/posts\/64841\/revisions\/64845"}],"wp:featuredmedia":[{"embeddable":true,"href":"https:\/\/ppdegalicia.com\/es\/wp-json\/wp\/v2\/media\/64843"}],"wp:attachment":[{"href":"https:\/\/ppdegalicia.com\/es\/wp-json\/wp\/v2\/media?parent=64841"}],"wp:term":[{"taxonomy":"category","embeddable":true,"href":"https:\/\/ppdegalicia.com\/es\/wp-json\/wp\/v2\/categories?post=64841"},{"taxonomy":"post_tag","embeddable":true,"href":"https:\/\/ppdegalicia.com\/es\/wp-json\/wp\/v2\/tags?post=64841"}],"curies":[{"name":"wp","href":"https:\/\/api.w.org\/{rel}","templated":true}]}}