{"id":64854,"date":"2024-11-05T19:01:15","date_gmt":"2024-11-05T18:01:15","guid":{"rendered":"https:\/\/ppdegalicia.com\/?p=64854"},"modified":"2024-12-04T12:05:55","modified_gmt":"2024-12-04T11:05:55","slug":"o-grupo-popular-salienta-que-os-orzamentos-da-xunta-para-2025-achegaran-aos-concellos-galegos-a-cifra-record-de-641-millons-de-euros","status":"publish","type":"post","link":"https:\/\/ppdegalicia.com\/es\/o-grupo-popular-salienta-que-os-orzamentos-da-xunta-para-2025-achegaran-aos-concellos-galegos-a-cifra-record-de-641-millons-de-euros\/","title":{"rendered":"O Grupo Popular salienta que os orzamentos da Xunta para 2025 achegar\u00e1n aos concellos galegos a cifra r\u00e9cord de 641 mill\u00f3ns de euros"},"content":{"rendered":"<p>A viceportavoz do Grupo Popular, Paula Prado, salientou hoxe no Pleno do Parlamento galego que os concellos galegos recibir\u00e1n no 2025 a cantidade r\u00e9cord de 641 mill\u00f3ns de euros dos orzamentos da Xunta. \u201cAo mesmo tempo, o Goberno de Pedro S\u00e1nchez imp\u00f3n aos concellos m\u00e1is cargas, como a suba da taxa do lixo, a xesti\u00f3n da retirada do amianto ou a Lei de benestar animal\u201d, apuntou.<\/p>\n<p>Paula Prado cuestionou que o BNG \u201cestea a pedir m\u00e1is fondos para os concellos galegos cando al\u00ed onde gobernan son incapaces de executar os seus propios orzamentos e de levar a cabo os investimentos previstos\u201d. En concreto, sinalou que na Deputaci\u00f3n de A Coru\u00f1a o nivel de execuci\u00f3n orzamentaria \u00e9 de apenas un 9 por cento; na Deputaci\u00f3n de Lugo, o nivel de execuci\u00f3n \u00e9 de pouco m\u00e1is dun 27 por cento; e nos concellos do BNG o nivel de execuci\u00f3n orzamentaria apenas supera o 50 por cento e, incluso, deixan cartos sen gastar, como acontece no caso de Ribeira ou Santiago.<\/p>\n<p><strong>INCREMENTO DOS FONDOS DUN 38%<\/strong><\/p>\n<p>Diante desta situaci\u00f3n, a viceportavoz popular subli\u00f1ou que o Goberno galego \u201capoia aos 313 concellos galegos na s\u00faa demanda dun financiamento municipal m\u00e1is xusto e acorde cos servizos que prestan. \u201cProba disto \u00e9 que desde 2009 os fondos auton\u00f3micos para os concellos se incrementaron un 38 por cento e no 2023 os concellos recibiron m\u00e1is de 600 mill\u00f3ns de euros do Goberno galego, unha cifra que se incrementar\u00e1 ata os 641 mill\u00f3ns en 2025\u201d, explicou.<\/p>\n<p>Para rematar, Prado considerou \u201ccurioso que BNG e PSdeG critiquen ao Goberno galego por apoiar economicamente aos concellos, ao mesmo tempo que calan cando o Goberno de Pedro S\u00e1nchez lles imp\u00f3n m\u00e1is cargas, como a suba da taxa do lixo ou os novos gastos derivados da xesti\u00f3n da retirada do amianto ou a aplicaci\u00f3n da Lei do benestar animal\u201d.<\/p>\n<p>\u201cAdemais, mentres o Goberno galego, a pesar de ser unha competencia municipal, fai unha aportaci\u00f3n ao servizo de axuda no fogar de 12 euros por hora, o Goberno central pon s\u00f3 2,5 euros cada hora\u201d, rematou.<\/p>\n<p>&nbsp;<\/p>\n","protected":false},"excerpt":{"rendered":"<p>A viceportavoz do Grupo Popular, Paula Prado, salientou hoxe no Pleno do Parlamento galego que os concellos galegos recibir\u00e1n no 2025 a cantidade r\u00e9cord de 641 mill\u00f3ns de euros dos orzamentos da Xunta. \u201cAo mesmo tempo, o Goberno de Pedro S\u00e1nchez imp\u00f3n aos concellos m\u00e1is cargas, como a suba da taxa do lixo, a xesti\u00f3n [&hellip;]<\/p>\n","protected":false},"author":37,"featured_media":64856,"comment_status":"closed","ping_status":"open","sticky":false,"template":"","format":"standard","meta":{"_acf_changed":false,"footnotes":""},"categories":[1128],"tags":[],"class_list":["post-64854","post","type-post","status-publish","format-standard","has-post-thumbnail","hentry","category-actualidad-parlamento-de-galicia"],"acf":[],"yoast_head":"<!-- This site is optimized with the Yoast SEO plugin v27.3 - https:\/\/yoast.com\/product\/yoast-seo-wordpress\/ -->\n<title>O Grupo Popular salienta que os orzamentos da Xunta para 2025 achegar\u00e1n aos concellos galegos a cifra r\u00e9cord de 641 mill\u00f3ns de euros - PP de Galicia<\/title>\n<meta name=\"robots\" content=\"index, follow, max-snippet:-1, max-image-preview:large, max-video-preview:-1\" \/>\n<link rel=\"canonical\" href=\"https:\/\/ppdegalicia.com\/es\/o-grupo-popular-salienta-que-os-orzamentos-da-xunta-para-2025-achegaran-aos-concellos-galegos-a-cifra-record-de-641-millons-de-euros\/\" \/>\n<meta property=\"og:locale\" content=\"es_ES\" \/>\n<meta property=\"og:type\" content=\"article\" \/>\n<meta property=\"og:title\" content=\"O Grupo Popular salienta que os orzamentos da Xunta para 2025 achegar\u00e1n aos concellos galegos a cifra r\u00e9cord de 641 mill\u00f3ns de euros - PP de Galicia\" \/>\n<meta property=\"og:description\" content=\"A viceportavoz do Grupo Popular, Paula Prado, salientou hoxe no Pleno do Parlamento galego que os concellos galegos recibir\u00e1n no 2025 a cantidade r\u00e9cord de 641 mill\u00f3ns de euros dos orzamentos da Xunta. \u201cAo mesmo tempo, o Goberno de Pedro S\u00e1nchez imp\u00f3n aos concellos m\u00e1is cargas, como a suba da taxa do lixo, a xesti\u00f3n [&hellip;]\" \/>\n<meta property=\"og:url\" content=\"https:\/\/ppdegalicia.com\/es\/o-grupo-popular-salienta-que-os-orzamentos-da-xunta-para-2025-achegaran-aos-concellos-galegos-a-cifra-record-de-641-millons-de-euros\/\" \/>\n<meta property=\"og:site_name\" content=\"PP de Galicia\" \/>\n<meta property=\"article:publisher\" content=\"https:\/\/www.instagram.com\/ppdegalicia\/\" \/>\n<meta property=\"article:published_time\" content=\"2024-11-05T18:01:15+00:00\" \/>\n<meta property=\"article:modified_time\" content=\"2024-12-04T11:05:55+00:00\" \/>\n<meta property=\"og:image\" content=\"https:\/\/ppdegalicia.com\/wp-content\/uploads\/2024\/11\/20241105_Pleno_Ordinario79-1536x1024-1.jpg\" \/>\n\t<meta property=\"og:image:width\" content=\"1536\" \/>\n\t<meta property=\"og:image:height\" content=\"1024\" \/>\n\t<meta property=\"og:image:type\" content=\"image\/jpeg\" \/>\n<meta name=\"author\" content=\"Super User\" \/>\n<meta name=\"twitter:card\" content=\"summary_large_image\" \/>\n<meta name=\"twitter:creator\" content=\"@ppdegalicia\" \/>\n<meta name=\"twitter:site\" content=\"@ppdegalicia\" \/>\n<meta name=\"twitter:label1\" content=\"Escrito por\" \/>\n\t<meta name=\"twitter:data1\" content=\"Super User\" \/>\n\t<meta name=\"twitter:label2\" content=\"Tiempo de lectura\" \/>\n\t<meta name=\"twitter:data2\" content=\"3 minutos\" \/>\n<script type=\"application\/ld+json\" class=\"yoast-schema-graph\">{\"@context\":\"https:\\\/\\\/schema.org\",\"@graph\":[{\"@type\":\"Article\",\"@id\":\"https:\\\/\\\/ppdegalicia.com\\\/es\\\/o-grupo-popular-salienta-que-os-orzamentos-da-xunta-para-2025-achegaran-aos-concellos-galegos-a-cifra-record-de-641-millons-de-euros\\\/#article\",\"isPartOf\":{\"@id\":\"https:\\\/\\\/ppdegalicia.com\\\/es\\\/o-grupo-popular-salienta-que-os-orzamentos-da-xunta-para-2025-achegaran-aos-concellos-galegos-a-cifra-record-de-641-millons-de-euros\\\/\"},\"author\":{\"name\":\"Super User\",\"@id\":\"https:\\\/\\\/ppdegalicia.com\\\/es\\\/#\\\/schema\\\/person\\\/d0f013b8388c980665d44009ab762960\"},\"headline\":\"O Grupo Popular salienta que os orzamentos da Xunta para 2025 achegar\u00e1n aos concellos galegos a cifra r\u00e9cord de 641 mill\u00f3ns de euros\",\"datePublished\":\"2024-11-05T18:01:15+00:00\",\"dateModified\":\"2024-12-04T11:05:55+00:00\",\"mainEntityOfPage\":{\"@id\":\"https:\\\/\\\/ppdegalicia.com\\\/es\\\/o-grupo-popular-salienta-que-os-orzamentos-da-xunta-para-2025-achegaran-aos-concellos-galegos-a-cifra-record-de-641-millons-de-euros\\\/\"},\"wordCount\":379,\"publisher\":{\"@id\":\"https:\\\/\\\/ppdegalicia.com\\\/es\\\/#organization\"},\"image\":{\"@id\":\"https:\\\/\\\/ppdegalicia.com\\\/es\\\/o-grupo-popular-salienta-que-os-orzamentos-da-xunta-para-2025-achegaran-aos-concellos-galegos-a-cifra-record-de-641-millons-de-euros\\\/#primaryimage\"},\"thumbnailUrl\":\"https:\\\/\\\/ppdegalicia.com\\\/wp-content\\\/uploads\\\/2024\\\/11\\\/20241105_Pleno_Ordinario79-1536x1024-1.jpg\",\"articleSection\":[\"Parlamento de Galicia\"],\"inLanguage\":\"es\"},{\"@type\":\"WebPage\",\"@id\":\"https:\\\/\\\/ppdegalicia.com\\\/es\\\/o-grupo-popular-salienta-que-os-orzamentos-da-xunta-para-2025-achegaran-aos-concellos-galegos-a-cifra-record-de-641-millons-de-euros\\\/\",\"url\":\"https:\\\/\\\/ppdegalicia.com\\\/es\\\/o-grupo-popular-salienta-que-os-orzamentos-da-xunta-para-2025-achegaran-aos-concellos-galegos-a-cifra-record-de-641-millons-de-euros\\\/\",\"name\":\"O Grupo Popular salienta que os orzamentos da Xunta para 2025 achegar\u00e1n aos concellos galegos a cifra r\u00e9cord de 641 mill\u00f3ns de euros - PP de Galicia\",\"isPartOf\":{\"@id\":\"https:\\\/\\\/ppdegalicia.com\\\/es\\\/#website\"},\"primaryImageOfPage\":{\"@id\":\"https:\\\/\\\/ppdegalicia.com\\\/es\\\/o-grupo-popular-salienta-que-os-orzamentos-da-xunta-para-2025-achegaran-aos-concellos-galegos-a-cifra-record-de-641-millons-de-euros\\\/#primaryimage\"},\"image\":{\"@id\":\"https:\\\/\\\/ppdegalicia.com\\\/es\\\/o-grupo-popular-salienta-que-os-orzamentos-da-xunta-para-2025-achegaran-aos-concellos-galegos-a-cifra-record-de-641-millons-de-euros\\\/#primaryimage\"},\"thumbnailUrl\":\"https:\\\/\\\/ppdegalicia.com\\\/wp-content\\\/uploads\\\/2024\\\/11\\\/20241105_Pleno_Ordinario79-1536x1024-1.jpg\",\"datePublished\":\"2024-11-05T18:01:15+00:00\",\"dateModified\":\"2024-12-04T11:05:55+00:00\",\"breadcrumb\":{\"@id\":\"https:\\\/\\\/ppdegalicia.com\\\/es\\\/o-grupo-popular-salienta-que-os-orzamentos-da-xunta-para-2025-achegaran-aos-concellos-galegos-a-cifra-record-de-641-millons-de-euros\\\/#breadcrumb\"},\"inLanguage\":\"es\",\"potentialAction\":[{\"@type\":\"ReadAction\",\"target\":[\"https:\\\/\\\/ppdegalicia.com\\\/es\\\/o-grupo-popular-salienta-que-os-orzamentos-da-xunta-para-2025-achegaran-aos-concellos-galegos-a-cifra-record-de-641-millons-de-euros\\\/\"]}]},{\"@type\":\"ImageObject\",\"inLanguage\":\"es\",\"@id\":\"https:\\\/\\\/ppdegalicia.com\\\/es\\\/o-grupo-popular-salienta-que-os-orzamentos-da-xunta-para-2025-achegaran-aos-concellos-galegos-a-cifra-record-de-641-millons-de-euros\\\/#primaryimage\",\"url\":\"https:\\\/\\\/ppdegalicia.com\\\/wp-content\\\/uploads\\\/2024\\\/11\\\/20241105_Pleno_Ordinario79-1536x1024-1.jpg\",\"contentUrl\":\"https:\\\/\\\/ppdegalicia.com\\\/wp-content\\\/uploads\\\/2024\\\/11\\\/20241105_Pleno_Ordinario79-1536x1024-1.jpg\",\"width\":1536,\"height\":1024},{\"@type\":\"BreadcrumbList\",\"@id\":\"https:\\\/\\\/ppdegalicia.com\\\/es\\\/o-grupo-popular-salienta-que-os-orzamentos-da-xunta-para-2025-achegaran-aos-concellos-galegos-a-cifra-record-de-641-millons-de-euros\\\/#breadcrumb\",\"itemListElement\":[{\"@type\":\"ListItem\",\"position\":1,\"name\":\"Portada\",\"item\":\"https:\\\/\\\/ppdegalicia.com\\\/es\\\/\"},{\"@type\":\"ListItem\",\"position\":2,\"name\":\"O Grupo Popular salienta que os orzamentos da Xunta para 2025 achegar\u00e1n aos concellos galegos a cifra r\u00e9cord de 641 mill\u00f3ns de euros\"}]},{\"@type\":\"WebSite\",\"@id\":\"https:\\\/\\\/ppdegalicia.com\\\/es\\\/#website\",\"url\":\"https:\\\/\\\/ppdegalicia.com\\\/es\\\/\",\"name\":\"Partido Popular de Galicia\",\"description\":\"Partido Popular de Galicia\",\"publisher\":{\"@id\":\"https:\\\/\\\/ppdegalicia.com\\\/es\\\/#organization\"},\"alternateName\":\"PP de Galicia\",\"potentialAction\":[{\"@type\":\"SearchAction\",\"target\":{\"@type\":\"EntryPoint\",\"urlTemplate\":\"https:\\\/\\\/ppdegalicia.com\\\/es\\\/?s={search_term_string}\"},\"query-input\":{\"@type\":\"PropertyValueSpecification\",\"valueRequired\":true,\"valueName\":\"search_term_string\"}}],\"inLanguage\":\"es\"},{\"@type\":\"Organization\",\"@id\":\"https:\\\/\\\/ppdegalicia.com\\\/es\\\/#organization\",\"name\":\"Partido Popular de Galicia\",\"alternateName\":\"PP de Galicia\",\"url\":\"https:\\\/\\\/ppdegalicia.com\\\/es\\\/\",\"logo\":{\"@type\":\"ImageObject\",\"inLanguage\":\"es\",\"@id\":\"https:\\\/\\\/ppdegalicia.com\\\/es\\\/#\\\/schema\\\/logo\\\/image\\\/\",\"url\":\"https:\\\/\\\/ppdegalicia.com\\\/wp-content\\\/uploads\\\/2023\\\/04\\\/logoPP512.png\",\"contentUrl\":\"https:\\\/\\\/ppdegalicia.com\\\/wp-content\\\/uploads\\\/2023\\\/04\\\/logoPP512.png\",\"width\":512,\"height\":512,\"caption\":\"Partido Popular de Galicia\"},\"image\":{\"@id\":\"https:\\\/\\\/ppdegalicia.com\\\/es\\\/#\\\/schema\\\/logo\\\/image\\\/\"},\"sameAs\":[\"https:\\\/\\\/www.instagram.com\\\/ppdegalicia\\\/\",\"https:\\\/\\\/x.com\\\/ppdegalicia\",\"https:\\\/\\\/www.tiktok.com\\\/@ppdegalicia\",\"https:\\\/\\\/www.youtube.com\\\/user\\\/ppdegalicia\"]},{\"@type\":\"Person\",\"@id\":\"https:\\\/\\\/ppdegalicia.com\\\/es\\\/#\\\/schema\\\/person\\\/d0f013b8388c980665d44009ab762960\",\"name\":\"Super User\",\"image\":{\"@type\":\"ImageObject\",\"inLanguage\":\"es\",\"@id\":\"https:\\\/\\\/secure.gravatar.com\\\/avatar\\\/1db852625ef4948f58d2739bfbc51e4b9bd5c93b8fa340b59fdb594ca0845645?s=96&d=mm&r=g\",\"url\":\"https:\\\/\\\/secure.gravatar.com\\\/avatar\\\/1db852625ef4948f58d2739bfbc51e4b9bd5c93b8fa340b59fdb594ca0845645?s=96&d=mm&r=g\",\"contentUrl\":\"https:\\\/\\\/secure.gravatar.com\\\/avatar\\\/1db852625ef4948f58d2739bfbc51e4b9bd5c93b8fa340b59fdb594ca0845645?s=96&d=mm&r=g\",\"caption\":\"Super User\"},\"url\":\"https:\\\/\\\/ppdegalicia.com\\\/es\\\/author\\\/ppdegaliciagestion\\\/\"}]}<\/script>\n<!-- \/ Yoast SEO plugin. -->","yoast_head_json":{"title":"O Grupo Popular salienta que os orzamentos da Xunta para 2025 achegar\u00e1n aos concellos galegos a cifra r\u00e9cord de 641 mill\u00f3ns de euros - PP de Galicia","robots":{"index":"index","follow":"follow","max-snippet":"max-snippet:-1","max-image-preview":"max-image-preview:large","max-video-preview":"max-video-preview:-1"},"canonical":"https:\/\/ppdegalicia.com\/es\/o-grupo-popular-salienta-que-os-orzamentos-da-xunta-para-2025-achegaran-aos-concellos-galegos-a-cifra-record-de-641-millons-de-euros\/","og_locale":"es_ES","og_type":"article","og_title":"O Grupo Popular salienta que os orzamentos da Xunta para 2025 achegar\u00e1n aos concellos galegos a cifra r\u00e9cord de 641 mill\u00f3ns de euros - PP de Galicia","og_description":"A viceportavoz do Grupo Popular, Paula Prado, salientou hoxe no Pleno do Parlamento galego que os concellos galegos recibir\u00e1n no 2025 a cantidade r\u00e9cord de 641 mill\u00f3ns de euros dos orzamentos da Xunta. \u201cAo mesmo tempo, o Goberno de Pedro S\u00e1nchez imp\u00f3n aos concellos m\u00e1is cargas, como a suba da taxa do lixo, a xesti\u00f3n [&hellip;]","og_url":"https:\/\/ppdegalicia.com\/es\/o-grupo-popular-salienta-que-os-orzamentos-da-xunta-para-2025-achegaran-aos-concellos-galegos-a-cifra-record-de-641-millons-de-euros\/","og_site_name":"PP de Galicia","article_publisher":"https:\/\/www.instagram.com\/ppdegalicia\/","article_published_time":"2024-11-05T18:01:15+00:00","article_modified_time":"2024-12-04T11:05:55+00:00","og_image":[{"width":1536,"height":1024,"url":"https:\/\/ppdegalicia.com\/wp-content\/uploads\/2024\/11\/20241105_Pleno_Ordinario79-1536x1024-1.jpg","type":"image\/jpeg"}],"author":"Super User","twitter_card":"summary_large_image","twitter_creator":"@ppdegalicia","twitter_site":"@ppdegalicia","twitter_misc":{"Escrito por":"Super User","Tiempo de lectura":"3 minutos"},"schema":{"@context":"https:\/\/schema.org","@graph":[{"@type":"Article","@id":"https:\/\/ppdegalicia.com\/es\/o-grupo-popular-salienta-que-os-orzamentos-da-xunta-para-2025-achegaran-aos-concellos-galegos-a-cifra-record-de-641-millons-de-euros\/#article","isPartOf":{"@id":"https:\/\/ppdegalicia.com\/es\/o-grupo-popular-salienta-que-os-orzamentos-da-xunta-para-2025-achegaran-aos-concellos-galegos-a-cifra-record-de-641-millons-de-euros\/"},"author":{"name":"Super User","@id":"https:\/\/ppdegalicia.com\/es\/#\/schema\/person\/d0f013b8388c980665d44009ab762960"},"headline":"O Grupo Popular salienta que os orzamentos da Xunta para 2025 achegar\u00e1n aos concellos galegos a cifra r\u00e9cord de 641 mill\u00f3ns de euros","datePublished":"2024-11-05T18:01:15+00:00","dateModified":"2024-12-04T11:05:55+00:00","mainEntityOfPage":{"@id":"https:\/\/ppdegalicia.com\/es\/o-grupo-popular-salienta-que-os-orzamentos-da-xunta-para-2025-achegaran-aos-concellos-galegos-a-cifra-record-de-641-millons-de-euros\/"},"wordCount":379,"publisher":{"@id":"https:\/\/ppdegalicia.com\/es\/#organization"},"image":{"@id":"https:\/\/ppdegalicia.com\/es\/o-grupo-popular-salienta-que-os-orzamentos-da-xunta-para-2025-achegaran-aos-concellos-galegos-a-cifra-record-de-641-millons-de-euros\/#primaryimage"},"thumbnailUrl":"https:\/\/ppdegalicia.com\/wp-content\/uploads\/2024\/11\/20241105_Pleno_Ordinario79-1536x1024-1.jpg","articleSection":["Parlamento de Galicia"],"inLanguage":"es"},{"@type":"WebPage","@id":"https:\/\/ppdegalicia.com\/es\/o-grupo-popular-salienta-que-os-orzamentos-da-xunta-para-2025-achegaran-aos-concellos-galegos-a-cifra-record-de-641-millons-de-euros\/","url":"https:\/\/ppdegalicia.com\/es\/o-grupo-popular-salienta-que-os-orzamentos-da-xunta-para-2025-achegaran-aos-concellos-galegos-a-cifra-record-de-641-millons-de-euros\/","name":"O Grupo Popular salienta que os orzamentos da Xunta para 2025 achegar\u00e1n aos concellos galegos a cifra r\u00e9cord de 641 mill\u00f3ns de euros - PP de Galicia","isPartOf":{"@id":"https:\/\/ppdegalicia.com\/es\/#website"},"primaryImageOfPage":{"@id":"https:\/\/ppdegalicia.com\/es\/o-grupo-popular-salienta-que-os-orzamentos-da-xunta-para-2025-achegaran-aos-concellos-galegos-a-cifra-record-de-641-millons-de-euros\/#primaryimage"},"image":{"@id":"https:\/\/ppdegalicia.com\/es\/o-grupo-popular-salienta-que-os-orzamentos-da-xunta-para-2025-achegaran-aos-concellos-galegos-a-cifra-record-de-641-millons-de-euros\/#primaryimage"},"thumbnailUrl":"https:\/\/ppdegalicia.com\/wp-content\/uploads\/2024\/11\/20241105_Pleno_Ordinario79-1536x1024-1.jpg","datePublished":"2024-11-05T18:01:15+00:00","dateModified":"2024-12-04T11:05:55+00:00","breadcrumb":{"@id":"https:\/\/ppdegalicia.com\/es\/o-grupo-popular-salienta-que-os-orzamentos-da-xunta-para-2025-achegaran-aos-concellos-galegos-a-cifra-record-de-641-millons-de-euros\/#breadcrumb"},"inLanguage":"es","potentialAction":[{"@type":"ReadAction","target":["https:\/\/ppdegalicia.com\/es\/o-grupo-popular-salienta-que-os-orzamentos-da-xunta-para-2025-achegaran-aos-concellos-galegos-a-cifra-record-de-641-millons-de-euros\/"]}]},{"@type":"ImageObject","inLanguage":"es","@id":"https:\/\/ppdegalicia.com\/es\/o-grupo-popular-salienta-que-os-orzamentos-da-xunta-para-2025-achegaran-aos-concellos-galegos-a-cifra-record-de-641-millons-de-euros\/#primaryimage","url":"https:\/\/ppdegalicia.com\/wp-content\/uploads\/2024\/11\/20241105_Pleno_Ordinario79-1536x1024-1.jpg","contentUrl":"https:\/\/ppdegalicia.com\/wp-content\/uploads\/2024\/11\/20241105_Pleno_Ordinario79-1536x1024-1.jpg","width":1536,"height":1024},{"@type":"BreadcrumbList","@id":"https:\/\/ppdegalicia.com\/es\/o-grupo-popular-salienta-que-os-orzamentos-da-xunta-para-2025-achegaran-aos-concellos-galegos-a-cifra-record-de-641-millons-de-euros\/#breadcrumb","itemListElement":[{"@type":"ListItem","position":1,"name":"Portada","item":"https:\/\/ppdegalicia.com\/es\/"},{"@type":"ListItem","position":2,"name":"O Grupo Popular salienta que os orzamentos da Xunta para 2025 achegar\u00e1n aos concellos galegos a cifra r\u00e9cord de 641 mill\u00f3ns de euros"}]},{"@type":"WebSite","@id":"https:\/\/ppdegalicia.com\/es\/#website","url":"https:\/\/ppdegalicia.com\/es\/","name":"Partido Popular de Galicia","description":"Partido Popular de Galicia","publisher":{"@id":"https:\/\/ppdegalicia.com\/es\/#organization"},"alternateName":"PP de Galicia","potentialAction":[{"@type":"SearchAction","target":{"@type":"EntryPoint","urlTemplate":"https:\/\/ppdegalicia.com\/es\/?s={search_term_string}"},"query-input":{"@type":"PropertyValueSpecification","valueRequired":true,"valueName":"search_term_string"}}],"inLanguage":"es"},{"@type":"Organization","@id":"https:\/\/ppdegalicia.com\/es\/#organization","name":"Partido Popular de Galicia","alternateName":"PP de Galicia","url":"https:\/\/ppdegalicia.com\/es\/","logo":{"@type":"ImageObject","inLanguage":"es","@id":"https:\/\/ppdegalicia.com\/es\/#\/schema\/logo\/image\/","url":"https:\/\/ppdegalicia.com\/wp-content\/uploads\/2023\/04\/logoPP512.png","contentUrl":"https:\/\/ppdegalicia.com\/wp-content\/uploads\/2023\/04\/logoPP512.png","width":512,"height":512,"caption":"Partido Popular de Galicia"},"image":{"@id":"https:\/\/ppdegalicia.com\/es\/#\/schema\/logo\/image\/"},"sameAs":["https:\/\/www.instagram.com\/ppdegalicia\/","https:\/\/x.com\/ppdegalicia","https:\/\/www.tiktok.com\/@ppdegalicia","https:\/\/www.youtube.com\/user\/ppdegalicia"]},{"@type":"Person","@id":"https:\/\/ppdegalicia.com\/es\/#\/schema\/person\/d0f013b8388c980665d44009ab762960","name":"Super User","image":{"@type":"ImageObject","inLanguage":"es","@id":"https:\/\/secure.gravatar.com\/avatar\/1db852625ef4948f58d2739bfbc51e4b9bd5c93b8fa340b59fdb594ca0845645?s=96&d=mm&r=g","url":"https:\/\/secure.gravatar.com\/avatar\/1db852625ef4948f58d2739bfbc51e4b9bd5c93b8fa340b59fdb594ca0845645?s=96&d=mm&r=g","contentUrl":"https:\/\/secure.gravatar.com\/avatar\/1db852625ef4948f58d2739bfbc51e4b9bd5c93b8fa340b59fdb594ca0845645?s=96&d=mm&r=g","caption":"Super User"},"url":"https:\/\/ppdegalicia.com\/es\/author\/ppdegaliciagestion\/"}]}},"_links":{"self":[{"href":"https:\/\/ppdegalicia.com\/es\/wp-json\/wp\/v2\/posts\/64854","targetHints":{"allow":["GET"]}}],"collection":[{"href":"https:\/\/ppdegalicia.com\/es\/wp-json\/wp\/v2\/posts"}],"about":[{"href":"https:\/\/ppdegalicia.com\/es\/wp-json\/wp\/v2\/types\/post"}],"author":[{"embeddable":true,"href":"https:\/\/ppdegalicia.com\/es\/wp-json\/wp\/v2\/users\/37"}],"replies":[{"embeddable":true,"href":"https:\/\/ppdegalicia.com\/es\/wp-json\/wp\/v2\/comments?post=64854"}],"version-history":[{"count":1,"href":"https:\/\/ppdegalicia.com\/es\/wp-json\/wp\/v2\/posts\/64854\/revisions"}],"predecessor-version":[{"id":64855,"href":"https:\/\/ppdegalicia.com\/es\/wp-json\/wp\/v2\/posts\/64854\/revisions\/64855"}],"wp:featuredmedia":[{"embeddable":true,"href":"https:\/\/ppdegalicia.com\/es\/wp-json\/wp\/v2\/media\/64856"}],"wp:attachment":[{"href":"https:\/\/ppdegalicia.com\/es\/wp-json\/wp\/v2\/media?parent=64854"}],"wp:term":[{"taxonomy":"category","embeddable":true,"href":"https:\/\/ppdegalicia.com\/es\/wp-json\/wp\/v2\/categories?post=64854"},{"taxonomy":"post_tag","embeddable":true,"href":"https:\/\/ppdegalicia.com\/es\/wp-json\/wp\/v2\/tags?post=64854"}],"curies":[{"name":"wp","href":"https:\/\/api.w.org\/{rel}","templated":true}]}}