{"id":64858,"date":"2024-11-05T19:09:46","date_gmt":"2024-11-05T18:09:46","guid":{"rendered":"https:\/\/ppdegalicia.com\/?p=64858"},"modified":"2024-12-04T12:08:00","modified_gmt":"2024-12-04T11:08:00","slug":"o-grupo-popular-critica-que-a-fegamp-estea-a-dilatar-o-proceso-de-integracion-das-unidades-municipais-de-drogodependencias-no-sergas","status":"publish","type":"post","link":"https:\/\/ppdegalicia.com\/es\/o-grupo-popular-critica-que-a-fegamp-estea-a-dilatar-o-proceso-de-integracion-das-unidades-municipais-de-drogodependencias-no-sergas\/","title":{"rendered":"O Grupo Popular critica que a Fegamp estea a dilatar o proceso de integraci\u00f3n das unidades municipais de drogodependencias no Sergas"},"content":{"rendered":"<p>A portavoz de Sanidade do Grupo Popular, Encarna Amigo, criticou hoxe no Pleno do Parlamento galego que a Federaci\u00f3n Galega de Municipios e Provincias (Fegamp) estea a dilatar o proceso para a integraci\u00f3n no Servizo Galego de Sa\u00fade das unidades asistenciais de atenci\u00f3n \u00e1 drogodependencia xestionadas polos concellos. Neste sentido, avogou por intensificar o traballo da comisi\u00f3n mixta creada para levar adiante este proceso, de xeito que se materialice ao longo desde ano 2024 a plena integraci\u00f3n org\u00e1nica e funcional destes servizos.<\/p>\n<p>Encarna Amigo explicou que en Galicia existen 13 unidades asistenciais de drogodependencias de titularidade municipal, situadas nos concellos de Burela, Cangas, Carballo, Monforte, Noia, O Grove, O Porri\u00f1o, Ourense, Pontevedra, Ribeira, Santiago de Compostela, Vigo e Vilagarc\u00eda.<\/p>\n<p><strong>M\u00c1IS DE 4 MILL\u00d3NS DE EUROS PARA O FINANCIAMENTO<\/strong><\/p>\n<p>\u201cA Xunta traballa no obxectivo de facer efectivo o traspaso destas unidades no menor tempo posible e cumprir a folla de ruta acordada no seo da comisi\u00f3n mixta de traspaso, integrada por representantes da Administraci\u00f3n auton\u00f3mica e municipal\u201d, sinalou a portavoz popular, quen afirmou que para iso \u201cresulta imprescindible que se cumpran os prazos establecidos e se poidan constitu\u00edr as ponencias t\u00e9cnicas especializadas no seo da comisi\u00f3n\u201d.<\/p>\n<p>Respecto do financiamento destes servizos, Encarna Amigo subli\u00f1ou que a Xunta l\u00e9vao facendo desde o ano 2014 e nos orzamentos para 2025 figura unha partida de m\u00e1is de catro mill\u00f3ns de euros para o financiamento destas unidades de adicci\u00f3ns e drogodependencias.<\/p>\n<p>Ademais, Amigo dixo que \u201co Sergas est\u00e1 a reemprazar as xubilaci\u00f3ns e vacantes dos profesionais destas unidades con persoal propio, polo que tam\u00e9n est\u00e1 financiando desta maneira o seu correcto funcionamento, a pesar das dificultades que existen para atopar e contratar profesionais\u201d.<\/p>\n<p>&nbsp;<\/p>\n","protected":false},"excerpt":{"rendered":"<p>A portavoz de Sanidade do Grupo Popular, Encarna Amigo, criticou hoxe no Pleno do Parlamento galego que a Federaci\u00f3n Galega de Municipios e Provincias (Fegamp) estea a dilatar o proceso para a integraci\u00f3n no Servizo Galego de Sa\u00fade das unidades asistenciais de atenci\u00f3n \u00e1 drogodependencia xestionadas polos concellos. Neste sentido, avogou por intensificar o traballo [&hellip;]<\/p>\n","protected":false},"author":37,"featured_media":64860,"comment_status":"closed","ping_status":"open","sticky":false,"template":"","format":"standard","meta":{"_acf_changed":false,"footnotes":""},"categories":[1128],"tags":[],"class_list":["post-64858","post","type-post","status-publish","format-standard","has-post-thumbnail","hentry","category-actualidad-parlamento-de-galicia"],"acf":[],"yoast_head":"<!-- This site is optimized with the Yoast SEO plugin v27.3 - https:\/\/yoast.com\/product\/yoast-seo-wordpress\/ -->\n<title>O Grupo Popular critica que a Fegamp estea a dilatar o proceso de integraci\u00f3n das unidades municipais de drogodependencias no Sergas - PP de Galicia<\/title>\n<meta name=\"robots\" content=\"index, follow, max-snippet:-1, max-image-preview:large, max-video-preview:-1\" \/>\n<link rel=\"canonical\" href=\"https:\/\/ppdegalicia.com\/es\/o-grupo-popular-critica-que-a-fegamp-estea-a-dilatar-o-proceso-de-integracion-das-unidades-municipais-de-drogodependencias-no-sergas\/\" \/>\n<meta property=\"og:locale\" content=\"es_ES\" \/>\n<meta property=\"og:type\" content=\"article\" \/>\n<meta property=\"og:title\" content=\"O Grupo Popular critica que a Fegamp estea a dilatar o proceso de integraci\u00f3n das unidades municipais de drogodependencias no Sergas - PP de Galicia\" \/>\n<meta property=\"og:description\" content=\"A portavoz de Sanidade do Grupo Popular, Encarna Amigo, criticou hoxe no Pleno do Parlamento galego que a Federaci\u00f3n Galega de Municipios e Provincias (Fegamp) estea a dilatar o proceso para a integraci\u00f3n no Servizo Galego de Sa\u00fade das unidades asistenciais de atenci\u00f3n \u00e1 drogodependencia xestionadas polos concellos. Neste sentido, avogou por intensificar o traballo [&hellip;]\" \/>\n<meta property=\"og:url\" content=\"https:\/\/ppdegalicia.com\/es\/o-grupo-popular-critica-que-a-fegamp-estea-a-dilatar-o-proceso-de-integracion-das-unidades-municipais-de-drogodependencias-no-sergas\/\" \/>\n<meta property=\"og:site_name\" content=\"PP de Galicia\" \/>\n<meta property=\"article:publisher\" content=\"https:\/\/www.instagram.com\/ppdegalicia\/\" \/>\n<meta property=\"article:published_time\" content=\"2024-11-05T18:09:46+00:00\" \/>\n<meta property=\"article:modified_time\" content=\"2024-12-04T11:08:00+00:00\" \/>\n<meta property=\"og:image\" content=\"https:\/\/ppdegalicia.com\/wp-content\/uploads\/2024\/11\/20241105_Pleno_Ordinario36-1-1536x1024-1.jpg\" \/>\n\t<meta property=\"og:image:width\" content=\"1536\" \/>\n\t<meta property=\"og:image:height\" content=\"1024\" \/>\n\t<meta property=\"og:image:type\" content=\"image\/jpeg\" \/>\n<meta name=\"author\" content=\"Super User\" \/>\n<meta name=\"twitter:card\" content=\"summary_large_image\" \/>\n<meta name=\"twitter:creator\" content=\"@ppdegalicia\" \/>\n<meta name=\"twitter:site\" content=\"@ppdegalicia\" \/>\n<meta name=\"twitter:label1\" content=\"Escrito por\" \/>\n\t<meta name=\"twitter:data1\" content=\"Super User\" \/>\n\t<meta name=\"twitter:label2\" content=\"Tiempo de lectura\" \/>\n\t<meta name=\"twitter:data2\" content=\"2 minutos\" \/>\n<script type=\"application\/ld+json\" class=\"yoast-schema-graph\">{\"@context\":\"https:\\\/\\\/schema.org\",\"@graph\":[{\"@type\":\"Article\",\"@id\":\"https:\\\/\\\/ppdegalicia.com\\\/es\\\/o-grupo-popular-critica-que-a-fegamp-estea-a-dilatar-o-proceso-de-integracion-das-unidades-municipais-de-drogodependencias-no-sergas\\\/#article\",\"isPartOf\":{\"@id\":\"https:\\\/\\\/ppdegalicia.com\\\/es\\\/o-grupo-popular-critica-que-a-fegamp-estea-a-dilatar-o-proceso-de-integracion-das-unidades-municipais-de-drogodependencias-no-sergas\\\/\"},\"author\":{\"name\":\"Super User\",\"@id\":\"https:\\\/\\\/ppdegalicia.com\\\/es\\\/#\\\/schema\\\/person\\\/d0f013b8388c980665d44009ab762960\"},\"headline\":\"O Grupo Popular critica que a Fegamp estea a dilatar o proceso de integraci\u00f3n das unidades municipais de drogodependencias no Sergas\",\"datePublished\":\"2024-11-05T18:09:46+00:00\",\"dateModified\":\"2024-12-04T11:08:00+00:00\",\"mainEntityOfPage\":{\"@id\":\"https:\\\/\\\/ppdegalicia.com\\\/es\\\/o-grupo-popular-critica-que-a-fegamp-estea-a-dilatar-o-proceso-de-integracion-das-unidades-municipais-de-drogodependencias-no-sergas\\\/\"},\"wordCount\":319,\"publisher\":{\"@id\":\"https:\\\/\\\/ppdegalicia.com\\\/es\\\/#organization\"},\"image\":{\"@id\":\"https:\\\/\\\/ppdegalicia.com\\\/es\\\/o-grupo-popular-critica-que-a-fegamp-estea-a-dilatar-o-proceso-de-integracion-das-unidades-municipais-de-drogodependencias-no-sergas\\\/#primaryimage\"},\"thumbnailUrl\":\"https:\\\/\\\/ppdegalicia.com\\\/wp-content\\\/uploads\\\/2024\\\/11\\\/20241105_Pleno_Ordinario36-1-1536x1024-1.jpg\",\"articleSection\":[\"Parlamento de Galicia\"],\"inLanguage\":\"es\"},{\"@type\":\"WebPage\",\"@id\":\"https:\\\/\\\/ppdegalicia.com\\\/es\\\/o-grupo-popular-critica-que-a-fegamp-estea-a-dilatar-o-proceso-de-integracion-das-unidades-municipais-de-drogodependencias-no-sergas\\\/\",\"url\":\"https:\\\/\\\/ppdegalicia.com\\\/es\\\/o-grupo-popular-critica-que-a-fegamp-estea-a-dilatar-o-proceso-de-integracion-das-unidades-municipais-de-drogodependencias-no-sergas\\\/\",\"name\":\"O Grupo Popular critica que a Fegamp estea a dilatar o proceso de integraci\u00f3n das unidades municipais de drogodependencias no Sergas - PP de Galicia\",\"isPartOf\":{\"@id\":\"https:\\\/\\\/ppdegalicia.com\\\/es\\\/#website\"},\"primaryImageOfPage\":{\"@id\":\"https:\\\/\\\/ppdegalicia.com\\\/es\\\/o-grupo-popular-critica-que-a-fegamp-estea-a-dilatar-o-proceso-de-integracion-das-unidades-municipais-de-drogodependencias-no-sergas\\\/#primaryimage\"},\"image\":{\"@id\":\"https:\\\/\\\/ppdegalicia.com\\\/es\\\/o-grupo-popular-critica-que-a-fegamp-estea-a-dilatar-o-proceso-de-integracion-das-unidades-municipais-de-drogodependencias-no-sergas\\\/#primaryimage\"},\"thumbnailUrl\":\"https:\\\/\\\/ppdegalicia.com\\\/wp-content\\\/uploads\\\/2024\\\/11\\\/20241105_Pleno_Ordinario36-1-1536x1024-1.jpg\",\"datePublished\":\"2024-11-05T18:09:46+00:00\",\"dateModified\":\"2024-12-04T11:08:00+00:00\",\"breadcrumb\":{\"@id\":\"https:\\\/\\\/ppdegalicia.com\\\/es\\\/o-grupo-popular-critica-que-a-fegamp-estea-a-dilatar-o-proceso-de-integracion-das-unidades-municipais-de-drogodependencias-no-sergas\\\/#breadcrumb\"},\"inLanguage\":\"es\",\"potentialAction\":[{\"@type\":\"ReadAction\",\"target\":[\"https:\\\/\\\/ppdegalicia.com\\\/es\\\/o-grupo-popular-critica-que-a-fegamp-estea-a-dilatar-o-proceso-de-integracion-das-unidades-municipais-de-drogodependencias-no-sergas\\\/\"]}]},{\"@type\":\"ImageObject\",\"inLanguage\":\"es\",\"@id\":\"https:\\\/\\\/ppdegalicia.com\\\/es\\\/o-grupo-popular-critica-que-a-fegamp-estea-a-dilatar-o-proceso-de-integracion-das-unidades-municipais-de-drogodependencias-no-sergas\\\/#primaryimage\",\"url\":\"https:\\\/\\\/ppdegalicia.com\\\/wp-content\\\/uploads\\\/2024\\\/11\\\/20241105_Pleno_Ordinario36-1-1536x1024-1.jpg\",\"contentUrl\":\"https:\\\/\\\/ppdegalicia.com\\\/wp-content\\\/uploads\\\/2024\\\/11\\\/20241105_Pleno_Ordinario36-1-1536x1024-1.jpg\",\"width\":1536,\"height\":1024},{\"@type\":\"BreadcrumbList\",\"@id\":\"https:\\\/\\\/ppdegalicia.com\\\/es\\\/o-grupo-popular-critica-que-a-fegamp-estea-a-dilatar-o-proceso-de-integracion-das-unidades-municipais-de-drogodependencias-no-sergas\\\/#breadcrumb\",\"itemListElement\":[{\"@type\":\"ListItem\",\"position\":1,\"name\":\"Portada\",\"item\":\"https:\\\/\\\/ppdegalicia.com\\\/es\\\/\"},{\"@type\":\"ListItem\",\"position\":2,\"name\":\"O Grupo Popular critica que a Fegamp estea a dilatar o proceso de integraci\u00f3n das unidades municipais de drogodependencias no Sergas\"}]},{\"@type\":\"WebSite\",\"@id\":\"https:\\\/\\\/ppdegalicia.com\\\/es\\\/#website\",\"url\":\"https:\\\/\\\/ppdegalicia.com\\\/es\\\/\",\"name\":\"Partido Popular de Galicia\",\"description\":\"Partido Popular de Galicia\",\"publisher\":{\"@id\":\"https:\\\/\\\/ppdegalicia.com\\\/es\\\/#organization\"},\"alternateName\":\"PP de Galicia\",\"potentialAction\":[{\"@type\":\"SearchAction\",\"target\":{\"@type\":\"EntryPoint\",\"urlTemplate\":\"https:\\\/\\\/ppdegalicia.com\\\/es\\\/?s={search_term_string}\"},\"query-input\":{\"@type\":\"PropertyValueSpecification\",\"valueRequired\":true,\"valueName\":\"search_term_string\"}}],\"inLanguage\":\"es\"},{\"@type\":\"Organization\",\"@id\":\"https:\\\/\\\/ppdegalicia.com\\\/es\\\/#organization\",\"name\":\"Partido Popular de Galicia\",\"alternateName\":\"PP de Galicia\",\"url\":\"https:\\\/\\\/ppdegalicia.com\\\/es\\\/\",\"logo\":{\"@type\":\"ImageObject\",\"inLanguage\":\"es\",\"@id\":\"https:\\\/\\\/ppdegalicia.com\\\/es\\\/#\\\/schema\\\/logo\\\/image\\\/\",\"url\":\"https:\\\/\\\/ppdegalicia.com\\\/wp-content\\\/uploads\\\/2023\\\/04\\\/logoPP512.png\",\"contentUrl\":\"https:\\\/\\\/ppdegalicia.com\\\/wp-content\\\/uploads\\\/2023\\\/04\\\/logoPP512.png\",\"width\":512,\"height\":512,\"caption\":\"Partido Popular de Galicia\"},\"image\":{\"@id\":\"https:\\\/\\\/ppdegalicia.com\\\/es\\\/#\\\/schema\\\/logo\\\/image\\\/\"},\"sameAs\":[\"https:\\\/\\\/www.instagram.com\\\/ppdegalicia\\\/\",\"https:\\\/\\\/x.com\\\/ppdegalicia\",\"https:\\\/\\\/www.tiktok.com\\\/@ppdegalicia\",\"https:\\\/\\\/www.youtube.com\\\/user\\\/ppdegalicia\"]},{\"@type\":\"Person\",\"@id\":\"https:\\\/\\\/ppdegalicia.com\\\/es\\\/#\\\/schema\\\/person\\\/d0f013b8388c980665d44009ab762960\",\"name\":\"Super User\",\"image\":{\"@type\":\"ImageObject\",\"inLanguage\":\"es\",\"@id\":\"https:\\\/\\\/secure.gravatar.com\\\/avatar\\\/1db852625ef4948f58d2739bfbc51e4b9bd5c93b8fa340b59fdb594ca0845645?s=96&d=mm&r=g\",\"url\":\"https:\\\/\\\/secure.gravatar.com\\\/avatar\\\/1db852625ef4948f58d2739bfbc51e4b9bd5c93b8fa340b59fdb594ca0845645?s=96&d=mm&r=g\",\"contentUrl\":\"https:\\\/\\\/secure.gravatar.com\\\/avatar\\\/1db852625ef4948f58d2739bfbc51e4b9bd5c93b8fa340b59fdb594ca0845645?s=96&d=mm&r=g\",\"caption\":\"Super User\"},\"url\":\"https:\\\/\\\/ppdegalicia.com\\\/es\\\/author\\\/ppdegaliciagestion\\\/\"}]}<\/script>\n<!-- \/ Yoast SEO plugin. -->","yoast_head_json":{"title":"O Grupo Popular critica que a Fegamp estea a dilatar o proceso de integraci\u00f3n das unidades municipais de drogodependencias no Sergas - PP de Galicia","robots":{"index":"index","follow":"follow","max-snippet":"max-snippet:-1","max-image-preview":"max-image-preview:large","max-video-preview":"max-video-preview:-1"},"canonical":"https:\/\/ppdegalicia.com\/es\/o-grupo-popular-critica-que-a-fegamp-estea-a-dilatar-o-proceso-de-integracion-das-unidades-municipais-de-drogodependencias-no-sergas\/","og_locale":"es_ES","og_type":"article","og_title":"O Grupo Popular critica que a Fegamp estea a dilatar o proceso de integraci\u00f3n das unidades municipais de drogodependencias no Sergas - PP de Galicia","og_description":"A portavoz de Sanidade do Grupo Popular, Encarna Amigo, criticou hoxe no Pleno do Parlamento galego que a Federaci\u00f3n Galega de Municipios e Provincias (Fegamp) estea a dilatar o proceso para a integraci\u00f3n no Servizo Galego de Sa\u00fade das unidades asistenciais de atenci\u00f3n \u00e1 drogodependencia xestionadas polos concellos. Neste sentido, avogou por intensificar o traballo [&hellip;]","og_url":"https:\/\/ppdegalicia.com\/es\/o-grupo-popular-critica-que-a-fegamp-estea-a-dilatar-o-proceso-de-integracion-das-unidades-municipais-de-drogodependencias-no-sergas\/","og_site_name":"PP de Galicia","article_publisher":"https:\/\/www.instagram.com\/ppdegalicia\/","article_published_time":"2024-11-05T18:09:46+00:00","article_modified_time":"2024-12-04T11:08:00+00:00","og_image":[{"width":1536,"height":1024,"url":"https:\/\/ppdegalicia.com\/wp-content\/uploads\/2024\/11\/20241105_Pleno_Ordinario36-1-1536x1024-1.jpg","type":"image\/jpeg"}],"author":"Super User","twitter_card":"summary_large_image","twitter_creator":"@ppdegalicia","twitter_site":"@ppdegalicia","twitter_misc":{"Escrito por":"Super User","Tiempo de lectura":"2 minutos"},"schema":{"@context":"https:\/\/schema.org","@graph":[{"@type":"Article","@id":"https:\/\/ppdegalicia.com\/es\/o-grupo-popular-critica-que-a-fegamp-estea-a-dilatar-o-proceso-de-integracion-das-unidades-municipais-de-drogodependencias-no-sergas\/#article","isPartOf":{"@id":"https:\/\/ppdegalicia.com\/es\/o-grupo-popular-critica-que-a-fegamp-estea-a-dilatar-o-proceso-de-integracion-das-unidades-municipais-de-drogodependencias-no-sergas\/"},"author":{"name":"Super User","@id":"https:\/\/ppdegalicia.com\/es\/#\/schema\/person\/d0f013b8388c980665d44009ab762960"},"headline":"O Grupo Popular critica que a Fegamp estea a dilatar o proceso de integraci\u00f3n das unidades municipais de drogodependencias no Sergas","datePublished":"2024-11-05T18:09:46+00:00","dateModified":"2024-12-04T11:08:00+00:00","mainEntityOfPage":{"@id":"https:\/\/ppdegalicia.com\/es\/o-grupo-popular-critica-que-a-fegamp-estea-a-dilatar-o-proceso-de-integracion-das-unidades-municipais-de-drogodependencias-no-sergas\/"},"wordCount":319,"publisher":{"@id":"https:\/\/ppdegalicia.com\/es\/#organization"},"image":{"@id":"https:\/\/ppdegalicia.com\/es\/o-grupo-popular-critica-que-a-fegamp-estea-a-dilatar-o-proceso-de-integracion-das-unidades-municipais-de-drogodependencias-no-sergas\/#primaryimage"},"thumbnailUrl":"https:\/\/ppdegalicia.com\/wp-content\/uploads\/2024\/11\/20241105_Pleno_Ordinario36-1-1536x1024-1.jpg","articleSection":["Parlamento de Galicia"],"inLanguage":"es"},{"@type":"WebPage","@id":"https:\/\/ppdegalicia.com\/es\/o-grupo-popular-critica-que-a-fegamp-estea-a-dilatar-o-proceso-de-integracion-das-unidades-municipais-de-drogodependencias-no-sergas\/","url":"https:\/\/ppdegalicia.com\/es\/o-grupo-popular-critica-que-a-fegamp-estea-a-dilatar-o-proceso-de-integracion-das-unidades-municipais-de-drogodependencias-no-sergas\/","name":"O Grupo Popular critica que a Fegamp estea a dilatar o proceso de integraci\u00f3n das unidades municipais de drogodependencias no Sergas - PP de Galicia","isPartOf":{"@id":"https:\/\/ppdegalicia.com\/es\/#website"},"primaryImageOfPage":{"@id":"https:\/\/ppdegalicia.com\/es\/o-grupo-popular-critica-que-a-fegamp-estea-a-dilatar-o-proceso-de-integracion-das-unidades-municipais-de-drogodependencias-no-sergas\/#primaryimage"},"image":{"@id":"https:\/\/ppdegalicia.com\/es\/o-grupo-popular-critica-que-a-fegamp-estea-a-dilatar-o-proceso-de-integracion-das-unidades-municipais-de-drogodependencias-no-sergas\/#primaryimage"},"thumbnailUrl":"https:\/\/ppdegalicia.com\/wp-content\/uploads\/2024\/11\/20241105_Pleno_Ordinario36-1-1536x1024-1.jpg","datePublished":"2024-11-05T18:09:46+00:00","dateModified":"2024-12-04T11:08:00+00:00","breadcrumb":{"@id":"https:\/\/ppdegalicia.com\/es\/o-grupo-popular-critica-que-a-fegamp-estea-a-dilatar-o-proceso-de-integracion-das-unidades-municipais-de-drogodependencias-no-sergas\/#breadcrumb"},"inLanguage":"es","potentialAction":[{"@type":"ReadAction","target":["https:\/\/ppdegalicia.com\/es\/o-grupo-popular-critica-que-a-fegamp-estea-a-dilatar-o-proceso-de-integracion-das-unidades-municipais-de-drogodependencias-no-sergas\/"]}]},{"@type":"ImageObject","inLanguage":"es","@id":"https:\/\/ppdegalicia.com\/es\/o-grupo-popular-critica-que-a-fegamp-estea-a-dilatar-o-proceso-de-integracion-das-unidades-municipais-de-drogodependencias-no-sergas\/#primaryimage","url":"https:\/\/ppdegalicia.com\/wp-content\/uploads\/2024\/11\/20241105_Pleno_Ordinario36-1-1536x1024-1.jpg","contentUrl":"https:\/\/ppdegalicia.com\/wp-content\/uploads\/2024\/11\/20241105_Pleno_Ordinario36-1-1536x1024-1.jpg","width":1536,"height":1024},{"@type":"BreadcrumbList","@id":"https:\/\/ppdegalicia.com\/es\/o-grupo-popular-critica-que-a-fegamp-estea-a-dilatar-o-proceso-de-integracion-das-unidades-municipais-de-drogodependencias-no-sergas\/#breadcrumb","itemListElement":[{"@type":"ListItem","position":1,"name":"Portada","item":"https:\/\/ppdegalicia.com\/es\/"},{"@type":"ListItem","position":2,"name":"O Grupo Popular critica que a Fegamp estea a dilatar o proceso de integraci\u00f3n das unidades municipais de drogodependencias no Sergas"}]},{"@type":"WebSite","@id":"https:\/\/ppdegalicia.com\/es\/#website","url":"https:\/\/ppdegalicia.com\/es\/","name":"Partido Popular de Galicia","description":"Partido Popular de Galicia","publisher":{"@id":"https:\/\/ppdegalicia.com\/es\/#organization"},"alternateName":"PP de Galicia","potentialAction":[{"@type":"SearchAction","target":{"@type":"EntryPoint","urlTemplate":"https:\/\/ppdegalicia.com\/es\/?s={search_term_string}"},"query-input":{"@type":"PropertyValueSpecification","valueRequired":true,"valueName":"search_term_string"}}],"inLanguage":"es"},{"@type":"Organization","@id":"https:\/\/ppdegalicia.com\/es\/#organization","name":"Partido Popular de Galicia","alternateName":"PP de Galicia","url":"https:\/\/ppdegalicia.com\/es\/","logo":{"@type":"ImageObject","inLanguage":"es","@id":"https:\/\/ppdegalicia.com\/es\/#\/schema\/logo\/image\/","url":"https:\/\/ppdegalicia.com\/wp-content\/uploads\/2023\/04\/logoPP512.png","contentUrl":"https:\/\/ppdegalicia.com\/wp-content\/uploads\/2023\/04\/logoPP512.png","width":512,"height":512,"caption":"Partido Popular de Galicia"},"image":{"@id":"https:\/\/ppdegalicia.com\/es\/#\/schema\/logo\/image\/"},"sameAs":["https:\/\/www.instagram.com\/ppdegalicia\/","https:\/\/x.com\/ppdegalicia","https:\/\/www.tiktok.com\/@ppdegalicia","https:\/\/www.youtube.com\/user\/ppdegalicia"]},{"@type":"Person","@id":"https:\/\/ppdegalicia.com\/es\/#\/schema\/person\/d0f013b8388c980665d44009ab762960","name":"Super User","image":{"@type":"ImageObject","inLanguage":"es","@id":"https:\/\/secure.gravatar.com\/avatar\/1db852625ef4948f58d2739bfbc51e4b9bd5c93b8fa340b59fdb594ca0845645?s=96&d=mm&r=g","url":"https:\/\/secure.gravatar.com\/avatar\/1db852625ef4948f58d2739bfbc51e4b9bd5c93b8fa340b59fdb594ca0845645?s=96&d=mm&r=g","contentUrl":"https:\/\/secure.gravatar.com\/avatar\/1db852625ef4948f58d2739bfbc51e4b9bd5c93b8fa340b59fdb594ca0845645?s=96&d=mm&r=g","caption":"Super User"},"url":"https:\/\/ppdegalicia.com\/es\/author\/ppdegaliciagestion\/"}]}},"_links":{"self":[{"href":"https:\/\/ppdegalicia.com\/es\/wp-json\/wp\/v2\/posts\/64858","targetHints":{"allow":["GET"]}}],"collection":[{"href":"https:\/\/ppdegalicia.com\/es\/wp-json\/wp\/v2\/posts"}],"about":[{"href":"https:\/\/ppdegalicia.com\/es\/wp-json\/wp\/v2\/types\/post"}],"author":[{"embeddable":true,"href":"https:\/\/ppdegalicia.com\/es\/wp-json\/wp\/v2\/users\/37"}],"replies":[{"embeddable":true,"href":"https:\/\/ppdegalicia.com\/es\/wp-json\/wp\/v2\/comments?post=64858"}],"version-history":[{"count":1,"href":"https:\/\/ppdegalicia.com\/es\/wp-json\/wp\/v2\/posts\/64858\/revisions"}],"predecessor-version":[{"id":64859,"href":"https:\/\/ppdegalicia.com\/es\/wp-json\/wp\/v2\/posts\/64858\/revisions\/64859"}],"wp:featuredmedia":[{"embeddable":true,"href":"https:\/\/ppdegalicia.com\/es\/wp-json\/wp\/v2\/media\/64860"}],"wp:attachment":[{"href":"https:\/\/ppdegalicia.com\/es\/wp-json\/wp\/v2\/media?parent=64858"}],"wp:term":[{"taxonomy":"category","embeddable":true,"href":"https:\/\/ppdegalicia.com\/es\/wp-json\/wp\/v2\/categories?post=64858"},{"taxonomy":"post_tag","embeddable":true,"href":"https:\/\/ppdegalicia.com\/es\/wp-json\/wp\/v2\/tags?post=64858"}],"curies":[{"name":"wp","href":"https:\/\/api.w.org\/{rel}","templated":true}]}}