{"id":64879,"date":"2024-11-07T13:31:49","date_gmt":"2024-11-07T12:31:49","guid":{"rendered":"https:\/\/ppdegalicia.com\/?p=64879"},"modified":"2024-12-04T12:17:41","modified_gmt":"2024-12-04T11:17:41","slug":"o-ppdeg-reclama-a-yolanda-diaz-que-explique-o-caso-errejon-e-tena-a-valentia-de-dimitir-no-caso-de-que-ela-ou-alguen-mais-colaborase-en-encubrir-estes-feitos","status":"publish","type":"post","link":"https:\/\/ppdegalicia.com\/es\/o-ppdeg-reclama-a-yolanda-diaz-que-explique-o-caso-errejon-e-tena-a-valentia-de-dimitir-no-caso-de-que-ela-ou-alguen-mais-colaborase-en-encubrir-estes-feitos\/","title":{"rendered":"O PPdeG reclama a Yolanda D\u00edaz que explique o \u2018caso Errej\u00f3n\u2019 e \u201cte\u00f1a a valent\u00eda de dimitir\u201d no caso de que ela ou algu\u00e9n m\u00e1is colaborase en encubrir estes feitos"},"content":{"rendered":"<p>O Partido Popular de Galicia reclama \u00e1 galega Yolanda D\u00edaz que dea \u201ctodo tipo de explicaci\u00f3ns\u201d polo esc\u00e1ndalo protagonizado por \u00cd\u00f1igo Errej\u00f3n e que, dada a gravidade do acontecido, \u201cte\u00f1a a valent\u00eda de dimitir no caso de que ela ou algu\u00e9n m\u00e1is colaborase en encubrir estes feitos\u201d.<\/p>\n<p>Nunha rolda de prensa celebrada esta ma\u00f1\u00e1 na sede auton\u00f3mica do partido, a secretaria xeral Paula Prado amosouse moi cr\u00edtica ante o feito de que, precisamente no mes no que se conmemora o D\u00eda Internacional contra a violencia de x\u00e9nero, \u201cos primeiros que ti\u00f1an que dar exemplo est\u00e1n \u00e1 cola dos xulgados para comparecer como investigados por agresi\u00f3n sexual\u201d.<\/p>\n<p>Censurou neste sentido que \u201cos partidos que tiveron a intenci\u00f3n de capitalizar o feminismo e a loita pola igualdade chegaron para cambialo todo e revolucionar a igualdade, pero o \u00fanico que fixeron foi empeoralo todo e crear un monstro como a Lei do \u2018s\u00f3 si \u00e9 si\u2019, que, coa complicidade dun BNG que segue apoi\u00e1ndoa, beneficiou a m\u00e1is de 1.400 agresores sexuais\u201d.<\/p>\n<p>A n\u00famero dous dos populares galegos trasladou a repulsa do seu partido \u201cante as verdadeiras raz\u00f3ns que levaron a \u00cd\u00f1igo Errej\u00f3n a presentar a s\u00faa dimisi\u00f3n\u201d e lamentou que ningu\u00e9n fixera nada ante o que era \u201cun segredo a voces en todos os \u00e1mbitos da esquerda\u201d.<\/p>\n<p>\u201cUn segredo a voces que co\u00f1ec\u00edan a vicepresidenta do Goberno, Yolanda D\u00edaz, a ministra de Sanidade, M\u00f3nica Garc\u00eda, e quen sabe se a nova voceira, a galega Ver\u00f3nica Mart\u00ednez\u201d, explicou ao tempo que preguntaba como Errej\u00f3n puido chegar a ir nas listas e a ser premiado coa Portavoc\u00eda do seu Grupo Parlamentario cando as s\u00faas compa\u00f1eiras de partido \u201co sab\u00edan, o taparon e o consentiron\u201d.<\/p>\n<p>\u201cChove sobre mollado\u201d, engadiu recordando que, no seu pasado pol\u00edtico en Esquerda Unida, Yolanda D\u00edaz \u201cxa encubriu a un asesor ped\u00f3filo e purgou a quen o denunciou\u201d. Un asunto que se saldou, ademais, cun arresto por parte da Polic\u00eda Nacional no Parlamento de Galicia.<\/p>\n<p>Para Paula Prado esta \u00e9 \u201cunha nova mostra do feminismo hip\u00f3crita do Goberno central, desde Pedro S\u00e1nchez con \u00c1balos e o Tito Berni ata Yolanda D\u00edaz con Errej\u00f3n\u201d e afirmou entender que, ante feitos como estes, \u201ccada vez m\u00e1is mulleres se sintan absolutamente defraudadas con estes pol\u00edticos e con este tipo de pol\u00edtica\u201d.<\/p>\n<p>\u201cO Goberno central que empezou cun pacto de perdedores, contin\u00faa agora cun pacto de encubridores. O Goberno central que dixo ser un exemplo para a democracia, ten unha gran sombra de corrupci\u00f3n que vai acabar escurecendo todo o seu mandato. O Goberno central que quer\u00eda abandeirar a loita contra a violencia de x\u00e9nero, acabou cun imputado por agresi\u00f3n sexual o mesmo mes no que se conmemora esta loita\u201d, conclu\u00edu.<\/p>\n<p><strong><u>EXPERIENCIA EN BRASIL<\/u><\/strong><\/p>\n<p>En contraposici\u00f3n a isto, a secretaria xeral fixo unha contraposici\u00f3n e fixo un breve repaso \u00e1 s\u00faa experiencia en Brasil a semana pasada para participar no Encontro Internacional Equigov, no que deu unha conferencia sobre a participaci\u00f3n das mulleres na pol\u00edtica espa\u00f1ola e deixou claro que \u201ca loita pola igualdade real non \u00e9 patrimonio de ning\u00fan partido nin ideolox\u00eda, sen\u00f3n responsabilidade de todos\u201d.<\/p>\n<p>Durante a s\u00faa a viaxe tam\u00e9n tivo a ocasi\u00f3n de desfrutar dun cocido galego con m\u00e1is de 300 persoas en Santos e \u201csentir a forte irmandade que existe entre Galicia e Brasil\u201d, as\u00ed como de manter unha produtiva reuni\u00f3n co presidente da Assambleia de Santa Catarina para \u201cachegar culturas e crear alianzas de futuro\u201d.<\/p>\n<p><strong><u>SOLIDARIEDADE CO POBO VALENCIANO<\/u><\/strong><\/p>\n<p>Paula Prado tam\u00e9n se referiu \u00e1s tr\u00e1xicas consecuencias da DINA que asolou o leste de Espa\u00f1a e, no seu nome e no do PPdeG, quixo trasladar unha agarimosa mensaxe de forza \u00e1s familias das v\u00edtimas e a todos os afectados que fixo extensiva tam\u00e9n ao presidente Carlos Maz\u00f3n e ao secretario xeral do PP na Comunidade, Juanfran P\u00e9rez Llorca.<\/p>\n<p>Deu as\u00ed mesmo as grazas a todos os galegos e galegas e \u00e1s decenas de profesionais que est\u00e1n traballando sobre o terreo e aqueles que desde Galicia est\u00e1n demostrando a s\u00faa solidariedade: \u201cGalicia est\u00e1 con Valencia e desta imos sa\u00edr xuntos porque somos un gran pa\u00eds\u201d.<\/p>\n<p>&nbsp;<\/p>\n","protected":false},"excerpt":{"rendered":"<p>O Partido Popular de Galicia reclama \u00e1 galega Yolanda D\u00edaz que dea \u201ctodo tipo de explicaci\u00f3ns\u201d polo esc\u00e1ndalo protagonizado por \u00cd\u00f1igo Errej\u00f3n e que, dada a gravidade do acontecido, \u201cte\u00f1a a valent\u00eda de dimitir no caso de que ela ou algu\u00e9n m\u00e1is colaborase en encubrir estes feitos\u201d. Nunha rolda de prensa celebrada esta ma\u00f1\u00e1 na [&hellip;]<\/p>\n","protected":false},"author":37,"featured_media":64881,"comment_status":"closed","ping_status":"open","sticky":false,"template":"","format":"standard","meta":{"_acf_changed":false,"footnotes":""},"categories":[1],"tags":[],"class_list":["post-64879","post","type-post","status-publish","format-standard","has-post-thumbnail","hentry","category-pp-de-galicia"],"acf":[],"yoast_head":"<!-- This site is optimized with the Yoast SEO plugin v27.3 - https:\/\/yoast.com\/product\/yoast-seo-wordpress\/ -->\n<title>O PPdeG reclama a Yolanda D\u00edaz que explique o \u2018caso Errej\u00f3n\u2019 e \u201cte\u00f1a a valent\u00eda de dimitir\u201d no caso de que ela ou algu\u00e9n m\u00e1is colaborase en encubrir estes feitos - PP de Galicia<\/title>\n<meta name=\"robots\" content=\"index, follow, max-snippet:-1, max-image-preview:large, max-video-preview:-1\" \/>\n<link rel=\"canonical\" href=\"https:\/\/ppdegalicia.com\/es\/o-ppdeg-reclama-a-yolanda-diaz-que-explique-o-caso-errejon-e-tena-a-valentia-de-dimitir-no-caso-de-que-ela-ou-alguen-mais-colaborase-en-encubrir-estes-feitos\/\" \/>\n<meta property=\"og:locale\" content=\"es_ES\" \/>\n<meta property=\"og:type\" content=\"article\" \/>\n<meta property=\"og:title\" content=\"O PPdeG reclama a Yolanda D\u00edaz que explique o \u2018caso Errej\u00f3n\u2019 e \u201cte\u00f1a a valent\u00eda de dimitir\u201d no caso de que ela ou algu\u00e9n m\u00e1is colaborase en encubrir estes feitos - PP de Galicia\" \/>\n<meta property=\"og:description\" content=\"O Partido Popular de Galicia reclama \u00e1 galega Yolanda D\u00edaz que dea \u201ctodo tipo de explicaci\u00f3ns\u201d polo esc\u00e1ndalo protagonizado por \u00cd\u00f1igo Errej\u00f3n e que, dada a gravidade do acontecido, \u201cte\u00f1a a valent\u00eda de dimitir no caso de que ela ou algu\u00e9n m\u00e1is colaborase en encubrir estes feitos\u201d. Nunha rolda de prensa celebrada esta ma\u00f1\u00e1 na [&hellip;]\" \/>\n<meta property=\"og:url\" content=\"https:\/\/ppdegalicia.com\/es\/o-ppdeg-reclama-a-yolanda-diaz-que-explique-o-caso-errejon-e-tena-a-valentia-de-dimitir-no-caso-de-que-ela-ou-alguen-mais-colaborase-en-encubrir-estes-feitos\/\" \/>\n<meta property=\"og:site_name\" content=\"PP de Galicia\" \/>\n<meta property=\"article:publisher\" content=\"https:\/\/www.instagram.com\/ppdegalicia\/\" \/>\n<meta property=\"article:published_time\" content=\"2024-11-07T12:31:49+00:00\" \/>\n<meta property=\"article:modified_time\" content=\"2024-12-04T11:17:41+00:00\" \/>\n<meta property=\"og:image\" content=\"https:\/\/ppdegalicia.com\/wp-content\/uploads\/2024\/11\/20241107_PPrado_rdp_2-1536x1024-1.jpg\" \/>\n\t<meta property=\"og:image:width\" content=\"1536\" \/>\n\t<meta property=\"og:image:height\" content=\"1024\" \/>\n\t<meta property=\"og:image:type\" content=\"image\/jpeg\" \/>\n<meta name=\"author\" content=\"Super User\" \/>\n<meta name=\"twitter:card\" content=\"summary_large_image\" \/>\n<meta name=\"twitter:creator\" content=\"@ppdegalicia\" \/>\n<meta name=\"twitter:site\" content=\"@ppdegalicia\" \/>\n<meta name=\"twitter:label1\" content=\"Escrito por\" \/>\n\t<meta name=\"twitter:data1\" content=\"Super User\" \/>\n\t<meta name=\"twitter:label2\" content=\"Tiempo de lectura\" \/>\n\t<meta name=\"twitter:data2\" content=\"4 minutos\" \/>\n<script type=\"application\/ld+json\" class=\"yoast-schema-graph\">{\"@context\":\"https:\\\/\\\/schema.org\",\"@graph\":[{\"@type\":\"Article\",\"@id\":\"https:\\\/\\\/ppdegalicia.com\\\/es\\\/o-ppdeg-reclama-a-yolanda-diaz-que-explique-o-caso-errejon-e-tena-a-valentia-de-dimitir-no-caso-de-que-ela-ou-alguen-mais-colaborase-en-encubrir-estes-feitos\\\/#article\",\"isPartOf\":{\"@id\":\"https:\\\/\\\/ppdegalicia.com\\\/es\\\/o-ppdeg-reclama-a-yolanda-diaz-que-explique-o-caso-errejon-e-tena-a-valentia-de-dimitir-no-caso-de-que-ela-ou-alguen-mais-colaborase-en-encubrir-estes-feitos\\\/\"},\"author\":{\"name\":\"Super User\",\"@id\":\"https:\\\/\\\/ppdegalicia.com\\\/es\\\/#\\\/schema\\\/person\\\/d0f013b8388c980665d44009ab762960\"},\"headline\":\"O PPdeG reclama a Yolanda D\u00edaz que explique o \u2018caso Errej\u00f3n\u2019 e \u201cte\u00f1a a valent\u00eda de dimitir\u201d no caso de que ela ou algu\u00e9n m\u00e1is colaborase en encubrir estes feitos\",\"datePublished\":\"2024-11-07T12:31:49+00:00\",\"dateModified\":\"2024-12-04T11:17:41+00:00\",\"mainEntityOfPage\":{\"@id\":\"https:\\\/\\\/ppdegalicia.com\\\/es\\\/o-ppdeg-reclama-a-yolanda-diaz-que-explique-o-caso-errejon-e-tena-a-valentia-de-dimitir-no-caso-de-que-ela-ou-alguen-mais-colaborase-en-encubrir-estes-feitos\\\/\"},\"wordCount\":782,\"publisher\":{\"@id\":\"https:\\\/\\\/ppdegalicia.com\\\/es\\\/#organization\"},\"image\":{\"@id\":\"https:\\\/\\\/ppdegalicia.com\\\/es\\\/o-ppdeg-reclama-a-yolanda-diaz-que-explique-o-caso-errejon-e-tena-a-valentia-de-dimitir-no-caso-de-que-ela-ou-alguen-mais-colaborase-en-encubrir-estes-feitos\\\/#primaryimage\"},\"thumbnailUrl\":\"https:\\\/\\\/ppdegalicia.com\\\/wp-content\\\/uploads\\\/2024\\\/11\\\/20241107_PPrado_rdp_2-1536x1024-1.jpg\",\"articleSection\":[\"PP de Galicia\"],\"inLanguage\":\"es\"},{\"@type\":\"WebPage\",\"@id\":\"https:\\\/\\\/ppdegalicia.com\\\/es\\\/o-ppdeg-reclama-a-yolanda-diaz-que-explique-o-caso-errejon-e-tena-a-valentia-de-dimitir-no-caso-de-que-ela-ou-alguen-mais-colaborase-en-encubrir-estes-feitos\\\/\",\"url\":\"https:\\\/\\\/ppdegalicia.com\\\/es\\\/o-ppdeg-reclama-a-yolanda-diaz-que-explique-o-caso-errejon-e-tena-a-valentia-de-dimitir-no-caso-de-que-ela-ou-alguen-mais-colaborase-en-encubrir-estes-feitos\\\/\",\"name\":\"O PPdeG reclama a Yolanda D\u00edaz que explique o \u2018caso Errej\u00f3n\u2019 e \u201cte\u00f1a a valent\u00eda de dimitir\u201d no caso de que ela ou algu\u00e9n m\u00e1is colaborase en encubrir estes feitos - PP de Galicia\",\"isPartOf\":{\"@id\":\"https:\\\/\\\/ppdegalicia.com\\\/es\\\/#website\"},\"primaryImageOfPage\":{\"@id\":\"https:\\\/\\\/ppdegalicia.com\\\/es\\\/o-ppdeg-reclama-a-yolanda-diaz-que-explique-o-caso-errejon-e-tena-a-valentia-de-dimitir-no-caso-de-que-ela-ou-alguen-mais-colaborase-en-encubrir-estes-feitos\\\/#primaryimage\"},\"image\":{\"@id\":\"https:\\\/\\\/ppdegalicia.com\\\/es\\\/o-ppdeg-reclama-a-yolanda-diaz-que-explique-o-caso-errejon-e-tena-a-valentia-de-dimitir-no-caso-de-que-ela-ou-alguen-mais-colaborase-en-encubrir-estes-feitos\\\/#primaryimage\"},\"thumbnailUrl\":\"https:\\\/\\\/ppdegalicia.com\\\/wp-content\\\/uploads\\\/2024\\\/11\\\/20241107_PPrado_rdp_2-1536x1024-1.jpg\",\"datePublished\":\"2024-11-07T12:31:49+00:00\",\"dateModified\":\"2024-12-04T11:17:41+00:00\",\"breadcrumb\":{\"@id\":\"https:\\\/\\\/ppdegalicia.com\\\/es\\\/o-ppdeg-reclama-a-yolanda-diaz-que-explique-o-caso-errejon-e-tena-a-valentia-de-dimitir-no-caso-de-que-ela-ou-alguen-mais-colaborase-en-encubrir-estes-feitos\\\/#breadcrumb\"},\"inLanguage\":\"es\",\"potentialAction\":[{\"@type\":\"ReadAction\",\"target\":[\"https:\\\/\\\/ppdegalicia.com\\\/es\\\/o-ppdeg-reclama-a-yolanda-diaz-que-explique-o-caso-errejon-e-tena-a-valentia-de-dimitir-no-caso-de-que-ela-ou-alguen-mais-colaborase-en-encubrir-estes-feitos\\\/\"]}]},{\"@type\":\"ImageObject\",\"inLanguage\":\"es\",\"@id\":\"https:\\\/\\\/ppdegalicia.com\\\/es\\\/o-ppdeg-reclama-a-yolanda-diaz-que-explique-o-caso-errejon-e-tena-a-valentia-de-dimitir-no-caso-de-que-ela-ou-alguen-mais-colaborase-en-encubrir-estes-feitos\\\/#primaryimage\",\"url\":\"https:\\\/\\\/ppdegalicia.com\\\/wp-content\\\/uploads\\\/2024\\\/11\\\/20241107_PPrado_rdp_2-1536x1024-1.jpg\",\"contentUrl\":\"https:\\\/\\\/ppdegalicia.com\\\/wp-content\\\/uploads\\\/2024\\\/11\\\/20241107_PPrado_rdp_2-1536x1024-1.jpg\",\"width\":1536,\"height\":1024},{\"@type\":\"BreadcrumbList\",\"@id\":\"https:\\\/\\\/ppdegalicia.com\\\/es\\\/o-ppdeg-reclama-a-yolanda-diaz-que-explique-o-caso-errejon-e-tena-a-valentia-de-dimitir-no-caso-de-que-ela-ou-alguen-mais-colaborase-en-encubrir-estes-feitos\\\/#breadcrumb\",\"itemListElement\":[{\"@type\":\"ListItem\",\"position\":1,\"name\":\"Portada\",\"item\":\"https:\\\/\\\/ppdegalicia.com\\\/es\\\/\"},{\"@type\":\"ListItem\",\"position\":2,\"name\":\"O PPdeG reclama a Yolanda D\u00edaz que explique o \u2018caso Errej\u00f3n\u2019 e \u201cte\u00f1a a valent\u00eda de dimitir\u201d no caso de que ela ou algu\u00e9n m\u00e1is colaborase en encubrir estes feitos\"}]},{\"@type\":\"WebSite\",\"@id\":\"https:\\\/\\\/ppdegalicia.com\\\/es\\\/#website\",\"url\":\"https:\\\/\\\/ppdegalicia.com\\\/es\\\/\",\"name\":\"Partido Popular de Galicia\",\"description\":\"Partido Popular de Galicia\",\"publisher\":{\"@id\":\"https:\\\/\\\/ppdegalicia.com\\\/es\\\/#organization\"},\"alternateName\":\"PP de Galicia\",\"potentialAction\":[{\"@type\":\"SearchAction\",\"target\":{\"@type\":\"EntryPoint\",\"urlTemplate\":\"https:\\\/\\\/ppdegalicia.com\\\/es\\\/?s={search_term_string}\"},\"query-input\":{\"@type\":\"PropertyValueSpecification\",\"valueRequired\":true,\"valueName\":\"search_term_string\"}}],\"inLanguage\":\"es\"},{\"@type\":\"Organization\",\"@id\":\"https:\\\/\\\/ppdegalicia.com\\\/es\\\/#organization\",\"name\":\"Partido Popular de Galicia\",\"alternateName\":\"PP de Galicia\",\"url\":\"https:\\\/\\\/ppdegalicia.com\\\/es\\\/\",\"logo\":{\"@type\":\"ImageObject\",\"inLanguage\":\"es\",\"@id\":\"https:\\\/\\\/ppdegalicia.com\\\/es\\\/#\\\/schema\\\/logo\\\/image\\\/\",\"url\":\"https:\\\/\\\/ppdegalicia.com\\\/wp-content\\\/uploads\\\/2023\\\/04\\\/logoPP512.png\",\"contentUrl\":\"https:\\\/\\\/ppdegalicia.com\\\/wp-content\\\/uploads\\\/2023\\\/04\\\/logoPP512.png\",\"width\":512,\"height\":512,\"caption\":\"Partido Popular de Galicia\"},\"image\":{\"@id\":\"https:\\\/\\\/ppdegalicia.com\\\/es\\\/#\\\/schema\\\/logo\\\/image\\\/\"},\"sameAs\":[\"https:\\\/\\\/www.instagram.com\\\/ppdegalicia\\\/\",\"https:\\\/\\\/x.com\\\/ppdegalicia\",\"https:\\\/\\\/www.tiktok.com\\\/@ppdegalicia\",\"https:\\\/\\\/www.youtube.com\\\/user\\\/ppdegalicia\"]},{\"@type\":\"Person\",\"@id\":\"https:\\\/\\\/ppdegalicia.com\\\/es\\\/#\\\/schema\\\/person\\\/d0f013b8388c980665d44009ab762960\",\"name\":\"Super User\",\"image\":{\"@type\":\"ImageObject\",\"inLanguage\":\"es\",\"@id\":\"https:\\\/\\\/secure.gravatar.com\\\/avatar\\\/1db852625ef4948f58d2739bfbc51e4b9bd5c93b8fa340b59fdb594ca0845645?s=96&d=mm&r=g\",\"url\":\"https:\\\/\\\/secure.gravatar.com\\\/avatar\\\/1db852625ef4948f58d2739bfbc51e4b9bd5c93b8fa340b59fdb594ca0845645?s=96&d=mm&r=g\",\"contentUrl\":\"https:\\\/\\\/secure.gravatar.com\\\/avatar\\\/1db852625ef4948f58d2739bfbc51e4b9bd5c93b8fa340b59fdb594ca0845645?s=96&d=mm&r=g\",\"caption\":\"Super User\"},\"url\":\"https:\\\/\\\/ppdegalicia.com\\\/es\\\/author\\\/ppdegaliciagestion\\\/\"}]}<\/script>\n<!-- \/ Yoast SEO plugin. -->","yoast_head_json":{"title":"O PPdeG reclama a Yolanda D\u00edaz que explique o \u2018caso Errej\u00f3n\u2019 e \u201cte\u00f1a a valent\u00eda de dimitir\u201d no caso de que ela ou algu\u00e9n m\u00e1is colaborase en encubrir estes feitos - PP de Galicia","robots":{"index":"index","follow":"follow","max-snippet":"max-snippet:-1","max-image-preview":"max-image-preview:large","max-video-preview":"max-video-preview:-1"},"canonical":"https:\/\/ppdegalicia.com\/es\/o-ppdeg-reclama-a-yolanda-diaz-que-explique-o-caso-errejon-e-tena-a-valentia-de-dimitir-no-caso-de-que-ela-ou-alguen-mais-colaborase-en-encubrir-estes-feitos\/","og_locale":"es_ES","og_type":"article","og_title":"O PPdeG reclama a Yolanda D\u00edaz que explique o \u2018caso Errej\u00f3n\u2019 e \u201cte\u00f1a a valent\u00eda de dimitir\u201d no caso de que ela ou algu\u00e9n m\u00e1is colaborase en encubrir estes feitos - PP de Galicia","og_description":"O Partido Popular de Galicia reclama \u00e1 galega Yolanda D\u00edaz que dea \u201ctodo tipo de explicaci\u00f3ns\u201d polo esc\u00e1ndalo protagonizado por \u00cd\u00f1igo Errej\u00f3n e que, dada a gravidade do acontecido, \u201cte\u00f1a a valent\u00eda de dimitir no caso de que ela ou algu\u00e9n m\u00e1is colaborase en encubrir estes feitos\u201d. Nunha rolda de prensa celebrada esta ma\u00f1\u00e1 na [&hellip;]","og_url":"https:\/\/ppdegalicia.com\/es\/o-ppdeg-reclama-a-yolanda-diaz-que-explique-o-caso-errejon-e-tena-a-valentia-de-dimitir-no-caso-de-que-ela-ou-alguen-mais-colaborase-en-encubrir-estes-feitos\/","og_site_name":"PP de Galicia","article_publisher":"https:\/\/www.instagram.com\/ppdegalicia\/","article_published_time":"2024-11-07T12:31:49+00:00","article_modified_time":"2024-12-04T11:17:41+00:00","og_image":[{"width":1536,"height":1024,"url":"https:\/\/ppdegalicia.com\/wp-content\/uploads\/2024\/11\/20241107_PPrado_rdp_2-1536x1024-1.jpg","type":"image\/jpeg"}],"author":"Super User","twitter_card":"summary_large_image","twitter_creator":"@ppdegalicia","twitter_site":"@ppdegalicia","twitter_misc":{"Escrito por":"Super User","Tiempo de lectura":"4 minutos"},"schema":{"@context":"https:\/\/schema.org","@graph":[{"@type":"Article","@id":"https:\/\/ppdegalicia.com\/es\/o-ppdeg-reclama-a-yolanda-diaz-que-explique-o-caso-errejon-e-tena-a-valentia-de-dimitir-no-caso-de-que-ela-ou-alguen-mais-colaborase-en-encubrir-estes-feitos\/#article","isPartOf":{"@id":"https:\/\/ppdegalicia.com\/es\/o-ppdeg-reclama-a-yolanda-diaz-que-explique-o-caso-errejon-e-tena-a-valentia-de-dimitir-no-caso-de-que-ela-ou-alguen-mais-colaborase-en-encubrir-estes-feitos\/"},"author":{"name":"Super User","@id":"https:\/\/ppdegalicia.com\/es\/#\/schema\/person\/d0f013b8388c980665d44009ab762960"},"headline":"O PPdeG reclama a Yolanda D\u00edaz que explique o \u2018caso Errej\u00f3n\u2019 e \u201cte\u00f1a a valent\u00eda de dimitir\u201d no caso de que ela ou algu\u00e9n m\u00e1is colaborase en encubrir estes feitos","datePublished":"2024-11-07T12:31:49+00:00","dateModified":"2024-12-04T11:17:41+00:00","mainEntityOfPage":{"@id":"https:\/\/ppdegalicia.com\/es\/o-ppdeg-reclama-a-yolanda-diaz-que-explique-o-caso-errejon-e-tena-a-valentia-de-dimitir-no-caso-de-que-ela-ou-alguen-mais-colaborase-en-encubrir-estes-feitos\/"},"wordCount":782,"publisher":{"@id":"https:\/\/ppdegalicia.com\/es\/#organization"},"image":{"@id":"https:\/\/ppdegalicia.com\/es\/o-ppdeg-reclama-a-yolanda-diaz-que-explique-o-caso-errejon-e-tena-a-valentia-de-dimitir-no-caso-de-que-ela-ou-alguen-mais-colaborase-en-encubrir-estes-feitos\/#primaryimage"},"thumbnailUrl":"https:\/\/ppdegalicia.com\/wp-content\/uploads\/2024\/11\/20241107_PPrado_rdp_2-1536x1024-1.jpg","articleSection":["PP de Galicia"],"inLanguage":"es"},{"@type":"WebPage","@id":"https:\/\/ppdegalicia.com\/es\/o-ppdeg-reclama-a-yolanda-diaz-que-explique-o-caso-errejon-e-tena-a-valentia-de-dimitir-no-caso-de-que-ela-ou-alguen-mais-colaborase-en-encubrir-estes-feitos\/","url":"https:\/\/ppdegalicia.com\/es\/o-ppdeg-reclama-a-yolanda-diaz-que-explique-o-caso-errejon-e-tena-a-valentia-de-dimitir-no-caso-de-que-ela-ou-alguen-mais-colaborase-en-encubrir-estes-feitos\/","name":"O PPdeG reclama a Yolanda D\u00edaz que explique o \u2018caso Errej\u00f3n\u2019 e \u201cte\u00f1a a valent\u00eda de dimitir\u201d no caso de que ela ou algu\u00e9n m\u00e1is colaborase en encubrir estes feitos - PP de Galicia","isPartOf":{"@id":"https:\/\/ppdegalicia.com\/es\/#website"},"primaryImageOfPage":{"@id":"https:\/\/ppdegalicia.com\/es\/o-ppdeg-reclama-a-yolanda-diaz-que-explique-o-caso-errejon-e-tena-a-valentia-de-dimitir-no-caso-de-que-ela-ou-alguen-mais-colaborase-en-encubrir-estes-feitos\/#primaryimage"},"image":{"@id":"https:\/\/ppdegalicia.com\/es\/o-ppdeg-reclama-a-yolanda-diaz-que-explique-o-caso-errejon-e-tena-a-valentia-de-dimitir-no-caso-de-que-ela-ou-alguen-mais-colaborase-en-encubrir-estes-feitos\/#primaryimage"},"thumbnailUrl":"https:\/\/ppdegalicia.com\/wp-content\/uploads\/2024\/11\/20241107_PPrado_rdp_2-1536x1024-1.jpg","datePublished":"2024-11-07T12:31:49+00:00","dateModified":"2024-12-04T11:17:41+00:00","breadcrumb":{"@id":"https:\/\/ppdegalicia.com\/es\/o-ppdeg-reclama-a-yolanda-diaz-que-explique-o-caso-errejon-e-tena-a-valentia-de-dimitir-no-caso-de-que-ela-ou-alguen-mais-colaborase-en-encubrir-estes-feitos\/#breadcrumb"},"inLanguage":"es","potentialAction":[{"@type":"ReadAction","target":["https:\/\/ppdegalicia.com\/es\/o-ppdeg-reclama-a-yolanda-diaz-que-explique-o-caso-errejon-e-tena-a-valentia-de-dimitir-no-caso-de-que-ela-ou-alguen-mais-colaborase-en-encubrir-estes-feitos\/"]}]},{"@type":"ImageObject","inLanguage":"es","@id":"https:\/\/ppdegalicia.com\/es\/o-ppdeg-reclama-a-yolanda-diaz-que-explique-o-caso-errejon-e-tena-a-valentia-de-dimitir-no-caso-de-que-ela-ou-alguen-mais-colaborase-en-encubrir-estes-feitos\/#primaryimage","url":"https:\/\/ppdegalicia.com\/wp-content\/uploads\/2024\/11\/20241107_PPrado_rdp_2-1536x1024-1.jpg","contentUrl":"https:\/\/ppdegalicia.com\/wp-content\/uploads\/2024\/11\/20241107_PPrado_rdp_2-1536x1024-1.jpg","width":1536,"height":1024},{"@type":"BreadcrumbList","@id":"https:\/\/ppdegalicia.com\/es\/o-ppdeg-reclama-a-yolanda-diaz-que-explique-o-caso-errejon-e-tena-a-valentia-de-dimitir-no-caso-de-que-ela-ou-alguen-mais-colaborase-en-encubrir-estes-feitos\/#breadcrumb","itemListElement":[{"@type":"ListItem","position":1,"name":"Portada","item":"https:\/\/ppdegalicia.com\/es\/"},{"@type":"ListItem","position":2,"name":"O PPdeG reclama a Yolanda D\u00edaz que explique o \u2018caso Errej\u00f3n\u2019 e \u201cte\u00f1a a valent\u00eda de dimitir\u201d no caso de que ela ou algu\u00e9n m\u00e1is colaborase en encubrir estes feitos"}]},{"@type":"WebSite","@id":"https:\/\/ppdegalicia.com\/es\/#website","url":"https:\/\/ppdegalicia.com\/es\/","name":"Partido Popular de Galicia","description":"Partido Popular de Galicia","publisher":{"@id":"https:\/\/ppdegalicia.com\/es\/#organization"},"alternateName":"PP de Galicia","potentialAction":[{"@type":"SearchAction","target":{"@type":"EntryPoint","urlTemplate":"https:\/\/ppdegalicia.com\/es\/?s={search_term_string}"},"query-input":{"@type":"PropertyValueSpecification","valueRequired":true,"valueName":"search_term_string"}}],"inLanguage":"es"},{"@type":"Organization","@id":"https:\/\/ppdegalicia.com\/es\/#organization","name":"Partido Popular de Galicia","alternateName":"PP de Galicia","url":"https:\/\/ppdegalicia.com\/es\/","logo":{"@type":"ImageObject","inLanguage":"es","@id":"https:\/\/ppdegalicia.com\/es\/#\/schema\/logo\/image\/","url":"https:\/\/ppdegalicia.com\/wp-content\/uploads\/2023\/04\/logoPP512.png","contentUrl":"https:\/\/ppdegalicia.com\/wp-content\/uploads\/2023\/04\/logoPP512.png","width":512,"height":512,"caption":"Partido Popular de Galicia"},"image":{"@id":"https:\/\/ppdegalicia.com\/es\/#\/schema\/logo\/image\/"},"sameAs":["https:\/\/www.instagram.com\/ppdegalicia\/","https:\/\/x.com\/ppdegalicia","https:\/\/www.tiktok.com\/@ppdegalicia","https:\/\/www.youtube.com\/user\/ppdegalicia"]},{"@type":"Person","@id":"https:\/\/ppdegalicia.com\/es\/#\/schema\/person\/d0f013b8388c980665d44009ab762960","name":"Super User","image":{"@type":"ImageObject","inLanguage":"es","@id":"https:\/\/secure.gravatar.com\/avatar\/1db852625ef4948f58d2739bfbc51e4b9bd5c93b8fa340b59fdb594ca0845645?s=96&d=mm&r=g","url":"https:\/\/secure.gravatar.com\/avatar\/1db852625ef4948f58d2739bfbc51e4b9bd5c93b8fa340b59fdb594ca0845645?s=96&d=mm&r=g","contentUrl":"https:\/\/secure.gravatar.com\/avatar\/1db852625ef4948f58d2739bfbc51e4b9bd5c93b8fa340b59fdb594ca0845645?s=96&d=mm&r=g","caption":"Super User"},"url":"https:\/\/ppdegalicia.com\/es\/author\/ppdegaliciagestion\/"}]}},"_links":{"self":[{"href":"https:\/\/ppdegalicia.com\/es\/wp-json\/wp\/v2\/posts\/64879","targetHints":{"allow":["GET"]}}],"collection":[{"href":"https:\/\/ppdegalicia.com\/es\/wp-json\/wp\/v2\/posts"}],"about":[{"href":"https:\/\/ppdegalicia.com\/es\/wp-json\/wp\/v2\/types\/post"}],"author":[{"embeddable":true,"href":"https:\/\/ppdegalicia.com\/es\/wp-json\/wp\/v2\/users\/37"}],"replies":[{"embeddable":true,"href":"https:\/\/ppdegalicia.com\/es\/wp-json\/wp\/v2\/comments?post=64879"}],"version-history":[{"count":1,"href":"https:\/\/ppdegalicia.com\/es\/wp-json\/wp\/v2\/posts\/64879\/revisions"}],"predecessor-version":[{"id":64880,"href":"https:\/\/ppdegalicia.com\/es\/wp-json\/wp\/v2\/posts\/64879\/revisions\/64880"}],"wp:featuredmedia":[{"embeddable":true,"href":"https:\/\/ppdegalicia.com\/es\/wp-json\/wp\/v2\/media\/64881"}],"wp:attachment":[{"href":"https:\/\/ppdegalicia.com\/es\/wp-json\/wp\/v2\/media?parent=64879"}],"wp:term":[{"taxonomy":"category","embeddable":true,"href":"https:\/\/ppdegalicia.com\/es\/wp-json\/wp\/v2\/categories?post=64879"},{"taxonomy":"post_tag","embeddable":true,"href":"https:\/\/ppdegalicia.com\/es\/wp-json\/wp\/v2\/tags?post=64879"}],"curies":[{"name":"wp","href":"https:\/\/api.w.org\/{rel}","templated":true}]}}