{"id":64883,"date":"2024-11-07T18:09:29","date_gmt":"2024-11-07T17:09:29","guid":{"rendered":"https:\/\/ppdegalicia.com\/?p=64883"},"modified":"2024-12-04T12:20:20","modified_gmt":"2024-12-04T11:20:20","slug":"aprobado-o-ditame-do-proxecto-de-lei-de-cultura-inclusiva-e-accesible-de-galicia-paso-previo-a-sua-aprobacion-definitiva-en-pleno","status":"publish","type":"post","link":"https:\/\/ppdegalicia.com\/es\/aprobado-o-ditame-do-proxecto-de-lei-de-cultura-inclusiva-e-accesible-de-galicia-paso-previo-a-sua-aprobacion-definitiva-en-pleno\/","title":{"rendered":"Aprobado o ditame do proxecto de Lei de cultura inclusiva e accesible de Galicia, paso previo \u00e1 s\u00faa aprobaci\u00f3n definitiva en Pleno"},"content":{"rendered":"<p>A Comisi\u00f3n de Cultura do Parlamento galego aprobou esta tarde o ditame do proxecto de Lei de cultura inclusiva e accesible de Galicia, co que este texto lexislativo queda pendente da s\u00faa aprobaci\u00f3n definitiva en sesi\u00f3n plenaria. \u201cEstamos a falar dunha lei pioneira que ofrece un amplo marco a partir do que sexa natural a participaci\u00f3n cultural efectiva, afectiva e produtiva de todas as persoas, con especial atenci\u00f3n \u00e1s que se atopan nun contexto de especial vulnerabilidade polas s\u00faas dificultades ou riscos de exclusi\u00f3n\u201d, manifestou a deputada popular Carmen Pomar.<\/p>\n<p>Na s\u00faa intervenci\u00f3n, Pomar indicou que \u201ca diversidade, lonxe de ser un elemento inhibidor ou obstaculizador, debe ser un elemento facilitador e multiplicador para a cultura\u201d. \u201cPor este motivo, o Goberno galego decidiu elaborar unha norma que facilitase o acceso e participaci\u00f3n efectiva \u00e1 cultura de todas as persoas, ao temo que se puxeran en valor todas as manifestaci\u00f3ns culturais procedentes de calquera comunidade, grupo ou persoa en situaci\u00f3n de desvantaxe\u201d, lembrou.<\/p>\n<p><strong>APOIAR \u00c1S PERSOAS E COLECTIVOS M\u00c1IS VULNERABLES<\/strong><\/p>\n<p>\u201cO obxectivo \u00e9 promover as condici\u00f3ns e remover os obst\u00e1culos que impidan ou dificulten que a participaci\u00f3n na vida cultural sexa efectiva, inclusiva e accesible para todas as persoas, con especial atenci\u00f3n \u00e1s que presentan alg\u00fan factor de risco ou exclusi\u00f3n cultural\u201d, sinalou.<\/p>\n<p>Esta nova lei pretende, ademais, visibilizar e apoiar os talentos das persoas e colectivos que presentan condici\u00f3ns de especial vulnerabilidade polas s\u00faas dificultades ou riscos de exclusi\u00f3n, ao tempo que as programaci\u00f3ns culturais estar\u00e1n pensadas e adaptadas a todo tipo de p\u00fablicos, facilitando, de ser preciso, recursos e ferramentas que permitan o pleno acceso e gozo da actividade\u201d.<\/p>\n<p>Carmen Pomar afirmou que nesta nova lei \u201ctam\u00e9n aparece contemplado o desenvolvemento de ferramentas dixitais e tecnol\u00f3xicas para garantir que os contidos culturais cheguen a todas as persoas, especialmente \u00e1s que estean en risco de exclusi\u00f3n social, favorecendo, ademais, a alfabetizaci\u00f3n dixital ao longo da vida\u201d.<\/p>\n<p>&nbsp;<\/p>\n","protected":false},"excerpt":{"rendered":"<p>A Comisi\u00f3n de Cultura do Parlamento galego aprobou esta tarde o ditame do proxecto de Lei de cultura inclusiva e accesible de Galicia, co que este texto lexislativo queda pendente da s\u00faa aprobaci\u00f3n definitiva en sesi\u00f3n plenaria. \u201cEstamos a falar dunha lei pioneira que ofrece un amplo marco a partir do que sexa natural a [&hellip;]<\/p>\n","protected":false},"author":37,"featured_media":64885,"comment_status":"closed","ping_status":"open","sticky":false,"template":"","format":"standard","meta":{"_acf_changed":false,"footnotes":""},"categories":[1128],"tags":[],"class_list":["post-64883","post","type-post","status-publish","format-standard","has-post-thumbnail","hentry","category-actualidad-parlamento-de-galicia"],"acf":[],"yoast_head":"<!-- This site is optimized with the Yoast SEO plugin v27.3 - https:\/\/yoast.com\/product\/yoast-seo-wordpress\/ -->\n<title>Aprobado o ditame do proxecto de Lei de cultura inclusiva e accesible de Galicia, paso previo \u00e1 s\u00faa aprobaci\u00f3n definitiva en Pleno - PP de Galicia<\/title>\n<meta name=\"robots\" content=\"index, follow, max-snippet:-1, max-image-preview:large, max-video-preview:-1\" \/>\n<link rel=\"canonical\" href=\"https:\/\/ppdegalicia.com\/es\/aprobado-o-ditame-do-proxecto-de-lei-de-cultura-inclusiva-e-accesible-de-galicia-paso-previo-a-sua-aprobacion-definitiva-en-pleno\/\" \/>\n<meta property=\"og:locale\" content=\"es_ES\" \/>\n<meta property=\"og:type\" content=\"article\" \/>\n<meta property=\"og:title\" content=\"Aprobado o ditame do proxecto de Lei de cultura inclusiva e accesible de Galicia, paso previo \u00e1 s\u00faa aprobaci\u00f3n definitiva en Pleno - PP de Galicia\" \/>\n<meta property=\"og:description\" content=\"A Comisi\u00f3n de Cultura do Parlamento galego aprobou esta tarde o ditame do proxecto de Lei de cultura inclusiva e accesible de Galicia, co que este texto lexislativo queda pendente da s\u00faa aprobaci\u00f3n definitiva en sesi\u00f3n plenaria. \u201cEstamos a falar dunha lei pioneira que ofrece un amplo marco a partir do que sexa natural a [&hellip;]\" \/>\n<meta property=\"og:url\" content=\"https:\/\/ppdegalicia.com\/es\/aprobado-o-ditame-do-proxecto-de-lei-de-cultura-inclusiva-e-accesible-de-galicia-paso-previo-a-sua-aprobacion-definitiva-en-pleno\/\" \/>\n<meta property=\"og:site_name\" content=\"PP de Galicia\" \/>\n<meta property=\"article:publisher\" content=\"https:\/\/www.instagram.com\/ppdegalicia\/\" \/>\n<meta property=\"article:published_time\" content=\"2024-11-07T17:09:29+00:00\" \/>\n<meta property=\"article:modified_time\" content=\"2024-12-04T11:20:20+00:00\" \/>\n<meta property=\"og:image\" content=\"https:\/\/ppdegalicia.com\/wp-content\/uploads\/2024\/11\/202410308_C3a_OrzamentosCultura-2-1536x1024-1.jpg\" \/>\n\t<meta property=\"og:image:width\" content=\"1536\" \/>\n\t<meta property=\"og:image:height\" content=\"1024\" \/>\n\t<meta property=\"og:image:type\" content=\"image\/jpeg\" \/>\n<meta name=\"author\" content=\"Super User\" \/>\n<meta name=\"twitter:card\" content=\"summary_large_image\" \/>\n<meta name=\"twitter:creator\" content=\"@ppdegalicia\" \/>\n<meta name=\"twitter:site\" content=\"@ppdegalicia\" \/>\n<meta name=\"twitter:label1\" content=\"Escrito por\" \/>\n\t<meta name=\"twitter:data1\" content=\"Super User\" \/>\n\t<meta name=\"twitter:label2\" content=\"Tiempo de lectura\" \/>\n\t<meta name=\"twitter:data2\" content=\"2 minutos\" \/>\n<script type=\"application\/ld+json\" class=\"yoast-schema-graph\">{\"@context\":\"https:\\\/\\\/schema.org\",\"@graph\":[{\"@type\":\"Article\",\"@id\":\"https:\\\/\\\/ppdegalicia.com\\\/es\\\/aprobado-o-ditame-do-proxecto-de-lei-de-cultura-inclusiva-e-accesible-de-galicia-paso-previo-a-sua-aprobacion-definitiva-en-pleno\\\/#article\",\"isPartOf\":{\"@id\":\"https:\\\/\\\/ppdegalicia.com\\\/es\\\/aprobado-o-ditame-do-proxecto-de-lei-de-cultura-inclusiva-e-accesible-de-galicia-paso-previo-a-sua-aprobacion-definitiva-en-pleno\\\/\"},\"author\":{\"name\":\"Super User\",\"@id\":\"https:\\\/\\\/ppdegalicia.com\\\/es\\\/#\\\/schema\\\/person\\\/d0f013b8388c980665d44009ab762960\"},\"headline\":\"Aprobado o ditame do proxecto de Lei de cultura inclusiva e accesible de Galicia, paso previo \u00e1 s\u00faa aprobaci\u00f3n definitiva en Pleno\",\"datePublished\":\"2024-11-07T17:09:29+00:00\",\"dateModified\":\"2024-12-04T11:20:20+00:00\",\"mainEntityOfPage\":{\"@id\":\"https:\\\/\\\/ppdegalicia.com\\\/es\\\/aprobado-o-ditame-do-proxecto-de-lei-de-cultura-inclusiva-e-accesible-de-galicia-paso-previo-a-sua-aprobacion-definitiva-en-pleno\\\/\"},\"wordCount\":368,\"publisher\":{\"@id\":\"https:\\\/\\\/ppdegalicia.com\\\/es\\\/#organization\"},\"image\":{\"@id\":\"https:\\\/\\\/ppdegalicia.com\\\/es\\\/aprobado-o-ditame-do-proxecto-de-lei-de-cultura-inclusiva-e-accesible-de-galicia-paso-previo-a-sua-aprobacion-definitiva-en-pleno\\\/#primaryimage\"},\"thumbnailUrl\":\"https:\\\/\\\/ppdegalicia.com\\\/wp-content\\\/uploads\\\/2024\\\/11\\\/202410308_C3a_OrzamentosCultura-2-1536x1024-1.jpg\",\"articleSection\":[\"Parlamento de Galicia\"],\"inLanguage\":\"es\"},{\"@type\":\"WebPage\",\"@id\":\"https:\\\/\\\/ppdegalicia.com\\\/es\\\/aprobado-o-ditame-do-proxecto-de-lei-de-cultura-inclusiva-e-accesible-de-galicia-paso-previo-a-sua-aprobacion-definitiva-en-pleno\\\/\",\"url\":\"https:\\\/\\\/ppdegalicia.com\\\/es\\\/aprobado-o-ditame-do-proxecto-de-lei-de-cultura-inclusiva-e-accesible-de-galicia-paso-previo-a-sua-aprobacion-definitiva-en-pleno\\\/\",\"name\":\"Aprobado o ditame do proxecto de Lei de cultura inclusiva e accesible de Galicia, paso previo \u00e1 s\u00faa aprobaci\u00f3n definitiva en Pleno - PP de Galicia\",\"isPartOf\":{\"@id\":\"https:\\\/\\\/ppdegalicia.com\\\/es\\\/#website\"},\"primaryImageOfPage\":{\"@id\":\"https:\\\/\\\/ppdegalicia.com\\\/es\\\/aprobado-o-ditame-do-proxecto-de-lei-de-cultura-inclusiva-e-accesible-de-galicia-paso-previo-a-sua-aprobacion-definitiva-en-pleno\\\/#primaryimage\"},\"image\":{\"@id\":\"https:\\\/\\\/ppdegalicia.com\\\/es\\\/aprobado-o-ditame-do-proxecto-de-lei-de-cultura-inclusiva-e-accesible-de-galicia-paso-previo-a-sua-aprobacion-definitiva-en-pleno\\\/#primaryimage\"},\"thumbnailUrl\":\"https:\\\/\\\/ppdegalicia.com\\\/wp-content\\\/uploads\\\/2024\\\/11\\\/202410308_C3a_OrzamentosCultura-2-1536x1024-1.jpg\",\"datePublished\":\"2024-11-07T17:09:29+00:00\",\"dateModified\":\"2024-12-04T11:20:20+00:00\",\"breadcrumb\":{\"@id\":\"https:\\\/\\\/ppdegalicia.com\\\/es\\\/aprobado-o-ditame-do-proxecto-de-lei-de-cultura-inclusiva-e-accesible-de-galicia-paso-previo-a-sua-aprobacion-definitiva-en-pleno\\\/#breadcrumb\"},\"inLanguage\":\"es\",\"potentialAction\":[{\"@type\":\"ReadAction\",\"target\":[\"https:\\\/\\\/ppdegalicia.com\\\/es\\\/aprobado-o-ditame-do-proxecto-de-lei-de-cultura-inclusiva-e-accesible-de-galicia-paso-previo-a-sua-aprobacion-definitiva-en-pleno\\\/\"]}]},{\"@type\":\"ImageObject\",\"inLanguage\":\"es\",\"@id\":\"https:\\\/\\\/ppdegalicia.com\\\/es\\\/aprobado-o-ditame-do-proxecto-de-lei-de-cultura-inclusiva-e-accesible-de-galicia-paso-previo-a-sua-aprobacion-definitiva-en-pleno\\\/#primaryimage\",\"url\":\"https:\\\/\\\/ppdegalicia.com\\\/wp-content\\\/uploads\\\/2024\\\/11\\\/202410308_C3a_OrzamentosCultura-2-1536x1024-1.jpg\",\"contentUrl\":\"https:\\\/\\\/ppdegalicia.com\\\/wp-content\\\/uploads\\\/2024\\\/11\\\/202410308_C3a_OrzamentosCultura-2-1536x1024-1.jpg\",\"width\":1536,\"height\":1024},{\"@type\":\"BreadcrumbList\",\"@id\":\"https:\\\/\\\/ppdegalicia.com\\\/es\\\/aprobado-o-ditame-do-proxecto-de-lei-de-cultura-inclusiva-e-accesible-de-galicia-paso-previo-a-sua-aprobacion-definitiva-en-pleno\\\/#breadcrumb\",\"itemListElement\":[{\"@type\":\"ListItem\",\"position\":1,\"name\":\"Portada\",\"item\":\"https:\\\/\\\/ppdegalicia.com\\\/es\\\/\"},{\"@type\":\"ListItem\",\"position\":2,\"name\":\"Aprobado o ditame do proxecto de Lei de cultura inclusiva e accesible de Galicia, paso previo \u00e1 s\u00faa aprobaci\u00f3n definitiva en Pleno\"}]},{\"@type\":\"WebSite\",\"@id\":\"https:\\\/\\\/ppdegalicia.com\\\/es\\\/#website\",\"url\":\"https:\\\/\\\/ppdegalicia.com\\\/es\\\/\",\"name\":\"Partido Popular de Galicia\",\"description\":\"Partido Popular de Galicia\",\"publisher\":{\"@id\":\"https:\\\/\\\/ppdegalicia.com\\\/es\\\/#organization\"},\"alternateName\":\"PP de Galicia\",\"potentialAction\":[{\"@type\":\"SearchAction\",\"target\":{\"@type\":\"EntryPoint\",\"urlTemplate\":\"https:\\\/\\\/ppdegalicia.com\\\/es\\\/?s={search_term_string}\"},\"query-input\":{\"@type\":\"PropertyValueSpecification\",\"valueRequired\":true,\"valueName\":\"search_term_string\"}}],\"inLanguage\":\"es\"},{\"@type\":\"Organization\",\"@id\":\"https:\\\/\\\/ppdegalicia.com\\\/es\\\/#organization\",\"name\":\"Partido Popular de Galicia\",\"alternateName\":\"PP de Galicia\",\"url\":\"https:\\\/\\\/ppdegalicia.com\\\/es\\\/\",\"logo\":{\"@type\":\"ImageObject\",\"inLanguage\":\"es\",\"@id\":\"https:\\\/\\\/ppdegalicia.com\\\/es\\\/#\\\/schema\\\/logo\\\/image\\\/\",\"url\":\"https:\\\/\\\/ppdegalicia.com\\\/wp-content\\\/uploads\\\/2023\\\/04\\\/logoPP512.png\",\"contentUrl\":\"https:\\\/\\\/ppdegalicia.com\\\/wp-content\\\/uploads\\\/2023\\\/04\\\/logoPP512.png\",\"width\":512,\"height\":512,\"caption\":\"Partido Popular de Galicia\"},\"image\":{\"@id\":\"https:\\\/\\\/ppdegalicia.com\\\/es\\\/#\\\/schema\\\/logo\\\/image\\\/\"},\"sameAs\":[\"https:\\\/\\\/www.instagram.com\\\/ppdegalicia\\\/\",\"https:\\\/\\\/x.com\\\/ppdegalicia\",\"https:\\\/\\\/www.tiktok.com\\\/@ppdegalicia\",\"https:\\\/\\\/www.youtube.com\\\/user\\\/ppdegalicia\"]},{\"@type\":\"Person\",\"@id\":\"https:\\\/\\\/ppdegalicia.com\\\/es\\\/#\\\/schema\\\/person\\\/d0f013b8388c980665d44009ab762960\",\"name\":\"Super User\",\"image\":{\"@type\":\"ImageObject\",\"inLanguage\":\"es\",\"@id\":\"https:\\\/\\\/secure.gravatar.com\\\/avatar\\\/1db852625ef4948f58d2739bfbc51e4b9bd5c93b8fa340b59fdb594ca0845645?s=96&d=mm&r=g\",\"url\":\"https:\\\/\\\/secure.gravatar.com\\\/avatar\\\/1db852625ef4948f58d2739bfbc51e4b9bd5c93b8fa340b59fdb594ca0845645?s=96&d=mm&r=g\",\"contentUrl\":\"https:\\\/\\\/secure.gravatar.com\\\/avatar\\\/1db852625ef4948f58d2739bfbc51e4b9bd5c93b8fa340b59fdb594ca0845645?s=96&d=mm&r=g\",\"caption\":\"Super User\"},\"url\":\"https:\\\/\\\/ppdegalicia.com\\\/es\\\/author\\\/ppdegaliciagestion\\\/\"}]}<\/script>\n<!-- \/ Yoast SEO plugin. -->","yoast_head_json":{"title":"Aprobado o ditame do proxecto de Lei de cultura inclusiva e accesible de Galicia, paso previo \u00e1 s\u00faa aprobaci\u00f3n definitiva en Pleno - PP de Galicia","robots":{"index":"index","follow":"follow","max-snippet":"max-snippet:-1","max-image-preview":"max-image-preview:large","max-video-preview":"max-video-preview:-1"},"canonical":"https:\/\/ppdegalicia.com\/es\/aprobado-o-ditame-do-proxecto-de-lei-de-cultura-inclusiva-e-accesible-de-galicia-paso-previo-a-sua-aprobacion-definitiva-en-pleno\/","og_locale":"es_ES","og_type":"article","og_title":"Aprobado o ditame do proxecto de Lei de cultura inclusiva e accesible de Galicia, paso previo \u00e1 s\u00faa aprobaci\u00f3n definitiva en Pleno - PP de Galicia","og_description":"A Comisi\u00f3n de Cultura do Parlamento galego aprobou esta tarde o ditame do proxecto de Lei de cultura inclusiva e accesible de Galicia, co que este texto lexislativo queda pendente da s\u00faa aprobaci\u00f3n definitiva en sesi\u00f3n plenaria. \u201cEstamos a falar dunha lei pioneira que ofrece un amplo marco a partir do que sexa natural a [&hellip;]","og_url":"https:\/\/ppdegalicia.com\/es\/aprobado-o-ditame-do-proxecto-de-lei-de-cultura-inclusiva-e-accesible-de-galicia-paso-previo-a-sua-aprobacion-definitiva-en-pleno\/","og_site_name":"PP de Galicia","article_publisher":"https:\/\/www.instagram.com\/ppdegalicia\/","article_published_time":"2024-11-07T17:09:29+00:00","article_modified_time":"2024-12-04T11:20:20+00:00","og_image":[{"width":1536,"height":1024,"url":"https:\/\/ppdegalicia.com\/wp-content\/uploads\/2024\/11\/202410308_C3a_OrzamentosCultura-2-1536x1024-1.jpg","type":"image\/jpeg"}],"author":"Super User","twitter_card":"summary_large_image","twitter_creator":"@ppdegalicia","twitter_site":"@ppdegalicia","twitter_misc":{"Escrito por":"Super User","Tiempo de lectura":"2 minutos"},"schema":{"@context":"https:\/\/schema.org","@graph":[{"@type":"Article","@id":"https:\/\/ppdegalicia.com\/es\/aprobado-o-ditame-do-proxecto-de-lei-de-cultura-inclusiva-e-accesible-de-galicia-paso-previo-a-sua-aprobacion-definitiva-en-pleno\/#article","isPartOf":{"@id":"https:\/\/ppdegalicia.com\/es\/aprobado-o-ditame-do-proxecto-de-lei-de-cultura-inclusiva-e-accesible-de-galicia-paso-previo-a-sua-aprobacion-definitiva-en-pleno\/"},"author":{"name":"Super User","@id":"https:\/\/ppdegalicia.com\/es\/#\/schema\/person\/d0f013b8388c980665d44009ab762960"},"headline":"Aprobado o ditame do proxecto de Lei de cultura inclusiva e accesible de Galicia, paso previo \u00e1 s\u00faa aprobaci\u00f3n definitiva en Pleno","datePublished":"2024-11-07T17:09:29+00:00","dateModified":"2024-12-04T11:20:20+00:00","mainEntityOfPage":{"@id":"https:\/\/ppdegalicia.com\/es\/aprobado-o-ditame-do-proxecto-de-lei-de-cultura-inclusiva-e-accesible-de-galicia-paso-previo-a-sua-aprobacion-definitiva-en-pleno\/"},"wordCount":368,"publisher":{"@id":"https:\/\/ppdegalicia.com\/es\/#organization"},"image":{"@id":"https:\/\/ppdegalicia.com\/es\/aprobado-o-ditame-do-proxecto-de-lei-de-cultura-inclusiva-e-accesible-de-galicia-paso-previo-a-sua-aprobacion-definitiva-en-pleno\/#primaryimage"},"thumbnailUrl":"https:\/\/ppdegalicia.com\/wp-content\/uploads\/2024\/11\/202410308_C3a_OrzamentosCultura-2-1536x1024-1.jpg","articleSection":["Parlamento de Galicia"],"inLanguage":"es"},{"@type":"WebPage","@id":"https:\/\/ppdegalicia.com\/es\/aprobado-o-ditame-do-proxecto-de-lei-de-cultura-inclusiva-e-accesible-de-galicia-paso-previo-a-sua-aprobacion-definitiva-en-pleno\/","url":"https:\/\/ppdegalicia.com\/es\/aprobado-o-ditame-do-proxecto-de-lei-de-cultura-inclusiva-e-accesible-de-galicia-paso-previo-a-sua-aprobacion-definitiva-en-pleno\/","name":"Aprobado o ditame do proxecto de Lei de cultura inclusiva e accesible de Galicia, paso previo \u00e1 s\u00faa aprobaci\u00f3n definitiva en Pleno - PP de Galicia","isPartOf":{"@id":"https:\/\/ppdegalicia.com\/es\/#website"},"primaryImageOfPage":{"@id":"https:\/\/ppdegalicia.com\/es\/aprobado-o-ditame-do-proxecto-de-lei-de-cultura-inclusiva-e-accesible-de-galicia-paso-previo-a-sua-aprobacion-definitiva-en-pleno\/#primaryimage"},"image":{"@id":"https:\/\/ppdegalicia.com\/es\/aprobado-o-ditame-do-proxecto-de-lei-de-cultura-inclusiva-e-accesible-de-galicia-paso-previo-a-sua-aprobacion-definitiva-en-pleno\/#primaryimage"},"thumbnailUrl":"https:\/\/ppdegalicia.com\/wp-content\/uploads\/2024\/11\/202410308_C3a_OrzamentosCultura-2-1536x1024-1.jpg","datePublished":"2024-11-07T17:09:29+00:00","dateModified":"2024-12-04T11:20:20+00:00","breadcrumb":{"@id":"https:\/\/ppdegalicia.com\/es\/aprobado-o-ditame-do-proxecto-de-lei-de-cultura-inclusiva-e-accesible-de-galicia-paso-previo-a-sua-aprobacion-definitiva-en-pleno\/#breadcrumb"},"inLanguage":"es","potentialAction":[{"@type":"ReadAction","target":["https:\/\/ppdegalicia.com\/es\/aprobado-o-ditame-do-proxecto-de-lei-de-cultura-inclusiva-e-accesible-de-galicia-paso-previo-a-sua-aprobacion-definitiva-en-pleno\/"]}]},{"@type":"ImageObject","inLanguage":"es","@id":"https:\/\/ppdegalicia.com\/es\/aprobado-o-ditame-do-proxecto-de-lei-de-cultura-inclusiva-e-accesible-de-galicia-paso-previo-a-sua-aprobacion-definitiva-en-pleno\/#primaryimage","url":"https:\/\/ppdegalicia.com\/wp-content\/uploads\/2024\/11\/202410308_C3a_OrzamentosCultura-2-1536x1024-1.jpg","contentUrl":"https:\/\/ppdegalicia.com\/wp-content\/uploads\/2024\/11\/202410308_C3a_OrzamentosCultura-2-1536x1024-1.jpg","width":1536,"height":1024},{"@type":"BreadcrumbList","@id":"https:\/\/ppdegalicia.com\/es\/aprobado-o-ditame-do-proxecto-de-lei-de-cultura-inclusiva-e-accesible-de-galicia-paso-previo-a-sua-aprobacion-definitiva-en-pleno\/#breadcrumb","itemListElement":[{"@type":"ListItem","position":1,"name":"Portada","item":"https:\/\/ppdegalicia.com\/es\/"},{"@type":"ListItem","position":2,"name":"Aprobado o ditame do proxecto de Lei de cultura inclusiva e accesible de Galicia, paso previo \u00e1 s\u00faa aprobaci\u00f3n definitiva en Pleno"}]},{"@type":"WebSite","@id":"https:\/\/ppdegalicia.com\/es\/#website","url":"https:\/\/ppdegalicia.com\/es\/","name":"Partido Popular de Galicia","description":"Partido Popular de Galicia","publisher":{"@id":"https:\/\/ppdegalicia.com\/es\/#organization"},"alternateName":"PP de Galicia","potentialAction":[{"@type":"SearchAction","target":{"@type":"EntryPoint","urlTemplate":"https:\/\/ppdegalicia.com\/es\/?s={search_term_string}"},"query-input":{"@type":"PropertyValueSpecification","valueRequired":true,"valueName":"search_term_string"}}],"inLanguage":"es"},{"@type":"Organization","@id":"https:\/\/ppdegalicia.com\/es\/#organization","name":"Partido Popular de Galicia","alternateName":"PP de Galicia","url":"https:\/\/ppdegalicia.com\/es\/","logo":{"@type":"ImageObject","inLanguage":"es","@id":"https:\/\/ppdegalicia.com\/es\/#\/schema\/logo\/image\/","url":"https:\/\/ppdegalicia.com\/wp-content\/uploads\/2023\/04\/logoPP512.png","contentUrl":"https:\/\/ppdegalicia.com\/wp-content\/uploads\/2023\/04\/logoPP512.png","width":512,"height":512,"caption":"Partido Popular de Galicia"},"image":{"@id":"https:\/\/ppdegalicia.com\/es\/#\/schema\/logo\/image\/"},"sameAs":["https:\/\/www.instagram.com\/ppdegalicia\/","https:\/\/x.com\/ppdegalicia","https:\/\/www.tiktok.com\/@ppdegalicia","https:\/\/www.youtube.com\/user\/ppdegalicia"]},{"@type":"Person","@id":"https:\/\/ppdegalicia.com\/es\/#\/schema\/person\/d0f013b8388c980665d44009ab762960","name":"Super User","image":{"@type":"ImageObject","inLanguage":"es","@id":"https:\/\/secure.gravatar.com\/avatar\/1db852625ef4948f58d2739bfbc51e4b9bd5c93b8fa340b59fdb594ca0845645?s=96&d=mm&r=g","url":"https:\/\/secure.gravatar.com\/avatar\/1db852625ef4948f58d2739bfbc51e4b9bd5c93b8fa340b59fdb594ca0845645?s=96&d=mm&r=g","contentUrl":"https:\/\/secure.gravatar.com\/avatar\/1db852625ef4948f58d2739bfbc51e4b9bd5c93b8fa340b59fdb594ca0845645?s=96&d=mm&r=g","caption":"Super User"},"url":"https:\/\/ppdegalicia.com\/es\/author\/ppdegaliciagestion\/"}]}},"_links":{"self":[{"href":"https:\/\/ppdegalicia.com\/es\/wp-json\/wp\/v2\/posts\/64883","targetHints":{"allow":["GET"]}}],"collection":[{"href":"https:\/\/ppdegalicia.com\/es\/wp-json\/wp\/v2\/posts"}],"about":[{"href":"https:\/\/ppdegalicia.com\/es\/wp-json\/wp\/v2\/types\/post"}],"author":[{"embeddable":true,"href":"https:\/\/ppdegalicia.com\/es\/wp-json\/wp\/v2\/users\/37"}],"replies":[{"embeddable":true,"href":"https:\/\/ppdegalicia.com\/es\/wp-json\/wp\/v2\/comments?post=64883"}],"version-history":[{"count":1,"href":"https:\/\/ppdegalicia.com\/es\/wp-json\/wp\/v2\/posts\/64883\/revisions"}],"predecessor-version":[{"id":64884,"href":"https:\/\/ppdegalicia.com\/es\/wp-json\/wp\/v2\/posts\/64883\/revisions\/64884"}],"wp:featuredmedia":[{"embeddable":true,"href":"https:\/\/ppdegalicia.com\/es\/wp-json\/wp\/v2\/media\/64885"}],"wp:attachment":[{"href":"https:\/\/ppdegalicia.com\/es\/wp-json\/wp\/v2\/media?parent=64883"}],"wp:term":[{"taxonomy":"category","embeddable":true,"href":"https:\/\/ppdegalicia.com\/es\/wp-json\/wp\/v2\/categories?post=64883"},{"taxonomy":"post_tag","embeddable":true,"href":"https:\/\/ppdegalicia.com\/es\/wp-json\/wp\/v2\/tags?post=64883"}],"curies":[{"name":"wp","href":"https:\/\/api.w.org\/{rel}","templated":true}]}}