{"id":64957,"date":"2024-11-14T14:47:28","date_gmt":"2024-11-14T13:47:28","guid":{"rendered":"https:\/\/ppdegalicia.com\/?p=64957"},"modified":"2024-12-04T13:24:12","modified_gmt":"2024-12-04T12:24:12","slug":"o-ppdeg-reprocha-ao-bng-e-o-psdeg-que-sigan-sostendo-a-sanchez-a-pesar-dos-seus-cambios-de-opinion-e-desprezos-a-galicia","status":"publish","type":"post","link":"https:\/\/ppdegalicia.com\/es\/o-ppdeg-reprocha-ao-bng-e-o-psdeg-que-sigan-sostendo-a-sanchez-a-pesar-dos-seus-cambios-de-opinion-e-desprezos-a-galicia\/","title":{"rendered":"O PPdeG reprocha ao BNG e o PSdeG que sigan sostendo a S\u00e1nchez \u201ca pesar dos seus cambios de opini\u00f3n e desprezos a Galicia\u201d"},"content":{"rendered":"<p>O Partido Popular de Galicia acusa aos responsables do BNG e do PSdeG de \u201cquedar en evidencia\u201d sostendo a Pedro S\u00e1nchez no poder \u201ca pesar dos seus cambios de opini\u00f3n e os seus desprezos a Galicia\u201d en cuesti\u00f3ns como o financiamento singular para Catalu\u00f1a ou o traspaso da AP-9.<\/p>\n<p>A secretaria xeral do partido, Paula Prado, deixou hoxe en evidencia nunha rolda de prensa os momentos \u201conde dixen\u00a0<em>digo<\/em>, digo\u00a0<em>Diego<\/em>\u201d protagonizados polo PSOE galego e G\u00f3mez Besteiro nos \u00faltimos meses, pasando de dicir que \u201co cuponazo catal\u00e1n non pon en d\u00fabida o principio de igualdade entre os espa\u00f1ois\u201d a, tres meses despois, rexeitalo \u201cpor non ser solidario\u201d.<\/p>\n<p>O \u00faltimo destes cambios de opini\u00f3n deuse, como explicou, esta mesma semana e est\u00e1 relacionado coa tramitaci\u00f3n da transferencia da AP-9 no Congreso, onde PSOE e BNG \u201cseguen aliados en bloqueala\u201d a pesar de que o pasado 25 de setembro o Parlamento de Galicia aprobou por quinta vez, e por unanimidade, a reclamaci\u00f3n do traspaso da titularidade desta autoestrada.<\/p>\n<p>\u201cOs representantes do PSOE e Sumar \u2013socios do BNG\u2013 na Mesa do Congreso avogaron por prorrogar por duod\u00e9cima vez o debate da transferencia\u201d, criticou Paula Prado cualificando o acontecido de \u201cbroma de mal gusto\u201d \u00e1 que, na s\u00faa opini\u00f3n, haber\u00eda que engadir a \u201ctremendamente baixa vontade pol\u00edtica\u201d verbalizada a este respecto polo ministro \u00d3scar Puente.<\/p>\n<p>Esta pr\u00f3rroga e a nula vontade do Goberno central por facer realidade esta demanda hist\u00f3rica de Galicia supo\u00f1en as\u00ed mesmo \u201co incumprimento da promesa electoral do PSOE, ao que s\u00f3 lle interesou a transferencia cando hab\u00eda que buscar votos\u201d. De feito, o propio Executivo anunciou esta semana que vai estudar a eliminaci\u00f3n de peaxes en tres autoestradas de Madrid, \u00c1vila e Segovia \u201cmentres en Galicia, coma sempre, a s\u00faa opini\u00f3n \u00e9 outra\u201d.<\/p>\n<p>\u201cDesde o PPdeG seguiremos defendendo o traspaso e a gratuidade da AP-9, e tam\u00e9n da AP-53, as m\u00e1is caras de Espa\u00f1a\u201d, conclu\u00edu a n\u00famero dous dos populares galegos po\u00f1endo en valor a recente decisi\u00f3n do Goberno galego de liberalizar catro autov\u00edas auton\u00f3micas.<\/p>\n<p><strong><u>GALICIA SEGUE FUNCIONANDO<\/u><\/strong><\/p>\n<p>Para Paula Prado o debate do Proxecto de lei de orzamentos xerais de Galicia para o 2025 o pr\u00f3ximo luns ser\u00e1 a constataci\u00f3n de que \u201cGalicia segue funcionando\u201d, xa que a nosa Comunidade \u201cseguir\u00e1 o cami\u00f1o para aprobar un ano m\u00e1is, e xa van 16 de forma consecutiva, as contas en tempo e forma\u201d.<\/p>\n<p>Destacou que se trata dos Orzamentos \u201cm\u00e1is altos da Historia\u201d, con case 14.000 mill\u00f3ns de euros dos que \u201c3 de cada 4 euros dest\u00ednanse a gasto social\u201d. Ademais, tripl\u00edcanse os orzamentos destinados a vivenda p\u00fablica, ref\u00f3rzase o apoio aos concellos \u2013cun aumento de 30 mill\u00f3ns de euros, ata os 641 mill\u00f3ns\u2013 e imp\u00falsanse as rebaixas fiscais.<\/p>\n<p>&nbsp;<\/p>\n","protected":false},"excerpt":{"rendered":"<p>O Partido Popular de Galicia acusa aos responsables do BNG e do PSdeG de \u201cquedar en evidencia\u201d sostendo a Pedro S\u00e1nchez no poder \u201ca pesar dos seus cambios de opini\u00f3n e os seus desprezos a Galicia\u201d en cuesti\u00f3ns como o financiamento singular para Catalu\u00f1a ou o traspaso da AP-9. A secretaria xeral do partido, Paula [&hellip;]<\/p>\n","protected":false},"author":37,"featured_media":64959,"comment_status":"closed","ping_status":"open","sticky":false,"template":"","format":"standard","meta":{"_acf_changed":false,"footnotes":""},"categories":[1],"tags":[],"class_list":["post-64957","post","type-post","status-publish","format-standard","has-post-thumbnail","hentry","category-pp-de-galicia"],"acf":[],"yoast_head":"<!-- This site is optimized with the Yoast SEO plugin v27.3 - https:\/\/yoast.com\/product\/yoast-seo-wordpress\/ -->\n<title>O PPdeG reprocha ao BNG e o PSdeG que sigan sostendo a S\u00e1nchez \u201ca pesar dos seus cambios de opini\u00f3n e desprezos a Galicia\u201d - PP de Galicia<\/title>\n<meta name=\"robots\" content=\"index, follow, max-snippet:-1, max-image-preview:large, max-video-preview:-1\" \/>\n<link rel=\"canonical\" href=\"https:\/\/ppdegalicia.com\/es\/o-ppdeg-reprocha-ao-bng-e-o-psdeg-que-sigan-sostendo-a-sanchez-a-pesar-dos-seus-cambios-de-opinion-e-desprezos-a-galicia\/\" \/>\n<meta property=\"og:locale\" content=\"es_ES\" \/>\n<meta property=\"og:type\" content=\"article\" \/>\n<meta property=\"og:title\" content=\"O PPdeG reprocha ao BNG e o PSdeG que sigan sostendo a S\u00e1nchez \u201ca pesar dos seus cambios de opini\u00f3n e desprezos a Galicia\u201d - PP de Galicia\" \/>\n<meta property=\"og:description\" content=\"O Partido Popular de Galicia acusa aos responsables do BNG e do PSdeG de \u201cquedar en evidencia\u201d sostendo a Pedro S\u00e1nchez no poder \u201ca pesar dos seus cambios de opini\u00f3n e os seus desprezos a Galicia\u201d en cuesti\u00f3ns como o financiamento singular para Catalu\u00f1a ou o traspaso da AP-9. A secretaria xeral do partido, Paula [&hellip;]\" \/>\n<meta property=\"og:url\" content=\"https:\/\/ppdegalicia.com\/es\/o-ppdeg-reprocha-ao-bng-e-o-psdeg-que-sigan-sostendo-a-sanchez-a-pesar-dos-seus-cambios-de-opinion-e-desprezos-a-galicia\/\" \/>\n<meta property=\"og:site_name\" content=\"PP de Galicia\" \/>\n<meta property=\"article:publisher\" content=\"https:\/\/www.instagram.com\/ppdegalicia\/\" \/>\n<meta property=\"article:published_time\" content=\"2024-11-14T13:47:28+00:00\" \/>\n<meta property=\"article:modified_time\" content=\"2024-12-04T12:24:12+00:00\" \/>\n<meta property=\"og:image\" content=\"https:\/\/ppdegalicia.com\/wp-content\/uploads\/2024\/11\/20241114_PPrado_rdp_2-1-1536x1024-1.jpg\" \/>\n\t<meta property=\"og:image:width\" content=\"1536\" \/>\n\t<meta property=\"og:image:height\" content=\"1024\" \/>\n\t<meta property=\"og:image:type\" content=\"image\/jpeg\" \/>\n<meta name=\"author\" content=\"Super User\" \/>\n<meta name=\"twitter:card\" content=\"summary_large_image\" \/>\n<meta name=\"twitter:creator\" content=\"@ppdegalicia\" \/>\n<meta name=\"twitter:site\" content=\"@ppdegalicia\" \/>\n<meta name=\"twitter:label1\" content=\"Escrito por\" \/>\n\t<meta name=\"twitter:data1\" content=\"Super User\" \/>\n\t<meta name=\"twitter:label2\" content=\"Tiempo de lectura\" \/>\n\t<meta name=\"twitter:data2\" content=\"3 minutos\" \/>\n<script type=\"application\/ld+json\" class=\"yoast-schema-graph\">{\"@context\":\"https:\\\/\\\/schema.org\",\"@graph\":[{\"@type\":\"Article\",\"@id\":\"https:\\\/\\\/ppdegalicia.com\\\/es\\\/o-ppdeg-reprocha-ao-bng-e-o-psdeg-que-sigan-sostendo-a-sanchez-a-pesar-dos-seus-cambios-de-opinion-e-desprezos-a-galicia\\\/#article\",\"isPartOf\":{\"@id\":\"https:\\\/\\\/ppdegalicia.com\\\/es\\\/o-ppdeg-reprocha-ao-bng-e-o-psdeg-que-sigan-sostendo-a-sanchez-a-pesar-dos-seus-cambios-de-opinion-e-desprezos-a-galicia\\\/\"},\"author\":{\"name\":\"Super User\",\"@id\":\"https:\\\/\\\/ppdegalicia.com\\\/es\\\/#\\\/schema\\\/person\\\/d0f013b8388c980665d44009ab762960\"},\"headline\":\"O PPdeG reprocha ao BNG e o PSdeG que sigan sostendo a S\u00e1nchez \u201ca pesar dos seus cambios de opini\u00f3n e desprezos a Galicia\u201d\",\"datePublished\":\"2024-11-14T13:47:28+00:00\",\"dateModified\":\"2024-12-04T12:24:12+00:00\",\"mainEntityOfPage\":{\"@id\":\"https:\\\/\\\/ppdegalicia.com\\\/es\\\/o-ppdeg-reprocha-ao-bng-e-o-psdeg-que-sigan-sostendo-a-sanchez-a-pesar-dos-seus-cambios-de-opinion-e-desprezos-a-galicia\\\/\"},\"wordCount\":511,\"publisher\":{\"@id\":\"https:\\\/\\\/ppdegalicia.com\\\/es\\\/#organization\"},\"image\":{\"@id\":\"https:\\\/\\\/ppdegalicia.com\\\/es\\\/o-ppdeg-reprocha-ao-bng-e-o-psdeg-que-sigan-sostendo-a-sanchez-a-pesar-dos-seus-cambios-de-opinion-e-desprezos-a-galicia\\\/#primaryimage\"},\"thumbnailUrl\":\"https:\\\/\\\/ppdegalicia.com\\\/wp-content\\\/uploads\\\/2024\\\/11\\\/20241114_PPrado_rdp_2-1-1536x1024-1.jpg\",\"articleSection\":[\"PP de Galicia\"],\"inLanguage\":\"es\"},{\"@type\":\"WebPage\",\"@id\":\"https:\\\/\\\/ppdegalicia.com\\\/es\\\/o-ppdeg-reprocha-ao-bng-e-o-psdeg-que-sigan-sostendo-a-sanchez-a-pesar-dos-seus-cambios-de-opinion-e-desprezos-a-galicia\\\/\",\"url\":\"https:\\\/\\\/ppdegalicia.com\\\/es\\\/o-ppdeg-reprocha-ao-bng-e-o-psdeg-que-sigan-sostendo-a-sanchez-a-pesar-dos-seus-cambios-de-opinion-e-desprezos-a-galicia\\\/\",\"name\":\"O PPdeG reprocha ao BNG e o PSdeG que sigan sostendo a S\u00e1nchez \u201ca pesar dos seus cambios de opini\u00f3n e desprezos a Galicia\u201d - PP de Galicia\",\"isPartOf\":{\"@id\":\"https:\\\/\\\/ppdegalicia.com\\\/es\\\/#website\"},\"primaryImageOfPage\":{\"@id\":\"https:\\\/\\\/ppdegalicia.com\\\/es\\\/o-ppdeg-reprocha-ao-bng-e-o-psdeg-que-sigan-sostendo-a-sanchez-a-pesar-dos-seus-cambios-de-opinion-e-desprezos-a-galicia\\\/#primaryimage\"},\"image\":{\"@id\":\"https:\\\/\\\/ppdegalicia.com\\\/es\\\/o-ppdeg-reprocha-ao-bng-e-o-psdeg-que-sigan-sostendo-a-sanchez-a-pesar-dos-seus-cambios-de-opinion-e-desprezos-a-galicia\\\/#primaryimage\"},\"thumbnailUrl\":\"https:\\\/\\\/ppdegalicia.com\\\/wp-content\\\/uploads\\\/2024\\\/11\\\/20241114_PPrado_rdp_2-1-1536x1024-1.jpg\",\"datePublished\":\"2024-11-14T13:47:28+00:00\",\"dateModified\":\"2024-12-04T12:24:12+00:00\",\"breadcrumb\":{\"@id\":\"https:\\\/\\\/ppdegalicia.com\\\/es\\\/o-ppdeg-reprocha-ao-bng-e-o-psdeg-que-sigan-sostendo-a-sanchez-a-pesar-dos-seus-cambios-de-opinion-e-desprezos-a-galicia\\\/#breadcrumb\"},\"inLanguage\":\"es\",\"potentialAction\":[{\"@type\":\"ReadAction\",\"target\":[\"https:\\\/\\\/ppdegalicia.com\\\/es\\\/o-ppdeg-reprocha-ao-bng-e-o-psdeg-que-sigan-sostendo-a-sanchez-a-pesar-dos-seus-cambios-de-opinion-e-desprezos-a-galicia\\\/\"]}]},{\"@type\":\"ImageObject\",\"inLanguage\":\"es\",\"@id\":\"https:\\\/\\\/ppdegalicia.com\\\/es\\\/o-ppdeg-reprocha-ao-bng-e-o-psdeg-que-sigan-sostendo-a-sanchez-a-pesar-dos-seus-cambios-de-opinion-e-desprezos-a-galicia\\\/#primaryimage\",\"url\":\"https:\\\/\\\/ppdegalicia.com\\\/wp-content\\\/uploads\\\/2024\\\/11\\\/20241114_PPrado_rdp_2-1-1536x1024-1.jpg\",\"contentUrl\":\"https:\\\/\\\/ppdegalicia.com\\\/wp-content\\\/uploads\\\/2024\\\/11\\\/20241114_PPrado_rdp_2-1-1536x1024-1.jpg\",\"width\":1536,\"height\":1024},{\"@type\":\"BreadcrumbList\",\"@id\":\"https:\\\/\\\/ppdegalicia.com\\\/es\\\/o-ppdeg-reprocha-ao-bng-e-o-psdeg-que-sigan-sostendo-a-sanchez-a-pesar-dos-seus-cambios-de-opinion-e-desprezos-a-galicia\\\/#breadcrumb\",\"itemListElement\":[{\"@type\":\"ListItem\",\"position\":1,\"name\":\"Portada\",\"item\":\"https:\\\/\\\/ppdegalicia.com\\\/es\\\/\"},{\"@type\":\"ListItem\",\"position\":2,\"name\":\"O PPdeG reprocha ao BNG e o PSdeG que sigan sostendo a S\u00e1nchez \u201ca pesar dos seus cambios de opini\u00f3n e desprezos a Galicia\u201d\"}]},{\"@type\":\"WebSite\",\"@id\":\"https:\\\/\\\/ppdegalicia.com\\\/es\\\/#website\",\"url\":\"https:\\\/\\\/ppdegalicia.com\\\/es\\\/\",\"name\":\"Partido Popular de Galicia\",\"description\":\"Partido Popular de Galicia\",\"publisher\":{\"@id\":\"https:\\\/\\\/ppdegalicia.com\\\/es\\\/#organization\"},\"alternateName\":\"PP de Galicia\",\"potentialAction\":[{\"@type\":\"SearchAction\",\"target\":{\"@type\":\"EntryPoint\",\"urlTemplate\":\"https:\\\/\\\/ppdegalicia.com\\\/es\\\/?s={search_term_string}\"},\"query-input\":{\"@type\":\"PropertyValueSpecification\",\"valueRequired\":true,\"valueName\":\"search_term_string\"}}],\"inLanguage\":\"es\"},{\"@type\":\"Organization\",\"@id\":\"https:\\\/\\\/ppdegalicia.com\\\/es\\\/#organization\",\"name\":\"Partido Popular de Galicia\",\"alternateName\":\"PP de Galicia\",\"url\":\"https:\\\/\\\/ppdegalicia.com\\\/es\\\/\",\"logo\":{\"@type\":\"ImageObject\",\"inLanguage\":\"es\",\"@id\":\"https:\\\/\\\/ppdegalicia.com\\\/es\\\/#\\\/schema\\\/logo\\\/image\\\/\",\"url\":\"https:\\\/\\\/ppdegalicia.com\\\/wp-content\\\/uploads\\\/2023\\\/04\\\/logoPP512.png\",\"contentUrl\":\"https:\\\/\\\/ppdegalicia.com\\\/wp-content\\\/uploads\\\/2023\\\/04\\\/logoPP512.png\",\"width\":512,\"height\":512,\"caption\":\"Partido Popular de Galicia\"},\"image\":{\"@id\":\"https:\\\/\\\/ppdegalicia.com\\\/es\\\/#\\\/schema\\\/logo\\\/image\\\/\"},\"sameAs\":[\"https:\\\/\\\/www.instagram.com\\\/ppdegalicia\\\/\",\"https:\\\/\\\/x.com\\\/ppdegalicia\",\"https:\\\/\\\/www.tiktok.com\\\/@ppdegalicia\",\"https:\\\/\\\/www.youtube.com\\\/user\\\/ppdegalicia\"]},{\"@type\":\"Person\",\"@id\":\"https:\\\/\\\/ppdegalicia.com\\\/es\\\/#\\\/schema\\\/person\\\/d0f013b8388c980665d44009ab762960\",\"name\":\"Super User\",\"image\":{\"@type\":\"ImageObject\",\"inLanguage\":\"es\",\"@id\":\"https:\\\/\\\/secure.gravatar.com\\\/avatar\\\/1db852625ef4948f58d2739bfbc51e4b9bd5c93b8fa340b59fdb594ca0845645?s=96&d=mm&r=g\",\"url\":\"https:\\\/\\\/secure.gravatar.com\\\/avatar\\\/1db852625ef4948f58d2739bfbc51e4b9bd5c93b8fa340b59fdb594ca0845645?s=96&d=mm&r=g\",\"contentUrl\":\"https:\\\/\\\/secure.gravatar.com\\\/avatar\\\/1db852625ef4948f58d2739bfbc51e4b9bd5c93b8fa340b59fdb594ca0845645?s=96&d=mm&r=g\",\"caption\":\"Super User\"},\"url\":\"https:\\\/\\\/ppdegalicia.com\\\/es\\\/author\\\/ppdegaliciagestion\\\/\"}]}<\/script>\n<!-- \/ Yoast SEO plugin. -->","yoast_head_json":{"title":"O PPdeG reprocha ao BNG e o PSdeG que sigan sostendo a S\u00e1nchez \u201ca pesar dos seus cambios de opini\u00f3n e desprezos a Galicia\u201d - PP de Galicia","robots":{"index":"index","follow":"follow","max-snippet":"max-snippet:-1","max-image-preview":"max-image-preview:large","max-video-preview":"max-video-preview:-1"},"canonical":"https:\/\/ppdegalicia.com\/es\/o-ppdeg-reprocha-ao-bng-e-o-psdeg-que-sigan-sostendo-a-sanchez-a-pesar-dos-seus-cambios-de-opinion-e-desprezos-a-galicia\/","og_locale":"es_ES","og_type":"article","og_title":"O PPdeG reprocha ao BNG e o PSdeG que sigan sostendo a S\u00e1nchez \u201ca pesar dos seus cambios de opini\u00f3n e desprezos a Galicia\u201d - PP de Galicia","og_description":"O Partido Popular de Galicia acusa aos responsables do BNG e do PSdeG de \u201cquedar en evidencia\u201d sostendo a Pedro S\u00e1nchez no poder \u201ca pesar dos seus cambios de opini\u00f3n e os seus desprezos a Galicia\u201d en cuesti\u00f3ns como o financiamento singular para Catalu\u00f1a ou o traspaso da AP-9. A secretaria xeral do partido, Paula [&hellip;]","og_url":"https:\/\/ppdegalicia.com\/es\/o-ppdeg-reprocha-ao-bng-e-o-psdeg-que-sigan-sostendo-a-sanchez-a-pesar-dos-seus-cambios-de-opinion-e-desprezos-a-galicia\/","og_site_name":"PP de Galicia","article_publisher":"https:\/\/www.instagram.com\/ppdegalicia\/","article_published_time":"2024-11-14T13:47:28+00:00","article_modified_time":"2024-12-04T12:24:12+00:00","og_image":[{"width":1536,"height":1024,"url":"https:\/\/ppdegalicia.com\/wp-content\/uploads\/2024\/11\/20241114_PPrado_rdp_2-1-1536x1024-1.jpg","type":"image\/jpeg"}],"author":"Super User","twitter_card":"summary_large_image","twitter_creator":"@ppdegalicia","twitter_site":"@ppdegalicia","twitter_misc":{"Escrito por":"Super User","Tiempo de lectura":"3 minutos"},"schema":{"@context":"https:\/\/schema.org","@graph":[{"@type":"Article","@id":"https:\/\/ppdegalicia.com\/es\/o-ppdeg-reprocha-ao-bng-e-o-psdeg-que-sigan-sostendo-a-sanchez-a-pesar-dos-seus-cambios-de-opinion-e-desprezos-a-galicia\/#article","isPartOf":{"@id":"https:\/\/ppdegalicia.com\/es\/o-ppdeg-reprocha-ao-bng-e-o-psdeg-que-sigan-sostendo-a-sanchez-a-pesar-dos-seus-cambios-de-opinion-e-desprezos-a-galicia\/"},"author":{"name":"Super User","@id":"https:\/\/ppdegalicia.com\/es\/#\/schema\/person\/d0f013b8388c980665d44009ab762960"},"headline":"O PPdeG reprocha ao BNG e o PSdeG que sigan sostendo a S\u00e1nchez \u201ca pesar dos seus cambios de opini\u00f3n e desprezos a Galicia\u201d","datePublished":"2024-11-14T13:47:28+00:00","dateModified":"2024-12-04T12:24:12+00:00","mainEntityOfPage":{"@id":"https:\/\/ppdegalicia.com\/es\/o-ppdeg-reprocha-ao-bng-e-o-psdeg-que-sigan-sostendo-a-sanchez-a-pesar-dos-seus-cambios-de-opinion-e-desprezos-a-galicia\/"},"wordCount":511,"publisher":{"@id":"https:\/\/ppdegalicia.com\/es\/#organization"},"image":{"@id":"https:\/\/ppdegalicia.com\/es\/o-ppdeg-reprocha-ao-bng-e-o-psdeg-que-sigan-sostendo-a-sanchez-a-pesar-dos-seus-cambios-de-opinion-e-desprezos-a-galicia\/#primaryimage"},"thumbnailUrl":"https:\/\/ppdegalicia.com\/wp-content\/uploads\/2024\/11\/20241114_PPrado_rdp_2-1-1536x1024-1.jpg","articleSection":["PP de Galicia"],"inLanguage":"es"},{"@type":"WebPage","@id":"https:\/\/ppdegalicia.com\/es\/o-ppdeg-reprocha-ao-bng-e-o-psdeg-que-sigan-sostendo-a-sanchez-a-pesar-dos-seus-cambios-de-opinion-e-desprezos-a-galicia\/","url":"https:\/\/ppdegalicia.com\/es\/o-ppdeg-reprocha-ao-bng-e-o-psdeg-que-sigan-sostendo-a-sanchez-a-pesar-dos-seus-cambios-de-opinion-e-desprezos-a-galicia\/","name":"O PPdeG reprocha ao BNG e o PSdeG que sigan sostendo a S\u00e1nchez \u201ca pesar dos seus cambios de opini\u00f3n e desprezos a Galicia\u201d - PP de Galicia","isPartOf":{"@id":"https:\/\/ppdegalicia.com\/es\/#website"},"primaryImageOfPage":{"@id":"https:\/\/ppdegalicia.com\/es\/o-ppdeg-reprocha-ao-bng-e-o-psdeg-que-sigan-sostendo-a-sanchez-a-pesar-dos-seus-cambios-de-opinion-e-desprezos-a-galicia\/#primaryimage"},"image":{"@id":"https:\/\/ppdegalicia.com\/es\/o-ppdeg-reprocha-ao-bng-e-o-psdeg-que-sigan-sostendo-a-sanchez-a-pesar-dos-seus-cambios-de-opinion-e-desprezos-a-galicia\/#primaryimage"},"thumbnailUrl":"https:\/\/ppdegalicia.com\/wp-content\/uploads\/2024\/11\/20241114_PPrado_rdp_2-1-1536x1024-1.jpg","datePublished":"2024-11-14T13:47:28+00:00","dateModified":"2024-12-04T12:24:12+00:00","breadcrumb":{"@id":"https:\/\/ppdegalicia.com\/es\/o-ppdeg-reprocha-ao-bng-e-o-psdeg-que-sigan-sostendo-a-sanchez-a-pesar-dos-seus-cambios-de-opinion-e-desprezos-a-galicia\/#breadcrumb"},"inLanguage":"es","potentialAction":[{"@type":"ReadAction","target":["https:\/\/ppdegalicia.com\/es\/o-ppdeg-reprocha-ao-bng-e-o-psdeg-que-sigan-sostendo-a-sanchez-a-pesar-dos-seus-cambios-de-opinion-e-desprezos-a-galicia\/"]}]},{"@type":"ImageObject","inLanguage":"es","@id":"https:\/\/ppdegalicia.com\/es\/o-ppdeg-reprocha-ao-bng-e-o-psdeg-que-sigan-sostendo-a-sanchez-a-pesar-dos-seus-cambios-de-opinion-e-desprezos-a-galicia\/#primaryimage","url":"https:\/\/ppdegalicia.com\/wp-content\/uploads\/2024\/11\/20241114_PPrado_rdp_2-1-1536x1024-1.jpg","contentUrl":"https:\/\/ppdegalicia.com\/wp-content\/uploads\/2024\/11\/20241114_PPrado_rdp_2-1-1536x1024-1.jpg","width":1536,"height":1024},{"@type":"BreadcrumbList","@id":"https:\/\/ppdegalicia.com\/es\/o-ppdeg-reprocha-ao-bng-e-o-psdeg-que-sigan-sostendo-a-sanchez-a-pesar-dos-seus-cambios-de-opinion-e-desprezos-a-galicia\/#breadcrumb","itemListElement":[{"@type":"ListItem","position":1,"name":"Portada","item":"https:\/\/ppdegalicia.com\/es\/"},{"@type":"ListItem","position":2,"name":"O PPdeG reprocha ao BNG e o PSdeG que sigan sostendo a S\u00e1nchez \u201ca pesar dos seus cambios de opini\u00f3n e desprezos a Galicia\u201d"}]},{"@type":"WebSite","@id":"https:\/\/ppdegalicia.com\/es\/#website","url":"https:\/\/ppdegalicia.com\/es\/","name":"Partido Popular de Galicia","description":"Partido Popular de Galicia","publisher":{"@id":"https:\/\/ppdegalicia.com\/es\/#organization"},"alternateName":"PP de Galicia","potentialAction":[{"@type":"SearchAction","target":{"@type":"EntryPoint","urlTemplate":"https:\/\/ppdegalicia.com\/es\/?s={search_term_string}"},"query-input":{"@type":"PropertyValueSpecification","valueRequired":true,"valueName":"search_term_string"}}],"inLanguage":"es"},{"@type":"Organization","@id":"https:\/\/ppdegalicia.com\/es\/#organization","name":"Partido Popular de Galicia","alternateName":"PP de Galicia","url":"https:\/\/ppdegalicia.com\/es\/","logo":{"@type":"ImageObject","inLanguage":"es","@id":"https:\/\/ppdegalicia.com\/es\/#\/schema\/logo\/image\/","url":"https:\/\/ppdegalicia.com\/wp-content\/uploads\/2023\/04\/logoPP512.png","contentUrl":"https:\/\/ppdegalicia.com\/wp-content\/uploads\/2023\/04\/logoPP512.png","width":512,"height":512,"caption":"Partido Popular de Galicia"},"image":{"@id":"https:\/\/ppdegalicia.com\/es\/#\/schema\/logo\/image\/"},"sameAs":["https:\/\/www.instagram.com\/ppdegalicia\/","https:\/\/x.com\/ppdegalicia","https:\/\/www.tiktok.com\/@ppdegalicia","https:\/\/www.youtube.com\/user\/ppdegalicia"]},{"@type":"Person","@id":"https:\/\/ppdegalicia.com\/es\/#\/schema\/person\/d0f013b8388c980665d44009ab762960","name":"Super User","image":{"@type":"ImageObject","inLanguage":"es","@id":"https:\/\/secure.gravatar.com\/avatar\/1db852625ef4948f58d2739bfbc51e4b9bd5c93b8fa340b59fdb594ca0845645?s=96&d=mm&r=g","url":"https:\/\/secure.gravatar.com\/avatar\/1db852625ef4948f58d2739bfbc51e4b9bd5c93b8fa340b59fdb594ca0845645?s=96&d=mm&r=g","contentUrl":"https:\/\/secure.gravatar.com\/avatar\/1db852625ef4948f58d2739bfbc51e4b9bd5c93b8fa340b59fdb594ca0845645?s=96&d=mm&r=g","caption":"Super User"},"url":"https:\/\/ppdegalicia.com\/es\/author\/ppdegaliciagestion\/"}]}},"_links":{"self":[{"href":"https:\/\/ppdegalicia.com\/es\/wp-json\/wp\/v2\/posts\/64957","targetHints":{"allow":["GET"]}}],"collection":[{"href":"https:\/\/ppdegalicia.com\/es\/wp-json\/wp\/v2\/posts"}],"about":[{"href":"https:\/\/ppdegalicia.com\/es\/wp-json\/wp\/v2\/types\/post"}],"author":[{"embeddable":true,"href":"https:\/\/ppdegalicia.com\/es\/wp-json\/wp\/v2\/users\/37"}],"replies":[{"embeddable":true,"href":"https:\/\/ppdegalicia.com\/es\/wp-json\/wp\/v2\/comments?post=64957"}],"version-history":[{"count":2,"href":"https:\/\/ppdegalicia.com\/es\/wp-json\/wp\/v2\/posts\/64957\/revisions"}],"predecessor-version":[{"id":64961,"href":"https:\/\/ppdegalicia.com\/es\/wp-json\/wp\/v2\/posts\/64957\/revisions\/64961"}],"wp:featuredmedia":[{"embeddable":true,"href":"https:\/\/ppdegalicia.com\/es\/wp-json\/wp\/v2\/media\/64959"}],"wp:attachment":[{"href":"https:\/\/ppdegalicia.com\/es\/wp-json\/wp\/v2\/media?parent=64957"}],"wp:term":[{"taxonomy":"category","embeddable":true,"href":"https:\/\/ppdegalicia.com\/es\/wp-json\/wp\/v2\/categories?post=64957"},{"taxonomy":"post_tag","embeddable":true,"href":"https:\/\/ppdegalicia.com\/es\/wp-json\/wp\/v2\/tags?post=64957"}],"curies":[{"name":"wp","href":"https:\/\/api.w.org\/{rel}","templated":true}]}}