{"id":64962,"date":"2024-11-14T14:53:57","date_gmt":"2024-11-14T13:53:57","guid":{"rendered":"https:\/\/ppdegalicia.com\/?p=64962"},"modified":"2024-12-04T13:25:40","modified_gmt":"2024-12-04T12:25:40","slug":"millan-mon-defiende-en-europa-la-necesidad-de-un-sector-pesquero-prospero-para-garantizar-la-seguridad-alimentaria","status":"publish","type":"post","link":"https:\/\/ppdegalicia.com\/es\/millan-mon-defiende-en-europa-la-necesidad-de-un-sector-pesquero-prospero-para-garantizar-la-seguridad-alimentaria\/","title":{"rendered":"Mill\u00e1n Mon defiende en Europa la necesidad de un sector pesquero pr\u00f3spero para garantizar la seguridad alimentaria"},"content":{"rendered":"<p>El\u00a0eurodiputado gallego y miembro titular de la Comisi\u00f3n de Pesca del Parlamento Europeo\u00a0Francisco Mill\u00e1n Mon\u00a0intervino hoy en un debate sobre la contribuci\u00f3n de la pesca y la acuicultura a la seguridad alimentaria. La discusi\u00f3n tuvo lugar en Bruselas, en el marco de un evento coorganizado por el Comit\u00e9 Econ\u00f3mico y Social Europeo y la Oficina Europea para la Conservaci\u00f3n y Desarrollo y patrocinado por la Xunta de Galicia.<\/p>\n<p>Mill\u00e1n Mon\u00a0defendi\u00f3 el papel fundamental de la pesca y la acuicultura para la seguridad alimentaria, \u201caunque son, en ocasiones, olvidadas\u201d. Record\u00f3 que se trata de sectores estrat\u00e9gicos y que el pescado \u201cno s\u00f3lo es una comida muy nutritiva, sino que tambi\u00e9n es la prote\u00edna animal con las emisiones m\u00e1s bajas\u201d. Por este motivo, continu\u00f3 el eurodiputado, es esencial mejorar la situaci\u00f3n del sector pesquero europeo, que cada a\u00f1o tiene \u201cmenos barcos, menos empleados, menos beneficios y captura menos pescado\u201d. Destac\u00f3, a continuaci\u00f3n, que la UE importa ya el 70% del pescado que consume, \u201clo cual limita nuestra autonom\u00eda y seguridad alimentaria\u201d. Tras referirse al reciente informe SOFIA de la FAO,\u00a0Mill\u00e1n Mon\u00a0manifest\u00f3 que \u201cpor primera vez la producci\u00f3n acu\u00edcola del mundo ha excedido a la pesca extractiva y, sin embargo, la acuicultura europea est\u00e1 estancada\u201d.<\/p>\n<p>El eurodiputado popular lament\u00f3 que la Comisi\u00f3n Europea haya priorizado la protecci\u00f3n medioambiental en las iniciativas legislativas de los \u00faltimos 15 a\u00f1os, relegando las dimensiones econ\u00f3mica y social.\u00a0Mill\u00e1n Mon\u00a0aprovech\u00f3 la ocasi\u00f3n para celebrar la separaci\u00f3n de las carteras de medio ambiente y pesca. En este contexto, se\u00f1al\u00f3 que espera que se abra una \u201cnueva etapa\u201d y subray\u00f3 la importancia de tener un sector \u201ccompetitivo, resiliente y pr\u00f3spero\u201d.<\/p>\n<p>&nbsp;<\/p>\n<p>Mill\u00e1n Mon\u00a0aprovech\u00f3 tambi\u00e9n la ocasi\u00f3n para abordar los desaf\u00edos a los que se enfrenta sector pesquero. Comenz\u00f3 defendiendo la necesidad de que las nuevas iniciativas legislativas tengan en cuenta debidamente las dimensiones econ\u00f3mica y social y pidi\u00f3 una reforma de la PPC. Asimismo, se refiri\u00f3 al desaf\u00edo de garantizar el relevo generacional, \u201cno s\u00f3lo de los trabajadores, sino tambi\u00e9n de los armadores, que a menudo no quieren que sus hijos hereden el barco y prefieren desguazarlo\u201d, apunt\u00f3. El eurodiputado gallego tambi\u00e9n abord\u00f3 el reto de la descarbonizaci\u00f3n y de la bajada del consumo de pescado.<\/p>\n<p>En relaci\u00f3n con la dimensi\u00f3n exterior,\u00a0Mill\u00e1n Mon\u00a0mencion\u00f3 el aumento de las importaciones de pescado y pidi\u00f3 una acci\u00f3n exterior coherente en la UE: \u201cla ambici\u00f3n de la UE de liderar con el ejemplo debe ir acompa\u00f1ada de la consecuci\u00f3n del level playing field\u201d. Tampoco se olvid\u00f3 de la industria conservera europea de pescado y pidi\u00f3 su exclusi\u00f3n de los tratados de libre comercio. \u201cNo pueden competir con las importaciones de terceros pa\u00edses, que son mucho m\u00e1s baratas por los bajos costes de producci\u00f3n, por sus bajos est\u00e1ndares y tambi\u00e9n por la tolerancia con la pesca ilegal\u201d, subray\u00f3, tras mencionar las negociaciones en curso con Tailandia e Indonesia.<\/p>\n<p>Para finalizar, el eurodiputado se refiri\u00f3 a las dificultades de garantizar el alimento a una poblaci\u00f3n en constante incremento: \u201cel mundo tendr\u00e1 10 mil millones de habitantes en 2050, \u00bfc\u00f3mo se va a alimentar a toda esa poblaci\u00f3n?\u201d. Para el eurodiputado, la pesca y la acuicultura desempe\u00f1an un papel esencial en este contexto. Por ello considera fundamental cuidar al sector, \u201c\u00bfacaso vamos a abandonar nuestra tradici\u00f3n pesquera y acu\u00edcola cuando m\u00e1s las necesitamos?\u201d, concluy\u00f3.<\/p>\n<p>&nbsp;<\/p>\n","protected":false},"excerpt":{"rendered":"<p>El\u00a0eurodiputado gallego y miembro titular de la Comisi\u00f3n de Pesca del Parlamento Europeo\u00a0Francisco Mill\u00e1n Mon\u00a0intervino hoy en un debate sobre la contribuci\u00f3n de la pesca y la acuicultura a la seguridad alimentaria. La discusi\u00f3n tuvo lugar en Bruselas, en el marco de un evento coorganizado por el Comit\u00e9 Econ\u00f3mico y Social Europeo y la Oficina [&hellip;]<\/p>\n","protected":false},"author":37,"featured_media":64964,"comment_status":"closed","ping_status":"open","sticky":false,"template":"","format":"standard","meta":{"_acf_changed":false,"footnotes":""},"categories":[1127],"tags":[],"class_list":["post-64962","post","type-post","status-publish","format-standard","has-post-thumbnail","hentry","category-actualidad-parlamento-europeo"],"acf":[],"yoast_head":"<!-- This site is optimized with the Yoast SEO plugin v27.3 - https:\/\/yoast.com\/product\/yoast-seo-wordpress\/ -->\n<title>Mill\u00e1n Mon defiende en Europa la necesidad de un sector pesquero pr\u00f3spero para garantizar la seguridad alimentaria - PP de Galicia<\/title>\n<meta name=\"robots\" content=\"index, follow, max-snippet:-1, max-image-preview:large, max-video-preview:-1\" \/>\n<link rel=\"canonical\" href=\"https:\/\/ppdegalicia.com\/es\/millan-mon-defiende-en-europa-la-necesidad-de-un-sector-pesquero-prospero-para-garantizar-la-seguridad-alimentaria\/\" \/>\n<meta property=\"og:locale\" content=\"es_ES\" \/>\n<meta property=\"og:type\" content=\"article\" \/>\n<meta property=\"og:title\" content=\"Mill\u00e1n Mon defiende en Europa la necesidad de un sector pesquero pr\u00f3spero para garantizar la seguridad alimentaria - PP de Galicia\" \/>\n<meta property=\"og:description\" content=\"El\u00a0eurodiputado gallego y miembro titular de la Comisi\u00f3n de Pesca del Parlamento Europeo\u00a0Francisco Mill\u00e1n Mon\u00a0intervino hoy en un debate sobre la contribuci\u00f3n de la pesca y la acuicultura a la seguridad alimentaria. La discusi\u00f3n tuvo lugar en Bruselas, en el marco de un evento coorganizado por el Comit\u00e9 Econ\u00f3mico y Social Europeo y la Oficina [&hellip;]\" \/>\n<meta property=\"og:url\" content=\"https:\/\/ppdegalicia.com\/es\/millan-mon-defiende-en-europa-la-necesidad-de-un-sector-pesquero-prospero-para-garantizar-la-seguridad-alimentaria\/\" \/>\n<meta property=\"og:site_name\" content=\"PP de Galicia\" \/>\n<meta property=\"article:publisher\" content=\"https:\/\/www.instagram.com\/ppdegalicia\/\" \/>\n<meta property=\"article:published_time\" content=\"2024-11-14T13:53:57+00:00\" \/>\n<meta property=\"article:modified_time\" content=\"2024-12-04T12:25:40+00:00\" \/>\n<meta property=\"og:image\" content=\"https:\/\/ppdegalicia.com\/wp-content\/uploads\/2024\/11\/FMillanMon_Burela-1536x1024-1.jpg\" \/>\n\t<meta property=\"og:image:width\" content=\"1536\" \/>\n\t<meta property=\"og:image:height\" content=\"1024\" \/>\n\t<meta property=\"og:image:type\" content=\"image\/jpeg\" \/>\n<meta name=\"author\" content=\"Super User\" \/>\n<meta name=\"twitter:card\" content=\"summary_large_image\" \/>\n<meta name=\"twitter:creator\" content=\"@ppdegalicia\" \/>\n<meta name=\"twitter:site\" content=\"@ppdegalicia\" \/>\n<meta name=\"twitter:label1\" content=\"Escrito por\" \/>\n\t<meta name=\"twitter:data1\" content=\"Super User\" \/>\n\t<meta name=\"twitter:label2\" content=\"Tiempo de lectura\" \/>\n\t<meta name=\"twitter:data2\" content=\"4 minutos\" \/>\n<script type=\"application\/ld+json\" class=\"yoast-schema-graph\">{\"@context\":\"https:\\\/\\\/schema.org\",\"@graph\":[{\"@type\":\"Article\",\"@id\":\"https:\\\/\\\/ppdegalicia.com\\\/es\\\/millan-mon-defiende-en-europa-la-necesidad-de-un-sector-pesquero-prospero-para-garantizar-la-seguridad-alimentaria\\\/#article\",\"isPartOf\":{\"@id\":\"https:\\\/\\\/ppdegalicia.com\\\/es\\\/millan-mon-defiende-en-europa-la-necesidad-de-un-sector-pesquero-prospero-para-garantizar-la-seguridad-alimentaria\\\/\"},\"author\":{\"name\":\"Super User\",\"@id\":\"https:\\\/\\\/ppdegalicia.com\\\/es\\\/#\\\/schema\\\/person\\\/d0f013b8388c980665d44009ab762960\"},\"headline\":\"Mill\u00e1n Mon defiende en Europa la necesidad de un sector pesquero pr\u00f3spero para garantizar la seguridad alimentaria\",\"datePublished\":\"2024-11-14T13:53:57+00:00\",\"dateModified\":\"2024-12-04T12:25:40+00:00\",\"mainEntityOfPage\":{\"@id\":\"https:\\\/\\\/ppdegalicia.com\\\/es\\\/millan-mon-defiende-en-europa-la-necesidad-de-un-sector-pesquero-prospero-para-garantizar-la-seguridad-alimentaria\\\/\"},\"wordCount\":631,\"publisher\":{\"@id\":\"https:\\\/\\\/ppdegalicia.com\\\/es\\\/#organization\"},\"image\":{\"@id\":\"https:\\\/\\\/ppdegalicia.com\\\/es\\\/millan-mon-defiende-en-europa-la-necesidad-de-un-sector-pesquero-prospero-para-garantizar-la-seguridad-alimentaria\\\/#primaryimage\"},\"thumbnailUrl\":\"https:\\\/\\\/ppdegalicia.com\\\/wp-content\\\/uploads\\\/2024\\\/11\\\/FMillanMon_Burela-1536x1024-1.jpg\",\"articleSection\":[\"Parlamento Europeo\"],\"inLanguage\":\"es\"},{\"@type\":\"WebPage\",\"@id\":\"https:\\\/\\\/ppdegalicia.com\\\/es\\\/millan-mon-defiende-en-europa-la-necesidad-de-un-sector-pesquero-prospero-para-garantizar-la-seguridad-alimentaria\\\/\",\"url\":\"https:\\\/\\\/ppdegalicia.com\\\/es\\\/millan-mon-defiende-en-europa-la-necesidad-de-un-sector-pesquero-prospero-para-garantizar-la-seguridad-alimentaria\\\/\",\"name\":\"Mill\u00e1n Mon defiende en Europa la necesidad de un sector pesquero pr\u00f3spero para garantizar la seguridad alimentaria - PP de Galicia\",\"isPartOf\":{\"@id\":\"https:\\\/\\\/ppdegalicia.com\\\/es\\\/#website\"},\"primaryImageOfPage\":{\"@id\":\"https:\\\/\\\/ppdegalicia.com\\\/es\\\/millan-mon-defiende-en-europa-la-necesidad-de-un-sector-pesquero-prospero-para-garantizar-la-seguridad-alimentaria\\\/#primaryimage\"},\"image\":{\"@id\":\"https:\\\/\\\/ppdegalicia.com\\\/es\\\/millan-mon-defiende-en-europa-la-necesidad-de-un-sector-pesquero-prospero-para-garantizar-la-seguridad-alimentaria\\\/#primaryimage\"},\"thumbnailUrl\":\"https:\\\/\\\/ppdegalicia.com\\\/wp-content\\\/uploads\\\/2024\\\/11\\\/FMillanMon_Burela-1536x1024-1.jpg\",\"datePublished\":\"2024-11-14T13:53:57+00:00\",\"dateModified\":\"2024-12-04T12:25:40+00:00\",\"breadcrumb\":{\"@id\":\"https:\\\/\\\/ppdegalicia.com\\\/es\\\/millan-mon-defiende-en-europa-la-necesidad-de-un-sector-pesquero-prospero-para-garantizar-la-seguridad-alimentaria\\\/#breadcrumb\"},\"inLanguage\":\"es\",\"potentialAction\":[{\"@type\":\"ReadAction\",\"target\":[\"https:\\\/\\\/ppdegalicia.com\\\/es\\\/millan-mon-defiende-en-europa-la-necesidad-de-un-sector-pesquero-prospero-para-garantizar-la-seguridad-alimentaria\\\/\"]}]},{\"@type\":\"ImageObject\",\"inLanguage\":\"es\",\"@id\":\"https:\\\/\\\/ppdegalicia.com\\\/es\\\/millan-mon-defiende-en-europa-la-necesidad-de-un-sector-pesquero-prospero-para-garantizar-la-seguridad-alimentaria\\\/#primaryimage\",\"url\":\"https:\\\/\\\/ppdegalicia.com\\\/wp-content\\\/uploads\\\/2024\\\/11\\\/FMillanMon_Burela-1536x1024-1.jpg\",\"contentUrl\":\"https:\\\/\\\/ppdegalicia.com\\\/wp-content\\\/uploads\\\/2024\\\/11\\\/FMillanMon_Burela-1536x1024-1.jpg\",\"width\":1536,\"height\":1024},{\"@type\":\"BreadcrumbList\",\"@id\":\"https:\\\/\\\/ppdegalicia.com\\\/es\\\/millan-mon-defiende-en-europa-la-necesidad-de-un-sector-pesquero-prospero-para-garantizar-la-seguridad-alimentaria\\\/#breadcrumb\",\"itemListElement\":[{\"@type\":\"ListItem\",\"position\":1,\"name\":\"Portada\",\"item\":\"https:\\\/\\\/ppdegalicia.com\\\/es\\\/\"},{\"@type\":\"ListItem\",\"position\":2,\"name\":\"Mill\u00e1n Mon defiende en Europa la necesidad de un sector pesquero pr\u00f3spero para garantizar la seguridad alimentaria\"}]},{\"@type\":\"WebSite\",\"@id\":\"https:\\\/\\\/ppdegalicia.com\\\/es\\\/#website\",\"url\":\"https:\\\/\\\/ppdegalicia.com\\\/es\\\/\",\"name\":\"Partido Popular de Galicia\",\"description\":\"Partido Popular de Galicia\",\"publisher\":{\"@id\":\"https:\\\/\\\/ppdegalicia.com\\\/es\\\/#organization\"},\"alternateName\":\"PP de Galicia\",\"potentialAction\":[{\"@type\":\"SearchAction\",\"target\":{\"@type\":\"EntryPoint\",\"urlTemplate\":\"https:\\\/\\\/ppdegalicia.com\\\/es\\\/?s={search_term_string}\"},\"query-input\":{\"@type\":\"PropertyValueSpecification\",\"valueRequired\":true,\"valueName\":\"search_term_string\"}}],\"inLanguage\":\"es\"},{\"@type\":\"Organization\",\"@id\":\"https:\\\/\\\/ppdegalicia.com\\\/es\\\/#organization\",\"name\":\"Partido Popular de Galicia\",\"alternateName\":\"PP de Galicia\",\"url\":\"https:\\\/\\\/ppdegalicia.com\\\/es\\\/\",\"logo\":{\"@type\":\"ImageObject\",\"inLanguage\":\"es\",\"@id\":\"https:\\\/\\\/ppdegalicia.com\\\/es\\\/#\\\/schema\\\/logo\\\/image\\\/\",\"url\":\"https:\\\/\\\/ppdegalicia.com\\\/wp-content\\\/uploads\\\/2023\\\/04\\\/logoPP512.png\",\"contentUrl\":\"https:\\\/\\\/ppdegalicia.com\\\/wp-content\\\/uploads\\\/2023\\\/04\\\/logoPP512.png\",\"width\":512,\"height\":512,\"caption\":\"Partido Popular de Galicia\"},\"image\":{\"@id\":\"https:\\\/\\\/ppdegalicia.com\\\/es\\\/#\\\/schema\\\/logo\\\/image\\\/\"},\"sameAs\":[\"https:\\\/\\\/www.instagram.com\\\/ppdegalicia\\\/\",\"https:\\\/\\\/x.com\\\/ppdegalicia\",\"https:\\\/\\\/www.tiktok.com\\\/@ppdegalicia\",\"https:\\\/\\\/www.youtube.com\\\/user\\\/ppdegalicia\"]},{\"@type\":\"Person\",\"@id\":\"https:\\\/\\\/ppdegalicia.com\\\/es\\\/#\\\/schema\\\/person\\\/d0f013b8388c980665d44009ab762960\",\"name\":\"Super User\",\"image\":{\"@type\":\"ImageObject\",\"inLanguage\":\"es\",\"@id\":\"https:\\\/\\\/secure.gravatar.com\\\/avatar\\\/1db852625ef4948f58d2739bfbc51e4b9bd5c93b8fa340b59fdb594ca0845645?s=96&d=mm&r=g\",\"url\":\"https:\\\/\\\/secure.gravatar.com\\\/avatar\\\/1db852625ef4948f58d2739bfbc51e4b9bd5c93b8fa340b59fdb594ca0845645?s=96&d=mm&r=g\",\"contentUrl\":\"https:\\\/\\\/secure.gravatar.com\\\/avatar\\\/1db852625ef4948f58d2739bfbc51e4b9bd5c93b8fa340b59fdb594ca0845645?s=96&d=mm&r=g\",\"caption\":\"Super User\"},\"url\":\"https:\\\/\\\/ppdegalicia.com\\\/es\\\/author\\\/ppdegaliciagestion\\\/\"}]}<\/script>\n<!-- \/ Yoast SEO plugin. -->","yoast_head_json":{"title":"Mill\u00e1n Mon defiende en Europa la necesidad de un sector pesquero pr\u00f3spero para garantizar la seguridad alimentaria - PP de Galicia","robots":{"index":"index","follow":"follow","max-snippet":"max-snippet:-1","max-image-preview":"max-image-preview:large","max-video-preview":"max-video-preview:-1"},"canonical":"https:\/\/ppdegalicia.com\/es\/millan-mon-defiende-en-europa-la-necesidad-de-un-sector-pesquero-prospero-para-garantizar-la-seguridad-alimentaria\/","og_locale":"es_ES","og_type":"article","og_title":"Mill\u00e1n Mon defiende en Europa la necesidad de un sector pesquero pr\u00f3spero para garantizar la seguridad alimentaria - PP de Galicia","og_description":"El\u00a0eurodiputado gallego y miembro titular de la Comisi\u00f3n de Pesca del Parlamento Europeo\u00a0Francisco Mill\u00e1n Mon\u00a0intervino hoy en un debate sobre la contribuci\u00f3n de la pesca y la acuicultura a la seguridad alimentaria. La discusi\u00f3n tuvo lugar en Bruselas, en el marco de un evento coorganizado por el Comit\u00e9 Econ\u00f3mico y Social Europeo y la Oficina [&hellip;]","og_url":"https:\/\/ppdegalicia.com\/es\/millan-mon-defiende-en-europa-la-necesidad-de-un-sector-pesquero-prospero-para-garantizar-la-seguridad-alimentaria\/","og_site_name":"PP de Galicia","article_publisher":"https:\/\/www.instagram.com\/ppdegalicia\/","article_published_time":"2024-11-14T13:53:57+00:00","article_modified_time":"2024-12-04T12:25:40+00:00","og_image":[{"width":1536,"height":1024,"url":"https:\/\/ppdegalicia.com\/wp-content\/uploads\/2024\/11\/FMillanMon_Burela-1536x1024-1.jpg","type":"image\/jpeg"}],"author":"Super User","twitter_card":"summary_large_image","twitter_creator":"@ppdegalicia","twitter_site":"@ppdegalicia","twitter_misc":{"Escrito por":"Super User","Tiempo de lectura":"4 minutos"},"schema":{"@context":"https:\/\/schema.org","@graph":[{"@type":"Article","@id":"https:\/\/ppdegalicia.com\/es\/millan-mon-defiende-en-europa-la-necesidad-de-un-sector-pesquero-prospero-para-garantizar-la-seguridad-alimentaria\/#article","isPartOf":{"@id":"https:\/\/ppdegalicia.com\/es\/millan-mon-defiende-en-europa-la-necesidad-de-un-sector-pesquero-prospero-para-garantizar-la-seguridad-alimentaria\/"},"author":{"name":"Super User","@id":"https:\/\/ppdegalicia.com\/es\/#\/schema\/person\/d0f013b8388c980665d44009ab762960"},"headline":"Mill\u00e1n Mon defiende en Europa la necesidad de un sector pesquero pr\u00f3spero para garantizar la seguridad alimentaria","datePublished":"2024-11-14T13:53:57+00:00","dateModified":"2024-12-04T12:25:40+00:00","mainEntityOfPage":{"@id":"https:\/\/ppdegalicia.com\/es\/millan-mon-defiende-en-europa-la-necesidad-de-un-sector-pesquero-prospero-para-garantizar-la-seguridad-alimentaria\/"},"wordCount":631,"publisher":{"@id":"https:\/\/ppdegalicia.com\/es\/#organization"},"image":{"@id":"https:\/\/ppdegalicia.com\/es\/millan-mon-defiende-en-europa-la-necesidad-de-un-sector-pesquero-prospero-para-garantizar-la-seguridad-alimentaria\/#primaryimage"},"thumbnailUrl":"https:\/\/ppdegalicia.com\/wp-content\/uploads\/2024\/11\/FMillanMon_Burela-1536x1024-1.jpg","articleSection":["Parlamento Europeo"],"inLanguage":"es"},{"@type":"WebPage","@id":"https:\/\/ppdegalicia.com\/es\/millan-mon-defiende-en-europa-la-necesidad-de-un-sector-pesquero-prospero-para-garantizar-la-seguridad-alimentaria\/","url":"https:\/\/ppdegalicia.com\/es\/millan-mon-defiende-en-europa-la-necesidad-de-un-sector-pesquero-prospero-para-garantizar-la-seguridad-alimentaria\/","name":"Mill\u00e1n Mon defiende en Europa la necesidad de un sector pesquero pr\u00f3spero para garantizar la seguridad alimentaria - PP de Galicia","isPartOf":{"@id":"https:\/\/ppdegalicia.com\/es\/#website"},"primaryImageOfPage":{"@id":"https:\/\/ppdegalicia.com\/es\/millan-mon-defiende-en-europa-la-necesidad-de-un-sector-pesquero-prospero-para-garantizar-la-seguridad-alimentaria\/#primaryimage"},"image":{"@id":"https:\/\/ppdegalicia.com\/es\/millan-mon-defiende-en-europa-la-necesidad-de-un-sector-pesquero-prospero-para-garantizar-la-seguridad-alimentaria\/#primaryimage"},"thumbnailUrl":"https:\/\/ppdegalicia.com\/wp-content\/uploads\/2024\/11\/FMillanMon_Burela-1536x1024-1.jpg","datePublished":"2024-11-14T13:53:57+00:00","dateModified":"2024-12-04T12:25:40+00:00","breadcrumb":{"@id":"https:\/\/ppdegalicia.com\/es\/millan-mon-defiende-en-europa-la-necesidad-de-un-sector-pesquero-prospero-para-garantizar-la-seguridad-alimentaria\/#breadcrumb"},"inLanguage":"es","potentialAction":[{"@type":"ReadAction","target":["https:\/\/ppdegalicia.com\/es\/millan-mon-defiende-en-europa-la-necesidad-de-un-sector-pesquero-prospero-para-garantizar-la-seguridad-alimentaria\/"]}]},{"@type":"ImageObject","inLanguage":"es","@id":"https:\/\/ppdegalicia.com\/es\/millan-mon-defiende-en-europa-la-necesidad-de-un-sector-pesquero-prospero-para-garantizar-la-seguridad-alimentaria\/#primaryimage","url":"https:\/\/ppdegalicia.com\/wp-content\/uploads\/2024\/11\/FMillanMon_Burela-1536x1024-1.jpg","contentUrl":"https:\/\/ppdegalicia.com\/wp-content\/uploads\/2024\/11\/FMillanMon_Burela-1536x1024-1.jpg","width":1536,"height":1024},{"@type":"BreadcrumbList","@id":"https:\/\/ppdegalicia.com\/es\/millan-mon-defiende-en-europa-la-necesidad-de-un-sector-pesquero-prospero-para-garantizar-la-seguridad-alimentaria\/#breadcrumb","itemListElement":[{"@type":"ListItem","position":1,"name":"Portada","item":"https:\/\/ppdegalicia.com\/es\/"},{"@type":"ListItem","position":2,"name":"Mill\u00e1n Mon defiende en Europa la necesidad de un sector pesquero pr\u00f3spero para garantizar la seguridad alimentaria"}]},{"@type":"WebSite","@id":"https:\/\/ppdegalicia.com\/es\/#website","url":"https:\/\/ppdegalicia.com\/es\/","name":"Partido Popular de Galicia","description":"Partido Popular de Galicia","publisher":{"@id":"https:\/\/ppdegalicia.com\/es\/#organization"},"alternateName":"PP de Galicia","potentialAction":[{"@type":"SearchAction","target":{"@type":"EntryPoint","urlTemplate":"https:\/\/ppdegalicia.com\/es\/?s={search_term_string}"},"query-input":{"@type":"PropertyValueSpecification","valueRequired":true,"valueName":"search_term_string"}}],"inLanguage":"es"},{"@type":"Organization","@id":"https:\/\/ppdegalicia.com\/es\/#organization","name":"Partido Popular de Galicia","alternateName":"PP de Galicia","url":"https:\/\/ppdegalicia.com\/es\/","logo":{"@type":"ImageObject","inLanguage":"es","@id":"https:\/\/ppdegalicia.com\/es\/#\/schema\/logo\/image\/","url":"https:\/\/ppdegalicia.com\/wp-content\/uploads\/2023\/04\/logoPP512.png","contentUrl":"https:\/\/ppdegalicia.com\/wp-content\/uploads\/2023\/04\/logoPP512.png","width":512,"height":512,"caption":"Partido Popular de Galicia"},"image":{"@id":"https:\/\/ppdegalicia.com\/es\/#\/schema\/logo\/image\/"},"sameAs":["https:\/\/www.instagram.com\/ppdegalicia\/","https:\/\/x.com\/ppdegalicia","https:\/\/www.tiktok.com\/@ppdegalicia","https:\/\/www.youtube.com\/user\/ppdegalicia"]},{"@type":"Person","@id":"https:\/\/ppdegalicia.com\/es\/#\/schema\/person\/d0f013b8388c980665d44009ab762960","name":"Super User","image":{"@type":"ImageObject","inLanguage":"es","@id":"https:\/\/secure.gravatar.com\/avatar\/1db852625ef4948f58d2739bfbc51e4b9bd5c93b8fa340b59fdb594ca0845645?s=96&d=mm&r=g","url":"https:\/\/secure.gravatar.com\/avatar\/1db852625ef4948f58d2739bfbc51e4b9bd5c93b8fa340b59fdb594ca0845645?s=96&d=mm&r=g","contentUrl":"https:\/\/secure.gravatar.com\/avatar\/1db852625ef4948f58d2739bfbc51e4b9bd5c93b8fa340b59fdb594ca0845645?s=96&d=mm&r=g","caption":"Super User"},"url":"https:\/\/ppdegalicia.com\/es\/author\/ppdegaliciagestion\/"}]}},"_links":{"self":[{"href":"https:\/\/ppdegalicia.com\/es\/wp-json\/wp\/v2\/posts\/64962","targetHints":{"allow":["GET"]}}],"collection":[{"href":"https:\/\/ppdegalicia.com\/es\/wp-json\/wp\/v2\/posts"}],"about":[{"href":"https:\/\/ppdegalicia.com\/es\/wp-json\/wp\/v2\/types\/post"}],"author":[{"embeddable":true,"href":"https:\/\/ppdegalicia.com\/es\/wp-json\/wp\/v2\/users\/37"}],"replies":[{"embeddable":true,"href":"https:\/\/ppdegalicia.com\/es\/wp-json\/wp\/v2\/comments?post=64962"}],"version-history":[{"count":1,"href":"https:\/\/ppdegalicia.com\/es\/wp-json\/wp\/v2\/posts\/64962\/revisions"}],"predecessor-version":[{"id":64963,"href":"https:\/\/ppdegalicia.com\/es\/wp-json\/wp\/v2\/posts\/64962\/revisions\/64963"}],"wp:featuredmedia":[{"embeddable":true,"href":"https:\/\/ppdegalicia.com\/es\/wp-json\/wp\/v2\/media\/64964"}],"wp:attachment":[{"href":"https:\/\/ppdegalicia.com\/es\/wp-json\/wp\/v2\/media?parent=64962"}],"wp:term":[{"taxonomy":"category","embeddable":true,"href":"https:\/\/ppdegalicia.com\/es\/wp-json\/wp\/v2\/categories?post=64962"},{"taxonomy":"post_tag","embeddable":true,"href":"https:\/\/ppdegalicia.com\/es\/wp-json\/wp\/v2\/tags?post=64962"}],"curies":[{"name":"wp","href":"https:\/\/api.w.org\/{rel}","templated":true}]}}