{"id":64980,"date":"2024-11-16T14:17:44","date_gmt":"2024-11-16T13:17:44","guid":{"rendered":"https:\/\/ppdegalicia.com\/?p=64980"},"modified":"2024-12-04T13:35:46","modified_gmt":"2024-12-04T12:35:46","slug":"o-ppdeg-acusa-a-pedro-sanchez-de-desmantelar-a-seguridade-dos-ourensans-a-traves-de-recortes-nos-horarios-e-plantillas-dos-cuarteis-da-garda-civil","status":"publish","type":"post","link":"https:\/\/ppdegalicia.com\/es\/o-ppdeg-acusa-a-pedro-sanchez-de-desmantelar-a-seguridade-dos-ourensans-a-traves-de-recortes-nos-horarios-e-plantillas-dos-cuarteis-da-garda-civil\/","title":{"rendered":"O PPdeG acusa a Pedro S\u00e1nchez de \u201cdesmantelar a seguridade dos ourens\u00e1ns\u201d a trav\u00e9s de recortes nos horarios e plantillas dos cuarteis da Garda Civil"},"content":{"rendered":"<p>O Partido Popular de Galicia acusa a Pedro S\u00e1nchez de \u201cdesmantelar a seguridade dos ourens\u00e1ns\u201d a trav\u00e9s dos recortes que o seu Goberno est\u00e1 aplicando nos horarios de atenci\u00f3n ao p\u00fablico dos cuarteis e no n\u00famero de efectivos da Garda Civil na provincia de Ourense.<\/p>\n<p>En declaraci\u00f3ns aos medios nas inmediaci\u00f3ns do cuartel da Garda Civil en Bande, a secretaria xeral dos populares galegos, Paula Prado, denunciou que cada vez son menos os cuarteis abertos con atenci\u00f3n presencial as 24 horas e que, pola contra, cada vez son m\u00e1is os que, como o deste concello, abren s\u00f3 de 9:00 a 14:00 horas e s\u00f3 nuns d\u00edas concretos da semana.<\/p>\n<p>\u201cO Goberno de S\u00e1nchez non est\u00e1 coidando \u00e1 Garda Civil e n\u00f3s, por suposto, estamos moi preocupados\u201d, asegurou ao tempo que po\u00f1\u00eda o foco nas intenci\u00f3ns do Ministerio de Interior de seguir pechando cuarteis \u2013entre eles o do concello ourens\u00e1n de Baltar\u2013 e de levar a cabo unha \u201cbarbaridade\u201d como \u00e9 a \u201csubstituci\u00f3n de axentes reais por axentes virtuais\u201d.<\/p>\n<p>A isto hai que engadir ademais que, entre os postos sen cubrir e as baixas m\u00e9dicas, cada d\u00eda faltan 1.000 axentes da Garda Civil en Galicia e m\u00e1is de 160 na provincia de Ourense. Polo tanto, desde o PPdeG esperan que \u201cS\u00e1nchez e os seus rectifiquen polo ben da Garda Civil e pola seguridade de todos os galegos e galegas\u201d.<\/p>\n<p><strong><u>ANA V\u00c1ZQUEZ: \u201cQUEREMOS UNHA SEGURIDADE DE PRIMEIRA\u201d<\/u><\/strong><\/p>\n<p>Paula Prado estivo acompa\u00f1ada nesta xornada polo presidente do PP na provincia de Ourense, Luis Menor, a alcaldesa de Bande e secretaria xeral provincial, Sandra Quintas, e as deputadas pola provincia Rosa Quintana e Ana V\u00e1zquez.<\/p>\n<p>Esta \u00faltima alertou de que dos 38 cuarteis da Garda Civil en Ourense, actualmente s\u00f3 catro deles permanecen abertos durante as 24 horas: os de Xinzo, Carballi\u00f1o, Ver\u00edn e O Barco. Algo, na s\u00faa opini\u00f3n, totalmente incomprensible nunha provincia avellentada e cunha gran dispersi\u00f3n poboacional.<\/p>\n<p>A tam\u00e9n secretaria nacional de Interior do PP recordou as\u00ed mesmo que, segundo datos do propio Ministerio, a criminalidade tense incrementado de xeito xeneralizado no conxunto de Ourense e que este incremento alcanza o 27% nas zonas rurais, onde se concentran case o 60% dos roubos con forza de toda a provincia.<\/p>\n<p>\u201cQueremos unha seguridade de primeira porque non somos cidad\u00e1ns de segunda\u201d, conclu\u00edu reivindicando que os veci\u00f1os do rural pagan os mesmos impostos que o resto de cidad\u00e1ns e que te\u00f1en o mesmo dereito a \u201cvivir en liberdade e con seguridade nos seus concellos\u201d.<\/p>\n<p><strong><u>LUIS MENOR: \u201cREIVINDICAMOS SERVIZOS DIGNOS\u201d<\/u><\/strong><\/p>\n<p>Luis Menor, pola s\u00faa banda, criticou o desco\u00f1ecemento que o Goberno de S\u00e1nchez ten do mundo rural, subli\u00f1ando que mentres o PP loita de modo permanente por fixar poboaci\u00f3n, crear emprego e ofrecer a mellor calidade \u00e1 veci\u00f1anza, o Goberno central desmantela servizos p\u00fablicos b\u00e1sicos como a seguridade, imprescindibles para garantir o futuro do rural.<\/p>\n<p>O obxectivo do PP \u00e9 axudar ao medio rural \u201cgarantindo uns niveis de seguridade \u00f3ptimos\u201d, ao igual que nas contornas urbanas. \u201cReivindicamos servizos dignos da Garda Civil no rural\u201d, incidiu Luis Menor, labor que se fai tanto desde o propio partido como desde as instituci\u00f3ns nas que goberna o PP.<\/p>\n<p>Neste sentido lembrou que a trav\u00e9s dunha iniciativa presentada na Deputaci\u00f3n de Ourense, e ademais de facer un reco\u00f1ecemento ao labor que desenvolve a Garda Civil, acordouse esixir a s\u00faa presenza no rural, sen pechar m\u00e1is cuarteis, con m\u00e1is efectivos e mesmo ofrecendo incentivos para todos aqueles axentes que queiran ocupar postos en zonas rurais.<\/p>\n<p><strong><u>O PARTIDO CON M\u00c1IS ALCALDESAS DE GALICIA<\/u><\/strong><\/p>\n<p>A secretaria xeral dos populares galegos quixo tam\u00e9n aproveitar a presenza de Sandra Quintas para reivindicala como \u201cunha das 27 rexedoras que nos converten no partido con m\u00e1is alcaldesas de Galicia\u201d e das que case a metade, un total de 13, son precisamente da provincia de Ourense.<\/p>\n<p>\u201cNo Congreso tam\u00e9n somos maior\u00eda\u201d, engadiu po\u00f1endo en valor que, grazas aos 13 representantes do PPdeG na C\u00e1mara Baixa, a visibilidade de Galicia est\u00e1 garantida no lugar onde se toman tanta decisi\u00f3ns que afectan \u00e1 nosa Comunidade.<\/p>\n<p>&nbsp;<\/p>\n","protected":false},"excerpt":{"rendered":"<p>O Partido Popular de Galicia acusa a Pedro S\u00e1nchez de \u201cdesmantelar a seguridade dos ourens\u00e1ns\u201d a trav\u00e9s dos recortes que o seu Goberno est\u00e1 aplicando nos horarios de atenci\u00f3n ao p\u00fablico dos cuarteis e no n\u00famero de efectivos da Garda Civil na provincia de Ourense. En declaraci\u00f3ns aos medios nas inmediaci\u00f3ns do cuartel da Garda [&hellip;]<\/p>\n","protected":false},"author":37,"featured_media":64982,"comment_status":"closed","ping_status":"open","sticky":false,"template":"","format":"standard","meta":{"_acf_changed":false,"footnotes":""},"categories":[1],"tags":[],"class_list":["post-64980","post","type-post","status-publish","format-standard","has-post-thumbnail","hentry","category-pp-de-galicia"],"acf":[],"yoast_head":"<!-- This site is optimized with the Yoast SEO plugin v27.3 - https:\/\/yoast.com\/product\/yoast-seo-wordpress\/ -->\n<title>O PPdeG acusa a Pedro S\u00e1nchez de \u201cdesmantelar a seguridade dos ourens\u00e1ns\u201d a trav\u00e9s de recortes nos horarios e plantillas dos cuarteis da Garda Civil - PP de Galicia<\/title>\n<meta name=\"robots\" content=\"index, follow, max-snippet:-1, max-image-preview:large, max-video-preview:-1\" \/>\n<link rel=\"canonical\" href=\"https:\/\/ppdegalicia.com\/es\/o-ppdeg-acusa-a-pedro-sanchez-de-desmantelar-a-seguridade-dos-ourensans-a-traves-de-recortes-nos-horarios-e-plantillas-dos-cuarteis-da-garda-civil\/\" \/>\n<meta property=\"og:locale\" content=\"es_ES\" \/>\n<meta property=\"og:type\" content=\"article\" \/>\n<meta property=\"og:title\" content=\"O PPdeG acusa a Pedro S\u00e1nchez de \u201cdesmantelar a seguridade dos ourens\u00e1ns\u201d a trav\u00e9s de recortes nos horarios e plantillas dos cuarteis da Garda Civil - PP de Galicia\" \/>\n<meta property=\"og:description\" content=\"O Partido Popular de Galicia acusa a Pedro S\u00e1nchez de \u201cdesmantelar a seguridade dos ourens\u00e1ns\u201d a trav\u00e9s dos recortes que o seu Goberno est\u00e1 aplicando nos horarios de atenci\u00f3n ao p\u00fablico dos cuarteis e no n\u00famero de efectivos da Garda Civil na provincia de Ourense. En declaraci\u00f3ns aos medios nas inmediaci\u00f3ns do cuartel da Garda [&hellip;]\" \/>\n<meta property=\"og:url\" content=\"https:\/\/ppdegalicia.com\/es\/o-ppdeg-acusa-a-pedro-sanchez-de-desmantelar-a-seguridade-dos-ourensans-a-traves-de-recortes-nos-horarios-e-plantillas-dos-cuarteis-da-garda-civil\/\" \/>\n<meta property=\"og:site_name\" content=\"PP de Galicia\" \/>\n<meta property=\"article:publisher\" content=\"https:\/\/www.instagram.com\/ppdegalicia\/\" \/>\n<meta property=\"article:published_time\" content=\"2024-11-16T13:17:44+00:00\" \/>\n<meta property=\"article:modified_time\" content=\"2024-12-04T12:35:46+00:00\" \/>\n<meta property=\"og:image\" content=\"https:\/\/ppdegalicia.com\/wp-content\/uploads\/2024\/11\/20241116_Guardia_Civil_Bande_1-1536x1024-1.jpg\" \/>\n\t<meta property=\"og:image:width\" content=\"1536\" \/>\n\t<meta property=\"og:image:height\" content=\"1024\" \/>\n\t<meta property=\"og:image:type\" content=\"image\/jpeg\" \/>\n<meta name=\"author\" content=\"Super User\" \/>\n<meta name=\"twitter:card\" content=\"summary_large_image\" \/>\n<meta name=\"twitter:creator\" content=\"@ppdegalicia\" \/>\n<meta name=\"twitter:site\" content=\"@ppdegalicia\" \/>\n<meta name=\"twitter:label1\" content=\"Escrito por\" \/>\n\t<meta name=\"twitter:data1\" content=\"Super User\" \/>\n\t<meta name=\"twitter:label2\" content=\"Tiempo de lectura\" \/>\n\t<meta name=\"twitter:data2\" content=\"4 minutos\" \/>\n<script type=\"application\/ld+json\" class=\"yoast-schema-graph\">{\"@context\":\"https:\\\/\\\/schema.org\",\"@graph\":[{\"@type\":\"Article\",\"@id\":\"https:\\\/\\\/ppdegalicia.com\\\/es\\\/o-ppdeg-acusa-a-pedro-sanchez-de-desmantelar-a-seguridade-dos-ourensans-a-traves-de-recortes-nos-horarios-e-plantillas-dos-cuarteis-da-garda-civil\\\/#article\",\"isPartOf\":{\"@id\":\"https:\\\/\\\/ppdegalicia.com\\\/es\\\/o-ppdeg-acusa-a-pedro-sanchez-de-desmantelar-a-seguridade-dos-ourensans-a-traves-de-recortes-nos-horarios-e-plantillas-dos-cuarteis-da-garda-civil\\\/\"},\"author\":{\"name\":\"Super User\",\"@id\":\"https:\\\/\\\/ppdegalicia.com\\\/es\\\/#\\\/schema\\\/person\\\/d0f013b8388c980665d44009ab762960\"},\"headline\":\"O PPdeG acusa a Pedro S\u00e1nchez de \u201cdesmantelar a seguridade dos ourens\u00e1ns\u201d a trav\u00e9s de recortes nos horarios e plantillas dos cuarteis da Garda Civil\",\"datePublished\":\"2024-11-16T13:17:44+00:00\",\"dateModified\":\"2024-12-04T12:35:46+00:00\",\"mainEntityOfPage\":{\"@id\":\"https:\\\/\\\/ppdegalicia.com\\\/es\\\/o-ppdeg-acusa-a-pedro-sanchez-de-desmantelar-a-seguridade-dos-ourensans-a-traves-de-recortes-nos-horarios-e-plantillas-dos-cuarteis-da-garda-civil\\\/\"},\"wordCount\":737,\"publisher\":{\"@id\":\"https:\\\/\\\/ppdegalicia.com\\\/es\\\/#organization\"},\"image\":{\"@id\":\"https:\\\/\\\/ppdegalicia.com\\\/es\\\/o-ppdeg-acusa-a-pedro-sanchez-de-desmantelar-a-seguridade-dos-ourensans-a-traves-de-recortes-nos-horarios-e-plantillas-dos-cuarteis-da-garda-civil\\\/#primaryimage\"},\"thumbnailUrl\":\"https:\\\/\\\/ppdegalicia.com\\\/wp-content\\\/uploads\\\/2024\\\/11\\\/20241116_Guardia_Civil_Bande_1-1536x1024-1.jpg\",\"articleSection\":[\"PP de Galicia\"],\"inLanguage\":\"es\"},{\"@type\":\"WebPage\",\"@id\":\"https:\\\/\\\/ppdegalicia.com\\\/es\\\/o-ppdeg-acusa-a-pedro-sanchez-de-desmantelar-a-seguridade-dos-ourensans-a-traves-de-recortes-nos-horarios-e-plantillas-dos-cuarteis-da-garda-civil\\\/\",\"url\":\"https:\\\/\\\/ppdegalicia.com\\\/es\\\/o-ppdeg-acusa-a-pedro-sanchez-de-desmantelar-a-seguridade-dos-ourensans-a-traves-de-recortes-nos-horarios-e-plantillas-dos-cuarteis-da-garda-civil\\\/\",\"name\":\"O PPdeG acusa a Pedro S\u00e1nchez de \u201cdesmantelar a seguridade dos ourens\u00e1ns\u201d a trav\u00e9s de recortes nos horarios e plantillas dos cuarteis da Garda Civil - PP de Galicia\",\"isPartOf\":{\"@id\":\"https:\\\/\\\/ppdegalicia.com\\\/es\\\/#website\"},\"primaryImageOfPage\":{\"@id\":\"https:\\\/\\\/ppdegalicia.com\\\/es\\\/o-ppdeg-acusa-a-pedro-sanchez-de-desmantelar-a-seguridade-dos-ourensans-a-traves-de-recortes-nos-horarios-e-plantillas-dos-cuarteis-da-garda-civil\\\/#primaryimage\"},\"image\":{\"@id\":\"https:\\\/\\\/ppdegalicia.com\\\/es\\\/o-ppdeg-acusa-a-pedro-sanchez-de-desmantelar-a-seguridade-dos-ourensans-a-traves-de-recortes-nos-horarios-e-plantillas-dos-cuarteis-da-garda-civil\\\/#primaryimage\"},\"thumbnailUrl\":\"https:\\\/\\\/ppdegalicia.com\\\/wp-content\\\/uploads\\\/2024\\\/11\\\/20241116_Guardia_Civil_Bande_1-1536x1024-1.jpg\",\"datePublished\":\"2024-11-16T13:17:44+00:00\",\"dateModified\":\"2024-12-04T12:35:46+00:00\",\"breadcrumb\":{\"@id\":\"https:\\\/\\\/ppdegalicia.com\\\/es\\\/o-ppdeg-acusa-a-pedro-sanchez-de-desmantelar-a-seguridade-dos-ourensans-a-traves-de-recortes-nos-horarios-e-plantillas-dos-cuarteis-da-garda-civil\\\/#breadcrumb\"},\"inLanguage\":\"es\",\"potentialAction\":[{\"@type\":\"ReadAction\",\"target\":[\"https:\\\/\\\/ppdegalicia.com\\\/es\\\/o-ppdeg-acusa-a-pedro-sanchez-de-desmantelar-a-seguridade-dos-ourensans-a-traves-de-recortes-nos-horarios-e-plantillas-dos-cuarteis-da-garda-civil\\\/\"]}]},{\"@type\":\"ImageObject\",\"inLanguage\":\"es\",\"@id\":\"https:\\\/\\\/ppdegalicia.com\\\/es\\\/o-ppdeg-acusa-a-pedro-sanchez-de-desmantelar-a-seguridade-dos-ourensans-a-traves-de-recortes-nos-horarios-e-plantillas-dos-cuarteis-da-garda-civil\\\/#primaryimage\",\"url\":\"https:\\\/\\\/ppdegalicia.com\\\/wp-content\\\/uploads\\\/2024\\\/11\\\/20241116_Guardia_Civil_Bande_1-1536x1024-1.jpg\",\"contentUrl\":\"https:\\\/\\\/ppdegalicia.com\\\/wp-content\\\/uploads\\\/2024\\\/11\\\/20241116_Guardia_Civil_Bande_1-1536x1024-1.jpg\",\"width\":1536,\"height\":1024},{\"@type\":\"BreadcrumbList\",\"@id\":\"https:\\\/\\\/ppdegalicia.com\\\/es\\\/o-ppdeg-acusa-a-pedro-sanchez-de-desmantelar-a-seguridade-dos-ourensans-a-traves-de-recortes-nos-horarios-e-plantillas-dos-cuarteis-da-garda-civil\\\/#breadcrumb\",\"itemListElement\":[{\"@type\":\"ListItem\",\"position\":1,\"name\":\"Portada\",\"item\":\"https:\\\/\\\/ppdegalicia.com\\\/es\\\/\"},{\"@type\":\"ListItem\",\"position\":2,\"name\":\"O PPdeG acusa a Pedro S\u00e1nchez de \u201cdesmantelar a seguridade dos ourens\u00e1ns\u201d a trav\u00e9s de recortes nos horarios e plantillas dos cuarteis da Garda Civil\"}]},{\"@type\":\"WebSite\",\"@id\":\"https:\\\/\\\/ppdegalicia.com\\\/es\\\/#website\",\"url\":\"https:\\\/\\\/ppdegalicia.com\\\/es\\\/\",\"name\":\"Partido Popular de Galicia\",\"description\":\"Partido Popular de Galicia\",\"publisher\":{\"@id\":\"https:\\\/\\\/ppdegalicia.com\\\/es\\\/#organization\"},\"alternateName\":\"PP de Galicia\",\"potentialAction\":[{\"@type\":\"SearchAction\",\"target\":{\"@type\":\"EntryPoint\",\"urlTemplate\":\"https:\\\/\\\/ppdegalicia.com\\\/es\\\/?s={search_term_string}\"},\"query-input\":{\"@type\":\"PropertyValueSpecification\",\"valueRequired\":true,\"valueName\":\"search_term_string\"}}],\"inLanguage\":\"es\"},{\"@type\":\"Organization\",\"@id\":\"https:\\\/\\\/ppdegalicia.com\\\/es\\\/#organization\",\"name\":\"Partido Popular de Galicia\",\"alternateName\":\"PP de Galicia\",\"url\":\"https:\\\/\\\/ppdegalicia.com\\\/es\\\/\",\"logo\":{\"@type\":\"ImageObject\",\"inLanguage\":\"es\",\"@id\":\"https:\\\/\\\/ppdegalicia.com\\\/es\\\/#\\\/schema\\\/logo\\\/image\\\/\",\"url\":\"https:\\\/\\\/ppdegalicia.com\\\/wp-content\\\/uploads\\\/2023\\\/04\\\/logoPP512.png\",\"contentUrl\":\"https:\\\/\\\/ppdegalicia.com\\\/wp-content\\\/uploads\\\/2023\\\/04\\\/logoPP512.png\",\"width\":512,\"height\":512,\"caption\":\"Partido Popular de Galicia\"},\"image\":{\"@id\":\"https:\\\/\\\/ppdegalicia.com\\\/es\\\/#\\\/schema\\\/logo\\\/image\\\/\"},\"sameAs\":[\"https:\\\/\\\/www.instagram.com\\\/ppdegalicia\\\/\",\"https:\\\/\\\/x.com\\\/ppdegalicia\",\"https:\\\/\\\/www.tiktok.com\\\/@ppdegalicia\",\"https:\\\/\\\/www.youtube.com\\\/user\\\/ppdegalicia\"]},{\"@type\":\"Person\",\"@id\":\"https:\\\/\\\/ppdegalicia.com\\\/es\\\/#\\\/schema\\\/person\\\/d0f013b8388c980665d44009ab762960\",\"name\":\"Super User\",\"image\":{\"@type\":\"ImageObject\",\"inLanguage\":\"es\",\"@id\":\"https:\\\/\\\/secure.gravatar.com\\\/avatar\\\/1db852625ef4948f58d2739bfbc51e4b9bd5c93b8fa340b59fdb594ca0845645?s=96&d=mm&r=g\",\"url\":\"https:\\\/\\\/secure.gravatar.com\\\/avatar\\\/1db852625ef4948f58d2739bfbc51e4b9bd5c93b8fa340b59fdb594ca0845645?s=96&d=mm&r=g\",\"contentUrl\":\"https:\\\/\\\/secure.gravatar.com\\\/avatar\\\/1db852625ef4948f58d2739bfbc51e4b9bd5c93b8fa340b59fdb594ca0845645?s=96&d=mm&r=g\",\"caption\":\"Super User\"},\"url\":\"https:\\\/\\\/ppdegalicia.com\\\/es\\\/author\\\/ppdegaliciagestion\\\/\"}]}<\/script>\n<!-- \/ Yoast SEO plugin. -->","yoast_head_json":{"title":"O PPdeG acusa a Pedro S\u00e1nchez de \u201cdesmantelar a seguridade dos ourens\u00e1ns\u201d a trav\u00e9s de recortes nos horarios e plantillas dos cuarteis da Garda Civil - PP de Galicia","robots":{"index":"index","follow":"follow","max-snippet":"max-snippet:-1","max-image-preview":"max-image-preview:large","max-video-preview":"max-video-preview:-1"},"canonical":"https:\/\/ppdegalicia.com\/es\/o-ppdeg-acusa-a-pedro-sanchez-de-desmantelar-a-seguridade-dos-ourensans-a-traves-de-recortes-nos-horarios-e-plantillas-dos-cuarteis-da-garda-civil\/","og_locale":"es_ES","og_type":"article","og_title":"O PPdeG acusa a Pedro S\u00e1nchez de \u201cdesmantelar a seguridade dos ourens\u00e1ns\u201d a trav\u00e9s de recortes nos horarios e plantillas dos cuarteis da Garda Civil - PP de Galicia","og_description":"O Partido Popular de Galicia acusa a Pedro S\u00e1nchez de \u201cdesmantelar a seguridade dos ourens\u00e1ns\u201d a trav\u00e9s dos recortes que o seu Goberno est\u00e1 aplicando nos horarios de atenci\u00f3n ao p\u00fablico dos cuarteis e no n\u00famero de efectivos da Garda Civil na provincia de Ourense. En declaraci\u00f3ns aos medios nas inmediaci\u00f3ns do cuartel da Garda [&hellip;]","og_url":"https:\/\/ppdegalicia.com\/es\/o-ppdeg-acusa-a-pedro-sanchez-de-desmantelar-a-seguridade-dos-ourensans-a-traves-de-recortes-nos-horarios-e-plantillas-dos-cuarteis-da-garda-civil\/","og_site_name":"PP de Galicia","article_publisher":"https:\/\/www.instagram.com\/ppdegalicia\/","article_published_time":"2024-11-16T13:17:44+00:00","article_modified_time":"2024-12-04T12:35:46+00:00","og_image":[{"width":1536,"height":1024,"url":"https:\/\/ppdegalicia.com\/wp-content\/uploads\/2024\/11\/20241116_Guardia_Civil_Bande_1-1536x1024-1.jpg","type":"image\/jpeg"}],"author":"Super User","twitter_card":"summary_large_image","twitter_creator":"@ppdegalicia","twitter_site":"@ppdegalicia","twitter_misc":{"Escrito por":"Super User","Tiempo de lectura":"4 minutos"},"schema":{"@context":"https:\/\/schema.org","@graph":[{"@type":"Article","@id":"https:\/\/ppdegalicia.com\/es\/o-ppdeg-acusa-a-pedro-sanchez-de-desmantelar-a-seguridade-dos-ourensans-a-traves-de-recortes-nos-horarios-e-plantillas-dos-cuarteis-da-garda-civil\/#article","isPartOf":{"@id":"https:\/\/ppdegalicia.com\/es\/o-ppdeg-acusa-a-pedro-sanchez-de-desmantelar-a-seguridade-dos-ourensans-a-traves-de-recortes-nos-horarios-e-plantillas-dos-cuarteis-da-garda-civil\/"},"author":{"name":"Super User","@id":"https:\/\/ppdegalicia.com\/es\/#\/schema\/person\/d0f013b8388c980665d44009ab762960"},"headline":"O PPdeG acusa a Pedro S\u00e1nchez de \u201cdesmantelar a seguridade dos ourens\u00e1ns\u201d a trav\u00e9s de recortes nos horarios e plantillas dos cuarteis da Garda Civil","datePublished":"2024-11-16T13:17:44+00:00","dateModified":"2024-12-04T12:35:46+00:00","mainEntityOfPage":{"@id":"https:\/\/ppdegalicia.com\/es\/o-ppdeg-acusa-a-pedro-sanchez-de-desmantelar-a-seguridade-dos-ourensans-a-traves-de-recortes-nos-horarios-e-plantillas-dos-cuarteis-da-garda-civil\/"},"wordCount":737,"publisher":{"@id":"https:\/\/ppdegalicia.com\/es\/#organization"},"image":{"@id":"https:\/\/ppdegalicia.com\/es\/o-ppdeg-acusa-a-pedro-sanchez-de-desmantelar-a-seguridade-dos-ourensans-a-traves-de-recortes-nos-horarios-e-plantillas-dos-cuarteis-da-garda-civil\/#primaryimage"},"thumbnailUrl":"https:\/\/ppdegalicia.com\/wp-content\/uploads\/2024\/11\/20241116_Guardia_Civil_Bande_1-1536x1024-1.jpg","articleSection":["PP de Galicia"],"inLanguage":"es"},{"@type":"WebPage","@id":"https:\/\/ppdegalicia.com\/es\/o-ppdeg-acusa-a-pedro-sanchez-de-desmantelar-a-seguridade-dos-ourensans-a-traves-de-recortes-nos-horarios-e-plantillas-dos-cuarteis-da-garda-civil\/","url":"https:\/\/ppdegalicia.com\/es\/o-ppdeg-acusa-a-pedro-sanchez-de-desmantelar-a-seguridade-dos-ourensans-a-traves-de-recortes-nos-horarios-e-plantillas-dos-cuarteis-da-garda-civil\/","name":"O PPdeG acusa a Pedro S\u00e1nchez de \u201cdesmantelar a seguridade dos ourens\u00e1ns\u201d a trav\u00e9s de recortes nos horarios e plantillas dos cuarteis da Garda Civil - PP de Galicia","isPartOf":{"@id":"https:\/\/ppdegalicia.com\/es\/#website"},"primaryImageOfPage":{"@id":"https:\/\/ppdegalicia.com\/es\/o-ppdeg-acusa-a-pedro-sanchez-de-desmantelar-a-seguridade-dos-ourensans-a-traves-de-recortes-nos-horarios-e-plantillas-dos-cuarteis-da-garda-civil\/#primaryimage"},"image":{"@id":"https:\/\/ppdegalicia.com\/es\/o-ppdeg-acusa-a-pedro-sanchez-de-desmantelar-a-seguridade-dos-ourensans-a-traves-de-recortes-nos-horarios-e-plantillas-dos-cuarteis-da-garda-civil\/#primaryimage"},"thumbnailUrl":"https:\/\/ppdegalicia.com\/wp-content\/uploads\/2024\/11\/20241116_Guardia_Civil_Bande_1-1536x1024-1.jpg","datePublished":"2024-11-16T13:17:44+00:00","dateModified":"2024-12-04T12:35:46+00:00","breadcrumb":{"@id":"https:\/\/ppdegalicia.com\/es\/o-ppdeg-acusa-a-pedro-sanchez-de-desmantelar-a-seguridade-dos-ourensans-a-traves-de-recortes-nos-horarios-e-plantillas-dos-cuarteis-da-garda-civil\/#breadcrumb"},"inLanguage":"es","potentialAction":[{"@type":"ReadAction","target":["https:\/\/ppdegalicia.com\/es\/o-ppdeg-acusa-a-pedro-sanchez-de-desmantelar-a-seguridade-dos-ourensans-a-traves-de-recortes-nos-horarios-e-plantillas-dos-cuarteis-da-garda-civil\/"]}]},{"@type":"ImageObject","inLanguage":"es","@id":"https:\/\/ppdegalicia.com\/es\/o-ppdeg-acusa-a-pedro-sanchez-de-desmantelar-a-seguridade-dos-ourensans-a-traves-de-recortes-nos-horarios-e-plantillas-dos-cuarteis-da-garda-civil\/#primaryimage","url":"https:\/\/ppdegalicia.com\/wp-content\/uploads\/2024\/11\/20241116_Guardia_Civil_Bande_1-1536x1024-1.jpg","contentUrl":"https:\/\/ppdegalicia.com\/wp-content\/uploads\/2024\/11\/20241116_Guardia_Civil_Bande_1-1536x1024-1.jpg","width":1536,"height":1024},{"@type":"BreadcrumbList","@id":"https:\/\/ppdegalicia.com\/es\/o-ppdeg-acusa-a-pedro-sanchez-de-desmantelar-a-seguridade-dos-ourensans-a-traves-de-recortes-nos-horarios-e-plantillas-dos-cuarteis-da-garda-civil\/#breadcrumb","itemListElement":[{"@type":"ListItem","position":1,"name":"Portada","item":"https:\/\/ppdegalicia.com\/es\/"},{"@type":"ListItem","position":2,"name":"O PPdeG acusa a Pedro S\u00e1nchez de \u201cdesmantelar a seguridade dos ourens\u00e1ns\u201d a trav\u00e9s de recortes nos horarios e plantillas dos cuarteis da Garda Civil"}]},{"@type":"WebSite","@id":"https:\/\/ppdegalicia.com\/es\/#website","url":"https:\/\/ppdegalicia.com\/es\/","name":"Partido Popular de Galicia","description":"Partido Popular de Galicia","publisher":{"@id":"https:\/\/ppdegalicia.com\/es\/#organization"},"alternateName":"PP de Galicia","potentialAction":[{"@type":"SearchAction","target":{"@type":"EntryPoint","urlTemplate":"https:\/\/ppdegalicia.com\/es\/?s={search_term_string}"},"query-input":{"@type":"PropertyValueSpecification","valueRequired":true,"valueName":"search_term_string"}}],"inLanguage":"es"},{"@type":"Organization","@id":"https:\/\/ppdegalicia.com\/es\/#organization","name":"Partido Popular de Galicia","alternateName":"PP de Galicia","url":"https:\/\/ppdegalicia.com\/es\/","logo":{"@type":"ImageObject","inLanguage":"es","@id":"https:\/\/ppdegalicia.com\/es\/#\/schema\/logo\/image\/","url":"https:\/\/ppdegalicia.com\/wp-content\/uploads\/2023\/04\/logoPP512.png","contentUrl":"https:\/\/ppdegalicia.com\/wp-content\/uploads\/2023\/04\/logoPP512.png","width":512,"height":512,"caption":"Partido Popular de Galicia"},"image":{"@id":"https:\/\/ppdegalicia.com\/es\/#\/schema\/logo\/image\/"},"sameAs":["https:\/\/www.instagram.com\/ppdegalicia\/","https:\/\/x.com\/ppdegalicia","https:\/\/www.tiktok.com\/@ppdegalicia","https:\/\/www.youtube.com\/user\/ppdegalicia"]},{"@type":"Person","@id":"https:\/\/ppdegalicia.com\/es\/#\/schema\/person\/d0f013b8388c980665d44009ab762960","name":"Super User","image":{"@type":"ImageObject","inLanguage":"es","@id":"https:\/\/secure.gravatar.com\/avatar\/1db852625ef4948f58d2739bfbc51e4b9bd5c93b8fa340b59fdb594ca0845645?s=96&d=mm&r=g","url":"https:\/\/secure.gravatar.com\/avatar\/1db852625ef4948f58d2739bfbc51e4b9bd5c93b8fa340b59fdb594ca0845645?s=96&d=mm&r=g","contentUrl":"https:\/\/secure.gravatar.com\/avatar\/1db852625ef4948f58d2739bfbc51e4b9bd5c93b8fa340b59fdb594ca0845645?s=96&d=mm&r=g","caption":"Super User"},"url":"https:\/\/ppdegalicia.com\/es\/author\/ppdegaliciagestion\/"}]}},"_links":{"self":[{"href":"https:\/\/ppdegalicia.com\/es\/wp-json\/wp\/v2\/posts\/64980","targetHints":{"allow":["GET"]}}],"collection":[{"href":"https:\/\/ppdegalicia.com\/es\/wp-json\/wp\/v2\/posts"}],"about":[{"href":"https:\/\/ppdegalicia.com\/es\/wp-json\/wp\/v2\/types\/post"}],"author":[{"embeddable":true,"href":"https:\/\/ppdegalicia.com\/es\/wp-json\/wp\/v2\/users\/37"}],"replies":[{"embeddable":true,"href":"https:\/\/ppdegalicia.com\/es\/wp-json\/wp\/v2\/comments?post=64980"}],"version-history":[{"count":1,"href":"https:\/\/ppdegalicia.com\/es\/wp-json\/wp\/v2\/posts\/64980\/revisions"}],"predecessor-version":[{"id":64981,"href":"https:\/\/ppdegalicia.com\/es\/wp-json\/wp\/v2\/posts\/64980\/revisions\/64981"}],"wp:featuredmedia":[{"embeddable":true,"href":"https:\/\/ppdegalicia.com\/es\/wp-json\/wp\/v2\/media\/64982"}],"wp:attachment":[{"href":"https:\/\/ppdegalicia.com\/es\/wp-json\/wp\/v2\/media?parent=64980"}],"wp:term":[{"taxonomy":"category","embeddable":true,"href":"https:\/\/ppdegalicia.com\/es\/wp-json\/wp\/v2\/categories?post=64980"},{"taxonomy":"post_tag","embeddable":true,"href":"https:\/\/ppdegalicia.com\/es\/wp-json\/wp\/v2\/tags?post=64980"}],"curies":[{"name":"wp","href":"https:\/\/api.w.org\/{rel}","templated":true}]}}