{"id":65142,"date":"2024-11-30T14:20:27","date_gmt":"2024-11-30T13:20:27","guid":{"rendered":"https:\/\/ppdegalicia.com\/?p=65142"},"modified":"2024-12-05T17:24:18","modified_gmt":"2024-12-05T16:24:18","slug":"el-ppdeg-situa-las-politicas-sociales-de-galicia-en-materia-de-cuidado-de-los-mayores-y-conciliacion-como-referencia-para-toda-espana","status":"publish","type":"post","link":"https:\/\/ppdegalicia.com\/es\/el-ppdeg-situa-las-politicas-sociales-de-galicia-en-materia-de-cuidado-de-los-mayores-y-conciliacion-como-referencia-para-toda-espana\/","title":{"rendered":"El PPdeG sit\u00faa las pol\u00edticas sociales de Galicia en materia de cuidado de los mayores y conciliaci\u00f3n como referencia para toda Espa\u00f1a"},"content":{"rendered":"<p>El PPdeG reivindic\u00f3 hoy las pol\u00edticas sociales que durante los \u00faltimos a\u00f1os se vienen implementando en Galicia en materia de cuidado de los mayores y conciliaci\u00f3n por considerarlas una referencia para toda Espa\u00f1a y un ejemplo de c\u00f3mo los gobiernos populares se ocupan y preocupan de los problemas reales de las personas.<\/p>\n<p>En el marco de la XXVII Intermunicipal del Partido Popular en Valladolid, el alcalde de Ferrol, Jos\u00e9 Manuel Rey Varela, aprovech\u00f3 esta ma\u00f1ana su participaci\u00f3n en la mesa redonda <em>Los ayuntamientos, red de seguridad, cohesi\u00f3n e igualdad territorial<\/em> para subrayar la diferencia entre \u201clos gobiernos que resuelven los problemas de la gente y aquellos que s\u00f3lo atienden sus propios problemas\u201d.<\/p>\n<p>Centr\u00e1ndose en las personas mayores, quiso destacar que \u201ceste pa\u00eds se construy\u00f3 gracias a su esfuerzo y gracias a las oportunidades que le dejaron a las sucesivas generaciones\u201d y puso el foco en el reto que suponen tanto el aumento de la esperanza de vida como la soledad no deseada.<\/p>\n<p>\u201cVivimos cada vez m\u00e1s a\u00f1os y eso implica que debemos trabajar por garantizar que esos a\u00f1os podamos vivirlos cada vez mejor\u201d, explic\u00f3 al tiempo que aseguraba que el incremento de la esperanza de vida \u201cno es un problema, sino una oportunidad y una historia de \u00e9xito\u201d.<\/p>\n<p>Sobre la soledad no deseada, explic\u00f3 que el 4% de la poblaci\u00f3n espa\u00f1ola vive sola y que este porcentaje aumenta en el caso de las personas mayores de 80 a\u00f1os hasta superar el 40%. Algo que, en su opini\u00f3n, obliga a las administraciones a \u201cponer en marcha pol\u00edticas que integren la estas personas a trav\u00e9s de una red de servicios\u201d.<\/p>\n<p>Recordando su experiencia como responsable de Pol\u00edtica Social en el Gobierno gallego, el ahora alcalde de Ferrol asegur\u00f3 que \u201cen Galicia aprendimos que las personas mayores son una oportunidad y actuamos en consecuencia\u201d y puso como ejemplo el hecho de que Galicia fue la primera comunidad aut\u00f3noma en aprobar una ley de impulso demogr\u00e1fico.<\/p>\n<p>En este sentido, explic\u00f3 que \u201cadem\u00e1s de un magn\u00edfico gestor, Alberto N\u00fa\u00f1ez Feij\u00f3o es una persona muy preocupada por los mayores\u201d y rememor\u00f3 un episodio de altas temperaturas vivido hace a\u00f1os en Galicia y c\u00f3mo actu\u00f3 el por entonces presidente de la Xunta, con la celeridad y la eficacia que demandaba la situaci\u00f3n. Algo que, en su opini\u00f3n, ejemplifica la importancia de contar al frente de los gobiernos con \u201cgente sensible, con coraz\u00f3n y que realmente atienda los problemas de la gente\u201d.<\/p>\n<p>\u201cNo basta con hablar de los problemas. Hay que implementar pol\u00edticas para que las palabras se conviertan en hechos y en beneficios para las personas\u201d, concluy\u00f3 destacando c\u00f3mo bajo la presidencia de Alfonso Rueda las pol\u00edticas de mayores est\u00e1n siendo incrementadas y c\u00f3mo la Comunidad fue quien de dar ejemplo a nivel estatal en materia de conciliaci\u00f3n con medidas como la gratuidad de las escuelas infantiles de 0 a 3 a\u00f1os.<\/p>\n<p>&nbsp;<\/p>\n","protected":false},"excerpt":{"rendered":"<p>El PPdeG reivindic\u00f3 hoy las pol\u00edticas sociales que durante los \u00faltimos a\u00f1os se vienen implementando en Galicia en materia de cuidado de los mayores y conciliaci\u00f3n por considerarlas una referencia para toda Espa\u00f1a y un ejemplo de c\u00f3mo los gobiernos populares se ocupan y preocupan de los problemas reales de las personas. En el marco [&hellip;]<\/p>\n","protected":false},"author":37,"featured_media":65144,"comment_status":"closed","ping_status":"open","sticky":false,"template":"","format":"standard","meta":{"_acf_changed":false,"footnotes":""},"categories":[1],"tags":[],"class_list":["post-65142","post","type-post","status-publish","format-standard","has-post-thumbnail","hentry","category-pp-de-galicia"],"acf":[],"yoast_head":"<!-- This site is optimized with the Yoast SEO plugin v27.3 - https:\/\/yoast.com\/product\/yoast-seo-wordpress\/ -->\n<title>El PPdeG sit\u00faa las pol\u00edticas sociales de Galicia en materia de cuidado de los mayores y conciliaci\u00f3n como referencia para toda Espa\u00f1a - PP de Galicia<\/title>\n<meta name=\"robots\" content=\"index, follow, max-snippet:-1, max-image-preview:large, max-video-preview:-1\" \/>\n<link rel=\"canonical\" href=\"https:\/\/ppdegalicia.com\/es\/el-ppdeg-situa-las-politicas-sociales-de-galicia-en-materia-de-cuidado-de-los-mayores-y-conciliacion-como-referencia-para-toda-espana\/\" \/>\n<meta property=\"og:locale\" content=\"es_ES\" \/>\n<meta property=\"og:type\" content=\"article\" \/>\n<meta property=\"og:title\" content=\"El PPdeG sit\u00faa las pol\u00edticas sociales de Galicia en materia de cuidado de los mayores y conciliaci\u00f3n como referencia para toda Espa\u00f1a - PP de Galicia\" \/>\n<meta property=\"og:description\" content=\"El PPdeG reivindic\u00f3 hoy las pol\u00edticas sociales que durante los \u00faltimos a\u00f1os se vienen implementando en Galicia en materia de cuidado de los mayores y conciliaci\u00f3n por considerarlas una referencia para toda Espa\u00f1a y un ejemplo de c\u00f3mo los gobiernos populares se ocupan y preocupan de los problemas reales de las personas. En el marco [&hellip;]\" \/>\n<meta property=\"og:url\" content=\"https:\/\/ppdegalicia.com\/es\/el-ppdeg-situa-las-politicas-sociales-de-galicia-en-materia-de-cuidado-de-los-mayores-y-conciliacion-como-referencia-para-toda-espana\/\" \/>\n<meta property=\"og:site_name\" content=\"PP de Galicia\" \/>\n<meta property=\"article:publisher\" content=\"https:\/\/www.instagram.com\/ppdegalicia\/\" \/>\n<meta property=\"article:published_time\" content=\"2024-11-30T13:20:27+00:00\" \/>\n<meta property=\"article:modified_time\" content=\"2024-12-05T16:24:18+00:00\" \/>\n<meta property=\"og:image\" content=\"https:\/\/ppdegalicia.com\/wp-content\/uploads\/2024\/11\/20241130_JMRey_IntermunicipalPP_2-1536x1024-1.jpg\" \/>\n\t<meta property=\"og:image:width\" content=\"1536\" \/>\n\t<meta property=\"og:image:height\" content=\"1024\" \/>\n\t<meta property=\"og:image:type\" content=\"image\/jpeg\" \/>\n<meta name=\"author\" content=\"Super User\" \/>\n<meta name=\"twitter:card\" content=\"summary_large_image\" \/>\n<meta name=\"twitter:creator\" content=\"@ppdegalicia\" \/>\n<meta name=\"twitter:site\" content=\"@ppdegalicia\" \/>\n<meta name=\"twitter:label1\" content=\"Escrito por\" \/>\n\t<meta name=\"twitter:data1\" content=\"Super User\" \/>\n\t<meta name=\"twitter:label2\" content=\"Tiempo de lectura\" \/>\n\t<meta name=\"twitter:data2\" content=\"3 minutos\" \/>\n<script type=\"application\/ld+json\" class=\"yoast-schema-graph\">{\"@context\":\"https:\\\/\\\/schema.org\",\"@graph\":[{\"@type\":\"Article\",\"@id\":\"https:\\\/\\\/ppdegalicia.com\\\/es\\\/el-ppdeg-situa-las-politicas-sociales-de-galicia-en-materia-de-cuidado-de-los-mayores-y-conciliacion-como-referencia-para-toda-espana\\\/#article\",\"isPartOf\":{\"@id\":\"https:\\\/\\\/ppdegalicia.com\\\/es\\\/el-ppdeg-situa-las-politicas-sociales-de-galicia-en-materia-de-cuidado-de-los-mayores-y-conciliacion-como-referencia-para-toda-espana\\\/\"},\"author\":{\"name\":\"Super User\",\"@id\":\"https:\\\/\\\/ppdegalicia.com\\\/es\\\/#\\\/schema\\\/person\\\/d0f013b8388c980665d44009ab762960\"},\"headline\":\"El PPdeG sit\u00faa las pol\u00edticas sociales de Galicia en materia de cuidado de los mayores y conciliaci\u00f3n como referencia para toda Espa\u00f1a\",\"datePublished\":\"2024-11-30T13:20:27+00:00\",\"dateModified\":\"2024-12-05T16:24:18+00:00\",\"mainEntityOfPage\":{\"@id\":\"https:\\\/\\\/ppdegalicia.com\\\/es\\\/el-ppdeg-situa-las-politicas-sociales-de-galicia-en-materia-de-cuidado-de-los-mayores-y-conciliacion-como-referencia-para-toda-espana\\\/\"},\"wordCount\":536,\"publisher\":{\"@id\":\"https:\\\/\\\/ppdegalicia.com\\\/es\\\/#organization\"},\"image\":{\"@id\":\"https:\\\/\\\/ppdegalicia.com\\\/es\\\/el-ppdeg-situa-las-politicas-sociales-de-galicia-en-materia-de-cuidado-de-los-mayores-y-conciliacion-como-referencia-para-toda-espana\\\/#primaryimage\"},\"thumbnailUrl\":\"https:\\\/\\\/ppdegalicia.com\\\/wp-content\\\/uploads\\\/2024\\\/11\\\/20241130_JMRey_IntermunicipalPP_2-1536x1024-1.jpg\",\"articleSection\":[\"PP de Galicia\"],\"inLanguage\":\"es\"},{\"@type\":\"WebPage\",\"@id\":\"https:\\\/\\\/ppdegalicia.com\\\/es\\\/el-ppdeg-situa-las-politicas-sociales-de-galicia-en-materia-de-cuidado-de-los-mayores-y-conciliacion-como-referencia-para-toda-espana\\\/\",\"url\":\"https:\\\/\\\/ppdegalicia.com\\\/es\\\/el-ppdeg-situa-las-politicas-sociales-de-galicia-en-materia-de-cuidado-de-los-mayores-y-conciliacion-como-referencia-para-toda-espana\\\/\",\"name\":\"El PPdeG sit\u00faa las pol\u00edticas sociales de Galicia en materia de cuidado de los mayores y conciliaci\u00f3n como referencia para toda Espa\u00f1a - PP de Galicia\",\"isPartOf\":{\"@id\":\"https:\\\/\\\/ppdegalicia.com\\\/es\\\/#website\"},\"primaryImageOfPage\":{\"@id\":\"https:\\\/\\\/ppdegalicia.com\\\/es\\\/el-ppdeg-situa-las-politicas-sociales-de-galicia-en-materia-de-cuidado-de-los-mayores-y-conciliacion-como-referencia-para-toda-espana\\\/#primaryimage\"},\"image\":{\"@id\":\"https:\\\/\\\/ppdegalicia.com\\\/es\\\/el-ppdeg-situa-las-politicas-sociales-de-galicia-en-materia-de-cuidado-de-los-mayores-y-conciliacion-como-referencia-para-toda-espana\\\/#primaryimage\"},\"thumbnailUrl\":\"https:\\\/\\\/ppdegalicia.com\\\/wp-content\\\/uploads\\\/2024\\\/11\\\/20241130_JMRey_IntermunicipalPP_2-1536x1024-1.jpg\",\"datePublished\":\"2024-11-30T13:20:27+00:00\",\"dateModified\":\"2024-12-05T16:24:18+00:00\",\"breadcrumb\":{\"@id\":\"https:\\\/\\\/ppdegalicia.com\\\/es\\\/el-ppdeg-situa-las-politicas-sociales-de-galicia-en-materia-de-cuidado-de-los-mayores-y-conciliacion-como-referencia-para-toda-espana\\\/#breadcrumb\"},\"inLanguage\":\"es\",\"potentialAction\":[{\"@type\":\"ReadAction\",\"target\":[\"https:\\\/\\\/ppdegalicia.com\\\/es\\\/el-ppdeg-situa-las-politicas-sociales-de-galicia-en-materia-de-cuidado-de-los-mayores-y-conciliacion-como-referencia-para-toda-espana\\\/\"]}]},{\"@type\":\"ImageObject\",\"inLanguage\":\"es\",\"@id\":\"https:\\\/\\\/ppdegalicia.com\\\/es\\\/el-ppdeg-situa-las-politicas-sociales-de-galicia-en-materia-de-cuidado-de-los-mayores-y-conciliacion-como-referencia-para-toda-espana\\\/#primaryimage\",\"url\":\"https:\\\/\\\/ppdegalicia.com\\\/wp-content\\\/uploads\\\/2024\\\/11\\\/20241130_JMRey_IntermunicipalPP_2-1536x1024-1.jpg\",\"contentUrl\":\"https:\\\/\\\/ppdegalicia.com\\\/wp-content\\\/uploads\\\/2024\\\/11\\\/20241130_JMRey_IntermunicipalPP_2-1536x1024-1.jpg\",\"width\":1536,\"height\":1024},{\"@type\":\"BreadcrumbList\",\"@id\":\"https:\\\/\\\/ppdegalicia.com\\\/es\\\/el-ppdeg-situa-las-politicas-sociales-de-galicia-en-materia-de-cuidado-de-los-mayores-y-conciliacion-como-referencia-para-toda-espana\\\/#breadcrumb\",\"itemListElement\":[{\"@type\":\"ListItem\",\"position\":1,\"name\":\"Portada\",\"item\":\"https:\\\/\\\/ppdegalicia.com\\\/es\\\/\"},{\"@type\":\"ListItem\",\"position\":2,\"name\":\"El PPdeG sit\u00faa las pol\u00edticas sociales de Galicia en materia de cuidado de los mayores y conciliaci\u00f3n como referencia para toda Espa\u00f1a\"}]},{\"@type\":\"WebSite\",\"@id\":\"https:\\\/\\\/ppdegalicia.com\\\/es\\\/#website\",\"url\":\"https:\\\/\\\/ppdegalicia.com\\\/es\\\/\",\"name\":\"Partido Popular de Galicia\",\"description\":\"Partido Popular de Galicia\",\"publisher\":{\"@id\":\"https:\\\/\\\/ppdegalicia.com\\\/es\\\/#organization\"},\"alternateName\":\"PP de Galicia\",\"potentialAction\":[{\"@type\":\"SearchAction\",\"target\":{\"@type\":\"EntryPoint\",\"urlTemplate\":\"https:\\\/\\\/ppdegalicia.com\\\/es\\\/?s={search_term_string}\"},\"query-input\":{\"@type\":\"PropertyValueSpecification\",\"valueRequired\":true,\"valueName\":\"search_term_string\"}}],\"inLanguage\":\"es\"},{\"@type\":\"Organization\",\"@id\":\"https:\\\/\\\/ppdegalicia.com\\\/es\\\/#organization\",\"name\":\"Partido Popular de Galicia\",\"alternateName\":\"PP de Galicia\",\"url\":\"https:\\\/\\\/ppdegalicia.com\\\/es\\\/\",\"logo\":{\"@type\":\"ImageObject\",\"inLanguage\":\"es\",\"@id\":\"https:\\\/\\\/ppdegalicia.com\\\/es\\\/#\\\/schema\\\/logo\\\/image\\\/\",\"url\":\"https:\\\/\\\/ppdegalicia.com\\\/wp-content\\\/uploads\\\/2023\\\/04\\\/logoPP512.png\",\"contentUrl\":\"https:\\\/\\\/ppdegalicia.com\\\/wp-content\\\/uploads\\\/2023\\\/04\\\/logoPP512.png\",\"width\":512,\"height\":512,\"caption\":\"Partido Popular de Galicia\"},\"image\":{\"@id\":\"https:\\\/\\\/ppdegalicia.com\\\/es\\\/#\\\/schema\\\/logo\\\/image\\\/\"},\"sameAs\":[\"https:\\\/\\\/www.instagram.com\\\/ppdegalicia\\\/\",\"https:\\\/\\\/x.com\\\/ppdegalicia\",\"https:\\\/\\\/www.tiktok.com\\\/@ppdegalicia\",\"https:\\\/\\\/www.youtube.com\\\/user\\\/ppdegalicia\"]},{\"@type\":\"Person\",\"@id\":\"https:\\\/\\\/ppdegalicia.com\\\/es\\\/#\\\/schema\\\/person\\\/d0f013b8388c980665d44009ab762960\",\"name\":\"Super User\",\"image\":{\"@type\":\"ImageObject\",\"inLanguage\":\"es\",\"@id\":\"https:\\\/\\\/secure.gravatar.com\\\/avatar\\\/1db852625ef4948f58d2739bfbc51e4b9bd5c93b8fa340b59fdb594ca0845645?s=96&d=mm&r=g\",\"url\":\"https:\\\/\\\/secure.gravatar.com\\\/avatar\\\/1db852625ef4948f58d2739bfbc51e4b9bd5c93b8fa340b59fdb594ca0845645?s=96&d=mm&r=g\",\"contentUrl\":\"https:\\\/\\\/secure.gravatar.com\\\/avatar\\\/1db852625ef4948f58d2739bfbc51e4b9bd5c93b8fa340b59fdb594ca0845645?s=96&d=mm&r=g\",\"caption\":\"Super User\"},\"url\":\"https:\\\/\\\/ppdegalicia.com\\\/es\\\/author\\\/ppdegaliciagestion\\\/\"}]}<\/script>\n<!-- \/ Yoast SEO plugin. -->","yoast_head_json":{"title":"El PPdeG sit\u00faa las pol\u00edticas sociales de Galicia en materia de cuidado de los mayores y conciliaci\u00f3n como referencia para toda Espa\u00f1a - PP de Galicia","robots":{"index":"index","follow":"follow","max-snippet":"max-snippet:-1","max-image-preview":"max-image-preview:large","max-video-preview":"max-video-preview:-1"},"canonical":"https:\/\/ppdegalicia.com\/es\/el-ppdeg-situa-las-politicas-sociales-de-galicia-en-materia-de-cuidado-de-los-mayores-y-conciliacion-como-referencia-para-toda-espana\/","og_locale":"es_ES","og_type":"article","og_title":"El PPdeG sit\u00faa las pol\u00edticas sociales de Galicia en materia de cuidado de los mayores y conciliaci\u00f3n como referencia para toda Espa\u00f1a - PP de Galicia","og_description":"El PPdeG reivindic\u00f3 hoy las pol\u00edticas sociales que durante los \u00faltimos a\u00f1os se vienen implementando en Galicia en materia de cuidado de los mayores y conciliaci\u00f3n por considerarlas una referencia para toda Espa\u00f1a y un ejemplo de c\u00f3mo los gobiernos populares se ocupan y preocupan de los problemas reales de las personas. En el marco [&hellip;]","og_url":"https:\/\/ppdegalicia.com\/es\/el-ppdeg-situa-las-politicas-sociales-de-galicia-en-materia-de-cuidado-de-los-mayores-y-conciliacion-como-referencia-para-toda-espana\/","og_site_name":"PP de Galicia","article_publisher":"https:\/\/www.instagram.com\/ppdegalicia\/","article_published_time":"2024-11-30T13:20:27+00:00","article_modified_time":"2024-12-05T16:24:18+00:00","og_image":[{"width":1536,"height":1024,"url":"https:\/\/ppdegalicia.com\/wp-content\/uploads\/2024\/11\/20241130_JMRey_IntermunicipalPP_2-1536x1024-1.jpg","type":"image\/jpeg"}],"author":"Super User","twitter_card":"summary_large_image","twitter_creator":"@ppdegalicia","twitter_site":"@ppdegalicia","twitter_misc":{"Escrito por":"Super User","Tiempo de lectura":"3 minutos"},"schema":{"@context":"https:\/\/schema.org","@graph":[{"@type":"Article","@id":"https:\/\/ppdegalicia.com\/es\/el-ppdeg-situa-las-politicas-sociales-de-galicia-en-materia-de-cuidado-de-los-mayores-y-conciliacion-como-referencia-para-toda-espana\/#article","isPartOf":{"@id":"https:\/\/ppdegalicia.com\/es\/el-ppdeg-situa-las-politicas-sociales-de-galicia-en-materia-de-cuidado-de-los-mayores-y-conciliacion-como-referencia-para-toda-espana\/"},"author":{"name":"Super User","@id":"https:\/\/ppdegalicia.com\/es\/#\/schema\/person\/d0f013b8388c980665d44009ab762960"},"headline":"El PPdeG sit\u00faa las pol\u00edticas sociales de Galicia en materia de cuidado de los mayores y conciliaci\u00f3n como referencia para toda Espa\u00f1a","datePublished":"2024-11-30T13:20:27+00:00","dateModified":"2024-12-05T16:24:18+00:00","mainEntityOfPage":{"@id":"https:\/\/ppdegalicia.com\/es\/el-ppdeg-situa-las-politicas-sociales-de-galicia-en-materia-de-cuidado-de-los-mayores-y-conciliacion-como-referencia-para-toda-espana\/"},"wordCount":536,"publisher":{"@id":"https:\/\/ppdegalicia.com\/es\/#organization"},"image":{"@id":"https:\/\/ppdegalicia.com\/es\/el-ppdeg-situa-las-politicas-sociales-de-galicia-en-materia-de-cuidado-de-los-mayores-y-conciliacion-como-referencia-para-toda-espana\/#primaryimage"},"thumbnailUrl":"https:\/\/ppdegalicia.com\/wp-content\/uploads\/2024\/11\/20241130_JMRey_IntermunicipalPP_2-1536x1024-1.jpg","articleSection":["PP de Galicia"],"inLanguage":"es"},{"@type":"WebPage","@id":"https:\/\/ppdegalicia.com\/es\/el-ppdeg-situa-las-politicas-sociales-de-galicia-en-materia-de-cuidado-de-los-mayores-y-conciliacion-como-referencia-para-toda-espana\/","url":"https:\/\/ppdegalicia.com\/es\/el-ppdeg-situa-las-politicas-sociales-de-galicia-en-materia-de-cuidado-de-los-mayores-y-conciliacion-como-referencia-para-toda-espana\/","name":"El PPdeG sit\u00faa las pol\u00edticas sociales de Galicia en materia de cuidado de los mayores y conciliaci\u00f3n como referencia para toda Espa\u00f1a - PP de Galicia","isPartOf":{"@id":"https:\/\/ppdegalicia.com\/es\/#website"},"primaryImageOfPage":{"@id":"https:\/\/ppdegalicia.com\/es\/el-ppdeg-situa-las-politicas-sociales-de-galicia-en-materia-de-cuidado-de-los-mayores-y-conciliacion-como-referencia-para-toda-espana\/#primaryimage"},"image":{"@id":"https:\/\/ppdegalicia.com\/es\/el-ppdeg-situa-las-politicas-sociales-de-galicia-en-materia-de-cuidado-de-los-mayores-y-conciliacion-como-referencia-para-toda-espana\/#primaryimage"},"thumbnailUrl":"https:\/\/ppdegalicia.com\/wp-content\/uploads\/2024\/11\/20241130_JMRey_IntermunicipalPP_2-1536x1024-1.jpg","datePublished":"2024-11-30T13:20:27+00:00","dateModified":"2024-12-05T16:24:18+00:00","breadcrumb":{"@id":"https:\/\/ppdegalicia.com\/es\/el-ppdeg-situa-las-politicas-sociales-de-galicia-en-materia-de-cuidado-de-los-mayores-y-conciliacion-como-referencia-para-toda-espana\/#breadcrumb"},"inLanguage":"es","potentialAction":[{"@type":"ReadAction","target":["https:\/\/ppdegalicia.com\/es\/el-ppdeg-situa-las-politicas-sociales-de-galicia-en-materia-de-cuidado-de-los-mayores-y-conciliacion-como-referencia-para-toda-espana\/"]}]},{"@type":"ImageObject","inLanguage":"es","@id":"https:\/\/ppdegalicia.com\/es\/el-ppdeg-situa-las-politicas-sociales-de-galicia-en-materia-de-cuidado-de-los-mayores-y-conciliacion-como-referencia-para-toda-espana\/#primaryimage","url":"https:\/\/ppdegalicia.com\/wp-content\/uploads\/2024\/11\/20241130_JMRey_IntermunicipalPP_2-1536x1024-1.jpg","contentUrl":"https:\/\/ppdegalicia.com\/wp-content\/uploads\/2024\/11\/20241130_JMRey_IntermunicipalPP_2-1536x1024-1.jpg","width":1536,"height":1024},{"@type":"BreadcrumbList","@id":"https:\/\/ppdegalicia.com\/es\/el-ppdeg-situa-las-politicas-sociales-de-galicia-en-materia-de-cuidado-de-los-mayores-y-conciliacion-como-referencia-para-toda-espana\/#breadcrumb","itemListElement":[{"@type":"ListItem","position":1,"name":"Portada","item":"https:\/\/ppdegalicia.com\/es\/"},{"@type":"ListItem","position":2,"name":"El PPdeG sit\u00faa las pol\u00edticas sociales de Galicia en materia de cuidado de los mayores y conciliaci\u00f3n como referencia para toda Espa\u00f1a"}]},{"@type":"WebSite","@id":"https:\/\/ppdegalicia.com\/es\/#website","url":"https:\/\/ppdegalicia.com\/es\/","name":"Partido Popular de Galicia","description":"Partido Popular de Galicia","publisher":{"@id":"https:\/\/ppdegalicia.com\/es\/#organization"},"alternateName":"PP de Galicia","potentialAction":[{"@type":"SearchAction","target":{"@type":"EntryPoint","urlTemplate":"https:\/\/ppdegalicia.com\/es\/?s={search_term_string}"},"query-input":{"@type":"PropertyValueSpecification","valueRequired":true,"valueName":"search_term_string"}}],"inLanguage":"es"},{"@type":"Organization","@id":"https:\/\/ppdegalicia.com\/es\/#organization","name":"Partido Popular de Galicia","alternateName":"PP de Galicia","url":"https:\/\/ppdegalicia.com\/es\/","logo":{"@type":"ImageObject","inLanguage":"es","@id":"https:\/\/ppdegalicia.com\/es\/#\/schema\/logo\/image\/","url":"https:\/\/ppdegalicia.com\/wp-content\/uploads\/2023\/04\/logoPP512.png","contentUrl":"https:\/\/ppdegalicia.com\/wp-content\/uploads\/2023\/04\/logoPP512.png","width":512,"height":512,"caption":"Partido Popular de Galicia"},"image":{"@id":"https:\/\/ppdegalicia.com\/es\/#\/schema\/logo\/image\/"},"sameAs":["https:\/\/www.instagram.com\/ppdegalicia\/","https:\/\/x.com\/ppdegalicia","https:\/\/www.tiktok.com\/@ppdegalicia","https:\/\/www.youtube.com\/user\/ppdegalicia"]},{"@type":"Person","@id":"https:\/\/ppdegalicia.com\/es\/#\/schema\/person\/d0f013b8388c980665d44009ab762960","name":"Super User","image":{"@type":"ImageObject","inLanguage":"es","@id":"https:\/\/secure.gravatar.com\/avatar\/1db852625ef4948f58d2739bfbc51e4b9bd5c93b8fa340b59fdb594ca0845645?s=96&d=mm&r=g","url":"https:\/\/secure.gravatar.com\/avatar\/1db852625ef4948f58d2739bfbc51e4b9bd5c93b8fa340b59fdb594ca0845645?s=96&d=mm&r=g","contentUrl":"https:\/\/secure.gravatar.com\/avatar\/1db852625ef4948f58d2739bfbc51e4b9bd5c93b8fa340b59fdb594ca0845645?s=96&d=mm&r=g","caption":"Super User"},"url":"https:\/\/ppdegalicia.com\/es\/author\/ppdegaliciagestion\/"}]}},"_links":{"self":[{"href":"https:\/\/ppdegalicia.com\/es\/wp-json\/wp\/v2\/posts\/65142","targetHints":{"allow":["GET"]}}],"collection":[{"href":"https:\/\/ppdegalicia.com\/es\/wp-json\/wp\/v2\/posts"}],"about":[{"href":"https:\/\/ppdegalicia.com\/es\/wp-json\/wp\/v2\/types\/post"}],"author":[{"embeddable":true,"href":"https:\/\/ppdegalicia.com\/es\/wp-json\/wp\/v2\/users\/37"}],"replies":[{"embeddable":true,"href":"https:\/\/ppdegalicia.com\/es\/wp-json\/wp\/v2\/comments?post=65142"}],"version-history":[{"count":1,"href":"https:\/\/ppdegalicia.com\/es\/wp-json\/wp\/v2\/posts\/65142\/revisions"}],"predecessor-version":[{"id":65143,"href":"https:\/\/ppdegalicia.com\/es\/wp-json\/wp\/v2\/posts\/65142\/revisions\/65143"}],"wp:featuredmedia":[{"embeddable":true,"href":"https:\/\/ppdegalicia.com\/es\/wp-json\/wp\/v2\/media\/65144"}],"wp:attachment":[{"href":"https:\/\/ppdegalicia.com\/es\/wp-json\/wp\/v2\/media?parent=65142"}],"wp:term":[{"taxonomy":"category","embeddable":true,"href":"https:\/\/ppdegalicia.com\/es\/wp-json\/wp\/v2\/categories?post=65142"},{"taxonomy":"post_tag","embeddable":true,"href":"https:\/\/ppdegalicia.com\/es\/wp-json\/wp\/v2\/tags?post=65142"}],"curies":[{"name":"wp","href":"https:\/\/api.w.org\/{rel}","templated":true}]}}