{"id":65166,"date":"2024-12-04T14:08:28","date_gmt":"2024-12-04T13:08:28","guid":{"rendered":"https:\/\/ppdegalicia.com\/?p=65166"},"modified":"2024-12-10T17:30:28","modified_gmt":"2024-12-10T16:30:28","slug":"o-ppdeg-denuncia-que-o-goberno-de-sanchez-esta-facendo-o-posible-e-o-imposible-para-impedir-o-debate-da-transferencia-da-ap-9-a-galicia-no-congreso","status":"publish","type":"post","link":"https:\/\/ppdegalicia.com\/es\/o-ppdeg-denuncia-que-o-goberno-de-sanchez-esta-facendo-o-posible-e-o-imposible-para-impedir-o-debate-da-transferencia-da-ap-9-a-galicia-no-congreso\/","title":{"rendered":"O PPdeG denuncia que o Goberno de S\u00e1nchez est\u00e1 facendo \u201co posible e o imposible\u201d para impedir o debate da transferencia da AP-9 a Galicia no Congreso"},"content":{"rendered":"<p>Os deputados do Partido Popular de Galicia no Congreso denuncian o \u201cboicot\u201d que est\u00e1 perpetrando o Goberno de S\u00e1nchez, sostido polo PSOE, BNG e Sumar, \u00e1 tramitaci\u00f3n parlamentaria da proposici\u00f3n de lei sobre a transferencia da AP-9 a Galicia, facendo \u201co posible\u00a0e o imposible\u201d para impedir o seu debate a trav\u00e9s de pr\u00f3rrogas.<\/p>\n<p>Fano logo de que onte mesmo a Mesa do Congreso dos Deputados \u2013dominada polos socialistas e os seus socios\u2013 acordase a d\u00e9cimo quinta pr\u00f3rroga no prazo de presentaci\u00f3n de emendas \u00e1 iniciativa, cuxa toma en consideraci\u00f3n polo procedemento de urxencia foi aprobado no mes de xu\u00f1o deste mesmo ano.<\/p>\n<p>Unha pr\u00f3rroga que os populares consideran \u201clamentable\u201d na medida en que encami\u00f1a o que \u00e9 \u201cun anhelo un\u00e1nime do pobo galego\u201d pola mesma senda da pasada Lexislatura: \u201cPrimeiro foron adiando o prazo de presentaci\u00f3n de emendas ata chegar a quince pr\u00f3rrogas, logo boicotearon a s\u00faa tramitaci\u00f3n na ponencia e finalmente a disoluci\u00f3n das Cortes Xerais impediu que sa\u00edra adiante\u201d.<\/p>\n<p>Nesta li\u00f1a, o deputado\u00a0galego\u00a0e vicepresidente segundo da Comisi\u00f3n de Transportes e Mobilidade Sostible do Congreso, Celso Delgado, ten claro que \u201ctodo apunta a que o PSOE, coa conivencia do socialismo galego, est\u00e1 favorecendo unha pr\u00f3rroga indefinida dos prazos para que tampouco nesta Lexislatura se faga efectiva a transferencia a Galicia da titularidade e xesti\u00f3n da principal autoestrada da Comunidade\u201d.<\/p>\n<p>Lamenta as\u00ed que o socialismo dera o seu apoio en Galicia \u00e1 mesma iniciativa que logo, unha vez chega a Madrid, fai \u201co posible e o imposible\u201d por boicotear. Unha actitude que se equipara, na s\u00faa opini\u00f3n, \u00e1 de Sumar: \u201cUnha formaci\u00f3n supostamente liderada por unha galega pero que vota en contra dos intereses dos galegos e galegas\u201d.<\/p>\n<p>\u201cDesde o PPdeG non imos aceptar esa nova aldraxe a Galicia e non estamos dispostos a consentir que o Goberno de S\u00e1nchez, coa submisi\u00f3n do socialismo galego e o apoio a este Executivo por parte do BNG, impida que se poida debater no Congreso unha iniciativa que foi aprobada por unanimidade no Parlamento de Galicia\u201d, concl\u00fae Delgado.<\/p>\n<p>&nbsp;<\/p>\n","protected":false},"excerpt":{"rendered":"<p>Os deputados do Partido Popular de Galicia no Congreso denuncian o \u201cboicot\u201d que est\u00e1 perpetrando o Goberno de S\u00e1nchez, sostido polo PSOE, BNG e Sumar, \u00e1 tramitaci\u00f3n parlamentaria da proposici\u00f3n de lei sobre a transferencia da AP-9 a Galicia, facendo \u201co posible\u00a0e o imposible\u201d para impedir o seu debate a trav\u00e9s de pr\u00f3rrogas. Fano logo [&hellip;]<\/p>\n","protected":false},"author":37,"featured_media":65168,"comment_status":"closed","ping_status":"open","sticky":false,"template":"","format":"standard","meta":{"_acf_changed":false,"footnotes":""},"categories":[2387],"tags":[],"class_list":["post-65166","post","type-post","status-publish","format-standard","has-post-thumbnail","hentry","category-actualidad-cortes-generales"],"acf":[],"yoast_head":"<!-- This site is optimized with the Yoast SEO plugin v27.3 - https:\/\/yoast.com\/product\/yoast-seo-wordpress\/ -->\n<title>O PPdeG denuncia que o Goberno de S\u00e1nchez est\u00e1 facendo \u201co posible e o imposible\u201d para impedir o debate da transferencia da AP-9 a Galicia no Congreso - PP de Galicia<\/title>\n<meta name=\"robots\" content=\"index, follow, max-snippet:-1, max-image-preview:large, max-video-preview:-1\" \/>\n<link rel=\"canonical\" href=\"https:\/\/ppdegalicia.com\/es\/o-ppdeg-denuncia-que-o-goberno-de-sanchez-esta-facendo-o-posible-e-o-imposible-para-impedir-o-debate-da-transferencia-da-ap-9-a-galicia-no-congreso\/\" \/>\n<meta property=\"og:locale\" content=\"es_ES\" \/>\n<meta property=\"og:type\" content=\"article\" \/>\n<meta property=\"og:title\" content=\"O PPdeG denuncia que o Goberno de S\u00e1nchez est\u00e1 facendo \u201co posible e o imposible\u201d para impedir o debate da transferencia da AP-9 a Galicia no Congreso - PP de Galicia\" \/>\n<meta property=\"og:description\" content=\"Os deputados do Partido Popular de Galicia no Congreso denuncian o \u201cboicot\u201d que est\u00e1 perpetrando o Goberno de S\u00e1nchez, sostido polo PSOE, BNG e Sumar, \u00e1 tramitaci\u00f3n parlamentaria da proposici\u00f3n de lei sobre a transferencia da AP-9 a Galicia, facendo \u201co posible\u00a0e o imposible\u201d para impedir o seu debate a trav\u00e9s de pr\u00f3rrogas. Fano logo [&hellip;]\" \/>\n<meta property=\"og:url\" content=\"https:\/\/ppdegalicia.com\/es\/o-ppdeg-denuncia-que-o-goberno-de-sanchez-esta-facendo-o-posible-e-o-imposible-para-impedir-o-debate-da-transferencia-da-ap-9-a-galicia-no-congreso\/\" \/>\n<meta property=\"og:site_name\" content=\"PP de Galicia\" \/>\n<meta property=\"article:publisher\" content=\"https:\/\/www.instagram.com\/ppdegalicia\/\" \/>\n<meta property=\"article:published_time\" content=\"2024-12-04T13:08:28+00:00\" \/>\n<meta property=\"article:modified_time\" content=\"2024-12-10T16:30:28+00:00\" \/>\n<meta property=\"og:image\" content=\"https:\/\/ppdegalicia.com\/wp-content\/uploads\/2024\/12\/Celso-Delgado-no-Congreso.jpg\" \/>\n\t<meta property=\"og:image:width\" content=\"1557\" \/>\n\t<meta property=\"og:image:height\" content=\"1038\" \/>\n\t<meta property=\"og:image:type\" content=\"image\/jpeg\" \/>\n<meta name=\"author\" content=\"Super User\" \/>\n<meta name=\"twitter:card\" content=\"summary_large_image\" \/>\n<meta name=\"twitter:creator\" content=\"@ppdegalicia\" \/>\n<meta name=\"twitter:site\" content=\"@ppdegalicia\" \/>\n<meta name=\"twitter:label1\" content=\"Escrito por\" \/>\n\t<meta name=\"twitter:data1\" content=\"Super User\" \/>\n\t<meta name=\"twitter:label2\" content=\"Tiempo de lectura\" \/>\n\t<meta name=\"twitter:data2\" content=\"3 minutos\" \/>\n<script type=\"application\/ld+json\" class=\"yoast-schema-graph\">{\"@context\":\"https:\\\/\\\/schema.org\",\"@graph\":[{\"@type\":\"Article\",\"@id\":\"https:\\\/\\\/ppdegalicia.com\\\/es\\\/o-ppdeg-denuncia-que-o-goberno-de-sanchez-esta-facendo-o-posible-e-o-imposible-para-impedir-o-debate-da-transferencia-da-ap-9-a-galicia-no-congreso\\\/#article\",\"isPartOf\":{\"@id\":\"https:\\\/\\\/ppdegalicia.com\\\/es\\\/o-ppdeg-denuncia-que-o-goberno-de-sanchez-esta-facendo-o-posible-e-o-imposible-para-impedir-o-debate-da-transferencia-da-ap-9-a-galicia-no-congreso\\\/\"},\"author\":{\"name\":\"Super User\",\"@id\":\"https:\\\/\\\/ppdegalicia.com\\\/es\\\/#\\\/schema\\\/person\\\/d0f013b8388c980665d44009ab762960\"},\"headline\":\"O PPdeG denuncia que o Goberno de S\u00e1nchez est\u00e1 facendo \u201co posible e o imposible\u201d para impedir o debate da transferencia da AP-9 a Galicia no Congreso\",\"datePublished\":\"2024-12-04T13:08:28+00:00\",\"dateModified\":\"2024-12-10T16:30:28+00:00\",\"mainEntityOfPage\":{\"@id\":\"https:\\\/\\\/ppdegalicia.com\\\/es\\\/o-ppdeg-denuncia-que-o-goberno-de-sanchez-esta-facendo-o-posible-e-o-imposible-para-impedir-o-debate-da-transferencia-da-ap-9-a-galicia-no-congreso\\\/\"},\"wordCount\":391,\"publisher\":{\"@id\":\"https:\\\/\\\/ppdegalicia.com\\\/es\\\/#organization\"},\"image\":{\"@id\":\"https:\\\/\\\/ppdegalicia.com\\\/es\\\/o-ppdeg-denuncia-que-o-goberno-de-sanchez-esta-facendo-o-posible-e-o-imposible-para-impedir-o-debate-da-transferencia-da-ap-9-a-galicia-no-congreso\\\/#primaryimage\"},\"thumbnailUrl\":\"https:\\\/\\\/ppdegalicia.com\\\/wp-content\\\/uploads\\\/2024\\\/12\\\/Celso-Delgado-no-Congreso.jpg\",\"articleSection\":[\"Cortes Generales\"],\"inLanguage\":\"es\"},{\"@type\":\"WebPage\",\"@id\":\"https:\\\/\\\/ppdegalicia.com\\\/es\\\/o-ppdeg-denuncia-que-o-goberno-de-sanchez-esta-facendo-o-posible-e-o-imposible-para-impedir-o-debate-da-transferencia-da-ap-9-a-galicia-no-congreso\\\/\",\"url\":\"https:\\\/\\\/ppdegalicia.com\\\/es\\\/o-ppdeg-denuncia-que-o-goberno-de-sanchez-esta-facendo-o-posible-e-o-imposible-para-impedir-o-debate-da-transferencia-da-ap-9-a-galicia-no-congreso\\\/\",\"name\":\"O PPdeG denuncia que o Goberno de S\u00e1nchez est\u00e1 facendo \u201co posible e o imposible\u201d para impedir o debate da transferencia da AP-9 a Galicia no Congreso - PP de Galicia\",\"isPartOf\":{\"@id\":\"https:\\\/\\\/ppdegalicia.com\\\/es\\\/#website\"},\"primaryImageOfPage\":{\"@id\":\"https:\\\/\\\/ppdegalicia.com\\\/es\\\/o-ppdeg-denuncia-que-o-goberno-de-sanchez-esta-facendo-o-posible-e-o-imposible-para-impedir-o-debate-da-transferencia-da-ap-9-a-galicia-no-congreso\\\/#primaryimage\"},\"image\":{\"@id\":\"https:\\\/\\\/ppdegalicia.com\\\/es\\\/o-ppdeg-denuncia-que-o-goberno-de-sanchez-esta-facendo-o-posible-e-o-imposible-para-impedir-o-debate-da-transferencia-da-ap-9-a-galicia-no-congreso\\\/#primaryimage\"},\"thumbnailUrl\":\"https:\\\/\\\/ppdegalicia.com\\\/wp-content\\\/uploads\\\/2024\\\/12\\\/Celso-Delgado-no-Congreso.jpg\",\"datePublished\":\"2024-12-04T13:08:28+00:00\",\"dateModified\":\"2024-12-10T16:30:28+00:00\",\"breadcrumb\":{\"@id\":\"https:\\\/\\\/ppdegalicia.com\\\/es\\\/o-ppdeg-denuncia-que-o-goberno-de-sanchez-esta-facendo-o-posible-e-o-imposible-para-impedir-o-debate-da-transferencia-da-ap-9-a-galicia-no-congreso\\\/#breadcrumb\"},\"inLanguage\":\"es\",\"potentialAction\":[{\"@type\":\"ReadAction\",\"target\":[\"https:\\\/\\\/ppdegalicia.com\\\/es\\\/o-ppdeg-denuncia-que-o-goberno-de-sanchez-esta-facendo-o-posible-e-o-imposible-para-impedir-o-debate-da-transferencia-da-ap-9-a-galicia-no-congreso\\\/\"]}]},{\"@type\":\"ImageObject\",\"inLanguage\":\"es\",\"@id\":\"https:\\\/\\\/ppdegalicia.com\\\/es\\\/o-ppdeg-denuncia-que-o-goberno-de-sanchez-esta-facendo-o-posible-e-o-imposible-para-impedir-o-debate-da-transferencia-da-ap-9-a-galicia-no-congreso\\\/#primaryimage\",\"url\":\"https:\\\/\\\/ppdegalicia.com\\\/wp-content\\\/uploads\\\/2024\\\/12\\\/Celso-Delgado-no-Congreso.jpg\",\"contentUrl\":\"https:\\\/\\\/ppdegalicia.com\\\/wp-content\\\/uploads\\\/2024\\\/12\\\/Celso-Delgado-no-Congreso.jpg\",\"width\":1557,\"height\":1038},{\"@type\":\"BreadcrumbList\",\"@id\":\"https:\\\/\\\/ppdegalicia.com\\\/es\\\/o-ppdeg-denuncia-que-o-goberno-de-sanchez-esta-facendo-o-posible-e-o-imposible-para-impedir-o-debate-da-transferencia-da-ap-9-a-galicia-no-congreso\\\/#breadcrumb\",\"itemListElement\":[{\"@type\":\"ListItem\",\"position\":1,\"name\":\"Portada\",\"item\":\"https:\\\/\\\/ppdegalicia.com\\\/es\\\/\"},{\"@type\":\"ListItem\",\"position\":2,\"name\":\"O PPdeG denuncia que o Goberno de S\u00e1nchez est\u00e1 facendo \u201co posible e o imposible\u201d para impedir o debate da transferencia da AP-9 a Galicia no Congreso\"}]},{\"@type\":\"WebSite\",\"@id\":\"https:\\\/\\\/ppdegalicia.com\\\/es\\\/#website\",\"url\":\"https:\\\/\\\/ppdegalicia.com\\\/es\\\/\",\"name\":\"Partido Popular de Galicia\",\"description\":\"Partido Popular de Galicia\",\"publisher\":{\"@id\":\"https:\\\/\\\/ppdegalicia.com\\\/es\\\/#organization\"},\"alternateName\":\"PP de Galicia\",\"potentialAction\":[{\"@type\":\"SearchAction\",\"target\":{\"@type\":\"EntryPoint\",\"urlTemplate\":\"https:\\\/\\\/ppdegalicia.com\\\/es\\\/?s={search_term_string}\"},\"query-input\":{\"@type\":\"PropertyValueSpecification\",\"valueRequired\":true,\"valueName\":\"search_term_string\"}}],\"inLanguage\":\"es\"},{\"@type\":\"Organization\",\"@id\":\"https:\\\/\\\/ppdegalicia.com\\\/es\\\/#organization\",\"name\":\"Partido Popular de Galicia\",\"alternateName\":\"PP de Galicia\",\"url\":\"https:\\\/\\\/ppdegalicia.com\\\/es\\\/\",\"logo\":{\"@type\":\"ImageObject\",\"inLanguage\":\"es\",\"@id\":\"https:\\\/\\\/ppdegalicia.com\\\/es\\\/#\\\/schema\\\/logo\\\/image\\\/\",\"url\":\"https:\\\/\\\/ppdegalicia.com\\\/wp-content\\\/uploads\\\/2023\\\/04\\\/logoPP512.png\",\"contentUrl\":\"https:\\\/\\\/ppdegalicia.com\\\/wp-content\\\/uploads\\\/2023\\\/04\\\/logoPP512.png\",\"width\":512,\"height\":512,\"caption\":\"Partido Popular de Galicia\"},\"image\":{\"@id\":\"https:\\\/\\\/ppdegalicia.com\\\/es\\\/#\\\/schema\\\/logo\\\/image\\\/\"},\"sameAs\":[\"https:\\\/\\\/www.instagram.com\\\/ppdegalicia\\\/\",\"https:\\\/\\\/x.com\\\/ppdegalicia\",\"https:\\\/\\\/www.tiktok.com\\\/@ppdegalicia\",\"https:\\\/\\\/www.youtube.com\\\/user\\\/ppdegalicia\"]},{\"@type\":\"Person\",\"@id\":\"https:\\\/\\\/ppdegalicia.com\\\/es\\\/#\\\/schema\\\/person\\\/d0f013b8388c980665d44009ab762960\",\"name\":\"Super User\",\"image\":{\"@type\":\"ImageObject\",\"inLanguage\":\"es\",\"@id\":\"https:\\\/\\\/secure.gravatar.com\\\/avatar\\\/1db852625ef4948f58d2739bfbc51e4b9bd5c93b8fa340b59fdb594ca0845645?s=96&d=mm&r=g\",\"url\":\"https:\\\/\\\/secure.gravatar.com\\\/avatar\\\/1db852625ef4948f58d2739bfbc51e4b9bd5c93b8fa340b59fdb594ca0845645?s=96&d=mm&r=g\",\"contentUrl\":\"https:\\\/\\\/secure.gravatar.com\\\/avatar\\\/1db852625ef4948f58d2739bfbc51e4b9bd5c93b8fa340b59fdb594ca0845645?s=96&d=mm&r=g\",\"caption\":\"Super User\"},\"url\":\"https:\\\/\\\/ppdegalicia.com\\\/es\\\/author\\\/ppdegaliciagestion\\\/\"}]}<\/script>\n<!-- \/ Yoast SEO plugin. -->","yoast_head_json":{"title":"O PPdeG denuncia que o Goberno de S\u00e1nchez est\u00e1 facendo \u201co posible e o imposible\u201d para impedir o debate da transferencia da AP-9 a Galicia no Congreso - PP de Galicia","robots":{"index":"index","follow":"follow","max-snippet":"max-snippet:-1","max-image-preview":"max-image-preview:large","max-video-preview":"max-video-preview:-1"},"canonical":"https:\/\/ppdegalicia.com\/es\/o-ppdeg-denuncia-que-o-goberno-de-sanchez-esta-facendo-o-posible-e-o-imposible-para-impedir-o-debate-da-transferencia-da-ap-9-a-galicia-no-congreso\/","og_locale":"es_ES","og_type":"article","og_title":"O PPdeG denuncia que o Goberno de S\u00e1nchez est\u00e1 facendo \u201co posible e o imposible\u201d para impedir o debate da transferencia da AP-9 a Galicia no Congreso - PP de Galicia","og_description":"Os deputados do Partido Popular de Galicia no Congreso denuncian o \u201cboicot\u201d que est\u00e1 perpetrando o Goberno de S\u00e1nchez, sostido polo PSOE, BNG e Sumar, \u00e1 tramitaci\u00f3n parlamentaria da proposici\u00f3n de lei sobre a transferencia da AP-9 a Galicia, facendo \u201co posible\u00a0e o imposible\u201d para impedir o seu debate a trav\u00e9s de pr\u00f3rrogas. Fano logo [&hellip;]","og_url":"https:\/\/ppdegalicia.com\/es\/o-ppdeg-denuncia-que-o-goberno-de-sanchez-esta-facendo-o-posible-e-o-imposible-para-impedir-o-debate-da-transferencia-da-ap-9-a-galicia-no-congreso\/","og_site_name":"PP de Galicia","article_publisher":"https:\/\/www.instagram.com\/ppdegalicia\/","article_published_time":"2024-12-04T13:08:28+00:00","article_modified_time":"2024-12-10T16:30:28+00:00","og_image":[{"width":1557,"height":1038,"url":"https:\/\/ppdegalicia.com\/wp-content\/uploads\/2024\/12\/Celso-Delgado-no-Congreso.jpg","type":"image\/jpeg"}],"author":"Super User","twitter_card":"summary_large_image","twitter_creator":"@ppdegalicia","twitter_site":"@ppdegalicia","twitter_misc":{"Escrito por":"Super User","Tiempo de lectura":"3 minutos"},"schema":{"@context":"https:\/\/schema.org","@graph":[{"@type":"Article","@id":"https:\/\/ppdegalicia.com\/es\/o-ppdeg-denuncia-que-o-goberno-de-sanchez-esta-facendo-o-posible-e-o-imposible-para-impedir-o-debate-da-transferencia-da-ap-9-a-galicia-no-congreso\/#article","isPartOf":{"@id":"https:\/\/ppdegalicia.com\/es\/o-ppdeg-denuncia-que-o-goberno-de-sanchez-esta-facendo-o-posible-e-o-imposible-para-impedir-o-debate-da-transferencia-da-ap-9-a-galicia-no-congreso\/"},"author":{"name":"Super User","@id":"https:\/\/ppdegalicia.com\/es\/#\/schema\/person\/d0f013b8388c980665d44009ab762960"},"headline":"O PPdeG denuncia que o Goberno de S\u00e1nchez est\u00e1 facendo \u201co posible e o imposible\u201d para impedir o debate da transferencia da AP-9 a Galicia no Congreso","datePublished":"2024-12-04T13:08:28+00:00","dateModified":"2024-12-10T16:30:28+00:00","mainEntityOfPage":{"@id":"https:\/\/ppdegalicia.com\/es\/o-ppdeg-denuncia-que-o-goberno-de-sanchez-esta-facendo-o-posible-e-o-imposible-para-impedir-o-debate-da-transferencia-da-ap-9-a-galicia-no-congreso\/"},"wordCount":391,"publisher":{"@id":"https:\/\/ppdegalicia.com\/es\/#organization"},"image":{"@id":"https:\/\/ppdegalicia.com\/es\/o-ppdeg-denuncia-que-o-goberno-de-sanchez-esta-facendo-o-posible-e-o-imposible-para-impedir-o-debate-da-transferencia-da-ap-9-a-galicia-no-congreso\/#primaryimage"},"thumbnailUrl":"https:\/\/ppdegalicia.com\/wp-content\/uploads\/2024\/12\/Celso-Delgado-no-Congreso.jpg","articleSection":["Cortes Generales"],"inLanguage":"es"},{"@type":"WebPage","@id":"https:\/\/ppdegalicia.com\/es\/o-ppdeg-denuncia-que-o-goberno-de-sanchez-esta-facendo-o-posible-e-o-imposible-para-impedir-o-debate-da-transferencia-da-ap-9-a-galicia-no-congreso\/","url":"https:\/\/ppdegalicia.com\/es\/o-ppdeg-denuncia-que-o-goberno-de-sanchez-esta-facendo-o-posible-e-o-imposible-para-impedir-o-debate-da-transferencia-da-ap-9-a-galicia-no-congreso\/","name":"O PPdeG denuncia que o Goberno de S\u00e1nchez est\u00e1 facendo \u201co posible e o imposible\u201d para impedir o debate da transferencia da AP-9 a Galicia no Congreso - PP de Galicia","isPartOf":{"@id":"https:\/\/ppdegalicia.com\/es\/#website"},"primaryImageOfPage":{"@id":"https:\/\/ppdegalicia.com\/es\/o-ppdeg-denuncia-que-o-goberno-de-sanchez-esta-facendo-o-posible-e-o-imposible-para-impedir-o-debate-da-transferencia-da-ap-9-a-galicia-no-congreso\/#primaryimage"},"image":{"@id":"https:\/\/ppdegalicia.com\/es\/o-ppdeg-denuncia-que-o-goberno-de-sanchez-esta-facendo-o-posible-e-o-imposible-para-impedir-o-debate-da-transferencia-da-ap-9-a-galicia-no-congreso\/#primaryimage"},"thumbnailUrl":"https:\/\/ppdegalicia.com\/wp-content\/uploads\/2024\/12\/Celso-Delgado-no-Congreso.jpg","datePublished":"2024-12-04T13:08:28+00:00","dateModified":"2024-12-10T16:30:28+00:00","breadcrumb":{"@id":"https:\/\/ppdegalicia.com\/es\/o-ppdeg-denuncia-que-o-goberno-de-sanchez-esta-facendo-o-posible-e-o-imposible-para-impedir-o-debate-da-transferencia-da-ap-9-a-galicia-no-congreso\/#breadcrumb"},"inLanguage":"es","potentialAction":[{"@type":"ReadAction","target":["https:\/\/ppdegalicia.com\/es\/o-ppdeg-denuncia-que-o-goberno-de-sanchez-esta-facendo-o-posible-e-o-imposible-para-impedir-o-debate-da-transferencia-da-ap-9-a-galicia-no-congreso\/"]}]},{"@type":"ImageObject","inLanguage":"es","@id":"https:\/\/ppdegalicia.com\/es\/o-ppdeg-denuncia-que-o-goberno-de-sanchez-esta-facendo-o-posible-e-o-imposible-para-impedir-o-debate-da-transferencia-da-ap-9-a-galicia-no-congreso\/#primaryimage","url":"https:\/\/ppdegalicia.com\/wp-content\/uploads\/2024\/12\/Celso-Delgado-no-Congreso.jpg","contentUrl":"https:\/\/ppdegalicia.com\/wp-content\/uploads\/2024\/12\/Celso-Delgado-no-Congreso.jpg","width":1557,"height":1038},{"@type":"BreadcrumbList","@id":"https:\/\/ppdegalicia.com\/es\/o-ppdeg-denuncia-que-o-goberno-de-sanchez-esta-facendo-o-posible-e-o-imposible-para-impedir-o-debate-da-transferencia-da-ap-9-a-galicia-no-congreso\/#breadcrumb","itemListElement":[{"@type":"ListItem","position":1,"name":"Portada","item":"https:\/\/ppdegalicia.com\/es\/"},{"@type":"ListItem","position":2,"name":"O PPdeG denuncia que o Goberno de S\u00e1nchez est\u00e1 facendo \u201co posible e o imposible\u201d para impedir o debate da transferencia da AP-9 a Galicia no Congreso"}]},{"@type":"WebSite","@id":"https:\/\/ppdegalicia.com\/es\/#website","url":"https:\/\/ppdegalicia.com\/es\/","name":"Partido Popular de Galicia","description":"Partido Popular de Galicia","publisher":{"@id":"https:\/\/ppdegalicia.com\/es\/#organization"},"alternateName":"PP de Galicia","potentialAction":[{"@type":"SearchAction","target":{"@type":"EntryPoint","urlTemplate":"https:\/\/ppdegalicia.com\/es\/?s={search_term_string}"},"query-input":{"@type":"PropertyValueSpecification","valueRequired":true,"valueName":"search_term_string"}}],"inLanguage":"es"},{"@type":"Organization","@id":"https:\/\/ppdegalicia.com\/es\/#organization","name":"Partido Popular de Galicia","alternateName":"PP de Galicia","url":"https:\/\/ppdegalicia.com\/es\/","logo":{"@type":"ImageObject","inLanguage":"es","@id":"https:\/\/ppdegalicia.com\/es\/#\/schema\/logo\/image\/","url":"https:\/\/ppdegalicia.com\/wp-content\/uploads\/2023\/04\/logoPP512.png","contentUrl":"https:\/\/ppdegalicia.com\/wp-content\/uploads\/2023\/04\/logoPP512.png","width":512,"height":512,"caption":"Partido Popular de Galicia"},"image":{"@id":"https:\/\/ppdegalicia.com\/es\/#\/schema\/logo\/image\/"},"sameAs":["https:\/\/www.instagram.com\/ppdegalicia\/","https:\/\/x.com\/ppdegalicia","https:\/\/www.tiktok.com\/@ppdegalicia","https:\/\/www.youtube.com\/user\/ppdegalicia"]},{"@type":"Person","@id":"https:\/\/ppdegalicia.com\/es\/#\/schema\/person\/d0f013b8388c980665d44009ab762960","name":"Super User","image":{"@type":"ImageObject","inLanguage":"es","@id":"https:\/\/secure.gravatar.com\/avatar\/1db852625ef4948f58d2739bfbc51e4b9bd5c93b8fa340b59fdb594ca0845645?s=96&d=mm&r=g","url":"https:\/\/secure.gravatar.com\/avatar\/1db852625ef4948f58d2739bfbc51e4b9bd5c93b8fa340b59fdb594ca0845645?s=96&d=mm&r=g","contentUrl":"https:\/\/secure.gravatar.com\/avatar\/1db852625ef4948f58d2739bfbc51e4b9bd5c93b8fa340b59fdb594ca0845645?s=96&d=mm&r=g","caption":"Super User"},"url":"https:\/\/ppdegalicia.com\/es\/author\/ppdegaliciagestion\/"}]}},"_links":{"self":[{"href":"https:\/\/ppdegalicia.com\/es\/wp-json\/wp\/v2\/posts\/65166","targetHints":{"allow":["GET"]}}],"collection":[{"href":"https:\/\/ppdegalicia.com\/es\/wp-json\/wp\/v2\/posts"}],"about":[{"href":"https:\/\/ppdegalicia.com\/es\/wp-json\/wp\/v2\/types\/post"}],"author":[{"embeddable":true,"href":"https:\/\/ppdegalicia.com\/es\/wp-json\/wp\/v2\/users\/37"}],"replies":[{"embeddable":true,"href":"https:\/\/ppdegalicia.com\/es\/wp-json\/wp\/v2\/comments?post=65166"}],"version-history":[{"count":1,"href":"https:\/\/ppdegalicia.com\/es\/wp-json\/wp\/v2\/posts\/65166\/revisions"}],"predecessor-version":[{"id":65167,"href":"https:\/\/ppdegalicia.com\/es\/wp-json\/wp\/v2\/posts\/65166\/revisions\/65167"}],"wp:featuredmedia":[{"embeddable":true,"href":"https:\/\/ppdegalicia.com\/es\/wp-json\/wp\/v2\/media\/65168"}],"wp:attachment":[{"href":"https:\/\/ppdegalicia.com\/es\/wp-json\/wp\/v2\/media?parent=65166"}],"wp:term":[{"taxonomy":"category","embeddable":true,"href":"https:\/\/ppdegalicia.com\/es\/wp-json\/wp\/v2\/categories?post=65166"},{"taxonomy":"post_tag","embeddable":true,"href":"https:\/\/ppdegalicia.com\/es\/wp-json\/wp\/v2\/tags?post=65166"}],"curies":[{"name":"wp","href":"https:\/\/api.w.org\/{rel}","templated":true}]}}