{"id":65203,"date":"2024-12-08T10:05:23","date_gmt":"2024-12-08T09:05:23","guid":{"rendered":"https:\/\/ppdegalicia.com\/?p=65203"},"modified":"2024-12-10T18:12:16","modified_gmt":"2024-12-10T17:12:16","slug":"os-eurodeputados-do-ppdeg-celebran-o-cambio-de-postura-de-europa-sobre-o-lobo-agora-tocalle-a-sanchez-mover-ficha","status":"publish","type":"post","link":"https:\/\/ppdegalicia.com\/es\/os-eurodeputados-do-ppdeg-celebran-o-cambio-de-postura-de-europa-sobre-o-lobo-agora-tocalle-a-sanchez-mover-ficha\/","title":{"rendered":"Os eurodeputados do PPdeG celebran o cambio de postura de Europa sobre o lobo: \u201cAgora t\u00f3calle a S\u00e1nchez mover ficha\u201d"},"content":{"rendered":"<p>O Partido Popular de Galicia celebra que, grazas ao impulso do Grupo Popular no Parlamento Europeo, o Comit\u00e9 Permanente do Convenio de Berna ve\u00f1a de aprobar a reduci\u00f3n do nivel de protecci\u00f3n do lobo e se abra as\u00ed a posibilidade de que se poida regular o control cinex\u00e9tico da especie.<\/p>\n<p>Os populares fanse eco da recente votaci\u00f3n na que se decidiu reducir o nivel de protecci\u00f3n do lobo, pasando de \u201cespecie de fauna estritamente protexida\u201d a \u201cespecie de fauna protexida\u201d. Unha decisi\u00f3n que deber\u00e1 ser complementada coa posterior reforma da Directiva de H\u00e1bitats da Uni\u00f3n Europea e que os eurodeputados galegos Francisco Mill\u00e1n Mon e Adri\u00e1n V\u00e1zquez consideran \u201cun paso imprescindible para poder controlar as poboaci\u00f3ns de lobo\u201d.<\/p>\n<p>O lalinense Adri\u00e1n V\u00e1zquez explica que \u201ca\u00ednda que Europa fixo o seu traballo, \u00e9 importante que agora o Goberno de S\u00e1nchez mova ficha\u201d, recordando neste sentido que Espa\u00f1a e Irlanda foron os \u00fanicos pa\u00edses que votaron en contra desta modificaci\u00f3n no Consello de Europa. De a\u00ed o seu temor a que \u201co sectarismo da esquerda siga dificultando o traballo dos nosos gandeiros\u201d.<\/p>\n<p>Mill\u00e1n Mon, pola s\u00faa banda, subli\u00f1a que en 2023 morreron en Galicia preto de 3.000 cabezas de gando debido froito de 1.600 ataques de lobos que \u201cnon deixan de aumentar\u201d. Por isto, sinalou, Galicia leva anos demandando un cambio na li\u00f1a das modificaci\u00f3ns europeas.<\/p>\n<p>\u201c\u00c9\u00a0descorazonador\u00a0comprobar as desfeitas causadas por esta especie sobre o terreo\u201d, lamentou V\u00e1zquez rememorando a s\u00faa recente visita a unha explotaci\u00f3n gandeira en\u00a0Vilalba e subli\u00f1ando a necesidade de alcanzar un novo equilibrio entre as necesidades do sector primario e a protecci\u00f3n do lobo.<\/p>\n<p>Algo sobre o que Mill\u00e1n Mon apunta que \u201cata agora est\u00e1base primando excesivamente a conservaci\u00f3n do lobo, cando o que debemos facer \u00e9 alcanzar unha coexistencia m\u00e1is equilibrada\u201d . Por iso fai un chamamento a que \u201cEuropa volva po\u00f1er o sector primario primeiro\u201d nesta lexislatura.<\/p>\n<p>\u201cEmpezamos con bo pe, pero \u00e9 moi importante que sigamos de cerca as necesidades e preocupaci\u00f3ns dun mundo rural que non aguanta m\u00e1is regulaci\u00f3ns e decisi\u00f3ns adoptadas sen contar con eles\u201d, finaliza V\u00e1zquez.<\/p>\n<p><strong><u>INICIATIVA DO PARTIDO POPULAR<\/u><\/strong><\/p>\n<p>O cambio aprobado no Comit\u00e9 de Berna comezou cunha resoluci\u00f3n aprobada polo Parlamento Europeo en novembro de 2022, a iniciativa do Partido Popular, que instaba \u00e1 Comisi\u00f3n Europea a revisar a Directiva H\u00e1bitats para permitir a coexistencia do lobo e a gander\u00eda.<\/p>\n<p>Para que esta modificaci\u00f3n fose posible, era necesario modificar previamente o Convenio de Berna, xa que a Uni\u00f3n Europea \u00e9 parte asinante deste tratado internacional que ten prioridade sobre as normativas europeas. Tras un largo proceso de debate, en decembro de 2023, a Comisi\u00f3n Europea presentou a proposta de cambio que finalmente foi aprobada esta semana.<\/p>\n<p>A modificaci\u00f3n do status do lobo permitir\u00e1 \u00e1 Uni\u00f3n Europea cambiar a Directiva de H\u00e1bitats, o que permitir\u00e1 aos pa\u00edses adaptar os seus plans de protecci\u00f3n, especialmente en \u00e1reas onde o lobo xa non est\u00e1 en perigo pero afecta \u00e1 gandar\u00eda. O cambio entrar\u00e1 en vigor en tres meses, salvo obxecci\u00f3ns dun terzo das partes.<\/p>\n<p>&nbsp;<\/p>\n","protected":false},"excerpt":{"rendered":"<p>O Partido Popular de Galicia celebra que, grazas ao impulso do Grupo Popular no Parlamento Europeo, o Comit\u00e9 Permanente do Convenio de Berna ve\u00f1a de aprobar a reduci\u00f3n do nivel de protecci\u00f3n do lobo e se abra as\u00ed a posibilidade de que se poida regular o control cinex\u00e9tico da especie. Os populares fanse eco da [&hellip;]<\/p>\n","protected":false},"author":37,"featured_media":65205,"comment_status":"closed","ping_status":"open","sticky":false,"template":"","format":"standard","meta":{"_acf_changed":false,"footnotes":""},"categories":[1127],"tags":[],"class_list":["post-65203","post","type-post","status-publish","format-standard","has-post-thumbnail","hentry","category-actualidad-parlamento-europeo"],"acf":[],"yoast_head":"<!-- This site is optimized with the Yoast SEO plugin v27.3 - https:\/\/yoast.com\/product\/yoast-seo-wordpress\/ -->\n<title>Os eurodeputados do PPdeG celebran o cambio de postura de Europa sobre o lobo: \u201cAgora t\u00f3calle a S\u00e1nchez mover ficha\u201d - PP de Galicia<\/title>\n<meta name=\"robots\" content=\"index, follow, max-snippet:-1, max-image-preview:large, max-video-preview:-1\" \/>\n<link rel=\"canonical\" href=\"https:\/\/ppdegalicia.com\/es\/os-eurodeputados-do-ppdeg-celebran-o-cambio-de-postura-de-europa-sobre-o-lobo-agora-tocalle-a-sanchez-mover-ficha\/\" \/>\n<meta property=\"og:locale\" content=\"es_ES\" \/>\n<meta property=\"og:type\" content=\"article\" \/>\n<meta property=\"og:title\" content=\"Os eurodeputados do PPdeG celebran o cambio de postura de Europa sobre o lobo: \u201cAgora t\u00f3calle a S\u00e1nchez mover ficha\u201d - PP de Galicia\" \/>\n<meta property=\"og:description\" content=\"O Partido Popular de Galicia celebra que, grazas ao impulso do Grupo Popular no Parlamento Europeo, o Comit\u00e9 Permanente do Convenio de Berna ve\u00f1a de aprobar a reduci\u00f3n do nivel de protecci\u00f3n do lobo e se abra as\u00ed a posibilidade de que se poida regular o control cinex\u00e9tico da especie. Os populares fanse eco da [&hellip;]\" \/>\n<meta property=\"og:url\" content=\"https:\/\/ppdegalicia.com\/es\/os-eurodeputados-do-ppdeg-celebran-o-cambio-de-postura-de-europa-sobre-o-lobo-agora-tocalle-a-sanchez-mover-ficha\/\" \/>\n<meta property=\"og:site_name\" content=\"PP de Galicia\" \/>\n<meta property=\"article:publisher\" content=\"https:\/\/www.instagram.com\/ppdegalicia\/\" \/>\n<meta property=\"article:published_time\" content=\"2024-12-08T09:05:23+00:00\" \/>\n<meta property=\"article:modified_time\" content=\"2024-12-10T17:12:16+00:00\" \/>\n<meta property=\"og:image\" content=\"https:\/\/ppdegalicia.com\/wp-content\/uploads\/2024\/12\/20241208-Adrian-Vazquez-e-Millan-Mon.jpg\" \/>\n\t<meta property=\"og:image:width\" content=\"1323\" \/>\n\t<meta property=\"og:image:height\" content=\"882\" \/>\n\t<meta property=\"og:image:type\" content=\"image\/jpeg\" \/>\n<meta name=\"author\" content=\"Super User\" \/>\n<meta name=\"twitter:card\" content=\"summary_large_image\" \/>\n<meta name=\"twitter:creator\" content=\"@ppdegalicia\" \/>\n<meta name=\"twitter:site\" content=\"@ppdegalicia\" \/>\n<meta name=\"twitter:label1\" content=\"Escrito por\" \/>\n\t<meta name=\"twitter:data1\" content=\"Super User\" \/>\n\t<meta name=\"twitter:label2\" content=\"Tiempo de lectura\" \/>\n\t<meta name=\"twitter:data2\" content=\"3 minutos\" \/>\n<script type=\"application\/ld+json\" class=\"yoast-schema-graph\">{\"@context\":\"https:\\\/\\\/schema.org\",\"@graph\":[{\"@type\":\"Article\",\"@id\":\"https:\\\/\\\/ppdegalicia.com\\\/es\\\/os-eurodeputados-do-ppdeg-celebran-o-cambio-de-postura-de-europa-sobre-o-lobo-agora-tocalle-a-sanchez-mover-ficha\\\/#article\",\"isPartOf\":{\"@id\":\"https:\\\/\\\/ppdegalicia.com\\\/es\\\/os-eurodeputados-do-ppdeg-celebran-o-cambio-de-postura-de-europa-sobre-o-lobo-agora-tocalle-a-sanchez-mover-ficha\\\/\"},\"author\":{\"name\":\"Super User\",\"@id\":\"https:\\\/\\\/ppdegalicia.com\\\/es\\\/#\\\/schema\\\/person\\\/d0f013b8388c980665d44009ab762960\"},\"headline\":\"Os eurodeputados do PPdeG celebran o cambio de postura de Europa sobre o lobo: \u201cAgora t\u00f3calle a S\u00e1nchez mover ficha\u201d\",\"datePublished\":\"2024-12-08T09:05:23+00:00\",\"dateModified\":\"2024-12-10T17:12:16+00:00\",\"mainEntityOfPage\":{\"@id\":\"https:\\\/\\\/ppdegalicia.com\\\/es\\\/os-eurodeputados-do-ppdeg-celebran-o-cambio-de-postura-de-europa-sobre-o-lobo-agora-tocalle-a-sanchez-mover-ficha\\\/\"},\"wordCount\":567,\"publisher\":{\"@id\":\"https:\\\/\\\/ppdegalicia.com\\\/es\\\/#organization\"},\"image\":{\"@id\":\"https:\\\/\\\/ppdegalicia.com\\\/es\\\/os-eurodeputados-do-ppdeg-celebran-o-cambio-de-postura-de-europa-sobre-o-lobo-agora-tocalle-a-sanchez-mover-ficha\\\/#primaryimage\"},\"thumbnailUrl\":\"https:\\\/\\\/ppdegalicia.com\\\/wp-content\\\/uploads\\\/2024\\\/12\\\/20241208-Adrian-Vazquez-e-Millan-Mon.jpg\",\"articleSection\":[\"Parlamento Europeo\"],\"inLanguage\":\"es\"},{\"@type\":\"WebPage\",\"@id\":\"https:\\\/\\\/ppdegalicia.com\\\/es\\\/os-eurodeputados-do-ppdeg-celebran-o-cambio-de-postura-de-europa-sobre-o-lobo-agora-tocalle-a-sanchez-mover-ficha\\\/\",\"url\":\"https:\\\/\\\/ppdegalicia.com\\\/es\\\/os-eurodeputados-do-ppdeg-celebran-o-cambio-de-postura-de-europa-sobre-o-lobo-agora-tocalle-a-sanchez-mover-ficha\\\/\",\"name\":\"Os eurodeputados do PPdeG celebran o cambio de postura de Europa sobre o lobo: \u201cAgora t\u00f3calle a S\u00e1nchez mover ficha\u201d - PP de Galicia\",\"isPartOf\":{\"@id\":\"https:\\\/\\\/ppdegalicia.com\\\/es\\\/#website\"},\"primaryImageOfPage\":{\"@id\":\"https:\\\/\\\/ppdegalicia.com\\\/es\\\/os-eurodeputados-do-ppdeg-celebran-o-cambio-de-postura-de-europa-sobre-o-lobo-agora-tocalle-a-sanchez-mover-ficha\\\/#primaryimage\"},\"image\":{\"@id\":\"https:\\\/\\\/ppdegalicia.com\\\/es\\\/os-eurodeputados-do-ppdeg-celebran-o-cambio-de-postura-de-europa-sobre-o-lobo-agora-tocalle-a-sanchez-mover-ficha\\\/#primaryimage\"},\"thumbnailUrl\":\"https:\\\/\\\/ppdegalicia.com\\\/wp-content\\\/uploads\\\/2024\\\/12\\\/20241208-Adrian-Vazquez-e-Millan-Mon.jpg\",\"datePublished\":\"2024-12-08T09:05:23+00:00\",\"dateModified\":\"2024-12-10T17:12:16+00:00\",\"breadcrumb\":{\"@id\":\"https:\\\/\\\/ppdegalicia.com\\\/es\\\/os-eurodeputados-do-ppdeg-celebran-o-cambio-de-postura-de-europa-sobre-o-lobo-agora-tocalle-a-sanchez-mover-ficha\\\/#breadcrumb\"},\"inLanguage\":\"es\",\"potentialAction\":[{\"@type\":\"ReadAction\",\"target\":[\"https:\\\/\\\/ppdegalicia.com\\\/es\\\/os-eurodeputados-do-ppdeg-celebran-o-cambio-de-postura-de-europa-sobre-o-lobo-agora-tocalle-a-sanchez-mover-ficha\\\/\"]}]},{\"@type\":\"ImageObject\",\"inLanguage\":\"es\",\"@id\":\"https:\\\/\\\/ppdegalicia.com\\\/es\\\/os-eurodeputados-do-ppdeg-celebran-o-cambio-de-postura-de-europa-sobre-o-lobo-agora-tocalle-a-sanchez-mover-ficha\\\/#primaryimage\",\"url\":\"https:\\\/\\\/ppdegalicia.com\\\/wp-content\\\/uploads\\\/2024\\\/12\\\/20241208-Adrian-Vazquez-e-Millan-Mon.jpg\",\"contentUrl\":\"https:\\\/\\\/ppdegalicia.com\\\/wp-content\\\/uploads\\\/2024\\\/12\\\/20241208-Adrian-Vazquez-e-Millan-Mon.jpg\",\"width\":1323,\"height\":882},{\"@type\":\"BreadcrumbList\",\"@id\":\"https:\\\/\\\/ppdegalicia.com\\\/es\\\/os-eurodeputados-do-ppdeg-celebran-o-cambio-de-postura-de-europa-sobre-o-lobo-agora-tocalle-a-sanchez-mover-ficha\\\/#breadcrumb\",\"itemListElement\":[{\"@type\":\"ListItem\",\"position\":1,\"name\":\"Portada\",\"item\":\"https:\\\/\\\/ppdegalicia.com\\\/es\\\/\"},{\"@type\":\"ListItem\",\"position\":2,\"name\":\"Os eurodeputados do PPdeG celebran o cambio de postura de Europa sobre o lobo: \u201cAgora t\u00f3calle a S\u00e1nchez mover ficha\u201d\"}]},{\"@type\":\"WebSite\",\"@id\":\"https:\\\/\\\/ppdegalicia.com\\\/es\\\/#website\",\"url\":\"https:\\\/\\\/ppdegalicia.com\\\/es\\\/\",\"name\":\"Partido Popular de Galicia\",\"description\":\"Partido Popular de Galicia\",\"publisher\":{\"@id\":\"https:\\\/\\\/ppdegalicia.com\\\/es\\\/#organization\"},\"alternateName\":\"PP de Galicia\",\"potentialAction\":[{\"@type\":\"SearchAction\",\"target\":{\"@type\":\"EntryPoint\",\"urlTemplate\":\"https:\\\/\\\/ppdegalicia.com\\\/es\\\/?s={search_term_string}\"},\"query-input\":{\"@type\":\"PropertyValueSpecification\",\"valueRequired\":true,\"valueName\":\"search_term_string\"}}],\"inLanguage\":\"es\"},{\"@type\":\"Organization\",\"@id\":\"https:\\\/\\\/ppdegalicia.com\\\/es\\\/#organization\",\"name\":\"Partido Popular de Galicia\",\"alternateName\":\"PP de Galicia\",\"url\":\"https:\\\/\\\/ppdegalicia.com\\\/es\\\/\",\"logo\":{\"@type\":\"ImageObject\",\"inLanguage\":\"es\",\"@id\":\"https:\\\/\\\/ppdegalicia.com\\\/es\\\/#\\\/schema\\\/logo\\\/image\\\/\",\"url\":\"https:\\\/\\\/ppdegalicia.com\\\/wp-content\\\/uploads\\\/2023\\\/04\\\/logoPP512.png\",\"contentUrl\":\"https:\\\/\\\/ppdegalicia.com\\\/wp-content\\\/uploads\\\/2023\\\/04\\\/logoPP512.png\",\"width\":512,\"height\":512,\"caption\":\"Partido Popular de Galicia\"},\"image\":{\"@id\":\"https:\\\/\\\/ppdegalicia.com\\\/es\\\/#\\\/schema\\\/logo\\\/image\\\/\"},\"sameAs\":[\"https:\\\/\\\/www.instagram.com\\\/ppdegalicia\\\/\",\"https:\\\/\\\/x.com\\\/ppdegalicia\",\"https:\\\/\\\/www.tiktok.com\\\/@ppdegalicia\",\"https:\\\/\\\/www.youtube.com\\\/user\\\/ppdegalicia\"]},{\"@type\":\"Person\",\"@id\":\"https:\\\/\\\/ppdegalicia.com\\\/es\\\/#\\\/schema\\\/person\\\/d0f013b8388c980665d44009ab762960\",\"name\":\"Super User\",\"image\":{\"@type\":\"ImageObject\",\"inLanguage\":\"es\",\"@id\":\"https:\\\/\\\/secure.gravatar.com\\\/avatar\\\/1db852625ef4948f58d2739bfbc51e4b9bd5c93b8fa340b59fdb594ca0845645?s=96&d=mm&r=g\",\"url\":\"https:\\\/\\\/secure.gravatar.com\\\/avatar\\\/1db852625ef4948f58d2739bfbc51e4b9bd5c93b8fa340b59fdb594ca0845645?s=96&d=mm&r=g\",\"contentUrl\":\"https:\\\/\\\/secure.gravatar.com\\\/avatar\\\/1db852625ef4948f58d2739bfbc51e4b9bd5c93b8fa340b59fdb594ca0845645?s=96&d=mm&r=g\",\"caption\":\"Super User\"},\"url\":\"https:\\\/\\\/ppdegalicia.com\\\/es\\\/author\\\/ppdegaliciagestion\\\/\"}]}<\/script>\n<!-- \/ Yoast SEO plugin. -->","yoast_head_json":{"title":"Os eurodeputados do PPdeG celebran o cambio de postura de Europa sobre o lobo: \u201cAgora t\u00f3calle a S\u00e1nchez mover ficha\u201d - PP de Galicia","robots":{"index":"index","follow":"follow","max-snippet":"max-snippet:-1","max-image-preview":"max-image-preview:large","max-video-preview":"max-video-preview:-1"},"canonical":"https:\/\/ppdegalicia.com\/es\/os-eurodeputados-do-ppdeg-celebran-o-cambio-de-postura-de-europa-sobre-o-lobo-agora-tocalle-a-sanchez-mover-ficha\/","og_locale":"es_ES","og_type":"article","og_title":"Os eurodeputados do PPdeG celebran o cambio de postura de Europa sobre o lobo: \u201cAgora t\u00f3calle a S\u00e1nchez mover ficha\u201d - PP de Galicia","og_description":"O Partido Popular de Galicia celebra que, grazas ao impulso do Grupo Popular no Parlamento Europeo, o Comit\u00e9 Permanente do Convenio de Berna ve\u00f1a de aprobar a reduci\u00f3n do nivel de protecci\u00f3n do lobo e se abra as\u00ed a posibilidade de que se poida regular o control cinex\u00e9tico da especie. Os populares fanse eco da [&hellip;]","og_url":"https:\/\/ppdegalicia.com\/es\/os-eurodeputados-do-ppdeg-celebran-o-cambio-de-postura-de-europa-sobre-o-lobo-agora-tocalle-a-sanchez-mover-ficha\/","og_site_name":"PP de Galicia","article_publisher":"https:\/\/www.instagram.com\/ppdegalicia\/","article_published_time":"2024-12-08T09:05:23+00:00","article_modified_time":"2024-12-10T17:12:16+00:00","og_image":[{"width":1323,"height":882,"url":"https:\/\/ppdegalicia.com\/wp-content\/uploads\/2024\/12\/20241208-Adrian-Vazquez-e-Millan-Mon.jpg","type":"image\/jpeg"}],"author":"Super User","twitter_card":"summary_large_image","twitter_creator":"@ppdegalicia","twitter_site":"@ppdegalicia","twitter_misc":{"Escrito por":"Super User","Tiempo de lectura":"3 minutos"},"schema":{"@context":"https:\/\/schema.org","@graph":[{"@type":"Article","@id":"https:\/\/ppdegalicia.com\/es\/os-eurodeputados-do-ppdeg-celebran-o-cambio-de-postura-de-europa-sobre-o-lobo-agora-tocalle-a-sanchez-mover-ficha\/#article","isPartOf":{"@id":"https:\/\/ppdegalicia.com\/es\/os-eurodeputados-do-ppdeg-celebran-o-cambio-de-postura-de-europa-sobre-o-lobo-agora-tocalle-a-sanchez-mover-ficha\/"},"author":{"name":"Super User","@id":"https:\/\/ppdegalicia.com\/es\/#\/schema\/person\/d0f013b8388c980665d44009ab762960"},"headline":"Os eurodeputados do PPdeG celebran o cambio de postura de Europa sobre o lobo: \u201cAgora t\u00f3calle a S\u00e1nchez mover ficha\u201d","datePublished":"2024-12-08T09:05:23+00:00","dateModified":"2024-12-10T17:12:16+00:00","mainEntityOfPage":{"@id":"https:\/\/ppdegalicia.com\/es\/os-eurodeputados-do-ppdeg-celebran-o-cambio-de-postura-de-europa-sobre-o-lobo-agora-tocalle-a-sanchez-mover-ficha\/"},"wordCount":567,"publisher":{"@id":"https:\/\/ppdegalicia.com\/es\/#organization"},"image":{"@id":"https:\/\/ppdegalicia.com\/es\/os-eurodeputados-do-ppdeg-celebran-o-cambio-de-postura-de-europa-sobre-o-lobo-agora-tocalle-a-sanchez-mover-ficha\/#primaryimage"},"thumbnailUrl":"https:\/\/ppdegalicia.com\/wp-content\/uploads\/2024\/12\/20241208-Adrian-Vazquez-e-Millan-Mon.jpg","articleSection":["Parlamento Europeo"],"inLanguage":"es"},{"@type":"WebPage","@id":"https:\/\/ppdegalicia.com\/es\/os-eurodeputados-do-ppdeg-celebran-o-cambio-de-postura-de-europa-sobre-o-lobo-agora-tocalle-a-sanchez-mover-ficha\/","url":"https:\/\/ppdegalicia.com\/es\/os-eurodeputados-do-ppdeg-celebran-o-cambio-de-postura-de-europa-sobre-o-lobo-agora-tocalle-a-sanchez-mover-ficha\/","name":"Os eurodeputados do PPdeG celebran o cambio de postura de Europa sobre o lobo: \u201cAgora t\u00f3calle a S\u00e1nchez mover ficha\u201d - PP de Galicia","isPartOf":{"@id":"https:\/\/ppdegalicia.com\/es\/#website"},"primaryImageOfPage":{"@id":"https:\/\/ppdegalicia.com\/es\/os-eurodeputados-do-ppdeg-celebran-o-cambio-de-postura-de-europa-sobre-o-lobo-agora-tocalle-a-sanchez-mover-ficha\/#primaryimage"},"image":{"@id":"https:\/\/ppdegalicia.com\/es\/os-eurodeputados-do-ppdeg-celebran-o-cambio-de-postura-de-europa-sobre-o-lobo-agora-tocalle-a-sanchez-mover-ficha\/#primaryimage"},"thumbnailUrl":"https:\/\/ppdegalicia.com\/wp-content\/uploads\/2024\/12\/20241208-Adrian-Vazquez-e-Millan-Mon.jpg","datePublished":"2024-12-08T09:05:23+00:00","dateModified":"2024-12-10T17:12:16+00:00","breadcrumb":{"@id":"https:\/\/ppdegalicia.com\/es\/os-eurodeputados-do-ppdeg-celebran-o-cambio-de-postura-de-europa-sobre-o-lobo-agora-tocalle-a-sanchez-mover-ficha\/#breadcrumb"},"inLanguage":"es","potentialAction":[{"@type":"ReadAction","target":["https:\/\/ppdegalicia.com\/es\/os-eurodeputados-do-ppdeg-celebran-o-cambio-de-postura-de-europa-sobre-o-lobo-agora-tocalle-a-sanchez-mover-ficha\/"]}]},{"@type":"ImageObject","inLanguage":"es","@id":"https:\/\/ppdegalicia.com\/es\/os-eurodeputados-do-ppdeg-celebran-o-cambio-de-postura-de-europa-sobre-o-lobo-agora-tocalle-a-sanchez-mover-ficha\/#primaryimage","url":"https:\/\/ppdegalicia.com\/wp-content\/uploads\/2024\/12\/20241208-Adrian-Vazquez-e-Millan-Mon.jpg","contentUrl":"https:\/\/ppdegalicia.com\/wp-content\/uploads\/2024\/12\/20241208-Adrian-Vazquez-e-Millan-Mon.jpg","width":1323,"height":882},{"@type":"BreadcrumbList","@id":"https:\/\/ppdegalicia.com\/es\/os-eurodeputados-do-ppdeg-celebran-o-cambio-de-postura-de-europa-sobre-o-lobo-agora-tocalle-a-sanchez-mover-ficha\/#breadcrumb","itemListElement":[{"@type":"ListItem","position":1,"name":"Portada","item":"https:\/\/ppdegalicia.com\/es\/"},{"@type":"ListItem","position":2,"name":"Os eurodeputados do PPdeG celebran o cambio de postura de Europa sobre o lobo: \u201cAgora t\u00f3calle a S\u00e1nchez mover ficha\u201d"}]},{"@type":"WebSite","@id":"https:\/\/ppdegalicia.com\/es\/#website","url":"https:\/\/ppdegalicia.com\/es\/","name":"Partido Popular de Galicia","description":"Partido Popular de Galicia","publisher":{"@id":"https:\/\/ppdegalicia.com\/es\/#organization"},"alternateName":"PP de Galicia","potentialAction":[{"@type":"SearchAction","target":{"@type":"EntryPoint","urlTemplate":"https:\/\/ppdegalicia.com\/es\/?s={search_term_string}"},"query-input":{"@type":"PropertyValueSpecification","valueRequired":true,"valueName":"search_term_string"}}],"inLanguage":"es"},{"@type":"Organization","@id":"https:\/\/ppdegalicia.com\/es\/#organization","name":"Partido Popular de Galicia","alternateName":"PP de Galicia","url":"https:\/\/ppdegalicia.com\/es\/","logo":{"@type":"ImageObject","inLanguage":"es","@id":"https:\/\/ppdegalicia.com\/es\/#\/schema\/logo\/image\/","url":"https:\/\/ppdegalicia.com\/wp-content\/uploads\/2023\/04\/logoPP512.png","contentUrl":"https:\/\/ppdegalicia.com\/wp-content\/uploads\/2023\/04\/logoPP512.png","width":512,"height":512,"caption":"Partido Popular de Galicia"},"image":{"@id":"https:\/\/ppdegalicia.com\/es\/#\/schema\/logo\/image\/"},"sameAs":["https:\/\/www.instagram.com\/ppdegalicia\/","https:\/\/x.com\/ppdegalicia","https:\/\/www.tiktok.com\/@ppdegalicia","https:\/\/www.youtube.com\/user\/ppdegalicia"]},{"@type":"Person","@id":"https:\/\/ppdegalicia.com\/es\/#\/schema\/person\/d0f013b8388c980665d44009ab762960","name":"Super User","image":{"@type":"ImageObject","inLanguage":"es","@id":"https:\/\/secure.gravatar.com\/avatar\/1db852625ef4948f58d2739bfbc51e4b9bd5c93b8fa340b59fdb594ca0845645?s=96&d=mm&r=g","url":"https:\/\/secure.gravatar.com\/avatar\/1db852625ef4948f58d2739bfbc51e4b9bd5c93b8fa340b59fdb594ca0845645?s=96&d=mm&r=g","contentUrl":"https:\/\/secure.gravatar.com\/avatar\/1db852625ef4948f58d2739bfbc51e4b9bd5c93b8fa340b59fdb594ca0845645?s=96&d=mm&r=g","caption":"Super User"},"url":"https:\/\/ppdegalicia.com\/es\/author\/ppdegaliciagestion\/"}]}},"_links":{"self":[{"href":"https:\/\/ppdegalicia.com\/es\/wp-json\/wp\/v2\/posts\/65203","targetHints":{"allow":["GET"]}}],"collection":[{"href":"https:\/\/ppdegalicia.com\/es\/wp-json\/wp\/v2\/posts"}],"about":[{"href":"https:\/\/ppdegalicia.com\/es\/wp-json\/wp\/v2\/types\/post"}],"author":[{"embeddable":true,"href":"https:\/\/ppdegalicia.com\/es\/wp-json\/wp\/v2\/users\/37"}],"replies":[{"embeddable":true,"href":"https:\/\/ppdegalicia.com\/es\/wp-json\/wp\/v2\/comments?post=65203"}],"version-history":[{"count":2,"href":"https:\/\/ppdegalicia.com\/es\/wp-json\/wp\/v2\/posts\/65203\/revisions"}],"predecessor-version":[{"id":65207,"href":"https:\/\/ppdegalicia.com\/es\/wp-json\/wp\/v2\/posts\/65203\/revisions\/65207"}],"wp:featuredmedia":[{"embeddable":true,"href":"https:\/\/ppdegalicia.com\/es\/wp-json\/wp\/v2\/media\/65205"}],"wp:attachment":[{"href":"https:\/\/ppdegalicia.com\/es\/wp-json\/wp\/v2\/media?parent=65203"}],"wp:term":[{"taxonomy":"category","embeddable":true,"href":"https:\/\/ppdegalicia.com\/es\/wp-json\/wp\/v2\/categories?post=65203"},{"taxonomy":"post_tag","embeddable":true,"href":"https:\/\/ppdegalicia.com\/es\/wp-json\/wp\/v2\/tags?post=65203"}],"curies":[{"name":"wp","href":"https:\/\/api.w.org\/{rel}","templated":true}]}}