{"id":65222,"date":"2024-12-11T18:53:08","date_gmt":"2024-12-11T17:53:08","guid":{"rendered":"https:\/\/ppdegalicia.com\/?p=65222"},"modified":"2024-12-18T14:08:27","modified_gmt":"2024-12-18T13:08:27","slug":"o-ppdeg-reivindica-en-europa-a-importancia-de-facer-politica-desde-o-territorio-e-para-o-territorio-de-cara-a-garantir-o-futuro-do-sector-primario-galego","status":"publish","type":"post","link":"https:\/\/ppdegalicia.com\/es\/o-ppdeg-reivindica-en-europa-a-importancia-de-facer-politica-desde-o-territorio-e-para-o-territorio-de-cara-a-garantir-o-futuro-do-sector-primario-galego\/","title":{"rendered":"O PPdeG reivindica en Europa a importancia de facer pol\u00edtica \u201cdesde o territorio e para o territorio\u201d de cara a garantir o futuro do sector primario galego"},"content":{"rendered":"<p>O PPdeG reivindicou hoxe no Parlamento Europeo a necesidade de facer pol\u00edtica \u201cdesde o territorio e para o territorio\u201d para garantir non s\u00f3 o futuro do sector primario galego, sen\u00f3n tam\u00e9n o relevo xeracional no rural e a incorporaci\u00f3n da mocidade a actividades como a agricultura ou a gandar\u00eda.<\/p>\n<p>&nbsp;<\/p>\n<p>No marco do Congreso de Mozos Agricultores e Gandeiros celebrado hoxe na sede da Euroc\u00e1mara en Bruxelas, o coordinador de Medio Rural dos populares galegos, Avelino Souto, quixo subli\u00f1ar a importancia de abordar este tipo de cuesti\u00f3ns precisamente no lugar \u201conde se toman as decisi\u00f3ns m\u00e1is importantes para os gandeiros e agricultores galegos\u201d.<\/p>\n<p>&nbsp;<\/p>\n<p>\u201cHai que po\u00f1er enriba da mesa cuesti\u00f3ns como a reduci\u00f3n da burocracia, os incentivos econ\u00f3micos para a mocidade que queira apostar polo rural ou as cl\u00e1usulas espello para garantir unha competencia leal\u201d, explicou ao tempo que incid\u00eda no fundamental de \u201cfacer pol\u00edticas desde o territorio e para o territorio\u201d.<\/p>\n<p>&nbsp;<\/p>\n<p>Do contrario, engadiu, dar\u00edanse problem\u00e1ticas como a da protecci\u00f3n do lobo, na que \u201cse decidiu protexer a esta especie s\u00f3 por dogmas ideol\u00f3xicos e a costa de afogar aos gandeiros\u201d e cuxo resultado foi que \u201cpor non escoitar ao territorio acabaron increment\u00e1ndose m\u00e1is dun 70% os ataques de lobo en Galicia\u201d.<\/p>\n<p>&nbsp;<\/p>\n<p>Ao respecto desta cuesti\u00f3n, o eurodeputado galego Francisco Mill\u00e1n Mon celebrou o recente cambio no Convenio de Berna para reducir a protecci\u00f3n do lobo de especie \u201cestritamente protexida\u201d a \u201cprotexida\u201d. Considerou este avance \u2013orixinado nunha resoluci\u00f3n do Parlamento Europeo de 2022\u2013 unha medida \u201cimprescindible para priorizar ao sector primario e mellorar o control das poboaci\u00f3ns de lobo en Espa\u00f1a\u201d.<\/p>\n<p>&nbsp;<\/p>\n<p>\u201cInsto ao Goberno de S\u00e1nchez a actuar na mesma li\u00f1a que a Uni\u00f3n Europea e atender esta demanda hist\u00f3rica do sector primario\u201d, subli\u00f1ou destacando o grave impacto do lobo na gandar\u00eda galega, que en 2023 sufriu 1.600 ataques con case 3.000 reses perdidas e que neste 2024 xa suma m\u00e1is de 3.300 reses mortas.<\/p>\n<p>&nbsp;<\/p>\n<p>Neste sentido, o eurodeputado pontevedr\u00e9s recordou que a Xunta de Galicia leva tempo reclamando esta medida e avogou por un equilibrio que permita protexer ao sector primario como \u00e1 especie, garantindo unha convivencia adecuada.<\/p>\n<p>&nbsp;<\/p>\n<p>Pola s\u00faa banda, Adri\u00e1n V\u00e1zquez recalcou a importancia de investir no futuro do medio rural: \u201cOs mozos son a sociedade do ma\u00f1\u00e1, e \u00e9 imprescindible que sintan que o campo \u00e9 unha oportunidade real para desenvolver o seu proxecto de vida se queremos seguir enchendo a neveira\u201d.<\/p>\n<p>&nbsp;<\/p>\n<p>O eurodeputado lalinense expresou ademais a alegr\u00eda que lle produciu dar a benvida en Bruxelas a un veci\u00f1o do seu pobo como Avelino Souto: \u201cAvelino \u00e9 a proba de que o campo ten futuro. Necesitamos m\u00e1is mozos que, como el e como todos os que hoxe vi\u00f1eron a Bruxelas dende todos os recunchos de Europa, se comprometan coa profesionalizaci\u00f3n e modernizaci\u00f3n do campo e dos seus concellos\u201d.<\/p>\n<p>&nbsp;<\/p>\n<p>\u201cO noso compromiso \u00e9 que esta lexislatura europea sirva para facerlle a vida m\u00e1is sinxela ao noso medio rural e iniciativas coma esta son vitais para que a voz do campo galego resoe en Europa\u201d, conclu\u00edu.<\/p>\n<p>&nbsp;<\/p>\n<p>Tanto Francisco Mill\u00e1n Mon como Adri\u00e1n V\u00e1zquez destacaron as\u00ed mesmo o papel clave de Galicia nos debates sobre a Pol\u00edtica Agraria Com\u00fan (PAC) e o futuro do sector agro-gandeiro. De feito, o encontro celebrado hoxe \u201csubli\u00f1a a importancia de escoitar as demandas do sector primario e defender os seus intereses\u201d.<\/p>\n<p>&nbsp;<\/p>\n<p>Reiteraron as\u00ed o seu apoio ao sector primario galego e o seu compromiso de seguir traballando desde as instituci\u00f3ns europeas para po\u00f1er en valor o papel esencial destes sectores na econom\u00eda e na cohesi\u00f3n social y territorial de Galicia.<\/p>\n","protected":false},"excerpt":{"rendered":"<p>O PPdeG reivindicou hoxe no Parlamento Europeo a necesidade de facer pol\u00edtica \u201cdesde o territorio e para o territorio\u201d para garantir non s\u00f3 o futuro do sector primario galego, sen\u00f3n tam\u00e9n o relevo xeracional no rural e a incorporaci\u00f3n da mocidade a actividades como a agricultura ou a gandar\u00eda. &nbsp; No marco do Congreso de [&hellip;]<\/p>\n","protected":false},"author":37,"featured_media":65223,"comment_status":"closed","ping_status":"open","sticky":false,"template":"","format":"standard","meta":{"_acf_changed":false,"footnotes":""},"categories":[1],"tags":[],"class_list":["post-65222","post","type-post","status-publish","format-standard","has-post-thumbnail","hentry","category-pp-de-galicia"],"acf":[],"yoast_head":"<!-- This site is optimized with the Yoast SEO plugin v27.3 - https:\/\/yoast.com\/product\/yoast-seo-wordpress\/ -->\n<title>O PPdeG reivindica en Europa a importancia de facer pol\u00edtica \u201cdesde o territorio e para o territorio\u201d de cara a garantir o futuro do sector primario galego - PP de Galicia<\/title>\n<meta name=\"robots\" content=\"index, follow, max-snippet:-1, max-image-preview:large, max-video-preview:-1\" \/>\n<link rel=\"canonical\" href=\"https:\/\/ppdegalicia.com\/es\/o-ppdeg-reivindica-en-europa-a-importancia-de-facer-politica-desde-o-territorio-e-para-o-territorio-de-cara-a-garantir-o-futuro-do-sector-primario-galego\/\" \/>\n<meta property=\"og:locale\" content=\"es_ES\" \/>\n<meta property=\"og:type\" content=\"article\" \/>\n<meta property=\"og:title\" content=\"O PPdeG reivindica en Europa a importancia de facer pol\u00edtica \u201cdesde o territorio e para o territorio\u201d de cara a garantir o futuro do sector primario galego - PP de Galicia\" \/>\n<meta property=\"og:description\" content=\"O PPdeG reivindicou hoxe no Parlamento Europeo a necesidade de facer pol\u00edtica \u201cdesde o territorio e para o territorio\u201d para garantir non s\u00f3 o futuro do sector primario galego, sen\u00f3n tam\u00e9n o relevo xeracional no rural e a incorporaci\u00f3n da mocidade a actividades como a agricultura ou a gandar\u00eda. &nbsp; No marco do Congreso de [&hellip;]\" \/>\n<meta property=\"og:url\" content=\"https:\/\/ppdegalicia.com\/es\/o-ppdeg-reivindica-en-europa-a-importancia-de-facer-politica-desde-o-territorio-e-para-o-territorio-de-cara-a-garantir-o-futuro-do-sector-primario-galego\/\" \/>\n<meta property=\"og:site_name\" content=\"PP de Galicia\" \/>\n<meta property=\"article:publisher\" content=\"https:\/\/www.instagram.com\/ppdegalicia\/\" \/>\n<meta property=\"article:published_time\" content=\"2024-12-11T17:53:08+00:00\" \/>\n<meta property=\"article:modified_time\" content=\"2024-12-18T13:08:27+00:00\" \/>\n<meta property=\"og:image\" content=\"https:\/\/ppdegalicia.com\/wp-content\/uploads\/2024\/12\/20241211_Representantes-do-PPdeG-no-Congreso-europeo-de-Mozos-Agricultores-e-Gandeiros_2.jpg\" \/>\n\t<meta property=\"og:image:width\" content=\"1149\" \/>\n\t<meta property=\"og:image:height\" content=\"766\" \/>\n\t<meta property=\"og:image:type\" content=\"image\/jpeg\" \/>\n<meta name=\"author\" content=\"Super User\" \/>\n<meta name=\"twitter:card\" content=\"summary_large_image\" \/>\n<meta name=\"twitter:creator\" content=\"@ppdegalicia\" \/>\n<meta name=\"twitter:site\" content=\"@ppdegalicia\" \/>\n<meta name=\"twitter:label1\" content=\"Escrito por\" \/>\n\t<meta name=\"twitter:data1\" content=\"Super User\" \/>\n\t<meta name=\"twitter:label2\" content=\"Tiempo de lectura\" \/>\n\t<meta name=\"twitter:data2\" content=\"4 minutos\" \/>\n<script type=\"application\/ld+json\" class=\"yoast-schema-graph\">{\"@context\":\"https:\\\/\\\/schema.org\",\"@graph\":[{\"@type\":\"Article\",\"@id\":\"https:\\\/\\\/ppdegalicia.com\\\/es\\\/o-ppdeg-reivindica-en-europa-a-importancia-de-facer-politica-desde-o-territorio-e-para-o-territorio-de-cara-a-garantir-o-futuro-do-sector-primario-galego\\\/#article\",\"isPartOf\":{\"@id\":\"https:\\\/\\\/ppdegalicia.com\\\/es\\\/o-ppdeg-reivindica-en-europa-a-importancia-de-facer-politica-desde-o-territorio-e-para-o-territorio-de-cara-a-garantir-o-futuro-do-sector-primario-galego\\\/\"},\"author\":{\"name\":\"Super User\",\"@id\":\"https:\\\/\\\/ppdegalicia.com\\\/es\\\/#\\\/schema\\\/person\\\/d0f013b8388c980665d44009ab762960\"},\"headline\":\"O PPdeG reivindica en Europa a importancia de facer pol\u00edtica \u201cdesde o territorio e para o territorio\u201d de cara a garantir o futuro do sector primario galego\",\"datePublished\":\"2024-12-11T17:53:08+00:00\",\"dateModified\":\"2024-12-18T13:08:27+00:00\",\"mainEntityOfPage\":{\"@id\":\"https:\\\/\\\/ppdegalicia.com\\\/es\\\/o-ppdeg-reivindica-en-europa-a-importancia-de-facer-politica-desde-o-territorio-e-para-o-territorio-de-cara-a-garantir-o-futuro-do-sector-primario-galego\\\/\"},\"wordCount\":673,\"publisher\":{\"@id\":\"https:\\\/\\\/ppdegalicia.com\\\/es\\\/#organization\"},\"image\":{\"@id\":\"https:\\\/\\\/ppdegalicia.com\\\/es\\\/o-ppdeg-reivindica-en-europa-a-importancia-de-facer-politica-desde-o-territorio-e-para-o-territorio-de-cara-a-garantir-o-futuro-do-sector-primario-galego\\\/#primaryimage\"},\"thumbnailUrl\":\"https:\\\/\\\/ppdegalicia.com\\\/wp-content\\\/uploads\\\/2024\\\/12\\\/20241211_Representantes-do-PPdeG-no-Congreso-europeo-de-Mozos-Agricultores-e-Gandeiros_2.jpg\",\"articleSection\":[\"PP de Galicia\"],\"inLanguage\":\"es\"},{\"@type\":\"WebPage\",\"@id\":\"https:\\\/\\\/ppdegalicia.com\\\/es\\\/o-ppdeg-reivindica-en-europa-a-importancia-de-facer-politica-desde-o-territorio-e-para-o-territorio-de-cara-a-garantir-o-futuro-do-sector-primario-galego\\\/\",\"url\":\"https:\\\/\\\/ppdegalicia.com\\\/es\\\/o-ppdeg-reivindica-en-europa-a-importancia-de-facer-politica-desde-o-territorio-e-para-o-territorio-de-cara-a-garantir-o-futuro-do-sector-primario-galego\\\/\",\"name\":\"O PPdeG reivindica en Europa a importancia de facer pol\u00edtica \u201cdesde o territorio e para o territorio\u201d de cara a garantir o futuro do sector primario galego - PP de Galicia\",\"isPartOf\":{\"@id\":\"https:\\\/\\\/ppdegalicia.com\\\/es\\\/#website\"},\"primaryImageOfPage\":{\"@id\":\"https:\\\/\\\/ppdegalicia.com\\\/es\\\/o-ppdeg-reivindica-en-europa-a-importancia-de-facer-politica-desde-o-territorio-e-para-o-territorio-de-cara-a-garantir-o-futuro-do-sector-primario-galego\\\/#primaryimage\"},\"image\":{\"@id\":\"https:\\\/\\\/ppdegalicia.com\\\/es\\\/o-ppdeg-reivindica-en-europa-a-importancia-de-facer-politica-desde-o-territorio-e-para-o-territorio-de-cara-a-garantir-o-futuro-do-sector-primario-galego\\\/#primaryimage\"},\"thumbnailUrl\":\"https:\\\/\\\/ppdegalicia.com\\\/wp-content\\\/uploads\\\/2024\\\/12\\\/20241211_Representantes-do-PPdeG-no-Congreso-europeo-de-Mozos-Agricultores-e-Gandeiros_2.jpg\",\"datePublished\":\"2024-12-11T17:53:08+00:00\",\"dateModified\":\"2024-12-18T13:08:27+00:00\",\"breadcrumb\":{\"@id\":\"https:\\\/\\\/ppdegalicia.com\\\/es\\\/o-ppdeg-reivindica-en-europa-a-importancia-de-facer-politica-desde-o-territorio-e-para-o-territorio-de-cara-a-garantir-o-futuro-do-sector-primario-galego\\\/#breadcrumb\"},\"inLanguage\":\"es\",\"potentialAction\":[{\"@type\":\"ReadAction\",\"target\":[\"https:\\\/\\\/ppdegalicia.com\\\/es\\\/o-ppdeg-reivindica-en-europa-a-importancia-de-facer-politica-desde-o-territorio-e-para-o-territorio-de-cara-a-garantir-o-futuro-do-sector-primario-galego\\\/\"]}]},{\"@type\":\"ImageObject\",\"inLanguage\":\"es\",\"@id\":\"https:\\\/\\\/ppdegalicia.com\\\/es\\\/o-ppdeg-reivindica-en-europa-a-importancia-de-facer-politica-desde-o-territorio-e-para-o-territorio-de-cara-a-garantir-o-futuro-do-sector-primario-galego\\\/#primaryimage\",\"url\":\"https:\\\/\\\/ppdegalicia.com\\\/wp-content\\\/uploads\\\/2024\\\/12\\\/20241211_Representantes-do-PPdeG-no-Congreso-europeo-de-Mozos-Agricultores-e-Gandeiros_2.jpg\",\"contentUrl\":\"https:\\\/\\\/ppdegalicia.com\\\/wp-content\\\/uploads\\\/2024\\\/12\\\/20241211_Representantes-do-PPdeG-no-Congreso-europeo-de-Mozos-Agricultores-e-Gandeiros_2.jpg\",\"width\":1149,\"height\":766},{\"@type\":\"BreadcrumbList\",\"@id\":\"https:\\\/\\\/ppdegalicia.com\\\/es\\\/o-ppdeg-reivindica-en-europa-a-importancia-de-facer-politica-desde-o-territorio-e-para-o-territorio-de-cara-a-garantir-o-futuro-do-sector-primario-galego\\\/#breadcrumb\",\"itemListElement\":[{\"@type\":\"ListItem\",\"position\":1,\"name\":\"Portada\",\"item\":\"https:\\\/\\\/ppdegalicia.com\\\/es\\\/\"},{\"@type\":\"ListItem\",\"position\":2,\"name\":\"O PPdeG reivindica en Europa a importancia de facer pol\u00edtica \u201cdesde o territorio e para o territorio\u201d de cara a garantir o futuro do sector primario galego\"}]},{\"@type\":\"WebSite\",\"@id\":\"https:\\\/\\\/ppdegalicia.com\\\/es\\\/#website\",\"url\":\"https:\\\/\\\/ppdegalicia.com\\\/es\\\/\",\"name\":\"Partido Popular de Galicia\",\"description\":\"Partido Popular de Galicia\",\"publisher\":{\"@id\":\"https:\\\/\\\/ppdegalicia.com\\\/es\\\/#organization\"},\"alternateName\":\"PP de Galicia\",\"potentialAction\":[{\"@type\":\"SearchAction\",\"target\":{\"@type\":\"EntryPoint\",\"urlTemplate\":\"https:\\\/\\\/ppdegalicia.com\\\/es\\\/?s={search_term_string}\"},\"query-input\":{\"@type\":\"PropertyValueSpecification\",\"valueRequired\":true,\"valueName\":\"search_term_string\"}}],\"inLanguage\":\"es\"},{\"@type\":\"Organization\",\"@id\":\"https:\\\/\\\/ppdegalicia.com\\\/es\\\/#organization\",\"name\":\"Partido Popular de Galicia\",\"alternateName\":\"PP de Galicia\",\"url\":\"https:\\\/\\\/ppdegalicia.com\\\/es\\\/\",\"logo\":{\"@type\":\"ImageObject\",\"inLanguage\":\"es\",\"@id\":\"https:\\\/\\\/ppdegalicia.com\\\/es\\\/#\\\/schema\\\/logo\\\/image\\\/\",\"url\":\"https:\\\/\\\/ppdegalicia.com\\\/wp-content\\\/uploads\\\/2023\\\/04\\\/logoPP512.png\",\"contentUrl\":\"https:\\\/\\\/ppdegalicia.com\\\/wp-content\\\/uploads\\\/2023\\\/04\\\/logoPP512.png\",\"width\":512,\"height\":512,\"caption\":\"Partido Popular de Galicia\"},\"image\":{\"@id\":\"https:\\\/\\\/ppdegalicia.com\\\/es\\\/#\\\/schema\\\/logo\\\/image\\\/\"},\"sameAs\":[\"https:\\\/\\\/www.instagram.com\\\/ppdegalicia\\\/\",\"https:\\\/\\\/x.com\\\/ppdegalicia\",\"https:\\\/\\\/www.tiktok.com\\\/@ppdegalicia\",\"https:\\\/\\\/www.youtube.com\\\/user\\\/ppdegalicia\"]},{\"@type\":\"Person\",\"@id\":\"https:\\\/\\\/ppdegalicia.com\\\/es\\\/#\\\/schema\\\/person\\\/d0f013b8388c980665d44009ab762960\",\"name\":\"Super User\",\"image\":{\"@type\":\"ImageObject\",\"inLanguage\":\"es\",\"@id\":\"https:\\\/\\\/secure.gravatar.com\\\/avatar\\\/1db852625ef4948f58d2739bfbc51e4b9bd5c93b8fa340b59fdb594ca0845645?s=96&d=mm&r=g\",\"url\":\"https:\\\/\\\/secure.gravatar.com\\\/avatar\\\/1db852625ef4948f58d2739bfbc51e4b9bd5c93b8fa340b59fdb594ca0845645?s=96&d=mm&r=g\",\"contentUrl\":\"https:\\\/\\\/secure.gravatar.com\\\/avatar\\\/1db852625ef4948f58d2739bfbc51e4b9bd5c93b8fa340b59fdb594ca0845645?s=96&d=mm&r=g\",\"caption\":\"Super User\"},\"url\":\"https:\\\/\\\/ppdegalicia.com\\\/es\\\/author\\\/ppdegaliciagestion\\\/\"}]}<\/script>\n<!-- \/ Yoast SEO plugin. -->","yoast_head_json":{"title":"O PPdeG reivindica en Europa a importancia de facer pol\u00edtica \u201cdesde o territorio e para o territorio\u201d de cara a garantir o futuro do sector primario galego - PP de Galicia","robots":{"index":"index","follow":"follow","max-snippet":"max-snippet:-1","max-image-preview":"max-image-preview:large","max-video-preview":"max-video-preview:-1"},"canonical":"https:\/\/ppdegalicia.com\/es\/o-ppdeg-reivindica-en-europa-a-importancia-de-facer-politica-desde-o-territorio-e-para-o-territorio-de-cara-a-garantir-o-futuro-do-sector-primario-galego\/","og_locale":"es_ES","og_type":"article","og_title":"O PPdeG reivindica en Europa a importancia de facer pol\u00edtica \u201cdesde o territorio e para o territorio\u201d de cara a garantir o futuro do sector primario galego - PP de Galicia","og_description":"O PPdeG reivindicou hoxe no Parlamento Europeo a necesidade de facer pol\u00edtica \u201cdesde o territorio e para o territorio\u201d para garantir non s\u00f3 o futuro do sector primario galego, sen\u00f3n tam\u00e9n o relevo xeracional no rural e a incorporaci\u00f3n da mocidade a actividades como a agricultura ou a gandar\u00eda. &nbsp; No marco do Congreso de [&hellip;]","og_url":"https:\/\/ppdegalicia.com\/es\/o-ppdeg-reivindica-en-europa-a-importancia-de-facer-politica-desde-o-territorio-e-para-o-territorio-de-cara-a-garantir-o-futuro-do-sector-primario-galego\/","og_site_name":"PP de Galicia","article_publisher":"https:\/\/www.instagram.com\/ppdegalicia\/","article_published_time":"2024-12-11T17:53:08+00:00","article_modified_time":"2024-12-18T13:08:27+00:00","og_image":[{"width":1149,"height":766,"url":"https:\/\/ppdegalicia.com\/wp-content\/uploads\/2024\/12\/20241211_Representantes-do-PPdeG-no-Congreso-europeo-de-Mozos-Agricultores-e-Gandeiros_2.jpg","type":"image\/jpeg"}],"author":"Super User","twitter_card":"summary_large_image","twitter_creator":"@ppdegalicia","twitter_site":"@ppdegalicia","twitter_misc":{"Escrito por":"Super User","Tiempo de lectura":"4 minutos"},"schema":{"@context":"https:\/\/schema.org","@graph":[{"@type":"Article","@id":"https:\/\/ppdegalicia.com\/es\/o-ppdeg-reivindica-en-europa-a-importancia-de-facer-politica-desde-o-territorio-e-para-o-territorio-de-cara-a-garantir-o-futuro-do-sector-primario-galego\/#article","isPartOf":{"@id":"https:\/\/ppdegalicia.com\/es\/o-ppdeg-reivindica-en-europa-a-importancia-de-facer-politica-desde-o-territorio-e-para-o-territorio-de-cara-a-garantir-o-futuro-do-sector-primario-galego\/"},"author":{"name":"Super User","@id":"https:\/\/ppdegalicia.com\/es\/#\/schema\/person\/d0f013b8388c980665d44009ab762960"},"headline":"O PPdeG reivindica en Europa a importancia de facer pol\u00edtica \u201cdesde o territorio e para o territorio\u201d de cara a garantir o futuro do sector primario galego","datePublished":"2024-12-11T17:53:08+00:00","dateModified":"2024-12-18T13:08:27+00:00","mainEntityOfPage":{"@id":"https:\/\/ppdegalicia.com\/es\/o-ppdeg-reivindica-en-europa-a-importancia-de-facer-politica-desde-o-territorio-e-para-o-territorio-de-cara-a-garantir-o-futuro-do-sector-primario-galego\/"},"wordCount":673,"publisher":{"@id":"https:\/\/ppdegalicia.com\/es\/#organization"},"image":{"@id":"https:\/\/ppdegalicia.com\/es\/o-ppdeg-reivindica-en-europa-a-importancia-de-facer-politica-desde-o-territorio-e-para-o-territorio-de-cara-a-garantir-o-futuro-do-sector-primario-galego\/#primaryimage"},"thumbnailUrl":"https:\/\/ppdegalicia.com\/wp-content\/uploads\/2024\/12\/20241211_Representantes-do-PPdeG-no-Congreso-europeo-de-Mozos-Agricultores-e-Gandeiros_2.jpg","articleSection":["PP de Galicia"],"inLanguage":"es"},{"@type":"WebPage","@id":"https:\/\/ppdegalicia.com\/es\/o-ppdeg-reivindica-en-europa-a-importancia-de-facer-politica-desde-o-territorio-e-para-o-territorio-de-cara-a-garantir-o-futuro-do-sector-primario-galego\/","url":"https:\/\/ppdegalicia.com\/es\/o-ppdeg-reivindica-en-europa-a-importancia-de-facer-politica-desde-o-territorio-e-para-o-territorio-de-cara-a-garantir-o-futuro-do-sector-primario-galego\/","name":"O PPdeG reivindica en Europa a importancia de facer pol\u00edtica \u201cdesde o territorio e para o territorio\u201d de cara a garantir o futuro do sector primario galego - PP de Galicia","isPartOf":{"@id":"https:\/\/ppdegalicia.com\/es\/#website"},"primaryImageOfPage":{"@id":"https:\/\/ppdegalicia.com\/es\/o-ppdeg-reivindica-en-europa-a-importancia-de-facer-politica-desde-o-territorio-e-para-o-territorio-de-cara-a-garantir-o-futuro-do-sector-primario-galego\/#primaryimage"},"image":{"@id":"https:\/\/ppdegalicia.com\/es\/o-ppdeg-reivindica-en-europa-a-importancia-de-facer-politica-desde-o-territorio-e-para-o-territorio-de-cara-a-garantir-o-futuro-do-sector-primario-galego\/#primaryimage"},"thumbnailUrl":"https:\/\/ppdegalicia.com\/wp-content\/uploads\/2024\/12\/20241211_Representantes-do-PPdeG-no-Congreso-europeo-de-Mozos-Agricultores-e-Gandeiros_2.jpg","datePublished":"2024-12-11T17:53:08+00:00","dateModified":"2024-12-18T13:08:27+00:00","breadcrumb":{"@id":"https:\/\/ppdegalicia.com\/es\/o-ppdeg-reivindica-en-europa-a-importancia-de-facer-politica-desde-o-territorio-e-para-o-territorio-de-cara-a-garantir-o-futuro-do-sector-primario-galego\/#breadcrumb"},"inLanguage":"es","potentialAction":[{"@type":"ReadAction","target":["https:\/\/ppdegalicia.com\/es\/o-ppdeg-reivindica-en-europa-a-importancia-de-facer-politica-desde-o-territorio-e-para-o-territorio-de-cara-a-garantir-o-futuro-do-sector-primario-galego\/"]}]},{"@type":"ImageObject","inLanguage":"es","@id":"https:\/\/ppdegalicia.com\/es\/o-ppdeg-reivindica-en-europa-a-importancia-de-facer-politica-desde-o-territorio-e-para-o-territorio-de-cara-a-garantir-o-futuro-do-sector-primario-galego\/#primaryimage","url":"https:\/\/ppdegalicia.com\/wp-content\/uploads\/2024\/12\/20241211_Representantes-do-PPdeG-no-Congreso-europeo-de-Mozos-Agricultores-e-Gandeiros_2.jpg","contentUrl":"https:\/\/ppdegalicia.com\/wp-content\/uploads\/2024\/12\/20241211_Representantes-do-PPdeG-no-Congreso-europeo-de-Mozos-Agricultores-e-Gandeiros_2.jpg","width":1149,"height":766},{"@type":"BreadcrumbList","@id":"https:\/\/ppdegalicia.com\/es\/o-ppdeg-reivindica-en-europa-a-importancia-de-facer-politica-desde-o-territorio-e-para-o-territorio-de-cara-a-garantir-o-futuro-do-sector-primario-galego\/#breadcrumb","itemListElement":[{"@type":"ListItem","position":1,"name":"Portada","item":"https:\/\/ppdegalicia.com\/es\/"},{"@type":"ListItem","position":2,"name":"O PPdeG reivindica en Europa a importancia de facer pol\u00edtica \u201cdesde o territorio e para o territorio\u201d de cara a garantir o futuro do sector primario galego"}]},{"@type":"WebSite","@id":"https:\/\/ppdegalicia.com\/es\/#website","url":"https:\/\/ppdegalicia.com\/es\/","name":"Partido Popular de Galicia","description":"Partido Popular de Galicia","publisher":{"@id":"https:\/\/ppdegalicia.com\/es\/#organization"},"alternateName":"PP de Galicia","potentialAction":[{"@type":"SearchAction","target":{"@type":"EntryPoint","urlTemplate":"https:\/\/ppdegalicia.com\/es\/?s={search_term_string}"},"query-input":{"@type":"PropertyValueSpecification","valueRequired":true,"valueName":"search_term_string"}}],"inLanguage":"es"},{"@type":"Organization","@id":"https:\/\/ppdegalicia.com\/es\/#organization","name":"Partido Popular de Galicia","alternateName":"PP de Galicia","url":"https:\/\/ppdegalicia.com\/es\/","logo":{"@type":"ImageObject","inLanguage":"es","@id":"https:\/\/ppdegalicia.com\/es\/#\/schema\/logo\/image\/","url":"https:\/\/ppdegalicia.com\/wp-content\/uploads\/2023\/04\/logoPP512.png","contentUrl":"https:\/\/ppdegalicia.com\/wp-content\/uploads\/2023\/04\/logoPP512.png","width":512,"height":512,"caption":"Partido Popular de Galicia"},"image":{"@id":"https:\/\/ppdegalicia.com\/es\/#\/schema\/logo\/image\/"},"sameAs":["https:\/\/www.instagram.com\/ppdegalicia\/","https:\/\/x.com\/ppdegalicia","https:\/\/www.tiktok.com\/@ppdegalicia","https:\/\/www.youtube.com\/user\/ppdegalicia"]},{"@type":"Person","@id":"https:\/\/ppdegalicia.com\/es\/#\/schema\/person\/d0f013b8388c980665d44009ab762960","name":"Super User","image":{"@type":"ImageObject","inLanguage":"es","@id":"https:\/\/secure.gravatar.com\/avatar\/1db852625ef4948f58d2739bfbc51e4b9bd5c93b8fa340b59fdb594ca0845645?s=96&d=mm&r=g","url":"https:\/\/secure.gravatar.com\/avatar\/1db852625ef4948f58d2739bfbc51e4b9bd5c93b8fa340b59fdb594ca0845645?s=96&d=mm&r=g","contentUrl":"https:\/\/secure.gravatar.com\/avatar\/1db852625ef4948f58d2739bfbc51e4b9bd5c93b8fa340b59fdb594ca0845645?s=96&d=mm&r=g","caption":"Super User"},"url":"https:\/\/ppdegalicia.com\/es\/author\/ppdegaliciagestion\/"}]}},"_links":{"self":[{"href":"https:\/\/ppdegalicia.com\/es\/wp-json\/wp\/v2\/posts\/65222","targetHints":{"allow":["GET"]}}],"collection":[{"href":"https:\/\/ppdegalicia.com\/es\/wp-json\/wp\/v2\/posts"}],"about":[{"href":"https:\/\/ppdegalicia.com\/es\/wp-json\/wp\/v2\/types\/post"}],"author":[{"embeddable":true,"href":"https:\/\/ppdegalicia.com\/es\/wp-json\/wp\/v2\/users\/37"}],"replies":[{"embeddable":true,"href":"https:\/\/ppdegalicia.com\/es\/wp-json\/wp\/v2\/comments?post=65222"}],"version-history":[{"count":1,"href":"https:\/\/ppdegalicia.com\/es\/wp-json\/wp\/v2\/posts\/65222\/revisions"}],"predecessor-version":[{"id":65225,"href":"https:\/\/ppdegalicia.com\/es\/wp-json\/wp\/v2\/posts\/65222\/revisions\/65225"}],"wp:featuredmedia":[{"embeddable":true,"href":"https:\/\/ppdegalicia.com\/es\/wp-json\/wp\/v2\/media\/65223"}],"wp:attachment":[{"href":"https:\/\/ppdegalicia.com\/es\/wp-json\/wp\/v2\/media?parent=65222"}],"wp:term":[{"taxonomy":"category","embeddable":true,"href":"https:\/\/ppdegalicia.com\/es\/wp-json\/wp\/v2\/categories?post=65222"},{"taxonomy":"post_tag","embeddable":true,"href":"https:\/\/ppdegalicia.com\/es\/wp-json\/wp\/v2\/tags?post=65222"}],"curies":[{"name":"wp","href":"https:\/\/api.w.org\/{rel}","templated":true}]}}