{"id":65306,"date":"2024-12-18T16:47:14","date_gmt":"2024-12-18T15:47:14","guid":{"rendered":"https:\/\/ppdegalicia.com\/?p=65306"},"modified":"2025-01-08T17:07:42","modified_gmt":"2025-01-08T16:07:42","slug":"o-parlamento-galego-solicita-ao-goberno-central-habilitar-os-mecanismos-necesarios-para-que-as-empresas-que-desexen-patrocinar-o-xacobeo-2027-poidan-facelo-a-partir-do-1-de-xaneiro-de-2025","status":"publish","type":"post","link":"https:\/\/ppdegalicia.com\/es\/o-parlamento-galego-solicita-ao-goberno-central-habilitar-os-mecanismos-necesarios-para-que-as-empresas-que-desexen-patrocinar-o-xacobeo-2027-poidan-facelo-a-partir-do-1-de-xaneiro-de-2025\/","title":{"rendered":"O Parlamento galego solicita ao Goberno central habilitar os mecanismos necesarios para que as empresas que desexen patrocinar o Xacobeo 2027 poidan facelo a partir do 1 de xaneiro de 2025"},"content":{"rendered":"<p>&nbsp;<\/p>\n<p>O Pleno do Parlamento de Galicia aprobou hoxe por unanimidade a proposici\u00f3n non de lei do Grupo Popular a trav\u00e9s da que se solicita ao Goberno de Espa\u00f1a que habilite, mediante os procedementos que resulten necesarios, que as empresas que desexen patrocinar actividades tur\u00edsticas ao abeiro do Xacobeo 2027 o poidan facer a partir do 1 de xaneiro de 2025.<\/p>\n<p>O portavoz de Turismo do Grupo Popular, Borja Verea, lamentou que a falta de orzamentos do Estado est\u00e1 a impedir a declaraci\u00f3n do Xacobeo 2027 como evento de especial interese p\u00fablico, que permitir\u00eda po\u00f1er en marcha os incentivos fiscais de apoio ao Xacobeo e abrir a porta \u00e1 colaboraci\u00f3n p\u00fablico-privada.<\/p>\n<p>En concreto, este mecanismo fiscal permitiu que no pasado Xacobeo 2021-22 un total de 40 empresas aportaran 28 mill\u00f3ns de euros para a organizaci\u00f3n deste evento.<\/p>\n<p>Ademais, Borja Verea lembrou o consenso amosado respecto desta solicitude no Consello Xacobeo celebrado o pasado 1 de xullo, no que se acordou pedir ao Goberno de Espa\u00f1a a declaraci\u00f3n como evento de especial interese p\u00fablico.<\/p>\n<p>A iniciativa do Grupo Popular complementouse cunha emenda do Grupo Socialista a trav\u00e9s da que se solicita o dese\u00f1o dun mapa territorial por toda a xeograf\u00eda galega que chegue ao m\u00e1ximo n\u00famero de concellos e, cando menos, a todas as comarcas galegas, facer unha distribuci\u00f3n equitativa e igualitaria das actuaci\u00f3ns de maior impacto por todo o territorio; e que o acceso aos distintos eventos sexa en igualdade de condici\u00f3ns.<\/p>\n","protected":false},"excerpt":{"rendered":"<p>&nbsp; O Pleno do Parlamento de Galicia aprobou hoxe por unanimidade a proposici\u00f3n non de lei do Grupo Popular a trav\u00e9s da que se solicita ao Goberno de Espa\u00f1a que habilite, mediante os procedementos que resulten necesarios, que as empresas que desexen patrocinar actividades tur\u00edsticas ao abeiro do Xacobeo 2027 o poidan facer a partir [&hellip;]<\/p>\n","protected":false},"author":37,"featured_media":65307,"comment_status":"closed","ping_status":"open","sticky":false,"template":"","format":"standard","meta":{"_acf_changed":false,"footnotes":""},"categories":[1128],"tags":[],"class_list":["post-65306","post","type-post","status-publish","format-standard","has-post-thumbnail","hentry","category-actualidad-parlamento-de-galicia"],"acf":[],"yoast_head":"<!-- This site is optimized with the Yoast SEO plugin v27.3 - https:\/\/yoast.com\/product\/yoast-seo-wordpress\/ -->\n<title>O Parlamento galego solicita ao Goberno central habilitar os mecanismos necesarios para que as empresas que desexen patrocinar o Xacobeo 2027 poidan facelo a partir do 1 de xaneiro de 2025 - PP de Galicia<\/title>\n<meta name=\"robots\" content=\"index, follow, max-snippet:-1, max-image-preview:large, max-video-preview:-1\" \/>\n<link rel=\"canonical\" href=\"https:\/\/ppdegalicia.com\/es\/o-parlamento-galego-solicita-ao-goberno-central-habilitar-os-mecanismos-necesarios-para-que-as-empresas-que-desexen-patrocinar-o-xacobeo-2027-poidan-facelo-a-partir-do-1-de-xaneiro-de-2025\/\" \/>\n<meta property=\"og:locale\" content=\"es_ES\" \/>\n<meta property=\"og:type\" content=\"article\" \/>\n<meta property=\"og:title\" content=\"O Parlamento galego solicita ao Goberno central habilitar os mecanismos necesarios para que as empresas que desexen patrocinar o Xacobeo 2027 poidan facelo a partir do 1 de xaneiro de 2025 - PP de Galicia\" \/>\n<meta property=\"og:description\" content=\"&nbsp; O Pleno do Parlamento de Galicia aprobou hoxe por unanimidade a proposici\u00f3n non de lei do Grupo Popular a trav\u00e9s da que se solicita ao Goberno de Espa\u00f1a que habilite, mediante os procedementos que resulten necesarios, que as empresas que desexen patrocinar actividades tur\u00edsticas ao abeiro do Xacobeo 2027 o poidan facer a partir [&hellip;]\" \/>\n<meta property=\"og:url\" content=\"https:\/\/ppdegalicia.com\/es\/o-parlamento-galego-solicita-ao-goberno-central-habilitar-os-mecanismos-necesarios-para-que-as-empresas-que-desexen-patrocinar-o-xacobeo-2027-poidan-facelo-a-partir-do-1-de-xaneiro-de-2025\/\" \/>\n<meta property=\"og:site_name\" content=\"PP de Galicia\" \/>\n<meta property=\"article:publisher\" content=\"https:\/\/www.instagram.com\/ppdegalicia\/\" \/>\n<meta property=\"article:published_time\" content=\"2024-12-18T15:47:14+00:00\" \/>\n<meta property=\"article:modified_time\" content=\"2025-01-08T16:07:42+00:00\" \/>\n<meta property=\"og:image\" content=\"https:\/\/ppdegalicia.com\/wp-content\/uploads\/2025\/01\/20241218_BorjaVerea_Parlamento-6-1536x1024-1.jpg\" \/>\n\t<meta property=\"og:image:width\" content=\"1536\" \/>\n\t<meta property=\"og:image:height\" content=\"1024\" \/>\n\t<meta property=\"og:image:type\" content=\"image\/jpeg\" \/>\n<meta name=\"author\" content=\"Super User\" \/>\n<meta name=\"twitter:card\" content=\"summary_large_image\" \/>\n<meta name=\"twitter:creator\" content=\"@ppdegalicia\" \/>\n<meta name=\"twitter:site\" content=\"@ppdegalicia\" \/>\n<meta name=\"twitter:label1\" content=\"Escrito por\" \/>\n\t<meta name=\"twitter:data1\" content=\"Super User\" \/>\n\t<meta name=\"twitter:label2\" content=\"Tiempo de lectura\" \/>\n\t<meta name=\"twitter:data2\" content=\"2 minutos\" \/>\n<script type=\"application\/ld+json\" class=\"yoast-schema-graph\">{\"@context\":\"https:\\\/\\\/schema.org\",\"@graph\":[{\"@type\":\"Article\",\"@id\":\"https:\\\/\\\/ppdegalicia.com\\\/es\\\/o-parlamento-galego-solicita-ao-goberno-central-habilitar-os-mecanismos-necesarios-para-que-as-empresas-que-desexen-patrocinar-o-xacobeo-2027-poidan-facelo-a-partir-do-1-de-xaneiro-de-2025\\\/#article\",\"isPartOf\":{\"@id\":\"https:\\\/\\\/ppdegalicia.com\\\/es\\\/o-parlamento-galego-solicita-ao-goberno-central-habilitar-os-mecanismos-necesarios-para-que-as-empresas-que-desexen-patrocinar-o-xacobeo-2027-poidan-facelo-a-partir-do-1-de-xaneiro-de-2025\\\/\"},\"author\":{\"name\":\"Super User\",\"@id\":\"https:\\\/\\\/ppdegalicia.com\\\/es\\\/#\\\/schema\\\/person\\\/d0f013b8388c980665d44009ab762960\"},\"headline\":\"O Parlamento galego solicita ao Goberno central habilitar os mecanismos necesarios para que as empresas que desexen patrocinar o Xacobeo 2027 poidan facelo a partir do 1 de xaneiro de 2025\",\"datePublished\":\"2024-12-18T15:47:14+00:00\",\"dateModified\":\"2025-01-08T16:07:42+00:00\",\"mainEntityOfPage\":{\"@id\":\"https:\\\/\\\/ppdegalicia.com\\\/es\\\/o-parlamento-galego-solicita-ao-goberno-central-habilitar-os-mecanismos-necesarios-para-que-as-empresas-que-desexen-patrocinar-o-xacobeo-2027-poidan-facelo-a-partir-do-1-de-xaneiro-de-2025\\\/\"},\"wordCount\":285,\"publisher\":{\"@id\":\"https:\\\/\\\/ppdegalicia.com\\\/es\\\/#organization\"},\"image\":{\"@id\":\"https:\\\/\\\/ppdegalicia.com\\\/es\\\/o-parlamento-galego-solicita-ao-goberno-central-habilitar-os-mecanismos-necesarios-para-que-as-empresas-que-desexen-patrocinar-o-xacobeo-2027-poidan-facelo-a-partir-do-1-de-xaneiro-de-2025\\\/#primaryimage\"},\"thumbnailUrl\":\"https:\\\/\\\/ppdegalicia.com\\\/wp-content\\\/uploads\\\/2025\\\/01\\\/20241218_BorjaVerea_Parlamento-6-1536x1024-1.jpg\",\"articleSection\":[\"Parlamento de Galicia\"],\"inLanguage\":\"es\"},{\"@type\":\"WebPage\",\"@id\":\"https:\\\/\\\/ppdegalicia.com\\\/es\\\/o-parlamento-galego-solicita-ao-goberno-central-habilitar-os-mecanismos-necesarios-para-que-as-empresas-que-desexen-patrocinar-o-xacobeo-2027-poidan-facelo-a-partir-do-1-de-xaneiro-de-2025\\\/\",\"url\":\"https:\\\/\\\/ppdegalicia.com\\\/es\\\/o-parlamento-galego-solicita-ao-goberno-central-habilitar-os-mecanismos-necesarios-para-que-as-empresas-que-desexen-patrocinar-o-xacobeo-2027-poidan-facelo-a-partir-do-1-de-xaneiro-de-2025\\\/\",\"name\":\"O Parlamento galego solicita ao Goberno central habilitar os mecanismos necesarios para que as empresas que desexen patrocinar o Xacobeo 2027 poidan facelo a partir do 1 de xaneiro de 2025 - PP de Galicia\",\"isPartOf\":{\"@id\":\"https:\\\/\\\/ppdegalicia.com\\\/es\\\/#website\"},\"primaryImageOfPage\":{\"@id\":\"https:\\\/\\\/ppdegalicia.com\\\/es\\\/o-parlamento-galego-solicita-ao-goberno-central-habilitar-os-mecanismos-necesarios-para-que-as-empresas-que-desexen-patrocinar-o-xacobeo-2027-poidan-facelo-a-partir-do-1-de-xaneiro-de-2025\\\/#primaryimage\"},\"image\":{\"@id\":\"https:\\\/\\\/ppdegalicia.com\\\/es\\\/o-parlamento-galego-solicita-ao-goberno-central-habilitar-os-mecanismos-necesarios-para-que-as-empresas-que-desexen-patrocinar-o-xacobeo-2027-poidan-facelo-a-partir-do-1-de-xaneiro-de-2025\\\/#primaryimage\"},\"thumbnailUrl\":\"https:\\\/\\\/ppdegalicia.com\\\/wp-content\\\/uploads\\\/2025\\\/01\\\/20241218_BorjaVerea_Parlamento-6-1536x1024-1.jpg\",\"datePublished\":\"2024-12-18T15:47:14+00:00\",\"dateModified\":\"2025-01-08T16:07:42+00:00\",\"breadcrumb\":{\"@id\":\"https:\\\/\\\/ppdegalicia.com\\\/es\\\/o-parlamento-galego-solicita-ao-goberno-central-habilitar-os-mecanismos-necesarios-para-que-as-empresas-que-desexen-patrocinar-o-xacobeo-2027-poidan-facelo-a-partir-do-1-de-xaneiro-de-2025\\\/#breadcrumb\"},\"inLanguage\":\"es\",\"potentialAction\":[{\"@type\":\"ReadAction\",\"target\":[\"https:\\\/\\\/ppdegalicia.com\\\/es\\\/o-parlamento-galego-solicita-ao-goberno-central-habilitar-os-mecanismos-necesarios-para-que-as-empresas-que-desexen-patrocinar-o-xacobeo-2027-poidan-facelo-a-partir-do-1-de-xaneiro-de-2025\\\/\"]}]},{\"@type\":\"ImageObject\",\"inLanguage\":\"es\",\"@id\":\"https:\\\/\\\/ppdegalicia.com\\\/es\\\/o-parlamento-galego-solicita-ao-goberno-central-habilitar-os-mecanismos-necesarios-para-que-as-empresas-que-desexen-patrocinar-o-xacobeo-2027-poidan-facelo-a-partir-do-1-de-xaneiro-de-2025\\\/#primaryimage\",\"url\":\"https:\\\/\\\/ppdegalicia.com\\\/wp-content\\\/uploads\\\/2025\\\/01\\\/20241218_BorjaVerea_Parlamento-6-1536x1024-1.jpg\",\"contentUrl\":\"https:\\\/\\\/ppdegalicia.com\\\/wp-content\\\/uploads\\\/2025\\\/01\\\/20241218_BorjaVerea_Parlamento-6-1536x1024-1.jpg\",\"width\":1536,\"height\":1024},{\"@type\":\"BreadcrumbList\",\"@id\":\"https:\\\/\\\/ppdegalicia.com\\\/es\\\/o-parlamento-galego-solicita-ao-goberno-central-habilitar-os-mecanismos-necesarios-para-que-as-empresas-que-desexen-patrocinar-o-xacobeo-2027-poidan-facelo-a-partir-do-1-de-xaneiro-de-2025\\\/#breadcrumb\",\"itemListElement\":[{\"@type\":\"ListItem\",\"position\":1,\"name\":\"Portada\",\"item\":\"https:\\\/\\\/ppdegalicia.com\\\/es\\\/\"},{\"@type\":\"ListItem\",\"position\":2,\"name\":\"O Parlamento galego solicita ao Goberno central habilitar os mecanismos necesarios para que as empresas que desexen patrocinar o Xacobeo 2027 poidan facelo a partir do 1 de xaneiro de 2025\"}]},{\"@type\":\"WebSite\",\"@id\":\"https:\\\/\\\/ppdegalicia.com\\\/es\\\/#website\",\"url\":\"https:\\\/\\\/ppdegalicia.com\\\/es\\\/\",\"name\":\"Partido Popular de Galicia\",\"description\":\"Partido Popular de Galicia\",\"publisher\":{\"@id\":\"https:\\\/\\\/ppdegalicia.com\\\/es\\\/#organization\"},\"alternateName\":\"PP de Galicia\",\"potentialAction\":[{\"@type\":\"SearchAction\",\"target\":{\"@type\":\"EntryPoint\",\"urlTemplate\":\"https:\\\/\\\/ppdegalicia.com\\\/es\\\/?s={search_term_string}\"},\"query-input\":{\"@type\":\"PropertyValueSpecification\",\"valueRequired\":true,\"valueName\":\"search_term_string\"}}],\"inLanguage\":\"es\"},{\"@type\":\"Organization\",\"@id\":\"https:\\\/\\\/ppdegalicia.com\\\/es\\\/#organization\",\"name\":\"Partido Popular de Galicia\",\"alternateName\":\"PP de Galicia\",\"url\":\"https:\\\/\\\/ppdegalicia.com\\\/es\\\/\",\"logo\":{\"@type\":\"ImageObject\",\"inLanguage\":\"es\",\"@id\":\"https:\\\/\\\/ppdegalicia.com\\\/es\\\/#\\\/schema\\\/logo\\\/image\\\/\",\"url\":\"https:\\\/\\\/ppdegalicia.com\\\/wp-content\\\/uploads\\\/2023\\\/04\\\/logoPP512.png\",\"contentUrl\":\"https:\\\/\\\/ppdegalicia.com\\\/wp-content\\\/uploads\\\/2023\\\/04\\\/logoPP512.png\",\"width\":512,\"height\":512,\"caption\":\"Partido Popular de Galicia\"},\"image\":{\"@id\":\"https:\\\/\\\/ppdegalicia.com\\\/es\\\/#\\\/schema\\\/logo\\\/image\\\/\"},\"sameAs\":[\"https:\\\/\\\/www.instagram.com\\\/ppdegalicia\\\/\",\"https:\\\/\\\/x.com\\\/ppdegalicia\",\"https:\\\/\\\/www.tiktok.com\\\/@ppdegalicia\",\"https:\\\/\\\/www.youtube.com\\\/user\\\/ppdegalicia\"]},{\"@type\":\"Person\",\"@id\":\"https:\\\/\\\/ppdegalicia.com\\\/es\\\/#\\\/schema\\\/person\\\/d0f013b8388c980665d44009ab762960\",\"name\":\"Super User\",\"image\":{\"@type\":\"ImageObject\",\"inLanguage\":\"es\",\"@id\":\"https:\\\/\\\/secure.gravatar.com\\\/avatar\\\/1db852625ef4948f58d2739bfbc51e4b9bd5c93b8fa340b59fdb594ca0845645?s=96&d=mm&r=g\",\"url\":\"https:\\\/\\\/secure.gravatar.com\\\/avatar\\\/1db852625ef4948f58d2739bfbc51e4b9bd5c93b8fa340b59fdb594ca0845645?s=96&d=mm&r=g\",\"contentUrl\":\"https:\\\/\\\/secure.gravatar.com\\\/avatar\\\/1db852625ef4948f58d2739bfbc51e4b9bd5c93b8fa340b59fdb594ca0845645?s=96&d=mm&r=g\",\"caption\":\"Super User\"},\"url\":\"https:\\\/\\\/ppdegalicia.com\\\/es\\\/author\\\/ppdegaliciagestion\\\/\"}]}<\/script>\n<!-- \/ Yoast SEO plugin. -->","yoast_head_json":{"title":"O Parlamento galego solicita ao Goberno central habilitar os mecanismos necesarios para que as empresas que desexen patrocinar o Xacobeo 2027 poidan facelo a partir do 1 de xaneiro de 2025 - PP de Galicia","robots":{"index":"index","follow":"follow","max-snippet":"max-snippet:-1","max-image-preview":"max-image-preview:large","max-video-preview":"max-video-preview:-1"},"canonical":"https:\/\/ppdegalicia.com\/es\/o-parlamento-galego-solicita-ao-goberno-central-habilitar-os-mecanismos-necesarios-para-que-as-empresas-que-desexen-patrocinar-o-xacobeo-2027-poidan-facelo-a-partir-do-1-de-xaneiro-de-2025\/","og_locale":"es_ES","og_type":"article","og_title":"O Parlamento galego solicita ao Goberno central habilitar os mecanismos necesarios para que as empresas que desexen patrocinar o Xacobeo 2027 poidan facelo a partir do 1 de xaneiro de 2025 - PP de Galicia","og_description":"&nbsp; O Pleno do Parlamento de Galicia aprobou hoxe por unanimidade a proposici\u00f3n non de lei do Grupo Popular a trav\u00e9s da que se solicita ao Goberno de Espa\u00f1a que habilite, mediante os procedementos que resulten necesarios, que as empresas que desexen patrocinar actividades tur\u00edsticas ao abeiro do Xacobeo 2027 o poidan facer a partir [&hellip;]","og_url":"https:\/\/ppdegalicia.com\/es\/o-parlamento-galego-solicita-ao-goberno-central-habilitar-os-mecanismos-necesarios-para-que-as-empresas-que-desexen-patrocinar-o-xacobeo-2027-poidan-facelo-a-partir-do-1-de-xaneiro-de-2025\/","og_site_name":"PP de Galicia","article_publisher":"https:\/\/www.instagram.com\/ppdegalicia\/","article_published_time":"2024-12-18T15:47:14+00:00","article_modified_time":"2025-01-08T16:07:42+00:00","og_image":[{"width":1536,"height":1024,"url":"https:\/\/ppdegalicia.com\/wp-content\/uploads\/2025\/01\/20241218_BorjaVerea_Parlamento-6-1536x1024-1.jpg","type":"image\/jpeg"}],"author":"Super User","twitter_card":"summary_large_image","twitter_creator":"@ppdegalicia","twitter_site":"@ppdegalicia","twitter_misc":{"Escrito por":"Super User","Tiempo de lectura":"2 minutos"},"schema":{"@context":"https:\/\/schema.org","@graph":[{"@type":"Article","@id":"https:\/\/ppdegalicia.com\/es\/o-parlamento-galego-solicita-ao-goberno-central-habilitar-os-mecanismos-necesarios-para-que-as-empresas-que-desexen-patrocinar-o-xacobeo-2027-poidan-facelo-a-partir-do-1-de-xaneiro-de-2025\/#article","isPartOf":{"@id":"https:\/\/ppdegalicia.com\/es\/o-parlamento-galego-solicita-ao-goberno-central-habilitar-os-mecanismos-necesarios-para-que-as-empresas-que-desexen-patrocinar-o-xacobeo-2027-poidan-facelo-a-partir-do-1-de-xaneiro-de-2025\/"},"author":{"name":"Super User","@id":"https:\/\/ppdegalicia.com\/es\/#\/schema\/person\/d0f013b8388c980665d44009ab762960"},"headline":"O Parlamento galego solicita ao Goberno central habilitar os mecanismos necesarios para que as empresas que desexen patrocinar o Xacobeo 2027 poidan facelo a partir do 1 de xaneiro de 2025","datePublished":"2024-12-18T15:47:14+00:00","dateModified":"2025-01-08T16:07:42+00:00","mainEntityOfPage":{"@id":"https:\/\/ppdegalicia.com\/es\/o-parlamento-galego-solicita-ao-goberno-central-habilitar-os-mecanismos-necesarios-para-que-as-empresas-que-desexen-patrocinar-o-xacobeo-2027-poidan-facelo-a-partir-do-1-de-xaneiro-de-2025\/"},"wordCount":285,"publisher":{"@id":"https:\/\/ppdegalicia.com\/es\/#organization"},"image":{"@id":"https:\/\/ppdegalicia.com\/es\/o-parlamento-galego-solicita-ao-goberno-central-habilitar-os-mecanismos-necesarios-para-que-as-empresas-que-desexen-patrocinar-o-xacobeo-2027-poidan-facelo-a-partir-do-1-de-xaneiro-de-2025\/#primaryimage"},"thumbnailUrl":"https:\/\/ppdegalicia.com\/wp-content\/uploads\/2025\/01\/20241218_BorjaVerea_Parlamento-6-1536x1024-1.jpg","articleSection":["Parlamento de Galicia"],"inLanguage":"es"},{"@type":"WebPage","@id":"https:\/\/ppdegalicia.com\/es\/o-parlamento-galego-solicita-ao-goberno-central-habilitar-os-mecanismos-necesarios-para-que-as-empresas-que-desexen-patrocinar-o-xacobeo-2027-poidan-facelo-a-partir-do-1-de-xaneiro-de-2025\/","url":"https:\/\/ppdegalicia.com\/es\/o-parlamento-galego-solicita-ao-goberno-central-habilitar-os-mecanismos-necesarios-para-que-as-empresas-que-desexen-patrocinar-o-xacobeo-2027-poidan-facelo-a-partir-do-1-de-xaneiro-de-2025\/","name":"O Parlamento galego solicita ao Goberno central habilitar os mecanismos necesarios para que as empresas que desexen patrocinar o Xacobeo 2027 poidan facelo a partir do 1 de xaneiro de 2025 - PP de Galicia","isPartOf":{"@id":"https:\/\/ppdegalicia.com\/es\/#website"},"primaryImageOfPage":{"@id":"https:\/\/ppdegalicia.com\/es\/o-parlamento-galego-solicita-ao-goberno-central-habilitar-os-mecanismos-necesarios-para-que-as-empresas-que-desexen-patrocinar-o-xacobeo-2027-poidan-facelo-a-partir-do-1-de-xaneiro-de-2025\/#primaryimage"},"image":{"@id":"https:\/\/ppdegalicia.com\/es\/o-parlamento-galego-solicita-ao-goberno-central-habilitar-os-mecanismos-necesarios-para-que-as-empresas-que-desexen-patrocinar-o-xacobeo-2027-poidan-facelo-a-partir-do-1-de-xaneiro-de-2025\/#primaryimage"},"thumbnailUrl":"https:\/\/ppdegalicia.com\/wp-content\/uploads\/2025\/01\/20241218_BorjaVerea_Parlamento-6-1536x1024-1.jpg","datePublished":"2024-12-18T15:47:14+00:00","dateModified":"2025-01-08T16:07:42+00:00","breadcrumb":{"@id":"https:\/\/ppdegalicia.com\/es\/o-parlamento-galego-solicita-ao-goberno-central-habilitar-os-mecanismos-necesarios-para-que-as-empresas-que-desexen-patrocinar-o-xacobeo-2027-poidan-facelo-a-partir-do-1-de-xaneiro-de-2025\/#breadcrumb"},"inLanguage":"es","potentialAction":[{"@type":"ReadAction","target":["https:\/\/ppdegalicia.com\/es\/o-parlamento-galego-solicita-ao-goberno-central-habilitar-os-mecanismos-necesarios-para-que-as-empresas-que-desexen-patrocinar-o-xacobeo-2027-poidan-facelo-a-partir-do-1-de-xaneiro-de-2025\/"]}]},{"@type":"ImageObject","inLanguage":"es","@id":"https:\/\/ppdegalicia.com\/es\/o-parlamento-galego-solicita-ao-goberno-central-habilitar-os-mecanismos-necesarios-para-que-as-empresas-que-desexen-patrocinar-o-xacobeo-2027-poidan-facelo-a-partir-do-1-de-xaneiro-de-2025\/#primaryimage","url":"https:\/\/ppdegalicia.com\/wp-content\/uploads\/2025\/01\/20241218_BorjaVerea_Parlamento-6-1536x1024-1.jpg","contentUrl":"https:\/\/ppdegalicia.com\/wp-content\/uploads\/2025\/01\/20241218_BorjaVerea_Parlamento-6-1536x1024-1.jpg","width":1536,"height":1024},{"@type":"BreadcrumbList","@id":"https:\/\/ppdegalicia.com\/es\/o-parlamento-galego-solicita-ao-goberno-central-habilitar-os-mecanismos-necesarios-para-que-as-empresas-que-desexen-patrocinar-o-xacobeo-2027-poidan-facelo-a-partir-do-1-de-xaneiro-de-2025\/#breadcrumb","itemListElement":[{"@type":"ListItem","position":1,"name":"Portada","item":"https:\/\/ppdegalicia.com\/es\/"},{"@type":"ListItem","position":2,"name":"O Parlamento galego solicita ao Goberno central habilitar os mecanismos necesarios para que as empresas que desexen patrocinar o Xacobeo 2027 poidan facelo a partir do 1 de xaneiro de 2025"}]},{"@type":"WebSite","@id":"https:\/\/ppdegalicia.com\/es\/#website","url":"https:\/\/ppdegalicia.com\/es\/","name":"Partido Popular de Galicia","description":"Partido Popular de Galicia","publisher":{"@id":"https:\/\/ppdegalicia.com\/es\/#organization"},"alternateName":"PP de Galicia","potentialAction":[{"@type":"SearchAction","target":{"@type":"EntryPoint","urlTemplate":"https:\/\/ppdegalicia.com\/es\/?s={search_term_string}"},"query-input":{"@type":"PropertyValueSpecification","valueRequired":true,"valueName":"search_term_string"}}],"inLanguage":"es"},{"@type":"Organization","@id":"https:\/\/ppdegalicia.com\/es\/#organization","name":"Partido Popular de Galicia","alternateName":"PP de Galicia","url":"https:\/\/ppdegalicia.com\/es\/","logo":{"@type":"ImageObject","inLanguage":"es","@id":"https:\/\/ppdegalicia.com\/es\/#\/schema\/logo\/image\/","url":"https:\/\/ppdegalicia.com\/wp-content\/uploads\/2023\/04\/logoPP512.png","contentUrl":"https:\/\/ppdegalicia.com\/wp-content\/uploads\/2023\/04\/logoPP512.png","width":512,"height":512,"caption":"Partido Popular de Galicia"},"image":{"@id":"https:\/\/ppdegalicia.com\/es\/#\/schema\/logo\/image\/"},"sameAs":["https:\/\/www.instagram.com\/ppdegalicia\/","https:\/\/x.com\/ppdegalicia","https:\/\/www.tiktok.com\/@ppdegalicia","https:\/\/www.youtube.com\/user\/ppdegalicia"]},{"@type":"Person","@id":"https:\/\/ppdegalicia.com\/es\/#\/schema\/person\/d0f013b8388c980665d44009ab762960","name":"Super User","image":{"@type":"ImageObject","inLanguage":"es","@id":"https:\/\/secure.gravatar.com\/avatar\/1db852625ef4948f58d2739bfbc51e4b9bd5c93b8fa340b59fdb594ca0845645?s=96&d=mm&r=g","url":"https:\/\/secure.gravatar.com\/avatar\/1db852625ef4948f58d2739bfbc51e4b9bd5c93b8fa340b59fdb594ca0845645?s=96&d=mm&r=g","contentUrl":"https:\/\/secure.gravatar.com\/avatar\/1db852625ef4948f58d2739bfbc51e4b9bd5c93b8fa340b59fdb594ca0845645?s=96&d=mm&r=g","caption":"Super User"},"url":"https:\/\/ppdegalicia.com\/es\/author\/ppdegaliciagestion\/"}]}},"_links":{"self":[{"href":"https:\/\/ppdegalicia.com\/es\/wp-json\/wp\/v2\/posts\/65306","targetHints":{"allow":["GET"]}}],"collection":[{"href":"https:\/\/ppdegalicia.com\/es\/wp-json\/wp\/v2\/posts"}],"about":[{"href":"https:\/\/ppdegalicia.com\/es\/wp-json\/wp\/v2\/types\/post"}],"author":[{"embeddable":true,"href":"https:\/\/ppdegalicia.com\/es\/wp-json\/wp\/v2\/users\/37"}],"replies":[{"embeddable":true,"href":"https:\/\/ppdegalicia.com\/es\/wp-json\/wp\/v2\/comments?post=65306"}],"version-history":[{"count":1,"href":"https:\/\/ppdegalicia.com\/es\/wp-json\/wp\/v2\/posts\/65306\/revisions"}],"predecessor-version":[{"id":65309,"href":"https:\/\/ppdegalicia.com\/es\/wp-json\/wp\/v2\/posts\/65306\/revisions\/65309"}],"wp:featuredmedia":[{"embeddable":true,"href":"https:\/\/ppdegalicia.com\/es\/wp-json\/wp\/v2\/media\/65307"}],"wp:attachment":[{"href":"https:\/\/ppdegalicia.com\/es\/wp-json\/wp\/v2\/media?parent=65306"}],"wp:term":[{"taxonomy":"category","embeddable":true,"href":"https:\/\/ppdegalicia.com\/es\/wp-json\/wp\/v2\/categories?post=65306"},{"taxonomy":"post_tag","embeddable":true,"href":"https:\/\/ppdegalicia.com\/es\/wp-json\/wp\/v2\/tags?post=65306"}],"curies":[{"name":"wp","href":"https:\/\/api.w.org\/{rel}","templated":true}]}}